{"id":9977,"date":"2025-03-10T20:04:56","date_gmt":"2025-03-10T19:04:56","guid":{"rendered":"https:\/\/eldigitaldeasturias.com\/radio\/?p=9977"},"modified":"2025-03-10T20:06:53","modified_gmt":"2025-03-10T19:06:53","slug":"clinica-dental-e2-palma-mas-de-25-anos-de-experiencia-en-salud-dental","status":"publish","type":"post","link":"https:\/\/eldigitaldeasturias.com\/radio\/clinica-dental-e2-palma-mas-de-25-anos-de-experiencia-en-salud-dental\/","title":{"rendered":"Cl\u00ednica Dental E2 Palma: m\u00e1s de 25 a\u00f1os de experiencia en salud dental"},"content":{"rendered":"<p><span style=\"font-weight: 400;\">Cuidar la <\/span><b>salud bucodental<\/b><span style=\"font-weight: 400;\"> es clave para mantener una sonrisa sana y prevenir problemas dentales a largo plazo. Para ello, es fundamental contar con una cl\u00ednica de confianza que ofrezca tratamientos eficaces y personalizados. En Palma de Mallorca, la <\/span><strong><span style=\"color: #ff6600;\"><a style=\"color: #ff6600;\" title=\"Cl\u00ednica Dental E2 Palma\" href=\"https:\/\/e2.clinic\" target=\"_blank\" rel=\"nofollow noopener\">Cl\u00ednica Dental E2 Palma<\/a><\/span><\/strong><span style=\"font-weight: 400;\"> se ha consolidado como un referente en el sector gracias a sus m\u00e1s de 25 a\u00f1os de experiencia, su equipo altamente cualificado y su compromiso con la innovaci\u00f3n tecnol\u00f3gica.<\/span><\/p>\n<p><img fetchpriority=\"high\" decoding=\"async\" class=\"aligncenter size-large wp-image-9978\" src=\"https:\/\/eldigitaldeasturias.com\/radio\/wp-content\/uploads\/2025\/03\/salud-bucodental-650x428.jpg\" alt=\"salud bucodental\" width=\"650\" height=\"428\" srcset=\"https:\/\/eldigitaldeasturias.com\/radio\/wp-content\/uploads\/2025\/03\/salud-bucodental-650x428.jpg 650w, https:\/\/eldigitaldeasturias.com\/radio\/wp-content\/uploads\/2025\/03\/salud-bucodental-360x237.jpg 360w, https:\/\/eldigitaldeasturias.com\/radio\/wp-content\/uploads\/2025\/03\/salud-bucodental-768x506.jpg 768w, https:\/\/eldigitaldeasturias.com\/radio\/wp-content\/uploads\/2025\/03\/salud-bucodental-150x99.jpg 150w, https:\/\/eldigitaldeasturias.com\/radio\/wp-content\/uploads\/2025\/03\/salud-bucodental-450x297.jpg 450w, https:\/\/eldigitaldeasturias.com\/radio\/wp-content\/uploads\/2025\/03\/salud-bucodental.jpg 1079w\" sizes=\"(max-width: 650px) 100vw, 650px\" \/><\/p>\n<p><span style=\"font-weight: 400;\">Desde su fundaci\u00f3n, la cl\u00ednica ha trabajado con el objetivo de proporcionar un servicio odontol\u00f3gico integral basado en la calidad, la personalizaci\u00f3n de los tratamientos y el uso de tecnolog\u00eda avanzada. A lo largo de los a\u00f1os, se ha convertido en un centro de referencia en la isla de Mallorca.<\/span><\/p>\n<p><span style=\"font-weight: 400;\">Ubicada en una zona privilegiada, la cl\u00ednica cuenta con instalaciones modernas, dise\u00f1adas para ofrecer diagn\u00f3sticos precisos y tratamientos efectivos, siempre priorizando el bienestar y la comodidad del paciente.<\/span><\/p>\n<p><span style=\"font-weight: 400;\">Adem\u00e1s, dispone de un equipo de odont\u00f3logos, ortodoncistas, implant\u00f3logos y especialistas en est\u00e9tica dental que trabajan de manera coordinada para ofrecer soluciones adaptadas a cada caso.<\/span><\/p>\n<h3><b>Servicios de la Cl\u00ednica Dental E2<\/b><\/h3>\n<p><span style=\"font-weight: 400;\">Uno de los pilares fundamentales de la Cl\u00ednica Dental E2 es su <\/span><b>amplia oferta de tratamientos<\/b><span style=\"font-weight: 400;\">, que abarca desde servicios preventivos hasta procedimientos avanzados en implantolog\u00eda y ortodoncia.<\/span><\/p>\n<h4><b>1. Odontolog\u00eda general y preventiva<\/b><\/h4>\n<p><span style=\"font-weight: 400;\">La mejor forma de evitar enfermedades dentales es mediante la prevenci\u00f3n. La cl\u00ednica ofrece revisiones peri\u00f3dicas, limpiezas dentales y tratamientos para prevenir la aparici\u00f3n de caries, gingivitis y periodontitis.<\/span><\/p>\n<p><span style=\"font-weight: 400;\">Adem\u00e1s, los especialistas ense\u00f1an a los pacientes <\/span><b>buenos h\u00e1bitos de higiene oral<\/b><span style=\"font-weight: 400;\">, ayud\u00e1ndolos a mantener una salud dental \u00f3ptima a lo largo del tiempo.<\/span><\/p>\n<h4><b>2. Ortodoncia<\/b><\/h4>\n<p><span style=\"font-weight: 400;\">Para quienes buscan mejorar la alineaci\u00f3n de sus dientes, la cl\u00ednica ofrece tratamientos de ortodoncia adaptados a cada paciente. Desde los tradicionales brackets met\u00e1licos hasta la ortodoncia invisible con Invisalign, cada opci\u00f3n se ajusta a las necesidades individuales para garantizar los mejores resultados.<\/span><\/p>\n<h4><b>3. Implantolog\u00eda<\/b><\/h4>\n<p><span style=\"font-weight: 400;\">Perder una pieza dental puede afectar la calidad de vida, pero en la Cl\u00ednica Dental E2 existen soluciones eficaces. Los especialistas en implantolog\u00eda utilizan t\u00e9cnicas avanzadas para colocar <\/span><b>implantes dentales<\/b><span style=\"font-weight: 400;\">, recuperando la funcionalidad y est\u00e9tica de la sonrisa.<\/span><\/p>\n<p><span style=\"font-weight: 400;\">Adem\u00e1s, ofrecen la opci\u00f3n de carga inmediata, permitiendo a los pacientes recuperar sus dientes fijos en un solo d\u00eda, reduciendo tiempos de espera y facilitando su adaptaci\u00f3n.<\/span><\/p>\n<h4><b>4. Est\u00e9tica dental<\/b><\/h4>\n<p><span style=\"font-weight: 400;\">Una sonrisa atractiva no solo mejora la apariencia, sino que tambi\u00e9n refuerza la autoestima. La cl\u00ednica ofrece tratamientos como blanqueamiento dental, carillas de porcelana y reconstrucciones est\u00e9ticas, dise\u00f1ados para mejorar la armon\u00eda de los dientes de forma natural.<\/span><\/p>\n<p><span style=\"font-weight: 400;\">Estos procedimientos permiten corregir manchas, fracturas o ligeras irregularidades en la dentadura, logrando un resultado est\u00e9tico y saludable.<\/span><\/p>\n<h4><b>5. Periodoncia<\/b><\/h4>\n<p><span style=\"font-weight: 400;\">Las enfermedades periodontales pueden derivar en problemas graves si no se tratan a tiempo. En la Cl\u00ednica Dental E2, los especialistas en periodoncia diagnostican y tratan afecciones como la gingivitis y la periodontitis mediante t\u00e9cnicas <\/span><b>m\u00ednimamente invasivas<\/b><span style=\"font-weight: 400;\">, asegurando la conservaci\u00f3n de los tejidos y evitando complicaciones mayores.<\/span><\/p>\n<h4><b>6. Odontopediatr\u00eda<\/b><\/h4>\n<p><span style=\"font-weight: 400;\">Los m\u00e1s peque\u00f1os tambi\u00e9n necesitan una atenci\u00f3n especializada para garantizar una buena salud dental en el futuro. La cl\u00ednica ofrece un entorno acogedor y seguro para que los ni\u00f1os se sientan c\u00f3modos en sus visitas al dentista, fomentando h\u00e1bitos de higiene oral saludables desde temprana edad.<\/span><\/p>\n<h3><b>Tecnolog\u00eda avanzada para tratamientos m\u00e1s precisos<\/b><\/h3>\n<p><span style=\"font-weight: 400;\">La Cl\u00ednica Dental E2 se distingue por su constante inversi\u00f3n en tecnolog\u00eda de vanguardia. Sus equipos incluyen esc\u00e1neres intraorales, radiograf\u00edas digitales y software de planificaci\u00f3n 3D, lo que permite obtener diagn\u00f3sticos m\u00e1s precisos y mejorar la calidad de los tratamientos.<\/span><\/p>\n<p><span style=\"font-weight: 400;\">Adem\u00e1s, emplean t\u00e9cnicas <\/span><b>m\u00ednimamente invasivas<\/b><span style=\"font-weight: 400;\">, lo que favorece una recuperaci\u00f3n m\u00e1s r\u00e1pida y proporciona mayor comodidad a los pacientes durante los procedimientos.<\/span><\/p>\n<h3><b>Un equipo de especialistas con experiencia y cercan\u00eda<\/b><\/h3>\n<p><span style=\"font-weight: 400;\">El equipo de la Cl\u00ednica Dental E2 est\u00e1 compuesto por profesionales con una amplia trayectoria en sus respectivas \u00e1reas. La formaci\u00f3n continua es clave en la cl\u00ednica, lo que permite que sus especialistas se mantengan actualizados en los \u00faltimos avances en odontolog\u00eda.<\/span><\/p>\n<p><span style=\"font-weight: 400;\">M\u00e1s all\u00e1 de su preparaci\u00f3n t\u00e9cnica, lo que realmente distingue a este equipo es su trato <\/span><b>cercano y personalizado<\/b><span style=\"font-weight: 400;\">. Cada paciente recibe una atenci\u00f3n adaptada a sus necesidades, asegurando los mejores resultados en cada tratamiento.<\/span><\/p>\n<h3><b>Opiniones de pacientes satisfechos<\/b><\/h3>\n<p><span style=\"font-weight: 400;\">La Cl\u00ednica Dental E2 ha construido su prestigio gracias a la confianza y satisfacci\u00f3n de sus pacientes. Muchos destacan la calidad de los tratamientos, la profesionalidad del equipo y la atenci\u00f3n individualizada que reciben en cada visita.<\/span><\/p>\n<p><span style=\"font-weight: 400;\">Para ellos, esta cl\u00ednica no solo es un lugar donde cuidan su salud dental, sino tambi\u00e9n un espacio donde se sienten c\u00f3modos y bien atendidos.<\/span><\/p>\n<h3><b>La mejor opci\u00f3n para cuidar tu salud bucodental<\/b><\/h3>\n<p><span style=\"font-weight: 400;\">Si buscas una cl\u00ednica dental en Palma que ofrezca experiencia, tecnolog\u00eda de vanguardia y atenci\u00f3n personalizada, la Cl\u00ednica Dental E2 es la opci\u00f3n ideal. Con m\u00e1s de 25 a\u00f1os de trayectoria, se ha consolidado como un referente en el cuidado de la sonrisa.<\/span><\/p>\n<p><span style=\"font-weight: 400;\">No pongas tu salud dental en manos de cualquiera. Conf\u00eda en los especialistas de E2 y descubre por qu\u00e9 tantos pacientes la eligen. \u00a1Tu sonrisa lo agradecer\u00e1!<\/span><\/p>\n","protected":false},"excerpt":{"rendered":"<p>Cuidar la salud bucodental es clave para mantener una sonrisa sana y prevenir problemas dentales a largo plazo. Para ello, es fundamental contar con una cl\u00ednica de confianza que ofrezca tratamientos eficaces y personalizados. En Palma de Mallorca, la Cl\u00ednica Dental E2 Palma se ha consolidado como un referente en el sector gracias a sus<\/p>\n","protected":false},"author":1,"featured_media":9978,"comment_status":"closed","ping_status":"closed","sticky":false,"template":"","format":"standard","meta":{"footnotes":""},"categories":[38],"tags":[88],"class_list":{"0":"post-9977","1":"post","2":"type-post","3":"status-publish","4":"format-standard","5":"has-post-thumbnail","7":"category-live","8":"tag-salud"},"aioseo_notices":[],"aioseo_head":"\n\t\t<!-- All in One SEO Pro 4.9.6.2 - aioseo.com -->\n\t<meta name=\"description\" content=\"Cuidar la salud bucodental es clave para mantener una sonrisa sana y prevenir problemas dentales a largo plazo. Para ello, es fundamental contar con una cl\u00ednica\" \/>\n\t<meta name=\"robots\" content=\"max-image-preview:large\" \/>\n\t<meta name=\"author\" content=\"NBAsturias\"\/>\n\t<meta name=\"google-site-verification\" content=\"UA-38556648-1\" \/>\n\t<meta name=\"keywords\" content=\"live\" \/>\n\t<link rel=\"canonical\" href=\"https:\/\/eldigitaldeasturias.com\/radio\/clinica-dental-e2-palma-mas-de-25-anos-de-experiencia-en-salud-dental\/\" \/>\n\t<meta name=\"generator\" content=\"All in One SEO Pro (AIOSEO) 4.9.6.2\" \/>\n\t\t<meta property=\"og:locale\" content=\"es_ES\" \/>\n\t\t<meta property=\"og:site_name\" content=\"El Digital de Asturias | Diario de informaci\u00f3n y noticias\" \/>\n\t\t<meta property=\"og:type\" content=\"article\" \/>\n\t\t<meta property=\"og:title\" content=\"Cl\u00ednica Dental E2 Palma: m\u00e1s de 25 a\u00f1os de experiencia en salud dental | El Digital de Asturias\" \/>\n\t\t<meta property=\"og:description\" content=\"Cuidar la salud bucodental es clave para mantener una sonrisa sana y prevenir problemas dentales a largo plazo. Para ello, es fundamental contar con una cl\u00ednica\" \/>\n\t\t<meta property=\"og:url\" content=\"https:\/\/eldigitaldeasturias.com\/radio\/clinica-dental-e2-palma-mas-de-25-anos-de-experiencia-en-salud-dental\/\" \/>\n\t\t<meta property=\"og:image\" content=\"https:\/\/eldigitaldeasturias.com\/radio\/wp-content\/uploads\/2025\/03\/salud-bucodental.jpg\" \/>\n\t\t<meta property=\"og:image:secure_url\" content=\"https:\/\/eldigitaldeasturias.com\/radio\/wp-content\/uploads\/2025\/03\/salud-bucodental.jpg\" \/>\n\t\t<meta property=\"og:image:width\" content=\"1079\" \/>\n\t\t<meta property=\"og:image:height\" content=\"711\" \/>\n\t\t<meta property=\"article:published_time\" content=\"2025-03-10T19:04:56+00:00\" \/>\n\t\t<meta property=\"article:modified_time\" content=\"2025-03-10T19:06:53+00:00\" \/>\n\t\t<meta name=\"twitter:card\" content=\"summary_large_image\" \/>\n\t\t<meta name=\"twitter:site\" content=\"@bercodi\" \/>\n\t\t<meta name=\"twitter:title\" content=\"Cl\u00ednica Dental E2 Palma: m\u00e1s de 25 a\u00f1os de experiencia en salud dental | El Digital de Asturias\" \/>\n\t\t<meta name=\"twitter:description\" content=\"Cuidar la salud bucodental es clave para mantener una sonrisa sana y prevenir problemas dentales a largo plazo. Para ello, es fundamental contar con una cl\u00ednica\" \/>\n\t\t<meta name=\"twitter:creator\" content=\"@bercodi\" \/>\n\t\t<meta name=\"twitter:image\" content=\"https:\/\/eldigitaldeasturias.com\/radio\/wp-content\/uploads\/2025\/03\/salud-bucodental.jpg\" \/>\n\t\t<script type=\"application\/ld+json\" class=\"aioseo-schema\">\n\t\t\t{\"@context\":\"https:\\\/\\\/schema.org\",\"@graph\":[{\"@type\":\"BreadcrumbList\",\"@id\":\"https:\\\/\\\/eldigitaldeasturias.com\\\/radio\\\/clinica-dental-e2-palma-mas-de-25-anos-de-experiencia-en-salud-dental\\\/#breadcrumblist\",\"itemListElement\":[{\"@type\":\"ListItem\",\"@id\":\"https:\\\/\\\/eldigitaldeasturias.com\\\/radio#listItem\",\"position\":1,\"name\":\"Inicio\",\"item\":\"https:\\\/\\\/eldigitaldeasturias.com\\\/radio\",\"nextItem\":{\"@type\":\"ListItem\",\"@id\":\"https:\\\/\\\/eldigitaldeasturias.com\\\/radio\\\/category\\\/live\\\/#listItem\",\"name\":\"Live\"}},{\"@type\":\"ListItem\",\"@id\":\"https:\\\/\\\/eldigitaldeasturias.com\\\/radio\\\/category\\\/live\\\/#listItem\",\"position\":2,\"name\":\"Live\",\"item\":\"https:\\\/\\\/eldigitaldeasturias.com\\\/radio\\\/category\\\/live\\\/\",\"nextItem\":{\"@type\":\"ListItem\",\"@id\":\"https:\\\/\\\/eldigitaldeasturias.com\\\/radio\\\/clinica-dental-e2-palma-mas-de-25-anos-de-experiencia-en-salud-dental\\\/#listItem\",\"name\":\"Cl\\u00ednica Dental E2 Palma: m\\u00e1s de 25 a\\u00f1os de experiencia en salud dental\"},\"previousItem\":{\"@type\":\"ListItem\",\"@id\":\"https:\\\/\\\/eldigitaldeasturias.com\\\/radio#listItem\",\"name\":\"Inicio\"}},{\"@type\":\"ListItem\",\"@id\":\"https:\\\/\\\/eldigitaldeasturias.com\\\/radio\\\/clinica-dental-e2-palma-mas-de-25-anos-de-experiencia-en-salud-dental\\\/#listItem\",\"position\":3,\"name\":\"Cl\\u00ednica Dental E2 Palma: m\\u00e1s de 25 a\\u00f1os de experiencia en salud dental\",\"previousItem\":{\"@type\":\"ListItem\",\"@id\":\"https:\\\/\\\/eldigitaldeasturias.com\\\/radio\\\/category\\\/live\\\/#listItem\",\"name\":\"Live\"}}]},{\"@type\":\"NewsArticle\",\"@id\":\"https:\\\/\\\/eldigitaldeasturias.com\\\/radio\\\/clinica-dental-e2-palma-mas-de-25-anos-de-experiencia-en-salud-dental\\\/#newsarticle\",\"name\":\"Cl\\u00ednica Dental E2 Palma: m\\u00e1s de 25 a\\u00f1os de experiencia en salud dental | El Digital de Asturias\",\"headline\":\"Cl\\u00ednica Dental E2 Palma: m\\u00e1s de 25 a\\u00f1os de experiencia en salud dental\",\"author\":{\"@id\":\"https:\\\/\\\/eldigitaldeasturias.com\\\/radio\\\/author\\\/nbasturias\\\/#author\"},\"publisher\":{\"@id\":\"https:\\\/\\\/eldigitaldeasturias.com\\\/radio\\\/#organization\"},\"image\":{\"@type\":\"ImageObject\",\"url\":\"https:\\\/\\\/eldigitaldeasturias.com\\\/radio\\\/wp-content\\\/uploads\\\/2025\\\/03\\\/salud-bucodental.jpg\",\"width\":1079,\"height\":711,\"caption\":\"salud bucodental\"},\"datePublished\":\"2025-03-10T20:04:56+01:00\",\"dateModified\":\"2025-03-10T20:06:53+01:00\",\"inLanguage\":\"es-ES\",\"mainEntityOfPage\":{\"@id\":\"https:\\\/\\\/eldigitaldeasturias.com\\\/radio\\\/clinica-dental-e2-palma-mas-de-25-anos-de-experiencia-en-salud-dental\\\/#webpage\"},\"isPartOf\":{\"@id\":\"https:\\\/\\\/eldigitaldeasturias.com\\\/radio\\\/clinica-dental-e2-palma-mas-de-25-anos-de-experiencia-en-salud-dental\\\/#webpage\"},\"articleSection\":\"Live, salud\",\"dateline\":\"Publicado el marzo 10, 2025.\"},{\"@type\":\"Organization\",\"@id\":\"https:\\\/\\\/eldigitaldeasturias.com\\\/radio\\\/#organization\",\"name\":\"El digital de Asturias Radio\",\"description\":\"Diario de informaci\\u00f3n y noticias\",\"url\":\"https:\\\/\\\/eldigitaldeasturias.com\\\/radio\\\/\",\"telephone\":\"+34652131393\",\"logo\":{\"@type\":\"ImageObject\",\"url\":\"https:\\\/\\\/www.eldigitaldeasturias.com\\\/radio\\\/wp-content\\\/uploads\\\/2021\\\/03\\\/EDA.jpg\",\"@id\":\"https:\\\/\\\/eldigitaldeasturias.com\\\/radio\\\/clinica-dental-e2-palma-mas-de-25-anos-de-experiencia-en-salud-dental\\\/#organizationLogo\"},\"image\":{\"@id\":\"https:\\\/\\\/eldigitaldeasturias.com\\\/radio\\\/clinica-dental-e2-palma-mas-de-25-anos-de-experiencia-en-salud-dental\\\/#organizationLogo\"},\"sameAs\":[\"https:\\\/\\\/www.facebook.com\\\/\",\"https:\\\/\\\/x.com\\\/bercodi\",\"https:\\\/\\\/www.instagram.com\\\/\",\"https:\\\/\\\/www.youtube.com\\\/channel\\\/UCZP-2wLEB9Rv6erhFmqVnvg\"]},{\"@type\":\"Person\",\"@id\":\"https:\\\/\\\/eldigitaldeasturias.com\\\/radio\\\/author\\\/nbasturias\\\/#author\",\"url\":\"https:\\\/\\\/eldigitaldeasturias.com\\\/radio\\\/author\\\/nbasturias\\\/\",\"name\":\"NBAsturias\",\"image\":{\"@type\":\"ImageObject\",\"@id\":\"https:\\\/\\\/eldigitaldeasturias.com\\\/radio\\\/clinica-dental-e2-palma-mas-de-25-anos-de-experiencia-en-salud-dental\\\/#authorImage\",\"url\":\"https:\\\/\\\/secure.gravatar.com\\\/avatar\\\/df2aeffc32bcd13f8d26072ef8a91b623d677766deac7f97ca815868cd41bf5e?s=96&d=mm&r=g\",\"width\":96,\"height\":96,\"caption\":\"NBAsturias\"}},{\"@type\":\"WebPage\",\"@id\":\"https:\\\/\\\/eldigitaldeasturias.com\\\/radio\\\/clinica-dental-e2-palma-mas-de-25-anos-de-experiencia-en-salud-dental\\\/#webpage\",\"url\":\"https:\\\/\\\/eldigitaldeasturias.com\\\/radio\\\/clinica-dental-e2-palma-mas-de-25-anos-de-experiencia-en-salud-dental\\\/\",\"name\":\"Cl\\u00ednica Dental E2 Palma: m\\u00e1s de 25 a\\u00f1os de experiencia en salud dental | El Digital de Asturias\",\"description\":\"Cuidar la salud bucodental es clave para mantener una sonrisa sana y prevenir problemas dentales a largo plazo. Para ello, es fundamental contar con una cl\\u00ednica\",\"inLanguage\":\"es-ES\",\"isPartOf\":{\"@id\":\"https:\\\/\\\/eldigitaldeasturias.com\\\/radio\\\/#website\"},\"breadcrumb\":{\"@id\":\"https:\\\/\\\/eldigitaldeasturias.com\\\/radio\\\/clinica-dental-e2-palma-mas-de-25-anos-de-experiencia-en-salud-dental\\\/#breadcrumblist\"},\"author\":{\"@id\":\"https:\\\/\\\/eldigitaldeasturias.com\\\/radio\\\/author\\\/nbasturias\\\/#author\"},\"creator\":{\"@id\":\"https:\\\/\\\/eldigitaldeasturias.com\\\/radio\\\/author\\\/nbasturias\\\/#author\"},\"image\":{\"@type\":\"ImageObject\",\"url\":\"https:\\\/\\\/eldigitaldeasturias.com\\\/radio\\\/wp-content\\\/uploads\\\/2025\\\/03\\\/salud-bucodental.jpg\",\"@id\":\"https:\\\/\\\/eldigitaldeasturias.com\\\/radio\\\/clinica-dental-e2-palma-mas-de-25-anos-de-experiencia-en-salud-dental\\\/#mainImage\",\"width\":1079,\"height\":711,\"caption\":\"salud bucodental\"},\"primaryImageOfPage\":{\"@id\":\"https:\\\/\\\/eldigitaldeasturias.com\\\/radio\\\/clinica-dental-e2-palma-mas-de-25-anos-de-experiencia-en-salud-dental\\\/#mainImage\"},\"datePublished\":\"2025-03-10T20:04:56+01:00\",\"dateModified\":\"2025-03-10T20:06:53+01:00\"},{\"@type\":\"WebSite\",\"@id\":\"https:\\\/\\\/eldigitaldeasturias.com\\\/radio\\\/#website\",\"url\":\"https:\\\/\\\/eldigitaldeasturias.com\\\/radio\\\/\",\"name\":\"El Digital de Asturias\",\"description\":\"Diario de informaci\\u00f3n y noticias\",\"inLanguage\":\"es-ES\",\"publisher\":{\"@id\":\"https:\\\/\\\/eldigitaldeasturias.com\\\/radio\\\/#organization\"}}]}\n\t\t<\/script>\n\t\t<!-- All in One SEO Pro -->\r\n\t\t<title>Cl\u00ednica Dental E2 Palma: m\u00e1s de 25 a\u00f1os de experiencia en salud dental | El Digital de Asturias<\/title>\n\n","aioseo_head_json":{"title":"Cl\u00ednica Dental E2 Palma: m\u00e1s de 25 a\u00f1os de experiencia en salud dental | El Digital de Asturias","description":"Cuidar la salud bucodental es clave para mantener una sonrisa sana y prevenir problemas dentales a largo plazo. Para ello, es fundamental contar con una cl\u00ednica","canonical_url":"https:\/\/eldigitaldeasturias.com\/radio\/clinica-dental-e2-palma-mas-de-25-anos-de-experiencia-en-salud-dental\/","robots":"max-image-preview:large","keywords":"live","webmasterTools":{"google-site-verification":"UA-38556648-1","miscellaneous":""},"schema":{"@context":"https:\/\/schema.org","@graph":[{"@type":"BreadcrumbList","@id":"https:\/\/eldigitaldeasturias.com\/radio\/clinica-dental-e2-palma-mas-de-25-anos-de-experiencia-en-salud-dental\/#breadcrumblist","itemListElement":[{"@type":"ListItem","@id":"https:\/\/eldigitaldeasturias.com\/radio#listItem","position":1,"name":"Inicio","item":"https:\/\/eldigitaldeasturias.com\/radio","nextItem":{"@type":"ListItem","@id":"https:\/\/eldigitaldeasturias.com\/radio\/category\/live\/#listItem","name":"Live"}},{"@type":"ListItem","@id":"https:\/\/eldigitaldeasturias.com\/radio\/category\/live\/#listItem","position":2,"name":"Live","item":"https:\/\/eldigitaldeasturias.com\/radio\/category\/live\/","nextItem":{"@type":"ListItem","@id":"https:\/\/eldigitaldeasturias.com\/radio\/clinica-dental-e2-palma-mas-de-25-anos-de-experiencia-en-salud-dental\/#listItem","name":"Cl\u00ednica Dental E2 Palma: m\u00e1s de 25 a\u00f1os de experiencia en salud dental"},"previousItem":{"@type":"ListItem","@id":"https:\/\/eldigitaldeasturias.com\/radio#listItem","name":"Inicio"}},{"@type":"ListItem","@id":"https:\/\/eldigitaldeasturias.com\/radio\/clinica-dental-e2-palma-mas-de-25-anos-de-experiencia-en-salud-dental\/#listItem","position":3,"name":"Cl\u00ednica Dental E2 Palma: m\u00e1s de 25 a\u00f1os de experiencia en salud dental","previousItem":{"@type":"ListItem","@id":"https:\/\/eldigitaldeasturias.com\/radio\/category\/live\/#listItem","name":"Live"}}]},{"@type":"NewsArticle","@id":"https:\/\/eldigitaldeasturias.com\/radio\/clinica-dental-e2-palma-mas-de-25-anos-de-experiencia-en-salud-dental\/#newsarticle","name":"Cl\u00ednica Dental E2 Palma: m\u00e1s de 25 a\u00f1os de experiencia en salud dental | El Digital de Asturias","headline":"Cl\u00ednica Dental E2 Palma: m\u00e1s de 25 a\u00f1os de experiencia en salud dental","author":{"@id":"https:\/\/eldigitaldeasturias.com\/radio\/author\/nbasturias\/#author"},"publisher":{"@id":"https:\/\/eldigitaldeasturias.com\/radio\/#organization"},"image":{"@type":"ImageObject","url":"https:\/\/eldigitaldeasturias.com\/radio\/wp-content\/uploads\/2025\/03\/salud-bucodental.jpg","width":1079,"height":711,"caption":"salud bucodental"},"datePublished":"2025-03-10T20:04:56+01:00","dateModified":"2025-03-10T20:06:53+01:00","inLanguage":"es-ES","mainEntityOfPage":{"@id":"https:\/\/eldigitaldeasturias.com\/radio\/clinica-dental-e2-palma-mas-de-25-anos-de-experiencia-en-salud-dental\/#webpage"},"isPartOf":{"@id":"https:\/\/eldigitaldeasturias.com\/radio\/clinica-dental-e2-palma-mas-de-25-anos-de-experiencia-en-salud-dental\/#webpage"},"articleSection":"Live, salud","dateline":"Publicado el marzo 10, 2025."},{"@type":"Organization","@id":"https:\/\/eldigitaldeasturias.com\/radio\/#organization","name":"El digital de Asturias Radio","description":"Diario de informaci\u00f3n y noticias","url":"https:\/\/eldigitaldeasturias.com\/radio\/","telephone":"+34652131393","logo":{"@type":"ImageObject","url":"https:\/\/www.eldigitaldeasturias.com\/radio\/wp-content\/uploads\/2021\/03\/EDA.jpg","@id":"https:\/\/eldigitaldeasturias.com\/radio\/clinica-dental-e2-palma-mas-de-25-anos-de-experiencia-en-salud-dental\/#organizationLogo"},"image":{"@id":"https:\/\/eldigitaldeasturias.com\/radio\/clinica-dental-e2-palma-mas-de-25-anos-de-experiencia-en-salud-dental\/#organizationLogo"},"sameAs":["https:\/\/www.facebook.com\/","https:\/\/x.com\/bercodi","https:\/\/www.instagram.com\/","https:\/\/www.youtube.com\/channel\/UCZP-2wLEB9Rv6erhFmqVnvg"]},{"@type":"Person","@id":"https:\/\/eldigitaldeasturias.com\/radio\/author\/nbasturias\/#author","url":"https:\/\/eldigitaldeasturias.com\/radio\/author\/nbasturias\/","name":"NBAsturias","image":{"@type":"ImageObject","@id":"https:\/\/eldigitaldeasturias.com\/radio\/clinica-dental-e2-palma-mas-de-25-anos-de-experiencia-en-salud-dental\/#authorImage","url":"https:\/\/secure.gravatar.com\/avatar\/df2aeffc32bcd13f8d26072ef8a91b623d677766deac7f97ca815868cd41bf5e?s=96&d=mm&r=g","width":96,"height":96,"caption":"NBAsturias"}},{"@type":"WebPage","@id":"https:\/\/eldigitaldeasturias.com\/radio\/clinica-dental-e2-palma-mas-de-25-anos-de-experiencia-en-salud-dental\/#webpage","url":"https:\/\/eldigitaldeasturias.com\/radio\/clinica-dental-e2-palma-mas-de-25-anos-de-experiencia-en-salud-dental\/","name":"Cl\u00ednica Dental E2 Palma: m\u00e1s de 25 a\u00f1os de experiencia en salud dental | El Digital de Asturias","description":"Cuidar la salud bucodental es clave para mantener una sonrisa sana y prevenir problemas dentales a largo plazo. Para ello, es fundamental contar con una cl\u00ednica","inLanguage":"es-ES","isPartOf":{"@id":"https:\/\/eldigitaldeasturias.com\/radio\/#website"},"breadcrumb":{"@id":"https:\/\/eldigitaldeasturias.com\/radio\/clinica-dental-e2-palma-mas-de-25-anos-de-experiencia-en-salud-dental\/#breadcrumblist"},"author":{"@id":"https:\/\/eldigitaldeasturias.com\/radio\/author\/nbasturias\/#author"},"creator":{"@id":"https:\/\/eldigitaldeasturias.com\/radio\/author\/nbasturias\/#author"},"image":{"@type":"ImageObject","url":"https:\/\/eldigitaldeasturias.com\/radio\/wp-content\/uploads\/2025\/03\/salud-bucodental.jpg","@id":"https:\/\/eldigitaldeasturias.com\/radio\/clinica-dental-e2-palma-mas-de-25-anos-de-experiencia-en-salud-dental\/#mainImage","width":1079,"height":711,"caption":"salud bucodental"},"primaryImageOfPage":{"@id":"https:\/\/eldigitaldeasturias.com\/radio\/clinica-dental-e2-palma-mas-de-25-anos-de-experiencia-en-salud-dental\/#mainImage"},"datePublished":"2025-03-10T20:04:56+01:00","dateModified":"2025-03-10T20:06:53+01:00"},{"@type":"WebSite","@id":"https:\/\/eldigitaldeasturias.com\/radio\/#website","url":"https:\/\/eldigitaldeasturias.com\/radio\/","name":"El Digital de Asturias","description":"Diario de informaci\u00f3n y noticias","inLanguage":"es-ES","publisher":{"@id":"https:\/\/eldigitaldeasturias.com\/radio\/#organization"}}]},"og:locale":"es_ES","og:site_name":"El Digital de Asturias | Diario de informaci\u00f3n y noticias","og:type":"article","og:title":"Cl\u00ednica Dental E2 Palma: m\u00e1s de 25 a\u00f1os de experiencia en salud dental | El Digital de Asturias","og:description":"Cuidar la salud bucodental es clave para mantener una sonrisa sana y prevenir problemas dentales a largo plazo. Para ello, es fundamental contar con una cl\u00ednica","og:url":"https:\/\/eldigitaldeasturias.com\/radio\/clinica-dental-e2-palma-mas-de-25-anos-de-experiencia-en-salud-dental\/","og:image":"https:\/\/eldigitaldeasturias.com\/radio\/wp-content\/uploads\/2025\/03\/salud-bucodental.jpg","og:image:secure_url":"https:\/\/eldigitaldeasturias.com\/radio\/wp-content\/uploads\/2025\/03\/salud-bucodental.jpg","og:image:width":1079,"og:image:height":711,"article:published_time":"2025-03-10T19:04:56+00:00","article:modified_time":"2025-03-10T19:06:53+00:00","twitter:card":"summary_large_image","twitter:site":"@bercodi","twitter:title":"Cl\u00ednica Dental E2 Palma: m\u00e1s de 25 a\u00f1os de experiencia en salud dental | El Digital de Asturias","twitter:description":"Cuidar la salud bucodental es clave para mantener una sonrisa sana y prevenir problemas dentales a largo plazo. Para ello, es fundamental contar con una cl\u00ednica","twitter:creator":"@bercodi","twitter:image":"https:\/\/eldigitaldeasturias.com\/radio\/wp-content\/uploads\/2025\/03\/salud-bucodental.jpg"},"aioseo_meta_data":{"post_id":"9977","title":null,"description":"Cuidar la salud bucodental es clave para mantener una sonrisa sana y prevenir problemas dentales a largo plazo. Para ello, es fundamental contar con una cl\u00ednica","keywords":null,"keyphrases":{"focus":{"keyphrase":"cl\u00ednica","score":82,"analysis":{"keyphraseInTitle":{"score":9,"maxScore":9,"error":0},"keyphraseInDescription":{"score":9,"maxScore":9,"error":0},"keyphraseLength":{"score":9,"maxScore":9,"error":0,"length":2},"keyphraseInURL":{"score":5,"maxScore":5,"error":0},"keyphraseInIntroduction":{"score":9,"maxScore":9,"error":0},"keyphraseInSubHeadings":{"score":3,"maxScore":9,"error":1},"keyphraseInImageAlt":{"score":3,"maxScore":9,"error":1},"keywordDensity":{"type":"best","score":9,"maxScore":9,"error":0}}},"additional":[{"keyphrase":"salud","score":100,"analysis":{"keyphraseInDescription":{"score":9,"maxScore":9,"error":0},"keyphraseLength":{"score":9,"maxScore":9,"error":0,"length":1},"keyphraseInIntroduction":{"score":9,"maxScore":9,"error":0},"keyphraseInImageAlt":{"score":9,"maxScore":9,"error":0},"keywordDensity":{"type":"best","score":9,"maxScore":9,"error":0}}}]},"primary_term":null,"canonical_url":null,"og_title":null,"og_description":null,"og_object_type":"default","og_image_type":"default","og_image_url":null,"og_image_width":null,"og_image_height":null,"og_image_custom_url":null,"og_image_custom_fields":null,"og_video":"","og_custom_url":null,"og_article_section":null,"og_article_tags":null,"twitter_use_og":false,"twitter_card":"default","twitter_image_type":"default","twitter_image_url":null,"twitter_image_custom_url":null,"twitter_image_custom_fields":null,"twitter_title":null,"twitter_description":null,"schema":{"blockGraphs":[],"customGraphs":[],"default":{"data":{"Article":[],"Course":[],"Dataset":[],"FAQPage":[],"Movie":[],"Person":[],"Product":[],"ProductReview":[],"Car":[],"Recipe":[],"Service":[],"SoftwareApplication":[],"WebPage":[]},"graphName":"NewsArticle","isEnabled":true},"graphs":[]},"schema_type":"default","schema_type_options":null,"pillar_content":false,"robots_default":true,"robots_noindex":false,"robots_noarchive":false,"robots_nosnippet":false,"robots_nofollow":false,"robots_noimageindex":false,"robots_noodp":false,"robots_notranslate":false,"robots_max_snippet":"-1","robots_max_videopreview":"-1","robots_max_imagepreview":"large","priority":null,"frequency":"default","location":null,"local_seo":null,"seo_analyzer_scan_date":"2025-08-28 23:54:44","breadcrumb_settings":null,"limit_modified_date":false,"open_ai":"{\"title\":{\"suggestions\":[],\"usage\":0},\"description\":{\"suggestions\":[],\"usage\":0}}","ai":null,"created":"2025-03-10 19:00:43","updated":"2025-08-28 23:54:44"},"aioseo_breadcrumb":"<div class=\"aioseo-breadcrumbs\"><span class=\"aioseo-breadcrumb\">\n\t<a href=\"https:\/\/eldigitaldeasturias.com\/radio\" title=\"Inicio\">Inicio<\/a>\n<\/span><span class=\"aioseo-breadcrumb-separator\">&ndash;<\/span><span class=\"aioseo-breadcrumb\">\n\t<a href=\"https:\/\/eldigitaldeasturias.com\/radio\/category\/live\/\" title=\"Live\">Live<\/a>\n<\/span><span class=\"aioseo-breadcrumb-separator\">&ndash;<\/span><span class=\"aioseo-breadcrumb\">\n\tCl\u00ednica Dental E2 Palma: m\u00e1s de 25 a\u00f1os de experiencia en salud dental\n<\/span><\/div>","aioseo_breadcrumb_json":[{"label":"Inicio","link":"https:\/\/eldigitaldeasturias.com\/radio"},{"label":"Live","link":"https:\/\/eldigitaldeasturias.com\/radio\/category\/live\/"},{"label":"Cl\u00ednica Dental E2 Palma: m\u00e1s de 25 a\u00f1os de experiencia en salud dental","link":"https:\/\/eldigitaldeasturias.com\/radio\/clinica-dental-e2-palma-mas-de-25-anos-de-experiencia-en-salud-dental\/"}],"_links":{"self":[{"href":"https:\/\/eldigitaldeasturias.com\/radio\/wp-json\/wp\/v2\/posts\/9977","targetHints":{"allow":["GET"]}}],"collection":[{"href":"https:\/\/eldigitaldeasturias.com\/radio\/wp-json\/wp\/v2\/posts"}],"about":[{"href":"https:\/\/eldigitaldeasturias.com\/radio\/wp-json\/wp\/v2\/types\/post"}],"author":[{"embeddable":true,"href":"https:\/\/eldigitaldeasturias.com\/radio\/wp-json\/wp\/v2\/users\/1"}],"replies":[{"embeddable":true,"href":"https:\/\/eldigitaldeasturias.com\/radio\/wp-json\/wp\/v2\/comments?post=9977"}],"version-history":[{"count":0,"href":"https:\/\/eldigitaldeasturias.com\/radio\/wp-json\/wp\/v2\/posts\/9977\/revisions"}],"wp:featuredmedia":[{"embeddable":true,"href":"https:\/\/eldigitaldeasturias.com\/radio\/wp-json\/wp\/v2\/media\/9978"}],"wp:attachment":[{"href":"https:\/\/eldigitaldeasturias.com\/radio\/wp-json\/wp\/v2\/media?parent=9977"}],"wp:term":[{"taxonomy":"category","embeddable":true,"href":"https:\/\/eldigitaldeasturias.com\/radio\/wp-json\/wp\/v2\/categories?post=9977"},{"taxonomy":"post_tag","embeddable":true,"href":"https:\/\/eldigitaldeasturias.com\/radio\/wp-json\/wp\/v2\/tags?post=9977"}],"curies":[{"name":"wp","href":"https:\/\/api.w.org\/{rel}","templated":true}]}}