{"id":9824,"date":"2025-02-14T09:11:52","date_gmt":"2025-02-14T08:11:52","guid":{"rendered":"https:\/\/eldigitaldeasturias.com\/radio\/?p=9824"},"modified":"2025-02-14T09:11:52","modified_gmt":"2025-02-14T08:11:52","slug":"rinofallas-encuentro-de-actualizacion-en-rinoplastia-en-valencia","status":"publish","type":"post","link":"https:\/\/eldigitaldeasturias.com\/radio\/rinofallas-encuentro-de-actualizacion-en-rinoplastia-en-valencia\/","title":{"rendered":"Rinofallas: Encuentro de Actualizaci\u00f3n en Rinoplastia en Valencia"},"content":{"rendered":"<p><span style=\"font-weight: 400;\">Rinofallas es una jornada quir\u00fargica y te\u00f3rica dise\u00f1ada para la <\/span><b>actualizaci\u00f3n<\/b><span style=\"font-weight: 400;\"> de especialistas en rinoplastia, una disciplina que combina la funcionalidad respiratoria con la mejora est\u00e9tica para ofrecer resultados \u00f3ptimos a los pacientes.<\/span><\/p>\n<p><img fetchpriority=\"high\" decoding=\"async\" class=\"aligncenter size-large wp-image-9825\" src=\"https:\/\/eldigitaldeasturias.com\/radio\/wp-content\/uploads\/2025\/02\/Rinofallas-jornada-quirurgica-498x480.jpg\" alt=\"Rinofallas jornada quir\u00fargica\" width=\"498\" height=\"480\" srcset=\"https:\/\/eldigitaldeasturias.com\/radio\/wp-content\/uploads\/2025\/02\/Rinofallas-jornada-quirurgica-498x480.jpg 498w, https:\/\/eldigitaldeasturias.com\/radio\/wp-content\/uploads\/2025\/02\/Rinofallas-jornada-quirurgica-312x300.jpg 312w, https:\/\/eldigitaldeasturias.com\/radio\/wp-content\/uploads\/2025\/02\/Rinofallas-jornada-quirurgica-150x144.jpg 150w, https:\/\/eldigitaldeasturias.com\/radio\/wp-content\/uploads\/2025\/02\/Rinofallas-jornada-quirurgica-450x433.jpg 450w, https:\/\/eldigitaldeasturias.com\/radio\/wp-content\/uploads\/2025\/02\/Rinofallas-jornada-quirurgica.jpg 703w\" sizes=\"(max-width: 498px) 100vw, 498px\" \/><\/p>\n<p><span style=\"font-weight: 400;\">El avance de t\u00e9cnicas <\/span><b>m\u00ednimamente<\/b><span style=\"font-weight: 400;\"> invasivas y la tendencia hacia procedimientos personalizados han convertido la rinoplastia en una de las \u00e1reas m\u00e1s innovadoras dentro de la cirug\u00eda pl\u00e1stica facial.<\/span><\/p>\n<p><span style=\"font-weight: 400;\">Este evento, dirigido por e l<\/span><span style=\"color: #ff6600;\"><strong><a style=\"color: #ff6600;\" href=\"https:\/\/sebastianmoya.es\/sebastian-moya-albiol\/\" target=\"_blank\" rel=\"nofollow noopener\">Dr. Sebasti\u00e1n Moya Albiol<\/a><\/strong><\/span><span style=\"font-weight: 400;\">, especialista en <\/span><b>Otorrinolaringolog\u00eda<\/b><span style=\"font-weight: 400;\"> y Cirug\u00eda Pl\u00e1stica Facial, se celebra anualmente en Valencia desde hace m\u00e1s de cinco ediciones.<\/span><\/p>\n<p><span style=\"font-weight: 400;\">Rinofallas es un referente en Espa\u00f1a, permitiendo el <\/span><b>intercambio<\/b><span style=\"font-weight: 400;\"> de conocimientos entre expertos en cirug\u00eda nasal. Su realizaci\u00f3n en marzo brinda a los asistentes la oportunidad de disfrutar de la festividad de las Fallas.<\/span><\/p>\n<h3><b>Cirug\u00eda en directo y ponencias de expertos<\/b><\/h3>\n<p><span style=\"font-weight: 400;\">El congreso inicia con una cirug\u00eda en vivo a cargo del Dr. Moya, quien presenta el caso cl\u00ednico y detalla su abordaje mediante <\/span><span style=\"color: #ff6600;\"><strong><a style=\"color: #ff6600;\" title=\"tecnolog\u00eda ultras\u00f3nica\" href=\"https:\/\/sebastianmoya.es\/rinoplastia-ultrasonica\/\" target=\"_blank\" rel=\"nofollow noopener\">tecnolog\u00eda ultras\u00f3nica<\/a><\/strong><\/span><span style=\"font-weight: 400;\">, resaltando sus beneficios en precisi\u00f3n y recuperaci\u00f3n. Posteriormente, especialistas invitados abordan las \u00faltimas tendencias en rinoplastia, generando debates que contin\u00faan durante la comida de trabajo tras la tradicional masclet\u00e0.<\/span><\/p>\n<h3><b>Promoci\u00f3n de j\u00f3venes cirujanos<\/b><\/h3>\n<p><span style=\"font-weight: 400;\">En la segunda parte de la jornada, los asistentes m\u00e1s j\u00f3venes exponen art\u00edculos cient\u00edficos seleccionados previamente por su <\/span><b>calidad<\/b><span style=\"font-weight: 400;\"> y relevancia en la especialidad. Estas presentaciones fomentan el debate con cirujanos de mayor experiencia y contribuyen a la actualizaci\u00f3n profesional.<\/span><\/p>\n<h3><b>Un evento formativo con un enfoque cultural<\/b><\/h3>\n<p><span style=\"font-weight: 400;\">Rinofallas no solo permite la actualizaci\u00f3n en cirug\u00eda nasal, sino que tambi\u00e9n refuerza la colaboraci\u00f3n entre especialistas en Espa\u00f1a. Adem\u00e1s, su realizaci\u00f3n en el marco de las Fallas permite a los asistentes conocer la cultura valenciana y disfrutar de su gastronom\u00eda.<\/span><\/p>\n<h3><b>Programa<\/b><\/h3>\n<p><span style=\"font-weight: 400;\">A continuaci\u00f3n, se presenta el programa de la jornada, que alterna sesiones te\u00f3ricas y pr\u00e1cticas. Destacan la cirug\u00eda en vivo, las ponencias de expertos y los espacios de discusi\u00f3n que fomentan el <\/span><b>intercambio<\/b><span style=\"font-weight: 400;\"> de conocimientos entre profesionales.<\/span><\/p>\n<h4><b>Valencia, 7 de marzo de 2025<\/b><\/h4>\n<p><b>8:30 h.<\/b><span style=\"font-weight: 400;\"> Presentaci\u00f3n del caso. Dr. Pablo Moya Hueso.<\/span><\/p>\n<p><b>9:00 h.<\/b><span style=\"font-weight: 400;\"> Cirug\u00eda en directo. Dr. Sebasti\u00e1n Moya Albiol.<\/span><\/p>\n<p><b>12:30 h.<\/b><span style=\"font-weight: 400;\"> Innovaciones en t\u00e9cnicas de rinoplastia. Dr. Sebasti\u00e1n Moya Albiol.<\/span><\/p>\n<p><b>14:00 h.<\/b><span style=\"font-weight: 400;\"> Masclet\u00e0.<\/span><\/p>\n<p><b>15:00 h.<\/b><span style=\"font-weight: 400;\"> Comida de trabajo.<\/span><\/p>\n<p><b>17:00 h.<\/b><span style=\"font-weight: 400;\"> Rinoplastia en hospitales p\u00fablicos. Dr. Miguel \u00c1ngel Melchor.<\/span><\/p>\n<p><b>17:15 h.<\/b><span style=\"font-weight: 400;\"> Formaci\u00f3n del residente en cirug\u00eda nasal. Dr. Jaime Sanabria.<\/span><\/p>\n<p><b>17:30 h.<\/b><span style=\"font-weight: 400;\"> T\u00e9cnicas de preservaci\u00f3n del dorso nasal. Dr. Ra\u00fal Del Castillo.<\/span><\/p>\n<p><b>17:45 h.<\/b><span style=\"font-weight: 400;\"> Enfoques en rinoplastia privada. Dr. Javier Galindo.<\/span><\/p>\n<h3><b>Sobre el Dr. Sebasti\u00e1n Moya Albiol<\/b><\/h3>\n<p><span style=\"font-weight: 400;\">El Dr. Sebasti\u00e1n Moya Albiol es un referente en Otorrinolaringolog\u00eda y Cirug\u00eda Pl\u00e1stica Facial con m\u00e1s de 20 a\u00f1os de experiencia en <\/span><b>rinoplastia<\/b><span style=\"font-weight: 400;\">. Se licenci\u00f3 en Medicina en la Universidad de Valencia y realiz\u00f3 su residencia en el Hospital Cl\u00ednico Universitario de Valencia. Durante su especializaci\u00f3n, ampli\u00f3 sus conocimientos en rinolog\u00eda en el Hospital de la Santa Creu i Sant Pau de Barcelona y en el Royal National Throat, Nose and Ear Hospital de Londres bajo la supervisi\u00f3n de la profesora Valerie Lund. Actualmente, ejerce en su consulta privada en Valencia y realiza cirug\u00edas en el Hospital Casa de Salud de Valencia. Su m\u00e9todo busca equilibrar la <\/span><b>funcionalidad<\/b><span style=\"font-weight: 400;\"> respiratoria con la est\u00e9tica nasal, logrando resultados personalizados y naturales.<\/span><\/p>\n","protected":false},"excerpt":{"rendered":"<p>Rinofallas es una jornada quir\u00fargica y te\u00f3rica dise\u00f1ada para la actualizaci\u00f3n de especialistas en rinoplastia, una disciplina que combina la funcionalidad respiratoria con la mejora est\u00e9tica para ofrecer resultados \u00f3ptimos a los pacientes. El avance de t\u00e9cnicas m\u00ednimamente invasivas y la tendencia hacia procedimientos personalizados han convertido la rinoplastia en una de las \u00e1reas m\u00e1s<\/p>\n","protected":false},"author":1,"featured_media":9825,"comment_status":"closed","ping_status":"closed","sticky":false,"template":"","format":"standard","meta":{"footnotes":""},"categories":[38],"tags":[88],"class_list":{"0":"post-9824","1":"post","2":"type-post","3":"status-publish","4":"format-standard","5":"has-post-thumbnail","7":"category-live","8":"tag-salud"},"aioseo_notices":[],"aioseo_head":"\n\t\t<!-- All in One SEO Pro 4.9.6.2 - aioseo.com -->\n\t<meta name=\"description\" content=\"Rinofallas es una jornada quir\u00fargica y te\u00f3rica dise\u00f1ada para la actualizaci\u00f3n de especialistas en rinoplastia, una disciplina que combina la funcionalidad\" \/>\n\t<meta name=\"robots\" content=\"max-image-preview:large\" \/>\n\t<meta name=\"author\" content=\"NBAsturias\"\/>\n\t<meta name=\"google-site-verification\" content=\"UA-38556648-1\" \/>\n\t<meta name=\"keywords\" content=\"live\" \/>\n\t<link rel=\"canonical\" href=\"https:\/\/eldigitaldeasturias.com\/radio\/rinofallas-encuentro-de-actualizacion-en-rinoplastia-en-valencia\/\" \/>\n\t<meta name=\"generator\" content=\"All in One SEO Pro (AIOSEO) 4.9.6.2\" \/>\n\t\t<meta property=\"og:locale\" content=\"es_ES\" \/>\n\t\t<meta property=\"og:site_name\" content=\"El Digital de Asturias | Diario de informaci\u00f3n y noticias\" \/>\n\t\t<meta property=\"og:type\" content=\"article\" \/>\n\t\t<meta property=\"og:title\" content=\"Rinofallas: Encuentro de Actualizaci\u00f3n en Rinoplastia en Valencia | El Digital de Asturias\" \/>\n\t\t<meta property=\"og:description\" content=\"Rinofallas es una jornada quir\u00fargica y te\u00f3rica dise\u00f1ada para la actualizaci\u00f3n de especialistas en rinoplastia, una disciplina que combina la funcionalidad\" \/>\n\t\t<meta property=\"og:url\" content=\"https:\/\/eldigitaldeasturias.com\/radio\/rinofallas-encuentro-de-actualizacion-en-rinoplastia-en-valencia\/\" \/>\n\t\t<meta property=\"og:image\" content=\"https:\/\/eldigitaldeasturias.com\/radio\/wp-content\/uploads\/2025\/02\/Rinofallas-jornada-quirurgica.jpg\" \/>\n\t\t<meta property=\"og:image:secure_url\" content=\"https:\/\/eldigitaldeasturias.com\/radio\/wp-content\/uploads\/2025\/02\/Rinofallas-jornada-quirurgica.jpg\" \/>\n\t\t<meta property=\"og:image:width\" content=\"703\" \/>\n\t\t<meta property=\"og:image:height\" content=\"677\" \/>\n\t\t<meta property=\"article:published_time\" content=\"2025-02-14T08:11:52+00:00\" \/>\n\t\t<meta property=\"article:modified_time\" content=\"2025-02-14T08:11:52+00:00\" \/>\n\t\t<meta name=\"twitter:card\" content=\"summary_large_image\" \/>\n\t\t<meta name=\"twitter:site\" content=\"@bercodi\" \/>\n\t\t<meta name=\"twitter:title\" content=\"Rinofallas: Encuentro de Actualizaci\u00f3n en Rinoplastia en Valencia | El Digital de Asturias\" \/>\n\t\t<meta name=\"twitter:description\" content=\"Rinofallas es una jornada quir\u00fargica y te\u00f3rica dise\u00f1ada para la actualizaci\u00f3n de especialistas en rinoplastia, una disciplina que combina la funcionalidad\" \/>\n\t\t<meta name=\"twitter:creator\" content=\"@bercodi\" \/>\n\t\t<meta name=\"twitter:image\" content=\"https:\/\/eldigitaldeasturias.com\/radio\/wp-content\/uploads\/2025\/02\/Rinofallas-jornada-quirurgica.jpg\" \/>\n\t\t<script type=\"application\/ld+json\" class=\"aioseo-schema\">\n\t\t\t{\"@context\":\"https:\\\/\\\/schema.org\",\"@graph\":[{\"@type\":\"BreadcrumbList\",\"@id\":\"https:\\\/\\\/eldigitaldeasturias.com\\\/radio\\\/rinofallas-encuentro-de-actualizacion-en-rinoplastia-en-valencia\\\/#breadcrumblist\",\"itemListElement\":[{\"@type\":\"ListItem\",\"@id\":\"https:\\\/\\\/eldigitaldeasturias.com\\\/radio#listItem\",\"position\":1,\"name\":\"Inicio\",\"item\":\"https:\\\/\\\/eldigitaldeasturias.com\\\/radio\",\"nextItem\":{\"@type\":\"ListItem\",\"@id\":\"https:\\\/\\\/eldigitaldeasturias.com\\\/radio\\\/category\\\/live\\\/#listItem\",\"name\":\"Live\"}},{\"@type\":\"ListItem\",\"@id\":\"https:\\\/\\\/eldigitaldeasturias.com\\\/radio\\\/category\\\/live\\\/#listItem\",\"position\":2,\"name\":\"Live\",\"item\":\"https:\\\/\\\/eldigitaldeasturias.com\\\/radio\\\/category\\\/live\\\/\",\"nextItem\":{\"@type\":\"ListItem\",\"@id\":\"https:\\\/\\\/eldigitaldeasturias.com\\\/radio\\\/rinofallas-encuentro-de-actualizacion-en-rinoplastia-en-valencia\\\/#listItem\",\"name\":\"Rinofallas: Encuentro de Actualizaci\\u00f3n en Rinoplastia en Valencia\"},\"previousItem\":{\"@type\":\"ListItem\",\"@id\":\"https:\\\/\\\/eldigitaldeasturias.com\\\/radio#listItem\",\"name\":\"Inicio\"}},{\"@type\":\"ListItem\",\"@id\":\"https:\\\/\\\/eldigitaldeasturias.com\\\/radio\\\/rinofallas-encuentro-de-actualizacion-en-rinoplastia-en-valencia\\\/#listItem\",\"position\":3,\"name\":\"Rinofallas: Encuentro de Actualizaci\\u00f3n en Rinoplastia en Valencia\",\"previousItem\":{\"@type\":\"ListItem\",\"@id\":\"https:\\\/\\\/eldigitaldeasturias.com\\\/radio\\\/category\\\/live\\\/#listItem\",\"name\":\"Live\"}}]},{\"@type\":\"NewsArticle\",\"@id\":\"https:\\\/\\\/eldigitaldeasturias.com\\\/radio\\\/rinofallas-encuentro-de-actualizacion-en-rinoplastia-en-valencia\\\/#newsarticle\",\"name\":\"Rinofallas: Encuentro de Actualizaci\\u00f3n en Rinoplastia en Valencia | El Digital de Asturias\",\"headline\":\"Rinofallas: Encuentro de Actualizaci\\u00f3n en Rinoplastia en Valencia\",\"author\":{\"@id\":\"https:\\\/\\\/eldigitaldeasturias.com\\\/radio\\\/author\\\/nbasturias\\\/#author\"},\"publisher\":{\"@id\":\"https:\\\/\\\/eldigitaldeasturias.com\\\/radio\\\/#organization\"},\"image\":{\"@type\":\"ImageObject\",\"url\":\"https:\\\/\\\/eldigitaldeasturias.com\\\/radio\\\/wp-content\\\/uploads\\\/2025\\\/02\\\/Rinofallas-jornada-quirurgica.jpg\",\"width\":703,\"height\":677,\"caption\":\"Rinofallas jornada quir\\u00fargica\"},\"datePublished\":\"2025-02-14T09:11:52+01:00\",\"dateModified\":\"2025-02-14T09:11:52+01:00\",\"inLanguage\":\"es-ES\",\"mainEntityOfPage\":{\"@id\":\"https:\\\/\\\/eldigitaldeasturias.com\\\/radio\\\/rinofallas-encuentro-de-actualizacion-en-rinoplastia-en-valencia\\\/#webpage\"},\"isPartOf\":{\"@id\":\"https:\\\/\\\/eldigitaldeasturias.com\\\/radio\\\/rinofallas-encuentro-de-actualizacion-en-rinoplastia-en-valencia\\\/#webpage\"},\"articleSection\":\"Live, salud\",\"dateline\":\"Publicado el febrero 14, 2025.\"},{\"@type\":\"Organization\",\"@id\":\"https:\\\/\\\/eldigitaldeasturias.com\\\/radio\\\/#organization\",\"name\":\"El digital de Asturias Radio\",\"description\":\"Diario de informaci\\u00f3n y noticias\",\"url\":\"https:\\\/\\\/eldigitaldeasturias.com\\\/radio\\\/\",\"telephone\":\"+34652131393\",\"logo\":{\"@type\":\"ImageObject\",\"url\":\"https:\\\/\\\/www.eldigitaldeasturias.com\\\/radio\\\/wp-content\\\/uploads\\\/2021\\\/03\\\/EDA.jpg\",\"@id\":\"https:\\\/\\\/eldigitaldeasturias.com\\\/radio\\\/rinofallas-encuentro-de-actualizacion-en-rinoplastia-en-valencia\\\/#organizationLogo\"},\"image\":{\"@id\":\"https:\\\/\\\/eldigitaldeasturias.com\\\/radio\\\/rinofallas-encuentro-de-actualizacion-en-rinoplastia-en-valencia\\\/#organizationLogo\"},\"sameAs\":[\"https:\\\/\\\/www.facebook.com\\\/\",\"https:\\\/\\\/x.com\\\/bercodi\",\"https:\\\/\\\/www.instagram.com\\\/\",\"https:\\\/\\\/www.youtube.com\\\/channel\\\/UCZP-2wLEB9Rv6erhFmqVnvg\"]},{\"@type\":\"Person\",\"@id\":\"https:\\\/\\\/eldigitaldeasturias.com\\\/radio\\\/author\\\/nbasturias\\\/#author\",\"url\":\"https:\\\/\\\/eldigitaldeasturias.com\\\/radio\\\/author\\\/nbasturias\\\/\",\"name\":\"NBAsturias\",\"image\":{\"@type\":\"ImageObject\",\"@id\":\"https:\\\/\\\/eldigitaldeasturias.com\\\/radio\\\/rinofallas-encuentro-de-actualizacion-en-rinoplastia-en-valencia\\\/#authorImage\",\"url\":\"https:\\\/\\\/secure.gravatar.com\\\/avatar\\\/df2aeffc32bcd13f8d26072ef8a91b623d677766deac7f97ca815868cd41bf5e?s=96&d=mm&r=g\",\"width\":96,\"height\":96,\"caption\":\"NBAsturias\"}},{\"@type\":\"WebPage\",\"@id\":\"https:\\\/\\\/eldigitaldeasturias.com\\\/radio\\\/rinofallas-encuentro-de-actualizacion-en-rinoplastia-en-valencia\\\/#webpage\",\"url\":\"https:\\\/\\\/eldigitaldeasturias.com\\\/radio\\\/rinofallas-encuentro-de-actualizacion-en-rinoplastia-en-valencia\\\/\",\"name\":\"Rinofallas: Encuentro de Actualizaci\\u00f3n en Rinoplastia en Valencia | El Digital de Asturias\",\"description\":\"Rinofallas es una jornada quir\\u00fargica y te\\u00f3rica dise\\u00f1ada para la actualizaci\\u00f3n de especialistas en rinoplastia, una disciplina que combina la funcionalidad\",\"inLanguage\":\"es-ES\",\"isPartOf\":{\"@id\":\"https:\\\/\\\/eldigitaldeasturias.com\\\/radio\\\/#website\"},\"breadcrumb\":{\"@id\":\"https:\\\/\\\/eldigitaldeasturias.com\\\/radio\\\/rinofallas-encuentro-de-actualizacion-en-rinoplastia-en-valencia\\\/#breadcrumblist\"},\"author\":{\"@id\":\"https:\\\/\\\/eldigitaldeasturias.com\\\/radio\\\/author\\\/nbasturias\\\/#author\"},\"creator\":{\"@id\":\"https:\\\/\\\/eldigitaldeasturias.com\\\/radio\\\/author\\\/nbasturias\\\/#author\"},\"image\":{\"@type\":\"ImageObject\",\"url\":\"https:\\\/\\\/eldigitaldeasturias.com\\\/radio\\\/wp-content\\\/uploads\\\/2025\\\/02\\\/Rinofallas-jornada-quirurgica.jpg\",\"@id\":\"https:\\\/\\\/eldigitaldeasturias.com\\\/radio\\\/rinofallas-encuentro-de-actualizacion-en-rinoplastia-en-valencia\\\/#mainImage\",\"width\":703,\"height\":677,\"caption\":\"Rinofallas jornada quir\\u00fargica\"},\"primaryImageOfPage\":{\"@id\":\"https:\\\/\\\/eldigitaldeasturias.com\\\/radio\\\/rinofallas-encuentro-de-actualizacion-en-rinoplastia-en-valencia\\\/#mainImage\"},\"datePublished\":\"2025-02-14T09:11:52+01:00\",\"dateModified\":\"2025-02-14T09:11:52+01:00\"},{\"@type\":\"WebSite\",\"@id\":\"https:\\\/\\\/eldigitaldeasturias.com\\\/radio\\\/#website\",\"url\":\"https:\\\/\\\/eldigitaldeasturias.com\\\/radio\\\/\",\"name\":\"El Digital de Asturias\",\"description\":\"Diario de informaci\\u00f3n y noticias\",\"inLanguage\":\"es-ES\",\"publisher\":{\"@id\":\"https:\\\/\\\/eldigitaldeasturias.com\\\/radio\\\/#organization\"}}]}\n\t\t<\/script>\n\t\t<!-- All in One SEO Pro -->\r\n\t\t<title>Rinofallas: Encuentro de Actualizaci\u00f3n en Rinoplastia en Valencia | El Digital de Asturias<\/title>\n\n","aioseo_head_json":{"title":"Rinofallas: Encuentro de Actualizaci\u00f3n en Rinoplastia en Valencia | El Digital de Asturias","description":"Rinofallas es una jornada quir\u00fargica y te\u00f3rica dise\u00f1ada para la actualizaci\u00f3n de especialistas en rinoplastia, una disciplina que combina la funcionalidad","canonical_url":"https:\/\/eldigitaldeasturias.com\/radio\/rinofallas-encuentro-de-actualizacion-en-rinoplastia-en-valencia\/","robots":"max-image-preview:large","keywords":"live","webmasterTools":{"google-site-verification":"UA-38556648-1","miscellaneous":""},"schema":{"@context":"https:\/\/schema.org","@graph":[{"@type":"BreadcrumbList","@id":"https:\/\/eldigitaldeasturias.com\/radio\/rinofallas-encuentro-de-actualizacion-en-rinoplastia-en-valencia\/#breadcrumblist","itemListElement":[{"@type":"ListItem","@id":"https:\/\/eldigitaldeasturias.com\/radio#listItem","position":1,"name":"Inicio","item":"https:\/\/eldigitaldeasturias.com\/radio","nextItem":{"@type":"ListItem","@id":"https:\/\/eldigitaldeasturias.com\/radio\/category\/live\/#listItem","name":"Live"}},{"@type":"ListItem","@id":"https:\/\/eldigitaldeasturias.com\/radio\/category\/live\/#listItem","position":2,"name":"Live","item":"https:\/\/eldigitaldeasturias.com\/radio\/category\/live\/","nextItem":{"@type":"ListItem","@id":"https:\/\/eldigitaldeasturias.com\/radio\/rinofallas-encuentro-de-actualizacion-en-rinoplastia-en-valencia\/#listItem","name":"Rinofallas: Encuentro de Actualizaci\u00f3n en Rinoplastia en Valencia"},"previousItem":{"@type":"ListItem","@id":"https:\/\/eldigitaldeasturias.com\/radio#listItem","name":"Inicio"}},{"@type":"ListItem","@id":"https:\/\/eldigitaldeasturias.com\/radio\/rinofallas-encuentro-de-actualizacion-en-rinoplastia-en-valencia\/#listItem","position":3,"name":"Rinofallas: Encuentro de Actualizaci\u00f3n en Rinoplastia en Valencia","previousItem":{"@type":"ListItem","@id":"https:\/\/eldigitaldeasturias.com\/radio\/category\/live\/#listItem","name":"Live"}}]},{"@type":"NewsArticle","@id":"https:\/\/eldigitaldeasturias.com\/radio\/rinofallas-encuentro-de-actualizacion-en-rinoplastia-en-valencia\/#newsarticle","name":"Rinofallas: Encuentro de Actualizaci\u00f3n en Rinoplastia en Valencia | El Digital de Asturias","headline":"Rinofallas: Encuentro de Actualizaci\u00f3n en Rinoplastia en Valencia","author":{"@id":"https:\/\/eldigitaldeasturias.com\/radio\/author\/nbasturias\/#author"},"publisher":{"@id":"https:\/\/eldigitaldeasturias.com\/radio\/#organization"},"image":{"@type":"ImageObject","url":"https:\/\/eldigitaldeasturias.com\/radio\/wp-content\/uploads\/2025\/02\/Rinofallas-jornada-quirurgica.jpg","width":703,"height":677,"caption":"Rinofallas jornada quir\u00fargica"},"datePublished":"2025-02-14T09:11:52+01:00","dateModified":"2025-02-14T09:11:52+01:00","inLanguage":"es-ES","mainEntityOfPage":{"@id":"https:\/\/eldigitaldeasturias.com\/radio\/rinofallas-encuentro-de-actualizacion-en-rinoplastia-en-valencia\/#webpage"},"isPartOf":{"@id":"https:\/\/eldigitaldeasturias.com\/radio\/rinofallas-encuentro-de-actualizacion-en-rinoplastia-en-valencia\/#webpage"},"articleSection":"Live, salud","dateline":"Publicado el febrero 14, 2025."},{"@type":"Organization","@id":"https:\/\/eldigitaldeasturias.com\/radio\/#organization","name":"El digital de Asturias Radio","description":"Diario de informaci\u00f3n y noticias","url":"https:\/\/eldigitaldeasturias.com\/radio\/","telephone":"+34652131393","logo":{"@type":"ImageObject","url":"https:\/\/www.eldigitaldeasturias.com\/radio\/wp-content\/uploads\/2021\/03\/EDA.jpg","@id":"https:\/\/eldigitaldeasturias.com\/radio\/rinofallas-encuentro-de-actualizacion-en-rinoplastia-en-valencia\/#organizationLogo"},"image":{"@id":"https:\/\/eldigitaldeasturias.com\/radio\/rinofallas-encuentro-de-actualizacion-en-rinoplastia-en-valencia\/#organizationLogo"},"sameAs":["https:\/\/www.facebook.com\/","https:\/\/x.com\/bercodi","https:\/\/www.instagram.com\/","https:\/\/www.youtube.com\/channel\/UCZP-2wLEB9Rv6erhFmqVnvg"]},{"@type":"Person","@id":"https:\/\/eldigitaldeasturias.com\/radio\/author\/nbasturias\/#author","url":"https:\/\/eldigitaldeasturias.com\/radio\/author\/nbasturias\/","name":"NBAsturias","image":{"@type":"ImageObject","@id":"https:\/\/eldigitaldeasturias.com\/radio\/rinofallas-encuentro-de-actualizacion-en-rinoplastia-en-valencia\/#authorImage","url":"https:\/\/secure.gravatar.com\/avatar\/df2aeffc32bcd13f8d26072ef8a91b623d677766deac7f97ca815868cd41bf5e?s=96&d=mm&r=g","width":96,"height":96,"caption":"NBAsturias"}},{"@type":"WebPage","@id":"https:\/\/eldigitaldeasturias.com\/radio\/rinofallas-encuentro-de-actualizacion-en-rinoplastia-en-valencia\/#webpage","url":"https:\/\/eldigitaldeasturias.com\/radio\/rinofallas-encuentro-de-actualizacion-en-rinoplastia-en-valencia\/","name":"Rinofallas: Encuentro de Actualizaci\u00f3n en Rinoplastia en Valencia | El Digital de Asturias","description":"Rinofallas es una jornada quir\u00fargica y te\u00f3rica dise\u00f1ada para la actualizaci\u00f3n de especialistas en rinoplastia, una disciplina que combina la funcionalidad","inLanguage":"es-ES","isPartOf":{"@id":"https:\/\/eldigitaldeasturias.com\/radio\/#website"},"breadcrumb":{"@id":"https:\/\/eldigitaldeasturias.com\/radio\/rinofallas-encuentro-de-actualizacion-en-rinoplastia-en-valencia\/#breadcrumblist"},"author":{"@id":"https:\/\/eldigitaldeasturias.com\/radio\/author\/nbasturias\/#author"},"creator":{"@id":"https:\/\/eldigitaldeasturias.com\/radio\/author\/nbasturias\/#author"},"image":{"@type":"ImageObject","url":"https:\/\/eldigitaldeasturias.com\/radio\/wp-content\/uploads\/2025\/02\/Rinofallas-jornada-quirurgica.jpg","@id":"https:\/\/eldigitaldeasturias.com\/radio\/rinofallas-encuentro-de-actualizacion-en-rinoplastia-en-valencia\/#mainImage","width":703,"height":677,"caption":"Rinofallas jornada quir\u00fargica"},"primaryImageOfPage":{"@id":"https:\/\/eldigitaldeasturias.com\/radio\/rinofallas-encuentro-de-actualizacion-en-rinoplastia-en-valencia\/#mainImage"},"datePublished":"2025-02-14T09:11:52+01:00","dateModified":"2025-02-14T09:11:52+01:00"},{"@type":"WebSite","@id":"https:\/\/eldigitaldeasturias.com\/radio\/#website","url":"https:\/\/eldigitaldeasturias.com\/radio\/","name":"El Digital de Asturias","description":"Diario de informaci\u00f3n y noticias","inLanguage":"es-ES","publisher":{"@id":"https:\/\/eldigitaldeasturias.com\/radio\/#organization"}}]},"og:locale":"es_ES","og:site_name":"El Digital de Asturias | Diario de informaci\u00f3n y noticias","og:type":"article","og:title":"Rinofallas: Encuentro de Actualizaci\u00f3n en Rinoplastia en Valencia | El Digital de Asturias","og:description":"Rinofallas es una jornada quir\u00fargica y te\u00f3rica dise\u00f1ada para la actualizaci\u00f3n de especialistas en rinoplastia, una disciplina que combina la funcionalidad","og:url":"https:\/\/eldigitaldeasturias.com\/radio\/rinofallas-encuentro-de-actualizacion-en-rinoplastia-en-valencia\/","og:image":"https:\/\/eldigitaldeasturias.com\/radio\/wp-content\/uploads\/2025\/02\/Rinofallas-jornada-quirurgica.jpg","og:image:secure_url":"https:\/\/eldigitaldeasturias.com\/radio\/wp-content\/uploads\/2025\/02\/Rinofallas-jornada-quirurgica.jpg","og:image:width":703,"og:image:height":677,"article:published_time":"2025-02-14T08:11:52+00:00","article:modified_time":"2025-02-14T08:11:52+00:00","twitter:card":"summary_large_image","twitter:site":"@bercodi","twitter:title":"Rinofallas: Encuentro de Actualizaci\u00f3n en Rinoplastia en Valencia | El Digital de Asturias","twitter:description":"Rinofallas es una jornada quir\u00fargica y te\u00f3rica dise\u00f1ada para la actualizaci\u00f3n de especialistas en rinoplastia, una disciplina que combina la funcionalidad","twitter:creator":"@bercodi","twitter:image":"https:\/\/eldigitaldeasturias.com\/radio\/wp-content\/uploads\/2025\/02\/Rinofallas-jornada-quirurgica.jpg"},"aioseo_meta_data":{"post_id":"9824","title":null,"description":"Rinofallas es una jornada quir\u00fargica y te\u00f3rica dise\u00f1ada para la actualizaci\u00f3n de especialistas en rinoplastia, una disciplina que combina la funcionalidad","keywords":null,"keyphrases":{"focus":{"keyphrase":"Rinofallas","score":85,"analysis":{"keyphraseInTitle":{"score":9,"maxScore":9,"error":0},"keyphraseInDescription":{"score":9,"maxScore":9,"error":0},"keyphraseLength":{"score":9,"maxScore":9,"error":0,"length":1},"keyphraseInURL":{"score":1,"maxScore":5,"error":1},"keyphraseInIntroduction":{"score":9,"maxScore":9,"error":0},"keyphraseInSubHeadings":{"score":3,"maxScore":9,"error":1},"keyphraseInImageAlt":{"score":9,"maxScore":9,"error":0},"keywordDensity":{"type":"best","score":9,"maxScore":9,"error":0}}},"additional":[{"keyphrase":"Rinofallas","score":100,"analysis":{"keyphraseInDescription":{"score":9,"maxScore":9,"error":0},"keyphraseLength":{"score":9,"maxScore":9,"error":0,"length":1},"keyphraseInIntroduction":{"score":9,"maxScore":9,"error":0},"keyphraseInImageAlt":{"score":9,"maxScore":9,"error":0},"keywordDensity":{"type":"best","score":9,"maxScore":9,"error":0}}}]},"primary_term":null,"canonical_url":null,"og_title":null,"og_description":null,"og_object_type":"default","og_image_type":"default","og_image_url":null,"og_image_width":null,"og_image_height":null,"og_image_custom_url":null,"og_image_custom_fields":null,"og_video":"","og_custom_url":null,"og_article_section":null,"og_article_tags":null,"twitter_use_og":false,"twitter_card":"default","twitter_image_type":"default","twitter_image_url":null,"twitter_image_custom_url":null,"twitter_image_custom_fields":null,"twitter_title":null,"twitter_description":null,"schema":{"blockGraphs":[],"customGraphs":[],"default":{"data":{"Article":[],"Course":[],"Dataset":[],"FAQPage":[],"Movie":[],"Person":[],"Product":[],"ProductReview":[],"Car":[],"Recipe":[],"Service":[],"SoftwareApplication":[],"WebPage":[]},"graphName":"NewsArticle","isEnabled":true},"graphs":[]},"schema_type":"default","schema_type_options":null,"pillar_content":false,"robots_default":true,"robots_noindex":false,"robots_noarchive":false,"robots_nosnippet":false,"robots_nofollow":false,"robots_noimageindex":false,"robots_noodp":false,"robots_notranslate":false,"robots_max_snippet":"-1","robots_max_videopreview":"-1","robots_max_imagepreview":"large","priority":null,"frequency":"default","location":null,"local_seo":null,"seo_analyzer_scan_date":"2025-08-28 23:39:25","breadcrumb_settings":null,"limit_modified_date":false,"open_ai":"{\"title\":{\"suggestions\":[],\"usage\":0},\"description\":{\"suggestions\":[],\"usage\":0}}","ai":null,"created":"2025-02-14 08:07:25","updated":"2025-08-28 23:39:25"},"aioseo_breadcrumb":"<div class=\"aioseo-breadcrumbs\"><span class=\"aioseo-breadcrumb\">\n\t<a href=\"https:\/\/eldigitaldeasturias.com\/radio\" title=\"Inicio\">Inicio<\/a>\n<\/span><span class=\"aioseo-breadcrumb-separator\">&ndash;<\/span><span class=\"aioseo-breadcrumb\">\n\t<a href=\"https:\/\/eldigitaldeasturias.com\/radio\/category\/live\/\" title=\"Live\">Live<\/a>\n<\/span><span class=\"aioseo-breadcrumb-separator\">&ndash;<\/span><span class=\"aioseo-breadcrumb\">\n\tRinofallas: Encuentro de Actualizaci\u00f3n en Rinoplastia en Valencia\n<\/span><\/div>","aioseo_breadcrumb_json":[{"label":"Inicio","link":"https:\/\/eldigitaldeasturias.com\/radio"},{"label":"Live","link":"https:\/\/eldigitaldeasturias.com\/radio\/category\/live\/"},{"label":"Rinofallas: Encuentro de Actualizaci\u00f3n en Rinoplastia en Valencia","link":"https:\/\/eldigitaldeasturias.com\/radio\/rinofallas-encuentro-de-actualizacion-en-rinoplastia-en-valencia\/"}],"_links":{"self":[{"href":"https:\/\/eldigitaldeasturias.com\/radio\/wp-json\/wp\/v2\/posts\/9824","targetHints":{"allow":["GET"]}}],"collection":[{"href":"https:\/\/eldigitaldeasturias.com\/radio\/wp-json\/wp\/v2\/posts"}],"about":[{"href":"https:\/\/eldigitaldeasturias.com\/radio\/wp-json\/wp\/v2\/types\/post"}],"author":[{"embeddable":true,"href":"https:\/\/eldigitaldeasturias.com\/radio\/wp-json\/wp\/v2\/users\/1"}],"replies":[{"embeddable":true,"href":"https:\/\/eldigitaldeasturias.com\/radio\/wp-json\/wp\/v2\/comments?post=9824"}],"version-history":[{"count":0,"href":"https:\/\/eldigitaldeasturias.com\/radio\/wp-json\/wp\/v2\/posts\/9824\/revisions"}],"wp:featuredmedia":[{"embeddable":true,"href":"https:\/\/eldigitaldeasturias.com\/radio\/wp-json\/wp\/v2\/media\/9825"}],"wp:attachment":[{"href":"https:\/\/eldigitaldeasturias.com\/radio\/wp-json\/wp\/v2\/media?parent=9824"}],"wp:term":[{"taxonomy":"category","embeddable":true,"href":"https:\/\/eldigitaldeasturias.com\/radio\/wp-json\/wp\/v2\/categories?post=9824"},{"taxonomy":"post_tag","embeddable":true,"href":"https:\/\/eldigitaldeasturias.com\/radio\/wp-json\/wp\/v2\/tags?post=9824"}],"curies":[{"name":"wp","href":"https:\/\/api.w.org\/{rel}","templated":true}]}}