{"id":9796,"date":"2025-02-07T14:58:05","date_gmt":"2025-02-07T13:58:05","guid":{"rendered":"https:\/\/eldigitaldeasturias.com\/radio\/?p=9796"},"modified":"2025-02-07T15:00:01","modified_gmt":"2025-02-07T14:00:01","slug":"celeste-perez-se-establece-como-la-mejor-abogada-penalista-en-alicante","status":"publish","type":"post","link":"https:\/\/eldigitaldeasturias.com\/radio\/celeste-perez-se-establece-como-la-mejor-abogada-penalista-en-alicante\/","title":{"rendered":"Celeste P\u00e9rez se establece como la mejor abogada penalista en Alicante"},"content":{"rendered":"<p><i><span style=\"font-weight: 400;\">El derecho penal representa una de las \u00e1reas m\u00e1s complejas dentro del \u00e1mbito jur\u00eddico, ya que engloba todos aquellos episodios considerados como delitos y que, como tal, ponen sobre la mesa penas de prisi\u00f3n. Ante tal realidad, tanto si se es v\u00edctima de un caso de estas caracter\u00edsticas como si se recibe una acusaci\u00f3n, es fundamental rodearse del mejor equipo de abogados especializado. Momento en el que el despacho de Celeste P\u00e9rez tiene mucho que decir, ya establecido como el m\u00e1s reconocido en Alicante. Veamos en detalle cu\u00e1l ha sido su trayectoria profesional y qu\u00e9 servicios ofrece a sus clientes.<\/span><\/i><span style=\"font-weight: 400;\">\u00a0<\/span><\/p>\n<p><img fetchpriority=\"high\" decoding=\"async\" class=\"aligncenter size-large wp-image-9797\" src=\"https:\/\/eldigitaldeasturias.com\/radio\/wp-content\/uploads\/2025\/02\/abogada-derecho-penal-650x396.jpg\" alt=\"abogada derecho penal\" width=\"650\" height=\"396\" srcset=\"https:\/\/eldigitaldeasturias.com\/radio\/wp-content\/uploads\/2025\/02\/abogada-derecho-penal-650x396.jpg 650w, https:\/\/eldigitaldeasturias.com\/radio\/wp-content\/uploads\/2025\/02\/abogada-derecho-penal-360x219.jpg 360w, https:\/\/eldigitaldeasturias.com\/radio\/wp-content\/uploads\/2025\/02\/abogada-derecho-penal-768x468.jpg 768w, https:\/\/eldigitaldeasturias.com\/radio\/wp-content\/uploads\/2025\/02\/abogada-derecho-penal-150x91.jpg 150w, https:\/\/eldigitaldeasturias.com\/radio\/wp-content\/uploads\/2025\/02\/abogada-derecho-penal-450x274.jpg 450w, https:\/\/eldigitaldeasturias.com\/radio\/wp-content\/uploads\/2025\/02\/abogada-derecho-penal.jpg 829w\" sizes=\"(max-width: 650px) 100vw, 650px\" \/><\/p>\n<h2><span style=\"font-weight: 400;\">Una trayectoria profesional intachable<\/span><\/h2>\n<p><span style=\"font-weight: 400;\">Celeste P\u00e9rez no ha llegado a convertirse en la <\/span><span style=\"color: #ff6600;\"><strong><a style=\"color: #ff6600;\" title=\"mejor abogada penalista en alicante\" href=\"https:\/\/abogadospenalistasalicante.com\" target=\"_blank\" rel=\"noopener\">mejor abogada penalista en alicante<\/a><\/strong><\/span><span style=\"font-weight: 400;\"> de la noche a la ma\u00f1ana. Todo lo contrario: el camino ha sido largo y ha tenido que dar lo mejor de s\u00ed misma en cada caso, velando por la integridad de sus clientes. Un trabajo que realiza sabiendo lo mucho que hay en juego y la enorme responsabilidad que tiene en sus manos, buscando siempre la justicia.<\/span><\/p>\n<p><span style=\"font-weight: 400;\">Durante <\/span><b>sus m\u00e1s de 20 a\u00f1os de experiencia en el derecho penal, Celeste P\u00e9rez ha llevado a cabo m\u00e1s de 800 asistencias al detenido<\/b><span style=\"font-weight: 400;\">, quienes se encuentran en uno de los momentos m\u00e1s delicados de su vida. En estas dos d\u00e9cadas, las cifras representan su mayor virtud, habiendo obtenido nada menos que un 90% de absoluciones de los cargos imputados. Asimismo, <\/span><b>ha brindado m\u00e1s de 1.200 asesoramientos en la estrategia penal<\/b><span style=\"font-weight: 400;\">, demostrando su claro dominio sobre esta rama del derecho. Una serie de \u00e9xitos que le ha llevado a establecerse como todo un referente del sector en Alicante.<\/span><\/p>\n<p><span style=\"font-weight: 400;\">Al contratar sus servicios, sabr\u00e1s que est\u00e1s en las manos mejor cualificadas para plantar cara a una falsa acusaci\u00f3n o a quien te haya provocado alg\u00fan tipo de perjuicio dentro del marco penal. Sea como sea, Celeste P\u00e9rez <\/span><b>recibe a cada cliente como una persona independiente, manteniendo la m\u00e1s estricta confidencialidad y respeto por la privacidad<\/b><span style=\"font-weight: 400;\">. Todo ello buscando la m\u00e1xima agilidad y eficiencia, evitando que los tiempos se dilaten m\u00e1s de la cuenta en un sistema judicial ya saturado de por s\u00ed.<\/span><span style=\"font-weight: 400;\">\u00a0<\/span><\/p>\n<h2><span style=\"font-weight: 400;\">Servicios penalistas de Celeste P\u00e9rez<\/span><\/h2>\n<p><span style=\"font-weight: 400;\">Para entender <\/span><b>el importante papel que desempe\u00f1a Celeste P\u00e9rez como abogada penalista en Alicante<\/b><span style=\"font-weight: 400;\">, conviene hacerse eco de los diferentes servicios que pone al alcance de la ciudadan\u00eda. Porque, m\u00e1s all\u00e1 de la ya mencionada asistencia al detenido, esta abogada aborda otras tantas cuestiones clave que pueden marcar la diferencia de cara al resultado de la sentencia. Veamos cu\u00e1les son en detalle:<\/span><\/p>\n<ul>\n<li style=\"font-weight: 400;\" aria-level=\"1\"><b>Delitos contra las personas.<\/b><span style=\"font-weight: 400;\"> Los homicidios, lesiones y abusos sexuales son acusaciones de extrema gravedad. Bien se sea v\u00edctima o se sufra una acusaci\u00f3n falsa, Celeste P\u00e9rez re\u00fane todas las pruebas pertinentes, incluyendo las m\u00e9dicas, testimoniales y psicol\u00f3gicas hasta alcanzar la justicia.<\/span><\/li>\n<li style=\"font-weight: 400;\" aria-level=\"1\"><b>Delitos contra el patrimonio.<\/b><span style=\"font-weight: 400;\"> El robo, el hurto, la estafa o, en plena era digital, los delitos inform\u00e1ticos est\u00e1n a la orden del d\u00eda. Mediante una s\u00f3lida estrategia se protegen los derechos de las v\u00edctimas en aras de que el impacto financiero en su vida se subsane.<\/span><\/li>\n<li style=\"font-weight: 400;\" aria-level=\"1\"><b>Delitos contra la seguridad y el orden p\u00fablico. <\/b><span style=\"font-weight: 400;\">La conducci\u00f3n bajo los efectos del alcohol o las drogas son temeridades que, por desgracia, muchas personas cometen. Sin embargo, el castigo puede mermar en gran medida si interviene una buena abogada; reduciendo la trascendencia de este error.<\/span><\/li>\n<li style=\"font-weight: 400;\" aria-level=\"1\"><b>Antecedentes penales.<\/b><span style=\"font-weight: 400;\"> Quienes tienen antecedentes penales o policiales pueden recurrir a Celeste P\u00e9rez para cancelarlos; limpiando as\u00ed el historial una vez la condena se haya cumplido.<\/span><\/li>\n<li style=\"font-weight: 400;\" aria-level=\"1\"><b>Derecho penitenciario.<\/b><span style=\"font-weight: 400;\"> Los servicios de asistencia a personas en prisi\u00f3n bajo el amparo del derecho penitenciario son fundamentales para recurrir sanciones u obtener el tercer grado. La vida en la c\u00e1rcel es muy dura y esta abogada vela por los derechos de quienes fueron condenados en su pasado.<\/span><\/li>\n<\/ul>\n<p><span style=\"font-weight: 400;\">As\u00ed pues, <\/span><b>Celeste P\u00e9rez aborda un amplio volumen de temas legales que, por su propia naturaleza, resultan de lo m\u00e1s delicados<\/b><span style=\"font-weight: 400;\">. Una profesional que se ha ganado a pulso su rigor en el \u00e1mbito penal y que abre las puertas de <\/span><span style=\"font-weight: 400;\">su despacho<\/span><span style=\"font-weight: 400;\"> a quien lo necesita.\u00a0<\/span><\/p>\n","protected":false},"excerpt":{"rendered":"<p>El derecho penal representa una de las \u00e1reas m\u00e1s complejas dentro del \u00e1mbito jur\u00eddico, ya que engloba todos aquellos episodios considerados como delitos y que, como tal, ponen sobre la mesa penas de prisi\u00f3n. Ante tal realidad, tanto si se es v\u00edctima de un caso de estas caracter\u00edsticas como si se recibe una acusaci\u00f3n, es<\/p>\n","protected":false},"author":1,"featured_media":9797,"comment_status":"closed","ping_status":"closed","sticky":false,"template":"","format":"standard","meta":{"footnotes":""},"categories":[38],"tags":[45],"class_list":{"0":"post-9796","1":"post","2":"type-post","3":"status-publish","4":"format-standard","5":"has-post-thumbnail","7":"category-live","8":"tag-sociedad"},"aioseo_notices":[],"aioseo_head":"\n\t\t<!-- All in One SEO Pro 4.9.6.2 - aioseo.com -->\n\t<meta name=\"description\" content=\"El derecho penal representa una de las \u00e1reas m\u00e1s complejas dentro del \u00e1mbito jur\u00eddico, ya que engloba todos aquellos episodios considerados como delitos y que\" \/>\n\t<meta name=\"robots\" content=\"max-image-preview:large\" \/>\n\t<meta name=\"author\" content=\"NBAsturias\"\/>\n\t<meta name=\"google-site-verification\" content=\"UA-38556648-1\" \/>\n\t<meta name=\"keywords\" content=\"live\" \/>\n\t<link rel=\"canonical\" href=\"https:\/\/eldigitaldeasturias.com\/radio\/celeste-perez-se-establece-como-la-mejor-abogada-penalista-en-alicante\/\" \/>\n\t<meta name=\"generator\" content=\"All in One SEO Pro (AIOSEO) 4.9.6.2\" \/>\n\t\t<meta property=\"og:locale\" content=\"es_ES\" \/>\n\t\t<meta property=\"og:site_name\" content=\"El Digital de Asturias | Diario de informaci\u00f3n y noticias\" \/>\n\t\t<meta property=\"og:type\" content=\"article\" \/>\n\t\t<meta property=\"og:title\" content=\"Celeste P\u00e9rez se establece como la mejor abogada penalista en Alicante | El Digital de Asturias\" \/>\n\t\t<meta property=\"og:description\" content=\"El derecho penal representa una de las \u00e1reas m\u00e1s complejas dentro del \u00e1mbito jur\u00eddico, ya que engloba todos aquellos episodios considerados como delitos y que\" \/>\n\t\t<meta property=\"og:url\" content=\"https:\/\/eldigitaldeasturias.com\/radio\/celeste-perez-se-establece-como-la-mejor-abogada-penalista-en-alicante\/\" \/>\n\t\t<meta property=\"og:image\" content=\"https:\/\/eldigitaldeasturias.com\/radio\/wp-content\/uploads\/2025\/02\/abogada-derecho-penal.jpg\" \/>\n\t\t<meta property=\"og:image:secure_url\" content=\"https:\/\/eldigitaldeasturias.com\/radio\/wp-content\/uploads\/2025\/02\/abogada-derecho-penal.jpg\" \/>\n\t\t<meta property=\"og:image:width\" content=\"829\" \/>\n\t\t<meta property=\"og:image:height\" content=\"505\" \/>\n\t\t<meta property=\"article:published_time\" content=\"2025-02-07T13:58:05+00:00\" \/>\n\t\t<meta property=\"article:modified_time\" content=\"2025-02-07T14:00:01+00:00\" \/>\n\t\t<meta name=\"twitter:card\" content=\"summary_large_image\" \/>\n\t\t<meta name=\"twitter:site\" content=\"@bercodi\" \/>\n\t\t<meta name=\"twitter:title\" content=\"Celeste P\u00e9rez se establece como la mejor abogada penalista en Alicante | El Digital de Asturias\" \/>\n\t\t<meta name=\"twitter:description\" content=\"El derecho penal representa una de las \u00e1reas m\u00e1s complejas dentro del \u00e1mbito jur\u00eddico, ya que engloba todos aquellos episodios considerados como delitos y que\" \/>\n\t\t<meta name=\"twitter:creator\" content=\"@bercodi\" \/>\n\t\t<meta name=\"twitter:image\" content=\"https:\/\/eldigitaldeasturias.com\/radio\/wp-content\/uploads\/2025\/02\/abogada-derecho-penal.jpg\" \/>\n\t\t<script type=\"application\/ld+json\" class=\"aioseo-schema\">\n\t\t\t{\"@context\":\"https:\\\/\\\/schema.org\",\"@graph\":[{\"@type\":\"BreadcrumbList\",\"@id\":\"https:\\\/\\\/eldigitaldeasturias.com\\\/radio\\\/celeste-perez-se-establece-como-la-mejor-abogada-penalista-en-alicante\\\/#breadcrumblist\",\"itemListElement\":[{\"@type\":\"ListItem\",\"@id\":\"https:\\\/\\\/eldigitaldeasturias.com\\\/radio#listItem\",\"position\":1,\"name\":\"Inicio\",\"item\":\"https:\\\/\\\/eldigitaldeasturias.com\\\/radio\",\"nextItem\":{\"@type\":\"ListItem\",\"@id\":\"https:\\\/\\\/eldigitaldeasturias.com\\\/radio\\\/category\\\/live\\\/#listItem\",\"name\":\"Live\"}},{\"@type\":\"ListItem\",\"@id\":\"https:\\\/\\\/eldigitaldeasturias.com\\\/radio\\\/category\\\/live\\\/#listItem\",\"position\":2,\"name\":\"Live\",\"item\":\"https:\\\/\\\/eldigitaldeasturias.com\\\/radio\\\/category\\\/live\\\/\",\"nextItem\":{\"@type\":\"ListItem\",\"@id\":\"https:\\\/\\\/eldigitaldeasturias.com\\\/radio\\\/celeste-perez-se-establece-como-la-mejor-abogada-penalista-en-alicante\\\/#listItem\",\"name\":\"Celeste P\\u00e9rez se establece como la mejor abogada penalista en Alicante\"},\"previousItem\":{\"@type\":\"ListItem\",\"@id\":\"https:\\\/\\\/eldigitaldeasturias.com\\\/radio#listItem\",\"name\":\"Inicio\"}},{\"@type\":\"ListItem\",\"@id\":\"https:\\\/\\\/eldigitaldeasturias.com\\\/radio\\\/celeste-perez-se-establece-como-la-mejor-abogada-penalista-en-alicante\\\/#listItem\",\"position\":3,\"name\":\"Celeste P\\u00e9rez se establece como la mejor abogada penalista en Alicante\",\"previousItem\":{\"@type\":\"ListItem\",\"@id\":\"https:\\\/\\\/eldigitaldeasturias.com\\\/radio\\\/category\\\/live\\\/#listItem\",\"name\":\"Live\"}}]},{\"@type\":\"NewsArticle\",\"@id\":\"https:\\\/\\\/eldigitaldeasturias.com\\\/radio\\\/celeste-perez-se-establece-como-la-mejor-abogada-penalista-en-alicante\\\/#newsarticle\",\"name\":\"Celeste P\\u00e9rez se establece como la mejor abogada penalista en Alicante | El Digital de Asturias\",\"headline\":\"Celeste P\\u00e9rez se establece como la mejor abogada penalista en Alicante\",\"author\":{\"@id\":\"https:\\\/\\\/eldigitaldeasturias.com\\\/radio\\\/author\\\/nbasturias\\\/#author\"},\"publisher\":{\"@id\":\"https:\\\/\\\/eldigitaldeasturias.com\\\/radio\\\/#organization\"},\"image\":{\"@type\":\"ImageObject\",\"url\":\"https:\\\/\\\/eldigitaldeasturias.com\\\/radio\\\/wp-content\\\/uploads\\\/2025\\\/02\\\/abogada-derecho-penal.jpg\",\"width\":829,\"height\":505,\"caption\":\"abogada derecho penal\"},\"datePublished\":\"2025-02-07T14:58:05+01:00\",\"dateModified\":\"2025-02-07T15:00:01+01:00\",\"inLanguage\":\"es-ES\",\"mainEntityOfPage\":{\"@id\":\"https:\\\/\\\/eldigitaldeasturias.com\\\/radio\\\/celeste-perez-se-establece-como-la-mejor-abogada-penalista-en-alicante\\\/#webpage\"},\"isPartOf\":{\"@id\":\"https:\\\/\\\/eldigitaldeasturias.com\\\/radio\\\/celeste-perez-se-establece-como-la-mejor-abogada-penalista-en-alicante\\\/#webpage\"},\"articleSection\":\"Live, Sociedad\",\"dateline\":\"Publicado el febrero 7, 2025.\"},{\"@type\":\"Organization\",\"@id\":\"https:\\\/\\\/eldigitaldeasturias.com\\\/radio\\\/#organization\",\"name\":\"El digital de Asturias Radio\",\"description\":\"Diario de informaci\\u00f3n y noticias\",\"url\":\"https:\\\/\\\/eldigitaldeasturias.com\\\/radio\\\/\",\"telephone\":\"+34652131393\",\"logo\":{\"@type\":\"ImageObject\",\"url\":\"https:\\\/\\\/www.eldigitaldeasturias.com\\\/radio\\\/wp-content\\\/uploads\\\/2021\\\/03\\\/EDA.jpg\",\"@id\":\"https:\\\/\\\/eldigitaldeasturias.com\\\/radio\\\/celeste-perez-se-establece-como-la-mejor-abogada-penalista-en-alicante\\\/#organizationLogo\"},\"image\":{\"@id\":\"https:\\\/\\\/eldigitaldeasturias.com\\\/radio\\\/celeste-perez-se-establece-como-la-mejor-abogada-penalista-en-alicante\\\/#organizationLogo\"},\"sameAs\":[\"https:\\\/\\\/www.facebook.com\\\/\",\"https:\\\/\\\/x.com\\\/bercodi\",\"https:\\\/\\\/www.instagram.com\\\/\",\"https:\\\/\\\/www.youtube.com\\\/channel\\\/UCZP-2wLEB9Rv6erhFmqVnvg\"]},{\"@type\":\"Person\",\"@id\":\"https:\\\/\\\/eldigitaldeasturias.com\\\/radio\\\/author\\\/nbasturias\\\/#author\",\"url\":\"https:\\\/\\\/eldigitaldeasturias.com\\\/radio\\\/author\\\/nbasturias\\\/\",\"name\":\"NBAsturias\",\"image\":{\"@type\":\"ImageObject\",\"@id\":\"https:\\\/\\\/eldigitaldeasturias.com\\\/radio\\\/celeste-perez-se-establece-como-la-mejor-abogada-penalista-en-alicante\\\/#authorImage\",\"url\":\"https:\\\/\\\/secure.gravatar.com\\\/avatar\\\/df2aeffc32bcd13f8d26072ef8a91b623d677766deac7f97ca815868cd41bf5e?s=96&d=mm&r=g\",\"width\":96,\"height\":96,\"caption\":\"NBAsturias\"}},{\"@type\":\"WebPage\",\"@id\":\"https:\\\/\\\/eldigitaldeasturias.com\\\/radio\\\/celeste-perez-se-establece-como-la-mejor-abogada-penalista-en-alicante\\\/#webpage\",\"url\":\"https:\\\/\\\/eldigitaldeasturias.com\\\/radio\\\/celeste-perez-se-establece-como-la-mejor-abogada-penalista-en-alicante\\\/\",\"name\":\"Celeste P\\u00e9rez se establece como la mejor abogada penalista en Alicante | El Digital de Asturias\",\"description\":\"El derecho penal representa una de las \\u00e1reas m\\u00e1s complejas dentro del \\u00e1mbito jur\\u00eddico, ya que engloba todos aquellos episodios considerados como delitos y que\",\"inLanguage\":\"es-ES\",\"isPartOf\":{\"@id\":\"https:\\\/\\\/eldigitaldeasturias.com\\\/radio\\\/#website\"},\"breadcrumb\":{\"@id\":\"https:\\\/\\\/eldigitaldeasturias.com\\\/radio\\\/celeste-perez-se-establece-como-la-mejor-abogada-penalista-en-alicante\\\/#breadcrumblist\"},\"author\":{\"@id\":\"https:\\\/\\\/eldigitaldeasturias.com\\\/radio\\\/author\\\/nbasturias\\\/#author\"},\"creator\":{\"@id\":\"https:\\\/\\\/eldigitaldeasturias.com\\\/radio\\\/author\\\/nbasturias\\\/#author\"},\"image\":{\"@type\":\"ImageObject\",\"url\":\"https:\\\/\\\/eldigitaldeasturias.com\\\/radio\\\/wp-content\\\/uploads\\\/2025\\\/02\\\/abogada-derecho-penal.jpg\",\"@id\":\"https:\\\/\\\/eldigitaldeasturias.com\\\/radio\\\/celeste-perez-se-establece-como-la-mejor-abogada-penalista-en-alicante\\\/#mainImage\",\"width\":829,\"height\":505,\"caption\":\"abogada derecho penal\"},\"primaryImageOfPage\":{\"@id\":\"https:\\\/\\\/eldigitaldeasturias.com\\\/radio\\\/celeste-perez-se-establece-como-la-mejor-abogada-penalista-en-alicante\\\/#mainImage\"},\"datePublished\":\"2025-02-07T14:58:05+01:00\",\"dateModified\":\"2025-02-07T15:00:01+01:00\"},{\"@type\":\"WebSite\",\"@id\":\"https:\\\/\\\/eldigitaldeasturias.com\\\/radio\\\/#website\",\"url\":\"https:\\\/\\\/eldigitaldeasturias.com\\\/radio\\\/\",\"name\":\"El Digital de Asturias\",\"description\":\"Diario de informaci\\u00f3n y noticias\",\"inLanguage\":\"es-ES\",\"publisher\":{\"@id\":\"https:\\\/\\\/eldigitaldeasturias.com\\\/radio\\\/#organization\"}}]}\n\t\t<\/script>\n\t\t<!-- All in One SEO Pro -->\r\n\t\t<title>Celeste P\u00e9rez se establece como la mejor abogada penalista en Alicante | El Digital de Asturias<\/title>\n\n","aioseo_head_json":{"title":"Celeste P\u00e9rez se establece como la mejor abogada penalista en Alicante | El Digital de Asturias","description":"El derecho penal representa una de las \u00e1reas m\u00e1s complejas dentro del \u00e1mbito jur\u00eddico, ya que engloba todos aquellos episodios considerados como delitos y que","canonical_url":"https:\/\/eldigitaldeasturias.com\/radio\/celeste-perez-se-establece-como-la-mejor-abogada-penalista-en-alicante\/","robots":"max-image-preview:large","keywords":"live","webmasterTools":{"google-site-verification":"UA-38556648-1","miscellaneous":""},"schema":{"@context":"https:\/\/schema.org","@graph":[{"@type":"BreadcrumbList","@id":"https:\/\/eldigitaldeasturias.com\/radio\/celeste-perez-se-establece-como-la-mejor-abogada-penalista-en-alicante\/#breadcrumblist","itemListElement":[{"@type":"ListItem","@id":"https:\/\/eldigitaldeasturias.com\/radio#listItem","position":1,"name":"Inicio","item":"https:\/\/eldigitaldeasturias.com\/radio","nextItem":{"@type":"ListItem","@id":"https:\/\/eldigitaldeasturias.com\/radio\/category\/live\/#listItem","name":"Live"}},{"@type":"ListItem","@id":"https:\/\/eldigitaldeasturias.com\/radio\/category\/live\/#listItem","position":2,"name":"Live","item":"https:\/\/eldigitaldeasturias.com\/radio\/category\/live\/","nextItem":{"@type":"ListItem","@id":"https:\/\/eldigitaldeasturias.com\/radio\/celeste-perez-se-establece-como-la-mejor-abogada-penalista-en-alicante\/#listItem","name":"Celeste P\u00e9rez se establece como la mejor abogada penalista en Alicante"},"previousItem":{"@type":"ListItem","@id":"https:\/\/eldigitaldeasturias.com\/radio#listItem","name":"Inicio"}},{"@type":"ListItem","@id":"https:\/\/eldigitaldeasturias.com\/radio\/celeste-perez-se-establece-como-la-mejor-abogada-penalista-en-alicante\/#listItem","position":3,"name":"Celeste P\u00e9rez se establece como la mejor abogada penalista en Alicante","previousItem":{"@type":"ListItem","@id":"https:\/\/eldigitaldeasturias.com\/radio\/category\/live\/#listItem","name":"Live"}}]},{"@type":"NewsArticle","@id":"https:\/\/eldigitaldeasturias.com\/radio\/celeste-perez-se-establece-como-la-mejor-abogada-penalista-en-alicante\/#newsarticle","name":"Celeste P\u00e9rez se establece como la mejor abogada penalista en Alicante | El Digital de Asturias","headline":"Celeste P\u00e9rez se establece como la mejor abogada penalista en Alicante","author":{"@id":"https:\/\/eldigitaldeasturias.com\/radio\/author\/nbasturias\/#author"},"publisher":{"@id":"https:\/\/eldigitaldeasturias.com\/radio\/#organization"},"image":{"@type":"ImageObject","url":"https:\/\/eldigitaldeasturias.com\/radio\/wp-content\/uploads\/2025\/02\/abogada-derecho-penal.jpg","width":829,"height":505,"caption":"abogada derecho penal"},"datePublished":"2025-02-07T14:58:05+01:00","dateModified":"2025-02-07T15:00:01+01:00","inLanguage":"es-ES","mainEntityOfPage":{"@id":"https:\/\/eldigitaldeasturias.com\/radio\/celeste-perez-se-establece-como-la-mejor-abogada-penalista-en-alicante\/#webpage"},"isPartOf":{"@id":"https:\/\/eldigitaldeasturias.com\/radio\/celeste-perez-se-establece-como-la-mejor-abogada-penalista-en-alicante\/#webpage"},"articleSection":"Live, Sociedad","dateline":"Publicado el febrero 7, 2025."},{"@type":"Organization","@id":"https:\/\/eldigitaldeasturias.com\/radio\/#organization","name":"El digital de Asturias Radio","description":"Diario de informaci\u00f3n y noticias","url":"https:\/\/eldigitaldeasturias.com\/radio\/","telephone":"+34652131393","logo":{"@type":"ImageObject","url":"https:\/\/www.eldigitaldeasturias.com\/radio\/wp-content\/uploads\/2021\/03\/EDA.jpg","@id":"https:\/\/eldigitaldeasturias.com\/radio\/celeste-perez-se-establece-como-la-mejor-abogada-penalista-en-alicante\/#organizationLogo"},"image":{"@id":"https:\/\/eldigitaldeasturias.com\/radio\/celeste-perez-se-establece-como-la-mejor-abogada-penalista-en-alicante\/#organizationLogo"},"sameAs":["https:\/\/www.facebook.com\/","https:\/\/x.com\/bercodi","https:\/\/www.instagram.com\/","https:\/\/www.youtube.com\/channel\/UCZP-2wLEB9Rv6erhFmqVnvg"]},{"@type":"Person","@id":"https:\/\/eldigitaldeasturias.com\/radio\/author\/nbasturias\/#author","url":"https:\/\/eldigitaldeasturias.com\/radio\/author\/nbasturias\/","name":"NBAsturias","image":{"@type":"ImageObject","@id":"https:\/\/eldigitaldeasturias.com\/radio\/celeste-perez-se-establece-como-la-mejor-abogada-penalista-en-alicante\/#authorImage","url":"https:\/\/secure.gravatar.com\/avatar\/df2aeffc32bcd13f8d26072ef8a91b623d677766deac7f97ca815868cd41bf5e?s=96&d=mm&r=g","width":96,"height":96,"caption":"NBAsturias"}},{"@type":"WebPage","@id":"https:\/\/eldigitaldeasturias.com\/radio\/celeste-perez-se-establece-como-la-mejor-abogada-penalista-en-alicante\/#webpage","url":"https:\/\/eldigitaldeasturias.com\/radio\/celeste-perez-se-establece-como-la-mejor-abogada-penalista-en-alicante\/","name":"Celeste P\u00e9rez se establece como la mejor abogada penalista en Alicante | El Digital de Asturias","description":"El derecho penal representa una de las \u00e1reas m\u00e1s complejas dentro del \u00e1mbito jur\u00eddico, ya que engloba todos aquellos episodios considerados como delitos y que","inLanguage":"es-ES","isPartOf":{"@id":"https:\/\/eldigitaldeasturias.com\/radio\/#website"},"breadcrumb":{"@id":"https:\/\/eldigitaldeasturias.com\/radio\/celeste-perez-se-establece-como-la-mejor-abogada-penalista-en-alicante\/#breadcrumblist"},"author":{"@id":"https:\/\/eldigitaldeasturias.com\/radio\/author\/nbasturias\/#author"},"creator":{"@id":"https:\/\/eldigitaldeasturias.com\/radio\/author\/nbasturias\/#author"},"image":{"@type":"ImageObject","url":"https:\/\/eldigitaldeasturias.com\/radio\/wp-content\/uploads\/2025\/02\/abogada-derecho-penal.jpg","@id":"https:\/\/eldigitaldeasturias.com\/radio\/celeste-perez-se-establece-como-la-mejor-abogada-penalista-en-alicante\/#mainImage","width":829,"height":505,"caption":"abogada derecho penal"},"primaryImageOfPage":{"@id":"https:\/\/eldigitaldeasturias.com\/radio\/celeste-perez-se-establece-como-la-mejor-abogada-penalista-en-alicante\/#mainImage"},"datePublished":"2025-02-07T14:58:05+01:00","dateModified":"2025-02-07T15:00:01+01:00"},{"@type":"WebSite","@id":"https:\/\/eldigitaldeasturias.com\/radio\/#website","url":"https:\/\/eldigitaldeasturias.com\/radio\/","name":"El Digital de Asturias","description":"Diario de informaci\u00f3n y noticias","inLanguage":"es-ES","publisher":{"@id":"https:\/\/eldigitaldeasturias.com\/radio\/#organization"}}]},"og:locale":"es_ES","og:site_name":"El Digital de Asturias | Diario de informaci\u00f3n y noticias","og:type":"article","og:title":"Celeste P\u00e9rez se establece como la mejor abogada penalista en Alicante | El Digital de Asturias","og:description":"El derecho penal representa una de las \u00e1reas m\u00e1s complejas dentro del \u00e1mbito jur\u00eddico, ya que engloba todos aquellos episodios considerados como delitos y que","og:url":"https:\/\/eldigitaldeasturias.com\/radio\/celeste-perez-se-establece-como-la-mejor-abogada-penalista-en-alicante\/","og:image":"https:\/\/eldigitaldeasturias.com\/radio\/wp-content\/uploads\/2025\/02\/abogada-derecho-penal.jpg","og:image:secure_url":"https:\/\/eldigitaldeasturias.com\/radio\/wp-content\/uploads\/2025\/02\/abogada-derecho-penal.jpg","og:image:width":829,"og:image:height":505,"article:published_time":"2025-02-07T13:58:05+00:00","article:modified_time":"2025-02-07T14:00:01+00:00","twitter:card":"summary_large_image","twitter:site":"@bercodi","twitter:title":"Celeste P\u00e9rez se establece como la mejor abogada penalista en Alicante | El Digital de Asturias","twitter:description":"El derecho penal representa una de las \u00e1reas m\u00e1s complejas dentro del \u00e1mbito jur\u00eddico, ya que engloba todos aquellos episodios considerados como delitos y que","twitter:creator":"@bercodi","twitter:image":"https:\/\/eldigitaldeasturias.com\/radio\/wp-content\/uploads\/2025\/02\/abogada-derecho-penal.jpg"},"aioseo_meta_data":{"post_id":"9796","title":null,"description":"El derecho penal representa una de las \u00e1reas m\u00e1s complejas dentro del \u00e1mbito jur\u00eddico, ya que engloba todos aquellos episodios considerados como delitos y que","keywords":null,"keyphrases":{"focus":{"keyphrase":"abogada","score":74,"analysis":{"keyphraseInTitle":{"score":9,"maxScore":9,"error":0},"keyphraseInDescription":{"score":3,"maxScore":9,"error":1},"keyphraseLength":{"score":9,"maxScore":9,"error":0,"length":1},"keyphraseInURL":{"score":5,"maxScore":5,"error":0},"keyphraseInIntroduction":{"score":3,"maxScore":9,"error":1},"keyphraseInSubHeadings":{"score":3,"maxScore":9,"error":1},"keyphraseInImageAlt":{"score":9,"maxScore":9,"error":0},"keywordDensity":{"type":"best","score":9,"maxScore":9,"error":0}}},"additional":[{"keyphrase":"derecho penal","score":80,"analysis":{"keyphraseInDescription":{"score":9,"maxScore":9,"error":0},"keyphraseLength":{"score":9,"maxScore":9,"error":0,"length":2},"keyphraseInIntroduction":{"score":9,"maxScore":9,"error":0},"keyphraseInImageAlt":{"score":9,"maxScore":9,"error":0},"keywordDensity":{"score":0,"type":"low","maxScore":9,"error":1}}}]},"primary_term":null,"canonical_url":null,"og_title":null,"og_description":null,"og_object_type":"default","og_image_type":"default","og_image_url":null,"og_image_width":null,"og_image_height":null,"og_image_custom_url":null,"og_image_custom_fields":null,"og_video":"","og_custom_url":null,"og_article_section":null,"og_article_tags":null,"twitter_use_og":false,"twitter_card":"default","twitter_image_type":"default","twitter_image_url":null,"twitter_image_custom_url":null,"twitter_image_custom_fields":null,"twitter_title":null,"twitter_description":null,"schema":{"blockGraphs":[],"customGraphs":[],"default":{"data":{"Article":[],"Course":[],"Dataset":[],"FAQPage":[],"Movie":[],"Person":[],"Product":[],"ProductReview":[],"Car":[],"Recipe":[],"Service":[],"SoftwareApplication":[],"WebPage":[]},"graphName":"NewsArticle","isEnabled":true},"graphs":[]},"schema_type":"default","schema_type_options":null,"pillar_content":false,"robots_default":true,"robots_noindex":false,"robots_noarchive":false,"robots_nosnippet":false,"robots_nofollow":false,"robots_noimageindex":false,"robots_noodp":false,"robots_notranslate":false,"robots_max_snippet":"-1","robots_max_videopreview":"-1","robots_max_imagepreview":"large","priority":null,"frequency":"default","location":null,"local_seo":null,"seo_analyzer_scan_date":"2025-08-28 23:36:30","breadcrumb_settings":null,"limit_modified_date":false,"open_ai":"{\"title\":{\"suggestions\":[],\"usage\":0},\"description\":{\"suggestions\":[],\"usage\":0}}","ai":null,"created":"2025-02-07 13:52:05","updated":"2025-08-28 23:36:30"},"aioseo_breadcrumb":"<div class=\"aioseo-breadcrumbs\"><span class=\"aioseo-breadcrumb\">\n\t<a href=\"https:\/\/eldigitaldeasturias.com\/radio\" title=\"Inicio\">Inicio<\/a>\n<\/span><span class=\"aioseo-breadcrumb-separator\">&ndash;<\/span><span class=\"aioseo-breadcrumb\">\n\t<a href=\"https:\/\/eldigitaldeasturias.com\/radio\/category\/live\/\" title=\"Live\">Live<\/a>\n<\/span><span class=\"aioseo-breadcrumb-separator\">&ndash;<\/span><span class=\"aioseo-breadcrumb\">\n\tCeleste P\u00e9rez se establece como la mejor abogada penalista en Alicante\n<\/span><\/div>","aioseo_breadcrumb_json":[{"label":"Inicio","link":"https:\/\/eldigitaldeasturias.com\/radio"},{"label":"Live","link":"https:\/\/eldigitaldeasturias.com\/radio\/category\/live\/"},{"label":"Celeste P\u00e9rez se establece como la mejor abogada penalista en Alicante","link":"https:\/\/eldigitaldeasturias.com\/radio\/celeste-perez-se-establece-como-la-mejor-abogada-penalista-en-alicante\/"}],"_links":{"self":[{"href":"https:\/\/eldigitaldeasturias.com\/radio\/wp-json\/wp\/v2\/posts\/9796","targetHints":{"allow":["GET"]}}],"collection":[{"href":"https:\/\/eldigitaldeasturias.com\/radio\/wp-json\/wp\/v2\/posts"}],"about":[{"href":"https:\/\/eldigitaldeasturias.com\/radio\/wp-json\/wp\/v2\/types\/post"}],"author":[{"embeddable":true,"href":"https:\/\/eldigitaldeasturias.com\/radio\/wp-json\/wp\/v2\/users\/1"}],"replies":[{"embeddable":true,"href":"https:\/\/eldigitaldeasturias.com\/radio\/wp-json\/wp\/v2\/comments?post=9796"}],"version-history":[{"count":0,"href":"https:\/\/eldigitaldeasturias.com\/radio\/wp-json\/wp\/v2\/posts\/9796\/revisions"}],"wp:featuredmedia":[{"embeddable":true,"href":"https:\/\/eldigitaldeasturias.com\/radio\/wp-json\/wp\/v2\/media\/9797"}],"wp:attachment":[{"href":"https:\/\/eldigitaldeasturias.com\/radio\/wp-json\/wp\/v2\/media?parent=9796"}],"wp:term":[{"taxonomy":"category","embeddable":true,"href":"https:\/\/eldigitaldeasturias.com\/radio\/wp-json\/wp\/v2\/categories?post=9796"},{"taxonomy":"post_tag","embeddable":true,"href":"https:\/\/eldigitaldeasturias.com\/radio\/wp-json\/wp\/v2\/tags?post=9796"}],"curies":[{"name":"wp","href":"https:\/\/api.w.org\/{rel}","templated":true}]}}