{"id":9693,"date":"2025-01-24T12:45:23","date_gmt":"2025-01-24T11:45:23","guid":{"rendered":"https:\/\/eldigitaldeasturias.com\/radio\/?p=9693"},"modified":"2025-01-24T12:45:23","modified_gmt":"2025-01-24T11:45:23","slug":"nutricion-ejercicio-y-estetica-los-tres-pilares-para-alcanzar-tu-mejor-version","status":"publish","type":"post","link":"https:\/\/eldigitaldeasturias.com\/radio\/nutricion-ejercicio-y-estetica-los-tres-pilares-para-alcanzar-tu-mejor-version\/","title":{"rendered":"Nutrici\u00f3n, ejercicio y est\u00e9tica: los tres pilares para alcanzar tu mejor versi\u00f3n"},"content":{"rendered":"<p><i><span style=\"font-weight: 400;\">Comprometerse con el cuidado personal en aras de sacar a flote nuestra mejor versi\u00f3n es una de las mejores decisiones que podemos llegar a tomar a lo largo de nuestra vida. Cambiar de h\u00e1bitos y buscar los mejores tratamientos actuales son acciones que promueven nuestro bienestar tanto f\u00edsico como emocional, permiti\u00e9ndonos disfrutar de una rutina envuelta en los mayores est\u00e1ndares de calidad de vida posibles. Con esto en mente, pasamos a valorar algunos de los servicios clave en los tres pilares de este reto por el cuidado de la salud: la nutrici\u00f3n, el ejercicio y la est\u00e9tica.<\/span><\/i><span style=\"font-weight: 400;\">\u00a0<\/span><\/p>\n<p><img fetchpriority=\"high\" decoding=\"async\" class=\"aligncenter size-large wp-image-9694\" src=\"https:\/\/eldigitaldeasturias.com\/radio\/wp-content\/uploads\/2025\/01\/mejor-version-650x423.jpg\" alt=\"mejor versi\u00f3n\" width=\"650\" height=\"423\" srcset=\"https:\/\/eldigitaldeasturias.com\/radio\/wp-content\/uploads\/2025\/01\/mejor-version-650x423.jpg 650w, https:\/\/eldigitaldeasturias.com\/radio\/wp-content\/uploads\/2025\/01\/mejor-version-360x234.jpg 360w, https:\/\/eldigitaldeasturias.com\/radio\/wp-content\/uploads\/2025\/01\/mejor-version-150x98.jpg 150w, https:\/\/eldigitaldeasturias.com\/radio\/wp-content\/uploads\/2025\/01\/mejor-version-450x293.jpg 450w, https:\/\/eldigitaldeasturias.com\/radio\/wp-content\/uploads\/2025\/01\/mejor-version.jpg 711w\" sizes=\"(max-width: 650px) 100vw, 650px\" \/><\/p>\n<h2><span style=\"font-weight: 400;\">Ponte en forma con los mejores preparadores f\u00edsicos<\/span><\/h2>\n<p><span style=\"font-weight: 400;\">Hacer ejercicio es, de por s\u00ed, una decisi\u00f3n que va a favorecer el estado de salud del que disfrutamos a diario. No obstante, no basta con practicar deporte en el d\u00eda a d\u00eda: <\/span><b>es importante que estas sesiones est\u00e9n orientadas a dar respuesta a tus objetivos concretos<\/b><span style=\"font-weight: 400;\">. Momento en el que la intervenci\u00f3n de un <\/span><span style=\"color: #ff6600;\"><strong><a style=\"color: #ff6600;\" title=\"preparador fisico online\" href=\"https:\/\/www.selectedtrainers.com\/preparador-fisico-online\/\" target=\"_blank\" rel=\"noopener\">preparador fisico online<\/a><\/strong><\/span><span style=\"font-weight: 400;\"> resulta de gran inter\u00e9s.<\/span><\/p>\n<p><span style=\"font-weight: 400;\">Hablamos de entrenadores que cuentan con todas las acreditaciones correspondientes y que se adaptan a las necesidades de cada cliente. Su meta es que t\u00fa alcances las tuyas, bien sea <\/span><b>bajar de peso, tonificar los m\u00fasculos, incentivar tu integridad cardiovascular o, entre muchos otros desaf\u00edos, recuperarte de una lesi\u00f3n<\/b><span style=\"font-weight: 400;\">.<\/span><\/p>\n<p><span style=\"font-weight: 400;\">La gran ventaja de este servicio es que ahora lo puedes contratar de forma online. <\/span><b>El<\/b> <b>entrenador tendr\u00e1 una videoconferencia contigo para entender qu\u00e9 quieres obtener del deporte y dise\u00f1ar\u00e1 un plan adaptado<\/b><span style=\"font-weight: 400;\"> tanto a tus tiempos como a tus posibilidades f\u00edsicas. Unas sesiones que se pueden hacer en casa o en gimnasios, teniendo siempre el apoyo del preparador y progresando poco a poco hasta alcanzar tu mejor versi\u00f3n.<\/span><\/p>\n<h2><span style=\"font-weight: 400;\">Cuida de tu dieta y disfruta de la mejor gastronom\u00eda<\/span><\/h2>\n<p><b>La alimentaci\u00f3n es una de las piedras angulares a la hora de ponerse en forma, as\u00ed como de incentivar la integridad del organismo<\/b><span style=\"font-weight: 400;\">. Por consiguiente, si eres de los que nunca ha cuidado la dieta y opta por comer platos precocinados de supermercado, nuestra recomendaci\u00f3n es que des un giro de 180\u00ba a tu vida. En este sentido, una de las opciones m\u00e1s gourmet es, sin duda, contratar un <\/span><strong><span style=\"color: #ff6600;\"><a style=\"color: #ff6600;\" title=\"private chef Lloret de Mar\" href=\"https:\/\/mychefathomespain.com\/private-chef-lloret-de-mar\/\" target=\"_blank\" rel=\"noopener\">private chef Lloret de Mar<\/a><\/span><\/strong><span style=\"font-weight: 400;\">.<\/span><\/p>\n<p><span style=\"font-weight: 400;\">Tener un cocinero privado supone una experiencia de lo m\u00e1s deliciosa, probando <\/span><b>recetas excepcionales que surgen de la mente y de las manos de los grandes genios de la cocina<\/b><span style=\"font-weight: 400;\">. Teniendo en cuenta la riqueza de la dieta mediterr\u00e1nea, este servicio de lujo resulta de lo m\u00e1s satisfactorio a la hora de forjar una din\u00e1mica nutritiva sana y equilibrada.<\/span><\/p>\n<p><span style=\"font-weight: 400;\">Eso s\u00ed, tanto si tienes la posibilidad de contratar un servicio tan glamuroso como este como si no, seguir una dieta es crucial. <\/span><b>Los planes alimenticios se adaptan a cualquier objetivo<\/b><span style=\"font-weight: 400;\">; adem\u00e1s, siempre y cuando est\u00e9n dise\u00f1ados por especialista, dar\u00e1n al organismo cuanto necesita para mantenerse en perfectas condiciones de salud.<\/span><\/p>\n<h2><span style=\"font-weight: 400;\">Tratamientos de est\u00e9tica para cuidar tu imagen<\/span><\/h2>\n<p><span style=\"font-weight: 400;\">El cuidado de la est\u00e9tica es un tema clave en lo que respecta a la manera en la que nos sentimos por dentro y por fuera. <\/span><b>La<\/b> <b>imagen que vemos en el reflejo es responsable de la autoestima que nos envuelve<\/b><span style=\"font-weight: 400;\"> y, por ende, del bienestar emocional del que gozamos a diario. Algo en los que los tratamientos m\u00e1s avanzados de las mejores cl\u00ednicas espa\u00f1olas, como el <\/span><span style=\"color: #ff6600;\"><strong><a style=\"color: #ff6600;\" title=\"endolift Marbella\" href=\"https:\/\/www.esteticaochoa.com\/endolift-marbella\/\" target=\"_blank\" rel=\"noopener\">endolift Marbella<\/a><\/strong><\/span><span style=\"font-weight: 400;\">, resulta de lo m\u00e1s apropiado.<\/span><\/p>\n<p><span style=\"font-weight: 400;\">Este tratamiento se ha convertido en una de las principales tendencias del sector, permitiendo <\/span><b>eliminar la papada y tensar la piel sin tener que pasar por un quir\u00f3fano<\/b><span style=\"font-weight: 400;\">. El desarrollo de la tecnolog\u00eda l\u00e1ser es un recurso de gran valor para plantar cara al envejecimiento y la flacidez, devolvi\u00e9ndonos a nuestra mejor versi\u00f3n en unas pocas sesiones.<\/span><\/p>\n<p><span style=\"font-weight: 400;\">Aunque esto no es m\u00e1s que un ejemplo de los muchos servicios asistenciales que tenemos a nuestra disposici\u00f3n. <\/span><b>El lifting sin cirug\u00eda, el aumento de labios, la rinomodelaci\u00f3n, el peeling qu\u00edmico, la eliminaci\u00f3n de ojeras o la mesoterapia<\/b><span style=\"font-weight: 400;\"> son otros tantos tratamientos de moda hoy en d\u00eda. Por lo que, sea cual sea tu objetivo en t\u00e9rminos de belleza, hoy d\u00eda lo puedes alcanzar con procedimientos poco invasivos y de enorme efectividad.\u00a0<\/span><\/p>\n<h2><span style=\"font-weight: 400;\">Conquista tu mejor versi\u00f3n<\/span><\/h2>\n<p><span style=\"font-weight: 400;\">En el apasionante camino hacia nuestra mejor versi\u00f3n, <\/span><b>la integraci\u00f3n de los tres pilares fundamentales \u2014nutrici\u00f3n, ejercicio y est\u00e9tica\u2014 se erige como la clave para lograr un equilibrio completo entre cuerpo, mente y bienestar emocional.<\/b><span style=\"font-weight: 400;\"> Adoptar h\u00e1bitos saludables y recurrir a expertos en cada \u00e1rea no solo transforma nuestra apariencia, sino tambi\u00e9n la forma en que nos sentimos y enfrentamos el d\u00eda a d\u00eda.<\/span><\/p>\n<p><span style=\"font-weight: 400;\">El ejercicio guiado por profesionales asegura que cada esfuerzo est\u00e9 orientado hacia tus metas espec\u00edficas, optimizando tus capacidades f\u00edsicas y mejorando tu salud integral. Por su parte, una dieta adecuada, dise\u00f1ada para tus necesidades, refuerza el organismo desde el interior, proporcionando la energ\u00eda y los nutrientes necesarios para enfrentar la vida con vitalidad. <\/span><b>Y en cuanto a la est\u00e9tica, los tratamientos avanzados disponibles hoy en d\u00eda nos permiten recuperar la confianza y renovar nuestra imagen sin comprometer la naturalidad.<\/b><\/p>\n<p><span style=\"font-weight: 400;\">Cada uno de estos elementos es una pieza esencial del rompecabezas de la salud integral. <\/span><b>Juntos, nos conducen a una versi\u00f3n m\u00e1s fuerte, segura y equilibrada de nosotros mismos.<\/b><span style=\"font-weight: 400;\"> No se trata solo de apariencia, sino de bienestar en su sentido m\u00e1s amplio. \u00bfEst\u00e1s listo para dar el paso y convertirte en la mejor versi\u00f3n de ti mismo? \u00a1El momento es ahora!<\/span><\/p>\n","protected":false},"excerpt":{"rendered":"<p>Comprometerse con el cuidado personal en aras de sacar a flote nuestra mejor versi\u00f3n es una de las mejores decisiones que podemos llegar a tomar a lo largo de nuestra vida. Cambiar de h\u00e1bitos y buscar los mejores tratamientos actuales son acciones que promueven nuestro bienestar tanto f\u00edsico como emocional, permiti\u00e9ndonos disfrutar de una rutina<\/p>\n","protected":false},"author":1,"featured_media":9694,"comment_status":"closed","ping_status":"closed","sticky":false,"template":"","format":"standard","meta":{"footnotes":""},"categories":[38],"tags":[45],"class_list":{"0":"post-9693","1":"post","2":"type-post","3":"status-publish","4":"format-standard","5":"has-post-thumbnail","7":"category-live","8":"tag-sociedad"},"aioseo_notices":[],"aioseo_head":"\n\t\t<!-- All in One SEO Pro 4.9.6.2 - aioseo.com -->\n\t<meta name=\"description\" content=\"Comprometerse con el cuidado personal en aras de sacar a flote nuestra mejor versi\u00f3n es una de las mejores decisiones que podemos llegar a tomar a lo largo\" \/>\n\t<meta name=\"robots\" content=\"max-image-preview:large\" \/>\n\t<meta name=\"author\" content=\"NBAsturias\"\/>\n\t<meta name=\"google-site-verification\" content=\"UA-38556648-1\" \/>\n\t<meta name=\"keywords\" content=\"live\" \/>\n\t<link rel=\"canonical\" href=\"https:\/\/eldigitaldeasturias.com\/radio\/nutricion-ejercicio-y-estetica-los-tres-pilares-para-alcanzar-tu-mejor-version\/\" \/>\n\t<meta name=\"generator\" content=\"All in One SEO Pro (AIOSEO) 4.9.6.2\" \/>\n\t\t<meta property=\"og:locale\" content=\"es_ES\" \/>\n\t\t<meta property=\"og:site_name\" content=\"El Digital de Asturias | Diario de informaci\u00f3n y noticias\" \/>\n\t\t<meta property=\"og:type\" content=\"article\" \/>\n\t\t<meta property=\"og:title\" content=\"Nutrici\u00f3n, ejercicio y est\u00e9tica: los tres pilares para alcanzar tu mejor versi\u00f3n | El Digital de Asturias\" \/>\n\t\t<meta property=\"og:description\" content=\"Comprometerse con el cuidado personal en aras de sacar a flote nuestra mejor versi\u00f3n es una de las mejores decisiones que podemos llegar a tomar a lo largo\" \/>\n\t\t<meta property=\"og:url\" content=\"https:\/\/eldigitaldeasturias.com\/radio\/nutricion-ejercicio-y-estetica-los-tres-pilares-para-alcanzar-tu-mejor-version\/\" \/>\n\t\t<meta property=\"og:image\" content=\"https:\/\/eldigitaldeasturias.com\/radio\/wp-content\/uploads\/2025\/01\/mejor-version.jpg\" \/>\n\t\t<meta property=\"og:image:secure_url\" content=\"https:\/\/eldigitaldeasturias.com\/radio\/wp-content\/uploads\/2025\/01\/mejor-version.jpg\" \/>\n\t\t<meta property=\"og:image:width\" content=\"711\" \/>\n\t\t<meta property=\"og:image:height\" content=\"463\" \/>\n\t\t<meta property=\"article:published_time\" content=\"2025-01-24T11:45:23+00:00\" \/>\n\t\t<meta property=\"article:modified_time\" content=\"2025-01-24T11:45:23+00:00\" \/>\n\t\t<meta name=\"twitter:card\" content=\"summary_large_image\" \/>\n\t\t<meta name=\"twitter:site\" content=\"@bercodi\" \/>\n\t\t<meta name=\"twitter:title\" content=\"Nutrici\u00f3n, ejercicio y est\u00e9tica: los tres pilares para alcanzar tu mejor versi\u00f3n | El Digital de Asturias\" \/>\n\t\t<meta name=\"twitter:description\" content=\"Comprometerse con el cuidado personal en aras de sacar a flote nuestra mejor versi\u00f3n es una de las mejores decisiones que podemos llegar a tomar a lo largo\" \/>\n\t\t<meta name=\"twitter:creator\" content=\"@bercodi\" \/>\n\t\t<meta name=\"twitter:image\" content=\"https:\/\/eldigitaldeasturias.com\/radio\/wp-content\/uploads\/2025\/01\/mejor-version.jpg\" \/>\n\t\t<script type=\"application\/ld+json\" class=\"aioseo-schema\">\n\t\t\t{\"@context\":\"https:\\\/\\\/schema.org\",\"@graph\":[{\"@type\":\"BreadcrumbList\",\"@id\":\"https:\\\/\\\/eldigitaldeasturias.com\\\/radio\\\/nutricion-ejercicio-y-estetica-los-tres-pilares-para-alcanzar-tu-mejor-version\\\/#breadcrumblist\",\"itemListElement\":[{\"@type\":\"ListItem\",\"@id\":\"https:\\\/\\\/eldigitaldeasturias.com\\\/radio#listItem\",\"position\":1,\"name\":\"Inicio\",\"item\":\"https:\\\/\\\/eldigitaldeasturias.com\\\/radio\",\"nextItem\":{\"@type\":\"ListItem\",\"@id\":\"https:\\\/\\\/eldigitaldeasturias.com\\\/radio\\\/category\\\/live\\\/#listItem\",\"name\":\"Live\"}},{\"@type\":\"ListItem\",\"@id\":\"https:\\\/\\\/eldigitaldeasturias.com\\\/radio\\\/category\\\/live\\\/#listItem\",\"position\":2,\"name\":\"Live\",\"item\":\"https:\\\/\\\/eldigitaldeasturias.com\\\/radio\\\/category\\\/live\\\/\",\"nextItem\":{\"@type\":\"ListItem\",\"@id\":\"https:\\\/\\\/eldigitaldeasturias.com\\\/radio\\\/nutricion-ejercicio-y-estetica-los-tres-pilares-para-alcanzar-tu-mejor-version\\\/#listItem\",\"name\":\"Nutrici\\u00f3n, ejercicio y est\\u00e9tica: los tres pilares para alcanzar tu mejor versi\\u00f3n\"},\"previousItem\":{\"@type\":\"ListItem\",\"@id\":\"https:\\\/\\\/eldigitaldeasturias.com\\\/radio#listItem\",\"name\":\"Inicio\"}},{\"@type\":\"ListItem\",\"@id\":\"https:\\\/\\\/eldigitaldeasturias.com\\\/radio\\\/nutricion-ejercicio-y-estetica-los-tres-pilares-para-alcanzar-tu-mejor-version\\\/#listItem\",\"position\":3,\"name\":\"Nutrici\\u00f3n, ejercicio y est\\u00e9tica: los tres pilares para alcanzar tu mejor versi\\u00f3n\",\"previousItem\":{\"@type\":\"ListItem\",\"@id\":\"https:\\\/\\\/eldigitaldeasturias.com\\\/radio\\\/category\\\/live\\\/#listItem\",\"name\":\"Live\"}}]},{\"@type\":\"NewsArticle\",\"@id\":\"https:\\\/\\\/eldigitaldeasturias.com\\\/radio\\\/nutricion-ejercicio-y-estetica-los-tres-pilares-para-alcanzar-tu-mejor-version\\\/#newsarticle\",\"name\":\"Nutrici\\u00f3n, ejercicio y est\\u00e9tica: los tres pilares para alcanzar tu mejor versi\\u00f3n | El Digital de Asturias\",\"headline\":\"Nutrici\\u00f3n, ejercicio y est\\u00e9tica: los tres pilares para alcanzar tu mejor versi\\u00f3n\",\"author\":{\"@id\":\"https:\\\/\\\/eldigitaldeasturias.com\\\/radio\\\/author\\\/nbasturias\\\/#author\"},\"publisher\":{\"@id\":\"https:\\\/\\\/eldigitaldeasturias.com\\\/radio\\\/#organization\"},\"image\":{\"@type\":\"ImageObject\",\"url\":\"https:\\\/\\\/eldigitaldeasturias.com\\\/radio\\\/wp-content\\\/uploads\\\/2025\\\/01\\\/mejor-version.jpg\",\"width\":711,\"height\":463,\"caption\":\"mejor versi\\u00f3n\"},\"datePublished\":\"2025-01-24T12:45:23+01:00\",\"dateModified\":\"2025-01-24T12:45:23+01:00\",\"inLanguage\":\"es-ES\",\"mainEntityOfPage\":{\"@id\":\"https:\\\/\\\/eldigitaldeasturias.com\\\/radio\\\/nutricion-ejercicio-y-estetica-los-tres-pilares-para-alcanzar-tu-mejor-version\\\/#webpage\"},\"isPartOf\":{\"@id\":\"https:\\\/\\\/eldigitaldeasturias.com\\\/radio\\\/nutricion-ejercicio-y-estetica-los-tres-pilares-para-alcanzar-tu-mejor-version\\\/#webpage\"},\"articleSection\":\"Live, Sociedad\",\"dateline\":\"Publicado el enero 24, 2025.\"},{\"@type\":\"Organization\",\"@id\":\"https:\\\/\\\/eldigitaldeasturias.com\\\/radio\\\/#organization\",\"name\":\"El digital de Asturias Radio\",\"description\":\"Diario de informaci\\u00f3n y noticias\",\"url\":\"https:\\\/\\\/eldigitaldeasturias.com\\\/radio\\\/\",\"telephone\":\"+34652131393\",\"logo\":{\"@type\":\"ImageObject\",\"url\":\"https:\\\/\\\/www.eldigitaldeasturias.com\\\/radio\\\/wp-content\\\/uploads\\\/2021\\\/03\\\/EDA.jpg\",\"@id\":\"https:\\\/\\\/eldigitaldeasturias.com\\\/radio\\\/nutricion-ejercicio-y-estetica-los-tres-pilares-para-alcanzar-tu-mejor-version\\\/#organizationLogo\"},\"image\":{\"@id\":\"https:\\\/\\\/eldigitaldeasturias.com\\\/radio\\\/nutricion-ejercicio-y-estetica-los-tres-pilares-para-alcanzar-tu-mejor-version\\\/#organizationLogo\"},\"sameAs\":[\"https:\\\/\\\/www.facebook.com\\\/\",\"https:\\\/\\\/x.com\\\/bercodi\",\"https:\\\/\\\/www.instagram.com\\\/\",\"https:\\\/\\\/www.youtube.com\\\/channel\\\/UCZP-2wLEB9Rv6erhFmqVnvg\"]},{\"@type\":\"Person\",\"@id\":\"https:\\\/\\\/eldigitaldeasturias.com\\\/radio\\\/author\\\/nbasturias\\\/#author\",\"url\":\"https:\\\/\\\/eldigitaldeasturias.com\\\/radio\\\/author\\\/nbasturias\\\/\",\"name\":\"NBAsturias\",\"image\":{\"@type\":\"ImageObject\",\"@id\":\"https:\\\/\\\/eldigitaldeasturias.com\\\/radio\\\/nutricion-ejercicio-y-estetica-los-tres-pilares-para-alcanzar-tu-mejor-version\\\/#authorImage\",\"url\":\"https:\\\/\\\/secure.gravatar.com\\\/avatar\\\/df2aeffc32bcd13f8d26072ef8a91b623d677766deac7f97ca815868cd41bf5e?s=96&d=mm&r=g\",\"width\":96,\"height\":96,\"caption\":\"NBAsturias\"}},{\"@type\":\"WebPage\",\"@id\":\"https:\\\/\\\/eldigitaldeasturias.com\\\/radio\\\/nutricion-ejercicio-y-estetica-los-tres-pilares-para-alcanzar-tu-mejor-version\\\/#webpage\",\"url\":\"https:\\\/\\\/eldigitaldeasturias.com\\\/radio\\\/nutricion-ejercicio-y-estetica-los-tres-pilares-para-alcanzar-tu-mejor-version\\\/\",\"name\":\"Nutrici\\u00f3n, ejercicio y est\\u00e9tica: los tres pilares para alcanzar tu mejor versi\\u00f3n | El Digital de Asturias\",\"description\":\"Comprometerse con el cuidado personal en aras de sacar a flote nuestra mejor versi\\u00f3n es una de las mejores decisiones que podemos llegar a tomar a lo largo\",\"inLanguage\":\"es-ES\",\"isPartOf\":{\"@id\":\"https:\\\/\\\/eldigitaldeasturias.com\\\/radio\\\/#website\"},\"breadcrumb\":{\"@id\":\"https:\\\/\\\/eldigitaldeasturias.com\\\/radio\\\/nutricion-ejercicio-y-estetica-los-tres-pilares-para-alcanzar-tu-mejor-version\\\/#breadcrumblist\"},\"author\":{\"@id\":\"https:\\\/\\\/eldigitaldeasturias.com\\\/radio\\\/author\\\/nbasturias\\\/#author\"},\"creator\":{\"@id\":\"https:\\\/\\\/eldigitaldeasturias.com\\\/radio\\\/author\\\/nbasturias\\\/#author\"},\"image\":{\"@type\":\"ImageObject\",\"url\":\"https:\\\/\\\/eldigitaldeasturias.com\\\/radio\\\/wp-content\\\/uploads\\\/2025\\\/01\\\/mejor-version.jpg\",\"@id\":\"https:\\\/\\\/eldigitaldeasturias.com\\\/radio\\\/nutricion-ejercicio-y-estetica-los-tres-pilares-para-alcanzar-tu-mejor-version\\\/#mainImage\",\"width\":711,\"height\":463,\"caption\":\"mejor versi\\u00f3n\"},\"primaryImageOfPage\":{\"@id\":\"https:\\\/\\\/eldigitaldeasturias.com\\\/radio\\\/nutricion-ejercicio-y-estetica-los-tres-pilares-para-alcanzar-tu-mejor-version\\\/#mainImage\"},\"datePublished\":\"2025-01-24T12:45:23+01:00\",\"dateModified\":\"2025-01-24T12:45:23+01:00\"},{\"@type\":\"WebSite\",\"@id\":\"https:\\\/\\\/eldigitaldeasturias.com\\\/radio\\\/#website\",\"url\":\"https:\\\/\\\/eldigitaldeasturias.com\\\/radio\\\/\",\"name\":\"El Digital de Asturias\",\"description\":\"Diario de informaci\\u00f3n y noticias\",\"inLanguage\":\"es-ES\",\"publisher\":{\"@id\":\"https:\\\/\\\/eldigitaldeasturias.com\\\/radio\\\/#organization\"}}]}\n\t\t<\/script>\n\t\t<!-- All in One SEO Pro -->\r\n\t\t<title>Nutrici\u00f3n, ejercicio y est\u00e9tica: los tres pilares para alcanzar tu mejor versi\u00f3n | El Digital de Asturias<\/title>\n\n","aioseo_head_json":{"title":"Nutrici\u00f3n, ejercicio y est\u00e9tica: los tres pilares para alcanzar tu mejor versi\u00f3n | El Digital de Asturias","description":"Comprometerse con el cuidado personal en aras de sacar a flote nuestra mejor versi\u00f3n es una de las mejores decisiones que podemos llegar a tomar a lo largo","canonical_url":"https:\/\/eldigitaldeasturias.com\/radio\/nutricion-ejercicio-y-estetica-los-tres-pilares-para-alcanzar-tu-mejor-version\/","robots":"max-image-preview:large","keywords":"live","webmasterTools":{"google-site-verification":"UA-38556648-1","miscellaneous":""},"schema":{"@context":"https:\/\/schema.org","@graph":[{"@type":"BreadcrumbList","@id":"https:\/\/eldigitaldeasturias.com\/radio\/nutricion-ejercicio-y-estetica-los-tres-pilares-para-alcanzar-tu-mejor-version\/#breadcrumblist","itemListElement":[{"@type":"ListItem","@id":"https:\/\/eldigitaldeasturias.com\/radio#listItem","position":1,"name":"Inicio","item":"https:\/\/eldigitaldeasturias.com\/radio","nextItem":{"@type":"ListItem","@id":"https:\/\/eldigitaldeasturias.com\/radio\/category\/live\/#listItem","name":"Live"}},{"@type":"ListItem","@id":"https:\/\/eldigitaldeasturias.com\/radio\/category\/live\/#listItem","position":2,"name":"Live","item":"https:\/\/eldigitaldeasturias.com\/radio\/category\/live\/","nextItem":{"@type":"ListItem","@id":"https:\/\/eldigitaldeasturias.com\/radio\/nutricion-ejercicio-y-estetica-los-tres-pilares-para-alcanzar-tu-mejor-version\/#listItem","name":"Nutrici\u00f3n, ejercicio y est\u00e9tica: los tres pilares para alcanzar tu mejor versi\u00f3n"},"previousItem":{"@type":"ListItem","@id":"https:\/\/eldigitaldeasturias.com\/radio#listItem","name":"Inicio"}},{"@type":"ListItem","@id":"https:\/\/eldigitaldeasturias.com\/radio\/nutricion-ejercicio-y-estetica-los-tres-pilares-para-alcanzar-tu-mejor-version\/#listItem","position":3,"name":"Nutrici\u00f3n, ejercicio y est\u00e9tica: los tres pilares para alcanzar tu mejor versi\u00f3n","previousItem":{"@type":"ListItem","@id":"https:\/\/eldigitaldeasturias.com\/radio\/category\/live\/#listItem","name":"Live"}}]},{"@type":"NewsArticle","@id":"https:\/\/eldigitaldeasturias.com\/radio\/nutricion-ejercicio-y-estetica-los-tres-pilares-para-alcanzar-tu-mejor-version\/#newsarticle","name":"Nutrici\u00f3n, ejercicio y est\u00e9tica: los tres pilares para alcanzar tu mejor versi\u00f3n | El Digital de Asturias","headline":"Nutrici\u00f3n, ejercicio y est\u00e9tica: los tres pilares para alcanzar tu mejor versi\u00f3n","author":{"@id":"https:\/\/eldigitaldeasturias.com\/radio\/author\/nbasturias\/#author"},"publisher":{"@id":"https:\/\/eldigitaldeasturias.com\/radio\/#organization"},"image":{"@type":"ImageObject","url":"https:\/\/eldigitaldeasturias.com\/radio\/wp-content\/uploads\/2025\/01\/mejor-version.jpg","width":711,"height":463,"caption":"mejor versi\u00f3n"},"datePublished":"2025-01-24T12:45:23+01:00","dateModified":"2025-01-24T12:45:23+01:00","inLanguage":"es-ES","mainEntityOfPage":{"@id":"https:\/\/eldigitaldeasturias.com\/radio\/nutricion-ejercicio-y-estetica-los-tres-pilares-para-alcanzar-tu-mejor-version\/#webpage"},"isPartOf":{"@id":"https:\/\/eldigitaldeasturias.com\/radio\/nutricion-ejercicio-y-estetica-los-tres-pilares-para-alcanzar-tu-mejor-version\/#webpage"},"articleSection":"Live, Sociedad","dateline":"Publicado el enero 24, 2025."},{"@type":"Organization","@id":"https:\/\/eldigitaldeasturias.com\/radio\/#organization","name":"El digital de Asturias Radio","description":"Diario de informaci\u00f3n y noticias","url":"https:\/\/eldigitaldeasturias.com\/radio\/","telephone":"+34652131393","logo":{"@type":"ImageObject","url":"https:\/\/www.eldigitaldeasturias.com\/radio\/wp-content\/uploads\/2021\/03\/EDA.jpg","@id":"https:\/\/eldigitaldeasturias.com\/radio\/nutricion-ejercicio-y-estetica-los-tres-pilares-para-alcanzar-tu-mejor-version\/#organizationLogo"},"image":{"@id":"https:\/\/eldigitaldeasturias.com\/radio\/nutricion-ejercicio-y-estetica-los-tres-pilares-para-alcanzar-tu-mejor-version\/#organizationLogo"},"sameAs":["https:\/\/www.facebook.com\/","https:\/\/x.com\/bercodi","https:\/\/www.instagram.com\/","https:\/\/www.youtube.com\/channel\/UCZP-2wLEB9Rv6erhFmqVnvg"]},{"@type":"Person","@id":"https:\/\/eldigitaldeasturias.com\/radio\/author\/nbasturias\/#author","url":"https:\/\/eldigitaldeasturias.com\/radio\/author\/nbasturias\/","name":"NBAsturias","image":{"@type":"ImageObject","@id":"https:\/\/eldigitaldeasturias.com\/radio\/nutricion-ejercicio-y-estetica-los-tres-pilares-para-alcanzar-tu-mejor-version\/#authorImage","url":"https:\/\/secure.gravatar.com\/avatar\/df2aeffc32bcd13f8d26072ef8a91b623d677766deac7f97ca815868cd41bf5e?s=96&d=mm&r=g","width":96,"height":96,"caption":"NBAsturias"}},{"@type":"WebPage","@id":"https:\/\/eldigitaldeasturias.com\/radio\/nutricion-ejercicio-y-estetica-los-tres-pilares-para-alcanzar-tu-mejor-version\/#webpage","url":"https:\/\/eldigitaldeasturias.com\/radio\/nutricion-ejercicio-y-estetica-los-tres-pilares-para-alcanzar-tu-mejor-version\/","name":"Nutrici\u00f3n, ejercicio y est\u00e9tica: los tres pilares para alcanzar tu mejor versi\u00f3n | El Digital de Asturias","description":"Comprometerse con el cuidado personal en aras de sacar a flote nuestra mejor versi\u00f3n es una de las mejores decisiones que podemos llegar a tomar a lo largo","inLanguage":"es-ES","isPartOf":{"@id":"https:\/\/eldigitaldeasturias.com\/radio\/#website"},"breadcrumb":{"@id":"https:\/\/eldigitaldeasturias.com\/radio\/nutricion-ejercicio-y-estetica-los-tres-pilares-para-alcanzar-tu-mejor-version\/#breadcrumblist"},"author":{"@id":"https:\/\/eldigitaldeasturias.com\/radio\/author\/nbasturias\/#author"},"creator":{"@id":"https:\/\/eldigitaldeasturias.com\/radio\/author\/nbasturias\/#author"},"image":{"@type":"ImageObject","url":"https:\/\/eldigitaldeasturias.com\/radio\/wp-content\/uploads\/2025\/01\/mejor-version.jpg","@id":"https:\/\/eldigitaldeasturias.com\/radio\/nutricion-ejercicio-y-estetica-los-tres-pilares-para-alcanzar-tu-mejor-version\/#mainImage","width":711,"height":463,"caption":"mejor versi\u00f3n"},"primaryImageOfPage":{"@id":"https:\/\/eldigitaldeasturias.com\/radio\/nutricion-ejercicio-y-estetica-los-tres-pilares-para-alcanzar-tu-mejor-version\/#mainImage"},"datePublished":"2025-01-24T12:45:23+01:00","dateModified":"2025-01-24T12:45:23+01:00"},{"@type":"WebSite","@id":"https:\/\/eldigitaldeasturias.com\/radio\/#website","url":"https:\/\/eldigitaldeasturias.com\/radio\/","name":"El Digital de Asturias","description":"Diario de informaci\u00f3n y noticias","inLanguage":"es-ES","publisher":{"@id":"https:\/\/eldigitaldeasturias.com\/radio\/#organization"}}]},"og:locale":"es_ES","og:site_name":"El Digital de Asturias | Diario de informaci\u00f3n y noticias","og:type":"article","og:title":"Nutrici\u00f3n, ejercicio y est\u00e9tica: los tres pilares para alcanzar tu mejor versi\u00f3n | El Digital de Asturias","og:description":"Comprometerse con el cuidado personal en aras de sacar a flote nuestra mejor versi\u00f3n es una de las mejores decisiones que podemos llegar a tomar a lo largo","og:url":"https:\/\/eldigitaldeasturias.com\/radio\/nutricion-ejercicio-y-estetica-los-tres-pilares-para-alcanzar-tu-mejor-version\/","og:image":"https:\/\/eldigitaldeasturias.com\/radio\/wp-content\/uploads\/2025\/01\/mejor-version.jpg","og:image:secure_url":"https:\/\/eldigitaldeasturias.com\/radio\/wp-content\/uploads\/2025\/01\/mejor-version.jpg","og:image:width":711,"og:image:height":463,"article:published_time":"2025-01-24T11:45:23+00:00","article:modified_time":"2025-01-24T11:45:23+00:00","twitter:card":"summary_large_image","twitter:site":"@bercodi","twitter:title":"Nutrici\u00f3n, ejercicio y est\u00e9tica: los tres pilares para alcanzar tu mejor versi\u00f3n | El Digital de Asturias","twitter:description":"Comprometerse con el cuidado personal en aras de sacar a flote nuestra mejor versi\u00f3n es una de las mejores decisiones que podemos llegar a tomar a lo largo","twitter:creator":"@bercodi","twitter:image":"https:\/\/eldigitaldeasturias.com\/radio\/wp-content\/uploads\/2025\/01\/mejor-version.jpg"},"aioseo_meta_data":{"post_id":"9693","title":null,"description":"Comprometerse con el cuidado personal en aras de sacar a flote nuestra mejor versi\u00f3n es una de las mejores decisiones que podemos llegar a tomar a lo largo","keywords":null,"keyphrases":{"focus":{"keyphrase":"mejor versi\u00f3n","score":85,"analysis":{"keyphraseInTitle":{"score":9,"maxScore":9,"error":0},"keyphraseInDescription":{"score":9,"maxScore":9,"error":0},"keyphraseLength":{"score":9,"maxScore":9,"error":0,"length":3},"keyphraseInURL":{"score":1,"maxScore":5,"error":1},"keyphraseInIntroduction":{"score":9,"maxScore":9,"error":0},"keyphraseInSubHeadings":{"score":3,"maxScore":9,"error":1},"keyphraseInImageAlt":{"score":9,"maxScore":9,"error":0},"keywordDensity":{"type":"best","score":9,"maxScore":9,"error":0}}},"additional":[{"keyphrase":"mejor versi\u00f3n","score":100,"analysis":{"keyphraseInDescription":{"score":9,"maxScore":9,"error":0},"keyphraseLength":{"score":9,"maxScore":9,"error":0,"length":3},"keyphraseInIntroduction":{"score":9,"maxScore":9,"error":0},"keyphraseInImageAlt":{"score":9,"maxScore":9,"error":0},"keywordDensity":{"type":"best","score":9,"maxScore":9,"error":0}}}]},"primary_term":null,"canonical_url":null,"og_title":null,"og_description":null,"og_object_type":"default","og_image_type":"default","og_image_url":null,"og_image_width":null,"og_image_height":null,"og_image_custom_url":null,"og_image_custom_fields":null,"og_video":"","og_custom_url":null,"og_article_section":null,"og_article_tags":null,"twitter_use_og":false,"twitter_card":"default","twitter_image_type":"default","twitter_image_url":null,"twitter_image_custom_url":null,"twitter_image_custom_fields":null,"twitter_title":null,"twitter_description":null,"schema":{"blockGraphs":[],"customGraphs":[],"default":{"data":{"Article":[],"Course":[],"Dataset":[],"FAQPage":[],"Movie":[],"Person":[],"Product":[],"ProductReview":[],"Car":[],"Recipe":[],"Service":[],"SoftwareApplication":[],"WebPage":[]},"graphName":"NewsArticle","isEnabled":true},"graphs":[]},"schema_type":"default","schema_type_options":null,"pillar_content":false,"robots_default":true,"robots_noindex":false,"robots_noarchive":false,"robots_nosnippet":false,"robots_nofollow":false,"robots_noimageindex":false,"robots_noodp":false,"robots_notranslate":false,"robots_max_snippet":"-1","robots_max_videopreview":"-1","robots_max_imagepreview":"large","priority":null,"frequency":"default","location":null,"local_seo":null,"seo_analyzer_scan_date":"2025-08-28 23:28:31","breadcrumb_settings":null,"limit_modified_date":false,"open_ai":"{\"title\":{\"suggestions\":[],\"usage\":0},\"description\":{\"suggestions\":[],\"usage\":0}}","ai":null,"created":"2025-01-24 11:35:39","updated":"2025-08-28 23:28:31"},"aioseo_breadcrumb":"<div class=\"aioseo-breadcrumbs\"><span class=\"aioseo-breadcrumb\">\n\t<a href=\"https:\/\/eldigitaldeasturias.com\/radio\" title=\"Inicio\">Inicio<\/a>\n<\/span><span class=\"aioseo-breadcrumb-separator\">&ndash;<\/span><span class=\"aioseo-breadcrumb\">\n\t<a href=\"https:\/\/eldigitaldeasturias.com\/radio\/category\/live\/\" title=\"Live\">Live<\/a>\n<\/span><span class=\"aioseo-breadcrumb-separator\">&ndash;<\/span><span class=\"aioseo-breadcrumb\">\n\tNutrici\u00f3n, ejercicio y est\u00e9tica: los tres pilares para alcanzar tu mejor versi\u00f3n\n<\/span><\/div>","aioseo_breadcrumb_json":[{"label":"Inicio","link":"https:\/\/eldigitaldeasturias.com\/radio"},{"label":"Live","link":"https:\/\/eldigitaldeasturias.com\/radio\/category\/live\/"},{"label":"Nutrici\u00f3n, ejercicio y est\u00e9tica: los tres pilares para alcanzar tu mejor versi\u00f3n","link":"https:\/\/eldigitaldeasturias.com\/radio\/nutricion-ejercicio-y-estetica-los-tres-pilares-para-alcanzar-tu-mejor-version\/"}],"_links":{"self":[{"href":"https:\/\/eldigitaldeasturias.com\/radio\/wp-json\/wp\/v2\/posts\/9693","targetHints":{"allow":["GET"]}}],"collection":[{"href":"https:\/\/eldigitaldeasturias.com\/radio\/wp-json\/wp\/v2\/posts"}],"about":[{"href":"https:\/\/eldigitaldeasturias.com\/radio\/wp-json\/wp\/v2\/types\/post"}],"author":[{"embeddable":true,"href":"https:\/\/eldigitaldeasturias.com\/radio\/wp-json\/wp\/v2\/users\/1"}],"replies":[{"embeddable":true,"href":"https:\/\/eldigitaldeasturias.com\/radio\/wp-json\/wp\/v2\/comments?post=9693"}],"version-history":[{"count":0,"href":"https:\/\/eldigitaldeasturias.com\/radio\/wp-json\/wp\/v2\/posts\/9693\/revisions"}],"wp:featuredmedia":[{"embeddable":true,"href":"https:\/\/eldigitaldeasturias.com\/radio\/wp-json\/wp\/v2\/media\/9694"}],"wp:attachment":[{"href":"https:\/\/eldigitaldeasturias.com\/radio\/wp-json\/wp\/v2\/media?parent=9693"}],"wp:term":[{"taxonomy":"category","embeddable":true,"href":"https:\/\/eldigitaldeasturias.com\/radio\/wp-json\/wp\/v2\/categories?post=9693"},{"taxonomy":"post_tag","embeddable":true,"href":"https:\/\/eldigitaldeasturias.com\/radio\/wp-json\/wp\/v2\/tags?post=9693"}],"curies":[{"name":"wp","href":"https:\/\/api.w.org\/{rel}","templated":true}]}}