{"id":9650,"date":"2025-01-13T20:34:45","date_gmt":"2025-01-13T19:34:45","guid":{"rendered":"https:\/\/eldigitaldeasturias.com\/radio\/?p=9650"},"modified":"2025-01-13T20:34:45","modified_gmt":"2025-01-13T19:34:45","slug":"el-mayor-evento-formativo-de-alto-impacto-para-artistas-musicales-de-espana","status":"publish","type":"post","link":"https:\/\/eldigitaldeasturias.com\/radio\/el-mayor-evento-formativo-de-alto-impacto-para-artistas-musicales-de-espana\/","title":{"rendered":"El mayor evento formativo de alto impacto para artistas musicales de Espa\u00f1a"},"content":{"rendered":"<p><span style=\"font-weight: 400;\">Los d\u00edas <\/span><b>14, 15 y 16 de febrero<\/b><span style=\"font-weight: 400;\">, Alicante ser\u00e1 la sede de <\/span><b>MAJESTIIUM 360<\/b><span style=\"font-weight: 400;\">, <\/span><span style=\"color: #ff6600;\"><strong><a style=\"color: #ff6600;\" title=\"el mayor evento formativo de alto impacto para artistas musicales de Espa\u00f1a\" href=\"https:\/\/www.majestiium.com\/entradas\" target=\"_blank\" rel=\"nofollow noopener\">el mayor evento formativo de alto impacto para artistas musicales de Espa\u00f1a<\/a><\/strong><\/span><span style=\"font-weight: 400;\">. En el prestigioso espacio <\/span><b>VB Spaces Alicante<\/b><span style=\"font-weight: 400;\">, m\u00e1s de <\/span><b>500 asistentes<\/b><span style=\"font-weight: 400;\"> y <\/span><b>25 ponentes<\/b><span style=\"font-weight: 400;\"> de renombre se reunir\u00e1n para compartir herramientas y conocimientos esenciales que permitir\u00e1n a los artistas impulsar su carrera de manera profesional.<\/span><\/p>\n<p><img fetchpriority=\"high\" decoding=\"async\" class=\"aligncenter size-large wp-image-9651\" src=\"https:\/\/eldigitaldeasturias.com\/radio\/wp-content\/uploads\/2025\/01\/MAJESTIIUM-360-Alicante-650x387.jpg\" alt=\"MAJESTIIUM 360 Alicante\" width=\"650\" height=\"387\" srcset=\"https:\/\/eldigitaldeasturias.com\/radio\/wp-content\/uploads\/2025\/01\/MAJESTIIUM-360-Alicante-650x387.jpg 650w, https:\/\/eldigitaldeasturias.com\/radio\/wp-content\/uploads\/2025\/01\/MAJESTIIUM-360-Alicante-360x214.jpg 360w, https:\/\/eldigitaldeasturias.com\/radio\/wp-content\/uploads\/2025\/01\/MAJESTIIUM-360-Alicante-768x457.jpg 768w, https:\/\/eldigitaldeasturias.com\/radio\/wp-content\/uploads\/2025\/01\/MAJESTIIUM-360-Alicante-150x89.jpg 150w, https:\/\/eldigitaldeasturias.com\/radio\/wp-content\/uploads\/2025\/01\/MAJESTIIUM-360-Alicante-450x268.jpg 450w, https:\/\/eldigitaldeasturias.com\/radio\/wp-content\/uploads\/2025\/01\/MAJESTIIUM-360-Alicante.jpg 1060w\" sizes=\"(max-width: 650px) 100vw, 650px\" \/><\/p>\n<h2><b>Una experiencia \u00fanica para transformar tu carrera musical<\/b><\/h2>\n<p><b>MAJESTIIUM 360<\/b><span style=\"font-weight: 400;\"> no es un evento formativo convencional. Se trata de una experiencia transformadora dise\u00f1ada para proporcionar <\/span><b>herramientas pr\u00e1cticas, inspiraci\u00f3n y conexiones estrat\u00e9gicas<\/b><span style=\"font-weight: 400;\"> a los artistas que buscan destacar y vivir de su m\u00fasica.<\/span><\/p>\n<p><span style=\"font-weight: 400;\">Durante tres d\u00edas, los asistentes recibir\u00e1n formaci\u00f3n especializada de la mano de <\/span><b>Adrian Fyrla, La Mari de Chambao, Vikrampal, Tom\u00e1s Gracia y Angel Rielo<\/b><span style=\"font-weight: 400;\">, referentes de la industria musical que compartir\u00e1n sus conocimientos y claves para el \u00e9xito.<\/span><\/p>\n<p><b>Llega a Alicante: El mayor evento formativo de alto impacto para artistas musicales de Espa\u00f1a<\/b><span style=\"font-weight: 400;\">, un encuentro donde la formaci\u00f3n, la inspiraci\u00f3n y la colaboraci\u00f3n se unen para impulsar la carrera de artistas, productores y DJs.<\/span><\/p>\n<h2><b>\u00bfPor qu\u00e9 asistir a MAJESTIIUM 360?<\/b><\/h2>\n<p><span style=\"font-weight: 400;\">En la industria musical actual, <\/span><b>el talento no es suficiente<\/b><span style=\"font-weight: 400;\"> para asegurar una carrera exitosa. <\/span><b>M\u00e1s del 90% de los artistas<\/b><span style=\"font-weight: 400;\"> no logra vivir exclusivamente de su m\u00fasica, no por falta de habilidades, sino por desconocer las herramientas necesarias para gestionar su carrera de forma profesional.<\/span><\/p>\n<p><b>MAJESTIIUM 360<\/b><span style=\"font-weight: 400;\"> est\u00e1 dise\u00f1ado para resolver este desaf\u00edo ofreciendo:<\/span><\/p>\n<ul>\n<li style=\"font-weight: 400;\" aria-level=\"1\"><b>Estrategias de marketing y visibilidad:<\/b><span style=\"font-weight: 400;\"> Aprende a aumentar tu presencia y atraer a tu p\u00fablico ideal.<\/span><\/li>\n<li style=\"font-weight: 400;\" aria-level=\"1\"><b>Gesti\u00f3n empresarial para artistas:<\/b><span style=\"font-weight: 400;\"> Herramientas para gestionar tu carrera como un negocio rentable.<\/span><\/li>\n<li style=\"font-weight: 400;\" aria-level=\"1\"><b>Branding personal:<\/b><span style=\"font-weight: 400;\"> Desarrolla una identidad art\u00edstica \u00fanica y aut\u00e9ntica.<\/span><\/li>\n<li style=\"font-weight: 400;\" aria-level=\"1\"><b>Networking estrat\u00e9gico:<\/b><span style=\"font-weight: 400;\"> Conexiones con otros artistas, productores y profesionales de la industria.<\/span><\/li>\n<\/ul>\n<h2><b>Lo que encontrar\u00e1s en MAJESTIIUM 360<\/b><\/h2>\n<p><span style=\"font-weight: 400;\">El evento ofrece un programa formativo integral dise\u00f1ado para cubrir todas las \u00e1reas clave del crecimiento profesional de un artista musical. Algunas de las experiencias destacadas incluyen:<\/span><\/p>\n<ul>\n<li style=\"font-weight: 400;\" aria-level=\"1\"><b>Conexiones estrat\u00e9gicas:<\/b><span style=\"font-weight: 400;\"> Espacios dedicados al networking con otros artistas y profesionales.<\/span><\/li>\n<li style=\"font-weight: 400;\" aria-level=\"1\"><b>Formaci\u00f3n empresarial avanzada:<\/b><span style=\"font-weight: 400;\"> Talleres y sesiones sobre c\u00f3mo monetizar tu m\u00fasica y gestionar tu carrera profesionalmente.<\/span><\/li>\n<li style=\"font-weight: 400;\" aria-level=\"1\"><b>Inspiraci\u00f3n y motivaci\u00f3n:<\/b><span style=\"font-weight: 400;\"> Charlas inspiradoras para mantener la mentalidad adecuada para el \u00e9xito.<\/span><\/li>\n<li style=\"font-weight: 400;\" aria-level=\"1\"><b>Premios y sorteos:<\/b><span style=\"font-weight: 400;\"> M\u00e1s de <\/span><b>10.000 euros<\/b><span style=\"font-weight: 400;\"> en premios exclusivos pensados para impulsar la carrera de los asistentes.<\/span><\/li>\n<\/ul>\n<h2><b>Una experiencia dise\u00f1ada para transformar tu trayectoria musical<\/b><\/h2>\n<p><span style=\"font-weight: 400;\">Lo que hace \u00fanico a <\/span><b>MAJESTIIUM 360<\/b><span style=\"font-weight: 400;\"> es su enfoque <\/span><b>pr\u00e1ctico y transformador<\/b><span style=\"font-weight: 400;\">. No se trata solo de recibir informaci\u00f3n, sino de aprender <\/span><b>c\u00f3mo aplicar ese conocimiento<\/b><span style=\"font-weight: 400;\"> de forma efectiva para lograr resultados reales en tu carrera musical.<\/span><\/p>\n<p><span style=\"font-weight: 400;\">El evento est\u00e1 dirigido a:<\/span><\/p>\n<ul>\n<li style=\"font-weight: 400;\" aria-level=\"1\"><b>Artistas emergentes:<\/b><span style=\"font-weight: 400;\"> Que buscan comenzar su trayectoria con bases s\u00f3lidas.<\/span><\/li>\n<li style=\"font-weight: 400;\" aria-level=\"1\"><b>M\u00fasicos y DJs con experiencia:<\/b><span style=\"font-weight: 400;\"> Que desean perfeccionar su estrategia y ampliar su red de contactos.<\/span><\/li>\n<li style=\"font-weight: 400;\" aria-level=\"1\"><b>Productores musicales:<\/b><span style=\"font-weight: 400;\"> Que buscan herramientas empresariales y nuevas colaboraciones.<\/span><\/li>\n<\/ul>\n<p><b>Llega a Alicante: El mayor evento formativo de alto impacto para artistas musicales de Espa\u00f1a<\/b><span style=\"font-weight: 400;\">, y lo hace en un entorno inspirador como <\/span><b>VB Spaces Alicante<\/b><span style=\"font-weight: 400;\">, un lugar moderno y preparado para acoger una experiencia formativa de alto nivel.<\/span><\/p>\n<h3><b>Detalles clave del evento<\/b><\/h3>\n<ul>\n<li style=\"font-weight: 400;\" aria-level=\"1\"><b>Fechas:<\/b><span style=\"font-weight: 400;\"> 14, 15 y 16 de febrero<\/span><\/li>\n<li style=\"font-weight: 400;\" aria-level=\"1\"><b>Ubicaci\u00f3n:<\/b><span style=\"font-weight: 400;\"> VB Spaces Alicante<\/span><\/li>\n<li style=\"font-weight: 400;\" aria-level=\"1\"><b>Entradas:<\/b><span style=\"font-weight: 400;\"> Disponibles en <\/span><span style=\"color: #ff6600;\"><strong><a style=\"color: #ff6600;\" title=\"https:\/\/www.majestiium.com\/entradas\" href=\"https:\/\/www.majestiium.com\/entradas\" target=\"_blank\" rel=\"nofollow noopener\">https:\/\/www.majestiium.com\/entradas<\/a><\/strong><\/span><\/li>\n<\/ul>\n<p><b>Las entradas son limitadas y suelen agotarse con rapidez. No pierdas tu oportunidad de formar parte de este evento \u00fanico.<\/b><\/p>\n<h2><b>Transforma tu carrera musical con MAJESTIIUM 360<\/b><\/h2>\n<p><span style=\"font-weight: 400;\">Si est\u00e1s listo para dar el siguiente paso en tu carrera musical, aprender de los mejores y conectar con una red de artistas y profesionales, <\/span><b>MAJESTIIUM 360<\/b><span style=\"font-weight: 400;\"> es el evento que estabas esperando.<\/span><\/p>\n<p><b>\u00a1Reserva tu entrada hoy y prep\u00e1rate para una experiencia que marcar\u00e1 un antes y un despu\u00e9s en tu trayectoria art\u00edstica!<\/b><\/p>\n","protected":false},"excerpt":{"rendered":"<p>Los d\u00edas 14, 15 y 16 de febrero, Alicante ser\u00e1 la sede de MAJESTIIUM 360, el mayor evento formativo de alto impacto para artistas musicales de Espa\u00f1a. En el prestigioso espacio VB Spaces Alicante, m\u00e1s de 500 asistentes y 25 ponentes de renombre se reunir\u00e1n para compartir herramientas y conocimientos esenciales que permitir\u00e1n a los<\/p>\n","protected":false},"author":1,"featured_media":9651,"comment_status":"closed","ping_status":"closed","sticky":false,"template":"","format":"standard","meta":{"footnotes":""},"categories":[28],"tags":[79],"class_list":{"0":"post-9650","1":"post","2":"type-post","3":"status-publish","4":"format-standard","5":"has-post-thumbnail","7":"category-variedades","8":"tag-cultura"},"aioseo_notices":[],"aioseo_head":"\n\t\t<!-- All in One SEO Pro 4.9.6.2 - aioseo.com -->\n\t<meta name=\"description\" content=\"Los d\u00edas 14, 15 y 16 de febrero, Alicante ser\u00e1 la sede de MAJESTIIUM 360, el mayor evento formativo de alto impacto para artistas musicales de Espa\u00f1a.\" \/>\n\t<meta name=\"robots\" content=\"max-image-preview:large\" \/>\n\t<meta name=\"author\" content=\"NBAsturias\"\/>\n\t<meta name=\"google-site-verification\" content=\"UA-38556648-1\" \/>\n\t<meta name=\"keywords\" content=\"variedades\" \/>\n\t<link rel=\"canonical\" href=\"https:\/\/eldigitaldeasturias.com\/radio\/el-mayor-evento-formativo-de-alto-impacto-para-artistas-musicales-de-espana\/\" \/>\n\t<meta name=\"generator\" content=\"All in One SEO Pro (AIOSEO) 4.9.6.2\" \/>\n\t\t<meta property=\"og:locale\" content=\"es_ES\" \/>\n\t\t<meta property=\"og:site_name\" content=\"El Digital de Asturias | Diario de informaci\u00f3n y noticias\" \/>\n\t\t<meta property=\"og:type\" content=\"article\" \/>\n\t\t<meta property=\"og:title\" content=\"El mayor evento formativo de alto impacto para artistas musicales de Espa\u00f1a | El Digital de Asturias\" \/>\n\t\t<meta property=\"og:description\" content=\"Los d\u00edas 14, 15 y 16 de febrero, Alicante ser\u00e1 la sede de MAJESTIIUM 360, el mayor evento formativo de alto impacto para artistas musicales de Espa\u00f1a.\" \/>\n\t\t<meta property=\"og:url\" content=\"https:\/\/eldigitaldeasturias.com\/radio\/el-mayor-evento-formativo-de-alto-impacto-para-artistas-musicales-de-espana\/\" \/>\n\t\t<meta property=\"og:image\" content=\"https:\/\/eldigitaldeasturias.com\/radio\/wp-content\/uploads\/2025\/01\/MAJESTIIUM-360-Alicante.jpg\" \/>\n\t\t<meta property=\"og:image:secure_url\" content=\"https:\/\/eldigitaldeasturias.com\/radio\/wp-content\/uploads\/2025\/01\/MAJESTIIUM-360-Alicante.jpg\" \/>\n\t\t<meta property=\"og:image:width\" content=\"1060\" \/>\n\t\t<meta property=\"og:image:height\" content=\"631\" \/>\n\t\t<meta property=\"article:published_time\" content=\"2025-01-13T19:34:45+00:00\" \/>\n\t\t<meta property=\"article:modified_time\" content=\"2025-01-13T19:34:45+00:00\" \/>\n\t\t<meta name=\"twitter:card\" content=\"summary_large_image\" \/>\n\t\t<meta name=\"twitter:site\" content=\"@bercodi\" \/>\n\t\t<meta name=\"twitter:title\" content=\"El mayor evento formativo de alto impacto para artistas musicales de Espa\u00f1a | El Digital de Asturias\" \/>\n\t\t<meta name=\"twitter:description\" content=\"Los d\u00edas 14, 15 y 16 de febrero, Alicante ser\u00e1 la sede de MAJESTIIUM 360, el mayor evento formativo de alto impacto para artistas musicales de Espa\u00f1a.\" \/>\n\t\t<meta name=\"twitter:creator\" content=\"@bercodi\" \/>\n\t\t<meta name=\"twitter:image\" content=\"https:\/\/eldigitaldeasturias.com\/radio\/wp-content\/uploads\/2025\/01\/MAJESTIIUM-360-Alicante.jpg\" \/>\n\t\t<script type=\"application\/ld+json\" class=\"aioseo-schema\">\n\t\t\t{\"@context\":\"https:\\\/\\\/schema.org\",\"@graph\":[{\"@type\":\"BreadcrumbList\",\"@id\":\"https:\\\/\\\/eldigitaldeasturias.com\\\/radio\\\/el-mayor-evento-formativo-de-alto-impacto-para-artistas-musicales-de-espana\\\/#breadcrumblist\",\"itemListElement\":[{\"@type\":\"ListItem\",\"@id\":\"https:\\\/\\\/eldigitaldeasturias.com\\\/radio#listItem\",\"position\":1,\"name\":\"Inicio\",\"item\":\"https:\\\/\\\/eldigitaldeasturias.com\\\/radio\",\"nextItem\":{\"@type\":\"ListItem\",\"@id\":\"https:\\\/\\\/eldigitaldeasturias.com\\\/radio\\\/category\\\/variedades\\\/#listItem\",\"name\":\"Variedades\"}},{\"@type\":\"ListItem\",\"@id\":\"https:\\\/\\\/eldigitaldeasturias.com\\\/radio\\\/category\\\/variedades\\\/#listItem\",\"position\":2,\"name\":\"Variedades\",\"item\":\"https:\\\/\\\/eldigitaldeasturias.com\\\/radio\\\/category\\\/variedades\\\/\",\"nextItem\":{\"@type\":\"ListItem\",\"@id\":\"https:\\\/\\\/eldigitaldeasturias.com\\\/radio\\\/el-mayor-evento-formativo-de-alto-impacto-para-artistas-musicales-de-espana\\\/#listItem\",\"name\":\"El mayor evento formativo de alto impacto para artistas musicales de Espa\\u00f1a\"},\"previousItem\":{\"@type\":\"ListItem\",\"@id\":\"https:\\\/\\\/eldigitaldeasturias.com\\\/radio#listItem\",\"name\":\"Inicio\"}},{\"@type\":\"ListItem\",\"@id\":\"https:\\\/\\\/eldigitaldeasturias.com\\\/radio\\\/el-mayor-evento-formativo-de-alto-impacto-para-artistas-musicales-de-espana\\\/#listItem\",\"position\":3,\"name\":\"El mayor evento formativo de alto impacto para artistas musicales de Espa\\u00f1a\",\"previousItem\":{\"@type\":\"ListItem\",\"@id\":\"https:\\\/\\\/eldigitaldeasturias.com\\\/radio\\\/category\\\/variedades\\\/#listItem\",\"name\":\"Variedades\"}}]},{\"@type\":\"NewsArticle\",\"@id\":\"https:\\\/\\\/eldigitaldeasturias.com\\\/radio\\\/el-mayor-evento-formativo-de-alto-impacto-para-artistas-musicales-de-espana\\\/#newsarticle\",\"name\":\"El mayor evento formativo de alto impacto para artistas musicales de Espa\\u00f1a | El Digital de Asturias\",\"headline\":\"El mayor evento formativo de alto impacto para artistas musicales de Espa\\u00f1a\",\"author\":{\"@id\":\"https:\\\/\\\/eldigitaldeasturias.com\\\/radio\\\/author\\\/nbasturias\\\/#author\"},\"publisher\":{\"@id\":\"https:\\\/\\\/eldigitaldeasturias.com\\\/radio\\\/#organization\"},\"image\":{\"@type\":\"ImageObject\",\"url\":\"https:\\\/\\\/eldigitaldeasturias.com\\\/radio\\\/wp-content\\\/uploads\\\/2025\\\/01\\\/MAJESTIIUM-360-Alicante.jpg\",\"width\":1060,\"height\":631,\"caption\":\"MAJESTIIUM 360 Alicante\"},\"datePublished\":\"2025-01-13T20:34:45+01:00\",\"dateModified\":\"2025-01-13T20:34:45+01:00\",\"inLanguage\":\"es-ES\",\"mainEntityOfPage\":{\"@id\":\"https:\\\/\\\/eldigitaldeasturias.com\\\/radio\\\/el-mayor-evento-formativo-de-alto-impacto-para-artistas-musicales-de-espana\\\/#webpage\"},\"isPartOf\":{\"@id\":\"https:\\\/\\\/eldigitaldeasturias.com\\\/radio\\\/el-mayor-evento-formativo-de-alto-impacto-para-artistas-musicales-de-espana\\\/#webpage\"},\"articleSection\":\"Variedades, cultura\",\"dateline\":\"Publicado el enero 13, 2025.\"},{\"@type\":\"Organization\",\"@id\":\"https:\\\/\\\/eldigitaldeasturias.com\\\/radio\\\/#organization\",\"name\":\"El digital de Asturias Radio\",\"description\":\"Diario de informaci\\u00f3n y noticias\",\"url\":\"https:\\\/\\\/eldigitaldeasturias.com\\\/radio\\\/\",\"telephone\":\"+34652131393\",\"logo\":{\"@type\":\"ImageObject\",\"url\":\"https:\\\/\\\/www.eldigitaldeasturias.com\\\/radio\\\/wp-content\\\/uploads\\\/2021\\\/03\\\/EDA.jpg\",\"@id\":\"https:\\\/\\\/eldigitaldeasturias.com\\\/radio\\\/el-mayor-evento-formativo-de-alto-impacto-para-artistas-musicales-de-espana\\\/#organizationLogo\"},\"image\":{\"@id\":\"https:\\\/\\\/eldigitaldeasturias.com\\\/radio\\\/el-mayor-evento-formativo-de-alto-impacto-para-artistas-musicales-de-espana\\\/#organizationLogo\"},\"sameAs\":[\"https:\\\/\\\/www.facebook.com\\\/\",\"https:\\\/\\\/x.com\\\/bercodi\",\"https:\\\/\\\/www.instagram.com\\\/\",\"https:\\\/\\\/www.youtube.com\\\/channel\\\/UCZP-2wLEB9Rv6erhFmqVnvg\"]},{\"@type\":\"Person\",\"@id\":\"https:\\\/\\\/eldigitaldeasturias.com\\\/radio\\\/author\\\/nbasturias\\\/#author\",\"url\":\"https:\\\/\\\/eldigitaldeasturias.com\\\/radio\\\/author\\\/nbasturias\\\/\",\"name\":\"NBAsturias\",\"image\":{\"@type\":\"ImageObject\",\"@id\":\"https:\\\/\\\/eldigitaldeasturias.com\\\/radio\\\/el-mayor-evento-formativo-de-alto-impacto-para-artistas-musicales-de-espana\\\/#authorImage\",\"url\":\"https:\\\/\\\/secure.gravatar.com\\\/avatar\\\/df2aeffc32bcd13f8d26072ef8a91b623d677766deac7f97ca815868cd41bf5e?s=96&d=mm&r=g\",\"width\":96,\"height\":96,\"caption\":\"NBAsturias\"}},{\"@type\":\"WebPage\",\"@id\":\"https:\\\/\\\/eldigitaldeasturias.com\\\/radio\\\/el-mayor-evento-formativo-de-alto-impacto-para-artistas-musicales-de-espana\\\/#webpage\",\"url\":\"https:\\\/\\\/eldigitaldeasturias.com\\\/radio\\\/el-mayor-evento-formativo-de-alto-impacto-para-artistas-musicales-de-espana\\\/\",\"name\":\"El mayor evento formativo de alto impacto para artistas musicales de Espa\\u00f1a | El Digital de Asturias\",\"description\":\"Los d\\u00edas 14, 15 y 16 de febrero, Alicante ser\\u00e1 la sede de MAJESTIIUM 360, el mayor evento formativo de alto impacto para artistas musicales de Espa\\u00f1a.\",\"inLanguage\":\"es-ES\",\"isPartOf\":{\"@id\":\"https:\\\/\\\/eldigitaldeasturias.com\\\/radio\\\/#website\"},\"breadcrumb\":{\"@id\":\"https:\\\/\\\/eldigitaldeasturias.com\\\/radio\\\/el-mayor-evento-formativo-de-alto-impacto-para-artistas-musicales-de-espana\\\/#breadcrumblist\"},\"author\":{\"@id\":\"https:\\\/\\\/eldigitaldeasturias.com\\\/radio\\\/author\\\/nbasturias\\\/#author\"},\"creator\":{\"@id\":\"https:\\\/\\\/eldigitaldeasturias.com\\\/radio\\\/author\\\/nbasturias\\\/#author\"},\"image\":{\"@type\":\"ImageObject\",\"url\":\"https:\\\/\\\/eldigitaldeasturias.com\\\/radio\\\/wp-content\\\/uploads\\\/2025\\\/01\\\/MAJESTIIUM-360-Alicante.jpg\",\"@id\":\"https:\\\/\\\/eldigitaldeasturias.com\\\/radio\\\/el-mayor-evento-formativo-de-alto-impacto-para-artistas-musicales-de-espana\\\/#mainImage\",\"width\":1060,\"height\":631,\"caption\":\"MAJESTIIUM 360 Alicante\"},\"primaryImageOfPage\":{\"@id\":\"https:\\\/\\\/eldigitaldeasturias.com\\\/radio\\\/el-mayor-evento-formativo-de-alto-impacto-para-artistas-musicales-de-espana\\\/#mainImage\"},\"datePublished\":\"2025-01-13T20:34:45+01:00\",\"dateModified\":\"2025-01-13T20:34:45+01:00\"},{\"@type\":\"WebSite\",\"@id\":\"https:\\\/\\\/eldigitaldeasturias.com\\\/radio\\\/#website\",\"url\":\"https:\\\/\\\/eldigitaldeasturias.com\\\/radio\\\/\",\"name\":\"El Digital de Asturias\",\"description\":\"Diario de informaci\\u00f3n y noticias\",\"inLanguage\":\"es-ES\",\"publisher\":{\"@id\":\"https:\\\/\\\/eldigitaldeasturias.com\\\/radio\\\/#organization\"}}]}\n\t\t<\/script>\n\t\t<!-- All in One SEO Pro -->\r\n\t\t<title>El mayor evento formativo de alto impacto para artistas musicales de Espa\u00f1a | El Digital de Asturias<\/title>\n\n","aioseo_head_json":{"title":"El mayor evento formativo de alto impacto para artistas musicales de Espa\u00f1a | El Digital de Asturias","description":"Los d\u00edas 14, 15 y 16 de febrero, Alicante ser\u00e1 la sede de MAJESTIIUM 360, el mayor evento formativo de alto impacto para artistas musicales de Espa\u00f1a.","canonical_url":"https:\/\/eldigitaldeasturias.com\/radio\/el-mayor-evento-formativo-de-alto-impacto-para-artistas-musicales-de-espana\/","robots":"max-image-preview:large","keywords":"variedades","webmasterTools":{"google-site-verification":"UA-38556648-1","miscellaneous":""},"schema":{"@context":"https:\/\/schema.org","@graph":[{"@type":"BreadcrumbList","@id":"https:\/\/eldigitaldeasturias.com\/radio\/el-mayor-evento-formativo-de-alto-impacto-para-artistas-musicales-de-espana\/#breadcrumblist","itemListElement":[{"@type":"ListItem","@id":"https:\/\/eldigitaldeasturias.com\/radio#listItem","position":1,"name":"Inicio","item":"https:\/\/eldigitaldeasturias.com\/radio","nextItem":{"@type":"ListItem","@id":"https:\/\/eldigitaldeasturias.com\/radio\/category\/variedades\/#listItem","name":"Variedades"}},{"@type":"ListItem","@id":"https:\/\/eldigitaldeasturias.com\/radio\/category\/variedades\/#listItem","position":2,"name":"Variedades","item":"https:\/\/eldigitaldeasturias.com\/radio\/category\/variedades\/","nextItem":{"@type":"ListItem","@id":"https:\/\/eldigitaldeasturias.com\/radio\/el-mayor-evento-formativo-de-alto-impacto-para-artistas-musicales-de-espana\/#listItem","name":"El mayor evento formativo de alto impacto para artistas musicales de Espa\u00f1a"},"previousItem":{"@type":"ListItem","@id":"https:\/\/eldigitaldeasturias.com\/radio#listItem","name":"Inicio"}},{"@type":"ListItem","@id":"https:\/\/eldigitaldeasturias.com\/radio\/el-mayor-evento-formativo-de-alto-impacto-para-artistas-musicales-de-espana\/#listItem","position":3,"name":"El mayor evento formativo de alto impacto para artistas musicales de Espa\u00f1a","previousItem":{"@type":"ListItem","@id":"https:\/\/eldigitaldeasturias.com\/radio\/category\/variedades\/#listItem","name":"Variedades"}}]},{"@type":"NewsArticle","@id":"https:\/\/eldigitaldeasturias.com\/radio\/el-mayor-evento-formativo-de-alto-impacto-para-artistas-musicales-de-espana\/#newsarticle","name":"El mayor evento formativo de alto impacto para artistas musicales de Espa\u00f1a | El Digital de Asturias","headline":"El mayor evento formativo de alto impacto para artistas musicales de Espa\u00f1a","author":{"@id":"https:\/\/eldigitaldeasturias.com\/radio\/author\/nbasturias\/#author"},"publisher":{"@id":"https:\/\/eldigitaldeasturias.com\/radio\/#organization"},"image":{"@type":"ImageObject","url":"https:\/\/eldigitaldeasturias.com\/radio\/wp-content\/uploads\/2025\/01\/MAJESTIIUM-360-Alicante.jpg","width":1060,"height":631,"caption":"MAJESTIIUM 360 Alicante"},"datePublished":"2025-01-13T20:34:45+01:00","dateModified":"2025-01-13T20:34:45+01:00","inLanguage":"es-ES","mainEntityOfPage":{"@id":"https:\/\/eldigitaldeasturias.com\/radio\/el-mayor-evento-formativo-de-alto-impacto-para-artistas-musicales-de-espana\/#webpage"},"isPartOf":{"@id":"https:\/\/eldigitaldeasturias.com\/radio\/el-mayor-evento-formativo-de-alto-impacto-para-artistas-musicales-de-espana\/#webpage"},"articleSection":"Variedades, cultura","dateline":"Publicado el enero 13, 2025."},{"@type":"Organization","@id":"https:\/\/eldigitaldeasturias.com\/radio\/#organization","name":"El digital de Asturias Radio","description":"Diario de informaci\u00f3n y noticias","url":"https:\/\/eldigitaldeasturias.com\/radio\/","telephone":"+34652131393","logo":{"@type":"ImageObject","url":"https:\/\/www.eldigitaldeasturias.com\/radio\/wp-content\/uploads\/2021\/03\/EDA.jpg","@id":"https:\/\/eldigitaldeasturias.com\/radio\/el-mayor-evento-formativo-de-alto-impacto-para-artistas-musicales-de-espana\/#organizationLogo"},"image":{"@id":"https:\/\/eldigitaldeasturias.com\/radio\/el-mayor-evento-formativo-de-alto-impacto-para-artistas-musicales-de-espana\/#organizationLogo"},"sameAs":["https:\/\/www.facebook.com\/","https:\/\/x.com\/bercodi","https:\/\/www.instagram.com\/","https:\/\/www.youtube.com\/channel\/UCZP-2wLEB9Rv6erhFmqVnvg"]},{"@type":"Person","@id":"https:\/\/eldigitaldeasturias.com\/radio\/author\/nbasturias\/#author","url":"https:\/\/eldigitaldeasturias.com\/radio\/author\/nbasturias\/","name":"NBAsturias","image":{"@type":"ImageObject","@id":"https:\/\/eldigitaldeasturias.com\/radio\/el-mayor-evento-formativo-de-alto-impacto-para-artistas-musicales-de-espana\/#authorImage","url":"https:\/\/secure.gravatar.com\/avatar\/df2aeffc32bcd13f8d26072ef8a91b623d677766deac7f97ca815868cd41bf5e?s=96&d=mm&r=g","width":96,"height":96,"caption":"NBAsturias"}},{"@type":"WebPage","@id":"https:\/\/eldigitaldeasturias.com\/radio\/el-mayor-evento-formativo-de-alto-impacto-para-artistas-musicales-de-espana\/#webpage","url":"https:\/\/eldigitaldeasturias.com\/radio\/el-mayor-evento-formativo-de-alto-impacto-para-artistas-musicales-de-espana\/","name":"El mayor evento formativo de alto impacto para artistas musicales de Espa\u00f1a | El Digital de Asturias","description":"Los d\u00edas 14, 15 y 16 de febrero, Alicante ser\u00e1 la sede de MAJESTIIUM 360, el mayor evento formativo de alto impacto para artistas musicales de Espa\u00f1a.","inLanguage":"es-ES","isPartOf":{"@id":"https:\/\/eldigitaldeasturias.com\/radio\/#website"},"breadcrumb":{"@id":"https:\/\/eldigitaldeasturias.com\/radio\/el-mayor-evento-formativo-de-alto-impacto-para-artistas-musicales-de-espana\/#breadcrumblist"},"author":{"@id":"https:\/\/eldigitaldeasturias.com\/radio\/author\/nbasturias\/#author"},"creator":{"@id":"https:\/\/eldigitaldeasturias.com\/radio\/author\/nbasturias\/#author"},"image":{"@type":"ImageObject","url":"https:\/\/eldigitaldeasturias.com\/radio\/wp-content\/uploads\/2025\/01\/MAJESTIIUM-360-Alicante.jpg","@id":"https:\/\/eldigitaldeasturias.com\/radio\/el-mayor-evento-formativo-de-alto-impacto-para-artistas-musicales-de-espana\/#mainImage","width":1060,"height":631,"caption":"MAJESTIIUM 360 Alicante"},"primaryImageOfPage":{"@id":"https:\/\/eldigitaldeasturias.com\/radio\/el-mayor-evento-formativo-de-alto-impacto-para-artistas-musicales-de-espana\/#mainImage"},"datePublished":"2025-01-13T20:34:45+01:00","dateModified":"2025-01-13T20:34:45+01:00"},{"@type":"WebSite","@id":"https:\/\/eldigitaldeasturias.com\/radio\/#website","url":"https:\/\/eldigitaldeasturias.com\/radio\/","name":"El Digital de Asturias","description":"Diario de informaci\u00f3n y noticias","inLanguage":"es-ES","publisher":{"@id":"https:\/\/eldigitaldeasturias.com\/radio\/#organization"}}]},"og:locale":"es_ES","og:site_name":"El Digital de Asturias | Diario de informaci\u00f3n y noticias","og:type":"article","og:title":"El mayor evento formativo de alto impacto para artistas musicales de Espa\u00f1a | El Digital de Asturias","og:description":"Los d\u00edas 14, 15 y 16 de febrero, Alicante ser\u00e1 la sede de MAJESTIIUM 360, el mayor evento formativo de alto impacto para artistas musicales de Espa\u00f1a.","og:url":"https:\/\/eldigitaldeasturias.com\/radio\/el-mayor-evento-formativo-de-alto-impacto-para-artistas-musicales-de-espana\/","og:image":"https:\/\/eldigitaldeasturias.com\/radio\/wp-content\/uploads\/2025\/01\/MAJESTIIUM-360-Alicante.jpg","og:image:secure_url":"https:\/\/eldigitaldeasturias.com\/radio\/wp-content\/uploads\/2025\/01\/MAJESTIIUM-360-Alicante.jpg","og:image:width":1060,"og:image:height":631,"article:published_time":"2025-01-13T19:34:45+00:00","article:modified_time":"2025-01-13T19:34:45+00:00","twitter:card":"summary_large_image","twitter:site":"@bercodi","twitter:title":"El mayor evento formativo de alto impacto para artistas musicales de Espa\u00f1a | El Digital de Asturias","twitter:description":"Los d\u00edas 14, 15 y 16 de febrero, Alicante ser\u00e1 la sede de MAJESTIIUM 360, el mayor evento formativo de alto impacto para artistas musicales de Espa\u00f1a.","twitter:creator":"@bercodi","twitter:image":"https:\/\/eldigitaldeasturias.com\/radio\/wp-content\/uploads\/2025\/01\/MAJESTIIUM-360-Alicante.jpg"},"aioseo_meta_data":{"post_id":"9650","title":null,"description":"Los d\u00edas 14, 15 y 16 de febrero, Alicante ser\u00e1 la sede de MAJESTIIUM 360, el mayor evento formativo de alto impacto para artistas musicales de Espa\u00f1a.","keywords":null,"keyphrases":{"focus":{"keyphrase":"Alicante","score":76,"analysis":{"keyphraseInTitle":{"score":3,"maxScore":9,"error":1},"keyphraseInDescription":{"score":9,"maxScore":9,"error":0},"keyphraseLength":{"score":9,"maxScore":9,"error":0,"length":1},"keyphraseInURL":{"score":1,"maxScore":5,"error":1},"keyphraseInIntroduction":{"score":9,"maxScore":9,"error":0},"keyphraseInSubHeadings":{"score":3,"maxScore":9,"error":1},"keyphraseInImageAlt":{"score":9,"maxScore":9,"error":0},"keywordDensity":{"type":"best","score":9,"maxScore":9,"error":0}}},"additional":[{"keyphrase":"MAJESTIIUM 360","score":100,"analysis":{"keyphraseInDescription":{"score":9,"maxScore":9,"error":0},"keyphraseLength":{"score":9,"maxScore":9,"error":0,"length":2},"keyphraseInIntroduction":{"score":9,"maxScore":9,"error":0},"keyphraseInImageAlt":{"score":9,"maxScore":9,"error":0},"keywordDensity":{"type":"best","score":9,"maxScore":9,"error":0}}}]},"primary_term":null,"canonical_url":null,"og_title":null,"og_description":null,"og_object_type":"default","og_image_type":"default","og_image_url":null,"og_image_width":null,"og_image_height":null,"og_image_custom_url":null,"og_image_custom_fields":null,"og_video":"","og_custom_url":null,"og_article_section":null,"og_article_tags":null,"twitter_use_og":false,"twitter_card":"default","twitter_image_type":"default","twitter_image_url":null,"twitter_image_custom_url":null,"twitter_image_custom_fields":null,"twitter_title":null,"twitter_description":null,"schema":{"blockGraphs":[],"customGraphs":[],"default":{"data":{"Article":[],"Course":[],"Dataset":[],"FAQPage":[],"Movie":[],"Person":[],"Product":[],"ProductReview":[],"Car":[],"Recipe":[],"Service":[],"SoftwareApplication":[],"WebPage":[]},"graphName":"NewsArticle","isEnabled":true},"graphs":[]},"schema_type":"default","schema_type_options":null,"pillar_content":false,"robots_default":true,"robots_noindex":false,"robots_noarchive":false,"robots_nosnippet":false,"robots_nofollow":false,"robots_noimageindex":false,"robots_noodp":false,"robots_notranslate":false,"robots_max_snippet":"-1","robots_max_videopreview":"-1","robots_max_imagepreview":"large","priority":null,"frequency":"default","location":null,"local_seo":null,"seo_analyzer_scan_date":"2025-08-28 23:24:32","breadcrumb_settings":null,"limit_modified_date":false,"open_ai":"{\"title\":{\"suggestions\":[],\"usage\":0},\"description\":{\"suggestions\":[],\"usage\":0}}","ai":null,"created":"2025-01-13 19:31:17","updated":"2025-08-28 23:24:32"},"aioseo_breadcrumb":"<div class=\"aioseo-breadcrumbs\"><span class=\"aioseo-breadcrumb\">\n\t<a href=\"https:\/\/eldigitaldeasturias.com\/radio\" title=\"Inicio\">Inicio<\/a>\n<\/span><span class=\"aioseo-breadcrumb-separator\">&ndash;<\/span><span class=\"aioseo-breadcrumb\">\n\t<a href=\"https:\/\/eldigitaldeasturias.com\/radio\/category\/variedades\/\" title=\"Variedades\">Variedades<\/a>\n<\/span><span class=\"aioseo-breadcrumb-separator\">&ndash;<\/span><span class=\"aioseo-breadcrumb\">\n\tEl mayor evento formativo de alto impacto para artistas musicales de Espa\u00f1a\n<\/span><\/div>","aioseo_breadcrumb_json":[{"label":"Inicio","link":"https:\/\/eldigitaldeasturias.com\/radio"},{"label":"Variedades","link":"https:\/\/eldigitaldeasturias.com\/radio\/category\/variedades\/"},{"label":"El mayor evento formativo de alto impacto para artistas musicales de Espa\u00f1a","link":"https:\/\/eldigitaldeasturias.com\/radio\/el-mayor-evento-formativo-de-alto-impacto-para-artistas-musicales-de-espana\/"}],"_links":{"self":[{"href":"https:\/\/eldigitaldeasturias.com\/radio\/wp-json\/wp\/v2\/posts\/9650","targetHints":{"allow":["GET"]}}],"collection":[{"href":"https:\/\/eldigitaldeasturias.com\/radio\/wp-json\/wp\/v2\/posts"}],"about":[{"href":"https:\/\/eldigitaldeasturias.com\/radio\/wp-json\/wp\/v2\/types\/post"}],"author":[{"embeddable":true,"href":"https:\/\/eldigitaldeasturias.com\/radio\/wp-json\/wp\/v2\/users\/1"}],"replies":[{"embeddable":true,"href":"https:\/\/eldigitaldeasturias.com\/radio\/wp-json\/wp\/v2\/comments?post=9650"}],"version-history":[{"count":0,"href":"https:\/\/eldigitaldeasturias.com\/radio\/wp-json\/wp\/v2\/posts\/9650\/revisions"}],"wp:featuredmedia":[{"embeddable":true,"href":"https:\/\/eldigitaldeasturias.com\/radio\/wp-json\/wp\/v2\/media\/9651"}],"wp:attachment":[{"href":"https:\/\/eldigitaldeasturias.com\/radio\/wp-json\/wp\/v2\/media?parent=9650"}],"wp:term":[{"taxonomy":"category","embeddable":true,"href":"https:\/\/eldigitaldeasturias.com\/radio\/wp-json\/wp\/v2\/categories?post=9650"},{"taxonomy":"post_tag","embeddable":true,"href":"https:\/\/eldigitaldeasturias.com\/radio\/wp-json\/wp\/v2\/tags?post=9650"}],"curies":[{"name":"wp","href":"https:\/\/api.w.org\/{rel}","templated":true}]}}