{"id":9602,"date":"2024-12-29T22:17:43","date_gmt":"2024-12-29T21:17:43","guid":{"rendered":"https:\/\/eldigitaldeasturias.com\/radio\/?p=9602"},"modified":"2024-12-29T22:18:04","modified_gmt":"2024-12-29T21:18:04","slug":"todo-sobre-el-rincon-de-la-calma","status":"publish","type":"post","link":"https:\/\/eldigitaldeasturias.com\/radio\/todo-sobre-el-rincon-de-la-calma\/","title":{"rendered":"Todo sobre el rinc\u00f3n de la calma"},"content":{"rendered":"<p><span style=\"font-weight: 400;\">Si algo es importante es crear espacios de tranquilidad. Si quieres saber c\u00f3mo lograrlo, te damos las claves sobre el llamado rinc\u00f3n de la calma, algo sobre lo que podr\u00e1s conocer m\u00e1s a trav\u00e9s del art\u00edculo que encontrar\u00e1s a trav\u00e9s de <\/span><span style=\"color: #ff6600;\"><a style=\"color: #ff6600;\" href=\"https:\/\/tombarella.com\/es\/el-rincon-de-la-calma\/\" target=\"_blank\" rel=\"noopener\"><span style=\"font-weight: 400;\">tombarella.com<\/span><\/a><\/span><span style=\"font-weight: 400;\">.<\/span><\/p>\n<p><img fetchpriority=\"high\" decoding=\"async\" class=\"aligncenter size-large wp-image-9603\" src=\"https:\/\/eldigitaldeasturias.com\/radio\/wp-content\/uploads\/2024\/12\/rincon-de-la-calma-650x432.jpg\" alt=\"rinc\u00f3n de la calma\" width=\"650\" height=\"432\" srcset=\"https:\/\/eldigitaldeasturias.com\/radio\/wp-content\/uploads\/2024\/12\/rincon-de-la-calma-650x432.jpg 650w, https:\/\/eldigitaldeasturias.com\/radio\/wp-content\/uploads\/2024\/12\/rincon-de-la-calma-360x239.jpg 360w, https:\/\/eldigitaldeasturias.com\/radio\/wp-content\/uploads\/2024\/12\/rincon-de-la-calma-768x510.jpg 768w, https:\/\/eldigitaldeasturias.com\/radio\/wp-content\/uploads\/2024\/12\/rincon-de-la-calma-150x100.jpg 150w, https:\/\/eldigitaldeasturias.com\/radio\/wp-content\/uploads\/2024\/12\/rincon-de-la-calma-450x299.jpg 450w, https:\/\/eldigitaldeasturias.com\/radio\/wp-content\/uploads\/2024\/12\/rincon-de-la-calma.jpg 786w\" sizes=\"(max-width: 650px) 100vw, 650px\" \/><\/p>\n<h2><b>En qu\u00e9 consiste el rinc\u00f3n de la calma<\/b><\/h2>\n<p><span style=\"font-weight: 400;\">Los llamados rincones de la calma surgen de la necesidad de poner freno al ritmo cada vez m\u00e1s fren\u00e9tico de la vida y que, sin duda, es agotador tanto para los adultos como para los ni\u00f1os. Y es que son, precisamente, los peque\u00f1os de la casa los que necesitan momentos de tranquilidad y relajaci\u00f3n para lograr hacer una mejor gesti\u00f3n del estr\u00e9s y de la ansiedad. De ah\u00ed que cada vez m\u00e1s padres y educadores est\u00e9n apostando por generar rincones de la calma, ya sea en casa o en el aula, y que est\u00e1n precisamente dedicados a eso: a encontrar la calma.<\/span><\/p>\n<p><span style=\"font-weight: 400;\">Por tanto, al hablar del rinc\u00f3n de la calma se hace referencia a un espacio que est\u00e1 destinado a encontrar la tranquilidad y la relajaci\u00f3n y donde los ni\u00f1os aprenden a regular sus emociones al tiempo que tambi\u00e9n ven c\u00f3mo se puede manejar el estr\u00e9s y la ansiedad de forma \u00f3ptima, apostando as\u00ed por lograr el bienestar emocional de los m\u00e1s peque\u00f1os de la casa.<\/span><\/p>\n<p><span style=\"font-weight: 400;\">Para ello se recurre al uso de elementos como las colchonetas de suelo para beb\u00e9s que ayudan a generar un lugar seguro y c\u00f3modo donde los peque\u00f1os pueden conocer mejor el mundo y desde donde se promueve su bienestar emocional.<\/span><\/p>\n<h3><b>Beneficios de crear un rinc\u00f3n de la calma<\/b><\/h3>\n<p><span style=\"font-weight: 400;\">Si est\u00e1s pensando en crear uno de los llamados rincones de la calma en tu casa, no te pierdas cu\u00e1les son las principales ventajas que esto te puede acabar generando.<\/span><\/p>\n<ul>\n<li style=\"font-weight: 400;\" aria-level=\"1\"><span style=\"font-weight: 400;\">Reducci\u00f3n tanto del estr\u00e9s como de la ansiedad.<\/span><\/li>\n<li style=\"font-weight: 400;\" aria-level=\"1\"><span style=\"font-weight: 400;\">Aumento de la concentraci\u00f3n.<\/span><\/li>\n<li style=\"font-weight: 400;\" aria-level=\"1\"><span style=\"font-weight: 400;\">Fomenta las habilidades de autorregulaci\u00f3n emocional.<\/span><\/li>\n<li style=\"font-weight: 400;\" aria-level=\"1\"><span style=\"font-weight: 400;\">Favorece el aprendizaje y la memoria.<\/span><\/li>\n<li style=\"font-weight: 400;\" aria-level=\"1\"><span style=\"font-weight: 400;\">Ayuda a lograr el bienestar emocional.<\/span><\/li>\n<li style=\"font-weight: 400;\" aria-level=\"1\"><span style=\"font-weight: 400;\">Se genera un espacio protegido para los ni\u00f1os.<\/span><\/li>\n<\/ul>\n<h3><b>C\u00f3mo crear un rinc\u00f3n de la calma realmente efectivo<\/b><\/h3>\n<p><span style=\"font-weight: 400;\">A la hora de generar un rinc\u00f3n de la calma que realmente pueda ser efectivo es importante contar con los materiales adecuados y colocar todo en una disposici\u00f3n \u00f3ptima. En este sentido, lo importante es apostar por materiales que sean adecuados para que los ni\u00f1os puedan explorar sus emociones para as\u00ed sentirse c\u00f3modos y seguros en todo momento.<\/span><\/p>\n<p><span style=\"font-weight: 400;\">As\u00ed pues, entre los elementos que no pueden faltar se encuentran, por un lado, cojines y colchonetas suaves que permitan al peque sentarse o tumbarse c\u00f3modamente, en funci\u00f3n de lo que le apetezca. Tambi\u00e9n es fundamental contar con un hilo de m\u00fasica relajante que genere un ambiente tranquilo. A su vez, no podr\u00e1n faltar los elementos sensoriales, como pueden ser las llamadas pelotas antiestr\u00e9s, los bloques de construcci\u00f3n, un masajeador de cabeza, libros con ilustraciones suaves y relajantes, entre otros.<\/span><\/p>\n<p><span style=\"font-weight: 400;\">Del mismo modo, es importante tambi\u00e9n la ambientaci\u00f3n que se da en el rinc\u00f3n de la calma en cuesti\u00f3n. En este sentido, apostar por velas o l\u00e1mparas de sal permitir\u00e1, entre otras muchas ventajas, crear un ambiente acogedor. Tambi\u00e9n es importante apostar por carteles o im\u00e1genes inspiradoras que transmitir\u00e1n buenas sensaciones al peque\u00f1o.<\/span><\/p>\n<p><span style=\"font-weight: 400;\">Por supuesto, ser\u00e1 imprescindible crear el rinc\u00f3n de la calma en un espacio tranquilo, acogedor y a ser posible con buena luz natural: desde una esquina de la habitaci\u00f3n a un espacio separado, pero siempre lugares que inspiren paz. Es fundamental que sea un rinc\u00f3n que est\u00e9 ordenado y limpio en todo momento para que as\u00ed \u00a0los ni\u00f1os est\u00e9n c\u00f3modos en todo momento y tambi\u00e9n se puedan sentir seguros. En definitiva, que quieran estar all\u00ed para poder explorar sus emociones.<\/span><\/p>\n<p><span style=\"font-weight: 400;\">Todo ello, sin olvidar siempre la importancia que puede tener el hecho de apostar por materiales respetuosos con el medio ambiente y que cuenten en todo momento con las certificaciones de calidad correspondientes y que son imprescindibles para su comercializaci\u00f3n en UE. Esto ser\u00e1 una se\u00f1a inequ\u00edvoca de calidad, al tiempo que te garantizar\u00e1s que est\u00e1s ante una opci\u00f3n saludable y sostenible, id\u00f3nea precisamente para crear un rinc\u00f3n de la calma. Todo ello, como decimos, siempre combinado con otros materiales y elementos que resultar\u00e1n esenciales, como son los cojines, las colchonetas Tombarella, m\u00fasica relajante y otros elementos sensoriales que marcar\u00e1n la diferencia.<\/span><\/p>\n","protected":false},"excerpt":{"rendered":"<p>Si algo es importante es crear espacios de tranquilidad. Si quieres saber c\u00f3mo lograrlo, te damos las claves sobre el llamado rinc\u00f3n de la calma, algo sobre lo que podr\u00e1s conocer m\u00e1s a trav\u00e9s del art\u00edculo que encontrar\u00e1s a trav\u00e9s de tombarella.com. En qu\u00e9 consiste el rinc\u00f3n de la calma Los llamados rincones de la<\/p>\n","protected":false},"author":1,"featured_media":9603,"comment_status":"closed","ping_status":"closed","sticky":false,"template":"","format":"standard","meta":{"footnotes":""},"categories":[38],"tags":[45],"class_list":{"0":"post-9602","1":"post","2":"type-post","3":"status-publish","4":"format-standard","5":"has-post-thumbnail","7":"category-live","8":"tag-sociedad"},"aioseo_notices":[],"aioseo_head":"\n\t\t<!-- All in One SEO Pro 4.9.6.2 - aioseo.com -->\n\t<meta name=\"description\" content=\"Si algo es importante es crear espacios de tranquilidad. Si quieres saber c\u00f3mo lograrlo, te damos las claves sobre el llamado rinc\u00f3n de la calma\" \/>\n\t<meta name=\"robots\" content=\"max-image-preview:large\" \/>\n\t<meta name=\"author\" content=\"NBAsturias\"\/>\n\t<meta name=\"google-site-verification\" content=\"UA-38556648-1\" \/>\n\t<meta name=\"keywords\" content=\"live\" \/>\n\t<link rel=\"canonical\" href=\"https:\/\/eldigitaldeasturias.com\/radio\/todo-sobre-el-rincon-de-la-calma\/\" \/>\n\t<meta name=\"generator\" content=\"All in One SEO Pro (AIOSEO) 4.9.6.2\" \/>\n\t\t<meta property=\"og:locale\" content=\"es_ES\" \/>\n\t\t<meta property=\"og:site_name\" content=\"El Digital de Asturias | Diario de informaci\u00f3n y noticias\" \/>\n\t\t<meta property=\"og:type\" content=\"article\" \/>\n\t\t<meta property=\"og:title\" content=\"Todo sobre el rinc\u00f3n de la calma | El Digital de Asturias\" \/>\n\t\t<meta property=\"og:description\" content=\"Si algo es importante es crear espacios de tranquilidad. Si quieres saber c\u00f3mo lograrlo, te damos las claves sobre el llamado rinc\u00f3n de la calma\" \/>\n\t\t<meta property=\"og:url\" content=\"https:\/\/eldigitaldeasturias.com\/radio\/todo-sobre-el-rincon-de-la-calma\/\" \/>\n\t\t<meta property=\"og:image\" content=\"https:\/\/eldigitaldeasturias.com\/radio\/wp-content\/uploads\/2024\/12\/rincon-de-la-calma.jpg\" \/>\n\t\t<meta property=\"og:image:secure_url\" content=\"https:\/\/eldigitaldeasturias.com\/radio\/wp-content\/uploads\/2024\/12\/rincon-de-la-calma.jpg\" \/>\n\t\t<meta property=\"og:image:width\" content=\"786\" \/>\n\t\t<meta property=\"og:image:height\" content=\"522\" \/>\n\t\t<meta property=\"article:published_time\" content=\"2024-12-29T21:17:43+00:00\" \/>\n\t\t<meta property=\"article:modified_time\" content=\"2024-12-29T21:18:04+00:00\" \/>\n\t\t<meta name=\"twitter:card\" content=\"summary_large_image\" \/>\n\t\t<meta name=\"twitter:site\" content=\"@bercodi\" \/>\n\t\t<meta name=\"twitter:title\" content=\"Todo sobre el rinc\u00f3n de la calma | El Digital de Asturias\" \/>\n\t\t<meta name=\"twitter:description\" content=\"Si algo es importante es crear espacios de tranquilidad. Si quieres saber c\u00f3mo lograrlo, te damos las claves sobre el llamado rinc\u00f3n de la calma\" \/>\n\t\t<meta name=\"twitter:creator\" content=\"@bercodi\" \/>\n\t\t<meta name=\"twitter:image\" content=\"https:\/\/eldigitaldeasturias.com\/radio\/wp-content\/uploads\/2024\/12\/rincon-de-la-calma.jpg\" \/>\n\t\t<script type=\"application\/ld+json\" class=\"aioseo-schema\">\n\t\t\t{\"@context\":\"https:\\\/\\\/schema.org\",\"@graph\":[{\"@type\":\"BreadcrumbList\",\"@id\":\"https:\\\/\\\/eldigitaldeasturias.com\\\/radio\\\/todo-sobre-el-rincon-de-la-calma\\\/#breadcrumblist\",\"itemListElement\":[{\"@type\":\"ListItem\",\"@id\":\"https:\\\/\\\/eldigitaldeasturias.com\\\/radio#listItem\",\"position\":1,\"name\":\"Inicio\",\"item\":\"https:\\\/\\\/eldigitaldeasturias.com\\\/radio\",\"nextItem\":{\"@type\":\"ListItem\",\"@id\":\"https:\\\/\\\/eldigitaldeasturias.com\\\/radio\\\/category\\\/live\\\/#listItem\",\"name\":\"Live\"}},{\"@type\":\"ListItem\",\"@id\":\"https:\\\/\\\/eldigitaldeasturias.com\\\/radio\\\/category\\\/live\\\/#listItem\",\"position\":2,\"name\":\"Live\",\"item\":\"https:\\\/\\\/eldigitaldeasturias.com\\\/radio\\\/category\\\/live\\\/\",\"nextItem\":{\"@type\":\"ListItem\",\"@id\":\"https:\\\/\\\/eldigitaldeasturias.com\\\/radio\\\/todo-sobre-el-rincon-de-la-calma\\\/#listItem\",\"name\":\"Todo sobre el rinc\\u00f3n de la calma\"},\"previousItem\":{\"@type\":\"ListItem\",\"@id\":\"https:\\\/\\\/eldigitaldeasturias.com\\\/radio#listItem\",\"name\":\"Inicio\"}},{\"@type\":\"ListItem\",\"@id\":\"https:\\\/\\\/eldigitaldeasturias.com\\\/radio\\\/todo-sobre-el-rincon-de-la-calma\\\/#listItem\",\"position\":3,\"name\":\"Todo sobre el rinc\\u00f3n de la calma\",\"previousItem\":{\"@type\":\"ListItem\",\"@id\":\"https:\\\/\\\/eldigitaldeasturias.com\\\/radio\\\/category\\\/live\\\/#listItem\",\"name\":\"Live\"}}]},{\"@type\":\"NewsArticle\",\"@id\":\"https:\\\/\\\/eldigitaldeasturias.com\\\/radio\\\/todo-sobre-el-rincon-de-la-calma\\\/#newsarticle\",\"name\":\"Todo sobre el rinc\\u00f3n de la calma | El Digital de Asturias\",\"headline\":\"Todo sobre el rinc\\u00f3n de la calma\",\"author\":{\"@id\":\"https:\\\/\\\/eldigitaldeasturias.com\\\/radio\\\/author\\\/nbasturias\\\/#author\"},\"publisher\":{\"@id\":\"https:\\\/\\\/eldigitaldeasturias.com\\\/radio\\\/#organization\"},\"image\":{\"@type\":\"ImageObject\",\"url\":\"https:\\\/\\\/eldigitaldeasturias.com\\\/radio\\\/wp-content\\\/uploads\\\/2024\\\/12\\\/rincon-de-la-calma.jpg\",\"width\":786,\"height\":522,\"caption\":\"rinc\\u00f3n de la calma\"},\"datePublished\":\"2024-12-29T22:17:43+01:00\",\"dateModified\":\"2024-12-29T22:18:04+01:00\",\"inLanguage\":\"es-ES\",\"mainEntityOfPage\":{\"@id\":\"https:\\\/\\\/eldigitaldeasturias.com\\\/radio\\\/todo-sobre-el-rincon-de-la-calma\\\/#webpage\"},\"isPartOf\":{\"@id\":\"https:\\\/\\\/eldigitaldeasturias.com\\\/radio\\\/todo-sobre-el-rincon-de-la-calma\\\/#webpage\"},\"articleSection\":\"Live, Sociedad\",\"dateline\":\"Publicado el diciembre 29, 2024.\"},{\"@type\":\"Organization\",\"@id\":\"https:\\\/\\\/eldigitaldeasturias.com\\\/radio\\\/#organization\",\"name\":\"El digital de Asturias Radio\",\"description\":\"Diario de informaci\\u00f3n y noticias\",\"url\":\"https:\\\/\\\/eldigitaldeasturias.com\\\/radio\\\/\",\"telephone\":\"+34652131393\",\"logo\":{\"@type\":\"ImageObject\",\"url\":\"https:\\\/\\\/www.eldigitaldeasturias.com\\\/radio\\\/wp-content\\\/uploads\\\/2021\\\/03\\\/EDA.jpg\",\"@id\":\"https:\\\/\\\/eldigitaldeasturias.com\\\/radio\\\/todo-sobre-el-rincon-de-la-calma\\\/#organizationLogo\"},\"image\":{\"@id\":\"https:\\\/\\\/eldigitaldeasturias.com\\\/radio\\\/todo-sobre-el-rincon-de-la-calma\\\/#organizationLogo\"},\"sameAs\":[\"https:\\\/\\\/www.facebook.com\\\/\",\"https:\\\/\\\/x.com\\\/bercodi\",\"https:\\\/\\\/www.instagram.com\\\/\",\"https:\\\/\\\/www.youtube.com\\\/channel\\\/UCZP-2wLEB9Rv6erhFmqVnvg\"]},{\"@type\":\"Person\",\"@id\":\"https:\\\/\\\/eldigitaldeasturias.com\\\/radio\\\/author\\\/nbasturias\\\/#author\",\"url\":\"https:\\\/\\\/eldigitaldeasturias.com\\\/radio\\\/author\\\/nbasturias\\\/\",\"name\":\"NBAsturias\",\"image\":{\"@type\":\"ImageObject\",\"@id\":\"https:\\\/\\\/eldigitaldeasturias.com\\\/radio\\\/todo-sobre-el-rincon-de-la-calma\\\/#authorImage\",\"url\":\"https:\\\/\\\/secure.gravatar.com\\\/avatar\\\/df2aeffc32bcd13f8d26072ef8a91b623d677766deac7f97ca815868cd41bf5e?s=96&d=mm&r=g\",\"width\":96,\"height\":96,\"caption\":\"NBAsturias\"}},{\"@type\":\"WebPage\",\"@id\":\"https:\\\/\\\/eldigitaldeasturias.com\\\/radio\\\/todo-sobre-el-rincon-de-la-calma\\\/#webpage\",\"url\":\"https:\\\/\\\/eldigitaldeasturias.com\\\/radio\\\/todo-sobre-el-rincon-de-la-calma\\\/\",\"name\":\"Todo sobre el rinc\\u00f3n de la calma | El Digital de Asturias\",\"description\":\"Si algo es importante es crear espacios de tranquilidad. Si quieres saber c\\u00f3mo lograrlo, te damos las claves sobre el llamado rinc\\u00f3n de la calma\",\"inLanguage\":\"es-ES\",\"isPartOf\":{\"@id\":\"https:\\\/\\\/eldigitaldeasturias.com\\\/radio\\\/#website\"},\"breadcrumb\":{\"@id\":\"https:\\\/\\\/eldigitaldeasturias.com\\\/radio\\\/todo-sobre-el-rincon-de-la-calma\\\/#breadcrumblist\"},\"author\":{\"@id\":\"https:\\\/\\\/eldigitaldeasturias.com\\\/radio\\\/author\\\/nbasturias\\\/#author\"},\"creator\":{\"@id\":\"https:\\\/\\\/eldigitaldeasturias.com\\\/radio\\\/author\\\/nbasturias\\\/#author\"},\"image\":{\"@type\":\"ImageObject\",\"url\":\"https:\\\/\\\/eldigitaldeasturias.com\\\/radio\\\/wp-content\\\/uploads\\\/2024\\\/12\\\/rincon-de-la-calma.jpg\",\"@id\":\"https:\\\/\\\/eldigitaldeasturias.com\\\/radio\\\/todo-sobre-el-rincon-de-la-calma\\\/#mainImage\",\"width\":786,\"height\":522,\"caption\":\"rinc\\u00f3n de la calma\"},\"primaryImageOfPage\":{\"@id\":\"https:\\\/\\\/eldigitaldeasturias.com\\\/radio\\\/todo-sobre-el-rincon-de-la-calma\\\/#mainImage\"},\"datePublished\":\"2024-12-29T22:17:43+01:00\",\"dateModified\":\"2024-12-29T22:18:04+01:00\"},{\"@type\":\"WebSite\",\"@id\":\"https:\\\/\\\/eldigitaldeasturias.com\\\/radio\\\/#website\",\"url\":\"https:\\\/\\\/eldigitaldeasturias.com\\\/radio\\\/\",\"name\":\"El Digital de Asturias\",\"description\":\"Diario de informaci\\u00f3n y noticias\",\"inLanguage\":\"es-ES\",\"publisher\":{\"@id\":\"https:\\\/\\\/eldigitaldeasturias.com\\\/radio\\\/#organization\"}}]}\n\t\t<\/script>\n\t\t<!-- All in One SEO Pro -->\r\n\t\t<title>Todo sobre el rinc\u00f3n de la calma | El Digital de Asturias<\/title>\n\n","aioseo_head_json":{"title":"Todo sobre el rinc\u00f3n de la calma | El Digital de Asturias","description":"Si algo es importante es crear espacios de tranquilidad. Si quieres saber c\u00f3mo lograrlo, te damos las claves sobre el llamado rinc\u00f3n de la calma","canonical_url":"https:\/\/eldigitaldeasturias.com\/radio\/todo-sobre-el-rincon-de-la-calma\/","robots":"max-image-preview:large","keywords":"live","webmasterTools":{"google-site-verification":"UA-38556648-1","miscellaneous":""},"schema":{"@context":"https:\/\/schema.org","@graph":[{"@type":"BreadcrumbList","@id":"https:\/\/eldigitaldeasturias.com\/radio\/todo-sobre-el-rincon-de-la-calma\/#breadcrumblist","itemListElement":[{"@type":"ListItem","@id":"https:\/\/eldigitaldeasturias.com\/radio#listItem","position":1,"name":"Inicio","item":"https:\/\/eldigitaldeasturias.com\/radio","nextItem":{"@type":"ListItem","@id":"https:\/\/eldigitaldeasturias.com\/radio\/category\/live\/#listItem","name":"Live"}},{"@type":"ListItem","@id":"https:\/\/eldigitaldeasturias.com\/radio\/category\/live\/#listItem","position":2,"name":"Live","item":"https:\/\/eldigitaldeasturias.com\/radio\/category\/live\/","nextItem":{"@type":"ListItem","@id":"https:\/\/eldigitaldeasturias.com\/radio\/todo-sobre-el-rincon-de-la-calma\/#listItem","name":"Todo sobre el rinc\u00f3n de la calma"},"previousItem":{"@type":"ListItem","@id":"https:\/\/eldigitaldeasturias.com\/radio#listItem","name":"Inicio"}},{"@type":"ListItem","@id":"https:\/\/eldigitaldeasturias.com\/radio\/todo-sobre-el-rincon-de-la-calma\/#listItem","position":3,"name":"Todo sobre el rinc\u00f3n de la calma","previousItem":{"@type":"ListItem","@id":"https:\/\/eldigitaldeasturias.com\/radio\/category\/live\/#listItem","name":"Live"}}]},{"@type":"NewsArticle","@id":"https:\/\/eldigitaldeasturias.com\/radio\/todo-sobre-el-rincon-de-la-calma\/#newsarticle","name":"Todo sobre el rinc\u00f3n de la calma | El Digital de Asturias","headline":"Todo sobre el rinc\u00f3n de la calma","author":{"@id":"https:\/\/eldigitaldeasturias.com\/radio\/author\/nbasturias\/#author"},"publisher":{"@id":"https:\/\/eldigitaldeasturias.com\/radio\/#organization"},"image":{"@type":"ImageObject","url":"https:\/\/eldigitaldeasturias.com\/radio\/wp-content\/uploads\/2024\/12\/rincon-de-la-calma.jpg","width":786,"height":522,"caption":"rinc\u00f3n de la calma"},"datePublished":"2024-12-29T22:17:43+01:00","dateModified":"2024-12-29T22:18:04+01:00","inLanguage":"es-ES","mainEntityOfPage":{"@id":"https:\/\/eldigitaldeasturias.com\/radio\/todo-sobre-el-rincon-de-la-calma\/#webpage"},"isPartOf":{"@id":"https:\/\/eldigitaldeasturias.com\/radio\/todo-sobre-el-rincon-de-la-calma\/#webpage"},"articleSection":"Live, Sociedad","dateline":"Publicado el diciembre 29, 2024."},{"@type":"Organization","@id":"https:\/\/eldigitaldeasturias.com\/radio\/#organization","name":"El digital de Asturias Radio","description":"Diario de informaci\u00f3n y noticias","url":"https:\/\/eldigitaldeasturias.com\/radio\/","telephone":"+34652131393","logo":{"@type":"ImageObject","url":"https:\/\/www.eldigitaldeasturias.com\/radio\/wp-content\/uploads\/2021\/03\/EDA.jpg","@id":"https:\/\/eldigitaldeasturias.com\/radio\/todo-sobre-el-rincon-de-la-calma\/#organizationLogo"},"image":{"@id":"https:\/\/eldigitaldeasturias.com\/radio\/todo-sobre-el-rincon-de-la-calma\/#organizationLogo"},"sameAs":["https:\/\/www.facebook.com\/","https:\/\/x.com\/bercodi","https:\/\/www.instagram.com\/","https:\/\/www.youtube.com\/channel\/UCZP-2wLEB9Rv6erhFmqVnvg"]},{"@type":"Person","@id":"https:\/\/eldigitaldeasturias.com\/radio\/author\/nbasturias\/#author","url":"https:\/\/eldigitaldeasturias.com\/radio\/author\/nbasturias\/","name":"NBAsturias","image":{"@type":"ImageObject","@id":"https:\/\/eldigitaldeasturias.com\/radio\/todo-sobre-el-rincon-de-la-calma\/#authorImage","url":"https:\/\/secure.gravatar.com\/avatar\/df2aeffc32bcd13f8d26072ef8a91b623d677766deac7f97ca815868cd41bf5e?s=96&d=mm&r=g","width":96,"height":96,"caption":"NBAsturias"}},{"@type":"WebPage","@id":"https:\/\/eldigitaldeasturias.com\/radio\/todo-sobre-el-rincon-de-la-calma\/#webpage","url":"https:\/\/eldigitaldeasturias.com\/radio\/todo-sobre-el-rincon-de-la-calma\/","name":"Todo sobre el rinc\u00f3n de la calma | El Digital de Asturias","description":"Si algo es importante es crear espacios de tranquilidad. Si quieres saber c\u00f3mo lograrlo, te damos las claves sobre el llamado rinc\u00f3n de la calma","inLanguage":"es-ES","isPartOf":{"@id":"https:\/\/eldigitaldeasturias.com\/radio\/#website"},"breadcrumb":{"@id":"https:\/\/eldigitaldeasturias.com\/radio\/todo-sobre-el-rincon-de-la-calma\/#breadcrumblist"},"author":{"@id":"https:\/\/eldigitaldeasturias.com\/radio\/author\/nbasturias\/#author"},"creator":{"@id":"https:\/\/eldigitaldeasturias.com\/radio\/author\/nbasturias\/#author"},"image":{"@type":"ImageObject","url":"https:\/\/eldigitaldeasturias.com\/radio\/wp-content\/uploads\/2024\/12\/rincon-de-la-calma.jpg","@id":"https:\/\/eldigitaldeasturias.com\/radio\/todo-sobre-el-rincon-de-la-calma\/#mainImage","width":786,"height":522,"caption":"rinc\u00f3n de la calma"},"primaryImageOfPage":{"@id":"https:\/\/eldigitaldeasturias.com\/radio\/todo-sobre-el-rincon-de-la-calma\/#mainImage"},"datePublished":"2024-12-29T22:17:43+01:00","dateModified":"2024-12-29T22:18:04+01:00"},{"@type":"WebSite","@id":"https:\/\/eldigitaldeasturias.com\/radio\/#website","url":"https:\/\/eldigitaldeasturias.com\/radio\/","name":"El Digital de Asturias","description":"Diario de informaci\u00f3n y noticias","inLanguage":"es-ES","publisher":{"@id":"https:\/\/eldigitaldeasturias.com\/radio\/#organization"}}]},"og:locale":"es_ES","og:site_name":"El Digital de Asturias | Diario de informaci\u00f3n y noticias","og:type":"article","og:title":"Todo sobre el rinc\u00f3n de la calma | El Digital de Asturias","og:description":"Si algo es importante es crear espacios de tranquilidad. Si quieres saber c\u00f3mo lograrlo, te damos las claves sobre el llamado rinc\u00f3n de la calma","og:url":"https:\/\/eldigitaldeasturias.com\/radio\/todo-sobre-el-rincon-de-la-calma\/","og:image":"https:\/\/eldigitaldeasturias.com\/radio\/wp-content\/uploads\/2024\/12\/rincon-de-la-calma.jpg","og:image:secure_url":"https:\/\/eldigitaldeasturias.com\/radio\/wp-content\/uploads\/2024\/12\/rincon-de-la-calma.jpg","og:image:width":786,"og:image:height":522,"article:published_time":"2024-12-29T21:17:43+00:00","article:modified_time":"2024-12-29T21:18:04+00:00","twitter:card":"summary_large_image","twitter:site":"@bercodi","twitter:title":"Todo sobre el rinc\u00f3n de la calma | El Digital de Asturias","twitter:description":"Si algo es importante es crear espacios de tranquilidad. Si quieres saber c\u00f3mo lograrlo, te damos las claves sobre el llamado rinc\u00f3n de la calma","twitter:creator":"@bercodi","twitter:image":"https:\/\/eldigitaldeasturias.com\/radio\/wp-content\/uploads\/2024\/12\/rincon-de-la-calma.jpg"},"aioseo_meta_data":{"post_id":"9602","title":null,"description":"Si algo es importante es crear espacios de tranquilidad. Si quieres saber c\u00f3mo lograrlo, te damos las claves sobre el llamado rinc\u00f3n de la calma","keywords":null,"keyphrases":{"focus":{"keyphrase":"rinc\u00f3n de la calma","score":87,"analysis":{"keyphraseInTitle":{"score":9,"maxScore":9,"error":0},"keyphraseInDescription":{"score":9,"maxScore":9,"error":0},"keyphraseLength":{"score":6,"maxScore":9,"error":1,"length":5},"keyphraseInURL":{"score":5,"maxScore":5,"error":0},"keyphraseInIntroduction":{"score":9,"maxScore":9,"error":0},"keyphraseInSubHeadings":{"score":3,"maxScore":9,"error":1},"keyphraseInImageAlt":{"score":9,"maxScore":9,"error":0},"keywordDensity":{"type":"best","score":9,"maxScore":9,"error":0}}},"additional":[{"keyphrase":"rinc\u00f3n de la calma","score":93,"analysis":{"keyphraseInDescription":{"score":9,"maxScore":9,"error":0},"keyphraseLength":{"score":6,"maxScore":9,"error":1,"length":5},"keyphraseInIntroduction":{"score":9,"maxScore":9,"error":0},"keyphraseInImageAlt":{"score":9,"maxScore":9,"error":0},"keywordDensity":{"type":"best","score":9,"maxScore":9,"error":0}}}]},"primary_term":null,"canonical_url":null,"og_title":null,"og_description":null,"og_object_type":"default","og_image_type":"default","og_image_url":null,"og_image_width":null,"og_image_height":null,"og_image_custom_url":null,"og_image_custom_fields":null,"og_video":"","og_custom_url":null,"og_article_section":null,"og_article_tags":null,"twitter_use_og":false,"twitter_card":"default","twitter_image_type":"default","twitter_image_url":null,"twitter_image_custom_url":null,"twitter_image_custom_fields":null,"twitter_title":null,"twitter_description":null,"schema":{"blockGraphs":[],"customGraphs":[],"default":{"data":{"Article":[],"Course":[],"Dataset":[],"FAQPage":[],"Movie":[],"Person":[],"Product":[],"ProductReview":[],"Car":[],"Recipe":[],"Service":[],"SoftwareApplication":[],"WebPage":[]},"graphName":"NewsArticle","isEnabled":true},"graphs":[]},"schema_type":"default","schema_type_options":null,"pillar_content":false,"robots_default":true,"robots_noindex":false,"robots_noarchive":false,"robots_nosnippet":false,"robots_nofollow":false,"robots_noimageindex":false,"robots_noodp":false,"robots_notranslate":false,"robots_max_snippet":"-1","robots_max_videopreview":"-1","robots_max_imagepreview":"large","priority":null,"frequency":"default","location":null,"local_seo":null,"seo_analyzer_scan_date":"2025-08-28 23:18:34","breadcrumb_settings":null,"limit_modified_date":false,"open_ai":"{\"title\":{\"suggestions\":[],\"usage\":0},\"description\":{\"suggestions\":[],\"usage\":0}}","ai":null,"created":"2024-12-29 21:12:53","updated":"2025-08-28 23:18:34"},"aioseo_breadcrumb":"<div class=\"aioseo-breadcrumbs\"><span class=\"aioseo-breadcrumb\">\n\t<a href=\"https:\/\/eldigitaldeasturias.com\/radio\" title=\"Inicio\">Inicio<\/a>\n<\/span><span class=\"aioseo-breadcrumb-separator\">&ndash;<\/span><span class=\"aioseo-breadcrumb\">\n\t<a href=\"https:\/\/eldigitaldeasturias.com\/radio\/category\/live\/\" title=\"Live\">Live<\/a>\n<\/span><span class=\"aioseo-breadcrumb-separator\">&ndash;<\/span><span class=\"aioseo-breadcrumb\">\n\tTodo sobre el rinc\u00f3n de la calma\n<\/span><\/div>","aioseo_breadcrumb_json":[{"label":"Inicio","link":"https:\/\/eldigitaldeasturias.com\/radio"},{"label":"Live","link":"https:\/\/eldigitaldeasturias.com\/radio\/category\/live\/"},{"label":"Todo sobre el rinc\u00f3n de la calma","link":"https:\/\/eldigitaldeasturias.com\/radio\/todo-sobre-el-rincon-de-la-calma\/"}],"_links":{"self":[{"href":"https:\/\/eldigitaldeasturias.com\/radio\/wp-json\/wp\/v2\/posts\/9602","targetHints":{"allow":["GET"]}}],"collection":[{"href":"https:\/\/eldigitaldeasturias.com\/radio\/wp-json\/wp\/v2\/posts"}],"about":[{"href":"https:\/\/eldigitaldeasturias.com\/radio\/wp-json\/wp\/v2\/types\/post"}],"author":[{"embeddable":true,"href":"https:\/\/eldigitaldeasturias.com\/radio\/wp-json\/wp\/v2\/users\/1"}],"replies":[{"embeddable":true,"href":"https:\/\/eldigitaldeasturias.com\/radio\/wp-json\/wp\/v2\/comments?post=9602"}],"version-history":[{"count":0,"href":"https:\/\/eldigitaldeasturias.com\/radio\/wp-json\/wp\/v2\/posts\/9602\/revisions"}],"wp:featuredmedia":[{"embeddable":true,"href":"https:\/\/eldigitaldeasturias.com\/radio\/wp-json\/wp\/v2\/media\/9603"}],"wp:attachment":[{"href":"https:\/\/eldigitaldeasturias.com\/radio\/wp-json\/wp\/v2\/media?parent=9602"}],"wp:term":[{"taxonomy":"category","embeddable":true,"href":"https:\/\/eldigitaldeasturias.com\/radio\/wp-json\/wp\/v2\/categories?post=9602"},{"taxonomy":"post_tag","embeddable":true,"href":"https:\/\/eldigitaldeasturias.com\/radio\/wp-json\/wp\/v2\/tags?post=9602"}],"curies":[{"name":"wp","href":"https:\/\/api.w.org\/{rel}","templated":true}]}}