{"id":9584,"date":"2024-12-27T12:40:55","date_gmt":"2024-12-27T11:40:55","guid":{"rendered":"https:\/\/eldigitaldeasturias.com\/radio\/?p=9584"},"modified":"2024-12-27T14:44:29","modified_gmt":"2024-12-27T13:44:29","slug":"por-que-nadie-hizo-nada","status":"publish","type":"post","link":"https:\/\/eldigitaldeasturias.com\/radio\/por-que-nadie-hizo-nada\/","title":{"rendered":"\u00bfPor qu\u00e9 nadie hizo nada?"},"content":{"rendered":"<p><b><i>\u00bfPor qu\u00e9 nadie hizo nada?<\/i><\/b><span style=\"font-weight: 400;\"> Esa es la pregunta que siempre, sin excepci\u00f3n, se repite cuando se comunica la noticia del fallecimiento de un ni\u00f1o, ni\u00f1a o adolescente que ha sido maltratado y\/o asesinado por personas cercanas a su entorno, en muchas ocasiones parte de su familia o parejas de sus progenitores.<\/span><\/p>\n<p><img fetchpriority=\"high\" decoding=\"async\" class=\"aligncenter size-large wp-image-9585\" src=\"https:\/\/eldigitaldeasturias.com\/radio\/wp-content\/uploads\/2024\/12\/nada-650x447.jpg\" alt=\"nada\" width=\"650\" height=\"447\" srcset=\"https:\/\/eldigitaldeasturias.com\/radio\/wp-content\/uploads\/2024\/12\/nada-650x447.jpg 650w, https:\/\/eldigitaldeasturias.com\/radio\/wp-content\/uploads\/2024\/12\/nada-360x247.jpg 360w, https:\/\/eldigitaldeasturias.com\/radio\/wp-content\/uploads\/2024\/12\/nada-768x528.jpg 768w, https:\/\/eldigitaldeasturias.com\/radio\/wp-content\/uploads\/2024\/12\/nada-150x103.jpg 150w, https:\/\/eldigitaldeasturias.com\/radio\/wp-content\/uploads\/2024\/12\/nada-450x309.jpg 450w, https:\/\/eldigitaldeasturias.com\/radio\/wp-content\/uploads\/2024\/12\/nada.jpg 1074w\" sizes=\"(max-width: 650px) 100vw, 650px\" \/><\/p>\n<p><span style=\"font-weight: 400;\">Son muchos los casos famosos que hemos escuchado en los que ni\u00f1os o ni\u00f1as han sido asesinados por familiares directos o parejas de sus padres\/madres. En otros casos, estos ni\u00f1os o ni\u00f1as son v\u00edctimas de la violencia de g\u00e9nero, provocando el mayor dolor para una madre de manos de su propio padre.<\/span><\/p>\n<p><span style=\"font-weight: 400;\">Y, \u00a0<\/span><i><span style=\"font-weight: 400;\">\u00bfes verdad que nadie hizo nada? \u00bfqu\u00e9 se pudo hacer y no se hizo? o \u00bfqu\u00e9 se puede hacer? Si yo conozco una situaci\u00f3n en la que una persona menor de edad creo que est\u00e1 sufriendo, \u00bfpuedo hacer algo?<\/span><\/i><\/p>\n<p><span style=\"font-weight: 400;\">Empezando por esta \u00faltima pregunta, S\u00cd, sin duda, <\/span><b>puedes y debes hacer algo para ayudar a ni\u00f1os, ni\u00f1as o adolescentes que creas que est\u00e1n sufriendo cualquier tipo de violencia.<\/b><span style=\"font-weight: 400;\"> Las preguntas que como profesional siempre escucho son: \u00bfY c\u00f3mo puedo hacerlo? \u00bfAlguien podr\u00e1 saber que he sido yo quien lo he comunicado? Aqu\u00ed dejo la respuesta, que espero que llegue a cuantas m\u00e1s personas mejor, para no tener que repetir la pregunta del t\u00edtulo de nuevo.<\/span><\/p>\n<h2><b>Comunicar una situaci\u00f3n de riesgo para cualquier ni\u00f1o,<\/b><\/h2>\n<p><b>\u00a0ni\u00f1a o adolescente es obligaci\u00f3n de cualquiera<\/b><span style=\"font-weight: 400;\">, tanto profesionales en contacto directo con personas menores, como cualquier otro\/a que es conocedor\/a de la situaci\u00f3n, y as\u00ed lo recoge la Ley Org\u00e1nica 8\/2021, de protecci\u00f3n integral a la infancia y la adolescencia frente a la violencia, m\u00e1s com\u00fanmente conocida como LOPIVI.<\/span><\/p>\n<p><b><i>\u00bfC\u00f3mo comunico la situaci\u00f3n y, sabr\u00e1n que lo he hecho? <\/i><\/b><span style=\"font-weight: 400;\">A veces son muchos los miedos que paralizan la comunicaci\u00f3n de la situaci\u00f3n, en especial a vecinos\/as que llevan en ocasiones a\u00f1os siendo conocedores\/as del sufrimiento constante, tanto en casos de violencia de g\u00e9nero como en casos de violencia hacia personas menores de edad. <\/span><b>Si conoces una situaci\u00f3n de violencia hacia personas menores de edad es obligatorio que lo pongas en conocimiento de la manera m\u00e1s inmediata posible ante cualquier organismo competente, en especial a los servicios sociales<\/b><span style=\"font-weight: 400;\"> m\u00e1s pr\u00f3ximos y, adem\u00e1s, tener presente que la normativa recoge la <\/span><b>protecci\u00f3n hacia las personas que comunican.<\/b><\/p>\n<p><span style=\"font-weight: 400;\">La comunicaci\u00f3n de una situaci\u00f3n de violencia hacia personas menores de edad <\/span><b>supone el inicio de una intervenci\u00f3n coordinada que promueve la garant\u00eda del bienestar de esos\/as ni\u00f1os, ni\u00f1as y adolescentes <\/b><span style=\"font-weight: 400;\">y, en la medida de lo posible, su continuidad dentro de su unidad familiar aport\u00e1ndoles las herramientas necesarias para que as\u00ed sea.<\/span><\/p>\n<p><span style=\"font-weight: 400;\">El numero de medidas de protecci\u00f3n, en la que ni\u00f1os, ni\u00f1as y adolescentes son separados de su familia de origen, ha ido en aumento en los \u00faltimos a\u00f1os, tal y como se recoge en el \u00faltimo bolet\u00edn de datos estad\u00edsticos.<\/span><\/p>\n<p><span style=\"font-weight: 400;\">Para eliminar el miedo que paraliza tanto a profesionales como a cualquier otra persona, desde aqu\u00ed me gustar\u00eda trasladar a todos y todas que, para la toma de decisi\u00f3n de una medida de protecci\u00f3n para un ni\u00f1o, ni\u00f1a o adolescente, participan profesionales de diferentes recursos y administraciones y que, en ning\u00fan caso, es una medida que se lleve a cabo sin intentar aportar las herramientas necesarias para que se reestablezca el bienestar familiar. <\/span><b>Separar a personas menores de edad de sus familias siempre es la \u00faltima opci\u00f3n<\/b><span style=\"font-weight: 400;\">, pero a veces es la \u00fanica para poder garantizar no volver a repetir la pregunta que da origen a esta reflexi\u00f3n; <\/span><i><span style=\"font-weight: 400;\">\u00bfPor qu\u00e9 nadie hizo nada?<\/span><\/i><\/p>\n<p><b>Proteger la infancia y la adolescencia es tarea de todos y todas. <\/b><span style=\"font-weight: 400;\">Autora: Sara del Peso Ram\u00edrez, trabajadora social.<\/span><\/p>\n","protected":false},"excerpt":{"rendered":"<p>\u00bfPor qu\u00e9 nadie hizo nada? Esa es la pregunta que siempre, sin excepci\u00f3n, se repite cuando se comunica la noticia del fallecimiento de un ni\u00f1o, ni\u00f1a o adolescente que ha sido maltratado y\/o asesinado por personas cercanas a su entorno, en muchas ocasiones parte de su familia o parejas de sus progenitores. Son muchos los<\/p>\n","protected":false},"author":1,"featured_media":9585,"comment_status":"closed","ping_status":"closed","sticky":false,"template":"","format":"standard","meta":{"footnotes":""},"categories":[38],"tags":[45],"class_list":{"0":"post-9584","1":"post","2":"type-post","3":"status-publish","4":"format-standard","5":"has-post-thumbnail","7":"category-live","8":"tag-sociedad"},"aioseo_notices":[],"aioseo_head":"\n\t\t<!-- All in One SEO Pro 4.9.6.2 - aioseo.com -->\n\t<meta name=\"description\" content=\"\u00bfPor qu\u00e9 nadie hizo nada? Esa es la pregunta que siempre, sin excepci\u00f3n, se repite cuando se comunica la noticia del fallecimiento de un ni\u00f1o, ni\u00f1a\" \/>\n\t<meta name=\"robots\" content=\"max-image-preview:large\" \/>\n\t<meta name=\"author\" content=\"NBAsturias\"\/>\n\t<meta name=\"google-site-verification\" content=\"UA-38556648-1\" \/>\n\t<meta name=\"keywords\" content=\"live\" \/>\n\t<link rel=\"canonical\" href=\"https:\/\/eldigitaldeasturias.com\/radio\/por-que-nadie-hizo-nada\/\" \/>\n\t<meta name=\"generator\" content=\"All in One SEO Pro (AIOSEO) 4.9.6.2\" \/>\n\t\t<meta property=\"og:locale\" content=\"es_ES\" \/>\n\t\t<meta property=\"og:site_name\" content=\"El Digital de Asturias | Diario de informaci\u00f3n y noticias\" \/>\n\t\t<meta property=\"og:type\" content=\"article\" \/>\n\t\t<meta property=\"og:title\" content=\"\u00bfPor qu\u00e9 nadie hizo nada? | El Digital de Asturias\" \/>\n\t\t<meta property=\"og:description\" content=\"\u00bfPor qu\u00e9 nadie hizo nada? Esa es la pregunta que siempre, sin excepci\u00f3n, se repite cuando se comunica la noticia del fallecimiento de un ni\u00f1o, ni\u00f1a\" \/>\n\t\t<meta property=\"og:url\" content=\"https:\/\/eldigitaldeasturias.com\/radio\/por-que-nadie-hizo-nada\/\" \/>\n\t\t<meta property=\"og:image\" content=\"https:\/\/eldigitaldeasturias.com\/radio\/wp-content\/uploads\/2024\/12\/nada.jpg\" \/>\n\t\t<meta property=\"og:image:secure_url\" content=\"https:\/\/eldigitaldeasturias.com\/radio\/wp-content\/uploads\/2024\/12\/nada.jpg\" \/>\n\t\t<meta property=\"og:image:width\" content=\"1074\" \/>\n\t\t<meta property=\"og:image:height\" content=\"738\" \/>\n\t\t<meta property=\"article:published_time\" content=\"2024-12-27T11:40:55+00:00\" \/>\n\t\t<meta property=\"article:modified_time\" content=\"2024-12-27T13:44:29+00:00\" \/>\n\t\t<meta name=\"twitter:card\" content=\"summary_large_image\" \/>\n\t\t<meta name=\"twitter:site\" content=\"@bercodi\" \/>\n\t\t<meta name=\"twitter:title\" content=\"\u00bfPor qu\u00e9 nadie hizo nada? | El Digital de Asturias\" \/>\n\t\t<meta name=\"twitter:description\" content=\"\u00bfPor qu\u00e9 nadie hizo nada? Esa es la pregunta que siempre, sin excepci\u00f3n, se repite cuando se comunica la noticia del fallecimiento de un ni\u00f1o, ni\u00f1a\" \/>\n\t\t<meta name=\"twitter:creator\" content=\"@bercodi\" \/>\n\t\t<meta name=\"twitter:image\" content=\"https:\/\/eldigitaldeasturias.com\/radio\/wp-content\/uploads\/2024\/12\/nada.jpg\" \/>\n\t\t<script type=\"application\/ld+json\" class=\"aioseo-schema\">\n\t\t\t{\"@context\":\"https:\\\/\\\/schema.org\",\"@graph\":[{\"@type\":\"BreadcrumbList\",\"@id\":\"https:\\\/\\\/eldigitaldeasturias.com\\\/radio\\\/por-que-nadie-hizo-nada\\\/#breadcrumblist\",\"itemListElement\":[{\"@type\":\"ListItem\",\"@id\":\"https:\\\/\\\/eldigitaldeasturias.com\\\/radio#listItem\",\"position\":1,\"name\":\"Inicio\",\"item\":\"https:\\\/\\\/eldigitaldeasturias.com\\\/radio\",\"nextItem\":{\"@type\":\"ListItem\",\"@id\":\"https:\\\/\\\/eldigitaldeasturias.com\\\/radio\\\/category\\\/live\\\/#listItem\",\"name\":\"Live\"}},{\"@type\":\"ListItem\",\"@id\":\"https:\\\/\\\/eldigitaldeasturias.com\\\/radio\\\/category\\\/live\\\/#listItem\",\"position\":2,\"name\":\"Live\",\"item\":\"https:\\\/\\\/eldigitaldeasturias.com\\\/radio\\\/category\\\/live\\\/\",\"nextItem\":{\"@type\":\"ListItem\",\"@id\":\"https:\\\/\\\/eldigitaldeasturias.com\\\/radio\\\/por-que-nadie-hizo-nada\\\/#listItem\",\"name\":\"\\u00bfPor qu\\u00e9 nadie hizo nada?\"},\"previousItem\":{\"@type\":\"ListItem\",\"@id\":\"https:\\\/\\\/eldigitaldeasturias.com\\\/radio#listItem\",\"name\":\"Inicio\"}},{\"@type\":\"ListItem\",\"@id\":\"https:\\\/\\\/eldigitaldeasturias.com\\\/radio\\\/por-que-nadie-hizo-nada\\\/#listItem\",\"position\":3,\"name\":\"\\u00bfPor qu\\u00e9 nadie hizo nada?\",\"previousItem\":{\"@type\":\"ListItem\",\"@id\":\"https:\\\/\\\/eldigitaldeasturias.com\\\/radio\\\/category\\\/live\\\/#listItem\",\"name\":\"Live\"}}]},{\"@type\":\"NewsArticle\",\"@id\":\"https:\\\/\\\/eldigitaldeasturias.com\\\/radio\\\/por-que-nadie-hizo-nada\\\/#newsarticle\",\"name\":\"\\u00bfPor qu\\u00e9 nadie hizo nada? | El Digital de Asturias\",\"headline\":\"\\u00bfPor qu\\u00e9 nadie hizo nada?\",\"author\":{\"@id\":\"https:\\\/\\\/eldigitaldeasturias.com\\\/radio\\\/author\\\/nbasturias\\\/#author\"},\"publisher\":{\"@id\":\"https:\\\/\\\/eldigitaldeasturias.com\\\/radio\\\/#organization\"},\"image\":{\"@type\":\"ImageObject\",\"url\":\"https:\\\/\\\/eldigitaldeasturias.com\\\/radio\\\/wp-content\\\/uploads\\\/2024\\\/12\\\/nada.jpg\",\"width\":1074,\"height\":738,\"caption\":\"nada\"},\"datePublished\":\"2024-12-27T12:40:55+01:00\",\"dateModified\":\"2024-12-27T14:44:29+01:00\",\"inLanguage\":\"es-ES\",\"mainEntityOfPage\":{\"@id\":\"https:\\\/\\\/eldigitaldeasturias.com\\\/radio\\\/por-que-nadie-hizo-nada\\\/#webpage\"},\"isPartOf\":{\"@id\":\"https:\\\/\\\/eldigitaldeasturias.com\\\/radio\\\/por-que-nadie-hizo-nada\\\/#webpage\"},\"articleSection\":\"Live, Sociedad\",\"dateline\":\"Publicado el diciembre 27, 2024.\"},{\"@type\":\"Organization\",\"@id\":\"https:\\\/\\\/eldigitaldeasturias.com\\\/radio\\\/#organization\",\"name\":\"El digital de Asturias Radio\",\"description\":\"Diario de informaci\\u00f3n y noticias\",\"url\":\"https:\\\/\\\/eldigitaldeasturias.com\\\/radio\\\/\",\"telephone\":\"+34652131393\",\"logo\":{\"@type\":\"ImageObject\",\"url\":\"https:\\\/\\\/www.eldigitaldeasturias.com\\\/radio\\\/wp-content\\\/uploads\\\/2021\\\/03\\\/EDA.jpg\",\"@id\":\"https:\\\/\\\/eldigitaldeasturias.com\\\/radio\\\/por-que-nadie-hizo-nada\\\/#organizationLogo\"},\"image\":{\"@id\":\"https:\\\/\\\/eldigitaldeasturias.com\\\/radio\\\/por-que-nadie-hizo-nada\\\/#organizationLogo\"},\"sameAs\":[\"https:\\\/\\\/www.facebook.com\\\/\",\"https:\\\/\\\/x.com\\\/bercodi\",\"https:\\\/\\\/www.instagram.com\\\/\",\"https:\\\/\\\/www.youtube.com\\\/channel\\\/UCZP-2wLEB9Rv6erhFmqVnvg\"]},{\"@type\":\"Person\",\"@id\":\"https:\\\/\\\/eldigitaldeasturias.com\\\/radio\\\/author\\\/nbasturias\\\/#author\",\"url\":\"https:\\\/\\\/eldigitaldeasturias.com\\\/radio\\\/author\\\/nbasturias\\\/\",\"name\":\"NBAsturias\",\"image\":{\"@type\":\"ImageObject\",\"@id\":\"https:\\\/\\\/eldigitaldeasturias.com\\\/radio\\\/por-que-nadie-hizo-nada\\\/#authorImage\",\"url\":\"https:\\\/\\\/secure.gravatar.com\\\/avatar\\\/df2aeffc32bcd13f8d26072ef8a91b623d677766deac7f97ca815868cd41bf5e?s=96&d=mm&r=g\",\"width\":96,\"height\":96,\"caption\":\"NBAsturias\"}},{\"@type\":\"WebPage\",\"@id\":\"https:\\\/\\\/eldigitaldeasturias.com\\\/radio\\\/por-que-nadie-hizo-nada\\\/#webpage\",\"url\":\"https:\\\/\\\/eldigitaldeasturias.com\\\/radio\\\/por-que-nadie-hizo-nada\\\/\",\"name\":\"\\u00bfPor qu\\u00e9 nadie hizo nada? | El Digital de Asturias\",\"description\":\"\\u00bfPor qu\\u00e9 nadie hizo nada? Esa es la pregunta que siempre, sin excepci\\u00f3n, se repite cuando se comunica la noticia del fallecimiento de un ni\\u00f1o, ni\\u00f1a\",\"inLanguage\":\"es-ES\",\"isPartOf\":{\"@id\":\"https:\\\/\\\/eldigitaldeasturias.com\\\/radio\\\/#website\"},\"breadcrumb\":{\"@id\":\"https:\\\/\\\/eldigitaldeasturias.com\\\/radio\\\/por-que-nadie-hizo-nada\\\/#breadcrumblist\"},\"author\":{\"@id\":\"https:\\\/\\\/eldigitaldeasturias.com\\\/radio\\\/author\\\/nbasturias\\\/#author\"},\"creator\":{\"@id\":\"https:\\\/\\\/eldigitaldeasturias.com\\\/radio\\\/author\\\/nbasturias\\\/#author\"},\"image\":{\"@type\":\"ImageObject\",\"url\":\"https:\\\/\\\/eldigitaldeasturias.com\\\/radio\\\/wp-content\\\/uploads\\\/2024\\\/12\\\/nada.jpg\",\"@id\":\"https:\\\/\\\/eldigitaldeasturias.com\\\/radio\\\/por-que-nadie-hizo-nada\\\/#mainImage\",\"width\":1074,\"height\":738,\"caption\":\"nada\"},\"primaryImageOfPage\":{\"@id\":\"https:\\\/\\\/eldigitaldeasturias.com\\\/radio\\\/por-que-nadie-hizo-nada\\\/#mainImage\"},\"datePublished\":\"2024-12-27T12:40:55+01:00\",\"dateModified\":\"2024-12-27T14:44:29+01:00\"},{\"@type\":\"WebSite\",\"@id\":\"https:\\\/\\\/eldigitaldeasturias.com\\\/radio\\\/#website\",\"url\":\"https:\\\/\\\/eldigitaldeasturias.com\\\/radio\\\/\",\"name\":\"El Digital de Asturias\",\"description\":\"Diario de informaci\\u00f3n y noticias\",\"inLanguage\":\"es-ES\",\"publisher\":{\"@id\":\"https:\\\/\\\/eldigitaldeasturias.com\\\/radio\\\/#organization\"}}]}\n\t\t<\/script>\n\t\t<!-- All in One SEO Pro -->\r\n\t\t<title>\u00bfPor qu\u00e9 nadie hizo nada? | El Digital de Asturias<\/title>\n\n","aioseo_head_json":{"title":"\u00bfPor qu\u00e9 nadie hizo nada? | El Digital de Asturias","description":"\u00bfPor qu\u00e9 nadie hizo nada? Esa es la pregunta que siempre, sin excepci\u00f3n, se repite cuando se comunica la noticia del fallecimiento de un ni\u00f1o, ni\u00f1a","canonical_url":"https:\/\/eldigitaldeasturias.com\/radio\/por-que-nadie-hizo-nada\/","robots":"max-image-preview:large","keywords":"live","webmasterTools":{"google-site-verification":"UA-38556648-1","miscellaneous":""},"schema":{"@context":"https:\/\/schema.org","@graph":[{"@type":"BreadcrumbList","@id":"https:\/\/eldigitaldeasturias.com\/radio\/por-que-nadie-hizo-nada\/#breadcrumblist","itemListElement":[{"@type":"ListItem","@id":"https:\/\/eldigitaldeasturias.com\/radio#listItem","position":1,"name":"Inicio","item":"https:\/\/eldigitaldeasturias.com\/radio","nextItem":{"@type":"ListItem","@id":"https:\/\/eldigitaldeasturias.com\/radio\/category\/live\/#listItem","name":"Live"}},{"@type":"ListItem","@id":"https:\/\/eldigitaldeasturias.com\/radio\/category\/live\/#listItem","position":2,"name":"Live","item":"https:\/\/eldigitaldeasturias.com\/radio\/category\/live\/","nextItem":{"@type":"ListItem","@id":"https:\/\/eldigitaldeasturias.com\/radio\/por-que-nadie-hizo-nada\/#listItem","name":"\u00bfPor qu\u00e9 nadie hizo nada?"},"previousItem":{"@type":"ListItem","@id":"https:\/\/eldigitaldeasturias.com\/radio#listItem","name":"Inicio"}},{"@type":"ListItem","@id":"https:\/\/eldigitaldeasturias.com\/radio\/por-que-nadie-hizo-nada\/#listItem","position":3,"name":"\u00bfPor qu\u00e9 nadie hizo nada?","previousItem":{"@type":"ListItem","@id":"https:\/\/eldigitaldeasturias.com\/radio\/category\/live\/#listItem","name":"Live"}}]},{"@type":"NewsArticle","@id":"https:\/\/eldigitaldeasturias.com\/radio\/por-que-nadie-hizo-nada\/#newsarticle","name":"\u00bfPor qu\u00e9 nadie hizo nada? | El Digital de Asturias","headline":"\u00bfPor qu\u00e9 nadie hizo nada?","author":{"@id":"https:\/\/eldigitaldeasturias.com\/radio\/author\/nbasturias\/#author"},"publisher":{"@id":"https:\/\/eldigitaldeasturias.com\/radio\/#organization"},"image":{"@type":"ImageObject","url":"https:\/\/eldigitaldeasturias.com\/radio\/wp-content\/uploads\/2024\/12\/nada.jpg","width":1074,"height":738,"caption":"nada"},"datePublished":"2024-12-27T12:40:55+01:00","dateModified":"2024-12-27T14:44:29+01:00","inLanguage":"es-ES","mainEntityOfPage":{"@id":"https:\/\/eldigitaldeasturias.com\/radio\/por-que-nadie-hizo-nada\/#webpage"},"isPartOf":{"@id":"https:\/\/eldigitaldeasturias.com\/radio\/por-que-nadie-hizo-nada\/#webpage"},"articleSection":"Live, Sociedad","dateline":"Publicado el diciembre 27, 2024."},{"@type":"Organization","@id":"https:\/\/eldigitaldeasturias.com\/radio\/#organization","name":"El digital de Asturias Radio","description":"Diario de informaci\u00f3n y noticias","url":"https:\/\/eldigitaldeasturias.com\/radio\/","telephone":"+34652131393","logo":{"@type":"ImageObject","url":"https:\/\/www.eldigitaldeasturias.com\/radio\/wp-content\/uploads\/2021\/03\/EDA.jpg","@id":"https:\/\/eldigitaldeasturias.com\/radio\/por-que-nadie-hizo-nada\/#organizationLogo"},"image":{"@id":"https:\/\/eldigitaldeasturias.com\/radio\/por-que-nadie-hizo-nada\/#organizationLogo"},"sameAs":["https:\/\/www.facebook.com\/","https:\/\/x.com\/bercodi","https:\/\/www.instagram.com\/","https:\/\/www.youtube.com\/channel\/UCZP-2wLEB9Rv6erhFmqVnvg"]},{"@type":"Person","@id":"https:\/\/eldigitaldeasturias.com\/radio\/author\/nbasturias\/#author","url":"https:\/\/eldigitaldeasturias.com\/radio\/author\/nbasturias\/","name":"NBAsturias","image":{"@type":"ImageObject","@id":"https:\/\/eldigitaldeasturias.com\/radio\/por-que-nadie-hizo-nada\/#authorImage","url":"https:\/\/secure.gravatar.com\/avatar\/df2aeffc32bcd13f8d26072ef8a91b623d677766deac7f97ca815868cd41bf5e?s=96&d=mm&r=g","width":96,"height":96,"caption":"NBAsturias"}},{"@type":"WebPage","@id":"https:\/\/eldigitaldeasturias.com\/radio\/por-que-nadie-hizo-nada\/#webpage","url":"https:\/\/eldigitaldeasturias.com\/radio\/por-que-nadie-hizo-nada\/","name":"\u00bfPor qu\u00e9 nadie hizo nada? | El Digital de Asturias","description":"\u00bfPor qu\u00e9 nadie hizo nada? Esa es la pregunta que siempre, sin excepci\u00f3n, se repite cuando se comunica la noticia del fallecimiento de un ni\u00f1o, ni\u00f1a","inLanguage":"es-ES","isPartOf":{"@id":"https:\/\/eldigitaldeasturias.com\/radio\/#website"},"breadcrumb":{"@id":"https:\/\/eldigitaldeasturias.com\/radio\/por-que-nadie-hizo-nada\/#breadcrumblist"},"author":{"@id":"https:\/\/eldigitaldeasturias.com\/radio\/author\/nbasturias\/#author"},"creator":{"@id":"https:\/\/eldigitaldeasturias.com\/radio\/author\/nbasturias\/#author"},"image":{"@type":"ImageObject","url":"https:\/\/eldigitaldeasturias.com\/radio\/wp-content\/uploads\/2024\/12\/nada.jpg","@id":"https:\/\/eldigitaldeasturias.com\/radio\/por-que-nadie-hizo-nada\/#mainImage","width":1074,"height":738,"caption":"nada"},"primaryImageOfPage":{"@id":"https:\/\/eldigitaldeasturias.com\/radio\/por-que-nadie-hizo-nada\/#mainImage"},"datePublished":"2024-12-27T12:40:55+01:00","dateModified":"2024-12-27T14:44:29+01:00"},{"@type":"WebSite","@id":"https:\/\/eldigitaldeasturias.com\/radio\/#website","url":"https:\/\/eldigitaldeasturias.com\/radio\/","name":"El Digital de Asturias","description":"Diario de informaci\u00f3n y noticias","inLanguage":"es-ES","publisher":{"@id":"https:\/\/eldigitaldeasturias.com\/radio\/#organization"}}]},"og:locale":"es_ES","og:site_name":"El Digital de Asturias | Diario de informaci\u00f3n y noticias","og:type":"article","og:title":"\u00bfPor qu\u00e9 nadie hizo nada? | El Digital de Asturias","og:description":"\u00bfPor qu\u00e9 nadie hizo nada? Esa es la pregunta que siempre, sin excepci\u00f3n, se repite cuando se comunica la noticia del fallecimiento de un ni\u00f1o, ni\u00f1a","og:url":"https:\/\/eldigitaldeasturias.com\/radio\/por-que-nadie-hizo-nada\/","og:image":"https:\/\/eldigitaldeasturias.com\/radio\/wp-content\/uploads\/2024\/12\/nada.jpg","og:image:secure_url":"https:\/\/eldigitaldeasturias.com\/radio\/wp-content\/uploads\/2024\/12\/nada.jpg","og:image:width":1074,"og:image:height":738,"article:published_time":"2024-12-27T11:40:55+00:00","article:modified_time":"2024-12-27T13:44:29+00:00","twitter:card":"summary_large_image","twitter:site":"@bercodi","twitter:title":"\u00bfPor qu\u00e9 nadie hizo nada? | El Digital de Asturias","twitter:description":"\u00bfPor qu\u00e9 nadie hizo nada? Esa es la pregunta que siempre, sin excepci\u00f3n, se repite cuando se comunica la noticia del fallecimiento de un ni\u00f1o, ni\u00f1a","twitter:creator":"@bercodi","twitter:image":"https:\/\/eldigitaldeasturias.com\/radio\/wp-content\/uploads\/2024\/12\/nada.jpg"},"aioseo_meta_data":{"post_id":"9584","title":null,"description":"\u00bfPor qu\u00e9 nadie hizo nada? Esa es la pregunta que siempre, sin excepci\u00f3n, se repite cuando se comunica la noticia del fallecimiento de un ni\u00f1o, ni\u00f1a","keywords":null,"keyphrases":{"focus":{"keyphrase":"nada","score":91,"analysis":{"keyphraseInTitle":{"score":9,"maxScore":9,"error":0},"keyphraseInDescription":{"score":9,"maxScore":9,"error":0},"keyphraseLength":{"score":9,"maxScore":9,"error":0,"length":1},"keyphraseInURL":{"score":5,"maxScore":5,"error":0},"keyphraseInIntroduction":{"score":9,"maxScore":9,"error":0},"keyphraseInSubHeadings":{"score":3,"maxScore":9,"error":1},"keyphraseInImageAlt":{"score":9,"maxScore":9,"error":0},"keywordDensity":{"type":"best","score":9,"maxScore":9,"error":0}}},"additional":[{"keyphrase":"nada","score":100,"analysis":{"keyphraseInDescription":{"score":9,"maxScore":9,"error":0},"keyphraseLength":{"score":9,"maxScore":9,"error":0,"length":1},"keyphraseInIntroduction":{"score":9,"maxScore":9,"error":0},"keyphraseInImageAlt":{"score":9,"maxScore":9,"error":0},"keywordDensity":{"type":"best","score":9,"maxScore":9,"error":0}}}]},"primary_term":null,"canonical_url":null,"og_title":null,"og_description":null,"og_object_type":"default","og_image_type":"default","og_image_url":null,"og_image_width":null,"og_image_height":null,"og_image_custom_url":null,"og_image_custom_fields":null,"og_video":"","og_custom_url":null,"og_article_section":null,"og_article_tags":null,"twitter_use_og":false,"twitter_card":"default","twitter_image_type":"default","twitter_image_url":null,"twitter_image_custom_url":null,"twitter_image_custom_fields":null,"twitter_title":null,"twitter_description":null,"schema":{"blockGraphs":[],"customGraphs":[],"default":{"data":{"Article":[],"Course":[],"Dataset":[],"FAQPage":[],"Movie":[],"Person":[],"Product":[],"ProductReview":[],"Car":[],"Recipe":[],"Service":[],"SoftwareApplication":[],"WebPage":[]},"graphName":"NewsArticle","isEnabled":true},"graphs":[]},"schema_type":"default","schema_type_options":null,"pillar_content":false,"robots_default":true,"robots_noindex":false,"robots_noarchive":false,"robots_nosnippet":false,"robots_nofollow":false,"robots_noimageindex":false,"robots_noodp":false,"robots_notranslate":false,"robots_max_snippet":"-1","robots_max_videopreview":"-1","robots_max_imagepreview":"large","priority":null,"frequency":"default","location":null,"local_seo":null,"seo_analyzer_scan_date":"2025-08-28 23:16:33","breadcrumb_settings":null,"limit_modified_date":false,"open_ai":"{\"title\":{\"suggestions\":[],\"usage\":0},\"description\":{\"suggestions\":[],\"usage\":0}}","ai":null,"created":"2024-12-27 11:36:09","updated":"2025-08-28 23:16:33"},"aioseo_breadcrumb":"<div class=\"aioseo-breadcrumbs\"><span class=\"aioseo-breadcrumb\">\n\t<a href=\"https:\/\/eldigitaldeasturias.com\/radio\" title=\"Inicio\">Inicio<\/a>\n<\/span><span class=\"aioseo-breadcrumb-separator\">&ndash;<\/span><span class=\"aioseo-breadcrumb\">\n\t<a href=\"https:\/\/eldigitaldeasturias.com\/radio\/category\/live\/\" title=\"Live\">Live<\/a>\n<\/span><span class=\"aioseo-breadcrumb-separator\">&ndash;<\/span><span class=\"aioseo-breadcrumb\">\n\t\u00bfPor qu\u00e9 nadie hizo nada?\n<\/span><\/div>","aioseo_breadcrumb_json":[{"label":"Inicio","link":"https:\/\/eldigitaldeasturias.com\/radio"},{"label":"Live","link":"https:\/\/eldigitaldeasturias.com\/radio\/category\/live\/"},{"label":"\u00bfPor qu\u00e9 nadie hizo nada?","link":"https:\/\/eldigitaldeasturias.com\/radio\/por-que-nadie-hizo-nada\/"}],"_links":{"self":[{"href":"https:\/\/eldigitaldeasturias.com\/radio\/wp-json\/wp\/v2\/posts\/9584","targetHints":{"allow":["GET"]}}],"collection":[{"href":"https:\/\/eldigitaldeasturias.com\/radio\/wp-json\/wp\/v2\/posts"}],"about":[{"href":"https:\/\/eldigitaldeasturias.com\/radio\/wp-json\/wp\/v2\/types\/post"}],"author":[{"embeddable":true,"href":"https:\/\/eldigitaldeasturias.com\/radio\/wp-json\/wp\/v2\/users\/1"}],"replies":[{"embeddable":true,"href":"https:\/\/eldigitaldeasturias.com\/radio\/wp-json\/wp\/v2\/comments?post=9584"}],"version-history":[{"count":0,"href":"https:\/\/eldigitaldeasturias.com\/radio\/wp-json\/wp\/v2\/posts\/9584\/revisions"}],"wp:featuredmedia":[{"embeddable":true,"href":"https:\/\/eldigitaldeasturias.com\/radio\/wp-json\/wp\/v2\/media\/9585"}],"wp:attachment":[{"href":"https:\/\/eldigitaldeasturias.com\/radio\/wp-json\/wp\/v2\/media?parent=9584"}],"wp:term":[{"taxonomy":"category","embeddable":true,"href":"https:\/\/eldigitaldeasturias.com\/radio\/wp-json\/wp\/v2\/categories?post=9584"},{"taxonomy":"post_tag","embeddable":true,"href":"https:\/\/eldigitaldeasturias.com\/radio\/wp-json\/wp\/v2\/tags?post=9584"}],"curies":[{"name":"wp","href":"https:\/\/api.w.org\/{rel}","templated":true}]}}