{"id":9579,"date":"2024-12-23T07:21:21","date_gmt":"2024-12-23T06:21:21","guid":{"rendered":"https:\/\/eldigitaldeasturias.com\/radio\/?p=9579"},"modified":"2024-12-23T07:21:21","modified_gmt":"2024-12-23T06:21:21","slug":"abogado-en-gijon-para-una-defensa-y-asesoramiento-integral","status":"publish","type":"post","link":"https:\/\/eldigitaldeasturias.com\/radio\/abogado-en-gijon-para-una-defensa-y-asesoramiento-integral\/","title":{"rendered":"Abogado en Gij\u00f3n para una defensa y asesoramiento integral"},"content":{"rendered":"<p><strong>A lo largo de la vida siempre van surgiendo sucesos\u00a0o situaciones<\/strong> en las que se necesita el asesoramiento y los <strong>servicios de un <a title=\"Abogado en Gij\u00f3n\" href=\"https:\/\/servandagijon.es\/\" target=\"_blank\" rel=\"noopener\"><span style=\"color: #ff6600;\">abogado en Gij\u00f3n<\/span><\/a><\/strong> que sepa dar respuesta a nuestras necesidades y tambi\u00e9n a las de todas las personas e integrantes que forman parte de la familia.<\/p>\n<p><img fetchpriority=\"high\" decoding=\"async\" class=\"aligncenter size-large wp-image-9580\" src=\"https:\/\/eldigitaldeasturias.com\/radio\/wp-content\/uploads\/2024\/12\/abogado-Gijon-650x464.jpg\" alt=\"abogado Gij\u00f3n\" width=\"650\" height=\"464\" srcset=\"https:\/\/eldigitaldeasturias.com\/radio\/wp-content\/uploads\/2024\/12\/abogado-Gijon-650x464.jpg 650w, https:\/\/eldigitaldeasturias.com\/radio\/wp-content\/uploads\/2024\/12\/abogado-Gijon-360x257.jpg 360w, https:\/\/eldigitaldeasturias.com\/radio\/wp-content\/uploads\/2024\/12\/abogado-Gijon-768x548.jpg 768w, https:\/\/eldigitaldeasturias.com\/radio\/wp-content\/uploads\/2024\/12\/abogado-Gijon-150x107.jpg 150w, https:\/\/eldigitaldeasturias.com\/radio\/wp-content\/uploads\/2024\/12\/abogado-Gijon-450x321.jpg 450w, https:\/\/eldigitaldeasturias.com\/radio\/wp-content\/uploads\/2024\/12\/abogado-Gijon-1200x857.jpg 1200w, https:\/\/eldigitaldeasturias.com\/radio\/wp-content\/uploads\/2024\/12\/abogado-Gijon.jpg 1280w\" sizes=\"(max-width: 650px) 100vw, 650px\" \/><\/p>\n<p><strong>En la vida muchas veces tenemos que hacer frente a sucesos o momentos no deseados, ya sea una agresi\u00f3n, un accidente, despido laboral o un impago.<\/strong> Tambi\u00e9n hay casos en los que podemos ser acusados por otras personas por una imprudencia, accidente o incidentes e incluso por un contrato mal redactado. Y no podemos olvidarnos de otro de los temas que siempre es importante dejar en manos de expertos, <strong>las herencias<\/strong>. Para todo ello y otros muchos casos m\u00e1s<strong> te recomendamos siempre contar con un profesional que realmente s\u00ed sepa defender tus derechos y aconsejarte en todo momento para lograr acuerdos que sean justos o una defensa integral cuando la situaci\u00f3n lo requiera.<\/strong><\/p>\n<p><strong>Un abogado nos puede ayudar y asesorar en otros muchos casos<\/strong>, ya sea por un accidente o incidente con otras personas; por temas relacionados con<strong> asuntos econ\u00f3micos, de vivienda, contratos firmados con empresas o entidades bancarias, y tambi\u00e9n por un da\u00f1o causado por una mascota o una de las personas que son parte de la familia<\/strong>. Los sucesos y accidentes pueden ocurrir en cualquier momento de la vida, incluso tomando todas las medidas de seguridad necesarias y cumpliendo las leyes, y de ah\u00ed la necesidad siempre de contar con un profesional que sepa asesorar, explicar los pasos a seguir y que se encargue de representarnos.<\/p>\n<h2>Asesoramiento y defensa integral<\/h2>\n<p><strong>Un abogado en Gij\u00f3n te asesorar\u00e1 sobre los temas relacionados con las jubilaciones o prestaciones a las que tienes derecho<\/strong> o a las que tenga derecho una persona de tu familia; adem\u00e1s tambi\u00e9n te ofrecer\u00e1 sus servicios en<strong> temas relacionados con delitos de lesiones, seguridad vial, impugnaciones de herencias o cuando se desea renunciar a una herencia.<\/strong><\/p>\n<p><strong> Adem\u00e1s uno de los temas sobre los que hoy en d\u00eda muchas personas buscan informaci\u00f3n y asesoramiento es sobre los aspectos legales de las donaciones<\/strong> para asegurar que el proceso sea legal y cumpla con todos los requisitos.<\/p>\n<p><strong>Otro de los motives para confiar y contratar los servicios de Servanda Abogados es su compromiso con la protecci\u00f3n de los derechos civiles de sus clientes<\/strong>, pues defeienden la igualdad ante la ley y trabajan muy duro para ser la voz de aquellos que se enfrentan a violaciones de sus derechos fundamentales, para ello dedican todo el tiempo necesario para comprender los detalles de cada situaci\u00f3n, lo que les permite desarrollar estrategias adaptadas a las circunstancias \u00fanicas de sus clientes.<\/p>\n<p><strong>\u00abNuestro compromiso es brindar asesoramiento claro y pr\u00e1ctico que permita a nuestros clientes tomar decisiones informadas sobre el curso de acci\u00f3n m\u00e1s adecuado\u00bb nos comentan<\/strong>, y adem\u00e1s tambi\u00e9n afirman que siempre mantienen las l\u00edneas de comunicaci\u00f3n abiertas, <strong>respondiendo a las consultas que puedan tener sus clientes para de ese modo ir informando de las actualizaciones regulares sobre el progreso de cada caso.<\/strong><\/p>\n<h2>Asesorarse siempre con expertos<\/h2>\n<p>A la hora de <strong>elegir un abogado<\/strong> siempre es importante contar con la ayuda de expertos y en <strong>Servanda Abogados<\/strong> cuentan con una larga experiencia ayudando a sus clientes en toda clase de \u00e1mbitos para cubrir todas las necesidades que puedan tener y defender siempre sus derechos.<\/p>\n<p><strong>Recuerda visitar servandagijon.es para conocer todos los servicios que te ofrece un abogado en Gij\u00f3n<\/strong> que te ayudar\u00e1 a gestionar cada situaci\u00f3n y que adem\u00e1s tambi\u00e9n intentar\u00e1 defender lo tuyo y llegar a acuerdos justos para que de ese modo las soluciones no se alarguen en el tiempo.<\/p>\n<h3>Para m\u00e1s informaci\u00f3n tambi\u00e9n tienes los siguientes m\u00e9todos de contacto:<\/h3>\n<ul>\n<li>Servanda Gij\u00f3n<\/li>\n<li>Direcci\u00f3n: Pl. de Nicanor Pi\u00f1ole, 1, Escalera Izquierda 1, Centro, 33205 Gij\u00f3n, Asturias<\/li>\n<li>Tel\u00e9fono: 684 61 26 44<\/li>\n<\/ul>\n","protected":false},"excerpt":{"rendered":"<p>A lo largo de la vida siempre van surgiendo sucesos\u00a0o situaciones en las que se necesita el asesoramiento y los servicios de un abogado en Gij\u00f3n que sepa dar respuesta a nuestras necesidades y tambi\u00e9n a las de todas las personas e integrantes que forman parte de la familia. En la vida muchas veces tenemos<\/p>\n","protected":false},"author":1,"featured_media":9580,"comment_status":"closed","ping_status":"closed","sticky":false,"template":"","format":"standard","meta":{"footnotes":""},"categories":[38],"tags":[45],"class_list":{"0":"post-9579","1":"post","2":"type-post","3":"status-publish","4":"format-standard","5":"has-post-thumbnail","7":"category-live","8":"tag-sociedad"},"aioseo_notices":[],"aioseo_head":"\n\t\t<!-- All in One SEO Pro 4.9.6.2 - aioseo.com -->\n\t<meta name=\"description\" content=\"A lo largo de la vida siempre van surgiendo sucesos o situaciones en las que se necesita el asesoramiento y los servicios de un abogado en Gij\u00f3n que sepa dar\" \/>\n\t<meta name=\"robots\" content=\"max-image-preview:large\" \/>\n\t<meta name=\"author\" content=\"NBAsturias\"\/>\n\t<meta name=\"google-site-verification\" content=\"UA-38556648-1\" \/>\n\t<meta name=\"keywords\" content=\"live\" \/>\n\t<link rel=\"canonical\" href=\"https:\/\/eldigitaldeasturias.com\/radio\/abogado-en-gijon-para-una-defensa-y-asesoramiento-integral\/\" \/>\n\t<meta name=\"generator\" content=\"All in One SEO Pro (AIOSEO) 4.9.6.2\" \/>\n\t\t<meta property=\"og:locale\" content=\"es_ES\" \/>\n\t\t<meta property=\"og:site_name\" content=\"El Digital de Asturias | Diario de informaci\u00f3n y noticias\" \/>\n\t\t<meta property=\"og:type\" content=\"article\" \/>\n\t\t<meta property=\"og:title\" content=\"Abogado en Gij\u00f3n para una defensa y asesoramiento integral | El Digital de Asturias\" \/>\n\t\t<meta property=\"og:description\" content=\"A lo largo de la vida siempre van surgiendo sucesos o situaciones en las que se necesita el asesoramiento y los servicios de un abogado en Gij\u00f3n que sepa dar\" \/>\n\t\t<meta property=\"og:url\" content=\"https:\/\/eldigitaldeasturias.com\/radio\/abogado-en-gijon-para-una-defensa-y-asesoramiento-integral\/\" \/>\n\t\t<meta property=\"og:image\" content=\"https:\/\/eldigitaldeasturias.com\/radio\/wp-content\/uploads\/2024\/12\/abogado-Gijon.jpg\" \/>\n\t\t<meta property=\"og:image:secure_url\" content=\"https:\/\/eldigitaldeasturias.com\/radio\/wp-content\/uploads\/2024\/12\/abogado-Gijon.jpg\" \/>\n\t\t<meta property=\"og:image:width\" content=\"1280\" \/>\n\t\t<meta property=\"og:image:height\" content=\"914\" \/>\n\t\t<meta property=\"article:published_time\" content=\"2024-12-23T06:21:21+00:00\" \/>\n\t\t<meta property=\"article:modified_time\" content=\"2024-12-23T06:21:21+00:00\" \/>\n\t\t<meta name=\"twitter:card\" content=\"summary_large_image\" \/>\n\t\t<meta name=\"twitter:site\" content=\"@bercodi\" \/>\n\t\t<meta name=\"twitter:title\" content=\"Abogado en Gij\u00f3n para una defensa y asesoramiento integral | El Digital de Asturias\" \/>\n\t\t<meta name=\"twitter:description\" content=\"A lo largo de la vida siempre van surgiendo sucesos o situaciones en las que se necesita el asesoramiento y los servicios de un abogado en Gij\u00f3n que sepa dar\" \/>\n\t\t<meta name=\"twitter:creator\" content=\"@bercodi\" \/>\n\t\t<meta name=\"twitter:image\" content=\"https:\/\/eldigitaldeasturias.com\/radio\/wp-content\/uploads\/2024\/12\/abogado-Gijon.jpg\" \/>\n\t\t<script type=\"application\/ld+json\" class=\"aioseo-schema\">\n\t\t\t{\"@context\":\"https:\\\/\\\/schema.org\",\"@graph\":[{\"@type\":\"BreadcrumbList\",\"@id\":\"https:\\\/\\\/eldigitaldeasturias.com\\\/radio\\\/abogado-en-gijon-para-una-defensa-y-asesoramiento-integral\\\/#breadcrumblist\",\"itemListElement\":[{\"@type\":\"ListItem\",\"@id\":\"https:\\\/\\\/eldigitaldeasturias.com\\\/radio#listItem\",\"position\":1,\"name\":\"Inicio\",\"item\":\"https:\\\/\\\/eldigitaldeasturias.com\\\/radio\",\"nextItem\":{\"@type\":\"ListItem\",\"@id\":\"https:\\\/\\\/eldigitaldeasturias.com\\\/radio\\\/category\\\/live\\\/#listItem\",\"name\":\"Live\"}},{\"@type\":\"ListItem\",\"@id\":\"https:\\\/\\\/eldigitaldeasturias.com\\\/radio\\\/category\\\/live\\\/#listItem\",\"position\":2,\"name\":\"Live\",\"item\":\"https:\\\/\\\/eldigitaldeasturias.com\\\/radio\\\/category\\\/live\\\/\",\"nextItem\":{\"@type\":\"ListItem\",\"@id\":\"https:\\\/\\\/eldigitaldeasturias.com\\\/radio\\\/abogado-en-gijon-para-una-defensa-y-asesoramiento-integral\\\/#listItem\",\"name\":\"Abogado en Gij\\u00f3n para una defensa y asesoramiento integral\"},\"previousItem\":{\"@type\":\"ListItem\",\"@id\":\"https:\\\/\\\/eldigitaldeasturias.com\\\/radio#listItem\",\"name\":\"Inicio\"}},{\"@type\":\"ListItem\",\"@id\":\"https:\\\/\\\/eldigitaldeasturias.com\\\/radio\\\/abogado-en-gijon-para-una-defensa-y-asesoramiento-integral\\\/#listItem\",\"position\":3,\"name\":\"Abogado en Gij\\u00f3n para una defensa y asesoramiento integral\",\"previousItem\":{\"@type\":\"ListItem\",\"@id\":\"https:\\\/\\\/eldigitaldeasturias.com\\\/radio\\\/category\\\/live\\\/#listItem\",\"name\":\"Live\"}}]},{\"@type\":\"NewsArticle\",\"@id\":\"https:\\\/\\\/eldigitaldeasturias.com\\\/radio\\\/abogado-en-gijon-para-una-defensa-y-asesoramiento-integral\\\/#newsarticle\",\"name\":\"Abogado en Gij\\u00f3n para una defensa y asesoramiento integral | El Digital de Asturias\",\"headline\":\"Abogado en Gij\\u00f3n para una defensa y asesoramiento integral\",\"author\":{\"@id\":\"https:\\\/\\\/eldigitaldeasturias.com\\\/radio\\\/author\\\/nbasturias\\\/#author\"},\"publisher\":{\"@id\":\"https:\\\/\\\/eldigitaldeasturias.com\\\/radio\\\/#organization\"},\"image\":{\"@type\":\"ImageObject\",\"url\":\"https:\\\/\\\/eldigitaldeasturias.com\\\/radio\\\/wp-content\\\/uploads\\\/2024\\\/12\\\/abogado-Gijon.jpg\",\"width\":1280,\"height\":914,\"caption\":\"abogado Gij\\u00f3n\"},\"datePublished\":\"2024-12-23T07:21:21+01:00\",\"dateModified\":\"2024-12-23T07:21:21+01:00\",\"inLanguage\":\"es-ES\",\"mainEntityOfPage\":{\"@id\":\"https:\\\/\\\/eldigitaldeasturias.com\\\/radio\\\/abogado-en-gijon-para-una-defensa-y-asesoramiento-integral\\\/#webpage\"},\"isPartOf\":{\"@id\":\"https:\\\/\\\/eldigitaldeasturias.com\\\/radio\\\/abogado-en-gijon-para-una-defensa-y-asesoramiento-integral\\\/#webpage\"},\"articleSection\":\"Live, Sociedad\",\"dateline\":\"Publicado el diciembre 23, 2024.\"},{\"@type\":\"Organization\",\"@id\":\"https:\\\/\\\/eldigitaldeasturias.com\\\/radio\\\/#organization\",\"name\":\"El digital de Asturias Radio\",\"description\":\"Diario de informaci\\u00f3n y noticias\",\"url\":\"https:\\\/\\\/eldigitaldeasturias.com\\\/radio\\\/\",\"telephone\":\"+34652131393\",\"logo\":{\"@type\":\"ImageObject\",\"url\":\"https:\\\/\\\/www.eldigitaldeasturias.com\\\/radio\\\/wp-content\\\/uploads\\\/2021\\\/03\\\/EDA.jpg\",\"@id\":\"https:\\\/\\\/eldigitaldeasturias.com\\\/radio\\\/abogado-en-gijon-para-una-defensa-y-asesoramiento-integral\\\/#organizationLogo\"},\"image\":{\"@id\":\"https:\\\/\\\/eldigitaldeasturias.com\\\/radio\\\/abogado-en-gijon-para-una-defensa-y-asesoramiento-integral\\\/#organizationLogo\"},\"sameAs\":[\"https:\\\/\\\/www.facebook.com\\\/\",\"https:\\\/\\\/x.com\\\/bercodi\",\"https:\\\/\\\/www.instagram.com\\\/\",\"https:\\\/\\\/www.youtube.com\\\/channel\\\/UCZP-2wLEB9Rv6erhFmqVnvg\"]},{\"@type\":\"Person\",\"@id\":\"https:\\\/\\\/eldigitaldeasturias.com\\\/radio\\\/author\\\/nbasturias\\\/#author\",\"url\":\"https:\\\/\\\/eldigitaldeasturias.com\\\/radio\\\/author\\\/nbasturias\\\/\",\"name\":\"NBAsturias\",\"image\":{\"@type\":\"ImageObject\",\"@id\":\"https:\\\/\\\/eldigitaldeasturias.com\\\/radio\\\/abogado-en-gijon-para-una-defensa-y-asesoramiento-integral\\\/#authorImage\",\"url\":\"https:\\\/\\\/secure.gravatar.com\\\/avatar\\\/df2aeffc32bcd13f8d26072ef8a91b623d677766deac7f97ca815868cd41bf5e?s=96&d=mm&r=g\",\"width\":96,\"height\":96,\"caption\":\"NBAsturias\"}},{\"@type\":\"WebPage\",\"@id\":\"https:\\\/\\\/eldigitaldeasturias.com\\\/radio\\\/abogado-en-gijon-para-una-defensa-y-asesoramiento-integral\\\/#webpage\",\"url\":\"https:\\\/\\\/eldigitaldeasturias.com\\\/radio\\\/abogado-en-gijon-para-una-defensa-y-asesoramiento-integral\\\/\",\"name\":\"Abogado en Gij\\u00f3n para una defensa y asesoramiento integral | El Digital de Asturias\",\"description\":\"A lo largo de la vida siempre van surgiendo sucesos o situaciones en las que se necesita el asesoramiento y los servicios de un abogado en Gij\\u00f3n que sepa dar\",\"inLanguage\":\"es-ES\",\"isPartOf\":{\"@id\":\"https:\\\/\\\/eldigitaldeasturias.com\\\/radio\\\/#website\"},\"breadcrumb\":{\"@id\":\"https:\\\/\\\/eldigitaldeasturias.com\\\/radio\\\/abogado-en-gijon-para-una-defensa-y-asesoramiento-integral\\\/#breadcrumblist\"},\"author\":{\"@id\":\"https:\\\/\\\/eldigitaldeasturias.com\\\/radio\\\/author\\\/nbasturias\\\/#author\"},\"creator\":{\"@id\":\"https:\\\/\\\/eldigitaldeasturias.com\\\/radio\\\/author\\\/nbasturias\\\/#author\"},\"image\":{\"@type\":\"ImageObject\",\"url\":\"https:\\\/\\\/eldigitaldeasturias.com\\\/radio\\\/wp-content\\\/uploads\\\/2024\\\/12\\\/abogado-Gijon.jpg\",\"@id\":\"https:\\\/\\\/eldigitaldeasturias.com\\\/radio\\\/abogado-en-gijon-para-una-defensa-y-asesoramiento-integral\\\/#mainImage\",\"width\":1280,\"height\":914,\"caption\":\"abogado Gij\\u00f3n\"},\"primaryImageOfPage\":{\"@id\":\"https:\\\/\\\/eldigitaldeasturias.com\\\/radio\\\/abogado-en-gijon-para-una-defensa-y-asesoramiento-integral\\\/#mainImage\"},\"datePublished\":\"2024-12-23T07:21:21+01:00\",\"dateModified\":\"2024-12-23T07:21:21+01:00\"},{\"@type\":\"WebSite\",\"@id\":\"https:\\\/\\\/eldigitaldeasturias.com\\\/radio\\\/#website\",\"url\":\"https:\\\/\\\/eldigitaldeasturias.com\\\/radio\\\/\",\"name\":\"El Digital de Asturias\",\"description\":\"Diario de informaci\\u00f3n y noticias\",\"inLanguage\":\"es-ES\",\"publisher\":{\"@id\":\"https:\\\/\\\/eldigitaldeasturias.com\\\/radio\\\/#organization\"}}]}\n\t\t<\/script>\n\t\t<!-- All in One SEO Pro -->\r\n\t\t<title>Abogado en Gij\u00f3n para una defensa y asesoramiento integral | El Digital de Asturias<\/title>\n\n","aioseo_head_json":{"title":"Abogado en Gij\u00f3n para una defensa y asesoramiento integral | El Digital de Asturias","description":"A lo largo de la vida siempre van surgiendo sucesos o situaciones en las que se necesita el asesoramiento y los servicios de un abogado en Gij\u00f3n que sepa dar","canonical_url":"https:\/\/eldigitaldeasturias.com\/radio\/abogado-en-gijon-para-una-defensa-y-asesoramiento-integral\/","robots":"max-image-preview:large","keywords":"live","webmasterTools":{"google-site-verification":"UA-38556648-1","miscellaneous":""},"schema":{"@context":"https:\/\/schema.org","@graph":[{"@type":"BreadcrumbList","@id":"https:\/\/eldigitaldeasturias.com\/radio\/abogado-en-gijon-para-una-defensa-y-asesoramiento-integral\/#breadcrumblist","itemListElement":[{"@type":"ListItem","@id":"https:\/\/eldigitaldeasturias.com\/radio#listItem","position":1,"name":"Inicio","item":"https:\/\/eldigitaldeasturias.com\/radio","nextItem":{"@type":"ListItem","@id":"https:\/\/eldigitaldeasturias.com\/radio\/category\/live\/#listItem","name":"Live"}},{"@type":"ListItem","@id":"https:\/\/eldigitaldeasturias.com\/radio\/category\/live\/#listItem","position":2,"name":"Live","item":"https:\/\/eldigitaldeasturias.com\/radio\/category\/live\/","nextItem":{"@type":"ListItem","@id":"https:\/\/eldigitaldeasturias.com\/radio\/abogado-en-gijon-para-una-defensa-y-asesoramiento-integral\/#listItem","name":"Abogado en Gij\u00f3n para una defensa y asesoramiento integral"},"previousItem":{"@type":"ListItem","@id":"https:\/\/eldigitaldeasturias.com\/radio#listItem","name":"Inicio"}},{"@type":"ListItem","@id":"https:\/\/eldigitaldeasturias.com\/radio\/abogado-en-gijon-para-una-defensa-y-asesoramiento-integral\/#listItem","position":3,"name":"Abogado en Gij\u00f3n para una defensa y asesoramiento integral","previousItem":{"@type":"ListItem","@id":"https:\/\/eldigitaldeasturias.com\/radio\/category\/live\/#listItem","name":"Live"}}]},{"@type":"NewsArticle","@id":"https:\/\/eldigitaldeasturias.com\/radio\/abogado-en-gijon-para-una-defensa-y-asesoramiento-integral\/#newsarticle","name":"Abogado en Gij\u00f3n para una defensa y asesoramiento integral | El Digital de Asturias","headline":"Abogado en Gij\u00f3n para una defensa y asesoramiento integral","author":{"@id":"https:\/\/eldigitaldeasturias.com\/radio\/author\/nbasturias\/#author"},"publisher":{"@id":"https:\/\/eldigitaldeasturias.com\/radio\/#organization"},"image":{"@type":"ImageObject","url":"https:\/\/eldigitaldeasturias.com\/radio\/wp-content\/uploads\/2024\/12\/abogado-Gijon.jpg","width":1280,"height":914,"caption":"abogado Gij\u00f3n"},"datePublished":"2024-12-23T07:21:21+01:00","dateModified":"2024-12-23T07:21:21+01:00","inLanguage":"es-ES","mainEntityOfPage":{"@id":"https:\/\/eldigitaldeasturias.com\/radio\/abogado-en-gijon-para-una-defensa-y-asesoramiento-integral\/#webpage"},"isPartOf":{"@id":"https:\/\/eldigitaldeasturias.com\/radio\/abogado-en-gijon-para-una-defensa-y-asesoramiento-integral\/#webpage"},"articleSection":"Live, Sociedad","dateline":"Publicado el diciembre 23, 2024."},{"@type":"Organization","@id":"https:\/\/eldigitaldeasturias.com\/radio\/#organization","name":"El digital de Asturias Radio","description":"Diario de informaci\u00f3n y noticias","url":"https:\/\/eldigitaldeasturias.com\/radio\/","telephone":"+34652131393","logo":{"@type":"ImageObject","url":"https:\/\/www.eldigitaldeasturias.com\/radio\/wp-content\/uploads\/2021\/03\/EDA.jpg","@id":"https:\/\/eldigitaldeasturias.com\/radio\/abogado-en-gijon-para-una-defensa-y-asesoramiento-integral\/#organizationLogo"},"image":{"@id":"https:\/\/eldigitaldeasturias.com\/radio\/abogado-en-gijon-para-una-defensa-y-asesoramiento-integral\/#organizationLogo"},"sameAs":["https:\/\/www.facebook.com\/","https:\/\/x.com\/bercodi","https:\/\/www.instagram.com\/","https:\/\/www.youtube.com\/channel\/UCZP-2wLEB9Rv6erhFmqVnvg"]},{"@type":"Person","@id":"https:\/\/eldigitaldeasturias.com\/radio\/author\/nbasturias\/#author","url":"https:\/\/eldigitaldeasturias.com\/radio\/author\/nbasturias\/","name":"NBAsturias","image":{"@type":"ImageObject","@id":"https:\/\/eldigitaldeasturias.com\/radio\/abogado-en-gijon-para-una-defensa-y-asesoramiento-integral\/#authorImage","url":"https:\/\/secure.gravatar.com\/avatar\/df2aeffc32bcd13f8d26072ef8a91b623d677766deac7f97ca815868cd41bf5e?s=96&d=mm&r=g","width":96,"height":96,"caption":"NBAsturias"}},{"@type":"WebPage","@id":"https:\/\/eldigitaldeasturias.com\/radio\/abogado-en-gijon-para-una-defensa-y-asesoramiento-integral\/#webpage","url":"https:\/\/eldigitaldeasturias.com\/radio\/abogado-en-gijon-para-una-defensa-y-asesoramiento-integral\/","name":"Abogado en Gij\u00f3n para una defensa y asesoramiento integral | El Digital de Asturias","description":"A lo largo de la vida siempre van surgiendo sucesos o situaciones en las que se necesita el asesoramiento y los servicios de un abogado en Gij\u00f3n que sepa dar","inLanguage":"es-ES","isPartOf":{"@id":"https:\/\/eldigitaldeasturias.com\/radio\/#website"},"breadcrumb":{"@id":"https:\/\/eldigitaldeasturias.com\/radio\/abogado-en-gijon-para-una-defensa-y-asesoramiento-integral\/#breadcrumblist"},"author":{"@id":"https:\/\/eldigitaldeasturias.com\/radio\/author\/nbasturias\/#author"},"creator":{"@id":"https:\/\/eldigitaldeasturias.com\/radio\/author\/nbasturias\/#author"},"image":{"@type":"ImageObject","url":"https:\/\/eldigitaldeasturias.com\/radio\/wp-content\/uploads\/2024\/12\/abogado-Gijon.jpg","@id":"https:\/\/eldigitaldeasturias.com\/radio\/abogado-en-gijon-para-una-defensa-y-asesoramiento-integral\/#mainImage","width":1280,"height":914,"caption":"abogado Gij\u00f3n"},"primaryImageOfPage":{"@id":"https:\/\/eldigitaldeasturias.com\/radio\/abogado-en-gijon-para-una-defensa-y-asesoramiento-integral\/#mainImage"},"datePublished":"2024-12-23T07:21:21+01:00","dateModified":"2024-12-23T07:21:21+01:00"},{"@type":"WebSite","@id":"https:\/\/eldigitaldeasturias.com\/radio\/#website","url":"https:\/\/eldigitaldeasturias.com\/radio\/","name":"El Digital de Asturias","description":"Diario de informaci\u00f3n y noticias","inLanguage":"es-ES","publisher":{"@id":"https:\/\/eldigitaldeasturias.com\/radio\/#organization"}}]},"og:locale":"es_ES","og:site_name":"El Digital de Asturias | Diario de informaci\u00f3n y noticias","og:type":"article","og:title":"Abogado en Gij\u00f3n para una defensa y asesoramiento integral | El Digital de Asturias","og:description":"A lo largo de la vida siempre van surgiendo sucesos o situaciones en las que se necesita el asesoramiento y los servicios de un abogado en Gij\u00f3n que sepa dar","og:url":"https:\/\/eldigitaldeasturias.com\/radio\/abogado-en-gijon-para-una-defensa-y-asesoramiento-integral\/","og:image":"https:\/\/eldigitaldeasturias.com\/radio\/wp-content\/uploads\/2024\/12\/abogado-Gijon.jpg","og:image:secure_url":"https:\/\/eldigitaldeasturias.com\/radio\/wp-content\/uploads\/2024\/12\/abogado-Gijon.jpg","og:image:width":1280,"og:image:height":914,"article:published_time":"2024-12-23T06:21:21+00:00","article:modified_time":"2024-12-23T06:21:21+00:00","twitter:card":"summary_large_image","twitter:site":"@bercodi","twitter:title":"Abogado en Gij\u00f3n para una defensa y asesoramiento integral | El Digital de Asturias","twitter:description":"A lo largo de la vida siempre van surgiendo sucesos o situaciones en las que se necesita el asesoramiento y los servicios de un abogado en Gij\u00f3n que sepa dar","twitter:creator":"@bercodi","twitter:image":"https:\/\/eldigitaldeasturias.com\/radio\/wp-content\/uploads\/2024\/12\/abogado-Gijon.jpg"},"aioseo_meta_data":{"post_id":"9579","title":null,"description":"A lo largo de la vida siempre van surgiendo sucesos o situaciones en las que se necesita el asesoramiento y los servicios de un abogado en Gij\u00f3n que sepa dar","keywords":null,"keyphrases":{"focus":{"keyphrase":"abogado en Gij\u00f3n","score":72,"analysis":{"keyphraseInTitle":{"score":9,"maxScore":9,"error":0},"keyphraseInDescription":{"score":9,"maxScore":9,"error":0},"keyphraseLength":{"score":9,"maxScore":9,"error":0,"length":4},"keyphraseInURL":{"score":1,"maxScore":5,"error":1},"keyphraseInIntroduction":{"score":9,"maxScore":9,"error":0},"keyphraseInSubHeadings":{"score":3,"maxScore":9,"error":1},"keyphraseInImageAlt":{"score":9,"maxScore":9,"error":0},"keywordDensity":{"score":0,"type":"low","maxScore":9,"error":1}}},"additional":[{"keyphrase":"abogado en Gij\u00f3n","score":80,"analysis":{"keyphraseInDescription":{"score":9,"maxScore":9,"error":0},"keyphraseLength":{"score":9,"maxScore":9,"error":0,"length":4},"keyphraseInIntroduction":{"score":9,"maxScore":9,"error":0},"keyphraseInImageAlt":{"score":9,"maxScore":9,"error":0},"keywordDensity":{"score":0,"type":"low","maxScore":9,"error":1}}}]},"primary_term":null,"canonical_url":null,"og_title":null,"og_description":null,"og_object_type":"default","og_image_type":"default","og_image_url":null,"og_image_width":null,"og_image_height":null,"og_image_custom_url":null,"og_image_custom_fields":null,"og_video":"","og_custom_url":null,"og_article_section":null,"og_article_tags":null,"twitter_use_og":false,"twitter_card":"default","twitter_image_type":"default","twitter_image_url":null,"twitter_image_custom_url":null,"twitter_image_custom_fields":null,"twitter_title":null,"twitter_description":null,"schema":{"blockGraphs":[],"customGraphs":[],"default":{"data":{"Article":[],"Course":[],"Dataset":[],"FAQPage":[],"Movie":[],"Person":[],"Product":[],"ProductReview":[],"Car":[],"Recipe":[],"Service":[],"SoftwareApplication":[],"WebPage":[]},"graphName":"NewsArticle","isEnabled":true},"graphs":[]},"schema_type":"default","schema_type_options":null,"pillar_content":false,"robots_default":true,"robots_noindex":false,"robots_noarchive":false,"robots_nosnippet":false,"robots_nofollow":false,"robots_noimageindex":false,"robots_noodp":false,"robots_notranslate":false,"robots_max_snippet":"-1","robots_max_videopreview":"-1","robots_max_imagepreview":"large","priority":null,"frequency":"default","location":null,"local_seo":null,"seo_analyzer_scan_date":"2025-08-28 23:16:32","breadcrumb_settings":null,"limit_modified_date":false,"open_ai":"{\"title\":{\"suggestions\":[],\"usage\":0},\"description\":{\"suggestions\":[],\"usage\":0}}","ai":null,"created":"2024-12-23 06:10:37","updated":"2025-08-28 23:16:32"},"aioseo_breadcrumb":"<div class=\"aioseo-breadcrumbs\"><span class=\"aioseo-breadcrumb\">\n\t<a href=\"https:\/\/eldigitaldeasturias.com\/radio\" title=\"Inicio\">Inicio<\/a>\n<\/span><span class=\"aioseo-breadcrumb-separator\">&ndash;<\/span><span class=\"aioseo-breadcrumb\">\n\t<a href=\"https:\/\/eldigitaldeasturias.com\/radio\/category\/live\/\" title=\"Live\">Live<\/a>\n<\/span><span class=\"aioseo-breadcrumb-separator\">&ndash;<\/span><span class=\"aioseo-breadcrumb\">\n\tAbogado en Gij\u00f3n para una defensa y asesoramiento integral\n<\/span><\/div>","aioseo_breadcrumb_json":[{"label":"Inicio","link":"https:\/\/eldigitaldeasturias.com\/radio"},{"label":"Live","link":"https:\/\/eldigitaldeasturias.com\/radio\/category\/live\/"},{"label":"Abogado en Gij\u00f3n para una defensa y asesoramiento integral","link":"https:\/\/eldigitaldeasturias.com\/radio\/abogado-en-gijon-para-una-defensa-y-asesoramiento-integral\/"}],"_links":{"self":[{"href":"https:\/\/eldigitaldeasturias.com\/radio\/wp-json\/wp\/v2\/posts\/9579","targetHints":{"allow":["GET"]}}],"collection":[{"href":"https:\/\/eldigitaldeasturias.com\/radio\/wp-json\/wp\/v2\/posts"}],"about":[{"href":"https:\/\/eldigitaldeasturias.com\/radio\/wp-json\/wp\/v2\/types\/post"}],"author":[{"embeddable":true,"href":"https:\/\/eldigitaldeasturias.com\/radio\/wp-json\/wp\/v2\/users\/1"}],"replies":[{"embeddable":true,"href":"https:\/\/eldigitaldeasturias.com\/radio\/wp-json\/wp\/v2\/comments?post=9579"}],"version-history":[{"count":0,"href":"https:\/\/eldigitaldeasturias.com\/radio\/wp-json\/wp\/v2\/posts\/9579\/revisions"}],"wp:featuredmedia":[{"embeddable":true,"href":"https:\/\/eldigitaldeasturias.com\/radio\/wp-json\/wp\/v2\/media\/9580"}],"wp:attachment":[{"href":"https:\/\/eldigitaldeasturias.com\/radio\/wp-json\/wp\/v2\/media?parent=9579"}],"wp:term":[{"taxonomy":"category","embeddable":true,"href":"https:\/\/eldigitaldeasturias.com\/radio\/wp-json\/wp\/v2\/categories?post=9579"},{"taxonomy":"post_tag","embeddable":true,"href":"https:\/\/eldigitaldeasturias.com\/radio\/wp-json\/wp\/v2\/tags?post=9579"}],"curies":[{"name":"wp","href":"https:\/\/api.w.org\/{rel}","templated":true}]}}