{"id":9452,"date":"2024-11-15T18:18:45","date_gmt":"2024-11-15T17:18:45","guid":{"rendered":"https:\/\/eldigitaldeasturias.com\/radio\/?p=9452"},"modified":"2024-11-15T18:19:57","modified_gmt":"2024-11-15T17:19:57","slug":"el-festival-de-cine-humanitario-2024-habla-castellano-en-turquia","status":"publish","type":"post","link":"https:\/\/eldigitaldeasturias.com\/radio\/el-festival-de-cine-humanitario-2024-habla-castellano-en-turquia\/","title":{"rendered":"El \u00abFestival de Cine Humanitario\u00bb 2024 habla castellano en Turqu\u00eda"},"content":{"rendered":"<p class=\"normal\" style=\"text-align: justify;\"><span lang=\"es\">Con el objetivo de ofrecer una plataforma significativa para que cineastas aborden temas humanitarios desde perspectivas \u00fanicas, la Corporaci\u00f3n de Radio y Televisi\u00f3n de Turqu\u00eda (TRT) organiz\u00f3 por sexto a\u00f1o consecutivo el festival \u00ab<span style=\"color: #ff6600;\"><strong><a style=\"color: #ff6600;\" title=\"TRT World Citizen Humanitarian Film Festival\" href=\"https:\/\/worldcitizenfilmfestival.com\/\" target=\"_blank\" rel=\"noopener\">TRT World Citizen Humanitarian Film Festival<\/a><\/strong><\/span>\u00ab, donde se abordaron temas cruciales como la guerra, los conflictos, los derechos humanos y la crisis clim\u00e1tica.\u00a0<\/span><\/p>\n<p><img fetchpriority=\"high\" decoding=\"async\" class=\"aligncenter size-large wp-image-9453\" src=\"https:\/\/eldigitaldeasturias.com\/radio\/wp-content\/uploads\/2024\/11\/Festival-de-Cine-650x433.jpg\" alt=\"Festival de Cine\" width=\"650\" height=\"433\" srcset=\"https:\/\/eldigitaldeasturias.com\/radio\/wp-content\/uploads\/2024\/11\/Festival-de-Cine-650x433.jpg 650w, https:\/\/eldigitaldeasturias.com\/radio\/wp-content\/uploads\/2024\/11\/Festival-de-Cine-360x240.jpg 360w, https:\/\/eldigitaldeasturias.com\/radio\/wp-content\/uploads\/2024\/11\/Festival-de-Cine-768x512.jpg 768w, https:\/\/eldigitaldeasturias.com\/radio\/wp-content\/uploads\/2024\/11\/Festival-de-Cine-150x100.jpg 150w, https:\/\/eldigitaldeasturias.com\/radio\/wp-content\/uploads\/2024\/11\/Festival-de-Cine-450x300.jpg 450w, https:\/\/eldigitaldeasturias.com\/radio\/wp-content\/uploads\/2024\/11\/Festival-de-Cine.jpg 1085w\" sizes=\"(max-width: 650px) 100vw, 650px\" \/><\/p>\n<p class=\"normal\" style=\"text-align: justify;\"><span lang=\"es\">La ceremonia de entrega de premios, celebrada en el Centro Cultural Atat\u00fcrk, fue conducida por el Director General de TRT, Mehmet Zahid Sobac\u0131, y cont\u00f3 con la presencia del Director de Comunicaci\u00f3n de la Presidencia, Fahrettin Altun, junto a numerosos invitados del \u00e1mbito cinematogr\u00e1fico y art\u00edstico. \u201cApoyamos este festival porque re\u00fane a productores y directores al servicio de la humanidad\u201d explic\u00f3 Zahid.<\/span><span lang=\"es\">\u00a0<\/span><\/p>\n<p class=\"normal\" style=\"text-align: justify;\"><span lang=\"es\">Por su parte, Fahrettin Altun, destac\u00f3 que \u201cel Festival de Cine Humanitario de TRT World Citizen es una manifestaci\u00f3n institucional de la sensibilidad de Turqu\u00eda. Se ha convertido en una tradici\u00f3n que sirve para reunir a valiosos productores y directores que son altavoces con sus obras\u201d, a\u00f1adi\u00f3.<\/span><span lang=\"es\">\u00a0<\/span><\/p>\n<p class=\"normal\" style=\"text-align: justify;\"><span lang=\"es\">Este a\u00f1o, el premio a la \u201cMejor Pel\u00edcula\u201d fue para Roberto Valencia, de Ecuador, por \u201cEl extra\u00f1o caso del hombre bala\u201d. El segundo premio fue otorgado a Ali Sohail Jaura, de Pakist\u00e1n, por \u201cLengua asesina\u201d, y el tercer premio fue para Jimmy Ming Shum, de Jap\u00f3n, por \u201cH\u00e1blame\u201d.<\/span><span lang=\"es\">\u00a0<\/span><\/p>\n<p class=\"normal\" style=\"text-align: justify;\"><span lang=\"es\">El Festival de Cine Humanitario busca poner de relieve los problemas humanitarios globales e inspirar un cambio positivo en el mundo. Cada a\u00f1o, el festival homenajea y premia a cineastas que dirigen sus lentes hacia regiones y asuntos donde la justicia es desigual. El cine permite presentar temas complejos de la forma m\u00e1s comprensible y que, de otra manera, podr\u00edan ser objeto de debate.<\/span><span lang=\"es\">\u00a0<\/span><\/p>\n<p class=\"normal\" style=\"text-align: justify;\"><span lang=\"es\">El festival present\u00f3 en su jornada las proyecciones de las diez pel\u00edculas finalistas, junto con paneles y talleres con destacados profesionales de la industria.<\/span><span style=\"font-size: 14px; color: var(--c-contrast-800);\">\u00a0<\/span><\/p>\n<p class=\"normal\" style=\"text-align: justify;\"><span lang=\"es\">Entre las actividades se incluyeron el \u00abPanel de Cine Humanitario\u00bb, con la presidenta del jurado Aida Begic y los miembros Abd\u00fclhamid G\u00fcler, Faysal Soysal y Darin J. Sallam; la \u00abClase Magistral de An\u00e1lisis de Cine\u00bb con B\u00fc\u015fra B\u00fclb\u00fcl y Sina Salimi; y una \u00abClase Magistral de Actuaci\u00f3n\u00bb con el actor Olgun \u015eimek.<\/span><span lang=\"es\">\u00a0<\/span><\/p>\n<p class=\"normal\"><span lang=\"es\">\u00a0<\/span><\/p>\n","protected":false},"excerpt":{"rendered":"<p>Con el objetivo de ofrecer una plataforma significativa para que cineastas aborden temas humanitarios desde perspectivas \u00fanicas, la Corporaci\u00f3n de Radio y Televisi\u00f3n de Turqu\u00eda (TRT) organiz\u00f3 por sexto a\u00f1o consecutivo el festival \u00abTRT World Citizen Humanitarian Film Festival\u00ab, donde se abordaron temas cruciales como la guerra, los conflictos, los derechos humanos y la crisis<\/p>\n","protected":false},"author":1,"featured_media":9453,"comment_status":"closed","ping_status":"closed","sticky":false,"template":"","format":"standard","meta":{"footnotes":""},"categories":[28],"tags":[79],"class_list":{"0":"post-9452","1":"post","2":"type-post","3":"status-publish","4":"format-standard","5":"has-post-thumbnail","7":"category-variedades","8":"tag-cultura"},"aioseo_notices":[],"aioseo_head":"\n\t\t<!-- All in One SEO Pro 4.9.6.2 - aioseo.com -->\n\t<meta name=\"description\" content=\"Con el objetivo de ofrecer una plataforma significativa para que cineastas aborden temas humanitarios desde perspectivas \u00fanicas, la Corporaci\u00f3n de Radio\" \/>\n\t<meta name=\"robots\" content=\"max-image-preview:large\" \/>\n\t<meta name=\"author\" content=\"NBAsturias\"\/>\n\t<meta name=\"google-site-verification\" content=\"UA-38556648-1\" \/>\n\t<meta name=\"keywords\" content=\"variedades\" \/>\n\t<link rel=\"canonical\" href=\"https:\/\/eldigitaldeasturias.com\/radio\/el-festival-de-cine-humanitario-2024-habla-castellano-en-turquia\/\" \/>\n\t<meta name=\"generator\" content=\"All in One SEO Pro (AIOSEO) 4.9.6.2\" \/>\n\t\t<meta property=\"og:locale\" content=\"es_ES\" \/>\n\t\t<meta property=\"og:site_name\" content=\"El Digital de Asturias | Diario de informaci\u00f3n y noticias\" \/>\n\t\t<meta property=\"og:type\" content=\"article\" \/>\n\t\t<meta property=\"og:title\" content=\"El \u00abFestival de Cine Humanitario\u00bb 2024 habla castellano en Turqu\u00eda | El Digital de Asturias\" \/>\n\t\t<meta property=\"og:description\" content=\"Con el objetivo de ofrecer una plataforma significativa para que cineastas aborden temas humanitarios desde perspectivas \u00fanicas, la Corporaci\u00f3n de Radio\" \/>\n\t\t<meta property=\"og:url\" content=\"https:\/\/eldigitaldeasturias.com\/radio\/el-festival-de-cine-humanitario-2024-habla-castellano-en-turquia\/\" \/>\n\t\t<meta property=\"og:image\" content=\"https:\/\/eldigitaldeasturias.com\/radio\/wp-content\/uploads\/2024\/11\/Festival-de-Cine.jpg\" \/>\n\t\t<meta property=\"og:image:secure_url\" content=\"https:\/\/eldigitaldeasturias.com\/radio\/wp-content\/uploads\/2024\/11\/Festival-de-Cine.jpg\" \/>\n\t\t<meta property=\"og:image:width\" content=\"1085\" \/>\n\t\t<meta property=\"og:image:height\" content=\"723\" \/>\n\t\t<meta property=\"article:published_time\" content=\"2024-11-15T17:18:45+00:00\" \/>\n\t\t<meta property=\"article:modified_time\" content=\"2024-11-15T17:19:57+00:00\" \/>\n\t\t<meta name=\"twitter:card\" content=\"summary_large_image\" \/>\n\t\t<meta name=\"twitter:site\" content=\"@bercodi\" \/>\n\t\t<meta name=\"twitter:title\" content=\"El \u00abFestival de Cine Humanitario\u00bb 2024 habla castellano en Turqu\u00eda | El Digital de Asturias\" \/>\n\t\t<meta name=\"twitter:description\" content=\"Con el objetivo de ofrecer una plataforma significativa para que cineastas aborden temas humanitarios desde perspectivas \u00fanicas, la Corporaci\u00f3n de Radio\" \/>\n\t\t<meta name=\"twitter:creator\" content=\"@bercodi\" \/>\n\t\t<meta name=\"twitter:image\" content=\"https:\/\/eldigitaldeasturias.com\/radio\/wp-content\/uploads\/2024\/11\/Festival-de-Cine.jpg\" \/>\n\t\t<script type=\"application\/ld+json\" class=\"aioseo-schema\">\n\t\t\t{\"@context\":\"https:\\\/\\\/schema.org\",\"@graph\":[{\"@type\":\"BreadcrumbList\",\"@id\":\"https:\\\/\\\/eldigitaldeasturias.com\\\/radio\\\/el-festival-de-cine-humanitario-2024-habla-castellano-en-turquia\\\/#breadcrumblist\",\"itemListElement\":[{\"@type\":\"ListItem\",\"@id\":\"https:\\\/\\\/eldigitaldeasturias.com\\\/radio#listItem\",\"position\":1,\"name\":\"Inicio\",\"item\":\"https:\\\/\\\/eldigitaldeasturias.com\\\/radio\",\"nextItem\":{\"@type\":\"ListItem\",\"@id\":\"https:\\\/\\\/eldigitaldeasturias.com\\\/radio\\\/category\\\/variedades\\\/#listItem\",\"name\":\"Variedades\"}},{\"@type\":\"ListItem\",\"@id\":\"https:\\\/\\\/eldigitaldeasturias.com\\\/radio\\\/category\\\/variedades\\\/#listItem\",\"position\":2,\"name\":\"Variedades\",\"item\":\"https:\\\/\\\/eldigitaldeasturias.com\\\/radio\\\/category\\\/variedades\\\/\",\"nextItem\":{\"@type\":\"ListItem\",\"@id\":\"https:\\\/\\\/eldigitaldeasturias.com\\\/radio\\\/el-festival-de-cine-humanitario-2024-habla-castellano-en-turquia\\\/#listItem\",\"name\":\"El \\u00abFestival de Cine Humanitario\\u00bb 2024 habla castellano en Turqu\\u00eda\"},\"previousItem\":{\"@type\":\"ListItem\",\"@id\":\"https:\\\/\\\/eldigitaldeasturias.com\\\/radio#listItem\",\"name\":\"Inicio\"}},{\"@type\":\"ListItem\",\"@id\":\"https:\\\/\\\/eldigitaldeasturias.com\\\/radio\\\/el-festival-de-cine-humanitario-2024-habla-castellano-en-turquia\\\/#listItem\",\"position\":3,\"name\":\"El \\u00abFestival de Cine Humanitario\\u00bb 2024 habla castellano en Turqu\\u00eda\",\"previousItem\":{\"@type\":\"ListItem\",\"@id\":\"https:\\\/\\\/eldigitaldeasturias.com\\\/radio\\\/category\\\/variedades\\\/#listItem\",\"name\":\"Variedades\"}}]},{\"@type\":\"NewsArticle\",\"@id\":\"https:\\\/\\\/eldigitaldeasturias.com\\\/radio\\\/el-festival-de-cine-humanitario-2024-habla-castellano-en-turquia\\\/#newsarticle\",\"name\":\"El \\u00abFestival de Cine Humanitario\\u00bb 2024 habla castellano en Turqu\\u00eda | El Digital de Asturias\",\"headline\":\"El \\u00abFestival de Cine Humanitario\\u00bb 2024 habla castellano en Turqu\\u00eda\",\"author\":{\"@id\":\"https:\\\/\\\/eldigitaldeasturias.com\\\/radio\\\/author\\\/nbasturias\\\/#author\"},\"publisher\":{\"@id\":\"https:\\\/\\\/eldigitaldeasturias.com\\\/radio\\\/#organization\"},\"image\":{\"@type\":\"ImageObject\",\"url\":\"https:\\\/\\\/eldigitaldeasturias.com\\\/radio\\\/wp-content\\\/uploads\\\/2024\\\/11\\\/Festival-de-Cine.jpg\",\"width\":1085,\"height\":723,\"caption\":\"Festival de Cine\"},\"datePublished\":\"2024-11-15T18:18:45+01:00\",\"dateModified\":\"2024-11-15T18:19:57+01:00\",\"inLanguage\":\"es-ES\",\"mainEntityOfPage\":{\"@id\":\"https:\\\/\\\/eldigitaldeasturias.com\\\/radio\\\/el-festival-de-cine-humanitario-2024-habla-castellano-en-turquia\\\/#webpage\"},\"isPartOf\":{\"@id\":\"https:\\\/\\\/eldigitaldeasturias.com\\\/radio\\\/el-festival-de-cine-humanitario-2024-habla-castellano-en-turquia\\\/#webpage\"},\"articleSection\":\"Variedades, cultura\",\"dateline\":\"Publicado el noviembre 15, 2024.\"},{\"@type\":\"Organization\",\"@id\":\"https:\\\/\\\/eldigitaldeasturias.com\\\/radio\\\/#organization\",\"name\":\"El digital de Asturias Radio\",\"description\":\"Diario de informaci\\u00f3n y noticias\",\"url\":\"https:\\\/\\\/eldigitaldeasturias.com\\\/radio\\\/\",\"telephone\":\"+34652131393\",\"logo\":{\"@type\":\"ImageObject\",\"url\":\"https:\\\/\\\/www.eldigitaldeasturias.com\\\/radio\\\/wp-content\\\/uploads\\\/2021\\\/03\\\/EDA.jpg\",\"@id\":\"https:\\\/\\\/eldigitaldeasturias.com\\\/radio\\\/el-festival-de-cine-humanitario-2024-habla-castellano-en-turquia\\\/#organizationLogo\"},\"image\":{\"@id\":\"https:\\\/\\\/eldigitaldeasturias.com\\\/radio\\\/el-festival-de-cine-humanitario-2024-habla-castellano-en-turquia\\\/#organizationLogo\"},\"sameAs\":[\"https:\\\/\\\/www.facebook.com\\\/\",\"https:\\\/\\\/x.com\\\/bercodi\",\"https:\\\/\\\/www.instagram.com\\\/\",\"https:\\\/\\\/www.youtube.com\\\/channel\\\/UCZP-2wLEB9Rv6erhFmqVnvg\"]},{\"@type\":\"Person\",\"@id\":\"https:\\\/\\\/eldigitaldeasturias.com\\\/radio\\\/author\\\/nbasturias\\\/#author\",\"url\":\"https:\\\/\\\/eldigitaldeasturias.com\\\/radio\\\/author\\\/nbasturias\\\/\",\"name\":\"NBAsturias\",\"image\":{\"@type\":\"ImageObject\",\"@id\":\"https:\\\/\\\/eldigitaldeasturias.com\\\/radio\\\/el-festival-de-cine-humanitario-2024-habla-castellano-en-turquia\\\/#authorImage\",\"url\":\"https:\\\/\\\/secure.gravatar.com\\\/avatar\\\/df2aeffc32bcd13f8d26072ef8a91b623d677766deac7f97ca815868cd41bf5e?s=96&d=mm&r=g\",\"width\":96,\"height\":96,\"caption\":\"NBAsturias\"}},{\"@type\":\"WebPage\",\"@id\":\"https:\\\/\\\/eldigitaldeasturias.com\\\/radio\\\/el-festival-de-cine-humanitario-2024-habla-castellano-en-turquia\\\/#webpage\",\"url\":\"https:\\\/\\\/eldigitaldeasturias.com\\\/radio\\\/el-festival-de-cine-humanitario-2024-habla-castellano-en-turquia\\\/\",\"name\":\"El \\u00abFestival de Cine Humanitario\\u00bb 2024 habla castellano en Turqu\\u00eda | El Digital de Asturias\",\"description\":\"Con el objetivo de ofrecer una plataforma significativa para que cineastas aborden temas humanitarios desde perspectivas \\u00fanicas, la Corporaci\\u00f3n de Radio\",\"inLanguage\":\"es-ES\",\"isPartOf\":{\"@id\":\"https:\\\/\\\/eldigitaldeasturias.com\\\/radio\\\/#website\"},\"breadcrumb\":{\"@id\":\"https:\\\/\\\/eldigitaldeasturias.com\\\/radio\\\/el-festival-de-cine-humanitario-2024-habla-castellano-en-turquia\\\/#breadcrumblist\"},\"author\":{\"@id\":\"https:\\\/\\\/eldigitaldeasturias.com\\\/radio\\\/author\\\/nbasturias\\\/#author\"},\"creator\":{\"@id\":\"https:\\\/\\\/eldigitaldeasturias.com\\\/radio\\\/author\\\/nbasturias\\\/#author\"},\"image\":{\"@type\":\"ImageObject\",\"url\":\"https:\\\/\\\/eldigitaldeasturias.com\\\/radio\\\/wp-content\\\/uploads\\\/2024\\\/11\\\/Festival-de-Cine.jpg\",\"@id\":\"https:\\\/\\\/eldigitaldeasturias.com\\\/radio\\\/el-festival-de-cine-humanitario-2024-habla-castellano-en-turquia\\\/#mainImage\",\"width\":1085,\"height\":723,\"caption\":\"Festival de Cine\"},\"primaryImageOfPage\":{\"@id\":\"https:\\\/\\\/eldigitaldeasturias.com\\\/radio\\\/el-festival-de-cine-humanitario-2024-habla-castellano-en-turquia\\\/#mainImage\"},\"datePublished\":\"2024-11-15T18:18:45+01:00\",\"dateModified\":\"2024-11-15T18:19:57+01:00\"},{\"@type\":\"WebSite\",\"@id\":\"https:\\\/\\\/eldigitaldeasturias.com\\\/radio\\\/#website\",\"url\":\"https:\\\/\\\/eldigitaldeasturias.com\\\/radio\\\/\",\"name\":\"El Digital de Asturias\",\"description\":\"Diario de informaci\\u00f3n y noticias\",\"inLanguage\":\"es-ES\",\"publisher\":{\"@id\":\"https:\\\/\\\/eldigitaldeasturias.com\\\/radio\\\/#organization\"}}]}\n\t\t<\/script>\n\t\t<!-- All in One SEO Pro -->\r\n\t\t<title>El \u00abFestival de Cine Humanitario\u00bb 2024 habla castellano en Turqu\u00eda | El Digital de Asturias<\/title>\n\n","aioseo_head_json":{"title":"El \u00abFestival de Cine Humanitario\u00bb 2024 habla castellano en Turqu\u00eda | El Digital de Asturias","description":"Con el objetivo de ofrecer una plataforma significativa para que cineastas aborden temas humanitarios desde perspectivas \u00fanicas, la Corporaci\u00f3n de Radio","canonical_url":"https:\/\/eldigitaldeasturias.com\/radio\/el-festival-de-cine-humanitario-2024-habla-castellano-en-turquia\/","robots":"max-image-preview:large","keywords":"variedades","webmasterTools":{"google-site-verification":"UA-38556648-1","miscellaneous":""},"schema":{"@context":"https:\/\/schema.org","@graph":[{"@type":"BreadcrumbList","@id":"https:\/\/eldigitaldeasturias.com\/radio\/el-festival-de-cine-humanitario-2024-habla-castellano-en-turquia\/#breadcrumblist","itemListElement":[{"@type":"ListItem","@id":"https:\/\/eldigitaldeasturias.com\/radio#listItem","position":1,"name":"Inicio","item":"https:\/\/eldigitaldeasturias.com\/radio","nextItem":{"@type":"ListItem","@id":"https:\/\/eldigitaldeasturias.com\/radio\/category\/variedades\/#listItem","name":"Variedades"}},{"@type":"ListItem","@id":"https:\/\/eldigitaldeasturias.com\/radio\/category\/variedades\/#listItem","position":2,"name":"Variedades","item":"https:\/\/eldigitaldeasturias.com\/radio\/category\/variedades\/","nextItem":{"@type":"ListItem","@id":"https:\/\/eldigitaldeasturias.com\/radio\/el-festival-de-cine-humanitario-2024-habla-castellano-en-turquia\/#listItem","name":"El \u00abFestival de Cine Humanitario\u00bb 2024 habla castellano en Turqu\u00eda"},"previousItem":{"@type":"ListItem","@id":"https:\/\/eldigitaldeasturias.com\/radio#listItem","name":"Inicio"}},{"@type":"ListItem","@id":"https:\/\/eldigitaldeasturias.com\/radio\/el-festival-de-cine-humanitario-2024-habla-castellano-en-turquia\/#listItem","position":3,"name":"El \u00abFestival de Cine Humanitario\u00bb 2024 habla castellano en Turqu\u00eda","previousItem":{"@type":"ListItem","@id":"https:\/\/eldigitaldeasturias.com\/radio\/category\/variedades\/#listItem","name":"Variedades"}}]},{"@type":"NewsArticle","@id":"https:\/\/eldigitaldeasturias.com\/radio\/el-festival-de-cine-humanitario-2024-habla-castellano-en-turquia\/#newsarticle","name":"El \u00abFestival de Cine Humanitario\u00bb 2024 habla castellano en Turqu\u00eda | El Digital de Asturias","headline":"El \u00abFestival de Cine Humanitario\u00bb 2024 habla castellano en Turqu\u00eda","author":{"@id":"https:\/\/eldigitaldeasturias.com\/radio\/author\/nbasturias\/#author"},"publisher":{"@id":"https:\/\/eldigitaldeasturias.com\/radio\/#organization"},"image":{"@type":"ImageObject","url":"https:\/\/eldigitaldeasturias.com\/radio\/wp-content\/uploads\/2024\/11\/Festival-de-Cine.jpg","width":1085,"height":723,"caption":"Festival de Cine"},"datePublished":"2024-11-15T18:18:45+01:00","dateModified":"2024-11-15T18:19:57+01:00","inLanguage":"es-ES","mainEntityOfPage":{"@id":"https:\/\/eldigitaldeasturias.com\/radio\/el-festival-de-cine-humanitario-2024-habla-castellano-en-turquia\/#webpage"},"isPartOf":{"@id":"https:\/\/eldigitaldeasturias.com\/radio\/el-festival-de-cine-humanitario-2024-habla-castellano-en-turquia\/#webpage"},"articleSection":"Variedades, cultura","dateline":"Publicado el noviembre 15, 2024."},{"@type":"Organization","@id":"https:\/\/eldigitaldeasturias.com\/radio\/#organization","name":"El digital de Asturias Radio","description":"Diario de informaci\u00f3n y noticias","url":"https:\/\/eldigitaldeasturias.com\/radio\/","telephone":"+34652131393","logo":{"@type":"ImageObject","url":"https:\/\/www.eldigitaldeasturias.com\/radio\/wp-content\/uploads\/2021\/03\/EDA.jpg","@id":"https:\/\/eldigitaldeasturias.com\/radio\/el-festival-de-cine-humanitario-2024-habla-castellano-en-turquia\/#organizationLogo"},"image":{"@id":"https:\/\/eldigitaldeasturias.com\/radio\/el-festival-de-cine-humanitario-2024-habla-castellano-en-turquia\/#organizationLogo"},"sameAs":["https:\/\/www.facebook.com\/","https:\/\/x.com\/bercodi","https:\/\/www.instagram.com\/","https:\/\/www.youtube.com\/channel\/UCZP-2wLEB9Rv6erhFmqVnvg"]},{"@type":"Person","@id":"https:\/\/eldigitaldeasturias.com\/radio\/author\/nbasturias\/#author","url":"https:\/\/eldigitaldeasturias.com\/radio\/author\/nbasturias\/","name":"NBAsturias","image":{"@type":"ImageObject","@id":"https:\/\/eldigitaldeasturias.com\/radio\/el-festival-de-cine-humanitario-2024-habla-castellano-en-turquia\/#authorImage","url":"https:\/\/secure.gravatar.com\/avatar\/df2aeffc32bcd13f8d26072ef8a91b623d677766deac7f97ca815868cd41bf5e?s=96&d=mm&r=g","width":96,"height":96,"caption":"NBAsturias"}},{"@type":"WebPage","@id":"https:\/\/eldigitaldeasturias.com\/radio\/el-festival-de-cine-humanitario-2024-habla-castellano-en-turquia\/#webpage","url":"https:\/\/eldigitaldeasturias.com\/radio\/el-festival-de-cine-humanitario-2024-habla-castellano-en-turquia\/","name":"El \u00abFestival de Cine Humanitario\u00bb 2024 habla castellano en Turqu\u00eda | El Digital de Asturias","description":"Con el objetivo de ofrecer una plataforma significativa para que cineastas aborden temas humanitarios desde perspectivas \u00fanicas, la Corporaci\u00f3n de Radio","inLanguage":"es-ES","isPartOf":{"@id":"https:\/\/eldigitaldeasturias.com\/radio\/#website"},"breadcrumb":{"@id":"https:\/\/eldigitaldeasturias.com\/radio\/el-festival-de-cine-humanitario-2024-habla-castellano-en-turquia\/#breadcrumblist"},"author":{"@id":"https:\/\/eldigitaldeasturias.com\/radio\/author\/nbasturias\/#author"},"creator":{"@id":"https:\/\/eldigitaldeasturias.com\/radio\/author\/nbasturias\/#author"},"image":{"@type":"ImageObject","url":"https:\/\/eldigitaldeasturias.com\/radio\/wp-content\/uploads\/2024\/11\/Festival-de-Cine.jpg","@id":"https:\/\/eldigitaldeasturias.com\/radio\/el-festival-de-cine-humanitario-2024-habla-castellano-en-turquia\/#mainImage","width":1085,"height":723,"caption":"Festival de Cine"},"primaryImageOfPage":{"@id":"https:\/\/eldigitaldeasturias.com\/radio\/el-festival-de-cine-humanitario-2024-habla-castellano-en-turquia\/#mainImage"},"datePublished":"2024-11-15T18:18:45+01:00","dateModified":"2024-11-15T18:19:57+01:00"},{"@type":"WebSite","@id":"https:\/\/eldigitaldeasturias.com\/radio\/#website","url":"https:\/\/eldigitaldeasturias.com\/radio\/","name":"El Digital de Asturias","description":"Diario de informaci\u00f3n y noticias","inLanguage":"es-ES","publisher":{"@id":"https:\/\/eldigitaldeasturias.com\/radio\/#organization"}}]},"og:locale":"es_ES","og:site_name":"El Digital de Asturias | Diario de informaci\u00f3n y noticias","og:type":"article","og:title":"El \u00abFestival de Cine Humanitario\u00bb 2024 habla castellano en Turqu\u00eda | El Digital de Asturias","og:description":"Con el objetivo de ofrecer una plataforma significativa para que cineastas aborden temas humanitarios desde perspectivas \u00fanicas, la Corporaci\u00f3n de Radio","og:url":"https:\/\/eldigitaldeasturias.com\/radio\/el-festival-de-cine-humanitario-2024-habla-castellano-en-turquia\/","og:image":"https:\/\/eldigitaldeasturias.com\/radio\/wp-content\/uploads\/2024\/11\/Festival-de-Cine.jpg","og:image:secure_url":"https:\/\/eldigitaldeasturias.com\/radio\/wp-content\/uploads\/2024\/11\/Festival-de-Cine.jpg","og:image:width":1085,"og:image:height":723,"article:published_time":"2024-11-15T17:18:45+00:00","article:modified_time":"2024-11-15T17:19:57+00:00","twitter:card":"summary_large_image","twitter:site":"@bercodi","twitter:title":"El \u00abFestival de Cine Humanitario\u00bb 2024 habla castellano en Turqu\u00eda | El Digital de Asturias","twitter:description":"Con el objetivo de ofrecer una plataforma significativa para que cineastas aborden temas humanitarios desde perspectivas \u00fanicas, la Corporaci\u00f3n de Radio","twitter:creator":"@bercodi","twitter:image":"https:\/\/eldigitaldeasturias.com\/radio\/wp-content\/uploads\/2024\/11\/Festival-de-Cine.jpg"},"aioseo_meta_data":{"post_id":"9452","title":null,"description":"Con el objetivo de ofrecer una plataforma significativa para que cineastas aborden temas humanitarios desde perspectivas \u00fanicas, la Corporaci\u00f3n de Radio","keywords":null,"keyphrases":{"focus":{"keyphrase":"Cine","score":80,"analysis":{"keyphraseInTitle":{"score":9,"maxScore":9,"error":0},"keyphraseInDescription":{"score":3,"maxScore":9,"error":1},"keyphraseLength":{"score":9,"maxScore":9,"error":0,"length":1},"keyphraseInURL":{"score":5,"maxScore":5,"error":0},"keyphraseInIntroduction":{"score":3,"maxScore":9,"error":1},"keyphraseInSubHeadings":[],"keyphraseInImageAlt":{"score":9,"maxScore":9,"error":0},"keywordDensity":{"type":"best","score":9,"maxScore":9,"error":0}}},"additional":[{"keyphrase":"Festival de Cine","score":73,"analysis":{"keyphraseInDescription":{"score":3,"maxScore":9,"error":1},"keyphraseLength":{"score":9,"maxScore":9,"error":0,"length":3},"keyphraseInIntroduction":{"score":3,"maxScore":9,"error":1},"keyphraseInImageAlt":{"score":9,"maxScore":9,"error":0},"keywordDensity":{"type":"best","score":9,"maxScore":9,"error":0}}}]},"primary_term":null,"canonical_url":null,"og_title":null,"og_description":null,"og_object_type":"default","og_image_type":"default","og_image_url":null,"og_image_width":null,"og_image_height":null,"og_image_custom_url":null,"og_image_custom_fields":null,"og_video":"","og_custom_url":null,"og_article_section":null,"og_article_tags":null,"twitter_use_og":false,"twitter_card":"default","twitter_image_type":"default","twitter_image_url":null,"twitter_image_custom_url":null,"twitter_image_custom_fields":null,"twitter_title":null,"twitter_description":null,"schema":{"blockGraphs":[],"customGraphs":[],"default":{"data":{"Article":[],"Course":[],"Dataset":[],"FAQPage":[],"Movie":[],"Person":[],"Product":[],"ProductReview":[],"Car":[],"Recipe":[],"Service":[],"SoftwareApplication":[],"WebPage":[]},"graphName":"NewsArticle","isEnabled":true},"graphs":[]},"schema_type":"default","schema_type_options":null,"pillar_content":false,"robots_default":true,"robots_noindex":false,"robots_noarchive":false,"robots_nosnippet":false,"robots_nofollow":false,"robots_noimageindex":false,"robots_noodp":false,"robots_notranslate":false,"robots_max_snippet":"-1","robots_max_videopreview":"-1","robots_max_imagepreview":"large","priority":null,"frequency":"default","location":null,"local_seo":null,"seo_analyzer_scan_date":"2025-08-28 23:08:31","breadcrumb_settings":null,"limit_modified_date":false,"open_ai":"{\"title\":{\"suggestions\":[],\"usage\":0},\"description\":{\"suggestions\":[],\"usage\":0}}","ai":null,"created":"2024-11-15 17:14:53","updated":"2025-08-28 23:08:31"},"aioseo_breadcrumb":"<div class=\"aioseo-breadcrumbs\"><span class=\"aioseo-breadcrumb\">\n\t<a href=\"https:\/\/eldigitaldeasturias.com\/radio\" title=\"Inicio\">Inicio<\/a>\n<\/span><span class=\"aioseo-breadcrumb-separator\">&ndash;<\/span><span class=\"aioseo-breadcrumb\">\n\t<a href=\"https:\/\/eldigitaldeasturias.com\/radio\/category\/variedades\/\" title=\"Variedades\">Variedades<\/a>\n<\/span><span class=\"aioseo-breadcrumb-separator\">&ndash;<\/span><span class=\"aioseo-breadcrumb\">\n\tEl \u00abFestival de Cine Humanitario\u00bb 2024 habla castellano en Turqu\u00eda\n<\/span><\/div>","aioseo_breadcrumb_json":[{"label":"Inicio","link":"https:\/\/eldigitaldeasturias.com\/radio"},{"label":"Variedades","link":"https:\/\/eldigitaldeasturias.com\/radio\/category\/variedades\/"},{"label":"El \u00abFestival de Cine Humanitario\u00bb 2024 habla castellano en Turqu\u00eda","link":"https:\/\/eldigitaldeasturias.com\/radio\/el-festival-de-cine-humanitario-2024-habla-castellano-en-turquia\/"}],"_links":{"self":[{"href":"https:\/\/eldigitaldeasturias.com\/radio\/wp-json\/wp\/v2\/posts\/9452","targetHints":{"allow":["GET"]}}],"collection":[{"href":"https:\/\/eldigitaldeasturias.com\/radio\/wp-json\/wp\/v2\/posts"}],"about":[{"href":"https:\/\/eldigitaldeasturias.com\/radio\/wp-json\/wp\/v2\/types\/post"}],"author":[{"embeddable":true,"href":"https:\/\/eldigitaldeasturias.com\/radio\/wp-json\/wp\/v2\/users\/1"}],"replies":[{"embeddable":true,"href":"https:\/\/eldigitaldeasturias.com\/radio\/wp-json\/wp\/v2\/comments?post=9452"}],"version-history":[{"count":0,"href":"https:\/\/eldigitaldeasturias.com\/radio\/wp-json\/wp\/v2\/posts\/9452\/revisions"}],"wp:featuredmedia":[{"embeddable":true,"href":"https:\/\/eldigitaldeasturias.com\/radio\/wp-json\/wp\/v2\/media\/9453"}],"wp:attachment":[{"href":"https:\/\/eldigitaldeasturias.com\/radio\/wp-json\/wp\/v2\/media?parent=9452"}],"wp:term":[{"taxonomy":"category","embeddable":true,"href":"https:\/\/eldigitaldeasturias.com\/radio\/wp-json\/wp\/v2\/categories?post=9452"},{"taxonomy":"post_tag","embeddable":true,"href":"https:\/\/eldigitaldeasturias.com\/radio\/wp-json\/wp\/v2\/tags?post=9452"}],"curies":[{"name":"wp","href":"https:\/\/api.w.org\/{rel}","templated":true}]}}