{"id":9369,"date":"2024-09-26T12:00:18","date_gmt":"2024-09-26T10:00:18","guid":{"rendered":"https:\/\/eldigitaldeasturias.com\/radio\/?p=9369"},"modified":"2024-09-26T12:00:18","modified_gmt":"2024-09-26T10:00:18","slug":"ibiza-el-destino-de-vacaciones-perfecto","status":"publish","type":"post","link":"https:\/\/eldigitaldeasturias.com\/radio\/ibiza-el-destino-de-vacaciones-perfecto\/","title":{"rendered":"Ibiza, el destino de vacaciones perfecto"},"content":{"rendered":"<p>Ibiza, la joya del archipi\u00e9lago balear en el mar Mediterr\u00e1neo, es uno de los destinos de vacaciones m\u00e1s codiciados del mundo. Esta isla espa\u00f1ola, conocida por su vibrante vida nocturna y playas paradis\u00edacas, ofrece una mezcla \u00fanica de entretenimiento, cultura, naturaleza y tranquilidad. Cada a\u00f1o, millones de turistas de todo el mundo eligen este lugar como su destino de vacaciones, atra\u00eddos por su ambiente cosmopolita y sus innumerables atractivos.<\/p>\n<p><img fetchpriority=\"high\" decoding=\"async\" class=\"aligncenter size-large wp-image-9370\" src=\"https:\/\/eldigitaldeasturias.com\/radio\/wp-content\/uploads\/2024\/09\/Ibiza-650x428.jpg\" alt=\"Ibiza\" width=\"650\" height=\"428\" srcset=\"https:\/\/eldigitaldeasturias.com\/radio\/wp-content\/uploads\/2024\/09\/Ibiza-650x428.jpg 650w, https:\/\/eldigitaldeasturias.com\/radio\/wp-content\/uploads\/2024\/09\/Ibiza-360x237.jpg 360w, https:\/\/eldigitaldeasturias.com\/radio\/wp-content\/uploads\/2024\/09\/Ibiza-768x506.jpg 768w, https:\/\/eldigitaldeasturias.com\/radio\/wp-content\/uploads\/2024\/09\/Ibiza-150x99.jpg 150w, https:\/\/eldigitaldeasturias.com\/radio\/wp-content\/uploads\/2024\/09\/Ibiza-450x296.jpg 450w, https:\/\/eldigitaldeasturias.com\/radio\/wp-content\/uploads\/2024\/09\/Ibiza.jpg 998w\" sizes=\"(max-width: 650px) 100vw, 650px\" \/><\/p>\n<p>La oferta de alojamiento es tan diversa como sus atractivos. Desde lujosos resorts y <span style=\"color: #ff6600;\"><strong><a style=\"color: #ff6600;\" title=\"hoteles\" href=\"https:\/\/www.playhotelibiza.com\/\" target=\"_blank\" rel=\"noopener\">hoteles<\/a><\/strong><\/span> hasta acogedores apartamentos y villas, hay opciones para todos los presupuestos y preferencias. Muchos alojamientos est\u00e1n situados cerca de las principales atracciones, lo que facilita el acceso a las playas, clubes y sitios de inter\u00e9s cultural.<\/p>\n<p>Uno de los mayores encantos es su diversidad de playas. Desde extensas franjas de arena blanca hasta calas escondidas rodeadas de acantilados, la isla tiene una playa para cada tipo de viajero. Las m\u00e1s famosas, como Playa d&#8217;en Bossa y Cala Jondal, son el epicentro de la fiesta, con clubes y bares que ofrecen m\u00fasica y entretenimiento a lo largo del d\u00eda y la noche. Para aquellos que buscan un entorno m\u00e1s tranquilo, playas como Cala Salada y Cala Conta ofrecen aguas cristalinas y paisajes espectaculares, perfectos para relajarse y disfrutar del sol.<\/p>\n<p>Es conocida por su legendaria vida nocturna. La isla alberga algunos de los clubes m\u00e1s famosos del mundo, como Pacha, Amnesia y Ushua\u00efa, donde reconocidos DJ\u2019s internacionales hacen vibrar a los asistentes con sus sesiones de m\u00fasica electr\u00f3nica. Las fiestas ac\u00e1 son de renombre mundial y atraen a j\u00f3venes y adultos de todas partes que buscan vivir una experiencia \u00fanica e inolvidable. Sin embargo, la vida nocturna no se limita a la m\u00fasica electr\u00f3nica; tambi\u00e9n hay una amplia variedad de bares y locales que ofrecen m\u00fasica en vivo, desde jazz hasta rock, para todos los gustos.<\/p>\n<p><em>\u201cAl estar situados en pleno centro de la ciudad, hallar\u00e1 en las inmediaciones numerosas opciones de ocio para salir a divertirse rodeado del m\u00e1s puro estilo y magia de la Isla Blanca\u201d<\/em>, comentan en <strong>Play Hotel Ibiza.<\/strong><\/p>\n<p>M\u00e1s all\u00e1 de la fiesta, ofrece una rica historia y cultura que vale la pena explorar. La ciudad, tambi\u00e9n conocida como Eivissa, cuenta con un casco antiguo, Dalt Vila, que ha sido declarado Patrimonio de la Humanidad por la UNESCO. Pasear por sus calles empedradas, visitar la catedral de Santa Mar\u00eda y admirar las vistas desde sus murallas es una experiencia que transporta a los visitantes a otra \u00e9poca. Adem\u00e1s, alberga numerosos museos, galer\u00edas de arte y mercados artesanales que reflejan su vibrante cultura y tradiciones.<\/p>\n<p>Para los amantes de la naturaleza, ofrece paisajes impresionantes y actividades al aire libre. Cuenta con numerosas rutas de senderismo y ciclismo que atraviesan bosques de pinos, colinas y campos de almendros. Las reservas naturales, como el Parque Natural de Ses Salines, ofrecen la oportunidad de observar una gran diversidad de flora y fauna, as\u00ed como impresionantes salinas y playas v\u00edrgenes. Las aguas cristalinas tambi\u00e9n son perfectas para la pr\u00e1ctica de deportes acu\u00e1ticos, como el snorkel, el buceo, el paddle surf y la navegaci\u00f3n.<\/p>\n<p>Tambi\u00e9n es un destino ideal para los amantes de la gastronom\u00eda. Cuenta con una amplia oferta culinaria que abarca desde tradicionales restaurantes locales hasta sofisticados establecimientos gourmet. Los platos t\u00edpicos, como el bullit de peix (guiso de pescado) y la sobrasada, deleitan a los paladares m\u00e1s exigentes. Adem\u00e1s, los mercados locales ofrecen productos frescos y artesanales, ideales para quienes desean explorar la cocina mediterr\u00e1nea por s\u00ed mismos.<\/p>\n<p>Ibiza es un destino de vacaciones que lo tiene todo: playas espectaculares, vida nocturna vibrante, rica cultura, belleza natural y una deliciosa gastronom\u00eda. La isla ofrece una experiencia \u00fanica y multifac\u00e9tica que atrae a una gran variedad de visitantes, desde aquellos que buscan la fiesta y la diversi\u00f3n hasta los que desean relajarse y desconectar en un entorno paradis\u00edaco. Sea cual sea el tipo de vacaciones que se busca, Ibiza promete recuerdos inolvidables y una estancia que querr\u00e1n repetir una y otra vez.<\/p>\n","protected":false},"excerpt":{"rendered":"<p>Ibiza, la joya del archipi\u00e9lago balear en el mar Mediterr\u00e1neo, es uno de los destinos de vacaciones m\u00e1s codiciados del mundo. Esta isla espa\u00f1ola, conocida por su vibrante vida nocturna y playas paradis\u00edacas, ofrece una mezcla \u00fanica de entretenimiento, cultura, naturaleza y tranquilidad. Cada a\u00f1o, millones de turistas de todo el mundo eligen este lugar<\/p>\n","protected":false},"author":1,"featured_media":9370,"comment_status":"closed","ping_status":"closed","sticky":false,"template":"","format":"standard","meta":{"footnotes":""},"categories":[34],"tags":[9],"class_list":{"0":"post-9369","1":"post","2":"type-post","3":"status-publish","4":"format-standard","5":"has-post-thumbnail","7":"category-turismo","8":"tag-turismo"},"aioseo_notices":[],"aioseo_head":"\n\t\t<!-- All in One SEO Pro 4.9.6.2 - aioseo.com -->\n\t<meta name=\"description\" content=\"Ibiza, la joya del archipi\u00e9lago balear en el mar Mediterr\u00e1neo, es uno de los destinos de vacaciones m\u00e1s codiciados del mundo. Esta isla espa\u00f1ola\" \/>\n\t<meta name=\"robots\" content=\"max-image-preview:large\" \/>\n\t<meta name=\"author\" content=\"NBAsturias\"\/>\n\t<meta name=\"google-site-verification\" content=\"UA-38556648-1\" \/>\n\t<meta name=\"keywords\" content=\"turismo\" \/>\n\t<link rel=\"canonical\" href=\"https:\/\/eldigitaldeasturias.com\/radio\/ibiza-el-destino-de-vacaciones-perfecto\/\" \/>\n\t<meta name=\"generator\" content=\"All in One SEO Pro (AIOSEO) 4.9.6.2\" \/>\n\t\t<meta property=\"og:locale\" content=\"es_ES\" \/>\n\t\t<meta property=\"og:site_name\" content=\"El Digital de Asturias | Diario de informaci\u00f3n y noticias\" \/>\n\t\t<meta property=\"og:type\" content=\"article\" \/>\n\t\t<meta property=\"og:title\" content=\"Ibiza, el destino de vacaciones perfecto | El Digital de Asturias\" \/>\n\t\t<meta property=\"og:description\" content=\"Ibiza, la joya del archipi\u00e9lago balear en el mar Mediterr\u00e1neo, es uno de los destinos de vacaciones m\u00e1s codiciados del mundo. Esta isla espa\u00f1ola\" \/>\n\t\t<meta property=\"og:url\" content=\"https:\/\/eldigitaldeasturias.com\/radio\/ibiza-el-destino-de-vacaciones-perfecto\/\" \/>\n\t\t<meta property=\"og:image\" content=\"https:\/\/eldigitaldeasturias.com\/radio\/wp-content\/uploads\/2024\/09\/Ibiza.jpg\" \/>\n\t\t<meta property=\"og:image:secure_url\" content=\"https:\/\/eldigitaldeasturias.com\/radio\/wp-content\/uploads\/2024\/09\/Ibiza.jpg\" \/>\n\t\t<meta property=\"og:image:width\" content=\"998\" \/>\n\t\t<meta property=\"og:image:height\" content=\"657\" \/>\n\t\t<meta property=\"article:published_time\" content=\"2024-09-26T10:00:18+00:00\" \/>\n\t\t<meta property=\"article:modified_time\" content=\"2024-09-26T10:00:18+00:00\" \/>\n\t\t<meta name=\"twitter:card\" content=\"summary_large_image\" \/>\n\t\t<meta name=\"twitter:site\" content=\"@bercodi\" \/>\n\t\t<meta name=\"twitter:title\" content=\"Ibiza, el destino de vacaciones perfecto | El Digital de Asturias\" \/>\n\t\t<meta name=\"twitter:description\" content=\"Ibiza, la joya del archipi\u00e9lago balear en el mar Mediterr\u00e1neo, es uno de los destinos de vacaciones m\u00e1s codiciados del mundo. Esta isla espa\u00f1ola\" \/>\n\t\t<meta name=\"twitter:creator\" content=\"@bercodi\" \/>\n\t\t<meta name=\"twitter:image\" content=\"https:\/\/eldigitaldeasturias.com\/radio\/wp-content\/uploads\/2024\/09\/Ibiza.jpg\" \/>\n\t\t<script type=\"application\/ld+json\" class=\"aioseo-schema\">\n\t\t\t{\"@context\":\"https:\\\/\\\/schema.org\",\"@graph\":[{\"@type\":\"BreadcrumbList\",\"@id\":\"https:\\\/\\\/eldigitaldeasturias.com\\\/radio\\\/ibiza-el-destino-de-vacaciones-perfecto\\\/#breadcrumblist\",\"itemListElement\":[{\"@type\":\"ListItem\",\"@id\":\"https:\\\/\\\/eldigitaldeasturias.com\\\/radio#listItem\",\"position\":1,\"name\":\"Inicio\",\"item\":\"https:\\\/\\\/eldigitaldeasturias.com\\\/radio\",\"nextItem\":{\"@type\":\"ListItem\",\"@id\":\"https:\\\/\\\/eldigitaldeasturias.com\\\/radio\\\/category\\\/turismo\\\/#listItem\",\"name\":\"Turismo\"}},{\"@type\":\"ListItem\",\"@id\":\"https:\\\/\\\/eldigitaldeasturias.com\\\/radio\\\/category\\\/turismo\\\/#listItem\",\"position\":2,\"name\":\"Turismo\",\"item\":\"https:\\\/\\\/eldigitaldeasturias.com\\\/radio\\\/category\\\/turismo\\\/\",\"nextItem\":{\"@type\":\"ListItem\",\"@id\":\"https:\\\/\\\/eldigitaldeasturias.com\\\/radio\\\/ibiza-el-destino-de-vacaciones-perfecto\\\/#listItem\",\"name\":\"Ibiza, el destino de vacaciones perfecto\"},\"previousItem\":{\"@type\":\"ListItem\",\"@id\":\"https:\\\/\\\/eldigitaldeasturias.com\\\/radio#listItem\",\"name\":\"Inicio\"}},{\"@type\":\"ListItem\",\"@id\":\"https:\\\/\\\/eldigitaldeasturias.com\\\/radio\\\/ibiza-el-destino-de-vacaciones-perfecto\\\/#listItem\",\"position\":3,\"name\":\"Ibiza, el destino de vacaciones perfecto\",\"previousItem\":{\"@type\":\"ListItem\",\"@id\":\"https:\\\/\\\/eldigitaldeasturias.com\\\/radio\\\/category\\\/turismo\\\/#listItem\",\"name\":\"Turismo\"}}]},{\"@type\":\"NewsArticle\",\"@id\":\"https:\\\/\\\/eldigitaldeasturias.com\\\/radio\\\/ibiza-el-destino-de-vacaciones-perfecto\\\/#newsarticle\",\"name\":\"Ibiza, el destino de vacaciones perfecto | El Digital de Asturias\",\"headline\":\"Ibiza, el destino de vacaciones perfecto\",\"author\":{\"@id\":\"https:\\\/\\\/eldigitaldeasturias.com\\\/radio\\\/author\\\/nbasturias\\\/#author\"},\"publisher\":{\"@id\":\"https:\\\/\\\/eldigitaldeasturias.com\\\/radio\\\/#organization\"},\"image\":{\"@type\":\"ImageObject\",\"url\":\"https:\\\/\\\/eldigitaldeasturias.com\\\/radio\\\/wp-content\\\/uploads\\\/2024\\\/09\\\/Ibiza.jpg\",\"width\":998,\"height\":657,\"caption\":\"Ibiza\"},\"datePublished\":\"2024-09-26T12:00:18+02:00\",\"dateModified\":\"2024-09-26T12:00:18+02:00\",\"inLanguage\":\"es-ES\",\"mainEntityOfPage\":{\"@id\":\"https:\\\/\\\/eldigitaldeasturias.com\\\/radio\\\/ibiza-el-destino-de-vacaciones-perfecto\\\/#webpage\"},\"isPartOf\":{\"@id\":\"https:\\\/\\\/eldigitaldeasturias.com\\\/radio\\\/ibiza-el-destino-de-vacaciones-perfecto\\\/#webpage\"},\"articleSection\":\"Turismo, turismo\",\"dateline\":\"Publicado el septiembre 26, 2024.\"},{\"@type\":\"Organization\",\"@id\":\"https:\\\/\\\/eldigitaldeasturias.com\\\/radio\\\/#organization\",\"name\":\"El digital de Asturias Radio\",\"description\":\"Diario de informaci\\u00f3n y noticias\",\"url\":\"https:\\\/\\\/eldigitaldeasturias.com\\\/radio\\\/\",\"telephone\":\"+34652131393\",\"logo\":{\"@type\":\"ImageObject\",\"url\":\"https:\\\/\\\/www.eldigitaldeasturias.com\\\/radio\\\/wp-content\\\/uploads\\\/2021\\\/03\\\/EDA.jpg\",\"@id\":\"https:\\\/\\\/eldigitaldeasturias.com\\\/radio\\\/ibiza-el-destino-de-vacaciones-perfecto\\\/#organizationLogo\"},\"image\":{\"@id\":\"https:\\\/\\\/eldigitaldeasturias.com\\\/radio\\\/ibiza-el-destino-de-vacaciones-perfecto\\\/#organizationLogo\"},\"sameAs\":[\"https:\\\/\\\/www.facebook.com\\\/\",\"https:\\\/\\\/x.com\\\/bercodi\",\"https:\\\/\\\/www.instagram.com\\\/\",\"https:\\\/\\\/www.youtube.com\\\/channel\\\/UCZP-2wLEB9Rv6erhFmqVnvg\"]},{\"@type\":\"Person\",\"@id\":\"https:\\\/\\\/eldigitaldeasturias.com\\\/radio\\\/author\\\/nbasturias\\\/#author\",\"url\":\"https:\\\/\\\/eldigitaldeasturias.com\\\/radio\\\/author\\\/nbasturias\\\/\",\"name\":\"NBAsturias\",\"image\":{\"@type\":\"ImageObject\",\"@id\":\"https:\\\/\\\/eldigitaldeasturias.com\\\/radio\\\/ibiza-el-destino-de-vacaciones-perfecto\\\/#authorImage\",\"url\":\"https:\\\/\\\/secure.gravatar.com\\\/avatar\\\/df2aeffc32bcd13f8d26072ef8a91b623d677766deac7f97ca815868cd41bf5e?s=96&d=mm&r=g\",\"width\":96,\"height\":96,\"caption\":\"NBAsturias\"}},{\"@type\":\"WebPage\",\"@id\":\"https:\\\/\\\/eldigitaldeasturias.com\\\/radio\\\/ibiza-el-destino-de-vacaciones-perfecto\\\/#webpage\",\"url\":\"https:\\\/\\\/eldigitaldeasturias.com\\\/radio\\\/ibiza-el-destino-de-vacaciones-perfecto\\\/\",\"name\":\"Ibiza, el destino de vacaciones perfecto | El Digital de Asturias\",\"description\":\"Ibiza, la joya del archipi\\u00e9lago balear en el mar Mediterr\\u00e1neo, es uno de los destinos de vacaciones m\\u00e1s codiciados del mundo. Esta isla espa\\u00f1ola\",\"inLanguage\":\"es-ES\",\"isPartOf\":{\"@id\":\"https:\\\/\\\/eldigitaldeasturias.com\\\/radio\\\/#website\"},\"breadcrumb\":{\"@id\":\"https:\\\/\\\/eldigitaldeasturias.com\\\/radio\\\/ibiza-el-destino-de-vacaciones-perfecto\\\/#breadcrumblist\"},\"author\":{\"@id\":\"https:\\\/\\\/eldigitaldeasturias.com\\\/radio\\\/author\\\/nbasturias\\\/#author\"},\"creator\":{\"@id\":\"https:\\\/\\\/eldigitaldeasturias.com\\\/radio\\\/author\\\/nbasturias\\\/#author\"},\"image\":{\"@type\":\"ImageObject\",\"url\":\"https:\\\/\\\/eldigitaldeasturias.com\\\/radio\\\/wp-content\\\/uploads\\\/2024\\\/09\\\/Ibiza.jpg\",\"@id\":\"https:\\\/\\\/eldigitaldeasturias.com\\\/radio\\\/ibiza-el-destino-de-vacaciones-perfecto\\\/#mainImage\",\"width\":998,\"height\":657,\"caption\":\"Ibiza\"},\"primaryImageOfPage\":{\"@id\":\"https:\\\/\\\/eldigitaldeasturias.com\\\/radio\\\/ibiza-el-destino-de-vacaciones-perfecto\\\/#mainImage\"},\"datePublished\":\"2024-09-26T12:00:18+02:00\",\"dateModified\":\"2024-09-26T12:00:18+02:00\"},{\"@type\":\"WebSite\",\"@id\":\"https:\\\/\\\/eldigitaldeasturias.com\\\/radio\\\/#website\",\"url\":\"https:\\\/\\\/eldigitaldeasturias.com\\\/radio\\\/\",\"name\":\"El Digital de Asturias\",\"description\":\"Diario de informaci\\u00f3n y noticias\",\"inLanguage\":\"es-ES\",\"publisher\":{\"@id\":\"https:\\\/\\\/eldigitaldeasturias.com\\\/radio\\\/#organization\"}}]}\n\t\t<\/script>\n\t\t<!-- All in One SEO Pro -->\r\n\t\t<title>Ibiza, el destino de vacaciones perfecto | El Digital de Asturias<\/title>\n\n","aioseo_head_json":{"title":"Ibiza, el destino de vacaciones perfecto | El Digital de Asturias","description":"Ibiza, la joya del archipi\u00e9lago balear en el mar Mediterr\u00e1neo, es uno de los destinos de vacaciones m\u00e1s codiciados del mundo. Esta isla espa\u00f1ola","canonical_url":"https:\/\/eldigitaldeasturias.com\/radio\/ibiza-el-destino-de-vacaciones-perfecto\/","robots":"max-image-preview:large","keywords":"turismo","webmasterTools":{"google-site-verification":"UA-38556648-1","miscellaneous":""},"schema":{"@context":"https:\/\/schema.org","@graph":[{"@type":"BreadcrumbList","@id":"https:\/\/eldigitaldeasturias.com\/radio\/ibiza-el-destino-de-vacaciones-perfecto\/#breadcrumblist","itemListElement":[{"@type":"ListItem","@id":"https:\/\/eldigitaldeasturias.com\/radio#listItem","position":1,"name":"Inicio","item":"https:\/\/eldigitaldeasturias.com\/radio","nextItem":{"@type":"ListItem","@id":"https:\/\/eldigitaldeasturias.com\/radio\/category\/turismo\/#listItem","name":"Turismo"}},{"@type":"ListItem","@id":"https:\/\/eldigitaldeasturias.com\/radio\/category\/turismo\/#listItem","position":2,"name":"Turismo","item":"https:\/\/eldigitaldeasturias.com\/radio\/category\/turismo\/","nextItem":{"@type":"ListItem","@id":"https:\/\/eldigitaldeasturias.com\/radio\/ibiza-el-destino-de-vacaciones-perfecto\/#listItem","name":"Ibiza, el destino de vacaciones perfecto"},"previousItem":{"@type":"ListItem","@id":"https:\/\/eldigitaldeasturias.com\/radio#listItem","name":"Inicio"}},{"@type":"ListItem","@id":"https:\/\/eldigitaldeasturias.com\/radio\/ibiza-el-destino-de-vacaciones-perfecto\/#listItem","position":3,"name":"Ibiza, el destino de vacaciones perfecto","previousItem":{"@type":"ListItem","@id":"https:\/\/eldigitaldeasturias.com\/radio\/category\/turismo\/#listItem","name":"Turismo"}}]},{"@type":"NewsArticle","@id":"https:\/\/eldigitaldeasturias.com\/radio\/ibiza-el-destino-de-vacaciones-perfecto\/#newsarticle","name":"Ibiza, el destino de vacaciones perfecto | El Digital de Asturias","headline":"Ibiza, el destino de vacaciones perfecto","author":{"@id":"https:\/\/eldigitaldeasturias.com\/radio\/author\/nbasturias\/#author"},"publisher":{"@id":"https:\/\/eldigitaldeasturias.com\/radio\/#organization"},"image":{"@type":"ImageObject","url":"https:\/\/eldigitaldeasturias.com\/radio\/wp-content\/uploads\/2024\/09\/Ibiza.jpg","width":998,"height":657,"caption":"Ibiza"},"datePublished":"2024-09-26T12:00:18+02:00","dateModified":"2024-09-26T12:00:18+02:00","inLanguage":"es-ES","mainEntityOfPage":{"@id":"https:\/\/eldigitaldeasturias.com\/radio\/ibiza-el-destino-de-vacaciones-perfecto\/#webpage"},"isPartOf":{"@id":"https:\/\/eldigitaldeasturias.com\/radio\/ibiza-el-destino-de-vacaciones-perfecto\/#webpage"},"articleSection":"Turismo, turismo","dateline":"Publicado el septiembre 26, 2024."},{"@type":"Organization","@id":"https:\/\/eldigitaldeasturias.com\/radio\/#organization","name":"El digital de Asturias Radio","description":"Diario de informaci\u00f3n y noticias","url":"https:\/\/eldigitaldeasturias.com\/radio\/","telephone":"+34652131393","logo":{"@type":"ImageObject","url":"https:\/\/www.eldigitaldeasturias.com\/radio\/wp-content\/uploads\/2021\/03\/EDA.jpg","@id":"https:\/\/eldigitaldeasturias.com\/radio\/ibiza-el-destino-de-vacaciones-perfecto\/#organizationLogo"},"image":{"@id":"https:\/\/eldigitaldeasturias.com\/radio\/ibiza-el-destino-de-vacaciones-perfecto\/#organizationLogo"},"sameAs":["https:\/\/www.facebook.com\/","https:\/\/x.com\/bercodi","https:\/\/www.instagram.com\/","https:\/\/www.youtube.com\/channel\/UCZP-2wLEB9Rv6erhFmqVnvg"]},{"@type":"Person","@id":"https:\/\/eldigitaldeasturias.com\/radio\/author\/nbasturias\/#author","url":"https:\/\/eldigitaldeasturias.com\/radio\/author\/nbasturias\/","name":"NBAsturias","image":{"@type":"ImageObject","@id":"https:\/\/eldigitaldeasturias.com\/radio\/ibiza-el-destino-de-vacaciones-perfecto\/#authorImage","url":"https:\/\/secure.gravatar.com\/avatar\/df2aeffc32bcd13f8d26072ef8a91b623d677766deac7f97ca815868cd41bf5e?s=96&d=mm&r=g","width":96,"height":96,"caption":"NBAsturias"}},{"@type":"WebPage","@id":"https:\/\/eldigitaldeasturias.com\/radio\/ibiza-el-destino-de-vacaciones-perfecto\/#webpage","url":"https:\/\/eldigitaldeasturias.com\/radio\/ibiza-el-destino-de-vacaciones-perfecto\/","name":"Ibiza, el destino de vacaciones perfecto | El Digital de Asturias","description":"Ibiza, la joya del archipi\u00e9lago balear en el mar Mediterr\u00e1neo, es uno de los destinos de vacaciones m\u00e1s codiciados del mundo. Esta isla espa\u00f1ola","inLanguage":"es-ES","isPartOf":{"@id":"https:\/\/eldigitaldeasturias.com\/radio\/#website"},"breadcrumb":{"@id":"https:\/\/eldigitaldeasturias.com\/radio\/ibiza-el-destino-de-vacaciones-perfecto\/#breadcrumblist"},"author":{"@id":"https:\/\/eldigitaldeasturias.com\/radio\/author\/nbasturias\/#author"},"creator":{"@id":"https:\/\/eldigitaldeasturias.com\/radio\/author\/nbasturias\/#author"},"image":{"@type":"ImageObject","url":"https:\/\/eldigitaldeasturias.com\/radio\/wp-content\/uploads\/2024\/09\/Ibiza.jpg","@id":"https:\/\/eldigitaldeasturias.com\/radio\/ibiza-el-destino-de-vacaciones-perfecto\/#mainImage","width":998,"height":657,"caption":"Ibiza"},"primaryImageOfPage":{"@id":"https:\/\/eldigitaldeasturias.com\/radio\/ibiza-el-destino-de-vacaciones-perfecto\/#mainImage"},"datePublished":"2024-09-26T12:00:18+02:00","dateModified":"2024-09-26T12:00:18+02:00"},{"@type":"WebSite","@id":"https:\/\/eldigitaldeasturias.com\/radio\/#website","url":"https:\/\/eldigitaldeasturias.com\/radio\/","name":"El Digital de Asturias","description":"Diario de informaci\u00f3n y noticias","inLanguage":"es-ES","publisher":{"@id":"https:\/\/eldigitaldeasturias.com\/radio\/#organization"}}]},"og:locale":"es_ES","og:site_name":"El Digital de Asturias | Diario de informaci\u00f3n y noticias","og:type":"article","og:title":"Ibiza, el destino de vacaciones perfecto | El Digital de Asturias","og:description":"Ibiza, la joya del archipi\u00e9lago balear en el mar Mediterr\u00e1neo, es uno de los destinos de vacaciones m\u00e1s codiciados del mundo. Esta isla espa\u00f1ola","og:url":"https:\/\/eldigitaldeasturias.com\/radio\/ibiza-el-destino-de-vacaciones-perfecto\/","og:image":"https:\/\/eldigitaldeasturias.com\/radio\/wp-content\/uploads\/2024\/09\/Ibiza.jpg","og:image:secure_url":"https:\/\/eldigitaldeasturias.com\/radio\/wp-content\/uploads\/2024\/09\/Ibiza.jpg","og:image:width":998,"og:image:height":657,"article:published_time":"2024-09-26T10:00:18+00:00","article:modified_time":"2024-09-26T10:00:18+00:00","twitter:card":"summary_large_image","twitter:site":"@bercodi","twitter:title":"Ibiza, el destino de vacaciones perfecto | El Digital de Asturias","twitter:description":"Ibiza, la joya del archipi\u00e9lago balear en el mar Mediterr\u00e1neo, es uno de los destinos de vacaciones m\u00e1s codiciados del mundo. Esta isla espa\u00f1ola","twitter:creator":"@bercodi","twitter:image":"https:\/\/eldigitaldeasturias.com\/radio\/wp-content\/uploads\/2024\/09\/Ibiza.jpg"},"aioseo_meta_data":{"post_id":"9369","title":null,"description":"Ibiza, la joya del archipi\u00e9lago balear en el mar Mediterr\u00e1neo, es uno de los destinos de vacaciones m\u00e1s codiciados del mundo. Esta isla espa\u00f1ola","keywords":null,"keyphrases":{"focus":{"keyphrase":"Ibiza","score":93,"analysis":{"keyphraseInTitle":{"score":9,"maxScore":9,"error":0},"keyphraseInDescription":{"score":9,"maxScore":9,"error":0},"keyphraseLength":{"score":9,"maxScore":9,"error":0,"length":1},"keyphraseInURL":{"score":1,"maxScore":5,"error":1},"keyphraseInIntroduction":{"score":9,"maxScore":9,"error":0},"keyphraseInSubHeadings":[],"keyphraseInImageAlt":{"score":9,"maxScore":9,"error":0},"keywordDensity":{"type":"best","score":9,"maxScore":9,"error":0}}},"additional":[{"keyphrase":"Ibiza","score":100,"analysis":{"keyphraseInDescription":{"score":9,"maxScore":9,"error":0},"keyphraseLength":{"score":9,"maxScore":9,"error":0,"length":1},"keyphraseInIntroduction":{"score":9,"maxScore":9,"error":0},"keyphraseInImageAlt":{"score":9,"maxScore":9,"error":0},"keywordDensity":{"type":"best","score":9,"maxScore":9,"error":0}}}]},"primary_term":null,"canonical_url":null,"og_title":null,"og_description":null,"og_object_type":"default","og_image_type":"default","og_image_url":null,"og_image_width":null,"og_image_height":null,"og_image_custom_url":null,"og_image_custom_fields":null,"og_video":"","og_custom_url":null,"og_article_section":null,"og_article_tags":null,"twitter_use_og":false,"twitter_card":"default","twitter_image_type":"default","twitter_image_url":null,"twitter_image_custom_url":null,"twitter_image_custom_fields":null,"twitter_title":null,"twitter_description":null,"schema":{"blockGraphs":[],"customGraphs":[],"default":{"data":{"Article":[],"Course":[],"Dataset":[],"FAQPage":[],"Movie":[],"Person":[],"Product":[],"ProductReview":[],"Car":[],"Recipe":[],"Service":[],"SoftwareApplication":[],"WebPage":[]},"graphName":"NewsArticle","isEnabled":true},"graphs":[]},"schema_type":"default","schema_type_options":null,"pillar_content":false,"robots_default":true,"robots_noindex":false,"robots_noarchive":false,"robots_nosnippet":false,"robots_nofollow":false,"robots_noimageindex":false,"robots_noodp":false,"robots_notranslate":false,"robots_max_snippet":"-1","robots_max_videopreview":"-1","robots_max_imagepreview":"large","priority":null,"frequency":"default","location":null,"local_seo":null,"seo_analyzer_scan_date":"2025-08-28 23:01:28","breadcrumb_settings":null,"limit_modified_date":false,"open_ai":"{\"title\":{\"suggestions\":[],\"usage\":0},\"description\":{\"suggestions\":[],\"usage\":0}}","ai":null,"created":"2024-09-26 09:50:31","updated":"2025-08-28 23:01:28"},"aioseo_breadcrumb":"<div class=\"aioseo-breadcrumbs\"><span class=\"aioseo-breadcrumb\">\n\t<a href=\"https:\/\/eldigitaldeasturias.com\/radio\" title=\"Inicio\">Inicio<\/a>\n<\/span><span class=\"aioseo-breadcrumb-separator\">&ndash;<\/span><span class=\"aioseo-breadcrumb\">\n\t<a href=\"https:\/\/eldigitaldeasturias.com\/radio\/category\/turismo\/\" title=\"Turismo\">Turismo<\/a>\n<\/span><span class=\"aioseo-breadcrumb-separator\">&ndash;<\/span><span class=\"aioseo-breadcrumb\">\n\tIbiza, el destino de vacaciones perfecto\n<\/span><\/div>","aioseo_breadcrumb_json":[{"label":"Inicio","link":"https:\/\/eldigitaldeasturias.com\/radio"},{"label":"Turismo","link":"https:\/\/eldigitaldeasturias.com\/radio\/category\/turismo\/"},{"label":"Ibiza, el destino de vacaciones perfecto","link":"https:\/\/eldigitaldeasturias.com\/radio\/ibiza-el-destino-de-vacaciones-perfecto\/"}],"_links":{"self":[{"href":"https:\/\/eldigitaldeasturias.com\/radio\/wp-json\/wp\/v2\/posts\/9369","targetHints":{"allow":["GET"]}}],"collection":[{"href":"https:\/\/eldigitaldeasturias.com\/radio\/wp-json\/wp\/v2\/posts"}],"about":[{"href":"https:\/\/eldigitaldeasturias.com\/radio\/wp-json\/wp\/v2\/types\/post"}],"author":[{"embeddable":true,"href":"https:\/\/eldigitaldeasturias.com\/radio\/wp-json\/wp\/v2\/users\/1"}],"replies":[{"embeddable":true,"href":"https:\/\/eldigitaldeasturias.com\/radio\/wp-json\/wp\/v2\/comments?post=9369"}],"version-history":[{"count":0,"href":"https:\/\/eldigitaldeasturias.com\/radio\/wp-json\/wp\/v2\/posts\/9369\/revisions"}],"wp:featuredmedia":[{"embeddable":true,"href":"https:\/\/eldigitaldeasturias.com\/radio\/wp-json\/wp\/v2\/media\/9370"}],"wp:attachment":[{"href":"https:\/\/eldigitaldeasturias.com\/radio\/wp-json\/wp\/v2\/media?parent=9369"}],"wp:term":[{"taxonomy":"category","embeddable":true,"href":"https:\/\/eldigitaldeasturias.com\/radio\/wp-json\/wp\/v2\/categories?post=9369"},{"taxonomy":"post_tag","embeddable":true,"href":"https:\/\/eldigitaldeasturias.com\/radio\/wp-json\/wp\/v2\/tags?post=9369"}],"curies":[{"name":"wp","href":"https:\/\/api.w.org\/{rel}","templated":true}]}}