{"id":9333,"date":"2024-09-13T14:05:47","date_gmt":"2024-09-13T12:05:47","guid":{"rendered":"https:\/\/eldigitaldeasturias.com\/radio\/?p=9333"},"modified":"2024-09-13T14:06:25","modified_gmt":"2024-09-13T12:06:25","slug":"bordados-personalizados-en-madrid-una-solucion-creativa-para-empresas-y-particulares","status":"publish","type":"post","link":"https:\/\/eldigitaldeasturias.com\/radio\/bordados-personalizados-en-madrid-una-solucion-creativa-para-empresas-y-particulares\/","title":{"rendered":"Bordados personalizados en Madrid: una soluci\u00f3n creativa para empresas y particulares"},"content":{"rendered":"<p><span style=\"font-weight: 400;\">En los \u00faltimos a\u00f1os, la personalizaci\u00f3n de prendas ha cobrado gran relevancia, convirti\u00e9ndose en una opci\u00f3n preferida tanto por particulares como por empresas que buscan ofrecer productos \u00fanicos. Seg\u00fan datos recientes de Statista, la industria mundial de la moda genera m\u00e1s de un bill\u00f3n de d\u00f3lares al a\u00f1o, y grandes potencias como Estados Unidos, China y la Uni\u00f3n Europea lideran este mercado. Espa\u00f1a, dentro de este contexto, ha visto un crecimiento sostenido en la compra de ropa online desde 2012, y aunque la pandemia caus\u00f3 un breve descenso, el sector ha recuperado su fortaleza r\u00e1pidamente, alcanzando nuevos m\u00e1ximos. En este panorama, los bordados personalizados han ganado un papel clave para quienes desean destacar con productos que reflejen su estilo personal o la identidad de su marca.<\/span><\/p>\n<p><img fetchpriority=\"high\" decoding=\"async\" class=\"aligncenter size-large wp-image-9334\" src=\"https:\/\/eldigitaldeasturias.com\/radio\/wp-content\/uploads\/2024\/09\/Bordados-personalizados-650x428.jpg\" alt=\"Bordados personalizados \" width=\"650\" height=\"428\" srcset=\"https:\/\/eldigitaldeasturias.com\/radio\/wp-content\/uploads\/2024\/09\/Bordados-personalizados-650x428.jpg 650w, https:\/\/eldigitaldeasturias.com\/radio\/wp-content\/uploads\/2024\/09\/Bordados-personalizados-360x237.jpg 360w, https:\/\/eldigitaldeasturias.com\/radio\/wp-content\/uploads\/2024\/09\/Bordados-personalizados-768x506.jpg 768w, https:\/\/eldigitaldeasturias.com\/radio\/wp-content\/uploads\/2024\/09\/Bordados-personalizados-150x99.jpg 150w, https:\/\/eldigitaldeasturias.com\/radio\/wp-content\/uploads\/2024\/09\/Bordados-personalizados-450x297.jpg 450w, https:\/\/eldigitaldeasturias.com\/radio\/wp-content\/uploads\/2024\/09\/Bordados-personalizados.jpg 1082w\" sizes=\"(max-width: 650px) 100vw, 650px\" \/><\/p>\n<p><span style=\"font-weight: 400;\">En Madrid, una empresa ubicada en la Calle P\u00e9rez Gald\u00f3s, n\u00famero 3, en pleno barrio de Chueca, ha sabido capitalizar esta tendencia. Con m\u00e1s de 20 a\u00f1os de experiencia en el sector, esta empresa ofrece una amplia gama de productos <\/span><span style=\"color: #ff6600;\"><a style=\"color: #ff6600;\" title=\"bordados\" href=\"https:\/\/www.bordadosbaratosmadrid.es\" target=\"_blank\" rel=\"nofollow noopener\"><b>bordados<\/b><\/a><\/span><span style=\"font-weight: 400;\"> personalizados tanto para particulares como para grandes empresas. Sus talleres propios en San Sebasti\u00e1n de los Reyes les permiten controlar todo el proceso de producci\u00f3n, garantizando la calidad y la entrega puntual de cada proyecto. Entre los productos que personalizan destacan camisetas, sudaderas, gorras, toallas y ropa laboral, adapt\u00e1ndose a las necesidades de cada cliente, ya sea que busquen peque\u00f1as cantidades o grandes vol\u00famenes.<\/span><\/p>\n<p><span style=\"font-weight: 400;\">Uno de los servicios m\u00e1s solicitados es el picaje personalizado. Esta t\u00e9cnica convierte cualquier dise\u00f1o en un patr\u00f3n adecuado para ser bordado en una prenda, garantizando la precisi\u00f3n y la fidelidad al dise\u00f1o original. Desde logotipos de empresas hasta nombres y frases personalizadas, el equipo de esta empresa asegura que cada proyecto cumpla con las expectativas del cliente, proporcionando un resultado final de alta calidad. Gracias a su tecnolog\u00eda avanzada y a su equipo t\u00e9cnico especializado, la empresa ha logrado atraer a una amplia variedad de clientes, desde particulares que buscan un regalo personalizado hasta grandes marcas que desean destacar sus productos.<\/span><\/p>\n<h3><b>Innovaci\u00f3n y precisi\u00f3n en el proceso de bordado<\/b><\/h3>\n<p><span style=\"font-weight: 400;\">El proceso de bordado en esta empresa combina la precisi\u00f3n de la tecnolog\u00eda con el toque artesanal que aporta un equipo con experiencia. Todo comienza con la vectorizaci\u00f3n del dise\u00f1o proporcionado por el cliente o creado por el equipo t\u00e9cnico de la tienda. La vectorizaci\u00f3n es fundamental, ya que convierte el dise\u00f1o en un formato digital que puede ser manipulado sin perder calidad. Esto asegura que el bordado mantenga su nitidez y precisi\u00f3n, independientemente del tama\u00f1o de la prenda o de la complejidad del dise\u00f1o.<\/span><\/p>\n<p><span style=\"font-weight: 400;\">El siguiente paso es el picaje, una t\u00e9cnica que permite determinar cu\u00e1ntas puntadas son necesarias, el tipo de puntada que se utilizar\u00e1 y el lugar exacto donde comenzar\u00e1 el bordado. Aunque muchas empresas optan por procesos autom\u00e1ticos para el picaje, esta empresa prefiere hacerlo de manera manual en muchos casos, ya que esto les permite tener un control m\u00e1s preciso sobre el dise\u00f1o. Esta t\u00e9cnica es especialmente \u00fatil para bordados complejos o para prendas de materiales delicados, donde la precisi\u00f3n es clave para asegurar un acabado perfecto.<\/span><\/p>\n<p><span style=\"font-weight: 400;\">El bordado en s\u00ed se lleva a cabo utilizando maquinaria de \u00faltima generaci\u00f3n, capaz de trabajar con hasta 12 colores de hilo simult\u00e1neamente. Esto permite crear bordados vibrantes y detallados en un tiempo reducido. Cada prenda pasa por un riguroso control de calidad para asegurarse de que el bordado cumpla con los est\u00e1ndares m\u00e1s exigentes. Este enfoque detallado y personalizado ha permitido a la empresa consolidarse como una de las opciones m\u00e1s confiables en el mercado de los bordados personalizados en Madrid.<\/span><\/p>\n<h3><b>La elecci\u00f3n del hilo: poli\u00e9ster o bamb\u00fa<\/b><\/h3>\n<p><span style=\"font-weight: 400;\">Una de las decisiones m\u00e1s importantes a la hora de realizar un bordado es la elecci\u00f3n del hilo. Dependiendo del tipo de prenda y del uso que se le va a dar, el hilo seleccionado puede marcar una gran diferencia en el resultado final. En esta empresa madrile\u00f1a, trabajan principalmente con dos tipos de hilo: poli\u00e9ster y bamb\u00fa. Cada uno tiene caracter\u00edsticas que lo hacen m\u00e1s adecuado para diferentes tipos de prendas.<\/span><\/p>\n<p><span style=\"font-weight: 400;\">El hilo de poli\u00e9ster, al ser una fibra sint\u00e9tica, destaca por su durabilidad y resistencia, lo que lo convierte en la mejor opci\u00f3n para prendas que estar\u00e1n sometidas a un uso intensivo, como ropa deportiva o ropa de trabajo. Adem\u00e1s, el poli\u00e9ster tiene un brillo natural que hace que los bordados sean m\u00e1s visibles y atractivos, lo que lo convierte en una excelente opci\u00f3n para logotipos y otros dise\u00f1os que necesitan destacarse. Otra de las ventajas del hilo de poli\u00e9ster es su impermeabilidad, lo que lo hace ideal para bordar toallas, albornoces y otros productos que estar\u00e1n en contacto con la humedad.<\/span><\/p>\n<p><span style=\"font-weight: 400;\">El hilo de bamb\u00fa, por otro lado, es una opci\u00f3n m\u00e1s suave y ecol\u00f3gica, perfecta para prendas que estar\u00e1n en contacto directo con la piel. Al estar hecho de fibras naturales, el bamb\u00fa es hipoalerg\u00e9nico, lo que lo convierte en la mejor opci\u00f3n para ropa interior, pijamas y toallas de lujo. Adem\u00e1s, su acabado mate le da un aspecto m\u00e1s elegante y discreto, ideal para quienes buscan un dise\u00f1o m\u00e1s sutil pero de alta calidad. El bamb\u00fa tambi\u00e9n es biodegradable, lo que lo convierte en una opci\u00f3n m\u00e1s respetuosa con el medio ambiente, algo que cada vez es m\u00e1s valorado por los consumidores conscientes de su impacto en el planeta.<\/span><\/p>\n<h3><b>M\u00e1s de 20 a\u00f1os bordando con precisi\u00f3n y creatividad<\/b><\/h3>\n<p><span style=\"font-weight: 400;\">Con m\u00e1s de dos d\u00e9cadas de experiencia en el mundo del bordado personalizado, esta empresa ha logrado perfeccionar sus t\u00e9cnicas y adaptarse a las nuevas tendencias del mercado. Desde sus inicios, han trabajado con una gran variedad de clientes, desde particulares que buscan un regalo \u00fanico hasta grandes empresas que necesitan productos personalizados en grandes vol\u00famenes para eventos promocionales o campa\u00f1as corporativas. Esta vasta experiencia les ha permitido consolidarse como una opci\u00f3n confiable y l\u00edder en el sector de la personalizaci\u00f3n textil.<\/span><\/p>\n<p><span style=\"font-weight: 400;\">La empresa cuenta con dos tiendas f\u00edsicas: una en San Sebasti\u00e1n de los Reyes y otra en el barrio de Chueca, en el centro de Madrid. Ambas tiendas est\u00e1n equipadas con la \u00faltima tecnolog\u00eda en maquinaria de bordado, lo que les permite ofrecer un servicio r\u00e1pido y eficiente sin comprometer la calidad del producto final. Adem\u00e1s, su equipo de atenci\u00f3n al cliente est\u00e1 altamente capacitado para asesorar a los clientes en la elecci\u00f3n del tipo de hilo, el material de la prenda y el dise\u00f1o, asegurando que cada proyecto sea \u00fanico y cumpla con las expectativas del cliente.<\/span><\/p>\n<h3><b>Bordado tridimensional: una t\u00e9cnica que marca la diferencia<\/b><\/h3>\n<p><span style=\"font-weight: 400;\">El bordado tridimensional es una de las especialidades de esta empresa madrile\u00f1a. Esta t\u00e9cnica permite a\u00f1adir relieve y volumen a los dise\u00f1os, creando un efecto visual impactante que destaca sobre la superficie de la prenda. A diferencia del bordado plano, el bordado en 3D utiliza una goma el\u00e1stica cubierta por puntadas m\u00e1s largas, lo que crea un relieve que hace que el dise\u00f1o sobresalga y sea m\u00e1s visible.<\/span><\/p>\n<p><span style=\"font-weight: 400;\">El bordado en 3D es especialmente popular en prendas promocionales y corporativas, donde las empresas buscan destacar su marca de una manera \u00fanica y memorable. Adem\u00e1s de su atractivo visual, el bordado tridimensional es extremadamente duradero, lo que lo convierte en una excelente opci\u00f3n para prendas que estar\u00e1n sometidas a un uso intensivo o a condiciones m\u00e1s extremas. Esta empresa ha perfeccionado la t\u00e9cnica del bordado en 3D, ofreciendo resultados de alta calidad que combinan creatividad, precisi\u00f3n y durabilidad.<\/span><\/p>\n","protected":false},"excerpt":{"rendered":"<p>En los \u00faltimos a\u00f1os, la personalizaci\u00f3n de prendas ha cobrado gran relevancia, convirti\u00e9ndose en una opci\u00f3n preferida tanto por particulares como por empresas que buscan ofrecer productos \u00fanicos. Seg\u00fan datos recientes de Statista, la industria mundial de la moda genera m\u00e1s de un bill\u00f3n de d\u00f3lares al a\u00f1o, y grandes potencias como Estados Unidos, China<\/p>\n","protected":false},"author":1,"featured_media":9334,"comment_status":"closed","ping_status":"closed","sticky":false,"template":"","format":"standard","meta":{"footnotes":""},"categories":[35],"tags":[43],"class_list":{"0":"post-9333","1":"post","2":"type-post","3":"status-publish","4":"format-standard","5":"has-post-thumbnail","7":"category-negocios","8":"tag-empresas"},"aioseo_notices":[],"aioseo_head":"\n\t\t<!-- All in One SEO Pro 4.9.6.2 - aioseo.com -->\n\t<meta name=\"description\" content=\"En los \u00faltimos a\u00f1os, la personalizaci\u00f3n de prendas ha cobrado gran relevancia, convirti\u00e9ndose en una opci\u00f3n preferida tanto por particulares\" \/>\n\t<meta name=\"robots\" content=\"max-image-preview:large\" \/>\n\t<meta name=\"author\" content=\"NBAsturias\"\/>\n\t<meta name=\"google-site-verification\" content=\"UA-38556648-1\" \/>\n\t<meta name=\"keywords\" content=\"negocios\" \/>\n\t<link rel=\"canonical\" href=\"https:\/\/eldigitaldeasturias.com\/radio\/bordados-personalizados-en-madrid-una-solucion-creativa-para-empresas-y-particulares\/\" \/>\n\t<meta name=\"generator\" content=\"All in One SEO Pro (AIOSEO) 4.9.6.2\" \/>\n\t\t<meta property=\"og:locale\" content=\"es_ES\" \/>\n\t\t<meta property=\"og:site_name\" content=\"El Digital de Asturias | Diario de informaci\u00f3n y noticias\" \/>\n\t\t<meta property=\"og:type\" content=\"article\" \/>\n\t\t<meta property=\"og:title\" content=\"Bordados personalizados en Madrid: una soluci\u00f3n creativa para empresas y particulares | El Digital de Asturias\" \/>\n\t\t<meta property=\"og:description\" content=\"En los \u00faltimos a\u00f1os, la personalizaci\u00f3n de prendas ha cobrado gran relevancia, convirti\u00e9ndose en una opci\u00f3n preferida tanto por particulares\" \/>\n\t\t<meta property=\"og:url\" content=\"https:\/\/eldigitaldeasturias.com\/radio\/bordados-personalizados-en-madrid-una-solucion-creativa-para-empresas-y-particulares\/\" \/>\n\t\t<meta property=\"og:image\" content=\"https:\/\/eldigitaldeasturias.com\/radio\/wp-content\/uploads\/2024\/09\/Bordados-personalizados.jpg\" \/>\n\t\t<meta property=\"og:image:secure_url\" content=\"https:\/\/eldigitaldeasturias.com\/radio\/wp-content\/uploads\/2024\/09\/Bordados-personalizados.jpg\" \/>\n\t\t<meta property=\"og:image:width\" content=\"1082\" \/>\n\t\t<meta property=\"og:image:height\" content=\"713\" \/>\n\t\t<meta property=\"article:published_time\" content=\"2024-09-13T12:05:47+00:00\" \/>\n\t\t<meta property=\"article:modified_time\" content=\"2024-09-13T12:06:25+00:00\" \/>\n\t\t<meta name=\"twitter:card\" content=\"summary_large_image\" \/>\n\t\t<meta name=\"twitter:site\" content=\"@bercodi\" \/>\n\t\t<meta name=\"twitter:title\" content=\"Bordados personalizados en Madrid: una soluci\u00f3n creativa para empresas y particulares | El Digital de Asturias\" \/>\n\t\t<meta name=\"twitter:description\" content=\"En los \u00faltimos a\u00f1os, la personalizaci\u00f3n de prendas ha cobrado gran relevancia, convirti\u00e9ndose en una opci\u00f3n preferida tanto por particulares\" \/>\n\t\t<meta name=\"twitter:creator\" content=\"@bercodi\" \/>\n\t\t<meta name=\"twitter:image\" content=\"https:\/\/eldigitaldeasturias.com\/radio\/wp-content\/uploads\/2024\/09\/Bordados-personalizados.jpg\" \/>\n\t\t<script type=\"application\/ld+json\" class=\"aioseo-schema\">\n\t\t\t{\"@context\":\"https:\\\/\\\/schema.org\",\"@graph\":[{\"@type\":\"BreadcrumbList\",\"@id\":\"https:\\\/\\\/eldigitaldeasturias.com\\\/radio\\\/bordados-personalizados-en-madrid-una-solucion-creativa-para-empresas-y-particulares\\\/#breadcrumblist\",\"itemListElement\":[{\"@type\":\"ListItem\",\"@id\":\"https:\\\/\\\/eldigitaldeasturias.com\\\/radio#listItem\",\"position\":1,\"name\":\"Inicio\",\"item\":\"https:\\\/\\\/eldigitaldeasturias.com\\\/radio\",\"nextItem\":{\"@type\":\"ListItem\",\"@id\":\"https:\\\/\\\/eldigitaldeasturias.com\\\/radio\\\/category\\\/negocios\\\/#listItem\",\"name\":\"Negocios\"}},{\"@type\":\"ListItem\",\"@id\":\"https:\\\/\\\/eldigitaldeasturias.com\\\/radio\\\/category\\\/negocios\\\/#listItem\",\"position\":2,\"name\":\"Negocios\",\"item\":\"https:\\\/\\\/eldigitaldeasturias.com\\\/radio\\\/category\\\/negocios\\\/\",\"nextItem\":{\"@type\":\"ListItem\",\"@id\":\"https:\\\/\\\/eldigitaldeasturias.com\\\/radio\\\/bordados-personalizados-en-madrid-una-solucion-creativa-para-empresas-y-particulares\\\/#listItem\",\"name\":\"Bordados personalizados en Madrid: una soluci\\u00f3n creativa para empresas y particulares\"},\"previousItem\":{\"@type\":\"ListItem\",\"@id\":\"https:\\\/\\\/eldigitaldeasturias.com\\\/radio#listItem\",\"name\":\"Inicio\"}},{\"@type\":\"ListItem\",\"@id\":\"https:\\\/\\\/eldigitaldeasturias.com\\\/radio\\\/bordados-personalizados-en-madrid-una-solucion-creativa-para-empresas-y-particulares\\\/#listItem\",\"position\":3,\"name\":\"Bordados personalizados en Madrid: una soluci\\u00f3n creativa para empresas y particulares\",\"previousItem\":{\"@type\":\"ListItem\",\"@id\":\"https:\\\/\\\/eldigitaldeasturias.com\\\/radio\\\/category\\\/negocios\\\/#listItem\",\"name\":\"Negocios\"}}]},{\"@type\":\"NewsArticle\",\"@id\":\"https:\\\/\\\/eldigitaldeasturias.com\\\/radio\\\/bordados-personalizados-en-madrid-una-solucion-creativa-para-empresas-y-particulares\\\/#newsarticle\",\"name\":\"Bordados personalizados en Madrid: una soluci\\u00f3n creativa para empresas y particulares | El Digital de Asturias\",\"headline\":\"Bordados personalizados en Madrid: una soluci\\u00f3n creativa para empresas y particulares\",\"author\":{\"@id\":\"https:\\\/\\\/eldigitaldeasturias.com\\\/radio\\\/author\\\/nbasturias\\\/#author\"},\"publisher\":{\"@id\":\"https:\\\/\\\/eldigitaldeasturias.com\\\/radio\\\/#organization\"},\"image\":{\"@type\":\"ImageObject\",\"url\":\"https:\\\/\\\/eldigitaldeasturias.com\\\/radio\\\/wp-content\\\/uploads\\\/2024\\\/09\\\/Bordados-personalizados.jpg\",\"width\":1082,\"height\":713,\"caption\":\"Bordados personalizados\"},\"datePublished\":\"2024-09-13T14:05:47+02:00\",\"dateModified\":\"2024-09-13T14:06:25+02:00\",\"inLanguage\":\"es-ES\",\"mainEntityOfPage\":{\"@id\":\"https:\\\/\\\/eldigitaldeasturias.com\\\/radio\\\/bordados-personalizados-en-madrid-una-solucion-creativa-para-empresas-y-particulares\\\/#webpage\"},\"isPartOf\":{\"@id\":\"https:\\\/\\\/eldigitaldeasturias.com\\\/radio\\\/bordados-personalizados-en-madrid-una-solucion-creativa-para-empresas-y-particulares\\\/#webpage\"},\"articleSection\":\"Negocios, empresas\",\"dateline\":\"Publicado el septiembre 13, 2024.\"},{\"@type\":\"Organization\",\"@id\":\"https:\\\/\\\/eldigitaldeasturias.com\\\/radio\\\/#organization\",\"name\":\"El digital de Asturias Radio\",\"description\":\"Diario de informaci\\u00f3n y noticias\",\"url\":\"https:\\\/\\\/eldigitaldeasturias.com\\\/radio\\\/\",\"telephone\":\"+34652131393\",\"logo\":{\"@type\":\"ImageObject\",\"url\":\"https:\\\/\\\/www.eldigitaldeasturias.com\\\/radio\\\/wp-content\\\/uploads\\\/2021\\\/03\\\/EDA.jpg\",\"@id\":\"https:\\\/\\\/eldigitaldeasturias.com\\\/radio\\\/bordados-personalizados-en-madrid-una-solucion-creativa-para-empresas-y-particulares\\\/#organizationLogo\"},\"image\":{\"@id\":\"https:\\\/\\\/eldigitaldeasturias.com\\\/radio\\\/bordados-personalizados-en-madrid-una-solucion-creativa-para-empresas-y-particulares\\\/#organizationLogo\"},\"sameAs\":[\"https:\\\/\\\/www.facebook.com\\\/\",\"https:\\\/\\\/x.com\\\/bercodi\",\"https:\\\/\\\/www.instagram.com\\\/\",\"https:\\\/\\\/www.youtube.com\\\/channel\\\/UCZP-2wLEB9Rv6erhFmqVnvg\"]},{\"@type\":\"Person\",\"@id\":\"https:\\\/\\\/eldigitaldeasturias.com\\\/radio\\\/author\\\/nbasturias\\\/#author\",\"url\":\"https:\\\/\\\/eldigitaldeasturias.com\\\/radio\\\/author\\\/nbasturias\\\/\",\"name\":\"NBAsturias\",\"image\":{\"@type\":\"ImageObject\",\"@id\":\"https:\\\/\\\/eldigitaldeasturias.com\\\/radio\\\/bordados-personalizados-en-madrid-una-solucion-creativa-para-empresas-y-particulares\\\/#authorImage\",\"url\":\"https:\\\/\\\/secure.gravatar.com\\\/avatar\\\/df2aeffc32bcd13f8d26072ef8a91b623d677766deac7f97ca815868cd41bf5e?s=96&d=mm&r=g\",\"width\":96,\"height\":96,\"caption\":\"NBAsturias\"}},{\"@type\":\"WebPage\",\"@id\":\"https:\\\/\\\/eldigitaldeasturias.com\\\/radio\\\/bordados-personalizados-en-madrid-una-solucion-creativa-para-empresas-y-particulares\\\/#webpage\",\"url\":\"https:\\\/\\\/eldigitaldeasturias.com\\\/radio\\\/bordados-personalizados-en-madrid-una-solucion-creativa-para-empresas-y-particulares\\\/\",\"name\":\"Bordados personalizados en Madrid: una soluci\\u00f3n creativa para empresas y particulares | El Digital de Asturias\",\"description\":\"En los \\u00faltimos a\\u00f1os, la personalizaci\\u00f3n de prendas ha cobrado gran relevancia, convirti\\u00e9ndose en una opci\\u00f3n preferida tanto por particulares\",\"inLanguage\":\"es-ES\",\"isPartOf\":{\"@id\":\"https:\\\/\\\/eldigitaldeasturias.com\\\/radio\\\/#website\"},\"breadcrumb\":{\"@id\":\"https:\\\/\\\/eldigitaldeasturias.com\\\/radio\\\/bordados-personalizados-en-madrid-una-solucion-creativa-para-empresas-y-particulares\\\/#breadcrumblist\"},\"author\":{\"@id\":\"https:\\\/\\\/eldigitaldeasturias.com\\\/radio\\\/author\\\/nbasturias\\\/#author\"},\"creator\":{\"@id\":\"https:\\\/\\\/eldigitaldeasturias.com\\\/radio\\\/author\\\/nbasturias\\\/#author\"},\"image\":{\"@type\":\"ImageObject\",\"url\":\"https:\\\/\\\/eldigitaldeasturias.com\\\/radio\\\/wp-content\\\/uploads\\\/2024\\\/09\\\/Bordados-personalizados.jpg\",\"@id\":\"https:\\\/\\\/eldigitaldeasturias.com\\\/radio\\\/bordados-personalizados-en-madrid-una-solucion-creativa-para-empresas-y-particulares\\\/#mainImage\",\"width\":1082,\"height\":713,\"caption\":\"Bordados personalizados\"},\"primaryImageOfPage\":{\"@id\":\"https:\\\/\\\/eldigitaldeasturias.com\\\/radio\\\/bordados-personalizados-en-madrid-una-solucion-creativa-para-empresas-y-particulares\\\/#mainImage\"},\"datePublished\":\"2024-09-13T14:05:47+02:00\",\"dateModified\":\"2024-09-13T14:06:25+02:00\"},{\"@type\":\"WebSite\",\"@id\":\"https:\\\/\\\/eldigitaldeasturias.com\\\/radio\\\/#website\",\"url\":\"https:\\\/\\\/eldigitaldeasturias.com\\\/radio\\\/\",\"name\":\"El Digital de Asturias\",\"description\":\"Diario de informaci\\u00f3n y noticias\",\"inLanguage\":\"es-ES\",\"publisher\":{\"@id\":\"https:\\\/\\\/eldigitaldeasturias.com\\\/radio\\\/#organization\"}}]}\n\t\t<\/script>\n\t\t<!-- All in One SEO Pro -->\r\n\t\t<title>Bordados personalizados en Madrid: una soluci\u00f3n creativa para empresas y particulares | El Digital de Asturias<\/title>\n\n","aioseo_head_json":{"title":"Bordados personalizados en Madrid: una soluci\u00f3n creativa para empresas y particulares | El Digital de Asturias","description":"En los \u00faltimos a\u00f1os, la personalizaci\u00f3n de prendas ha cobrado gran relevancia, convirti\u00e9ndose en una opci\u00f3n preferida tanto por particulares","canonical_url":"https:\/\/eldigitaldeasturias.com\/radio\/bordados-personalizados-en-madrid-una-solucion-creativa-para-empresas-y-particulares\/","robots":"max-image-preview:large","keywords":"negocios","webmasterTools":{"google-site-verification":"UA-38556648-1","miscellaneous":""},"schema":{"@context":"https:\/\/schema.org","@graph":[{"@type":"BreadcrumbList","@id":"https:\/\/eldigitaldeasturias.com\/radio\/bordados-personalizados-en-madrid-una-solucion-creativa-para-empresas-y-particulares\/#breadcrumblist","itemListElement":[{"@type":"ListItem","@id":"https:\/\/eldigitaldeasturias.com\/radio#listItem","position":1,"name":"Inicio","item":"https:\/\/eldigitaldeasturias.com\/radio","nextItem":{"@type":"ListItem","@id":"https:\/\/eldigitaldeasturias.com\/radio\/category\/negocios\/#listItem","name":"Negocios"}},{"@type":"ListItem","@id":"https:\/\/eldigitaldeasturias.com\/radio\/category\/negocios\/#listItem","position":2,"name":"Negocios","item":"https:\/\/eldigitaldeasturias.com\/radio\/category\/negocios\/","nextItem":{"@type":"ListItem","@id":"https:\/\/eldigitaldeasturias.com\/radio\/bordados-personalizados-en-madrid-una-solucion-creativa-para-empresas-y-particulares\/#listItem","name":"Bordados personalizados en Madrid: una soluci\u00f3n creativa para empresas y particulares"},"previousItem":{"@type":"ListItem","@id":"https:\/\/eldigitaldeasturias.com\/radio#listItem","name":"Inicio"}},{"@type":"ListItem","@id":"https:\/\/eldigitaldeasturias.com\/radio\/bordados-personalizados-en-madrid-una-solucion-creativa-para-empresas-y-particulares\/#listItem","position":3,"name":"Bordados personalizados en Madrid: una soluci\u00f3n creativa para empresas y particulares","previousItem":{"@type":"ListItem","@id":"https:\/\/eldigitaldeasturias.com\/radio\/category\/negocios\/#listItem","name":"Negocios"}}]},{"@type":"NewsArticle","@id":"https:\/\/eldigitaldeasturias.com\/radio\/bordados-personalizados-en-madrid-una-solucion-creativa-para-empresas-y-particulares\/#newsarticle","name":"Bordados personalizados en Madrid: una soluci\u00f3n creativa para empresas y particulares | El Digital de Asturias","headline":"Bordados personalizados en Madrid: una soluci\u00f3n creativa para empresas y particulares","author":{"@id":"https:\/\/eldigitaldeasturias.com\/radio\/author\/nbasturias\/#author"},"publisher":{"@id":"https:\/\/eldigitaldeasturias.com\/radio\/#organization"},"image":{"@type":"ImageObject","url":"https:\/\/eldigitaldeasturias.com\/radio\/wp-content\/uploads\/2024\/09\/Bordados-personalizados.jpg","width":1082,"height":713,"caption":"Bordados personalizados"},"datePublished":"2024-09-13T14:05:47+02:00","dateModified":"2024-09-13T14:06:25+02:00","inLanguage":"es-ES","mainEntityOfPage":{"@id":"https:\/\/eldigitaldeasturias.com\/radio\/bordados-personalizados-en-madrid-una-solucion-creativa-para-empresas-y-particulares\/#webpage"},"isPartOf":{"@id":"https:\/\/eldigitaldeasturias.com\/radio\/bordados-personalizados-en-madrid-una-solucion-creativa-para-empresas-y-particulares\/#webpage"},"articleSection":"Negocios, empresas","dateline":"Publicado el septiembre 13, 2024."},{"@type":"Organization","@id":"https:\/\/eldigitaldeasturias.com\/radio\/#organization","name":"El digital de Asturias Radio","description":"Diario de informaci\u00f3n y noticias","url":"https:\/\/eldigitaldeasturias.com\/radio\/","telephone":"+34652131393","logo":{"@type":"ImageObject","url":"https:\/\/www.eldigitaldeasturias.com\/radio\/wp-content\/uploads\/2021\/03\/EDA.jpg","@id":"https:\/\/eldigitaldeasturias.com\/radio\/bordados-personalizados-en-madrid-una-solucion-creativa-para-empresas-y-particulares\/#organizationLogo"},"image":{"@id":"https:\/\/eldigitaldeasturias.com\/radio\/bordados-personalizados-en-madrid-una-solucion-creativa-para-empresas-y-particulares\/#organizationLogo"},"sameAs":["https:\/\/www.facebook.com\/","https:\/\/x.com\/bercodi","https:\/\/www.instagram.com\/","https:\/\/www.youtube.com\/channel\/UCZP-2wLEB9Rv6erhFmqVnvg"]},{"@type":"Person","@id":"https:\/\/eldigitaldeasturias.com\/radio\/author\/nbasturias\/#author","url":"https:\/\/eldigitaldeasturias.com\/radio\/author\/nbasturias\/","name":"NBAsturias","image":{"@type":"ImageObject","@id":"https:\/\/eldigitaldeasturias.com\/radio\/bordados-personalizados-en-madrid-una-solucion-creativa-para-empresas-y-particulares\/#authorImage","url":"https:\/\/secure.gravatar.com\/avatar\/df2aeffc32bcd13f8d26072ef8a91b623d677766deac7f97ca815868cd41bf5e?s=96&d=mm&r=g","width":96,"height":96,"caption":"NBAsturias"}},{"@type":"WebPage","@id":"https:\/\/eldigitaldeasturias.com\/radio\/bordados-personalizados-en-madrid-una-solucion-creativa-para-empresas-y-particulares\/#webpage","url":"https:\/\/eldigitaldeasturias.com\/radio\/bordados-personalizados-en-madrid-una-solucion-creativa-para-empresas-y-particulares\/","name":"Bordados personalizados en Madrid: una soluci\u00f3n creativa para empresas y particulares | El Digital de Asturias","description":"En los \u00faltimos a\u00f1os, la personalizaci\u00f3n de prendas ha cobrado gran relevancia, convirti\u00e9ndose en una opci\u00f3n preferida tanto por particulares","inLanguage":"es-ES","isPartOf":{"@id":"https:\/\/eldigitaldeasturias.com\/radio\/#website"},"breadcrumb":{"@id":"https:\/\/eldigitaldeasturias.com\/radio\/bordados-personalizados-en-madrid-una-solucion-creativa-para-empresas-y-particulares\/#breadcrumblist"},"author":{"@id":"https:\/\/eldigitaldeasturias.com\/radio\/author\/nbasturias\/#author"},"creator":{"@id":"https:\/\/eldigitaldeasturias.com\/radio\/author\/nbasturias\/#author"},"image":{"@type":"ImageObject","url":"https:\/\/eldigitaldeasturias.com\/radio\/wp-content\/uploads\/2024\/09\/Bordados-personalizados.jpg","@id":"https:\/\/eldigitaldeasturias.com\/radio\/bordados-personalizados-en-madrid-una-solucion-creativa-para-empresas-y-particulares\/#mainImage","width":1082,"height":713,"caption":"Bordados personalizados"},"primaryImageOfPage":{"@id":"https:\/\/eldigitaldeasturias.com\/radio\/bordados-personalizados-en-madrid-una-solucion-creativa-para-empresas-y-particulares\/#mainImage"},"datePublished":"2024-09-13T14:05:47+02:00","dateModified":"2024-09-13T14:06:25+02:00"},{"@type":"WebSite","@id":"https:\/\/eldigitaldeasturias.com\/radio\/#website","url":"https:\/\/eldigitaldeasturias.com\/radio\/","name":"El Digital de Asturias","description":"Diario de informaci\u00f3n y noticias","inLanguage":"es-ES","publisher":{"@id":"https:\/\/eldigitaldeasturias.com\/radio\/#organization"}}]},"og:locale":"es_ES","og:site_name":"El Digital de Asturias | Diario de informaci\u00f3n y noticias","og:type":"article","og:title":"Bordados personalizados en Madrid: una soluci\u00f3n creativa para empresas y particulares | El Digital de Asturias","og:description":"En los \u00faltimos a\u00f1os, la personalizaci\u00f3n de prendas ha cobrado gran relevancia, convirti\u00e9ndose en una opci\u00f3n preferida tanto por particulares","og:url":"https:\/\/eldigitaldeasturias.com\/radio\/bordados-personalizados-en-madrid-una-solucion-creativa-para-empresas-y-particulares\/","og:image":"https:\/\/eldigitaldeasturias.com\/radio\/wp-content\/uploads\/2024\/09\/Bordados-personalizados.jpg","og:image:secure_url":"https:\/\/eldigitaldeasturias.com\/radio\/wp-content\/uploads\/2024\/09\/Bordados-personalizados.jpg","og:image:width":1082,"og:image:height":713,"article:published_time":"2024-09-13T12:05:47+00:00","article:modified_time":"2024-09-13T12:06:25+00:00","twitter:card":"summary_large_image","twitter:site":"@bercodi","twitter:title":"Bordados personalizados en Madrid: una soluci\u00f3n creativa para empresas y particulares | El Digital de Asturias","twitter:description":"En los \u00faltimos a\u00f1os, la personalizaci\u00f3n de prendas ha cobrado gran relevancia, convirti\u00e9ndose en una opci\u00f3n preferida tanto por particulares","twitter:creator":"@bercodi","twitter:image":"https:\/\/eldigitaldeasturias.com\/radio\/wp-content\/uploads\/2024\/09\/Bordados-personalizados.jpg"},"aioseo_meta_data":{"post_id":"9333","title":null,"description":"En los \u00faltimos a\u00f1os, la personalizaci\u00f3n de prendas ha cobrado gran relevancia, convirti\u00e9ndose en una opci\u00f3n preferida tanto por particulares","keywords":null,"keyphrases":{"focus":{"keyphrase":"Bordados","score":69,"analysis":{"keyphraseInTitle":{"score":9,"maxScore":9,"error":0},"keyphraseInDescription":{"score":3,"maxScore":9,"error":1},"keyphraseLength":{"score":9,"maxScore":9,"error":0,"length":1},"keyphraseInURL":{"score":5,"maxScore":5,"error":0},"keyphraseInIntroduction":{"score":9,"maxScore":9,"error":0},"keyphraseInSubHeadings":{"score":3,"maxScore":9,"error":1},"keyphraseInImageAlt":{"score":9,"maxScore":9,"error":0},"keywordDensity":{"score":0,"type":"low","maxScore":9,"error":1}}},"additional":[{"keyphrase":"prendas","score":87,"analysis":{"keyphraseInDescription":{"score":9,"maxScore":9,"error":0},"keyphraseLength":{"score":9,"maxScore":9,"error":0,"length":1},"keyphraseInIntroduction":{"score":9,"maxScore":9,"error":0},"keyphraseInImageAlt":{"score":3,"maxScore":9,"error":1},"keywordDensity":{"type":"best","score":9,"maxScore":9,"error":0}}}]},"primary_term":null,"canonical_url":null,"og_title":null,"og_description":null,"og_object_type":"default","og_image_type":"default","og_image_url":null,"og_image_width":null,"og_image_height":null,"og_image_custom_url":null,"og_image_custom_fields":null,"og_video":"","og_custom_url":null,"og_article_section":null,"og_article_tags":null,"twitter_use_og":false,"twitter_card":"default","twitter_image_type":"default","twitter_image_url":null,"twitter_image_custom_url":null,"twitter_image_custom_fields":null,"twitter_title":null,"twitter_description":null,"schema":{"blockGraphs":[],"customGraphs":[],"default":{"data":{"Article":[],"Course":[],"Dataset":[],"FAQPage":[],"Movie":[],"Person":[],"Product":[],"ProductReview":[],"Car":[],"Recipe":[],"Service":[],"SoftwareApplication":[],"WebPage":[]},"graphName":"NewsArticle","isEnabled":true},"graphs":[]},"schema_type":"default","schema_type_options":null,"pillar_content":false,"robots_default":true,"robots_noindex":false,"robots_noarchive":false,"robots_nosnippet":false,"robots_nofollow":false,"robots_noimageindex":false,"robots_noodp":false,"robots_notranslate":false,"robots_max_snippet":"-1","robots_max_videopreview":"-1","robots_max_imagepreview":"large","priority":null,"frequency":"default","location":null,"local_seo":null,"seo_analyzer_scan_date":"2025-08-28 22:58:32","breadcrumb_settings":null,"limit_modified_date":false,"open_ai":"{\"title\":{\"suggestions\":[],\"usage\":0},\"description\":{\"suggestions\":[],\"usage\":0}}","ai":null,"created":"2024-09-13 11:52:29","updated":"2025-08-28 22:58:32"},"aioseo_breadcrumb":"<div class=\"aioseo-breadcrumbs\"><span class=\"aioseo-breadcrumb\">\n\t<a href=\"https:\/\/eldigitaldeasturias.com\/radio\" title=\"Inicio\">Inicio<\/a>\n<\/span><span class=\"aioseo-breadcrumb-separator\">&ndash;<\/span><span class=\"aioseo-breadcrumb\">\n\t<a href=\"https:\/\/eldigitaldeasturias.com\/radio\/category\/negocios\/\" title=\"Negocios\">Negocios<\/a>\n<\/span><span class=\"aioseo-breadcrumb-separator\">&ndash;<\/span><span class=\"aioseo-breadcrumb\">\n\tBordados personalizados en Madrid: una soluci\u00f3n creativa para empresas y particulares\n<\/span><\/div>","aioseo_breadcrumb_json":[{"label":"Inicio","link":"https:\/\/eldigitaldeasturias.com\/radio"},{"label":"Negocios","link":"https:\/\/eldigitaldeasturias.com\/radio\/category\/negocios\/"},{"label":"Bordados personalizados en Madrid: una soluci\u00f3n creativa para empresas y particulares","link":"https:\/\/eldigitaldeasturias.com\/radio\/bordados-personalizados-en-madrid-una-solucion-creativa-para-empresas-y-particulares\/"}],"_links":{"self":[{"href":"https:\/\/eldigitaldeasturias.com\/radio\/wp-json\/wp\/v2\/posts\/9333","targetHints":{"allow":["GET"]}}],"collection":[{"href":"https:\/\/eldigitaldeasturias.com\/radio\/wp-json\/wp\/v2\/posts"}],"about":[{"href":"https:\/\/eldigitaldeasturias.com\/radio\/wp-json\/wp\/v2\/types\/post"}],"author":[{"embeddable":true,"href":"https:\/\/eldigitaldeasturias.com\/radio\/wp-json\/wp\/v2\/users\/1"}],"replies":[{"embeddable":true,"href":"https:\/\/eldigitaldeasturias.com\/radio\/wp-json\/wp\/v2\/comments?post=9333"}],"version-history":[{"count":0,"href":"https:\/\/eldigitaldeasturias.com\/radio\/wp-json\/wp\/v2\/posts\/9333\/revisions"}],"wp:featuredmedia":[{"embeddable":true,"href":"https:\/\/eldigitaldeasturias.com\/radio\/wp-json\/wp\/v2\/media\/9334"}],"wp:attachment":[{"href":"https:\/\/eldigitaldeasturias.com\/radio\/wp-json\/wp\/v2\/media?parent=9333"}],"wp:term":[{"taxonomy":"category","embeddable":true,"href":"https:\/\/eldigitaldeasturias.com\/radio\/wp-json\/wp\/v2\/categories?post=9333"},{"taxonomy":"post_tag","embeddable":true,"href":"https:\/\/eldigitaldeasturias.com\/radio\/wp-json\/wp\/v2\/tags?post=9333"}],"curies":[{"name":"wp","href":"https:\/\/api.w.org\/{rel}","templated":true}]}}