{"id":9092,"date":"2024-07-18T06:58:04","date_gmt":"2024-07-18T04:58:04","guid":{"rendered":"https:\/\/eldigitaldeasturias.com\/radio\/?p=9092"},"modified":"2024-07-18T06:58:04","modified_gmt":"2024-07-18T04:58:04","slug":"calzado-de-seguridad-proteccion-y-comodidad-para-el-trabajador-moderno","status":"publish","type":"post","link":"https:\/\/eldigitaldeasturias.com\/radio\/calzado-de-seguridad-proteccion-y-comodidad-para-el-trabajador-moderno\/","title":{"rendered":"Calzado de Seguridad: Protecci\u00f3n y comodidad para el trabajador moderno"},"content":{"rendered":"<p>La comodidad y protecci\u00f3n del trabajador es muy importante para cualquier empresa, y mucho m\u00e1s cuando hablamos de calzado, a la hora de trabajar ya sea en el sector de la construcci\u00f3n, en una fabrica o en el mundo de la hosteler\u00eda siempre es importante invertir en prendas y calzado que permita a los empleados desenvolverse de manera c\u00f3moda y sin tener que afrontar riesgos evitables. <strong><a title=\"Calzado de Seguridad\" href=\"https:\/\/esuniformes.com\/calzado-de-seguridad\" target=\"_blank\" rel=\"noopener\"><span style=\"color: #ff6600;\">Calzado de Seguridad<\/span><\/a> es importante para evitar cortes, heridas, lesiones de espalda y tambi\u00e9n para aportar un extra de calidad de vida a los trabajadores que tienen problemas en sus pies.<\/strong><\/p>\n<p><img fetchpriority=\"high\" decoding=\"async\" class=\"aligncenter size-large wp-image-9093\" src=\"https:\/\/eldigitaldeasturias.com\/radio\/wp-content\/uploads\/2024\/07\/Calzado-de-Seguridad-650x439.jpg\" alt=\"Calzado de Seguridad\" width=\"650\" height=\"439\" srcset=\"https:\/\/eldigitaldeasturias.com\/radio\/wp-content\/uploads\/2024\/07\/Calzado-de-Seguridad-650x439.jpg 650w, https:\/\/eldigitaldeasturias.com\/radio\/wp-content\/uploads\/2024\/07\/Calzado-de-Seguridad-360x243.jpg 360w, https:\/\/eldigitaldeasturias.com\/radio\/wp-content\/uploads\/2024\/07\/Calzado-de-Seguridad-150x101.jpg 150w, https:\/\/eldigitaldeasturias.com\/radio\/wp-content\/uploads\/2024\/07\/Calzado-de-Seguridad-450x304.jpg 450w, https:\/\/eldigitaldeasturias.com\/radio\/wp-content\/uploads\/2024\/07\/Calzado-de-Seguridad.jpg 735w\" sizes=\"(max-width: 650px) 100vw, 650px\" \/><\/p>\n<p>Un trabajador que se sienta c\u00f3modo y que adem\u00e1s tambi\u00e9n se sienta seguro aporta un mejor rendimiento tanto empresarial como personal, y adem\u00e1s puede realizar sus tareas de un modo m\u00e1s sencillo. Por suerte el calzado profesional ha evolucionado mucho durante los \u00faltimos a\u00f1os y ahora es posible comprar calzado que proteja en el entorno laboral y adem\u00e1s ayude a cuidar la salud y el bienestar de los operarios o empleados. \u00bfD\u00f3nde comprar calzado seguro y c\u00f3modo? <strong>Te recomendamos acceder a esuniformes.com para que puedas conocer de primera mano las propuestas que ofrecen a empresas y tambi\u00e9n a aut\u00f3nomos y otro tipo de profesionales. Sus productos cuentan con muy buenas referencias y adem\u00e1s todos son de gran calidad.<\/strong><\/p>\n<h2>Invertir en comodidad<\/h2>\n<p><strong><a title=\"Uniformes de Trabajo\" href=\"https:\/\/esuniformes.com\/\" target=\"_blank\" rel=\"noopener\"><span style=\"color: #ff6600;\">Uniformes de Trabajo<\/span><\/a> es otra de las opciones que encontrar\u00e1s en la web que te hemos mencionado<\/strong>, con ellos los empleados podr\u00e1n combinar su calzado con ropa personalizada, y adem\u00e1s se pueden realizar compras para las diferentes \u00e9pocas del a\u00f1o, ya sea para empresas que trabajan en exteriores como en interiores. <strong>La ropa de agua, pantalones, chaquetas o ropa para trabajar seguros y c\u00f3modos cuando suben las temperaturas durante el verano tambi\u00e9n son necesarias, pues todo trabajador necesita estar siempre equipado y preparado para los posibles cambios de tiempo o entornos en los que tenga que realizar sus tareas.<\/strong><\/p>\n<p><strong><a title=\"Vestuario Laboral\" href=\"https:\/\/esuniformes.com\/vestuario-laboral\" target=\"_blank\" rel=\"noopener\"><span style=\"color: #ff6600;\">Vestuario Laboral<\/span><\/a> personalizado es una muy buena inversi\u00f3n<\/strong>, tanto para crear marca como para el uso diario, adem\u00e1s las prendas hoy en d\u00eda tambi\u00e9n son mucho m\u00e1s c\u00f3modas y se adaptan a las necesidades de cada negocio; <a title=\"Camisetas\" href=\"https:\/\/esuniformes.com\/servicio-camisetas\" target=\"_blank\" rel=\"noopener\"><span style=\"color: #ff6600;\"><strong>Camisetas<\/strong><\/span><\/a> combinadas con calzado de seguridad personalizado tambi\u00e9n har\u00e1n que los clientes sientan que est\u00e1n trabajando con una empresa que cuida de los suyos y que les aporta todo lo necesario para su jornada laboral.<\/p>\n<p><strong>Cuidar del bienestar de los empleados, equiparles siempre con las mejores prendas y el mejor calzado, y dejarse asesorar por expertos es una inversi\u00f3n rentable a medio y largo plazo<\/strong>, pues cuando se compra calidad se ahorra, y cuando se apuesta por la seguridad tambi\u00e9n se cuida de las personas que forman parte de la empresa y los trabajadores y trabajadoras tambi\u00e9n se sienten mejor valorados.<\/p>\n<h2>La importancia de realizar buenas compras<\/h2>\n<p>A la hora de comprar <strong>calzado de seguridad<\/strong>, camisetas y otras prendas siempre es importante apostar por <strong>una empresa que tenga un cat\u00e1logo actualizado y que ofrezca prendas con materiales de calidad<\/strong> y que adem\u00e1s cumplan con los est\u00e1ndares de seguridad requeridos. <span style=\"font-size: 14px; color: var(--c-contrast-800);\"><strong>Tanto en variedad como en calidad siempre es importante invertir para tener la ropa y el calzado necesario para los trabajadores y para llevar el nombre la empresa mucho m\u00e1s lejos.<\/strong> Recuerda acceder al sitio web que te hemos mencionado y descubre sus muchas propuestas para equiparte y equipar los tuyos con las prendas m\u00e1s modernas y seguras.<\/span><\/p>\n","protected":false},"excerpt":{"rendered":"<p>La comodidad y protecci\u00f3n del trabajador es muy importante para cualquier empresa, y mucho m\u00e1s cuando hablamos de calzado, a la hora de trabajar ya sea en el sector de la construcci\u00f3n, en una fabrica o en el mundo de la hosteler\u00eda siempre es importante invertir en prendas y calzado que permita a los empleados<\/p>\n","protected":false},"author":1,"featured_media":9093,"comment_status":"closed","ping_status":"closed","sticky":false,"template":"","format":"standard","meta":{"footnotes":""},"categories":[38],"tags":[43,88],"class_list":{"0":"post-9092","1":"post","2":"type-post","3":"status-publish","4":"format-standard","5":"has-post-thumbnail","7":"category-live","8":"tag-empresas","9":"tag-salud"},"aioseo_notices":[],"aioseo_head":"\n\t\t<!-- All in One SEO Pro 4.9.6.2 - aioseo.com -->\n\t<meta name=\"description\" content=\"La comodidad y protecci\u00f3n del trabajador es muy importante para cualquier empresa, y mucho m\u00e1s cuando hablamos de calzado, a la hora de trabajar ya sea en\" \/>\n\t<meta name=\"robots\" content=\"max-image-preview:large\" \/>\n\t<meta name=\"author\" content=\"NBAsturias\"\/>\n\t<meta name=\"google-site-verification\" content=\"UA-38556648-1\" \/>\n\t<meta name=\"keywords\" content=\"live\" \/>\n\t<link rel=\"canonical\" href=\"https:\/\/eldigitaldeasturias.com\/radio\/calzado-de-seguridad-proteccion-y-comodidad-para-el-trabajador-moderno\/\" \/>\n\t<meta name=\"generator\" content=\"All in One SEO Pro (AIOSEO) 4.9.6.2\" \/>\n\t\t<meta property=\"og:locale\" content=\"es_ES\" \/>\n\t\t<meta property=\"og:site_name\" content=\"El Digital de Asturias | Diario de informaci\u00f3n y noticias\" \/>\n\t\t<meta property=\"og:type\" content=\"article\" \/>\n\t\t<meta property=\"og:title\" content=\"Calzado de Seguridad: Protecci\u00f3n y comodidad para el trabajador moderno | El Digital de Asturias\" \/>\n\t\t<meta property=\"og:description\" content=\"La comodidad y protecci\u00f3n del trabajador es muy importante para cualquier empresa, y mucho m\u00e1s cuando hablamos de calzado, a la hora de trabajar ya sea en\" \/>\n\t\t<meta property=\"og:url\" content=\"https:\/\/eldigitaldeasturias.com\/radio\/calzado-de-seguridad-proteccion-y-comodidad-para-el-trabajador-moderno\/\" \/>\n\t\t<meta property=\"og:image\" content=\"https:\/\/eldigitaldeasturias.com\/radio\/wp-content\/uploads\/2024\/07\/Calzado-de-Seguridad.jpg\" \/>\n\t\t<meta property=\"og:image:secure_url\" content=\"https:\/\/eldigitaldeasturias.com\/radio\/wp-content\/uploads\/2024\/07\/Calzado-de-Seguridad.jpg\" \/>\n\t\t<meta property=\"og:image:width\" content=\"735\" \/>\n\t\t<meta property=\"og:image:height\" content=\"496\" \/>\n\t\t<meta property=\"article:published_time\" content=\"2024-07-18T04:58:04+00:00\" \/>\n\t\t<meta property=\"article:modified_time\" content=\"2024-07-18T04:58:04+00:00\" \/>\n\t\t<meta name=\"twitter:card\" content=\"summary_large_image\" \/>\n\t\t<meta name=\"twitter:site\" content=\"@bercodi\" \/>\n\t\t<meta name=\"twitter:title\" content=\"Calzado de Seguridad: Protecci\u00f3n y comodidad para el trabajador moderno | El Digital de Asturias\" \/>\n\t\t<meta name=\"twitter:description\" content=\"La comodidad y protecci\u00f3n del trabajador es muy importante para cualquier empresa, y mucho m\u00e1s cuando hablamos de calzado, a la hora de trabajar ya sea en\" \/>\n\t\t<meta name=\"twitter:creator\" content=\"@bercodi\" \/>\n\t\t<meta name=\"twitter:image\" content=\"https:\/\/eldigitaldeasturias.com\/radio\/wp-content\/uploads\/2024\/07\/Calzado-de-Seguridad.jpg\" \/>\n\t\t<script type=\"application\/ld+json\" class=\"aioseo-schema\">\n\t\t\t{\"@context\":\"https:\\\/\\\/schema.org\",\"@graph\":[{\"@type\":\"BreadcrumbList\",\"@id\":\"https:\\\/\\\/eldigitaldeasturias.com\\\/radio\\\/calzado-de-seguridad-proteccion-y-comodidad-para-el-trabajador-moderno\\\/#breadcrumblist\",\"itemListElement\":[{\"@type\":\"ListItem\",\"@id\":\"https:\\\/\\\/eldigitaldeasturias.com\\\/radio#listItem\",\"position\":1,\"name\":\"Inicio\",\"item\":\"https:\\\/\\\/eldigitaldeasturias.com\\\/radio\",\"nextItem\":{\"@type\":\"ListItem\",\"@id\":\"https:\\\/\\\/eldigitaldeasturias.com\\\/radio\\\/category\\\/live\\\/#listItem\",\"name\":\"Live\"}},{\"@type\":\"ListItem\",\"@id\":\"https:\\\/\\\/eldigitaldeasturias.com\\\/radio\\\/category\\\/live\\\/#listItem\",\"position\":2,\"name\":\"Live\",\"item\":\"https:\\\/\\\/eldigitaldeasturias.com\\\/radio\\\/category\\\/live\\\/\",\"nextItem\":{\"@type\":\"ListItem\",\"@id\":\"https:\\\/\\\/eldigitaldeasturias.com\\\/radio\\\/calzado-de-seguridad-proteccion-y-comodidad-para-el-trabajador-moderno\\\/#listItem\",\"name\":\"Calzado de Seguridad: Protecci\\u00f3n y comodidad para el trabajador moderno\"},\"previousItem\":{\"@type\":\"ListItem\",\"@id\":\"https:\\\/\\\/eldigitaldeasturias.com\\\/radio#listItem\",\"name\":\"Inicio\"}},{\"@type\":\"ListItem\",\"@id\":\"https:\\\/\\\/eldigitaldeasturias.com\\\/radio\\\/calzado-de-seguridad-proteccion-y-comodidad-para-el-trabajador-moderno\\\/#listItem\",\"position\":3,\"name\":\"Calzado de Seguridad: Protecci\\u00f3n y comodidad para el trabajador moderno\",\"previousItem\":{\"@type\":\"ListItem\",\"@id\":\"https:\\\/\\\/eldigitaldeasturias.com\\\/radio\\\/category\\\/live\\\/#listItem\",\"name\":\"Live\"}}]},{\"@type\":\"NewsArticle\",\"@id\":\"https:\\\/\\\/eldigitaldeasturias.com\\\/radio\\\/calzado-de-seguridad-proteccion-y-comodidad-para-el-trabajador-moderno\\\/#newsarticle\",\"name\":\"Calzado de Seguridad: Protecci\\u00f3n y comodidad para el trabajador moderno | El Digital de Asturias\",\"headline\":\"Calzado de Seguridad: Protecci\\u00f3n y comodidad para el trabajador moderno\",\"author\":{\"@id\":\"https:\\\/\\\/eldigitaldeasturias.com\\\/radio\\\/author\\\/nbasturias\\\/#author\"},\"publisher\":{\"@id\":\"https:\\\/\\\/eldigitaldeasturias.com\\\/radio\\\/#organization\"},\"image\":{\"@type\":\"ImageObject\",\"url\":\"https:\\\/\\\/eldigitaldeasturias.com\\\/radio\\\/wp-content\\\/uploads\\\/2024\\\/07\\\/Calzado-de-Seguridad.jpg\",\"width\":735,\"height\":496,\"caption\":\"Calzado de Seguridad\"},\"datePublished\":\"2024-07-18T06:58:04+02:00\",\"dateModified\":\"2024-07-18T06:58:04+02:00\",\"inLanguage\":\"es-ES\",\"mainEntityOfPage\":{\"@id\":\"https:\\\/\\\/eldigitaldeasturias.com\\\/radio\\\/calzado-de-seguridad-proteccion-y-comodidad-para-el-trabajador-moderno\\\/#webpage\"},\"isPartOf\":{\"@id\":\"https:\\\/\\\/eldigitaldeasturias.com\\\/radio\\\/calzado-de-seguridad-proteccion-y-comodidad-para-el-trabajador-moderno\\\/#webpage\"},\"articleSection\":\"Live, empresas, salud\",\"dateline\":\"Publicado el julio 18, 2024.\"},{\"@type\":\"Organization\",\"@id\":\"https:\\\/\\\/eldigitaldeasturias.com\\\/radio\\\/#organization\",\"name\":\"El digital de Asturias Radio\",\"description\":\"Diario de informaci\\u00f3n y noticias\",\"url\":\"https:\\\/\\\/eldigitaldeasturias.com\\\/radio\\\/\",\"telephone\":\"+34652131393\",\"logo\":{\"@type\":\"ImageObject\",\"url\":\"https:\\\/\\\/www.eldigitaldeasturias.com\\\/radio\\\/wp-content\\\/uploads\\\/2021\\\/03\\\/EDA.jpg\",\"@id\":\"https:\\\/\\\/eldigitaldeasturias.com\\\/radio\\\/calzado-de-seguridad-proteccion-y-comodidad-para-el-trabajador-moderno\\\/#organizationLogo\"},\"image\":{\"@id\":\"https:\\\/\\\/eldigitaldeasturias.com\\\/radio\\\/calzado-de-seguridad-proteccion-y-comodidad-para-el-trabajador-moderno\\\/#organizationLogo\"},\"sameAs\":[\"https:\\\/\\\/www.facebook.com\\\/\",\"https:\\\/\\\/x.com\\\/bercodi\",\"https:\\\/\\\/www.instagram.com\\\/\",\"https:\\\/\\\/www.youtube.com\\\/channel\\\/UCZP-2wLEB9Rv6erhFmqVnvg\"]},{\"@type\":\"Person\",\"@id\":\"https:\\\/\\\/eldigitaldeasturias.com\\\/radio\\\/author\\\/nbasturias\\\/#author\",\"url\":\"https:\\\/\\\/eldigitaldeasturias.com\\\/radio\\\/author\\\/nbasturias\\\/\",\"name\":\"NBAsturias\",\"image\":{\"@type\":\"ImageObject\",\"@id\":\"https:\\\/\\\/eldigitaldeasturias.com\\\/radio\\\/calzado-de-seguridad-proteccion-y-comodidad-para-el-trabajador-moderno\\\/#authorImage\",\"url\":\"https:\\\/\\\/secure.gravatar.com\\\/avatar\\\/df2aeffc32bcd13f8d26072ef8a91b623d677766deac7f97ca815868cd41bf5e?s=96&d=mm&r=g\",\"width\":96,\"height\":96,\"caption\":\"NBAsturias\"}},{\"@type\":\"WebPage\",\"@id\":\"https:\\\/\\\/eldigitaldeasturias.com\\\/radio\\\/calzado-de-seguridad-proteccion-y-comodidad-para-el-trabajador-moderno\\\/#webpage\",\"url\":\"https:\\\/\\\/eldigitaldeasturias.com\\\/radio\\\/calzado-de-seguridad-proteccion-y-comodidad-para-el-trabajador-moderno\\\/\",\"name\":\"Calzado de Seguridad: Protecci\\u00f3n y comodidad para el trabajador moderno | El Digital de Asturias\",\"description\":\"La comodidad y protecci\\u00f3n del trabajador es muy importante para cualquier empresa, y mucho m\\u00e1s cuando hablamos de calzado, a la hora de trabajar ya sea en\",\"inLanguage\":\"es-ES\",\"isPartOf\":{\"@id\":\"https:\\\/\\\/eldigitaldeasturias.com\\\/radio\\\/#website\"},\"breadcrumb\":{\"@id\":\"https:\\\/\\\/eldigitaldeasturias.com\\\/radio\\\/calzado-de-seguridad-proteccion-y-comodidad-para-el-trabajador-moderno\\\/#breadcrumblist\"},\"author\":{\"@id\":\"https:\\\/\\\/eldigitaldeasturias.com\\\/radio\\\/author\\\/nbasturias\\\/#author\"},\"creator\":{\"@id\":\"https:\\\/\\\/eldigitaldeasturias.com\\\/radio\\\/author\\\/nbasturias\\\/#author\"},\"image\":{\"@type\":\"ImageObject\",\"url\":\"https:\\\/\\\/eldigitaldeasturias.com\\\/radio\\\/wp-content\\\/uploads\\\/2024\\\/07\\\/Calzado-de-Seguridad.jpg\",\"@id\":\"https:\\\/\\\/eldigitaldeasturias.com\\\/radio\\\/calzado-de-seguridad-proteccion-y-comodidad-para-el-trabajador-moderno\\\/#mainImage\",\"width\":735,\"height\":496,\"caption\":\"Calzado de Seguridad\"},\"primaryImageOfPage\":{\"@id\":\"https:\\\/\\\/eldigitaldeasturias.com\\\/radio\\\/calzado-de-seguridad-proteccion-y-comodidad-para-el-trabajador-moderno\\\/#mainImage\"},\"datePublished\":\"2024-07-18T06:58:04+02:00\",\"dateModified\":\"2024-07-18T06:58:04+02:00\"},{\"@type\":\"WebSite\",\"@id\":\"https:\\\/\\\/eldigitaldeasturias.com\\\/radio\\\/#website\",\"url\":\"https:\\\/\\\/eldigitaldeasturias.com\\\/radio\\\/\",\"name\":\"El Digital de Asturias\",\"description\":\"Diario de informaci\\u00f3n y noticias\",\"inLanguage\":\"es-ES\",\"publisher\":{\"@id\":\"https:\\\/\\\/eldigitaldeasturias.com\\\/radio\\\/#organization\"}}]}\n\t\t<\/script>\n\t\t<!-- All in One SEO Pro -->\r\n\t\t<title>Calzado de Seguridad: Protecci\u00f3n y comodidad para el trabajador moderno | El Digital de Asturias<\/title>\n\n","aioseo_head_json":{"title":"Calzado de Seguridad: Protecci\u00f3n y comodidad para el trabajador moderno | El Digital de Asturias","description":"La comodidad y protecci\u00f3n del trabajador es muy importante para cualquier empresa, y mucho m\u00e1s cuando hablamos de calzado, a la hora de trabajar ya sea en","canonical_url":"https:\/\/eldigitaldeasturias.com\/radio\/calzado-de-seguridad-proteccion-y-comodidad-para-el-trabajador-moderno\/","robots":"max-image-preview:large","keywords":"live","webmasterTools":{"google-site-verification":"UA-38556648-1","miscellaneous":""},"schema":{"@context":"https:\/\/schema.org","@graph":[{"@type":"BreadcrumbList","@id":"https:\/\/eldigitaldeasturias.com\/radio\/calzado-de-seguridad-proteccion-y-comodidad-para-el-trabajador-moderno\/#breadcrumblist","itemListElement":[{"@type":"ListItem","@id":"https:\/\/eldigitaldeasturias.com\/radio#listItem","position":1,"name":"Inicio","item":"https:\/\/eldigitaldeasturias.com\/radio","nextItem":{"@type":"ListItem","@id":"https:\/\/eldigitaldeasturias.com\/radio\/category\/live\/#listItem","name":"Live"}},{"@type":"ListItem","@id":"https:\/\/eldigitaldeasturias.com\/radio\/category\/live\/#listItem","position":2,"name":"Live","item":"https:\/\/eldigitaldeasturias.com\/radio\/category\/live\/","nextItem":{"@type":"ListItem","@id":"https:\/\/eldigitaldeasturias.com\/radio\/calzado-de-seguridad-proteccion-y-comodidad-para-el-trabajador-moderno\/#listItem","name":"Calzado de Seguridad: Protecci\u00f3n y comodidad para el trabajador moderno"},"previousItem":{"@type":"ListItem","@id":"https:\/\/eldigitaldeasturias.com\/radio#listItem","name":"Inicio"}},{"@type":"ListItem","@id":"https:\/\/eldigitaldeasturias.com\/radio\/calzado-de-seguridad-proteccion-y-comodidad-para-el-trabajador-moderno\/#listItem","position":3,"name":"Calzado de Seguridad: Protecci\u00f3n y comodidad para el trabajador moderno","previousItem":{"@type":"ListItem","@id":"https:\/\/eldigitaldeasturias.com\/radio\/category\/live\/#listItem","name":"Live"}}]},{"@type":"NewsArticle","@id":"https:\/\/eldigitaldeasturias.com\/radio\/calzado-de-seguridad-proteccion-y-comodidad-para-el-trabajador-moderno\/#newsarticle","name":"Calzado de Seguridad: Protecci\u00f3n y comodidad para el trabajador moderno | El Digital de Asturias","headline":"Calzado de Seguridad: Protecci\u00f3n y comodidad para el trabajador moderno","author":{"@id":"https:\/\/eldigitaldeasturias.com\/radio\/author\/nbasturias\/#author"},"publisher":{"@id":"https:\/\/eldigitaldeasturias.com\/radio\/#organization"},"image":{"@type":"ImageObject","url":"https:\/\/eldigitaldeasturias.com\/radio\/wp-content\/uploads\/2024\/07\/Calzado-de-Seguridad.jpg","width":735,"height":496,"caption":"Calzado de Seguridad"},"datePublished":"2024-07-18T06:58:04+02:00","dateModified":"2024-07-18T06:58:04+02:00","inLanguage":"es-ES","mainEntityOfPage":{"@id":"https:\/\/eldigitaldeasturias.com\/radio\/calzado-de-seguridad-proteccion-y-comodidad-para-el-trabajador-moderno\/#webpage"},"isPartOf":{"@id":"https:\/\/eldigitaldeasturias.com\/radio\/calzado-de-seguridad-proteccion-y-comodidad-para-el-trabajador-moderno\/#webpage"},"articleSection":"Live, empresas, salud","dateline":"Publicado el julio 18, 2024."},{"@type":"Organization","@id":"https:\/\/eldigitaldeasturias.com\/radio\/#organization","name":"El digital de Asturias Radio","description":"Diario de informaci\u00f3n y noticias","url":"https:\/\/eldigitaldeasturias.com\/radio\/","telephone":"+34652131393","logo":{"@type":"ImageObject","url":"https:\/\/www.eldigitaldeasturias.com\/radio\/wp-content\/uploads\/2021\/03\/EDA.jpg","@id":"https:\/\/eldigitaldeasturias.com\/radio\/calzado-de-seguridad-proteccion-y-comodidad-para-el-trabajador-moderno\/#organizationLogo"},"image":{"@id":"https:\/\/eldigitaldeasturias.com\/radio\/calzado-de-seguridad-proteccion-y-comodidad-para-el-trabajador-moderno\/#organizationLogo"},"sameAs":["https:\/\/www.facebook.com\/","https:\/\/x.com\/bercodi","https:\/\/www.instagram.com\/","https:\/\/www.youtube.com\/channel\/UCZP-2wLEB9Rv6erhFmqVnvg"]},{"@type":"Person","@id":"https:\/\/eldigitaldeasturias.com\/radio\/author\/nbasturias\/#author","url":"https:\/\/eldigitaldeasturias.com\/radio\/author\/nbasturias\/","name":"NBAsturias","image":{"@type":"ImageObject","@id":"https:\/\/eldigitaldeasturias.com\/radio\/calzado-de-seguridad-proteccion-y-comodidad-para-el-trabajador-moderno\/#authorImage","url":"https:\/\/secure.gravatar.com\/avatar\/df2aeffc32bcd13f8d26072ef8a91b623d677766deac7f97ca815868cd41bf5e?s=96&d=mm&r=g","width":96,"height":96,"caption":"NBAsturias"}},{"@type":"WebPage","@id":"https:\/\/eldigitaldeasturias.com\/radio\/calzado-de-seguridad-proteccion-y-comodidad-para-el-trabajador-moderno\/#webpage","url":"https:\/\/eldigitaldeasturias.com\/radio\/calzado-de-seguridad-proteccion-y-comodidad-para-el-trabajador-moderno\/","name":"Calzado de Seguridad: Protecci\u00f3n y comodidad para el trabajador moderno | El Digital de Asturias","description":"La comodidad y protecci\u00f3n del trabajador es muy importante para cualquier empresa, y mucho m\u00e1s cuando hablamos de calzado, a la hora de trabajar ya sea en","inLanguage":"es-ES","isPartOf":{"@id":"https:\/\/eldigitaldeasturias.com\/radio\/#website"},"breadcrumb":{"@id":"https:\/\/eldigitaldeasturias.com\/radio\/calzado-de-seguridad-proteccion-y-comodidad-para-el-trabajador-moderno\/#breadcrumblist"},"author":{"@id":"https:\/\/eldigitaldeasturias.com\/radio\/author\/nbasturias\/#author"},"creator":{"@id":"https:\/\/eldigitaldeasturias.com\/radio\/author\/nbasturias\/#author"},"image":{"@type":"ImageObject","url":"https:\/\/eldigitaldeasturias.com\/radio\/wp-content\/uploads\/2024\/07\/Calzado-de-Seguridad.jpg","@id":"https:\/\/eldigitaldeasturias.com\/radio\/calzado-de-seguridad-proteccion-y-comodidad-para-el-trabajador-moderno\/#mainImage","width":735,"height":496,"caption":"Calzado de Seguridad"},"primaryImageOfPage":{"@id":"https:\/\/eldigitaldeasturias.com\/radio\/calzado-de-seguridad-proteccion-y-comodidad-para-el-trabajador-moderno\/#mainImage"},"datePublished":"2024-07-18T06:58:04+02:00","dateModified":"2024-07-18T06:58:04+02:00"},{"@type":"WebSite","@id":"https:\/\/eldigitaldeasturias.com\/radio\/#website","url":"https:\/\/eldigitaldeasturias.com\/radio\/","name":"El Digital de Asturias","description":"Diario de informaci\u00f3n y noticias","inLanguage":"es-ES","publisher":{"@id":"https:\/\/eldigitaldeasturias.com\/radio\/#organization"}}]},"og:locale":"es_ES","og:site_name":"El Digital de Asturias | Diario de informaci\u00f3n y noticias","og:type":"article","og:title":"Calzado de Seguridad: Protecci\u00f3n y comodidad para el trabajador moderno | El Digital de Asturias","og:description":"La comodidad y protecci\u00f3n del trabajador es muy importante para cualquier empresa, y mucho m\u00e1s cuando hablamos de calzado, a la hora de trabajar ya sea en","og:url":"https:\/\/eldigitaldeasturias.com\/radio\/calzado-de-seguridad-proteccion-y-comodidad-para-el-trabajador-moderno\/","og:image":"https:\/\/eldigitaldeasturias.com\/radio\/wp-content\/uploads\/2024\/07\/Calzado-de-Seguridad.jpg","og:image:secure_url":"https:\/\/eldigitaldeasturias.com\/radio\/wp-content\/uploads\/2024\/07\/Calzado-de-Seguridad.jpg","og:image:width":735,"og:image:height":496,"article:published_time":"2024-07-18T04:58:04+00:00","article:modified_time":"2024-07-18T04:58:04+00:00","twitter:card":"summary_large_image","twitter:site":"@bercodi","twitter:title":"Calzado de Seguridad: Protecci\u00f3n y comodidad para el trabajador moderno | El Digital de Asturias","twitter:description":"La comodidad y protecci\u00f3n del trabajador es muy importante para cualquier empresa, y mucho m\u00e1s cuando hablamos de calzado, a la hora de trabajar ya sea en","twitter:creator":"@bercodi","twitter:image":"https:\/\/eldigitaldeasturias.com\/radio\/wp-content\/uploads\/2024\/07\/Calzado-de-Seguridad.jpg"},"aioseo_meta_data":{"post_id":"9092","title":null,"description":"La comodidad y protecci\u00f3n del trabajador es muy importante para cualquier empresa, y mucho m\u00e1s cuando hablamos de calzado, a la hora de trabajar ya sea en","keywords":null,"keyphrases":{"focus":{"keyphrase":"calzado","score":85,"analysis":{"keyphraseInTitle":{"score":9,"maxScore":9,"error":0},"keyphraseInDescription":{"score":9,"maxScore":9,"error":0},"keyphraseLength":{"score":9,"maxScore":9,"error":0,"length":1},"keyphraseInURL":{"score":1,"maxScore":5,"error":1},"keyphraseInIntroduction":{"score":9,"maxScore":9,"error":0},"keyphraseInSubHeadings":{"score":3,"maxScore":9,"error":1},"keyphraseInImageAlt":{"score":9,"maxScore":9,"error":0},"keywordDensity":{"type":"best","score":9,"maxScore":9,"error":0}}},"additional":[{"keyphrase":"calzado","score":100,"analysis":{"keyphraseInDescription":{"score":9,"maxScore":9,"error":0},"keyphraseLength":{"score":9,"maxScore":9,"error":0,"length":1},"keyphraseInIntroduction":{"score":9,"maxScore":9,"error":0},"keyphraseInImageAlt":{"score":9,"maxScore":9,"error":0},"keywordDensity":{"type":"best","score":9,"maxScore":9,"error":0}}}]},"primary_term":null,"canonical_url":null,"og_title":null,"og_description":null,"og_object_type":"default","og_image_type":"default","og_image_url":null,"og_image_width":null,"og_image_height":null,"og_image_custom_url":null,"og_image_custom_fields":null,"og_video":"","og_custom_url":null,"og_article_section":null,"og_article_tags":null,"twitter_use_og":false,"twitter_card":"default","twitter_image_type":"default","twitter_image_url":null,"twitter_image_custom_url":null,"twitter_image_custom_fields":null,"twitter_title":null,"twitter_description":null,"schema":{"blockGraphs":[],"customGraphs":[],"default":{"data":{"Article":[],"Course":[],"Dataset":[],"FAQPage":[],"Movie":[],"Person":[],"Product":[],"ProductReview":[],"Car":[],"Recipe":[],"Service":[],"SoftwareApplication":[],"WebPage":[]},"graphName":"NewsArticle","isEnabled":true},"graphs":[]},"schema_type":"default","schema_type_options":null,"pillar_content":false,"robots_default":true,"robots_noindex":false,"robots_noarchive":false,"robots_nosnippet":false,"robots_nofollow":false,"robots_noimageindex":false,"robots_noodp":false,"robots_notranslate":false,"robots_max_snippet":"-1","robots_max_videopreview":"-1","robots_max_imagepreview":"large","priority":null,"frequency":"default","location":null,"local_seo":null,"seo_analyzer_scan_date":"2025-08-28 22:46:35","breadcrumb_settings":null,"limit_modified_date":false,"open_ai":"{\"title\":{\"suggestions\":[],\"usage\":0},\"description\":{\"suggestions\":[],\"usage\":0}}","ai":null,"created":"2024-07-18 04:44:27","updated":"2025-08-28 22:46:35"},"aioseo_breadcrumb":"<div class=\"aioseo-breadcrumbs\"><span class=\"aioseo-breadcrumb\">\n\t<a href=\"https:\/\/eldigitaldeasturias.com\/radio\" title=\"Inicio\">Inicio<\/a>\n<\/span><span class=\"aioseo-breadcrumb-separator\">&ndash;<\/span><span class=\"aioseo-breadcrumb\">\n\t<a href=\"https:\/\/eldigitaldeasturias.com\/radio\/category\/live\/\" title=\"Live\">Live<\/a>\n<\/span><span class=\"aioseo-breadcrumb-separator\">&ndash;<\/span><span class=\"aioseo-breadcrumb\">\n\tCalzado de Seguridad: Protecci\u00f3n y comodidad para el trabajador moderno\n<\/span><\/div>","aioseo_breadcrumb_json":[{"label":"Inicio","link":"https:\/\/eldigitaldeasturias.com\/radio"},{"label":"Live","link":"https:\/\/eldigitaldeasturias.com\/radio\/category\/live\/"},{"label":"Calzado de Seguridad: Protecci\u00f3n y comodidad para el trabajador moderno","link":"https:\/\/eldigitaldeasturias.com\/radio\/calzado-de-seguridad-proteccion-y-comodidad-para-el-trabajador-moderno\/"}],"_links":{"self":[{"href":"https:\/\/eldigitaldeasturias.com\/radio\/wp-json\/wp\/v2\/posts\/9092","targetHints":{"allow":["GET"]}}],"collection":[{"href":"https:\/\/eldigitaldeasturias.com\/radio\/wp-json\/wp\/v2\/posts"}],"about":[{"href":"https:\/\/eldigitaldeasturias.com\/radio\/wp-json\/wp\/v2\/types\/post"}],"author":[{"embeddable":true,"href":"https:\/\/eldigitaldeasturias.com\/radio\/wp-json\/wp\/v2\/users\/1"}],"replies":[{"embeddable":true,"href":"https:\/\/eldigitaldeasturias.com\/radio\/wp-json\/wp\/v2\/comments?post=9092"}],"version-history":[{"count":0,"href":"https:\/\/eldigitaldeasturias.com\/radio\/wp-json\/wp\/v2\/posts\/9092\/revisions"}],"wp:featuredmedia":[{"embeddable":true,"href":"https:\/\/eldigitaldeasturias.com\/radio\/wp-json\/wp\/v2\/media\/9093"}],"wp:attachment":[{"href":"https:\/\/eldigitaldeasturias.com\/radio\/wp-json\/wp\/v2\/media?parent=9092"}],"wp:term":[{"taxonomy":"category","embeddable":true,"href":"https:\/\/eldigitaldeasturias.com\/radio\/wp-json\/wp\/v2\/categories?post=9092"},{"taxonomy":"post_tag","embeddable":true,"href":"https:\/\/eldigitaldeasturias.com\/radio\/wp-json\/wp\/v2\/tags?post=9092"}],"curies":[{"name":"wp","href":"https:\/\/api.w.org\/{rel}","templated":true}]}}