{"id":8906,"date":"2024-04-25T04:46:38","date_gmt":"2024-04-25T02:46:38","guid":{"rendered":"https:\/\/eldigitaldeasturias.com\/radio\/?p=8906"},"modified":"2024-04-25T04:47:41","modified_gmt":"2024-04-25T02:47:41","slug":"las-claves-para-disfrutar-del-mejor-aire-acondicionado","status":"publish","type":"post","link":"https:\/\/eldigitaldeasturias.com\/radio\/las-claves-para-disfrutar-del-mejor-aire-acondicionado\/","title":{"rendered":"Las claves para disfrutar del mejor aire acondicionado"},"content":{"rendered":"<p>Cada vez son m\u00e1s las personas que desean disfrutar de la temperatura perfecta en su hogar o lugar de trabajo. <strong><span style=\"color: #ff6600;\"><a style=\"color: #ff6600;\" title=\"Aire acondicionado\" href=\"https:\/\/expertclima.es\/\" target=\"_blank\" rel=\"noopener\">Aire acondicionado<\/a><\/span> es el aliado perfecto para el confort y tambi\u00e9n para tener una mejor calidad de vida.<\/strong><\/p>\n<p><img fetchpriority=\"high\" decoding=\"async\" class=\"aligncenter size-full wp-image-8907\" src=\"https:\/\/eldigitaldeasturias.com\/radio\/wp-content\/uploads\/2024\/04\/aire-acondicionado-hogar.jpg\" alt=\"aire acondicionado hogar\" width=\"640\" height=\"427\" srcset=\"https:\/\/eldigitaldeasturias.com\/radio\/wp-content\/uploads\/2024\/04\/aire-acondicionado-hogar.jpg 640w, https:\/\/eldigitaldeasturias.com\/radio\/wp-content\/uploads\/2024\/04\/aire-acondicionado-hogar-360x240.jpg 360w, https:\/\/eldigitaldeasturias.com\/radio\/wp-content\/uploads\/2024\/04\/aire-acondicionado-hogar-150x100.jpg 150w, https:\/\/eldigitaldeasturias.com\/radio\/wp-content\/uploads\/2024\/04\/aire-acondicionado-hogar-450x300.jpg 450w\" sizes=\"(max-width: 640px) 100vw, 640px\" \/><\/p>\n<p><strong>Con la llegada del calor<\/strong> para muchas personas e<strong>s necesario disponer de un equipo de aire acondicionado que les ayude a disfrutar al m\u00e1ximo de su casa o segunda residencia<\/strong>. Una buena temperatura ayuda siempre a descansar y relajarse, a dormir bien y a realizar muchas tareas personales o profesionales. <strong>Hoy en d\u00eda los equipos de aire acondicionado han evolucionado y adem\u00e1s de ser m\u00e1s duraderos se pueden incluso programar antes de llegar a casa para disfrutar de la temperatura deseada.<\/strong><\/p>\n<h2>Consejos a la hora de elegir un buen aire acondicionado<\/h2>\n<p>Lo primero que debemos <strong>pensar es en el tama\u00f1o de la casa, oficina, negocio<\/strong> o lugar en el que se desea instalar un equipo de aire acondicionado. En el mercado existen diferentes modelos, pero para lograr la temperatura deseada es necesario contar con un equipo que sea capaz de crear un ambiente fresco y acogedor en cualquier tipo de espacio.<strong> Dejarse asesorar por expertos siempre es importante y en el sitio web de expertclima.es adem\u00e1s de encontrar los \u00faltimo modelos del mercado tambi\u00e9n ofrecen asesoramiento personalizado para que la compra responda a las necesidades de cada cliente.<\/strong><\/p>\n<p>Otro de los factores es <strong>conocer y preguntar sobre las prestaciones y servicios que ofrece cada equipo de aire acondicionado<\/strong>, pues muchos de ellos incluyen el modo de ahorro de energ\u00eda, control remoto y modo de funcionamiento silencioso durante la noche para as\u00ed descansar mejor y que nada alter\u00e9 el sue\u00f1o de los m\u00e1s peque\u00f1os o mayores de la casa.<\/p>\n<p><strong>A la hora de elegir un equipo de aire acondicionado para el hogar tambi\u00e9n es importante apostar por los modelos que ofrezcan una buena eficiencia energ\u00e9tica<\/strong> para no llevarse un susto con la factura de la electricidad consumida y tambi\u00e9n por equipos que sean amigables con el medio ambiente.<\/p>\n<h2>As\u00ed funciona el aire acondicionado por conductos<\/h2>\n<p><a title=\"Aire acondicionado conductos\" href=\"https:\/\/expertclima.es\/aire-acondicionado-conductos\/\" target=\"_blank\" rel=\"noopener\"><span style=\"color: #ff6600;\"><strong>Aire acondicionado conductos<\/strong><\/span><\/a> son cada vez m\u00e1s recomendado por los expertos, pues por entre sus muchas prestaciones ofrecen una buena climatizaci\u00f3n de la vivienda con un \u00fanico equipo de aire acondicionado. <strong>Hablamos de equipos con un sistema de climatizaci\u00f3n oculto, por tanto no romper\u00e1n la est\u00e9tica del hogar o lugar de trabajo<\/strong>, los equipos de aire acondicionados son tambi\u00e9n muy importantes en despachos, oficinas o zonas destinadas en la casa para el trabajo o el estudio, pues no debemos olvidar que muchas personas trabajan durante muchas horas en estancias con ordenadores, luces y otros elementos que en los meses de calor tambi\u00e9n pueden influir en el rendimiento profesional.<\/p>\n<blockquote><p>El aire acondicionado por conductos tambi\u00e9n ayuda a lograr un mayor ahorro energ\u00e9tico, pues cuenta con un \u00fanico compresor de gran potencia que dar\u00e1 respuesta a las necesidades clim\u00e1ticas de la vivienda.<\/p><\/blockquote>\n<h2>Tecnolog\u00eda y confort al servicio de toda la familia<\/h2>\n<p>Los nuevos modelos han sido creados para disfrutar de m\u00e1s confort y de una buena temperaturas en el hogar, tanto para las personas mayores que suelen ser m\u00e1s propensas a los efectos del calor y tambi\u00e9n para los m\u00e1s peque\u00f1os de la casa, <strong>regulando la temperatura ideal se evitar\u00e1 calor o corrientes que s\u00ed se pueden producir con algunos tipos de ventiladores antiguos o con puertas y ventanas abiertas, que adem\u00e1s de no aislarnos del ruido exterior tambi\u00e9n pueden provocar que moscas, mosquitos u otros insectos se cuelen el hogar.<\/strong><\/p>\n<p>Sin duda <strong>contar con equipos altamente eficientes, silenciosos, y que aporten la climatizaci\u00f3n perfecta al hogar o lugar de trabajo cada d\u00eda del a\u00f1o, ya sea en los meses de calor o de fr\u00edo es una muy buena inversi\u00f3n para el hogar y el bienestar personal y familiar.<\/strong><\/p>\n<p>Recuerda acceder al sitio web que te hemos mencionado para conocer los nuevos modelos del mercado o los que se ajusten a tus necesidades, tener un hogar a una buena temperatura aporta muchos beneficios y es una excelente opci\u00f3n para disfrutar m\u00e1s y mejor de la casa.<\/p>\n","protected":false},"excerpt":{"rendered":"<p>Cada vez son m\u00e1s las personas que desean disfrutar de la temperatura perfecta en su hogar o lugar de trabajo. Aire acondicionado es el aliado perfecto para el confort y tambi\u00e9n para tener una mejor calidad de vida. Con la llegada del calor para muchas personas es necesario disponer de un equipo de aire acondicionado<\/p>\n","protected":false},"author":1,"featured_media":8907,"comment_status":"closed","ping_status":"closed","sticky":false,"template":"","format":"standard","meta":{"footnotes":""},"categories":[38],"tags":[102],"class_list":{"0":"post-8906","1":"post","2":"type-post","3":"status-publish","4":"format-standard","5":"has-post-thumbnail","7":"category-live","8":"tag-hogar"},"aioseo_notices":[],"aioseo_head":"\n\t\t<!-- All in One SEO Pro 4.9.6.2 - aioseo.com -->\n\t<meta name=\"description\" content=\"Cada vez son m\u00e1s las personas que desean disfrutar de la temperatura perfecta en su hogar o lugar de trabajo. Aire acondicionado es el aliado perfecto para el\" \/>\n\t<meta name=\"robots\" content=\"max-image-preview:large\" \/>\n\t<meta name=\"author\" content=\"NBAsturias\"\/>\n\t<meta name=\"google-site-verification\" content=\"UA-38556648-1\" \/>\n\t<meta name=\"keywords\" content=\"live\" \/>\n\t<link rel=\"canonical\" href=\"https:\/\/eldigitaldeasturias.com\/radio\/las-claves-para-disfrutar-del-mejor-aire-acondicionado\/\" \/>\n\t<meta name=\"generator\" content=\"All in One SEO Pro (AIOSEO) 4.9.6.2\" \/>\n\t\t<meta property=\"og:locale\" content=\"es_ES\" \/>\n\t\t<meta property=\"og:site_name\" content=\"El Digital de Asturias | Diario de informaci\u00f3n y noticias\" \/>\n\t\t<meta property=\"og:type\" content=\"article\" \/>\n\t\t<meta property=\"og:title\" content=\"Las claves para disfrutar del mejor aire acondicionado | El Digital de Asturias\" \/>\n\t\t<meta property=\"og:description\" content=\"Cada vez son m\u00e1s las personas que desean disfrutar de la temperatura perfecta en su hogar o lugar de trabajo. Aire acondicionado es el aliado perfecto para el\" \/>\n\t\t<meta property=\"og:url\" content=\"https:\/\/eldigitaldeasturias.com\/radio\/las-claves-para-disfrutar-del-mejor-aire-acondicionado\/\" \/>\n\t\t<meta property=\"og:image\" content=\"https:\/\/eldigitaldeasturias.com\/radio\/wp-content\/uploads\/2024\/04\/aire-acondicionado-hogar.jpg\" \/>\n\t\t<meta property=\"og:image:secure_url\" content=\"https:\/\/eldigitaldeasturias.com\/radio\/wp-content\/uploads\/2024\/04\/aire-acondicionado-hogar.jpg\" \/>\n\t\t<meta property=\"og:image:width\" content=\"640\" \/>\n\t\t<meta property=\"og:image:height\" content=\"427\" \/>\n\t\t<meta property=\"article:published_time\" content=\"2024-04-25T02:46:38+00:00\" \/>\n\t\t<meta property=\"article:modified_time\" content=\"2024-04-25T02:47:41+00:00\" \/>\n\t\t<meta name=\"twitter:card\" content=\"summary_large_image\" \/>\n\t\t<meta name=\"twitter:site\" content=\"@bercodi\" \/>\n\t\t<meta name=\"twitter:title\" content=\"Las claves para disfrutar del mejor aire acondicionado | El Digital de Asturias\" \/>\n\t\t<meta name=\"twitter:description\" content=\"Cada vez son m\u00e1s las personas que desean disfrutar de la temperatura perfecta en su hogar o lugar de trabajo. Aire acondicionado es el aliado perfecto para el\" \/>\n\t\t<meta name=\"twitter:creator\" content=\"@bercodi\" \/>\n\t\t<meta name=\"twitter:image\" content=\"https:\/\/eldigitaldeasturias.com\/radio\/wp-content\/uploads\/2024\/04\/aire-acondicionado-hogar.jpg\" \/>\n\t\t<script type=\"application\/ld+json\" class=\"aioseo-schema\">\n\t\t\t{\"@context\":\"https:\\\/\\\/schema.org\",\"@graph\":[{\"@type\":\"BreadcrumbList\",\"@id\":\"https:\\\/\\\/eldigitaldeasturias.com\\\/radio\\\/las-claves-para-disfrutar-del-mejor-aire-acondicionado\\\/#breadcrumblist\",\"itemListElement\":[{\"@type\":\"ListItem\",\"@id\":\"https:\\\/\\\/eldigitaldeasturias.com\\\/radio#listItem\",\"position\":1,\"name\":\"Inicio\",\"item\":\"https:\\\/\\\/eldigitaldeasturias.com\\\/radio\",\"nextItem\":{\"@type\":\"ListItem\",\"@id\":\"https:\\\/\\\/eldigitaldeasturias.com\\\/radio\\\/category\\\/live\\\/#listItem\",\"name\":\"Live\"}},{\"@type\":\"ListItem\",\"@id\":\"https:\\\/\\\/eldigitaldeasturias.com\\\/radio\\\/category\\\/live\\\/#listItem\",\"position\":2,\"name\":\"Live\",\"item\":\"https:\\\/\\\/eldigitaldeasturias.com\\\/radio\\\/category\\\/live\\\/\",\"nextItem\":{\"@type\":\"ListItem\",\"@id\":\"https:\\\/\\\/eldigitaldeasturias.com\\\/radio\\\/las-claves-para-disfrutar-del-mejor-aire-acondicionado\\\/#listItem\",\"name\":\"Las claves para disfrutar del mejor aire acondicionado\"},\"previousItem\":{\"@type\":\"ListItem\",\"@id\":\"https:\\\/\\\/eldigitaldeasturias.com\\\/radio#listItem\",\"name\":\"Inicio\"}},{\"@type\":\"ListItem\",\"@id\":\"https:\\\/\\\/eldigitaldeasturias.com\\\/radio\\\/las-claves-para-disfrutar-del-mejor-aire-acondicionado\\\/#listItem\",\"position\":3,\"name\":\"Las claves para disfrutar del mejor aire acondicionado\",\"previousItem\":{\"@type\":\"ListItem\",\"@id\":\"https:\\\/\\\/eldigitaldeasturias.com\\\/radio\\\/category\\\/live\\\/#listItem\",\"name\":\"Live\"}}]},{\"@type\":\"NewsArticle\",\"@id\":\"https:\\\/\\\/eldigitaldeasturias.com\\\/radio\\\/las-claves-para-disfrutar-del-mejor-aire-acondicionado\\\/#newsarticle\",\"name\":\"Las claves para disfrutar del mejor aire acondicionado | El Digital de Asturias\",\"headline\":\"Las claves para disfrutar del mejor aire acondicionado\",\"author\":{\"@id\":\"https:\\\/\\\/eldigitaldeasturias.com\\\/radio\\\/author\\\/nbasturias\\\/#author\"},\"publisher\":{\"@id\":\"https:\\\/\\\/eldigitaldeasturias.com\\\/radio\\\/#organization\"},\"image\":{\"@type\":\"ImageObject\",\"url\":\"https:\\\/\\\/eldigitaldeasturias.com\\\/radio\\\/wp-content\\\/uploads\\\/2024\\\/04\\\/aire-acondicionado-hogar.jpg\",\"width\":640,\"height\":427,\"caption\":\"aire acondicionado hogar\"},\"datePublished\":\"2024-04-25T04:46:38+02:00\",\"dateModified\":\"2024-04-25T04:47:41+02:00\",\"inLanguage\":\"es-ES\",\"mainEntityOfPage\":{\"@id\":\"https:\\\/\\\/eldigitaldeasturias.com\\\/radio\\\/las-claves-para-disfrutar-del-mejor-aire-acondicionado\\\/#webpage\"},\"isPartOf\":{\"@id\":\"https:\\\/\\\/eldigitaldeasturias.com\\\/radio\\\/las-claves-para-disfrutar-del-mejor-aire-acondicionado\\\/#webpage\"},\"articleSection\":\"Live, hogar\",\"dateline\":\"Publicado el abril 25, 2024.\"},{\"@type\":\"Organization\",\"@id\":\"https:\\\/\\\/eldigitaldeasturias.com\\\/radio\\\/#organization\",\"name\":\"El digital de Asturias Radio\",\"description\":\"Diario de informaci\\u00f3n y noticias\",\"url\":\"https:\\\/\\\/eldigitaldeasturias.com\\\/radio\\\/\",\"telephone\":\"+34652131393\",\"logo\":{\"@type\":\"ImageObject\",\"url\":\"https:\\\/\\\/www.eldigitaldeasturias.com\\\/radio\\\/wp-content\\\/uploads\\\/2021\\\/03\\\/EDA.jpg\",\"@id\":\"https:\\\/\\\/eldigitaldeasturias.com\\\/radio\\\/las-claves-para-disfrutar-del-mejor-aire-acondicionado\\\/#organizationLogo\"},\"image\":{\"@id\":\"https:\\\/\\\/eldigitaldeasturias.com\\\/radio\\\/las-claves-para-disfrutar-del-mejor-aire-acondicionado\\\/#organizationLogo\"},\"sameAs\":[\"https:\\\/\\\/www.facebook.com\\\/\",\"https:\\\/\\\/x.com\\\/bercodi\",\"https:\\\/\\\/www.instagram.com\\\/\",\"https:\\\/\\\/www.youtube.com\\\/channel\\\/UCZP-2wLEB9Rv6erhFmqVnvg\"]},{\"@type\":\"Person\",\"@id\":\"https:\\\/\\\/eldigitaldeasturias.com\\\/radio\\\/author\\\/nbasturias\\\/#author\",\"url\":\"https:\\\/\\\/eldigitaldeasturias.com\\\/radio\\\/author\\\/nbasturias\\\/\",\"name\":\"NBAsturias\",\"image\":{\"@type\":\"ImageObject\",\"@id\":\"https:\\\/\\\/eldigitaldeasturias.com\\\/radio\\\/las-claves-para-disfrutar-del-mejor-aire-acondicionado\\\/#authorImage\",\"url\":\"https:\\\/\\\/secure.gravatar.com\\\/avatar\\\/df2aeffc32bcd13f8d26072ef8a91b623d677766deac7f97ca815868cd41bf5e?s=96&d=mm&r=g\",\"width\":96,\"height\":96,\"caption\":\"NBAsturias\"}},{\"@type\":\"WebPage\",\"@id\":\"https:\\\/\\\/eldigitaldeasturias.com\\\/radio\\\/las-claves-para-disfrutar-del-mejor-aire-acondicionado\\\/#webpage\",\"url\":\"https:\\\/\\\/eldigitaldeasturias.com\\\/radio\\\/las-claves-para-disfrutar-del-mejor-aire-acondicionado\\\/\",\"name\":\"Las claves para disfrutar del mejor aire acondicionado | El Digital de Asturias\",\"description\":\"Cada vez son m\\u00e1s las personas que desean disfrutar de la temperatura perfecta en su hogar o lugar de trabajo. Aire acondicionado es el aliado perfecto para el\",\"inLanguage\":\"es-ES\",\"isPartOf\":{\"@id\":\"https:\\\/\\\/eldigitaldeasturias.com\\\/radio\\\/#website\"},\"breadcrumb\":{\"@id\":\"https:\\\/\\\/eldigitaldeasturias.com\\\/radio\\\/las-claves-para-disfrutar-del-mejor-aire-acondicionado\\\/#breadcrumblist\"},\"author\":{\"@id\":\"https:\\\/\\\/eldigitaldeasturias.com\\\/radio\\\/author\\\/nbasturias\\\/#author\"},\"creator\":{\"@id\":\"https:\\\/\\\/eldigitaldeasturias.com\\\/radio\\\/author\\\/nbasturias\\\/#author\"},\"image\":{\"@type\":\"ImageObject\",\"url\":\"https:\\\/\\\/eldigitaldeasturias.com\\\/radio\\\/wp-content\\\/uploads\\\/2024\\\/04\\\/aire-acondicionado-hogar.jpg\",\"@id\":\"https:\\\/\\\/eldigitaldeasturias.com\\\/radio\\\/las-claves-para-disfrutar-del-mejor-aire-acondicionado\\\/#mainImage\",\"width\":640,\"height\":427,\"caption\":\"aire acondicionado hogar\"},\"primaryImageOfPage\":{\"@id\":\"https:\\\/\\\/eldigitaldeasturias.com\\\/radio\\\/las-claves-para-disfrutar-del-mejor-aire-acondicionado\\\/#mainImage\"},\"datePublished\":\"2024-04-25T04:46:38+02:00\",\"dateModified\":\"2024-04-25T04:47:41+02:00\"},{\"@type\":\"WebSite\",\"@id\":\"https:\\\/\\\/eldigitaldeasturias.com\\\/radio\\\/#website\",\"url\":\"https:\\\/\\\/eldigitaldeasturias.com\\\/radio\\\/\",\"name\":\"El Digital de Asturias\",\"description\":\"Diario de informaci\\u00f3n y noticias\",\"inLanguage\":\"es-ES\",\"publisher\":{\"@id\":\"https:\\\/\\\/eldigitaldeasturias.com\\\/radio\\\/#organization\"}}]}\n\t\t<\/script>\n\t\t<!-- All in One SEO Pro -->\r\n\t\t<title>Las claves para disfrutar del mejor aire acondicionado | El Digital de Asturias<\/title>\n\n","aioseo_head_json":{"title":"Las claves para disfrutar del mejor aire acondicionado | El Digital de Asturias","description":"Cada vez son m\u00e1s las personas que desean disfrutar de la temperatura perfecta en su hogar o lugar de trabajo. Aire acondicionado es el aliado perfecto para el","canonical_url":"https:\/\/eldigitaldeasturias.com\/radio\/las-claves-para-disfrutar-del-mejor-aire-acondicionado\/","robots":"max-image-preview:large","keywords":"live","webmasterTools":{"google-site-verification":"UA-38556648-1","miscellaneous":""},"schema":{"@context":"https:\/\/schema.org","@graph":[{"@type":"BreadcrumbList","@id":"https:\/\/eldigitaldeasturias.com\/radio\/las-claves-para-disfrutar-del-mejor-aire-acondicionado\/#breadcrumblist","itemListElement":[{"@type":"ListItem","@id":"https:\/\/eldigitaldeasturias.com\/radio#listItem","position":1,"name":"Inicio","item":"https:\/\/eldigitaldeasturias.com\/radio","nextItem":{"@type":"ListItem","@id":"https:\/\/eldigitaldeasturias.com\/radio\/category\/live\/#listItem","name":"Live"}},{"@type":"ListItem","@id":"https:\/\/eldigitaldeasturias.com\/radio\/category\/live\/#listItem","position":2,"name":"Live","item":"https:\/\/eldigitaldeasturias.com\/radio\/category\/live\/","nextItem":{"@type":"ListItem","@id":"https:\/\/eldigitaldeasturias.com\/radio\/las-claves-para-disfrutar-del-mejor-aire-acondicionado\/#listItem","name":"Las claves para disfrutar del mejor aire acondicionado"},"previousItem":{"@type":"ListItem","@id":"https:\/\/eldigitaldeasturias.com\/radio#listItem","name":"Inicio"}},{"@type":"ListItem","@id":"https:\/\/eldigitaldeasturias.com\/radio\/las-claves-para-disfrutar-del-mejor-aire-acondicionado\/#listItem","position":3,"name":"Las claves para disfrutar del mejor aire acondicionado","previousItem":{"@type":"ListItem","@id":"https:\/\/eldigitaldeasturias.com\/radio\/category\/live\/#listItem","name":"Live"}}]},{"@type":"NewsArticle","@id":"https:\/\/eldigitaldeasturias.com\/radio\/las-claves-para-disfrutar-del-mejor-aire-acondicionado\/#newsarticle","name":"Las claves para disfrutar del mejor aire acondicionado | El Digital de Asturias","headline":"Las claves para disfrutar del mejor aire acondicionado","author":{"@id":"https:\/\/eldigitaldeasturias.com\/radio\/author\/nbasturias\/#author"},"publisher":{"@id":"https:\/\/eldigitaldeasturias.com\/radio\/#organization"},"image":{"@type":"ImageObject","url":"https:\/\/eldigitaldeasturias.com\/radio\/wp-content\/uploads\/2024\/04\/aire-acondicionado-hogar.jpg","width":640,"height":427,"caption":"aire acondicionado hogar"},"datePublished":"2024-04-25T04:46:38+02:00","dateModified":"2024-04-25T04:47:41+02:00","inLanguage":"es-ES","mainEntityOfPage":{"@id":"https:\/\/eldigitaldeasturias.com\/radio\/las-claves-para-disfrutar-del-mejor-aire-acondicionado\/#webpage"},"isPartOf":{"@id":"https:\/\/eldigitaldeasturias.com\/radio\/las-claves-para-disfrutar-del-mejor-aire-acondicionado\/#webpage"},"articleSection":"Live, hogar","dateline":"Publicado el abril 25, 2024."},{"@type":"Organization","@id":"https:\/\/eldigitaldeasturias.com\/radio\/#organization","name":"El digital de Asturias Radio","description":"Diario de informaci\u00f3n y noticias","url":"https:\/\/eldigitaldeasturias.com\/radio\/","telephone":"+34652131393","logo":{"@type":"ImageObject","url":"https:\/\/www.eldigitaldeasturias.com\/radio\/wp-content\/uploads\/2021\/03\/EDA.jpg","@id":"https:\/\/eldigitaldeasturias.com\/radio\/las-claves-para-disfrutar-del-mejor-aire-acondicionado\/#organizationLogo"},"image":{"@id":"https:\/\/eldigitaldeasturias.com\/radio\/las-claves-para-disfrutar-del-mejor-aire-acondicionado\/#organizationLogo"},"sameAs":["https:\/\/www.facebook.com\/","https:\/\/x.com\/bercodi","https:\/\/www.instagram.com\/","https:\/\/www.youtube.com\/channel\/UCZP-2wLEB9Rv6erhFmqVnvg"]},{"@type":"Person","@id":"https:\/\/eldigitaldeasturias.com\/radio\/author\/nbasturias\/#author","url":"https:\/\/eldigitaldeasturias.com\/radio\/author\/nbasturias\/","name":"NBAsturias","image":{"@type":"ImageObject","@id":"https:\/\/eldigitaldeasturias.com\/radio\/las-claves-para-disfrutar-del-mejor-aire-acondicionado\/#authorImage","url":"https:\/\/secure.gravatar.com\/avatar\/df2aeffc32bcd13f8d26072ef8a91b623d677766deac7f97ca815868cd41bf5e?s=96&d=mm&r=g","width":96,"height":96,"caption":"NBAsturias"}},{"@type":"WebPage","@id":"https:\/\/eldigitaldeasturias.com\/radio\/las-claves-para-disfrutar-del-mejor-aire-acondicionado\/#webpage","url":"https:\/\/eldigitaldeasturias.com\/radio\/las-claves-para-disfrutar-del-mejor-aire-acondicionado\/","name":"Las claves para disfrutar del mejor aire acondicionado | El Digital de Asturias","description":"Cada vez son m\u00e1s las personas que desean disfrutar de la temperatura perfecta en su hogar o lugar de trabajo. Aire acondicionado es el aliado perfecto para el","inLanguage":"es-ES","isPartOf":{"@id":"https:\/\/eldigitaldeasturias.com\/radio\/#website"},"breadcrumb":{"@id":"https:\/\/eldigitaldeasturias.com\/radio\/las-claves-para-disfrutar-del-mejor-aire-acondicionado\/#breadcrumblist"},"author":{"@id":"https:\/\/eldigitaldeasturias.com\/radio\/author\/nbasturias\/#author"},"creator":{"@id":"https:\/\/eldigitaldeasturias.com\/radio\/author\/nbasturias\/#author"},"image":{"@type":"ImageObject","url":"https:\/\/eldigitaldeasturias.com\/radio\/wp-content\/uploads\/2024\/04\/aire-acondicionado-hogar.jpg","@id":"https:\/\/eldigitaldeasturias.com\/radio\/las-claves-para-disfrutar-del-mejor-aire-acondicionado\/#mainImage","width":640,"height":427,"caption":"aire acondicionado hogar"},"primaryImageOfPage":{"@id":"https:\/\/eldigitaldeasturias.com\/radio\/las-claves-para-disfrutar-del-mejor-aire-acondicionado\/#mainImage"},"datePublished":"2024-04-25T04:46:38+02:00","dateModified":"2024-04-25T04:47:41+02:00"},{"@type":"WebSite","@id":"https:\/\/eldigitaldeasturias.com\/radio\/#website","url":"https:\/\/eldigitaldeasturias.com\/radio\/","name":"El Digital de Asturias","description":"Diario de informaci\u00f3n y noticias","inLanguage":"es-ES","publisher":{"@id":"https:\/\/eldigitaldeasturias.com\/radio\/#organization"}}]},"og:locale":"es_ES","og:site_name":"El Digital de Asturias | Diario de informaci\u00f3n y noticias","og:type":"article","og:title":"Las claves para disfrutar del mejor aire acondicionado | El Digital de Asturias","og:description":"Cada vez son m\u00e1s las personas que desean disfrutar de la temperatura perfecta en su hogar o lugar de trabajo. Aire acondicionado es el aliado perfecto para el","og:url":"https:\/\/eldigitaldeasturias.com\/radio\/las-claves-para-disfrutar-del-mejor-aire-acondicionado\/","og:image":"https:\/\/eldigitaldeasturias.com\/radio\/wp-content\/uploads\/2024\/04\/aire-acondicionado-hogar.jpg","og:image:secure_url":"https:\/\/eldigitaldeasturias.com\/radio\/wp-content\/uploads\/2024\/04\/aire-acondicionado-hogar.jpg","og:image:width":640,"og:image:height":427,"article:published_time":"2024-04-25T02:46:38+00:00","article:modified_time":"2024-04-25T02:47:41+00:00","twitter:card":"summary_large_image","twitter:site":"@bercodi","twitter:title":"Las claves para disfrutar del mejor aire acondicionado | El Digital de Asturias","twitter:description":"Cada vez son m\u00e1s las personas que desean disfrutar de la temperatura perfecta en su hogar o lugar de trabajo. Aire acondicionado es el aliado perfecto para el","twitter:creator":"@bercodi","twitter:image":"https:\/\/eldigitaldeasturias.com\/radio\/wp-content\/uploads\/2024\/04\/aire-acondicionado-hogar.jpg"},"aioseo_meta_data":{"post_id":"8906","title":null,"description":"Cada vez son m\u00e1s las personas que desean disfrutar de la temperatura perfecta en su hogar o lugar de trabajo. Aire acondicionado es el aliado perfecto para el","keywords":null,"keyphrases":{"focus":{"keyphrase":"Aire acondicionado","score":100,"analysis":{"keyphraseInTitle":{"score":9,"maxScore":9,"error":0},"keyphraseInDescription":{"score":9,"maxScore":9,"error":0},"keyphraseLength":{"score":9,"maxScore":9,"error":0,"length":2},"keyphraseInURL":{"score":5,"maxScore":5,"error":0},"keyphraseInIntroduction":{"score":9,"maxScore":9,"error":0},"keyphraseInSubHeadings":{"score":9,"maxScore":9,"error":0},"keyphraseInImageAlt":{"score":9,"maxScore":9,"error":0},"keywordDensity":{"type":"best","score":9,"maxScore":9,"error":0}}},"additional":[{"keyphrase":"hogar","score":100,"analysis":{"keyphraseInDescription":{"score":9,"maxScore":9,"error":0},"keyphraseLength":{"score":9,"maxScore":9,"error":0,"length":1},"keyphraseInIntroduction":{"score":9,"maxScore":9,"error":0},"keyphraseInImageAlt":{"score":9,"maxScore":9,"error":0},"keywordDensity":{"type":"best","score":9,"maxScore":9,"error":0}}},{"keyphrase":"Aire acondicionado","score":100,"analysis":{"keyphraseInDescription":{"score":9,"maxScore":9,"error":0},"keyphraseLength":{"score":9,"maxScore":9,"error":0,"length":2},"keyphraseInIntroduction":{"score":9,"maxScore":9,"error":0},"keyphraseInImageAlt":{"score":9,"maxScore":9,"error":0},"keywordDensity":{"type":"best","score":9,"maxScore":9,"error":0}}}]},"primary_term":null,"canonical_url":null,"og_title":null,"og_description":null,"og_object_type":"default","og_image_type":"default","og_image_url":null,"og_image_width":null,"og_image_height":null,"og_image_custom_url":null,"og_image_custom_fields":null,"og_video":"","og_custom_url":null,"og_article_section":null,"og_article_tags":null,"twitter_use_og":false,"twitter_card":"default","twitter_image_type":"default","twitter_image_url":null,"twitter_image_custom_url":null,"twitter_image_custom_fields":null,"twitter_title":null,"twitter_description":null,"schema":{"blockGraphs":[],"customGraphs":[],"default":{"data":{"Article":[],"Course":[],"Dataset":[],"FAQPage":[],"Movie":[],"Person":[],"Product":[],"ProductReview":[],"Car":[],"Recipe":[],"Service":[],"SoftwareApplication":[],"WebPage":[]},"graphName":"NewsArticle","isEnabled":true},"graphs":[]},"schema_type":"default","schema_type_options":null,"pillar_content":false,"robots_default":true,"robots_noindex":false,"robots_noarchive":false,"robots_nosnippet":false,"robots_nofollow":false,"robots_noimageindex":false,"robots_noodp":false,"robots_notranslate":false,"robots_max_snippet":"-1","robots_max_videopreview":"-1","robots_max_imagepreview":"large","priority":null,"frequency":"default","location":null,"local_seo":null,"seo_analyzer_scan_date":"2025-08-28 22:34:10","breadcrumb_settings":null,"limit_modified_date":false,"open_ai":"{\"title\":{\"suggestions\":[],\"usage\":0},\"description\":{\"suggestions\":[],\"usage\":0}}","ai":null,"created":"2024-04-25 02:30:37","updated":"2025-08-28 22:34:10"},"aioseo_breadcrumb":"<div class=\"aioseo-breadcrumbs\"><span class=\"aioseo-breadcrumb\">\n\t<a href=\"https:\/\/eldigitaldeasturias.com\/radio\" title=\"Inicio\">Inicio<\/a>\n<\/span><span class=\"aioseo-breadcrumb-separator\">&ndash;<\/span><span class=\"aioseo-breadcrumb\">\n\t<a href=\"https:\/\/eldigitaldeasturias.com\/radio\/category\/live\/\" title=\"Live\">Live<\/a>\n<\/span><span class=\"aioseo-breadcrumb-separator\">&ndash;<\/span><span class=\"aioseo-breadcrumb\">\n\tLas claves para disfrutar del mejor aire acondicionado\n<\/span><\/div>","aioseo_breadcrumb_json":[{"label":"Inicio","link":"https:\/\/eldigitaldeasturias.com\/radio"},{"label":"Live","link":"https:\/\/eldigitaldeasturias.com\/radio\/category\/live\/"},{"label":"Las claves para disfrutar del mejor aire acondicionado","link":"https:\/\/eldigitaldeasturias.com\/radio\/las-claves-para-disfrutar-del-mejor-aire-acondicionado\/"}],"_links":{"self":[{"href":"https:\/\/eldigitaldeasturias.com\/radio\/wp-json\/wp\/v2\/posts\/8906","targetHints":{"allow":["GET"]}}],"collection":[{"href":"https:\/\/eldigitaldeasturias.com\/radio\/wp-json\/wp\/v2\/posts"}],"about":[{"href":"https:\/\/eldigitaldeasturias.com\/radio\/wp-json\/wp\/v2\/types\/post"}],"author":[{"embeddable":true,"href":"https:\/\/eldigitaldeasturias.com\/radio\/wp-json\/wp\/v2\/users\/1"}],"replies":[{"embeddable":true,"href":"https:\/\/eldigitaldeasturias.com\/radio\/wp-json\/wp\/v2\/comments?post=8906"}],"version-history":[{"count":0,"href":"https:\/\/eldigitaldeasturias.com\/radio\/wp-json\/wp\/v2\/posts\/8906\/revisions"}],"wp:featuredmedia":[{"embeddable":true,"href":"https:\/\/eldigitaldeasturias.com\/radio\/wp-json\/wp\/v2\/media\/8907"}],"wp:attachment":[{"href":"https:\/\/eldigitaldeasturias.com\/radio\/wp-json\/wp\/v2\/media?parent=8906"}],"wp:term":[{"taxonomy":"category","embeddable":true,"href":"https:\/\/eldigitaldeasturias.com\/radio\/wp-json\/wp\/v2\/categories?post=8906"},{"taxonomy":"post_tag","embeddable":true,"href":"https:\/\/eldigitaldeasturias.com\/radio\/wp-json\/wp\/v2\/tags?post=8906"}],"curies":[{"name":"wp","href":"https:\/\/api.w.org\/{rel}","templated":true}]}}