{"id":8891,"date":"2024-04-18T13:36:39","date_gmt":"2024-04-18T11:36:39","guid":{"rendered":"https:\/\/eldigitaldeasturias.com\/radio\/?p=8891"},"modified":"2025-03-12T21:35:17","modified_gmt":"2025-03-12T20:35:17","slug":"futbol-asturias-jornada-clave-para-sporting-y-oviedo","status":"publish","type":"post","link":"https:\/\/eldigitaldeasturias.com\/radio\/futbol-asturias-jornada-clave-para-sporting-y-oviedo\/","title":{"rendered":"F\u00fatbol Asturias: Jornada clave para Sporting y Oviedo"},"content":{"rendered":"<p>La divisi\u00f3n de plata del <a href=\"https:\/\/eldigitaldeasturias.com\/radio\/tag\/deportes\/\"><span style=\"color: #ff6600;\"><strong>f\u00fatbol<\/strong><\/span><\/a> espa\u00f1ol tendr\u00e1 a media <span style=\"color: #ff6600;\"><a style=\"color: #ff6600;\" href=\"https:\/\/www.eldigitaldeasturias.com\/noticias\/category\/deportes\/\" target=\"_blank\" rel=\"noopener\"><strong>Asturias<\/strong><\/a><\/span> conectada a plataformas digitales y <a href=\"https:\/\/nbradiodigital.com\/\" target=\"_blank\" rel=\"nofollow noopener\"><span style=\"color: #ff6600;\"><strong>medios de comunicaci\u00f3n<\/strong><\/span><\/a> durante el fin de semana y el lunes. Sporting de Gij\u00f3n y Real Oviedo disputar\u00e1n una jornada clave para definir sus aspiraciones reales de cara a la recta final de la temporada.<\/p>\n<p><img fetchpriority=\"high\" decoding=\"async\" class=\"aligncenter size-full wp-image-8775\" src=\"https:\/\/eldigitaldeasturias.com\/radio\/wp-content\/uploads\/2024\/03\/futbol.jpg\" alt=\"f\u00fatbol\" width=\"640\" height=\"425\" srcset=\"https:\/\/eldigitaldeasturias.com\/radio\/wp-content\/uploads\/2024\/03\/futbol.jpg 640w, https:\/\/eldigitaldeasturias.com\/radio\/wp-content\/uploads\/2024\/03\/futbol-360x239.jpg 360w, https:\/\/eldigitaldeasturias.com\/radio\/wp-content\/uploads\/2024\/03\/futbol-150x100.jpg 150w, https:\/\/eldigitaldeasturias.com\/radio\/wp-content\/uploads\/2024\/03\/futbol-450x299.jpg 450w\" sizes=\"(max-width: 640px) 100vw, 640px\" \/><\/p>\n<p>Actualmente ambos equipos ocupan puestos de promoci\u00f3n de ascenso, pero la competici\u00f3n est\u00e1 muy re\u00f1ida y ajustada tanto en la zona alta de la tabla como en la zona de descenso. Los encuentros vitales han llegado y nadie puede fallar.<\/p>\n<p>El Real Sporting de Gij\u00f3n se enfrentar\u00e1 contra el Elche el s\u00e1bado a las 18,30 horas, ambos equipos est\u00e1n separados por un punto en la tabla, y la victoria es necesaria para los rojiblancos.<\/p>\n<p>Por su parte el Real Oviedo cerrar\u00e1 la jornada el lunes visitando a un Cartagena que tambi\u00e9n est\u00e1 obligado a ganar para alejarse de los puestos de descenso.<\/p>\n","protected":false},"excerpt":{"rendered":"<p>La divisi\u00f3n de plata del f\u00fatbol espa\u00f1ol tendr\u00e1 a media Asturias conectada a plataformas digitales y medios de comunicaci\u00f3n durante el fin de semana y el lunes. Sporting de Gij\u00f3n y Real Oviedo disputar\u00e1n una jornada clave para definir sus aspiraciones reales de cara a la recta final de la temporada. Actualmente ambos equipos ocupan<\/p>\n","protected":false},"author":1,"featured_media":8775,"comment_status":"closed","ping_status":"closed","sticky":false,"template":"","format":"standard","meta":{"footnotes":""},"categories":[137],"tags":[17],"class_list":{"0":"post-8891","1":"post","2":"type-post","3":"status-publish","4":"format-standard","5":"has-post-thumbnail","7":"category-deporte","8":"tag-deportes"},"aioseo_notices":[],"aioseo_head":"\n\t\t<!-- All in One SEO Pro 4.9.6.2 - aioseo.com -->\n\t<meta name=\"description\" content=\"La divisi\u00f3n de plata del f\u00fatbol espa\u00f1ol tendr\u00e1 a media Asturias conectada a plataformas digitales y medios de comunicaci\u00f3n durante el fin de semana y el lunes.\" \/>\n\t<meta name=\"robots\" content=\"max-image-preview:large\" \/>\n\t<meta name=\"author\" content=\"NBAsturias\"\/>\n\t<meta name=\"google-site-verification\" content=\"UA-38556648-1\" \/>\n\t<meta name=\"keywords\" content=\"deporte\" \/>\n\t<link rel=\"canonical\" href=\"https:\/\/eldigitaldeasturias.com\/radio\/futbol-asturias-jornada-clave-para-sporting-y-oviedo\/\" \/>\n\t<meta name=\"generator\" content=\"All in One SEO Pro (AIOSEO) 4.9.6.2\" \/>\n\t\t<meta property=\"og:locale\" content=\"es_ES\" \/>\n\t\t<meta property=\"og:site_name\" content=\"El Digital de Asturias | Diario de informaci\u00f3n y noticias\" \/>\n\t\t<meta property=\"og:type\" content=\"article\" \/>\n\t\t<meta property=\"og:title\" content=\"F\u00fatbol Asturias: Jornada clave para Sporting y Oviedo | El Digital de Asturias\" \/>\n\t\t<meta property=\"og:description\" content=\"La divisi\u00f3n de plata del f\u00fatbol espa\u00f1ol tendr\u00e1 a media Asturias conectada a plataformas digitales y medios de comunicaci\u00f3n durante el fin de semana y el lunes.\" \/>\n\t\t<meta property=\"og:url\" content=\"https:\/\/eldigitaldeasturias.com\/radio\/futbol-asturias-jornada-clave-para-sporting-y-oviedo\/\" \/>\n\t\t<meta property=\"og:image\" content=\"https:\/\/eldigitaldeasturias.com\/radio\/wp-content\/uploads\/2024\/03\/futbol.jpg\" \/>\n\t\t<meta property=\"og:image:secure_url\" content=\"https:\/\/eldigitaldeasturias.com\/radio\/wp-content\/uploads\/2024\/03\/futbol.jpg\" \/>\n\t\t<meta property=\"og:image:width\" content=\"640\" \/>\n\t\t<meta property=\"og:image:height\" content=\"425\" \/>\n\t\t<meta property=\"article:published_time\" content=\"2024-04-18T11:36:39+00:00\" \/>\n\t\t<meta property=\"article:modified_time\" content=\"2025-03-12T20:35:17+00:00\" \/>\n\t\t<meta name=\"twitter:card\" content=\"summary_large_image\" \/>\n\t\t<meta name=\"twitter:site\" content=\"@bercodi\" \/>\n\t\t<meta name=\"twitter:title\" content=\"F\u00fatbol Asturias: Jornada clave para Sporting y Oviedo | El Digital de Asturias\" \/>\n\t\t<meta name=\"twitter:description\" content=\"La divisi\u00f3n de plata del f\u00fatbol espa\u00f1ol tendr\u00e1 a media Asturias conectada a plataformas digitales y medios de comunicaci\u00f3n durante el fin de semana y el lunes.\" \/>\n\t\t<meta name=\"twitter:creator\" content=\"@bercodi\" \/>\n\t\t<meta name=\"twitter:image\" content=\"https:\/\/eldigitaldeasturias.com\/radio\/wp-content\/uploads\/2024\/03\/futbol.jpg\" \/>\n\t\t<script type=\"application\/ld+json\" class=\"aioseo-schema\">\n\t\t\t{\"@context\":\"https:\\\/\\\/schema.org\",\"@graph\":[{\"@type\":\"BreadcrumbList\",\"@id\":\"https:\\\/\\\/eldigitaldeasturias.com\\\/radio\\\/futbol-asturias-jornada-clave-para-sporting-y-oviedo\\\/#breadcrumblist\",\"itemListElement\":[{\"@type\":\"ListItem\",\"@id\":\"https:\\\/\\\/eldigitaldeasturias.com\\\/radio#listItem\",\"position\":1,\"name\":\"Inicio\",\"item\":\"https:\\\/\\\/eldigitaldeasturias.com\\\/radio\",\"nextItem\":{\"@type\":\"ListItem\",\"@id\":\"https:\\\/\\\/eldigitaldeasturias.com\\\/radio\\\/category\\\/deporte\\\/#listItem\",\"name\":\"Deporte\"}},{\"@type\":\"ListItem\",\"@id\":\"https:\\\/\\\/eldigitaldeasturias.com\\\/radio\\\/category\\\/deporte\\\/#listItem\",\"position\":2,\"name\":\"Deporte\",\"item\":\"https:\\\/\\\/eldigitaldeasturias.com\\\/radio\\\/category\\\/deporte\\\/\",\"nextItem\":{\"@type\":\"ListItem\",\"@id\":\"https:\\\/\\\/eldigitaldeasturias.com\\\/radio\\\/futbol-asturias-jornada-clave-para-sporting-y-oviedo\\\/#listItem\",\"name\":\"F\\u00fatbol Asturias: Jornada clave para Sporting y Oviedo\"},\"previousItem\":{\"@type\":\"ListItem\",\"@id\":\"https:\\\/\\\/eldigitaldeasturias.com\\\/radio#listItem\",\"name\":\"Inicio\"}},{\"@type\":\"ListItem\",\"@id\":\"https:\\\/\\\/eldigitaldeasturias.com\\\/radio\\\/futbol-asturias-jornada-clave-para-sporting-y-oviedo\\\/#listItem\",\"position\":3,\"name\":\"F\\u00fatbol Asturias: Jornada clave para Sporting y Oviedo\",\"previousItem\":{\"@type\":\"ListItem\",\"@id\":\"https:\\\/\\\/eldigitaldeasturias.com\\\/radio\\\/category\\\/deporte\\\/#listItem\",\"name\":\"Deporte\"}}]},{\"@type\":\"NewsArticle\",\"@id\":\"https:\\\/\\\/eldigitaldeasturias.com\\\/radio\\\/futbol-asturias-jornada-clave-para-sporting-y-oviedo\\\/#newsarticle\",\"name\":\"F\\u00fatbol Asturias: Jornada clave para Sporting y Oviedo | El Digital de Asturias\",\"headline\":\"F\\u00fatbol Asturias: Jornada clave para Sporting y Oviedo\",\"author\":{\"@id\":\"https:\\\/\\\/eldigitaldeasturias.com\\\/radio\\\/author\\\/nbasturias\\\/#author\"},\"publisher\":{\"@id\":\"https:\\\/\\\/eldigitaldeasturias.com\\\/radio\\\/#organization\"},\"image\":{\"@type\":\"ImageObject\",\"url\":\"https:\\\/\\\/eldigitaldeasturias.com\\\/radio\\\/wp-content\\\/uploads\\\/2024\\\/03\\\/futbol.jpg\",\"width\":640,\"height\":425,\"caption\":\"f\\u00fatbol\"},\"datePublished\":\"2024-04-18T13:36:39+02:00\",\"dateModified\":\"2025-03-12T21:35:17+01:00\",\"inLanguage\":\"es-ES\",\"mainEntityOfPage\":{\"@id\":\"https:\\\/\\\/eldigitaldeasturias.com\\\/radio\\\/futbol-asturias-jornada-clave-para-sporting-y-oviedo\\\/#webpage\"},\"isPartOf\":{\"@id\":\"https:\\\/\\\/eldigitaldeasturias.com\\\/radio\\\/futbol-asturias-jornada-clave-para-sporting-y-oviedo\\\/#webpage\"},\"articleSection\":\"Deporte, deportes\",\"dateline\":\"Publicado el abril 18, 2024.\"},{\"@type\":\"Organization\",\"@id\":\"https:\\\/\\\/eldigitaldeasturias.com\\\/radio\\\/#organization\",\"name\":\"El digital de Asturias Radio\",\"description\":\"Diario de informaci\\u00f3n y noticias\",\"url\":\"https:\\\/\\\/eldigitaldeasturias.com\\\/radio\\\/\",\"telephone\":\"+34652131393\",\"logo\":{\"@type\":\"ImageObject\",\"url\":\"https:\\\/\\\/www.eldigitaldeasturias.com\\\/radio\\\/wp-content\\\/uploads\\\/2021\\\/03\\\/EDA.jpg\",\"@id\":\"https:\\\/\\\/eldigitaldeasturias.com\\\/radio\\\/futbol-asturias-jornada-clave-para-sporting-y-oviedo\\\/#organizationLogo\"},\"image\":{\"@id\":\"https:\\\/\\\/eldigitaldeasturias.com\\\/radio\\\/futbol-asturias-jornada-clave-para-sporting-y-oviedo\\\/#organizationLogo\"},\"sameAs\":[\"https:\\\/\\\/www.facebook.com\\\/\",\"https:\\\/\\\/x.com\\\/bercodi\",\"https:\\\/\\\/www.instagram.com\\\/\",\"https:\\\/\\\/www.youtube.com\\\/channel\\\/UCZP-2wLEB9Rv6erhFmqVnvg\"]},{\"@type\":\"Person\",\"@id\":\"https:\\\/\\\/eldigitaldeasturias.com\\\/radio\\\/author\\\/nbasturias\\\/#author\",\"url\":\"https:\\\/\\\/eldigitaldeasturias.com\\\/radio\\\/author\\\/nbasturias\\\/\",\"name\":\"NBAsturias\",\"image\":{\"@type\":\"ImageObject\",\"@id\":\"https:\\\/\\\/eldigitaldeasturias.com\\\/radio\\\/futbol-asturias-jornada-clave-para-sporting-y-oviedo\\\/#authorImage\",\"url\":\"https:\\\/\\\/secure.gravatar.com\\\/avatar\\\/df2aeffc32bcd13f8d26072ef8a91b623d677766deac7f97ca815868cd41bf5e?s=96&d=mm&r=g\",\"width\":96,\"height\":96,\"caption\":\"NBAsturias\"}},{\"@type\":\"WebPage\",\"@id\":\"https:\\\/\\\/eldigitaldeasturias.com\\\/radio\\\/futbol-asturias-jornada-clave-para-sporting-y-oviedo\\\/#webpage\",\"url\":\"https:\\\/\\\/eldigitaldeasturias.com\\\/radio\\\/futbol-asturias-jornada-clave-para-sporting-y-oviedo\\\/\",\"name\":\"F\\u00fatbol Asturias: Jornada clave para Sporting y Oviedo | El Digital de Asturias\",\"description\":\"La divisi\\u00f3n de plata del f\\u00fatbol espa\\u00f1ol tendr\\u00e1 a media Asturias conectada a plataformas digitales y medios de comunicaci\\u00f3n durante el fin de semana y el lunes.\",\"inLanguage\":\"es-ES\",\"isPartOf\":{\"@id\":\"https:\\\/\\\/eldigitaldeasturias.com\\\/radio\\\/#website\"},\"breadcrumb\":{\"@id\":\"https:\\\/\\\/eldigitaldeasturias.com\\\/radio\\\/futbol-asturias-jornada-clave-para-sporting-y-oviedo\\\/#breadcrumblist\"},\"author\":{\"@id\":\"https:\\\/\\\/eldigitaldeasturias.com\\\/radio\\\/author\\\/nbasturias\\\/#author\"},\"creator\":{\"@id\":\"https:\\\/\\\/eldigitaldeasturias.com\\\/radio\\\/author\\\/nbasturias\\\/#author\"},\"image\":{\"@type\":\"ImageObject\",\"url\":\"https:\\\/\\\/eldigitaldeasturias.com\\\/radio\\\/wp-content\\\/uploads\\\/2024\\\/03\\\/futbol.jpg\",\"@id\":\"https:\\\/\\\/eldigitaldeasturias.com\\\/radio\\\/futbol-asturias-jornada-clave-para-sporting-y-oviedo\\\/#mainImage\",\"width\":640,\"height\":425,\"caption\":\"f\\u00fatbol\"},\"primaryImageOfPage\":{\"@id\":\"https:\\\/\\\/eldigitaldeasturias.com\\\/radio\\\/futbol-asturias-jornada-clave-para-sporting-y-oviedo\\\/#mainImage\"},\"datePublished\":\"2024-04-18T13:36:39+02:00\",\"dateModified\":\"2025-03-12T21:35:17+01:00\"},{\"@type\":\"WebSite\",\"@id\":\"https:\\\/\\\/eldigitaldeasturias.com\\\/radio\\\/#website\",\"url\":\"https:\\\/\\\/eldigitaldeasturias.com\\\/radio\\\/\",\"name\":\"El Digital de Asturias\",\"description\":\"Diario de informaci\\u00f3n y noticias\",\"inLanguage\":\"es-ES\",\"publisher\":{\"@id\":\"https:\\\/\\\/eldigitaldeasturias.com\\\/radio\\\/#organization\"}}]}\n\t\t<\/script>\n\t\t<!-- All in One SEO Pro -->\r\n\t\t<title>F\u00fatbol Asturias: Jornada clave para Sporting y Oviedo | El Digital de Asturias<\/title>\n\n","aioseo_head_json":{"title":"F\u00fatbol Asturias: Jornada clave para Sporting y Oviedo | El Digital de Asturias","description":"La divisi\u00f3n de plata del f\u00fatbol espa\u00f1ol tendr\u00e1 a media Asturias conectada a plataformas digitales y medios de comunicaci\u00f3n durante el fin de semana y el lunes.","canonical_url":"https:\/\/eldigitaldeasturias.com\/radio\/futbol-asturias-jornada-clave-para-sporting-y-oviedo\/","robots":"max-image-preview:large","keywords":"deporte","webmasterTools":{"google-site-verification":"UA-38556648-1","miscellaneous":""},"schema":{"@context":"https:\/\/schema.org","@graph":[{"@type":"BreadcrumbList","@id":"https:\/\/eldigitaldeasturias.com\/radio\/futbol-asturias-jornada-clave-para-sporting-y-oviedo\/#breadcrumblist","itemListElement":[{"@type":"ListItem","@id":"https:\/\/eldigitaldeasturias.com\/radio#listItem","position":1,"name":"Inicio","item":"https:\/\/eldigitaldeasturias.com\/radio","nextItem":{"@type":"ListItem","@id":"https:\/\/eldigitaldeasturias.com\/radio\/category\/deporte\/#listItem","name":"Deporte"}},{"@type":"ListItem","@id":"https:\/\/eldigitaldeasturias.com\/radio\/category\/deporte\/#listItem","position":2,"name":"Deporte","item":"https:\/\/eldigitaldeasturias.com\/radio\/category\/deporte\/","nextItem":{"@type":"ListItem","@id":"https:\/\/eldigitaldeasturias.com\/radio\/futbol-asturias-jornada-clave-para-sporting-y-oviedo\/#listItem","name":"F\u00fatbol Asturias: Jornada clave para Sporting y Oviedo"},"previousItem":{"@type":"ListItem","@id":"https:\/\/eldigitaldeasturias.com\/radio#listItem","name":"Inicio"}},{"@type":"ListItem","@id":"https:\/\/eldigitaldeasturias.com\/radio\/futbol-asturias-jornada-clave-para-sporting-y-oviedo\/#listItem","position":3,"name":"F\u00fatbol Asturias: Jornada clave para Sporting y Oviedo","previousItem":{"@type":"ListItem","@id":"https:\/\/eldigitaldeasturias.com\/radio\/category\/deporte\/#listItem","name":"Deporte"}}]},{"@type":"NewsArticle","@id":"https:\/\/eldigitaldeasturias.com\/radio\/futbol-asturias-jornada-clave-para-sporting-y-oviedo\/#newsarticle","name":"F\u00fatbol Asturias: Jornada clave para Sporting y Oviedo | El Digital de Asturias","headline":"F\u00fatbol Asturias: Jornada clave para Sporting y Oviedo","author":{"@id":"https:\/\/eldigitaldeasturias.com\/radio\/author\/nbasturias\/#author"},"publisher":{"@id":"https:\/\/eldigitaldeasturias.com\/radio\/#organization"},"image":{"@type":"ImageObject","url":"https:\/\/eldigitaldeasturias.com\/radio\/wp-content\/uploads\/2024\/03\/futbol.jpg","width":640,"height":425,"caption":"f\u00fatbol"},"datePublished":"2024-04-18T13:36:39+02:00","dateModified":"2025-03-12T21:35:17+01:00","inLanguage":"es-ES","mainEntityOfPage":{"@id":"https:\/\/eldigitaldeasturias.com\/radio\/futbol-asturias-jornada-clave-para-sporting-y-oviedo\/#webpage"},"isPartOf":{"@id":"https:\/\/eldigitaldeasturias.com\/radio\/futbol-asturias-jornada-clave-para-sporting-y-oviedo\/#webpage"},"articleSection":"Deporte, deportes","dateline":"Publicado el abril 18, 2024."},{"@type":"Organization","@id":"https:\/\/eldigitaldeasturias.com\/radio\/#organization","name":"El digital de Asturias Radio","description":"Diario de informaci\u00f3n y noticias","url":"https:\/\/eldigitaldeasturias.com\/radio\/","telephone":"+34652131393","logo":{"@type":"ImageObject","url":"https:\/\/www.eldigitaldeasturias.com\/radio\/wp-content\/uploads\/2021\/03\/EDA.jpg","@id":"https:\/\/eldigitaldeasturias.com\/radio\/futbol-asturias-jornada-clave-para-sporting-y-oviedo\/#organizationLogo"},"image":{"@id":"https:\/\/eldigitaldeasturias.com\/radio\/futbol-asturias-jornada-clave-para-sporting-y-oviedo\/#organizationLogo"},"sameAs":["https:\/\/www.facebook.com\/","https:\/\/x.com\/bercodi","https:\/\/www.instagram.com\/","https:\/\/www.youtube.com\/channel\/UCZP-2wLEB9Rv6erhFmqVnvg"]},{"@type":"Person","@id":"https:\/\/eldigitaldeasturias.com\/radio\/author\/nbasturias\/#author","url":"https:\/\/eldigitaldeasturias.com\/radio\/author\/nbasturias\/","name":"NBAsturias","image":{"@type":"ImageObject","@id":"https:\/\/eldigitaldeasturias.com\/radio\/futbol-asturias-jornada-clave-para-sporting-y-oviedo\/#authorImage","url":"https:\/\/secure.gravatar.com\/avatar\/df2aeffc32bcd13f8d26072ef8a91b623d677766deac7f97ca815868cd41bf5e?s=96&d=mm&r=g","width":96,"height":96,"caption":"NBAsturias"}},{"@type":"WebPage","@id":"https:\/\/eldigitaldeasturias.com\/radio\/futbol-asturias-jornada-clave-para-sporting-y-oviedo\/#webpage","url":"https:\/\/eldigitaldeasturias.com\/radio\/futbol-asturias-jornada-clave-para-sporting-y-oviedo\/","name":"F\u00fatbol Asturias: Jornada clave para Sporting y Oviedo | El Digital de Asturias","description":"La divisi\u00f3n de plata del f\u00fatbol espa\u00f1ol tendr\u00e1 a media Asturias conectada a plataformas digitales y medios de comunicaci\u00f3n durante el fin de semana y el lunes.","inLanguage":"es-ES","isPartOf":{"@id":"https:\/\/eldigitaldeasturias.com\/radio\/#website"},"breadcrumb":{"@id":"https:\/\/eldigitaldeasturias.com\/radio\/futbol-asturias-jornada-clave-para-sporting-y-oviedo\/#breadcrumblist"},"author":{"@id":"https:\/\/eldigitaldeasturias.com\/radio\/author\/nbasturias\/#author"},"creator":{"@id":"https:\/\/eldigitaldeasturias.com\/radio\/author\/nbasturias\/#author"},"image":{"@type":"ImageObject","url":"https:\/\/eldigitaldeasturias.com\/radio\/wp-content\/uploads\/2024\/03\/futbol.jpg","@id":"https:\/\/eldigitaldeasturias.com\/radio\/futbol-asturias-jornada-clave-para-sporting-y-oviedo\/#mainImage","width":640,"height":425,"caption":"f\u00fatbol"},"primaryImageOfPage":{"@id":"https:\/\/eldigitaldeasturias.com\/radio\/futbol-asturias-jornada-clave-para-sporting-y-oviedo\/#mainImage"},"datePublished":"2024-04-18T13:36:39+02:00","dateModified":"2025-03-12T21:35:17+01:00"},{"@type":"WebSite","@id":"https:\/\/eldigitaldeasturias.com\/radio\/#website","url":"https:\/\/eldigitaldeasturias.com\/radio\/","name":"El Digital de Asturias","description":"Diario de informaci\u00f3n y noticias","inLanguage":"es-ES","publisher":{"@id":"https:\/\/eldigitaldeasturias.com\/radio\/#organization"}}]},"og:locale":"es_ES","og:site_name":"El Digital de Asturias | Diario de informaci\u00f3n y noticias","og:type":"article","og:title":"F\u00fatbol Asturias: Jornada clave para Sporting y Oviedo | El Digital de Asturias","og:description":"La divisi\u00f3n de plata del f\u00fatbol espa\u00f1ol tendr\u00e1 a media Asturias conectada a plataformas digitales y medios de comunicaci\u00f3n durante el fin de semana y el lunes.","og:url":"https:\/\/eldigitaldeasturias.com\/radio\/futbol-asturias-jornada-clave-para-sporting-y-oviedo\/","og:image":"https:\/\/eldigitaldeasturias.com\/radio\/wp-content\/uploads\/2024\/03\/futbol.jpg","og:image:secure_url":"https:\/\/eldigitaldeasturias.com\/radio\/wp-content\/uploads\/2024\/03\/futbol.jpg","og:image:width":640,"og:image:height":425,"article:published_time":"2024-04-18T11:36:39+00:00","article:modified_time":"2025-03-12T20:35:17+00:00","twitter:card":"summary_large_image","twitter:site":"@bercodi","twitter:title":"F\u00fatbol Asturias: Jornada clave para Sporting y Oviedo | El Digital de Asturias","twitter:description":"La divisi\u00f3n de plata del f\u00fatbol espa\u00f1ol tendr\u00e1 a media Asturias conectada a plataformas digitales y medios de comunicaci\u00f3n durante el fin de semana y el lunes.","twitter:creator":"@bercodi","twitter:image":"https:\/\/eldigitaldeasturias.com\/radio\/wp-content\/uploads\/2024\/03\/futbol.jpg"},"aioseo_meta_data":{"post_id":"8891","title":null,"description":"La divisi\u00f3n de plata del f\u00fatbol espa\u00f1ol tendr\u00e1 a media Asturias conectada a plataformas digitales y medios de comunicaci\u00f3n durante el fin de semana y el lunes.","keywords":null,"keyphrases":{"focus":{"keyphrase":"Asturias","score":90,"analysis":{"keyphraseInTitle":{"score":9,"maxScore":9,"error":0},"keyphraseInDescription":{"score":9,"maxScore":9,"error":0},"keyphraseLength":{"score":9,"maxScore":9,"error":0,"length":1},"keyphraseInURL":{"score":5,"maxScore":5,"error":0},"keyphraseInIntroduction":{"score":9,"maxScore":9,"error":0},"keyphraseInSubHeadings":[],"keyphraseInImageAlt":{"score":3,"maxScore":9,"error":1},"keywordDensity":{"type":"best","score":9,"maxScore":9,"error":0}}},"additional":[{"keyphrase":"f\u00fatbol","score":100,"analysis":{"keyphraseInDescription":{"score":9,"maxScore":9,"error":0},"keyphraseLength":{"score":9,"maxScore":9,"error":0,"length":2},"keyphraseInIntroduction":{"score":9,"maxScore":9,"error":0},"keyphraseInImageAlt":{"score":9,"maxScore":9,"error":0},"keywordDensity":{"type":"best","score":9,"maxScore":9,"error":0}}}]},"primary_term":null,"canonical_url":null,"og_title":null,"og_description":null,"og_object_type":"default","og_image_type":"default","og_image_url":null,"og_image_width":null,"og_image_height":null,"og_image_custom_url":null,"og_image_custom_fields":null,"og_video":"","og_custom_url":null,"og_article_section":null,"og_article_tags":null,"twitter_use_og":false,"twitter_card":"default","twitter_image_type":"default","twitter_image_url":null,"twitter_image_custom_url":null,"twitter_image_custom_fields":null,"twitter_title":null,"twitter_description":null,"schema":{"blockGraphs":[],"customGraphs":[],"default":{"data":{"Article":[],"Course":[],"Dataset":[],"FAQPage":[],"Movie":[],"Person":[],"Product":[],"ProductReview":[],"Car":[],"Recipe":[],"Service":[],"SoftwareApplication":[],"WebPage":[]},"graphName":"NewsArticle","isEnabled":true},"graphs":[]},"schema_type":"default","schema_type_options":null,"pillar_content":false,"robots_default":true,"robots_noindex":false,"robots_noarchive":false,"robots_nosnippet":false,"robots_nofollow":false,"robots_noimageindex":false,"robots_noodp":false,"robots_notranslate":false,"robots_max_snippet":"-1","robots_max_videopreview":"-1","robots_max_imagepreview":"large","priority":null,"frequency":"default","location":null,"local_seo":null,"seo_analyzer_scan_date":"2025-08-28 22:34:08","breadcrumb_settings":null,"limit_modified_date":false,"open_ai":"{\"title\":{\"suggestions\":[],\"usage\":0},\"description\":{\"suggestions\":[],\"usage\":0}}","ai":null,"created":"2024-04-18 11:32:56","updated":"2025-08-28 22:34:08"},"aioseo_breadcrumb":"<div class=\"aioseo-breadcrumbs\"><span class=\"aioseo-breadcrumb\">\n\t<a href=\"https:\/\/eldigitaldeasturias.com\/radio\" title=\"Inicio\">Inicio<\/a>\n<\/span><span class=\"aioseo-breadcrumb-separator\">&ndash;<\/span><span class=\"aioseo-breadcrumb\">\n\t<a href=\"https:\/\/eldigitaldeasturias.com\/radio\/category\/deporte\/\" title=\"Deporte\">Deporte<\/a>\n<\/span><span class=\"aioseo-breadcrumb-separator\">&ndash;<\/span><span class=\"aioseo-breadcrumb\">\n\tF\u00fatbol Asturias: Jornada clave para Sporting y Oviedo\n<\/span><\/div>","aioseo_breadcrumb_json":[{"label":"Inicio","link":"https:\/\/eldigitaldeasturias.com\/radio"},{"label":"Deporte","link":"https:\/\/eldigitaldeasturias.com\/radio\/category\/deporte\/"},{"label":"F\u00fatbol Asturias: Jornada clave para Sporting y Oviedo","link":"https:\/\/eldigitaldeasturias.com\/radio\/futbol-asturias-jornada-clave-para-sporting-y-oviedo\/"}],"_links":{"self":[{"href":"https:\/\/eldigitaldeasturias.com\/radio\/wp-json\/wp\/v2\/posts\/8891","targetHints":{"allow":["GET"]}}],"collection":[{"href":"https:\/\/eldigitaldeasturias.com\/radio\/wp-json\/wp\/v2\/posts"}],"about":[{"href":"https:\/\/eldigitaldeasturias.com\/radio\/wp-json\/wp\/v2\/types\/post"}],"author":[{"embeddable":true,"href":"https:\/\/eldigitaldeasturias.com\/radio\/wp-json\/wp\/v2\/users\/1"}],"replies":[{"embeddable":true,"href":"https:\/\/eldigitaldeasturias.com\/radio\/wp-json\/wp\/v2\/comments?post=8891"}],"version-history":[{"count":0,"href":"https:\/\/eldigitaldeasturias.com\/radio\/wp-json\/wp\/v2\/posts\/8891\/revisions"}],"wp:featuredmedia":[{"embeddable":true,"href":"https:\/\/eldigitaldeasturias.com\/radio\/wp-json\/wp\/v2\/media\/8775"}],"wp:attachment":[{"href":"https:\/\/eldigitaldeasturias.com\/radio\/wp-json\/wp\/v2\/media?parent=8891"}],"wp:term":[{"taxonomy":"category","embeddable":true,"href":"https:\/\/eldigitaldeasturias.com\/radio\/wp-json\/wp\/v2\/categories?post=8891"},{"taxonomy":"post_tag","embeddable":true,"href":"https:\/\/eldigitaldeasturias.com\/radio\/wp-json\/wp\/v2\/tags?post=8891"}],"curies":[{"name":"wp","href":"https:\/\/api.w.org\/{rel}","templated":true}]}}