{"id":8843,"date":"2024-03-29T19:32:35","date_gmt":"2024-03-29T18:32:35","guid":{"rendered":"https:\/\/eldigitaldeasturias.com\/radio\/?p=8843"},"modified":"2024-03-29T19:32:35","modified_gmt":"2024-03-29T18:32:35","slug":"semana-santa-2024-en-mexico-mas-ventas","status":"publish","type":"post","link":"https:\/\/eldigitaldeasturias.com\/radio\/semana-santa-2024-en-mexico-mas-ventas\/","title":{"rendered":"Semana Santa 2024 en M\u00e9xico: M\u00e1s ventas"},"content":{"rendered":"<p>La <a href=\"https:\/\/www.eldigitaldeasturias.com\/noticias\/semana-santa-2024-de-peliculas-y-series\/\" target=\"_blank\" rel=\"noopener\"><span style=\"color: #ff6600;\"><strong>Semana Santa<\/strong><\/span><\/a> se ha convertido en un periodo clave para el <a href=\"https:\/\/eldigitaldeasturias.com\/radio\/category\/negocios\/\"><span style=\"color: #ff6600;\"><strong>comercio electr\u00f3nico<\/strong><\/span><\/a> en M\u00e9xico. Seg\u00fan la Asociaci\u00f3n Mexicana de Venta Online (AMVO), 96% de los compradores en l\u00ednea planea adquirir productos o servicios durante estas fechas.<\/p>\n<p><img fetchpriority=\"high\" decoding=\"async\" class=\"aligncenter size-full wp-image-8844\" src=\"https:\/\/eldigitaldeasturias.com\/radio\/wp-content\/uploads\/2024\/03\/Ventas-digitales-Semana-Santa.jpg\" alt=\"Ventas digitales Semana Santa\" width=\"640\" height=\"427\" srcset=\"https:\/\/eldigitaldeasturias.com\/radio\/wp-content\/uploads\/2024\/03\/Ventas-digitales-Semana-Santa.jpg 640w, https:\/\/eldigitaldeasturias.com\/radio\/wp-content\/uploads\/2024\/03\/Ventas-digitales-Semana-Santa-360x240.jpg 360w, https:\/\/eldigitaldeasturias.com\/radio\/wp-content\/uploads\/2024\/03\/Ventas-digitales-Semana-Santa-150x100.jpg 150w, https:\/\/eldigitaldeasturias.com\/radio\/wp-content\/uploads\/2024\/03\/Ventas-digitales-Semana-Santa-450x300.jpg 450w\" sizes=\"(max-width: 640px) 100vw, 640px\" \/><\/p>\n<p>De acuerdo con la encuesta de AMVO que <a title=\"NotiPress\" href=\"https:\/\/notipress.mx\/\" target=\"_blank\" rel=\"nofollow noopener\"><span style=\"color: #ff6600;\"><strong>NotiPress<\/strong><\/span><\/a> consult\u00f3, el 75% de los encuestados celebrar\u00e1 Semana Santa, as\u00ed 67% tiene planes de viajar y un 33% comprar\u00e1 productos espec\u00edficos para la temporada. Mientras, un 30% asistir\u00e1 a ceremonias religiosas y un 26% optar\u00e1 por quedarse en casa.<\/p>\n<p>En cuanto al gasto, el 40% de los consumidores espera gastar la misma cantidad que el a\u00f1o pasado, mientras que un 32% anticipa gastar m\u00e1s. Los boletos de avi\u00f3n y las reservaciones de alojamiento son las principales categor\u00edas de gasto, seguidas por la comida en restaurantes y la asistencia a parques tur\u00edsticos.<\/p>\n<p>Adem\u00e1s, <strong>los descuentos son un gran motivador para los compradores en l\u00ednea durante Semana Santa<\/strong>, pues 71% de personas muestra inter\u00e9s en reducciones en precios, un 60% busca meses sin intereses y m\u00e1s de la mitad desean aprovechar c\u00f3digos de descuento y ofertas bancarias. As\u00ed como, un 41% est\u00e1 a la caza de productos gratuitos complementarios.<\/p>\n<p>Esta tendencia hacia las <strong>compras digitales<\/strong> durante Semana Santa subraya la importancia de las fechas festivas en el impulso del comercio electr\u00f3nico y la adaptabilidad de los consumidores mexicanos a las ofertas en l\u00ednea.<\/p>\n<p>Por Gustavo Torres \/ NotiPress<\/p>\n","protected":false},"excerpt":{"rendered":"<p>La Semana Santa se ha convertido en un periodo clave para el comercio electr\u00f3nico en M\u00e9xico. Seg\u00fan la Asociaci\u00f3n Mexicana de Venta Online (AMVO), 96% de los compradores en l\u00ednea planea adquirir productos o servicios durante estas fechas. De acuerdo con la encuesta de AMVO que NotiPress consult\u00f3, el 75% de los encuestados celebrar\u00e1 Semana<\/p>\n","protected":false},"author":1,"featured_media":8844,"comment_status":"closed","ping_status":"closed","sticky":false,"template":"","format":"standard","meta":{"footnotes":""},"categories":[35],"tags":[43],"class_list":{"0":"post-8843","1":"post","2":"type-post","3":"status-publish","4":"format-standard","5":"has-post-thumbnail","7":"category-negocios","8":"tag-empresas"},"aioseo_notices":[],"aioseo_head":"\n\t\t<!-- All in One SEO Pro 4.9.6.2 - aioseo.com -->\n\t<meta name=\"description\" content=\"La Semana Santa se ha convertido en un periodo clave para el comercio electr\u00f3nico en M\u00e9xico. Seg\u00fan la Asociaci\u00f3n Mexicana de Venta Online\" \/>\n\t<meta name=\"robots\" content=\"max-image-preview:large\" \/>\n\t<meta name=\"author\" content=\"NBAsturias\"\/>\n\t<meta name=\"google-site-verification\" content=\"UA-38556648-1\" \/>\n\t<meta name=\"keywords\" content=\"negocios\" \/>\n\t<link rel=\"canonical\" href=\"https:\/\/eldigitaldeasturias.com\/radio\/semana-santa-2024-en-mexico-mas-ventas\/\" \/>\n\t<meta name=\"generator\" content=\"All in One SEO Pro (AIOSEO) 4.9.6.2\" \/>\n\t\t<meta property=\"og:locale\" content=\"es_ES\" \/>\n\t\t<meta property=\"og:site_name\" content=\"El Digital de Asturias | Diario de informaci\u00f3n y noticias\" \/>\n\t\t<meta property=\"og:type\" content=\"article\" \/>\n\t\t<meta property=\"og:title\" content=\"Semana Santa 2024 en M\u00e9xico: M\u00e1s ventas | El Digital de Asturias\" \/>\n\t\t<meta property=\"og:description\" content=\"La Semana Santa se ha convertido en un periodo clave para el comercio electr\u00f3nico en M\u00e9xico. Seg\u00fan la Asociaci\u00f3n Mexicana de Venta Online\" \/>\n\t\t<meta property=\"og:url\" content=\"https:\/\/eldigitaldeasturias.com\/radio\/semana-santa-2024-en-mexico-mas-ventas\/\" \/>\n\t\t<meta property=\"og:image\" content=\"https:\/\/eldigitaldeasturias.com\/radio\/wp-content\/uploads\/2024\/03\/Ventas-digitales-Semana-Santa.jpg\" \/>\n\t\t<meta property=\"og:image:secure_url\" content=\"https:\/\/eldigitaldeasturias.com\/radio\/wp-content\/uploads\/2024\/03\/Ventas-digitales-Semana-Santa.jpg\" \/>\n\t\t<meta property=\"og:image:width\" content=\"640\" \/>\n\t\t<meta property=\"og:image:height\" content=\"427\" \/>\n\t\t<meta property=\"article:published_time\" content=\"2024-03-29T18:32:35+00:00\" \/>\n\t\t<meta property=\"article:modified_time\" content=\"2024-03-29T18:32:35+00:00\" \/>\n\t\t<meta name=\"twitter:card\" content=\"summary_large_image\" \/>\n\t\t<meta name=\"twitter:site\" content=\"@bercodi\" \/>\n\t\t<meta name=\"twitter:title\" content=\"Semana Santa 2024 en M\u00e9xico: M\u00e1s ventas | El Digital de Asturias\" \/>\n\t\t<meta name=\"twitter:description\" content=\"La Semana Santa se ha convertido en un periodo clave para el comercio electr\u00f3nico en M\u00e9xico. Seg\u00fan la Asociaci\u00f3n Mexicana de Venta Online\" \/>\n\t\t<meta name=\"twitter:creator\" content=\"@bercodi\" \/>\n\t\t<meta name=\"twitter:image\" content=\"https:\/\/eldigitaldeasturias.com\/radio\/wp-content\/uploads\/2024\/03\/Ventas-digitales-Semana-Santa.jpg\" \/>\n\t\t<script type=\"application\/ld+json\" class=\"aioseo-schema\">\n\t\t\t{\"@context\":\"https:\\\/\\\/schema.org\",\"@graph\":[{\"@type\":\"BreadcrumbList\",\"@id\":\"https:\\\/\\\/eldigitaldeasturias.com\\\/radio\\\/semana-santa-2024-en-mexico-mas-ventas\\\/#breadcrumblist\",\"itemListElement\":[{\"@type\":\"ListItem\",\"@id\":\"https:\\\/\\\/eldigitaldeasturias.com\\\/radio#listItem\",\"position\":1,\"name\":\"Inicio\",\"item\":\"https:\\\/\\\/eldigitaldeasturias.com\\\/radio\",\"nextItem\":{\"@type\":\"ListItem\",\"@id\":\"https:\\\/\\\/eldigitaldeasturias.com\\\/radio\\\/category\\\/negocios\\\/#listItem\",\"name\":\"Negocios\"}},{\"@type\":\"ListItem\",\"@id\":\"https:\\\/\\\/eldigitaldeasturias.com\\\/radio\\\/category\\\/negocios\\\/#listItem\",\"position\":2,\"name\":\"Negocios\",\"item\":\"https:\\\/\\\/eldigitaldeasturias.com\\\/radio\\\/category\\\/negocios\\\/\",\"nextItem\":{\"@type\":\"ListItem\",\"@id\":\"https:\\\/\\\/eldigitaldeasturias.com\\\/radio\\\/semana-santa-2024-en-mexico-mas-ventas\\\/#listItem\",\"name\":\"Semana Santa 2024 en M\\u00e9xico: M\\u00e1s ventas\"},\"previousItem\":{\"@type\":\"ListItem\",\"@id\":\"https:\\\/\\\/eldigitaldeasturias.com\\\/radio#listItem\",\"name\":\"Inicio\"}},{\"@type\":\"ListItem\",\"@id\":\"https:\\\/\\\/eldigitaldeasturias.com\\\/radio\\\/semana-santa-2024-en-mexico-mas-ventas\\\/#listItem\",\"position\":3,\"name\":\"Semana Santa 2024 en M\\u00e9xico: M\\u00e1s ventas\",\"previousItem\":{\"@type\":\"ListItem\",\"@id\":\"https:\\\/\\\/eldigitaldeasturias.com\\\/radio\\\/category\\\/negocios\\\/#listItem\",\"name\":\"Negocios\"}}]},{\"@type\":\"NewsArticle\",\"@id\":\"https:\\\/\\\/eldigitaldeasturias.com\\\/radio\\\/semana-santa-2024-en-mexico-mas-ventas\\\/#newsarticle\",\"name\":\"Semana Santa 2024 en M\\u00e9xico: M\\u00e1s ventas | El Digital de Asturias\",\"headline\":\"Semana Santa 2024 en M\\u00e9xico: M\\u00e1s ventas\",\"author\":{\"@id\":\"https:\\\/\\\/eldigitaldeasturias.com\\\/radio\\\/author\\\/nbasturias\\\/#author\"},\"publisher\":{\"@id\":\"https:\\\/\\\/eldigitaldeasturias.com\\\/radio\\\/#organization\"},\"image\":{\"@type\":\"ImageObject\",\"url\":\"https:\\\/\\\/eldigitaldeasturias.com\\\/radio\\\/wp-content\\\/uploads\\\/2024\\\/03\\\/Ventas-digitales-Semana-Santa.jpg\",\"width\":640,\"height\":427,\"caption\":\"Ventas digitales Semana Santa\"},\"datePublished\":\"2024-03-29T19:32:35+01:00\",\"dateModified\":\"2024-03-29T19:32:35+01:00\",\"inLanguage\":\"es-ES\",\"mainEntityOfPage\":{\"@id\":\"https:\\\/\\\/eldigitaldeasturias.com\\\/radio\\\/semana-santa-2024-en-mexico-mas-ventas\\\/#webpage\"},\"isPartOf\":{\"@id\":\"https:\\\/\\\/eldigitaldeasturias.com\\\/radio\\\/semana-santa-2024-en-mexico-mas-ventas\\\/#webpage\"},\"articleSection\":\"Negocios, empresas\",\"dateline\":\"Publicado el marzo 29, 2024.\"},{\"@type\":\"Organization\",\"@id\":\"https:\\\/\\\/eldigitaldeasturias.com\\\/radio\\\/#organization\",\"name\":\"El digital de Asturias Radio\",\"description\":\"Diario de informaci\\u00f3n y noticias\",\"url\":\"https:\\\/\\\/eldigitaldeasturias.com\\\/radio\\\/\",\"telephone\":\"+34652131393\",\"logo\":{\"@type\":\"ImageObject\",\"url\":\"https:\\\/\\\/www.eldigitaldeasturias.com\\\/radio\\\/wp-content\\\/uploads\\\/2021\\\/03\\\/EDA.jpg\",\"@id\":\"https:\\\/\\\/eldigitaldeasturias.com\\\/radio\\\/semana-santa-2024-en-mexico-mas-ventas\\\/#organizationLogo\"},\"image\":{\"@id\":\"https:\\\/\\\/eldigitaldeasturias.com\\\/radio\\\/semana-santa-2024-en-mexico-mas-ventas\\\/#organizationLogo\"},\"sameAs\":[\"https:\\\/\\\/www.facebook.com\\\/\",\"https:\\\/\\\/x.com\\\/bercodi\",\"https:\\\/\\\/www.instagram.com\\\/\",\"https:\\\/\\\/www.youtube.com\\\/channel\\\/UCZP-2wLEB9Rv6erhFmqVnvg\"]},{\"@type\":\"Person\",\"@id\":\"https:\\\/\\\/eldigitaldeasturias.com\\\/radio\\\/author\\\/nbasturias\\\/#author\",\"url\":\"https:\\\/\\\/eldigitaldeasturias.com\\\/radio\\\/author\\\/nbasturias\\\/\",\"name\":\"NBAsturias\",\"image\":{\"@type\":\"ImageObject\",\"@id\":\"https:\\\/\\\/eldigitaldeasturias.com\\\/radio\\\/semana-santa-2024-en-mexico-mas-ventas\\\/#authorImage\",\"url\":\"https:\\\/\\\/secure.gravatar.com\\\/avatar\\\/df2aeffc32bcd13f8d26072ef8a91b623d677766deac7f97ca815868cd41bf5e?s=96&d=mm&r=g\",\"width\":96,\"height\":96,\"caption\":\"NBAsturias\"}},{\"@type\":\"WebPage\",\"@id\":\"https:\\\/\\\/eldigitaldeasturias.com\\\/radio\\\/semana-santa-2024-en-mexico-mas-ventas\\\/#webpage\",\"url\":\"https:\\\/\\\/eldigitaldeasturias.com\\\/radio\\\/semana-santa-2024-en-mexico-mas-ventas\\\/\",\"name\":\"Semana Santa 2024 en M\\u00e9xico: M\\u00e1s ventas | El Digital de Asturias\",\"description\":\"La Semana Santa se ha convertido en un periodo clave para el comercio electr\\u00f3nico en M\\u00e9xico. Seg\\u00fan la Asociaci\\u00f3n Mexicana de Venta Online\",\"inLanguage\":\"es-ES\",\"isPartOf\":{\"@id\":\"https:\\\/\\\/eldigitaldeasturias.com\\\/radio\\\/#website\"},\"breadcrumb\":{\"@id\":\"https:\\\/\\\/eldigitaldeasturias.com\\\/radio\\\/semana-santa-2024-en-mexico-mas-ventas\\\/#breadcrumblist\"},\"author\":{\"@id\":\"https:\\\/\\\/eldigitaldeasturias.com\\\/radio\\\/author\\\/nbasturias\\\/#author\"},\"creator\":{\"@id\":\"https:\\\/\\\/eldigitaldeasturias.com\\\/radio\\\/author\\\/nbasturias\\\/#author\"},\"image\":{\"@type\":\"ImageObject\",\"url\":\"https:\\\/\\\/eldigitaldeasturias.com\\\/radio\\\/wp-content\\\/uploads\\\/2024\\\/03\\\/Ventas-digitales-Semana-Santa.jpg\",\"@id\":\"https:\\\/\\\/eldigitaldeasturias.com\\\/radio\\\/semana-santa-2024-en-mexico-mas-ventas\\\/#mainImage\",\"width\":640,\"height\":427,\"caption\":\"Ventas digitales Semana Santa\"},\"primaryImageOfPage\":{\"@id\":\"https:\\\/\\\/eldigitaldeasturias.com\\\/radio\\\/semana-santa-2024-en-mexico-mas-ventas\\\/#mainImage\"},\"datePublished\":\"2024-03-29T19:32:35+01:00\",\"dateModified\":\"2024-03-29T19:32:35+01:00\"},{\"@type\":\"WebSite\",\"@id\":\"https:\\\/\\\/eldigitaldeasturias.com\\\/radio\\\/#website\",\"url\":\"https:\\\/\\\/eldigitaldeasturias.com\\\/radio\\\/\",\"name\":\"El Digital de Asturias\",\"description\":\"Diario de informaci\\u00f3n y noticias\",\"inLanguage\":\"es-ES\",\"publisher\":{\"@id\":\"https:\\\/\\\/eldigitaldeasturias.com\\\/radio\\\/#organization\"}}]}\n\t\t<\/script>\n\t\t<!-- All in One SEO Pro -->\r\n\t\t<title>Semana Santa 2024 en M\u00e9xico: M\u00e1s ventas | El Digital de Asturias<\/title>\n\n","aioseo_head_json":{"title":"Semana Santa 2024 en M\u00e9xico: M\u00e1s ventas | El Digital de Asturias","description":"La Semana Santa se ha convertido en un periodo clave para el comercio electr\u00f3nico en M\u00e9xico. Seg\u00fan la Asociaci\u00f3n Mexicana de Venta Online","canonical_url":"https:\/\/eldigitaldeasturias.com\/radio\/semana-santa-2024-en-mexico-mas-ventas\/","robots":"max-image-preview:large","keywords":"negocios","webmasterTools":{"google-site-verification":"UA-38556648-1","miscellaneous":""},"schema":{"@context":"https:\/\/schema.org","@graph":[{"@type":"BreadcrumbList","@id":"https:\/\/eldigitaldeasturias.com\/radio\/semana-santa-2024-en-mexico-mas-ventas\/#breadcrumblist","itemListElement":[{"@type":"ListItem","@id":"https:\/\/eldigitaldeasturias.com\/radio#listItem","position":1,"name":"Inicio","item":"https:\/\/eldigitaldeasturias.com\/radio","nextItem":{"@type":"ListItem","@id":"https:\/\/eldigitaldeasturias.com\/radio\/category\/negocios\/#listItem","name":"Negocios"}},{"@type":"ListItem","@id":"https:\/\/eldigitaldeasturias.com\/radio\/category\/negocios\/#listItem","position":2,"name":"Negocios","item":"https:\/\/eldigitaldeasturias.com\/radio\/category\/negocios\/","nextItem":{"@type":"ListItem","@id":"https:\/\/eldigitaldeasturias.com\/radio\/semana-santa-2024-en-mexico-mas-ventas\/#listItem","name":"Semana Santa 2024 en M\u00e9xico: M\u00e1s ventas"},"previousItem":{"@type":"ListItem","@id":"https:\/\/eldigitaldeasturias.com\/radio#listItem","name":"Inicio"}},{"@type":"ListItem","@id":"https:\/\/eldigitaldeasturias.com\/radio\/semana-santa-2024-en-mexico-mas-ventas\/#listItem","position":3,"name":"Semana Santa 2024 en M\u00e9xico: M\u00e1s ventas","previousItem":{"@type":"ListItem","@id":"https:\/\/eldigitaldeasturias.com\/radio\/category\/negocios\/#listItem","name":"Negocios"}}]},{"@type":"NewsArticle","@id":"https:\/\/eldigitaldeasturias.com\/radio\/semana-santa-2024-en-mexico-mas-ventas\/#newsarticle","name":"Semana Santa 2024 en M\u00e9xico: M\u00e1s ventas | El Digital de Asturias","headline":"Semana Santa 2024 en M\u00e9xico: M\u00e1s ventas","author":{"@id":"https:\/\/eldigitaldeasturias.com\/radio\/author\/nbasturias\/#author"},"publisher":{"@id":"https:\/\/eldigitaldeasturias.com\/radio\/#organization"},"image":{"@type":"ImageObject","url":"https:\/\/eldigitaldeasturias.com\/radio\/wp-content\/uploads\/2024\/03\/Ventas-digitales-Semana-Santa.jpg","width":640,"height":427,"caption":"Ventas digitales Semana Santa"},"datePublished":"2024-03-29T19:32:35+01:00","dateModified":"2024-03-29T19:32:35+01:00","inLanguage":"es-ES","mainEntityOfPage":{"@id":"https:\/\/eldigitaldeasturias.com\/radio\/semana-santa-2024-en-mexico-mas-ventas\/#webpage"},"isPartOf":{"@id":"https:\/\/eldigitaldeasturias.com\/radio\/semana-santa-2024-en-mexico-mas-ventas\/#webpage"},"articleSection":"Negocios, empresas","dateline":"Publicado el marzo 29, 2024."},{"@type":"Organization","@id":"https:\/\/eldigitaldeasturias.com\/radio\/#organization","name":"El digital de Asturias Radio","description":"Diario de informaci\u00f3n y noticias","url":"https:\/\/eldigitaldeasturias.com\/radio\/","telephone":"+34652131393","logo":{"@type":"ImageObject","url":"https:\/\/www.eldigitaldeasturias.com\/radio\/wp-content\/uploads\/2021\/03\/EDA.jpg","@id":"https:\/\/eldigitaldeasturias.com\/radio\/semana-santa-2024-en-mexico-mas-ventas\/#organizationLogo"},"image":{"@id":"https:\/\/eldigitaldeasturias.com\/radio\/semana-santa-2024-en-mexico-mas-ventas\/#organizationLogo"},"sameAs":["https:\/\/www.facebook.com\/","https:\/\/x.com\/bercodi","https:\/\/www.instagram.com\/","https:\/\/www.youtube.com\/channel\/UCZP-2wLEB9Rv6erhFmqVnvg"]},{"@type":"Person","@id":"https:\/\/eldigitaldeasturias.com\/radio\/author\/nbasturias\/#author","url":"https:\/\/eldigitaldeasturias.com\/radio\/author\/nbasturias\/","name":"NBAsturias","image":{"@type":"ImageObject","@id":"https:\/\/eldigitaldeasturias.com\/radio\/semana-santa-2024-en-mexico-mas-ventas\/#authorImage","url":"https:\/\/secure.gravatar.com\/avatar\/df2aeffc32bcd13f8d26072ef8a91b623d677766deac7f97ca815868cd41bf5e?s=96&d=mm&r=g","width":96,"height":96,"caption":"NBAsturias"}},{"@type":"WebPage","@id":"https:\/\/eldigitaldeasturias.com\/radio\/semana-santa-2024-en-mexico-mas-ventas\/#webpage","url":"https:\/\/eldigitaldeasturias.com\/radio\/semana-santa-2024-en-mexico-mas-ventas\/","name":"Semana Santa 2024 en M\u00e9xico: M\u00e1s ventas | El Digital de Asturias","description":"La Semana Santa se ha convertido en un periodo clave para el comercio electr\u00f3nico en M\u00e9xico. Seg\u00fan la Asociaci\u00f3n Mexicana de Venta Online","inLanguage":"es-ES","isPartOf":{"@id":"https:\/\/eldigitaldeasturias.com\/radio\/#website"},"breadcrumb":{"@id":"https:\/\/eldigitaldeasturias.com\/radio\/semana-santa-2024-en-mexico-mas-ventas\/#breadcrumblist"},"author":{"@id":"https:\/\/eldigitaldeasturias.com\/radio\/author\/nbasturias\/#author"},"creator":{"@id":"https:\/\/eldigitaldeasturias.com\/radio\/author\/nbasturias\/#author"},"image":{"@type":"ImageObject","url":"https:\/\/eldigitaldeasturias.com\/radio\/wp-content\/uploads\/2024\/03\/Ventas-digitales-Semana-Santa.jpg","@id":"https:\/\/eldigitaldeasturias.com\/radio\/semana-santa-2024-en-mexico-mas-ventas\/#mainImage","width":640,"height":427,"caption":"Ventas digitales Semana Santa"},"primaryImageOfPage":{"@id":"https:\/\/eldigitaldeasturias.com\/radio\/semana-santa-2024-en-mexico-mas-ventas\/#mainImage"},"datePublished":"2024-03-29T19:32:35+01:00","dateModified":"2024-03-29T19:32:35+01:00"},{"@type":"WebSite","@id":"https:\/\/eldigitaldeasturias.com\/radio\/#website","url":"https:\/\/eldigitaldeasturias.com\/radio\/","name":"El Digital de Asturias","description":"Diario de informaci\u00f3n y noticias","inLanguage":"es-ES","publisher":{"@id":"https:\/\/eldigitaldeasturias.com\/radio\/#organization"}}]},"og:locale":"es_ES","og:site_name":"El Digital de Asturias | Diario de informaci\u00f3n y noticias","og:type":"article","og:title":"Semana Santa 2024 en M\u00e9xico: M\u00e1s ventas | El Digital de Asturias","og:description":"La Semana Santa se ha convertido en un periodo clave para el comercio electr\u00f3nico en M\u00e9xico. Seg\u00fan la Asociaci\u00f3n Mexicana de Venta Online","og:url":"https:\/\/eldigitaldeasturias.com\/radio\/semana-santa-2024-en-mexico-mas-ventas\/","og:image":"https:\/\/eldigitaldeasturias.com\/radio\/wp-content\/uploads\/2024\/03\/Ventas-digitales-Semana-Santa.jpg","og:image:secure_url":"https:\/\/eldigitaldeasturias.com\/radio\/wp-content\/uploads\/2024\/03\/Ventas-digitales-Semana-Santa.jpg","og:image:width":640,"og:image:height":427,"article:published_time":"2024-03-29T18:32:35+00:00","article:modified_time":"2024-03-29T18:32:35+00:00","twitter:card":"summary_large_image","twitter:site":"@bercodi","twitter:title":"Semana Santa 2024 en M\u00e9xico: M\u00e1s ventas | El Digital de Asturias","twitter:description":"La Semana Santa se ha convertido en un periodo clave para el comercio electr\u00f3nico en M\u00e9xico. Seg\u00fan la Asociaci\u00f3n Mexicana de Venta Online","twitter:creator":"@bercodi","twitter:image":"https:\/\/eldigitaldeasturias.com\/radio\/wp-content\/uploads\/2024\/03\/Ventas-digitales-Semana-Santa.jpg"},"aioseo_meta_data":{"post_id":"8843","title":null,"description":"La Semana Santa se ha convertido en un periodo clave para el comercio electr\u00f3nico en M\u00e9xico. Seg\u00fan la Asociaci\u00f3n Mexicana de Venta Online","keywords":[],"keyphrases":{"focus":{"keyphrase":"Semana Santa","score":93,"analysis":{"keyphraseInTitle":{"score":9,"maxScore":9,"error":0},"keyphraseInDescription":{"score":9,"maxScore":9,"error":0},"keyphraseLength":{"score":9,"maxScore":9,"error":0,"length":2},"keyphraseInURL":{"score":1,"maxScore":5,"error":1},"keyphraseInIntroduction":{"score":9,"maxScore":9,"error":0},"keyphraseInSubHeadings":[],"keyphraseInImageAlt":{"score":9,"maxScore":9,"error":0},"keywordDensity":{"type":"best","score":9,"maxScore":9,"error":0}}},"additional":[{"keyphrase":"Semana Santa","score":100,"analysis":{"keyphraseInDescription":{"score":9,"maxScore":9,"error":0},"keyphraseLength":{"score":9,"maxScore":9,"error":0,"length":2},"keyphraseInIntroduction":{"score":9,"maxScore":9,"error":0},"keyphraseInImageAlt":{"score":9,"maxScore":9,"error":0},"keywordDensity":{"type":"best","score":9,"maxScore":9,"error":0}}}]},"primary_term":null,"canonical_url":null,"og_title":null,"og_description":null,"og_object_type":"default","og_image_type":"default","og_image_url":null,"og_image_width":null,"og_image_height":null,"og_image_custom_url":null,"og_image_custom_fields":null,"og_video":"","og_custom_url":null,"og_article_section":null,"og_article_tags":[],"twitter_use_og":false,"twitter_card":"default","twitter_image_type":"default","twitter_image_url":null,"twitter_image_custom_url":null,"twitter_image_custom_fields":null,"twitter_title":null,"twitter_description":null,"schema":{"blockGraphs":[],"customGraphs":[],"default":{"data":{"Article":[],"Course":[],"Dataset":[],"FAQPage":[],"Movie":[],"Person":[],"Product":[],"ProductReview":[],"Car":[],"Recipe":[],"Service":[],"SoftwareApplication":[],"WebPage":[]},"graphName":"NewsArticle","isEnabled":true},"graphs":[]},"schema_type":"default","schema_type_options":null,"pillar_content":false,"robots_default":true,"robots_noindex":false,"robots_noarchive":false,"robots_nosnippet":false,"robots_nofollow":false,"robots_noimageindex":false,"robots_noodp":false,"robots_notranslate":false,"robots_max_snippet":"-1","robots_max_videopreview":"-1","robots_max_imagepreview":"large","priority":null,"frequency":"default","location":null,"local_seo":null,"seo_analyzer_scan_date":"2025-08-28 22:28:09","breadcrumb_settings":null,"limit_modified_date":false,"open_ai":"{\"title\":{\"suggestions\":[],\"usage\":0},\"description\":{\"suggestions\":[],\"usage\":0}}","ai":null,"created":"2024-03-29 18:27:43","updated":"2025-08-28 22:28:09"},"aioseo_breadcrumb":"<div class=\"aioseo-breadcrumbs\"><span class=\"aioseo-breadcrumb\">\n\t<a href=\"https:\/\/eldigitaldeasturias.com\/radio\" title=\"Inicio\">Inicio<\/a>\n<\/span><span class=\"aioseo-breadcrumb-separator\">&ndash;<\/span><span class=\"aioseo-breadcrumb\">\n\t<a href=\"https:\/\/eldigitaldeasturias.com\/radio\/category\/negocios\/\" title=\"Negocios\">Negocios<\/a>\n<\/span><span class=\"aioseo-breadcrumb-separator\">&ndash;<\/span><span class=\"aioseo-breadcrumb\">\n\tSemana Santa 2024 en M\u00e9xico: M\u00e1s ventas\n<\/span><\/div>","aioseo_breadcrumb_json":[{"label":"Inicio","link":"https:\/\/eldigitaldeasturias.com\/radio"},{"label":"Negocios","link":"https:\/\/eldigitaldeasturias.com\/radio\/category\/negocios\/"},{"label":"Semana Santa 2024 en M\u00e9xico: M\u00e1s ventas","link":"https:\/\/eldigitaldeasturias.com\/radio\/semana-santa-2024-en-mexico-mas-ventas\/"}],"_links":{"self":[{"href":"https:\/\/eldigitaldeasturias.com\/radio\/wp-json\/wp\/v2\/posts\/8843","targetHints":{"allow":["GET"]}}],"collection":[{"href":"https:\/\/eldigitaldeasturias.com\/radio\/wp-json\/wp\/v2\/posts"}],"about":[{"href":"https:\/\/eldigitaldeasturias.com\/radio\/wp-json\/wp\/v2\/types\/post"}],"author":[{"embeddable":true,"href":"https:\/\/eldigitaldeasturias.com\/radio\/wp-json\/wp\/v2\/users\/1"}],"replies":[{"embeddable":true,"href":"https:\/\/eldigitaldeasturias.com\/radio\/wp-json\/wp\/v2\/comments?post=8843"}],"version-history":[{"count":0,"href":"https:\/\/eldigitaldeasturias.com\/radio\/wp-json\/wp\/v2\/posts\/8843\/revisions"}],"wp:featuredmedia":[{"embeddable":true,"href":"https:\/\/eldigitaldeasturias.com\/radio\/wp-json\/wp\/v2\/media\/8844"}],"wp:attachment":[{"href":"https:\/\/eldigitaldeasturias.com\/radio\/wp-json\/wp\/v2\/media?parent=8843"}],"wp:term":[{"taxonomy":"category","embeddable":true,"href":"https:\/\/eldigitaldeasturias.com\/radio\/wp-json\/wp\/v2\/categories?post=8843"},{"taxonomy":"post_tag","embeddable":true,"href":"https:\/\/eldigitaldeasturias.com\/radio\/wp-json\/wp\/v2\/tags?post=8843"}],"curies":[{"name":"wp","href":"https:\/\/api.w.org\/{rel}","templated":true}]}}