{"id":8822,"date":"2024-03-28T10:35:28","date_gmt":"2024-03-28T09:35:28","guid":{"rendered":"https:\/\/eldigitaldeasturias.com\/radio\/?p=8822"},"modified":"2024-03-28T10:35:28","modified_gmt":"2024-03-28T09:35:28","slug":"el-exito-de-la-tarjeta-de-mercado-pago","status":"publish","type":"post","link":"https:\/\/eldigitaldeasturias.com\/radio\/el-exito-de-la-tarjeta-de-mercado-pago\/","title":{"rendered":"El \u00e9xito de la tarjeta de Mercado Pago"},"content":{"rendered":"<p>Mercado Pago y Visa han anunciado que su tarjeta de cr\u00e9dito ha superado el mill\u00f3n de tarjetas emitidas en 10 meses desde su lanzamiento en mayo de 2023. <strong>El promedio mensual de 100 mil tarjetas emitidas equivale a la asombrosa tasa de entrega de <a href=\"https:\/\/www.eldigitaldeasturias.com\/noticias\/category\/economia\/\" target=\"_blank\" rel=\"noopener\"><span style=\"color: #ff6600;\">2 tarjetas de cr\u00e9dito por minuto<\/span><\/a>.<\/strong><\/p>\n<figure id=\"attachment_8823\" aria-describedby=\"caption-attachment-8823\" style=\"width: 995px\" class=\"wp-caption aligncenter\"><img fetchpriority=\"high\" decoding=\"async\" class=\"size-full wp-image-8823\" src=\"https:\/\/eldigitaldeasturias.com\/radio\/wp-content\/uploads\/2024\/03\/Tarjeta-Mercado-Pago.jpg\" alt=\"Tarjeta Mercado Pago\" width=\"995\" height=\"656\" srcset=\"https:\/\/eldigitaldeasturias.com\/radio\/wp-content\/uploads\/2024\/03\/Tarjeta-Mercado-Pago.jpg 995w, https:\/\/eldigitaldeasturias.com\/radio\/wp-content\/uploads\/2024\/03\/Tarjeta-Mercado-Pago-360x237.jpg 360w, https:\/\/eldigitaldeasturias.com\/radio\/wp-content\/uploads\/2024\/03\/Tarjeta-Mercado-Pago-650x429.jpg 650w, https:\/\/eldigitaldeasturias.com\/radio\/wp-content\/uploads\/2024\/03\/Tarjeta-Mercado-Pago-768x506.jpg 768w, https:\/\/eldigitaldeasturias.com\/radio\/wp-content\/uploads\/2024\/03\/Tarjeta-Mercado-Pago-150x99.jpg 150w, https:\/\/eldigitaldeasturias.com\/radio\/wp-content\/uploads\/2024\/03\/Tarjeta-Mercado-Pago-450x297.jpg 450w\" sizes=\"(max-width: 995px) 100vw, 995px\" \/><figcaption id=\"caption-attachment-8823\" class=\"wp-caption-text\">NotiPress &#8211; MELIXP 2023 Gustavo Torres (NotiPress)<\/figcaption><\/figure>\n<p>Pedro Rivas, director general de Mercado Pago, expres\u00f3 su gratitud por la respuesta positiva de los usuarios, destacando el aumento en la velocidad de aprobaci\u00f3n como un gesto de confianza hacia los clientes. <strong>Mercado Pago distribuye sus tarjetas de cr\u00e9dito en cada uno de los estados de M\u00e9xico. Adem\u00e1s, al ser la segunda aplicaci\u00f3n m\u00e1s utilizada en servicios financieros, est\u00e1 presente en un impresionante 98% de los municipios del pa\u00eds, inform\u00f3 la empresa a trav\u00e9s de comunicado.<\/strong><\/p>\n<p><strong>\u00abEstamos celebrando con nuestro socio Mercado Pago este hito que sin duda contribuye a la transformaci\u00f3n digital de nuestro pa\u00eds\u00bb, destac\u00f3 Luz Adriana Ram\u00edrez, directora general de Visa M\u00e9xico.<\/strong> \u00abPrincipalmente es una herramienta para la inclusi\u00f3n de usuarios y emprendedores que da acceso a los numerosos beneficios que ofrece esta plataforma y a un medio de pago confiable y conveniente\u00bb, agreg\u00f3.<\/p>\n<p>La tarjeta de cr\u00e9dito est\u00e1 disponible para solicitar a trav\u00e9s de la aplicaci\u00f3n para cualquier individuo interesado y <strong>no incluye cargos anuales ni tarifas por reemplazo asociadas con esta tarjeta<\/strong>. Adem\u00e1s, la tarjeta de Mercado Pago ofrece beneficios como pagos a plazos sin intereses y descuentos adicionales durante eventos como Hot Sale y Buen Fin en la tienda de Mercado Libre.<\/p>\n<p>Jos\u00e9 Maceda, director de cr\u00e9ditos de Mercado Pago, enfatiz\u00f3 el compromiso de la <span style=\"color: #ff6600;\"><a style=\"color: #ff6600;\" href=\"https:\/\/eldigitaldeasturias.com\/radio\/category\/negocios\/\"><strong>empresa<\/strong><\/a><\/span> con la inclusi\u00f3n financiera y la responsabilidad de ofrecer productos adaptados a las necesidades de los usuarios. Seg\u00fan cifras de la Comisi\u00f3n Nacional Bancaria y de Valores (CNBV) y el INEGI, la demanda de tarjetas de cr\u00e9dito en M\u00e9xico sigue siendo alta. Esto refuerza la importancia de iniciativas como esta en el panorama financiero nacional, destac\u00f3 Mercado Pago.<\/p>\n<p>Por Regina Rodriguez \/ NotiPress<\/p>\n","protected":false},"excerpt":{"rendered":"<p>Mercado Pago y Visa han anunciado que su tarjeta de cr\u00e9dito ha superado el mill\u00f3n de tarjetas emitidas en 10 meses desde su lanzamiento en mayo de 2023. El promedio mensual de 100 mil tarjetas emitidas equivale a la asombrosa tasa de entrega de 2 tarjetas de cr\u00e9dito por minuto. Pedro Rivas, director general de<\/p>\n","protected":false},"author":1,"featured_media":8823,"comment_status":"closed","ping_status":"closed","sticky":false,"template":"","format":"standard","meta":{"footnotes":""},"categories":[35],"tags":[43],"class_list":{"0":"post-8822","1":"post","2":"type-post","3":"status-publish","4":"format-standard","5":"has-post-thumbnail","7":"category-negocios","8":"tag-empresas"},"aioseo_notices":[],"aioseo_head":"\n\t\t<!-- All in One SEO Pro 4.9.6.2 - aioseo.com -->\n\t<meta name=\"description\" content=\"Mercado Pago y Visa han anunciado que su tarjeta de cr\u00e9dito ha superado el mill\u00f3n de tarjetas emitidas en 10 meses desde su lanzamiento en mayo de 2023. El\" \/>\n\t<meta name=\"robots\" content=\"max-image-preview:large\" \/>\n\t<meta name=\"author\" content=\"NBAsturias\"\/>\n\t<meta name=\"google-site-verification\" content=\"UA-38556648-1\" \/>\n\t<meta name=\"keywords\" content=\"negocios\" \/>\n\t<link rel=\"canonical\" href=\"https:\/\/eldigitaldeasturias.com\/radio\/el-exito-de-la-tarjeta-de-mercado-pago\/\" \/>\n\t<meta name=\"generator\" content=\"All in One SEO Pro (AIOSEO) 4.9.6.2\" \/>\n\t\t<meta property=\"og:locale\" content=\"es_ES\" \/>\n\t\t<meta property=\"og:site_name\" content=\"El Digital de Asturias | Diario de informaci\u00f3n y noticias\" \/>\n\t\t<meta property=\"og:type\" content=\"article\" \/>\n\t\t<meta property=\"og:title\" content=\"El \u00e9xito de la tarjeta de Mercado Pago | El Digital de Asturias\" \/>\n\t\t<meta property=\"og:description\" content=\"Mercado Pago y Visa han anunciado que su tarjeta de cr\u00e9dito ha superado el mill\u00f3n de tarjetas emitidas en 10 meses desde su lanzamiento en mayo de 2023. El\" \/>\n\t\t<meta property=\"og:url\" content=\"https:\/\/eldigitaldeasturias.com\/radio\/el-exito-de-la-tarjeta-de-mercado-pago\/\" \/>\n\t\t<meta property=\"og:image\" content=\"https:\/\/eldigitaldeasturias.com\/radio\/wp-content\/uploads\/2024\/03\/Tarjeta-Mercado-Pago.jpg\" \/>\n\t\t<meta property=\"og:image:secure_url\" content=\"https:\/\/eldigitaldeasturias.com\/radio\/wp-content\/uploads\/2024\/03\/Tarjeta-Mercado-Pago.jpg\" \/>\n\t\t<meta property=\"og:image:width\" content=\"995\" \/>\n\t\t<meta property=\"og:image:height\" content=\"656\" \/>\n\t\t<meta property=\"article:published_time\" content=\"2024-03-28T09:35:28+00:00\" \/>\n\t\t<meta property=\"article:modified_time\" content=\"2024-03-28T09:35:28+00:00\" \/>\n\t\t<meta name=\"twitter:card\" content=\"summary_large_image\" \/>\n\t\t<meta name=\"twitter:site\" content=\"@bercodi\" \/>\n\t\t<meta name=\"twitter:title\" content=\"El \u00e9xito de la tarjeta de Mercado Pago | El Digital de Asturias\" \/>\n\t\t<meta name=\"twitter:description\" content=\"Mercado Pago y Visa han anunciado que su tarjeta de cr\u00e9dito ha superado el mill\u00f3n de tarjetas emitidas en 10 meses desde su lanzamiento en mayo de 2023. El\" \/>\n\t\t<meta name=\"twitter:creator\" content=\"@bercodi\" \/>\n\t\t<meta name=\"twitter:image\" content=\"https:\/\/eldigitaldeasturias.com\/radio\/wp-content\/uploads\/2024\/03\/Tarjeta-Mercado-Pago.jpg\" \/>\n\t\t<script type=\"application\/ld+json\" class=\"aioseo-schema\">\n\t\t\t{\"@context\":\"https:\\\/\\\/schema.org\",\"@graph\":[{\"@type\":\"BreadcrumbList\",\"@id\":\"https:\\\/\\\/eldigitaldeasturias.com\\\/radio\\\/el-exito-de-la-tarjeta-de-mercado-pago\\\/#breadcrumblist\",\"itemListElement\":[{\"@type\":\"ListItem\",\"@id\":\"https:\\\/\\\/eldigitaldeasturias.com\\\/radio#listItem\",\"position\":1,\"name\":\"Inicio\",\"item\":\"https:\\\/\\\/eldigitaldeasturias.com\\\/radio\",\"nextItem\":{\"@type\":\"ListItem\",\"@id\":\"https:\\\/\\\/eldigitaldeasturias.com\\\/radio\\\/category\\\/negocios\\\/#listItem\",\"name\":\"Negocios\"}},{\"@type\":\"ListItem\",\"@id\":\"https:\\\/\\\/eldigitaldeasturias.com\\\/radio\\\/category\\\/negocios\\\/#listItem\",\"position\":2,\"name\":\"Negocios\",\"item\":\"https:\\\/\\\/eldigitaldeasturias.com\\\/radio\\\/category\\\/negocios\\\/\",\"nextItem\":{\"@type\":\"ListItem\",\"@id\":\"https:\\\/\\\/eldigitaldeasturias.com\\\/radio\\\/el-exito-de-la-tarjeta-de-mercado-pago\\\/#listItem\",\"name\":\"El \\u00e9xito de la tarjeta de Mercado Pago\"},\"previousItem\":{\"@type\":\"ListItem\",\"@id\":\"https:\\\/\\\/eldigitaldeasturias.com\\\/radio#listItem\",\"name\":\"Inicio\"}},{\"@type\":\"ListItem\",\"@id\":\"https:\\\/\\\/eldigitaldeasturias.com\\\/radio\\\/el-exito-de-la-tarjeta-de-mercado-pago\\\/#listItem\",\"position\":3,\"name\":\"El \\u00e9xito de la tarjeta de Mercado Pago\",\"previousItem\":{\"@type\":\"ListItem\",\"@id\":\"https:\\\/\\\/eldigitaldeasturias.com\\\/radio\\\/category\\\/negocios\\\/#listItem\",\"name\":\"Negocios\"}}]},{\"@type\":\"NewsArticle\",\"@id\":\"https:\\\/\\\/eldigitaldeasturias.com\\\/radio\\\/el-exito-de-la-tarjeta-de-mercado-pago\\\/#newsarticle\",\"name\":\"El \\u00e9xito de la tarjeta de Mercado Pago | El Digital de Asturias\",\"headline\":\"El \\u00e9xito de la tarjeta de Mercado Pago\",\"author\":{\"@id\":\"https:\\\/\\\/eldigitaldeasturias.com\\\/radio\\\/author\\\/nbasturias\\\/#author\"},\"publisher\":{\"@id\":\"https:\\\/\\\/eldigitaldeasturias.com\\\/radio\\\/#organization\"},\"image\":{\"@type\":\"ImageObject\",\"url\":\"https:\\\/\\\/eldigitaldeasturias.com\\\/radio\\\/wp-content\\\/uploads\\\/2024\\\/03\\\/Tarjeta-Mercado-Pago.jpg\",\"width\":995,\"height\":656,\"caption\":\"NotiPress - MELIXP 2023 Gustavo Torres (NotiPress)\"},\"datePublished\":\"2024-03-28T10:35:28+01:00\",\"dateModified\":\"2024-03-28T10:35:28+01:00\",\"inLanguage\":\"es-ES\",\"mainEntityOfPage\":{\"@id\":\"https:\\\/\\\/eldigitaldeasturias.com\\\/radio\\\/el-exito-de-la-tarjeta-de-mercado-pago\\\/#webpage\"},\"isPartOf\":{\"@id\":\"https:\\\/\\\/eldigitaldeasturias.com\\\/radio\\\/el-exito-de-la-tarjeta-de-mercado-pago\\\/#webpage\"},\"articleSection\":\"Negocios, empresas\",\"dateline\":\"Publicado el marzo 28, 2024.\"},{\"@type\":\"Organization\",\"@id\":\"https:\\\/\\\/eldigitaldeasturias.com\\\/radio\\\/#organization\",\"name\":\"El digital de Asturias Radio\",\"description\":\"Diario de informaci\\u00f3n y noticias\",\"url\":\"https:\\\/\\\/eldigitaldeasturias.com\\\/radio\\\/\",\"telephone\":\"+34652131393\",\"logo\":{\"@type\":\"ImageObject\",\"url\":\"https:\\\/\\\/www.eldigitaldeasturias.com\\\/radio\\\/wp-content\\\/uploads\\\/2021\\\/03\\\/EDA.jpg\",\"@id\":\"https:\\\/\\\/eldigitaldeasturias.com\\\/radio\\\/el-exito-de-la-tarjeta-de-mercado-pago\\\/#organizationLogo\"},\"image\":{\"@id\":\"https:\\\/\\\/eldigitaldeasturias.com\\\/radio\\\/el-exito-de-la-tarjeta-de-mercado-pago\\\/#organizationLogo\"},\"sameAs\":[\"https:\\\/\\\/www.facebook.com\\\/\",\"https:\\\/\\\/x.com\\\/bercodi\",\"https:\\\/\\\/www.instagram.com\\\/\",\"https:\\\/\\\/www.youtube.com\\\/channel\\\/UCZP-2wLEB9Rv6erhFmqVnvg\"]},{\"@type\":\"Person\",\"@id\":\"https:\\\/\\\/eldigitaldeasturias.com\\\/radio\\\/author\\\/nbasturias\\\/#author\",\"url\":\"https:\\\/\\\/eldigitaldeasturias.com\\\/radio\\\/author\\\/nbasturias\\\/\",\"name\":\"NBAsturias\",\"image\":{\"@type\":\"ImageObject\",\"@id\":\"https:\\\/\\\/eldigitaldeasturias.com\\\/radio\\\/el-exito-de-la-tarjeta-de-mercado-pago\\\/#authorImage\",\"url\":\"https:\\\/\\\/secure.gravatar.com\\\/avatar\\\/df2aeffc32bcd13f8d26072ef8a91b623d677766deac7f97ca815868cd41bf5e?s=96&d=mm&r=g\",\"width\":96,\"height\":96,\"caption\":\"NBAsturias\"}},{\"@type\":\"WebPage\",\"@id\":\"https:\\\/\\\/eldigitaldeasturias.com\\\/radio\\\/el-exito-de-la-tarjeta-de-mercado-pago\\\/#webpage\",\"url\":\"https:\\\/\\\/eldigitaldeasturias.com\\\/radio\\\/el-exito-de-la-tarjeta-de-mercado-pago\\\/\",\"name\":\"El \\u00e9xito de la tarjeta de Mercado Pago | El Digital de Asturias\",\"description\":\"Mercado Pago y Visa han anunciado que su tarjeta de cr\\u00e9dito ha superado el mill\\u00f3n de tarjetas emitidas en 10 meses desde su lanzamiento en mayo de 2023. El\",\"inLanguage\":\"es-ES\",\"isPartOf\":{\"@id\":\"https:\\\/\\\/eldigitaldeasturias.com\\\/radio\\\/#website\"},\"breadcrumb\":{\"@id\":\"https:\\\/\\\/eldigitaldeasturias.com\\\/radio\\\/el-exito-de-la-tarjeta-de-mercado-pago\\\/#breadcrumblist\"},\"author\":{\"@id\":\"https:\\\/\\\/eldigitaldeasturias.com\\\/radio\\\/author\\\/nbasturias\\\/#author\"},\"creator\":{\"@id\":\"https:\\\/\\\/eldigitaldeasturias.com\\\/radio\\\/author\\\/nbasturias\\\/#author\"},\"image\":{\"@type\":\"ImageObject\",\"url\":\"https:\\\/\\\/eldigitaldeasturias.com\\\/radio\\\/wp-content\\\/uploads\\\/2024\\\/03\\\/Tarjeta-Mercado-Pago.jpg\",\"@id\":\"https:\\\/\\\/eldigitaldeasturias.com\\\/radio\\\/el-exito-de-la-tarjeta-de-mercado-pago\\\/#mainImage\",\"width\":995,\"height\":656,\"caption\":\"NotiPress - MELIXP 2023 Gustavo Torres (NotiPress)\"},\"primaryImageOfPage\":{\"@id\":\"https:\\\/\\\/eldigitaldeasturias.com\\\/radio\\\/el-exito-de-la-tarjeta-de-mercado-pago\\\/#mainImage\"},\"datePublished\":\"2024-03-28T10:35:28+01:00\",\"dateModified\":\"2024-03-28T10:35:28+01:00\"},{\"@type\":\"WebSite\",\"@id\":\"https:\\\/\\\/eldigitaldeasturias.com\\\/radio\\\/#website\",\"url\":\"https:\\\/\\\/eldigitaldeasturias.com\\\/radio\\\/\",\"name\":\"El Digital de Asturias\",\"description\":\"Diario de informaci\\u00f3n y noticias\",\"inLanguage\":\"es-ES\",\"publisher\":{\"@id\":\"https:\\\/\\\/eldigitaldeasturias.com\\\/radio\\\/#organization\"}}]}\n\t\t<\/script>\n\t\t<!-- All in One SEO Pro -->\r\n\t\t<title>El \u00e9xito de la tarjeta de Mercado Pago | El Digital de Asturias<\/title>\n\n","aioseo_head_json":{"title":"El \u00e9xito de la tarjeta de Mercado Pago | El Digital de Asturias","description":"Mercado Pago y Visa han anunciado que su tarjeta de cr\u00e9dito ha superado el mill\u00f3n de tarjetas emitidas en 10 meses desde su lanzamiento en mayo de 2023. El","canonical_url":"https:\/\/eldigitaldeasturias.com\/radio\/el-exito-de-la-tarjeta-de-mercado-pago\/","robots":"max-image-preview:large","keywords":"negocios","webmasterTools":{"google-site-verification":"UA-38556648-1","miscellaneous":""},"schema":{"@context":"https:\/\/schema.org","@graph":[{"@type":"BreadcrumbList","@id":"https:\/\/eldigitaldeasturias.com\/radio\/el-exito-de-la-tarjeta-de-mercado-pago\/#breadcrumblist","itemListElement":[{"@type":"ListItem","@id":"https:\/\/eldigitaldeasturias.com\/radio#listItem","position":1,"name":"Inicio","item":"https:\/\/eldigitaldeasturias.com\/radio","nextItem":{"@type":"ListItem","@id":"https:\/\/eldigitaldeasturias.com\/radio\/category\/negocios\/#listItem","name":"Negocios"}},{"@type":"ListItem","@id":"https:\/\/eldigitaldeasturias.com\/radio\/category\/negocios\/#listItem","position":2,"name":"Negocios","item":"https:\/\/eldigitaldeasturias.com\/radio\/category\/negocios\/","nextItem":{"@type":"ListItem","@id":"https:\/\/eldigitaldeasturias.com\/radio\/el-exito-de-la-tarjeta-de-mercado-pago\/#listItem","name":"El \u00e9xito de la tarjeta de Mercado Pago"},"previousItem":{"@type":"ListItem","@id":"https:\/\/eldigitaldeasturias.com\/radio#listItem","name":"Inicio"}},{"@type":"ListItem","@id":"https:\/\/eldigitaldeasturias.com\/radio\/el-exito-de-la-tarjeta-de-mercado-pago\/#listItem","position":3,"name":"El \u00e9xito de la tarjeta de Mercado Pago","previousItem":{"@type":"ListItem","@id":"https:\/\/eldigitaldeasturias.com\/radio\/category\/negocios\/#listItem","name":"Negocios"}}]},{"@type":"NewsArticle","@id":"https:\/\/eldigitaldeasturias.com\/radio\/el-exito-de-la-tarjeta-de-mercado-pago\/#newsarticle","name":"El \u00e9xito de la tarjeta de Mercado Pago | El Digital de Asturias","headline":"El \u00e9xito de la tarjeta de Mercado Pago","author":{"@id":"https:\/\/eldigitaldeasturias.com\/radio\/author\/nbasturias\/#author"},"publisher":{"@id":"https:\/\/eldigitaldeasturias.com\/radio\/#organization"},"image":{"@type":"ImageObject","url":"https:\/\/eldigitaldeasturias.com\/radio\/wp-content\/uploads\/2024\/03\/Tarjeta-Mercado-Pago.jpg","width":995,"height":656,"caption":"NotiPress - MELIXP 2023 Gustavo Torres (NotiPress)"},"datePublished":"2024-03-28T10:35:28+01:00","dateModified":"2024-03-28T10:35:28+01:00","inLanguage":"es-ES","mainEntityOfPage":{"@id":"https:\/\/eldigitaldeasturias.com\/radio\/el-exito-de-la-tarjeta-de-mercado-pago\/#webpage"},"isPartOf":{"@id":"https:\/\/eldigitaldeasturias.com\/radio\/el-exito-de-la-tarjeta-de-mercado-pago\/#webpage"},"articleSection":"Negocios, empresas","dateline":"Publicado el marzo 28, 2024."},{"@type":"Organization","@id":"https:\/\/eldigitaldeasturias.com\/radio\/#organization","name":"El digital de Asturias Radio","description":"Diario de informaci\u00f3n y noticias","url":"https:\/\/eldigitaldeasturias.com\/radio\/","telephone":"+34652131393","logo":{"@type":"ImageObject","url":"https:\/\/www.eldigitaldeasturias.com\/radio\/wp-content\/uploads\/2021\/03\/EDA.jpg","@id":"https:\/\/eldigitaldeasturias.com\/radio\/el-exito-de-la-tarjeta-de-mercado-pago\/#organizationLogo"},"image":{"@id":"https:\/\/eldigitaldeasturias.com\/radio\/el-exito-de-la-tarjeta-de-mercado-pago\/#organizationLogo"},"sameAs":["https:\/\/www.facebook.com\/","https:\/\/x.com\/bercodi","https:\/\/www.instagram.com\/","https:\/\/www.youtube.com\/channel\/UCZP-2wLEB9Rv6erhFmqVnvg"]},{"@type":"Person","@id":"https:\/\/eldigitaldeasturias.com\/radio\/author\/nbasturias\/#author","url":"https:\/\/eldigitaldeasturias.com\/radio\/author\/nbasturias\/","name":"NBAsturias","image":{"@type":"ImageObject","@id":"https:\/\/eldigitaldeasturias.com\/radio\/el-exito-de-la-tarjeta-de-mercado-pago\/#authorImage","url":"https:\/\/secure.gravatar.com\/avatar\/df2aeffc32bcd13f8d26072ef8a91b623d677766deac7f97ca815868cd41bf5e?s=96&d=mm&r=g","width":96,"height":96,"caption":"NBAsturias"}},{"@type":"WebPage","@id":"https:\/\/eldigitaldeasturias.com\/radio\/el-exito-de-la-tarjeta-de-mercado-pago\/#webpage","url":"https:\/\/eldigitaldeasturias.com\/radio\/el-exito-de-la-tarjeta-de-mercado-pago\/","name":"El \u00e9xito de la tarjeta de Mercado Pago | El Digital de Asturias","description":"Mercado Pago y Visa han anunciado que su tarjeta de cr\u00e9dito ha superado el mill\u00f3n de tarjetas emitidas en 10 meses desde su lanzamiento en mayo de 2023. El","inLanguage":"es-ES","isPartOf":{"@id":"https:\/\/eldigitaldeasturias.com\/radio\/#website"},"breadcrumb":{"@id":"https:\/\/eldigitaldeasturias.com\/radio\/el-exito-de-la-tarjeta-de-mercado-pago\/#breadcrumblist"},"author":{"@id":"https:\/\/eldigitaldeasturias.com\/radio\/author\/nbasturias\/#author"},"creator":{"@id":"https:\/\/eldigitaldeasturias.com\/radio\/author\/nbasturias\/#author"},"image":{"@type":"ImageObject","url":"https:\/\/eldigitaldeasturias.com\/radio\/wp-content\/uploads\/2024\/03\/Tarjeta-Mercado-Pago.jpg","@id":"https:\/\/eldigitaldeasturias.com\/radio\/el-exito-de-la-tarjeta-de-mercado-pago\/#mainImage","width":995,"height":656,"caption":"NotiPress - MELIXP 2023 Gustavo Torres (NotiPress)"},"primaryImageOfPage":{"@id":"https:\/\/eldigitaldeasturias.com\/radio\/el-exito-de-la-tarjeta-de-mercado-pago\/#mainImage"},"datePublished":"2024-03-28T10:35:28+01:00","dateModified":"2024-03-28T10:35:28+01:00"},{"@type":"WebSite","@id":"https:\/\/eldigitaldeasturias.com\/radio\/#website","url":"https:\/\/eldigitaldeasturias.com\/radio\/","name":"El Digital de Asturias","description":"Diario de informaci\u00f3n y noticias","inLanguage":"es-ES","publisher":{"@id":"https:\/\/eldigitaldeasturias.com\/radio\/#organization"}}]},"og:locale":"es_ES","og:site_name":"El Digital de Asturias | Diario de informaci\u00f3n y noticias","og:type":"article","og:title":"El \u00e9xito de la tarjeta de Mercado Pago | El Digital de Asturias","og:description":"Mercado Pago y Visa han anunciado que su tarjeta de cr\u00e9dito ha superado el mill\u00f3n de tarjetas emitidas en 10 meses desde su lanzamiento en mayo de 2023. El","og:url":"https:\/\/eldigitaldeasturias.com\/radio\/el-exito-de-la-tarjeta-de-mercado-pago\/","og:image":"https:\/\/eldigitaldeasturias.com\/radio\/wp-content\/uploads\/2024\/03\/Tarjeta-Mercado-Pago.jpg","og:image:secure_url":"https:\/\/eldigitaldeasturias.com\/radio\/wp-content\/uploads\/2024\/03\/Tarjeta-Mercado-Pago.jpg","og:image:width":995,"og:image:height":656,"article:published_time":"2024-03-28T09:35:28+00:00","article:modified_time":"2024-03-28T09:35:28+00:00","twitter:card":"summary_large_image","twitter:site":"@bercodi","twitter:title":"El \u00e9xito de la tarjeta de Mercado Pago | El Digital de Asturias","twitter:description":"Mercado Pago y Visa han anunciado que su tarjeta de cr\u00e9dito ha superado el mill\u00f3n de tarjetas emitidas en 10 meses desde su lanzamiento en mayo de 2023. El","twitter:creator":"@bercodi","twitter:image":"https:\/\/eldigitaldeasturias.com\/radio\/wp-content\/uploads\/2024\/03\/Tarjeta-Mercado-Pago.jpg"},"aioseo_meta_data":{"post_id":"8822","title":null,"description":"Mercado Pago y Visa han anunciado que su tarjeta de cr\u00e9dito ha superado el mill\u00f3n de tarjetas emitidas en 10 meses desde su lanzamiento en mayo de 2023. El","keywords":[],"keyphrases":{"focus":{"keyphrase":"Mercado Pago","score":93,"analysis":{"keyphraseInTitle":{"score":9,"maxScore":9,"error":0},"keyphraseInDescription":{"score":9,"maxScore":9,"error":0},"keyphraseLength":{"score":9,"maxScore":9,"error":0,"length":2},"keyphraseInURL":{"score":1,"maxScore":5,"error":1},"keyphraseInIntroduction":{"score":9,"maxScore":9,"error":0},"keyphraseInSubHeadings":[],"keyphraseInImageAlt":{"score":9,"maxScore":9,"error":0},"keywordDensity":{"type":"best","score":9,"maxScore":9,"error":0}}},"additional":[{"keyphrase":"Mercado Pago","score":100,"analysis":{"keyphraseInDescription":{"score":9,"maxScore":9,"error":0},"keyphraseLength":{"score":9,"maxScore":9,"error":0,"length":2},"keyphraseInIntroduction":{"score":9,"maxScore":9,"error":0},"keyphraseInImageAlt":{"score":9,"maxScore":9,"error":0},"keywordDensity":{"type":"best","score":9,"maxScore":9,"error":0}}}]},"primary_term":null,"canonical_url":null,"og_title":null,"og_description":null,"og_object_type":"default","og_image_type":"default","og_image_url":null,"og_image_width":null,"og_image_height":null,"og_image_custom_url":null,"og_image_custom_fields":null,"og_video":"","og_custom_url":null,"og_article_section":null,"og_article_tags":[],"twitter_use_og":false,"twitter_card":"default","twitter_image_type":"default","twitter_image_url":null,"twitter_image_custom_url":null,"twitter_image_custom_fields":null,"twitter_title":null,"twitter_description":null,"schema":{"blockGraphs":[],"customGraphs":[],"default":{"data":{"Article":[],"Course":[],"Dataset":[],"FAQPage":[],"Movie":[],"Person":[],"Product":[],"ProductReview":[],"Car":[],"Recipe":[],"Service":[],"SoftwareApplication":[],"WebPage":[]},"graphName":"NewsArticle","isEnabled":true},"graphs":[]},"schema_type":"default","schema_type_options":null,"pillar_content":false,"robots_default":true,"robots_noindex":false,"robots_noarchive":false,"robots_nosnippet":false,"robots_nofollow":false,"robots_noimageindex":false,"robots_noodp":false,"robots_notranslate":false,"robots_max_snippet":"-1","robots_max_videopreview":"-1","robots_max_imagepreview":"large","priority":null,"frequency":"default","location":null,"local_seo":null,"seo_analyzer_scan_date":"2025-08-28 22:26:27","breadcrumb_settings":null,"limit_modified_date":false,"open_ai":"{\"title\":{\"suggestions\":[],\"usage\":0},\"description\":{\"suggestions\":[],\"usage\":0}}","ai":null,"created":"2024-03-28 09:28:03","updated":"2025-08-28 22:26:27"},"aioseo_breadcrumb":"<div class=\"aioseo-breadcrumbs\"><span class=\"aioseo-breadcrumb\">\n\t<a href=\"https:\/\/eldigitaldeasturias.com\/radio\" title=\"Inicio\">Inicio<\/a>\n<\/span><span class=\"aioseo-breadcrumb-separator\">&ndash;<\/span><span class=\"aioseo-breadcrumb\">\n\t<a href=\"https:\/\/eldigitaldeasturias.com\/radio\/category\/negocios\/\" title=\"Negocios\">Negocios<\/a>\n<\/span><span class=\"aioseo-breadcrumb-separator\">&ndash;<\/span><span class=\"aioseo-breadcrumb\">\n\tEl \u00e9xito de la tarjeta de Mercado Pago\n<\/span><\/div>","aioseo_breadcrumb_json":[{"label":"Inicio","link":"https:\/\/eldigitaldeasturias.com\/radio"},{"label":"Negocios","link":"https:\/\/eldigitaldeasturias.com\/radio\/category\/negocios\/"},{"label":"El \u00e9xito de la tarjeta de Mercado Pago","link":"https:\/\/eldigitaldeasturias.com\/radio\/el-exito-de-la-tarjeta-de-mercado-pago\/"}],"_links":{"self":[{"href":"https:\/\/eldigitaldeasturias.com\/radio\/wp-json\/wp\/v2\/posts\/8822","targetHints":{"allow":["GET"]}}],"collection":[{"href":"https:\/\/eldigitaldeasturias.com\/radio\/wp-json\/wp\/v2\/posts"}],"about":[{"href":"https:\/\/eldigitaldeasturias.com\/radio\/wp-json\/wp\/v2\/types\/post"}],"author":[{"embeddable":true,"href":"https:\/\/eldigitaldeasturias.com\/radio\/wp-json\/wp\/v2\/users\/1"}],"replies":[{"embeddable":true,"href":"https:\/\/eldigitaldeasturias.com\/radio\/wp-json\/wp\/v2\/comments?post=8822"}],"version-history":[{"count":0,"href":"https:\/\/eldigitaldeasturias.com\/radio\/wp-json\/wp\/v2\/posts\/8822\/revisions"}],"wp:featuredmedia":[{"embeddable":true,"href":"https:\/\/eldigitaldeasturias.com\/radio\/wp-json\/wp\/v2\/media\/8823"}],"wp:attachment":[{"href":"https:\/\/eldigitaldeasturias.com\/radio\/wp-json\/wp\/v2\/media?parent=8822"}],"wp:term":[{"taxonomy":"category","embeddable":true,"href":"https:\/\/eldigitaldeasturias.com\/radio\/wp-json\/wp\/v2\/categories?post=8822"},{"taxonomy":"post_tag","embeddable":true,"href":"https:\/\/eldigitaldeasturias.com\/radio\/wp-json\/wp\/v2\/tags?post=8822"}],"curies":[{"name":"wp","href":"https:\/\/api.w.org\/{rel}","templated":true}]}}