{"id":8804,"date":"2024-03-21T09:03:45","date_gmt":"2024-03-21T08:03:45","guid":{"rendered":"https:\/\/eldigitaldeasturias.com\/radio\/?p=8804"},"modified":"2024-03-21T09:06:01","modified_gmt":"2024-03-21T08:06:01","slug":"tendencias-en-mamparas-para-un-cuarto-de-bano-minimalista","status":"publish","type":"post","link":"https:\/\/eldigitaldeasturias.com\/radio\/tendencias-en-mamparas-para-un-cuarto-de-bano-minimalista\/","title":{"rendered":"Tendencias en mamparas para un cuarto de ba\u00f1o minimalista"},"content":{"rendered":"<p>Para muchas personas el cuarto de ba\u00f1o es una de las estancias m\u00e1s importantes de la vivienda y gracias a las nuevas tendencias en mamparas de ba\u00f1o se puede disfrutar de la sencillez, reducir las horas que se dedican cada semana a la limpieza, sentir m\u00e1s amplitud y tambi\u00e9n m\u00e1s privacidad.<\/p>\n<figure id=\"attachment_8805\" aria-describedby=\"caption-attachment-8805\" style=\"width: 677px\" class=\"wp-caption aligncenter\"><img fetchpriority=\"high\" decoding=\"async\" class=\"size-full wp-image-8805\" src=\"https:\/\/eldigitaldeasturias.com\/radio\/wp-content\/uploads\/2024\/03\/mamparas-bano-minimalista.jpg\" alt=\"\" width=\"677\" height=\"518\" srcset=\"https:\/\/eldigitaldeasturias.com\/radio\/wp-content\/uploads\/2024\/03\/mamparas-bano-minimalista.jpg 677w, https:\/\/eldigitaldeasturias.com\/radio\/wp-content\/uploads\/2024\/03\/mamparas-bano-minimalista-360x275.jpg 360w, https:\/\/eldigitaldeasturias.com\/radio\/wp-content\/uploads\/2024\/03\/mamparas-bano-minimalista-627x480.jpg 627w, https:\/\/eldigitaldeasturias.com\/radio\/wp-content\/uploads\/2024\/03\/mamparas-bano-minimalista-150x115.jpg 150w, https:\/\/eldigitaldeasturias.com\/radio\/wp-content\/uploads\/2024\/03\/mamparas-bano-minimalista-450x344.jpg 450w\" sizes=\"(max-width: 677px) 100vw, 677px\" \/><figcaption id=\"caption-attachment-8805\" class=\"wp-caption-text\">Foto: .mamparaspremium.com<\/figcaption><\/figure>\n<p><strong>A la hora de elegir mamparas para un ba\u00f1o minimalista existen varias opciones y una de ellas es la <a title=\"mampara corredera\" href=\"https:\/\/www.mamparaspremium.com\/mamparas-correderas\/\" target=\"_blank\" rel=\"noopener\"><span style=\"color: #ff6600;\">mampara corredera<\/span><\/a><\/strong>, es una propuesta perfecta para todos los miembros de la familia gracias a su f\u00e1cil acceso, y son muy recomendables cuando convivimos con personas mayores o con problemas de movilidad.<\/p>\n<h2>\u00bfC\u00f3mo elegir las mejores mamparas?<\/h2>\n<p>Lo primero que debemos hacer es <strong>informarnos sobre las nuevas tendencias y tambi\u00e9n sobre su proceso de instalaci\u00f3n<\/strong>, caracter\u00edsticas y conocer las recomendaciones para una buena limpieza y mantenimiento, <strong>para ello te invitamos a visitar mamparaspremium.com una de las tiendas de referencia en el sector que te proporcionar\u00e1 Informaci\u00f3n, consejos y todos los detalles de cada tipo de mampara.<\/strong><\/p>\n<p>Tanto expertos, amigos o personas que cuenta con una mampara corredera destacan siempre su sencilla instalaci\u00f3n, acceso y limpieza; son la opci\u00f3n ideal para aquellos que buscan maximizar el espacio en su ba\u00f1o sin sacrificar el estilo ni la comodidad. <strong>Otro tipo de mampara que cada vez eligen m\u00e1s personas es la <a title=\"mampara abatible\" href=\"https:\/\/www.mamparaspremium.com\/mamparas-abatibles\/\" target=\"_blank\" rel=\"noopener\"><span style=\"color: #ff6600;\">mampara abatible<\/span><\/a><\/strong>\u00a0tambi\u00e9n ofrece un acceso f\u00e1cil y seguro a la ducha a las personas mayores y no tan mayores<strong>, es una muy buena opci\u00f3n\u00a0para aprovechar al m\u00e1ximo el espacio disponible en el ba\u00f1o, pues no necesita un espacio adicional para abrir las puertas y sin duda son perfectas para ba\u00f1os peque\u00f1os o con distribuciones complicadas.<\/strong><\/p>\n<p>A la hora de elegir una mampara para un ba\u00f1o minimalista hay varios factores a tener en cuenta. <strong>Uno de ellos es el tama\u00f1o y la distribuci\u00f3n del ba\u00f1o, y por tanto tambi\u00e9n es interesante conocer las ventajas de la<a title=\"mampara plegable\" href=\"https:\/\/www.mamparaspremium.com\/mamparas-plegables\/\" target=\"_blank\" rel=\"noopener\"><span style=\"color: #ff6600;\"> mampara plegable<\/span><\/a>.<\/strong><\/p>\n<h3>Aprovechando mejor los espacios<\/h3>\n<p><strong>Un ba\u00f1o m\u00e1s peque\u00f1o puede ser m\u00e1s atractivo y funcional con una <a title=\"mampara de ducha corredera sin perfiles\" href=\"https:\/\/www.mamparaspremium.com\/product-tag\/mamparas-correderas-sin-perfiles\/\" target=\"_blank\" rel=\"noopener\"><span style=\"color: #ff6600;\">mampara de ducha corredera sin perfiles<\/span><\/a><\/strong>. Seg\u00fan los expertos cuentan con sistemas de ducha o ba\u00f1o que ofrecen una apariencia minimalista al eliminar los marcos tradicionales y eso ayuda a crear una sensaci\u00f3n de m\u00e1s amplitud y aporta un extra de elegancia al ba\u00f1o. <strong>Combinadas con una buena iluminaci\u00f3n, colores que sean relajantes y con peque\u00f1os muebles o estantes para tener a mano accesorios de higiene personal o ropa son un buen complemento para la casa.<\/strong><\/p>\n<h2>Mantenimiento y m\u00e1s calidad de vida<\/h2>\n<p>A todas las personas les gusta que la vida sea sencilla, estar tranquilos, disponer de nuevas opciones para disfrutar del hogar y aportar seguridad a la familia, y tambi\u00e9n les gusta cuidar de todo aquello que van adquiriendo para el hogar, la limpieza y el mantenimiento de las mamparas adem\u00e1s de tener efectos positivos para la salud, tambi\u00e9n har\u00e1n que la inversi\u00f3n realizada sea rentable a medio y largo plazo.<strong> Sentir que el ba\u00f1o es m\u00e1s amplio se podr\u00e1 disfrutar de una relajante ducha antes de comenzar el d\u00eda, despu\u00e9s de una jornada de deporte o trabajo, e incluso ayudar o supervisar, en el caso de que sea necesario la correcta higiene de otros miembros de la familia. A las personas les gusta sentirse seguras mientras se duchan o disfrutan de un ba\u00f1o.<\/strong><\/p>\n<h3>Las mejores mamparas a tu alcance<\/h3>\n<p>En el caso de que est\u00e9s pensando en realizar una reforma en la casa o segunda residencia, tengas a tu cargo a personas mayores o ni\u00f1os y quieras mejorar su seguridad y tranquilidad a la hora de acceder a la cucha, y adem\u00e1s quieras darle un toque m\u00e1s personal a tu ba\u00f1o no lo dudes y <strong>ponte en contacto con los profesionales de Mamparas Premium<\/strong>, <strong>las buenas referencias de sus clientes y su asesoramiento personalizado te ser\u00e1n de mucha ayuda<\/strong> para elegir una alternativa c\u00f3moda, segura y eficaz para la renovaci\u00f3n del ba\u00f1o o para crear uno nuevo. <strong>Invertir en hogar siempre es hacerlo tambi\u00e9n en calidad de vida para ti y para los tuyos.<\/strong><\/p>\n","protected":false},"excerpt":{"rendered":"<p>Para muchas personas el cuarto de ba\u00f1o es una de las estancias m\u00e1s importantes de la vivienda y gracias a las nuevas tendencias en mamparas de ba\u00f1o se puede disfrutar de la sencillez, reducir las horas que se dedican cada semana a la limpieza, sentir m\u00e1s amplitud y tambi\u00e9n m\u00e1s privacidad. A la hora de<\/p>\n","protected":false},"author":1,"featured_media":8805,"comment_status":"closed","ping_status":"closed","sticky":false,"template":"","format":"standard","meta":{"footnotes":""},"categories":[38],"tags":[102],"class_list":{"0":"post-8804","1":"post","2":"type-post","3":"status-publish","4":"format-standard","5":"has-post-thumbnail","7":"category-live","8":"tag-hogar"},"aioseo_notices":[],"aioseo_head":"\n\t\t<!-- All in One SEO Pro 4.9.6.2 - aioseo.com -->\n\t<meta name=\"description\" content=\"Para muchas personas el cuarto de ba\u00f1o es una de las estancias m\u00e1s importantes de la vivienda y gracias a las nuevas tendencias en mamparas de ba\u00f1o se puede\" \/>\n\t<meta name=\"robots\" content=\"max-image-preview:large\" \/>\n\t<meta name=\"author\" content=\"NBAsturias\"\/>\n\t<meta name=\"google-site-verification\" content=\"UA-38556648-1\" \/>\n\t<meta name=\"keywords\" content=\"live\" \/>\n\t<link rel=\"canonical\" href=\"https:\/\/eldigitaldeasturias.com\/radio\/tendencias-en-mamparas-para-un-cuarto-de-bano-minimalista\/\" \/>\n\t<meta name=\"generator\" content=\"All in One SEO Pro (AIOSEO) 4.9.6.2\" \/>\n\t\t<meta property=\"og:locale\" content=\"es_ES\" \/>\n\t\t<meta property=\"og:site_name\" content=\"El Digital de Asturias | Diario de informaci\u00f3n y noticias\" \/>\n\t\t<meta property=\"og:type\" content=\"article\" \/>\n\t\t<meta property=\"og:title\" content=\"Tendencias en mamparas para un cuarto de ba\u00f1o minimalista | El Digital de Asturias\" \/>\n\t\t<meta property=\"og:description\" content=\"Para muchas personas el cuarto de ba\u00f1o es una de las estancias m\u00e1s importantes de la vivienda y gracias a las nuevas tendencias en mamparas de ba\u00f1o se puede\" \/>\n\t\t<meta property=\"og:url\" content=\"https:\/\/eldigitaldeasturias.com\/radio\/tendencias-en-mamparas-para-un-cuarto-de-bano-minimalista\/\" \/>\n\t\t<meta property=\"og:image\" content=\"https:\/\/eldigitaldeasturias.com\/radio\/wp-content\/uploads\/2024\/03\/mamparas-bano-minimalista.jpg\" \/>\n\t\t<meta property=\"og:image:secure_url\" content=\"https:\/\/eldigitaldeasturias.com\/radio\/wp-content\/uploads\/2024\/03\/mamparas-bano-minimalista.jpg\" \/>\n\t\t<meta property=\"og:image:width\" content=\"677\" \/>\n\t\t<meta property=\"og:image:height\" content=\"518\" \/>\n\t\t<meta property=\"article:published_time\" content=\"2024-03-21T08:03:45+00:00\" \/>\n\t\t<meta property=\"article:modified_time\" content=\"2024-03-21T08:06:01+00:00\" \/>\n\t\t<meta name=\"twitter:card\" content=\"summary_large_image\" \/>\n\t\t<meta name=\"twitter:site\" content=\"@bercodi\" \/>\n\t\t<meta name=\"twitter:title\" content=\"Tendencias en mamparas para un cuarto de ba\u00f1o minimalista | El Digital de Asturias\" \/>\n\t\t<meta name=\"twitter:description\" content=\"Para muchas personas el cuarto de ba\u00f1o es una de las estancias m\u00e1s importantes de la vivienda y gracias a las nuevas tendencias en mamparas de ba\u00f1o se puede\" \/>\n\t\t<meta name=\"twitter:creator\" content=\"@bercodi\" \/>\n\t\t<meta name=\"twitter:image\" content=\"https:\/\/eldigitaldeasturias.com\/radio\/wp-content\/uploads\/2024\/03\/mamparas-bano-minimalista.jpg\" \/>\n\t\t<script type=\"application\/ld+json\" class=\"aioseo-schema\">\n\t\t\t{\"@context\":\"https:\\\/\\\/schema.org\",\"@graph\":[{\"@type\":\"BreadcrumbList\",\"@id\":\"https:\\\/\\\/eldigitaldeasturias.com\\\/radio\\\/tendencias-en-mamparas-para-un-cuarto-de-bano-minimalista\\\/#breadcrumblist\",\"itemListElement\":[{\"@type\":\"ListItem\",\"@id\":\"https:\\\/\\\/eldigitaldeasturias.com\\\/radio#listItem\",\"position\":1,\"name\":\"Inicio\",\"item\":\"https:\\\/\\\/eldigitaldeasturias.com\\\/radio\",\"nextItem\":{\"@type\":\"ListItem\",\"@id\":\"https:\\\/\\\/eldigitaldeasturias.com\\\/radio\\\/category\\\/live\\\/#listItem\",\"name\":\"Live\"}},{\"@type\":\"ListItem\",\"@id\":\"https:\\\/\\\/eldigitaldeasturias.com\\\/radio\\\/category\\\/live\\\/#listItem\",\"position\":2,\"name\":\"Live\",\"item\":\"https:\\\/\\\/eldigitaldeasturias.com\\\/radio\\\/category\\\/live\\\/\",\"nextItem\":{\"@type\":\"ListItem\",\"@id\":\"https:\\\/\\\/eldigitaldeasturias.com\\\/radio\\\/tendencias-en-mamparas-para-un-cuarto-de-bano-minimalista\\\/#listItem\",\"name\":\"Tendencias en mamparas para un cuarto de ba\\u00f1o minimalista\"},\"previousItem\":{\"@type\":\"ListItem\",\"@id\":\"https:\\\/\\\/eldigitaldeasturias.com\\\/radio#listItem\",\"name\":\"Inicio\"}},{\"@type\":\"ListItem\",\"@id\":\"https:\\\/\\\/eldigitaldeasturias.com\\\/radio\\\/tendencias-en-mamparas-para-un-cuarto-de-bano-minimalista\\\/#listItem\",\"position\":3,\"name\":\"Tendencias en mamparas para un cuarto de ba\\u00f1o minimalista\",\"previousItem\":{\"@type\":\"ListItem\",\"@id\":\"https:\\\/\\\/eldigitaldeasturias.com\\\/radio\\\/category\\\/live\\\/#listItem\",\"name\":\"Live\"}}]},{\"@type\":\"NewsArticle\",\"@id\":\"https:\\\/\\\/eldigitaldeasturias.com\\\/radio\\\/tendencias-en-mamparas-para-un-cuarto-de-bano-minimalista\\\/#newsarticle\",\"name\":\"Tendencias en mamparas para un cuarto de ba\\u00f1o minimalista | El Digital de Asturias\",\"headline\":\"Tendencias en mamparas para un cuarto de ba\\u00f1o minimalista\",\"author\":{\"@id\":\"https:\\\/\\\/eldigitaldeasturias.com\\\/radio\\\/author\\\/nbasturias\\\/#author\"},\"publisher\":{\"@id\":\"https:\\\/\\\/eldigitaldeasturias.com\\\/radio\\\/#organization\"},\"image\":{\"@type\":\"ImageObject\",\"url\":\"https:\\\/\\\/eldigitaldeasturias.com\\\/radio\\\/wp-content\\\/uploads\\\/2024\\\/03\\\/mamparas-bano-minimalista.jpg\",\"width\":677,\"height\":518,\"caption\":\"Foto: .mamparaspremium.com\"},\"datePublished\":\"2024-03-21T09:03:45+01:00\",\"dateModified\":\"2024-03-21T09:06:01+01:00\",\"inLanguage\":\"es-ES\",\"mainEntityOfPage\":{\"@id\":\"https:\\\/\\\/eldigitaldeasturias.com\\\/radio\\\/tendencias-en-mamparas-para-un-cuarto-de-bano-minimalista\\\/#webpage\"},\"isPartOf\":{\"@id\":\"https:\\\/\\\/eldigitaldeasturias.com\\\/radio\\\/tendencias-en-mamparas-para-un-cuarto-de-bano-minimalista\\\/#webpage\"},\"articleSection\":\"Live, hogar\",\"dateline\":\"Publicado el marzo 21, 2024.\"},{\"@type\":\"Organization\",\"@id\":\"https:\\\/\\\/eldigitaldeasturias.com\\\/radio\\\/#organization\",\"name\":\"El digital de Asturias Radio\",\"description\":\"Diario de informaci\\u00f3n y noticias\",\"url\":\"https:\\\/\\\/eldigitaldeasturias.com\\\/radio\\\/\",\"telephone\":\"+34652131393\",\"logo\":{\"@type\":\"ImageObject\",\"url\":\"https:\\\/\\\/www.eldigitaldeasturias.com\\\/radio\\\/wp-content\\\/uploads\\\/2021\\\/03\\\/EDA.jpg\",\"@id\":\"https:\\\/\\\/eldigitaldeasturias.com\\\/radio\\\/tendencias-en-mamparas-para-un-cuarto-de-bano-minimalista\\\/#organizationLogo\"},\"image\":{\"@id\":\"https:\\\/\\\/eldigitaldeasturias.com\\\/radio\\\/tendencias-en-mamparas-para-un-cuarto-de-bano-minimalista\\\/#organizationLogo\"},\"sameAs\":[\"https:\\\/\\\/www.facebook.com\\\/\",\"https:\\\/\\\/x.com\\\/bercodi\",\"https:\\\/\\\/www.instagram.com\\\/\",\"https:\\\/\\\/www.youtube.com\\\/channel\\\/UCZP-2wLEB9Rv6erhFmqVnvg\"]},{\"@type\":\"Person\",\"@id\":\"https:\\\/\\\/eldigitaldeasturias.com\\\/radio\\\/author\\\/nbasturias\\\/#author\",\"url\":\"https:\\\/\\\/eldigitaldeasturias.com\\\/radio\\\/author\\\/nbasturias\\\/\",\"name\":\"NBAsturias\",\"image\":{\"@type\":\"ImageObject\",\"@id\":\"https:\\\/\\\/eldigitaldeasturias.com\\\/radio\\\/tendencias-en-mamparas-para-un-cuarto-de-bano-minimalista\\\/#authorImage\",\"url\":\"https:\\\/\\\/secure.gravatar.com\\\/avatar\\\/df2aeffc32bcd13f8d26072ef8a91b623d677766deac7f97ca815868cd41bf5e?s=96&d=mm&r=g\",\"width\":96,\"height\":96,\"caption\":\"NBAsturias\"}},{\"@type\":\"WebPage\",\"@id\":\"https:\\\/\\\/eldigitaldeasturias.com\\\/radio\\\/tendencias-en-mamparas-para-un-cuarto-de-bano-minimalista\\\/#webpage\",\"url\":\"https:\\\/\\\/eldigitaldeasturias.com\\\/radio\\\/tendencias-en-mamparas-para-un-cuarto-de-bano-minimalista\\\/\",\"name\":\"Tendencias en mamparas para un cuarto de ba\\u00f1o minimalista | El Digital de Asturias\",\"description\":\"Para muchas personas el cuarto de ba\\u00f1o es una de las estancias m\\u00e1s importantes de la vivienda y gracias a las nuevas tendencias en mamparas de ba\\u00f1o se puede\",\"inLanguage\":\"es-ES\",\"isPartOf\":{\"@id\":\"https:\\\/\\\/eldigitaldeasturias.com\\\/radio\\\/#website\"},\"breadcrumb\":{\"@id\":\"https:\\\/\\\/eldigitaldeasturias.com\\\/radio\\\/tendencias-en-mamparas-para-un-cuarto-de-bano-minimalista\\\/#breadcrumblist\"},\"author\":{\"@id\":\"https:\\\/\\\/eldigitaldeasturias.com\\\/radio\\\/author\\\/nbasturias\\\/#author\"},\"creator\":{\"@id\":\"https:\\\/\\\/eldigitaldeasturias.com\\\/radio\\\/author\\\/nbasturias\\\/#author\"},\"image\":{\"@type\":\"ImageObject\",\"url\":\"https:\\\/\\\/eldigitaldeasturias.com\\\/radio\\\/wp-content\\\/uploads\\\/2024\\\/03\\\/mamparas-bano-minimalista.jpg\",\"@id\":\"https:\\\/\\\/eldigitaldeasturias.com\\\/radio\\\/tendencias-en-mamparas-para-un-cuarto-de-bano-minimalista\\\/#mainImage\",\"width\":677,\"height\":518,\"caption\":\"Foto: .mamparaspremium.com\"},\"primaryImageOfPage\":{\"@id\":\"https:\\\/\\\/eldigitaldeasturias.com\\\/radio\\\/tendencias-en-mamparas-para-un-cuarto-de-bano-minimalista\\\/#mainImage\"},\"datePublished\":\"2024-03-21T09:03:45+01:00\",\"dateModified\":\"2024-03-21T09:06:01+01:00\"},{\"@type\":\"WebSite\",\"@id\":\"https:\\\/\\\/eldigitaldeasturias.com\\\/radio\\\/#website\",\"url\":\"https:\\\/\\\/eldigitaldeasturias.com\\\/radio\\\/\",\"name\":\"El Digital de Asturias\",\"description\":\"Diario de informaci\\u00f3n y noticias\",\"inLanguage\":\"es-ES\",\"publisher\":{\"@id\":\"https:\\\/\\\/eldigitaldeasturias.com\\\/radio\\\/#organization\"}}]}\n\t\t<\/script>\n\t\t<!-- All in One SEO Pro -->\r\n\t\t<title>Tendencias en mamparas para un cuarto de ba\u00f1o minimalista | El Digital de Asturias<\/title>\n\n","aioseo_head_json":{"title":"Tendencias en mamparas para un cuarto de ba\u00f1o minimalista | El Digital de Asturias","description":"Para muchas personas el cuarto de ba\u00f1o es una de las estancias m\u00e1s importantes de la vivienda y gracias a las nuevas tendencias en mamparas de ba\u00f1o se puede","canonical_url":"https:\/\/eldigitaldeasturias.com\/radio\/tendencias-en-mamparas-para-un-cuarto-de-bano-minimalista\/","robots":"max-image-preview:large","keywords":"live","webmasterTools":{"google-site-verification":"UA-38556648-1","miscellaneous":""},"schema":{"@context":"https:\/\/schema.org","@graph":[{"@type":"BreadcrumbList","@id":"https:\/\/eldigitaldeasturias.com\/radio\/tendencias-en-mamparas-para-un-cuarto-de-bano-minimalista\/#breadcrumblist","itemListElement":[{"@type":"ListItem","@id":"https:\/\/eldigitaldeasturias.com\/radio#listItem","position":1,"name":"Inicio","item":"https:\/\/eldigitaldeasturias.com\/radio","nextItem":{"@type":"ListItem","@id":"https:\/\/eldigitaldeasturias.com\/radio\/category\/live\/#listItem","name":"Live"}},{"@type":"ListItem","@id":"https:\/\/eldigitaldeasturias.com\/radio\/category\/live\/#listItem","position":2,"name":"Live","item":"https:\/\/eldigitaldeasturias.com\/radio\/category\/live\/","nextItem":{"@type":"ListItem","@id":"https:\/\/eldigitaldeasturias.com\/radio\/tendencias-en-mamparas-para-un-cuarto-de-bano-minimalista\/#listItem","name":"Tendencias en mamparas para un cuarto de ba\u00f1o minimalista"},"previousItem":{"@type":"ListItem","@id":"https:\/\/eldigitaldeasturias.com\/radio#listItem","name":"Inicio"}},{"@type":"ListItem","@id":"https:\/\/eldigitaldeasturias.com\/radio\/tendencias-en-mamparas-para-un-cuarto-de-bano-minimalista\/#listItem","position":3,"name":"Tendencias en mamparas para un cuarto de ba\u00f1o minimalista","previousItem":{"@type":"ListItem","@id":"https:\/\/eldigitaldeasturias.com\/radio\/category\/live\/#listItem","name":"Live"}}]},{"@type":"NewsArticle","@id":"https:\/\/eldigitaldeasturias.com\/radio\/tendencias-en-mamparas-para-un-cuarto-de-bano-minimalista\/#newsarticle","name":"Tendencias en mamparas para un cuarto de ba\u00f1o minimalista | El Digital de Asturias","headline":"Tendencias en mamparas para un cuarto de ba\u00f1o minimalista","author":{"@id":"https:\/\/eldigitaldeasturias.com\/radio\/author\/nbasturias\/#author"},"publisher":{"@id":"https:\/\/eldigitaldeasturias.com\/radio\/#organization"},"image":{"@type":"ImageObject","url":"https:\/\/eldigitaldeasturias.com\/radio\/wp-content\/uploads\/2024\/03\/mamparas-bano-minimalista.jpg","width":677,"height":518,"caption":"Foto: .mamparaspremium.com"},"datePublished":"2024-03-21T09:03:45+01:00","dateModified":"2024-03-21T09:06:01+01:00","inLanguage":"es-ES","mainEntityOfPage":{"@id":"https:\/\/eldigitaldeasturias.com\/radio\/tendencias-en-mamparas-para-un-cuarto-de-bano-minimalista\/#webpage"},"isPartOf":{"@id":"https:\/\/eldigitaldeasturias.com\/radio\/tendencias-en-mamparas-para-un-cuarto-de-bano-minimalista\/#webpage"},"articleSection":"Live, hogar","dateline":"Publicado el marzo 21, 2024."},{"@type":"Organization","@id":"https:\/\/eldigitaldeasturias.com\/radio\/#organization","name":"El digital de Asturias Radio","description":"Diario de informaci\u00f3n y noticias","url":"https:\/\/eldigitaldeasturias.com\/radio\/","telephone":"+34652131393","logo":{"@type":"ImageObject","url":"https:\/\/www.eldigitaldeasturias.com\/radio\/wp-content\/uploads\/2021\/03\/EDA.jpg","@id":"https:\/\/eldigitaldeasturias.com\/radio\/tendencias-en-mamparas-para-un-cuarto-de-bano-minimalista\/#organizationLogo"},"image":{"@id":"https:\/\/eldigitaldeasturias.com\/radio\/tendencias-en-mamparas-para-un-cuarto-de-bano-minimalista\/#organizationLogo"},"sameAs":["https:\/\/www.facebook.com\/","https:\/\/x.com\/bercodi","https:\/\/www.instagram.com\/","https:\/\/www.youtube.com\/channel\/UCZP-2wLEB9Rv6erhFmqVnvg"]},{"@type":"Person","@id":"https:\/\/eldigitaldeasturias.com\/radio\/author\/nbasturias\/#author","url":"https:\/\/eldigitaldeasturias.com\/radio\/author\/nbasturias\/","name":"NBAsturias","image":{"@type":"ImageObject","@id":"https:\/\/eldigitaldeasturias.com\/radio\/tendencias-en-mamparas-para-un-cuarto-de-bano-minimalista\/#authorImage","url":"https:\/\/secure.gravatar.com\/avatar\/df2aeffc32bcd13f8d26072ef8a91b623d677766deac7f97ca815868cd41bf5e?s=96&d=mm&r=g","width":96,"height":96,"caption":"NBAsturias"}},{"@type":"WebPage","@id":"https:\/\/eldigitaldeasturias.com\/radio\/tendencias-en-mamparas-para-un-cuarto-de-bano-minimalista\/#webpage","url":"https:\/\/eldigitaldeasturias.com\/radio\/tendencias-en-mamparas-para-un-cuarto-de-bano-minimalista\/","name":"Tendencias en mamparas para un cuarto de ba\u00f1o minimalista | El Digital de Asturias","description":"Para muchas personas el cuarto de ba\u00f1o es una de las estancias m\u00e1s importantes de la vivienda y gracias a las nuevas tendencias en mamparas de ba\u00f1o se puede","inLanguage":"es-ES","isPartOf":{"@id":"https:\/\/eldigitaldeasturias.com\/radio\/#website"},"breadcrumb":{"@id":"https:\/\/eldigitaldeasturias.com\/radio\/tendencias-en-mamparas-para-un-cuarto-de-bano-minimalista\/#breadcrumblist"},"author":{"@id":"https:\/\/eldigitaldeasturias.com\/radio\/author\/nbasturias\/#author"},"creator":{"@id":"https:\/\/eldigitaldeasturias.com\/radio\/author\/nbasturias\/#author"},"image":{"@type":"ImageObject","url":"https:\/\/eldigitaldeasturias.com\/radio\/wp-content\/uploads\/2024\/03\/mamparas-bano-minimalista.jpg","@id":"https:\/\/eldigitaldeasturias.com\/radio\/tendencias-en-mamparas-para-un-cuarto-de-bano-minimalista\/#mainImage","width":677,"height":518,"caption":"Foto: .mamparaspremium.com"},"primaryImageOfPage":{"@id":"https:\/\/eldigitaldeasturias.com\/radio\/tendencias-en-mamparas-para-un-cuarto-de-bano-minimalista\/#mainImage"},"datePublished":"2024-03-21T09:03:45+01:00","dateModified":"2024-03-21T09:06:01+01:00"},{"@type":"WebSite","@id":"https:\/\/eldigitaldeasturias.com\/radio\/#website","url":"https:\/\/eldigitaldeasturias.com\/radio\/","name":"El Digital de Asturias","description":"Diario de informaci\u00f3n y noticias","inLanguage":"es-ES","publisher":{"@id":"https:\/\/eldigitaldeasturias.com\/radio\/#organization"}}]},"og:locale":"es_ES","og:site_name":"El Digital de Asturias | Diario de informaci\u00f3n y noticias","og:type":"article","og:title":"Tendencias en mamparas para un cuarto de ba\u00f1o minimalista | El Digital de Asturias","og:description":"Para muchas personas el cuarto de ba\u00f1o es una de las estancias m\u00e1s importantes de la vivienda y gracias a las nuevas tendencias en mamparas de ba\u00f1o se puede","og:url":"https:\/\/eldigitaldeasturias.com\/radio\/tendencias-en-mamparas-para-un-cuarto-de-bano-minimalista\/","og:image":"https:\/\/eldigitaldeasturias.com\/radio\/wp-content\/uploads\/2024\/03\/mamparas-bano-minimalista.jpg","og:image:secure_url":"https:\/\/eldigitaldeasturias.com\/radio\/wp-content\/uploads\/2024\/03\/mamparas-bano-minimalista.jpg","og:image:width":677,"og:image:height":518,"article:published_time":"2024-03-21T08:03:45+00:00","article:modified_time":"2024-03-21T08:06:01+00:00","twitter:card":"summary_large_image","twitter:site":"@bercodi","twitter:title":"Tendencias en mamparas para un cuarto de ba\u00f1o minimalista | El Digital de Asturias","twitter:description":"Para muchas personas el cuarto de ba\u00f1o es una de las estancias m\u00e1s importantes de la vivienda y gracias a las nuevas tendencias en mamparas de ba\u00f1o se puede","twitter:creator":"@bercodi","twitter:image":"https:\/\/eldigitaldeasturias.com\/radio\/wp-content\/uploads\/2024\/03\/mamparas-bano-minimalista.jpg"},"aioseo_meta_data":{"post_id":"8804","title":null,"description":"Para muchas personas el cuarto de ba\u00f1o es una de las estancias m\u00e1s importantes de la vivienda y gracias a las nuevas tendencias en mamparas de ba\u00f1o se puede","keywords":[],"keyphrases":{"focus":{"keyphrase":"mamparas","score":91,"analysis":{"keyphraseInTitle":{"score":9,"maxScore":9,"error":0},"keyphraseInDescription":{"score":9,"maxScore":9,"error":0},"keyphraseLength":{"score":9,"maxScore":9,"error":0,"length":1},"keyphraseInURL":{"score":5,"maxScore":5,"error":0},"keyphraseInIntroduction":{"score":9,"maxScore":9,"error":0},"keyphraseInSubHeadings":{"score":9,"maxScore":9,"error":0},"keyphraseInImageAlt":{"score":3,"maxScore":9,"error":1},"keywordDensity":{"type":"best","score":9,"maxScore":9,"error":0}}},"additional":[{"keyphrase":"mamparas","score":87,"analysis":{"keyphraseInDescription":{"score":9,"maxScore":9,"error":0},"keyphraseLength":{"score":9,"maxScore":9,"error":0,"length":1},"keyphraseInIntroduction":{"score":9,"maxScore":9,"error":0},"keyphraseInImageAlt":{"score":3,"maxScore":9,"error":1},"keywordDensity":{"type":"best","score":9,"maxScore":9,"error":0}}},{"keyphrase":"ba\u00f1o","score":87,"analysis":{"keyphraseInDescription":{"score":9,"maxScore":9,"error":0},"keyphraseLength":{"score":9,"maxScore":9,"error":0,"length":2},"keyphraseInIntroduction":{"score":9,"maxScore":9,"error":0},"keyphraseInImageAlt":{"score":3,"maxScore":9,"error":1},"keywordDensity":{"type":"best","score":9,"maxScore":9,"error":0}}}]},"primary_term":null,"canonical_url":null,"og_title":null,"og_description":null,"og_object_type":"default","og_image_type":"default","og_image_url":null,"og_image_width":null,"og_image_height":null,"og_image_custom_url":null,"og_image_custom_fields":null,"og_video":"","og_custom_url":null,"og_article_section":null,"og_article_tags":[],"twitter_use_og":false,"twitter_card":"default","twitter_image_type":"default","twitter_image_url":null,"twitter_image_custom_url":null,"twitter_image_custom_fields":null,"twitter_title":null,"twitter_description":null,"schema":{"blockGraphs":[],"customGraphs":[],"default":{"data":{"Article":[],"Course":[],"Dataset":[],"FAQPage":[],"Movie":[],"Person":[],"Product":[],"ProductReview":[],"Car":[],"Recipe":[],"Service":[],"SoftwareApplication":[],"WebPage":[]},"graphName":"NewsArticle","isEnabled":true},"graphs":[]},"schema_type":"default","schema_type_options":null,"pillar_content":false,"robots_default":true,"robots_noindex":false,"robots_noarchive":false,"robots_nosnippet":false,"robots_nofollow":false,"robots_noimageindex":false,"robots_noodp":false,"robots_notranslate":false,"robots_max_snippet":"-1","robots_max_videopreview":"-1","robots_max_imagepreview":"large","priority":null,"frequency":"default","location":null,"local_seo":null,"seo_analyzer_scan_date":"2025-08-28 22:24:33","breadcrumb_settings":null,"limit_modified_date":false,"open_ai":"{\"title\":{\"suggestions\":[],\"usage\":0},\"description\":{\"suggestions\":[],\"usage\":0}}","ai":null,"created":"2024-03-21 07:42:07","updated":"2025-08-28 22:24:33"},"aioseo_breadcrumb":"<div class=\"aioseo-breadcrumbs\"><span class=\"aioseo-breadcrumb\">\n\t<a href=\"https:\/\/eldigitaldeasturias.com\/radio\" title=\"Inicio\">Inicio<\/a>\n<\/span><span class=\"aioseo-breadcrumb-separator\">&ndash;<\/span><span class=\"aioseo-breadcrumb\">\n\t<a href=\"https:\/\/eldigitaldeasturias.com\/radio\/category\/live\/\" title=\"Live\">Live<\/a>\n<\/span><span class=\"aioseo-breadcrumb-separator\">&ndash;<\/span><span class=\"aioseo-breadcrumb\">\n\tTendencias en mamparas para un cuarto de ba\u00f1o minimalista\n<\/span><\/div>","aioseo_breadcrumb_json":[{"label":"Inicio","link":"https:\/\/eldigitaldeasturias.com\/radio"},{"label":"Live","link":"https:\/\/eldigitaldeasturias.com\/radio\/category\/live\/"},{"label":"Tendencias en mamparas para un cuarto de ba\u00f1o minimalista","link":"https:\/\/eldigitaldeasturias.com\/radio\/tendencias-en-mamparas-para-un-cuarto-de-bano-minimalista\/"}],"_links":{"self":[{"href":"https:\/\/eldigitaldeasturias.com\/radio\/wp-json\/wp\/v2\/posts\/8804","targetHints":{"allow":["GET"]}}],"collection":[{"href":"https:\/\/eldigitaldeasturias.com\/radio\/wp-json\/wp\/v2\/posts"}],"about":[{"href":"https:\/\/eldigitaldeasturias.com\/radio\/wp-json\/wp\/v2\/types\/post"}],"author":[{"embeddable":true,"href":"https:\/\/eldigitaldeasturias.com\/radio\/wp-json\/wp\/v2\/users\/1"}],"replies":[{"embeddable":true,"href":"https:\/\/eldigitaldeasturias.com\/radio\/wp-json\/wp\/v2\/comments?post=8804"}],"version-history":[{"count":0,"href":"https:\/\/eldigitaldeasturias.com\/radio\/wp-json\/wp\/v2\/posts\/8804\/revisions"}],"wp:featuredmedia":[{"embeddable":true,"href":"https:\/\/eldigitaldeasturias.com\/radio\/wp-json\/wp\/v2\/media\/8805"}],"wp:attachment":[{"href":"https:\/\/eldigitaldeasturias.com\/radio\/wp-json\/wp\/v2\/media?parent=8804"}],"wp:term":[{"taxonomy":"category","embeddable":true,"href":"https:\/\/eldigitaldeasturias.com\/radio\/wp-json\/wp\/v2\/categories?post=8804"},{"taxonomy":"post_tag","embeddable":true,"href":"https:\/\/eldigitaldeasturias.com\/radio\/wp-json\/wp\/v2\/tags?post=8804"}],"curies":[{"name":"wp","href":"https:\/\/api.w.org\/{rel}","templated":true}]}}