{"id":8792,"date":"2024-03-17T04:09:08","date_gmt":"2024-03-17T03:09:08","guid":{"rendered":"https:\/\/eldigitaldeasturias.com\/radio\/?p=8792"},"modified":"2024-03-17T04:09:08","modified_gmt":"2024-03-17T03:09:08","slug":"los-hogares-inteligentes-y-sus-beneficios-para-personas-con-discapacidad","status":"publish","type":"post","link":"https:\/\/eldigitaldeasturias.com\/radio\/los-hogares-inteligentes-y-sus-beneficios-para-personas-con-discapacidad\/","title":{"rendered":"Los hogares inteligentes y sus beneficios para personas con discapacidad"},"content":{"rendered":"<p>Encender la luz de una habitaci\u00f3n, abrir la puerta de la cochera, abrir la ventana o hasta calentar comida en el microondas, son facilidades que proporcionan las <strong><a href=\"https:\/\/eldigitaldeasturias.com\/radio\/category\/live\/\"><span style=\"color: #ff6600;\">casas inteligentes<\/span><\/a> a personas con discapacidad<\/strong>. Steven Aquino cont\u00f3 a The Verge c\u00f3mo los hogares inteligentes ayudan a las personas con discapacidad a realizar sus tareas sin necesidad de una actividad f\u00edsica.<\/p>\n<p><img fetchpriority=\"high\" decoding=\"async\" class=\"aligncenter size-full wp-image-8793\" src=\"https:\/\/eldigitaldeasturias.com\/radio\/wp-content\/uploads\/2024\/03\/hogares.jpg\" alt=\"hogares\" width=\"640\" height=\"427\" srcset=\"https:\/\/eldigitaldeasturias.com\/radio\/wp-content\/uploads\/2024\/03\/hogares.jpg 640w, https:\/\/eldigitaldeasturias.com\/radio\/wp-content\/uploads\/2024\/03\/hogares-360x240.jpg 360w, https:\/\/eldigitaldeasturias.com\/radio\/wp-content\/uploads\/2024\/03\/hogares-150x100.jpg 150w, https:\/\/eldigitaldeasturias.com\/radio\/wp-content\/uploads\/2024\/03\/hogares-450x300.jpg 450w\" sizes=\"(max-width: 640px) 100vw, 640px\" \/><\/p>\n<p>Los dispositivos inteligentes en el hogar tienen beneficios emocionales y generan sentimientos de autonom\u00eda, puesto que las actividades se pueden realizar sin la necesidad de pedir ayuda, comenta Aquino. \u00ab<strong>Lo que es conveniente para ti puede cambiarme la vida\u00bb, agrega, pues el uso de dispositivos inteligentes en el hogar ha establecido un dinamismo y una facilidad en su entorno.<\/strong><\/p>\n<p>Por otro lado, Wirecutter realiz\u00f3 una lista de los mejores dispositivos inteligentes probados en personas con discapacidad. Entre ellos se encuentran dispositivos de control de voz como Amazon Alexa, Google Home y Apple Home, los cuales ayudan a acceder con facilidad a la informaci\u00f3n o a crear comandos para otros aparatos del hogar.<\/p>\n<p>Asimismo, otros aparatos seleccionados por personas con discapacidad son los dispositivos de asistencia, como los enchufes inteligentes, los focos de luz LED inteligentes, y los interruptores de luz con control remoto. Igualmente, los sensores inteligentes para puertas y ventanas garantizan la seguridad del hogar y facilitan cerrar una puerta desde cualquier parte de la casa.<\/p>\n<p>\u00abLa comodidad para ti es independencia para m\u00ed\u00bb, dijo Todd Stabelfeldt a Wirecutter. Stabeldeldt es CEO de C4 Database Management y una persona con discapacidad usuaria de un hogar inteligente. La tecnolog\u00eda del hogar inteligente representa mucho m\u00e1s que una simple conveniencia, es una herramienta accesible y que est\u00e1 transformando la vida de las personas con discapacidad.<\/p>\n<p>Por Regina Rodriguez \/ NotiPress<\/p>\n","protected":false},"excerpt":{"rendered":"<p>Encender la luz de una habitaci\u00f3n, abrir la puerta de la cochera, abrir la ventana o hasta calentar comida en el microondas, son facilidades que proporcionan las casas inteligentes a personas con discapacidad. Steven Aquino cont\u00f3 a The Verge c\u00f3mo los hogares inteligentes ayudan a las personas con discapacidad a realizar sus tareas sin necesidad<\/p>\n","protected":false},"author":1,"featured_media":8793,"comment_status":"closed","ping_status":"closed","sticky":false,"template":"","format":"standard","meta":{"footnotes":""},"categories":[38],"tags":[102],"class_list":{"0":"post-8792","1":"post","2":"type-post","3":"status-publish","4":"format-standard","5":"has-post-thumbnail","7":"category-live","8":"tag-hogar"},"aioseo_notices":[],"aioseo_head":"\n\t\t<!-- All in One SEO Pro 4.9.6.2 - aioseo.com -->\n\t<meta name=\"description\" content=\"Encender la luz de una habitaci\u00f3n, abrir la puerta de la cochera, abrir la ventana o hasta calentar comida en el microondas, son facilidades que proporcionan\" \/>\n\t<meta name=\"robots\" content=\"max-image-preview:large\" \/>\n\t<meta name=\"author\" content=\"NBAsturias\"\/>\n\t<meta name=\"google-site-verification\" content=\"UA-38556648-1\" \/>\n\t<meta name=\"keywords\" content=\"live\" \/>\n\t<link rel=\"canonical\" href=\"https:\/\/eldigitaldeasturias.com\/radio\/los-hogares-inteligentes-y-sus-beneficios-para-personas-con-discapacidad\/\" \/>\n\t<meta name=\"generator\" content=\"All in One SEO Pro (AIOSEO) 4.9.6.2\" \/>\n\t\t<meta property=\"og:locale\" content=\"es_ES\" \/>\n\t\t<meta property=\"og:site_name\" content=\"El Digital de Asturias | Diario de informaci\u00f3n y noticias\" \/>\n\t\t<meta property=\"og:type\" content=\"article\" \/>\n\t\t<meta property=\"og:title\" content=\"Los hogares inteligentes y sus beneficios para personas con discapacidad | El Digital de Asturias\" \/>\n\t\t<meta property=\"og:description\" content=\"Encender la luz de una habitaci\u00f3n, abrir la puerta de la cochera, abrir la ventana o hasta calentar comida en el microondas, son facilidades que proporcionan\" \/>\n\t\t<meta property=\"og:url\" content=\"https:\/\/eldigitaldeasturias.com\/radio\/los-hogares-inteligentes-y-sus-beneficios-para-personas-con-discapacidad\/\" \/>\n\t\t<meta property=\"og:image\" content=\"https:\/\/eldigitaldeasturias.com\/radio\/wp-content\/uploads\/2024\/03\/hogares.jpg\" \/>\n\t\t<meta property=\"og:image:secure_url\" content=\"https:\/\/eldigitaldeasturias.com\/radio\/wp-content\/uploads\/2024\/03\/hogares.jpg\" \/>\n\t\t<meta property=\"og:image:width\" content=\"640\" \/>\n\t\t<meta property=\"og:image:height\" content=\"427\" \/>\n\t\t<meta property=\"article:published_time\" content=\"2024-03-17T03:09:08+00:00\" \/>\n\t\t<meta property=\"article:modified_time\" content=\"2024-03-17T03:09:08+00:00\" \/>\n\t\t<meta name=\"twitter:card\" content=\"summary_large_image\" \/>\n\t\t<meta name=\"twitter:site\" content=\"@bercodi\" \/>\n\t\t<meta name=\"twitter:title\" content=\"Los hogares inteligentes y sus beneficios para personas con discapacidad | El Digital de Asturias\" \/>\n\t\t<meta name=\"twitter:description\" content=\"Encender la luz de una habitaci\u00f3n, abrir la puerta de la cochera, abrir la ventana o hasta calentar comida en el microondas, son facilidades que proporcionan\" \/>\n\t\t<meta name=\"twitter:creator\" content=\"@bercodi\" \/>\n\t\t<meta name=\"twitter:image\" content=\"https:\/\/eldigitaldeasturias.com\/radio\/wp-content\/uploads\/2024\/03\/hogares.jpg\" \/>\n\t\t<script type=\"application\/ld+json\" class=\"aioseo-schema\">\n\t\t\t{\"@context\":\"https:\\\/\\\/schema.org\",\"@graph\":[{\"@type\":\"BreadcrumbList\",\"@id\":\"https:\\\/\\\/eldigitaldeasturias.com\\\/radio\\\/los-hogares-inteligentes-y-sus-beneficios-para-personas-con-discapacidad\\\/#breadcrumblist\",\"itemListElement\":[{\"@type\":\"ListItem\",\"@id\":\"https:\\\/\\\/eldigitaldeasturias.com\\\/radio#listItem\",\"position\":1,\"name\":\"Inicio\",\"item\":\"https:\\\/\\\/eldigitaldeasturias.com\\\/radio\",\"nextItem\":{\"@type\":\"ListItem\",\"@id\":\"https:\\\/\\\/eldigitaldeasturias.com\\\/radio\\\/category\\\/live\\\/#listItem\",\"name\":\"Live\"}},{\"@type\":\"ListItem\",\"@id\":\"https:\\\/\\\/eldigitaldeasturias.com\\\/radio\\\/category\\\/live\\\/#listItem\",\"position\":2,\"name\":\"Live\",\"item\":\"https:\\\/\\\/eldigitaldeasturias.com\\\/radio\\\/category\\\/live\\\/\",\"nextItem\":{\"@type\":\"ListItem\",\"@id\":\"https:\\\/\\\/eldigitaldeasturias.com\\\/radio\\\/los-hogares-inteligentes-y-sus-beneficios-para-personas-con-discapacidad\\\/#listItem\",\"name\":\"Los hogares inteligentes y sus beneficios para personas con discapacidad\"},\"previousItem\":{\"@type\":\"ListItem\",\"@id\":\"https:\\\/\\\/eldigitaldeasturias.com\\\/radio#listItem\",\"name\":\"Inicio\"}},{\"@type\":\"ListItem\",\"@id\":\"https:\\\/\\\/eldigitaldeasturias.com\\\/radio\\\/los-hogares-inteligentes-y-sus-beneficios-para-personas-con-discapacidad\\\/#listItem\",\"position\":3,\"name\":\"Los hogares inteligentes y sus beneficios para personas con discapacidad\",\"previousItem\":{\"@type\":\"ListItem\",\"@id\":\"https:\\\/\\\/eldigitaldeasturias.com\\\/radio\\\/category\\\/live\\\/#listItem\",\"name\":\"Live\"}}]},{\"@type\":\"NewsArticle\",\"@id\":\"https:\\\/\\\/eldigitaldeasturias.com\\\/radio\\\/los-hogares-inteligentes-y-sus-beneficios-para-personas-con-discapacidad\\\/#newsarticle\",\"name\":\"Los hogares inteligentes y sus beneficios para personas con discapacidad | El Digital de Asturias\",\"headline\":\"Los hogares inteligentes y sus beneficios para personas con discapacidad\",\"author\":{\"@id\":\"https:\\\/\\\/eldigitaldeasturias.com\\\/radio\\\/author\\\/nbasturias\\\/#author\"},\"publisher\":{\"@id\":\"https:\\\/\\\/eldigitaldeasturias.com\\\/radio\\\/#organization\"},\"image\":{\"@type\":\"ImageObject\",\"url\":\"https:\\\/\\\/eldigitaldeasturias.com\\\/radio\\\/wp-content\\\/uploads\\\/2024\\\/03\\\/hogares.jpg\",\"width\":640,\"height\":427,\"caption\":\"hogares\"},\"datePublished\":\"2024-03-17T04:09:08+01:00\",\"dateModified\":\"2024-03-17T04:09:08+01:00\",\"inLanguage\":\"es-ES\",\"mainEntityOfPage\":{\"@id\":\"https:\\\/\\\/eldigitaldeasturias.com\\\/radio\\\/los-hogares-inteligentes-y-sus-beneficios-para-personas-con-discapacidad\\\/#webpage\"},\"isPartOf\":{\"@id\":\"https:\\\/\\\/eldigitaldeasturias.com\\\/radio\\\/los-hogares-inteligentes-y-sus-beneficios-para-personas-con-discapacidad\\\/#webpage\"},\"articleSection\":\"Live, hogar\",\"dateline\":\"Publicado el marzo 17, 2024.\"},{\"@type\":\"Organization\",\"@id\":\"https:\\\/\\\/eldigitaldeasturias.com\\\/radio\\\/#organization\",\"name\":\"El digital de Asturias Radio\",\"description\":\"Diario de informaci\\u00f3n y noticias\",\"url\":\"https:\\\/\\\/eldigitaldeasturias.com\\\/radio\\\/\",\"telephone\":\"+34652131393\",\"logo\":{\"@type\":\"ImageObject\",\"url\":\"https:\\\/\\\/www.eldigitaldeasturias.com\\\/radio\\\/wp-content\\\/uploads\\\/2021\\\/03\\\/EDA.jpg\",\"@id\":\"https:\\\/\\\/eldigitaldeasturias.com\\\/radio\\\/los-hogares-inteligentes-y-sus-beneficios-para-personas-con-discapacidad\\\/#organizationLogo\"},\"image\":{\"@id\":\"https:\\\/\\\/eldigitaldeasturias.com\\\/radio\\\/los-hogares-inteligentes-y-sus-beneficios-para-personas-con-discapacidad\\\/#organizationLogo\"},\"sameAs\":[\"https:\\\/\\\/www.facebook.com\\\/\",\"https:\\\/\\\/x.com\\\/bercodi\",\"https:\\\/\\\/www.instagram.com\\\/\",\"https:\\\/\\\/www.youtube.com\\\/channel\\\/UCZP-2wLEB9Rv6erhFmqVnvg\"]},{\"@type\":\"Person\",\"@id\":\"https:\\\/\\\/eldigitaldeasturias.com\\\/radio\\\/author\\\/nbasturias\\\/#author\",\"url\":\"https:\\\/\\\/eldigitaldeasturias.com\\\/radio\\\/author\\\/nbasturias\\\/\",\"name\":\"NBAsturias\",\"image\":{\"@type\":\"ImageObject\",\"@id\":\"https:\\\/\\\/eldigitaldeasturias.com\\\/radio\\\/los-hogares-inteligentes-y-sus-beneficios-para-personas-con-discapacidad\\\/#authorImage\",\"url\":\"https:\\\/\\\/secure.gravatar.com\\\/avatar\\\/df2aeffc32bcd13f8d26072ef8a91b623d677766deac7f97ca815868cd41bf5e?s=96&d=mm&r=g\",\"width\":96,\"height\":96,\"caption\":\"NBAsturias\"}},{\"@type\":\"WebPage\",\"@id\":\"https:\\\/\\\/eldigitaldeasturias.com\\\/radio\\\/los-hogares-inteligentes-y-sus-beneficios-para-personas-con-discapacidad\\\/#webpage\",\"url\":\"https:\\\/\\\/eldigitaldeasturias.com\\\/radio\\\/los-hogares-inteligentes-y-sus-beneficios-para-personas-con-discapacidad\\\/\",\"name\":\"Los hogares inteligentes y sus beneficios para personas con discapacidad | El Digital de Asturias\",\"description\":\"Encender la luz de una habitaci\\u00f3n, abrir la puerta de la cochera, abrir la ventana o hasta calentar comida en el microondas, son facilidades que proporcionan\",\"inLanguage\":\"es-ES\",\"isPartOf\":{\"@id\":\"https:\\\/\\\/eldigitaldeasturias.com\\\/radio\\\/#website\"},\"breadcrumb\":{\"@id\":\"https:\\\/\\\/eldigitaldeasturias.com\\\/radio\\\/los-hogares-inteligentes-y-sus-beneficios-para-personas-con-discapacidad\\\/#breadcrumblist\"},\"author\":{\"@id\":\"https:\\\/\\\/eldigitaldeasturias.com\\\/radio\\\/author\\\/nbasturias\\\/#author\"},\"creator\":{\"@id\":\"https:\\\/\\\/eldigitaldeasturias.com\\\/radio\\\/author\\\/nbasturias\\\/#author\"},\"image\":{\"@type\":\"ImageObject\",\"url\":\"https:\\\/\\\/eldigitaldeasturias.com\\\/radio\\\/wp-content\\\/uploads\\\/2024\\\/03\\\/hogares.jpg\",\"@id\":\"https:\\\/\\\/eldigitaldeasturias.com\\\/radio\\\/los-hogares-inteligentes-y-sus-beneficios-para-personas-con-discapacidad\\\/#mainImage\",\"width\":640,\"height\":427,\"caption\":\"hogares\"},\"primaryImageOfPage\":{\"@id\":\"https:\\\/\\\/eldigitaldeasturias.com\\\/radio\\\/los-hogares-inteligentes-y-sus-beneficios-para-personas-con-discapacidad\\\/#mainImage\"},\"datePublished\":\"2024-03-17T04:09:08+01:00\",\"dateModified\":\"2024-03-17T04:09:08+01:00\"},{\"@type\":\"WebSite\",\"@id\":\"https:\\\/\\\/eldigitaldeasturias.com\\\/radio\\\/#website\",\"url\":\"https:\\\/\\\/eldigitaldeasturias.com\\\/radio\\\/\",\"name\":\"El Digital de Asturias\",\"description\":\"Diario de informaci\\u00f3n y noticias\",\"inLanguage\":\"es-ES\",\"publisher\":{\"@id\":\"https:\\\/\\\/eldigitaldeasturias.com\\\/radio\\\/#organization\"}}]}\n\t\t<\/script>\n\t\t<!-- All in One SEO Pro -->\r\n\t\t<title>Los hogares inteligentes y sus beneficios para personas con discapacidad | El Digital de Asturias<\/title>\n\n","aioseo_head_json":{"title":"Los hogares inteligentes y sus beneficios para personas con discapacidad | El Digital de Asturias","description":"Encender la luz de una habitaci\u00f3n, abrir la puerta de la cochera, abrir la ventana o hasta calentar comida en el microondas, son facilidades que proporcionan","canonical_url":"https:\/\/eldigitaldeasturias.com\/radio\/los-hogares-inteligentes-y-sus-beneficios-para-personas-con-discapacidad\/","robots":"max-image-preview:large","keywords":"live","webmasterTools":{"google-site-verification":"UA-38556648-1","miscellaneous":""},"schema":{"@context":"https:\/\/schema.org","@graph":[{"@type":"BreadcrumbList","@id":"https:\/\/eldigitaldeasturias.com\/radio\/los-hogares-inteligentes-y-sus-beneficios-para-personas-con-discapacidad\/#breadcrumblist","itemListElement":[{"@type":"ListItem","@id":"https:\/\/eldigitaldeasturias.com\/radio#listItem","position":1,"name":"Inicio","item":"https:\/\/eldigitaldeasturias.com\/radio","nextItem":{"@type":"ListItem","@id":"https:\/\/eldigitaldeasturias.com\/radio\/category\/live\/#listItem","name":"Live"}},{"@type":"ListItem","@id":"https:\/\/eldigitaldeasturias.com\/radio\/category\/live\/#listItem","position":2,"name":"Live","item":"https:\/\/eldigitaldeasturias.com\/radio\/category\/live\/","nextItem":{"@type":"ListItem","@id":"https:\/\/eldigitaldeasturias.com\/radio\/los-hogares-inteligentes-y-sus-beneficios-para-personas-con-discapacidad\/#listItem","name":"Los hogares inteligentes y sus beneficios para personas con discapacidad"},"previousItem":{"@type":"ListItem","@id":"https:\/\/eldigitaldeasturias.com\/radio#listItem","name":"Inicio"}},{"@type":"ListItem","@id":"https:\/\/eldigitaldeasturias.com\/radio\/los-hogares-inteligentes-y-sus-beneficios-para-personas-con-discapacidad\/#listItem","position":3,"name":"Los hogares inteligentes y sus beneficios para personas con discapacidad","previousItem":{"@type":"ListItem","@id":"https:\/\/eldigitaldeasturias.com\/radio\/category\/live\/#listItem","name":"Live"}}]},{"@type":"NewsArticle","@id":"https:\/\/eldigitaldeasturias.com\/radio\/los-hogares-inteligentes-y-sus-beneficios-para-personas-con-discapacidad\/#newsarticle","name":"Los hogares inteligentes y sus beneficios para personas con discapacidad | El Digital de Asturias","headline":"Los hogares inteligentes y sus beneficios para personas con discapacidad","author":{"@id":"https:\/\/eldigitaldeasturias.com\/radio\/author\/nbasturias\/#author"},"publisher":{"@id":"https:\/\/eldigitaldeasturias.com\/radio\/#organization"},"image":{"@type":"ImageObject","url":"https:\/\/eldigitaldeasturias.com\/radio\/wp-content\/uploads\/2024\/03\/hogares.jpg","width":640,"height":427,"caption":"hogares"},"datePublished":"2024-03-17T04:09:08+01:00","dateModified":"2024-03-17T04:09:08+01:00","inLanguage":"es-ES","mainEntityOfPage":{"@id":"https:\/\/eldigitaldeasturias.com\/radio\/los-hogares-inteligentes-y-sus-beneficios-para-personas-con-discapacidad\/#webpage"},"isPartOf":{"@id":"https:\/\/eldigitaldeasturias.com\/radio\/los-hogares-inteligentes-y-sus-beneficios-para-personas-con-discapacidad\/#webpage"},"articleSection":"Live, hogar","dateline":"Publicado el marzo 17, 2024."},{"@type":"Organization","@id":"https:\/\/eldigitaldeasturias.com\/radio\/#organization","name":"El digital de Asturias Radio","description":"Diario de informaci\u00f3n y noticias","url":"https:\/\/eldigitaldeasturias.com\/radio\/","telephone":"+34652131393","logo":{"@type":"ImageObject","url":"https:\/\/www.eldigitaldeasturias.com\/radio\/wp-content\/uploads\/2021\/03\/EDA.jpg","@id":"https:\/\/eldigitaldeasturias.com\/radio\/los-hogares-inteligentes-y-sus-beneficios-para-personas-con-discapacidad\/#organizationLogo"},"image":{"@id":"https:\/\/eldigitaldeasturias.com\/radio\/los-hogares-inteligentes-y-sus-beneficios-para-personas-con-discapacidad\/#organizationLogo"},"sameAs":["https:\/\/www.facebook.com\/","https:\/\/x.com\/bercodi","https:\/\/www.instagram.com\/","https:\/\/www.youtube.com\/channel\/UCZP-2wLEB9Rv6erhFmqVnvg"]},{"@type":"Person","@id":"https:\/\/eldigitaldeasturias.com\/radio\/author\/nbasturias\/#author","url":"https:\/\/eldigitaldeasturias.com\/radio\/author\/nbasturias\/","name":"NBAsturias","image":{"@type":"ImageObject","@id":"https:\/\/eldigitaldeasturias.com\/radio\/los-hogares-inteligentes-y-sus-beneficios-para-personas-con-discapacidad\/#authorImage","url":"https:\/\/secure.gravatar.com\/avatar\/df2aeffc32bcd13f8d26072ef8a91b623d677766deac7f97ca815868cd41bf5e?s=96&d=mm&r=g","width":96,"height":96,"caption":"NBAsturias"}},{"@type":"WebPage","@id":"https:\/\/eldigitaldeasturias.com\/radio\/los-hogares-inteligentes-y-sus-beneficios-para-personas-con-discapacidad\/#webpage","url":"https:\/\/eldigitaldeasturias.com\/radio\/los-hogares-inteligentes-y-sus-beneficios-para-personas-con-discapacidad\/","name":"Los hogares inteligentes y sus beneficios para personas con discapacidad | El Digital de Asturias","description":"Encender la luz de una habitaci\u00f3n, abrir la puerta de la cochera, abrir la ventana o hasta calentar comida en el microondas, son facilidades que proporcionan","inLanguage":"es-ES","isPartOf":{"@id":"https:\/\/eldigitaldeasturias.com\/radio\/#website"},"breadcrumb":{"@id":"https:\/\/eldigitaldeasturias.com\/radio\/los-hogares-inteligentes-y-sus-beneficios-para-personas-con-discapacidad\/#breadcrumblist"},"author":{"@id":"https:\/\/eldigitaldeasturias.com\/radio\/author\/nbasturias\/#author"},"creator":{"@id":"https:\/\/eldigitaldeasturias.com\/radio\/author\/nbasturias\/#author"},"image":{"@type":"ImageObject","url":"https:\/\/eldigitaldeasturias.com\/radio\/wp-content\/uploads\/2024\/03\/hogares.jpg","@id":"https:\/\/eldigitaldeasturias.com\/radio\/los-hogares-inteligentes-y-sus-beneficios-para-personas-con-discapacidad\/#mainImage","width":640,"height":427,"caption":"hogares"},"primaryImageOfPage":{"@id":"https:\/\/eldigitaldeasturias.com\/radio\/los-hogares-inteligentes-y-sus-beneficios-para-personas-con-discapacidad\/#mainImage"},"datePublished":"2024-03-17T04:09:08+01:00","dateModified":"2024-03-17T04:09:08+01:00"},{"@type":"WebSite","@id":"https:\/\/eldigitaldeasturias.com\/radio\/#website","url":"https:\/\/eldigitaldeasturias.com\/radio\/","name":"El Digital de Asturias","description":"Diario de informaci\u00f3n y noticias","inLanguage":"es-ES","publisher":{"@id":"https:\/\/eldigitaldeasturias.com\/radio\/#organization"}}]},"og:locale":"es_ES","og:site_name":"El Digital de Asturias | Diario de informaci\u00f3n y noticias","og:type":"article","og:title":"Los hogares inteligentes y sus beneficios para personas con discapacidad | El Digital de Asturias","og:description":"Encender la luz de una habitaci\u00f3n, abrir la puerta de la cochera, abrir la ventana o hasta calentar comida en el microondas, son facilidades que proporcionan","og:url":"https:\/\/eldigitaldeasturias.com\/radio\/los-hogares-inteligentes-y-sus-beneficios-para-personas-con-discapacidad\/","og:image":"https:\/\/eldigitaldeasturias.com\/radio\/wp-content\/uploads\/2024\/03\/hogares.jpg","og:image:secure_url":"https:\/\/eldigitaldeasturias.com\/radio\/wp-content\/uploads\/2024\/03\/hogares.jpg","og:image:width":640,"og:image:height":427,"article:published_time":"2024-03-17T03:09:08+00:00","article:modified_time":"2024-03-17T03:09:08+00:00","twitter:card":"summary_large_image","twitter:site":"@bercodi","twitter:title":"Los hogares inteligentes y sus beneficios para personas con discapacidad | El Digital de Asturias","twitter:description":"Encender la luz de una habitaci\u00f3n, abrir la puerta de la cochera, abrir la ventana o hasta calentar comida en el microondas, son facilidades que proporcionan","twitter:creator":"@bercodi","twitter:image":"https:\/\/eldigitaldeasturias.com\/radio\/wp-content\/uploads\/2024\/03\/hogares.jpg"},"aioseo_meta_data":{"post_id":"8792","title":null,"description":"Encender la luz de una habitaci\u00f3n, abrir la puerta de la cochera, abrir la ventana o hasta calentar comida en el microondas, son facilidades que proporcionan","keywords":[],"keyphrases":{"focus":{"keyphrase":"hogares","score":68,"analysis":{"keyphraseInTitle":{"score":9,"maxScore":9,"error":0},"keyphraseInDescription":{"score":3,"maxScore":9,"error":1},"keyphraseLength":{"score":9,"maxScore":9,"error":0,"length":1},"keyphraseInURL":{"score":1,"maxScore":5,"error":1},"keyphraseInIntroduction":{"score":9,"maxScore":9,"error":0},"keyphraseInSubHeadings":[],"keyphraseInImageAlt":{"score":9,"maxScore":9,"error":0},"keywordDensity":{"score":0,"type":"low","maxScore":9,"error":1}}},"additional":[{"keyphrase":"hogares","score":67,"analysis":{"keyphraseInDescription":{"score":3,"maxScore":9,"error":1},"keyphraseLength":{"score":9,"maxScore":9,"error":0,"length":1},"keyphraseInIntroduction":{"score":9,"maxScore":9,"error":0},"keyphraseInImageAlt":{"score":9,"maxScore":9,"error":0},"keywordDensity":{"score":0,"type":"low","maxScore":9,"error":1}}}]},"primary_term":null,"canonical_url":null,"og_title":null,"og_description":null,"og_object_type":"default","og_image_type":"default","og_image_url":null,"og_image_width":null,"og_image_height":null,"og_image_custom_url":null,"og_image_custom_fields":null,"og_video":"","og_custom_url":null,"og_article_section":null,"og_article_tags":[],"twitter_use_og":false,"twitter_card":"default","twitter_image_type":"default","twitter_image_url":null,"twitter_image_custom_url":null,"twitter_image_custom_fields":null,"twitter_title":null,"twitter_description":null,"schema":{"blockGraphs":[],"customGraphs":[],"default":{"data":{"Article":[],"Course":[],"Dataset":[],"FAQPage":[],"Movie":[],"Person":[],"Product":[],"ProductReview":[],"Car":[],"Recipe":[],"Service":[],"SoftwareApplication":[],"WebPage":[]},"graphName":"NewsArticle","isEnabled":true},"graphs":[]},"schema_type":"default","schema_type_options":null,"pillar_content":false,"robots_default":true,"robots_noindex":false,"robots_noarchive":false,"robots_nosnippet":false,"robots_nofollow":false,"robots_noimageindex":false,"robots_noodp":false,"robots_notranslate":false,"robots_max_snippet":"-1","robots_max_videopreview":"-1","robots_max_imagepreview":"large","priority":null,"frequency":"default","location":null,"local_seo":null,"seo_analyzer_scan_date":"2025-08-28 22:24:30","breadcrumb_settings":null,"limit_modified_date":false,"open_ai":"{\"title\":{\"suggestions\":[],\"usage\":0},\"description\":{\"suggestions\":[],\"usage\":0}}","ai":null,"created":"2024-03-17 03:02:00","updated":"2025-08-28 22:24:30"},"aioseo_breadcrumb":"<div class=\"aioseo-breadcrumbs\"><span class=\"aioseo-breadcrumb\">\n\t<a href=\"https:\/\/eldigitaldeasturias.com\/radio\" title=\"Inicio\">Inicio<\/a>\n<\/span><span class=\"aioseo-breadcrumb-separator\">&ndash;<\/span><span class=\"aioseo-breadcrumb\">\n\t<a href=\"https:\/\/eldigitaldeasturias.com\/radio\/category\/live\/\" title=\"Live\">Live<\/a>\n<\/span><span class=\"aioseo-breadcrumb-separator\">&ndash;<\/span><span class=\"aioseo-breadcrumb\">\n\tLos hogares inteligentes y sus beneficios para personas con discapacidad\n<\/span><\/div>","aioseo_breadcrumb_json":[{"label":"Inicio","link":"https:\/\/eldigitaldeasturias.com\/radio"},{"label":"Live","link":"https:\/\/eldigitaldeasturias.com\/radio\/category\/live\/"},{"label":"Los hogares inteligentes y sus beneficios para personas con discapacidad","link":"https:\/\/eldigitaldeasturias.com\/radio\/los-hogares-inteligentes-y-sus-beneficios-para-personas-con-discapacidad\/"}],"_links":{"self":[{"href":"https:\/\/eldigitaldeasturias.com\/radio\/wp-json\/wp\/v2\/posts\/8792","targetHints":{"allow":["GET"]}}],"collection":[{"href":"https:\/\/eldigitaldeasturias.com\/radio\/wp-json\/wp\/v2\/posts"}],"about":[{"href":"https:\/\/eldigitaldeasturias.com\/radio\/wp-json\/wp\/v2\/types\/post"}],"author":[{"embeddable":true,"href":"https:\/\/eldigitaldeasturias.com\/radio\/wp-json\/wp\/v2\/users\/1"}],"replies":[{"embeddable":true,"href":"https:\/\/eldigitaldeasturias.com\/radio\/wp-json\/wp\/v2\/comments?post=8792"}],"version-history":[{"count":0,"href":"https:\/\/eldigitaldeasturias.com\/radio\/wp-json\/wp\/v2\/posts\/8792\/revisions"}],"wp:featuredmedia":[{"embeddable":true,"href":"https:\/\/eldigitaldeasturias.com\/radio\/wp-json\/wp\/v2\/media\/8793"}],"wp:attachment":[{"href":"https:\/\/eldigitaldeasturias.com\/radio\/wp-json\/wp\/v2\/media?parent=8792"}],"wp:term":[{"taxonomy":"category","embeddable":true,"href":"https:\/\/eldigitaldeasturias.com\/radio\/wp-json\/wp\/v2\/categories?post=8792"},{"taxonomy":"post_tag","embeddable":true,"href":"https:\/\/eldigitaldeasturias.com\/radio\/wp-json\/wp\/v2\/tags?post=8792"}],"curies":[{"name":"wp","href":"https:\/\/api.w.org\/{rel}","templated":true}]}}