{"id":8751,"date":"2024-03-11T00:38:21","date_gmt":"2024-03-10T23:38:21","guid":{"rendered":"https:\/\/eldigitaldeasturias.com\/radio\/?p=8751"},"modified":"2024-03-11T00:38:21","modified_gmt":"2024-03-10T23:38:21","slug":"materiales-san-cayetano-express-en-la-47a-edicion-de-la-feria-internacional-de-franquicias","status":"publish","type":"post","link":"https:\/\/eldigitaldeasturias.com\/radio\/materiales-san-cayetano-express-en-la-47a-edicion-de-la-feria-internacional-de-franquicias\/","title":{"rendered":"Materiales San Cayetano Express en la 47\u00aa edici\u00f3n de la Feria Internacional de Franquicias"},"content":{"rendered":"<p>NotiPress: La 47\u00aa <strong>Feria Internacional de Franquicias\u00a0<\/strong>(FIF), celebrada en el\u00a0<strong>World Trade Center<\/strong>\u00a0(WTC) de\u00a0<strong>Ciudad de M\u00e9xico\u00a0<\/strong>del 7 al 9 de marzo de 2024 reuni\u00f3 a m\u00e1s de 200 expositores del sector. Por su parte, alrededor de 10 mil inversionistas potenciales buscan modelos de negocios que disminuyan los riesgos de fracasos, inform\u00f3 la\u00a0<span style=\"color: #ff6600;\"><strong>FIF<\/strong><\/span>.<\/p>\n<figure id=\"attachment_8752\" aria-describedby=\"caption-attachment-8752\" style=\"width: 1004px\" class=\"wp-caption aligncenter\"><img fetchpriority=\"high\" decoding=\"async\" class=\"size-full wp-image-8752\" src=\"https:\/\/eldigitaldeasturias.com\/radio\/wp-content\/uploads\/2024\/03\/San-Cayetano-Express.jpg\" alt=\"San Cayetano Express\" width=\"1004\" height=\"672\" srcset=\"https:\/\/eldigitaldeasturias.com\/radio\/wp-content\/uploads\/2024\/03\/San-Cayetano-Express.jpg 1004w, https:\/\/eldigitaldeasturias.com\/radio\/wp-content\/uploads\/2024\/03\/San-Cayetano-Express-360x241.jpg 360w, https:\/\/eldigitaldeasturias.com\/radio\/wp-content\/uploads\/2024\/03\/San-Cayetano-Express-650x435.jpg 650w, https:\/\/eldigitaldeasturias.com\/radio\/wp-content\/uploads\/2024\/03\/San-Cayetano-Express-768x514.jpg 768w, https:\/\/eldigitaldeasturias.com\/radio\/wp-content\/uploads\/2024\/03\/San-Cayetano-Express-150x100.jpg 150w, https:\/\/eldigitaldeasturias.com\/radio\/wp-content\/uploads\/2024\/03\/San-Cayetano-Express-450x301.jpg 450w\" sizes=\"(max-width: 1004px) 100vw, 1004px\" \/><figcaption id=\"caption-attachment-8752\" class=\"wp-caption-text\">Foto: Sergio F Cara (NotiPress)<\/figcaption><\/figure>\n<p>Con un enfoque \u00fanico en la\u00a0<strong><span style=\"color: #ff6600;\"><a style=\"color: #ff6600;\" href=\"https:\/\/notipress.mx\/negocios\/autoconstruccion-en-mexico-tendencia-clave-de-la-industria-segun-expertos-17362\" target=\"_blank\" rel=\"nofollow noopener\">autoconstrucci\u00f3n<\/a><\/span><\/strong>\u00a0Materiales San Cayetano Express se present\u00f3 como protagonista en la FIF. Esta empresa captur\u00f3 la atenci\u00f3n al demostrar c\u00f3mo un\u00a0<strong>nicho espec\u00edfico puede transformarse en una oportunidad de negocio con un gran potencial<\/strong>.\u00a0<strong>Oscar Montoya<\/strong>, director general de la empresa, explic\u00f3 para\u00a0<strong>NotiPress<\/strong>, se busca ofrecer materiales de calidad y accesibles aunque tambi\u00e9n fomentar la educaci\u00f3n y la seguridad en un sector donde predominan las construcciones sin supervisi\u00f3n profesional.<\/p>\n<p>Desde su primera tienda abierta en 2021, su modelo de franquicias lanzado en 2023 demostr\u00f3 ser un \u00e9xito, expandi\u00e9ndose r\u00e1pidamente en la\u00a0<strong>Ciudad de M\u00e9xico<\/strong>\u00a0y el\u00a0<strong>Estado de M\u00e9xico<\/strong>. Esta expansi\u00f3n explica la demanda existente y el \u00e9xito del concepto de San Cayetano, que va m\u00e1s all\u00e1 de la venta de materiales, ofreciendo\u00a0<span style=\"color: #ff6600;\"><strong><a style=\"color: #ff6600;\" href=\"https:\/\/notipress.mx\/negocios\/construye-tu-futuro-campana-transforma-educacion-construccion--19679\" target=\"_blank\" rel=\"nofollow noopener\">capacitaciones para asegurar construcciones seguras<\/a><\/strong><\/span>\u00a0y duraderas. La empresa mexicana asegura,\u00a0<span style=\"color: #ff6600;\"><a style=\"color: #ff6600;\" href=\"https:\/\/notipress.mx\/negocios\/urge-fomentar-construccion-segura-asentamientos-irregulares-cuatepec-19857\" rel=\"nofollow\">urge fomentar la construcci\u00f3n segura en asentamientos irregulares<\/a><\/span>\u00a0en Cuatepec, sitio donde abri\u00f3 la sucursal m\u00e1s reciente en febrero de 2024.<\/p>\n<p>La participaci\u00f3n de\u00a0<strong>San Cayetano Express<\/strong>\u00a0en la FIF es una apuesta al enfoque innovador y educativo en el mercado de la autoconstrucci\u00f3n. Asimismo, este enfoque beneficia a los constructores y promete un crecimiento continuo y sostenible en el mercado de franquicias.<\/p>\n<p>Por Francisco Vicario<\/p>\n","protected":false},"excerpt":{"rendered":"<p>NotiPress: La 47\u00aa Feria Internacional de Franquicias\u00a0(FIF), celebrada en el\u00a0World Trade Center\u00a0(WTC) de\u00a0Ciudad de M\u00e9xico\u00a0del 7 al 9 de marzo de 2024 reuni\u00f3 a m\u00e1s de 200 expositores del sector. Por su parte, alrededor de 10 mil inversionistas potenciales buscan modelos de negocios que disminuyan los riesgos de fracasos, inform\u00f3 la\u00a0FIF. Con un enfoque \u00fanico<\/p>\n","protected":false},"author":1,"featured_media":8752,"comment_status":"closed","ping_status":"closed","sticky":false,"template":"","format":"standard","meta":{"footnotes":""},"categories":[35],"tags":[43],"class_list":{"0":"post-8751","1":"post","2":"type-post","3":"status-publish","4":"format-standard","5":"has-post-thumbnail","7":"category-negocios","8":"tag-empresas"},"aioseo_notices":[],"aioseo_head":"\n\t\t<!-- All in One SEO Pro 4.9.6.2 - aioseo.com -->\n\t<meta name=\"description\" content=\"La 47\u00aa Feria Internacional de Franquicias (FIF), celebrada en el World Trade Center (WTC) de Ciudad de M\u00e9xico del 7 al 9 de marzo de 2024 reuni\u00f3 a m\u00e1s de 200\" \/>\n\t<meta name=\"robots\" content=\"max-image-preview:large\" \/>\n\t<meta name=\"author\" content=\"NBAsturias\"\/>\n\t<meta name=\"google-site-verification\" content=\"UA-38556648-1\" \/>\n\t<meta name=\"keywords\" content=\"negocios\" \/>\n\t<link rel=\"canonical\" href=\"https:\/\/eldigitaldeasturias.com\/radio\/materiales-san-cayetano-express-en-la-47a-edicion-de-la-feria-internacional-de-franquicias\/\" \/>\n\t<meta name=\"generator\" content=\"All in One SEO Pro (AIOSEO) 4.9.6.2\" \/>\n\t\t<meta property=\"og:locale\" content=\"es_ES\" \/>\n\t\t<meta property=\"og:site_name\" content=\"El Digital de Asturias | Diario de informaci\u00f3n y noticias\" \/>\n\t\t<meta property=\"og:type\" content=\"article\" \/>\n\t\t<meta property=\"og:title\" content=\"Materiales San Cayetano Express en la 47\u00aa edici\u00f3n de la Feria Internacional de Franquicias | El Digital de Asturias\" \/>\n\t\t<meta property=\"og:description\" content=\"La 47\u00aa Feria Internacional de Franquicias (FIF), celebrada en el World Trade Center (WTC) de Ciudad de M\u00e9xico del 7 al 9 de marzo de 2024 reuni\u00f3 a m\u00e1s de 200\" \/>\n\t\t<meta property=\"og:url\" content=\"https:\/\/eldigitaldeasturias.com\/radio\/materiales-san-cayetano-express-en-la-47a-edicion-de-la-feria-internacional-de-franquicias\/\" \/>\n\t\t<meta property=\"og:image\" content=\"https:\/\/eldigitaldeasturias.com\/radio\/wp-content\/uploads\/2024\/03\/San-Cayetano-Express.jpg\" \/>\n\t\t<meta property=\"og:image:secure_url\" content=\"https:\/\/eldigitaldeasturias.com\/radio\/wp-content\/uploads\/2024\/03\/San-Cayetano-Express.jpg\" \/>\n\t\t<meta property=\"og:image:width\" content=\"1004\" \/>\n\t\t<meta property=\"og:image:height\" content=\"672\" \/>\n\t\t<meta property=\"article:published_time\" content=\"2024-03-10T23:38:21+00:00\" \/>\n\t\t<meta property=\"article:modified_time\" content=\"2024-03-10T23:38:21+00:00\" \/>\n\t\t<meta name=\"twitter:card\" content=\"summary_large_image\" \/>\n\t\t<meta name=\"twitter:site\" content=\"@bercodi\" \/>\n\t\t<meta name=\"twitter:title\" content=\"Materiales San Cayetano Express en la 47\u00aa edici\u00f3n de la Feria Internacional de Franquicias | El Digital de Asturias\" \/>\n\t\t<meta name=\"twitter:description\" content=\"La 47\u00aa Feria Internacional de Franquicias (FIF), celebrada en el World Trade Center (WTC) de Ciudad de M\u00e9xico del 7 al 9 de marzo de 2024 reuni\u00f3 a m\u00e1s de 200\" \/>\n\t\t<meta name=\"twitter:creator\" content=\"@bercodi\" \/>\n\t\t<meta name=\"twitter:image\" content=\"https:\/\/eldigitaldeasturias.com\/radio\/wp-content\/uploads\/2024\/03\/San-Cayetano-Express.jpg\" \/>\n\t\t<script type=\"application\/ld+json\" class=\"aioseo-schema\">\n\t\t\t{\"@context\":\"https:\\\/\\\/schema.org\",\"@graph\":[{\"@type\":\"BreadcrumbList\",\"@id\":\"https:\\\/\\\/eldigitaldeasturias.com\\\/radio\\\/materiales-san-cayetano-express-en-la-47a-edicion-de-la-feria-internacional-de-franquicias\\\/#breadcrumblist\",\"itemListElement\":[{\"@type\":\"ListItem\",\"@id\":\"https:\\\/\\\/eldigitaldeasturias.com\\\/radio#listItem\",\"position\":1,\"name\":\"Inicio\",\"item\":\"https:\\\/\\\/eldigitaldeasturias.com\\\/radio\",\"nextItem\":{\"@type\":\"ListItem\",\"@id\":\"https:\\\/\\\/eldigitaldeasturias.com\\\/radio\\\/category\\\/negocios\\\/#listItem\",\"name\":\"Negocios\"}},{\"@type\":\"ListItem\",\"@id\":\"https:\\\/\\\/eldigitaldeasturias.com\\\/radio\\\/category\\\/negocios\\\/#listItem\",\"position\":2,\"name\":\"Negocios\",\"item\":\"https:\\\/\\\/eldigitaldeasturias.com\\\/radio\\\/category\\\/negocios\\\/\",\"nextItem\":{\"@type\":\"ListItem\",\"@id\":\"https:\\\/\\\/eldigitaldeasturias.com\\\/radio\\\/materiales-san-cayetano-express-en-la-47a-edicion-de-la-feria-internacional-de-franquicias\\\/#listItem\",\"name\":\"Materiales San Cayetano Express en la 47\\u00aa edici\\u00f3n de la Feria Internacional de Franquicias\"},\"previousItem\":{\"@type\":\"ListItem\",\"@id\":\"https:\\\/\\\/eldigitaldeasturias.com\\\/radio#listItem\",\"name\":\"Inicio\"}},{\"@type\":\"ListItem\",\"@id\":\"https:\\\/\\\/eldigitaldeasturias.com\\\/radio\\\/materiales-san-cayetano-express-en-la-47a-edicion-de-la-feria-internacional-de-franquicias\\\/#listItem\",\"position\":3,\"name\":\"Materiales San Cayetano Express en la 47\\u00aa edici\\u00f3n de la Feria Internacional de Franquicias\",\"previousItem\":{\"@type\":\"ListItem\",\"@id\":\"https:\\\/\\\/eldigitaldeasturias.com\\\/radio\\\/category\\\/negocios\\\/#listItem\",\"name\":\"Negocios\"}}]},{\"@type\":\"NewsArticle\",\"@id\":\"https:\\\/\\\/eldigitaldeasturias.com\\\/radio\\\/materiales-san-cayetano-express-en-la-47a-edicion-de-la-feria-internacional-de-franquicias\\\/#newsarticle\",\"name\":\"Materiales San Cayetano Express en la 47\\u00aa edici\\u00f3n de la Feria Internacional de Franquicias | El Digital de Asturias\",\"headline\":\"Materiales San Cayetano Express en la 47\\u00aa edici\\u00f3n de la Feria Internacional de Franquicias\",\"author\":{\"@id\":\"https:\\\/\\\/eldigitaldeasturias.com\\\/radio\\\/author\\\/nbasturias\\\/#author\"},\"publisher\":{\"@id\":\"https:\\\/\\\/eldigitaldeasturias.com\\\/radio\\\/#organization\"},\"image\":{\"@type\":\"ImageObject\",\"url\":\"https:\\\/\\\/eldigitaldeasturias.com\\\/radio\\\/wp-content\\\/uploads\\\/2024\\\/03\\\/San-Cayetano-Express.jpg\",\"width\":1004,\"height\":672,\"caption\":\"Foto: Sergio F Cara (NotiPress)\"},\"datePublished\":\"2024-03-11T00:38:21+01:00\",\"dateModified\":\"2024-03-11T00:38:21+01:00\",\"inLanguage\":\"es-ES\",\"mainEntityOfPage\":{\"@id\":\"https:\\\/\\\/eldigitaldeasturias.com\\\/radio\\\/materiales-san-cayetano-express-en-la-47a-edicion-de-la-feria-internacional-de-franquicias\\\/#webpage\"},\"isPartOf\":{\"@id\":\"https:\\\/\\\/eldigitaldeasturias.com\\\/radio\\\/materiales-san-cayetano-express-en-la-47a-edicion-de-la-feria-internacional-de-franquicias\\\/#webpage\"},\"articleSection\":\"Negocios, empresas\",\"dateline\":\"Publicado el marzo 11, 2024.\"},{\"@type\":\"Organization\",\"@id\":\"https:\\\/\\\/eldigitaldeasturias.com\\\/radio\\\/#organization\",\"name\":\"El digital de Asturias Radio\",\"description\":\"Diario de informaci\\u00f3n y noticias\",\"url\":\"https:\\\/\\\/eldigitaldeasturias.com\\\/radio\\\/\",\"telephone\":\"+34652131393\",\"logo\":{\"@type\":\"ImageObject\",\"url\":\"https:\\\/\\\/www.eldigitaldeasturias.com\\\/radio\\\/wp-content\\\/uploads\\\/2021\\\/03\\\/EDA.jpg\",\"@id\":\"https:\\\/\\\/eldigitaldeasturias.com\\\/radio\\\/materiales-san-cayetano-express-en-la-47a-edicion-de-la-feria-internacional-de-franquicias\\\/#organizationLogo\"},\"image\":{\"@id\":\"https:\\\/\\\/eldigitaldeasturias.com\\\/radio\\\/materiales-san-cayetano-express-en-la-47a-edicion-de-la-feria-internacional-de-franquicias\\\/#organizationLogo\"},\"sameAs\":[\"https:\\\/\\\/www.facebook.com\\\/\",\"https:\\\/\\\/x.com\\\/bercodi\",\"https:\\\/\\\/www.instagram.com\\\/\",\"https:\\\/\\\/www.youtube.com\\\/channel\\\/UCZP-2wLEB9Rv6erhFmqVnvg\"]},{\"@type\":\"Person\",\"@id\":\"https:\\\/\\\/eldigitaldeasturias.com\\\/radio\\\/author\\\/nbasturias\\\/#author\",\"url\":\"https:\\\/\\\/eldigitaldeasturias.com\\\/radio\\\/author\\\/nbasturias\\\/\",\"name\":\"NBAsturias\",\"image\":{\"@type\":\"ImageObject\",\"@id\":\"https:\\\/\\\/eldigitaldeasturias.com\\\/radio\\\/materiales-san-cayetano-express-en-la-47a-edicion-de-la-feria-internacional-de-franquicias\\\/#authorImage\",\"url\":\"https:\\\/\\\/secure.gravatar.com\\\/avatar\\\/df2aeffc32bcd13f8d26072ef8a91b623d677766deac7f97ca815868cd41bf5e?s=96&d=mm&r=g\",\"width\":96,\"height\":96,\"caption\":\"NBAsturias\"}},{\"@type\":\"WebPage\",\"@id\":\"https:\\\/\\\/eldigitaldeasturias.com\\\/radio\\\/materiales-san-cayetano-express-en-la-47a-edicion-de-la-feria-internacional-de-franquicias\\\/#webpage\",\"url\":\"https:\\\/\\\/eldigitaldeasturias.com\\\/radio\\\/materiales-san-cayetano-express-en-la-47a-edicion-de-la-feria-internacional-de-franquicias\\\/\",\"name\":\"Materiales San Cayetano Express en la 47\\u00aa edici\\u00f3n de la Feria Internacional de Franquicias | El Digital de Asturias\",\"description\":\"La 47\\u00aa Feria Internacional de Franquicias (FIF), celebrada en el World Trade Center (WTC) de Ciudad de M\\u00e9xico del 7 al 9 de marzo de 2024 reuni\\u00f3 a m\\u00e1s de 200\",\"inLanguage\":\"es-ES\",\"isPartOf\":{\"@id\":\"https:\\\/\\\/eldigitaldeasturias.com\\\/radio\\\/#website\"},\"breadcrumb\":{\"@id\":\"https:\\\/\\\/eldigitaldeasturias.com\\\/radio\\\/materiales-san-cayetano-express-en-la-47a-edicion-de-la-feria-internacional-de-franquicias\\\/#breadcrumblist\"},\"author\":{\"@id\":\"https:\\\/\\\/eldigitaldeasturias.com\\\/radio\\\/author\\\/nbasturias\\\/#author\"},\"creator\":{\"@id\":\"https:\\\/\\\/eldigitaldeasturias.com\\\/radio\\\/author\\\/nbasturias\\\/#author\"},\"image\":{\"@type\":\"ImageObject\",\"url\":\"https:\\\/\\\/eldigitaldeasturias.com\\\/radio\\\/wp-content\\\/uploads\\\/2024\\\/03\\\/San-Cayetano-Express.jpg\",\"@id\":\"https:\\\/\\\/eldigitaldeasturias.com\\\/radio\\\/materiales-san-cayetano-express-en-la-47a-edicion-de-la-feria-internacional-de-franquicias\\\/#mainImage\",\"width\":1004,\"height\":672,\"caption\":\"Foto: Sergio F Cara (NotiPress)\"},\"primaryImageOfPage\":{\"@id\":\"https:\\\/\\\/eldigitaldeasturias.com\\\/radio\\\/materiales-san-cayetano-express-en-la-47a-edicion-de-la-feria-internacional-de-franquicias\\\/#mainImage\"},\"datePublished\":\"2024-03-11T00:38:21+01:00\",\"dateModified\":\"2024-03-11T00:38:21+01:00\"},{\"@type\":\"WebSite\",\"@id\":\"https:\\\/\\\/eldigitaldeasturias.com\\\/radio\\\/#website\",\"url\":\"https:\\\/\\\/eldigitaldeasturias.com\\\/radio\\\/\",\"name\":\"El Digital de Asturias\",\"description\":\"Diario de informaci\\u00f3n y noticias\",\"inLanguage\":\"es-ES\",\"publisher\":{\"@id\":\"https:\\\/\\\/eldigitaldeasturias.com\\\/radio\\\/#organization\"}}]}\n\t\t<\/script>\n\t\t<!-- All in One SEO Pro -->\r\n\t\t<title>Materiales San Cayetano Express en la 47\u00aa edici\u00f3n de la Feria Internacional de Franquicias | El Digital de Asturias<\/title>\n\n","aioseo_head_json":{"title":"Materiales San Cayetano Express en la 47\u00aa edici\u00f3n de la Feria Internacional de Franquicias | El Digital de Asturias","description":"La 47\u00aa Feria Internacional de Franquicias (FIF), celebrada en el World Trade Center (WTC) de Ciudad de M\u00e9xico del 7 al 9 de marzo de 2024 reuni\u00f3 a m\u00e1s de 200","canonical_url":"https:\/\/eldigitaldeasturias.com\/radio\/materiales-san-cayetano-express-en-la-47a-edicion-de-la-feria-internacional-de-franquicias\/","robots":"max-image-preview:large","keywords":"negocios","webmasterTools":{"google-site-verification":"UA-38556648-1","miscellaneous":""},"schema":{"@context":"https:\/\/schema.org","@graph":[{"@type":"BreadcrumbList","@id":"https:\/\/eldigitaldeasturias.com\/radio\/materiales-san-cayetano-express-en-la-47a-edicion-de-la-feria-internacional-de-franquicias\/#breadcrumblist","itemListElement":[{"@type":"ListItem","@id":"https:\/\/eldigitaldeasturias.com\/radio#listItem","position":1,"name":"Inicio","item":"https:\/\/eldigitaldeasturias.com\/radio","nextItem":{"@type":"ListItem","@id":"https:\/\/eldigitaldeasturias.com\/radio\/category\/negocios\/#listItem","name":"Negocios"}},{"@type":"ListItem","@id":"https:\/\/eldigitaldeasturias.com\/radio\/category\/negocios\/#listItem","position":2,"name":"Negocios","item":"https:\/\/eldigitaldeasturias.com\/radio\/category\/negocios\/","nextItem":{"@type":"ListItem","@id":"https:\/\/eldigitaldeasturias.com\/radio\/materiales-san-cayetano-express-en-la-47a-edicion-de-la-feria-internacional-de-franquicias\/#listItem","name":"Materiales San Cayetano Express en la 47\u00aa edici\u00f3n de la Feria Internacional de Franquicias"},"previousItem":{"@type":"ListItem","@id":"https:\/\/eldigitaldeasturias.com\/radio#listItem","name":"Inicio"}},{"@type":"ListItem","@id":"https:\/\/eldigitaldeasturias.com\/radio\/materiales-san-cayetano-express-en-la-47a-edicion-de-la-feria-internacional-de-franquicias\/#listItem","position":3,"name":"Materiales San Cayetano Express en la 47\u00aa edici\u00f3n de la Feria Internacional de Franquicias","previousItem":{"@type":"ListItem","@id":"https:\/\/eldigitaldeasturias.com\/radio\/category\/negocios\/#listItem","name":"Negocios"}}]},{"@type":"NewsArticle","@id":"https:\/\/eldigitaldeasturias.com\/radio\/materiales-san-cayetano-express-en-la-47a-edicion-de-la-feria-internacional-de-franquicias\/#newsarticle","name":"Materiales San Cayetano Express en la 47\u00aa edici\u00f3n de la Feria Internacional de Franquicias | El Digital de Asturias","headline":"Materiales San Cayetano Express en la 47\u00aa edici\u00f3n de la Feria Internacional de Franquicias","author":{"@id":"https:\/\/eldigitaldeasturias.com\/radio\/author\/nbasturias\/#author"},"publisher":{"@id":"https:\/\/eldigitaldeasturias.com\/radio\/#organization"},"image":{"@type":"ImageObject","url":"https:\/\/eldigitaldeasturias.com\/radio\/wp-content\/uploads\/2024\/03\/San-Cayetano-Express.jpg","width":1004,"height":672,"caption":"Foto: Sergio F Cara (NotiPress)"},"datePublished":"2024-03-11T00:38:21+01:00","dateModified":"2024-03-11T00:38:21+01:00","inLanguage":"es-ES","mainEntityOfPage":{"@id":"https:\/\/eldigitaldeasturias.com\/radio\/materiales-san-cayetano-express-en-la-47a-edicion-de-la-feria-internacional-de-franquicias\/#webpage"},"isPartOf":{"@id":"https:\/\/eldigitaldeasturias.com\/radio\/materiales-san-cayetano-express-en-la-47a-edicion-de-la-feria-internacional-de-franquicias\/#webpage"},"articleSection":"Negocios, empresas","dateline":"Publicado el marzo 11, 2024."},{"@type":"Organization","@id":"https:\/\/eldigitaldeasturias.com\/radio\/#organization","name":"El digital de Asturias Radio","description":"Diario de informaci\u00f3n y noticias","url":"https:\/\/eldigitaldeasturias.com\/radio\/","telephone":"+34652131393","logo":{"@type":"ImageObject","url":"https:\/\/www.eldigitaldeasturias.com\/radio\/wp-content\/uploads\/2021\/03\/EDA.jpg","@id":"https:\/\/eldigitaldeasturias.com\/radio\/materiales-san-cayetano-express-en-la-47a-edicion-de-la-feria-internacional-de-franquicias\/#organizationLogo"},"image":{"@id":"https:\/\/eldigitaldeasturias.com\/radio\/materiales-san-cayetano-express-en-la-47a-edicion-de-la-feria-internacional-de-franquicias\/#organizationLogo"},"sameAs":["https:\/\/www.facebook.com\/","https:\/\/x.com\/bercodi","https:\/\/www.instagram.com\/","https:\/\/www.youtube.com\/channel\/UCZP-2wLEB9Rv6erhFmqVnvg"]},{"@type":"Person","@id":"https:\/\/eldigitaldeasturias.com\/radio\/author\/nbasturias\/#author","url":"https:\/\/eldigitaldeasturias.com\/radio\/author\/nbasturias\/","name":"NBAsturias","image":{"@type":"ImageObject","@id":"https:\/\/eldigitaldeasturias.com\/radio\/materiales-san-cayetano-express-en-la-47a-edicion-de-la-feria-internacional-de-franquicias\/#authorImage","url":"https:\/\/secure.gravatar.com\/avatar\/df2aeffc32bcd13f8d26072ef8a91b623d677766deac7f97ca815868cd41bf5e?s=96&d=mm&r=g","width":96,"height":96,"caption":"NBAsturias"}},{"@type":"WebPage","@id":"https:\/\/eldigitaldeasturias.com\/radio\/materiales-san-cayetano-express-en-la-47a-edicion-de-la-feria-internacional-de-franquicias\/#webpage","url":"https:\/\/eldigitaldeasturias.com\/radio\/materiales-san-cayetano-express-en-la-47a-edicion-de-la-feria-internacional-de-franquicias\/","name":"Materiales San Cayetano Express en la 47\u00aa edici\u00f3n de la Feria Internacional de Franquicias | El Digital de Asturias","description":"La 47\u00aa Feria Internacional de Franquicias (FIF), celebrada en el World Trade Center (WTC) de Ciudad de M\u00e9xico del 7 al 9 de marzo de 2024 reuni\u00f3 a m\u00e1s de 200","inLanguage":"es-ES","isPartOf":{"@id":"https:\/\/eldigitaldeasturias.com\/radio\/#website"},"breadcrumb":{"@id":"https:\/\/eldigitaldeasturias.com\/radio\/materiales-san-cayetano-express-en-la-47a-edicion-de-la-feria-internacional-de-franquicias\/#breadcrumblist"},"author":{"@id":"https:\/\/eldigitaldeasturias.com\/radio\/author\/nbasturias\/#author"},"creator":{"@id":"https:\/\/eldigitaldeasturias.com\/radio\/author\/nbasturias\/#author"},"image":{"@type":"ImageObject","url":"https:\/\/eldigitaldeasturias.com\/radio\/wp-content\/uploads\/2024\/03\/San-Cayetano-Express.jpg","@id":"https:\/\/eldigitaldeasturias.com\/radio\/materiales-san-cayetano-express-en-la-47a-edicion-de-la-feria-internacional-de-franquicias\/#mainImage","width":1004,"height":672,"caption":"Foto: Sergio F Cara (NotiPress)"},"primaryImageOfPage":{"@id":"https:\/\/eldigitaldeasturias.com\/radio\/materiales-san-cayetano-express-en-la-47a-edicion-de-la-feria-internacional-de-franquicias\/#mainImage"},"datePublished":"2024-03-11T00:38:21+01:00","dateModified":"2024-03-11T00:38:21+01:00"},{"@type":"WebSite","@id":"https:\/\/eldigitaldeasturias.com\/radio\/#website","url":"https:\/\/eldigitaldeasturias.com\/radio\/","name":"El Digital de Asturias","description":"Diario de informaci\u00f3n y noticias","inLanguage":"es-ES","publisher":{"@id":"https:\/\/eldigitaldeasturias.com\/radio\/#organization"}}]},"og:locale":"es_ES","og:site_name":"El Digital de Asturias | Diario de informaci\u00f3n y noticias","og:type":"article","og:title":"Materiales San Cayetano Express en la 47\u00aa edici\u00f3n de la Feria Internacional de Franquicias | El Digital de Asturias","og:description":"La 47\u00aa Feria Internacional de Franquicias (FIF), celebrada en el World Trade Center (WTC) de Ciudad de M\u00e9xico del 7 al 9 de marzo de 2024 reuni\u00f3 a m\u00e1s de 200","og:url":"https:\/\/eldigitaldeasturias.com\/radio\/materiales-san-cayetano-express-en-la-47a-edicion-de-la-feria-internacional-de-franquicias\/","og:image":"https:\/\/eldigitaldeasturias.com\/radio\/wp-content\/uploads\/2024\/03\/San-Cayetano-Express.jpg","og:image:secure_url":"https:\/\/eldigitaldeasturias.com\/radio\/wp-content\/uploads\/2024\/03\/San-Cayetano-Express.jpg","og:image:width":1004,"og:image:height":672,"article:published_time":"2024-03-10T23:38:21+00:00","article:modified_time":"2024-03-10T23:38:21+00:00","twitter:card":"summary_large_image","twitter:site":"@bercodi","twitter:title":"Materiales San Cayetano Express en la 47\u00aa edici\u00f3n de la Feria Internacional de Franquicias | El Digital de Asturias","twitter:description":"La 47\u00aa Feria Internacional de Franquicias (FIF), celebrada en el World Trade Center (WTC) de Ciudad de M\u00e9xico del 7 al 9 de marzo de 2024 reuni\u00f3 a m\u00e1s de 200","twitter:creator":"@bercodi","twitter:image":"https:\/\/eldigitaldeasturias.com\/radio\/wp-content\/uploads\/2024\/03\/San-Cayetano-Express.jpg"},"aioseo_meta_data":{"post_id":"8751","title":null,"description":"La 47\u00aa Feria Internacional de Franquicias (FIF), celebrada en el World Trade Center (WTC) de Ciudad de M\u00e9xico del 7 al 9 de marzo de 2024 reuni\u00f3 a m\u00e1s de 200","keywords":[],"keyphrases":{"focus":{"keyphrase":"San Cayetano Express","score":73,"analysis":{"keyphraseInTitle":{"score":9,"maxScore":9,"error":0},"keyphraseInDescription":{"score":3,"maxScore":9,"error":1},"keyphraseLength":{"score":9,"maxScore":9,"error":0,"length":3},"keyphraseInURL":{"score":1,"maxScore":5,"error":1},"keyphraseInIntroduction":{"score":3,"maxScore":9,"error":1},"keyphraseInSubHeadings":[],"keyphraseInImageAlt":{"score":9,"maxScore":9,"error":0},"keywordDensity":{"type":"best","score":9,"maxScore":9,"error":0}}},"additional":[{"keyphrase":"San Cayetano Express","score":73,"analysis":{"keyphraseInDescription":{"score":3,"maxScore":9,"error":1},"keyphraseLength":{"score":9,"maxScore":9,"error":0,"length":3},"keyphraseInIntroduction":{"score":3,"maxScore":9,"error":1},"keyphraseInImageAlt":{"score":9,"maxScore":9,"error":0},"keywordDensity":{"type":"best","score":9,"maxScore":9,"error":0}}}]},"primary_term":null,"canonical_url":null,"og_title":null,"og_description":null,"og_object_type":"default","og_image_type":"default","og_image_url":null,"og_image_width":null,"og_image_height":null,"og_image_custom_url":null,"og_image_custom_fields":null,"og_video":"","og_custom_url":null,"og_article_section":null,"og_article_tags":[],"twitter_use_og":false,"twitter_card":"default","twitter_image_type":"default","twitter_image_url":null,"twitter_image_custom_url":null,"twitter_image_custom_fields":null,"twitter_title":null,"twitter_description":null,"schema":{"blockGraphs":[],"customGraphs":[],"default":{"data":{"Article":[],"Course":[],"Dataset":[],"FAQPage":[],"Movie":[],"Person":[],"Product":[],"ProductReview":[],"Car":[],"Recipe":[],"Service":[],"SoftwareApplication":[],"WebPage":[]},"graphName":"NewsArticle","isEnabled":true},"graphs":[]},"schema_type":"default","schema_type_options":null,"pillar_content":false,"robots_default":true,"robots_noindex":false,"robots_noarchive":false,"robots_nosnippet":false,"robots_nofollow":false,"robots_noimageindex":false,"robots_noodp":false,"robots_notranslate":false,"robots_max_snippet":"-1","robots_max_videopreview":"-1","robots_max_imagepreview":"large","priority":null,"frequency":"default","location":null,"local_seo":null,"seo_analyzer_scan_date":"2025-08-28 22:20:25","breadcrumb_settings":null,"limit_modified_date":false,"open_ai":"{\"title\":{\"suggestions\":[],\"usage\":0},\"description\":{\"suggestions\":[],\"usage\":0}}","ai":null,"created":"2024-03-10 23:27:39","updated":"2025-08-28 22:20:25"},"aioseo_breadcrumb":"<div class=\"aioseo-breadcrumbs\"><span class=\"aioseo-breadcrumb\">\n\t<a href=\"https:\/\/eldigitaldeasturias.com\/radio\" title=\"Inicio\">Inicio<\/a>\n<\/span><span class=\"aioseo-breadcrumb-separator\">&ndash;<\/span><span class=\"aioseo-breadcrumb\">\n\t<a href=\"https:\/\/eldigitaldeasturias.com\/radio\/category\/negocios\/\" title=\"Negocios\">Negocios<\/a>\n<\/span><span class=\"aioseo-breadcrumb-separator\">&ndash;<\/span><span class=\"aioseo-breadcrumb\">\n\tMateriales San Cayetano Express en la 47\u00aa edici\u00f3n de la Feria Internacional de Franquicias\n<\/span><\/div>","aioseo_breadcrumb_json":[{"label":"Inicio","link":"https:\/\/eldigitaldeasturias.com\/radio"},{"label":"Negocios","link":"https:\/\/eldigitaldeasturias.com\/radio\/category\/negocios\/"},{"label":"Materiales San Cayetano Express en la 47\u00aa edici\u00f3n de la Feria Internacional de Franquicias","link":"https:\/\/eldigitaldeasturias.com\/radio\/materiales-san-cayetano-express-en-la-47a-edicion-de-la-feria-internacional-de-franquicias\/"}],"_links":{"self":[{"href":"https:\/\/eldigitaldeasturias.com\/radio\/wp-json\/wp\/v2\/posts\/8751","targetHints":{"allow":["GET"]}}],"collection":[{"href":"https:\/\/eldigitaldeasturias.com\/radio\/wp-json\/wp\/v2\/posts"}],"about":[{"href":"https:\/\/eldigitaldeasturias.com\/radio\/wp-json\/wp\/v2\/types\/post"}],"author":[{"embeddable":true,"href":"https:\/\/eldigitaldeasturias.com\/radio\/wp-json\/wp\/v2\/users\/1"}],"replies":[{"embeddable":true,"href":"https:\/\/eldigitaldeasturias.com\/radio\/wp-json\/wp\/v2\/comments?post=8751"}],"version-history":[{"count":0,"href":"https:\/\/eldigitaldeasturias.com\/radio\/wp-json\/wp\/v2\/posts\/8751\/revisions"}],"wp:featuredmedia":[{"embeddable":true,"href":"https:\/\/eldigitaldeasturias.com\/radio\/wp-json\/wp\/v2\/media\/8752"}],"wp:attachment":[{"href":"https:\/\/eldigitaldeasturias.com\/radio\/wp-json\/wp\/v2\/media?parent=8751"}],"wp:term":[{"taxonomy":"category","embeddable":true,"href":"https:\/\/eldigitaldeasturias.com\/radio\/wp-json\/wp\/v2\/categories?post=8751"},{"taxonomy":"post_tag","embeddable":true,"href":"https:\/\/eldigitaldeasturias.com\/radio\/wp-json\/wp\/v2\/tags?post=8751"}],"curies":[{"name":"wp","href":"https:\/\/api.w.org\/{rel}","templated":true}]}}