{"id":8631,"date":"2024-02-25T02:27:04","date_gmt":"2024-02-25T01:27:04","guid":{"rendered":"https:\/\/eldigitaldeasturias.com\/radio\/?p=8631"},"modified":"2024-02-25T02:27:27","modified_gmt":"2024-02-25T01:27:27","slug":"repuestos-para-arreglar-la-secadora","status":"publish","type":"post","link":"https:\/\/eldigitaldeasturias.com\/radio\/repuestos-para-arreglar-la-secadora\/","title":{"rendered":"Repuestos para arreglar la secadora"},"content":{"rendered":"<p><strong>La secadora<\/strong> es uno de los <strong>electrodom\u00e9sticos del hogar<\/strong> m\u00e1s \u00fatiles durante los meses de invierno y tambi\u00e9n para las personas que por cuestiones de trabajo o falta de tendederos necesitan su ropa seca y en buen estado para sus tareas diarias. <strong>Comprar <a title=\"repuestos de secadora\" href=\"https:\/\/www.repuestosibr.es\/categoria-producto\/electrodomesticos\/secadora\/\" target=\"_blank\" rel=\"noopener\"><span style=\"color: #ff6600;\">repuestos de secadora<\/span><\/a> es una excelente opci\u00f3n cuando se desea solucionar alguno de esos problemas que pueden ir surgiendo con el paso del tiempo, uso o por una aver\u00eda.<\/strong><\/p>\n<p><img fetchpriority=\"high\" decoding=\"async\" class=\"aligncenter wp-image-8632 size-full\" src=\"https:\/\/eldigitaldeasturias.com\/radio\/wp-content\/uploads\/2024\/02\/la-secadora.jpg\" alt=\"la secadora\" width=\"640\" height=\"424\" srcset=\"https:\/\/eldigitaldeasturias.com\/radio\/wp-content\/uploads\/2024\/02\/la-secadora.jpg 640w, https:\/\/eldigitaldeasturias.com\/radio\/wp-content\/uploads\/2024\/02\/la-secadora-360x239.jpg 360w, https:\/\/eldigitaldeasturias.com\/radio\/wp-content\/uploads\/2024\/02\/la-secadora-150x99.jpg 150w, https:\/\/eldigitaldeasturias.com\/radio\/wp-content\/uploads\/2024\/02\/la-secadora-450x298.jpg 450w\" sizes=\"(max-width: 640px) 100vw, 640px\" \/><\/p>\n<p><strong>Una secadora que no funciona correctamente<\/strong> puede ser un gran inconveniente, especialmente cuando se depende de ella para las necesidades diarias de lavado y secado de las prendas, <strong>confiar en una tienda de repuestos que ofrezca soluciones de calidad es importante<\/strong>, y en el caso de que est\u00e9s buscando <a title=\"bisagras de secadora\" href=\"https:\/\/www.repuestosibr.es\/categoria-producto\/electrodomesticos\/secadora\/bisagra-secadora\/\" target=\"_blank\" rel=\"noopener\"><span style=\"color: #ff6600;\"><strong>bisagras de secadora<\/strong><\/span><\/a> o <a title=\"correas para secadora\" href=\"https:\/\/www.repuestosibr.es\/categoria-producto\/electrodomesticos\/secadora\/correas-secadora\/\" target=\"_blank\" rel=\"noopener\"><span style=\"color: #ff6600;\"><strong>correas para secadora<\/strong><\/span><\/a> <strong>los mejores productos los encontrar\u00e1s accediendo a la tienda online de repuestosibr.es<\/strong><\/p>\n<p>\u00bfC\u00f3mo arreglar una secadora?; la respuesta es muy sencilla, <strong>apostando por t\u00e9cnicos de confianza que sepan da con la soluci\u00f3n correcta y contando siempre con los mejores repuestos del mercado<\/strong>, y adem\u00e1s tambi\u00e9n es muy importante intentar hacer un uso correcto de la secadora y en caso de aver\u00eda no dejar que la misma se vaya prolongando en el tiempo, cuando <strong>una puerta cierra mal o comienzan los ruidos<\/strong> es vital ponerse en manos de expertos.<\/p>\n<p><strong> En el caso de tener conocimientos siempre hay que ir paso a paso buscando el problema para luego realizar la compra de un recambio<\/strong> y seguir disfrutando de la secadora, pero lo recomendable es contar con un servicio t\u00e9cnico y con una tienda de confianza que aporte todo lo necesario.<\/p>\n<h2>Siempre con profesionales<\/h2>\n<p>En la vida siempre es i<strong>mportante confiar en profesionales<\/strong> que sepan dar respuestas a las necesidades de las personas, los t\u00e9cnicos son la mejor opci\u00f3n para realizar reparaciones tanto en secadoras como en otros electrodom\u00e9sticos del hogar, pero tambi\u00e9n es importante contar con piezas de repuesto en casa para poder hacer frente a los imprevistos que pueden ir surgiendo d\u00eda a d\u00eda.<\/p>\n<p><strong>Una de las piezas que puedes encontrar en el sitio web que te hemos mencionado es la <a title=\"resistencia de secadora\" href=\"https:\/\/www.repuestosibr.es\/categoria-producto\/electrodomesticos\/secadora\/resistencias-secadora\/\" target=\"_blank\" rel=\"noopener\"><span style=\"color: #ff6600;\">resistencia de secadora<\/span><\/a><\/strong>, seg\u00fan nos comentan los expertos a los que hemos consultado es uno de los elementos m\u00e1s importantes de la secadora, pues es la encargada de generar calor y secar la ropa.<\/p>\n<p><strong>En Ib\u00e9rica de Repuestos<\/strong> puedes encontrar una <strong>gran variedad de resistencias para secadoras de las marcas m\u00e1s conocidas del mercado<\/strong>, adem\u00e1s en sitio web tienes m\u00e9todos de contacto para realizar tus consultas y elegir las piezas correctas para cuando el t\u00e9cnico tenga que realizar una reparaci\u00f3n, o para los trabajos que tengas que realizar en el caso de que seas un profesional.<\/p>\n<blockquote><p>Confiar en profesionales siempre es importante, pues en la vida hay un dicho muy correcto que es \u00abno tocar lo que no se sabe arreglar\u00bb.<\/p><\/blockquote>\n<p>Muchas personas intentan algunas veces arreglar ellos mismos electrodom\u00e9sticos o equipos sin tener los conocimientos y herramientas necesarias, <strong>eso puede generar otras aver\u00edas o roturas que quiz\u00e1s luego no cubra el seguro, por tanto a la hora de arreglar siempre hay que dejar que un profesional haga su trabajo.<\/strong><\/p>\n<h2>Mantenimiento y soluciones<\/h2>\n<p>Las secadoras al igual que el resto de electrodom\u00e9sticos del hogar <strong>necesitan revisiones, un correcto mantenimiento y soluciones eficaces<\/strong>. Invertir en el hogar y en todo lo que forma parte de la vida diaria es rentable a medio y largo plazo y adem\u00e1s ayuda a prevenir aver\u00edas.<\/p>\n<p>En el caso de que est\u00e9s buscando <strong>piezas, repuestos<\/strong> o tengas una aver\u00eda te recomendamos acceder al sitio web que te hemos mencionado para encontrar repuestos para secadora y otros electrodom\u00e9sticos del hogar.<\/p>\n","protected":false},"excerpt":{"rendered":"<p>La secadora es uno de los electrodom\u00e9sticos del hogar m\u00e1s \u00fatiles durante los meses de invierno y tambi\u00e9n para las personas que por cuestiones de trabajo o falta de tendederos necesitan su ropa seca y en buen estado para sus tareas diarias. Comprar repuestos de secadora es una excelente opci\u00f3n cuando se desea solucionar alguno<\/p>\n","protected":false},"author":1,"featured_media":8632,"comment_status":"closed","ping_status":"closed","sticky":false,"template":"","format":"standard","meta":{"footnotes":""},"categories":[38],"tags":[43,102],"class_list":{"0":"post-8631","1":"post","2":"type-post","3":"status-publish","4":"format-standard","5":"has-post-thumbnail","7":"category-live","8":"tag-empresas","9":"tag-hogar"},"aioseo_notices":[],"aioseo_head":"\n\t\t<!-- All in One SEO Pro 4.9.6.2 - aioseo.com -->\n\t<meta name=\"description\" content=\"La secadora es uno de los electrodom\u00e9sticos del hogar m\u00e1s \u00fatiles durante los meses de invierno y tambi\u00e9n para las personas que por cuestiones de trabajo\" \/>\n\t<meta name=\"robots\" content=\"max-image-preview:large\" \/>\n\t<meta name=\"author\" content=\"NBAsturias\"\/>\n\t<meta name=\"google-site-verification\" content=\"UA-38556648-1\" \/>\n\t<meta name=\"keywords\" content=\"live\" \/>\n\t<link rel=\"canonical\" href=\"https:\/\/eldigitaldeasturias.com\/radio\/repuestos-para-arreglar-la-secadora\/\" \/>\n\t<meta name=\"generator\" content=\"All in One SEO Pro (AIOSEO) 4.9.6.2\" \/>\n\t\t<meta property=\"og:locale\" content=\"es_ES\" \/>\n\t\t<meta property=\"og:site_name\" content=\"El Digital de Asturias | Diario de informaci\u00f3n y noticias\" \/>\n\t\t<meta property=\"og:type\" content=\"article\" \/>\n\t\t<meta property=\"og:title\" content=\"Repuestos para arreglar la secadora | El Digital de Asturias\" \/>\n\t\t<meta property=\"og:description\" content=\"La secadora es uno de los electrodom\u00e9sticos del hogar m\u00e1s \u00fatiles durante los meses de invierno y tambi\u00e9n para las personas que por cuestiones de trabajo\" \/>\n\t\t<meta property=\"og:url\" content=\"https:\/\/eldigitaldeasturias.com\/radio\/repuestos-para-arreglar-la-secadora\/\" \/>\n\t\t<meta property=\"og:image\" content=\"https:\/\/eldigitaldeasturias.com\/radio\/wp-content\/uploads\/2024\/02\/la-secadora.jpg\" \/>\n\t\t<meta property=\"og:image:secure_url\" content=\"https:\/\/eldigitaldeasturias.com\/radio\/wp-content\/uploads\/2024\/02\/la-secadora.jpg\" \/>\n\t\t<meta property=\"og:image:width\" content=\"640\" \/>\n\t\t<meta property=\"og:image:height\" content=\"424\" \/>\n\t\t<meta property=\"article:published_time\" content=\"2024-02-25T01:27:04+00:00\" \/>\n\t\t<meta property=\"article:modified_time\" content=\"2024-02-25T01:27:27+00:00\" \/>\n\t\t<meta name=\"twitter:card\" content=\"summary_large_image\" \/>\n\t\t<meta name=\"twitter:site\" content=\"@bercodi\" \/>\n\t\t<meta name=\"twitter:title\" content=\"Repuestos para arreglar la secadora | El Digital de Asturias\" \/>\n\t\t<meta name=\"twitter:description\" content=\"La secadora es uno de los electrodom\u00e9sticos del hogar m\u00e1s \u00fatiles durante los meses de invierno y tambi\u00e9n para las personas que por cuestiones de trabajo\" \/>\n\t\t<meta name=\"twitter:creator\" content=\"@bercodi\" \/>\n\t\t<meta name=\"twitter:image\" content=\"https:\/\/eldigitaldeasturias.com\/radio\/wp-content\/uploads\/2024\/02\/la-secadora.jpg\" \/>\n\t\t<script type=\"application\/ld+json\" class=\"aioseo-schema\">\n\t\t\t{\"@context\":\"https:\\\/\\\/schema.org\",\"@graph\":[{\"@type\":\"BreadcrumbList\",\"@id\":\"https:\\\/\\\/eldigitaldeasturias.com\\\/radio\\\/repuestos-para-arreglar-la-secadora\\\/#breadcrumblist\",\"itemListElement\":[{\"@type\":\"ListItem\",\"@id\":\"https:\\\/\\\/eldigitaldeasturias.com\\\/radio#listItem\",\"position\":1,\"name\":\"Inicio\",\"item\":\"https:\\\/\\\/eldigitaldeasturias.com\\\/radio\",\"nextItem\":{\"@type\":\"ListItem\",\"@id\":\"https:\\\/\\\/eldigitaldeasturias.com\\\/radio\\\/category\\\/live\\\/#listItem\",\"name\":\"Live\"}},{\"@type\":\"ListItem\",\"@id\":\"https:\\\/\\\/eldigitaldeasturias.com\\\/radio\\\/category\\\/live\\\/#listItem\",\"position\":2,\"name\":\"Live\",\"item\":\"https:\\\/\\\/eldigitaldeasturias.com\\\/radio\\\/category\\\/live\\\/\",\"nextItem\":{\"@type\":\"ListItem\",\"@id\":\"https:\\\/\\\/eldigitaldeasturias.com\\\/radio\\\/repuestos-para-arreglar-la-secadora\\\/#listItem\",\"name\":\"Repuestos para arreglar la secadora\"},\"previousItem\":{\"@type\":\"ListItem\",\"@id\":\"https:\\\/\\\/eldigitaldeasturias.com\\\/radio#listItem\",\"name\":\"Inicio\"}},{\"@type\":\"ListItem\",\"@id\":\"https:\\\/\\\/eldigitaldeasturias.com\\\/radio\\\/repuestos-para-arreglar-la-secadora\\\/#listItem\",\"position\":3,\"name\":\"Repuestos para arreglar la secadora\",\"previousItem\":{\"@type\":\"ListItem\",\"@id\":\"https:\\\/\\\/eldigitaldeasturias.com\\\/radio\\\/category\\\/live\\\/#listItem\",\"name\":\"Live\"}}]},{\"@type\":\"NewsArticle\",\"@id\":\"https:\\\/\\\/eldigitaldeasturias.com\\\/radio\\\/repuestos-para-arreglar-la-secadora\\\/#newsarticle\",\"name\":\"Repuestos para arreglar la secadora | El Digital de Asturias\",\"headline\":\"Repuestos para arreglar la secadora\",\"author\":{\"@id\":\"https:\\\/\\\/eldigitaldeasturias.com\\\/radio\\\/author\\\/nbasturias\\\/#author\"},\"publisher\":{\"@id\":\"https:\\\/\\\/eldigitaldeasturias.com\\\/radio\\\/#organization\"},\"image\":{\"@type\":\"ImageObject\",\"url\":\"https:\\\/\\\/eldigitaldeasturias.com\\\/radio\\\/wp-content\\\/uploads\\\/2024\\\/02\\\/la-secadora.jpg\",\"width\":640,\"height\":424,\"caption\":\"la secadora\"},\"datePublished\":\"2024-02-25T02:27:04+01:00\",\"dateModified\":\"2024-02-25T02:27:27+01:00\",\"inLanguage\":\"es-ES\",\"mainEntityOfPage\":{\"@id\":\"https:\\\/\\\/eldigitaldeasturias.com\\\/radio\\\/repuestos-para-arreglar-la-secadora\\\/#webpage\"},\"isPartOf\":{\"@id\":\"https:\\\/\\\/eldigitaldeasturias.com\\\/radio\\\/repuestos-para-arreglar-la-secadora\\\/#webpage\"},\"articleSection\":\"Live, empresas, hogar\",\"dateline\":\"Publicado el febrero 25, 2024.\"},{\"@type\":\"Organization\",\"@id\":\"https:\\\/\\\/eldigitaldeasturias.com\\\/radio\\\/#organization\",\"name\":\"El digital de Asturias Radio\",\"description\":\"Diario de informaci\\u00f3n y noticias\",\"url\":\"https:\\\/\\\/eldigitaldeasturias.com\\\/radio\\\/\",\"telephone\":\"+34652131393\",\"logo\":{\"@type\":\"ImageObject\",\"url\":\"https:\\\/\\\/www.eldigitaldeasturias.com\\\/radio\\\/wp-content\\\/uploads\\\/2021\\\/03\\\/EDA.jpg\",\"@id\":\"https:\\\/\\\/eldigitaldeasturias.com\\\/radio\\\/repuestos-para-arreglar-la-secadora\\\/#organizationLogo\"},\"image\":{\"@id\":\"https:\\\/\\\/eldigitaldeasturias.com\\\/radio\\\/repuestos-para-arreglar-la-secadora\\\/#organizationLogo\"},\"sameAs\":[\"https:\\\/\\\/www.facebook.com\\\/\",\"https:\\\/\\\/x.com\\\/bercodi\",\"https:\\\/\\\/www.instagram.com\\\/\",\"https:\\\/\\\/www.youtube.com\\\/channel\\\/UCZP-2wLEB9Rv6erhFmqVnvg\"]},{\"@type\":\"Person\",\"@id\":\"https:\\\/\\\/eldigitaldeasturias.com\\\/radio\\\/author\\\/nbasturias\\\/#author\",\"url\":\"https:\\\/\\\/eldigitaldeasturias.com\\\/radio\\\/author\\\/nbasturias\\\/\",\"name\":\"NBAsturias\",\"image\":{\"@type\":\"ImageObject\",\"@id\":\"https:\\\/\\\/eldigitaldeasturias.com\\\/radio\\\/repuestos-para-arreglar-la-secadora\\\/#authorImage\",\"url\":\"https:\\\/\\\/secure.gravatar.com\\\/avatar\\\/df2aeffc32bcd13f8d26072ef8a91b623d677766deac7f97ca815868cd41bf5e?s=96&d=mm&r=g\",\"width\":96,\"height\":96,\"caption\":\"NBAsturias\"}},{\"@type\":\"WebPage\",\"@id\":\"https:\\\/\\\/eldigitaldeasturias.com\\\/radio\\\/repuestos-para-arreglar-la-secadora\\\/#webpage\",\"url\":\"https:\\\/\\\/eldigitaldeasturias.com\\\/radio\\\/repuestos-para-arreglar-la-secadora\\\/\",\"name\":\"Repuestos para arreglar la secadora | El Digital de Asturias\",\"description\":\"La secadora es uno de los electrodom\\u00e9sticos del hogar m\\u00e1s \\u00fatiles durante los meses de invierno y tambi\\u00e9n para las personas que por cuestiones de trabajo\",\"inLanguage\":\"es-ES\",\"isPartOf\":{\"@id\":\"https:\\\/\\\/eldigitaldeasturias.com\\\/radio\\\/#website\"},\"breadcrumb\":{\"@id\":\"https:\\\/\\\/eldigitaldeasturias.com\\\/radio\\\/repuestos-para-arreglar-la-secadora\\\/#breadcrumblist\"},\"author\":{\"@id\":\"https:\\\/\\\/eldigitaldeasturias.com\\\/radio\\\/author\\\/nbasturias\\\/#author\"},\"creator\":{\"@id\":\"https:\\\/\\\/eldigitaldeasturias.com\\\/radio\\\/author\\\/nbasturias\\\/#author\"},\"image\":{\"@type\":\"ImageObject\",\"url\":\"https:\\\/\\\/eldigitaldeasturias.com\\\/radio\\\/wp-content\\\/uploads\\\/2024\\\/02\\\/la-secadora.jpg\",\"@id\":\"https:\\\/\\\/eldigitaldeasturias.com\\\/radio\\\/repuestos-para-arreglar-la-secadora\\\/#mainImage\",\"width\":640,\"height\":424,\"caption\":\"la secadora\"},\"primaryImageOfPage\":{\"@id\":\"https:\\\/\\\/eldigitaldeasturias.com\\\/radio\\\/repuestos-para-arreglar-la-secadora\\\/#mainImage\"},\"datePublished\":\"2024-02-25T02:27:04+01:00\",\"dateModified\":\"2024-02-25T02:27:27+01:00\"},{\"@type\":\"WebSite\",\"@id\":\"https:\\\/\\\/eldigitaldeasturias.com\\\/radio\\\/#website\",\"url\":\"https:\\\/\\\/eldigitaldeasturias.com\\\/radio\\\/\",\"name\":\"El Digital de Asturias\",\"description\":\"Diario de informaci\\u00f3n y noticias\",\"inLanguage\":\"es-ES\",\"publisher\":{\"@id\":\"https:\\\/\\\/eldigitaldeasturias.com\\\/radio\\\/#organization\"}}]}\n\t\t<\/script>\n\t\t<!-- All in One SEO Pro -->\r\n\t\t<title>Repuestos para arreglar la secadora | El Digital de Asturias<\/title>\n\n","aioseo_head_json":{"title":"Repuestos para arreglar la secadora | El Digital de Asturias","description":"La secadora es uno de los electrodom\u00e9sticos del hogar m\u00e1s \u00fatiles durante los meses de invierno y tambi\u00e9n para las personas que por cuestiones de trabajo","canonical_url":"https:\/\/eldigitaldeasturias.com\/radio\/repuestos-para-arreglar-la-secadora\/","robots":"max-image-preview:large","keywords":"live","webmasterTools":{"google-site-verification":"UA-38556648-1","miscellaneous":""},"schema":{"@context":"https:\/\/schema.org","@graph":[{"@type":"BreadcrumbList","@id":"https:\/\/eldigitaldeasturias.com\/radio\/repuestos-para-arreglar-la-secadora\/#breadcrumblist","itemListElement":[{"@type":"ListItem","@id":"https:\/\/eldigitaldeasturias.com\/radio#listItem","position":1,"name":"Inicio","item":"https:\/\/eldigitaldeasturias.com\/radio","nextItem":{"@type":"ListItem","@id":"https:\/\/eldigitaldeasturias.com\/radio\/category\/live\/#listItem","name":"Live"}},{"@type":"ListItem","@id":"https:\/\/eldigitaldeasturias.com\/radio\/category\/live\/#listItem","position":2,"name":"Live","item":"https:\/\/eldigitaldeasturias.com\/radio\/category\/live\/","nextItem":{"@type":"ListItem","@id":"https:\/\/eldigitaldeasturias.com\/radio\/repuestos-para-arreglar-la-secadora\/#listItem","name":"Repuestos para arreglar la secadora"},"previousItem":{"@type":"ListItem","@id":"https:\/\/eldigitaldeasturias.com\/radio#listItem","name":"Inicio"}},{"@type":"ListItem","@id":"https:\/\/eldigitaldeasturias.com\/radio\/repuestos-para-arreglar-la-secadora\/#listItem","position":3,"name":"Repuestos para arreglar la secadora","previousItem":{"@type":"ListItem","@id":"https:\/\/eldigitaldeasturias.com\/radio\/category\/live\/#listItem","name":"Live"}}]},{"@type":"NewsArticle","@id":"https:\/\/eldigitaldeasturias.com\/radio\/repuestos-para-arreglar-la-secadora\/#newsarticle","name":"Repuestos para arreglar la secadora | El Digital de Asturias","headline":"Repuestos para arreglar la secadora","author":{"@id":"https:\/\/eldigitaldeasturias.com\/radio\/author\/nbasturias\/#author"},"publisher":{"@id":"https:\/\/eldigitaldeasturias.com\/radio\/#organization"},"image":{"@type":"ImageObject","url":"https:\/\/eldigitaldeasturias.com\/radio\/wp-content\/uploads\/2024\/02\/la-secadora.jpg","width":640,"height":424,"caption":"la secadora"},"datePublished":"2024-02-25T02:27:04+01:00","dateModified":"2024-02-25T02:27:27+01:00","inLanguage":"es-ES","mainEntityOfPage":{"@id":"https:\/\/eldigitaldeasturias.com\/radio\/repuestos-para-arreglar-la-secadora\/#webpage"},"isPartOf":{"@id":"https:\/\/eldigitaldeasturias.com\/radio\/repuestos-para-arreglar-la-secadora\/#webpage"},"articleSection":"Live, empresas, hogar","dateline":"Publicado el febrero 25, 2024."},{"@type":"Organization","@id":"https:\/\/eldigitaldeasturias.com\/radio\/#organization","name":"El digital de Asturias Radio","description":"Diario de informaci\u00f3n y noticias","url":"https:\/\/eldigitaldeasturias.com\/radio\/","telephone":"+34652131393","logo":{"@type":"ImageObject","url":"https:\/\/www.eldigitaldeasturias.com\/radio\/wp-content\/uploads\/2021\/03\/EDA.jpg","@id":"https:\/\/eldigitaldeasturias.com\/radio\/repuestos-para-arreglar-la-secadora\/#organizationLogo"},"image":{"@id":"https:\/\/eldigitaldeasturias.com\/radio\/repuestos-para-arreglar-la-secadora\/#organizationLogo"},"sameAs":["https:\/\/www.facebook.com\/","https:\/\/x.com\/bercodi","https:\/\/www.instagram.com\/","https:\/\/www.youtube.com\/channel\/UCZP-2wLEB9Rv6erhFmqVnvg"]},{"@type":"Person","@id":"https:\/\/eldigitaldeasturias.com\/radio\/author\/nbasturias\/#author","url":"https:\/\/eldigitaldeasturias.com\/radio\/author\/nbasturias\/","name":"NBAsturias","image":{"@type":"ImageObject","@id":"https:\/\/eldigitaldeasturias.com\/radio\/repuestos-para-arreglar-la-secadora\/#authorImage","url":"https:\/\/secure.gravatar.com\/avatar\/df2aeffc32bcd13f8d26072ef8a91b623d677766deac7f97ca815868cd41bf5e?s=96&d=mm&r=g","width":96,"height":96,"caption":"NBAsturias"}},{"@type":"WebPage","@id":"https:\/\/eldigitaldeasturias.com\/radio\/repuestos-para-arreglar-la-secadora\/#webpage","url":"https:\/\/eldigitaldeasturias.com\/radio\/repuestos-para-arreglar-la-secadora\/","name":"Repuestos para arreglar la secadora | El Digital de Asturias","description":"La secadora es uno de los electrodom\u00e9sticos del hogar m\u00e1s \u00fatiles durante los meses de invierno y tambi\u00e9n para las personas que por cuestiones de trabajo","inLanguage":"es-ES","isPartOf":{"@id":"https:\/\/eldigitaldeasturias.com\/radio\/#website"},"breadcrumb":{"@id":"https:\/\/eldigitaldeasturias.com\/radio\/repuestos-para-arreglar-la-secadora\/#breadcrumblist"},"author":{"@id":"https:\/\/eldigitaldeasturias.com\/radio\/author\/nbasturias\/#author"},"creator":{"@id":"https:\/\/eldigitaldeasturias.com\/radio\/author\/nbasturias\/#author"},"image":{"@type":"ImageObject","url":"https:\/\/eldigitaldeasturias.com\/radio\/wp-content\/uploads\/2024\/02\/la-secadora.jpg","@id":"https:\/\/eldigitaldeasturias.com\/radio\/repuestos-para-arreglar-la-secadora\/#mainImage","width":640,"height":424,"caption":"la secadora"},"primaryImageOfPage":{"@id":"https:\/\/eldigitaldeasturias.com\/radio\/repuestos-para-arreglar-la-secadora\/#mainImage"},"datePublished":"2024-02-25T02:27:04+01:00","dateModified":"2024-02-25T02:27:27+01:00"},{"@type":"WebSite","@id":"https:\/\/eldigitaldeasturias.com\/radio\/#website","url":"https:\/\/eldigitaldeasturias.com\/radio\/","name":"El Digital de Asturias","description":"Diario de informaci\u00f3n y noticias","inLanguage":"es-ES","publisher":{"@id":"https:\/\/eldigitaldeasturias.com\/radio\/#organization"}}]},"og:locale":"es_ES","og:site_name":"El Digital de Asturias | Diario de informaci\u00f3n y noticias","og:type":"article","og:title":"Repuestos para arreglar la secadora | El Digital de Asturias","og:description":"La secadora es uno de los electrodom\u00e9sticos del hogar m\u00e1s \u00fatiles durante los meses de invierno y tambi\u00e9n para las personas que por cuestiones de trabajo","og:url":"https:\/\/eldigitaldeasturias.com\/radio\/repuestos-para-arreglar-la-secadora\/","og:image":"https:\/\/eldigitaldeasturias.com\/radio\/wp-content\/uploads\/2024\/02\/la-secadora.jpg","og:image:secure_url":"https:\/\/eldigitaldeasturias.com\/radio\/wp-content\/uploads\/2024\/02\/la-secadora.jpg","og:image:width":640,"og:image:height":424,"article:published_time":"2024-02-25T01:27:04+00:00","article:modified_time":"2024-02-25T01:27:27+00:00","twitter:card":"summary_large_image","twitter:site":"@bercodi","twitter:title":"Repuestos para arreglar la secadora | El Digital de Asturias","twitter:description":"La secadora es uno de los electrodom\u00e9sticos del hogar m\u00e1s \u00fatiles durante los meses de invierno y tambi\u00e9n para las personas que por cuestiones de trabajo","twitter:creator":"@bercodi","twitter:image":"https:\/\/eldigitaldeasturias.com\/radio\/wp-content\/uploads\/2024\/02\/la-secadora.jpg"},"aioseo_meta_data":{"post_id":"8631","title":null,"description":"La secadora es uno de los electrodom\u00e9sticos del hogar m\u00e1s \u00fatiles durante los meses de invierno y tambi\u00e9n para las personas que por cuestiones de trabajo","keywords":[],"keyphrases":{"focus":{"keyphrase":"secadora","score":91,"analysis":{"keyphraseInTitle":{"score":9,"maxScore":9,"error":0},"keyphraseInDescription":{"score":9,"maxScore":9,"error":0},"keyphraseLength":{"score":9,"maxScore":9,"error":0,"length":1},"keyphraseInURL":{"score":5,"maxScore":5,"error":0},"keyphraseInIntroduction":{"score":9,"maxScore":9,"error":0},"keyphraseInSubHeadings":{"score":3,"maxScore":9,"error":1},"keyphraseInImageAlt":{"score":9,"maxScore":9,"error":0},"keywordDensity":{"type":"best","score":9,"maxScore":9,"error":0}}},"additional":[{"keyphrase":"La secadora","score":100,"analysis":{"keyphraseInDescription":{"score":9,"maxScore":9,"error":0},"keyphraseLength":{"score":9,"maxScore":9,"error":0,"length":2},"keyphraseInIntroduction":{"score":9,"maxScore":9,"error":0},"keyphraseInImageAlt":{"score":9,"maxScore":9,"error":0},"keywordDensity":{"type":"best","score":9,"maxScore":9,"error":0}}}]},"primary_term":null,"canonical_url":null,"og_title":null,"og_description":null,"og_object_type":"default","og_image_type":"default","og_image_url":null,"og_image_width":null,"og_image_height":null,"og_image_custom_url":null,"og_image_custom_fields":null,"og_video":"","og_custom_url":null,"og_article_section":null,"og_article_tags":[],"twitter_use_og":false,"twitter_card":"default","twitter_image_type":"default","twitter_image_url":null,"twitter_image_custom_url":null,"twitter_image_custom_fields":null,"twitter_title":null,"twitter_description":null,"schema":{"blockGraphs":[],"customGraphs":[],"default":{"data":{"Article":[],"Course":[],"Dataset":[],"FAQPage":[],"Movie":[],"Person":[],"Product":[],"ProductReview":[],"Car":[],"Recipe":[],"Service":[],"SoftwareApplication":[],"WebPage":[]},"graphName":"NewsArticle","isEnabled":true},"graphs":[]},"schema_type":"default","schema_type_options":null,"pillar_content":false,"robots_default":true,"robots_noindex":false,"robots_noarchive":false,"robots_nosnippet":false,"robots_nofollow":false,"robots_noimageindex":false,"robots_noodp":false,"robots_notranslate":false,"robots_max_snippet":"-1","robots_max_videopreview":"-1","robots_max_imagepreview":"large","priority":null,"frequency":"default","location":null,"local_seo":null,"seo_analyzer_scan_date":"2025-08-28 22:07:29","breadcrumb_settings":null,"limit_modified_date":false,"open_ai":"{\"title\":{\"suggestions\":[],\"usage\":0},\"description\":{\"suggestions\":[],\"usage\":0}}","ai":null,"created":"2024-02-25 01:17:04","updated":"2025-08-28 22:07:29"},"aioseo_breadcrumb":"<div class=\"aioseo-breadcrumbs\"><span class=\"aioseo-breadcrumb\">\n\t<a href=\"https:\/\/eldigitaldeasturias.com\/radio\" title=\"Inicio\">Inicio<\/a>\n<\/span><span class=\"aioseo-breadcrumb-separator\">&ndash;<\/span><span class=\"aioseo-breadcrumb\">\n\t<a href=\"https:\/\/eldigitaldeasturias.com\/radio\/category\/live\/\" title=\"Live\">Live<\/a>\n<\/span><span class=\"aioseo-breadcrumb-separator\">&ndash;<\/span><span class=\"aioseo-breadcrumb\">\n\tRepuestos para arreglar la secadora\n<\/span><\/div>","aioseo_breadcrumb_json":[{"label":"Inicio","link":"https:\/\/eldigitaldeasturias.com\/radio"},{"label":"Live","link":"https:\/\/eldigitaldeasturias.com\/radio\/category\/live\/"},{"label":"Repuestos para arreglar la secadora","link":"https:\/\/eldigitaldeasturias.com\/radio\/repuestos-para-arreglar-la-secadora\/"}],"_links":{"self":[{"href":"https:\/\/eldigitaldeasturias.com\/radio\/wp-json\/wp\/v2\/posts\/8631","targetHints":{"allow":["GET"]}}],"collection":[{"href":"https:\/\/eldigitaldeasturias.com\/radio\/wp-json\/wp\/v2\/posts"}],"about":[{"href":"https:\/\/eldigitaldeasturias.com\/radio\/wp-json\/wp\/v2\/types\/post"}],"author":[{"embeddable":true,"href":"https:\/\/eldigitaldeasturias.com\/radio\/wp-json\/wp\/v2\/users\/1"}],"replies":[{"embeddable":true,"href":"https:\/\/eldigitaldeasturias.com\/radio\/wp-json\/wp\/v2\/comments?post=8631"}],"version-history":[{"count":0,"href":"https:\/\/eldigitaldeasturias.com\/radio\/wp-json\/wp\/v2\/posts\/8631\/revisions"}],"wp:featuredmedia":[{"embeddable":true,"href":"https:\/\/eldigitaldeasturias.com\/radio\/wp-json\/wp\/v2\/media\/8632"}],"wp:attachment":[{"href":"https:\/\/eldigitaldeasturias.com\/radio\/wp-json\/wp\/v2\/media?parent=8631"}],"wp:term":[{"taxonomy":"category","embeddable":true,"href":"https:\/\/eldigitaldeasturias.com\/radio\/wp-json\/wp\/v2\/categories?post=8631"},{"taxonomy":"post_tag","embeddable":true,"href":"https:\/\/eldigitaldeasturias.com\/radio\/wp-json\/wp\/v2\/tags?post=8631"}],"curies":[{"name":"wp","href":"https:\/\/api.w.org\/{rel}","templated":true}]}}