{"id":8516,"date":"2024-01-13T18:32:29","date_gmt":"2024-01-13T17:32:29","guid":{"rendered":"https:\/\/eldigitaldeasturias.com\/radio\/?p=8516"},"modified":"2024-01-13T18:32:29","modified_gmt":"2024-01-13T17:32:29","slug":"optimizando-la-vida-comunitaria-la-importancia-de-contratar-un-administrador-para-comunidad-de-vecinos","status":"publish","type":"post","link":"https:\/\/eldigitaldeasturias.com\/radio\/optimizando-la-vida-comunitaria-la-importancia-de-contratar-un-administrador-para-comunidad-de-vecinos\/","title":{"rendered":"Optimizando la vida comunitaria: La importancia de contratar un administrador para comunidad de vecinos"},"content":{"rendered":"<p>En el complejo entramado de una comunidad de vecinos, la figura del administrador se presenta como un pilar fundamental para garantizar el funcionamiento eficiente y armonioso de todos los aspectos relacionados con la convivencia y el mantenimiento del edificio.<\/p>\n<p><img fetchpriority=\"high\" decoding=\"async\" class=\"aligncenter wp-image-8517 size-large\" src=\"https:\/\/eldigitaldeasturias.com\/radio\/wp-content\/uploads\/2024\/01\/administrador-comunidades-650x411.jpg\" alt=\"administrador \" width=\"650\" height=\"411\" srcset=\"https:\/\/eldigitaldeasturias.com\/radio\/wp-content\/uploads\/2024\/01\/administrador-comunidades-650x411.jpg 650w, https:\/\/eldigitaldeasturias.com\/radio\/wp-content\/uploads\/2024\/01\/administrador-comunidades-360x228.jpg 360w, https:\/\/eldigitaldeasturias.com\/radio\/wp-content\/uploads\/2024\/01\/administrador-comunidades-768x486.jpg 768w, https:\/\/eldigitaldeasturias.com\/radio\/wp-content\/uploads\/2024\/01\/administrador-comunidades-150x95.jpg 150w, https:\/\/eldigitaldeasturias.com\/radio\/wp-content\/uploads\/2024\/01\/administrador-comunidades-450x284.jpg 450w, https:\/\/eldigitaldeasturias.com\/radio\/wp-content\/uploads\/2024\/01\/administrador-comunidades.jpg 1082w\" sizes=\"(max-width: 650px) 100vw, 650px\" \/><\/p>\n<p>Contratar a una persona externa para administrar una\u00a0 comunidad. no solo aporta orden y organizaci\u00f3n, sino que tambi\u00e9n brinda una serie de beneficios que contribuyen al bienestar colectivo. A continuaci\u00f3n, se exploran las razones que hacen de esta contrataci\u00f3n una decisi\u00f3n clave para el desarrollo adecuado de la vida comunitaria.<\/p>\n<ol>\n<li>\n<h2><strong> Gesti\u00f3n financiera eficiente:<\/strong><\/h2>\n<\/li>\n<\/ol>\n<p>Uno de los aspectos m\u00e1s cruciales de la administraci\u00f3n comunitaria es la gesti\u00f3n financiera. Un profesional capacitado se encarga de elaborar y supervisar el presupuesto, asegurando que los recursos se distribuyan de manera equitativa y eficiente. Esto implica el manejo de los gastos comunes, la recaudaci\u00f3n de las cuotas de los propietarios y la negociaci\u00f3n con proveedores para obtener los mejores precios en servicios y mantenimiento.<\/p>\n<ol start=\"2\">\n<li>\n<h2><strong> Resoluci\u00f3n de problemas y conflictos:<\/strong><\/h2>\n<\/li>\n<\/ol>\n<p>La relaci\u00f3n en una comunidad de vecinos puede dar lugar a disputas y desaf\u00edos. Una empresa experimentada como <span style=\"color: #ff6600;\"><a style=\"color: #ff6600;\" title=\"Administraciones Geda\" href=\"https:\/\/www.asturgeda.es\/\" target=\"_blank\" rel=\"noopener\">Administraciones Geda<\/a><\/span>, act\u00faa como mediador en situaciones conflictivas, buscando soluciones amigables y evitando que los problemas escalen. Su presencia contribuye a mantener un ambiente armonioso, fomentando la comunicaci\u00f3n efectiva entre los vecinos.<\/p>\n<p>En el entorno de una comunidad de vecinos, es com\u00fan que surjan conflictos derivados de actividades como ruidos molestos, reformas privativas o el uso inapropiado de elementos comunes. Estos incidentes, que pueden complicar la vida en com\u00fan, no siempre son de f\u00e1cil resoluci\u00f3n.<\/p>\n<p>Desde <strong>Administraciones Geda<\/strong>, comentan: <em>\u201cEntendemos lo importante que es tener una administraci\u00f3n de comunidades de vecinos confiable y eficiente. Ofrecemos servicios especializados y personalizados para satisfacer todas tus necesidades\u201d.<\/em><strong>\u00a0<\/strong><\/p>\n<ol start=\"3\">\n<li>\n<h2><strong> Mantenimiento preventivo y correctivo:<\/strong><\/h2>\n<\/li>\n<\/ol>\n<p>El cuidado adecuado de las instalaciones es esencial para preservar el valor de la propiedad y garantizar la seguridad de los residentes. Se encarga de coordinar el mantenimiento preventivo y, en caso necesario, de gestionar reparaciones correctivas. Su experiencia permite identificar problemas potenciales antes de que se conviertan en situaciones m\u00e1s costosas y complejas.<\/p>\n<ol start=\"4\">\n<li>\n<h2><strong> Cumplimiento normativo y legal:<\/strong><\/h2>\n<\/li>\n<\/ol>\n<p>Las comunidades de vecinos est\u00e1n sujetas a una serie de normativas y regulaciones legales. Un administrador profesional se mantiene al tanto de los cambios en la legislaci\u00f3n y garantiza que la comunidad cumpla con todas las obligaciones legales. Esto incluye la realizaci\u00f3n de tr\u00e1mites administrativos, la gesti\u00f3n de documentaci\u00f3n y la coordinaci\u00f3n de auditor\u00edas necesarias.<\/p>\n<ol start=\"5\">\n<li>\n<h2><strong> Comunicaci\u00f3n transparente:<\/strong><\/h2>\n<\/li>\n<\/ol>\n<p>La comunicaci\u00f3n efectiva es esencial para una convivencia exitosa. El encargado, act\u00faa como canal de comunicaci\u00f3n entre los propietarios y la junta directiva, proporcionando informes peri\u00f3dicos sobre las finanzas, proyectos en curso y otros aspectos relevantes. Esta transparencia contribuye a construir la confianza y el entendimiento dentro de la comunidad.<\/p>\n<ol start=\"6\">\n<li>\n<h2><strong> Ahorro de tiempo y energ\u00eda:<\/strong><\/h2>\n<\/li>\n<\/ol>\n<p>La gesti\u00f3n integral de una comunidad de vecinos puede resultar abrumadora para los residentes. Contratar a un encargado libera a los propietarios de la carga de tareas administrativas y permite que dediquen su tiempo y energ\u00eda a disfrutar de su hogar. Se encarga de los aspectos log\u00edsticos y organizativos, facilitando una experiencia de relaci\u00f3n m\u00e1s placentera para todos.<\/p>\n<p>La contrataci\u00f3n de una empresa externa para administrar una comunidad de vecinos se presenta como una inversi\u00f3n valiosa para optimizar la calidad de vida y el funcionamiento interno. La gesti\u00f3n eficiente de los recursos, la resoluci\u00f3n de conflictos, el mantenimiento adecuado y el cumplimiento normativo son solo algunas de las contribuciones que un administrador profesional puede ofrecer. En \u00faltima instancia, su presencia facilita una convivencia armoniosa y el desarrollo sostenible de la comunidad.<\/p>\n","protected":false},"excerpt":{"rendered":"<p>En el complejo entramado de una comunidad de vecinos, la figura del administrador se presenta como un pilar fundamental para garantizar el funcionamiento eficiente y armonioso de todos los aspectos relacionados con la convivencia y el mantenimiento del edificio. Contratar a una persona externa para administrar una\u00a0 comunidad. no solo aporta orden y organizaci\u00f3n, sino<\/p>\n","protected":false},"author":1,"featured_media":8517,"comment_status":"closed","ping_status":"closed","sticky":false,"template":"","format":"standard","meta":{"footnotes":""},"categories":[35],"tags":[43],"class_list":{"0":"post-8516","1":"post","2":"type-post","3":"status-publish","4":"format-standard","5":"has-post-thumbnail","7":"category-negocios","8":"tag-empresas"},"aioseo_notices":[],"aioseo_head":"\n\t\t<!-- All in One SEO Pro 4.9.6.2 - aioseo.com -->\n\t<meta name=\"description\" content=\"En el complejo entramado de una comunidad de vecinos, la figura del administrador se presenta como un pilar fundamental para garantizar el funcionamiento\" \/>\n\t<meta name=\"robots\" content=\"max-image-preview:large\" \/>\n\t<meta name=\"author\" content=\"NBAsturias\"\/>\n\t<meta name=\"google-site-verification\" content=\"UA-38556648-1\" \/>\n\t<meta name=\"keywords\" content=\"negocios\" \/>\n\t<link rel=\"canonical\" href=\"https:\/\/eldigitaldeasturias.com\/radio\/optimizando-la-vida-comunitaria-la-importancia-de-contratar-un-administrador-para-comunidad-de-vecinos\/\" \/>\n\t<meta name=\"generator\" content=\"All in One SEO Pro (AIOSEO) 4.9.6.2\" \/>\n\t\t<meta property=\"og:locale\" content=\"es_ES\" \/>\n\t\t<meta property=\"og:site_name\" content=\"El Digital de Asturias | Diario de informaci\u00f3n y noticias\" \/>\n\t\t<meta property=\"og:type\" content=\"article\" \/>\n\t\t<meta property=\"og:title\" content=\"Optimizando la vida comunitaria: La importancia de contratar un administrador para comunidad de vecinos | El Digital de Asturias\" \/>\n\t\t<meta property=\"og:description\" content=\"En el complejo entramado de una comunidad de vecinos, la figura del administrador se presenta como un pilar fundamental para garantizar el funcionamiento\" \/>\n\t\t<meta property=\"og:url\" content=\"https:\/\/eldigitaldeasturias.com\/radio\/optimizando-la-vida-comunitaria-la-importancia-de-contratar-un-administrador-para-comunidad-de-vecinos\/\" \/>\n\t\t<meta property=\"og:image\" content=\"https:\/\/eldigitaldeasturias.com\/radio\/wp-content\/uploads\/2024\/01\/administrador-comunidades.jpg\" \/>\n\t\t<meta property=\"og:image:secure_url\" content=\"https:\/\/eldigitaldeasturias.com\/radio\/wp-content\/uploads\/2024\/01\/administrador-comunidades.jpg\" \/>\n\t\t<meta property=\"og:image:width\" content=\"1082\" \/>\n\t\t<meta property=\"og:image:height\" content=\"684\" \/>\n\t\t<meta property=\"article:published_time\" content=\"2024-01-13T17:32:29+00:00\" \/>\n\t\t<meta property=\"article:modified_time\" content=\"2024-01-13T17:32:29+00:00\" \/>\n\t\t<meta name=\"twitter:card\" content=\"summary_large_image\" \/>\n\t\t<meta name=\"twitter:site\" content=\"@bercodi\" \/>\n\t\t<meta name=\"twitter:title\" content=\"Optimizando la vida comunitaria: La importancia de contratar un administrador para comunidad de vecinos | El Digital de Asturias\" \/>\n\t\t<meta name=\"twitter:description\" content=\"En el complejo entramado de una comunidad de vecinos, la figura del administrador se presenta como un pilar fundamental para garantizar el funcionamiento\" \/>\n\t\t<meta name=\"twitter:creator\" content=\"@bercodi\" \/>\n\t\t<meta name=\"twitter:image\" content=\"https:\/\/eldigitaldeasturias.com\/radio\/wp-content\/uploads\/2024\/01\/administrador-comunidades.jpg\" \/>\n\t\t<script type=\"application\/ld+json\" class=\"aioseo-schema\">\n\t\t\t{\"@context\":\"https:\\\/\\\/schema.org\",\"@graph\":[{\"@type\":\"BreadcrumbList\",\"@id\":\"https:\\\/\\\/eldigitaldeasturias.com\\\/radio\\\/optimizando-la-vida-comunitaria-la-importancia-de-contratar-un-administrador-para-comunidad-de-vecinos\\\/#breadcrumblist\",\"itemListElement\":[{\"@type\":\"ListItem\",\"@id\":\"https:\\\/\\\/eldigitaldeasturias.com\\\/radio#listItem\",\"position\":1,\"name\":\"Inicio\",\"item\":\"https:\\\/\\\/eldigitaldeasturias.com\\\/radio\",\"nextItem\":{\"@type\":\"ListItem\",\"@id\":\"https:\\\/\\\/eldigitaldeasturias.com\\\/radio\\\/category\\\/negocios\\\/#listItem\",\"name\":\"Negocios\"}},{\"@type\":\"ListItem\",\"@id\":\"https:\\\/\\\/eldigitaldeasturias.com\\\/radio\\\/category\\\/negocios\\\/#listItem\",\"position\":2,\"name\":\"Negocios\",\"item\":\"https:\\\/\\\/eldigitaldeasturias.com\\\/radio\\\/category\\\/negocios\\\/\",\"nextItem\":{\"@type\":\"ListItem\",\"@id\":\"https:\\\/\\\/eldigitaldeasturias.com\\\/radio\\\/optimizando-la-vida-comunitaria-la-importancia-de-contratar-un-administrador-para-comunidad-de-vecinos\\\/#listItem\",\"name\":\"Optimizando la vida comunitaria: La importancia de contratar un administrador para comunidad de vecinos\"},\"previousItem\":{\"@type\":\"ListItem\",\"@id\":\"https:\\\/\\\/eldigitaldeasturias.com\\\/radio#listItem\",\"name\":\"Inicio\"}},{\"@type\":\"ListItem\",\"@id\":\"https:\\\/\\\/eldigitaldeasturias.com\\\/radio\\\/optimizando-la-vida-comunitaria-la-importancia-de-contratar-un-administrador-para-comunidad-de-vecinos\\\/#listItem\",\"position\":3,\"name\":\"Optimizando la vida comunitaria: La importancia de contratar un administrador para comunidad de vecinos\",\"previousItem\":{\"@type\":\"ListItem\",\"@id\":\"https:\\\/\\\/eldigitaldeasturias.com\\\/radio\\\/category\\\/negocios\\\/#listItem\",\"name\":\"Negocios\"}}]},{\"@type\":\"NewsArticle\",\"@id\":\"https:\\\/\\\/eldigitaldeasturias.com\\\/radio\\\/optimizando-la-vida-comunitaria-la-importancia-de-contratar-un-administrador-para-comunidad-de-vecinos\\\/#newsarticle\",\"name\":\"Optimizando la vida comunitaria: La importancia de contratar un administrador para comunidad de vecinos | El Digital de Asturias\",\"headline\":\"Optimizando la vida comunitaria: La importancia de contratar un administrador para comunidad de vecinos\",\"author\":{\"@id\":\"https:\\\/\\\/eldigitaldeasturias.com\\\/radio\\\/author\\\/nbasturias\\\/#author\"},\"publisher\":{\"@id\":\"https:\\\/\\\/eldigitaldeasturias.com\\\/radio\\\/#organization\"},\"image\":{\"@type\":\"ImageObject\",\"url\":\"https:\\\/\\\/eldigitaldeasturias.com\\\/radio\\\/wp-content\\\/uploads\\\/2024\\\/01\\\/administrador-comunidades.jpg\",\"width\":1082,\"height\":684,\"caption\":\"administrador\"},\"datePublished\":\"2024-01-13T18:32:29+01:00\",\"dateModified\":\"2024-01-13T18:32:29+01:00\",\"inLanguage\":\"es-ES\",\"mainEntityOfPage\":{\"@id\":\"https:\\\/\\\/eldigitaldeasturias.com\\\/radio\\\/optimizando-la-vida-comunitaria-la-importancia-de-contratar-un-administrador-para-comunidad-de-vecinos\\\/#webpage\"},\"isPartOf\":{\"@id\":\"https:\\\/\\\/eldigitaldeasturias.com\\\/radio\\\/optimizando-la-vida-comunitaria-la-importancia-de-contratar-un-administrador-para-comunidad-de-vecinos\\\/#webpage\"},\"articleSection\":\"Negocios, empresas\",\"dateline\":\"Publicado el enero 13, 2024.\"},{\"@type\":\"Organization\",\"@id\":\"https:\\\/\\\/eldigitaldeasturias.com\\\/radio\\\/#organization\",\"name\":\"El digital de Asturias Radio\",\"description\":\"Diario de informaci\\u00f3n y noticias\",\"url\":\"https:\\\/\\\/eldigitaldeasturias.com\\\/radio\\\/\",\"telephone\":\"+34652131393\",\"logo\":{\"@type\":\"ImageObject\",\"url\":\"https:\\\/\\\/www.eldigitaldeasturias.com\\\/radio\\\/wp-content\\\/uploads\\\/2021\\\/03\\\/EDA.jpg\",\"@id\":\"https:\\\/\\\/eldigitaldeasturias.com\\\/radio\\\/optimizando-la-vida-comunitaria-la-importancia-de-contratar-un-administrador-para-comunidad-de-vecinos\\\/#organizationLogo\"},\"image\":{\"@id\":\"https:\\\/\\\/eldigitaldeasturias.com\\\/radio\\\/optimizando-la-vida-comunitaria-la-importancia-de-contratar-un-administrador-para-comunidad-de-vecinos\\\/#organizationLogo\"},\"sameAs\":[\"https:\\\/\\\/www.facebook.com\\\/\",\"https:\\\/\\\/x.com\\\/bercodi\",\"https:\\\/\\\/www.instagram.com\\\/\",\"https:\\\/\\\/www.youtube.com\\\/channel\\\/UCZP-2wLEB9Rv6erhFmqVnvg\"]},{\"@type\":\"Person\",\"@id\":\"https:\\\/\\\/eldigitaldeasturias.com\\\/radio\\\/author\\\/nbasturias\\\/#author\",\"url\":\"https:\\\/\\\/eldigitaldeasturias.com\\\/radio\\\/author\\\/nbasturias\\\/\",\"name\":\"NBAsturias\",\"image\":{\"@type\":\"ImageObject\",\"@id\":\"https:\\\/\\\/eldigitaldeasturias.com\\\/radio\\\/optimizando-la-vida-comunitaria-la-importancia-de-contratar-un-administrador-para-comunidad-de-vecinos\\\/#authorImage\",\"url\":\"https:\\\/\\\/secure.gravatar.com\\\/avatar\\\/df2aeffc32bcd13f8d26072ef8a91b623d677766deac7f97ca815868cd41bf5e?s=96&d=mm&r=g\",\"width\":96,\"height\":96,\"caption\":\"NBAsturias\"}},{\"@type\":\"WebPage\",\"@id\":\"https:\\\/\\\/eldigitaldeasturias.com\\\/radio\\\/optimizando-la-vida-comunitaria-la-importancia-de-contratar-un-administrador-para-comunidad-de-vecinos\\\/#webpage\",\"url\":\"https:\\\/\\\/eldigitaldeasturias.com\\\/radio\\\/optimizando-la-vida-comunitaria-la-importancia-de-contratar-un-administrador-para-comunidad-de-vecinos\\\/\",\"name\":\"Optimizando la vida comunitaria: La importancia de contratar un administrador para comunidad de vecinos | El Digital de Asturias\",\"description\":\"En el complejo entramado de una comunidad de vecinos, la figura del administrador se presenta como un pilar fundamental para garantizar el funcionamiento\",\"inLanguage\":\"es-ES\",\"isPartOf\":{\"@id\":\"https:\\\/\\\/eldigitaldeasturias.com\\\/radio\\\/#website\"},\"breadcrumb\":{\"@id\":\"https:\\\/\\\/eldigitaldeasturias.com\\\/radio\\\/optimizando-la-vida-comunitaria-la-importancia-de-contratar-un-administrador-para-comunidad-de-vecinos\\\/#breadcrumblist\"},\"author\":{\"@id\":\"https:\\\/\\\/eldigitaldeasturias.com\\\/radio\\\/author\\\/nbasturias\\\/#author\"},\"creator\":{\"@id\":\"https:\\\/\\\/eldigitaldeasturias.com\\\/radio\\\/author\\\/nbasturias\\\/#author\"},\"image\":{\"@type\":\"ImageObject\",\"url\":\"https:\\\/\\\/eldigitaldeasturias.com\\\/radio\\\/wp-content\\\/uploads\\\/2024\\\/01\\\/administrador-comunidades.jpg\",\"@id\":\"https:\\\/\\\/eldigitaldeasturias.com\\\/radio\\\/optimizando-la-vida-comunitaria-la-importancia-de-contratar-un-administrador-para-comunidad-de-vecinos\\\/#mainImage\",\"width\":1082,\"height\":684,\"caption\":\"administrador\"},\"primaryImageOfPage\":{\"@id\":\"https:\\\/\\\/eldigitaldeasturias.com\\\/radio\\\/optimizando-la-vida-comunitaria-la-importancia-de-contratar-un-administrador-para-comunidad-de-vecinos\\\/#mainImage\"},\"datePublished\":\"2024-01-13T18:32:29+01:00\",\"dateModified\":\"2024-01-13T18:32:29+01:00\"},{\"@type\":\"WebSite\",\"@id\":\"https:\\\/\\\/eldigitaldeasturias.com\\\/radio\\\/#website\",\"url\":\"https:\\\/\\\/eldigitaldeasturias.com\\\/radio\\\/\",\"name\":\"El Digital de Asturias\",\"description\":\"Diario de informaci\\u00f3n y noticias\",\"inLanguage\":\"es-ES\",\"publisher\":{\"@id\":\"https:\\\/\\\/eldigitaldeasturias.com\\\/radio\\\/#organization\"}}]}\n\t\t<\/script>\n\t\t<!-- All in One SEO Pro -->\r\n\t\t<title>Optimizando la vida comunitaria: La importancia de contratar un administrador para comunidad de vecinos | El Digital de Asturias<\/title>\n\n","aioseo_head_json":{"title":"Optimizando la vida comunitaria: La importancia de contratar un administrador para comunidad de vecinos | El Digital de Asturias","description":"En el complejo entramado de una comunidad de vecinos, la figura del administrador se presenta como un pilar fundamental para garantizar el funcionamiento","canonical_url":"https:\/\/eldigitaldeasturias.com\/radio\/optimizando-la-vida-comunitaria-la-importancia-de-contratar-un-administrador-para-comunidad-de-vecinos\/","robots":"max-image-preview:large","keywords":"negocios","webmasterTools":{"google-site-verification":"UA-38556648-1","miscellaneous":""},"schema":{"@context":"https:\/\/schema.org","@graph":[{"@type":"BreadcrumbList","@id":"https:\/\/eldigitaldeasturias.com\/radio\/optimizando-la-vida-comunitaria-la-importancia-de-contratar-un-administrador-para-comunidad-de-vecinos\/#breadcrumblist","itemListElement":[{"@type":"ListItem","@id":"https:\/\/eldigitaldeasturias.com\/radio#listItem","position":1,"name":"Inicio","item":"https:\/\/eldigitaldeasturias.com\/radio","nextItem":{"@type":"ListItem","@id":"https:\/\/eldigitaldeasturias.com\/radio\/category\/negocios\/#listItem","name":"Negocios"}},{"@type":"ListItem","@id":"https:\/\/eldigitaldeasturias.com\/radio\/category\/negocios\/#listItem","position":2,"name":"Negocios","item":"https:\/\/eldigitaldeasturias.com\/radio\/category\/negocios\/","nextItem":{"@type":"ListItem","@id":"https:\/\/eldigitaldeasturias.com\/radio\/optimizando-la-vida-comunitaria-la-importancia-de-contratar-un-administrador-para-comunidad-de-vecinos\/#listItem","name":"Optimizando la vida comunitaria: La importancia de contratar un administrador para comunidad de vecinos"},"previousItem":{"@type":"ListItem","@id":"https:\/\/eldigitaldeasturias.com\/radio#listItem","name":"Inicio"}},{"@type":"ListItem","@id":"https:\/\/eldigitaldeasturias.com\/radio\/optimizando-la-vida-comunitaria-la-importancia-de-contratar-un-administrador-para-comunidad-de-vecinos\/#listItem","position":3,"name":"Optimizando la vida comunitaria: La importancia de contratar un administrador para comunidad de vecinos","previousItem":{"@type":"ListItem","@id":"https:\/\/eldigitaldeasturias.com\/radio\/category\/negocios\/#listItem","name":"Negocios"}}]},{"@type":"NewsArticle","@id":"https:\/\/eldigitaldeasturias.com\/radio\/optimizando-la-vida-comunitaria-la-importancia-de-contratar-un-administrador-para-comunidad-de-vecinos\/#newsarticle","name":"Optimizando la vida comunitaria: La importancia de contratar un administrador para comunidad de vecinos | El Digital de Asturias","headline":"Optimizando la vida comunitaria: La importancia de contratar un administrador para comunidad de vecinos","author":{"@id":"https:\/\/eldigitaldeasturias.com\/radio\/author\/nbasturias\/#author"},"publisher":{"@id":"https:\/\/eldigitaldeasturias.com\/radio\/#organization"},"image":{"@type":"ImageObject","url":"https:\/\/eldigitaldeasturias.com\/radio\/wp-content\/uploads\/2024\/01\/administrador-comunidades.jpg","width":1082,"height":684,"caption":"administrador"},"datePublished":"2024-01-13T18:32:29+01:00","dateModified":"2024-01-13T18:32:29+01:00","inLanguage":"es-ES","mainEntityOfPage":{"@id":"https:\/\/eldigitaldeasturias.com\/radio\/optimizando-la-vida-comunitaria-la-importancia-de-contratar-un-administrador-para-comunidad-de-vecinos\/#webpage"},"isPartOf":{"@id":"https:\/\/eldigitaldeasturias.com\/radio\/optimizando-la-vida-comunitaria-la-importancia-de-contratar-un-administrador-para-comunidad-de-vecinos\/#webpage"},"articleSection":"Negocios, empresas","dateline":"Publicado el enero 13, 2024."},{"@type":"Organization","@id":"https:\/\/eldigitaldeasturias.com\/radio\/#organization","name":"El digital de Asturias Radio","description":"Diario de informaci\u00f3n y noticias","url":"https:\/\/eldigitaldeasturias.com\/radio\/","telephone":"+34652131393","logo":{"@type":"ImageObject","url":"https:\/\/www.eldigitaldeasturias.com\/radio\/wp-content\/uploads\/2021\/03\/EDA.jpg","@id":"https:\/\/eldigitaldeasturias.com\/radio\/optimizando-la-vida-comunitaria-la-importancia-de-contratar-un-administrador-para-comunidad-de-vecinos\/#organizationLogo"},"image":{"@id":"https:\/\/eldigitaldeasturias.com\/radio\/optimizando-la-vida-comunitaria-la-importancia-de-contratar-un-administrador-para-comunidad-de-vecinos\/#organizationLogo"},"sameAs":["https:\/\/www.facebook.com\/","https:\/\/x.com\/bercodi","https:\/\/www.instagram.com\/","https:\/\/www.youtube.com\/channel\/UCZP-2wLEB9Rv6erhFmqVnvg"]},{"@type":"Person","@id":"https:\/\/eldigitaldeasturias.com\/radio\/author\/nbasturias\/#author","url":"https:\/\/eldigitaldeasturias.com\/radio\/author\/nbasturias\/","name":"NBAsturias","image":{"@type":"ImageObject","@id":"https:\/\/eldigitaldeasturias.com\/radio\/optimizando-la-vida-comunitaria-la-importancia-de-contratar-un-administrador-para-comunidad-de-vecinos\/#authorImage","url":"https:\/\/secure.gravatar.com\/avatar\/df2aeffc32bcd13f8d26072ef8a91b623d677766deac7f97ca815868cd41bf5e?s=96&d=mm&r=g","width":96,"height":96,"caption":"NBAsturias"}},{"@type":"WebPage","@id":"https:\/\/eldigitaldeasturias.com\/radio\/optimizando-la-vida-comunitaria-la-importancia-de-contratar-un-administrador-para-comunidad-de-vecinos\/#webpage","url":"https:\/\/eldigitaldeasturias.com\/radio\/optimizando-la-vida-comunitaria-la-importancia-de-contratar-un-administrador-para-comunidad-de-vecinos\/","name":"Optimizando la vida comunitaria: La importancia de contratar un administrador para comunidad de vecinos | El Digital de Asturias","description":"En el complejo entramado de una comunidad de vecinos, la figura del administrador se presenta como un pilar fundamental para garantizar el funcionamiento","inLanguage":"es-ES","isPartOf":{"@id":"https:\/\/eldigitaldeasturias.com\/radio\/#website"},"breadcrumb":{"@id":"https:\/\/eldigitaldeasturias.com\/radio\/optimizando-la-vida-comunitaria-la-importancia-de-contratar-un-administrador-para-comunidad-de-vecinos\/#breadcrumblist"},"author":{"@id":"https:\/\/eldigitaldeasturias.com\/radio\/author\/nbasturias\/#author"},"creator":{"@id":"https:\/\/eldigitaldeasturias.com\/radio\/author\/nbasturias\/#author"},"image":{"@type":"ImageObject","url":"https:\/\/eldigitaldeasturias.com\/radio\/wp-content\/uploads\/2024\/01\/administrador-comunidades.jpg","@id":"https:\/\/eldigitaldeasturias.com\/radio\/optimizando-la-vida-comunitaria-la-importancia-de-contratar-un-administrador-para-comunidad-de-vecinos\/#mainImage","width":1082,"height":684,"caption":"administrador"},"primaryImageOfPage":{"@id":"https:\/\/eldigitaldeasturias.com\/radio\/optimizando-la-vida-comunitaria-la-importancia-de-contratar-un-administrador-para-comunidad-de-vecinos\/#mainImage"},"datePublished":"2024-01-13T18:32:29+01:00","dateModified":"2024-01-13T18:32:29+01:00"},{"@type":"WebSite","@id":"https:\/\/eldigitaldeasturias.com\/radio\/#website","url":"https:\/\/eldigitaldeasturias.com\/radio\/","name":"El Digital de Asturias","description":"Diario de informaci\u00f3n y noticias","inLanguage":"es-ES","publisher":{"@id":"https:\/\/eldigitaldeasturias.com\/radio\/#organization"}}]},"og:locale":"es_ES","og:site_name":"El Digital de Asturias | Diario de informaci\u00f3n y noticias","og:type":"article","og:title":"Optimizando la vida comunitaria: La importancia de contratar un administrador para comunidad de vecinos | El Digital de Asturias","og:description":"En el complejo entramado de una comunidad de vecinos, la figura del administrador se presenta como un pilar fundamental para garantizar el funcionamiento","og:url":"https:\/\/eldigitaldeasturias.com\/radio\/optimizando-la-vida-comunitaria-la-importancia-de-contratar-un-administrador-para-comunidad-de-vecinos\/","og:image":"https:\/\/eldigitaldeasturias.com\/radio\/wp-content\/uploads\/2024\/01\/administrador-comunidades.jpg","og:image:secure_url":"https:\/\/eldigitaldeasturias.com\/radio\/wp-content\/uploads\/2024\/01\/administrador-comunidades.jpg","og:image:width":1082,"og:image:height":684,"article:published_time":"2024-01-13T17:32:29+00:00","article:modified_time":"2024-01-13T17:32:29+00:00","twitter:card":"summary_large_image","twitter:site":"@bercodi","twitter:title":"Optimizando la vida comunitaria: La importancia de contratar un administrador para comunidad de vecinos | El Digital de Asturias","twitter:description":"En el complejo entramado de una comunidad de vecinos, la figura del administrador se presenta como un pilar fundamental para garantizar el funcionamiento","twitter:creator":"@bercodi","twitter:image":"https:\/\/eldigitaldeasturias.com\/radio\/wp-content\/uploads\/2024\/01\/administrador-comunidades.jpg"},"aioseo_meta_data":{"post_id":"8516","title":null,"description":"En el complejo entramado de una comunidad de vecinos, la figura del administrador se presenta como un pilar fundamental para garantizar el funcionamiento","keywords":[],"keyphrases":{"focus":{"keyphrase":"administrador","score":72,"analysis":{"keyphraseInTitle":{"score":9,"maxScore":9,"error":0},"keyphraseInDescription":{"score":9,"maxScore":9,"error":0},"keyphraseLength":{"score":9,"maxScore":9,"error":0,"length":1},"keyphraseInURL":{"score":1,"maxScore":5,"error":1},"keyphraseInIntroduction":{"score":9,"maxScore":9,"error":0},"keyphraseInSubHeadings":{"score":3,"maxScore":9,"error":1},"keyphraseInImageAlt":{"score":9,"maxScore":9,"error":0},"keywordDensity":{"score":0,"type":"low","maxScore":9,"error":1}}},"additional":[{"keyphrase":"administrador","score":80,"analysis":{"keyphraseInDescription":{"score":9,"maxScore":9,"error":0},"keyphraseLength":{"score":9,"maxScore":9,"error":0,"length":1},"keyphraseInIntroduction":{"score":9,"maxScore":9,"error":0},"keyphraseInImageAlt":{"score":9,"maxScore":9,"error":0},"keywordDensity":{"score":0,"type":"low","maxScore":9,"error":1}}}]},"primary_term":null,"canonical_url":null,"og_title":null,"og_description":null,"og_object_type":"default","og_image_type":"default","og_image_url":null,"og_image_width":null,"og_image_height":null,"og_image_custom_url":null,"og_image_custom_fields":null,"og_video":"","og_custom_url":null,"og_article_section":null,"og_article_tags":[],"twitter_use_og":false,"twitter_card":"default","twitter_image_type":"default","twitter_image_url":null,"twitter_image_custom_url":null,"twitter_image_custom_fields":null,"twitter_title":null,"twitter_description":null,"schema":{"blockGraphs":[],"customGraphs":[],"default":{"data":{"Article":[],"Course":[],"Dataset":[],"FAQPage":[],"Movie":[],"Person":[],"Product":[],"ProductReview":[],"Car":[],"Recipe":[],"Service":[],"SoftwareApplication":[],"WebPage":[]},"graphName":"NewsArticle","isEnabled":true},"graphs":[]},"schema_type":"default","schema_type_options":null,"pillar_content":false,"robots_default":true,"robots_noindex":false,"robots_noarchive":false,"robots_nosnippet":false,"robots_nofollow":false,"robots_noimageindex":false,"robots_noodp":false,"robots_notranslate":false,"robots_max_snippet":"-1","robots_max_videopreview":"-1","robots_max_imagepreview":"large","priority":null,"frequency":"default","location":null,"local_seo":null,"seo_analyzer_scan_date":"2025-08-28 21:59:02","breadcrumb_settings":null,"limit_modified_date":false,"open_ai":"{\"title\":{\"suggestions\":[],\"usage\":0},\"description\":{\"suggestions\":[],\"usage\":0}}","ai":null,"created":"2024-01-13 15:58:54","updated":"2025-08-28 21:59:02"},"aioseo_breadcrumb":"<div class=\"aioseo-breadcrumbs\"><span class=\"aioseo-breadcrumb\">\n\t<a href=\"https:\/\/eldigitaldeasturias.com\/radio\" title=\"Inicio\">Inicio<\/a>\n<\/span><span class=\"aioseo-breadcrumb-separator\">&ndash;<\/span><span class=\"aioseo-breadcrumb\">\n\t<a href=\"https:\/\/eldigitaldeasturias.com\/radio\/category\/negocios\/\" title=\"Negocios\">Negocios<\/a>\n<\/span><span class=\"aioseo-breadcrumb-separator\">&ndash;<\/span><span class=\"aioseo-breadcrumb\">\n\tOptimizando la vida comunitaria: La importancia de contratar un administrador para comunidad de vecinos\n<\/span><\/div>","aioseo_breadcrumb_json":[{"label":"Inicio","link":"https:\/\/eldigitaldeasturias.com\/radio"},{"label":"Negocios","link":"https:\/\/eldigitaldeasturias.com\/radio\/category\/negocios\/"},{"label":"Optimizando la vida comunitaria: La importancia de contratar un administrador para comunidad de vecinos","link":"https:\/\/eldigitaldeasturias.com\/radio\/optimizando-la-vida-comunitaria-la-importancia-de-contratar-un-administrador-para-comunidad-de-vecinos\/"}],"_links":{"self":[{"href":"https:\/\/eldigitaldeasturias.com\/radio\/wp-json\/wp\/v2\/posts\/8516","targetHints":{"allow":["GET"]}}],"collection":[{"href":"https:\/\/eldigitaldeasturias.com\/radio\/wp-json\/wp\/v2\/posts"}],"about":[{"href":"https:\/\/eldigitaldeasturias.com\/radio\/wp-json\/wp\/v2\/types\/post"}],"author":[{"embeddable":true,"href":"https:\/\/eldigitaldeasturias.com\/radio\/wp-json\/wp\/v2\/users\/1"}],"replies":[{"embeddable":true,"href":"https:\/\/eldigitaldeasturias.com\/radio\/wp-json\/wp\/v2\/comments?post=8516"}],"version-history":[{"count":0,"href":"https:\/\/eldigitaldeasturias.com\/radio\/wp-json\/wp\/v2\/posts\/8516\/revisions"}],"wp:featuredmedia":[{"embeddable":true,"href":"https:\/\/eldigitaldeasturias.com\/radio\/wp-json\/wp\/v2\/media\/8517"}],"wp:attachment":[{"href":"https:\/\/eldigitaldeasturias.com\/radio\/wp-json\/wp\/v2\/media?parent=8516"}],"wp:term":[{"taxonomy":"category","embeddable":true,"href":"https:\/\/eldigitaldeasturias.com\/radio\/wp-json\/wp\/v2\/categories?post=8516"},{"taxonomy":"post_tag","embeddable":true,"href":"https:\/\/eldigitaldeasturias.com\/radio\/wp-json\/wp\/v2\/tags?post=8516"}],"curies":[{"name":"wp","href":"https:\/\/api.w.org\/{rel}","templated":true}]}}