{"id":8463,"date":"2023-12-30T20:26:09","date_gmt":"2023-12-30T19:26:09","guid":{"rendered":"https:\/\/eldigitaldeasturias.com\/radio\/?p=8463"},"modified":"2023-12-30T20:26:09","modified_gmt":"2023-12-30T19:26:09","slug":"instituto-de-empleo-constata-una-mejora-del-mercado-laboral-en-alemania","status":"publish","type":"post","link":"https:\/\/eldigitaldeasturias.com\/radio\/instituto-de-empleo-constata-una-mejora-del-mercado-laboral-en-alemania\/","title":{"rendered":"Instituto de Empleo constata una mejora del mercado laboral en Alemania"},"content":{"rendered":"<p>N\u00faremberg (Alemania), 29 dic (<a title=\"dpa\" href=\"https:\/\/www.dpa-news.de\/\" target=\"_blank\" rel=\"noopener\"><span style=\"color: #ff6600;\"><strong>dpa<\/strong><\/span><\/a>) &#8211; El sentimiento sobre el <span style=\"color: #ff6600;\"><a style=\"color: #ff6600;\" href=\"https:\/\/eldigitaldeasturias.com\/radio\/category\/negocios\/\"><strong>mercado laboral<\/strong><\/a><\/span> alem\u00e1n mejor\u00f3 ligeramente a finales de 2023 por primera vez en casi un a\u00f1o, seg\u00fan el bar\u00f3metro del mercado laboral dado a conocer hoy por el Instituto de Investigaci\u00f3n de Empleo (IAB).<\/p>\n<p><img fetchpriority=\"high\" decoding=\"async\" class=\"aligncenter wp-image-8464 size-full\" src=\"https:\/\/eldigitaldeasturias.com\/radio\/wp-content\/uploads\/2023\/12\/mercado-laboral.jpg\" alt=\"mercado laboral\" width=\"640\" height=\"427\" srcset=\"https:\/\/eldigitaldeasturias.com\/radio\/wp-content\/uploads\/2023\/12\/mercado-laboral.jpg 640w, https:\/\/eldigitaldeasturias.com\/radio\/wp-content\/uploads\/2023\/12\/mercado-laboral-360x240.jpg 360w, https:\/\/eldigitaldeasturias.com\/radio\/wp-content\/uploads\/2023\/12\/mercado-laboral-150x100.jpg 150w, https:\/\/eldigitaldeasturias.com\/radio\/wp-content\/uploads\/2023\/12\/mercado-laboral-450x300.jpg 450w\" sizes=\"(max-width: 640px) 100vw, 640px\" \/><\/p>\n<p>La entidad, dependiente de la Agencia Federal de Empleo, con sede en N\u00faremberg, constat\u00f3 una subida de 0,4 puntos hasta los 99,9 puntos en diciembre de 2023. De este modo, el indicador adelantado de la evoluci\u00f3n del mercado laboral alem\u00e1n se sit\u00faa justo por debajo del valor neutro de 100.<\/p>\n<p>\u00abLas agencias de empleo no pronostican un a\u00f1o f\u00e1cil para el desempleo en particular, pero la tendencia a la baja de las expectativas no se mantuvo a finales de a\u00f1o\u00bb, declar\u00f3 el experto del IAB Enzo Weber.<\/p>\n<blockquote><p>El mercado laboral ya no es el \u00e9xito seguro de a\u00f1os anteriores, pero se puede seguir confiando en \u00e9l incluso en una recesi\u00f3n econ\u00f3mica, a\u00f1adi\u00f3 Weber.<\/p><\/blockquote>\n<p>El IAB tambi\u00e9n ofreci\u00f3 datos sobre la situaci\u00f3n del mercado laboral europeo. Este tambi\u00e9n ha mejorado, con una subida, aunque m\u00ednima, por primera vez en siete meses en diciembre de 2023. No obstante, ning\u00fan pa\u00eds supera la marca neutra de 100 puntos.<\/p>\n<p>\u00abLos servicios europeos del mercado laboral siguen siendo bastante pesimistas sobre los pr\u00f3ximos meses, pero hay esperanzas de que se haya superado el punto m\u00e1s bajo\u00bb, dijo Weber.<\/p>\n<p>Los bar\u00f3metros del mercado laboral se basan en encuestas mensuales de las agencias de empleo alemanas y los servicios de empleo de los pa\u00edses europeos. <strong>Un valor de 100 se considera una perspectiva neutra, un valor inferior a 100 indica una evoluci\u00f3n negativa.<\/strong><\/p>\n","protected":false},"excerpt":{"rendered":"<p>N\u00faremberg (Alemania), 29 dic (dpa) &#8211; El sentimiento sobre el mercado laboral alem\u00e1n mejor\u00f3 ligeramente a finales de 2023 por primera vez en casi un a\u00f1o, seg\u00fan el bar\u00f3metro del mercado laboral dado a conocer hoy por el Instituto de Investigaci\u00f3n de Empleo (IAB). La entidad, dependiente de la Agencia Federal de Empleo, con sede<\/p>\n","protected":false},"author":1,"featured_media":8464,"comment_status":"closed","ping_status":"closed","sticky":false,"template":"","format":"standard","meta":{"footnotes":""},"categories":[35],"tags":[43],"class_list":{"0":"post-8463","1":"post","2":"type-post","3":"status-publish","4":"format-standard","5":"has-post-thumbnail","7":"category-negocios","8":"tag-empresas"},"aioseo_notices":[],"aioseo_head":"\n\t\t<!-- All in One SEO Pro 4.9.6.2 - aioseo.com -->\n\t<meta name=\"description\" content=\"N\u00faremberg (Alemania), 29 dic (dpa) - El sentimiento sobre el mercado laboral alem\u00e1n mejor\u00f3 ligeramente a finales de 2023 por primera vez en casi un a\u00f1o\" \/>\n\t<meta name=\"robots\" content=\"max-image-preview:large\" \/>\n\t<meta name=\"author\" content=\"NBAsturias\"\/>\n\t<meta name=\"google-site-verification\" content=\"UA-38556648-1\" \/>\n\t<meta name=\"keywords\" content=\"negocios\" \/>\n\t<link rel=\"canonical\" href=\"https:\/\/eldigitaldeasturias.com\/radio\/instituto-de-empleo-constata-una-mejora-del-mercado-laboral-en-alemania\/\" \/>\n\t<meta name=\"generator\" content=\"All in One SEO Pro (AIOSEO) 4.9.6.2\" \/>\n\t\t<meta property=\"og:locale\" content=\"es_ES\" \/>\n\t\t<meta property=\"og:site_name\" content=\"El Digital de Asturias | Diario de informaci\u00f3n y noticias\" \/>\n\t\t<meta property=\"og:type\" content=\"article\" \/>\n\t\t<meta property=\"og:title\" content=\"Instituto de Empleo constata una mejora del mercado laboral en Alemania | El Digital de Asturias\" \/>\n\t\t<meta property=\"og:description\" content=\"N\u00faremberg (Alemania), 29 dic (dpa) - El sentimiento sobre el mercado laboral alem\u00e1n mejor\u00f3 ligeramente a finales de 2023 por primera vez en casi un a\u00f1o\" \/>\n\t\t<meta property=\"og:url\" content=\"https:\/\/eldigitaldeasturias.com\/radio\/instituto-de-empleo-constata-una-mejora-del-mercado-laboral-en-alemania\/\" \/>\n\t\t<meta property=\"og:image\" content=\"https:\/\/eldigitaldeasturias.com\/radio\/wp-content\/uploads\/2023\/12\/mercado-laboral.jpg\" \/>\n\t\t<meta property=\"og:image:secure_url\" content=\"https:\/\/eldigitaldeasturias.com\/radio\/wp-content\/uploads\/2023\/12\/mercado-laboral.jpg\" \/>\n\t\t<meta property=\"og:image:width\" content=\"640\" \/>\n\t\t<meta property=\"og:image:height\" content=\"427\" \/>\n\t\t<meta property=\"article:published_time\" content=\"2023-12-30T19:26:09+00:00\" \/>\n\t\t<meta property=\"article:modified_time\" content=\"2023-12-30T19:26:09+00:00\" \/>\n\t\t<meta name=\"twitter:card\" content=\"summary_large_image\" \/>\n\t\t<meta name=\"twitter:site\" content=\"@bercodi\" \/>\n\t\t<meta name=\"twitter:title\" content=\"Instituto de Empleo constata una mejora del mercado laboral en Alemania | El Digital de Asturias\" \/>\n\t\t<meta name=\"twitter:description\" content=\"N\u00faremberg (Alemania), 29 dic (dpa) - El sentimiento sobre el mercado laboral alem\u00e1n mejor\u00f3 ligeramente a finales de 2023 por primera vez en casi un a\u00f1o\" \/>\n\t\t<meta name=\"twitter:creator\" content=\"@bercodi\" \/>\n\t\t<meta name=\"twitter:image\" content=\"https:\/\/eldigitaldeasturias.com\/radio\/wp-content\/uploads\/2023\/12\/mercado-laboral.jpg\" \/>\n\t\t<script type=\"application\/ld+json\" class=\"aioseo-schema\">\n\t\t\t{\"@context\":\"https:\\\/\\\/schema.org\",\"@graph\":[{\"@type\":\"BreadcrumbList\",\"@id\":\"https:\\\/\\\/eldigitaldeasturias.com\\\/radio\\\/instituto-de-empleo-constata-una-mejora-del-mercado-laboral-en-alemania\\\/#breadcrumblist\",\"itemListElement\":[{\"@type\":\"ListItem\",\"@id\":\"https:\\\/\\\/eldigitaldeasturias.com\\\/radio#listItem\",\"position\":1,\"name\":\"Inicio\",\"item\":\"https:\\\/\\\/eldigitaldeasturias.com\\\/radio\",\"nextItem\":{\"@type\":\"ListItem\",\"@id\":\"https:\\\/\\\/eldigitaldeasturias.com\\\/radio\\\/category\\\/negocios\\\/#listItem\",\"name\":\"Negocios\"}},{\"@type\":\"ListItem\",\"@id\":\"https:\\\/\\\/eldigitaldeasturias.com\\\/radio\\\/category\\\/negocios\\\/#listItem\",\"position\":2,\"name\":\"Negocios\",\"item\":\"https:\\\/\\\/eldigitaldeasturias.com\\\/radio\\\/category\\\/negocios\\\/\",\"nextItem\":{\"@type\":\"ListItem\",\"@id\":\"https:\\\/\\\/eldigitaldeasturias.com\\\/radio\\\/instituto-de-empleo-constata-una-mejora-del-mercado-laboral-en-alemania\\\/#listItem\",\"name\":\"Instituto de Empleo constata una mejora del mercado laboral en Alemania\"},\"previousItem\":{\"@type\":\"ListItem\",\"@id\":\"https:\\\/\\\/eldigitaldeasturias.com\\\/radio#listItem\",\"name\":\"Inicio\"}},{\"@type\":\"ListItem\",\"@id\":\"https:\\\/\\\/eldigitaldeasturias.com\\\/radio\\\/instituto-de-empleo-constata-una-mejora-del-mercado-laboral-en-alemania\\\/#listItem\",\"position\":3,\"name\":\"Instituto de Empleo constata una mejora del mercado laboral en Alemania\",\"previousItem\":{\"@type\":\"ListItem\",\"@id\":\"https:\\\/\\\/eldigitaldeasturias.com\\\/radio\\\/category\\\/negocios\\\/#listItem\",\"name\":\"Negocios\"}}]},{\"@type\":\"NewsArticle\",\"@id\":\"https:\\\/\\\/eldigitaldeasturias.com\\\/radio\\\/instituto-de-empleo-constata-una-mejora-del-mercado-laboral-en-alemania\\\/#newsarticle\",\"name\":\"Instituto de Empleo constata una mejora del mercado laboral en Alemania | El Digital de Asturias\",\"headline\":\"Instituto de Empleo constata una mejora del mercado laboral en Alemania\",\"author\":{\"@id\":\"https:\\\/\\\/eldigitaldeasturias.com\\\/radio\\\/author\\\/nbasturias\\\/#author\"},\"publisher\":{\"@id\":\"https:\\\/\\\/eldigitaldeasturias.com\\\/radio\\\/#organization\"},\"image\":{\"@type\":\"ImageObject\",\"url\":\"https:\\\/\\\/eldigitaldeasturias.com\\\/radio\\\/wp-content\\\/uploads\\\/2023\\\/12\\\/mercado-laboral.jpg\",\"width\":640,\"height\":427,\"caption\":\"mercado laboral\"},\"datePublished\":\"2023-12-30T20:26:09+01:00\",\"dateModified\":\"2023-12-30T20:26:09+01:00\",\"inLanguage\":\"es-ES\",\"mainEntityOfPage\":{\"@id\":\"https:\\\/\\\/eldigitaldeasturias.com\\\/radio\\\/instituto-de-empleo-constata-una-mejora-del-mercado-laboral-en-alemania\\\/#webpage\"},\"isPartOf\":{\"@id\":\"https:\\\/\\\/eldigitaldeasturias.com\\\/radio\\\/instituto-de-empleo-constata-una-mejora-del-mercado-laboral-en-alemania\\\/#webpage\"},\"articleSection\":\"Negocios, empresas\",\"dateline\":\"Publicado el diciembre 30, 2023.\"},{\"@type\":\"Organization\",\"@id\":\"https:\\\/\\\/eldigitaldeasturias.com\\\/radio\\\/#organization\",\"name\":\"El digital de Asturias Radio\",\"description\":\"Diario de informaci\\u00f3n y noticias\",\"url\":\"https:\\\/\\\/eldigitaldeasturias.com\\\/radio\\\/\",\"telephone\":\"+34652131393\",\"logo\":{\"@type\":\"ImageObject\",\"url\":\"https:\\\/\\\/www.eldigitaldeasturias.com\\\/radio\\\/wp-content\\\/uploads\\\/2021\\\/03\\\/EDA.jpg\",\"@id\":\"https:\\\/\\\/eldigitaldeasturias.com\\\/radio\\\/instituto-de-empleo-constata-una-mejora-del-mercado-laboral-en-alemania\\\/#organizationLogo\"},\"image\":{\"@id\":\"https:\\\/\\\/eldigitaldeasturias.com\\\/radio\\\/instituto-de-empleo-constata-una-mejora-del-mercado-laboral-en-alemania\\\/#organizationLogo\"},\"sameAs\":[\"https:\\\/\\\/www.facebook.com\\\/\",\"https:\\\/\\\/x.com\\\/bercodi\",\"https:\\\/\\\/www.instagram.com\\\/\",\"https:\\\/\\\/www.youtube.com\\\/channel\\\/UCZP-2wLEB9Rv6erhFmqVnvg\"]},{\"@type\":\"Person\",\"@id\":\"https:\\\/\\\/eldigitaldeasturias.com\\\/radio\\\/author\\\/nbasturias\\\/#author\",\"url\":\"https:\\\/\\\/eldigitaldeasturias.com\\\/radio\\\/author\\\/nbasturias\\\/\",\"name\":\"NBAsturias\",\"image\":{\"@type\":\"ImageObject\",\"@id\":\"https:\\\/\\\/eldigitaldeasturias.com\\\/radio\\\/instituto-de-empleo-constata-una-mejora-del-mercado-laboral-en-alemania\\\/#authorImage\",\"url\":\"https:\\\/\\\/secure.gravatar.com\\\/avatar\\\/df2aeffc32bcd13f8d26072ef8a91b623d677766deac7f97ca815868cd41bf5e?s=96&d=mm&r=g\",\"width\":96,\"height\":96,\"caption\":\"NBAsturias\"}},{\"@type\":\"WebPage\",\"@id\":\"https:\\\/\\\/eldigitaldeasturias.com\\\/radio\\\/instituto-de-empleo-constata-una-mejora-del-mercado-laboral-en-alemania\\\/#webpage\",\"url\":\"https:\\\/\\\/eldigitaldeasturias.com\\\/radio\\\/instituto-de-empleo-constata-una-mejora-del-mercado-laboral-en-alemania\\\/\",\"name\":\"Instituto de Empleo constata una mejora del mercado laboral en Alemania | El Digital de Asturias\",\"description\":\"N\\u00faremberg (Alemania), 29 dic (dpa) - El sentimiento sobre el mercado laboral alem\\u00e1n mejor\\u00f3 ligeramente a finales de 2023 por primera vez en casi un a\\u00f1o\",\"inLanguage\":\"es-ES\",\"isPartOf\":{\"@id\":\"https:\\\/\\\/eldigitaldeasturias.com\\\/radio\\\/#website\"},\"breadcrumb\":{\"@id\":\"https:\\\/\\\/eldigitaldeasturias.com\\\/radio\\\/instituto-de-empleo-constata-una-mejora-del-mercado-laboral-en-alemania\\\/#breadcrumblist\"},\"author\":{\"@id\":\"https:\\\/\\\/eldigitaldeasturias.com\\\/radio\\\/author\\\/nbasturias\\\/#author\"},\"creator\":{\"@id\":\"https:\\\/\\\/eldigitaldeasturias.com\\\/radio\\\/author\\\/nbasturias\\\/#author\"},\"image\":{\"@type\":\"ImageObject\",\"url\":\"https:\\\/\\\/eldigitaldeasturias.com\\\/radio\\\/wp-content\\\/uploads\\\/2023\\\/12\\\/mercado-laboral.jpg\",\"@id\":\"https:\\\/\\\/eldigitaldeasturias.com\\\/radio\\\/instituto-de-empleo-constata-una-mejora-del-mercado-laboral-en-alemania\\\/#mainImage\",\"width\":640,\"height\":427,\"caption\":\"mercado laboral\"},\"primaryImageOfPage\":{\"@id\":\"https:\\\/\\\/eldigitaldeasturias.com\\\/radio\\\/instituto-de-empleo-constata-una-mejora-del-mercado-laboral-en-alemania\\\/#mainImage\"},\"datePublished\":\"2023-12-30T20:26:09+01:00\",\"dateModified\":\"2023-12-30T20:26:09+01:00\"},{\"@type\":\"WebSite\",\"@id\":\"https:\\\/\\\/eldigitaldeasturias.com\\\/radio\\\/#website\",\"url\":\"https:\\\/\\\/eldigitaldeasturias.com\\\/radio\\\/\",\"name\":\"El Digital de Asturias\",\"description\":\"Diario de informaci\\u00f3n y noticias\",\"inLanguage\":\"es-ES\",\"publisher\":{\"@id\":\"https:\\\/\\\/eldigitaldeasturias.com\\\/radio\\\/#organization\"}}]}\n\t\t<\/script>\n\t\t<!-- All in One SEO Pro -->\r\n\t\t<title>Instituto de Empleo constata una mejora del mercado laboral en Alemania | El Digital de Asturias<\/title>\n\n","aioseo_head_json":{"title":"Instituto de Empleo constata una mejora del mercado laboral en Alemania | El Digital de Asturias","description":"N\u00faremberg (Alemania), 29 dic (dpa) - El sentimiento sobre el mercado laboral alem\u00e1n mejor\u00f3 ligeramente a finales de 2023 por primera vez en casi un a\u00f1o","canonical_url":"https:\/\/eldigitaldeasturias.com\/radio\/instituto-de-empleo-constata-una-mejora-del-mercado-laboral-en-alemania\/","robots":"max-image-preview:large","keywords":"negocios","webmasterTools":{"google-site-verification":"UA-38556648-1","miscellaneous":""},"schema":{"@context":"https:\/\/schema.org","@graph":[{"@type":"BreadcrumbList","@id":"https:\/\/eldigitaldeasturias.com\/radio\/instituto-de-empleo-constata-una-mejora-del-mercado-laboral-en-alemania\/#breadcrumblist","itemListElement":[{"@type":"ListItem","@id":"https:\/\/eldigitaldeasturias.com\/radio#listItem","position":1,"name":"Inicio","item":"https:\/\/eldigitaldeasturias.com\/radio","nextItem":{"@type":"ListItem","@id":"https:\/\/eldigitaldeasturias.com\/radio\/category\/negocios\/#listItem","name":"Negocios"}},{"@type":"ListItem","@id":"https:\/\/eldigitaldeasturias.com\/radio\/category\/negocios\/#listItem","position":2,"name":"Negocios","item":"https:\/\/eldigitaldeasturias.com\/radio\/category\/negocios\/","nextItem":{"@type":"ListItem","@id":"https:\/\/eldigitaldeasturias.com\/radio\/instituto-de-empleo-constata-una-mejora-del-mercado-laboral-en-alemania\/#listItem","name":"Instituto de Empleo constata una mejora del mercado laboral en Alemania"},"previousItem":{"@type":"ListItem","@id":"https:\/\/eldigitaldeasturias.com\/radio#listItem","name":"Inicio"}},{"@type":"ListItem","@id":"https:\/\/eldigitaldeasturias.com\/radio\/instituto-de-empleo-constata-una-mejora-del-mercado-laboral-en-alemania\/#listItem","position":3,"name":"Instituto de Empleo constata una mejora del mercado laboral en Alemania","previousItem":{"@type":"ListItem","@id":"https:\/\/eldigitaldeasturias.com\/radio\/category\/negocios\/#listItem","name":"Negocios"}}]},{"@type":"NewsArticle","@id":"https:\/\/eldigitaldeasturias.com\/radio\/instituto-de-empleo-constata-una-mejora-del-mercado-laboral-en-alemania\/#newsarticle","name":"Instituto de Empleo constata una mejora del mercado laboral en Alemania | El Digital de Asturias","headline":"Instituto de Empleo constata una mejora del mercado laboral en Alemania","author":{"@id":"https:\/\/eldigitaldeasturias.com\/radio\/author\/nbasturias\/#author"},"publisher":{"@id":"https:\/\/eldigitaldeasturias.com\/radio\/#organization"},"image":{"@type":"ImageObject","url":"https:\/\/eldigitaldeasturias.com\/radio\/wp-content\/uploads\/2023\/12\/mercado-laboral.jpg","width":640,"height":427,"caption":"mercado laboral"},"datePublished":"2023-12-30T20:26:09+01:00","dateModified":"2023-12-30T20:26:09+01:00","inLanguage":"es-ES","mainEntityOfPage":{"@id":"https:\/\/eldigitaldeasturias.com\/radio\/instituto-de-empleo-constata-una-mejora-del-mercado-laboral-en-alemania\/#webpage"},"isPartOf":{"@id":"https:\/\/eldigitaldeasturias.com\/radio\/instituto-de-empleo-constata-una-mejora-del-mercado-laboral-en-alemania\/#webpage"},"articleSection":"Negocios, empresas","dateline":"Publicado el diciembre 30, 2023."},{"@type":"Organization","@id":"https:\/\/eldigitaldeasturias.com\/radio\/#organization","name":"El digital de Asturias Radio","description":"Diario de informaci\u00f3n y noticias","url":"https:\/\/eldigitaldeasturias.com\/radio\/","telephone":"+34652131393","logo":{"@type":"ImageObject","url":"https:\/\/www.eldigitaldeasturias.com\/radio\/wp-content\/uploads\/2021\/03\/EDA.jpg","@id":"https:\/\/eldigitaldeasturias.com\/radio\/instituto-de-empleo-constata-una-mejora-del-mercado-laboral-en-alemania\/#organizationLogo"},"image":{"@id":"https:\/\/eldigitaldeasturias.com\/radio\/instituto-de-empleo-constata-una-mejora-del-mercado-laboral-en-alemania\/#organizationLogo"},"sameAs":["https:\/\/www.facebook.com\/","https:\/\/x.com\/bercodi","https:\/\/www.instagram.com\/","https:\/\/www.youtube.com\/channel\/UCZP-2wLEB9Rv6erhFmqVnvg"]},{"@type":"Person","@id":"https:\/\/eldigitaldeasturias.com\/radio\/author\/nbasturias\/#author","url":"https:\/\/eldigitaldeasturias.com\/radio\/author\/nbasturias\/","name":"NBAsturias","image":{"@type":"ImageObject","@id":"https:\/\/eldigitaldeasturias.com\/radio\/instituto-de-empleo-constata-una-mejora-del-mercado-laboral-en-alemania\/#authorImage","url":"https:\/\/secure.gravatar.com\/avatar\/df2aeffc32bcd13f8d26072ef8a91b623d677766deac7f97ca815868cd41bf5e?s=96&d=mm&r=g","width":96,"height":96,"caption":"NBAsturias"}},{"@type":"WebPage","@id":"https:\/\/eldigitaldeasturias.com\/radio\/instituto-de-empleo-constata-una-mejora-del-mercado-laboral-en-alemania\/#webpage","url":"https:\/\/eldigitaldeasturias.com\/radio\/instituto-de-empleo-constata-una-mejora-del-mercado-laboral-en-alemania\/","name":"Instituto de Empleo constata una mejora del mercado laboral en Alemania | El Digital de Asturias","description":"N\u00faremberg (Alemania), 29 dic (dpa) - El sentimiento sobre el mercado laboral alem\u00e1n mejor\u00f3 ligeramente a finales de 2023 por primera vez en casi un a\u00f1o","inLanguage":"es-ES","isPartOf":{"@id":"https:\/\/eldigitaldeasturias.com\/radio\/#website"},"breadcrumb":{"@id":"https:\/\/eldigitaldeasturias.com\/radio\/instituto-de-empleo-constata-una-mejora-del-mercado-laboral-en-alemania\/#breadcrumblist"},"author":{"@id":"https:\/\/eldigitaldeasturias.com\/radio\/author\/nbasturias\/#author"},"creator":{"@id":"https:\/\/eldigitaldeasturias.com\/radio\/author\/nbasturias\/#author"},"image":{"@type":"ImageObject","url":"https:\/\/eldigitaldeasturias.com\/radio\/wp-content\/uploads\/2023\/12\/mercado-laboral.jpg","@id":"https:\/\/eldigitaldeasturias.com\/radio\/instituto-de-empleo-constata-una-mejora-del-mercado-laboral-en-alemania\/#mainImage","width":640,"height":427,"caption":"mercado laboral"},"primaryImageOfPage":{"@id":"https:\/\/eldigitaldeasturias.com\/radio\/instituto-de-empleo-constata-una-mejora-del-mercado-laboral-en-alemania\/#mainImage"},"datePublished":"2023-12-30T20:26:09+01:00","dateModified":"2023-12-30T20:26:09+01:00"},{"@type":"WebSite","@id":"https:\/\/eldigitaldeasturias.com\/radio\/#website","url":"https:\/\/eldigitaldeasturias.com\/radio\/","name":"El Digital de Asturias","description":"Diario de informaci\u00f3n y noticias","inLanguage":"es-ES","publisher":{"@id":"https:\/\/eldigitaldeasturias.com\/radio\/#organization"}}]},"og:locale":"es_ES","og:site_name":"El Digital de Asturias | Diario de informaci\u00f3n y noticias","og:type":"article","og:title":"Instituto de Empleo constata una mejora del mercado laboral en Alemania | El Digital de Asturias","og:description":"N\u00faremberg (Alemania), 29 dic (dpa) - El sentimiento sobre el mercado laboral alem\u00e1n mejor\u00f3 ligeramente a finales de 2023 por primera vez en casi un a\u00f1o","og:url":"https:\/\/eldigitaldeasturias.com\/radio\/instituto-de-empleo-constata-una-mejora-del-mercado-laboral-en-alemania\/","og:image":"https:\/\/eldigitaldeasturias.com\/radio\/wp-content\/uploads\/2023\/12\/mercado-laboral.jpg","og:image:secure_url":"https:\/\/eldigitaldeasturias.com\/radio\/wp-content\/uploads\/2023\/12\/mercado-laboral.jpg","og:image:width":640,"og:image:height":427,"article:published_time":"2023-12-30T19:26:09+00:00","article:modified_time":"2023-12-30T19:26:09+00:00","twitter:card":"summary_large_image","twitter:site":"@bercodi","twitter:title":"Instituto de Empleo constata una mejora del mercado laboral en Alemania | El Digital de Asturias","twitter:description":"N\u00faremberg (Alemania), 29 dic (dpa) - El sentimiento sobre el mercado laboral alem\u00e1n mejor\u00f3 ligeramente a finales de 2023 por primera vez en casi un a\u00f1o","twitter:creator":"@bercodi","twitter:image":"https:\/\/eldigitaldeasturias.com\/radio\/wp-content\/uploads\/2023\/12\/mercado-laboral.jpg"},"aioseo_meta_data":{"post_id":"8463","title":null,"description":"N\u00faremberg (Alemania), 29 dic (dpa) - El sentimiento sobre el mercado laboral alem\u00e1n mejor\u00f3 ligeramente a finales de 2023 por primera vez en casi un a\u00f1o","keywords":[],"keyphrases":{"focus":{"keyphrase":"laboral","score":93,"analysis":{"keyphraseInTitle":{"score":9,"maxScore":9,"error":0},"keyphraseInDescription":{"score":9,"maxScore":9,"error":0},"keyphraseLength":{"score":9,"maxScore":9,"error":0,"length":1},"keyphraseInURL":{"score":1,"maxScore":5,"error":1},"keyphraseInIntroduction":{"score":9,"maxScore":9,"error":0},"keyphraseInSubHeadings":[],"keyphraseInImageAlt":{"score":9,"maxScore":9,"error":0},"keywordDensity":{"type":"best","score":9,"maxScore":9,"error":0}}},"additional":[{"keyphrase":"mercado laboral ","score":100,"analysis":{"keyphraseInDescription":{"score":9,"maxScore":9,"error":0},"keyphraseLength":{"score":9,"maxScore":9,"error":0,"length":2},"keyphraseInIntroduction":{"score":9,"maxScore":9,"error":0},"keyphraseInImageAlt":{"score":9,"maxScore":9,"error":0},"keywordDensity":{"type":"best","score":9,"maxScore":9,"error":0}}}]},"primary_term":null,"canonical_url":null,"og_title":null,"og_description":null,"og_object_type":"default","og_image_type":"default","og_image_url":null,"og_image_width":null,"og_image_height":null,"og_image_custom_url":null,"og_image_custom_fields":null,"og_video":"","og_custom_url":null,"og_article_section":null,"og_article_tags":[],"twitter_use_og":false,"twitter_card":"default","twitter_image_type":"default","twitter_image_url":null,"twitter_image_custom_url":null,"twitter_image_custom_fields":null,"twitter_title":null,"twitter_description":null,"schema":{"blockGraphs":[],"customGraphs":[],"default":{"data":{"Article":[],"Course":[],"Dataset":[],"FAQPage":[],"Movie":[],"Person":[],"Product":[],"ProductReview":[],"Car":[],"Recipe":[],"Service":[],"SoftwareApplication":[],"WebPage":[]},"graphName":"NewsArticle","isEnabled":true},"graphs":[]},"schema_type":"default","schema_type_options":null,"pillar_content":false,"robots_default":true,"robots_noindex":false,"robots_noarchive":false,"robots_nosnippet":false,"robots_nofollow":false,"robots_noimageindex":false,"robots_noodp":false,"robots_notranslate":false,"robots_max_snippet":"-1","robots_max_videopreview":"-1","robots_max_imagepreview":"large","priority":null,"frequency":"default","location":null,"local_seo":null,"seo_analyzer_scan_date":"2025-08-28 21:53:00","breadcrumb_settings":null,"limit_modified_date":false,"open_ai":"{\"title\":{\"suggestions\":[],\"usage\":0},\"description\":{\"suggestions\":[],\"usage\":0}}","ai":null,"created":"2023-12-30 19:15:23","updated":"2025-08-28 21:53:00"},"aioseo_breadcrumb":"<div class=\"aioseo-breadcrumbs\"><span class=\"aioseo-breadcrumb\">\n\t<a href=\"https:\/\/eldigitaldeasturias.com\/radio\" title=\"Inicio\">Inicio<\/a>\n<\/span><span class=\"aioseo-breadcrumb-separator\">&ndash;<\/span><span class=\"aioseo-breadcrumb\">\n\t<a href=\"https:\/\/eldigitaldeasturias.com\/radio\/category\/negocios\/\" title=\"Negocios\">Negocios<\/a>\n<\/span><span class=\"aioseo-breadcrumb-separator\">&ndash;<\/span><span class=\"aioseo-breadcrumb\">\n\tInstituto de Empleo constata una mejora del mercado laboral en Alemania\n<\/span><\/div>","aioseo_breadcrumb_json":[{"label":"Inicio","link":"https:\/\/eldigitaldeasturias.com\/radio"},{"label":"Negocios","link":"https:\/\/eldigitaldeasturias.com\/radio\/category\/negocios\/"},{"label":"Instituto de Empleo constata una mejora del mercado laboral en Alemania","link":"https:\/\/eldigitaldeasturias.com\/radio\/instituto-de-empleo-constata-una-mejora-del-mercado-laboral-en-alemania\/"}],"_links":{"self":[{"href":"https:\/\/eldigitaldeasturias.com\/radio\/wp-json\/wp\/v2\/posts\/8463","targetHints":{"allow":["GET"]}}],"collection":[{"href":"https:\/\/eldigitaldeasturias.com\/radio\/wp-json\/wp\/v2\/posts"}],"about":[{"href":"https:\/\/eldigitaldeasturias.com\/radio\/wp-json\/wp\/v2\/types\/post"}],"author":[{"embeddable":true,"href":"https:\/\/eldigitaldeasturias.com\/radio\/wp-json\/wp\/v2\/users\/1"}],"replies":[{"embeddable":true,"href":"https:\/\/eldigitaldeasturias.com\/radio\/wp-json\/wp\/v2\/comments?post=8463"}],"version-history":[{"count":0,"href":"https:\/\/eldigitaldeasturias.com\/radio\/wp-json\/wp\/v2\/posts\/8463\/revisions"}],"wp:featuredmedia":[{"embeddable":true,"href":"https:\/\/eldigitaldeasturias.com\/radio\/wp-json\/wp\/v2\/media\/8464"}],"wp:attachment":[{"href":"https:\/\/eldigitaldeasturias.com\/radio\/wp-json\/wp\/v2\/media?parent=8463"}],"wp:term":[{"taxonomy":"category","embeddable":true,"href":"https:\/\/eldigitaldeasturias.com\/radio\/wp-json\/wp\/v2\/categories?post=8463"},{"taxonomy":"post_tag","embeddable":true,"href":"https:\/\/eldigitaldeasturias.com\/radio\/wp-json\/wp\/v2\/tags?post=8463"}],"curies":[{"name":"wp","href":"https:\/\/api.w.org\/{rel}","templated":true}]}}