{"id":8379,"date":"2023-12-15T21:44:53","date_gmt":"2023-12-15T20:44:53","guid":{"rendered":"https:\/\/eldigitaldeasturias.com\/radio\/?p=8379"},"modified":"2023-12-15T21:45:40","modified_gmt":"2023-12-15T20:45:40","slug":"la-vci-estima-que-la-facturacion-caera-en-2024","status":"publish","type":"post","link":"https:\/\/eldigitaldeasturias.com\/radio\/la-vci-estima-que-la-facturacion-caera-en-2024\/","title":{"rendered":"La VCI estima que la facturaci\u00f3n caer\u00e1 en 2024"},"content":{"rendered":"<p>Fr\u00e1ncfort, 15 dic (<a title=\"dpa\" href=\"https:\/\/www.dpa-news.de\/\" target=\"_blank\" rel=\"noopener\"><span style=\"color: #ff6600;\"><strong>dpa<\/strong><\/span><\/a>) &#8211; La Asociaci\u00f3n Alemana de la Industria Qu\u00edmica (VCI) afirm\u00f3 hoy que tanto la situaci\u00f3n empresarial actual como las expectativas para los pr\u00f3ximos meses son negativas para la<a href=\"https:\/\/www.eldigitaldeasturias.com\/noticias\/category\/negocios-y-empresas\/\" target=\"_blank\" rel=\"noopener\"><span style=\"color: #ff6600;\"> <strong>industria qu\u00edmica y farmac\u00e9utica <\/strong><\/span><\/a>alemana tras un a\u00f1o de crisis.<\/p>\n<figure id=\"attachment_8380\" aria-describedby=\"caption-attachment-8380\" style=\"width: 650px\" class=\"wp-caption aligncenter\"><img fetchpriority=\"high\" decoding=\"async\" class=\"wp-image-8380 size-large\" src=\"https:\/\/eldigitaldeasturias.com\/radio\/wp-content\/uploads\/2023\/12\/Facturacion-Industria-Quimica-650x423.jpg\" alt=\"Facturaci\u00f3n Industria Qu\u00edmica\" width=\"650\" height=\"423\" srcset=\"https:\/\/eldigitaldeasturias.com\/radio\/wp-content\/uploads\/2023\/12\/Facturacion-Industria-Quimica-650x423.jpg 650w, https:\/\/eldigitaldeasturias.com\/radio\/wp-content\/uploads\/2023\/12\/Facturacion-Industria-Quimica-360x234.jpg 360w, https:\/\/eldigitaldeasturias.com\/radio\/wp-content\/uploads\/2023\/12\/Facturacion-Industria-Quimica-768x499.jpg 768w, https:\/\/eldigitaldeasturias.com\/radio\/wp-content\/uploads\/2023\/12\/Facturacion-Industria-Quimica-150x98.jpg 150w, https:\/\/eldigitaldeasturias.com\/radio\/wp-content\/uploads\/2023\/12\/Facturacion-Industria-Quimica-450x293.jpg 450w, https:\/\/eldigitaldeasturias.com\/radio\/wp-content\/uploads\/2023\/12\/Facturacion-Industria-Quimica.jpg 992w\" sizes=\"(max-width: 650px) 100vw, 650px\" \/><figcaption id=\"caption-attachment-8380\" class=\"wp-caption-text\">Planta de una empresa qu\u00edmica en Alemania. Foto: Uwe Anspach\/dpa<\/figcaption><\/figure>\n<p>La VCI prev\u00e9 que la facturaci\u00f3n de la <a href=\"https:\/\/eldigitaldeasturias.com\/radio\/category\/negocios\/\"><span style=\"color: #ff6600;\"><strong>industria<\/strong><\/span><\/a> caiga un tres por ciento el a\u00f1o que viene y que la producci\u00f3n se estanque.<\/p>\n<p>El tercer sector industrial alem\u00e1n atraviesa tiempos dif\u00edciles debido a la subida de los precios de la energ\u00eda debido a las consecuencias de la guerra de Ucrania y la debilidad de la econom\u00eda.<\/p>\n<p>Este a\u00f1o, el volumen de negocios cay\u00f3 un 12 por ciento, hasta unos 230.000 millones de euros (251.184 millones de d\u00f3lares). La producci\u00f3n cedi\u00f3 un ocho por ciento, y solo en la industria qu\u00edmica un 11 por ciento.<\/p>\n<p>El l\u00edder del sector, BASF, por ejemplo, anunci\u00f3 la supresi\u00f3n de miles de puestos de trabajo, el cierre de plantas de alto consumo energ\u00e9tico en su sede principal de Ludwigshafen y la escisi\u00f3n de algunas divisiones.<\/p>\n<p>Seg\u00fan la VCI, no hay indicios de una r\u00e1pida recuperaci\u00f3n. En una encuesta realizada entre 350 empresas miembro, el 45 por ciento espera, como muy pronto, una mejora en 2025. Sin embargo, un tercio espera una recuperaci\u00f3n en la segunda mitad de 2024.<\/p>\n<p>A tenor de la encuesta, casi el 40 por ciento se queja de una ca\u00edda de los beneficios. Alrededor del 15 por ciento est\u00e1 en n\u00fameros rojos. \u00abCuanto m\u00e1s se prolongue esta situaci\u00f3n, m\u00e1s cabe esperar que se cierren m\u00e1s plantas\u00bb, advirti\u00f3 el presidente de la VCI, Markus Steilemann.<\/p>\n<p>A\u00f1adi\u00f3 que tampoco se pueden descartar el cierre de \u00e1reas de negocio deficitarias, el traslado de inversiones al extranjero o recortes de plantilla.<\/p>\n<p>Este a\u00f1o, sin embargo, el empleo en el sector se mantuvo estable en torno a las 477.000 personas.<\/p>\n","protected":false},"excerpt":{"rendered":"<p>Fr\u00e1ncfort, 15 dic (dpa) &#8211; La Asociaci\u00f3n Alemana de la Industria Qu\u00edmica (VCI) afirm\u00f3 hoy que tanto la situaci\u00f3n empresarial actual como las expectativas para los pr\u00f3ximos meses son negativas para la industria qu\u00edmica y farmac\u00e9utica alemana tras un a\u00f1o de crisis. La VCI prev\u00e9 que la facturaci\u00f3n de la industria caiga un tres por<\/p>\n","protected":false},"author":1,"featured_media":8380,"comment_status":"closed","ping_status":"closed","sticky":false,"template":"","format":"standard","meta":{"footnotes":""},"categories":[35],"tags":[43],"class_list":{"0":"post-8379","1":"post","2":"type-post","3":"status-publish","4":"format-standard","5":"has-post-thumbnail","7":"category-negocios","8":"tag-empresas"},"aioseo_notices":[],"aioseo_head":"\n\t\t<!-- All in One SEO Pro 4.9.6.2 - aioseo.com -->\n\t<meta name=\"description\" content=\"Fr\u00e1ncfort, 15 dic (dpa) - La Asociaci\u00f3n Alemana de la Industria Qu\u00edmica (VCI) afirm\u00f3 hoy que tanto la situaci\u00f3n empresarial actual como las expectativas\" \/>\n\t<meta name=\"robots\" content=\"max-image-preview:large\" \/>\n\t<meta name=\"author\" content=\"NBAsturias\"\/>\n\t<meta name=\"google-site-verification\" content=\"UA-38556648-1\" \/>\n\t<meta name=\"keywords\" content=\"negocios\" \/>\n\t<link rel=\"canonical\" href=\"https:\/\/eldigitaldeasturias.com\/radio\/la-vci-estima-que-la-facturacion-caera-en-2024\/\" \/>\n\t<meta name=\"generator\" content=\"All in One SEO Pro (AIOSEO) 4.9.6.2\" \/>\n\t\t<meta property=\"og:locale\" content=\"es_ES\" \/>\n\t\t<meta property=\"og:site_name\" content=\"El Digital de Asturias | Diario de informaci\u00f3n y noticias\" \/>\n\t\t<meta property=\"og:type\" content=\"article\" \/>\n\t\t<meta property=\"og:title\" content=\"La VCI estima que la facturaci\u00f3n caer\u00e1 en 2024 | El Digital de Asturias\" \/>\n\t\t<meta property=\"og:description\" content=\"Fr\u00e1ncfort, 15 dic (dpa) - La Asociaci\u00f3n Alemana de la Industria Qu\u00edmica (VCI) afirm\u00f3 hoy que tanto la situaci\u00f3n empresarial actual como las expectativas\" \/>\n\t\t<meta property=\"og:url\" content=\"https:\/\/eldigitaldeasturias.com\/radio\/la-vci-estima-que-la-facturacion-caera-en-2024\/\" \/>\n\t\t<meta property=\"og:image\" content=\"https:\/\/eldigitaldeasturias.com\/radio\/wp-content\/uploads\/2023\/12\/Facturacion-Industria-Quimica.jpg\" \/>\n\t\t<meta property=\"og:image:secure_url\" content=\"https:\/\/eldigitaldeasturias.com\/radio\/wp-content\/uploads\/2023\/12\/Facturacion-Industria-Quimica.jpg\" \/>\n\t\t<meta property=\"og:image:width\" content=\"992\" \/>\n\t\t<meta property=\"og:image:height\" content=\"645\" \/>\n\t\t<meta property=\"article:published_time\" content=\"2023-12-15T20:44:53+00:00\" \/>\n\t\t<meta property=\"article:modified_time\" content=\"2023-12-15T20:45:40+00:00\" \/>\n\t\t<meta name=\"twitter:card\" content=\"summary_large_image\" \/>\n\t\t<meta name=\"twitter:site\" content=\"@bercodi\" \/>\n\t\t<meta name=\"twitter:title\" content=\"La VCI estima que la facturaci\u00f3n caer\u00e1 en 2024 | El Digital de Asturias\" \/>\n\t\t<meta name=\"twitter:description\" content=\"Fr\u00e1ncfort, 15 dic (dpa) - La Asociaci\u00f3n Alemana de la Industria Qu\u00edmica (VCI) afirm\u00f3 hoy que tanto la situaci\u00f3n empresarial actual como las expectativas\" \/>\n\t\t<meta name=\"twitter:creator\" content=\"@bercodi\" \/>\n\t\t<meta name=\"twitter:image\" content=\"https:\/\/eldigitaldeasturias.com\/radio\/wp-content\/uploads\/2023\/12\/Facturacion-Industria-Quimica.jpg\" \/>\n\t\t<script type=\"application\/ld+json\" class=\"aioseo-schema\">\n\t\t\t{\"@context\":\"https:\\\/\\\/schema.org\",\"@graph\":[{\"@type\":\"BreadcrumbList\",\"@id\":\"https:\\\/\\\/eldigitaldeasturias.com\\\/radio\\\/la-vci-estima-que-la-facturacion-caera-en-2024\\\/#breadcrumblist\",\"itemListElement\":[{\"@type\":\"ListItem\",\"@id\":\"https:\\\/\\\/eldigitaldeasturias.com\\\/radio#listItem\",\"position\":1,\"name\":\"Inicio\",\"item\":\"https:\\\/\\\/eldigitaldeasturias.com\\\/radio\",\"nextItem\":{\"@type\":\"ListItem\",\"@id\":\"https:\\\/\\\/eldigitaldeasturias.com\\\/radio\\\/category\\\/negocios\\\/#listItem\",\"name\":\"Negocios\"}},{\"@type\":\"ListItem\",\"@id\":\"https:\\\/\\\/eldigitaldeasturias.com\\\/radio\\\/category\\\/negocios\\\/#listItem\",\"position\":2,\"name\":\"Negocios\",\"item\":\"https:\\\/\\\/eldigitaldeasturias.com\\\/radio\\\/category\\\/negocios\\\/\",\"nextItem\":{\"@type\":\"ListItem\",\"@id\":\"https:\\\/\\\/eldigitaldeasturias.com\\\/radio\\\/la-vci-estima-que-la-facturacion-caera-en-2024\\\/#listItem\",\"name\":\"La VCI estima que la facturaci\\u00f3n caer\\u00e1 en 2024\"},\"previousItem\":{\"@type\":\"ListItem\",\"@id\":\"https:\\\/\\\/eldigitaldeasturias.com\\\/radio#listItem\",\"name\":\"Inicio\"}},{\"@type\":\"ListItem\",\"@id\":\"https:\\\/\\\/eldigitaldeasturias.com\\\/radio\\\/la-vci-estima-que-la-facturacion-caera-en-2024\\\/#listItem\",\"position\":3,\"name\":\"La VCI estima que la facturaci\\u00f3n caer\\u00e1 en 2024\",\"previousItem\":{\"@type\":\"ListItem\",\"@id\":\"https:\\\/\\\/eldigitaldeasturias.com\\\/radio\\\/category\\\/negocios\\\/#listItem\",\"name\":\"Negocios\"}}]},{\"@type\":\"NewsArticle\",\"@id\":\"https:\\\/\\\/eldigitaldeasturias.com\\\/radio\\\/la-vci-estima-que-la-facturacion-caera-en-2024\\\/#newsarticle\",\"name\":\"La VCI estima que la facturaci\\u00f3n caer\\u00e1 en 2024 | El Digital de Asturias\",\"headline\":\"La VCI estima que la facturaci\\u00f3n caer\\u00e1 en 2024\",\"author\":{\"@id\":\"https:\\\/\\\/eldigitaldeasturias.com\\\/radio\\\/author\\\/nbasturias\\\/#author\"},\"publisher\":{\"@id\":\"https:\\\/\\\/eldigitaldeasturias.com\\\/radio\\\/#organization\"},\"image\":{\"@type\":\"ImageObject\",\"url\":\"https:\\\/\\\/eldigitaldeasturias.com\\\/radio\\\/wp-content\\\/uploads\\\/2023\\\/12\\\/Facturacion-Industria-Quimica.jpg\",\"width\":992,\"height\":645,\"caption\":\"Planta de una empresa qu\\u00edmica en Alemania. Foto: Uwe Anspach\\\/dpa\"},\"datePublished\":\"2023-12-15T21:44:53+01:00\",\"dateModified\":\"2023-12-15T21:45:40+01:00\",\"inLanguage\":\"es-ES\",\"mainEntityOfPage\":{\"@id\":\"https:\\\/\\\/eldigitaldeasturias.com\\\/radio\\\/la-vci-estima-que-la-facturacion-caera-en-2024\\\/#webpage\"},\"isPartOf\":{\"@id\":\"https:\\\/\\\/eldigitaldeasturias.com\\\/radio\\\/la-vci-estima-que-la-facturacion-caera-en-2024\\\/#webpage\"},\"articleSection\":\"Negocios, empresas\",\"dateline\":\"Publicado el diciembre 15, 2023.\"},{\"@type\":\"Organization\",\"@id\":\"https:\\\/\\\/eldigitaldeasturias.com\\\/radio\\\/#organization\",\"name\":\"El digital de Asturias Radio\",\"description\":\"Diario de informaci\\u00f3n y noticias\",\"url\":\"https:\\\/\\\/eldigitaldeasturias.com\\\/radio\\\/\",\"telephone\":\"+34652131393\",\"logo\":{\"@type\":\"ImageObject\",\"url\":\"https:\\\/\\\/www.eldigitaldeasturias.com\\\/radio\\\/wp-content\\\/uploads\\\/2021\\\/03\\\/EDA.jpg\",\"@id\":\"https:\\\/\\\/eldigitaldeasturias.com\\\/radio\\\/la-vci-estima-que-la-facturacion-caera-en-2024\\\/#organizationLogo\"},\"image\":{\"@id\":\"https:\\\/\\\/eldigitaldeasturias.com\\\/radio\\\/la-vci-estima-que-la-facturacion-caera-en-2024\\\/#organizationLogo\"},\"sameAs\":[\"https:\\\/\\\/www.facebook.com\\\/\",\"https:\\\/\\\/x.com\\\/bercodi\",\"https:\\\/\\\/www.instagram.com\\\/\",\"https:\\\/\\\/www.youtube.com\\\/channel\\\/UCZP-2wLEB9Rv6erhFmqVnvg\"]},{\"@type\":\"Person\",\"@id\":\"https:\\\/\\\/eldigitaldeasturias.com\\\/radio\\\/author\\\/nbasturias\\\/#author\",\"url\":\"https:\\\/\\\/eldigitaldeasturias.com\\\/radio\\\/author\\\/nbasturias\\\/\",\"name\":\"NBAsturias\",\"image\":{\"@type\":\"ImageObject\",\"@id\":\"https:\\\/\\\/eldigitaldeasturias.com\\\/radio\\\/la-vci-estima-que-la-facturacion-caera-en-2024\\\/#authorImage\",\"url\":\"https:\\\/\\\/secure.gravatar.com\\\/avatar\\\/df2aeffc32bcd13f8d26072ef8a91b623d677766deac7f97ca815868cd41bf5e?s=96&d=mm&r=g\",\"width\":96,\"height\":96,\"caption\":\"NBAsturias\"}},{\"@type\":\"WebPage\",\"@id\":\"https:\\\/\\\/eldigitaldeasturias.com\\\/radio\\\/la-vci-estima-que-la-facturacion-caera-en-2024\\\/#webpage\",\"url\":\"https:\\\/\\\/eldigitaldeasturias.com\\\/radio\\\/la-vci-estima-que-la-facturacion-caera-en-2024\\\/\",\"name\":\"La VCI estima que la facturaci\\u00f3n caer\\u00e1 en 2024 | El Digital de Asturias\",\"description\":\"Fr\\u00e1ncfort, 15 dic (dpa) - La Asociaci\\u00f3n Alemana de la Industria Qu\\u00edmica (VCI) afirm\\u00f3 hoy que tanto la situaci\\u00f3n empresarial actual como las expectativas\",\"inLanguage\":\"es-ES\",\"isPartOf\":{\"@id\":\"https:\\\/\\\/eldigitaldeasturias.com\\\/radio\\\/#website\"},\"breadcrumb\":{\"@id\":\"https:\\\/\\\/eldigitaldeasturias.com\\\/radio\\\/la-vci-estima-que-la-facturacion-caera-en-2024\\\/#breadcrumblist\"},\"author\":{\"@id\":\"https:\\\/\\\/eldigitaldeasturias.com\\\/radio\\\/author\\\/nbasturias\\\/#author\"},\"creator\":{\"@id\":\"https:\\\/\\\/eldigitaldeasturias.com\\\/radio\\\/author\\\/nbasturias\\\/#author\"},\"image\":{\"@type\":\"ImageObject\",\"url\":\"https:\\\/\\\/eldigitaldeasturias.com\\\/radio\\\/wp-content\\\/uploads\\\/2023\\\/12\\\/Facturacion-Industria-Quimica.jpg\",\"@id\":\"https:\\\/\\\/eldigitaldeasturias.com\\\/radio\\\/la-vci-estima-que-la-facturacion-caera-en-2024\\\/#mainImage\",\"width\":992,\"height\":645,\"caption\":\"Planta de una empresa qu\\u00edmica en Alemania. Foto: Uwe Anspach\\\/dpa\"},\"primaryImageOfPage\":{\"@id\":\"https:\\\/\\\/eldigitaldeasturias.com\\\/radio\\\/la-vci-estima-que-la-facturacion-caera-en-2024\\\/#mainImage\"},\"datePublished\":\"2023-12-15T21:44:53+01:00\",\"dateModified\":\"2023-12-15T21:45:40+01:00\"},{\"@type\":\"WebSite\",\"@id\":\"https:\\\/\\\/eldigitaldeasturias.com\\\/radio\\\/#website\",\"url\":\"https:\\\/\\\/eldigitaldeasturias.com\\\/radio\\\/\",\"name\":\"El Digital de Asturias\",\"description\":\"Diario de informaci\\u00f3n y noticias\",\"inLanguage\":\"es-ES\",\"publisher\":{\"@id\":\"https:\\\/\\\/eldigitaldeasturias.com\\\/radio\\\/#organization\"}}]}\n\t\t<\/script>\n\t\t<!-- All in One SEO Pro -->\r\n\t\t<title>La VCI estima que la facturaci\u00f3n caer\u00e1 en 2024 | El Digital de Asturias<\/title>\n\n","aioseo_head_json":{"title":"La VCI estima que la facturaci\u00f3n caer\u00e1 en 2024 | El Digital de Asturias","description":"Fr\u00e1ncfort, 15 dic (dpa) - La Asociaci\u00f3n Alemana de la Industria Qu\u00edmica (VCI) afirm\u00f3 hoy que tanto la situaci\u00f3n empresarial actual como las expectativas","canonical_url":"https:\/\/eldigitaldeasturias.com\/radio\/la-vci-estima-que-la-facturacion-caera-en-2024\/","robots":"max-image-preview:large","keywords":"negocios","webmasterTools":{"google-site-verification":"UA-38556648-1","miscellaneous":""},"schema":{"@context":"https:\/\/schema.org","@graph":[{"@type":"BreadcrumbList","@id":"https:\/\/eldigitaldeasturias.com\/radio\/la-vci-estima-que-la-facturacion-caera-en-2024\/#breadcrumblist","itemListElement":[{"@type":"ListItem","@id":"https:\/\/eldigitaldeasturias.com\/radio#listItem","position":1,"name":"Inicio","item":"https:\/\/eldigitaldeasturias.com\/radio","nextItem":{"@type":"ListItem","@id":"https:\/\/eldigitaldeasturias.com\/radio\/category\/negocios\/#listItem","name":"Negocios"}},{"@type":"ListItem","@id":"https:\/\/eldigitaldeasturias.com\/radio\/category\/negocios\/#listItem","position":2,"name":"Negocios","item":"https:\/\/eldigitaldeasturias.com\/radio\/category\/negocios\/","nextItem":{"@type":"ListItem","@id":"https:\/\/eldigitaldeasturias.com\/radio\/la-vci-estima-que-la-facturacion-caera-en-2024\/#listItem","name":"La VCI estima que la facturaci\u00f3n caer\u00e1 en 2024"},"previousItem":{"@type":"ListItem","@id":"https:\/\/eldigitaldeasturias.com\/radio#listItem","name":"Inicio"}},{"@type":"ListItem","@id":"https:\/\/eldigitaldeasturias.com\/radio\/la-vci-estima-que-la-facturacion-caera-en-2024\/#listItem","position":3,"name":"La VCI estima que la facturaci\u00f3n caer\u00e1 en 2024","previousItem":{"@type":"ListItem","@id":"https:\/\/eldigitaldeasturias.com\/radio\/category\/negocios\/#listItem","name":"Negocios"}}]},{"@type":"NewsArticle","@id":"https:\/\/eldigitaldeasturias.com\/radio\/la-vci-estima-que-la-facturacion-caera-en-2024\/#newsarticle","name":"La VCI estima que la facturaci\u00f3n caer\u00e1 en 2024 | El Digital de Asturias","headline":"La VCI estima que la facturaci\u00f3n caer\u00e1 en 2024","author":{"@id":"https:\/\/eldigitaldeasturias.com\/radio\/author\/nbasturias\/#author"},"publisher":{"@id":"https:\/\/eldigitaldeasturias.com\/radio\/#organization"},"image":{"@type":"ImageObject","url":"https:\/\/eldigitaldeasturias.com\/radio\/wp-content\/uploads\/2023\/12\/Facturacion-Industria-Quimica.jpg","width":992,"height":645,"caption":"Planta de una empresa qu\u00edmica en Alemania. Foto: Uwe Anspach\/dpa"},"datePublished":"2023-12-15T21:44:53+01:00","dateModified":"2023-12-15T21:45:40+01:00","inLanguage":"es-ES","mainEntityOfPage":{"@id":"https:\/\/eldigitaldeasturias.com\/radio\/la-vci-estima-que-la-facturacion-caera-en-2024\/#webpage"},"isPartOf":{"@id":"https:\/\/eldigitaldeasturias.com\/radio\/la-vci-estima-que-la-facturacion-caera-en-2024\/#webpage"},"articleSection":"Negocios, empresas","dateline":"Publicado el diciembre 15, 2023."},{"@type":"Organization","@id":"https:\/\/eldigitaldeasturias.com\/radio\/#organization","name":"El digital de Asturias Radio","description":"Diario de informaci\u00f3n y noticias","url":"https:\/\/eldigitaldeasturias.com\/radio\/","telephone":"+34652131393","logo":{"@type":"ImageObject","url":"https:\/\/www.eldigitaldeasturias.com\/radio\/wp-content\/uploads\/2021\/03\/EDA.jpg","@id":"https:\/\/eldigitaldeasturias.com\/radio\/la-vci-estima-que-la-facturacion-caera-en-2024\/#organizationLogo"},"image":{"@id":"https:\/\/eldigitaldeasturias.com\/radio\/la-vci-estima-que-la-facturacion-caera-en-2024\/#organizationLogo"},"sameAs":["https:\/\/www.facebook.com\/","https:\/\/x.com\/bercodi","https:\/\/www.instagram.com\/","https:\/\/www.youtube.com\/channel\/UCZP-2wLEB9Rv6erhFmqVnvg"]},{"@type":"Person","@id":"https:\/\/eldigitaldeasturias.com\/radio\/author\/nbasturias\/#author","url":"https:\/\/eldigitaldeasturias.com\/radio\/author\/nbasturias\/","name":"NBAsturias","image":{"@type":"ImageObject","@id":"https:\/\/eldigitaldeasturias.com\/radio\/la-vci-estima-que-la-facturacion-caera-en-2024\/#authorImage","url":"https:\/\/secure.gravatar.com\/avatar\/df2aeffc32bcd13f8d26072ef8a91b623d677766deac7f97ca815868cd41bf5e?s=96&d=mm&r=g","width":96,"height":96,"caption":"NBAsturias"}},{"@type":"WebPage","@id":"https:\/\/eldigitaldeasturias.com\/radio\/la-vci-estima-que-la-facturacion-caera-en-2024\/#webpage","url":"https:\/\/eldigitaldeasturias.com\/radio\/la-vci-estima-que-la-facturacion-caera-en-2024\/","name":"La VCI estima que la facturaci\u00f3n caer\u00e1 en 2024 | El Digital de Asturias","description":"Fr\u00e1ncfort, 15 dic (dpa) - La Asociaci\u00f3n Alemana de la Industria Qu\u00edmica (VCI) afirm\u00f3 hoy que tanto la situaci\u00f3n empresarial actual como las expectativas","inLanguage":"es-ES","isPartOf":{"@id":"https:\/\/eldigitaldeasturias.com\/radio\/#website"},"breadcrumb":{"@id":"https:\/\/eldigitaldeasturias.com\/radio\/la-vci-estima-que-la-facturacion-caera-en-2024\/#breadcrumblist"},"author":{"@id":"https:\/\/eldigitaldeasturias.com\/radio\/author\/nbasturias\/#author"},"creator":{"@id":"https:\/\/eldigitaldeasturias.com\/radio\/author\/nbasturias\/#author"},"image":{"@type":"ImageObject","url":"https:\/\/eldigitaldeasturias.com\/radio\/wp-content\/uploads\/2023\/12\/Facturacion-Industria-Quimica.jpg","@id":"https:\/\/eldigitaldeasturias.com\/radio\/la-vci-estima-que-la-facturacion-caera-en-2024\/#mainImage","width":992,"height":645,"caption":"Planta de una empresa qu\u00edmica en Alemania. Foto: Uwe Anspach\/dpa"},"primaryImageOfPage":{"@id":"https:\/\/eldigitaldeasturias.com\/radio\/la-vci-estima-que-la-facturacion-caera-en-2024\/#mainImage"},"datePublished":"2023-12-15T21:44:53+01:00","dateModified":"2023-12-15T21:45:40+01:00"},{"@type":"WebSite","@id":"https:\/\/eldigitaldeasturias.com\/radio\/#website","url":"https:\/\/eldigitaldeasturias.com\/radio\/","name":"El Digital de Asturias","description":"Diario de informaci\u00f3n y noticias","inLanguage":"es-ES","publisher":{"@id":"https:\/\/eldigitaldeasturias.com\/radio\/#organization"}}]},"og:locale":"es_ES","og:site_name":"El Digital de Asturias | Diario de informaci\u00f3n y noticias","og:type":"article","og:title":"La VCI estima que la facturaci\u00f3n caer\u00e1 en 2024 | El Digital de Asturias","og:description":"Fr\u00e1ncfort, 15 dic (dpa) - La Asociaci\u00f3n Alemana de la Industria Qu\u00edmica (VCI) afirm\u00f3 hoy que tanto la situaci\u00f3n empresarial actual como las expectativas","og:url":"https:\/\/eldigitaldeasturias.com\/radio\/la-vci-estima-que-la-facturacion-caera-en-2024\/","og:image":"https:\/\/eldigitaldeasturias.com\/radio\/wp-content\/uploads\/2023\/12\/Facturacion-Industria-Quimica.jpg","og:image:secure_url":"https:\/\/eldigitaldeasturias.com\/radio\/wp-content\/uploads\/2023\/12\/Facturacion-Industria-Quimica.jpg","og:image:width":992,"og:image:height":645,"article:published_time":"2023-12-15T20:44:53+00:00","article:modified_time":"2023-12-15T20:45:40+00:00","twitter:card":"summary_large_image","twitter:site":"@bercodi","twitter:title":"La VCI estima que la facturaci\u00f3n caer\u00e1 en 2024 | El Digital de Asturias","twitter:description":"Fr\u00e1ncfort, 15 dic (dpa) - La Asociaci\u00f3n Alemana de la Industria Qu\u00edmica (VCI) afirm\u00f3 hoy que tanto la situaci\u00f3n empresarial actual como las expectativas","twitter:creator":"@bercodi","twitter:image":"https:\/\/eldigitaldeasturias.com\/radio\/wp-content\/uploads\/2023\/12\/Facturacion-Industria-Quimica.jpg"},"aioseo_meta_data":{"post_id":"8379","title":null,"description":"Fr\u00e1ncfort, 15 dic (dpa) - La Asociaci\u00f3n Alemana de la Industria Qu\u00edmica (VCI) afirm\u00f3 hoy que tanto la situaci\u00f3n empresarial actual como las expectativas","keywords":[],"keyphrases":{"focus":{"keyphrase":"VCI","score":90,"analysis":{"keyphraseInTitle":{"score":9,"maxScore":9,"error":0},"keyphraseInDescription":{"score":9,"maxScore":9,"error":0},"keyphraseLength":{"score":9,"maxScore":9,"error":0,"length":1},"keyphraseInURL":{"score":5,"maxScore":5,"error":0},"keyphraseInIntroduction":{"score":9,"maxScore":9,"error":0},"keyphraseInSubHeadings":[],"keyphraseInImageAlt":{"score":3,"maxScore":9,"error":1},"keywordDensity":{"type":"best","score":9,"maxScore":9,"error":0}}},"additional":[{"keyphrase":"Industria Qu\u00edmica","score":100,"analysis":{"keyphraseInDescription":{"score":9,"maxScore":9,"error":0},"keyphraseLength":{"score":9,"maxScore":9,"error":0,"length":3},"keyphraseInIntroduction":{"score":9,"maxScore":9,"error":0},"keyphraseInImageAlt":{"score":9,"maxScore":9,"error":0},"keywordDensity":{"type":"best","score":9,"maxScore":9,"error":0}}},{"keyphrase":"VCI","score":87,"analysis":{"keyphraseInDescription":{"score":9,"maxScore":9,"error":0},"keyphraseLength":{"score":9,"maxScore":9,"error":0,"length":1},"keyphraseInIntroduction":{"score":9,"maxScore":9,"error":0},"keyphraseInImageAlt":{"score":3,"maxScore":9,"error":1},"keywordDensity":{"type":"best","score":9,"maxScore":9,"error":0}}}]},"primary_term":null,"canonical_url":null,"og_title":null,"og_description":null,"og_object_type":"default","og_image_type":"default","og_image_url":null,"og_image_width":null,"og_image_height":null,"og_image_custom_url":null,"og_image_custom_fields":null,"og_video":"","og_custom_url":null,"og_article_section":null,"og_article_tags":[],"twitter_use_og":false,"twitter_card":"default","twitter_image_type":"default","twitter_image_url":null,"twitter_image_custom_url":null,"twitter_image_custom_fields":null,"twitter_title":null,"twitter_description":null,"schema":{"blockGraphs":[],"customGraphs":[],"default":{"data":{"Article":[],"Course":[],"Dataset":[],"FAQPage":[],"Movie":[],"Person":[],"Product":[],"ProductReview":[],"Car":[],"Recipe":[],"Service":[],"SoftwareApplication":[],"WebPage":[]},"graphName":"NewsArticle","isEnabled":true},"graphs":[]},"schema_type":"default","schema_type_options":null,"pillar_content":false,"robots_default":true,"robots_noindex":false,"robots_noarchive":false,"robots_nosnippet":false,"robots_nofollow":false,"robots_noimageindex":false,"robots_noodp":false,"robots_notranslate":false,"robots_max_snippet":"-1","robots_max_videopreview":"-1","robots_max_imagepreview":"large","priority":null,"frequency":"default","location":null,"local_seo":null,"seo_analyzer_scan_date":"2025-08-28 21:46:28","breadcrumb_settings":null,"limit_modified_date":false,"open_ai":"{\"title\":{\"suggestions\":[],\"usage\":0},\"description\":{\"suggestions\":[],\"usage\":0}}","ai":null,"created":"2023-12-15 20:37:34","updated":"2025-08-28 21:46:28"},"aioseo_breadcrumb":"<div class=\"aioseo-breadcrumbs\"><span class=\"aioseo-breadcrumb\">\n\t<a href=\"https:\/\/eldigitaldeasturias.com\/radio\" title=\"Inicio\">Inicio<\/a>\n<\/span><span class=\"aioseo-breadcrumb-separator\">&ndash;<\/span><span class=\"aioseo-breadcrumb\">\n\t<a href=\"https:\/\/eldigitaldeasturias.com\/radio\/category\/negocios\/\" title=\"Negocios\">Negocios<\/a>\n<\/span><span class=\"aioseo-breadcrumb-separator\">&ndash;<\/span><span class=\"aioseo-breadcrumb\">\n\tLa VCI estima que la facturaci\u00f3n caer\u00e1 en 2024\n<\/span><\/div>","aioseo_breadcrumb_json":[{"label":"Inicio","link":"https:\/\/eldigitaldeasturias.com\/radio"},{"label":"Negocios","link":"https:\/\/eldigitaldeasturias.com\/radio\/category\/negocios\/"},{"label":"La VCI estima que la facturaci\u00f3n caer\u00e1 en 2024","link":"https:\/\/eldigitaldeasturias.com\/radio\/la-vci-estima-que-la-facturacion-caera-en-2024\/"}],"_links":{"self":[{"href":"https:\/\/eldigitaldeasturias.com\/radio\/wp-json\/wp\/v2\/posts\/8379","targetHints":{"allow":["GET"]}}],"collection":[{"href":"https:\/\/eldigitaldeasturias.com\/radio\/wp-json\/wp\/v2\/posts"}],"about":[{"href":"https:\/\/eldigitaldeasturias.com\/radio\/wp-json\/wp\/v2\/types\/post"}],"author":[{"embeddable":true,"href":"https:\/\/eldigitaldeasturias.com\/radio\/wp-json\/wp\/v2\/users\/1"}],"replies":[{"embeddable":true,"href":"https:\/\/eldigitaldeasturias.com\/radio\/wp-json\/wp\/v2\/comments?post=8379"}],"version-history":[{"count":0,"href":"https:\/\/eldigitaldeasturias.com\/radio\/wp-json\/wp\/v2\/posts\/8379\/revisions"}],"wp:featuredmedia":[{"embeddable":true,"href":"https:\/\/eldigitaldeasturias.com\/radio\/wp-json\/wp\/v2\/media\/8380"}],"wp:attachment":[{"href":"https:\/\/eldigitaldeasturias.com\/radio\/wp-json\/wp\/v2\/media?parent=8379"}],"wp:term":[{"taxonomy":"category","embeddable":true,"href":"https:\/\/eldigitaldeasturias.com\/radio\/wp-json\/wp\/v2\/categories?post=8379"},{"taxonomy":"post_tag","embeddable":true,"href":"https:\/\/eldigitaldeasturias.com\/radio\/wp-json\/wp\/v2\/tags?post=8379"}],"curies":[{"name":"wp","href":"https:\/\/api.w.org\/{rel}","templated":true}]}}