{"id":8339,"date":"2023-12-09T03:23:29","date_gmt":"2023-12-09T02:23:29","guid":{"rendered":"https:\/\/eldigitaldeasturias.com\/radio\/?p=8339"},"modified":"2023-12-09T03:23:47","modified_gmt":"2023-12-09T02:23:47","slug":"una-familia-alemana-rompe-tabu-y-hace-publico-el-suicidio-de-su-hijo","status":"publish","type":"post","link":"https:\/\/eldigitaldeasturias.com\/radio\/una-familia-alemana-rompe-tabu-y-hace-publico-el-suicidio-de-su-hijo\/","title":{"rendered":"Una familia alemana rompe tab\u00fa y hace p\u00fablico el suicidio de su hijo"},"content":{"rendered":"<p>Fr\u00e1ncfort, 7 dic (<a title=\"dpa\" href=\"https:\/\/www.dpa-news.de\/\" target=\"_blank\" rel=\"noopener\"><span style=\"color: #ff6600;\"><strong>dpa<\/strong><\/span><\/a>) &#8211; \u00abSi entonces hubi\u00e9ramos sabido lo que sabemos hoy, quiz\u00e1s todo habr\u00eda sido distinto\u00bb, reflexiona Alix Puhl en Alemania.<\/p>\n<figure id=\"attachment_8340\" aria-describedby=\"caption-attachment-8340\" style=\"width: 650px\" class=\"wp-caption aligncenter\"><img fetchpriority=\"high\" decoding=\"async\" class=\"wp-image-8340 size-large\" src=\"https:\/\/eldigitaldeasturias.com\/radio\/wp-content\/uploads\/2023\/12\/familia-650x431.jpg\" alt=\"familia\" width=\"650\" height=\"431\" srcset=\"https:\/\/eldigitaldeasturias.com\/radio\/wp-content\/uploads\/2023\/12\/familia-650x431.jpg 650w, https:\/\/eldigitaldeasturias.com\/radio\/wp-content\/uploads\/2023\/12\/familia-360x238.jpg 360w, https:\/\/eldigitaldeasturias.com\/radio\/wp-content\/uploads\/2023\/12\/familia-768x509.jpg 768w, https:\/\/eldigitaldeasturias.com\/radio\/wp-content\/uploads\/2023\/12\/familia-150x99.jpg 150w, https:\/\/eldigitaldeasturias.com\/radio\/wp-content\/uploads\/2023\/12\/familia-450x298.jpg 450w, https:\/\/eldigitaldeasturias.com\/radio\/wp-content\/uploads\/2023\/12\/familia.jpg 998w\" sizes=\"(max-width: 650px) 100vw, 650px\" \/><figcaption id=\"caption-attachment-8340\" class=\"wp-caption-text\">Alix Puhl, y su marido, Oliver Puhl, conversan a trav\u00e9s de una videollamada con el autor de \u00abAlle Farben Grau\u00bb, Martin Sch\u00e4uble (\u00abFamilia alemana rompe tab\u00fa y hace p\u00fablico el suicidio de su hijo\u00bb). Foto: Helmut Fricke\/dpa<\/figcaption><\/figure>\n<p>\u00abEntonces\u00bb se refiere a la \u00e9poca de la muerte de Emil, uno de los cuatro hijos de la familia de Fr\u00e1ncfort que en el verano de 2020, durante la pandemia de coronavirus, se quit\u00f3 la vida con apenas 16 a\u00f1os.<\/p>\n<p>\u00abPara que otros no pasen por lo que debi\u00f3 sufrir Emil\u00bb, esta familia decidi\u00f3 hacer p\u00fablica su historia. De esta manera, quieren aportar a un pronto diagn\u00f3stico de las enfermedades ps\u00edquicas.<\/p>\n<p>Emil era especial, dice su madre en la cocina, donde ahora solo hay cinco sillas alrededor de la gran mesa de comedor, en lugar de seis. Emil padec\u00eda una forma de autismo com\u00fan en ni\u00f1os superdotados y, en el \u00faltimo tiempo, tambi\u00e9n una depresi\u00f3n severa. Sus padres no se dieron cuenta de ninguna de las dos cosas durante largo tiempo.<\/p>\n<p>La novela juvenil \u00abAlle Farben grau\u00bb (Todos los colores gris, publicada por Fischer Verlag), de Martin Sch\u00e4uble, intenta ponerse en la piel de un muchacho de estas caracter\u00edsticas.<\/p>\n<p>Aunque el protagonista del libro se llame \u00abPaul\u00bb y se hayan distorsionado los detalles, sigue girando en torno a la historia de Emil. Alix Puhl espera que la novela sea \u00abuna puerta para iniciar un di\u00e1logo\u00bb.<\/p>\n<p>La decisi\u00f3n de los Puhl de romper el silencio tuvo que ver con sus experiencias posteriores a la muerte de Emil. \u00abTantas personas se acercaron a nosotros y nos contaron de suicidios en su entorno\u00bb, recuerda Puhl.<\/p>\n<p>\u00abMuchos dijeron: es la primera vez que hablo sobre esto. Pero por favor no se lo cuente a nadie\u00bb, agrega. Tambi\u00e9n el autor Martin Sch\u00e4uble (\u00abBlack Box Dschihad\u00bb) atraves\u00f3 experiencias similares desde que se public\u00f3 \u00abAlle Farben grau\u00bb en agosto, seg\u00fan relata durante la entrevista.<\/p>\n<p>El contacto entre el autor y familia se concret\u00f3 a trav\u00e9s de conocidos en com\u00fan. El impulso parti\u00f3 de la ceremonia conmemorativa del primer aniversario de la muerte de Emil, en la que los padres leyeron una carta a su hijo muerto. Sch\u00e4uble conoci\u00f3 as\u00ed a los Puhls y qued\u00f3 impresionado por tanta \u00abfranqueza y honestidad\u00bb.<\/p>\n<p>Durante meses el autor habl\u00f3 con la familia, amigos y profesores. Un libro de no ficci\u00f3n no entraba en consideraci\u00f3n en este caso. \u00abCon una novela se tiene la oportunidad de llegar a mucha m\u00e1s gente. Pero tambi\u00e9n quer\u00eda gente real: de ellas se aprende m\u00e1s\u00bb.<\/p>\n<p>Al igual que la familia Puhl, tambi\u00e9n Sch\u00e4uble percibe cu\u00e1nto temor les genera a muchas personas enfrentarse a esta cuesti\u00f3n. \u00abEl tema no es grande, es gigante. Y al mismo tiempo, o tal vez por eso, es endemoniadamente dif\u00edcil hablar sobre esto\u00bb.<\/p>\n<p>El autor apunta a \u00abgenerar confianza\u00bb en lecturas y entrevistas. \u00abQue no se hable de esto no hace que el tema desaparezca. No hay que tener miedo a este libro\u00bb, advirti\u00f3.<\/p>\n<p>En \u00abAlle Farben grau\u00bb el acto de suicidarse en s\u00ed mismo, as\u00ed como el anuncio previo, son completamente dejados de lado. En el lugar donde \u00abPaul\u00bb se quita la vida en la novela, la editorial coloc\u00f3 dos p\u00e1ginas negras. \u00abSolamente muy pocas personas saben lo que ocurri\u00f3 en esas p\u00e1ginas\u00bb, afirma Alix Puhl.<\/p>\n<p>Actualmente en Alemania mueren m\u00e1s personas a causa de suicidios que por accidentes de tr\u00e1fico, actos de violencia, drogas ilegales y sida juntos, seg\u00fan datos de la Sociedad Alemana para la Prevenci\u00f3n del Suicidio (DGS).<\/p>\n<p>Y, estad\u00edsticamente, por cada suicidio hay entre 10 y 20 intentos de quitarse la vida. \u00abEl comportamiento suicida es, por tanto, un tema que merece mucha m\u00e1s atenci\u00f3n\u00bb, alert\u00f3 la DGS.<\/p>\n<p><i class=\"lang-es\"><span class=\" readonly\" title=\"\">Por Sandra Trauner (dpa)<\/span><\/i><\/p>\n","protected":false},"excerpt":{"rendered":"<p>Fr\u00e1ncfort, 7 dic (dpa) &#8211; \u00abSi entonces hubi\u00e9ramos sabido lo que sabemos hoy, quiz\u00e1s todo habr\u00eda sido distinto\u00bb, reflexiona Alix Puhl en Alemania. \u00abEntonces\u00bb se refiere a la \u00e9poca de la muerte de Emil, uno de los cuatro hijos de la familia de Fr\u00e1ncfort que en el verano de 2020, durante la pandemia de coronavirus,<\/p>\n","protected":false},"author":1,"featured_media":8340,"comment_status":"closed","ping_status":"closed","sticky":false,"template":"","format":"standard","meta":{"footnotes":""},"categories":[38],"tags":[79,45],"class_list":{"0":"post-8339","1":"post","2":"type-post","3":"status-publish","4":"format-standard","5":"has-post-thumbnail","7":"category-live","8":"tag-cultura","9":"tag-sociedad"},"aioseo_notices":[],"aioseo_head":"\n\t\t<!-- All in One SEO Pro 4.9.6.2 - aioseo.com -->\n\t<meta name=\"description\" content=\"Fr\u00e1ncfort, 7 dic (dpa) - &quot;Si entonces hubi\u00e9ramos sabido lo que sabemos hoy, quiz\u00e1s todo habr\u00eda sido distinto&quot;, reflexiona Alix Puhl en Alemania.\" \/>\n\t<meta name=\"robots\" content=\"max-image-preview:large\" \/>\n\t<meta name=\"author\" content=\"NBAsturias\"\/>\n\t<meta name=\"google-site-verification\" content=\"UA-38556648-1\" \/>\n\t<meta name=\"keywords\" content=\"live\" \/>\n\t<link rel=\"canonical\" href=\"https:\/\/eldigitaldeasturias.com\/radio\/una-familia-alemana-rompe-tabu-y-hace-publico-el-suicidio-de-su-hijo\/\" \/>\n\t<meta name=\"generator\" content=\"All in One SEO Pro (AIOSEO) 4.9.6.2\" \/>\n\t\t<meta property=\"og:locale\" content=\"es_ES\" \/>\n\t\t<meta property=\"og:site_name\" content=\"El Digital de Asturias | Diario de informaci\u00f3n y noticias\" \/>\n\t\t<meta property=\"og:type\" content=\"article\" \/>\n\t\t<meta property=\"og:title\" content=\"Una familia alemana rompe tab\u00fa y hace p\u00fablico el suicidio de su hijo | El Digital de Asturias\" \/>\n\t\t<meta property=\"og:description\" content=\"Fr\u00e1ncfort, 7 dic (dpa) - &quot;Si entonces hubi\u00e9ramos sabido lo que sabemos hoy, quiz\u00e1s todo habr\u00eda sido distinto&quot;, reflexiona Alix Puhl en Alemania.\" \/>\n\t\t<meta property=\"og:url\" content=\"https:\/\/eldigitaldeasturias.com\/radio\/una-familia-alemana-rompe-tabu-y-hace-publico-el-suicidio-de-su-hijo\/\" \/>\n\t\t<meta property=\"og:image\" content=\"https:\/\/eldigitaldeasturias.com\/radio\/wp-content\/uploads\/2023\/12\/familia.jpg\" \/>\n\t\t<meta property=\"og:image:secure_url\" content=\"https:\/\/eldigitaldeasturias.com\/radio\/wp-content\/uploads\/2023\/12\/familia.jpg\" \/>\n\t\t<meta property=\"og:image:width\" content=\"998\" \/>\n\t\t<meta property=\"og:image:height\" content=\"661\" \/>\n\t\t<meta property=\"article:published_time\" content=\"2023-12-09T02:23:29+00:00\" \/>\n\t\t<meta property=\"article:modified_time\" content=\"2023-12-09T02:23:47+00:00\" \/>\n\t\t<meta name=\"twitter:card\" content=\"summary_large_image\" \/>\n\t\t<meta name=\"twitter:site\" content=\"@bercodi\" \/>\n\t\t<meta name=\"twitter:title\" content=\"Una familia alemana rompe tab\u00fa y hace p\u00fablico el suicidio de su hijo | El Digital de Asturias\" \/>\n\t\t<meta name=\"twitter:description\" content=\"Fr\u00e1ncfort, 7 dic (dpa) - &quot;Si entonces hubi\u00e9ramos sabido lo que sabemos hoy, quiz\u00e1s todo habr\u00eda sido distinto&quot;, reflexiona Alix Puhl en Alemania.\" \/>\n\t\t<meta name=\"twitter:creator\" content=\"@bercodi\" \/>\n\t\t<meta name=\"twitter:image\" content=\"https:\/\/eldigitaldeasturias.com\/radio\/wp-content\/uploads\/2023\/12\/familia.jpg\" \/>\n\t\t<script type=\"application\/ld+json\" class=\"aioseo-schema\">\n\t\t\t{\"@context\":\"https:\\\/\\\/schema.org\",\"@graph\":[{\"@type\":\"BreadcrumbList\",\"@id\":\"https:\\\/\\\/eldigitaldeasturias.com\\\/radio\\\/una-familia-alemana-rompe-tabu-y-hace-publico-el-suicidio-de-su-hijo\\\/#breadcrumblist\",\"itemListElement\":[{\"@type\":\"ListItem\",\"@id\":\"https:\\\/\\\/eldigitaldeasturias.com\\\/radio#listItem\",\"position\":1,\"name\":\"Inicio\",\"item\":\"https:\\\/\\\/eldigitaldeasturias.com\\\/radio\",\"nextItem\":{\"@type\":\"ListItem\",\"@id\":\"https:\\\/\\\/eldigitaldeasturias.com\\\/radio\\\/category\\\/live\\\/#listItem\",\"name\":\"Live\"}},{\"@type\":\"ListItem\",\"@id\":\"https:\\\/\\\/eldigitaldeasturias.com\\\/radio\\\/category\\\/live\\\/#listItem\",\"position\":2,\"name\":\"Live\",\"item\":\"https:\\\/\\\/eldigitaldeasturias.com\\\/radio\\\/category\\\/live\\\/\",\"nextItem\":{\"@type\":\"ListItem\",\"@id\":\"https:\\\/\\\/eldigitaldeasturias.com\\\/radio\\\/una-familia-alemana-rompe-tabu-y-hace-publico-el-suicidio-de-su-hijo\\\/#listItem\",\"name\":\"Una familia alemana rompe tab\\u00fa y hace p\\u00fablico el suicidio de su hijo\"},\"previousItem\":{\"@type\":\"ListItem\",\"@id\":\"https:\\\/\\\/eldigitaldeasturias.com\\\/radio#listItem\",\"name\":\"Inicio\"}},{\"@type\":\"ListItem\",\"@id\":\"https:\\\/\\\/eldigitaldeasturias.com\\\/radio\\\/una-familia-alemana-rompe-tabu-y-hace-publico-el-suicidio-de-su-hijo\\\/#listItem\",\"position\":3,\"name\":\"Una familia alemana rompe tab\\u00fa y hace p\\u00fablico el suicidio de su hijo\",\"previousItem\":{\"@type\":\"ListItem\",\"@id\":\"https:\\\/\\\/eldigitaldeasturias.com\\\/radio\\\/category\\\/live\\\/#listItem\",\"name\":\"Live\"}}]},{\"@type\":\"NewsArticle\",\"@id\":\"https:\\\/\\\/eldigitaldeasturias.com\\\/radio\\\/una-familia-alemana-rompe-tabu-y-hace-publico-el-suicidio-de-su-hijo\\\/#newsarticle\",\"name\":\"Una familia alemana rompe tab\\u00fa y hace p\\u00fablico el suicidio de su hijo | El Digital de Asturias\",\"headline\":\"Una familia alemana rompe tab\\u00fa y hace p\\u00fablico el suicidio de su hijo\",\"author\":{\"@id\":\"https:\\\/\\\/eldigitaldeasturias.com\\\/radio\\\/author\\\/nbasturias\\\/#author\"},\"publisher\":{\"@id\":\"https:\\\/\\\/eldigitaldeasturias.com\\\/radio\\\/#organization\"},\"image\":{\"@type\":\"ImageObject\",\"url\":\"https:\\\/\\\/eldigitaldeasturias.com\\\/radio\\\/wp-content\\\/uploads\\\/2023\\\/12\\\/familia.jpg\",\"width\":998,\"height\":661,\"caption\":\"Alix Puhl, y su marido, Oliver Puhl, conversan a trav\\u00e9s de una videollamada con el autor de \\\"Alle Farben Grau\\\", Martin Sch\\u00e4uble (\\\"Familia alemana rompe tab\\u00fa y hace p\\u00fablico el suicidio de su hijo\\\"). Foto: Helmut Fricke\\\/dpa\"},\"datePublished\":\"2023-12-09T03:23:29+01:00\",\"dateModified\":\"2023-12-09T03:23:47+01:00\",\"inLanguage\":\"es-ES\",\"mainEntityOfPage\":{\"@id\":\"https:\\\/\\\/eldigitaldeasturias.com\\\/radio\\\/una-familia-alemana-rompe-tabu-y-hace-publico-el-suicidio-de-su-hijo\\\/#webpage\"},\"isPartOf\":{\"@id\":\"https:\\\/\\\/eldigitaldeasturias.com\\\/radio\\\/una-familia-alemana-rompe-tabu-y-hace-publico-el-suicidio-de-su-hijo\\\/#webpage\"},\"articleSection\":\"Live, cultura, Sociedad\",\"dateline\":\"Publicado el diciembre 9, 2023.\"},{\"@type\":\"Organization\",\"@id\":\"https:\\\/\\\/eldigitaldeasturias.com\\\/radio\\\/#organization\",\"name\":\"El digital de Asturias Radio\",\"description\":\"Diario de informaci\\u00f3n y noticias\",\"url\":\"https:\\\/\\\/eldigitaldeasturias.com\\\/radio\\\/\",\"telephone\":\"+34652131393\",\"logo\":{\"@type\":\"ImageObject\",\"url\":\"https:\\\/\\\/www.eldigitaldeasturias.com\\\/radio\\\/wp-content\\\/uploads\\\/2021\\\/03\\\/EDA.jpg\",\"@id\":\"https:\\\/\\\/eldigitaldeasturias.com\\\/radio\\\/una-familia-alemana-rompe-tabu-y-hace-publico-el-suicidio-de-su-hijo\\\/#organizationLogo\"},\"image\":{\"@id\":\"https:\\\/\\\/eldigitaldeasturias.com\\\/radio\\\/una-familia-alemana-rompe-tabu-y-hace-publico-el-suicidio-de-su-hijo\\\/#organizationLogo\"},\"sameAs\":[\"https:\\\/\\\/www.facebook.com\\\/\",\"https:\\\/\\\/x.com\\\/bercodi\",\"https:\\\/\\\/www.instagram.com\\\/\",\"https:\\\/\\\/www.youtube.com\\\/channel\\\/UCZP-2wLEB9Rv6erhFmqVnvg\"]},{\"@type\":\"Person\",\"@id\":\"https:\\\/\\\/eldigitaldeasturias.com\\\/radio\\\/author\\\/nbasturias\\\/#author\",\"url\":\"https:\\\/\\\/eldigitaldeasturias.com\\\/radio\\\/author\\\/nbasturias\\\/\",\"name\":\"NBAsturias\",\"image\":{\"@type\":\"ImageObject\",\"@id\":\"https:\\\/\\\/eldigitaldeasturias.com\\\/radio\\\/una-familia-alemana-rompe-tabu-y-hace-publico-el-suicidio-de-su-hijo\\\/#authorImage\",\"url\":\"https:\\\/\\\/secure.gravatar.com\\\/avatar\\\/df2aeffc32bcd13f8d26072ef8a91b623d677766deac7f97ca815868cd41bf5e?s=96&d=mm&r=g\",\"width\":96,\"height\":96,\"caption\":\"NBAsturias\"}},{\"@type\":\"WebPage\",\"@id\":\"https:\\\/\\\/eldigitaldeasturias.com\\\/radio\\\/una-familia-alemana-rompe-tabu-y-hace-publico-el-suicidio-de-su-hijo\\\/#webpage\",\"url\":\"https:\\\/\\\/eldigitaldeasturias.com\\\/radio\\\/una-familia-alemana-rompe-tabu-y-hace-publico-el-suicidio-de-su-hijo\\\/\",\"name\":\"Una familia alemana rompe tab\\u00fa y hace p\\u00fablico el suicidio de su hijo | El Digital de Asturias\",\"description\":\"Fr\\u00e1ncfort, 7 dic (dpa) - \\\"Si entonces hubi\\u00e9ramos sabido lo que sabemos hoy, quiz\\u00e1s todo habr\\u00eda sido distinto\\\", reflexiona Alix Puhl en Alemania.\",\"inLanguage\":\"es-ES\",\"isPartOf\":{\"@id\":\"https:\\\/\\\/eldigitaldeasturias.com\\\/radio\\\/#website\"},\"breadcrumb\":{\"@id\":\"https:\\\/\\\/eldigitaldeasturias.com\\\/radio\\\/una-familia-alemana-rompe-tabu-y-hace-publico-el-suicidio-de-su-hijo\\\/#breadcrumblist\"},\"author\":{\"@id\":\"https:\\\/\\\/eldigitaldeasturias.com\\\/radio\\\/author\\\/nbasturias\\\/#author\"},\"creator\":{\"@id\":\"https:\\\/\\\/eldigitaldeasturias.com\\\/radio\\\/author\\\/nbasturias\\\/#author\"},\"image\":{\"@type\":\"ImageObject\",\"url\":\"https:\\\/\\\/eldigitaldeasturias.com\\\/radio\\\/wp-content\\\/uploads\\\/2023\\\/12\\\/familia.jpg\",\"@id\":\"https:\\\/\\\/eldigitaldeasturias.com\\\/radio\\\/una-familia-alemana-rompe-tabu-y-hace-publico-el-suicidio-de-su-hijo\\\/#mainImage\",\"width\":998,\"height\":661,\"caption\":\"Alix Puhl, y su marido, Oliver Puhl, conversan a trav\\u00e9s de una videollamada con el autor de \\\"Alle Farben Grau\\\", Martin Sch\\u00e4uble (\\\"Familia alemana rompe tab\\u00fa y hace p\\u00fablico el suicidio de su hijo\\\"). Foto: Helmut Fricke\\\/dpa\"},\"primaryImageOfPage\":{\"@id\":\"https:\\\/\\\/eldigitaldeasturias.com\\\/radio\\\/una-familia-alemana-rompe-tabu-y-hace-publico-el-suicidio-de-su-hijo\\\/#mainImage\"},\"datePublished\":\"2023-12-09T03:23:29+01:00\",\"dateModified\":\"2023-12-09T03:23:47+01:00\"},{\"@type\":\"WebSite\",\"@id\":\"https:\\\/\\\/eldigitaldeasturias.com\\\/radio\\\/#website\",\"url\":\"https:\\\/\\\/eldigitaldeasturias.com\\\/radio\\\/\",\"name\":\"El Digital de Asturias\",\"description\":\"Diario de informaci\\u00f3n y noticias\",\"inLanguage\":\"es-ES\",\"publisher\":{\"@id\":\"https:\\\/\\\/eldigitaldeasturias.com\\\/radio\\\/#organization\"}}]}\n\t\t<\/script>\n\t\t<!-- All in One SEO Pro -->\r\n\t\t<title>Una familia alemana rompe tab\u00fa y hace p\u00fablico el suicidio de su hijo | El Digital de Asturias<\/title>\n\n","aioseo_head_json":{"title":"Una familia alemana rompe tab\u00fa y hace p\u00fablico el suicidio de su hijo | El Digital de Asturias","description":"Fr\u00e1ncfort, 7 dic (dpa) - \"Si entonces hubi\u00e9ramos sabido lo que sabemos hoy, quiz\u00e1s todo habr\u00eda sido distinto\", reflexiona Alix Puhl en Alemania.","canonical_url":"https:\/\/eldigitaldeasturias.com\/radio\/una-familia-alemana-rompe-tabu-y-hace-publico-el-suicidio-de-su-hijo\/","robots":"max-image-preview:large","keywords":"live","webmasterTools":{"google-site-verification":"UA-38556648-1","miscellaneous":""},"schema":{"@context":"https:\/\/schema.org","@graph":[{"@type":"BreadcrumbList","@id":"https:\/\/eldigitaldeasturias.com\/radio\/una-familia-alemana-rompe-tabu-y-hace-publico-el-suicidio-de-su-hijo\/#breadcrumblist","itemListElement":[{"@type":"ListItem","@id":"https:\/\/eldigitaldeasturias.com\/radio#listItem","position":1,"name":"Inicio","item":"https:\/\/eldigitaldeasturias.com\/radio","nextItem":{"@type":"ListItem","@id":"https:\/\/eldigitaldeasturias.com\/radio\/category\/live\/#listItem","name":"Live"}},{"@type":"ListItem","@id":"https:\/\/eldigitaldeasturias.com\/radio\/category\/live\/#listItem","position":2,"name":"Live","item":"https:\/\/eldigitaldeasturias.com\/radio\/category\/live\/","nextItem":{"@type":"ListItem","@id":"https:\/\/eldigitaldeasturias.com\/radio\/una-familia-alemana-rompe-tabu-y-hace-publico-el-suicidio-de-su-hijo\/#listItem","name":"Una familia alemana rompe tab\u00fa y hace p\u00fablico el suicidio de su hijo"},"previousItem":{"@type":"ListItem","@id":"https:\/\/eldigitaldeasturias.com\/radio#listItem","name":"Inicio"}},{"@type":"ListItem","@id":"https:\/\/eldigitaldeasturias.com\/radio\/una-familia-alemana-rompe-tabu-y-hace-publico-el-suicidio-de-su-hijo\/#listItem","position":3,"name":"Una familia alemana rompe tab\u00fa y hace p\u00fablico el suicidio de su hijo","previousItem":{"@type":"ListItem","@id":"https:\/\/eldigitaldeasturias.com\/radio\/category\/live\/#listItem","name":"Live"}}]},{"@type":"NewsArticle","@id":"https:\/\/eldigitaldeasturias.com\/radio\/una-familia-alemana-rompe-tabu-y-hace-publico-el-suicidio-de-su-hijo\/#newsarticle","name":"Una familia alemana rompe tab\u00fa y hace p\u00fablico el suicidio de su hijo | El Digital de Asturias","headline":"Una familia alemana rompe tab\u00fa y hace p\u00fablico el suicidio de su hijo","author":{"@id":"https:\/\/eldigitaldeasturias.com\/radio\/author\/nbasturias\/#author"},"publisher":{"@id":"https:\/\/eldigitaldeasturias.com\/radio\/#organization"},"image":{"@type":"ImageObject","url":"https:\/\/eldigitaldeasturias.com\/radio\/wp-content\/uploads\/2023\/12\/familia.jpg","width":998,"height":661,"caption":"Alix Puhl, y su marido, Oliver Puhl, conversan a trav\u00e9s de una videollamada con el autor de \"Alle Farben Grau\", Martin Sch\u00e4uble (\"Familia alemana rompe tab\u00fa y hace p\u00fablico el suicidio de su hijo\"). Foto: Helmut Fricke\/dpa"},"datePublished":"2023-12-09T03:23:29+01:00","dateModified":"2023-12-09T03:23:47+01:00","inLanguage":"es-ES","mainEntityOfPage":{"@id":"https:\/\/eldigitaldeasturias.com\/radio\/una-familia-alemana-rompe-tabu-y-hace-publico-el-suicidio-de-su-hijo\/#webpage"},"isPartOf":{"@id":"https:\/\/eldigitaldeasturias.com\/radio\/una-familia-alemana-rompe-tabu-y-hace-publico-el-suicidio-de-su-hijo\/#webpage"},"articleSection":"Live, cultura, Sociedad","dateline":"Publicado el diciembre 9, 2023."},{"@type":"Organization","@id":"https:\/\/eldigitaldeasturias.com\/radio\/#organization","name":"El digital de Asturias Radio","description":"Diario de informaci\u00f3n y noticias","url":"https:\/\/eldigitaldeasturias.com\/radio\/","telephone":"+34652131393","logo":{"@type":"ImageObject","url":"https:\/\/www.eldigitaldeasturias.com\/radio\/wp-content\/uploads\/2021\/03\/EDA.jpg","@id":"https:\/\/eldigitaldeasturias.com\/radio\/una-familia-alemana-rompe-tabu-y-hace-publico-el-suicidio-de-su-hijo\/#organizationLogo"},"image":{"@id":"https:\/\/eldigitaldeasturias.com\/radio\/una-familia-alemana-rompe-tabu-y-hace-publico-el-suicidio-de-su-hijo\/#organizationLogo"},"sameAs":["https:\/\/www.facebook.com\/","https:\/\/x.com\/bercodi","https:\/\/www.instagram.com\/","https:\/\/www.youtube.com\/channel\/UCZP-2wLEB9Rv6erhFmqVnvg"]},{"@type":"Person","@id":"https:\/\/eldigitaldeasturias.com\/radio\/author\/nbasturias\/#author","url":"https:\/\/eldigitaldeasturias.com\/radio\/author\/nbasturias\/","name":"NBAsturias","image":{"@type":"ImageObject","@id":"https:\/\/eldigitaldeasturias.com\/radio\/una-familia-alemana-rompe-tabu-y-hace-publico-el-suicidio-de-su-hijo\/#authorImage","url":"https:\/\/secure.gravatar.com\/avatar\/df2aeffc32bcd13f8d26072ef8a91b623d677766deac7f97ca815868cd41bf5e?s=96&d=mm&r=g","width":96,"height":96,"caption":"NBAsturias"}},{"@type":"WebPage","@id":"https:\/\/eldigitaldeasturias.com\/radio\/una-familia-alemana-rompe-tabu-y-hace-publico-el-suicidio-de-su-hijo\/#webpage","url":"https:\/\/eldigitaldeasturias.com\/radio\/una-familia-alemana-rompe-tabu-y-hace-publico-el-suicidio-de-su-hijo\/","name":"Una familia alemana rompe tab\u00fa y hace p\u00fablico el suicidio de su hijo | El Digital de Asturias","description":"Fr\u00e1ncfort, 7 dic (dpa) - \"Si entonces hubi\u00e9ramos sabido lo que sabemos hoy, quiz\u00e1s todo habr\u00eda sido distinto\", reflexiona Alix Puhl en Alemania.","inLanguage":"es-ES","isPartOf":{"@id":"https:\/\/eldigitaldeasturias.com\/radio\/#website"},"breadcrumb":{"@id":"https:\/\/eldigitaldeasturias.com\/radio\/una-familia-alemana-rompe-tabu-y-hace-publico-el-suicidio-de-su-hijo\/#breadcrumblist"},"author":{"@id":"https:\/\/eldigitaldeasturias.com\/radio\/author\/nbasturias\/#author"},"creator":{"@id":"https:\/\/eldigitaldeasturias.com\/radio\/author\/nbasturias\/#author"},"image":{"@type":"ImageObject","url":"https:\/\/eldigitaldeasturias.com\/radio\/wp-content\/uploads\/2023\/12\/familia.jpg","@id":"https:\/\/eldigitaldeasturias.com\/radio\/una-familia-alemana-rompe-tabu-y-hace-publico-el-suicidio-de-su-hijo\/#mainImage","width":998,"height":661,"caption":"Alix Puhl, y su marido, Oliver Puhl, conversan a trav\u00e9s de una videollamada con el autor de \"Alle Farben Grau\", Martin Sch\u00e4uble (\"Familia alemana rompe tab\u00fa y hace p\u00fablico el suicidio de su hijo\"). Foto: Helmut Fricke\/dpa"},"primaryImageOfPage":{"@id":"https:\/\/eldigitaldeasturias.com\/radio\/una-familia-alemana-rompe-tabu-y-hace-publico-el-suicidio-de-su-hijo\/#mainImage"},"datePublished":"2023-12-09T03:23:29+01:00","dateModified":"2023-12-09T03:23:47+01:00"},{"@type":"WebSite","@id":"https:\/\/eldigitaldeasturias.com\/radio\/#website","url":"https:\/\/eldigitaldeasturias.com\/radio\/","name":"El Digital de Asturias","description":"Diario de informaci\u00f3n y noticias","inLanguage":"es-ES","publisher":{"@id":"https:\/\/eldigitaldeasturias.com\/radio\/#organization"}}]},"og:locale":"es_ES","og:site_name":"El Digital de Asturias | Diario de informaci\u00f3n y noticias","og:type":"article","og:title":"Una familia alemana rompe tab\u00fa y hace p\u00fablico el suicidio de su hijo | El Digital de Asturias","og:description":"Fr\u00e1ncfort, 7 dic (dpa) - &quot;Si entonces hubi\u00e9ramos sabido lo que sabemos hoy, quiz\u00e1s todo habr\u00eda sido distinto&quot;, reflexiona Alix Puhl en Alemania.","og:url":"https:\/\/eldigitaldeasturias.com\/radio\/una-familia-alemana-rompe-tabu-y-hace-publico-el-suicidio-de-su-hijo\/","og:image":"https:\/\/eldigitaldeasturias.com\/radio\/wp-content\/uploads\/2023\/12\/familia.jpg","og:image:secure_url":"https:\/\/eldigitaldeasturias.com\/radio\/wp-content\/uploads\/2023\/12\/familia.jpg","og:image:width":998,"og:image:height":661,"article:published_time":"2023-12-09T02:23:29+00:00","article:modified_time":"2023-12-09T02:23:47+00:00","twitter:card":"summary_large_image","twitter:site":"@bercodi","twitter:title":"Una familia alemana rompe tab\u00fa y hace p\u00fablico el suicidio de su hijo | El Digital de Asturias","twitter:description":"Fr\u00e1ncfort, 7 dic (dpa) - &quot;Si entonces hubi\u00e9ramos sabido lo que sabemos hoy, quiz\u00e1s todo habr\u00eda sido distinto&quot;, reflexiona Alix Puhl en Alemania.","twitter:creator":"@bercodi","twitter:image":"https:\/\/eldigitaldeasturias.com\/radio\/wp-content\/uploads\/2023\/12\/familia.jpg"},"aioseo_meta_data":{"post_id":"8339","title":null,"description":"Fr\u00e1ncfort, 7 dic (dpa) - \"Si entonces hubi\u00e9ramos sabido lo que sabemos hoy, quiz\u00e1s todo habr\u00eda sido distinto\", reflexiona Alix Puhl en Alemania.","keywords":[],"keyphrases":{"focus":{"keyphrase":"Alemania","score":58,"analysis":{"keyphraseInTitle":{"score":3,"maxScore":9,"error":1},"keyphraseInDescription":{"score":9,"maxScore":9,"error":0},"keyphraseLength":{"score":9,"maxScore":9,"error":0,"length":1},"keyphraseInURL":{"score":1,"maxScore":5,"error":1},"keyphraseInIntroduction":{"score":9,"maxScore":9,"error":0},"keyphraseInSubHeadings":[],"keyphraseInImageAlt":{"score":3,"maxScore":9,"error":1},"keywordDensity":{"score":0,"type":"low","maxScore":9,"error":1}}},"additional":[{"keyphrase":"familia","score":73,"analysis":{"keyphraseInDescription":{"score":3,"maxScore":9,"error":1},"keyphraseLength":{"score":9,"maxScore":9,"error":0,"length":1},"keyphraseInIntroduction":{"score":3,"maxScore":9,"error":1},"keyphraseInImageAlt":{"score":9,"maxScore":9,"error":0},"keywordDensity":{"type":"best","score":9,"maxScore":9,"error":0}}}]},"primary_term":null,"canonical_url":null,"og_title":null,"og_description":null,"og_object_type":"default","og_image_type":"default","og_image_url":null,"og_image_width":null,"og_image_height":null,"og_image_custom_url":null,"og_image_custom_fields":null,"og_video":"","og_custom_url":null,"og_article_section":null,"og_article_tags":[],"twitter_use_og":false,"twitter_card":"default","twitter_image_type":"default","twitter_image_url":null,"twitter_image_custom_url":null,"twitter_image_custom_fields":null,"twitter_title":null,"twitter_description":null,"schema":{"blockGraphs":[],"customGraphs":[],"default":{"data":{"Article":[],"Course":[],"Dataset":[],"FAQPage":[],"Movie":[],"Person":[],"Product":[],"ProductReview":[],"Car":[],"Recipe":[],"Service":[],"SoftwareApplication":[],"WebPage":[]},"graphName":"NewsArticle","isEnabled":true},"graphs":[]},"schema_type":"default","schema_type_options":null,"pillar_content":false,"robots_default":true,"robots_noindex":false,"robots_noarchive":false,"robots_nosnippet":false,"robots_nofollow":false,"robots_noimageindex":false,"robots_noodp":false,"robots_notranslate":false,"robots_max_snippet":"-1","robots_max_videopreview":"-1","robots_max_imagepreview":"large","priority":null,"frequency":"default","location":null,"local_seo":null,"seo_analyzer_scan_date":"2025-08-28 21:43:12","breadcrumb_settings":null,"limit_modified_date":false,"open_ai":"{\"title\":{\"suggestions\":[],\"usage\":0},\"description\":{\"suggestions\":[],\"usage\":0}}","ai":null,"created":"2023-12-09 02:18:41","updated":"2025-08-28 21:43:12"},"aioseo_breadcrumb":"<div class=\"aioseo-breadcrumbs\"><span class=\"aioseo-breadcrumb\">\n\t<a href=\"https:\/\/eldigitaldeasturias.com\/radio\" title=\"Inicio\">Inicio<\/a>\n<\/span><span class=\"aioseo-breadcrumb-separator\">&ndash;<\/span><span class=\"aioseo-breadcrumb\">\n\t<a href=\"https:\/\/eldigitaldeasturias.com\/radio\/category\/live\/\" title=\"Live\">Live<\/a>\n<\/span><span class=\"aioseo-breadcrumb-separator\">&ndash;<\/span><span class=\"aioseo-breadcrumb\">\n\tUna familia alemana rompe tab\u00fa y hace p\u00fablico el suicidio de su hijo\n<\/span><\/div>","aioseo_breadcrumb_json":[{"label":"Inicio","link":"https:\/\/eldigitaldeasturias.com\/radio"},{"label":"Live","link":"https:\/\/eldigitaldeasturias.com\/radio\/category\/live\/"},{"label":"Una familia alemana rompe tab\u00fa y hace p\u00fablico el suicidio de su hijo","link":"https:\/\/eldigitaldeasturias.com\/radio\/una-familia-alemana-rompe-tabu-y-hace-publico-el-suicidio-de-su-hijo\/"}],"_links":{"self":[{"href":"https:\/\/eldigitaldeasturias.com\/radio\/wp-json\/wp\/v2\/posts\/8339","targetHints":{"allow":["GET"]}}],"collection":[{"href":"https:\/\/eldigitaldeasturias.com\/radio\/wp-json\/wp\/v2\/posts"}],"about":[{"href":"https:\/\/eldigitaldeasturias.com\/radio\/wp-json\/wp\/v2\/types\/post"}],"author":[{"embeddable":true,"href":"https:\/\/eldigitaldeasturias.com\/radio\/wp-json\/wp\/v2\/users\/1"}],"replies":[{"embeddable":true,"href":"https:\/\/eldigitaldeasturias.com\/radio\/wp-json\/wp\/v2\/comments?post=8339"}],"version-history":[{"count":0,"href":"https:\/\/eldigitaldeasturias.com\/radio\/wp-json\/wp\/v2\/posts\/8339\/revisions"}],"wp:featuredmedia":[{"embeddable":true,"href":"https:\/\/eldigitaldeasturias.com\/radio\/wp-json\/wp\/v2\/media\/8340"}],"wp:attachment":[{"href":"https:\/\/eldigitaldeasturias.com\/radio\/wp-json\/wp\/v2\/media?parent=8339"}],"wp:term":[{"taxonomy":"category","embeddable":true,"href":"https:\/\/eldigitaldeasturias.com\/radio\/wp-json\/wp\/v2\/categories?post=8339"},{"taxonomy":"post_tag","embeddable":true,"href":"https:\/\/eldigitaldeasturias.com\/radio\/wp-json\/wp\/v2\/tags?post=8339"}],"curies":[{"name":"wp","href":"https:\/\/api.w.org\/{rel}","templated":true}]}}