{"id":8336,"date":"2023-12-09T03:12:15","date_gmt":"2023-12-09T02:12:15","guid":{"rendered":"https:\/\/eldigitaldeasturias.com\/radio\/?p=8336"},"modified":"2023-12-09T03:12:15","modified_gmt":"2023-12-09T02:12:15","slug":"nuevo-descenso-en-la-produccion-de-la-industria-alemana","status":"publish","type":"post","link":"https:\/\/eldigitaldeasturias.com\/radio\/nuevo-descenso-en-la-produccion-de-la-industria-alemana\/","title":{"rendered":"Nuevo descenso en la producci\u00f3n de la industria alemana"},"content":{"rendered":"<p>Wiesbaden (Alemania), 7 dic (<a title=\"dpa\" href=\"https:\/\/www.dpa-news.de\/\" target=\"_blank\" rel=\"noopener\"><span style=\"color: #ff6600;\"><strong>dpa<\/strong><\/span><\/a>) &#8211; La producci\u00f3n de la <a href=\"https:\/\/eldigitaldeasturias.com\/radio\/category\/negocios\/\"><span style=\"color: #ff6600;\"><strong>industria<\/strong><\/span><\/a> alemana cay\u00f3 en octubre un 0,4 por ciento intermensual, seg\u00fan inform\u00f3 hoy la Oficina Federal de Estad\u00edstica (Destatis).<\/p>\n<figure id=\"attachment_8337\" aria-describedby=\"caption-attachment-8337\" style=\"width: 650px\" class=\"wp-caption aligncenter\"><img fetchpriority=\"high\" decoding=\"async\" class=\"wp-image-8337 size-large\" src=\"https:\/\/eldigitaldeasturias.com\/radio\/wp-content\/uploads\/2023\/12\/industria-alemana-650x436.jpg\" alt=\"industria alemana\" width=\"650\" height=\"436\" srcset=\"https:\/\/eldigitaldeasturias.com\/radio\/wp-content\/uploads\/2023\/12\/industria-alemana-650x436.jpg 650w, https:\/\/eldigitaldeasturias.com\/radio\/wp-content\/uploads\/2023\/12\/industria-alemana-360x242.jpg 360w, https:\/\/eldigitaldeasturias.com\/radio\/wp-content\/uploads\/2023\/12\/industria-alemana-768x516.jpg 768w, https:\/\/eldigitaldeasturias.com\/radio\/wp-content\/uploads\/2023\/12\/industria-alemana-150x101.jpg 150w, https:\/\/eldigitaldeasturias.com\/radio\/wp-content\/uploads\/2023\/12\/industria-alemana-450x302.jpg 450w, https:\/\/eldigitaldeasturias.com\/radio\/wp-content\/uploads\/2023\/12\/industria-alemana.jpg 995w\" sizes=\"(max-width: 650px) 100vw, 650px\" \/><figcaption id=\"caption-attachment-8337\" class=\"wp-caption-text\">Foto: Swen Pf\u00f6rtner\/dpa<\/figcaption><\/figure>\n<p>La entidad detall\u00f3 que es el quinto descenso consecutivo mensual desde junio. El nuevo retroceso sorprendi\u00f3 a los analistas, que en promedio esperaban una subida del 0,2 por ciento.<\/p>\n<p><strong>\u00abEl descenso de la producci\u00f3n en octubre es atribuible en gran medida al sector de la ingenier\u00eda mec\u00e1nica\u00bb, explicaron los expertos de Destatis<\/strong>. En dicho sector, detallaron, la ca\u00edda de la producci\u00f3n fue del 6,3 por ciento intermensual.<\/p>\n<p>En un comunicado, el Ministerio de <a href=\"https:\/\/www.eldigitaldeasturias.com\/noticias\/category\/economia\/\" target=\"_blank\" rel=\"noopener\"><span style=\"color: #ff6600;\"><strong>Econom\u00eda<\/strong><\/span><\/a> enmarc\u00f3 las cifras en una \u00abd\u00e9bil situaci\u00f3n econ\u00f3mica\u00bb.<\/p>\n","protected":false},"excerpt":{"rendered":"<p>Wiesbaden (Alemania), 7 dic (dpa) &#8211; La producci\u00f3n de la industria alemana cay\u00f3 en octubre un 0,4 por ciento intermensual, seg\u00fan inform\u00f3 hoy la Oficina Federal de Estad\u00edstica (Destatis). La entidad detall\u00f3 que es el quinto descenso consecutivo mensual desde junio. El nuevo retroceso sorprendi\u00f3 a los analistas, que en promedio esperaban una subida del<\/p>\n","protected":false},"author":1,"featured_media":8337,"comment_status":"closed","ping_status":"closed","sticky":false,"template":"","format":"standard","meta":{"footnotes":""},"categories":[35],"tags":[43],"class_list":{"0":"post-8336","1":"post","2":"type-post","3":"status-publish","4":"format-standard","5":"has-post-thumbnail","7":"category-negocios","8":"tag-empresas"},"aioseo_notices":[],"aioseo_head":"\n\t\t<!-- All in One SEO Pro 4.9.6.2 - aioseo.com -->\n\t<meta name=\"description\" content=\"Wiesbaden (Alemania), 7 dic (dpa) - La producci\u00f3n de la industria alemana cay\u00f3 en octubre un 0,4 por ciento intermensual, seg\u00fan inform\u00f3 hoy la Oficina Federal\" \/>\n\t<meta name=\"robots\" content=\"max-image-preview:large\" \/>\n\t<meta name=\"author\" content=\"NBAsturias\"\/>\n\t<meta name=\"google-site-verification\" content=\"UA-38556648-1\" \/>\n\t<meta name=\"keywords\" content=\"negocios\" \/>\n\t<link rel=\"canonical\" href=\"https:\/\/eldigitaldeasturias.com\/radio\/nuevo-descenso-en-la-produccion-de-la-industria-alemana\/\" \/>\n\t<meta name=\"generator\" content=\"All in One SEO Pro (AIOSEO) 4.9.6.2\" \/>\n\t\t<meta property=\"og:locale\" content=\"es_ES\" \/>\n\t\t<meta property=\"og:site_name\" content=\"El Digital de Asturias | Diario de informaci\u00f3n y noticias\" \/>\n\t\t<meta property=\"og:type\" content=\"article\" \/>\n\t\t<meta property=\"og:title\" content=\"Nuevo descenso en la producci\u00f3n de la industria alemana | El Digital de Asturias\" \/>\n\t\t<meta property=\"og:description\" content=\"Wiesbaden (Alemania), 7 dic (dpa) - La producci\u00f3n de la industria alemana cay\u00f3 en octubre un 0,4 por ciento intermensual, seg\u00fan inform\u00f3 hoy la Oficina Federal\" \/>\n\t\t<meta property=\"og:url\" content=\"https:\/\/eldigitaldeasturias.com\/radio\/nuevo-descenso-en-la-produccion-de-la-industria-alemana\/\" \/>\n\t\t<meta property=\"og:image\" content=\"https:\/\/eldigitaldeasturias.com\/radio\/wp-content\/uploads\/2023\/12\/industria-alemana.jpg\" \/>\n\t\t<meta property=\"og:image:secure_url\" content=\"https:\/\/eldigitaldeasturias.com\/radio\/wp-content\/uploads\/2023\/12\/industria-alemana.jpg\" \/>\n\t\t<meta property=\"og:image:width\" content=\"995\" \/>\n\t\t<meta property=\"og:image:height\" content=\"668\" \/>\n\t\t<meta property=\"article:published_time\" content=\"2023-12-09T02:12:15+00:00\" \/>\n\t\t<meta property=\"article:modified_time\" content=\"2023-12-09T02:12:15+00:00\" \/>\n\t\t<meta name=\"twitter:card\" content=\"summary_large_image\" \/>\n\t\t<meta name=\"twitter:site\" content=\"@bercodi\" \/>\n\t\t<meta name=\"twitter:title\" content=\"Nuevo descenso en la producci\u00f3n de la industria alemana | El Digital de Asturias\" \/>\n\t\t<meta name=\"twitter:description\" content=\"Wiesbaden (Alemania), 7 dic (dpa) - La producci\u00f3n de la industria alemana cay\u00f3 en octubre un 0,4 por ciento intermensual, seg\u00fan inform\u00f3 hoy la Oficina Federal\" \/>\n\t\t<meta name=\"twitter:creator\" content=\"@bercodi\" \/>\n\t\t<meta name=\"twitter:image\" content=\"https:\/\/eldigitaldeasturias.com\/radio\/wp-content\/uploads\/2023\/12\/industria-alemana.jpg\" \/>\n\t\t<script type=\"application\/ld+json\" class=\"aioseo-schema\">\n\t\t\t{\"@context\":\"https:\\\/\\\/schema.org\",\"@graph\":[{\"@type\":\"BreadcrumbList\",\"@id\":\"https:\\\/\\\/eldigitaldeasturias.com\\\/radio\\\/nuevo-descenso-en-la-produccion-de-la-industria-alemana\\\/#breadcrumblist\",\"itemListElement\":[{\"@type\":\"ListItem\",\"@id\":\"https:\\\/\\\/eldigitaldeasturias.com\\\/radio#listItem\",\"position\":1,\"name\":\"Inicio\",\"item\":\"https:\\\/\\\/eldigitaldeasturias.com\\\/radio\",\"nextItem\":{\"@type\":\"ListItem\",\"@id\":\"https:\\\/\\\/eldigitaldeasturias.com\\\/radio\\\/category\\\/negocios\\\/#listItem\",\"name\":\"Negocios\"}},{\"@type\":\"ListItem\",\"@id\":\"https:\\\/\\\/eldigitaldeasturias.com\\\/radio\\\/category\\\/negocios\\\/#listItem\",\"position\":2,\"name\":\"Negocios\",\"item\":\"https:\\\/\\\/eldigitaldeasturias.com\\\/radio\\\/category\\\/negocios\\\/\",\"nextItem\":{\"@type\":\"ListItem\",\"@id\":\"https:\\\/\\\/eldigitaldeasturias.com\\\/radio\\\/nuevo-descenso-en-la-produccion-de-la-industria-alemana\\\/#listItem\",\"name\":\"Nuevo descenso en la producci\\u00f3n de la industria alemana\"},\"previousItem\":{\"@type\":\"ListItem\",\"@id\":\"https:\\\/\\\/eldigitaldeasturias.com\\\/radio#listItem\",\"name\":\"Inicio\"}},{\"@type\":\"ListItem\",\"@id\":\"https:\\\/\\\/eldigitaldeasturias.com\\\/radio\\\/nuevo-descenso-en-la-produccion-de-la-industria-alemana\\\/#listItem\",\"position\":3,\"name\":\"Nuevo descenso en la producci\\u00f3n de la industria alemana\",\"previousItem\":{\"@type\":\"ListItem\",\"@id\":\"https:\\\/\\\/eldigitaldeasturias.com\\\/radio\\\/category\\\/negocios\\\/#listItem\",\"name\":\"Negocios\"}}]},{\"@type\":\"NewsArticle\",\"@id\":\"https:\\\/\\\/eldigitaldeasturias.com\\\/radio\\\/nuevo-descenso-en-la-produccion-de-la-industria-alemana\\\/#newsarticle\",\"name\":\"Nuevo descenso en la producci\\u00f3n de la industria alemana | El Digital de Asturias\",\"headline\":\"Nuevo descenso en la producci\\u00f3n de la industria alemana\",\"author\":{\"@id\":\"https:\\\/\\\/eldigitaldeasturias.com\\\/radio\\\/author\\\/nbasturias\\\/#author\"},\"publisher\":{\"@id\":\"https:\\\/\\\/eldigitaldeasturias.com\\\/radio\\\/#organization\"},\"image\":{\"@type\":\"ImageObject\",\"url\":\"https:\\\/\\\/eldigitaldeasturias.com\\\/radio\\\/wp-content\\\/uploads\\\/2023\\\/12\\\/industria-alemana.jpg\",\"width\":995,\"height\":668,\"caption\":\"Foto: Swen Pf\\u00f6rtner\\\/dpa\"},\"datePublished\":\"2023-12-09T03:12:15+01:00\",\"dateModified\":\"2023-12-09T03:12:15+01:00\",\"inLanguage\":\"es-ES\",\"mainEntityOfPage\":{\"@id\":\"https:\\\/\\\/eldigitaldeasturias.com\\\/radio\\\/nuevo-descenso-en-la-produccion-de-la-industria-alemana\\\/#webpage\"},\"isPartOf\":{\"@id\":\"https:\\\/\\\/eldigitaldeasturias.com\\\/radio\\\/nuevo-descenso-en-la-produccion-de-la-industria-alemana\\\/#webpage\"},\"articleSection\":\"Negocios, empresas\",\"dateline\":\"Publicado el diciembre 9, 2023.\"},{\"@type\":\"Organization\",\"@id\":\"https:\\\/\\\/eldigitaldeasturias.com\\\/radio\\\/#organization\",\"name\":\"El digital de Asturias Radio\",\"description\":\"Diario de informaci\\u00f3n y noticias\",\"url\":\"https:\\\/\\\/eldigitaldeasturias.com\\\/radio\\\/\",\"telephone\":\"+34652131393\",\"logo\":{\"@type\":\"ImageObject\",\"url\":\"https:\\\/\\\/www.eldigitaldeasturias.com\\\/radio\\\/wp-content\\\/uploads\\\/2021\\\/03\\\/EDA.jpg\",\"@id\":\"https:\\\/\\\/eldigitaldeasturias.com\\\/radio\\\/nuevo-descenso-en-la-produccion-de-la-industria-alemana\\\/#organizationLogo\"},\"image\":{\"@id\":\"https:\\\/\\\/eldigitaldeasturias.com\\\/radio\\\/nuevo-descenso-en-la-produccion-de-la-industria-alemana\\\/#organizationLogo\"},\"sameAs\":[\"https:\\\/\\\/www.facebook.com\\\/\",\"https:\\\/\\\/x.com\\\/bercodi\",\"https:\\\/\\\/www.instagram.com\\\/\",\"https:\\\/\\\/www.youtube.com\\\/channel\\\/UCZP-2wLEB9Rv6erhFmqVnvg\"]},{\"@type\":\"Person\",\"@id\":\"https:\\\/\\\/eldigitaldeasturias.com\\\/radio\\\/author\\\/nbasturias\\\/#author\",\"url\":\"https:\\\/\\\/eldigitaldeasturias.com\\\/radio\\\/author\\\/nbasturias\\\/\",\"name\":\"NBAsturias\",\"image\":{\"@type\":\"ImageObject\",\"@id\":\"https:\\\/\\\/eldigitaldeasturias.com\\\/radio\\\/nuevo-descenso-en-la-produccion-de-la-industria-alemana\\\/#authorImage\",\"url\":\"https:\\\/\\\/secure.gravatar.com\\\/avatar\\\/df2aeffc32bcd13f8d26072ef8a91b623d677766deac7f97ca815868cd41bf5e?s=96&d=mm&r=g\",\"width\":96,\"height\":96,\"caption\":\"NBAsturias\"}},{\"@type\":\"WebPage\",\"@id\":\"https:\\\/\\\/eldigitaldeasturias.com\\\/radio\\\/nuevo-descenso-en-la-produccion-de-la-industria-alemana\\\/#webpage\",\"url\":\"https:\\\/\\\/eldigitaldeasturias.com\\\/radio\\\/nuevo-descenso-en-la-produccion-de-la-industria-alemana\\\/\",\"name\":\"Nuevo descenso en la producci\\u00f3n de la industria alemana | El Digital de Asturias\",\"description\":\"Wiesbaden (Alemania), 7 dic (dpa) - La producci\\u00f3n de la industria alemana cay\\u00f3 en octubre un 0,4 por ciento intermensual, seg\\u00fan inform\\u00f3 hoy la Oficina Federal\",\"inLanguage\":\"es-ES\",\"isPartOf\":{\"@id\":\"https:\\\/\\\/eldigitaldeasturias.com\\\/radio\\\/#website\"},\"breadcrumb\":{\"@id\":\"https:\\\/\\\/eldigitaldeasturias.com\\\/radio\\\/nuevo-descenso-en-la-produccion-de-la-industria-alemana\\\/#breadcrumblist\"},\"author\":{\"@id\":\"https:\\\/\\\/eldigitaldeasturias.com\\\/radio\\\/author\\\/nbasturias\\\/#author\"},\"creator\":{\"@id\":\"https:\\\/\\\/eldigitaldeasturias.com\\\/radio\\\/author\\\/nbasturias\\\/#author\"},\"image\":{\"@type\":\"ImageObject\",\"url\":\"https:\\\/\\\/eldigitaldeasturias.com\\\/radio\\\/wp-content\\\/uploads\\\/2023\\\/12\\\/industria-alemana.jpg\",\"@id\":\"https:\\\/\\\/eldigitaldeasturias.com\\\/radio\\\/nuevo-descenso-en-la-produccion-de-la-industria-alemana\\\/#mainImage\",\"width\":995,\"height\":668,\"caption\":\"Foto: Swen Pf\\u00f6rtner\\\/dpa\"},\"primaryImageOfPage\":{\"@id\":\"https:\\\/\\\/eldigitaldeasturias.com\\\/radio\\\/nuevo-descenso-en-la-produccion-de-la-industria-alemana\\\/#mainImage\"},\"datePublished\":\"2023-12-09T03:12:15+01:00\",\"dateModified\":\"2023-12-09T03:12:15+01:00\"},{\"@type\":\"WebSite\",\"@id\":\"https:\\\/\\\/eldigitaldeasturias.com\\\/radio\\\/#website\",\"url\":\"https:\\\/\\\/eldigitaldeasturias.com\\\/radio\\\/\",\"name\":\"El Digital de Asturias\",\"description\":\"Diario de informaci\\u00f3n y noticias\",\"inLanguage\":\"es-ES\",\"publisher\":{\"@id\":\"https:\\\/\\\/eldigitaldeasturias.com\\\/radio\\\/#organization\"}}]}\n\t\t<\/script>\n\t\t<!-- All in One SEO Pro -->\r\n\t\t<title>Nuevo descenso en la producci\u00f3n de la industria alemana | El Digital de Asturias<\/title>\n\n","aioseo_head_json":{"title":"Nuevo descenso en la producci\u00f3n de la industria alemana | El Digital de Asturias","description":"Wiesbaden (Alemania), 7 dic (dpa) - La producci\u00f3n de la industria alemana cay\u00f3 en octubre un 0,4 por ciento intermensual, seg\u00fan inform\u00f3 hoy la Oficina Federal","canonical_url":"https:\/\/eldigitaldeasturias.com\/radio\/nuevo-descenso-en-la-produccion-de-la-industria-alemana\/","robots":"max-image-preview:large","keywords":"negocios","webmasterTools":{"google-site-verification":"UA-38556648-1","miscellaneous":""},"schema":{"@context":"https:\/\/schema.org","@graph":[{"@type":"BreadcrumbList","@id":"https:\/\/eldigitaldeasturias.com\/radio\/nuevo-descenso-en-la-produccion-de-la-industria-alemana\/#breadcrumblist","itemListElement":[{"@type":"ListItem","@id":"https:\/\/eldigitaldeasturias.com\/radio#listItem","position":1,"name":"Inicio","item":"https:\/\/eldigitaldeasturias.com\/radio","nextItem":{"@type":"ListItem","@id":"https:\/\/eldigitaldeasturias.com\/radio\/category\/negocios\/#listItem","name":"Negocios"}},{"@type":"ListItem","@id":"https:\/\/eldigitaldeasturias.com\/radio\/category\/negocios\/#listItem","position":2,"name":"Negocios","item":"https:\/\/eldigitaldeasturias.com\/radio\/category\/negocios\/","nextItem":{"@type":"ListItem","@id":"https:\/\/eldigitaldeasturias.com\/radio\/nuevo-descenso-en-la-produccion-de-la-industria-alemana\/#listItem","name":"Nuevo descenso en la producci\u00f3n de la industria alemana"},"previousItem":{"@type":"ListItem","@id":"https:\/\/eldigitaldeasturias.com\/radio#listItem","name":"Inicio"}},{"@type":"ListItem","@id":"https:\/\/eldigitaldeasturias.com\/radio\/nuevo-descenso-en-la-produccion-de-la-industria-alemana\/#listItem","position":3,"name":"Nuevo descenso en la producci\u00f3n de la industria alemana","previousItem":{"@type":"ListItem","@id":"https:\/\/eldigitaldeasturias.com\/radio\/category\/negocios\/#listItem","name":"Negocios"}}]},{"@type":"NewsArticle","@id":"https:\/\/eldigitaldeasturias.com\/radio\/nuevo-descenso-en-la-produccion-de-la-industria-alemana\/#newsarticle","name":"Nuevo descenso en la producci\u00f3n de la industria alemana | El Digital de Asturias","headline":"Nuevo descenso en la producci\u00f3n de la industria alemana","author":{"@id":"https:\/\/eldigitaldeasturias.com\/radio\/author\/nbasturias\/#author"},"publisher":{"@id":"https:\/\/eldigitaldeasturias.com\/radio\/#organization"},"image":{"@type":"ImageObject","url":"https:\/\/eldigitaldeasturias.com\/radio\/wp-content\/uploads\/2023\/12\/industria-alemana.jpg","width":995,"height":668,"caption":"Foto: Swen Pf\u00f6rtner\/dpa"},"datePublished":"2023-12-09T03:12:15+01:00","dateModified":"2023-12-09T03:12:15+01:00","inLanguage":"es-ES","mainEntityOfPage":{"@id":"https:\/\/eldigitaldeasturias.com\/radio\/nuevo-descenso-en-la-produccion-de-la-industria-alemana\/#webpage"},"isPartOf":{"@id":"https:\/\/eldigitaldeasturias.com\/radio\/nuevo-descenso-en-la-produccion-de-la-industria-alemana\/#webpage"},"articleSection":"Negocios, empresas","dateline":"Publicado el diciembre 9, 2023."},{"@type":"Organization","@id":"https:\/\/eldigitaldeasturias.com\/radio\/#organization","name":"El digital de Asturias Radio","description":"Diario de informaci\u00f3n y noticias","url":"https:\/\/eldigitaldeasturias.com\/radio\/","telephone":"+34652131393","logo":{"@type":"ImageObject","url":"https:\/\/www.eldigitaldeasturias.com\/radio\/wp-content\/uploads\/2021\/03\/EDA.jpg","@id":"https:\/\/eldigitaldeasturias.com\/radio\/nuevo-descenso-en-la-produccion-de-la-industria-alemana\/#organizationLogo"},"image":{"@id":"https:\/\/eldigitaldeasturias.com\/radio\/nuevo-descenso-en-la-produccion-de-la-industria-alemana\/#organizationLogo"},"sameAs":["https:\/\/www.facebook.com\/","https:\/\/x.com\/bercodi","https:\/\/www.instagram.com\/","https:\/\/www.youtube.com\/channel\/UCZP-2wLEB9Rv6erhFmqVnvg"]},{"@type":"Person","@id":"https:\/\/eldigitaldeasturias.com\/radio\/author\/nbasturias\/#author","url":"https:\/\/eldigitaldeasturias.com\/radio\/author\/nbasturias\/","name":"NBAsturias","image":{"@type":"ImageObject","@id":"https:\/\/eldigitaldeasturias.com\/radio\/nuevo-descenso-en-la-produccion-de-la-industria-alemana\/#authorImage","url":"https:\/\/secure.gravatar.com\/avatar\/df2aeffc32bcd13f8d26072ef8a91b623d677766deac7f97ca815868cd41bf5e?s=96&d=mm&r=g","width":96,"height":96,"caption":"NBAsturias"}},{"@type":"WebPage","@id":"https:\/\/eldigitaldeasturias.com\/radio\/nuevo-descenso-en-la-produccion-de-la-industria-alemana\/#webpage","url":"https:\/\/eldigitaldeasturias.com\/radio\/nuevo-descenso-en-la-produccion-de-la-industria-alemana\/","name":"Nuevo descenso en la producci\u00f3n de la industria alemana | El Digital de Asturias","description":"Wiesbaden (Alemania), 7 dic (dpa) - La producci\u00f3n de la industria alemana cay\u00f3 en octubre un 0,4 por ciento intermensual, seg\u00fan inform\u00f3 hoy la Oficina Federal","inLanguage":"es-ES","isPartOf":{"@id":"https:\/\/eldigitaldeasturias.com\/radio\/#website"},"breadcrumb":{"@id":"https:\/\/eldigitaldeasturias.com\/radio\/nuevo-descenso-en-la-produccion-de-la-industria-alemana\/#breadcrumblist"},"author":{"@id":"https:\/\/eldigitaldeasturias.com\/radio\/author\/nbasturias\/#author"},"creator":{"@id":"https:\/\/eldigitaldeasturias.com\/radio\/author\/nbasturias\/#author"},"image":{"@type":"ImageObject","url":"https:\/\/eldigitaldeasturias.com\/radio\/wp-content\/uploads\/2023\/12\/industria-alemana.jpg","@id":"https:\/\/eldigitaldeasturias.com\/radio\/nuevo-descenso-en-la-produccion-de-la-industria-alemana\/#mainImage","width":995,"height":668,"caption":"Foto: Swen Pf\u00f6rtner\/dpa"},"primaryImageOfPage":{"@id":"https:\/\/eldigitaldeasturias.com\/radio\/nuevo-descenso-en-la-produccion-de-la-industria-alemana\/#mainImage"},"datePublished":"2023-12-09T03:12:15+01:00","dateModified":"2023-12-09T03:12:15+01:00"},{"@type":"WebSite","@id":"https:\/\/eldigitaldeasturias.com\/radio\/#website","url":"https:\/\/eldigitaldeasturias.com\/radio\/","name":"El Digital de Asturias","description":"Diario de informaci\u00f3n y noticias","inLanguage":"es-ES","publisher":{"@id":"https:\/\/eldigitaldeasturias.com\/radio\/#organization"}}]},"og:locale":"es_ES","og:site_name":"El Digital de Asturias | Diario de informaci\u00f3n y noticias","og:type":"article","og:title":"Nuevo descenso en la producci\u00f3n de la industria alemana | El Digital de Asturias","og:description":"Wiesbaden (Alemania), 7 dic (dpa) - La producci\u00f3n de la industria alemana cay\u00f3 en octubre un 0,4 por ciento intermensual, seg\u00fan inform\u00f3 hoy la Oficina Federal","og:url":"https:\/\/eldigitaldeasturias.com\/radio\/nuevo-descenso-en-la-produccion-de-la-industria-alemana\/","og:image":"https:\/\/eldigitaldeasturias.com\/radio\/wp-content\/uploads\/2023\/12\/industria-alemana.jpg","og:image:secure_url":"https:\/\/eldigitaldeasturias.com\/radio\/wp-content\/uploads\/2023\/12\/industria-alemana.jpg","og:image:width":995,"og:image:height":668,"article:published_time":"2023-12-09T02:12:15+00:00","article:modified_time":"2023-12-09T02:12:15+00:00","twitter:card":"summary_large_image","twitter:site":"@bercodi","twitter:title":"Nuevo descenso en la producci\u00f3n de la industria alemana | El Digital de Asturias","twitter:description":"Wiesbaden (Alemania), 7 dic (dpa) - La producci\u00f3n de la industria alemana cay\u00f3 en octubre un 0,4 por ciento intermensual, seg\u00fan inform\u00f3 hoy la Oficina Federal","twitter:creator":"@bercodi","twitter:image":"https:\/\/eldigitaldeasturias.com\/radio\/wp-content\/uploads\/2023\/12\/industria-alemana.jpg"},"aioseo_meta_data":{"post_id":"8336","title":null,"description":"Wiesbaden (Alemania), 7 dic (dpa) - La producci\u00f3n de la industria alemana cay\u00f3 en octubre un 0,4 por ciento intermensual, seg\u00fan inform\u00f3 hoy la Oficina Federal","keywords":[],"keyphrases":{"focus":{"keyphrase":"industria","score":93,"analysis":{"keyphraseInTitle":{"score":9,"maxScore":9,"error":0},"keyphraseInDescription":{"score":9,"maxScore":9,"error":0},"keyphraseLength":{"score":9,"maxScore":9,"error":0,"length":1},"keyphraseInURL":{"score":1,"maxScore":5,"error":1},"keyphraseInIntroduction":{"score":9,"maxScore":9,"error":0},"keyphraseInSubHeadings":[],"keyphraseInImageAlt":{"score":9,"maxScore":9,"error":0},"keywordDensity":{"type":"best","score":9,"maxScore":9,"error":0}}},"additional":[{"keyphrase":"industria alemana","score":100,"analysis":{"keyphraseInDescription":{"score":9,"maxScore":9,"error":0},"keyphraseLength":{"score":9,"maxScore":9,"error":0,"length":2},"keyphraseInIntroduction":{"score":9,"maxScore":9,"error":0},"keyphraseInImageAlt":{"score":9,"maxScore":9,"error":0},"keywordDensity":{"type":"best","score":9,"maxScore":9,"error":0}}}]},"primary_term":null,"canonical_url":null,"og_title":null,"og_description":null,"og_object_type":"default","og_image_type":"default","og_image_url":null,"og_image_width":null,"og_image_height":null,"og_image_custom_url":null,"og_image_custom_fields":null,"og_video":"","og_custom_url":null,"og_article_section":null,"og_article_tags":[],"twitter_use_og":false,"twitter_card":"default","twitter_image_type":"default","twitter_image_url":null,"twitter_image_custom_url":null,"twitter_image_custom_fields":null,"twitter_title":null,"twitter_description":null,"schema":{"blockGraphs":[],"customGraphs":[],"default":{"data":{"Article":[],"Course":[],"Dataset":[],"FAQPage":[],"Movie":[],"Person":[],"Product":[],"ProductReview":[],"Car":[],"Recipe":[],"Service":[],"SoftwareApplication":[],"WebPage":[]},"graphName":"NewsArticle","isEnabled":true},"graphs":[]},"schema_type":"default","schema_type_options":null,"pillar_content":false,"robots_default":true,"robots_noindex":false,"robots_noarchive":false,"robots_nosnippet":false,"robots_nofollow":false,"robots_noimageindex":false,"robots_noodp":false,"robots_notranslate":false,"robots_max_snippet":"-1","robots_max_videopreview":"-1","robots_max_imagepreview":"large","priority":null,"frequency":"default","location":null,"local_seo":null,"seo_analyzer_scan_date":"2025-08-28 21:43:10","breadcrumb_settings":null,"limit_modified_date":false,"open_ai":"{\"title\":{\"suggestions\":[],\"usage\":0},\"description\":{\"suggestions\":[],\"usage\":0}}","ai":null,"created":"2023-12-09 02:07:51","updated":"2025-08-28 21:43:10"},"aioseo_breadcrumb":"<div class=\"aioseo-breadcrumbs\"><span class=\"aioseo-breadcrumb\">\n\t<a href=\"https:\/\/eldigitaldeasturias.com\/radio\" title=\"Inicio\">Inicio<\/a>\n<\/span><span class=\"aioseo-breadcrumb-separator\">&ndash;<\/span><span class=\"aioseo-breadcrumb\">\n\t<a href=\"https:\/\/eldigitaldeasturias.com\/radio\/category\/negocios\/\" title=\"Negocios\">Negocios<\/a>\n<\/span><span class=\"aioseo-breadcrumb-separator\">&ndash;<\/span><span class=\"aioseo-breadcrumb\">\n\tNuevo descenso en la producci\u00f3n de la industria alemana\n<\/span><\/div>","aioseo_breadcrumb_json":[{"label":"Inicio","link":"https:\/\/eldigitaldeasturias.com\/radio"},{"label":"Negocios","link":"https:\/\/eldigitaldeasturias.com\/radio\/category\/negocios\/"},{"label":"Nuevo descenso en la producci\u00f3n de la industria alemana","link":"https:\/\/eldigitaldeasturias.com\/radio\/nuevo-descenso-en-la-produccion-de-la-industria-alemana\/"}],"_links":{"self":[{"href":"https:\/\/eldigitaldeasturias.com\/radio\/wp-json\/wp\/v2\/posts\/8336","targetHints":{"allow":["GET"]}}],"collection":[{"href":"https:\/\/eldigitaldeasturias.com\/radio\/wp-json\/wp\/v2\/posts"}],"about":[{"href":"https:\/\/eldigitaldeasturias.com\/radio\/wp-json\/wp\/v2\/types\/post"}],"author":[{"embeddable":true,"href":"https:\/\/eldigitaldeasturias.com\/radio\/wp-json\/wp\/v2\/users\/1"}],"replies":[{"embeddable":true,"href":"https:\/\/eldigitaldeasturias.com\/radio\/wp-json\/wp\/v2\/comments?post=8336"}],"version-history":[{"count":0,"href":"https:\/\/eldigitaldeasturias.com\/radio\/wp-json\/wp\/v2\/posts\/8336\/revisions"}],"wp:featuredmedia":[{"embeddable":true,"href":"https:\/\/eldigitaldeasturias.com\/radio\/wp-json\/wp\/v2\/media\/8337"}],"wp:attachment":[{"href":"https:\/\/eldigitaldeasturias.com\/radio\/wp-json\/wp\/v2\/media?parent=8336"}],"wp:term":[{"taxonomy":"category","embeddable":true,"href":"https:\/\/eldigitaldeasturias.com\/radio\/wp-json\/wp\/v2\/categories?post=8336"},{"taxonomy":"post_tag","embeddable":true,"href":"https:\/\/eldigitaldeasturias.com\/radio\/wp-json\/wp\/v2\/tags?post=8336"}],"curies":[{"name":"wp","href":"https:\/\/api.w.org\/{rel}","templated":true}]}}