{"id":8228,"date":"2023-11-29T20:09:44","date_gmt":"2023-11-29T19:09:44","guid":{"rendered":"https:\/\/eldigitaldeasturias.com\/radio\/?p=8228"},"modified":"2023-11-29T20:09:44","modified_gmt":"2023-11-29T19:09:44","slug":"the-boy-la-ultima-obra-de-un-director-asesinado-por-hamas","status":"publish","type":"post","link":"https:\/\/eldigitaldeasturias.com\/radio\/the-boy-la-ultima-obra-de-un-director-asesinado-por-hamas\/","title":{"rendered":"\u00abThe Boy\u00bb, la \u00faltima obra de un director asesinado por Ham\u00e1s"},"content":{"rendered":"<p>(dpa) &#8211; \u00abThe Boy\u00bb, un cortometraje que advierte de la amenaza de la violencia en un kibutz cercano a la frontera israel\u00ed con la Franja de Gaza, ha recogido dos premios en un festival de M\u00fanich, apenas unas semanas despu\u00e9s de que su director muriera en los ataques del 7 de octubre cometidos por Ham\u00e1s.<\/p>\n<figure id=\"attachment_8229\" aria-describedby=\"caption-attachment-8229\" style=\"width: 650px\" class=\"wp-caption aligncenter\"><img fetchpriority=\"high\" decoding=\"async\" class=\"wp-image-8229 size-large\" src=\"https:\/\/eldigitaldeasturias.com\/radio\/wp-content\/uploads\/2023\/11\/The-Boy-650x434.jpg\" alt=\"The Boy\" width=\"650\" height=\"434\" srcset=\"https:\/\/eldigitaldeasturias.com\/radio\/wp-content\/uploads\/2023\/11\/The-Boy-650x434.jpg 650w, https:\/\/eldigitaldeasturias.com\/radio\/wp-content\/uploads\/2023\/11\/The-Boy-360x240.jpg 360w, https:\/\/eldigitaldeasturias.com\/radio\/wp-content\/uploads\/2023\/11\/The-Boy-768x513.jpg 768w, https:\/\/eldigitaldeasturias.com\/radio\/wp-content\/uploads\/2023\/11\/The-Boy-150x100.jpg 150w, https:\/\/eldigitaldeasturias.com\/radio\/wp-content\/uploads\/2023\/11\/The-Boy-450x300.jpg 450w, https:\/\/eldigitaldeasturias.com\/radio\/wp-content\/uploads\/2023\/11\/The-Boy.jpg 998w\" sizes=\"(max-width: 650px) 100vw, 650px\" \/><figcaption id=\"caption-attachment-8229\" class=\"wp-caption-text\">El 7 de octubre, terroristas de Ham\u00e1s irrumpieron en la habitaci\u00f3n familiar del director Yahav Winner en un kibutz cercano a Gaza. Semanas despu\u00e9s, su \u00faltima pel\u00edcula se proyecta en festivales sin \u00e9l. Foto: Filmschoolfest Munich\/Minshar For Art\/dpa<\/figcaption><\/figure>\n<p>La 42\u00aa edici\u00f3n del festival de cine estudiantil Filmschoolfest de M\u00fanich, celebrada en noviembre, concluy\u00f3 con una sombr\u00eda ceremonia de entrega de premios, en la que la pel\u00edcula del director israel\u00ed Yahav Winner opt\u00f3 a dos galardones.<\/p>\n<p>En M\u00fanich, la <a href=\"https:\/\/naberco.es\/category\/cultura\/\" target=\"_blank\" rel=\"noopener\"><span style=\"color: #ff6600;\"><strong>pel\u00edcula<\/strong><\/span><\/a> gan\u00f3 el premio al mejor gui\u00f3n, escrito por Winner, y recibi\u00f3 el premio Prix Culturel de la Academia Interfilm.<\/p>\n<p>El director no vivi\u00f3 para ver la ceremonia de entrega de premios. En la madrugada del 7 de octubre, terroristas de Ham\u00e1s irrumpieron en la habitaci\u00f3n de la familia de Winner en Kfar Aza, un kibutz del sur de Israel, cuenta Dor Zammir, el colorista de la pel\u00edcula que trabaj\u00f3 junto a Winner.<\/p>\n<p>\u00abYahav intent\u00f3 con todas sus fuerzas bloquear a los terroristas, permitiendo que su mujer, Shaylee, y su hija de un mes, Shaya, escaparan. Poco despu\u00e9s, Yahav fue asesinado a sangre fr\u00eda\u00bb. Shaylee y su beb\u00e9 Shaya fueron rescatadas 27 horas despu\u00e9s tras permanecer refugiadas sin comida ni agua, escribe Zammir en su sitio web.<\/p>\n<p>Antes de la inauguraci\u00f3n del festival, el 13 de noviembre, los organizadores se hab\u00edan planteado la cuesti\u00f3n de si proyectar o no la pel\u00edcula tras el asesinato de Winner, quien ten\u00eda previsto asistir a la celebraci\u00f3n anual muniquesa de las obras de j\u00f3venes cineastas.<\/p>\n<p>Al final, se decidi\u00f3 proyectar la pel\u00edcula. El festival celebr\u00f3 una videoconferencia antes de la proyecci\u00f3n con la viuda de Winner, Shaylee Atary, el actor principal, Nimrod Peleg, el director de fotograf\u00eda, Ben Peled, y David Noy, director del Departamento de Cine de la Escuela de Arte Minshar de Israel.<\/p>\n<p>Noy dijo a los j\u00f3venes cineastas de todo el mundo: \u00abNo es una proyecci\u00f3n conmemorativa, ni una alabanza, sino una celebraci\u00f3n de Yahav y su obra, su arte, su vida. Era una persona carism\u00e1tica, compasiva y de buen coraz\u00f3n, como se ver\u00e1 en su pel\u00edcula\u00bb.<\/p>\n<p>La pel\u00edcula en hebreo -una de las 35 de 26 pa\u00edses proyectadas durante los seis d\u00edas del festival- se rod\u00f3 en el kibutz cercano a la Franja de Gaza que Ham\u00e1s atac\u00f3 el 7 de octubre, matando a Winner.<\/p>\n<p>La pel\u00edcula, de 23 minutos de duraci\u00f3n, retrata a un granjero y a su hijo trabajando en los campos cercanos a la valla de alambre de la frontera de Israel con la Franja de Gaza, con el hijo mostrando cada vez m\u00e1s signos de angustia psicol\u00f3gica en medio del peligro siempre presente de la violencia.<\/p>\n<p>La zona donde se film\u00f3 la cinta, finalmente, fue atacada por los combatientes de la organizaci\u00f3n islamista palestina Ham\u00e1s el 7 de octubre.<\/p>\n<p>\u00abEsta pel\u00edcula nos alarma urgentemente sobre c\u00f3mo la guerra se convierte en nuestra realidad cotidiana\u00bb, declar\u00f3 el jurado de M\u00fanich al otorgar a Winner el premio al mejor gui\u00f3n. \u00abLamentamos profundamente que no pueda estar aqu\u00ed para celebrar su gran logro\u00bb.<\/p>\n<p>El m\u00e1ximo galard\u00f3n del Filmschoolfest fue para la francesa Fatima Kaci por su pel\u00edcula \u00abThe Voice of Others\u00bb (La voz de los otros), sobre una int\u00e9rprete tunecina discriminada por los bur\u00f3cratas franceses que tratan con solicitantes de asilo. \u00abLa directora domina plenamente sus herramientas cinematogr\u00e1ficas, que utiliza para traducir su gui\u00f3n en una pel\u00edcula intensamente atractiva\u00bb, se dijo de ella.<\/p>\n<p><i class=\"lang-es\"><span class=\" readonly\" title=\"\">Por Doug Sutton (dpa)<\/span><\/i><\/p>\n","protected":false},"excerpt":{"rendered":"<p>(dpa) &#8211; \u00abThe Boy\u00bb, un cortometraje que advierte de la amenaza de la violencia en un kibutz cercano a la frontera israel\u00ed con la Franja de Gaza, ha recogido dos premios en un festival de M\u00fanich, apenas unas semanas despu\u00e9s de que su director muriera en los ataques del 7 de octubre cometidos por Ham\u00e1s.<\/p>\n","protected":false},"author":1,"featured_media":8229,"comment_status":"closed","ping_status":"closed","sticky":false,"template":"","format":"standard","meta":{"footnotes":""},"categories":[28],"tags":[79],"class_list":{"0":"post-8228","1":"post","2":"type-post","3":"status-publish","4":"format-standard","5":"has-post-thumbnail","7":"category-variedades","8":"tag-cultura"},"aioseo_notices":[],"aioseo_head":"\n\t\t<!-- All in One SEO Pro 4.9.6.2 - aioseo.com -->\n\t<meta name=\"description\" content=\"(dpa) - &quot;The Boy&quot;, un cortometraje que advierte de la amenaza de la violencia en un kibutz cercano a la frontera israel\u00ed con la Franja de Gaza, ha recogido dos\" \/>\n\t<meta name=\"robots\" content=\"max-image-preview:large\" \/>\n\t<meta name=\"author\" content=\"NBAsturias\"\/>\n\t<meta name=\"google-site-verification\" content=\"UA-38556648-1\" \/>\n\t<meta name=\"keywords\" content=\"variedades\" \/>\n\t<link rel=\"canonical\" href=\"https:\/\/eldigitaldeasturias.com\/radio\/the-boy-la-ultima-obra-de-un-director-asesinado-por-hamas\/\" \/>\n\t<meta name=\"generator\" content=\"All in One SEO Pro (AIOSEO) 4.9.6.2\" \/>\n\t\t<meta property=\"og:locale\" content=\"es_ES\" \/>\n\t\t<meta property=\"og:site_name\" content=\"El Digital de Asturias | Diario de informaci\u00f3n y noticias\" \/>\n\t\t<meta property=\"og:type\" content=\"article\" \/>\n\t\t<meta property=\"og:title\" content=\"\u00abThe Boy\u00bb, la \u00faltima obra de un director asesinado por Ham\u00e1s | El Digital de Asturias\" \/>\n\t\t<meta property=\"og:description\" content=\"(dpa) - &quot;The Boy&quot;, un cortometraje que advierte de la amenaza de la violencia en un kibutz cercano a la frontera israel\u00ed con la Franja de Gaza, ha recogido dos\" \/>\n\t\t<meta property=\"og:url\" content=\"https:\/\/eldigitaldeasturias.com\/radio\/the-boy-la-ultima-obra-de-un-director-asesinado-por-hamas\/\" \/>\n\t\t<meta property=\"og:image\" content=\"https:\/\/eldigitaldeasturias.com\/radio\/wp-content\/uploads\/2023\/11\/The-Boy.jpg\" \/>\n\t\t<meta property=\"og:image:secure_url\" content=\"https:\/\/eldigitaldeasturias.com\/radio\/wp-content\/uploads\/2023\/11\/The-Boy.jpg\" \/>\n\t\t<meta property=\"og:image:width\" content=\"998\" \/>\n\t\t<meta property=\"og:image:height\" content=\"666\" \/>\n\t\t<meta property=\"article:published_time\" content=\"2023-11-29T19:09:44+00:00\" \/>\n\t\t<meta property=\"article:modified_time\" content=\"2023-11-29T19:09:44+00:00\" \/>\n\t\t<meta name=\"twitter:card\" content=\"summary_large_image\" \/>\n\t\t<meta name=\"twitter:site\" content=\"@bercodi\" \/>\n\t\t<meta name=\"twitter:title\" content=\"\u00abThe Boy\u00bb, la \u00faltima obra de un director asesinado por Ham\u00e1s | El Digital de Asturias\" \/>\n\t\t<meta name=\"twitter:description\" content=\"(dpa) - &quot;The Boy&quot;, un cortometraje que advierte de la amenaza de la violencia en un kibutz cercano a la frontera israel\u00ed con la Franja de Gaza, ha recogido dos\" \/>\n\t\t<meta name=\"twitter:creator\" content=\"@bercodi\" \/>\n\t\t<meta name=\"twitter:image\" content=\"https:\/\/eldigitaldeasturias.com\/radio\/wp-content\/uploads\/2023\/11\/The-Boy.jpg\" \/>\n\t\t<script type=\"application\/ld+json\" class=\"aioseo-schema\">\n\t\t\t{\"@context\":\"https:\\\/\\\/schema.org\",\"@graph\":[{\"@type\":\"BreadcrumbList\",\"@id\":\"https:\\\/\\\/eldigitaldeasturias.com\\\/radio\\\/the-boy-la-ultima-obra-de-un-director-asesinado-por-hamas\\\/#breadcrumblist\",\"itemListElement\":[{\"@type\":\"ListItem\",\"@id\":\"https:\\\/\\\/eldigitaldeasturias.com\\\/radio#listItem\",\"position\":1,\"name\":\"Inicio\",\"item\":\"https:\\\/\\\/eldigitaldeasturias.com\\\/radio\",\"nextItem\":{\"@type\":\"ListItem\",\"@id\":\"https:\\\/\\\/eldigitaldeasturias.com\\\/radio\\\/category\\\/variedades\\\/#listItem\",\"name\":\"Variedades\"}},{\"@type\":\"ListItem\",\"@id\":\"https:\\\/\\\/eldigitaldeasturias.com\\\/radio\\\/category\\\/variedades\\\/#listItem\",\"position\":2,\"name\":\"Variedades\",\"item\":\"https:\\\/\\\/eldigitaldeasturias.com\\\/radio\\\/category\\\/variedades\\\/\",\"nextItem\":{\"@type\":\"ListItem\",\"@id\":\"https:\\\/\\\/eldigitaldeasturias.com\\\/radio\\\/the-boy-la-ultima-obra-de-un-director-asesinado-por-hamas\\\/#listItem\",\"name\":\"\\u00abThe Boy\\u00bb, la \\u00faltima obra de un director asesinado por Ham\\u00e1s\"},\"previousItem\":{\"@type\":\"ListItem\",\"@id\":\"https:\\\/\\\/eldigitaldeasturias.com\\\/radio#listItem\",\"name\":\"Inicio\"}},{\"@type\":\"ListItem\",\"@id\":\"https:\\\/\\\/eldigitaldeasturias.com\\\/radio\\\/the-boy-la-ultima-obra-de-un-director-asesinado-por-hamas\\\/#listItem\",\"position\":3,\"name\":\"\\u00abThe Boy\\u00bb, la \\u00faltima obra de un director asesinado por Ham\\u00e1s\",\"previousItem\":{\"@type\":\"ListItem\",\"@id\":\"https:\\\/\\\/eldigitaldeasturias.com\\\/radio\\\/category\\\/variedades\\\/#listItem\",\"name\":\"Variedades\"}}]},{\"@type\":\"NewsArticle\",\"@id\":\"https:\\\/\\\/eldigitaldeasturias.com\\\/radio\\\/the-boy-la-ultima-obra-de-un-director-asesinado-por-hamas\\\/#newsarticle\",\"name\":\"\\u00abThe Boy\\u00bb, la \\u00faltima obra de un director asesinado por Ham\\u00e1s | El Digital de Asturias\",\"headline\":\"\\u00abThe Boy\\u00bb, la \\u00faltima obra de un director asesinado por Ham\\u00e1s\",\"author\":{\"@id\":\"https:\\\/\\\/eldigitaldeasturias.com\\\/radio\\\/author\\\/nbasturias\\\/#author\"},\"publisher\":{\"@id\":\"https:\\\/\\\/eldigitaldeasturias.com\\\/radio\\\/#organization\"},\"image\":{\"@type\":\"ImageObject\",\"url\":\"https:\\\/\\\/eldigitaldeasturias.com\\\/radio\\\/wp-content\\\/uploads\\\/2023\\\/11\\\/The-Boy.jpg\",\"width\":998,\"height\":666,\"caption\":\"El 7 de octubre, terroristas de Ham\\u00e1s irrumpieron en la habitaci\\u00f3n familiar del director Yahav Winner en un kibutz cercano a Gaza. Semanas despu\\u00e9s, su \\u00faltima pel\\u00edcula se proyecta en festivales sin \\u00e9l. Foto: Filmschoolfest Munich\\\/Minshar For Art\\\/dpa\"},\"datePublished\":\"2023-11-29T20:09:44+01:00\",\"dateModified\":\"2023-11-29T20:09:44+01:00\",\"inLanguage\":\"es-ES\",\"mainEntityOfPage\":{\"@id\":\"https:\\\/\\\/eldigitaldeasturias.com\\\/radio\\\/the-boy-la-ultima-obra-de-un-director-asesinado-por-hamas\\\/#webpage\"},\"isPartOf\":{\"@id\":\"https:\\\/\\\/eldigitaldeasturias.com\\\/radio\\\/the-boy-la-ultima-obra-de-un-director-asesinado-por-hamas\\\/#webpage\"},\"articleSection\":\"Variedades, cultura\",\"dateline\":\"Publicado el noviembre 29, 2023.\"},{\"@type\":\"Organization\",\"@id\":\"https:\\\/\\\/eldigitaldeasturias.com\\\/radio\\\/#organization\",\"name\":\"El digital de Asturias Radio\",\"description\":\"Diario de informaci\\u00f3n y noticias\",\"url\":\"https:\\\/\\\/eldigitaldeasturias.com\\\/radio\\\/\",\"telephone\":\"+34652131393\",\"logo\":{\"@type\":\"ImageObject\",\"url\":\"https:\\\/\\\/www.eldigitaldeasturias.com\\\/radio\\\/wp-content\\\/uploads\\\/2021\\\/03\\\/EDA.jpg\",\"@id\":\"https:\\\/\\\/eldigitaldeasturias.com\\\/radio\\\/the-boy-la-ultima-obra-de-un-director-asesinado-por-hamas\\\/#organizationLogo\"},\"image\":{\"@id\":\"https:\\\/\\\/eldigitaldeasturias.com\\\/radio\\\/the-boy-la-ultima-obra-de-un-director-asesinado-por-hamas\\\/#organizationLogo\"},\"sameAs\":[\"https:\\\/\\\/www.facebook.com\\\/\",\"https:\\\/\\\/x.com\\\/bercodi\",\"https:\\\/\\\/www.instagram.com\\\/\",\"https:\\\/\\\/www.youtube.com\\\/channel\\\/UCZP-2wLEB9Rv6erhFmqVnvg\"]},{\"@type\":\"Person\",\"@id\":\"https:\\\/\\\/eldigitaldeasturias.com\\\/radio\\\/author\\\/nbasturias\\\/#author\",\"url\":\"https:\\\/\\\/eldigitaldeasturias.com\\\/radio\\\/author\\\/nbasturias\\\/\",\"name\":\"NBAsturias\",\"image\":{\"@type\":\"ImageObject\",\"@id\":\"https:\\\/\\\/eldigitaldeasturias.com\\\/radio\\\/the-boy-la-ultima-obra-de-un-director-asesinado-por-hamas\\\/#authorImage\",\"url\":\"https:\\\/\\\/secure.gravatar.com\\\/avatar\\\/df2aeffc32bcd13f8d26072ef8a91b623d677766deac7f97ca815868cd41bf5e?s=96&d=mm&r=g\",\"width\":96,\"height\":96,\"caption\":\"NBAsturias\"}},{\"@type\":\"WebPage\",\"@id\":\"https:\\\/\\\/eldigitaldeasturias.com\\\/radio\\\/the-boy-la-ultima-obra-de-un-director-asesinado-por-hamas\\\/#webpage\",\"url\":\"https:\\\/\\\/eldigitaldeasturias.com\\\/radio\\\/the-boy-la-ultima-obra-de-un-director-asesinado-por-hamas\\\/\",\"name\":\"\\u00abThe Boy\\u00bb, la \\u00faltima obra de un director asesinado por Ham\\u00e1s | El Digital de Asturias\",\"description\":\"(dpa) - \\\"The Boy\\\", un cortometraje que advierte de la amenaza de la violencia en un kibutz cercano a la frontera israel\\u00ed con la Franja de Gaza, ha recogido dos\",\"inLanguage\":\"es-ES\",\"isPartOf\":{\"@id\":\"https:\\\/\\\/eldigitaldeasturias.com\\\/radio\\\/#website\"},\"breadcrumb\":{\"@id\":\"https:\\\/\\\/eldigitaldeasturias.com\\\/radio\\\/the-boy-la-ultima-obra-de-un-director-asesinado-por-hamas\\\/#breadcrumblist\"},\"author\":{\"@id\":\"https:\\\/\\\/eldigitaldeasturias.com\\\/radio\\\/author\\\/nbasturias\\\/#author\"},\"creator\":{\"@id\":\"https:\\\/\\\/eldigitaldeasturias.com\\\/radio\\\/author\\\/nbasturias\\\/#author\"},\"image\":{\"@type\":\"ImageObject\",\"url\":\"https:\\\/\\\/eldigitaldeasturias.com\\\/radio\\\/wp-content\\\/uploads\\\/2023\\\/11\\\/The-Boy.jpg\",\"@id\":\"https:\\\/\\\/eldigitaldeasturias.com\\\/radio\\\/the-boy-la-ultima-obra-de-un-director-asesinado-por-hamas\\\/#mainImage\",\"width\":998,\"height\":666,\"caption\":\"El 7 de octubre, terroristas de Ham\\u00e1s irrumpieron en la habitaci\\u00f3n familiar del director Yahav Winner en un kibutz cercano a Gaza. Semanas despu\\u00e9s, su \\u00faltima pel\\u00edcula se proyecta en festivales sin \\u00e9l. Foto: Filmschoolfest Munich\\\/Minshar For Art\\\/dpa\"},\"primaryImageOfPage\":{\"@id\":\"https:\\\/\\\/eldigitaldeasturias.com\\\/radio\\\/the-boy-la-ultima-obra-de-un-director-asesinado-por-hamas\\\/#mainImage\"},\"datePublished\":\"2023-11-29T20:09:44+01:00\",\"dateModified\":\"2023-11-29T20:09:44+01:00\"},{\"@type\":\"WebSite\",\"@id\":\"https:\\\/\\\/eldigitaldeasturias.com\\\/radio\\\/#website\",\"url\":\"https:\\\/\\\/eldigitaldeasturias.com\\\/radio\\\/\",\"name\":\"El Digital de Asturias\",\"description\":\"Diario de informaci\\u00f3n y noticias\",\"inLanguage\":\"es-ES\",\"publisher\":{\"@id\":\"https:\\\/\\\/eldigitaldeasturias.com\\\/radio\\\/#organization\"}}]}\n\t\t<\/script>\n\t\t<!-- All in One SEO Pro -->\r\n\t\t<title>\u00abThe Boy\u00bb, la \u00faltima obra de un director asesinado por Ham\u00e1s | El Digital de Asturias<\/title>\n\n","aioseo_head_json":{"title":"\u00abThe Boy\u00bb, la \u00faltima obra de un director asesinado por Ham\u00e1s | El Digital de Asturias","description":"(dpa) - \"The Boy\", un cortometraje que advierte de la amenaza de la violencia en un kibutz cercano a la frontera israel\u00ed con la Franja de Gaza, ha recogido dos","canonical_url":"https:\/\/eldigitaldeasturias.com\/radio\/the-boy-la-ultima-obra-de-un-director-asesinado-por-hamas\/","robots":"max-image-preview:large","keywords":"variedades","webmasterTools":{"google-site-verification":"UA-38556648-1","miscellaneous":""},"schema":{"@context":"https:\/\/schema.org","@graph":[{"@type":"BreadcrumbList","@id":"https:\/\/eldigitaldeasturias.com\/radio\/the-boy-la-ultima-obra-de-un-director-asesinado-por-hamas\/#breadcrumblist","itemListElement":[{"@type":"ListItem","@id":"https:\/\/eldigitaldeasturias.com\/radio#listItem","position":1,"name":"Inicio","item":"https:\/\/eldigitaldeasturias.com\/radio","nextItem":{"@type":"ListItem","@id":"https:\/\/eldigitaldeasturias.com\/radio\/category\/variedades\/#listItem","name":"Variedades"}},{"@type":"ListItem","@id":"https:\/\/eldigitaldeasturias.com\/radio\/category\/variedades\/#listItem","position":2,"name":"Variedades","item":"https:\/\/eldigitaldeasturias.com\/radio\/category\/variedades\/","nextItem":{"@type":"ListItem","@id":"https:\/\/eldigitaldeasturias.com\/radio\/the-boy-la-ultima-obra-de-un-director-asesinado-por-hamas\/#listItem","name":"\u00abThe Boy\u00bb, la \u00faltima obra de un director asesinado por Ham\u00e1s"},"previousItem":{"@type":"ListItem","@id":"https:\/\/eldigitaldeasturias.com\/radio#listItem","name":"Inicio"}},{"@type":"ListItem","@id":"https:\/\/eldigitaldeasturias.com\/radio\/the-boy-la-ultima-obra-de-un-director-asesinado-por-hamas\/#listItem","position":3,"name":"\u00abThe Boy\u00bb, la \u00faltima obra de un director asesinado por Ham\u00e1s","previousItem":{"@type":"ListItem","@id":"https:\/\/eldigitaldeasturias.com\/radio\/category\/variedades\/#listItem","name":"Variedades"}}]},{"@type":"NewsArticle","@id":"https:\/\/eldigitaldeasturias.com\/radio\/the-boy-la-ultima-obra-de-un-director-asesinado-por-hamas\/#newsarticle","name":"\u00abThe Boy\u00bb, la \u00faltima obra de un director asesinado por Ham\u00e1s | El Digital de Asturias","headline":"\u00abThe Boy\u00bb, la \u00faltima obra de un director asesinado por Ham\u00e1s","author":{"@id":"https:\/\/eldigitaldeasturias.com\/radio\/author\/nbasturias\/#author"},"publisher":{"@id":"https:\/\/eldigitaldeasturias.com\/radio\/#organization"},"image":{"@type":"ImageObject","url":"https:\/\/eldigitaldeasturias.com\/radio\/wp-content\/uploads\/2023\/11\/The-Boy.jpg","width":998,"height":666,"caption":"El 7 de octubre, terroristas de Ham\u00e1s irrumpieron en la habitaci\u00f3n familiar del director Yahav Winner en un kibutz cercano a Gaza. Semanas despu\u00e9s, su \u00faltima pel\u00edcula se proyecta en festivales sin \u00e9l. Foto: Filmschoolfest Munich\/Minshar For Art\/dpa"},"datePublished":"2023-11-29T20:09:44+01:00","dateModified":"2023-11-29T20:09:44+01:00","inLanguage":"es-ES","mainEntityOfPage":{"@id":"https:\/\/eldigitaldeasturias.com\/radio\/the-boy-la-ultima-obra-de-un-director-asesinado-por-hamas\/#webpage"},"isPartOf":{"@id":"https:\/\/eldigitaldeasturias.com\/radio\/the-boy-la-ultima-obra-de-un-director-asesinado-por-hamas\/#webpage"},"articleSection":"Variedades, cultura","dateline":"Publicado el noviembre 29, 2023."},{"@type":"Organization","@id":"https:\/\/eldigitaldeasturias.com\/radio\/#organization","name":"El digital de Asturias Radio","description":"Diario de informaci\u00f3n y noticias","url":"https:\/\/eldigitaldeasturias.com\/radio\/","telephone":"+34652131393","logo":{"@type":"ImageObject","url":"https:\/\/www.eldigitaldeasturias.com\/radio\/wp-content\/uploads\/2021\/03\/EDA.jpg","@id":"https:\/\/eldigitaldeasturias.com\/radio\/the-boy-la-ultima-obra-de-un-director-asesinado-por-hamas\/#organizationLogo"},"image":{"@id":"https:\/\/eldigitaldeasturias.com\/radio\/the-boy-la-ultima-obra-de-un-director-asesinado-por-hamas\/#organizationLogo"},"sameAs":["https:\/\/www.facebook.com\/","https:\/\/x.com\/bercodi","https:\/\/www.instagram.com\/","https:\/\/www.youtube.com\/channel\/UCZP-2wLEB9Rv6erhFmqVnvg"]},{"@type":"Person","@id":"https:\/\/eldigitaldeasturias.com\/radio\/author\/nbasturias\/#author","url":"https:\/\/eldigitaldeasturias.com\/radio\/author\/nbasturias\/","name":"NBAsturias","image":{"@type":"ImageObject","@id":"https:\/\/eldigitaldeasturias.com\/radio\/the-boy-la-ultima-obra-de-un-director-asesinado-por-hamas\/#authorImage","url":"https:\/\/secure.gravatar.com\/avatar\/df2aeffc32bcd13f8d26072ef8a91b623d677766deac7f97ca815868cd41bf5e?s=96&d=mm&r=g","width":96,"height":96,"caption":"NBAsturias"}},{"@type":"WebPage","@id":"https:\/\/eldigitaldeasturias.com\/radio\/the-boy-la-ultima-obra-de-un-director-asesinado-por-hamas\/#webpage","url":"https:\/\/eldigitaldeasturias.com\/radio\/the-boy-la-ultima-obra-de-un-director-asesinado-por-hamas\/","name":"\u00abThe Boy\u00bb, la \u00faltima obra de un director asesinado por Ham\u00e1s | El Digital de Asturias","description":"(dpa) - \"The Boy\", un cortometraje que advierte de la amenaza de la violencia en un kibutz cercano a la frontera israel\u00ed con la Franja de Gaza, ha recogido dos","inLanguage":"es-ES","isPartOf":{"@id":"https:\/\/eldigitaldeasturias.com\/radio\/#website"},"breadcrumb":{"@id":"https:\/\/eldigitaldeasturias.com\/radio\/the-boy-la-ultima-obra-de-un-director-asesinado-por-hamas\/#breadcrumblist"},"author":{"@id":"https:\/\/eldigitaldeasturias.com\/radio\/author\/nbasturias\/#author"},"creator":{"@id":"https:\/\/eldigitaldeasturias.com\/radio\/author\/nbasturias\/#author"},"image":{"@type":"ImageObject","url":"https:\/\/eldigitaldeasturias.com\/radio\/wp-content\/uploads\/2023\/11\/The-Boy.jpg","@id":"https:\/\/eldigitaldeasturias.com\/radio\/the-boy-la-ultima-obra-de-un-director-asesinado-por-hamas\/#mainImage","width":998,"height":666,"caption":"El 7 de octubre, terroristas de Ham\u00e1s irrumpieron en la habitaci\u00f3n familiar del director Yahav Winner en un kibutz cercano a Gaza. Semanas despu\u00e9s, su \u00faltima pel\u00edcula se proyecta en festivales sin \u00e9l. Foto: Filmschoolfest Munich\/Minshar For Art\/dpa"},"primaryImageOfPage":{"@id":"https:\/\/eldigitaldeasturias.com\/radio\/the-boy-la-ultima-obra-de-un-director-asesinado-por-hamas\/#mainImage"},"datePublished":"2023-11-29T20:09:44+01:00","dateModified":"2023-11-29T20:09:44+01:00"},{"@type":"WebSite","@id":"https:\/\/eldigitaldeasturias.com\/radio\/#website","url":"https:\/\/eldigitaldeasturias.com\/radio\/","name":"El Digital de Asturias","description":"Diario de informaci\u00f3n y noticias","inLanguage":"es-ES","publisher":{"@id":"https:\/\/eldigitaldeasturias.com\/radio\/#organization"}}]},"og:locale":"es_ES","og:site_name":"El Digital de Asturias | Diario de informaci\u00f3n y noticias","og:type":"article","og:title":"\u00abThe Boy\u00bb, la \u00faltima obra de un director asesinado por Ham\u00e1s | El Digital de Asturias","og:description":"(dpa) - &quot;The Boy&quot;, un cortometraje que advierte de la amenaza de la violencia en un kibutz cercano a la frontera israel\u00ed con la Franja de Gaza, ha recogido dos","og:url":"https:\/\/eldigitaldeasturias.com\/radio\/the-boy-la-ultima-obra-de-un-director-asesinado-por-hamas\/","og:image":"https:\/\/eldigitaldeasturias.com\/radio\/wp-content\/uploads\/2023\/11\/The-Boy.jpg","og:image:secure_url":"https:\/\/eldigitaldeasturias.com\/radio\/wp-content\/uploads\/2023\/11\/The-Boy.jpg","og:image:width":998,"og:image:height":666,"article:published_time":"2023-11-29T19:09:44+00:00","article:modified_time":"2023-11-29T19:09:44+00:00","twitter:card":"summary_large_image","twitter:site":"@bercodi","twitter:title":"\u00abThe Boy\u00bb, la \u00faltima obra de un director asesinado por Ham\u00e1s | El Digital de Asturias","twitter:description":"(dpa) - &quot;The Boy&quot;, un cortometraje que advierte de la amenaza de la violencia en un kibutz cercano a la frontera israel\u00ed con la Franja de Gaza, ha recogido dos","twitter:creator":"@bercodi","twitter:image":"https:\/\/eldigitaldeasturias.com\/radio\/wp-content\/uploads\/2023\/11\/The-Boy.jpg"},"aioseo_meta_data":{"post_id":"8228","title":null,"description":"(dpa) - \"The Boy\", un cortometraje que advierte de la amenaza de la violencia en un kibutz cercano a la frontera israel\u00ed con la Franja de Gaza, ha recogido dos","keywords":[],"keyphrases":{"focus":{"keyphrase":"The Boy","score":78,"analysis":{"keyphraseInTitle":{"score":9,"maxScore":9,"error":0},"keyphraseInDescription":{"score":9,"maxScore":9,"error":0},"keyphraseLength":{"score":9,"maxScore":9,"error":0,"length":2},"keyphraseInURL":{"score":1,"maxScore":5,"error":1},"keyphraseInIntroduction":{"score":9,"maxScore":9,"error":0},"keyphraseInSubHeadings":[],"keyphraseInImageAlt":{"score":9,"maxScore":9,"error":0},"keywordDensity":{"score":0,"type":"low","maxScore":9,"error":1}}},"additional":[{"keyphrase":"The Boy","score":80,"analysis":{"keyphraseInDescription":{"score":9,"maxScore":9,"error":0},"keyphraseLength":{"score":9,"maxScore":9,"error":0,"length":2},"keyphraseInIntroduction":{"score":9,"maxScore":9,"error":0},"keyphraseInImageAlt":{"score":9,"maxScore":9,"error":0},"keywordDensity":{"score":0,"type":"low","maxScore":9,"error":1}}}]},"primary_term":null,"canonical_url":null,"og_title":null,"og_description":null,"og_object_type":"default","og_image_type":"default","og_image_url":null,"og_image_width":null,"og_image_height":null,"og_image_custom_url":null,"og_image_custom_fields":null,"og_video":"","og_custom_url":null,"og_article_section":null,"og_article_tags":[],"twitter_use_og":false,"twitter_card":"default","twitter_image_type":"default","twitter_image_url":null,"twitter_image_custom_url":null,"twitter_image_custom_fields":null,"twitter_title":null,"twitter_description":null,"schema":{"blockGraphs":[],"customGraphs":[],"default":{"data":{"Article":[],"Course":[],"Dataset":[],"FAQPage":[],"Movie":[],"Person":[],"Product":[],"ProductReview":[],"Car":[],"Recipe":[],"Service":[],"SoftwareApplication":[],"WebPage":[]},"graphName":"NewsArticle","isEnabled":true},"graphs":[]},"schema_type":"default","schema_type_options":null,"pillar_content":false,"robots_default":true,"robots_noindex":false,"robots_noarchive":false,"robots_nosnippet":false,"robots_nofollow":false,"robots_noimageindex":false,"robots_noodp":false,"robots_notranslate":false,"robots_max_snippet":"-1","robots_max_videopreview":"-1","robots_max_imagepreview":"large","priority":null,"frequency":"default","location":null,"local_seo":null,"seo_analyzer_scan_date":"2025-08-28 21:39:24","breadcrumb_settings":null,"limit_modified_date":false,"open_ai":"{\"title\":{\"suggestions\":[],\"usage\":0},\"description\":{\"suggestions\":[],\"usage\":0}}","ai":null,"created":"2023-11-29 19:04:52","updated":"2025-08-28 21:39:24"},"aioseo_breadcrumb":"<div class=\"aioseo-breadcrumbs\"><span class=\"aioseo-breadcrumb\">\n\t<a href=\"https:\/\/eldigitaldeasturias.com\/radio\" title=\"Inicio\">Inicio<\/a>\n<\/span><span class=\"aioseo-breadcrumb-separator\">&ndash;<\/span><span class=\"aioseo-breadcrumb\">\n\t<a href=\"https:\/\/eldigitaldeasturias.com\/radio\/category\/variedades\/\" title=\"Variedades\">Variedades<\/a>\n<\/span><span class=\"aioseo-breadcrumb-separator\">&ndash;<\/span><span class=\"aioseo-breadcrumb\">\n\t\u00abThe Boy\u00bb, la \u00faltima obra de un director asesinado por Ham\u00e1s\n<\/span><\/div>","aioseo_breadcrumb_json":[{"label":"Inicio","link":"https:\/\/eldigitaldeasturias.com\/radio"},{"label":"Variedades","link":"https:\/\/eldigitaldeasturias.com\/radio\/category\/variedades\/"},{"label":"\u00abThe Boy\u00bb, la \u00faltima obra de un director asesinado por Ham\u00e1s","link":"https:\/\/eldigitaldeasturias.com\/radio\/the-boy-la-ultima-obra-de-un-director-asesinado-por-hamas\/"}],"_links":{"self":[{"href":"https:\/\/eldigitaldeasturias.com\/radio\/wp-json\/wp\/v2\/posts\/8228","targetHints":{"allow":["GET"]}}],"collection":[{"href":"https:\/\/eldigitaldeasturias.com\/radio\/wp-json\/wp\/v2\/posts"}],"about":[{"href":"https:\/\/eldigitaldeasturias.com\/radio\/wp-json\/wp\/v2\/types\/post"}],"author":[{"embeddable":true,"href":"https:\/\/eldigitaldeasturias.com\/radio\/wp-json\/wp\/v2\/users\/1"}],"replies":[{"embeddable":true,"href":"https:\/\/eldigitaldeasturias.com\/radio\/wp-json\/wp\/v2\/comments?post=8228"}],"version-history":[{"count":0,"href":"https:\/\/eldigitaldeasturias.com\/radio\/wp-json\/wp\/v2\/posts\/8228\/revisions"}],"wp:featuredmedia":[{"embeddable":true,"href":"https:\/\/eldigitaldeasturias.com\/radio\/wp-json\/wp\/v2\/media\/8229"}],"wp:attachment":[{"href":"https:\/\/eldigitaldeasturias.com\/radio\/wp-json\/wp\/v2\/media?parent=8228"}],"wp:term":[{"taxonomy":"category","embeddable":true,"href":"https:\/\/eldigitaldeasturias.com\/radio\/wp-json\/wp\/v2\/categories?post=8228"},{"taxonomy":"post_tag","embeddable":true,"href":"https:\/\/eldigitaldeasturias.com\/radio\/wp-json\/wp\/v2\/tags?post=8228"}],"curies":[{"name":"wp","href":"https:\/\/api.w.org\/{rel}","templated":true}]}}