{"id":8218,"date":"2023-11-29T04:37:13","date_gmt":"2023-11-29T03:37:13","guid":{"rendered":"https:\/\/eldigitaldeasturias.com\/radio\/?p=8218"},"modified":"2023-11-29T04:37:13","modified_gmt":"2023-11-29T03:37:13","slug":"el-cuadro-de-harry-styles-pintado-por-hockney-se-expone-en-londres","status":"publish","type":"post","link":"https:\/\/eldigitaldeasturias.com\/radio\/el-cuadro-de-harry-styles-pintado-por-hockney-se-expone-en-londres\/","title":{"rendered":"El cuadro de Harry Styles pintado por Hockney se expone en Londres"},"content":{"rendered":"<p>Londres (PA Media\/dpa) &#8211; Un <strong>cuadro de Harry Styles<\/strong> pintado por David Hockney se ha exhibido en la National Portrait Gallery de Londres como parte de una nueva <a href=\"https:\/\/eldigitaldeasturias.com\/radio\/category\/variedades\/\"><span style=\"color: #ff6600;\"><strong>exposici\u00f3n<\/strong><\/span><\/a> dedicada al artista.<\/p>\n<figure id=\"attachment_8219\" aria-describedby=\"caption-attachment-8219\" style=\"width: 650px\" class=\"wp-caption aligncenter\"><img fetchpriority=\"high\" decoding=\"async\" class=\"wp-image-8219 size-large\" src=\"https:\/\/eldigitaldeasturias.com\/radio\/wp-content\/uploads\/2023\/11\/cuadro-650x436.jpg\" alt=\"cuadro\" width=\"650\" height=\"436\" srcset=\"https:\/\/eldigitaldeasturias.com\/radio\/wp-content\/uploads\/2023\/11\/cuadro-650x436.jpg 650w, https:\/\/eldigitaldeasturias.com\/radio\/wp-content\/uploads\/2023\/11\/cuadro-360x242.jpg 360w, https:\/\/eldigitaldeasturias.com\/radio\/wp-content\/uploads\/2023\/11\/cuadro-768x516.jpg 768w, https:\/\/eldigitaldeasturias.com\/radio\/wp-content\/uploads\/2023\/11\/cuadro-150x101.jpg 150w, https:\/\/eldigitaldeasturias.com\/radio\/wp-content\/uploads\/2023\/11\/cuadro-450x302.jpg 450w, https:\/\/eldigitaldeasturias.com\/radio\/wp-content\/uploads\/2023\/11\/cuadro.jpg 995w\" sizes=\"(max-width: 650px) 100vw, 650px\" \/><figcaption id=\"caption-attachment-8219\" class=\"wp-caption-text\">Photo: Jordan Pettitt\/PA Wire\/dpa<\/figcaption><\/figure>\n<p>\u00abDavid Hockney: Drawing From Life\u00bb presenta m\u00e1s de 30 nuevos retratos, que fueron creados en su estudio de arte en Normand\u00eda, Francia, entre 2021 y 2022 y se exhiben por primera vez.<\/p>\n<p>Inaugurada en la galer\u00eda londinense el jueves, la exposici\u00f3n cuenta con unas 160 obras que abarcan seis d\u00e9cadas de la vida del artista.<\/p>\n<p>El cuadro de la estrella del pop Styles representa a la joven de 29 a\u00f1os con un c\u00e1rdigan de rayas naranjas y rojas y unos vaqueros azules combinados con un collar de perlas.<\/p>\n<p>La exposici\u00f3n tambi\u00e9n incluye retratos de la madre de Hockney, la difunta Laura Hockney; su amiga, la dise\u00f1adora de moda Celia Birtwell; su ex pareja, el comisario Gregory Evans; y gente de su comunidad local en Normand\u00eda.<\/p>\n<p>Su autorretrato le muestra sonriendo vestido con un traje azul a cuadros y una gorra blanca.<\/p>\n<p>La exposici\u00f3n se exhibi\u00f3 anteriormente en la National Portrait Gallery durante s\u00f3lo 20 d\u00edas en 2020, antes de que se cerrara debido a la pandemia.<\/p>\n<p>Adem\u00e1s de las 33 obras nuevas, tambi\u00e9n hay dibujos a l\u00e1piz de color creados en Par\u00eds a principios de la d\u00e9cada de 1970 y una selecci\u00f3n de dibujos de la d\u00e9cada de 1980, cuando el artista cre\u00f3 un autorretrato cada d\u00eda durante un periodo de dos meses.<\/p>\n<p>Las obras de la exposici\u00f3n han sido creadas a l\u00e1piz, pastel, tinta y acuarela, y Hockney tambi\u00e9n utiliza una c\u00e1mara de 35 mm y aplicaciones en su iPhone y iPad.<\/p>\n<p>Los nuevos retratos de la pareja del artista, Jean-Pierre Goncalves de Lima, tambi\u00e9n suponen un regreso a la pintura despu\u00e9s de que Hockney utilizara su iPad para capturar el paisaje de Normand\u00eda que rodea su casa.<\/p>\n<p>Las obras de la exposici\u00f3n proceden de colecciones p\u00fablicas y privadas, incluida la Fundaci\u00f3n David Hockney.<\/p>\n<p>\u00abDavid Hockney: Drawing From Life\u00bb permanecer\u00e1 en la National Portrait Gallery del 2 de noviembre al 21 de enero de 2024.<\/p>\n","protected":false},"excerpt":{"rendered":"<p>Londres (PA Media\/dpa) &#8211; Un cuadro de Harry Styles pintado por David Hockney se ha exhibido en la National Portrait Gallery de Londres como parte de una nueva exposici\u00f3n dedicada al artista. \u00abDavid Hockney: Drawing From Life\u00bb presenta m\u00e1s de 30 nuevos retratos, que fueron creados en su estudio de arte en Normand\u00eda, Francia, entre<\/p>\n","protected":false},"author":1,"featured_media":8219,"comment_status":"closed","ping_status":"closed","sticky":false,"template":"","format":"standard","meta":{"footnotes":""},"categories":[28],"tags":[79],"class_list":{"0":"post-8218","1":"post","2":"type-post","3":"status-publish","4":"format-standard","5":"has-post-thumbnail","7":"category-variedades","8":"tag-cultura"},"aioseo_notices":[],"aioseo_head":"\n\t\t<!-- All in One SEO Pro 4.9.6.2 - aioseo.com -->\n\t<meta name=\"description\" content=\"Londres (PA Media\/dpa) - Un cuadro de Harry Styles pintado por David Hockney se ha exhibido en la National Portrait Gallery de Londres como parte\" \/>\n\t<meta name=\"robots\" content=\"max-image-preview:large\" \/>\n\t<meta name=\"author\" content=\"NBAsturias\"\/>\n\t<meta name=\"google-site-verification\" content=\"UA-38556648-1\" \/>\n\t<meta name=\"keywords\" content=\"variedades\" \/>\n\t<link rel=\"canonical\" href=\"https:\/\/eldigitaldeasturias.com\/radio\/el-cuadro-de-harry-styles-pintado-por-hockney-se-expone-en-londres\/\" \/>\n\t<meta name=\"generator\" content=\"All in One SEO Pro (AIOSEO) 4.9.6.2\" \/>\n\t\t<meta property=\"og:locale\" content=\"es_ES\" \/>\n\t\t<meta property=\"og:site_name\" content=\"El Digital de Asturias | Diario de informaci\u00f3n y noticias\" \/>\n\t\t<meta property=\"og:type\" content=\"article\" \/>\n\t\t<meta property=\"og:title\" content=\"El cuadro de Harry Styles pintado por Hockney se expone en Londres | El Digital de Asturias\" \/>\n\t\t<meta property=\"og:description\" content=\"Londres (PA Media\/dpa) - Un cuadro de Harry Styles pintado por David Hockney se ha exhibido en la National Portrait Gallery de Londres como parte\" \/>\n\t\t<meta property=\"og:url\" content=\"https:\/\/eldigitaldeasturias.com\/radio\/el-cuadro-de-harry-styles-pintado-por-hockney-se-expone-en-londres\/\" \/>\n\t\t<meta property=\"og:image\" content=\"https:\/\/eldigitaldeasturias.com\/radio\/wp-content\/uploads\/2023\/11\/cuadro.jpg\" \/>\n\t\t<meta property=\"og:image:secure_url\" content=\"https:\/\/eldigitaldeasturias.com\/radio\/wp-content\/uploads\/2023\/11\/cuadro.jpg\" \/>\n\t\t<meta property=\"og:image:width\" content=\"995\" \/>\n\t\t<meta property=\"og:image:height\" content=\"668\" \/>\n\t\t<meta property=\"article:published_time\" content=\"2023-11-29T03:37:13+00:00\" \/>\n\t\t<meta property=\"article:modified_time\" content=\"2023-11-29T03:37:13+00:00\" \/>\n\t\t<meta name=\"twitter:card\" content=\"summary_large_image\" \/>\n\t\t<meta name=\"twitter:site\" content=\"@bercodi\" \/>\n\t\t<meta name=\"twitter:title\" content=\"El cuadro de Harry Styles pintado por Hockney se expone en Londres | El Digital de Asturias\" \/>\n\t\t<meta name=\"twitter:description\" content=\"Londres (PA Media\/dpa) - Un cuadro de Harry Styles pintado por David Hockney se ha exhibido en la National Portrait Gallery de Londres como parte\" \/>\n\t\t<meta name=\"twitter:creator\" content=\"@bercodi\" \/>\n\t\t<meta name=\"twitter:image\" content=\"https:\/\/eldigitaldeasturias.com\/radio\/wp-content\/uploads\/2023\/11\/cuadro.jpg\" \/>\n\t\t<script type=\"application\/ld+json\" class=\"aioseo-schema\">\n\t\t\t{\"@context\":\"https:\\\/\\\/schema.org\",\"@graph\":[{\"@type\":\"BreadcrumbList\",\"@id\":\"https:\\\/\\\/eldigitaldeasturias.com\\\/radio\\\/el-cuadro-de-harry-styles-pintado-por-hockney-se-expone-en-londres\\\/#breadcrumblist\",\"itemListElement\":[{\"@type\":\"ListItem\",\"@id\":\"https:\\\/\\\/eldigitaldeasturias.com\\\/radio#listItem\",\"position\":1,\"name\":\"Inicio\",\"item\":\"https:\\\/\\\/eldigitaldeasturias.com\\\/radio\",\"nextItem\":{\"@type\":\"ListItem\",\"@id\":\"https:\\\/\\\/eldigitaldeasturias.com\\\/radio\\\/category\\\/variedades\\\/#listItem\",\"name\":\"Variedades\"}},{\"@type\":\"ListItem\",\"@id\":\"https:\\\/\\\/eldigitaldeasturias.com\\\/radio\\\/category\\\/variedades\\\/#listItem\",\"position\":2,\"name\":\"Variedades\",\"item\":\"https:\\\/\\\/eldigitaldeasturias.com\\\/radio\\\/category\\\/variedades\\\/\",\"nextItem\":{\"@type\":\"ListItem\",\"@id\":\"https:\\\/\\\/eldigitaldeasturias.com\\\/radio\\\/el-cuadro-de-harry-styles-pintado-por-hockney-se-expone-en-londres\\\/#listItem\",\"name\":\"El cuadro de Harry Styles pintado por Hockney se expone en Londres\"},\"previousItem\":{\"@type\":\"ListItem\",\"@id\":\"https:\\\/\\\/eldigitaldeasturias.com\\\/radio#listItem\",\"name\":\"Inicio\"}},{\"@type\":\"ListItem\",\"@id\":\"https:\\\/\\\/eldigitaldeasturias.com\\\/radio\\\/el-cuadro-de-harry-styles-pintado-por-hockney-se-expone-en-londres\\\/#listItem\",\"position\":3,\"name\":\"El cuadro de Harry Styles pintado por Hockney se expone en Londres\",\"previousItem\":{\"@type\":\"ListItem\",\"@id\":\"https:\\\/\\\/eldigitaldeasturias.com\\\/radio\\\/category\\\/variedades\\\/#listItem\",\"name\":\"Variedades\"}}]},{\"@type\":\"NewsArticle\",\"@id\":\"https:\\\/\\\/eldigitaldeasturias.com\\\/radio\\\/el-cuadro-de-harry-styles-pintado-por-hockney-se-expone-en-londres\\\/#newsarticle\",\"name\":\"El cuadro de Harry Styles pintado por Hockney se expone en Londres | El Digital de Asturias\",\"headline\":\"El cuadro de Harry Styles pintado por Hockney se expone en Londres\",\"author\":{\"@id\":\"https:\\\/\\\/eldigitaldeasturias.com\\\/radio\\\/author\\\/nbasturias\\\/#author\"},\"publisher\":{\"@id\":\"https:\\\/\\\/eldigitaldeasturias.com\\\/radio\\\/#organization\"},\"image\":{\"@type\":\"ImageObject\",\"url\":\"https:\\\/\\\/eldigitaldeasturias.com\\\/radio\\\/wp-content\\\/uploads\\\/2023\\\/11\\\/cuadro.jpg\",\"width\":995,\"height\":668,\"caption\":\"Photo: Jordan Pettitt\\\/PA Wire\\\/dpa\"},\"datePublished\":\"2023-11-29T04:37:13+01:00\",\"dateModified\":\"2023-11-29T04:37:13+01:00\",\"inLanguage\":\"es-ES\",\"mainEntityOfPage\":{\"@id\":\"https:\\\/\\\/eldigitaldeasturias.com\\\/radio\\\/el-cuadro-de-harry-styles-pintado-por-hockney-se-expone-en-londres\\\/#webpage\"},\"isPartOf\":{\"@id\":\"https:\\\/\\\/eldigitaldeasturias.com\\\/radio\\\/el-cuadro-de-harry-styles-pintado-por-hockney-se-expone-en-londres\\\/#webpage\"},\"articleSection\":\"Variedades, cultura\",\"dateline\":\"Publicado el noviembre 29, 2023.\"},{\"@type\":\"Organization\",\"@id\":\"https:\\\/\\\/eldigitaldeasturias.com\\\/radio\\\/#organization\",\"name\":\"El digital de Asturias Radio\",\"description\":\"Diario de informaci\\u00f3n y noticias\",\"url\":\"https:\\\/\\\/eldigitaldeasturias.com\\\/radio\\\/\",\"telephone\":\"+34652131393\",\"logo\":{\"@type\":\"ImageObject\",\"url\":\"https:\\\/\\\/www.eldigitaldeasturias.com\\\/radio\\\/wp-content\\\/uploads\\\/2021\\\/03\\\/EDA.jpg\",\"@id\":\"https:\\\/\\\/eldigitaldeasturias.com\\\/radio\\\/el-cuadro-de-harry-styles-pintado-por-hockney-se-expone-en-londres\\\/#organizationLogo\"},\"image\":{\"@id\":\"https:\\\/\\\/eldigitaldeasturias.com\\\/radio\\\/el-cuadro-de-harry-styles-pintado-por-hockney-se-expone-en-londres\\\/#organizationLogo\"},\"sameAs\":[\"https:\\\/\\\/www.facebook.com\\\/\",\"https:\\\/\\\/x.com\\\/bercodi\",\"https:\\\/\\\/www.instagram.com\\\/\",\"https:\\\/\\\/www.youtube.com\\\/channel\\\/UCZP-2wLEB9Rv6erhFmqVnvg\"]},{\"@type\":\"Person\",\"@id\":\"https:\\\/\\\/eldigitaldeasturias.com\\\/radio\\\/author\\\/nbasturias\\\/#author\",\"url\":\"https:\\\/\\\/eldigitaldeasturias.com\\\/radio\\\/author\\\/nbasturias\\\/\",\"name\":\"NBAsturias\",\"image\":{\"@type\":\"ImageObject\",\"@id\":\"https:\\\/\\\/eldigitaldeasturias.com\\\/radio\\\/el-cuadro-de-harry-styles-pintado-por-hockney-se-expone-en-londres\\\/#authorImage\",\"url\":\"https:\\\/\\\/secure.gravatar.com\\\/avatar\\\/df2aeffc32bcd13f8d26072ef8a91b623d677766deac7f97ca815868cd41bf5e?s=96&d=mm&r=g\",\"width\":96,\"height\":96,\"caption\":\"NBAsturias\"}},{\"@type\":\"WebPage\",\"@id\":\"https:\\\/\\\/eldigitaldeasturias.com\\\/radio\\\/el-cuadro-de-harry-styles-pintado-por-hockney-se-expone-en-londres\\\/#webpage\",\"url\":\"https:\\\/\\\/eldigitaldeasturias.com\\\/radio\\\/el-cuadro-de-harry-styles-pintado-por-hockney-se-expone-en-londres\\\/\",\"name\":\"El cuadro de Harry Styles pintado por Hockney se expone en Londres | El Digital de Asturias\",\"description\":\"Londres (PA Media\\\/dpa) - Un cuadro de Harry Styles pintado por David Hockney se ha exhibido en la National Portrait Gallery de Londres como parte\",\"inLanguage\":\"es-ES\",\"isPartOf\":{\"@id\":\"https:\\\/\\\/eldigitaldeasturias.com\\\/radio\\\/#website\"},\"breadcrumb\":{\"@id\":\"https:\\\/\\\/eldigitaldeasturias.com\\\/radio\\\/el-cuadro-de-harry-styles-pintado-por-hockney-se-expone-en-londres\\\/#breadcrumblist\"},\"author\":{\"@id\":\"https:\\\/\\\/eldigitaldeasturias.com\\\/radio\\\/author\\\/nbasturias\\\/#author\"},\"creator\":{\"@id\":\"https:\\\/\\\/eldigitaldeasturias.com\\\/radio\\\/author\\\/nbasturias\\\/#author\"},\"image\":{\"@type\":\"ImageObject\",\"url\":\"https:\\\/\\\/eldigitaldeasturias.com\\\/radio\\\/wp-content\\\/uploads\\\/2023\\\/11\\\/cuadro.jpg\",\"@id\":\"https:\\\/\\\/eldigitaldeasturias.com\\\/radio\\\/el-cuadro-de-harry-styles-pintado-por-hockney-se-expone-en-londres\\\/#mainImage\",\"width\":995,\"height\":668,\"caption\":\"Photo: Jordan Pettitt\\\/PA Wire\\\/dpa\"},\"primaryImageOfPage\":{\"@id\":\"https:\\\/\\\/eldigitaldeasturias.com\\\/radio\\\/el-cuadro-de-harry-styles-pintado-por-hockney-se-expone-en-londres\\\/#mainImage\"},\"datePublished\":\"2023-11-29T04:37:13+01:00\",\"dateModified\":\"2023-11-29T04:37:13+01:00\"},{\"@type\":\"WebSite\",\"@id\":\"https:\\\/\\\/eldigitaldeasturias.com\\\/radio\\\/#website\",\"url\":\"https:\\\/\\\/eldigitaldeasturias.com\\\/radio\\\/\",\"name\":\"El Digital de Asturias\",\"description\":\"Diario de informaci\\u00f3n y noticias\",\"inLanguage\":\"es-ES\",\"publisher\":{\"@id\":\"https:\\\/\\\/eldigitaldeasturias.com\\\/radio\\\/#organization\"}}]}\n\t\t<\/script>\n\t\t<!-- All in One SEO Pro -->\r\n\t\t<title>El cuadro de Harry Styles pintado por Hockney se expone en Londres | El Digital de Asturias<\/title>\n\n","aioseo_head_json":{"title":"El cuadro de Harry Styles pintado por Hockney se expone en Londres | El Digital de Asturias","description":"Londres (PA Media\/dpa) - Un cuadro de Harry Styles pintado por David Hockney se ha exhibido en la National Portrait Gallery de Londres como parte","canonical_url":"https:\/\/eldigitaldeasturias.com\/radio\/el-cuadro-de-harry-styles-pintado-por-hockney-se-expone-en-londres\/","robots":"max-image-preview:large","keywords":"variedades","webmasterTools":{"google-site-verification":"UA-38556648-1","miscellaneous":""},"schema":{"@context":"https:\/\/schema.org","@graph":[{"@type":"BreadcrumbList","@id":"https:\/\/eldigitaldeasturias.com\/radio\/el-cuadro-de-harry-styles-pintado-por-hockney-se-expone-en-londres\/#breadcrumblist","itemListElement":[{"@type":"ListItem","@id":"https:\/\/eldigitaldeasturias.com\/radio#listItem","position":1,"name":"Inicio","item":"https:\/\/eldigitaldeasturias.com\/radio","nextItem":{"@type":"ListItem","@id":"https:\/\/eldigitaldeasturias.com\/radio\/category\/variedades\/#listItem","name":"Variedades"}},{"@type":"ListItem","@id":"https:\/\/eldigitaldeasturias.com\/radio\/category\/variedades\/#listItem","position":2,"name":"Variedades","item":"https:\/\/eldigitaldeasturias.com\/radio\/category\/variedades\/","nextItem":{"@type":"ListItem","@id":"https:\/\/eldigitaldeasturias.com\/radio\/el-cuadro-de-harry-styles-pintado-por-hockney-se-expone-en-londres\/#listItem","name":"El cuadro de Harry Styles pintado por Hockney se expone en Londres"},"previousItem":{"@type":"ListItem","@id":"https:\/\/eldigitaldeasturias.com\/radio#listItem","name":"Inicio"}},{"@type":"ListItem","@id":"https:\/\/eldigitaldeasturias.com\/radio\/el-cuadro-de-harry-styles-pintado-por-hockney-se-expone-en-londres\/#listItem","position":3,"name":"El cuadro de Harry Styles pintado por Hockney se expone en Londres","previousItem":{"@type":"ListItem","@id":"https:\/\/eldigitaldeasturias.com\/radio\/category\/variedades\/#listItem","name":"Variedades"}}]},{"@type":"NewsArticle","@id":"https:\/\/eldigitaldeasturias.com\/radio\/el-cuadro-de-harry-styles-pintado-por-hockney-se-expone-en-londres\/#newsarticle","name":"El cuadro de Harry Styles pintado por Hockney se expone en Londres | El Digital de Asturias","headline":"El cuadro de Harry Styles pintado por Hockney se expone en Londres","author":{"@id":"https:\/\/eldigitaldeasturias.com\/radio\/author\/nbasturias\/#author"},"publisher":{"@id":"https:\/\/eldigitaldeasturias.com\/radio\/#organization"},"image":{"@type":"ImageObject","url":"https:\/\/eldigitaldeasturias.com\/radio\/wp-content\/uploads\/2023\/11\/cuadro.jpg","width":995,"height":668,"caption":"Photo: Jordan Pettitt\/PA Wire\/dpa"},"datePublished":"2023-11-29T04:37:13+01:00","dateModified":"2023-11-29T04:37:13+01:00","inLanguage":"es-ES","mainEntityOfPage":{"@id":"https:\/\/eldigitaldeasturias.com\/radio\/el-cuadro-de-harry-styles-pintado-por-hockney-se-expone-en-londres\/#webpage"},"isPartOf":{"@id":"https:\/\/eldigitaldeasturias.com\/radio\/el-cuadro-de-harry-styles-pintado-por-hockney-se-expone-en-londres\/#webpage"},"articleSection":"Variedades, cultura","dateline":"Publicado el noviembre 29, 2023."},{"@type":"Organization","@id":"https:\/\/eldigitaldeasturias.com\/radio\/#organization","name":"El digital de Asturias Radio","description":"Diario de informaci\u00f3n y noticias","url":"https:\/\/eldigitaldeasturias.com\/radio\/","telephone":"+34652131393","logo":{"@type":"ImageObject","url":"https:\/\/www.eldigitaldeasturias.com\/radio\/wp-content\/uploads\/2021\/03\/EDA.jpg","@id":"https:\/\/eldigitaldeasturias.com\/radio\/el-cuadro-de-harry-styles-pintado-por-hockney-se-expone-en-londres\/#organizationLogo"},"image":{"@id":"https:\/\/eldigitaldeasturias.com\/radio\/el-cuadro-de-harry-styles-pintado-por-hockney-se-expone-en-londres\/#organizationLogo"},"sameAs":["https:\/\/www.facebook.com\/","https:\/\/x.com\/bercodi","https:\/\/www.instagram.com\/","https:\/\/www.youtube.com\/channel\/UCZP-2wLEB9Rv6erhFmqVnvg"]},{"@type":"Person","@id":"https:\/\/eldigitaldeasturias.com\/radio\/author\/nbasturias\/#author","url":"https:\/\/eldigitaldeasturias.com\/radio\/author\/nbasturias\/","name":"NBAsturias","image":{"@type":"ImageObject","@id":"https:\/\/eldigitaldeasturias.com\/radio\/el-cuadro-de-harry-styles-pintado-por-hockney-se-expone-en-londres\/#authorImage","url":"https:\/\/secure.gravatar.com\/avatar\/df2aeffc32bcd13f8d26072ef8a91b623d677766deac7f97ca815868cd41bf5e?s=96&d=mm&r=g","width":96,"height":96,"caption":"NBAsturias"}},{"@type":"WebPage","@id":"https:\/\/eldigitaldeasturias.com\/radio\/el-cuadro-de-harry-styles-pintado-por-hockney-se-expone-en-londres\/#webpage","url":"https:\/\/eldigitaldeasturias.com\/radio\/el-cuadro-de-harry-styles-pintado-por-hockney-se-expone-en-londres\/","name":"El cuadro de Harry Styles pintado por Hockney se expone en Londres | El Digital de Asturias","description":"Londres (PA Media\/dpa) - Un cuadro de Harry Styles pintado por David Hockney se ha exhibido en la National Portrait Gallery de Londres como parte","inLanguage":"es-ES","isPartOf":{"@id":"https:\/\/eldigitaldeasturias.com\/radio\/#website"},"breadcrumb":{"@id":"https:\/\/eldigitaldeasturias.com\/radio\/el-cuadro-de-harry-styles-pintado-por-hockney-se-expone-en-londres\/#breadcrumblist"},"author":{"@id":"https:\/\/eldigitaldeasturias.com\/radio\/author\/nbasturias\/#author"},"creator":{"@id":"https:\/\/eldigitaldeasturias.com\/radio\/author\/nbasturias\/#author"},"image":{"@type":"ImageObject","url":"https:\/\/eldigitaldeasturias.com\/radio\/wp-content\/uploads\/2023\/11\/cuadro.jpg","@id":"https:\/\/eldigitaldeasturias.com\/radio\/el-cuadro-de-harry-styles-pintado-por-hockney-se-expone-en-londres\/#mainImage","width":995,"height":668,"caption":"Photo: Jordan Pettitt\/PA Wire\/dpa"},"primaryImageOfPage":{"@id":"https:\/\/eldigitaldeasturias.com\/radio\/el-cuadro-de-harry-styles-pintado-por-hockney-se-expone-en-londres\/#mainImage"},"datePublished":"2023-11-29T04:37:13+01:00","dateModified":"2023-11-29T04:37:13+01:00"},{"@type":"WebSite","@id":"https:\/\/eldigitaldeasturias.com\/radio\/#website","url":"https:\/\/eldigitaldeasturias.com\/radio\/","name":"El Digital de Asturias","description":"Diario de informaci\u00f3n y noticias","inLanguage":"es-ES","publisher":{"@id":"https:\/\/eldigitaldeasturias.com\/radio\/#organization"}}]},"og:locale":"es_ES","og:site_name":"El Digital de Asturias | Diario de informaci\u00f3n y noticias","og:type":"article","og:title":"El cuadro de Harry Styles pintado por Hockney se expone en Londres | El Digital de Asturias","og:description":"Londres (PA Media\/dpa) - Un cuadro de Harry Styles pintado por David Hockney se ha exhibido en la National Portrait Gallery de Londres como parte","og:url":"https:\/\/eldigitaldeasturias.com\/radio\/el-cuadro-de-harry-styles-pintado-por-hockney-se-expone-en-londres\/","og:image":"https:\/\/eldigitaldeasturias.com\/radio\/wp-content\/uploads\/2023\/11\/cuadro.jpg","og:image:secure_url":"https:\/\/eldigitaldeasturias.com\/radio\/wp-content\/uploads\/2023\/11\/cuadro.jpg","og:image:width":995,"og:image:height":668,"article:published_time":"2023-11-29T03:37:13+00:00","article:modified_time":"2023-11-29T03:37:13+00:00","twitter:card":"summary_large_image","twitter:site":"@bercodi","twitter:title":"El cuadro de Harry Styles pintado por Hockney se expone en Londres | El Digital de Asturias","twitter:description":"Londres (PA Media\/dpa) - Un cuadro de Harry Styles pintado por David Hockney se ha exhibido en la National Portrait Gallery de Londres como parte","twitter:creator":"@bercodi","twitter:image":"https:\/\/eldigitaldeasturias.com\/radio\/wp-content\/uploads\/2023\/11\/cuadro.jpg"},"aioseo_meta_data":{"post_id":"8218","title":null,"description":"Londres (PA Media\/dpa) - Un cuadro de Harry Styles pintado por David Hockney se ha exhibido en la National Portrait Gallery de Londres como parte","keywords":[],"keyphrases":{"focus":{"keyphrase":"cuadro","score":93,"analysis":{"keyphraseInTitle":{"score":9,"maxScore":9,"error":0},"keyphraseInDescription":{"score":9,"maxScore":9,"error":0},"keyphraseLength":{"score":9,"maxScore":9,"error":0,"length":1},"keyphraseInURL":{"score":1,"maxScore":5,"error":1},"keyphraseInIntroduction":{"score":9,"maxScore":9,"error":0},"keyphraseInSubHeadings":[],"keyphraseInImageAlt":{"score":9,"maxScore":9,"error":0},"keywordDensity":{"type":"best","score":9,"maxScore":9,"error":0}}},"additional":[{"keyphrase":"cuadro","score":100,"analysis":{"keyphraseInDescription":{"score":9,"maxScore":9,"error":0},"keyphraseLength":{"score":9,"maxScore":9,"error":0,"length":1},"keyphraseInIntroduction":{"score":9,"maxScore":9,"error":0},"keyphraseInImageAlt":{"score":9,"maxScore":9,"error":0},"keywordDensity":{"type":"best","score":9,"maxScore":9,"error":0}}}]},"primary_term":null,"canonical_url":null,"og_title":null,"og_description":null,"og_object_type":"default","og_image_type":"default","og_image_url":null,"og_image_width":null,"og_image_height":null,"og_image_custom_url":null,"og_image_custom_fields":null,"og_video":"","og_custom_url":null,"og_article_section":null,"og_article_tags":[],"twitter_use_og":false,"twitter_card":"default","twitter_image_type":"default","twitter_image_url":null,"twitter_image_custom_url":null,"twitter_image_custom_fields":null,"twitter_title":null,"twitter_description":null,"schema":{"blockGraphs":[],"customGraphs":[],"default":{"data":{"Article":[],"Course":[],"Dataset":[],"FAQPage":[],"Movie":[],"Person":[],"Product":[],"ProductReview":[],"Car":[],"Recipe":[],"Service":[],"SoftwareApplication":[],"WebPage":[]},"graphName":"NewsArticle","isEnabled":true},"graphs":[]},"schema_type":"default","schema_type_options":null,"pillar_content":false,"robots_default":true,"robots_noindex":false,"robots_noarchive":false,"robots_nosnippet":false,"robots_nofollow":false,"robots_noimageindex":false,"robots_noodp":false,"robots_notranslate":false,"robots_max_snippet":"-1","robots_max_videopreview":"-1","robots_max_imagepreview":"large","priority":null,"frequency":"default","location":null,"local_seo":null,"seo_analyzer_scan_date":"2025-08-28 21:37:30","breadcrumb_settings":null,"limit_modified_date":false,"open_ai":"{\"title\":{\"suggestions\":[],\"usage\":0},\"description\":{\"suggestions\":[],\"usage\":0}}","ai":null,"created":"2023-11-29 03:33:00","updated":"2025-08-28 21:37:30"},"aioseo_breadcrumb":"<div class=\"aioseo-breadcrumbs\"><span class=\"aioseo-breadcrumb\">\n\t<a href=\"https:\/\/eldigitaldeasturias.com\/radio\" title=\"Inicio\">Inicio<\/a>\n<\/span><span class=\"aioseo-breadcrumb-separator\">&ndash;<\/span><span class=\"aioseo-breadcrumb\">\n\t<a href=\"https:\/\/eldigitaldeasturias.com\/radio\/category\/variedades\/\" title=\"Variedades\">Variedades<\/a>\n<\/span><span class=\"aioseo-breadcrumb-separator\">&ndash;<\/span><span class=\"aioseo-breadcrumb\">\n\tEl cuadro de Harry Styles pintado por Hockney se expone en Londres\n<\/span><\/div>","aioseo_breadcrumb_json":[{"label":"Inicio","link":"https:\/\/eldigitaldeasturias.com\/radio"},{"label":"Variedades","link":"https:\/\/eldigitaldeasturias.com\/radio\/category\/variedades\/"},{"label":"El cuadro de Harry Styles pintado por Hockney se expone en Londres","link":"https:\/\/eldigitaldeasturias.com\/radio\/el-cuadro-de-harry-styles-pintado-por-hockney-se-expone-en-londres\/"}],"_links":{"self":[{"href":"https:\/\/eldigitaldeasturias.com\/radio\/wp-json\/wp\/v2\/posts\/8218","targetHints":{"allow":["GET"]}}],"collection":[{"href":"https:\/\/eldigitaldeasturias.com\/radio\/wp-json\/wp\/v2\/posts"}],"about":[{"href":"https:\/\/eldigitaldeasturias.com\/radio\/wp-json\/wp\/v2\/types\/post"}],"author":[{"embeddable":true,"href":"https:\/\/eldigitaldeasturias.com\/radio\/wp-json\/wp\/v2\/users\/1"}],"replies":[{"embeddable":true,"href":"https:\/\/eldigitaldeasturias.com\/radio\/wp-json\/wp\/v2\/comments?post=8218"}],"version-history":[{"count":0,"href":"https:\/\/eldigitaldeasturias.com\/radio\/wp-json\/wp\/v2\/posts\/8218\/revisions"}],"wp:featuredmedia":[{"embeddable":true,"href":"https:\/\/eldigitaldeasturias.com\/radio\/wp-json\/wp\/v2\/media\/8219"}],"wp:attachment":[{"href":"https:\/\/eldigitaldeasturias.com\/radio\/wp-json\/wp\/v2\/media?parent=8218"}],"wp:term":[{"taxonomy":"category","embeddable":true,"href":"https:\/\/eldigitaldeasturias.com\/radio\/wp-json\/wp\/v2\/categories?post=8218"},{"taxonomy":"post_tag","embeddable":true,"href":"https:\/\/eldigitaldeasturias.com\/radio\/wp-json\/wp\/v2\/tags?post=8218"}],"curies":[{"name":"wp","href":"https:\/\/api.w.org\/{rel}","templated":true}]}}