{"id":8197,"date":"2023-11-28T03:06:14","date_gmt":"2023-11-28T02:06:14","guid":{"rendered":"https:\/\/eldigitaldeasturias.com\/radio\/?p=8197"},"modified":"2023-11-28T03:06:14","modified_gmt":"2023-11-28T02:06:14","slug":"primera-herramienta-de-reserva-de-vuelos-para-usuarios-de-sillas-de-ruedas","status":"publish","type":"post","link":"https:\/\/eldigitaldeasturias.com\/radio\/primera-herramienta-de-reserva-de-vuelos-para-usuarios-de-sillas-de-ruedas\/","title":{"rendered":"Primera herramienta de reserva de vuelos para usuarios de sillas de ruedas"},"content":{"rendered":"<p>Washington (dpa) &#8211; United Airlines promete facilitar el proceso de reserva a las personas en silla de ruedas con un nuevo filtro \u00abpionero en su clase\u00bb que se integrar\u00e1 en la b\u00fasqueda de vuelos en united.com.<\/p>\n<figure id=\"attachment_8198\" aria-describedby=\"caption-attachment-8198\" style=\"width: 650px\" class=\"wp-caption aligncenter\"><img fetchpriority=\"high\" decoding=\"async\" class=\"wp-image-8198 size-large\" src=\"https:\/\/eldigitaldeasturias.com\/radio\/wp-content\/uploads\/2023\/11\/sillas-de-ruedas-650x463.jpg\" alt=\"sillas de ruedas\" width=\"650\" height=\"463\" srcset=\"https:\/\/eldigitaldeasturias.com\/radio\/wp-content\/uploads\/2023\/11\/sillas-de-ruedas-650x463.jpg 650w, https:\/\/eldigitaldeasturias.com\/radio\/wp-content\/uploads\/2023\/11\/sillas-de-ruedas-360x256.jpg 360w, https:\/\/eldigitaldeasturias.com\/radio\/wp-content\/uploads\/2023\/11\/sillas-de-ruedas-768x547.jpg 768w, https:\/\/eldigitaldeasturias.com\/radio\/wp-content\/uploads\/2023\/11\/sillas-de-ruedas-150x107.jpg 150w, https:\/\/eldigitaldeasturias.com\/radio\/wp-content\/uploads\/2023\/11\/sillas-de-ruedas-450x320.jpg 450w, https:\/\/eldigitaldeasturias.com\/radio\/wp-content\/uploads\/2023\/11\/sillas-de-ruedas.jpg 938w\" sizes=\"(max-width: 650px) 100vw, 650px\" \/><figcaption id=\"caption-attachment-8198\" class=\"wp-caption-text\">Photo: Oliver Berg\/dpa<\/figcaption><\/figure>\n<p>La aerol\u00ednea estadounidense, que llev\u00f3 unas 150.000 sillas de ruedas en vuelos en 2022, promete cubrir los costes adicionales de cualquier cambio de reserva de \u00faltima hora en vuelos m\u00e1s caros con la aerol\u00ednea en caso de problemas.<\/p>\n<p>La herramienta de reserva prevista est\u00e1 dise\u00f1ada para asegurarse de que el avi\u00f3n utilizado en la conexi\u00f3n es adecuado para transportar la silla de ruedas.<\/p>\n<p>Para ello, United solicitar\u00e1 las dimensiones de la silla de ruedas. A continuaci\u00f3n, los resultados de la b\u00fasqueda muestran principalmente los vuelos en los que las escotillas de la bodega de carga son lo suficientemente grandes para acomodar la silla de ruedas, explica la aerol\u00ednea.<\/p>\n<p>El tama\u00f1o de estas puertas var\u00eda de un avi\u00f3n a otro, por lo que algunos aviones son mejores que otros para admitir sillas de ruedas motorizadas de mayor tama\u00f1o.<\/p>\n<p>Si un cliente no puede tomar el <a href=\"https:\/\/eldigitaldeasturias.com\/radio\/category\/live\/\"><span style=\"color: #ff6600;\"><strong>vuelo elegido<\/strong><\/span><\/a> y tiene que tomar un vuelo alternativo m\u00e1s caro con United porque la silla de ruedas no cabe por la escotilla de carga, United cubrir\u00e1 cualquier coste adicional en el futuro, dice la aerol\u00ednea.<\/p>\n<p>La integraci\u00f3n del nuevo filtro en la b\u00fasqueda de vuelos y las nuevas normas de reembolso se pondr\u00e1n en marcha previsiblemente a principios de 2024, dice la aerol\u00ednea.<\/p>\n<p>En general, se aconseja a los viajeros en silla de ruedas que comprueben qu\u00e9 servicios ofrece la aerol\u00ednea para personas con movilidad reducida y que comenten sus propias necesidades antes de reservar.<\/p>\n<p>Las directrices y procedimientos pueden variar seg\u00fan la aerol\u00ednea y el aeropuerto, y la compa\u00f1\u00eda a\u00e9rea debe poder aclarar c\u00f3mo ser\u00e1 la experiencia individual.<\/p>\n<p>En el caso de las sillas de ruedas con bater\u00eda, si tienen bater\u00edas secas con las conexiones de los cables desconectadas, normalmente pueden transportarse. En cambio, los modelos con bater\u00edas h\u00famedas no estancas no suelen poder transportarse.<\/p>\n<p>Al registrar una silla de ruedas el\u00e9ctrica en la compa\u00f1\u00eda de viajes europea Tui, por ejemplo, los pasajeros que vuelen tendr\u00e1n que responder a varias preguntas sobre la bater\u00eda, como la potencia en vatios.<\/p>\n<p>La aerol\u00ednea alemana Lufthansa tambi\u00e9n tiene un formulario bastante extenso para registrar sillas de ruedas el\u00e9ctricas y subraya en una p\u00e1gina web para pasajeros con necesidades de silla de ruedas que los viajeros deben comprobar de antemano si la bater\u00eda puede volar.<\/p>\n<p>A menudo se pueden llevar en cabina dos dispositivos de ayuda a la movilidad, incluidas las sillas de ruedas, siempre que haya espacio suficiente a bordo. De lo contrario, tienen que ir en la bodega. Esto no supone ning\u00fan coste adicional.<\/p>\n<p>Si su propia silla de ruedas va en la bodega, la compa\u00f1\u00eda a\u00e9rea le proporcionar\u00e1 una silla de ruedas especial para el vuelo.<\/p>\n","protected":false},"excerpt":{"rendered":"<p>Washington (dpa) &#8211; United Airlines promete facilitar el proceso de reserva a las personas en silla de ruedas con un nuevo filtro \u00abpionero en su clase\u00bb que se integrar\u00e1 en la b\u00fasqueda de vuelos en united.com. La aerol\u00ednea estadounidense, que llev\u00f3 unas 150.000 sillas de ruedas en vuelos en 2022, promete cubrir los costes adicionales<\/p>\n","protected":false},"author":1,"featured_media":8198,"comment_status":"closed","ping_status":"closed","sticky":false,"template":"","format":"standard","meta":{"footnotes":""},"categories":[38,34],"tags":[9],"class_list":{"0":"post-8197","1":"post","2":"type-post","3":"status-publish","4":"format-standard","5":"has-post-thumbnail","7":"category-live","8":"category-turismo","9":"tag-turismo"},"aioseo_notices":[],"aioseo_head":"\n\t\t<!-- All in One SEO Pro 4.9.6.2 - aioseo.com -->\n\t<meta name=\"description\" content=\"Washington (dpa) - United Airlines promete facilitar el proceso de reserva a las personas en silla de ruedas con un nuevo filtro &quot;pionero en su clase&quot;\" \/>\n\t<meta name=\"robots\" content=\"max-image-preview:large\" \/>\n\t<meta name=\"author\" content=\"NBAsturias\"\/>\n\t<meta name=\"google-site-verification\" content=\"UA-38556648-1\" \/>\n\t<meta name=\"keywords\" content=\"live,turismo\" \/>\n\t<link rel=\"canonical\" href=\"https:\/\/eldigitaldeasturias.com\/radio\/primera-herramienta-de-reserva-de-vuelos-para-usuarios-de-sillas-de-ruedas\/\" \/>\n\t<meta name=\"generator\" content=\"All in One SEO Pro (AIOSEO) 4.9.6.2\" \/>\n\t\t<meta property=\"og:locale\" content=\"es_ES\" \/>\n\t\t<meta property=\"og:site_name\" content=\"El Digital de Asturias | Diario de informaci\u00f3n y noticias\" \/>\n\t\t<meta property=\"og:type\" content=\"article\" \/>\n\t\t<meta property=\"og:title\" content=\"Primera herramienta de reserva de vuelos para usuarios de sillas de ruedas | El Digital de Asturias\" \/>\n\t\t<meta property=\"og:description\" content=\"Washington (dpa) - United Airlines promete facilitar el proceso de reserva a las personas en silla de ruedas con un nuevo filtro &quot;pionero en su clase&quot;\" \/>\n\t\t<meta property=\"og:url\" content=\"https:\/\/eldigitaldeasturias.com\/radio\/primera-herramienta-de-reserva-de-vuelos-para-usuarios-de-sillas-de-ruedas\/\" \/>\n\t\t<meta property=\"og:image\" content=\"https:\/\/eldigitaldeasturias.com\/radio\/wp-content\/uploads\/2023\/11\/sillas-de-ruedas.jpg\" \/>\n\t\t<meta property=\"og:image:secure_url\" content=\"https:\/\/eldigitaldeasturias.com\/radio\/wp-content\/uploads\/2023\/11\/sillas-de-ruedas.jpg\" \/>\n\t\t<meta property=\"og:image:width\" content=\"938\" \/>\n\t\t<meta property=\"og:image:height\" content=\"668\" \/>\n\t\t<meta property=\"article:published_time\" content=\"2023-11-28T02:06:14+00:00\" \/>\n\t\t<meta property=\"article:modified_time\" content=\"2023-11-28T02:06:14+00:00\" \/>\n\t\t<meta name=\"twitter:card\" content=\"summary_large_image\" \/>\n\t\t<meta name=\"twitter:site\" content=\"@bercodi\" \/>\n\t\t<meta name=\"twitter:title\" content=\"Primera herramienta de reserva de vuelos para usuarios de sillas de ruedas | El Digital de Asturias\" \/>\n\t\t<meta name=\"twitter:description\" content=\"Washington (dpa) - United Airlines promete facilitar el proceso de reserva a las personas en silla de ruedas con un nuevo filtro &quot;pionero en su clase&quot;\" \/>\n\t\t<meta name=\"twitter:creator\" content=\"@bercodi\" \/>\n\t\t<meta name=\"twitter:image\" content=\"https:\/\/eldigitaldeasturias.com\/radio\/wp-content\/uploads\/2023\/11\/sillas-de-ruedas.jpg\" \/>\n\t\t<script type=\"application\/ld+json\" class=\"aioseo-schema\">\n\t\t\t{\"@context\":\"https:\\\/\\\/schema.org\",\"@graph\":[{\"@type\":\"BreadcrumbList\",\"@id\":\"https:\\\/\\\/eldigitaldeasturias.com\\\/radio\\\/primera-herramienta-de-reserva-de-vuelos-para-usuarios-de-sillas-de-ruedas\\\/#breadcrumblist\",\"itemListElement\":[{\"@type\":\"ListItem\",\"@id\":\"https:\\\/\\\/eldigitaldeasturias.com\\\/radio#listItem\",\"position\":1,\"name\":\"Inicio\",\"item\":\"https:\\\/\\\/eldigitaldeasturias.com\\\/radio\",\"nextItem\":{\"@type\":\"ListItem\",\"@id\":\"https:\\\/\\\/eldigitaldeasturias.com\\\/radio\\\/category\\\/turismo\\\/#listItem\",\"name\":\"Turismo\"}},{\"@type\":\"ListItem\",\"@id\":\"https:\\\/\\\/eldigitaldeasturias.com\\\/radio\\\/category\\\/turismo\\\/#listItem\",\"position\":2,\"name\":\"Turismo\",\"item\":\"https:\\\/\\\/eldigitaldeasturias.com\\\/radio\\\/category\\\/turismo\\\/\",\"nextItem\":{\"@type\":\"ListItem\",\"@id\":\"https:\\\/\\\/eldigitaldeasturias.com\\\/radio\\\/primera-herramienta-de-reserva-de-vuelos-para-usuarios-de-sillas-de-ruedas\\\/#listItem\",\"name\":\"Primera herramienta de reserva de vuelos para usuarios de sillas de ruedas\"},\"previousItem\":{\"@type\":\"ListItem\",\"@id\":\"https:\\\/\\\/eldigitaldeasturias.com\\\/radio#listItem\",\"name\":\"Inicio\"}},{\"@type\":\"ListItem\",\"@id\":\"https:\\\/\\\/eldigitaldeasturias.com\\\/radio\\\/primera-herramienta-de-reserva-de-vuelos-para-usuarios-de-sillas-de-ruedas\\\/#listItem\",\"position\":3,\"name\":\"Primera herramienta de reserva de vuelos para usuarios de sillas de ruedas\",\"previousItem\":{\"@type\":\"ListItem\",\"@id\":\"https:\\\/\\\/eldigitaldeasturias.com\\\/radio\\\/category\\\/turismo\\\/#listItem\",\"name\":\"Turismo\"}}]},{\"@type\":\"NewsArticle\",\"@id\":\"https:\\\/\\\/eldigitaldeasturias.com\\\/radio\\\/primera-herramienta-de-reserva-de-vuelos-para-usuarios-de-sillas-de-ruedas\\\/#newsarticle\",\"name\":\"Primera herramienta de reserva de vuelos para usuarios de sillas de ruedas | El Digital de Asturias\",\"headline\":\"Primera herramienta de reserva de vuelos para usuarios de sillas de ruedas\",\"author\":{\"@id\":\"https:\\\/\\\/eldigitaldeasturias.com\\\/radio\\\/author\\\/nbasturias\\\/#author\"},\"publisher\":{\"@id\":\"https:\\\/\\\/eldigitaldeasturias.com\\\/radio\\\/#organization\"},\"image\":{\"@type\":\"ImageObject\",\"url\":\"https:\\\/\\\/eldigitaldeasturias.com\\\/radio\\\/wp-content\\\/uploads\\\/2023\\\/11\\\/sillas-de-ruedas.jpg\",\"width\":938,\"height\":668,\"caption\":\"Photo: Oliver Berg\\\/dpa\"},\"datePublished\":\"2023-11-28T03:06:14+01:00\",\"dateModified\":\"2023-11-28T03:06:14+01:00\",\"inLanguage\":\"es-ES\",\"mainEntityOfPage\":{\"@id\":\"https:\\\/\\\/eldigitaldeasturias.com\\\/radio\\\/primera-herramienta-de-reserva-de-vuelos-para-usuarios-de-sillas-de-ruedas\\\/#webpage\"},\"isPartOf\":{\"@id\":\"https:\\\/\\\/eldigitaldeasturias.com\\\/radio\\\/primera-herramienta-de-reserva-de-vuelos-para-usuarios-de-sillas-de-ruedas\\\/#webpage\"},\"articleSection\":\"Live, Turismo, turismo\",\"dateline\":\"Publicado el noviembre 28, 2023.\"},{\"@type\":\"Organization\",\"@id\":\"https:\\\/\\\/eldigitaldeasturias.com\\\/radio\\\/#organization\",\"name\":\"El digital de Asturias Radio\",\"description\":\"Diario de informaci\\u00f3n y noticias\",\"url\":\"https:\\\/\\\/eldigitaldeasturias.com\\\/radio\\\/\",\"telephone\":\"+34652131393\",\"logo\":{\"@type\":\"ImageObject\",\"url\":\"https:\\\/\\\/www.eldigitaldeasturias.com\\\/radio\\\/wp-content\\\/uploads\\\/2021\\\/03\\\/EDA.jpg\",\"@id\":\"https:\\\/\\\/eldigitaldeasturias.com\\\/radio\\\/primera-herramienta-de-reserva-de-vuelos-para-usuarios-de-sillas-de-ruedas\\\/#organizationLogo\"},\"image\":{\"@id\":\"https:\\\/\\\/eldigitaldeasturias.com\\\/radio\\\/primera-herramienta-de-reserva-de-vuelos-para-usuarios-de-sillas-de-ruedas\\\/#organizationLogo\"},\"sameAs\":[\"https:\\\/\\\/www.facebook.com\\\/\",\"https:\\\/\\\/x.com\\\/bercodi\",\"https:\\\/\\\/www.instagram.com\\\/\",\"https:\\\/\\\/www.youtube.com\\\/channel\\\/UCZP-2wLEB9Rv6erhFmqVnvg\"]},{\"@type\":\"Person\",\"@id\":\"https:\\\/\\\/eldigitaldeasturias.com\\\/radio\\\/author\\\/nbasturias\\\/#author\",\"url\":\"https:\\\/\\\/eldigitaldeasturias.com\\\/radio\\\/author\\\/nbasturias\\\/\",\"name\":\"NBAsturias\",\"image\":{\"@type\":\"ImageObject\",\"@id\":\"https:\\\/\\\/eldigitaldeasturias.com\\\/radio\\\/primera-herramienta-de-reserva-de-vuelos-para-usuarios-de-sillas-de-ruedas\\\/#authorImage\",\"url\":\"https:\\\/\\\/secure.gravatar.com\\\/avatar\\\/df2aeffc32bcd13f8d26072ef8a91b623d677766deac7f97ca815868cd41bf5e?s=96&d=mm&r=g\",\"width\":96,\"height\":96,\"caption\":\"NBAsturias\"}},{\"@type\":\"WebPage\",\"@id\":\"https:\\\/\\\/eldigitaldeasturias.com\\\/radio\\\/primera-herramienta-de-reserva-de-vuelos-para-usuarios-de-sillas-de-ruedas\\\/#webpage\",\"url\":\"https:\\\/\\\/eldigitaldeasturias.com\\\/radio\\\/primera-herramienta-de-reserva-de-vuelos-para-usuarios-de-sillas-de-ruedas\\\/\",\"name\":\"Primera herramienta de reserva de vuelos para usuarios de sillas de ruedas | El Digital de Asturias\",\"description\":\"Washington (dpa) - United Airlines promete facilitar el proceso de reserva a las personas en silla de ruedas con un nuevo filtro \\\"pionero en su clase\\\"\",\"inLanguage\":\"es-ES\",\"isPartOf\":{\"@id\":\"https:\\\/\\\/eldigitaldeasturias.com\\\/radio\\\/#website\"},\"breadcrumb\":{\"@id\":\"https:\\\/\\\/eldigitaldeasturias.com\\\/radio\\\/primera-herramienta-de-reserva-de-vuelos-para-usuarios-de-sillas-de-ruedas\\\/#breadcrumblist\"},\"author\":{\"@id\":\"https:\\\/\\\/eldigitaldeasturias.com\\\/radio\\\/author\\\/nbasturias\\\/#author\"},\"creator\":{\"@id\":\"https:\\\/\\\/eldigitaldeasturias.com\\\/radio\\\/author\\\/nbasturias\\\/#author\"},\"image\":{\"@type\":\"ImageObject\",\"url\":\"https:\\\/\\\/eldigitaldeasturias.com\\\/radio\\\/wp-content\\\/uploads\\\/2023\\\/11\\\/sillas-de-ruedas.jpg\",\"@id\":\"https:\\\/\\\/eldigitaldeasturias.com\\\/radio\\\/primera-herramienta-de-reserva-de-vuelos-para-usuarios-de-sillas-de-ruedas\\\/#mainImage\",\"width\":938,\"height\":668,\"caption\":\"Photo: Oliver Berg\\\/dpa\"},\"primaryImageOfPage\":{\"@id\":\"https:\\\/\\\/eldigitaldeasturias.com\\\/radio\\\/primera-herramienta-de-reserva-de-vuelos-para-usuarios-de-sillas-de-ruedas\\\/#mainImage\"},\"datePublished\":\"2023-11-28T03:06:14+01:00\",\"dateModified\":\"2023-11-28T03:06:14+01:00\"},{\"@type\":\"WebSite\",\"@id\":\"https:\\\/\\\/eldigitaldeasturias.com\\\/radio\\\/#website\",\"url\":\"https:\\\/\\\/eldigitaldeasturias.com\\\/radio\\\/\",\"name\":\"El Digital de Asturias\",\"description\":\"Diario de informaci\\u00f3n y noticias\",\"inLanguage\":\"es-ES\",\"publisher\":{\"@id\":\"https:\\\/\\\/eldigitaldeasturias.com\\\/radio\\\/#organization\"}}]}\n\t\t<\/script>\n\t\t<!-- All in One SEO Pro -->\r\n\t\t<title>Primera herramienta de reserva de vuelos para usuarios de sillas de ruedas | El Digital de Asturias<\/title>\n\n","aioseo_head_json":{"title":"Primera herramienta de reserva de vuelos para usuarios de sillas de ruedas | El Digital de Asturias","description":"Washington (dpa) - United Airlines promete facilitar el proceso de reserva a las personas en silla de ruedas con un nuevo filtro \"pionero en su clase\"","canonical_url":"https:\/\/eldigitaldeasturias.com\/radio\/primera-herramienta-de-reserva-de-vuelos-para-usuarios-de-sillas-de-ruedas\/","robots":"max-image-preview:large","keywords":"live,turismo","webmasterTools":{"google-site-verification":"UA-38556648-1","miscellaneous":""},"schema":{"@context":"https:\/\/schema.org","@graph":[{"@type":"BreadcrumbList","@id":"https:\/\/eldigitaldeasturias.com\/radio\/primera-herramienta-de-reserva-de-vuelos-para-usuarios-de-sillas-de-ruedas\/#breadcrumblist","itemListElement":[{"@type":"ListItem","@id":"https:\/\/eldigitaldeasturias.com\/radio#listItem","position":1,"name":"Inicio","item":"https:\/\/eldigitaldeasturias.com\/radio","nextItem":{"@type":"ListItem","@id":"https:\/\/eldigitaldeasturias.com\/radio\/category\/turismo\/#listItem","name":"Turismo"}},{"@type":"ListItem","@id":"https:\/\/eldigitaldeasturias.com\/radio\/category\/turismo\/#listItem","position":2,"name":"Turismo","item":"https:\/\/eldigitaldeasturias.com\/radio\/category\/turismo\/","nextItem":{"@type":"ListItem","@id":"https:\/\/eldigitaldeasturias.com\/radio\/primera-herramienta-de-reserva-de-vuelos-para-usuarios-de-sillas-de-ruedas\/#listItem","name":"Primera herramienta de reserva de vuelos para usuarios de sillas de ruedas"},"previousItem":{"@type":"ListItem","@id":"https:\/\/eldigitaldeasturias.com\/radio#listItem","name":"Inicio"}},{"@type":"ListItem","@id":"https:\/\/eldigitaldeasturias.com\/radio\/primera-herramienta-de-reserva-de-vuelos-para-usuarios-de-sillas-de-ruedas\/#listItem","position":3,"name":"Primera herramienta de reserva de vuelos para usuarios de sillas de ruedas","previousItem":{"@type":"ListItem","@id":"https:\/\/eldigitaldeasturias.com\/radio\/category\/turismo\/#listItem","name":"Turismo"}}]},{"@type":"NewsArticle","@id":"https:\/\/eldigitaldeasturias.com\/radio\/primera-herramienta-de-reserva-de-vuelos-para-usuarios-de-sillas-de-ruedas\/#newsarticle","name":"Primera herramienta de reserva de vuelos para usuarios de sillas de ruedas | El Digital de Asturias","headline":"Primera herramienta de reserva de vuelos para usuarios de sillas de ruedas","author":{"@id":"https:\/\/eldigitaldeasturias.com\/radio\/author\/nbasturias\/#author"},"publisher":{"@id":"https:\/\/eldigitaldeasturias.com\/radio\/#organization"},"image":{"@type":"ImageObject","url":"https:\/\/eldigitaldeasturias.com\/radio\/wp-content\/uploads\/2023\/11\/sillas-de-ruedas.jpg","width":938,"height":668,"caption":"Photo: Oliver Berg\/dpa"},"datePublished":"2023-11-28T03:06:14+01:00","dateModified":"2023-11-28T03:06:14+01:00","inLanguage":"es-ES","mainEntityOfPage":{"@id":"https:\/\/eldigitaldeasturias.com\/radio\/primera-herramienta-de-reserva-de-vuelos-para-usuarios-de-sillas-de-ruedas\/#webpage"},"isPartOf":{"@id":"https:\/\/eldigitaldeasturias.com\/radio\/primera-herramienta-de-reserva-de-vuelos-para-usuarios-de-sillas-de-ruedas\/#webpage"},"articleSection":"Live, Turismo, turismo","dateline":"Publicado el noviembre 28, 2023."},{"@type":"Organization","@id":"https:\/\/eldigitaldeasturias.com\/radio\/#organization","name":"El digital de Asturias Radio","description":"Diario de informaci\u00f3n y noticias","url":"https:\/\/eldigitaldeasturias.com\/radio\/","telephone":"+34652131393","logo":{"@type":"ImageObject","url":"https:\/\/www.eldigitaldeasturias.com\/radio\/wp-content\/uploads\/2021\/03\/EDA.jpg","@id":"https:\/\/eldigitaldeasturias.com\/radio\/primera-herramienta-de-reserva-de-vuelos-para-usuarios-de-sillas-de-ruedas\/#organizationLogo"},"image":{"@id":"https:\/\/eldigitaldeasturias.com\/radio\/primera-herramienta-de-reserva-de-vuelos-para-usuarios-de-sillas-de-ruedas\/#organizationLogo"},"sameAs":["https:\/\/www.facebook.com\/","https:\/\/x.com\/bercodi","https:\/\/www.instagram.com\/","https:\/\/www.youtube.com\/channel\/UCZP-2wLEB9Rv6erhFmqVnvg"]},{"@type":"Person","@id":"https:\/\/eldigitaldeasturias.com\/radio\/author\/nbasturias\/#author","url":"https:\/\/eldigitaldeasturias.com\/radio\/author\/nbasturias\/","name":"NBAsturias","image":{"@type":"ImageObject","@id":"https:\/\/eldigitaldeasturias.com\/radio\/primera-herramienta-de-reserva-de-vuelos-para-usuarios-de-sillas-de-ruedas\/#authorImage","url":"https:\/\/secure.gravatar.com\/avatar\/df2aeffc32bcd13f8d26072ef8a91b623d677766deac7f97ca815868cd41bf5e?s=96&d=mm&r=g","width":96,"height":96,"caption":"NBAsturias"}},{"@type":"WebPage","@id":"https:\/\/eldigitaldeasturias.com\/radio\/primera-herramienta-de-reserva-de-vuelos-para-usuarios-de-sillas-de-ruedas\/#webpage","url":"https:\/\/eldigitaldeasturias.com\/radio\/primera-herramienta-de-reserva-de-vuelos-para-usuarios-de-sillas-de-ruedas\/","name":"Primera herramienta de reserva de vuelos para usuarios de sillas de ruedas | El Digital de Asturias","description":"Washington (dpa) - United Airlines promete facilitar el proceso de reserva a las personas en silla de ruedas con un nuevo filtro \"pionero en su clase\"","inLanguage":"es-ES","isPartOf":{"@id":"https:\/\/eldigitaldeasturias.com\/radio\/#website"},"breadcrumb":{"@id":"https:\/\/eldigitaldeasturias.com\/radio\/primera-herramienta-de-reserva-de-vuelos-para-usuarios-de-sillas-de-ruedas\/#breadcrumblist"},"author":{"@id":"https:\/\/eldigitaldeasturias.com\/radio\/author\/nbasturias\/#author"},"creator":{"@id":"https:\/\/eldigitaldeasturias.com\/radio\/author\/nbasturias\/#author"},"image":{"@type":"ImageObject","url":"https:\/\/eldigitaldeasturias.com\/radio\/wp-content\/uploads\/2023\/11\/sillas-de-ruedas.jpg","@id":"https:\/\/eldigitaldeasturias.com\/radio\/primera-herramienta-de-reserva-de-vuelos-para-usuarios-de-sillas-de-ruedas\/#mainImage","width":938,"height":668,"caption":"Photo: Oliver Berg\/dpa"},"primaryImageOfPage":{"@id":"https:\/\/eldigitaldeasturias.com\/radio\/primera-herramienta-de-reserva-de-vuelos-para-usuarios-de-sillas-de-ruedas\/#mainImage"},"datePublished":"2023-11-28T03:06:14+01:00","dateModified":"2023-11-28T03:06:14+01:00"},{"@type":"WebSite","@id":"https:\/\/eldigitaldeasturias.com\/radio\/#website","url":"https:\/\/eldigitaldeasturias.com\/radio\/","name":"El Digital de Asturias","description":"Diario de informaci\u00f3n y noticias","inLanguage":"es-ES","publisher":{"@id":"https:\/\/eldigitaldeasturias.com\/radio\/#organization"}}]},"og:locale":"es_ES","og:site_name":"El Digital de Asturias | Diario de informaci\u00f3n y noticias","og:type":"article","og:title":"Primera herramienta de reserva de vuelos para usuarios de sillas de ruedas | El Digital de Asturias","og:description":"Washington (dpa) - United Airlines promete facilitar el proceso de reserva a las personas en silla de ruedas con un nuevo filtro &quot;pionero en su clase&quot;","og:url":"https:\/\/eldigitaldeasturias.com\/radio\/primera-herramienta-de-reserva-de-vuelos-para-usuarios-de-sillas-de-ruedas\/","og:image":"https:\/\/eldigitaldeasturias.com\/radio\/wp-content\/uploads\/2023\/11\/sillas-de-ruedas.jpg","og:image:secure_url":"https:\/\/eldigitaldeasturias.com\/radio\/wp-content\/uploads\/2023\/11\/sillas-de-ruedas.jpg","og:image:width":938,"og:image:height":668,"article:published_time":"2023-11-28T02:06:14+00:00","article:modified_time":"2023-11-28T02:06:14+00:00","twitter:card":"summary_large_image","twitter:site":"@bercodi","twitter:title":"Primera herramienta de reserva de vuelos para usuarios de sillas de ruedas | El Digital de Asturias","twitter:description":"Washington (dpa) - United Airlines promete facilitar el proceso de reserva a las personas en silla de ruedas con un nuevo filtro &quot;pionero en su clase&quot;","twitter:creator":"@bercodi","twitter:image":"https:\/\/eldigitaldeasturias.com\/radio\/wp-content\/uploads\/2023\/11\/sillas-de-ruedas.jpg"},"aioseo_meta_data":{"post_id":"8197","title":null,"description":"Washington (dpa) - United Airlines promete facilitar el proceso de reserva a las personas en silla de ruedas con un nuevo filtro \"pionero en su clase\"","keywords":[],"keyphrases":{"focus":{"keyphrase":"ruedas","score":78,"analysis":{"keyphraseInTitle":{"score":9,"maxScore":9,"error":0},"keyphraseInDescription":{"score":9,"maxScore":9,"error":0},"keyphraseLength":{"score":9,"maxScore":9,"error":0,"length":1},"keyphraseInURL":{"score":1,"maxScore":5,"error":1},"keyphraseInIntroduction":{"score":9,"maxScore":9,"error":0},"keyphraseInSubHeadings":[],"keyphraseInImageAlt":{"score":9,"maxScore":9,"error":0},"keywordDensity":{"type":"high","score":0,"maxScore":9,"error":1}}},"additional":[{"keyphrase":"silla de ruedas","score":100,"analysis":{"keyphraseInDescription":{"score":9,"maxScore":9,"error":0},"keyphraseLength":{"score":9,"maxScore":9,"error":0,"length":3},"keyphraseInIntroduction":{"score":9,"maxScore":9,"error":0},"keyphraseInImageAlt":{"score":9,"maxScore":9,"error":0},"keywordDensity":{"type":"best","score":9,"maxScore":9,"error":0}}}]},"primary_term":null,"canonical_url":null,"og_title":null,"og_description":null,"og_object_type":"default","og_image_type":"default","og_image_url":null,"og_image_width":null,"og_image_height":null,"og_image_custom_url":null,"og_image_custom_fields":null,"og_video":"","og_custom_url":null,"og_article_section":null,"og_article_tags":[],"twitter_use_og":false,"twitter_card":"default","twitter_image_type":"default","twitter_image_url":null,"twitter_image_custom_url":null,"twitter_image_custom_fields":null,"twitter_title":null,"twitter_description":null,"schema":{"blockGraphs":[],"customGraphs":[],"default":{"data":{"Article":[],"Course":[],"Dataset":[],"FAQPage":[],"Movie":[],"Person":[],"Product":[],"ProductReview":[],"Car":[],"Recipe":[],"Service":[],"SoftwareApplication":[],"WebPage":[]},"graphName":"NewsArticle","isEnabled":true},"graphs":[]},"schema_type":"default","schema_type_options":null,"pillar_content":false,"robots_default":true,"robots_noindex":false,"robots_noarchive":false,"robots_nosnippet":false,"robots_nofollow":false,"robots_noimageindex":false,"robots_noodp":false,"robots_notranslate":false,"robots_max_snippet":"-1","robots_max_videopreview":"-1","robots_max_imagepreview":"large","priority":null,"frequency":"default","location":null,"local_seo":null,"seo_analyzer_scan_date":"2025-08-28 21:35:36","breadcrumb_settings":null,"limit_modified_date":false,"open_ai":"{\"title\":{\"suggestions\":[],\"usage\":0},\"description\":{\"suggestions\":[],\"usage\":0}}","ai":null,"created":"2023-11-28 01:52:49","updated":"2025-08-28 21:35:36"},"aioseo_breadcrumb":"<div class=\"aioseo-breadcrumbs\"><span class=\"aioseo-breadcrumb\">\n\t<a href=\"https:\/\/eldigitaldeasturias.com\/radio\" title=\"Inicio\">Inicio<\/a>\n<\/span><span class=\"aioseo-breadcrumb-separator\">&ndash;<\/span><span class=\"aioseo-breadcrumb\">\n\t<a href=\"https:\/\/eldigitaldeasturias.com\/radio\/category\/turismo\/\" title=\"Turismo\">Turismo<\/a>\n<\/span><span class=\"aioseo-breadcrumb-separator\">&ndash;<\/span><span class=\"aioseo-breadcrumb\">\n\tPrimera herramienta de reserva de vuelos para usuarios de sillas de ruedas\n<\/span><\/div>","aioseo_breadcrumb_json":[{"label":"Inicio","link":"https:\/\/eldigitaldeasturias.com\/radio"},{"label":"Turismo","link":"https:\/\/eldigitaldeasturias.com\/radio\/category\/turismo\/"},{"label":"Primera herramienta de reserva de vuelos para usuarios de sillas de ruedas","link":"https:\/\/eldigitaldeasturias.com\/radio\/primera-herramienta-de-reserva-de-vuelos-para-usuarios-de-sillas-de-ruedas\/"}],"_links":{"self":[{"href":"https:\/\/eldigitaldeasturias.com\/radio\/wp-json\/wp\/v2\/posts\/8197","targetHints":{"allow":["GET"]}}],"collection":[{"href":"https:\/\/eldigitaldeasturias.com\/radio\/wp-json\/wp\/v2\/posts"}],"about":[{"href":"https:\/\/eldigitaldeasturias.com\/radio\/wp-json\/wp\/v2\/types\/post"}],"author":[{"embeddable":true,"href":"https:\/\/eldigitaldeasturias.com\/radio\/wp-json\/wp\/v2\/users\/1"}],"replies":[{"embeddable":true,"href":"https:\/\/eldigitaldeasturias.com\/radio\/wp-json\/wp\/v2\/comments?post=8197"}],"version-history":[{"count":0,"href":"https:\/\/eldigitaldeasturias.com\/radio\/wp-json\/wp\/v2\/posts\/8197\/revisions"}],"wp:featuredmedia":[{"embeddable":true,"href":"https:\/\/eldigitaldeasturias.com\/radio\/wp-json\/wp\/v2\/media\/8198"}],"wp:attachment":[{"href":"https:\/\/eldigitaldeasturias.com\/radio\/wp-json\/wp\/v2\/media?parent=8197"}],"wp:term":[{"taxonomy":"category","embeddable":true,"href":"https:\/\/eldigitaldeasturias.com\/radio\/wp-json\/wp\/v2\/categories?post=8197"},{"taxonomy":"post_tag","embeddable":true,"href":"https:\/\/eldigitaldeasturias.com\/radio\/wp-json\/wp\/v2\/tags?post=8197"}],"curies":[{"name":"wp","href":"https:\/\/api.w.org\/{rel}","templated":true}]}}