{"id":8171,"date":"2023-11-14T15:18:00","date_gmt":"2023-11-14T14:18:00","guid":{"rendered":"https:\/\/eldigitaldeasturias.com\/radio\/?p=8171"},"modified":"2023-11-14T15:18:00","modified_gmt":"2023-11-14T14:18:00","slug":"el-pensamiento-eclectico","status":"publish","type":"post","link":"https:\/\/eldigitaldeasturias.com\/radio\/el-pensamiento-eclectico\/","title":{"rendered":"El pensamiento ecl\u00e9ctico"},"content":{"rendered":"<p>La b\u00fasqueda constante de respuestas lleva a la sociedad a realizar millones de consultas diarias en la red, y el pensamiento ecl\u00e9ctico es uno de los temas que hoy en d\u00eda son tendencia, quiz\u00e1s motivado por el impacto de <strong>canales de <a href=\"https:\/\/www.youtube.com\/@EclecticosWorldwide\" target=\"_blank\" rel=\"noopener\"><span style=\"color: #ff6600;\">YouTube<\/span><\/a> en los que se ofrece la oportunidad de abrir la mente para conocer diferentes fuentes, opiniones y visiones del mundo en el que vivimos.<\/strong><\/p>\n<p><img fetchpriority=\"high\" decoding=\"async\" class=\"aligncenter wp-image-8172 size-full\" src=\"https:\/\/eldigitaldeasturias.com\/radio\/wp-content\/uploads\/2023\/11\/pensamiento.jpg\" alt=\"pensamiento\" width=\"640\" height=\"427\" srcset=\"https:\/\/eldigitaldeasturias.com\/radio\/wp-content\/uploads\/2023\/11\/pensamiento.jpg 640w, https:\/\/eldigitaldeasturias.com\/radio\/wp-content\/uploads\/2023\/11\/pensamiento-360x240.jpg 360w, https:\/\/eldigitaldeasturias.com\/radio\/wp-content\/uploads\/2023\/11\/pensamiento-150x100.jpg 150w, https:\/\/eldigitaldeasturias.com\/radio\/wp-content\/uploads\/2023\/11\/pensamiento-450x300.jpg 450w\" sizes=\"(max-width: 640px) 100vw, 640px\" \/><\/p>\n<p>El pensamiento ecl\u00e9ctico es un enfoque flexible y de mente abierta que implica la integraci\u00f3n de ideas y conceptos de diversas fuentes y disciplinas. Se caracteriza por la voluntad de considerar m\u00faltiples puntos de vista, desafiar suposiciones y sesgos y aceptar la complejidad y la ambig\u00fcedad.<\/p>\n<h2>Pensadores ecl\u00e9cticos<\/h2>\n<p>Los pensadores ecl\u00e9cticos no est\u00e1n atados a un \u00fanico m\u00e9todo o ideolog\u00eda,<strong> sino que buscan crear una comprensi\u00f3n m\u00e1s hol\u00edstica y matizada del mundo<\/strong>. Por ejemplo, un cient\u00edfico que utiliza el pensamiento ecl\u00e9ctico podr\u00eda aprovechar conocimientos de la psicolog\u00eda, la sociolog\u00eda y la econom\u00eda para comprender mejor los factores sociales y culturales que influyen en los resultados de salud.<\/p>\n<blockquote><p>El pensamiento ecl\u00e9ctico ofrece varias ventajas sobre enfoques m\u00e1s limitados o especializados.<\/p><\/blockquote>\n<p>Al aprovechar una amplia gama de perspectivas y m\u00e9todos,<strong> los pensadores ecl\u00e9cticos pueden generar soluciones m\u00e1s creativas e innovadoras a problemas complejos<\/strong>. Tambi\u00e9n son m\u00e1s capaces de identificar y abordar puntos ciegos y sesgos que de otro modo podr\u00edan pasar desapercibidos. Por ejemplo, un <a href=\"https:\/\/eldigitaldeasturias.com\/radio\/category\/negocios\/\"><span style=\"color: #ff6600;\"><strong>l<span style=\"color: #ff6600;\">\u00edder empresaria<\/span><\/strong>l<\/span><\/a> que utiliza el pensamiento ecl\u00e9ctico podr\u00eda aprovechar conocimientos de la antropolog\u00eda, la psicolog\u00eda y el pensamiento de dise\u00f1o para desarrollar un enfoque m\u00e1s centrado en el usuario y culturalmente sensible para el desarrollo de productos.<\/p>\n<h2>Un nuevo enfoque<\/h2>\n<p><strong>El pensamiento ecl\u00e9ctico es un enfoque cognitivo valioso que puede mejorar la creatividad, la innovaci\u00f3n y la resoluci\u00f3n de problemas.<\/strong> Al aprovechar una amplia gama de perspectivas y m\u00e9todos, los pensadores ecl\u00e9cticos pueden desarrollar una comprensi\u00f3n m\u00e1s integral y matizada de cuestiones complejas. Para<strong> aprovechar plenamente los beneficios del pensamiento ecl\u00e9ctico<\/strong>, las personas deben estar dispuestas a enfrentar sus propios prejuicios y limitaciones y buscar activamente diversas fuentes de informaci\u00f3n y perspectivas.<\/p>\n<p>Con estas habilidades y actitudes, cualquiera puede convertirse en un pensador m\u00e1s eficaz y adaptable.<\/p>\n","protected":false},"excerpt":{"rendered":"<p>La b\u00fasqueda constante de respuestas lleva a la sociedad a realizar millones de consultas diarias en la red, y el pensamiento ecl\u00e9ctico es uno de los temas que hoy en d\u00eda son tendencia, quiz\u00e1s motivado por el impacto de canales de YouTube en los que se ofrece la oportunidad de abrir la mente para conocer<\/p>\n","protected":false},"author":1,"featured_media":8172,"comment_status":"closed","ping_status":"closed","sticky":false,"template":"","format":"standard","meta":{"footnotes":""},"categories":[38],"tags":[45],"class_list":{"0":"post-8171","1":"post","2":"type-post","3":"status-publish","4":"format-standard","5":"has-post-thumbnail","7":"category-live","8":"tag-sociedad"},"aioseo_notices":[],"aioseo_head":"\n\t\t<!-- All in One SEO Pro 4.9.6.2 - aioseo.com -->\n\t<meta name=\"description\" content=\"La b\u00fasqueda constante de respuestas lleva a la sociedad a realizar millones de consultas diarias en la red, y el pensamiento ecl\u00e9ctico es uno de los temas\" \/>\n\t<meta name=\"robots\" content=\"max-image-preview:large\" \/>\n\t<meta name=\"author\" content=\"NBAsturias\"\/>\n\t<meta name=\"google-site-verification\" content=\"UA-38556648-1\" \/>\n\t<meta name=\"keywords\" content=\"live\" \/>\n\t<link rel=\"canonical\" href=\"https:\/\/eldigitaldeasturias.com\/radio\/el-pensamiento-eclectico\/\" \/>\n\t<meta name=\"generator\" content=\"All in One SEO Pro (AIOSEO) 4.9.6.2\" \/>\n\t\t<meta property=\"og:locale\" content=\"es_ES\" \/>\n\t\t<meta property=\"og:site_name\" content=\"El Digital de Asturias | Diario de informaci\u00f3n y noticias\" \/>\n\t\t<meta property=\"og:type\" content=\"article\" \/>\n\t\t<meta property=\"og:title\" content=\"El pensamiento ecl\u00e9ctico | El Digital de Asturias\" \/>\n\t\t<meta property=\"og:description\" content=\"La b\u00fasqueda constante de respuestas lleva a la sociedad a realizar millones de consultas diarias en la red, y el pensamiento ecl\u00e9ctico es uno de los temas\" \/>\n\t\t<meta property=\"og:url\" content=\"https:\/\/eldigitaldeasturias.com\/radio\/el-pensamiento-eclectico\/\" \/>\n\t\t<meta property=\"og:image\" content=\"https:\/\/eldigitaldeasturias.com\/radio\/wp-content\/uploads\/2023\/11\/pensamiento.jpg\" \/>\n\t\t<meta property=\"og:image:secure_url\" content=\"https:\/\/eldigitaldeasturias.com\/radio\/wp-content\/uploads\/2023\/11\/pensamiento.jpg\" \/>\n\t\t<meta property=\"og:image:width\" content=\"640\" \/>\n\t\t<meta property=\"og:image:height\" content=\"427\" \/>\n\t\t<meta property=\"article:published_time\" content=\"2023-11-14T14:18:00+00:00\" \/>\n\t\t<meta property=\"article:modified_time\" content=\"2023-11-14T14:18:00+00:00\" \/>\n\t\t<meta name=\"twitter:card\" content=\"summary_large_image\" \/>\n\t\t<meta name=\"twitter:site\" content=\"@bercodi\" \/>\n\t\t<meta name=\"twitter:title\" content=\"El pensamiento ecl\u00e9ctico | El Digital de Asturias\" \/>\n\t\t<meta name=\"twitter:description\" content=\"La b\u00fasqueda constante de respuestas lleva a la sociedad a realizar millones de consultas diarias en la red, y el pensamiento ecl\u00e9ctico es uno de los temas\" \/>\n\t\t<meta name=\"twitter:creator\" content=\"@bercodi\" \/>\n\t\t<meta name=\"twitter:image\" content=\"https:\/\/eldigitaldeasturias.com\/radio\/wp-content\/uploads\/2023\/11\/pensamiento.jpg\" \/>\n\t\t<script type=\"application\/ld+json\" class=\"aioseo-schema\">\n\t\t\t{\"@context\":\"https:\\\/\\\/schema.org\",\"@graph\":[{\"@type\":\"BreadcrumbList\",\"@id\":\"https:\\\/\\\/eldigitaldeasturias.com\\\/radio\\\/el-pensamiento-eclectico\\\/#breadcrumblist\",\"itemListElement\":[{\"@type\":\"ListItem\",\"@id\":\"https:\\\/\\\/eldigitaldeasturias.com\\\/radio#listItem\",\"position\":1,\"name\":\"Inicio\",\"item\":\"https:\\\/\\\/eldigitaldeasturias.com\\\/radio\",\"nextItem\":{\"@type\":\"ListItem\",\"@id\":\"https:\\\/\\\/eldigitaldeasturias.com\\\/radio\\\/category\\\/live\\\/#listItem\",\"name\":\"Live\"}},{\"@type\":\"ListItem\",\"@id\":\"https:\\\/\\\/eldigitaldeasturias.com\\\/radio\\\/category\\\/live\\\/#listItem\",\"position\":2,\"name\":\"Live\",\"item\":\"https:\\\/\\\/eldigitaldeasturias.com\\\/radio\\\/category\\\/live\\\/\",\"nextItem\":{\"@type\":\"ListItem\",\"@id\":\"https:\\\/\\\/eldigitaldeasturias.com\\\/radio\\\/el-pensamiento-eclectico\\\/#listItem\",\"name\":\"El pensamiento ecl\\u00e9ctico\"},\"previousItem\":{\"@type\":\"ListItem\",\"@id\":\"https:\\\/\\\/eldigitaldeasturias.com\\\/radio#listItem\",\"name\":\"Inicio\"}},{\"@type\":\"ListItem\",\"@id\":\"https:\\\/\\\/eldigitaldeasturias.com\\\/radio\\\/el-pensamiento-eclectico\\\/#listItem\",\"position\":3,\"name\":\"El pensamiento ecl\\u00e9ctico\",\"previousItem\":{\"@type\":\"ListItem\",\"@id\":\"https:\\\/\\\/eldigitaldeasturias.com\\\/radio\\\/category\\\/live\\\/#listItem\",\"name\":\"Live\"}}]},{\"@type\":\"NewsArticle\",\"@id\":\"https:\\\/\\\/eldigitaldeasturias.com\\\/radio\\\/el-pensamiento-eclectico\\\/#newsarticle\",\"name\":\"El pensamiento ecl\\u00e9ctico | El Digital de Asturias\",\"headline\":\"El pensamiento ecl\\u00e9ctico\",\"author\":{\"@id\":\"https:\\\/\\\/eldigitaldeasturias.com\\\/radio\\\/author\\\/nbasturias\\\/#author\"},\"publisher\":{\"@id\":\"https:\\\/\\\/eldigitaldeasturias.com\\\/radio\\\/#organization\"},\"image\":{\"@type\":\"ImageObject\",\"url\":\"https:\\\/\\\/eldigitaldeasturias.com\\\/radio\\\/wp-content\\\/uploads\\\/2023\\\/11\\\/pensamiento.jpg\",\"width\":640,\"height\":427,\"caption\":\"pensamiento\"},\"datePublished\":\"2023-11-14T15:18:00+01:00\",\"dateModified\":\"2023-11-14T15:18:00+01:00\",\"inLanguage\":\"es-ES\",\"mainEntityOfPage\":{\"@id\":\"https:\\\/\\\/eldigitaldeasturias.com\\\/radio\\\/el-pensamiento-eclectico\\\/#webpage\"},\"isPartOf\":{\"@id\":\"https:\\\/\\\/eldigitaldeasturias.com\\\/radio\\\/el-pensamiento-eclectico\\\/#webpage\"},\"articleSection\":\"Live, Sociedad\",\"dateline\":\"Publicado el noviembre 14, 2023.\"},{\"@type\":\"Organization\",\"@id\":\"https:\\\/\\\/eldigitaldeasturias.com\\\/radio\\\/#organization\",\"name\":\"El digital de Asturias Radio\",\"description\":\"Diario de informaci\\u00f3n y noticias\",\"url\":\"https:\\\/\\\/eldigitaldeasturias.com\\\/radio\\\/\",\"telephone\":\"+34652131393\",\"logo\":{\"@type\":\"ImageObject\",\"url\":\"https:\\\/\\\/www.eldigitaldeasturias.com\\\/radio\\\/wp-content\\\/uploads\\\/2021\\\/03\\\/EDA.jpg\",\"@id\":\"https:\\\/\\\/eldigitaldeasturias.com\\\/radio\\\/el-pensamiento-eclectico\\\/#organizationLogo\"},\"image\":{\"@id\":\"https:\\\/\\\/eldigitaldeasturias.com\\\/radio\\\/el-pensamiento-eclectico\\\/#organizationLogo\"},\"sameAs\":[\"https:\\\/\\\/www.facebook.com\\\/\",\"https:\\\/\\\/x.com\\\/bercodi\",\"https:\\\/\\\/www.instagram.com\\\/\",\"https:\\\/\\\/www.youtube.com\\\/channel\\\/UCZP-2wLEB9Rv6erhFmqVnvg\"]},{\"@type\":\"Person\",\"@id\":\"https:\\\/\\\/eldigitaldeasturias.com\\\/radio\\\/author\\\/nbasturias\\\/#author\",\"url\":\"https:\\\/\\\/eldigitaldeasturias.com\\\/radio\\\/author\\\/nbasturias\\\/\",\"name\":\"NBAsturias\",\"image\":{\"@type\":\"ImageObject\",\"@id\":\"https:\\\/\\\/eldigitaldeasturias.com\\\/radio\\\/el-pensamiento-eclectico\\\/#authorImage\",\"url\":\"https:\\\/\\\/secure.gravatar.com\\\/avatar\\\/df2aeffc32bcd13f8d26072ef8a91b623d677766deac7f97ca815868cd41bf5e?s=96&d=mm&r=g\",\"width\":96,\"height\":96,\"caption\":\"NBAsturias\"}},{\"@type\":\"WebPage\",\"@id\":\"https:\\\/\\\/eldigitaldeasturias.com\\\/radio\\\/el-pensamiento-eclectico\\\/#webpage\",\"url\":\"https:\\\/\\\/eldigitaldeasturias.com\\\/radio\\\/el-pensamiento-eclectico\\\/\",\"name\":\"El pensamiento ecl\\u00e9ctico | El Digital de Asturias\",\"description\":\"La b\\u00fasqueda constante de respuestas lleva a la sociedad a realizar millones de consultas diarias en la red, y el pensamiento ecl\\u00e9ctico es uno de los temas\",\"inLanguage\":\"es-ES\",\"isPartOf\":{\"@id\":\"https:\\\/\\\/eldigitaldeasturias.com\\\/radio\\\/#website\"},\"breadcrumb\":{\"@id\":\"https:\\\/\\\/eldigitaldeasturias.com\\\/radio\\\/el-pensamiento-eclectico\\\/#breadcrumblist\"},\"author\":{\"@id\":\"https:\\\/\\\/eldigitaldeasturias.com\\\/radio\\\/author\\\/nbasturias\\\/#author\"},\"creator\":{\"@id\":\"https:\\\/\\\/eldigitaldeasturias.com\\\/radio\\\/author\\\/nbasturias\\\/#author\"},\"image\":{\"@type\":\"ImageObject\",\"url\":\"https:\\\/\\\/eldigitaldeasturias.com\\\/radio\\\/wp-content\\\/uploads\\\/2023\\\/11\\\/pensamiento.jpg\",\"@id\":\"https:\\\/\\\/eldigitaldeasturias.com\\\/radio\\\/el-pensamiento-eclectico\\\/#mainImage\",\"width\":640,\"height\":427,\"caption\":\"pensamiento\"},\"primaryImageOfPage\":{\"@id\":\"https:\\\/\\\/eldigitaldeasturias.com\\\/radio\\\/el-pensamiento-eclectico\\\/#mainImage\"},\"datePublished\":\"2023-11-14T15:18:00+01:00\",\"dateModified\":\"2023-11-14T15:18:00+01:00\"},{\"@type\":\"WebSite\",\"@id\":\"https:\\\/\\\/eldigitaldeasturias.com\\\/radio\\\/#website\",\"url\":\"https:\\\/\\\/eldigitaldeasturias.com\\\/radio\\\/\",\"name\":\"El Digital de Asturias\",\"description\":\"Diario de informaci\\u00f3n y noticias\",\"inLanguage\":\"es-ES\",\"publisher\":{\"@id\":\"https:\\\/\\\/eldigitaldeasturias.com\\\/radio\\\/#organization\"}}]}\n\t\t<\/script>\n\t\t<!-- All in One SEO Pro -->\r\n\t\t<title>El pensamiento ecl\u00e9ctico | El Digital de Asturias<\/title>\n\n","aioseo_head_json":{"title":"El pensamiento ecl\u00e9ctico | El Digital de Asturias","description":"La b\u00fasqueda constante de respuestas lleva a la sociedad a realizar millones de consultas diarias en la red, y el pensamiento ecl\u00e9ctico es uno de los temas","canonical_url":"https:\/\/eldigitaldeasturias.com\/radio\/el-pensamiento-eclectico\/","robots":"max-image-preview:large","keywords":"live","webmasterTools":{"google-site-verification":"UA-38556648-1","miscellaneous":""},"schema":{"@context":"https:\/\/schema.org","@graph":[{"@type":"BreadcrumbList","@id":"https:\/\/eldigitaldeasturias.com\/radio\/el-pensamiento-eclectico\/#breadcrumblist","itemListElement":[{"@type":"ListItem","@id":"https:\/\/eldigitaldeasturias.com\/radio#listItem","position":1,"name":"Inicio","item":"https:\/\/eldigitaldeasturias.com\/radio","nextItem":{"@type":"ListItem","@id":"https:\/\/eldigitaldeasturias.com\/radio\/category\/live\/#listItem","name":"Live"}},{"@type":"ListItem","@id":"https:\/\/eldigitaldeasturias.com\/radio\/category\/live\/#listItem","position":2,"name":"Live","item":"https:\/\/eldigitaldeasturias.com\/radio\/category\/live\/","nextItem":{"@type":"ListItem","@id":"https:\/\/eldigitaldeasturias.com\/radio\/el-pensamiento-eclectico\/#listItem","name":"El pensamiento ecl\u00e9ctico"},"previousItem":{"@type":"ListItem","@id":"https:\/\/eldigitaldeasturias.com\/radio#listItem","name":"Inicio"}},{"@type":"ListItem","@id":"https:\/\/eldigitaldeasturias.com\/radio\/el-pensamiento-eclectico\/#listItem","position":3,"name":"El pensamiento ecl\u00e9ctico","previousItem":{"@type":"ListItem","@id":"https:\/\/eldigitaldeasturias.com\/radio\/category\/live\/#listItem","name":"Live"}}]},{"@type":"NewsArticle","@id":"https:\/\/eldigitaldeasturias.com\/radio\/el-pensamiento-eclectico\/#newsarticle","name":"El pensamiento ecl\u00e9ctico | El Digital de Asturias","headline":"El pensamiento ecl\u00e9ctico","author":{"@id":"https:\/\/eldigitaldeasturias.com\/radio\/author\/nbasturias\/#author"},"publisher":{"@id":"https:\/\/eldigitaldeasturias.com\/radio\/#organization"},"image":{"@type":"ImageObject","url":"https:\/\/eldigitaldeasturias.com\/radio\/wp-content\/uploads\/2023\/11\/pensamiento.jpg","width":640,"height":427,"caption":"pensamiento"},"datePublished":"2023-11-14T15:18:00+01:00","dateModified":"2023-11-14T15:18:00+01:00","inLanguage":"es-ES","mainEntityOfPage":{"@id":"https:\/\/eldigitaldeasturias.com\/radio\/el-pensamiento-eclectico\/#webpage"},"isPartOf":{"@id":"https:\/\/eldigitaldeasturias.com\/radio\/el-pensamiento-eclectico\/#webpage"},"articleSection":"Live, Sociedad","dateline":"Publicado el noviembre 14, 2023."},{"@type":"Organization","@id":"https:\/\/eldigitaldeasturias.com\/radio\/#organization","name":"El digital de Asturias Radio","description":"Diario de informaci\u00f3n y noticias","url":"https:\/\/eldigitaldeasturias.com\/radio\/","telephone":"+34652131393","logo":{"@type":"ImageObject","url":"https:\/\/www.eldigitaldeasturias.com\/radio\/wp-content\/uploads\/2021\/03\/EDA.jpg","@id":"https:\/\/eldigitaldeasturias.com\/radio\/el-pensamiento-eclectico\/#organizationLogo"},"image":{"@id":"https:\/\/eldigitaldeasturias.com\/radio\/el-pensamiento-eclectico\/#organizationLogo"},"sameAs":["https:\/\/www.facebook.com\/","https:\/\/x.com\/bercodi","https:\/\/www.instagram.com\/","https:\/\/www.youtube.com\/channel\/UCZP-2wLEB9Rv6erhFmqVnvg"]},{"@type":"Person","@id":"https:\/\/eldigitaldeasturias.com\/radio\/author\/nbasturias\/#author","url":"https:\/\/eldigitaldeasturias.com\/radio\/author\/nbasturias\/","name":"NBAsturias","image":{"@type":"ImageObject","@id":"https:\/\/eldigitaldeasturias.com\/radio\/el-pensamiento-eclectico\/#authorImage","url":"https:\/\/secure.gravatar.com\/avatar\/df2aeffc32bcd13f8d26072ef8a91b623d677766deac7f97ca815868cd41bf5e?s=96&d=mm&r=g","width":96,"height":96,"caption":"NBAsturias"}},{"@type":"WebPage","@id":"https:\/\/eldigitaldeasturias.com\/radio\/el-pensamiento-eclectico\/#webpage","url":"https:\/\/eldigitaldeasturias.com\/radio\/el-pensamiento-eclectico\/","name":"El pensamiento ecl\u00e9ctico | El Digital de Asturias","description":"La b\u00fasqueda constante de respuestas lleva a la sociedad a realizar millones de consultas diarias en la red, y el pensamiento ecl\u00e9ctico es uno de los temas","inLanguage":"es-ES","isPartOf":{"@id":"https:\/\/eldigitaldeasturias.com\/radio\/#website"},"breadcrumb":{"@id":"https:\/\/eldigitaldeasturias.com\/radio\/el-pensamiento-eclectico\/#breadcrumblist"},"author":{"@id":"https:\/\/eldigitaldeasturias.com\/radio\/author\/nbasturias\/#author"},"creator":{"@id":"https:\/\/eldigitaldeasturias.com\/radio\/author\/nbasturias\/#author"},"image":{"@type":"ImageObject","url":"https:\/\/eldigitaldeasturias.com\/radio\/wp-content\/uploads\/2023\/11\/pensamiento.jpg","@id":"https:\/\/eldigitaldeasturias.com\/radio\/el-pensamiento-eclectico\/#mainImage","width":640,"height":427,"caption":"pensamiento"},"primaryImageOfPage":{"@id":"https:\/\/eldigitaldeasturias.com\/radio\/el-pensamiento-eclectico\/#mainImage"},"datePublished":"2023-11-14T15:18:00+01:00","dateModified":"2023-11-14T15:18:00+01:00"},{"@type":"WebSite","@id":"https:\/\/eldigitaldeasturias.com\/radio\/#website","url":"https:\/\/eldigitaldeasturias.com\/radio\/","name":"El Digital de Asturias","description":"Diario de informaci\u00f3n y noticias","inLanguage":"es-ES","publisher":{"@id":"https:\/\/eldigitaldeasturias.com\/radio\/#organization"}}]},"og:locale":"es_ES","og:site_name":"El Digital de Asturias | Diario de informaci\u00f3n y noticias","og:type":"article","og:title":"El pensamiento ecl\u00e9ctico | El Digital de Asturias","og:description":"La b\u00fasqueda constante de respuestas lleva a la sociedad a realizar millones de consultas diarias en la red, y el pensamiento ecl\u00e9ctico es uno de los temas","og:url":"https:\/\/eldigitaldeasturias.com\/radio\/el-pensamiento-eclectico\/","og:image":"https:\/\/eldigitaldeasturias.com\/radio\/wp-content\/uploads\/2023\/11\/pensamiento.jpg","og:image:secure_url":"https:\/\/eldigitaldeasturias.com\/radio\/wp-content\/uploads\/2023\/11\/pensamiento.jpg","og:image:width":640,"og:image:height":427,"article:published_time":"2023-11-14T14:18:00+00:00","article:modified_time":"2023-11-14T14:18:00+00:00","twitter:card":"summary_large_image","twitter:site":"@bercodi","twitter:title":"El pensamiento ecl\u00e9ctico | El Digital de Asturias","twitter:description":"La b\u00fasqueda constante de respuestas lleva a la sociedad a realizar millones de consultas diarias en la red, y el pensamiento ecl\u00e9ctico es uno de los temas","twitter:creator":"@bercodi","twitter:image":"https:\/\/eldigitaldeasturias.com\/radio\/wp-content\/uploads\/2023\/11\/pensamiento.jpg"},"aioseo_meta_data":{"post_id":"8171","title":null,"description":"La b\u00fasqueda constante de respuestas lleva a la sociedad a realizar millones de consultas diarias en la red, y el pensamiento ecl\u00e9ctico es uno de los temas","keywords":[],"keyphrases":{"focus":{"keyphrase":"pensamiento ","score":85,"analysis":{"keyphraseInTitle":{"score":9,"maxScore":9,"error":0},"keyphraseInDescription":{"score":9,"maxScore":9,"error":0},"keyphraseLength":{"score":9,"maxScore":9,"error":0,"length":1},"keyphraseInURL":{"score":1,"maxScore":5,"error":1},"keyphraseInIntroduction":{"score":9,"maxScore":9,"error":0},"keyphraseInSubHeadings":{"score":3,"maxScore":9,"error":1},"keyphraseInImageAlt":{"score":9,"maxScore":9,"error":0},"keywordDensity":{"type":"best","score":9,"maxScore":9,"error":0}}},"additional":[{"keyphrase":"pensamiento ecl\u00e9ctico","score":100,"analysis":{"keyphraseInDescription":{"score":9,"maxScore":9,"error":0},"keyphraseLength":{"score":9,"maxScore":9,"error":0,"length":3},"keyphraseInIntroduction":{"score":9,"maxScore":9,"error":0},"keyphraseInImageAlt":{"score":9,"maxScore":9,"error":0},"keywordDensity":{"type":"best","score":9,"maxScore":9,"error":0}}}]},"primary_term":null,"canonical_url":null,"og_title":null,"og_description":null,"og_object_type":"default","og_image_type":"default","og_image_url":null,"og_image_width":null,"og_image_height":null,"og_image_custom_url":null,"og_image_custom_fields":null,"og_video":"","og_custom_url":null,"og_article_section":null,"og_article_tags":[],"twitter_use_og":false,"twitter_card":"default","twitter_image_type":"default","twitter_image_url":null,"twitter_image_custom_url":null,"twitter_image_custom_fields":null,"twitter_title":null,"twitter_description":null,"schema":{"blockGraphs":[],"customGraphs":[],"default":{"data":{"Article":[],"Course":[],"Dataset":[],"FAQPage":[],"Movie":[],"Person":[],"Product":[],"ProductReview":[],"Car":[],"Recipe":[],"Service":[],"SoftwareApplication":[],"WebPage":[]},"graphName":"NewsArticle","isEnabled":true},"graphs":[]},"schema_type":"default","schema_type_options":null,"pillar_content":false,"robots_default":true,"robots_noindex":false,"robots_noarchive":false,"robots_nosnippet":false,"robots_nofollow":false,"robots_noimageindex":false,"robots_noodp":false,"robots_notranslate":false,"robots_max_snippet":"-1","robots_max_videopreview":"-1","robots_max_imagepreview":"large","priority":null,"frequency":"default","location":null,"local_seo":null,"seo_analyzer_scan_date":"2025-08-28 21:33:51","breadcrumb_settings":null,"limit_modified_date":false,"open_ai":"{\"title\":{\"suggestions\":[],\"usage\":0},\"description\":{\"suggestions\":[],\"usage\":0}}","ai":null,"created":"2023-11-14 14:08:42","updated":"2025-08-28 21:33:51"},"aioseo_breadcrumb":"<div class=\"aioseo-breadcrumbs\"><span class=\"aioseo-breadcrumb\">\n\t<a href=\"https:\/\/eldigitaldeasturias.com\/radio\" title=\"Inicio\">Inicio<\/a>\n<\/span><span class=\"aioseo-breadcrumb-separator\">&ndash;<\/span><span class=\"aioseo-breadcrumb\">\n\t<a href=\"https:\/\/eldigitaldeasturias.com\/radio\/category\/live\/\" title=\"Live\">Live<\/a>\n<\/span><span class=\"aioseo-breadcrumb-separator\">&ndash;<\/span><span class=\"aioseo-breadcrumb\">\n\tEl pensamiento ecl\u00e9ctico\n<\/span><\/div>","aioseo_breadcrumb_json":[{"label":"Inicio","link":"https:\/\/eldigitaldeasturias.com\/radio"},{"label":"Live","link":"https:\/\/eldigitaldeasturias.com\/radio\/category\/live\/"},{"label":"El pensamiento ecl\u00e9ctico","link":"https:\/\/eldigitaldeasturias.com\/radio\/el-pensamiento-eclectico\/"}],"_links":{"self":[{"href":"https:\/\/eldigitaldeasturias.com\/radio\/wp-json\/wp\/v2\/posts\/8171","targetHints":{"allow":["GET"]}}],"collection":[{"href":"https:\/\/eldigitaldeasturias.com\/radio\/wp-json\/wp\/v2\/posts"}],"about":[{"href":"https:\/\/eldigitaldeasturias.com\/radio\/wp-json\/wp\/v2\/types\/post"}],"author":[{"embeddable":true,"href":"https:\/\/eldigitaldeasturias.com\/radio\/wp-json\/wp\/v2\/users\/1"}],"replies":[{"embeddable":true,"href":"https:\/\/eldigitaldeasturias.com\/radio\/wp-json\/wp\/v2\/comments?post=8171"}],"version-history":[{"count":0,"href":"https:\/\/eldigitaldeasturias.com\/radio\/wp-json\/wp\/v2\/posts\/8171\/revisions"}],"wp:featuredmedia":[{"embeddable":true,"href":"https:\/\/eldigitaldeasturias.com\/radio\/wp-json\/wp\/v2\/media\/8172"}],"wp:attachment":[{"href":"https:\/\/eldigitaldeasturias.com\/radio\/wp-json\/wp\/v2\/media?parent=8171"}],"wp:term":[{"taxonomy":"category","embeddable":true,"href":"https:\/\/eldigitaldeasturias.com\/radio\/wp-json\/wp\/v2\/categories?post=8171"},{"taxonomy":"post_tag","embeddable":true,"href":"https:\/\/eldigitaldeasturias.com\/radio\/wp-json\/wp\/v2\/tags?post=8171"}],"curies":[{"name":"wp","href":"https:\/\/api.w.org\/{rel}","templated":true}]}}