{"id":7888,"date":"2023-07-26T13:29:22","date_gmt":"2023-07-26T11:29:22","guid":{"rendered":"https:\/\/eldigitaldeasturias.com\/radio\/?p=7888"},"modified":"2023-07-26T13:29:32","modified_gmt":"2023-07-26T11:29:32","slug":"como-afecta-la-inflacion-a-las-pequenas-empresas","status":"publish","type":"post","link":"https:\/\/eldigitaldeasturias.com\/radio\/como-afecta-la-inflacion-a-las-pequenas-empresas\/","title":{"rendered":"\u00bfC\u00f3mo afecta la inflaci\u00f3n a las peque\u00f1as empresas?"},"content":{"rendered":"<p>La inflaci\u00f3n es un aumento persistente en el nivel general de <strong>precios de bienes y servicios<\/strong> en una <span style=\"color: #ff6600;\"><a style=\"color: #ff6600;\" href=\"https:\/\/www.eldigitaldeasturias.com\/noticias\/category\/economia\/\" target=\"_blank\" rel=\"noopener\"><strong>econom\u00eda<\/strong><\/a><\/span> durante un per\u00edodo de tiempo. Si bien afecta varios aspectos de la econom\u00eda, su impacto en las peque\u00f1as empresas es particularmente significativo. <strong>Las peque\u00f1as empresas, que a menudo operan con presupuestos ajustados y recursos limitados, son m\u00e1s vulnerables a los efectos de la inflaci\u00f3n en comparaci\u00f3n con las corporaciones m\u00e1s grandes.<\/strong><\/p>\n<p><img fetchpriority=\"high\" decoding=\"async\" class=\"aligncenter wp-image-7889 size-full\" src=\"https:\/\/eldigitaldeasturias.com\/radio\/wp-content\/uploads\/2023\/07\/inflacion.jpg\" alt=\"inflaci\u00f3n\" width=\"640\" height=\"427\" srcset=\"https:\/\/eldigitaldeasturias.com\/radio\/wp-content\/uploads\/2023\/07\/inflacion.jpg 640w, https:\/\/eldigitaldeasturias.com\/radio\/wp-content\/uploads\/2023\/07\/inflacion-360x240.jpg 360w, https:\/\/eldigitaldeasturias.com\/radio\/wp-content\/uploads\/2023\/07\/inflacion-150x100.jpg 150w, https:\/\/eldigitaldeasturias.com\/radio\/wp-content\/uploads\/2023\/07\/inflacion-450x300.jpg 450w\" sizes=\"(max-width: 640px) 100vw, 640px\" \/><\/p>\n<p><strong>Una de las formas principales en que la inflaci\u00f3n afecta a las peque\u00f1as empresas es a trav\u00e9s del aumento del costo de producci\u00f3n. <\/strong><\/p>\n<p>A medida que aumenta el nivel general de precios, las peque\u00f1as empresas enfrentan precios m\u00e1s altos para las materias primas y los insumos. Por ejemplo, el costo del petr\u00f3leo, un insumo clave para muchas industrias, tiende a aumentar durante los per\u00edodos de inflaci\u00f3n. Esto afecta directamente a las peque\u00f1as empresas que dependen del petr\u00f3leo para sus procesos de producci\u00f3n, como el transporte o la fabricaci\u00f3n. <strong>Adem\u00e1s, la inflaci\u00f3n a menudo conduce a sueldos y salarios m\u00e1s altos para los empleados, ya que las personas exigen una compensaci\u00f3n m\u00e1s alta para mantener su poder adquisitivo.<\/strong><\/p>\n<p>Las <a href=\"https:\/\/eldigitaldeasturias.com\/radio\/category\/negocios\/\"><span style=\"color: #ff6600;\"><strong>peque\u00f1as empresas<\/strong><\/span><\/a>, con sus recursos limitados, pueden tener dificultades para cubrir estos mayores costos laborales, lo que puede ejercer presi\u00f3n sobre su rentabilidad. Adem\u00e1s, la inflaci\u00f3n suele ir acompa\u00f1ada de mayores costos de endeudamiento y tasas de inter\u00e9s. A las peque\u00f1as empresas que dependen de pr\u00e9stamos o cr\u00e9ditos para financiar sus operaciones les puede resultar m\u00e1s caro pedir prestado, lo que reduce su capacidad de invertir en el crecimiento o expandir sus operaciones.<\/p>\n<blockquote><p>La inflaci\u00f3n no solo afecta el costo de producci\u00f3n para las peque\u00f1as empresas, sino que tambi\u00e9n tiene un impacto significativo en la demanda de los consumidores y el poder adquisitivo.<\/p><\/blockquote>\n<p>A medida que aumentan los precios, el poder adquisitivo de los consumidores disminuye, ya que sus ingresos no aumentan al mismo ritmo que la inflaci\u00f3n. Esta reducci\u00f3n en el poder adquisitivo conduce a una reducci\u00f3n del gasto de los consumidores, ya que las personas est\u00e1n menos dispuestas o son menos capaces de pagar bienes y servicios. En consecuencia, las peque\u00f1as empresas pueden experimentar una disminuci\u00f3n en las ventas y los ingresos, ya que la demanda de los consumidores se debilita.<\/p>\n<blockquote><p>Adem\u00e1s, la inflaci\u00f3n puede provocar cambios en el comportamiento y las preferencias de los consumidores.<\/p><\/blockquote>\n<p>Los consumidores pueden cambiar sus decisiones de compra hacia alternativas m\u00e1s baratas o retrasar por completo las compras no esenciales. Este cambio en el comportamiento del consumidor puede tener un efecto perjudicial en las peque\u00f1as empresas que dependen del gasto discrecional u ofrecen productos o servicios de mayor precio.<\/p>\n<p><strong>A pesar de los desaf\u00edos que plantea la inflaci\u00f3n, las peque\u00f1as empresas pueden emplear varias estrategias para mitigar su impacto.<\/strong><\/p>\n<p>En primer lugar, la implementaci\u00f3n de medidas de ahorro de costos puede ayudar a las peque\u00f1as empresas a compensar el aumento de los costos de producci\u00f3n. Esto puede incluir encontrar proveedores alternativos o negociar mejores precios para las materias primas, as\u00ed como adoptar pr\u00e1cticas de eficiencia energ\u00e9tica para reducir los gastos de servicios p\u00fablicos.<\/p>\n<p>En segundo lugar, el ajuste de las estrategias de precios puede ayudar a las peque\u00f1as empresas a mantener la competitividad frente al aumento de los costos. Si bien puede ser necesario aumentar los precios para cubrir los costos de producci\u00f3n m\u00e1s altos, las peque\u00f1as empresas deben considerar cuidadosamente el impacto potencial en la demanda de los consumidores. <strong>Ofrecer descuentos o promociones durante per\u00edodos de inflaci\u00f3n tambi\u00e9n puede ayudar a atraer a consumidores conscientes de los precios.<\/strong><\/p>\n<p>Por \u00faltimo, la diversificaci\u00f3n de productos o servicios puede proporcionar a las peque\u00f1as empresas fuentes adicionales de ingresos y reducir la dependencia de industrias o mercados que son m\u00e1s susceptibles a las presiones inflacionarias. Al ampliar sus ofertas, las peque\u00f1as empresas pueden adaptarse a las preferencias cambiantes de los consumidores y mitigar los efectos negativos de la inflaci\u00f3n.<\/p>\n","protected":false},"excerpt":{"rendered":"<p>La inflaci\u00f3n es un aumento persistente en el nivel general de precios de bienes y servicios en una econom\u00eda durante un per\u00edodo de tiempo. Si bien afecta varios aspectos de la econom\u00eda, su impacto en las peque\u00f1as empresas es particularmente significativo. Las peque\u00f1as empresas, que a menudo operan con presupuestos ajustados y recursos limitados, son<\/p>\n","protected":false},"author":1,"featured_media":7889,"comment_status":"closed","ping_status":"closed","sticky":false,"template":"","format":"standard","meta":{"footnotes":""},"categories":[35],"tags":[43],"class_list":{"0":"post-7888","1":"post","2":"type-post","3":"status-publish","4":"format-standard","5":"has-post-thumbnail","7":"category-negocios","8":"tag-empresas"},"aioseo_notices":[],"aioseo_head":"\n\t\t<!-- All in One SEO Pro 4.9.6.2 - aioseo.com -->\n\t<meta name=\"description\" content=\"La inflaci\u00f3n es un aumento persistente en el nivel general de precios de bienes y servicios en una econom\u00eda durante un per\u00edodo de tiempo.\" \/>\n\t<meta name=\"robots\" content=\"max-image-preview:large\" \/>\n\t<meta name=\"author\" content=\"NBAsturias\"\/>\n\t<meta name=\"google-site-verification\" content=\"UA-38556648-1\" \/>\n\t<meta name=\"keywords\" content=\"negocios\" \/>\n\t<link rel=\"canonical\" href=\"https:\/\/eldigitaldeasturias.com\/radio\/como-afecta-la-inflacion-a-las-pequenas-empresas\/\" \/>\n\t<meta name=\"generator\" content=\"All in One SEO Pro (AIOSEO) 4.9.6.2\" \/>\n\t\t<meta property=\"og:locale\" content=\"es_ES\" \/>\n\t\t<meta property=\"og:site_name\" content=\"El Digital de Asturias | Diario de informaci\u00f3n y noticias\" \/>\n\t\t<meta property=\"og:type\" content=\"article\" \/>\n\t\t<meta property=\"og:title\" content=\"\u00bfC\u00f3mo afecta la inflaci\u00f3n a las peque\u00f1as empresas? | El Digital de Asturias\" \/>\n\t\t<meta property=\"og:description\" content=\"La inflaci\u00f3n es un aumento persistente en el nivel general de precios de bienes y servicios en una econom\u00eda durante un per\u00edodo de tiempo.\" \/>\n\t\t<meta property=\"og:url\" content=\"https:\/\/eldigitaldeasturias.com\/radio\/como-afecta-la-inflacion-a-las-pequenas-empresas\/\" \/>\n\t\t<meta property=\"og:image\" content=\"https:\/\/eldigitaldeasturias.com\/radio\/wp-content\/uploads\/2023\/07\/inflacion.jpg\" \/>\n\t\t<meta property=\"og:image:secure_url\" content=\"https:\/\/eldigitaldeasturias.com\/radio\/wp-content\/uploads\/2023\/07\/inflacion.jpg\" \/>\n\t\t<meta property=\"og:image:width\" content=\"640\" \/>\n\t\t<meta property=\"og:image:height\" content=\"427\" \/>\n\t\t<meta property=\"article:published_time\" content=\"2023-07-26T11:29:22+00:00\" \/>\n\t\t<meta property=\"article:modified_time\" content=\"2023-07-26T11:29:32+00:00\" \/>\n\t\t<meta name=\"twitter:card\" content=\"summary_large_image\" \/>\n\t\t<meta name=\"twitter:site\" content=\"@bercodi\" \/>\n\t\t<meta name=\"twitter:title\" content=\"\u00bfC\u00f3mo afecta la inflaci\u00f3n a las peque\u00f1as empresas? | El Digital de Asturias\" \/>\n\t\t<meta name=\"twitter:description\" content=\"La inflaci\u00f3n es un aumento persistente en el nivel general de precios de bienes y servicios en una econom\u00eda durante un per\u00edodo de tiempo.\" \/>\n\t\t<meta name=\"twitter:creator\" content=\"@bercodi\" \/>\n\t\t<meta name=\"twitter:image\" content=\"https:\/\/eldigitaldeasturias.com\/radio\/wp-content\/uploads\/2023\/07\/inflacion.jpg\" \/>\n\t\t<script type=\"application\/ld+json\" class=\"aioseo-schema\">\n\t\t\t{\"@context\":\"https:\\\/\\\/schema.org\",\"@graph\":[{\"@type\":\"BreadcrumbList\",\"@id\":\"https:\\\/\\\/eldigitaldeasturias.com\\\/radio\\\/como-afecta-la-inflacion-a-las-pequenas-empresas\\\/#breadcrumblist\",\"itemListElement\":[{\"@type\":\"ListItem\",\"@id\":\"https:\\\/\\\/eldigitaldeasturias.com\\\/radio#listItem\",\"position\":1,\"name\":\"Inicio\",\"item\":\"https:\\\/\\\/eldigitaldeasturias.com\\\/radio\",\"nextItem\":{\"@type\":\"ListItem\",\"@id\":\"https:\\\/\\\/eldigitaldeasturias.com\\\/radio\\\/category\\\/negocios\\\/#listItem\",\"name\":\"Negocios\"}},{\"@type\":\"ListItem\",\"@id\":\"https:\\\/\\\/eldigitaldeasturias.com\\\/radio\\\/category\\\/negocios\\\/#listItem\",\"position\":2,\"name\":\"Negocios\",\"item\":\"https:\\\/\\\/eldigitaldeasturias.com\\\/radio\\\/category\\\/negocios\\\/\",\"nextItem\":{\"@type\":\"ListItem\",\"@id\":\"https:\\\/\\\/eldigitaldeasturias.com\\\/radio\\\/como-afecta-la-inflacion-a-las-pequenas-empresas\\\/#listItem\",\"name\":\"\\u00bfC\\u00f3mo afecta la inflaci\\u00f3n a las peque\\u00f1as empresas?\"},\"previousItem\":{\"@type\":\"ListItem\",\"@id\":\"https:\\\/\\\/eldigitaldeasturias.com\\\/radio#listItem\",\"name\":\"Inicio\"}},{\"@type\":\"ListItem\",\"@id\":\"https:\\\/\\\/eldigitaldeasturias.com\\\/radio\\\/como-afecta-la-inflacion-a-las-pequenas-empresas\\\/#listItem\",\"position\":3,\"name\":\"\\u00bfC\\u00f3mo afecta la inflaci\\u00f3n a las peque\\u00f1as empresas?\",\"previousItem\":{\"@type\":\"ListItem\",\"@id\":\"https:\\\/\\\/eldigitaldeasturias.com\\\/radio\\\/category\\\/negocios\\\/#listItem\",\"name\":\"Negocios\"}}]},{\"@type\":\"NewsArticle\",\"@id\":\"https:\\\/\\\/eldigitaldeasturias.com\\\/radio\\\/como-afecta-la-inflacion-a-las-pequenas-empresas\\\/#newsarticle\",\"name\":\"\\u00bfC\\u00f3mo afecta la inflaci\\u00f3n a las peque\\u00f1as empresas? | El Digital de Asturias\",\"headline\":\"\\u00bfC\\u00f3mo afecta la inflaci\\u00f3n a las peque\\u00f1as empresas?\",\"author\":{\"@id\":\"https:\\\/\\\/eldigitaldeasturias.com\\\/radio\\\/author\\\/nbasturias\\\/#author\"},\"publisher\":{\"@id\":\"https:\\\/\\\/eldigitaldeasturias.com\\\/radio\\\/#organization\"},\"image\":{\"@type\":\"ImageObject\",\"url\":\"https:\\\/\\\/eldigitaldeasturias.com\\\/radio\\\/wp-content\\\/uploads\\\/2023\\\/07\\\/inflacion.jpg\",\"width\":640,\"height\":427,\"caption\":\"inflaci\\u00f3n\"},\"datePublished\":\"2023-07-26T13:29:22+02:00\",\"dateModified\":\"2023-07-26T13:29:32+02:00\",\"inLanguage\":\"es-ES\",\"mainEntityOfPage\":{\"@id\":\"https:\\\/\\\/eldigitaldeasturias.com\\\/radio\\\/como-afecta-la-inflacion-a-las-pequenas-empresas\\\/#webpage\"},\"isPartOf\":{\"@id\":\"https:\\\/\\\/eldigitaldeasturias.com\\\/radio\\\/como-afecta-la-inflacion-a-las-pequenas-empresas\\\/#webpage\"},\"articleSection\":\"Negocios, empresas\",\"dateline\":\"Publicado el julio 26, 2023.\"},{\"@type\":\"Organization\",\"@id\":\"https:\\\/\\\/eldigitaldeasturias.com\\\/radio\\\/#organization\",\"name\":\"El digital de Asturias Radio\",\"description\":\"Diario de informaci\\u00f3n y noticias\",\"url\":\"https:\\\/\\\/eldigitaldeasturias.com\\\/radio\\\/\",\"telephone\":\"+34652131393\",\"logo\":{\"@type\":\"ImageObject\",\"url\":\"https:\\\/\\\/www.eldigitaldeasturias.com\\\/radio\\\/wp-content\\\/uploads\\\/2021\\\/03\\\/EDA.jpg\",\"@id\":\"https:\\\/\\\/eldigitaldeasturias.com\\\/radio\\\/como-afecta-la-inflacion-a-las-pequenas-empresas\\\/#organizationLogo\"},\"image\":{\"@id\":\"https:\\\/\\\/eldigitaldeasturias.com\\\/radio\\\/como-afecta-la-inflacion-a-las-pequenas-empresas\\\/#organizationLogo\"},\"sameAs\":[\"https:\\\/\\\/www.facebook.com\\\/\",\"https:\\\/\\\/x.com\\\/bercodi\",\"https:\\\/\\\/www.instagram.com\\\/\",\"https:\\\/\\\/www.youtube.com\\\/channel\\\/UCZP-2wLEB9Rv6erhFmqVnvg\"]},{\"@type\":\"Person\",\"@id\":\"https:\\\/\\\/eldigitaldeasturias.com\\\/radio\\\/author\\\/nbasturias\\\/#author\",\"url\":\"https:\\\/\\\/eldigitaldeasturias.com\\\/radio\\\/author\\\/nbasturias\\\/\",\"name\":\"NBAsturias\",\"image\":{\"@type\":\"ImageObject\",\"@id\":\"https:\\\/\\\/eldigitaldeasturias.com\\\/radio\\\/como-afecta-la-inflacion-a-las-pequenas-empresas\\\/#authorImage\",\"url\":\"https:\\\/\\\/secure.gravatar.com\\\/avatar\\\/df2aeffc32bcd13f8d26072ef8a91b623d677766deac7f97ca815868cd41bf5e?s=96&d=mm&r=g\",\"width\":96,\"height\":96,\"caption\":\"NBAsturias\"}},{\"@type\":\"WebPage\",\"@id\":\"https:\\\/\\\/eldigitaldeasturias.com\\\/radio\\\/como-afecta-la-inflacion-a-las-pequenas-empresas\\\/#webpage\",\"url\":\"https:\\\/\\\/eldigitaldeasturias.com\\\/radio\\\/como-afecta-la-inflacion-a-las-pequenas-empresas\\\/\",\"name\":\"\\u00bfC\\u00f3mo afecta la inflaci\\u00f3n a las peque\\u00f1as empresas? | El Digital de Asturias\",\"description\":\"La inflaci\\u00f3n es un aumento persistente en el nivel general de precios de bienes y servicios en una econom\\u00eda durante un per\\u00edodo de tiempo.\",\"inLanguage\":\"es-ES\",\"isPartOf\":{\"@id\":\"https:\\\/\\\/eldigitaldeasturias.com\\\/radio\\\/#website\"},\"breadcrumb\":{\"@id\":\"https:\\\/\\\/eldigitaldeasturias.com\\\/radio\\\/como-afecta-la-inflacion-a-las-pequenas-empresas\\\/#breadcrumblist\"},\"author\":{\"@id\":\"https:\\\/\\\/eldigitaldeasturias.com\\\/radio\\\/author\\\/nbasturias\\\/#author\"},\"creator\":{\"@id\":\"https:\\\/\\\/eldigitaldeasturias.com\\\/radio\\\/author\\\/nbasturias\\\/#author\"},\"image\":{\"@type\":\"ImageObject\",\"url\":\"https:\\\/\\\/eldigitaldeasturias.com\\\/radio\\\/wp-content\\\/uploads\\\/2023\\\/07\\\/inflacion.jpg\",\"@id\":\"https:\\\/\\\/eldigitaldeasturias.com\\\/radio\\\/como-afecta-la-inflacion-a-las-pequenas-empresas\\\/#mainImage\",\"width\":640,\"height\":427,\"caption\":\"inflaci\\u00f3n\"},\"primaryImageOfPage\":{\"@id\":\"https:\\\/\\\/eldigitaldeasturias.com\\\/radio\\\/como-afecta-la-inflacion-a-las-pequenas-empresas\\\/#mainImage\"},\"datePublished\":\"2023-07-26T13:29:22+02:00\",\"dateModified\":\"2023-07-26T13:29:32+02:00\"},{\"@type\":\"WebSite\",\"@id\":\"https:\\\/\\\/eldigitaldeasturias.com\\\/radio\\\/#website\",\"url\":\"https:\\\/\\\/eldigitaldeasturias.com\\\/radio\\\/\",\"name\":\"El Digital de Asturias\",\"description\":\"Diario de informaci\\u00f3n y noticias\",\"inLanguage\":\"es-ES\",\"publisher\":{\"@id\":\"https:\\\/\\\/eldigitaldeasturias.com\\\/radio\\\/#organization\"}}]}\n\t\t<\/script>\n\t\t<!-- All in One SEO Pro -->\r\n\t\t<title>\u00bfC\u00f3mo afecta la inflaci\u00f3n a las peque\u00f1as empresas? | El Digital de Asturias<\/title>\n\n","aioseo_head_json":{"title":"\u00bfC\u00f3mo afecta la inflaci\u00f3n a las peque\u00f1as empresas? | El Digital de Asturias","description":"La inflaci\u00f3n es un aumento persistente en el nivel general de precios de bienes y servicios en una econom\u00eda durante un per\u00edodo de tiempo.","canonical_url":"https:\/\/eldigitaldeasturias.com\/radio\/como-afecta-la-inflacion-a-las-pequenas-empresas\/","robots":"max-image-preview:large","keywords":"negocios","webmasterTools":{"google-site-verification":"UA-38556648-1","miscellaneous":""},"schema":{"@context":"https:\/\/schema.org","@graph":[{"@type":"BreadcrumbList","@id":"https:\/\/eldigitaldeasturias.com\/radio\/como-afecta-la-inflacion-a-las-pequenas-empresas\/#breadcrumblist","itemListElement":[{"@type":"ListItem","@id":"https:\/\/eldigitaldeasturias.com\/radio#listItem","position":1,"name":"Inicio","item":"https:\/\/eldigitaldeasturias.com\/radio","nextItem":{"@type":"ListItem","@id":"https:\/\/eldigitaldeasturias.com\/radio\/category\/negocios\/#listItem","name":"Negocios"}},{"@type":"ListItem","@id":"https:\/\/eldigitaldeasturias.com\/radio\/category\/negocios\/#listItem","position":2,"name":"Negocios","item":"https:\/\/eldigitaldeasturias.com\/radio\/category\/negocios\/","nextItem":{"@type":"ListItem","@id":"https:\/\/eldigitaldeasturias.com\/radio\/como-afecta-la-inflacion-a-las-pequenas-empresas\/#listItem","name":"\u00bfC\u00f3mo afecta la inflaci\u00f3n a las peque\u00f1as empresas?"},"previousItem":{"@type":"ListItem","@id":"https:\/\/eldigitaldeasturias.com\/radio#listItem","name":"Inicio"}},{"@type":"ListItem","@id":"https:\/\/eldigitaldeasturias.com\/radio\/como-afecta-la-inflacion-a-las-pequenas-empresas\/#listItem","position":3,"name":"\u00bfC\u00f3mo afecta la inflaci\u00f3n a las peque\u00f1as empresas?","previousItem":{"@type":"ListItem","@id":"https:\/\/eldigitaldeasturias.com\/radio\/category\/negocios\/#listItem","name":"Negocios"}}]},{"@type":"NewsArticle","@id":"https:\/\/eldigitaldeasturias.com\/radio\/como-afecta-la-inflacion-a-las-pequenas-empresas\/#newsarticle","name":"\u00bfC\u00f3mo afecta la inflaci\u00f3n a las peque\u00f1as empresas? | El Digital de Asturias","headline":"\u00bfC\u00f3mo afecta la inflaci\u00f3n a las peque\u00f1as empresas?","author":{"@id":"https:\/\/eldigitaldeasturias.com\/radio\/author\/nbasturias\/#author"},"publisher":{"@id":"https:\/\/eldigitaldeasturias.com\/radio\/#organization"},"image":{"@type":"ImageObject","url":"https:\/\/eldigitaldeasturias.com\/radio\/wp-content\/uploads\/2023\/07\/inflacion.jpg","width":640,"height":427,"caption":"inflaci\u00f3n"},"datePublished":"2023-07-26T13:29:22+02:00","dateModified":"2023-07-26T13:29:32+02:00","inLanguage":"es-ES","mainEntityOfPage":{"@id":"https:\/\/eldigitaldeasturias.com\/radio\/como-afecta-la-inflacion-a-las-pequenas-empresas\/#webpage"},"isPartOf":{"@id":"https:\/\/eldigitaldeasturias.com\/radio\/como-afecta-la-inflacion-a-las-pequenas-empresas\/#webpage"},"articleSection":"Negocios, empresas","dateline":"Publicado el julio 26, 2023."},{"@type":"Organization","@id":"https:\/\/eldigitaldeasturias.com\/radio\/#organization","name":"El digital de Asturias Radio","description":"Diario de informaci\u00f3n y noticias","url":"https:\/\/eldigitaldeasturias.com\/radio\/","telephone":"+34652131393","logo":{"@type":"ImageObject","url":"https:\/\/www.eldigitaldeasturias.com\/radio\/wp-content\/uploads\/2021\/03\/EDA.jpg","@id":"https:\/\/eldigitaldeasturias.com\/radio\/como-afecta-la-inflacion-a-las-pequenas-empresas\/#organizationLogo"},"image":{"@id":"https:\/\/eldigitaldeasturias.com\/radio\/como-afecta-la-inflacion-a-las-pequenas-empresas\/#organizationLogo"},"sameAs":["https:\/\/www.facebook.com\/","https:\/\/x.com\/bercodi","https:\/\/www.instagram.com\/","https:\/\/www.youtube.com\/channel\/UCZP-2wLEB9Rv6erhFmqVnvg"]},{"@type":"Person","@id":"https:\/\/eldigitaldeasturias.com\/radio\/author\/nbasturias\/#author","url":"https:\/\/eldigitaldeasturias.com\/radio\/author\/nbasturias\/","name":"NBAsturias","image":{"@type":"ImageObject","@id":"https:\/\/eldigitaldeasturias.com\/radio\/como-afecta-la-inflacion-a-las-pequenas-empresas\/#authorImage","url":"https:\/\/secure.gravatar.com\/avatar\/df2aeffc32bcd13f8d26072ef8a91b623d677766deac7f97ca815868cd41bf5e?s=96&d=mm&r=g","width":96,"height":96,"caption":"NBAsturias"}},{"@type":"WebPage","@id":"https:\/\/eldigitaldeasturias.com\/radio\/como-afecta-la-inflacion-a-las-pequenas-empresas\/#webpage","url":"https:\/\/eldigitaldeasturias.com\/radio\/como-afecta-la-inflacion-a-las-pequenas-empresas\/","name":"\u00bfC\u00f3mo afecta la inflaci\u00f3n a las peque\u00f1as empresas? | El Digital de Asturias","description":"La inflaci\u00f3n es un aumento persistente en el nivel general de precios de bienes y servicios en una econom\u00eda durante un per\u00edodo de tiempo.","inLanguage":"es-ES","isPartOf":{"@id":"https:\/\/eldigitaldeasturias.com\/radio\/#website"},"breadcrumb":{"@id":"https:\/\/eldigitaldeasturias.com\/radio\/como-afecta-la-inflacion-a-las-pequenas-empresas\/#breadcrumblist"},"author":{"@id":"https:\/\/eldigitaldeasturias.com\/radio\/author\/nbasturias\/#author"},"creator":{"@id":"https:\/\/eldigitaldeasturias.com\/radio\/author\/nbasturias\/#author"},"image":{"@type":"ImageObject","url":"https:\/\/eldigitaldeasturias.com\/radio\/wp-content\/uploads\/2023\/07\/inflacion.jpg","@id":"https:\/\/eldigitaldeasturias.com\/radio\/como-afecta-la-inflacion-a-las-pequenas-empresas\/#mainImage","width":640,"height":427,"caption":"inflaci\u00f3n"},"primaryImageOfPage":{"@id":"https:\/\/eldigitaldeasturias.com\/radio\/como-afecta-la-inflacion-a-las-pequenas-empresas\/#mainImage"},"datePublished":"2023-07-26T13:29:22+02:00","dateModified":"2023-07-26T13:29:32+02:00"},{"@type":"WebSite","@id":"https:\/\/eldigitaldeasturias.com\/radio\/#website","url":"https:\/\/eldigitaldeasturias.com\/radio\/","name":"El Digital de Asturias","description":"Diario de informaci\u00f3n y noticias","inLanguage":"es-ES","publisher":{"@id":"https:\/\/eldigitaldeasturias.com\/radio\/#organization"}}]},"og:locale":"es_ES","og:site_name":"El Digital de Asturias | Diario de informaci\u00f3n y noticias","og:type":"article","og:title":"\u00bfC\u00f3mo afecta la inflaci\u00f3n a las peque\u00f1as empresas? | El Digital de Asturias","og:description":"La inflaci\u00f3n es un aumento persistente en el nivel general de precios de bienes y servicios en una econom\u00eda durante un per\u00edodo de tiempo.","og:url":"https:\/\/eldigitaldeasturias.com\/radio\/como-afecta-la-inflacion-a-las-pequenas-empresas\/","og:image":"https:\/\/eldigitaldeasturias.com\/radio\/wp-content\/uploads\/2023\/07\/inflacion.jpg","og:image:secure_url":"https:\/\/eldigitaldeasturias.com\/radio\/wp-content\/uploads\/2023\/07\/inflacion.jpg","og:image:width":640,"og:image:height":427,"article:published_time":"2023-07-26T11:29:22+00:00","article:modified_time":"2023-07-26T11:29:32+00:00","twitter:card":"summary_large_image","twitter:site":"@bercodi","twitter:title":"\u00bfC\u00f3mo afecta la inflaci\u00f3n a las peque\u00f1as empresas? | El Digital de Asturias","twitter:description":"La inflaci\u00f3n es un aumento persistente en el nivel general de precios de bienes y servicios en una econom\u00eda durante un per\u00edodo de tiempo.","twitter:creator":"@bercodi","twitter:image":"https:\/\/eldigitaldeasturias.com\/radio\/wp-content\/uploads\/2023\/07\/inflacion.jpg"},"aioseo_meta_data":{"post_id":"7888","title":null,"description":"La inflaci\u00f3n es un aumento persistente en el nivel general de precios de bienes y servicios en una econom\u00eda durante un per\u00edodo de tiempo.","keywords":[],"keyphrases":{"focus":{"keyphrase":"inflaci\u00f3n","score":100,"analysis":{"keyphraseInTitle":{"score":9,"maxScore":9,"error":0},"keyphraseInDescription":{"score":9,"maxScore":9,"error":0},"keyphraseLength":{"score":9,"maxScore":9,"error":0,"length":1},"keyphraseInURL":{"score":5,"maxScore":5,"error":0},"keyphraseInIntroduction":{"score":9,"maxScore":9,"error":0},"keyphraseInSubHeadings":[],"keyphraseInImageAlt":{"score":9,"maxScore":9,"error":0}}},"additional":[{"keyphrase":"La inflaci\u00f3n","score":100,"analysis":{"keyphraseInDescription":{"score":9,"maxScore":9,"error":0},"keyphraseLength":{"score":9,"maxScore":9,"error":0,"length":2},"keyphraseInIntroduction":{"score":9,"maxScore":9,"error":0},"keyphraseInImageAlt":{"score":9,"maxScore":9,"error":0}}},{"keyphrase":"inflaci\u00f3n","score":100,"analysis":{"keyphraseInDescription":{"score":9,"maxScore":9,"error":0},"keyphraseLength":{"score":9,"maxScore":9,"error":0,"length":1},"keyphraseInIntroduction":{"score":9,"maxScore":9,"error":0},"keyphraseInImageAlt":{"score":9,"maxScore":9,"error":0}}}]},"primary_term":null,"canonical_url":null,"og_title":null,"og_description":null,"og_object_type":"default","og_image_type":"default","og_image_url":null,"og_image_width":null,"og_image_height":null,"og_image_custom_url":null,"og_image_custom_fields":null,"og_video":"","og_custom_url":null,"og_article_section":null,"og_article_tags":[],"twitter_use_og":false,"twitter_card":"default","twitter_image_type":"default","twitter_image_url":null,"twitter_image_custom_url":null,"twitter_image_custom_fields":null,"twitter_title":null,"twitter_description":null,"schema":{"blockGraphs":[],"customGraphs":[],"default":{"data":{"Article":[],"Course":[],"Dataset":[],"FAQPage":[],"Movie":[],"Person":[],"Product":[],"ProductReview":[],"Car":[],"Recipe":[],"Service":[],"SoftwareApplication":[],"WebPage":[]},"graphName":"NewsArticle","isEnabled":true},"graphs":[]},"schema_type":"default","schema_type_options":null,"pillar_content":false,"robots_default":true,"robots_noindex":false,"robots_noarchive":false,"robots_nosnippet":false,"robots_nofollow":false,"robots_noimageindex":false,"robots_noodp":false,"robots_notranslate":false,"robots_max_snippet":"-1","robots_max_videopreview":"-1","robots_max_imagepreview":"large","priority":null,"frequency":"default","location":null,"local_seo":null,"seo_analyzer_scan_date":"2025-08-28 21:17:28","breadcrumb_settings":null,"limit_modified_date":false,"open_ai":"{\"title\":{\"suggestions\":[],\"usage\":0},\"description\":{\"suggestions\":[],\"usage\":0}}","ai":null,"created":"2023-07-26 11:23:34","updated":"2025-08-28 21:17:28"},"aioseo_breadcrumb":"<div class=\"aioseo-breadcrumbs\"><span class=\"aioseo-breadcrumb\">\n\t<a href=\"https:\/\/eldigitaldeasturias.com\/radio\" title=\"Inicio\">Inicio<\/a>\n<\/span><span class=\"aioseo-breadcrumb-separator\">&ndash;<\/span><span class=\"aioseo-breadcrumb\">\n\t<a href=\"https:\/\/eldigitaldeasturias.com\/radio\/category\/negocios\/\" title=\"Negocios\">Negocios<\/a>\n<\/span><span class=\"aioseo-breadcrumb-separator\">&ndash;<\/span><span class=\"aioseo-breadcrumb\">\n\t\u00bfC\u00f3mo afecta la inflaci\u00f3n a las peque\u00f1as empresas?\n<\/span><\/div>","aioseo_breadcrumb_json":[{"label":"Inicio","link":"https:\/\/eldigitaldeasturias.com\/radio"},{"label":"Negocios","link":"https:\/\/eldigitaldeasturias.com\/radio\/category\/negocios\/"},{"label":"\u00bfC\u00f3mo afecta la inflaci\u00f3n a las peque\u00f1as empresas?","link":"https:\/\/eldigitaldeasturias.com\/radio\/como-afecta-la-inflacion-a-las-pequenas-empresas\/"}],"_links":{"self":[{"href":"https:\/\/eldigitaldeasturias.com\/radio\/wp-json\/wp\/v2\/posts\/7888","targetHints":{"allow":["GET"]}}],"collection":[{"href":"https:\/\/eldigitaldeasturias.com\/radio\/wp-json\/wp\/v2\/posts"}],"about":[{"href":"https:\/\/eldigitaldeasturias.com\/radio\/wp-json\/wp\/v2\/types\/post"}],"author":[{"embeddable":true,"href":"https:\/\/eldigitaldeasturias.com\/radio\/wp-json\/wp\/v2\/users\/1"}],"replies":[{"embeddable":true,"href":"https:\/\/eldigitaldeasturias.com\/radio\/wp-json\/wp\/v2\/comments?post=7888"}],"version-history":[{"count":0,"href":"https:\/\/eldigitaldeasturias.com\/radio\/wp-json\/wp\/v2\/posts\/7888\/revisions"}],"wp:featuredmedia":[{"embeddable":true,"href":"https:\/\/eldigitaldeasturias.com\/radio\/wp-json\/wp\/v2\/media\/7889"}],"wp:attachment":[{"href":"https:\/\/eldigitaldeasturias.com\/radio\/wp-json\/wp\/v2\/media?parent=7888"}],"wp:term":[{"taxonomy":"category","embeddable":true,"href":"https:\/\/eldigitaldeasturias.com\/radio\/wp-json\/wp\/v2\/categories?post=7888"},{"taxonomy":"post_tag","embeddable":true,"href":"https:\/\/eldigitaldeasturias.com\/radio\/wp-json\/wp\/v2\/tags?post=7888"}],"curies":[{"name":"wp","href":"https:\/\/api.w.org\/{rel}","templated":true}]}}