{"id":7866,"date":"2023-07-25T21:50:00","date_gmt":"2023-07-25T19:50:00","guid":{"rendered":"https:\/\/eldigitaldeasturias.com\/radio\/?p=7866"},"modified":"2023-07-25T21:50:13","modified_gmt":"2023-07-25T19:50:13","slug":"las-canciones-del-verano","status":"publish","type":"post","link":"https:\/\/eldigitaldeasturias.com\/radio\/las-canciones-del-verano\/","title":{"rendered":"Las canciones del verano"},"content":{"rendered":"<p>Las canciones del verano forman parte de la banda sonora de nuestra vida, con ellas hemos disfrutado de vacaciones, la gente se ha enamorado y bailado y hasta los m\u00e1s reacios han bailado esos temas pegadizos creados para una \u00e9poca en la que tanto las fiestas como los encuentros con amigos son parte del verano.<\/p>\n<p><img fetchpriority=\"high\" decoding=\"async\" class=\"aligncenter wp-image-7867 size-full\" src=\"https:\/\/eldigitaldeasturias.com\/radio\/wp-content\/uploads\/2023\/07\/canciones-del-verano.jpg\" alt=\"canciones del verano\" width=\"640\" height=\"427\" srcset=\"https:\/\/eldigitaldeasturias.com\/radio\/wp-content\/uploads\/2023\/07\/canciones-del-verano.jpg 640w, https:\/\/eldigitaldeasturias.com\/radio\/wp-content\/uploads\/2023\/07\/canciones-del-verano-360x240.jpg 360w, https:\/\/eldigitaldeasturias.com\/radio\/wp-content\/uploads\/2023\/07\/canciones-del-verano-150x100.jpg 150w, https:\/\/eldigitaldeasturias.com\/radio\/wp-content\/uploads\/2023\/07\/canciones-del-verano-450x300.jpg 450w\" sizes=\"(max-width: 640px) 100vw, 640px\" \/><\/p>\n<p>Verbenas, fiestas populares, discotecas o <a href=\"https:\/\/eldigitaldeasturias.com\/radio\/directo\/\"><span style=\"color: #ff6600;\"><strong>la radio<\/strong><\/span><\/a> han hecho que muchos artistas sean recordados a\u00f1os despu\u00e9s como los creadores de recuerdos de los veranos vividos.<\/p>\n<h2>El poder de la m\u00fasica<\/h2>\n<p>La m\u00fasica tiene el poder de transportarnos a diferentes tiempos y lugares, evocando emociones y recuerdos como ninguna otra forma de arte. Y cuando se trata de la temporada de verano, ciertas canciones tienen una capacidad \u00fanica para capturar su esencia y convertirse en la banda sonora de nuestros momentos m\u00e1s c\u00e1lidos y despreocupados.<\/p>\n<p>La importancia cultural de las canciones de verano no se puede subestimar. Estas canciones no solo reflejan el esp\u00edritu y la vibra de la temporada, sino que tambi\u00e9n se convierten en himnos de experiencias y momentos memorables. Piense en las canciones que sonaban de fondo durante los viajes por carretera, las fiestas en la playa o las barbacoas en el patio trasero.<\/p>\n<blockquote><p>Crean una sensaci\u00f3n de nostalgia, record\u00e1ndonos los d\u00edas sin preocupaciones y las noches c\u00e1lidas que pasamos con amigos y seres queridos.<\/p><\/blockquote>\n<p>Las canciones de verano dan forma a la cultura popular e influyen en la moda, las tendencias y las actividades durante la temporada.<strong> Por ejemplo, una canci\u00f3n de verano pegadiza puede inspirar una nueva moda de baile o una tendencia de moda espec\u00edfica<\/strong>, como las <a href=\"https:\/\/eldigitaldeasturias.com\/magazine365\/category\/moda\/\" target=\"_blank\" rel=\"noopener\"><span style=\"color: #ff6600;\"><strong>camisas hawaianas<\/strong><\/span><\/a> que popularizaron los Beach Boys en la d\u00e9cada de 1960. Estas canciones tienen el poder de unir a las personas y crear una experiencia compartida que trasciende el tiempo y el lugar.<\/p>\n<p><strong>Cuando pensamos en canciones de verano, nos vienen a la mente ciertos temas y caracter\u00edsticas.<\/strong><\/p>\n<p>Estas canciones a menudo se caracterizan por melod\u00edas alegres y en\u00e9rgicas que evocan sentimientos de alegr\u00eda y emoci\u00f3n. Tienen el poder de hacernos querer bailar, cantar y soltarnos. <strong>Las letras de las canciones de verano celebran la libertad, la juventud, el amor y la aventura.<\/strong> Capturan la esencia del esp\u00edritu despreocupado y amante de la diversi\u00f3n que est\u00e1 tan estrechamente asociado con la temporada de verano. Adem\u00e1s, las canciones de verano suelen incorporar instrumentos o sonidos espec\u00edficos asociados con el verano, como guitarras playeras o ritmos tropicales. <strong>Estos elementos musicales ayudan a crear un sonido distintivo que nos transporta instant\u00e1neamente a una playa soleada o a una animada fiesta junto a la piscina.<\/strong><\/p>\n<p>La evoluci\u00f3n de las canciones de verano a lo largo de la historia es un viaje fascinante. A principios del siglo XX, con el auge de la m\u00fasica popular, las canciones de verano comenzaron a surgir como un g\u00e9nero diferenciado. Diferentes d\u00e9cadas han visto el surgimiento de varios g\u00e9neros y estilos de canciones de verano.<\/p>\n<p><strong>Por ejemplo, las d\u00e9cadas de 1950 y 1960 se caracterizaron por el sonido surf rock popularizado por artistas como los Beach Boys y Jan and Dean<\/strong>. En la d\u00e9cada de 1980, el auge de MTV y los videos musicales aport\u00f3 un nuevo elemento visual a las canciones de verano, con artistas como Madonna y Prince dominando las listas. Los avances tecnol\u00f3gicos, como la radio y las plataformas de transmisi\u00f3n, tambi\u00e9n han jugado un papel importante en la popularidad y accesibilidad de las canciones de verano.<\/p>\n<p>Hoy, <strong>podemos crear f\u00e1cilmente nuestras propias listas de reproducci\u00f3n de verano y compartirlas con amigos de todo el mundo<\/strong>, solidificando a\u00fan m\u00e1s el significado cultural de estas canciones.<\/p>\n<p><strong>Las canciones de verano ocupan un lugar especial en nuestros corazones y tienen un profundo impacto en nuestro paisaje cultural.<\/strong> Capturan la esencia de la temporada, brind\u00e1ndonos una banda sonora que acompa\u00f1a nuestros recuerdos m\u00e1s preciados. Desde su significado cultural hasta sus temas y caracter\u00edsticas, las canciones de verano contin\u00faan dando forma a la cultura popular y uniendo a las personas.<\/p>\n","protected":false},"excerpt":{"rendered":"<p>Las canciones del verano forman parte de la banda sonora de nuestra vida, con ellas hemos disfrutado de vacaciones, la gente se ha enamorado y bailado y hasta los m\u00e1s reacios han bailado esos temas pegadizos creados para una \u00e9poca en la que tanto las fiestas como los encuentros con amigos son parte del verano.<\/p>\n","protected":false},"author":1,"featured_media":7867,"comment_status":"closed","ping_status":"closed","sticky":false,"template":"","format":"standard","meta":{"footnotes":""},"categories":[38,36],"tags":[89],"class_list":{"0":"post-7866","1":"post","2":"type-post","3":"status-publish","4":"format-standard","5":"has-post-thumbnail","7":"category-live","8":"category-titulares","9":"tag-musica"},"aioseo_notices":[],"aioseo_head":"\n\t\t<!-- All in One SEO Pro 4.9.6.2 - aioseo.com -->\n\t<meta name=\"description\" content=\"Las canciones del verano forman parte de la banda sonora de nuestra vida, con ellas hemos disfrutado de vacaciones, la gente se ha enamorado y bailado\" \/>\n\t<meta name=\"robots\" content=\"max-image-preview:large\" \/>\n\t<meta name=\"author\" content=\"NBAsturias\"\/>\n\t<meta name=\"google-site-verification\" content=\"UA-38556648-1\" \/>\n\t<meta name=\"keywords\" content=\"live,titulares\" \/>\n\t<link rel=\"canonical\" href=\"https:\/\/eldigitaldeasturias.com\/radio\/las-canciones-del-verano\/\" \/>\n\t<meta name=\"generator\" content=\"All in One SEO Pro (AIOSEO) 4.9.6.2\" \/>\n\t\t<meta property=\"og:locale\" content=\"es_ES\" \/>\n\t\t<meta property=\"og:site_name\" content=\"El Digital de Asturias | Diario de informaci\u00f3n y noticias\" \/>\n\t\t<meta property=\"og:type\" content=\"article\" \/>\n\t\t<meta property=\"og:title\" content=\"Las canciones del verano | El Digital de Asturias\" \/>\n\t\t<meta property=\"og:description\" content=\"Las canciones del verano forman parte de la banda sonora de nuestra vida, con ellas hemos disfrutado de vacaciones, la gente se ha enamorado y bailado\" \/>\n\t\t<meta property=\"og:url\" content=\"https:\/\/eldigitaldeasturias.com\/radio\/las-canciones-del-verano\/\" \/>\n\t\t<meta property=\"og:image\" content=\"https:\/\/eldigitaldeasturias.com\/radio\/wp-content\/uploads\/2023\/07\/canciones-del-verano.jpg\" \/>\n\t\t<meta property=\"og:image:secure_url\" content=\"https:\/\/eldigitaldeasturias.com\/radio\/wp-content\/uploads\/2023\/07\/canciones-del-verano.jpg\" \/>\n\t\t<meta property=\"og:image:width\" content=\"640\" \/>\n\t\t<meta property=\"og:image:height\" content=\"427\" \/>\n\t\t<meta property=\"article:published_time\" content=\"2023-07-25T19:50:00+00:00\" \/>\n\t\t<meta property=\"article:modified_time\" content=\"2023-07-25T19:50:13+00:00\" \/>\n\t\t<meta name=\"twitter:card\" content=\"summary_large_image\" \/>\n\t\t<meta name=\"twitter:site\" content=\"@bercodi\" \/>\n\t\t<meta name=\"twitter:title\" content=\"Las canciones del verano | El Digital de Asturias\" \/>\n\t\t<meta name=\"twitter:description\" content=\"Las canciones del verano forman parte de la banda sonora de nuestra vida, con ellas hemos disfrutado de vacaciones, la gente se ha enamorado y bailado\" \/>\n\t\t<meta name=\"twitter:creator\" content=\"@bercodi\" \/>\n\t\t<meta name=\"twitter:image\" content=\"https:\/\/eldigitaldeasturias.com\/radio\/wp-content\/uploads\/2023\/07\/canciones-del-verano.jpg\" \/>\n\t\t<script type=\"application\/ld+json\" class=\"aioseo-schema\">\n\t\t\t{\"@context\":\"https:\\\/\\\/schema.org\",\"@graph\":[{\"@type\":\"BreadcrumbList\",\"@id\":\"https:\\\/\\\/eldigitaldeasturias.com\\\/radio\\\/las-canciones-del-verano\\\/#breadcrumblist\",\"itemListElement\":[{\"@type\":\"ListItem\",\"@id\":\"https:\\\/\\\/eldigitaldeasturias.com\\\/radio#listItem\",\"position\":1,\"name\":\"Inicio\",\"item\":\"https:\\\/\\\/eldigitaldeasturias.com\\\/radio\",\"nextItem\":{\"@type\":\"ListItem\",\"@id\":\"https:\\\/\\\/eldigitaldeasturias.com\\\/radio\\\/category\\\/titulares\\\/#listItem\",\"name\":\"Titulares\"}},{\"@type\":\"ListItem\",\"@id\":\"https:\\\/\\\/eldigitaldeasturias.com\\\/radio\\\/category\\\/titulares\\\/#listItem\",\"position\":2,\"name\":\"Titulares\",\"item\":\"https:\\\/\\\/eldigitaldeasturias.com\\\/radio\\\/category\\\/titulares\\\/\",\"nextItem\":{\"@type\":\"ListItem\",\"@id\":\"https:\\\/\\\/eldigitaldeasturias.com\\\/radio\\\/las-canciones-del-verano\\\/#listItem\",\"name\":\"Las canciones del verano\"},\"previousItem\":{\"@type\":\"ListItem\",\"@id\":\"https:\\\/\\\/eldigitaldeasturias.com\\\/radio#listItem\",\"name\":\"Inicio\"}},{\"@type\":\"ListItem\",\"@id\":\"https:\\\/\\\/eldigitaldeasturias.com\\\/radio\\\/las-canciones-del-verano\\\/#listItem\",\"position\":3,\"name\":\"Las canciones del verano\",\"previousItem\":{\"@type\":\"ListItem\",\"@id\":\"https:\\\/\\\/eldigitaldeasturias.com\\\/radio\\\/category\\\/titulares\\\/#listItem\",\"name\":\"Titulares\"}}]},{\"@type\":\"NewsArticle\",\"@id\":\"https:\\\/\\\/eldigitaldeasturias.com\\\/radio\\\/las-canciones-del-verano\\\/#newsarticle\",\"name\":\"Las canciones del verano | El Digital de Asturias\",\"headline\":\"Las canciones del verano\",\"author\":{\"@id\":\"https:\\\/\\\/eldigitaldeasturias.com\\\/radio\\\/author\\\/nbasturias\\\/#author\"},\"publisher\":{\"@id\":\"https:\\\/\\\/eldigitaldeasturias.com\\\/radio\\\/#organization\"},\"image\":{\"@type\":\"ImageObject\",\"url\":\"https:\\\/\\\/eldigitaldeasturias.com\\\/radio\\\/wp-content\\\/uploads\\\/2023\\\/07\\\/canciones-del-verano.jpg\",\"width\":640,\"height\":427,\"caption\":\"canciones del verano\"},\"datePublished\":\"2023-07-25T21:50:00+02:00\",\"dateModified\":\"2023-07-25T21:50:13+02:00\",\"inLanguage\":\"es-ES\",\"mainEntityOfPage\":{\"@id\":\"https:\\\/\\\/eldigitaldeasturias.com\\\/radio\\\/las-canciones-del-verano\\\/#webpage\"},\"isPartOf\":{\"@id\":\"https:\\\/\\\/eldigitaldeasturias.com\\\/radio\\\/las-canciones-del-verano\\\/#webpage\"},\"articleSection\":\"Live, Titulares, m\\u00fasica\",\"dateline\":\"Publicado el julio 25, 2023.\"},{\"@type\":\"Organization\",\"@id\":\"https:\\\/\\\/eldigitaldeasturias.com\\\/radio\\\/#organization\",\"name\":\"El digital de Asturias Radio\",\"description\":\"Diario de informaci\\u00f3n y noticias\",\"url\":\"https:\\\/\\\/eldigitaldeasturias.com\\\/radio\\\/\",\"telephone\":\"+34652131393\",\"logo\":{\"@type\":\"ImageObject\",\"url\":\"https:\\\/\\\/www.eldigitaldeasturias.com\\\/radio\\\/wp-content\\\/uploads\\\/2021\\\/03\\\/EDA.jpg\",\"@id\":\"https:\\\/\\\/eldigitaldeasturias.com\\\/radio\\\/las-canciones-del-verano\\\/#organizationLogo\"},\"image\":{\"@id\":\"https:\\\/\\\/eldigitaldeasturias.com\\\/radio\\\/las-canciones-del-verano\\\/#organizationLogo\"},\"sameAs\":[\"https:\\\/\\\/www.facebook.com\\\/\",\"https:\\\/\\\/x.com\\\/bercodi\",\"https:\\\/\\\/www.instagram.com\\\/\",\"https:\\\/\\\/www.youtube.com\\\/channel\\\/UCZP-2wLEB9Rv6erhFmqVnvg\"]},{\"@type\":\"Person\",\"@id\":\"https:\\\/\\\/eldigitaldeasturias.com\\\/radio\\\/author\\\/nbasturias\\\/#author\",\"url\":\"https:\\\/\\\/eldigitaldeasturias.com\\\/radio\\\/author\\\/nbasturias\\\/\",\"name\":\"NBAsturias\",\"image\":{\"@type\":\"ImageObject\",\"@id\":\"https:\\\/\\\/eldigitaldeasturias.com\\\/radio\\\/las-canciones-del-verano\\\/#authorImage\",\"url\":\"https:\\\/\\\/secure.gravatar.com\\\/avatar\\\/df2aeffc32bcd13f8d26072ef8a91b623d677766deac7f97ca815868cd41bf5e?s=96&d=mm&r=g\",\"width\":96,\"height\":96,\"caption\":\"NBAsturias\"}},{\"@type\":\"WebPage\",\"@id\":\"https:\\\/\\\/eldigitaldeasturias.com\\\/radio\\\/las-canciones-del-verano\\\/#webpage\",\"url\":\"https:\\\/\\\/eldigitaldeasturias.com\\\/radio\\\/las-canciones-del-verano\\\/\",\"name\":\"Las canciones del verano | El Digital de Asturias\",\"description\":\"Las canciones del verano forman parte de la banda sonora de nuestra vida, con ellas hemos disfrutado de vacaciones, la gente se ha enamorado y bailado\",\"inLanguage\":\"es-ES\",\"isPartOf\":{\"@id\":\"https:\\\/\\\/eldigitaldeasturias.com\\\/radio\\\/#website\"},\"breadcrumb\":{\"@id\":\"https:\\\/\\\/eldigitaldeasturias.com\\\/radio\\\/las-canciones-del-verano\\\/#breadcrumblist\"},\"author\":{\"@id\":\"https:\\\/\\\/eldigitaldeasturias.com\\\/radio\\\/author\\\/nbasturias\\\/#author\"},\"creator\":{\"@id\":\"https:\\\/\\\/eldigitaldeasturias.com\\\/radio\\\/author\\\/nbasturias\\\/#author\"},\"image\":{\"@type\":\"ImageObject\",\"url\":\"https:\\\/\\\/eldigitaldeasturias.com\\\/radio\\\/wp-content\\\/uploads\\\/2023\\\/07\\\/canciones-del-verano.jpg\",\"@id\":\"https:\\\/\\\/eldigitaldeasturias.com\\\/radio\\\/las-canciones-del-verano\\\/#mainImage\",\"width\":640,\"height\":427,\"caption\":\"canciones del verano\"},\"primaryImageOfPage\":{\"@id\":\"https:\\\/\\\/eldigitaldeasturias.com\\\/radio\\\/las-canciones-del-verano\\\/#mainImage\"},\"datePublished\":\"2023-07-25T21:50:00+02:00\",\"dateModified\":\"2023-07-25T21:50:13+02:00\"},{\"@type\":\"WebSite\",\"@id\":\"https:\\\/\\\/eldigitaldeasturias.com\\\/radio\\\/#website\",\"url\":\"https:\\\/\\\/eldigitaldeasturias.com\\\/radio\\\/\",\"name\":\"El Digital de Asturias\",\"description\":\"Diario de informaci\\u00f3n y noticias\",\"inLanguage\":\"es-ES\",\"publisher\":{\"@id\":\"https:\\\/\\\/eldigitaldeasturias.com\\\/radio\\\/#organization\"}}]}\n\t\t<\/script>\n\t\t<!-- All in One SEO Pro -->\r\n\t\t<title>Las canciones del verano | El Digital de Asturias<\/title>\n\n","aioseo_head_json":{"title":"Las canciones del verano | El Digital de Asturias","description":"Las canciones del verano forman parte de la banda sonora de nuestra vida, con ellas hemos disfrutado de vacaciones, la gente se ha enamorado y bailado","canonical_url":"https:\/\/eldigitaldeasturias.com\/radio\/las-canciones-del-verano\/","robots":"max-image-preview:large","keywords":"live,titulares","webmasterTools":{"google-site-verification":"UA-38556648-1","miscellaneous":""},"schema":{"@context":"https:\/\/schema.org","@graph":[{"@type":"BreadcrumbList","@id":"https:\/\/eldigitaldeasturias.com\/radio\/las-canciones-del-verano\/#breadcrumblist","itemListElement":[{"@type":"ListItem","@id":"https:\/\/eldigitaldeasturias.com\/radio#listItem","position":1,"name":"Inicio","item":"https:\/\/eldigitaldeasturias.com\/radio","nextItem":{"@type":"ListItem","@id":"https:\/\/eldigitaldeasturias.com\/radio\/category\/titulares\/#listItem","name":"Titulares"}},{"@type":"ListItem","@id":"https:\/\/eldigitaldeasturias.com\/radio\/category\/titulares\/#listItem","position":2,"name":"Titulares","item":"https:\/\/eldigitaldeasturias.com\/radio\/category\/titulares\/","nextItem":{"@type":"ListItem","@id":"https:\/\/eldigitaldeasturias.com\/radio\/las-canciones-del-verano\/#listItem","name":"Las canciones del verano"},"previousItem":{"@type":"ListItem","@id":"https:\/\/eldigitaldeasturias.com\/radio#listItem","name":"Inicio"}},{"@type":"ListItem","@id":"https:\/\/eldigitaldeasturias.com\/radio\/las-canciones-del-verano\/#listItem","position":3,"name":"Las canciones del verano","previousItem":{"@type":"ListItem","@id":"https:\/\/eldigitaldeasturias.com\/radio\/category\/titulares\/#listItem","name":"Titulares"}}]},{"@type":"NewsArticle","@id":"https:\/\/eldigitaldeasturias.com\/radio\/las-canciones-del-verano\/#newsarticle","name":"Las canciones del verano | El Digital de Asturias","headline":"Las canciones del verano","author":{"@id":"https:\/\/eldigitaldeasturias.com\/radio\/author\/nbasturias\/#author"},"publisher":{"@id":"https:\/\/eldigitaldeasturias.com\/radio\/#organization"},"image":{"@type":"ImageObject","url":"https:\/\/eldigitaldeasturias.com\/radio\/wp-content\/uploads\/2023\/07\/canciones-del-verano.jpg","width":640,"height":427,"caption":"canciones del verano"},"datePublished":"2023-07-25T21:50:00+02:00","dateModified":"2023-07-25T21:50:13+02:00","inLanguage":"es-ES","mainEntityOfPage":{"@id":"https:\/\/eldigitaldeasturias.com\/radio\/las-canciones-del-verano\/#webpage"},"isPartOf":{"@id":"https:\/\/eldigitaldeasturias.com\/radio\/las-canciones-del-verano\/#webpage"},"articleSection":"Live, Titulares, m\u00fasica","dateline":"Publicado el julio 25, 2023."},{"@type":"Organization","@id":"https:\/\/eldigitaldeasturias.com\/radio\/#organization","name":"El digital de Asturias Radio","description":"Diario de informaci\u00f3n y noticias","url":"https:\/\/eldigitaldeasturias.com\/radio\/","telephone":"+34652131393","logo":{"@type":"ImageObject","url":"https:\/\/www.eldigitaldeasturias.com\/radio\/wp-content\/uploads\/2021\/03\/EDA.jpg","@id":"https:\/\/eldigitaldeasturias.com\/radio\/las-canciones-del-verano\/#organizationLogo"},"image":{"@id":"https:\/\/eldigitaldeasturias.com\/radio\/las-canciones-del-verano\/#organizationLogo"},"sameAs":["https:\/\/www.facebook.com\/","https:\/\/x.com\/bercodi","https:\/\/www.instagram.com\/","https:\/\/www.youtube.com\/channel\/UCZP-2wLEB9Rv6erhFmqVnvg"]},{"@type":"Person","@id":"https:\/\/eldigitaldeasturias.com\/radio\/author\/nbasturias\/#author","url":"https:\/\/eldigitaldeasturias.com\/radio\/author\/nbasturias\/","name":"NBAsturias","image":{"@type":"ImageObject","@id":"https:\/\/eldigitaldeasturias.com\/radio\/las-canciones-del-verano\/#authorImage","url":"https:\/\/secure.gravatar.com\/avatar\/df2aeffc32bcd13f8d26072ef8a91b623d677766deac7f97ca815868cd41bf5e?s=96&d=mm&r=g","width":96,"height":96,"caption":"NBAsturias"}},{"@type":"WebPage","@id":"https:\/\/eldigitaldeasturias.com\/radio\/las-canciones-del-verano\/#webpage","url":"https:\/\/eldigitaldeasturias.com\/radio\/las-canciones-del-verano\/","name":"Las canciones del verano | El Digital de Asturias","description":"Las canciones del verano forman parte de la banda sonora de nuestra vida, con ellas hemos disfrutado de vacaciones, la gente se ha enamorado y bailado","inLanguage":"es-ES","isPartOf":{"@id":"https:\/\/eldigitaldeasturias.com\/radio\/#website"},"breadcrumb":{"@id":"https:\/\/eldigitaldeasturias.com\/radio\/las-canciones-del-verano\/#breadcrumblist"},"author":{"@id":"https:\/\/eldigitaldeasturias.com\/radio\/author\/nbasturias\/#author"},"creator":{"@id":"https:\/\/eldigitaldeasturias.com\/radio\/author\/nbasturias\/#author"},"image":{"@type":"ImageObject","url":"https:\/\/eldigitaldeasturias.com\/radio\/wp-content\/uploads\/2023\/07\/canciones-del-verano.jpg","@id":"https:\/\/eldigitaldeasturias.com\/radio\/las-canciones-del-verano\/#mainImage","width":640,"height":427,"caption":"canciones del verano"},"primaryImageOfPage":{"@id":"https:\/\/eldigitaldeasturias.com\/radio\/las-canciones-del-verano\/#mainImage"},"datePublished":"2023-07-25T21:50:00+02:00","dateModified":"2023-07-25T21:50:13+02:00"},{"@type":"WebSite","@id":"https:\/\/eldigitaldeasturias.com\/radio\/#website","url":"https:\/\/eldigitaldeasturias.com\/radio\/","name":"El Digital de Asturias","description":"Diario de informaci\u00f3n y noticias","inLanguage":"es-ES","publisher":{"@id":"https:\/\/eldigitaldeasturias.com\/radio\/#organization"}}]},"og:locale":"es_ES","og:site_name":"El Digital de Asturias | Diario de informaci\u00f3n y noticias","og:type":"article","og:title":"Las canciones del verano | El Digital de Asturias","og:description":"Las canciones del verano forman parte de la banda sonora de nuestra vida, con ellas hemos disfrutado de vacaciones, la gente se ha enamorado y bailado","og:url":"https:\/\/eldigitaldeasturias.com\/radio\/las-canciones-del-verano\/","og:image":"https:\/\/eldigitaldeasturias.com\/radio\/wp-content\/uploads\/2023\/07\/canciones-del-verano.jpg","og:image:secure_url":"https:\/\/eldigitaldeasturias.com\/radio\/wp-content\/uploads\/2023\/07\/canciones-del-verano.jpg","og:image:width":640,"og:image:height":427,"article:published_time":"2023-07-25T19:50:00+00:00","article:modified_time":"2023-07-25T19:50:13+00:00","twitter:card":"summary_large_image","twitter:site":"@bercodi","twitter:title":"Las canciones del verano | El Digital de Asturias","twitter:description":"Las canciones del verano forman parte de la banda sonora de nuestra vida, con ellas hemos disfrutado de vacaciones, la gente se ha enamorado y bailado","twitter:creator":"@bercodi","twitter:image":"https:\/\/eldigitaldeasturias.com\/radio\/wp-content\/uploads\/2023\/07\/canciones-del-verano.jpg"},"aioseo_meta_data":{"post_id":"7866","title":null,"description":"Las canciones del verano forman parte de la banda sonora de nuestra vida, con ellas hemos disfrutado de vacaciones, la gente se ha enamorado y bailado","keywords":[],"keyphrases":{"focus":{"keyphrase":"verano","score":90,"analysis":{"keyphraseInTitle":{"score":9,"maxScore":9,"error":0},"keyphraseInDescription":{"score":9,"maxScore":9,"error":0},"keyphraseLength":{"score":9,"maxScore":9,"error":0,"length":1},"keyphraseInURL":{"score":5,"maxScore":5,"error":0},"keyphraseInIntroduction":{"score":9,"maxScore":9,"error":0},"keyphraseInSubHeadings":{"score":3,"maxScore":9,"error":1},"keyphraseInImageAlt":{"score":9,"maxScore":9,"error":0}}},"additional":[{"keyphrase":"Las canciones del verano","score":83,"analysis":{"keyphraseInDescription":{"score":9,"maxScore":9,"error":0},"keyphraseLength":{"score":9,"maxScore":9,"error":0,"length":4},"keyphraseInIntroduction":{"score":9,"maxScore":9,"error":0},"keyphraseInImageAlt":{"score":3,"maxScore":9,"error":1}}},{"keyphrase":"canciones del verano","score":100,"analysis":{"keyphraseInDescription":{"score":9,"maxScore":9,"error":0},"keyphraseLength":{"score":9,"maxScore":9,"error":0,"length":3},"keyphraseInIntroduction":{"score":9,"maxScore":9,"error":0},"keyphraseInImageAlt":{"score":9,"maxScore":9,"error":0}}},{"keyphrase":"verano","score":100,"analysis":{"keyphraseInDescription":{"score":9,"maxScore":9,"error":0},"keyphraseLength":{"score":9,"maxScore":9,"error":0,"length":1},"keyphraseInIntroduction":{"score":9,"maxScore":9,"error":0},"keyphraseInImageAlt":{"score":9,"maxScore":9,"error":0}}}]},"primary_term":null,"canonical_url":null,"og_title":null,"og_description":null,"og_object_type":"default","og_image_type":"default","og_image_url":null,"og_image_width":null,"og_image_height":null,"og_image_custom_url":null,"og_image_custom_fields":null,"og_video":"","og_custom_url":null,"og_article_section":null,"og_article_tags":[],"twitter_use_og":false,"twitter_card":"default","twitter_image_type":"default","twitter_image_url":null,"twitter_image_custom_url":null,"twitter_image_custom_fields":null,"twitter_title":null,"twitter_description":null,"schema":{"blockGraphs":[],"customGraphs":[],"default":{"data":{"Article":[],"Course":[],"Dataset":[],"FAQPage":[],"Movie":[],"Person":[],"Product":[],"ProductReview":[],"Car":[],"Recipe":[],"Service":[],"SoftwareApplication":[],"WebPage":[]},"graphName":"NewsArticle","isEnabled":true},"graphs":[]},"schema_type":"default","schema_type_options":null,"pillar_content":false,"robots_default":true,"robots_noindex":false,"robots_noarchive":false,"robots_nosnippet":false,"robots_nofollow":false,"robots_noimageindex":false,"robots_noodp":false,"robots_notranslate":false,"robots_max_snippet":"-1","robots_max_videopreview":"-1","robots_max_imagepreview":"large","priority":null,"frequency":"default","location":null,"local_seo":null,"seo_analyzer_scan_date":"2025-08-28 21:15:45","breadcrumb_settings":null,"limit_modified_date":false,"open_ai":"{\"title\":{\"suggestions\":[],\"usage\":0},\"description\":{\"suggestions\":[],\"usage\":0}}","ai":null,"created":"2023-07-25 19:31:44","updated":"2025-08-28 21:15:45"},"aioseo_breadcrumb":"<div class=\"aioseo-breadcrumbs\"><span class=\"aioseo-breadcrumb\">\n\t<a href=\"https:\/\/eldigitaldeasturias.com\/radio\" title=\"Inicio\">Inicio<\/a>\n<\/span><span class=\"aioseo-breadcrumb-separator\">&ndash;<\/span><span class=\"aioseo-breadcrumb\">\n\t<a href=\"https:\/\/eldigitaldeasturias.com\/radio\/category\/titulares\/\" title=\"Titulares\">Titulares<\/a>\n<\/span><span class=\"aioseo-breadcrumb-separator\">&ndash;<\/span><span class=\"aioseo-breadcrumb\">\n\tLas canciones del verano\n<\/span><\/div>","aioseo_breadcrumb_json":[{"label":"Inicio","link":"https:\/\/eldigitaldeasturias.com\/radio"},{"label":"Titulares","link":"https:\/\/eldigitaldeasturias.com\/radio\/category\/titulares\/"},{"label":"Las canciones del verano","link":"https:\/\/eldigitaldeasturias.com\/radio\/las-canciones-del-verano\/"}],"_links":{"self":[{"href":"https:\/\/eldigitaldeasturias.com\/radio\/wp-json\/wp\/v2\/posts\/7866","targetHints":{"allow":["GET"]}}],"collection":[{"href":"https:\/\/eldigitaldeasturias.com\/radio\/wp-json\/wp\/v2\/posts"}],"about":[{"href":"https:\/\/eldigitaldeasturias.com\/radio\/wp-json\/wp\/v2\/types\/post"}],"author":[{"embeddable":true,"href":"https:\/\/eldigitaldeasturias.com\/radio\/wp-json\/wp\/v2\/users\/1"}],"replies":[{"embeddable":true,"href":"https:\/\/eldigitaldeasturias.com\/radio\/wp-json\/wp\/v2\/comments?post=7866"}],"version-history":[{"count":0,"href":"https:\/\/eldigitaldeasturias.com\/radio\/wp-json\/wp\/v2\/posts\/7866\/revisions"}],"wp:featuredmedia":[{"embeddable":true,"href":"https:\/\/eldigitaldeasturias.com\/radio\/wp-json\/wp\/v2\/media\/7867"}],"wp:attachment":[{"href":"https:\/\/eldigitaldeasturias.com\/radio\/wp-json\/wp\/v2\/media?parent=7866"}],"wp:term":[{"taxonomy":"category","embeddable":true,"href":"https:\/\/eldigitaldeasturias.com\/radio\/wp-json\/wp\/v2\/categories?post=7866"},{"taxonomy":"post_tag","embeddable":true,"href":"https:\/\/eldigitaldeasturias.com\/radio\/wp-json\/wp\/v2\/tags?post=7866"}],"curies":[{"name":"wp","href":"https:\/\/api.w.org\/{rel}","templated":true}]}}