{"id":7795,"date":"2023-04-17T02:39:33","date_gmt":"2023-04-17T00:39:33","guid":{"rendered":"https:\/\/eldigitaldeasturias.com\/radio\/?p=7795"},"modified":"2023-04-17T02:39:33","modified_gmt":"2023-04-17T00:39:33","slug":"la-escasez-de-trabajadores-cualificados-en-alemania-alcanzo-un-nuevo-nivel-record-en-2022","status":"publish","type":"post","link":"https:\/\/eldigitaldeasturias.com\/radio\/la-escasez-de-trabajadores-cualificados-en-alemania-alcanzo-un-nuevo-nivel-record-en-2022\/","title":{"rendered":"La escasez de trabajadores cualificados en Alemania alcanz\u00f3 un nuevo nivel r\u00e9cord en 2022"},"content":{"rendered":"<p>Colonia (Alemania), 16 abr (dpa) &#8211; La escasez de trabajadores cualificados en Alemania alcanz\u00f3 un nuevo nivel r\u00e9cord en 2022 a pesar del relativamente d\u00e9bil desarrollo econ\u00f3mico, seg\u00fan un reciente estudio.<\/p>\n<p><img fetchpriority=\"high\" decoding=\"async\" class=\"aligncenter wp-image-7796 size-full\" src=\"https:\/\/eldigitaldeasturias.com\/radio\/wp-content\/uploads\/2023\/04\/empresas.jpg\" alt=\"empresas\" width=\"640\" height=\"427\" srcset=\"https:\/\/eldigitaldeasturias.com\/radio\/wp-content\/uploads\/2023\/04\/empresas.jpg 640w, https:\/\/eldigitaldeasturias.com\/radio\/wp-content\/uploads\/2023\/04\/empresas-360x240.jpg 360w, https:\/\/eldigitaldeasturias.com\/radio\/wp-content\/uploads\/2023\/04\/empresas-150x100.jpg 150w, https:\/\/eldigitaldeasturias.com\/radio\/wp-content\/uploads\/2023\/04\/empresas-450x300.jpg 450w\" sizes=\"(max-width: 640px) 100vw, 640px\" \/><\/p>\n<p>M\u00e1s de 630.000 vacantes de empleo cualificado no pudieron cubrirse en 2022 por falta de desempleados debidamente cualificados en todo el pa\u00eds, inform\u00f3 hoy el Centro de Competencia y Garant\u00eda de Trabajadores Cualificados (Kofa) del Instituto de la Econom\u00eda Alemana (IW).<\/p>\n<p>Se trata del mayor d\u00e9ficit de mano de obra cualificada desde el inicio del periodo de observaci\u00f3n en 2010.<\/p>\n<p>Seg\u00fan el estudio, en los \u00e1mbitos de la salud, los servicios sociales, la ense\u00f1anza, la construcci\u00f3n, la arquitectura, la topograf\u00eda y la tecnolog\u00eda de la construcci\u00f3n no pudieron cubrirse seis de cada diez vacantes.<\/p>\n<p>La escasez de trabajadores cualificados fue superior a la media tambi\u00e9n en las ciencias naturales, la geograf\u00eda y la inform\u00e1tica y casi se triplic\u00f3 en las \u00e1reas profesionales de servicios comerciales, comercio de mercanc\u00edas, ventas, hosteler\u00eda y turismo.<\/p>\n<p>En estos \u00faltimos \u00e1mbitos, en 2022, tres de cada diez vacantes no pudieron cubrirse, y eso pese a un repunte tras la pandemia de coronavirus.<\/p>\n<p>El informe agrega que la regla general en el mercado laboral es que cuanto mayor es la cualificaci\u00f3n exigida, m\u00e1s dif\u00edcil resulta cubrir las vacantes.<\/p>\n<p>Los expertos con titulaci\u00f3n universitaria en los campos de la inform\u00e1tica, la ingenier\u00eda el\u00e9ctrica, la planificaci\u00f3n y la supervisi\u00f3n de la construcci\u00f3n fueron muy demandados. El estudio calcul\u00f3 que faltaban desempleados debidamente cualificados para nueve de cada diez vacantes.<\/p>\n<p>Esta falta de trabajadores cualificados se refleja desde hace tiempo en el mercado laboral. Los expertos coinciden en que sin inmigraci\u00f3n del extranjero, la brecha no se cerrar\u00e1.<\/p>\n<p>En marzo hab\u00eda 45,6 millones de personas empleadas en todo el pa\u00eds, m\u00e1s que nunca. El aumento del empleo sujeto a cotizaciones a la Seguridad Social procedi\u00f3 casi exclusivamente de inmigrantes, sobre todo extracomunitarios, como subray\u00f3 al presentar las cifras la directora de la Agencia Federal de Empleo, Andrea Nahles.<\/p>\n<p>A pesar de la recesi\u00f3n, la inflaci\u00f3n y la incertidumbre pol\u00edtica, la industria, la artesan\u00eda y los proveedores de servicios contratan a trabajadores cualificados sin cesar. En ocasiones, las vacantes ya no se comunican a las agencias de empleo y son cubiertas directamente.<\/p>\n<p>Para satisfacer la demanda es necesaria la inmigraci\u00f3n, afirm\u00f3 Nahles. \u00abAunque aumentemos todos los potenciales nacionales, esto no ser\u00e1 posible sin m\u00e1s inmigraci\u00f3n, tambi\u00e9n por razones demogr\u00e1ficas. Necesitamos inmigraci\u00f3n tanto de mano de obra como de trabajadores cualificados\u00bb, agreg\u00f3.<\/p>\n<p>Otro problema radica en que nunca desde la reunificaci\u00f3n hubo menos j\u00f3venes form\u00e1ndose que a finales de 2022, seg\u00fan inform\u00f3 hace unos d\u00edas la Oficina Federal de Estad\u00edstica.<\/p>\n<p>Hay solo 1,216 millones de aprendices, un resultado de la falta de pr\u00e1cticas y de oportunidades de contacto durante la pandemia de coronavirus, pero al mismo tiempo es tambi\u00e9n la expresi\u00f3n de una crisis del sistema de formaci\u00f3n dual, que viene de lejos.<\/p>\n<p>Los j\u00f3venes se deciden cada vez menos por la formaci\u00f3n dual: a pesar de la urgente necesidad de j\u00f3venes trabajadores cualificados, en 2022 se iniciaron muchos menos nuevos aprendizajes, con 468.900 contratos, que en el \u00faltimo a\u00f1o anterior a la crisis, 2019, con 510.900.<\/p>\n<p>El peque\u00f1o aumento del 0,6 por ciento con respecto a 2021 no puede compensar las mermas de a\u00f1os anteriores. Diez a\u00f1os antes, hab\u00eda casi 100.000 contratos nuevos m\u00e1s al a\u00f1o (2011: 561.100).<\/p>\n<p>Alemania necesita urgentemente j\u00f3venes talentos. Apenas pasa un d\u00eda sin que alg\u00fan sector advierta de las graves consecuencias: pronto no se podr\u00e1 atender a enfermos y ancianos, no se podr\u00e1n transportar mercanc\u00edas&#8230; e incluso habr\u00e1 falta de plomeros.<\/p>\n","protected":false},"excerpt":{"rendered":"<p>Colonia (Alemania), 16 abr (dpa) &#8211; La escasez de trabajadores cualificados en Alemania alcanz\u00f3 un nuevo nivel r\u00e9cord en 2022 a pesar del relativamente d\u00e9bil desarrollo econ\u00f3mico, seg\u00fan un reciente estudio. M\u00e1s de 630.000 vacantes de empleo cualificado no pudieron cubrirse en 2022 por falta de desempleados debidamente cualificados en todo el pa\u00eds, inform\u00f3 hoy<\/p>\n","protected":false},"author":1,"featured_media":7796,"comment_status":"closed","ping_status":"closed","sticky":false,"template":"","format":"standard","meta":{"footnotes":""},"categories":[35],"tags":[],"class_list":{"0":"post-7795","1":"post","2":"type-post","3":"status-publish","4":"format-standard","5":"has-post-thumbnail","7":"category-negocios"},"aioseo_notices":[],"aioseo_head":"\n\t\t<!-- All in One SEO Pro 4.9.6.2 - aioseo.com -->\n\t<meta name=\"description\" content=\"Colonia (Alemania), 16 abr (dpa) - La escasez de trabajadores cualificados en Alemania alcanz\u00f3 un nuevo nivel r\u00e9cord en 2022 a pesar del relativamente d\u00e9bil\" \/>\n\t<meta name=\"robots\" content=\"max-image-preview:large\" \/>\n\t<meta name=\"author\" content=\"NBAsturias\"\/>\n\t<meta name=\"google-site-verification\" content=\"UA-38556648-1\" \/>\n\t<meta name=\"keywords\" content=\"negocios\" \/>\n\t<link rel=\"canonical\" href=\"https:\/\/eldigitaldeasturias.com\/radio\/la-escasez-de-trabajadores-cualificados-en-alemania-alcanzo-un-nuevo-nivel-record-en-2022\/\" \/>\n\t<meta name=\"generator\" content=\"All in One SEO Pro (AIOSEO) 4.9.6.2\" \/>\n\t\t<meta property=\"og:locale\" content=\"es_ES\" \/>\n\t\t<meta property=\"og:site_name\" content=\"El Digital de Asturias | Diario de informaci\u00f3n y noticias\" \/>\n\t\t<meta property=\"og:type\" content=\"article\" \/>\n\t\t<meta property=\"og:title\" content=\"La escasez de trabajadores cualificados en Alemania alcanz\u00f3 un nuevo nivel r\u00e9cord en 2022 | El Digital de Asturias\" \/>\n\t\t<meta property=\"og:description\" content=\"Colonia (Alemania), 16 abr (dpa) - La escasez de trabajadores cualificados en Alemania alcanz\u00f3 un nuevo nivel r\u00e9cord en 2022 a pesar del relativamente d\u00e9bil\" \/>\n\t\t<meta property=\"og:url\" content=\"https:\/\/eldigitaldeasturias.com\/radio\/la-escasez-de-trabajadores-cualificados-en-alemania-alcanzo-un-nuevo-nivel-record-en-2022\/\" \/>\n\t\t<meta property=\"og:image\" content=\"https:\/\/eldigitaldeasturias.com\/radio\/wp-content\/uploads\/2023\/04\/empresas.jpg\" \/>\n\t\t<meta property=\"og:image:secure_url\" content=\"https:\/\/eldigitaldeasturias.com\/radio\/wp-content\/uploads\/2023\/04\/empresas.jpg\" \/>\n\t\t<meta property=\"og:image:width\" content=\"640\" \/>\n\t\t<meta property=\"og:image:height\" content=\"427\" \/>\n\t\t<meta property=\"article:published_time\" content=\"2023-04-17T00:39:33+00:00\" \/>\n\t\t<meta property=\"article:modified_time\" content=\"2023-04-17T00:39:33+00:00\" \/>\n\t\t<meta name=\"twitter:card\" content=\"summary_large_image\" \/>\n\t\t<meta name=\"twitter:site\" content=\"@bercodi\" \/>\n\t\t<meta name=\"twitter:title\" content=\"La escasez de trabajadores cualificados en Alemania alcanz\u00f3 un nuevo nivel r\u00e9cord en 2022 | El Digital de Asturias\" \/>\n\t\t<meta name=\"twitter:description\" content=\"Colonia (Alemania), 16 abr (dpa) - La escasez de trabajadores cualificados en Alemania alcanz\u00f3 un nuevo nivel r\u00e9cord en 2022 a pesar del relativamente d\u00e9bil\" \/>\n\t\t<meta name=\"twitter:creator\" content=\"@bercodi\" \/>\n\t\t<meta name=\"twitter:image\" content=\"https:\/\/eldigitaldeasturias.com\/radio\/wp-content\/uploads\/2023\/04\/empresas.jpg\" \/>\n\t\t<script type=\"application\/ld+json\" class=\"aioseo-schema\">\n\t\t\t{\"@context\":\"https:\\\/\\\/schema.org\",\"@graph\":[{\"@type\":\"BreadcrumbList\",\"@id\":\"https:\\\/\\\/eldigitaldeasturias.com\\\/radio\\\/la-escasez-de-trabajadores-cualificados-en-alemania-alcanzo-un-nuevo-nivel-record-en-2022\\\/#breadcrumblist\",\"itemListElement\":[{\"@type\":\"ListItem\",\"@id\":\"https:\\\/\\\/eldigitaldeasturias.com\\\/radio#listItem\",\"position\":1,\"name\":\"Inicio\",\"item\":\"https:\\\/\\\/eldigitaldeasturias.com\\\/radio\",\"nextItem\":{\"@type\":\"ListItem\",\"@id\":\"https:\\\/\\\/eldigitaldeasturias.com\\\/radio\\\/category\\\/negocios\\\/#listItem\",\"name\":\"Negocios\"}},{\"@type\":\"ListItem\",\"@id\":\"https:\\\/\\\/eldigitaldeasturias.com\\\/radio\\\/category\\\/negocios\\\/#listItem\",\"position\":2,\"name\":\"Negocios\",\"item\":\"https:\\\/\\\/eldigitaldeasturias.com\\\/radio\\\/category\\\/negocios\\\/\",\"nextItem\":{\"@type\":\"ListItem\",\"@id\":\"https:\\\/\\\/eldigitaldeasturias.com\\\/radio\\\/la-escasez-de-trabajadores-cualificados-en-alemania-alcanzo-un-nuevo-nivel-record-en-2022\\\/#listItem\",\"name\":\"La escasez de trabajadores cualificados en Alemania alcanz\\u00f3 un nuevo nivel r\\u00e9cord en 2022\"},\"previousItem\":{\"@type\":\"ListItem\",\"@id\":\"https:\\\/\\\/eldigitaldeasturias.com\\\/radio#listItem\",\"name\":\"Inicio\"}},{\"@type\":\"ListItem\",\"@id\":\"https:\\\/\\\/eldigitaldeasturias.com\\\/radio\\\/la-escasez-de-trabajadores-cualificados-en-alemania-alcanzo-un-nuevo-nivel-record-en-2022\\\/#listItem\",\"position\":3,\"name\":\"La escasez de trabajadores cualificados en Alemania alcanz\\u00f3 un nuevo nivel r\\u00e9cord en 2022\",\"previousItem\":{\"@type\":\"ListItem\",\"@id\":\"https:\\\/\\\/eldigitaldeasturias.com\\\/radio\\\/category\\\/negocios\\\/#listItem\",\"name\":\"Negocios\"}}]},{\"@type\":\"NewsArticle\",\"@id\":\"https:\\\/\\\/eldigitaldeasturias.com\\\/radio\\\/la-escasez-de-trabajadores-cualificados-en-alemania-alcanzo-un-nuevo-nivel-record-en-2022\\\/#newsarticle\",\"name\":\"La escasez de trabajadores cualificados en Alemania alcanz\\u00f3 un nuevo nivel r\\u00e9cord en 2022 | El Digital de Asturias\",\"headline\":\"La escasez de trabajadores cualificados en Alemania alcanz\\u00f3 un nuevo nivel r\\u00e9cord en 2022\",\"author\":{\"@id\":\"https:\\\/\\\/eldigitaldeasturias.com\\\/radio\\\/author\\\/nbasturias\\\/#author\"},\"publisher\":{\"@id\":\"https:\\\/\\\/eldigitaldeasturias.com\\\/radio\\\/#organization\"},\"image\":{\"@type\":\"ImageObject\",\"url\":\"https:\\\/\\\/eldigitaldeasturias.com\\\/radio\\\/wp-content\\\/uploads\\\/2023\\\/04\\\/empresas.jpg\",\"width\":640,\"height\":427,\"caption\":\"empresas\"},\"datePublished\":\"2023-04-17T02:39:33+02:00\",\"dateModified\":\"2023-04-17T02:39:33+02:00\",\"inLanguage\":\"es-ES\",\"mainEntityOfPage\":{\"@id\":\"https:\\\/\\\/eldigitaldeasturias.com\\\/radio\\\/la-escasez-de-trabajadores-cualificados-en-alemania-alcanzo-un-nuevo-nivel-record-en-2022\\\/#webpage\"},\"isPartOf\":{\"@id\":\"https:\\\/\\\/eldigitaldeasturias.com\\\/radio\\\/la-escasez-de-trabajadores-cualificados-en-alemania-alcanzo-un-nuevo-nivel-record-en-2022\\\/#webpage\"},\"articleSection\":\"Negocios\",\"dateline\":\"Publicado el abril 17, 2023.\"},{\"@type\":\"Organization\",\"@id\":\"https:\\\/\\\/eldigitaldeasturias.com\\\/radio\\\/#organization\",\"name\":\"El digital de Asturias Radio\",\"description\":\"Diario de informaci\\u00f3n y noticias\",\"url\":\"https:\\\/\\\/eldigitaldeasturias.com\\\/radio\\\/\",\"telephone\":\"+34652131393\",\"logo\":{\"@type\":\"ImageObject\",\"url\":\"https:\\\/\\\/www.eldigitaldeasturias.com\\\/radio\\\/wp-content\\\/uploads\\\/2021\\\/03\\\/EDA.jpg\",\"@id\":\"https:\\\/\\\/eldigitaldeasturias.com\\\/radio\\\/la-escasez-de-trabajadores-cualificados-en-alemania-alcanzo-un-nuevo-nivel-record-en-2022\\\/#organizationLogo\"},\"image\":{\"@id\":\"https:\\\/\\\/eldigitaldeasturias.com\\\/radio\\\/la-escasez-de-trabajadores-cualificados-en-alemania-alcanzo-un-nuevo-nivel-record-en-2022\\\/#organizationLogo\"},\"sameAs\":[\"https:\\\/\\\/www.facebook.com\\\/\",\"https:\\\/\\\/x.com\\\/bercodi\",\"https:\\\/\\\/www.instagram.com\\\/\",\"https:\\\/\\\/www.youtube.com\\\/channel\\\/UCZP-2wLEB9Rv6erhFmqVnvg\"]},{\"@type\":\"Person\",\"@id\":\"https:\\\/\\\/eldigitaldeasturias.com\\\/radio\\\/author\\\/nbasturias\\\/#author\",\"url\":\"https:\\\/\\\/eldigitaldeasturias.com\\\/radio\\\/author\\\/nbasturias\\\/\",\"name\":\"NBAsturias\",\"image\":{\"@type\":\"ImageObject\",\"@id\":\"https:\\\/\\\/eldigitaldeasturias.com\\\/radio\\\/la-escasez-de-trabajadores-cualificados-en-alemania-alcanzo-un-nuevo-nivel-record-en-2022\\\/#authorImage\",\"url\":\"https:\\\/\\\/secure.gravatar.com\\\/avatar\\\/df2aeffc32bcd13f8d26072ef8a91b623d677766deac7f97ca815868cd41bf5e?s=96&d=mm&r=g\",\"width\":96,\"height\":96,\"caption\":\"NBAsturias\"}},{\"@type\":\"WebPage\",\"@id\":\"https:\\\/\\\/eldigitaldeasturias.com\\\/radio\\\/la-escasez-de-trabajadores-cualificados-en-alemania-alcanzo-un-nuevo-nivel-record-en-2022\\\/#webpage\",\"url\":\"https:\\\/\\\/eldigitaldeasturias.com\\\/radio\\\/la-escasez-de-trabajadores-cualificados-en-alemania-alcanzo-un-nuevo-nivel-record-en-2022\\\/\",\"name\":\"La escasez de trabajadores cualificados en Alemania alcanz\\u00f3 un nuevo nivel r\\u00e9cord en 2022 | El Digital de Asturias\",\"description\":\"Colonia (Alemania), 16 abr (dpa) - La escasez de trabajadores cualificados en Alemania alcanz\\u00f3 un nuevo nivel r\\u00e9cord en 2022 a pesar del relativamente d\\u00e9bil\",\"inLanguage\":\"es-ES\",\"isPartOf\":{\"@id\":\"https:\\\/\\\/eldigitaldeasturias.com\\\/radio\\\/#website\"},\"breadcrumb\":{\"@id\":\"https:\\\/\\\/eldigitaldeasturias.com\\\/radio\\\/la-escasez-de-trabajadores-cualificados-en-alemania-alcanzo-un-nuevo-nivel-record-en-2022\\\/#breadcrumblist\"},\"author\":{\"@id\":\"https:\\\/\\\/eldigitaldeasturias.com\\\/radio\\\/author\\\/nbasturias\\\/#author\"},\"creator\":{\"@id\":\"https:\\\/\\\/eldigitaldeasturias.com\\\/radio\\\/author\\\/nbasturias\\\/#author\"},\"image\":{\"@type\":\"ImageObject\",\"url\":\"https:\\\/\\\/eldigitaldeasturias.com\\\/radio\\\/wp-content\\\/uploads\\\/2023\\\/04\\\/empresas.jpg\",\"@id\":\"https:\\\/\\\/eldigitaldeasturias.com\\\/radio\\\/la-escasez-de-trabajadores-cualificados-en-alemania-alcanzo-un-nuevo-nivel-record-en-2022\\\/#mainImage\",\"width\":640,\"height\":427,\"caption\":\"empresas\"},\"primaryImageOfPage\":{\"@id\":\"https:\\\/\\\/eldigitaldeasturias.com\\\/radio\\\/la-escasez-de-trabajadores-cualificados-en-alemania-alcanzo-un-nuevo-nivel-record-en-2022\\\/#mainImage\"},\"datePublished\":\"2023-04-17T02:39:33+02:00\",\"dateModified\":\"2023-04-17T02:39:33+02:00\"},{\"@type\":\"WebSite\",\"@id\":\"https:\\\/\\\/eldigitaldeasturias.com\\\/radio\\\/#website\",\"url\":\"https:\\\/\\\/eldigitaldeasturias.com\\\/radio\\\/\",\"name\":\"El Digital de Asturias\",\"description\":\"Diario de informaci\\u00f3n y noticias\",\"inLanguage\":\"es-ES\",\"publisher\":{\"@id\":\"https:\\\/\\\/eldigitaldeasturias.com\\\/radio\\\/#organization\"}}]}\n\t\t<\/script>\n\t\t<!-- All in One SEO Pro -->\r\n\t\t<title>La escasez de trabajadores cualificados en Alemania alcanz\u00f3 un nuevo nivel r\u00e9cord en 2022 | El Digital de Asturias<\/title>\n\n","aioseo_head_json":{"title":"La escasez de trabajadores cualificados en Alemania alcanz\u00f3 un nuevo nivel r\u00e9cord en 2022 | El Digital de Asturias","description":"Colonia (Alemania), 16 abr (dpa) - La escasez de trabajadores cualificados en Alemania alcanz\u00f3 un nuevo nivel r\u00e9cord en 2022 a pesar del relativamente d\u00e9bil","canonical_url":"https:\/\/eldigitaldeasturias.com\/radio\/la-escasez-de-trabajadores-cualificados-en-alemania-alcanzo-un-nuevo-nivel-record-en-2022\/","robots":"max-image-preview:large","keywords":"negocios","webmasterTools":{"google-site-verification":"UA-38556648-1","miscellaneous":""},"schema":{"@context":"https:\/\/schema.org","@graph":[{"@type":"BreadcrumbList","@id":"https:\/\/eldigitaldeasturias.com\/radio\/la-escasez-de-trabajadores-cualificados-en-alemania-alcanzo-un-nuevo-nivel-record-en-2022\/#breadcrumblist","itemListElement":[{"@type":"ListItem","@id":"https:\/\/eldigitaldeasturias.com\/radio#listItem","position":1,"name":"Inicio","item":"https:\/\/eldigitaldeasturias.com\/radio","nextItem":{"@type":"ListItem","@id":"https:\/\/eldigitaldeasturias.com\/radio\/category\/negocios\/#listItem","name":"Negocios"}},{"@type":"ListItem","@id":"https:\/\/eldigitaldeasturias.com\/radio\/category\/negocios\/#listItem","position":2,"name":"Negocios","item":"https:\/\/eldigitaldeasturias.com\/radio\/category\/negocios\/","nextItem":{"@type":"ListItem","@id":"https:\/\/eldigitaldeasturias.com\/radio\/la-escasez-de-trabajadores-cualificados-en-alemania-alcanzo-un-nuevo-nivel-record-en-2022\/#listItem","name":"La escasez de trabajadores cualificados en Alemania alcanz\u00f3 un nuevo nivel r\u00e9cord en 2022"},"previousItem":{"@type":"ListItem","@id":"https:\/\/eldigitaldeasturias.com\/radio#listItem","name":"Inicio"}},{"@type":"ListItem","@id":"https:\/\/eldigitaldeasturias.com\/radio\/la-escasez-de-trabajadores-cualificados-en-alemania-alcanzo-un-nuevo-nivel-record-en-2022\/#listItem","position":3,"name":"La escasez de trabajadores cualificados en Alemania alcanz\u00f3 un nuevo nivel r\u00e9cord en 2022","previousItem":{"@type":"ListItem","@id":"https:\/\/eldigitaldeasturias.com\/radio\/category\/negocios\/#listItem","name":"Negocios"}}]},{"@type":"NewsArticle","@id":"https:\/\/eldigitaldeasturias.com\/radio\/la-escasez-de-trabajadores-cualificados-en-alemania-alcanzo-un-nuevo-nivel-record-en-2022\/#newsarticle","name":"La escasez de trabajadores cualificados en Alemania alcanz\u00f3 un nuevo nivel r\u00e9cord en 2022 | El Digital de Asturias","headline":"La escasez de trabajadores cualificados en Alemania alcanz\u00f3 un nuevo nivel r\u00e9cord en 2022","author":{"@id":"https:\/\/eldigitaldeasturias.com\/radio\/author\/nbasturias\/#author"},"publisher":{"@id":"https:\/\/eldigitaldeasturias.com\/radio\/#organization"},"image":{"@type":"ImageObject","url":"https:\/\/eldigitaldeasturias.com\/radio\/wp-content\/uploads\/2023\/04\/empresas.jpg","width":640,"height":427,"caption":"empresas"},"datePublished":"2023-04-17T02:39:33+02:00","dateModified":"2023-04-17T02:39:33+02:00","inLanguage":"es-ES","mainEntityOfPage":{"@id":"https:\/\/eldigitaldeasturias.com\/radio\/la-escasez-de-trabajadores-cualificados-en-alemania-alcanzo-un-nuevo-nivel-record-en-2022\/#webpage"},"isPartOf":{"@id":"https:\/\/eldigitaldeasturias.com\/radio\/la-escasez-de-trabajadores-cualificados-en-alemania-alcanzo-un-nuevo-nivel-record-en-2022\/#webpage"},"articleSection":"Negocios","dateline":"Publicado el abril 17, 2023."},{"@type":"Organization","@id":"https:\/\/eldigitaldeasturias.com\/radio\/#organization","name":"El digital de Asturias Radio","description":"Diario de informaci\u00f3n y noticias","url":"https:\/\/eldigitaldeasturias.com\/radio\/","telephone":"+34652131393","logo":{"@type":"ImageObject","url":"https:\/\/www.eldigitaldeasturias.com\/radio\/wp-content\/uploads\/2021\/03\/EDA.jpg","@id":"https:\/\/eldigitaldeasturias.com\/radio\/la-escasez-de-trabajadores-cualificados-en-alemania-alcanzo-un-nuevo-nivel-record-en-2022\/#organizationLogo"},"image":{"@id":"https:\/\/eldigitaldeasturias.com\/radio\/la-escasez-de-trabajadores-cualificados-en-alemania-alcanzo-un-nuevo-nivel-record-en-2022\/#organizationLogo"},"sameAs":["https:\/\/www.facebook.com\/","https:\/\/x.com\/bercodi","https:\/\/www.instagram.com\/","https:\/\/www.youtube.com\/channel\/UCZP-2wLEB9Rv6erhFmqVnvg"]},{"@type":"Person","@id":"https:\/\/eldigitaldeasturias.com\/radio\/author\/nbasturias\/#author","url":"https:\/\/eldigitaldeasturias.com\/radio\/author\/nbasturias\/","name":"NBAsturias","image":{"@type":"ImageObject","@id":"https:\/\/eldigitaldeasturias.com\/radio\/la-escasez-de-trabajadores-cualificados-en-alemania-alcanzo-un-nuevo-nivel-record-en-2022\/#authorImage","url":"https:\/\/secure.gravatar.com\/avatar\/df2aeffc32bcd13f8d26072ef8a91b623d677766deac7f97ca815868cd41bf5e?s=96&d=mm&r=g","width":96,"height":96,"caption":"NBAsturias"}},{"@type":"WebPage","@id":"https:\/\/eldigitaldeasturias.com\/radio\/la-escasez-de-trabajadores-cualificados-en-alemania-alcanzo-un-nuevo-nivel-record-en-2022\/#webpage","url":"https:\/\/eldigitaldeasturias.com\/radio\/la-escasez-de-trabajadores-cualificados-en-alemania-alcanzo-un-nuevo-nivel-record-en-2022\/","name":"La escasez de trabajadores cualificados en Alemania alcanz\u00f3 un nuevo nivel r\u00e9cord en 2022 | El Digital de Asturias","description":"Colonia (Alemania), 16 abr (dpa) - La escasez de trabajadores cualificados en Alemania alcanz\u00f3 un nuevo nivel r\u00e9cord en 2022 a pesar del relativamente d\u00e9bil","inLanguage":"es-ES","isPartOf":{"@id":"https:\/\/eldigitaldeasturias.com\/radio\/#website"},"breadcrumb":{"@id":"https:\/\/eldigitaldeasturias.com\/radio\/la-escasez-de-trabajadores-cualificados-en-alemania-alcanzo-un-nuevo-nivel-record-en-2022\/#breadcrumblist"},"author":{"@id":"https:\/\/eldigitaldeasturias.com\/radio\/author\/nbasturias\/#author"},"creator":{"@id":"https:\/\/eldigitaldeasturias.com\/radio\/author\/nbasturias\/#author"},"image":{"@type":"ImageObject","url":"https:\/\/eldigitaldeasturias.com\/radio\/wp-content\/uploads\/2023\/04\/empresas.jpg","@id":"https:\/\/eldigitaldeasturias.com\/radio\/la-escasez-de-trabajadores-cualificados-en-alemania-alcanzo-un-nuevo-nivel-record-en-2022\/#mainImage","width":640,"height":427,"caption":"empresas"},"primaryImageOfPage":{"@id":"https:\/\/eldigitaldeasturias.com\/radio\/la-escasez-de-trabajadores-cualificados-en-alemania-alcanzo-un-nuevo-nivel-record-en-2022\/#mainImage"},"datePublished":"2023-04-17T02:39:33+02:00","dateModified":"2023-04-17T02:39:33+02:00"},{"@type":"WebSite","@id":"https:\/\/eldigitaldeasturias.com\/radio\/#website","url":"https:\/\/eldigitaldeasturias.com\/radio\/","name":"El Digital de Asturias","description":"Diario de informaci\u00f3n y noticias","inLanguage":"es-ES","publisher":{"@id":"https:\/\/eldigitaldeasturias.com\/radio\/#organization"}}]},"og:locale":"es_ES","og:site_name":"El Digital de Asturias | Diario de informaci\u00f3n y noticias","og:type":"article","og:title":"La escasez de trabajadores cualificados en Alemania alcanz\u00f3 un nuevo nivel r\u00e9cord en 2022 | El Digital de Asturias","og:description":"Colonia (Alemania), 16 abr (dpa) - La escasez de trabajadores cualificados en Alemania alcanz\u00f3 un nuevo nivel r\u00e9cord en 2022 a pesar del relativamente d\u00e9bil","og:url":"https:\/\/eldigitaldeasturias.com\/radio\/la-escasez-de-trabajadores-cualificados-en-alemania-alcanzo-un-nuevo-nivel-record-en-2022\/","og:image":"https:\/\/eldigitaldeasturias.com\/radio\/wp-content\/uploads\/2023\/04\/empresas.jpg","og:image:secure_url":"https:\/\/eldigitaldeasturias.com\/radio\/wp-content\/uploads\/2023\/04\/empresas.jpg","og:image:width":640,"og:image:height":427,"article:published_time":"2023-04-17T00:39:33+00:00","article:modified_time":"2023-04-17T00:39:33+00:00","twitter:card":"summary_large_image","twitter:site":"@bercodi","twitter:title":"La escasez de trabajadores cualificados en Alemania alcanz\u00f3 un nuevo nivel r\u00e9cord en 2022 | El Digital de Asturias","twitter:description":"Colonia (Alemania), 16 abr (dpa) - La escasez de trabajadores cualificados en Alemania alcanz\u00f3 un nuevo nivel r\u00e9cord en 2022 a pesar del relativamente d\u00e9bil","twitter:creator":"@bercodi","twitter:image":"https:\/\/eldigitaldeasturias.com\/radio\/wp-content\/uploads\/2023\/04\/empresas.jpg"},"aioseo_meta_data":{"post_id":"7795","title":null,"description":"Colonia (Alemania), 16 abr (dpa) - La escasez de trabajadores cualificados en Alemania alcanz\u00f3 un nuevo nivel r\u00e9cord en 2022 a pesar del relativamente d\u00e9bil","keywords":[],"keyphrases":{"focus":{"keyphrase":"Alemania ","score":80,"analysis":{"keyphraseInTitle":{"score":9,"maxScore":9,"error":0},"keyphraseInDescription":{"score":9,"maxScore":9,"error":0},"keyphraseLength":{"score":9,"maxScore":9,"error":0,"length":1},"keyphraseInURL":{"score":1,"maxScore":5,"error":1},"keyphraseInIntroduction":{"score":9,"maxScore":9,"error":0},"keyphraseInSubHeadings":[],"keyphraseInImageAlt":{"score":3,"maxScore":9,"error":1}}},"additional":[{"keyphrase":"trabajadores cualificados ","score":83,"analysis":{"keyphraseInDescription":{"score":9,"maxScore":9,"error":0},"keyphraseLength":{"score":9,"maxScore":9,"error":0,"length":2},"keyphraseInIntroduction":{"score":9,"maxScore":9,"error":0},"keyphraseInImageAlt":{"score":3,"maxScore":9,"error":1}}}]},"primary_term":null,"canonical_url":null,"og_title":null,"og_description":null,"og_object_type":"default","og_image_type":"default","og_image_url":null,"og_image_width":null,"og_image_height":null,"og_image_custom_url":null,"og_image_custom_fields":null,"og_video":"","og_custom_url":null,"og_article_section":null,"og_article_tags":[],"twitter_use_og":false,"twitter_card":"default","twitter_image_type":"default","twitter_image_url":null,"twitter_image_custom_url":null,"twitter_image_custom_fields":null,"twitter_title":null,"twitter_description":null,"schema":{"blockGraphs":[],"customGraphs":[],"default":{"data":{"Article":[],"Course":[],"Dataset":[],"FAQPage":[],"Movie":[],"Person":[],"Product":[],"ProductReview":[],"Car":[],"Recipe":[],"Service":[],"SoftwareApplication":[],"WebPage":[]},"graphName":"","isEnabled":true},"graphs":[]},"schema_type":"default","schema_type_options":null,"pillar_content":false,"robots_default":true,"robots_noindex":false,"robots_noarchive":false,"robots_nosnippet":false,"robots_nofollow":false,"robots_noimageindex":false,"robots_noodp":false,"robots_notranslate":false,"robots_max_snippet":"-1","robots_max_videopreview":"-1","robots_max_imagepreview":"large","priority":null,"frequency":"default","location":null,"local_seo":null,"seo_analyzer_scan_date":"2025-08-28 21:11:40","breadcrumb_settings":null,"limit_modified_date":false,"open_ai":"{\"title\":{\"suggestions\":[],\"usage\":0},\"description\":{\"suggestions\":[],\"usage\":0}}","ai":null,"created":"2023-04-17 00:35:26","updated":"2025-08-28 21:11:40"},"aioseo_breadcrumb":"<div class=\"aioseo-breadcrumbs\"><span class=\"aioseo-breadcrumb\">\n\t<a href=\"https:\/\/eldigitaldeasturias.com\/radio\" title=\"Inicio\">Inicio<\/a>\n<\/span><span class=\"aioseo-breadcrumb-separator\">&ndash;<\/span><span class=\"aioseo-breadcrumb\">\n\t<a href=\"https:\/\/eldigitaldeasturias.com\/radio\/category\/negocios\/\" title=\"Negocios\">Negocios<\/a>\n<\/span><span class=\"aioseo-breadcrumb-separator\">&ndash;<\/span><span class=\"aioseo-breadcrumb\">\n\tLa escasez de trabajadores cualificados en Alemania alcanz\u00f3 un nuevo nivel r\u00e9cord en 2022\n<\/span><\/div>","aioseo_breadcrumb_json":[{"label":"Inicio","link":"https:\/\/eldigitaldeasturias.com\/radio"},{"label":"Negocios","link":"https:\/\/eldigitaldeasturias.com\/radio\/category\/negocios\/"},{"label":"La escasez de trabajadores cualificados en Alemania alcanz\u00f3 un nuevo nivel r\u00e9cord en 2022","link":"https:\/\/eldigitaldeasturias.com\/radio\/la-escasez-de-trabajadores-cualificados-en-alemania-alcanzo-un-nuevo-nivel-record-en-2022\/"}],"_links":{"self":[{"href":"https:\/\/eldigitaldeasturias.com\/radio\/wp-json\/wp\/v2\/posts\/7795","targetHints":{"allow":["GET"]}}],"collection":[{"href":"https:\/\/eldigitaldeasturias.com\/radio\/wp-json\/wp\/v2\/posts"}],"about":[{"href":"https:\/\/eldigitaldeasturias.com\/radio\/wp-json\/wp\/v2\/types\/post"}],"author":[{"embeddable":true,"href":"https:\/\/eldigitaldeasturias.com\/radio\/wp-json\/wp\/v2\/users\/1"}],"replies":[{"embeddable":true,"href":"https:\/\/eldigitaldeasturias.com\/radio\/wp-json\/wp\/v2\/comments?post=7795"}],"version-history":[{"count":0,"href":"https:\/\/eldigitaldeasturias.com\/radio\/wp-json\/wp\/v2\/posts\/7795\/revisions"}],"wp:featuredmedia":[{"embeddable":true,"href":"https:\/\/eldigitaldeasturias.com\/radio\/wp-json\/wp\/v2\/media\/7796"}],"wp:attachment":[{"href":"https:\/\/eldigitaldeasturias.com\/radio\/wp-json\/wp\/v2\/media?parent=7795"}],"wp:term":[{"taxonomy":"category","embeddable":true,"href":"https:\/\/eldigitaldeasturias.com\/radio\/wp-json\/wp\/v2\/categories?post=7795"},{"taxonomy":"post_tag","embeddable":true,"href":"https:\/\/eldigitaldeasturias.com\/radio\/wp-json\/wp\/v2\/tags?post=7795"}],"curies":[{"name":"wp","href":"https:\/\/api.w.org\/{rel}","templated":true}]}}