{"id":7670,"date":"2023-03-16T07:41:03","date_gmt":"2023-03-16T06:41:03","guid":{"rendered":"https:\/\/eldigitaldeasturias.com\/radio\/?p=7670"},"modified":"2023-03-24T14:06:37","modified_gmt":"2023-03-24T13:06:37","slug":"redisena-tu-salon-con-estos-sofas","status":"publish","type":"post","link":"https:\/\/eldigitaldeasturias.com\/radio\/redisena-tu-salon-con-estos-sofas\/","title":{"rendered":"Redise\u00f1a tu sal\u00f3n con estos sof\u00e1s"},"content":{"rendered":"<p>Un <strong>hogar c\u00f3modo y funcional<\/strong>, eso es lo que muchas personas desean tener en sus vidas; sof\u00e1s modernos para sentarse y relajarse, para recibir a la familia o para que los m\u00e1s peque\u00f1os o mayores de la casa puedan jugar y disfrutar a nuestro lado.<\/p>\n<p><img fetchpriority=\"high\" decoding=\"async\" class=\"aligncenter wp-image-7671\" src=\"https:\/\/eldigitaldeasturias.com\/radio\/wp-content\/uploads\/2023\/03\/sofas-360x245.jpg\" alt=\"sof\u00e1s\" width=\"650\" height=\"442\" srcset=\"https:\/\/eldigitaldeasturias.com\/radio\/wp-content\/uploads\/2023\/03\/sofas-360x245.jpg 360w, https:\/\/eldigitaldeasturias.com\/radio\/wp-content\/uploads\/2023\/03\/sofas-768x522.jpg 768w, https:\/\/eldigitaldeasturias.com\/radio\/wp-content\/uploads\/2023\/03\/sofas-150x102.jpg 150w, https:\/\/eldigitaldeasturias.com\/radio\/wp-content\/uploads\/2023\/03\/sofas-450x306.jpg 450w, https:\/\/eldigitaldeasturias.com\/radio\/wp-content\/uploads\/2023\/03\/sofas.jpg 877w\" sizes=\"(max-width: 650px) 100vw, 650px\" \/><\/p>\n<p>La vida evoluciona y las necesidades de las personas y de las familias tambi\u00e9n,<strong> los nuevos sof\u00e1s que encontrar\u00e1s en la tienda online de Sofaralia son ideales para darle a tu vida confort y descanso<\/strong>. Un claro ejemplo son los <a href=\"https:\/\/sofaralia.com\/catalogo-de-productos\/sofas\/chaiselongue\/chaiselongue-sistema-extraible\/\" target=\"_blank\" rel=\"noopener\"><span style=\"color: #ff6600;\"><strong>sofa chaise longue<\/strong><\/span><\/a>. Fabricados con materiales de calidad <strong>destacan por su amplitud, son funcionales y adem\u00e1s tambi\u00e9n cuentan con asientos extra\u00edbles<\/strong>; hablamos de sof\u00e1s perfectos para descansar, para tener el espacio suficiente para tumbarse o relajarse tras un d\u00eda de trabajo o estudios o para que los invitados se sientan c\u00f3modos cuando vayan de visita o se queden unos d\u00edas a nuestra casa.<\/p>\n<h2>Relajarse y disfrutar<\/h2>\n<p>El sal\u00f3n es uno de los lugares de la casa que siempre es bueno <strong>renovar y redise\u00f1ar<\/strong> para poder disfrutar al m\u00e1ximo de nuestros <strong>momentos de ocio, con la familia o de nuestra vida social<\/strong>.\u00a0Un sal\u00f3n confortable en el que podamos aprovechar al m\u00e1ximo cada espacio y en el que adem\u00e1s podamos crear un ambiente positivo para\u00a0 disfrutar con nuestra gente nos aporta bienestar.<\/p>\n<p><strong>Invertir en sof\u00e1s y hacerse con uno de los nuevos modelos que podr\u00e1s encontrar en la tienda online que te hemos mencionado es y ser\u00e1 una de las mejores decisiones que podr\u00e1s tomar en el caso de que ahora mismo est\u00e9s pensando en darle un nuevo aire o color a tu vivienda.<\/strong><\/p>\n<h2>Invertir en calidad de vida<\/h2>\n<p>Cada casa un mundo y en cada casa las familias y personas tienen sus costumbres; algunas de ellas pueden ser ver juntos un partido de f\u00fatbol, un programa de televisi\u00f3n o una serie y\u00a0 cuando llega ese momento todos corren al sof\u00e1 para ocupar su sitio y a todo el mundo le gusta sentarse o tumbarse sin sentir los muelles del viejo sof\u00e1 y sin sentirse apretados. <strong>Con los sof\u00e1s chaise longue el espacio y la comodidad est\u00e1n garantizados y adem\u00e1s tambi\u00e9n aportan beneficios para la salud, con ellos podr\u00e1s decir adi\u00f3s a los dolores de espalda, a los problemas de cuello o a las malas posturas que luego nos afectan en nuestra vida personal o profesional.<\/strong><\/p>\n<p>Tambi\u00e9n<strong> son muchas las personas a las que les gusta dormir la siesta o a las que les gusta tumbarse en un <a href=\"https:\/\/sofaralia.com\/catalogo-de-productos\/sofas\/sofas-cama\/\" target=\"_blank\" rel=\"noopener\"><span style=\"color: #ff6600;\">sof\u00e1 cama<\/span><\/a><\/strong>; la calidad y durabilidad de los sof\u00e1s cama de apertura italiana son tambi\u00e9n una buena opci\u00f3n a la hora de redise\u00f1ar el hogar, pues ya no son los t\u00edpicos y antiguos sof\u00e1s cama, ahora son mucho m\u00e1s c\u00f3modos gracias a sus colchones de viscoel\u00e1stica o HR; adem\u00e1s sus prestaciones son mucho mejores gracias a su mecanismo de metal. <strong>Nuevos conceptos y propuestas para vivir actualizados y disfrutar al m\u00e1ximo de los \u00faltimos y m\u00e1s modernos modelos de <a title=\"sofa cama italiano\" href=\"https:\/\/sofaralia.com\/catalogo-de-productos\/sofas\/sofas-cama\/sofas-cama-apertura-italiana\/\" target=\"_blank\" rel=\"noopener\"><span style=\"color: #ff6600;\">sofa cama italiano<\/span><\/a>\u00a0<\/strong><\/p>\n<figure id=\"attachment_7703\" aria-describedby=\"caption-attachment-7703\" style=\"width: 665px\" class=\"wp-caption aligncenter\"><img decoding=\"async\" class=\"wp-image-7703 size-full\" src=\"https:\/\/eldigitaldeasturias.com\/radio\/wp-content\/uploads\/2023\/03\/sofas-1.jpg\" alt=\"sof\u00e1s\" width=\"665\" height=\"491\" srcset=\"https:\/\/eldigitaldeasturias.com\/radio\/wp-content\/uploads\/2023\/03\/sofas-1.jpg 665w, https:\/\/eldigitaldeasturias.com\/radio\/wp-content\/uploads\/2023\/03\/sofas-1-360x266.jpg 360w, https:\/\/eldigitaldeasturias.com\/radio\/wp-content\/uploads\/2023\/03\/sofas-1-150x111.jpg 150w, https:\/\/eldigitaldeasturias.com\/radio\/wp-content\/uploads\/2023\/03\/sofas-1-450x332.jpg 450w\" sizes=\"(max-width: 665px) 100vw, 665px\" \/><figcaption id=\"caption-attachment-7703\" class=\"wp-caption-text\">FOTO: sofaralia.com<\/figcaption><\/figure>\n<h2>Variedad y nuevas propuestas<\/h2>\n<p>En la tienda online de sofaralia.com encontrar\u00e1s todo lo que necesitas para el descanso, para disfrutar m\u00e1s de tus momentos de ocio y para darle a tu vida variedad y elegancia, <strong>sus nuevas propuestas aportar\u00e1n calidad de vida y tambi\u00e9n son cien por cien funcionales; en otras palabras podr\u00e1s disfrutar mucho m\u00e1s de la casa y de la vida apostando por los sof\u00e1s m\u00e1s modernos del mercado y m\u00e1s c\u00f3modos tanto para ti como para los tuyos.<\/strong><\/p>\n<p>Cuando deseamos realizar compras de calidad es importante confiar en el asesoramiento de los expertos, en el caso de que est\u00e9s pensando en <strong>renovar tus viejos sof\u00e1s o quieras decorar o redise\u00f1ar tu vivienda<\/strong> no lo dudes y deja que los expertos te muestren las nuevas tendencias y modelos del mercado.<\/p>\n<blockquote><p>Tener confort y calidad de vida es posible; sentarse, tumbarse o relajarse en un sof\u00e1 creado para disfrutar y para que la vida sea m\u00e1s c\u00f3moda ya no ser\u00e1 un deseo, ahora puede ser una realidad.<\/p><\/blockquote>\n<p>En el caso de que ahora mismo est\u00e9s pensando en <strong>renovar tus viejos sof\u00e1s<\/strong> no lo dudes accede a la tienda online que te hemos mencionado y comienza a disfrutar de un buen descanso y de tus momentos de ocio.<\/p>\n","protected":false},"excerpt":{"rendered":"<p>Un hogar c\u00f3modo y funcional, eso es lo que muchas personas desean tener en sus vidas; sof\u00e1s modernos para sentarse y relajarse, para recibir a la familia o para que los m\u00e1s peque\u00f1os o mayores de la casa puedan jugar y disfrutar a nuestro lado. La vida evoluciona y las necesidades de las personas y<\/p>\n","protected":false},"author":1,"featured_media":7671,"comment_status":"closed","ping_status":"closed","sticky":false,"template":"","format":"standard","meta":{"footnotes":""},"categories":[38],"tags":[102],"class_list":{"0":"post-7670","1":"post","2":"type-post","3":"status-publish","4":"format-standard","5":"has-post-thumbnail","7":"category-live","8":"tag-hogar"},"aioseo_notices":[],"aioseo_head":"\n\t\t<!-- All in One SEO Pro 4.9.6.2 - aioseo.com -->\n\t<meta name=\"description\" content=\"Un hogar c\u00f3modo y funcional, eso es lo que muchas personas desean tener en sus vidas; sof\u00e1s modernos para sentarse y relajarse, para recibir a la familia\" \/>\n\t<meta name=\"robots\" content=\"max-image-preview:large\" \/>\n\t<meta name=\"author\" content=\"NBAsturias\"\/>\n\t<meta name=\"google-site-verification\" content=\"UA-38556648-1\" \/>\n\t<meta name=\"keywords\" content=\"live\" \/>\n\t<link rel=\"canonical\" href=\"https:\/\/eldigitaldeasturias.com\/radio\/redisena-tu-salon-con-estos-sofas\/\" \/>\n\t<meta name=\"generator\" content=\"All in One SEO Pro (AIOSEO) 4.9.6.2\" \/>\n\t\t<meta property=\"og:locale\" content=\"es_ES\" \/>\n\t\t<meta property=\"og:site_name\" content=\"El Digital de Asturias | Diario de informaci\u00f3n y noticias\" \/>\n\t\t<meta property=\"og:type\" content=\"article\" \/>\n\t\t<meta property=\"og:title\" content=\"Redise\u00f1a tu sal\u00f3n con estos sof\u00e1s | El Digital de Asturias\" \/>\n\t\t<meta property=\"og:description\" content=\"Un hogar c\u00f3modo y funcional, eso es lo que muchas personas desean tener en sus vidas; sof\u00e1s modernos para sentarse y relajarse, para recibir a la familia\" \/>\n\t\t<meta property=\"og:url\" content=\"https:\/\/eldigitaldeasturias.com\/radio\/redisena-tu-salon-con-estos-sofas\/\" \/>\n\t\t<meta property=\"og:image\" content=\"https:\/\/eldigitaldeasturias.com\/radio\/wp-content\/uploads\/2023\/03\/sofas.jpg\" \/>\n\t\t<meta property=\"og:image:secure_url\" content=\"https:\/\/eldigitaldeasturias.com\/radio\/wp-content\/uploads\/2023\/03\/sofas.jpg\" \/>\n\t\t<meta property=\"og:image:width\" content=\"877\" \/>\n\t\t<meta property=\"og:image:height\" content=\"596\" \/>\n\t\t<meta property=\"article:published_time\" content=\"2023-03-16T06:41:03+00:00\" \/>\n\t\t<meta property=\"article:modified_time\" content=\"2023-03-24T13:06:37+00:00\" \/>\n\t\t<meta name=\"twitter:card\" content=\"summary_large_image\" \/>\n\t\t<meta name=\"twitter:site\" content=\"@bercodi\" \/>\n\t\t<meta name=\"twitter:title\" content=\"Redise\u00f1a tu sal\u00f3n con estos sof\u00e1s | El Digital de Asturias\" \/>\n\t\t<meta name=\"twitter:description\" content=\"Un hogar c\u00f3modo y funcional, eso es lo que muchas personas desean tener en sus vidas; sof\u00e1s modernos para sentarse y relajarse, para recibir a la familia\" \/>\n\t\t<meta name=\"twitter:creator\" content=\"@bercodi\" \/>\n\t\t<meta name=\"twitter:image\" content=\"https:\/\/eldigitaldeasturias.com\/radio\/wp-content\/uploads\/2023\/03\/sofas.jpg\" \/>\n\t\t<script type=\"application\/ld+json\" class=\"aioseo-schema\">\n\t\t\t{\"@context\":\"https:\\\/\\\/schema.org\",\"@graph\":[{\"@type\":\"BreadcrumbList\",\"@id\":\"https:\\\/\\\/eldigitaldeasturias.com\\\/radio\\\/redisena-tu-salon-con-estos-sofas\\\/#breadcrumblist\",\"itemListElement\":[{\"@type\":\"ListItem\",\"@id\":\"https:\\\/\\\/eldigitaldeasturias.com\\\/radio#listItem\",\"position\":1,\"name\":\"Inicio\",\"item\":\"https:\\\/\\\/eldigitaldeasturias.com\\\/radio\",\"nextItem\":{\"@type\":\"ListItem\",\"@id\":\"https:\\\/\\\/eldigitaldeasturias.com\\\/radio\\\/category\\\/live\\\/#listItem\",\"name\":\"Live\"}},{\"@type\":\"ListItem\",\"@id\":\"https:\\\/\\\/eldigitaldeasturias.com\\\/radio\\\/category\\\/live\\\/#listItem\",\"position\":2,\"name\":\"Live\",\"item\":\"https:\\\/\\\/eldigitaldeasturias.com\\\/radio\\\/category\\\/live\\\/\",\"nextItem\":{\"@type\":\"ListItem\",\"@id\":\"https:\\\/\\\/eldigitaldeasturias.com\\\/radio\\\/redisena-tu-salon-con-estos-sofas\\\/#listItem\",\"name\":\"Redise\\u00f1a tu sal\\u00f3n con estos sof\\u00e1s\"},\"previousItem\":{\"@type\":\"ListItem\",\"@id\":\"https:\\\/\\\/eldigitaldeasturias.com\\\/radio#listItem\",\"name\":\"Inicio\"}},{\"@type\":\"ListItem\",\"@id\":\"https:\\\/\\\/eldigitaldeasturias.com\\\/radio\\\/redisena-tu-salon-con-estos-sofas\\\/#listItem\",\"position\":3,\"name\":\"Redise\\u00f1a tu sal\\u00f3n con estos sof\\u00e1s\",\"previousItem\":{\"@type\":\"ListItem\",\"@id\":\"https:\\\/\\\/eldigitaldeasturias.com\\\/radio\\\/category\\\/live\\\/#listItem\",\"name\":\"Live\"}}]},{\"@type\":\"NewsArticle\",\"@id\":\"https:\\\/\\\/eldigitaldeasturias.com\\\/radio\\\/redisena-tu-salon-con-estos-sofas\\\/#newsarticle\",\"name\":\"Redise\\u00f1a tu sal\\u00f3n con estos sof\\u00e1s | El Digital de Asturias\",\"headline\":\"Redise\\u00f1a tu sal\\u00f3n con estos sof\\u00e1s\",\"author\":{\"@id\":\"https:\\\/\\\/eldigitaldeasturias.com\\\/radio\\\/author\\\/nbasturias\\\/#author\"},\"publisher\":{\"@id\":\"https:\\\/\\\/eldigitaldeasturias.com\\\/radio\\\/#organization\"},\"image\":{\"@type\":\"ImageObject\",\"url\":\"https:\\\/\\\/eldigitaldeasturias.com\\\/radio\\\/wp-content\\\/uploads\\\/2023\\\/03\\\/sofas.jpg\",\"width\":877,\"height\":596,\"caption\":\"sof\\u00e1s\"},\"datePublished\":\"2023-03-16T07:41:03+01:00\",\"dateModified\":\"2023-03-24T14:06:37+01:00\",\"inLanguage\":\"es-ES\",\"mainEntityOfPage\":{\"@id\":\"https:\\\/\\\/eldigitaldeasturias.com\\\/radio\\\/redisena-tu-salon-con-estos-sofas\\\/#webpage\"},\"isPartOf\":{\"@id\":\"https:\\\/\\\/eldigitaldeasturias.com\\\/radio\\\/redisena-tu-salon-con-estos-sofas\\\/#webpage\"},\"articleSection\":\"Live, hogar\",\"dateline\":\"Publicado el marzo 16, 2023.\"},{\"@type\":\"Organization\",\"@id\":\"https:\\\/\\\/eldigitaldeasturias.com\\\/radio\\\/#organization\",\"name\":\"El digital de Asturias Radio\",\"description\":\"Diario de informaci\\u00f3n y noticias\",\"url\":\"https:\\\/\\\/eldigitaldeasturias.com\\\/radio\\\/\",\"telephone\":\"+34652131393\",\"logo\":{\"@type\":\"ImageObject\",\"url\":\"https:\\\/\\\/www.eldigitaldeasturias.com\\\/radio\\\/wp-content\\\/uploads\\\/2021\\\/03\\\/EDA.jpg\",\"@id\":\"https:\\\/\\\/eldigitaldeasturias.com\\\/radio\\\/redisena-tu-salon-con-estos-sofas\\\/#organizationLogo\"},\"image\":{\"@id\":\"https:\\\/\\\/eldigitaldeasturias.com\\\/radio\\\/redisena-tu-salon-con-estos-sofas\\\/#organizationLogo\"},\"sameAs\":[\"https:\\\/\\\/www.facebook.com\\\/\",\"https:\\\/\\\/x.com\\\/bercodi\",\"https:\\\/\\\/www.instagram.com\\\/\",\"https:\\\/\\\/www.youtube.com\\\/channel\\\/UCZP-2wLEB9Rv6erhFmqVnvg\"]},{\"@type\":\"Person\",\"@id\":\"https:\\\/\\\/eldigitaldeasturias.com\\\/radio\\\/author\\\/nbasturias\\\/#author\",\"url\":\"https:\\\/\\\/eldigitaldeasturias.com\\\/radio\\\/author\\\/nbasturias\\\/\",\"name\":\"NBAsturias\",\"image\":{\"@type\":\"ImageObject\",\"@id\":\"https:\\\/\\\/eldigitaldeasturias.com\\\/radio\\\/redisena-tu-salon-con-estos-sofas\\\/#authorImage\",\"url\":\"https:\\\/\\\/secure.gravatar.com\\\/avatar\\\/df2aeffc32bcd13f8d26072ef8a91b623d677766deac7f97ca815868cd41bf5e?s=96&d=mm&r=g\",\"width\":96,\"height\":96,\"caption\":\"NBAsturias\"}},{\"@type\":\"WebPage\",\"@id\":\"https:\\\/\\\/eldigitaldeasturias.com\\\/radio\\\/redisena-tu-salon-con-estos-sofas\\\/#webpage\",\"url\":\"https:\\\/\\\/eldigitaldeasturias.com\\\/radio\\\/redisena-tu-salon-con-estos-sofas\\\/\",\"name\":\"Redise\\u00f1a tu sal\\u00f3n con estos sof\\u00e1s | El Digital de Asturias\",\"description\":\"Un hogar c\\u00f3modo y funcional, eso es lo que muchas personas desean tener en sus vidas; sof\\u00e1s modernos para sentarse y relajarse, para recibir a la familia\",\"inLanguage\":\"es-ES\",\"isPartOf\":{\"@id\":\"https:\\\/\\\/eldigitaldeasturias.com\\\/radio\\\/#website\"},\"breadcrumb\":{\"@id\":\"https:\\\/\\\/eldigitaldeasturias.com\\\/radio\\\/redisena-tu-salon-con-estos-sofas\\\/#breadcrumblist\"},\"author\":{\"@id\":\"https:\\\/\\\/eldigitaldeasturias.com\\\/radio\\\/author\\\/nbasturias\\\/#author\"},\"creator\":{\"@id\":\"https:\\\/\\\/eldigitaldeasturias.com\\\/radio\\\/author\\\/nbasturias\\\/#author\"},\"image\":{\"@type\":\"ImageObject\",\"url\":\"https:\\\/\\\/eldigitaldeasturias.com\\\/radio\\\/wp-content\\\/uploads\\\/2023\\\/03\\\/sofas.jpg\",\"@id\":\"https:\\\/\\\/eldigitaldeasturias.com\\\/radio\\\/redisena-tu-salon-con-estos-sofas\\\/#mainImage\",\"width\":877,\"height\":596,\"caption\":\"sof\\u00e1s\"},\"primaryImageOfPage\":{\"@id\":\"https:\\\/\\\/eldigitaldeasturias.com\\\/radio\\\/redisena-tu-salon-con-estos-sofas\\\/#mainImage\"},\"datePublished\":\"2023-03-16T07:41:03+01:00\",\"dateModified\":\"2023-03-24T14:06:37+01:00\"},{\"@type\":\"WebSite\",\"@id\":\"https:\\\/\\\/eldigitaldeasturias.com\\\/radio\\\/#website\",\"url\":\"https:\\\/\\\/eldigitaldeasturias.com\\\/radio\\\/\",\"name\":\"El Digital de Asturias\",\"description\":\"Diario de informaci\\u00f3n y noticias\",\"inLanguage\":\"es-ES\",\"publisher\":{\"@id\":\"https:\\\/\\\/eldigitaldeasturias.com\\\/radio\\\/#organization\"}}]}\n\t\t<\/script>\n\t\t<!-- All in One SEO Pro -->\r\n\t\t<title>Redise\u00f1a tu sal\u00f3n con estos sof\u00e1s | El Digital de Asturias<\/title>\n\n","aioseo_head_json":{"title":"Redise\u00f1a tu sal\u00f3n con estos sof\u00e1s | El Digital de Asturias","description":"Un hogar c\u00f3modo y funcional, eso es lo que muchas personas desean tener en sus vidas; sof\u00e1s modernos para sentarse y relajarse, para recibir a la familia","canonical_url":"https:\/\/eldigitaldeasturias.com\/radio\/redisena-tu-salon-con-estos-sofas\/","robots":"max-image-preview:large","keywords":"live","webmasterTools":{"google-site-verification":"UA-38556648-1","miscellaneous":""},"schema":{"@context":"https:\/\/schema.org","@graph":[{"@type":"BreadcrumbList","@id":"https:\/\/eldigitaldeasturias.com\/radio\/redisena-tu-salon-con-estos-sofas\/#breadcrumblist","itemListElement":[{"@type":"ListItem","@id":"https:\/\/eldigitaldeasturias.com\/radio#listItem","position":1,"name":"Inicio","item":"https:\/\/eldigitaldeasturias.com\/radio","nextItem":{"@type":"ListItem","@id":"https:\/\/eldigitaldeasturias.com\/radio\/category\/live\/#listItem","name":"Live"}},{"@type":"ListItem","@id":"https:\/\/eldigitaldeasturias.com\/radio\/category\/live\/#listItem","position":2,"name":"Live","item":"https:\/\/eldigitaldeasturias.com\/radio\/category\/live\/","nextItem":{"@type":"ListItem","@id":"https:\/\/eldigitaldeasturias.com\/radio\/redisena-tu-salon-con-estos-sofas\/#listItem","name":"Redise\u00f1a tu sal\u00f3n con estos sof\u00e1s"},"previousItem":{"@type":"ListItem","@id":"https:\/\/eldigitaldeasturias.com\/radio#listItem","name":"Inicio"}},{"@type":"ListItem","@id":"https:\/\/eldigitaldeasturias.com\/radio\/redisena-tu-salon-con-estos-sofas\/#listItem","position":3,"name":"Redise\u00f1a tu sal\u00f3n con estos sof\u00e1s","previousItem":{"@type":"ListItem","@id":"https:\/\/eldigitaldeasturias.com\/radio\/category\/live\/#listItem","name":"Live"}}]},{"@type":"NewsArticle","@id":"https:\/\/eldigitaldeasturias.com\/radio\/redisena-tu-salon-con-estos-sofas\/#newsarticle","name":"Redise\u00f1a tu sal\u00f3n con estos sof\u00e1s | El Digital de Asturias","headline":"Redise\u00f1a tu sal\u00f3n con estos sof\u00e1s","author":{"@id":"https:\/\/eldigitaldeasturias.com\/radio\/author\/nbasturias\/#author"},"publisher":{"@id":"https:\/\/eldigitaldeasturias.com\/radio\/#organization"},"image":{"@type":"ImageObject","url":"https:\/\/eldigitaldeasturias.com\/radio\/wp-content\/uploads\/2023\/03\/sofas.jpg","width":877,"height":596,"caption":"sof\u00e1s"},"datePublished":"2023-03-16T07:41:03+01:00","dateModified":"2023-03-24T14:06:37+01:00","inLanguage":"es-ES","mainEntityOfPage":{"@id":"https:\/\/eldigitaldeasturias.com\/radio\/redisena-tu-salon-con-estos-sofas\/#webpage"},"isPartOf":{"@id":"https:\/\/eldigitaldeasturias.com\/radio\/redisena-tu-salon-con-estos-sofas\/#webpage"},"articleSection":"Live, hogar","dateline":"Publicado el marzo 16, 2023."},{"@type":"Organization","@id":"https:\/\/eldigitaldeasturias.com\/radio\/#organization","name":"El digital de Asturias Radio","description":"Diario de informaci\u00f3n y noticias","url":"https:\/\/eldigitaldeasturias.com\/radio\/","telephone":"+34652131393","logo":{"@type":"ImageObject","url":"https:\/\/www.eldigitaldeasturias.com\/radio\/wp-content\/uploads\/2021\/03\/EDA.jpg","@id":"https:\/\/eldigitaldeasturias.com\/radio\/redisena-tu-salon-con-estos-sofas\/#organizationLogo"},"image":{"@id":"https:\/\/eldigitaldeasturias.com\/radio\/redisena-tu-salon-con-estos-sofas\/#organizationLogo"},"sameAs":["https:\/\/www.facebook.com\/","https:\/\/x.com\/bercodi","https:\/\/www.instagram.com\/","https:\/\/www.youtube.com\/channel\/UCZP-2wLEB9Rv6erhFmqVnvg"]},{"@type":"Person","@id":"https:\/\/eldigitaldeasturias.com\/radio\/author\/nbasturias\/#author","url":"https:\/\/eldigitaldeasturias.com\/radio\/author\/nbasturias\/","name":"NBAsturias","image":{"@type":"ImageObject","@id":"https:\/\/eldigitaldeasturias.com\/radio\/redisena-tu-salon-con-estos-sofas\/#authorImage","url":"https:\/\/secure.gravatar.com\/avatar\/df2aeffc32bcd13f8d26072ef8a91b623d677766deac7f97ca815868cd41bf5e?s=96&d=mm&r=g","width":96,"height":96,"caption":"NBAsturias"}},{"@type":"WebPage","@id":"https:\/\/eldigitaldeasturias.com\/radio\/redisena-tu-salon-con-estos-sofas\/#webpage","url":"https:\/\/eldigitaldeasturias.com\/radio\/redisena-tu-salon-con-estos-sofas\/","name":"Redise\u00f1a tu sal\u00f3n con estos sof\u00e1s | El Digital de Asturias","description":"Un hogar c\u00f3modo y funcional, eso es lo que muchas personas desean tener en sus vidas; sof\u00e1s modernos para sentarse y relajarse, para recibir a la familia","inLanguage":"es-ES","isPartOf":{"@id":"https:\/\/eldigitaldeasturias.com\/radio\/#website"},"breadcrumb":{"@id":"https:\/\/eldigitaldeasturias.com\/radio\/redisena-tu-salon-con-estos-sofas\/#breadcrumblist"},"author":{"@id":"https:\/\/eldigitaldeasturias.com\/radio\/author\/nbasturias\/#author"},"creator":{"@id":"https:\/\/eldigitaldeasturias.com\/radio\/author\/nbasturias\/#author"},"image":{"@type":"ImageObject","url":"https:\/\/eldigitaldeasturias.com\/radio\/wp-content\/uploads\/2023\/03\/sofas.jpg","@id":"https:\/\/eldigitaldeasturias.com\/radio\/redisena-tu-salon-con-estos-sofas\/#mainImage","width":877,"height":596,"caption":"sof\u00e1s"},"primaryImageOfPage":{"@id":"https:\/\/eldigitaldeasturias.com\/radio\/redisena-tu-salon-con-estos-sofas\/#mainImage"},"datePublished":"2023-03-16T07:41:03+01:00","dateModified":"2023-03-24T14:06:37+01:00"},{"@type":"WebSite","@id":"https:\/\/eldigitaldeasturias.com\/radio\/#website","url":"https:\/\/eldigitaldeasturias.com\/radio\/","name":"El Digital de Asturias","description":"Diario de informaci\u00f3n y noticias","inLanguage":"es-ES","publisher":{"@id":"https:\/\/eldigitaldeasturias.com\/radio\/#organization"}}]},"og:locale":"es_ES","og:site_name":"El Digital de Asturias | Diario de informaci\u00f3n y noticias","og:type":"article","og:title":"Redise\u00f1a tu sal\u00f3n con estos sof\u00e1s | El Digital de Asturias","og:description":"Un hogar c\u00f3modo y funcional, eso es lo que muchas personas desean tener en sus vidas; sof\u00e1s modernos para sentarse y relajarse, para recibir a la familia","og:url":"https:\/\/eldigitaldeasturias.com\/radio\/redisena-tu-salon-con-estos-sofas\/","og:image":"https:\/\/eldigitaldeasturias.com\/radio\/wp-content\/uploads\/2023\/03\/sofas.jpg","og:image:secure_url":"https:\/\/eldigitaldeasturias.com\/radio\/wp-content\/uploads\/2023\/03\/sofas.jpg","og:image:width":877,"og:image:height":596,"article:published_time":"2023-03-16T06:41:03+00:00","article:modified_time":"2023-03-24T13:06:37+00:00","twitter:card":"summary_large_image","twitter:site":"@bercodi","twitter:title":"Redise\u00f1a tu sal\u00f3n con estos sof\u00e1s | El Digital de Asturias","twitter:description":"Un hogar c\u00f3modo y funcional, eso es lo que muchas personas desean tener en sus vidas; sof\u00e1s modernos para sentarse y relajarse, para recibir a la familia","twitter:creator":"@bercodi","twitter:image":"https:\/\/eldigitaldeasturias.com\/radio\/wp-content\/uploads\/2023\/03\/sofas.jpg"},"aioseo_meta_data":{"post_id":"7670","title":null,"description":"Un hogar c\u00f3modo y funcional, eso es lo que muchas personas desean tener en sus vidas; sof\u00e1s modernos para sentarse y relajarse, para recibir a la familia","keywords":[],"keyphrases":{"focus":{"keyphrase":"sof\u00e1s ","score":90,"analysis":{"keyphraseInTitle":{"score":9,"maxScore":9,"error":0},"keyphraseInDescription":{"score":9,"maxScore":9,"error":0},"keyphraseLength":{"score":9,"maxScore":9,"error":0,"length":1},"keyphraseInURL":{"score":5,"maxScore":5,"error":0},"keyphraseInIntroduction":{"score":9,"maxScore":9,"error":0},"keyphraseInSubHeadings":{"score":3,"maxScore":9,"error":1},"keyphraseInImageAlt":{"score":9,"maxScore":9,"error":0}}},"additional":[{"keyphrase":"sof\u00e1s ","score":100,"analysis":{"keyphraseInDescription":{"score":9,"maxScore":9,"error":0},"keyphraseLength":{"score":9,"maxScore":9,"error":0,"length":1},"keyphraseInIntroduction":{"score":9,"maxScore":9,"error":0},"keyphraseInImageAlt":{"score":9,"maxScore":9,"error":0}}},{"keyphrase":"sof\u00e1s modernos","score":100,"analysis":{"keyphraseInDescription":{"score":9,"maxScore":9,"error":0},"keyphraseLength":{"score":9,"maxScore":9,"error":0,"length":2},"keyphraseInIntroduction":{"score":9,"maxScore":9,"error":0},"keyphraseInImageAlt":{"score":9,"maxScore":9,"error":0}}}]},"primary_term":null,"canonical_url":null,"og_title":null,"og_description":null,"og_object_type":"default","og_image_type":"default","og_image_url":null,"og_image_width":null,"og_image_height":null,"og_image_custom_url":null,"og_image_custom_fields":null,"og_video":"","og_custom_url":null,"og_article_section":null,"og_article_tags":[],"twitter_use_og":false,"twitter_card":"default","twitter_image_type":"default","twitter_image_url":null,"twitter_image_custom_url":null,"twitter_image_custom_fields":null,"twitter_title":null,"twitter_description":null,"schema":{"blockGraphs":[],"customGraphs":[],"default":{"data":{"Article":[],"Course":[],"Dataset":[],"FAQPage":[],"Movie":[],"Person":[],"Product":[],"ProductReview":[],"Car":[],"Recipe":[],"Service":[],"SoftwareApplication":[],"WebPage":[]},"graphName":"NewsArticle","isEnabled":true},"graphs":[]},"schema_type":"default","schema_type_options":null,"pillar_content":false,"robots_default":true,"robots_noindex":false,"robots_noarchive":false,"robots_nosnippet":false,"robots_nofollow":false,"robots_noimageindex":false,"robots_noodp":false,"robots_notranslate":false,"robots_max_snippet":"-1","robots_max_videopreview":"-1","robots_max_imagepreview":"large","priority":null,"frequency":"default","location":null,"local_seo":null,"seo_analyzer_scan_date":"2025-08-28 21:01:40","breadcrumb_settings":null,"limit_modified_date":false,"open_ai":"{\"title\":{\"suggestions\":[],\"usage\":0},\"description\":{\"suggestions\":[],\"usage\":0}}","ai":null,"created":"2023-03-16 06:16:29","updated":"2025-08-28 21:01:40"},"aioseo_breadcrumb":"<div class=\"aioseo-breadcrumbs\"><span class=\"aioseo-breadcrumb\">\n\t<a href=\"https:\/\/eldigitaldeasturias.com\/radio\" title=\"Inicio\">Inicio<\/a>\n<\/span><span class=\"aioseo-breadcrumb-separator\">&ndash;<\/span><span class=\"aioseo-breadcrumb\">\n\t<a href=\"https:\/\/eldigitaldeasturias.com\/radio\/category\/live\/\" title=\"Live\">Live<\/a>\n<\/span><span class=\"aioseo-breadcrumb-separator\">&ndash;<\/span><span class=\"aioseo-breadcrumb\">\n\tRedise\u00f1a tu sal\u00f3n con estos sof\u00e1s\n<\/span><\/div>","aioseo_breadcrumb_json":[{"label":"Inicio","link":"https:\/\/eldigitaldeasturias.com\/radio"},{"label":"Live","link":"https:\/\/eldigitaldeasturias.com\/radio\/category\/live\/"},{"label":"Redise\u00f1a tu sal\u00f3n con estos sof\u00e1s","link":"https:\/\/eldigitaldeasturias.com\/radio\/redisena-tu-salon-con-estos-sofas\/"}],"_links":{"self":[{"href":"https:\/\/eldigitaldeasturias.com\/radio\/wp-json\/wp\/v2\/posts\/7670","targetHints":{"allow":["GET"]}}],"collection":[{"href":"https:\/\/eldigitaldeasturias.com\/radio\/wp-json\/wp\/v2\/posts"}],"about":[{"href":"https:\/\/eldigitaldeasturias.com\/radio\/wp-json\/wp\/v2\/types\/post"}],"author":[{"embeddable":true,"href":"https:\/\/eldigitaldeasturias.com\/radio\/wp-json\/wp\/v2\/users\/1"}],"replies":[{"embeddable":true,"href":"https:\/\/eldigitaldeasturias.com\/radio\/wp-json\/wp\/v2\/comments?post=7670"}],"version-history":[{"count":0,"href":"https:\/\/eldigitaldeasturias.com\/radio\/wp-json\/wp\/v2\/posts\/7670\/revisions"}],"wp:featuredmedia":[{"embeddable":true,"href":"https:\/\/eldigitaldeasturias.com\/radio\/wp-json\/wp\/v2\/media\/7671"}],"wp:attachment":[{"href":"https:\/\/eldigitaldeasturias.com\/radio\/wp-json\/wp\/v2\/media?parent=7670"}],"wp:term":[{"taxonomy":"category","embeddable":true,"href":"https:\/\/eldigitaldeasturias.com\/radio\/wp-json\/wp\/v2\/categories?post=7670"},{"taxonomy":"post_tag","embeddable":true,"href":"https:\/\/eldigitaldeasturias.com\/radio\/wp-json\/wp\/v2\/tags?post=7670"}],"curies":[{"name":"wp","href":"https:\/\/api.w.org\/{rel}","templated":true}]}}