{"id":7654,"date":"2023-03-07T12:55:18","date_gmt":"2023-03-07T11:55:18","guid":{"rendered":"https:\/\/eldigitaldeasturias.com\/radio\/?p=7654"},"modified":"2023-03-07T12:55:18","modified_gmt":"2023-03-07T11:55:18","slug":"de-ruta-por-los-museos-de-oslo","status":"publish","type":"post","link":"https:\/\/eldigitaldeasturias.com\/radio\/de-ruta-por-los-museos-de-oslo\/","title":{"rendered":"De ruta por los museos de Oslo"},"content":{"rendered":"<p>(dpa) &#8211; Primero un atrevido museo sobre Edvard Munch y ahora tambi\u00e9n el nuevo Museo Nacional destacan a Oslo, la capital de Noruega, como una metr\u00f3polis cultural de inter\u00e9s mundial.<\/p>\n<figure id=\"attachment_7658\" aria-describedby=\"caption-attachment-7658\" style=\"width: 650px\" class=\"wp-caption aligncenter\"><img fetchpriority=\"high\" decoding=\"async\" class=\"wp-image-7658\" src=\"https:\/\/eldigitaldeasturias.com\/radio\/wp-content\/uploads\/2023\/03\/Oslo-museos-360x236.jpg\" alt=\"Oslo museos\" width=\"650\" height=\"426\" srcset=\"https:\/\/eldigitaldeasturias.com\/radio\/wp-content\/uploads\/2023\/03\/Oslo-museos-360x236.jpg 360w, https:\/\/eldigitaldeasturias.com\/radio\/wp-content\/uploads\/2023\/03\/Oslo-museos-768x503.jpg 768w, https:\/\/eldigitaldeasturias.com\/radio\/wp-content\/uploads\/2023\/03\/Oslo-museos-150x98.jpg 150w, https:\/\/eldigitaldeasturias.com\/radio\/wp-content\/uploads\/2023\/03\/Oslo-museos-450x295.jpg 450w, https:\/\/eldigitaldeasturias.com\/radio\/wp-content\/uploads\/2023\/03\/Oslo-museos.jpg 998w\" sizes=\"(max-width: 650px) 100vw, 650px\" \/><figcaption id=\"caption-attachment-7658\" class=\"wp-caption-text\">El Museo Edvard Munch est\u00e1 dedicado a la obra del c\u00e9lebre pintor noruego. Foto: Philipp Laage\/dpa<\/figcaption><\/figure>\n<p>Munch se dedic\u00f3 a los grandes temas y pint\u00f3 despedidas, desesperaci\u00f3n, la muerte. Expresaba sentimientos de los que la gente a menudo se averg\u00fcenza y que prefiere reprimir.<\/p>\n<p>Munch no sab\u00eda c\u00f3mo abordarlos. Pero el artista noruego (1863-1944) plasm\u00f3 todo en sus cuadros, que llevan t\u00edtulos como \u00abMiedo\u00bb, \u00abMelancol\u00eda\u00bb y \u00abCelos\u00bb. Con ellos se hizo mundialmente famoso. Sorpresivamente, el espectador siente una sensaci\u00f3n de consuelo.<\/p>\n<p>Esto se puede experimentar en el nuevo Museo Nacional de Oslo. All\u00ed, los noruegos han dedicado una sala a su Munch, en la que cuelgan 18 de sus obras, incluida la m\u00e1s famosa, \u00abEl grito\u00bb.<\/p>\n<p>En 2012, una versi\u00f3n del cuadro se subast\u00f3 por 119,9 millones de d\u00f3lares. Una suma r\u00e9cord mundial para una subasta de cuadros.<\/p>\n<h2>Oslo, embellecida<\/h2>\n<p>El mismo Museo Nacional tambi\u00e9n es superlativo, ya que es el mayor museo de arte del norte de Europa. Se inaugur\u00f3 en junio de este a\u00f1o.<\/p>\n<figure id=\"attachment_7656\" aria-describedby=\"caption-attachment-7656\" style=\"width: 997px\" class=\"wp-caption aligncenter\"><img decoding=\"async\" class=\"wp-image-7656 size-full\" src=\"https:\/\/eldigitaldeasturias.com\/radio\/wp-content\/uploads\/2023\/03\/Oslo.jpg\" alt=\"Oslo\" width=\"997\" height=\"651\" srcset=\"https:\/\/eldigitaldeasturias.com\/radio\/wp-content\/uploads\/2023\/03\/Oslo.jpg 997w, https:\/\/eldigitaldeasturias.com\/radio\/wp-content\/uploads\/2023\/03\/Oslo-360x235.jpg 360w, https:\/\/eldigitaldeasturias.com\/radio\/wp-content\/uploads\/2023\/03\/Oslo-768x501.jpg 768w, https:\/\/eldigitaldeasturias.com\/radio\/wp-content\/uploads\/2023\/03\/Oslo-150x98.jpg 150w, https:\/\/eldigitaldeasturias.com\/radio\/wp-content\/uploads\/2023\/03\/Oslo-450x294.jpg 450w\" sizes=\"(max-width: 997px) 100vw, 997px\" \/><figcaption id=\"caption-attachment-7656\" class=\"wp-caption-text\">La arquitectura moderna caracteriza la imagen del paseo mar\u00edtimo del distrito portuario de Oslo. Foto: Philipp Laage\/dpa<\/figcaption><\/figure>\n<p>No es la \u00fanica construcci\u00f3n nueva de los \u00faltimos tiempos, porque en octubre de 2021 el nuevo Museo Munch comenz\u00f3 a recibir a sus primeros visitantes. Se trata de un atrevido edificio situado justo enfrente de la blanca \u00f3pera que parece flotar como un iceberg en el fiordo de Oslo.<\/p>\n<p>La \u00f3pera marc\u00f3 el inicio de la gentrificaci\u00f3n del barrio portuario de Bj\u00f8rvika en 2008, y desde entonces han pasado muchas cosas.<\/p>\n<p>El paseo mar\u00edtimo mide hoy en d\u00eda unos nueve kil\u00f3metros. Oslo se puede recorrer c\u00f3modamente a pie.<\/p>\n<p>Si el visitante se aloja en el centro, cerca de la calle Karl Johans y de la estaci\u00f3n central de ferrocarril, podr\u00e1 caminar en cualquier direcci\u00f3n. Entre las opciones, se puede bajar hasta el agua y pasar por la fortaleza de Akershus, o ir hasta el Parque Ekeberg o a lo largo del r\u00edo Akerselva, subiendo desde el fiordo hasta el barrio nocturno de Gr\u00fcnerl\u00f8kka.<\/p>\n<p>La capital de Noruega se ha convertido en un destino tur\u00edstico que merece m\u00e1s que una visita de un d\u00eda en un crucero por el pa\u00eds n\u00f3rdico. El arte, y no solo Munch, ha contribuido de manera significativa a ello.<\/p>\n<h2>Una visita al nuevo Museo Nacional<\/h2>\n<p>\u00bfC\u00f3mo es el nuevo s\u00edmbolo de Oslo? Los museos suelen en general ser juzgados primero por fuera, como si debieran ser por s\u00ed mismos una obra de arte arquitect\u00f3nica.<\/p>\n<figure id=\"attachment_7655\" aria-describedby=\"caption-attachment-7655\" style=\"width: 650px\" class=\"wp-caption aligncenter\"><img decoding=\"async\" class=\"wp-image-7655\" src=\"https:\/\/eldigitaldeasturias.com\/radio\/wp-content\/uploads\/2023\/03\/museos-360x235.jpg\" alt=\"museos\" width=\"650\" height=\"424\" srcset=\"https:\/\/eldigitaldeasturias.com\/radio\/wp-content\/uploads\/2023\/03\/museos-360x235.jpg 360w, https:\/\/eldigitaldeasturias.com\/radio\/wp-content\/uploads\/2023\/03\/museos-768x501.jpg 768w, https:\/\/eldigitaldeasturias.com\/radio\/wp-content\/uploads\/2023\/03\/museos-150x98.jpg 150w, https:\/\/eldigitaldeasturias.com\/radio\/wp-content\/uploads\/2023\/03\/museos-450x294.jpg 450w, https:\/\/eldigitaldeasturias.com\/radio\/wp-content\/uploads\/2023\/03\/museos.jpg 1005w\" sizes=\"(max-width: 650px) 100vw, 650px\" \/><figcaption id=\"caption-attachment-7655\" class=\"wp-caption-text\">Imposible de recorrer en un d\u00eda: en el Museo Nacional de Oslo se exponen 6.500 obras en 86 salas. Foto: Philipp Laage\/dpa<\/figcaption><\/figure>\n<p>El Museo Nacional est\u00e1 casi escondido detr\u00e1s del Centro del Premio Nobel de la Paz, pero tiene un efecto imponente.<\/p>\n<p>En el interior, nada parece cerrado. Esta fortaleza de 600 millones de euros (586 millones de d\u00f3lares) alberga los tesoros art\u00edsticos m\u00e1s importantes del pa\u00eds. Es imposible abarcar la colecci\u00f3n en un d\u00eda; 6.500 obras se exponen en 86 salas.<\/p>\n<p>La colecci\u00f3n de la primera planta est\u00e1 dividida en dos partes, con muestras sobre dise\u00f1o antes y despu\u00e9s de 1900, cada uno dividido tem\u00e1ticamente.<\/p>\n<p>El visitante pasea de sala en sala como si se tratara de un castillo moderno. Podr\u00e1 ver de todo, desde bustos antiguos hasta porcelana china o arte en vidrio noruego, pasando por el elegante esplendor del dise\u00f1o escandinavo.<\/p>\n<p>En el segundo piso, se exhiben pinturas de pr\u00e1cticamente todas las \u00e9pocas del arte, en donde los visitantes pueden disfrutar los grandes nombres y sus obras. Tambi\u00e9n hay una muestra de arte sami, el pueblo ind\u00edgena de Noruega, con obras de Hannah Ryggen y John Savio, as\u00ed como otras de arte contempor\u00e1neo.<\/p>\n<p>En el piso superior, una luminosa sala de 130 metros de largo y techos a siete metros de altura exhibe muestras temporarias de artistas noruegos.<\/p>\n<h2>Lo que tambi\u00e9n hay que ver en Oslo<\/h2>\n<p>Al salir del museo, se puede ir a uno de los restaurantes al aire libre de Aker Brygge, justo junto al mar.<\/p>\n<p>O tambi\u00e9n seguir paseando, por ejemplo al Museo de Arte Moderno Astrup Fearnley, un edificio de Renzo Piano. All\u00ed se exhibe arte contempor\u00e1neo internacional, en exposiciones que cambian regularmente. Se pueden encontrar estrellas como Damien Hirst, as\u00ed como artistas probablemente desconocidos para el p\u00fablico en general.<\/p>\n<p>A veces tambi\u00e9n se puede hallar obras de arte en medio del espacio p\u00fablico de Oslo. Quien vaya hacia el Castillo de Oslo en direcci\u00f3n oeste, se encontrar\u00e1 en alg\u00fan momento con el parque Vigeland con esculturas en bronce y granito del escultor noruego Gustav Vigeland (1869-1943).<\/p>\n<p>El hito del parque es el \u00abMonolito\u00bb, un bloque \u00fanico de granito que se alza sobre una plataforma octogonal, de 17 metros de altura. Est\u00e1 esculpido con figuras humanas desnudas y entrelazadas.<\/p>\n<p>En el agua, frente a la \u00d3pera, se exhibe la instalaci\u00f3n \u00abShe Lies\u00bb, de Monica Bonvicini, una interpretaci\u00f3n de la pintura de Caspar David Friedrich \u00abDas Eismeer\u00bb (El mar glacial). Y frente al Museo Munch, una enorme estatua de bronce de la artista brit\u00e1nica Tracey Emin se eleva hacia el cielo.<\/p>\n<h2>Un encuentro con Munch<\/h2>\n<p>Por \u00faltimo, no hay que perderse el nuevo Museo Munch. Si se pregunta a los noruegos de Oslo qu\u00e9 piensan del edificio, se oir\u00e1n muchas burlas.<\/p>\n<p>\u00abMe gusta Munch, pero no me gusta nada el museo\u00bb, dice un arquitecto. Para algunos, el edificio parece armado con vallas protectoras o guardarails apilados unos encima de otros. Pero aqu\u00ed tambi\u00e9n son los valores que guarda en su interior los que cuentan. Y son fascinantes.<\/p>\n<p>El laborioso Munch dej\u00f3 en Oslo m\u00e1s de 26.000 pinturas y dibujos. Adem\u00e1s, hay 900 obras donadas por un amigo cercano del artista. El museo dedica siete de sus 13 plantas al arte. La exposici\u00f3n principal est\u00e1 dividida en doce \u00e1reas tem\u00e1ticas.<\/p>\n<p>Una de las salas muestra tres versiones del mundialmente famoso \u00abEl Grito\u00bb (que, por cierto, sirve de modelo para el emotic\u00f3n del grito), un cuadro, un dibujo y un grabado. Solo se exhibe una versi\u00f3n a la vez para proteger las obras de un exceso de luz.<\/p>\n<p>Otra gran sala muestra tres cuadros monumentales que Munch pint\u00f3 en su d\u00eda para el sal\u00f3n de ceremonias de la Universidad de Oslo. El maestro del arte pop Andy Warhol tambi\u00e9n retom\u00f3 algunas obras de Munch y recicl\u00f3 los motivos a su manera.<\/p>\n<h2>Munch muestra la vida tal como es<\/h2>\n<p>Como todo buen museo, este logra que el artista cobre vida. Al final, se entiende mejor los motivos de su arte.<\/p>\n<p>\u00abSin el miedo y la enfermedad, mi vida ser\u00eda como un barco sin remo\u00bb, dijo una vez. Se ha decepcionado una y otra vez con el amor, lo que ha influido en sus cuadros. Munch se dio cuenta de que donde hay pasi\u00f3n, hay dolor. Donde hay deseo, tambi\u00e9n hay p\u00e9rdida.<\/p>\n<p>El arte siempre funciona con el trasfondo de ciertos imperativos sociales. Actualmente, se ha podido identificar uno que supone que las personas deben caminar por la vida todos los d\u00edas felices, autodeterminadas y aut\u00e9nticas. Munch recuerda que esto es poco realista. Esta constataci\u00f3n puede resultar decepcionante. O liberadora.<\/p>\n<h2>Informaci\u00f3n sobre Oslo<\/h2>\n<p>Se puede llegar a Oslo por v\u00eda a\u00e9rea. Tambi\u00e9n por v\u00eda mar\u00edtima, con ferrys que zarpan desde distintos puertos europeos.<\/p>\n<p>Un euro equivale a 10,30 coronas noruegas. Pero no se necesita llevar dinero en efectivo, en todos lados se puede pagar con tarjeta de cr\u00e9dito. Aunque se recomienda tener fondos suficientes en el banco porque Oslo es una de la ciudades europeas m\u00e1s caras. Para mayor informaci\u00f3n, ingresar a www.visitoslo.com<\/p>\n<p><i class=\"lang-es\"><span class=\" readonly\" title=\"\">Por Philipp Laage (dpa)<\/span><\/i><\/p>\n","protected":false},"excerpt":{"rendered":"<p>(dpa) &#8211; Primero un atrevido museo sobre Edvard Munch y ahora tambi\u00e9n el nuevo Museo Nacional destacan a Oslo, la capital de Noruega, como una metr\u00f3polis cultural de inter\u00e9s mundial. Munch se dedic\u00f3 a los grandes temas y pint\u00f3 despedidas, desesperaci\u00f3n, la muerte. Expresaba sentimientos de los que la gente a menudo se averg\u00fcenza y<\/p>\n","protected":false},"author":1,"featured_media":7658,"comment_status":"closed","ping_status":"closed","sticky":false,"template":"","format":"standard","meta":{"footnotes":""},"categories":[34],"tags":[79,9],"class_list":{"0":"post-7654","1":"post","2":"type-post","3":"status-publish","4":"format-standard","5":"has-post-thumbnail","7":"category-turismo","8":"tag-cultura","9":"tag-turismo"},"aioseo_notices":[],"aioseo_head":"\n\t\t<!-- All in One SEO Pro 4.9.6.2 - aioseo.com -->\n\t<meta name=\"description\" content=\"(dpa) - Primero un atrevido museo sobre Edvard Munch y ahora tambi\u00e9n el nuevo Museo Nacional destacan a Oslo, la capital de Noruega, como una metr\u00f3polis\" \/>\n\t<meta name=\"robots\" content=\"max-image-preview:large\" \/>\n\t<meta name=\"author\" content=\"NBAsturias\"\/>\n\t<meta name=\"google-site-verification\" content=\"UA-38556648-1\" \/>\n\t<meta name=\"keywords\" content=\"turismo\" \/>\n\t<link rel=\"canonical\" href=\"https:\/\/eldigitaldeasturias.com\/radio\/de-ruta-por-los-museos-de-oslo\/\" \/>\n\t<meta name=\"generator\" content=\"All in One SEO Pro (AIOSEO) 4.9.6.2\" \/>\n\t\t<meta property=\"og:locale\" content=\"es_ES\" \/>\n\t\t<meta property=\"og:site_name\" content=\"El Digital de Asturias | Diario de informaci\u00f3n y noticias\" \/>\n\t\t<meta property=\"og:type\" content=\"article\" \/>\n\t\t<meta property=\"og:title\" content=\"De ruta por los museos de Oslo | El Digital de Asturias\" \/>\n\t\t<meta property=\"og:description\" content=\"(dpa) - Primero un atrevido museo sobre Edvard Munch y ahora tambi\u00e9n el nuevo Museo Nacional destacan a Oslo, la capital de Noruega, como una metr\u00f3polis\" \/>\n\t\t<meta property=\"og:url\" content=\"https:\/\/eldigitaldeasturias.com\/radio\/de-ruta-por-los-museos-de-oslo\/\" \/>\n\t\t<meta property=\"og:image\" content=\"https:\/\/eldigitaldeasturias.com\/radio\/wp-content\/uploads\/2023\/03\/Oslo-museos.jpg\" \/>\n\t\t<meta property=\"og:image:secure_url\" content=\"https:\/\/eldigitaldeasturias.com\/radio\/wp-content\/uploads\/2023\/03\/Oslo-museos.jpg\" \/>\n\t\t<meta property=\"og:image:width\" content=\"998\" \/>\n\t\t<meta property=\"og:image:height\" content=\"654\" \/>\n\t\t<meta property=\"article:published_time\" content=\"2023-03-07T11:55:18+00:00\" \/>\n\t\t<meta property=\"article:modified_time\" content=\"2023-03-07T11:55:18+00:00\" \/>\n\t\t<meta name=\"twitter:card\" content=\"summary_large_image\" \/>\n\t\t<meta name=\"twitter:site\" content=\"@bercodi\" \/>\n\t\t<meta name=\"twitter:title\" content=\"De ruta por los museos de Oslo | El Digital de Asturias\" \/>\n\t\t<meta name=\"twitter:description\" content=\"(dpa) - Primero un atrevido museo sobre Edvard Munch y ahora tambi\u00e9n el nuevo Museo Nacional destacan a Oslo, la capital de Noruega, como una metr\u00f3polis\" \/>\n\t\t<meta name=\"twitter:creator\" content=\"@bercodi\" \/>\n\t\t<meta name=\"twitter:image\" content=\"https:\/\/eldigitaldeasturias.com\/radio\/wp-content\/uploads\/2023\/03\/Oslo-museos.jpg\" \/>\n\t\t<script type=\"application\/ld+json\" class=\"aioseo-schema\">\n\t\t\t{\"@context\":\"https:\\\/\\\/schema.org\",\"@graph\":[{\"@type\":\"BreadcrumbList\",\"@id\":\"https:\\\/\\\/eldigitaldeasturias.com\\\/radio\\\/de-ruta-por-los-museos-de-oslo\\\/#breadcrumblist\",\"itemListElement\":[{\"@type\":\"ListItem\",\"@id\":\"https:\\\/\\\/eldigitaldeasturias.com\\\/radio#listItem\",\"position\":1,\"name\":\"Inicio\",\"item\":\"https:\\\/\\\/eldigitaldeasturias.com\\\/radio\",\"nextItem\":{\"@type\":\"ListItem\",\"@id\":\"https:\\\/\\\/eldigitaldeasturias.com\\\/radio\\\/category\\\/turismo\\\/#listItem\",\"name\":\"Turismo\"}},{\"@type\":\"ListItem\",\"@id\":\"https:\\\/\\\/eldigitaldeasturias.com\\\/radio\\\/category\\\/turismo\\\/#listItem\",\"position\":2,\"name\":\"Turismo\",\"item\":\"https:\\\/\\\/eldigitaldeasturias.com\\\/radio\\\/category\\\/turismo\\\/\",\"nextItem\":{\"@type\":\"ListItem\",\"@id\":\"https:\\\/\\\/eldigitaldeasturias.com\\\/radio\\\/de-ruta-por-los-museos-de-oslo\\\/#listItem\",\"name\":\"De ruta por los museos de Oslo\"},\"previousItem\":{\"@type\":\"ListItem\",\"@id\":\"https:\\\/\\\/eldigitaldeasturias.com\\\/radio#listItem\",\"name\":\"Inicio\"}},{\"@type\":\"ListItem\",\"@id\":\"https:\\\/\\\/eldigitaldeasturias.com\\\/radio\\\/de-ruta-por-los-museos-de-oslo\\\/#listItem\",\"position\":3,\"name\":\"De ruta por los museos de Oslo\",\"previousItem\":{\"@type\":\"ListItem\",\"@id\":\"https:\\\/\\\/eldigitaldeasturias.com\\\/radio\\\/category\\\/turismo\\\/#listItem\",\"name\":\"Turismo\"}}]},{\"@type\":\"NewsArticle\",\"@id\":\"https:\\\/\\\/eldigitaldeasturias.com\\\/radio\\\/de-ruta-por-los-museos-de-oslo\\\/#newsarticle\",\"name\":\"De ruta por los museos de Oslo | El Digital de Asturias\",\"headline\":\"De ruta por los museos de Oslo\",\"author\":{\"@id\":\"https:\\\/\\\/eldigitaldeasturias.com\\\/radio\\\/author\\\/nbasturias\\\/#author\"},\"publisher\":{\"@id\":\"https:\\\/\\\/eldigitaldeasturias.com\\\/radio\\\/#organization\"},\"image\":{\"@type\":\"ImageObject\",\"url\":\"https:\\\/\\\/eldigitaldeasturias.com\\\/radio\\\/wp-content\\\/uploads\\\/2023\\\/03\\\/Oslo-museos.jpg\",\"width\":998,\"height\":654,\"caption\":\"El Museo Edvard Munch est\\u00e1 dedicado a la obra del c\\u00e9lebre pintor noruego. Foto: Philipp Laage\\\/dpa\"},\"datePublished\":\"2023-03-07T12:55:18+01:00\",\"dateModified\":\"2023-03-07T12:55:18+01:00\",\"inLanguage\":\"es-ES\",\"mainEntityOfPage\":{\"@id\":\"https:\\\/\\\/eldigitaldeasturias.com\\\/radio\\\/de-ruta-por-los-museos-de-oslo\\\/#webpage\"},\"isPartOf\":{\"@id\":\"https:\\\/\\\/eldigitaldeasturias.com\\\/radio\\\/de-ruta-por-los-museos-de-oslo\\\/#webpage\"},\"articleSection\":\"Turismo, cultura, turismo\",\"dateline\":\"Publicado el marzo 7, 2023.\"},{\"@type\":\"Organization\",\"@id\":\"https:\\\/\\\/eldigitaldeasturias.com\\\/radio\\\/#organization\",\"name\":\"El digital de Asturias Radio\",\"description\":\"Diario de informaci\\u00f3n y noticias\",\"url\":\"https:\\\/\\\/eldigitaldeasturias.com\\\/radio\\\/\",\"telephone\":\"+34652131393\",\"logo\":{\"@type\":\"ImageObject\",\"url\":\"https:\\\/\\\/www.eldigitaldeasturias.com\\\/radio\\\/wp-content\\\/uploads\\\/2021\\\/03\\\/EDA.jpg\",\"@id\":\"https:\\\/\\\/eldigitaldeasturias.com\\\/radio\\\/de-ruta-por-los-museos-de-oslo\\\/#organizationLogo\"},\"image\":{\"@id\":\"https:\\\/\\\/eldigitaldeasturias.com\\\/radio\\\/de-ruta-por-los-museos-de-oslo\\\/#organizationLogo\"},\"sameAs\":[\"https:\\\/\\\/www.facebook.com\\\/\",\"https:\\\/\\\/x.com\\\/bercodi\",\"https:\\\/\\\/www.instagram.com\\\/\",\"https:\\\/\\\/www.youtube.com\\\/channel\\\/UCZP-2wLEB9Rv6erhFmqVnvg\"]},{\"@type\":\"Person\",\"@id\":\"https:\\\/\\\/eldigitaldeasturias.com\\\/radio\\\/author\\\/nbasturias\\\/#author\",\"url\":\"https:\\\/\\\/eldigitaldeasturias.com\\\/radio\\\/author\\\/nbasturias\\\/\",\"name\":\"NBAsturias\",\"image\":{\"@type\":\"ImageObject\",\"@id\":\"https:\\\/\\\/eldigitaldeasturias.com\\\/radio\\\/de-ruta-por-los-museos-de-oslo\\\/#authorImage\",\"url\":\"https:\\\/\\\/secure.gravatar.com\\\/avatar\\\/df2aeffc32bcd13f8d26072ef8a91b623d677766deac7f97ca815868cd41bf5e?s=96&d=mm&r=g\",\"width\":96,\"height\":96,\"caption\":\"NBAsturias\"}},{\"@type\":\"WebPage\",\"@id\":\"https:\\\/\\\/eldigitaldeasturias.com\\\/radio\\\/de-ruta-por-los-museos-de-oslo\\\/#webpage\",\"url\":\"https:\\\/\\\/eldigitaldeasturias.com\\\/radio\\\/de-ruta-por-los-museos-de-oslo\\\/\",\"name\":\"De ruta por los museos de Oslo | El Digital de Asturias\",\"description\":\"(dpa) - Primero un atrevido museo sobre Edvard Munch y ahora tambi\\u00e9n el nuevo Museo Nacional destacan a Oslo, la capital de Noruega, como una metr\\u00f3polis\",\"inLanguage\":\"es-ES\",\"isPartOf\":{\"@id\":\"https:\\\/\\\/eldigitaldeasturias.com\\\/radio\\\/#website\"},\"breadcrumb\":{\"@id\":\"https:\\\/\\\/eldigitaldeasturias.com\\\/radio\\\/de-ruta-por-los-museos-de-oslo\\\/#breadcrumblist\"},\"author\":{\"@id\":\"https:\\\/\\\/eldigitaldeasturias.com\\\/radio\\\/author\\\/nbasturias\\\/#author\"},\"creator\":{\"@id\":\"https:\\\/\\\/eldigitaldeasturias.com\\\/radio\\\/author\\\/nbasturias\\\/#author\"},\"image\":{\"@type\":\"ImageObject\",\"url\":\"https:\\\/\\\/eldigitaldeasturias.com\\\/radio\\\/wp-content\\\/uploads\\\/2023\\\/03\\\/Oslo-museos.jpg\",\"@id\":\"https:\\\/\\\/eldigitaldeasturias.com\\\/radio\\\/de-ruta-por-los-museos-de-oslo\\\/#mainImage\",\"width\":998,\"height\":654,\"caption\":\"El Museo Edvard Munch est\\u00e1 dedicado a la obra del c\\u00e9lebre pintor noruego. Foto: Philipp Laage\\\/dpa\"},\"primaryImageOfPage\":{\"@id\":\"https:\\\/\\\/eldigitaldeasturias.com\\\/radio\\\/de-ruta-por-los-museos-de-oslo\\\/#mainImage\"},\"datePublished\":\"2023-03-07T12:55:18+01:00\",\"dateModified\":\"2023-03-07T12:55:18+01:00\"},{\"@type\":\"WebSite\",\"@id\":\"https:\\\/\\\/eldigitaldeasturias.com\\\/radio\\\/#website\",\"url\":\"https:\\\/\\\/eldigitaldeasturias.com\\\/radio\\\/\",\"name\":\"El Digital de Asturias\",\"description\":\"Diario de informaci\\u00f3n y noticias\",\"inLanguage\":\"es-ES\",\"publisher\":{\"@id\":\"https:\\\/\\\/eldigitaldeasturias.com\\\/radio\\\/#organization\"}}]}\n\t\t<\/script>\n\t\t<!-- All in One SEO Pro -->\r\n\t\t<title>De ruta por los museos de Oslo | El Digital de Asturias<\/title>\n\n","aioseo_head_json":{"title":"De ruta por los museos de Oslo | El Digital de Asturias","description":"(dpa) - Primero un atrevido museo sobre Edvard Munch y ahora tambi\u00e9n el nuevo Museo Nacional destacan a Oslo, la capital de Noruega, como una metr\u00f3polis","canonical_url":"https:\/\/eldigitaldeasturias.com\/radio\/de-ruta-por-los-museos-de-oslo\/","robots":"max-image-preview:large","keywords":"turismo","webmasterTools":{"google-site-verification":"UA-38556648-1","miscellaneous":""},"schema":{"@context":"https:\/\/schema.org","@graph":[{"@type":"BreadcrumbList","@id":"https:\/\/eldigitaldeasturias.com\/radio\/de-ruta-por-los-museos-de-oslo\/#breadcrumblist","itemListElement":[{"@type":"ListItem","@id":"https:\/\/eldigitaldeasturias.com\/radio#listItem","position":1,"name":"Inicio","item":"https:\/\/eldigitaldeasturias.com\/radio","nextItem":{"@type":"ListItem","@id":"https:\/\/eldigitaldeasturias.com\/radio\/category\/turismo\/#listItem","name":"Turismo"}},{"@type":"ListItem","@id":"https:\/\/eldigitaldeasturias.com\/radio\/category\/turismo\/#listItem","position":2,"name":"Turismo","item":"https:\/\/eldigitaldeasturias.com\/radio\/category\/turismo\/","nextItem":{"@type":"ListItem","@id":"https:\/\/eldigitaldeasturias.com\/radio\/de-ruta-por-los-museos-de-oslo\/#listItem","name":"De ruta por los museos de Oslo"},"previousItem":{"@type":"ListItem","@id":"https:\/\/eldigitaldeasturias.com\/radio#listItem","name":"Inicio"}},{"@type":"ListItem","@id":"https:\/\/eldigitaldeasturias.com\/radio\/de-ruta-por-los-museos-de-oslo\/#listItem","position":3,"name":"De ruta por los museos de Oslo","previousItem":{"@type":"ListItem","@id":"https:\/\/eldigitaldeasturias.com\/radio\/category\/turismo\/#listItem","name":"Turismo"}}]},{"@type":"NewsArticle","@id":"https:\/\/eldigitaldeasturias.com\/radio\/de-ruta-por-los-museos-de-oslo\/#newsarticle","name":"De ruta por los museos de Oslo | El Digital de Asturias","headline":"De ruta por los museos de Oslo","author":{"@id":"https:\/\/eldigitaldeasturias.com\/radio\/author\/nbasturias\/#author"},"publisher":{"@id":"https:\/\/eldigitaldeasturias.com\/radio\/#organization"},"image":{"@type":"ImageObject","url":"https:\/\/eldigitaldeasturias.com\/radio\/wp-content\/uploads\/2023\/03\/Oslo-museos.jpg","width":998,"height":654,"caption":"El Museo Edvard Munch est\u00e1 dedicado a la obra del c\u00e9lebre pintor noruego. Foto: Philipp Laage\/dpa"},"datePublished":"2023-03-07T12:55:18+01:00","dateModified":"2023-03-07T12:55:18+01:00","inLanguage":"es-ES","mainEntityOfPage":{"@id":"https:\/\/eldigitaldeasturias.com\/radio\/de-ruta-por-los-museos-de-oslo\/#webpage"},"isPartOf":{"@id":"https:\/\/eldigitaldeasturias.com\/radio\/de-ruta-por-los-museos-de-oslo\/#webpage"},"articleSection":"Turismo, cultura, turismo","dateline":"Publicado el marzo 7, 2023."},{"@type":"Organization","@id":"https:\/\/eldigitaldeasturias.com\/radio\/#organization","name":"El digital de Asturias Radio","description":"Diario de informaci\u00f3n y noticias","url":"https:\/\/eldigitaldeasturias.com\/radio\/","telephone":"+34652131393","logo":{"@type":"ImageObject","url":"https:\/\/www.eldigitaldeasturias.com\/radio\/wp-content\/uploads\/2021\/03\/EDA.jpg","@id":"https:\/\/eldigitaldeasturias.com\/radio\/de-ruta-por-los-museos-de-oslo\/#organizationLogo"},"image":{"@id":"https:\/\/eldigitaldeasturias.com\/radio\/de-ruta-por-los-museos-de-oslo\/#organizationLogo"},"sameAs":["https:\/\/www.facebook.com\/","https:\/\/x.com\/bercodi","https:\/\/www.instagram.com\/","https:\/\/www.youtube.com\/channel\/UCZP-2wLEB9Rv6erhFmqVnvg"]},{"@type":"Person","@id":"https:\/\/eldigitaldeasturias.com\/radio\/author\/nbasturias\/#author","url":"https:\/\/eldigitaldeasturias.com\/radio\/author\/nbasturias\/","name":"NBAsturias","image":{"@type":"ImageObject","@id":"https:\/\/eldigitaldeasturias.com\/radio\/de-ruta-por-los-museos-de-oslo\/#authorImage","url":"https:\/\/secure.gravatar.com\/avatar\/df2aeffc32bcd13f8d26072ef8a91b623d677766deac7f97ca815868cd41bf5e?s=96&d=mm&r=g","width":96,"height":96,"caption":"NBAsturias"}},{"@type":"WebPage","@id":"https:\/\/eldigitaldeasturias.com\/radio\/de-ruta-por-los-museos-de-oslo\/#webpage","url":"https:\/\/eldigitaldeasturias.com\/radio\/de-ruta-por-los-museos-de-oslo\/","name":"De ruta por los museos de Oslo | El Digital de Asturias","description":"(dpa) - Primero un atrevido museo sobre Edvard Munch y ahora tambi\u00e9n el nuevo Museo Nacional destacan a Oslo, la capital de Noruega, como una metr\u00f3polis","inLanguage":"es-ES","isPartOf":{"@id":"https:\/\/eldigitaldeasturias.com\/radio\/#website"},"breadcrumb":{"@id":"https:\/\/eldigitaldeasturias.com\/radio\/de-ruta-por-los-museos-de-oslo\/#breadcrumblist"},"author":{"@id":"https:\/\/eldigitaldeasturias.com\/radio\/author\/nbasturias\/#author"},"creator":{"@id":"https:\/\/eldigitaldeasturias.com\/radio\/author\/nbasturias\/#author"},"image":{"@type":"ImageObject","url":"https:\/\/eldigitaldeasturias.com\/radio\/wp-content\/uploads\/2023\/03\/Oslo-museos.jpg","@id":"https:\/\/eldigitaldeasturias.com\/radio\/de-ruta-por-los-museos-de-oslo\/#mainImage","width":998,"height":654,"caption":"El Museo Edvard Munch est\u00e1 dedicado a la obra del c\u00e9lebre pintor noruego. Foto: Philipp Laage\/dpa"},"primaryImageOfPage":{"@id":"https:\/\/eldigitaldeasturias.com\/radio\/de-ruta-por-los-museos-de-oslo\/#mainImage"},"datePublished":"2023-03-07T12:55:18+01:00","dateModified":"2023-03-07T12:55:18+01:00"},{"@type":"WebSite","@id":"https:\/\/eldigitaldeasturias.com\/radio\/#website","url":"https:\/\/eldigitaldeasturias.com\/radio\/","name":"El Digital de Asturias","description":"Diario de informaci\u00f3n y noticias","inLanguage":"es-ES","publisher":{"@id":"https:\/\/eldigitaldeasturias.com\/radio\/#organization"}}]},"og:locale":"es_ES","og:site_name":"El Digital de Asturias | Diario de informaci\u00f3n y noticias","og:type":"article","og:title":"De ruta por los museos de Oslo | El Digital de Asturias","og:description":"(dpa) - Primero un atrevido museo sobre Edvard Munch y ahora tambi\u00e9n el nuevo Museo Nacional destacan a Oslo, la capital de Noruega, como una metr\u00f3polis","og:url":"https:\/\/eldigitaldeasturias.com\/radio\/de-ruta-por-los-museos-de-oslo\/","og:image":"https:\/\/eldigitaldeasturias.com\/radio\/wp-content\/uploads\/2023\/03\/Oslo-museos.jpg","og:image:secure_url":"https:\/\/eldigitaldeasturias.com\/radio\/wp-content\/uploads\/2023\/03\/Oslo-museos.jpg","og:image:width":998,"og:image:height":654,"article:published_time":"2023-03-07T11:55:18+00:00","article:modified_time":"2023-03-07T11:55:18+00:00","twitter:card":"summary_large_image","twitter:site":"@bercodi","twitter:title":"De ruta por los museos de Oslo | El Digital de Asturias","twitter:description":"(dpa) - Primero un atrevido museo sobre Edvard Munch y ahora tambi\u00e9n el nuevo Museo Nacional destacan a Oslo, la capital de Noruega, como una metr\u00f3polis","twitter:creator":"@bercodi","twitter:image":"https:\/\/eldigitaldeasturias.com\/radio\/wp-content\/uploads\/2023\/03\/Oslo-museos.jpg"},"aioseo_meta_data":{"post_id":"7654","title":null,"description":"(dpa) - Primero un atrevido museo sobre Edvard Munch y ahora tambi\u00e9n el nuevo Museo Nacional destacan a Oslo, la capital de Noruega, como una metr\u00f3polis","keywords":[],"keyphrases":{"focus":{"keyphrase":"Oslo","score":93,"analysis":{"keyphraseInTitle":{"score":9,"maxScore":9,"error":0},"keyphraseInDescription":{"score":9,"maxScore":9,"error":0},"keyphraseLength":{"score":9,"maxScore":9,"error":0,"length":1},"keyphraseInURL":{"score":1,"maxScore":5,"error":1},"keyphraseInIntroduction":{"score":9,"maxScore":9,"error":0},"keyphraseInSubHeadings":{"score":9,"maxScore":9,"error":0},"keyphraseInImageAlt":{"score":9,"maxScore":9,"error":0}}},"additional":[{"keyphrase":"museo","score":100,"analysis":{"keyphraseInDescription":{"score":9,"maxScore":9,"error":0},"keyphraseLength":{"score":9,"maxScore":9,"error":0,"length":1},"keyphraseInIntroduction":{"score":9,"maxScore":9,"error":0},"keyphraseInImageAlt":{"score":9,"maxScore":9,"error":0}}}]},"primary_term":null,"canonical_url":null,"og_title":null,"og_description":null,"og_object_type":"default","og_image_type":"default","og_image_url":null,"og_image_width":null,"og_image_height":null,"og_image_custom_url":null,"og_image_custom_fields":null,"og_video":"","og_custom_url":null,"og_article_section":null,"og_article_tags":[],"twitter_use_og":false,"twitter_card":"default","twitter_image_type":"default","twitter_image_url":null,"twitter_image_custom_url":null,"twitter_image_custom_fields":null,"twitter_title":null,"twitter_description":null,"schema":{"blockGraphs":[],"customGraphs":[],"default":{"data":{"Article":[],"Course":[],"Dataset":[],"FAQPage":[],"Movie":[],"Person":[],"Product":[],"ProductReview":[],"Car":[],"Recipe":[],"Service":[],"SoftwareApplication":[],"WebPage":[]},"graphName":"NewsArticle","isEnabled":true},"graphs":[]},"schema_type":"default","schema_type_options":null,"pillar_content":false,"robots_default":true,"robots_noindex":false,"robots_noarchive":false,"robots_nosnippet":false,"robots_nofollow":false,"robots_noimageindex":false,"robots_noodp":false,"robots_notranslate":false,"robots_max_snippet":"-1","robots_max_videopreview":"-1","robots_max_imagepreview":"large","priority":null,"frequency":"default","location":null,"local_seo":null,"seo_analyzer_scan_date":"2025-08-28 21:00:32","breadcrumb_settings":null,"limit_modified_date":false,"open_ai":"{\"title\":{\"suggestions\":[],\"usage\":0},\"description\":{\"suggestions\":[],\"usage\":0}}","ai":null,"created":"2023-03-07 11:41:04","updated":"2025-08-28 21:00:32"},"aioseo_breadcrumb":"<div class=\"aioseo-breadcrumbs\"><span class=\"aioseo-breadcrumb\">\n\t<a href=\"https:\/\/eldigitaldeasturias.com\/radio\" title=\"Inicio\">Inicio<\/a>\n<\/span><span class=\"aioseo-breadcrumb-separator\">&ndash;<\/span><span class=\"aioseo-breadcrumb\">\n\t<a href=\"https:\/\/eldigitaldeasturias.com\/radio\/category\/turismo\/\" title=\"Turismo\">Turismo<\/a>\n<\/span><span class=\"aioseo-breadcrumb-separator\">&ndash;<\/span><span class=\"aioseo-breadcrumb\">\n\tDe ruta por los museos de Oslo\n<\/span><\/div>","aioseo_breadcrumb_json":[{"label":"Inicio","link":"https:\/\/eldigitaldeasturias.com\/radio"},{"label":"Turismo","link":"https:\/\/eldigitaldeasturias.com\/radio\/category\/turismo\/"},{"label":"De ruta por los museos de Oslo","link":"https:\/\/eldigitaldeasturias.com\/radio\/de-ruta-por-los-museos-de-oslo\/"}],"_links":{"self":[{"href":"https:\/\/eldigitaldeasturias.com\/radio\/wp-json\/wp\/v2\/posts\/7654","targetHints":{"allow":["GET"]}}],"collection":[{"href":"https:\/\/eldigitaldeasturias.com\/radio\/wp-json\/wp\/v2\/posts"}],"about":[{"href":"https:\/\/eldigitaldeasturias.com\/radio\/wp-json\/wp\/v2\/types\/post"}],"author":[{"embeddable":true,"href":"https:\/\/eldigitaldeasturias.com\/radio\/wp-json\/wp\/v2\/users\/1"}],"replies":[{"embeddable":true,"href":"https:\/\/eldigitaldeasturias.com\/radio\/wp-json\/wp\/v2\/comments?post=7654"}],"version-history":[{"count":0,"href":"https:\/\/eldigitaldeasturias.com\/radio\/wp-json\/wp\/v2\/posts\/7654\/revisions"}],"wp:featuredmedia":[{"embeddable":true,"href":"https:\/\/eldigitaldeasturias.com\/radio\/wp-json\/wp\/v2\/media\/7658"}],"wp:attachment":[{"href":"https:\/\/eldigitaldeasturias.com\/radio\/wp-json\/wp\/v2\/media?parent=7654"}],"wp:term":[{"taxonomy":"category","embeddable":true,"href":"https:\/\/eldigitaldeasturias.com\/radio\/wp-json\/wp\/v2\/categories?post=7654"},{"taxonomy":"post_tag","embeddable":true,"href":"https:\/\/eldigitaldeasturias.com\/radio\/wp-json\/wp\/v2\/tags?post=7654"}],"curies":[{"name":"wp","href":"https:\/\/api.w.org\/{rel}","templated":true}]}}