{"id":7500,"date":"2022-12-05T09:55:12","date_gmt":"2022-12-05T08:55:12","guid":{"rendered":"https:\/\/eldigitaldeasturias.com\/radio\/?p=7500"},"modified":"2022-12-05T09:55:12","modified_gmt":"2022-12-05T08:55:12","slug":"la-compania-grupomar-fundada-por-antonio-suarez-gutierrez-muestra-su-compromiso-con-la-pesca-sostenible","status":"publish","type":"post","link":"https:\/\/eldigitaldeasturias.com\/radio\/la-compania-grupomar-fundada-por-antonio-suarez-gutierrez-muestra-su-compromiso-con-la-pesca-sostenible\/","title":{"rendered":"La compa\u00f1\u00eda Grupomar, fundada por Antonio Su\u00e1rez Guti\u00e9rrez, muestra su compromiso con la pesca sostenible"},"content":{"rendered":"<p><span style=\"font-weight: 400;\">El <\/span><b>D\u00eda Mundial de la Pesca <\/b><span style=\"font-weight: 400;\">se ha convertido en una fecha clave para <\/span><span style=\"color: #ff6600;\"><strong><a style=\"color: #ff6600;\" href=\"https:\/\/cordopolis.eldiario.es\/mas-noticias\/grupomar-antonio-suarez-gutierrez-reafirma-compromiso-oceanos-dia-mundial-pesca_1_9737194.html\" target=\"_blank\" rel=\"nofollow noopener\">Grupomar<\/a><\/strong><\/span><span style=\"font-weight: 400;\">. La empresa que preside <\/span><b>Antonio Su\u00e1rez Guti\u00e9rrez<\/b><span style=\"font-weight: 400;\"> reafirm\u00f3 su compromiso con los ecosistemas oce\u00e1nicos y las pr\u00e1cticas pesqueras sostenibles coincidiendo con este d\u00eda tan significativa. \u201cPara Grupomar la pesca sostenible es de gran importancia, hemos garantizado su aplicaci\u00f3n a trav\u00e9s del establecimiento de procedimientos y mecanismos certificados para impulsar la producci\u00f3n y transformaci\u00f3n de la materia prima con acciones que minimicen el impacto sobre especies protegidas, amenazadas o en peligro de extinci\u00f3n\u201d, declar\u00f3 Su\u00e1rez Guti\u00e9rrez.<\/span><\/p>\n<p><img fetchpriority=\"high\" decoding=\"async\" class=\"aligncenter wp-image-7501\" src=\"https:\/\/eldigitaldeasturias.com\/radio\/wp-content\/uploads\/2022\/12\/Grupomar-360x225.jpg\" alt=\"Grupomar\" width=\"650\" height=\"406\" srcset=\"https:\/\/eldigitaldeasturias.com\/radio\/wp-content\/uploads\/2022\/12\/Grupomar-360x225.jpg 360w, https:\/\/eldigitaldeasturias.com\/radio\/wp-content\/uploads\/2022\/12\/Grupomar-1024x640.jpg 1024w, https:\/\/eldigitaldeasturias.com\/radio\/wp-content\/uploads\/2022\/12\/Grupomar-768x480.jpg 768w, https:\/\/eldigitaldeasturias.com\/radio\/wp-content\/uploads\/2022\/12\/Grupomar-150x94.jpg 150w, https:\/\/eldigitaldeasturias.com\/radio\/wp-content\/uploads\/2022\/12\/Grupomar-450x281.jpg 450w, https:\/\/eldigitaldeasturias.com\/radio\/wp-content\/uploads\/2022\/12\/Grupomar.jpg 1120w\" sizes=\"(max-width: 650px) 100vw, 650px\" \/><\/p>\n<p><span style=\"font-weight: 400;\">No es solo una fecha significativa para el conglomerado mexicano, todas las comunidades pesqueras que luchan por mantener la salud de los oc\u00e9anos y garantizar la sostenibilidad de las especies de peces se volcaron en la celebraci\u00f3n de este d\u00eda.<\/span><\/p>\n<p><span style=\"font-weight: 400;\">Un d\u00eda de celebraci\u00f3n, pero tambi\u00e9n de reivindicaci\u00f3n, pues seg\u00fan recientes informes realizados por la ONU: <\/span><b>m\u00e1s de dos tercios de las pesquer\u00edas a nivel global son explotadas o practican la sobrepesca<\/b><span style=\"font-weight: 400;\">. Asimismo, m\u00e1s de un tercio se encuentran en declive a causa de elementos como el calentamiento global, la contaminaci\u00f3n de las costas y oc\u00e9anos debido a actividades dom\u00e9sticas e industriales que afectan los h\u00e1bitats esenciales para los peces.<\/span><\/p>\n<p><span style=\"font-weight: 400;\">Por todos estos datos, desde el equipo directivo de Grupomar se decidi\u00f3 expresar nuevamente su compromiso con los oc\u00e9anos, recordando la importancia de trabajar juntos para crear un nuevo equilibrio que restaure su vitalidad y le devuelva una nueva vida.<\/span><\/p>\n<h2><b>Antonio Su\u00e1rez Guti\u00e9rrez se adhiere al Pacto Mundial M\u00e9xico y la agenda 2030 de la ONU con su empresa Grupomar<\/b><\/h2>\n<p><span style=\"font-weight: 400;\">El equipo directivo de Grupomar ha expuesto la importancia de realizar actividades pesqueras seguras y comprometidas con el medio ambiente. Como parte de los compromisos de <\/span><b>Grupomar con la adhesi\u00f3n al Pacto Mundial M\u00e9xico y la agenda 2030 de la ONU<\/b><span style=\"font-weight: 400;\">, la empresa mexicana ha impulsado una serie de proyectos, programas e iniciativas dedicados a la protecci\u00f3n del ecosistema mar\u00edtimo y las pr\u00e1cticas sustentables.<\/span><\/p>\n<p><span style=\"font-weight: 400;\">Entre los proyectos se menciona a \u201cArrecifes Artificiales\u201d. Esta iniciativa se cre\u00f3 con el objetivo de impulsar directamente la preservaci\u00f3n del ecosistema marino, el fortalecimiento de la econom\u00eda local, la seguridad de los pescadores ribere\u00f1os y la sustentabilidad de la pesca.<\/span><\/p>\n<p><span style=\"font-weight: 400;\">\u201cArrecifes Artificiales\u201d se pudo llevar a cabo gracias a la colaboraci\u00f3n con el INAPESCA, la SEMAR, la Capitan\u00eda de Puerto de Manzanillo, la Administraci\u00f3n Portuaria Integral de Manzanillo y SEMARNAT. Juntos han donado dos buques en desuso para hundirlos y formar el primer pol\u00edgono de pesca ribere\u00f1a en M\u00e9xico en su tipo.<\/span><\/p>\n<p><span style=\"font-weight: 400;\">Actualmente, la flota atunera de Su\u00e1rez Guti\u00e9rrez se encuentra inscrita con una serie de programas de pesca sostenible que validan la rigurosidad de sus pr\u00e1cticas pesqueras. El \u201cPrograma de Observadores a Bordo\u201d, establecido en todos sus buques de pesca, <\/span><b>es uno de los proyectos m\u00e1s reconocidos de Grupomar<\/b><span style=\"font-weight: 400;\">. En este movimiento, observadores ajenos a la empresa validan y comprueban la aplicaci\u00f3n de pr\u00e1cticas pesqueras sostenibles y acordes con los est\u00e1ndares m\u00e1s rigurosos a nivel internacional.<\/span><\/p>\n<p><span style=\"font-weight: 400;\">De la misma forma, <\/span><b>Antonio Su\u00e1rez<\/b> <b>Guti\u00e9rrez reafirm\u00f3 las normas de buenas pr\u00e1cticas y conservaci\u00f3n mar\u00edtima en Grupomar<\/b><span style=\"font-weight: 400;\"> y garantiz\u00f3 el correcto uso de recursos naturales con su integraci\u00f3n a la CIAT (Comisi\u00f3n Interamericana de At\u00fan Tropical), APAS (Alianza del Pac\u00edfico para el At\u00fan Sustentable), ISSF (International Seafood Sustainability Foundation), MSC (Marine Stewardship Council), y otros entes protectores.<\/span><\/p>\n<p><span style=\"font-weight: 400;\">\u201cDe esta manera, buscamos continuar siendo l\u00edderes en el mercado, y referentes en la implementaci\u00f3n de procesos sostenibles\u201d, concluye la declaraci\u00f3n del presidente<\/span><b> Antonio Su\u00e1rez Guti\u00e9rrez donde se compromete con Grupomar a continuar cumpliendo con las regulaciones pertinentes<\/b><span style=\"font-weight: 400;\">, as\u00ed como implementar acciones, programas y pol\u00edticas a favor del medio ambiente y la sostenibilidad de la materia.<\/span><\/p>\n","protected":false},"excerpt":{"rendered":"<p>El D\u00eda Mundial de la Pesca se ha convertido en una fecha clave para Grupomar. La empresa que preside Antonio Su\u00e1rez Guti\u00e9rrez reafirm\u00f3 su compromiso con los ecosistemas oce\u00e1nicos y las pr\u00e1cticas pesqueras sostenibles coincidiendo con este d\u00eda tan significativa. \u201cPara Grupomar la pesca sostenible es de gran importancia, hemos garantizado su aplicaci\u00f3n a trav\u00e9s<\/p>\n","protected":false},"author":1,"featured_media":7501,"comment_status":"closed","ping_status":"closed","sticky":false,"template":"","format":"standard","meta":{"footnotes":""},"categories":[35],"tags":[43],"class_list":{"0":"post-7500","1":"post","2":"type-post","3":"status-publish","4":"format-standard","5":"has-post-thumbnail","7":"category-negocios","8":"tag-empresas"},"aioseo_notices":[],"aioseo_head":"\n\t\t<!-- All in One SEO Pro 4.9.6.2 - aioseo.com -->\n\t<meta name=\"description\" content=\"El D\u00eda Mundial de la Pesca se ha convertido en una fecha clave para Grupomar. La empresa que preside Antonio Su\u00e1rez Guti\u00e9rrez reafirm\u00f3 su compromiso\" \/>\n\t<meta name=\"robots\" content=\"max-image-preview:large\" \/>\n\t<meta name=\"author\" content=\"NBAsturias\"\/>\n\t<meta name=\"google-site-verification\" content=\"UA-38556648-1\" \/>\n\t<meta name=\"keywords\" content=\"negocios\" \/>\n\t<link rel=\"canonical\" href=\"https:\/\/eldigitaldeasturias.com\/radio\/la-compania-grupomar-fundada-por-antonio-suarez-gutierrez-muestra-su-compromiso-con-la-pesca-sostenible\/\" \/>\n\t<meta name=\"generator\" content=\"All in One SEO Pro (AIOSEO) 4.9.6.2\" \/>\n\t\t<meta property=\"og:locale\" content=\"es_ES\" \/>\n\t\t<meta property=\"og:site_name\" content=\"El Digital de Asturias | Diario de informaci\u00f3n y noticias\" \/>\n\t\t<meta property=\"og:type\" content=\"article\" \/>\n\t\t<meta property=\"og:title\" content=\"La compa\u00f1\u00eda Grupomar, fundada por Antonio Su\u00e1rez Guti\u00e9rrez, muestra su compromiso con la pesca sostenible | El Digital de Asturias\" \/>\n\t\t<meta property=\"og:description\" content=\"El D\u00eda Mundial de la Pesca se ha convertido en una fecha clave para Grupomar. La empresa que preside Antonio Su\u00e1rez Guti\u00e9rrez reafirm\u00f3 su compromiso\" \/>\n\t\t<meta property=\"og:url\" content=\"https:\/\/eldigitaldeasturias.com\/radio\/la-compania-grupomar-fundada-por-antonio-suarez-gutierrez-muestra-su-compromiso-con-la-pesca-sostenible\/\" \/>\n\t\t<meta property=\"og:image\" content=\"https:\/\/eldigitaldeasturias.com\/radio\/wp-content\/uploads\/2022\/12\/Grupomar.jpg\" \/>\n\t\t<meta property=\"og:image:secure_url\" content=\"https:\/\/eldigitaldeasturias.com\/radio\/wp-content\/uploads\/2022\/12\/Grupomar.jpg\" \/>\n\t\t<meta property=\"og:image:width\" content=\"1120\" \/>\n\t\t<meta property=\"og:image:height\" content=\"700\" \/>\n\t\t<meta property=\"article:published_time\" content=\"2022-12-05T08:55:12+00:00\" \/>\n\t\t<meta property=\"article:modified_time\" content=\"2022-12-05T08:55:12+00:00\" \/>\n\t\t<meta name=\"twitter:card\" content=\"summary_large_image\" \/>\n\t\t<meta name=\"twitter:site\" content=\"@bercodi\" \/>\n\t\t<meta name=\"twitter:title\" content=\"La compa\u00f1\u00eda Grupomar, fundada por Antonio Su\u00e1rez Guti\u00e9rrez, muestra su compromiso con la pesca sostenible | El Digital de Asturias\" \/>\n\t\t<meta name=\"twitter:description\" content=\"El D\u00eda Mundial de la Pesca se ha convertido en una fecha clave para Grupomar. La empresa que preside Antonio Su\u00e1rez Guti\u00e9rrez reafirm\u00f3 su compromiso\" \/>\n\t\t<meta name=\"twitter:creator\" content=\"@bercodi\" \/>\n\t\t<meta name=\"twitter:image\" content=\"https:\/\/eldigitaldeasturias.com\/radio\/wp-content\/uploads\/2022\/12\/Grupomar.jpg\" \/>\n\t\t<script type=\"application\/ld+json\" class=\"aioseo-schema\">\n\t\t\t{\"@context\":\"https:\\\/\\\/schema.org\",\"@graph\":[{\"@type\":\"BreadcrumbList\",\"@id\":\"https:\\\/\\\/eldigitaldeasturias.com\\\/radio\\\/la-compania-grupomar-fundada-por-antonio-suarez-gutierrez-muestra-su-compromiso-con-la-pesca-sostenible\\\/#breadcrumblist\",\"itemListElement\":[{\"@type\":\"ListItem\",\"@id\":\"https:\\\/\\\/eldigitaldeasturias.com\\\/radio#listItem\",\"position\":1,\"name\":\"Inicio\",\"item\":\"https:\\\/\\\/eldigitaldeasturias.com\\\/radio\",\"nextItem\":{\"@type\":\"ListItem\",\"@id\":\"https:\\\/\\\/eldigitaldeasturias.com\\\/radio\\\/category\\\/negocios\\\/#listItem\",\"name\":\"Negocios\"}},{\"@type\":\"ListItem\",\"@id\":\"https:\\\/\\\/eldigitaldeasturias.com\\\/radio\\\/category\\\/negocios\\\/#listItem\",\"position\":2,\"name\":\"Negocios\",\"item\":\"https:\\\/\\\/eldigitaldeasturias.com\\\/radio\\\/category\\\/negocios\\\/\",\"nextItem\":{\"@type\":\"ListItem\",\"@id\":\"https:\\\/\\\/eldigitaldeasturias.com\\\/radio\\\/la-compania-grupomar-fundada-por-antonio-suarez-gutierrez-muestra-su-compromiso-con-la-pesca-sostenible\\\/#listItem\",\"name\":\"La compa\\u00f1\\u00eda Grupomar, fundada por Antonio Su\\u00e1rez Guti\\u00e9rrez, muestra su compromiso con la pesca sostenible\"},\"previousItem\":{\"@type\":\"ListItem\",\"@id\":\"https:\\\/\\\/eldigitaldeasturias.com\\\/radio#listItem\",\"name\":\"Inicio\"}},{\"@type\":\"ListItem\",\"@id\":\"https:\\\/\\\/eldigitaldeasturias.com\\\/radio\\\/la-compania-grupomar-fundada-por-antonio-suarez-gutierrez-muestra-su-compromiso-con-la-pesca-sostenible\\\/#listItem\",\"position\":3,\"name\":\"La compa\\u00f1\\u00eda Grupomar, fundada por Antonio Su\\u00e1rez Guti\\u00e9rrez, muestra su compromiso con la pesca sostenible\",\"previousItem\":{\"@type\":\"ListItem\",\"@id\":\"https:\\\/\\\/eldigitaldeasturias.com\\\/radio\\\/category\\\/negocios\\\/#listItem\",\"name\":\"Negocios\"}}]},{\"@type\":\"NewsArticle\",\"@id\":\"https:\\\/\\\/eldigitaldeasturias.com\\\/radio\\\/la-compania-grupomar-fundada-por-antonio-suarez-gutierrez-muestra-su-compromiso-con-la-pesca-sostenible\\\/#newsarticle\",\"name\":\"La compa\\u00f1\\u00eda Grupomar, fundada por Antonio Su\\u00e1rez Guti\\u00e9rrez, muestra su compromiso con la pesca sostenible | El Digital de Asturias\",\"headline\":\"La compa\\u00f1\\u00eda Grupomar, fundada por Antonio Su\\u00e1rez Guti\\u00e9rrez, muestra su compromiso con la pesca sostenible\",\"author\":{\"@id\":\"https:\\\/\\\/eldigitaldeasturias.com\\\/radio\\\/author\\\/nbasturias\\\/#author\"},\"publisher\":{\"@id\":\"https:\\\/\\\/eldigitaldeasturias.com\\\/radio\\\/#organization\"},\"image\":{\"@type\":\"ImageObject\",\"url\":\"https:\\\/\\\/eldigitaldeasturias.com\\\/radio\\\/wp-content\\\/uploads\\\/2022\\\/12\\\/Grupomar.jpg\",\"width\":1120,\"height\":700,\"caption\":\"Grupomar\"},\"datePublished\":\"2022-12-05T09:55:12+01:00\",\"dateModified\":\"2022-12-05T09:55:12+01:00\",\"inLanguage\":\"es-ES\",\"mainEntityOfPage\":{\"@id\":\"https:\\\/\\\/eldigitaldeasturias.com\\\/radio\\\/la-compania-grupomar-fundada-por-antonio-suarez-gutierrez-muestra-su-compromiso-con-la-pesca-sostenible\\\/#webpage\"},\"isPartOf\":{\"@id\":\"https:\\\/\\\/eldigitaldeasturias.com\\\/radio\\\/la-compania-grupomar-fundada-por-antonio-suarez-gutierrez-muestra-su-compromiso-con-la-pesca-sostenible\\\/#webpage\"},\"articleSection\":\"Negocios, empresas\",\"dateline\":\"Publicado el diciembre 5, 2022.\"},{\"@type\":\"Organization\",\"@id\":\"https:\\\/\\\/eldigitaldeasturias.com\\\/radio\\\/#organization\",\"name\":\"El digital de Asturias Radio\",\"description\":\"Diario de informaci\\u00f3n y noticias\",\"url\":\"https:\\\/\\\/eldigitaldeasturias.com\\\/radio\\\/\",\"telephone\":\"+34652131393\",\"logo\":{\"@type\":\"ImageObject\",\"url\":\"https:\\\/\\\/www.eldigitaldeasturias.com\\\/radio\\\/wp-content\\\/uploads\\\/2021\\\/03\\\/EDA.jpg\",\"@id\":\"https:\\\/\\\/eldigitaldeasturias.com\\\/radio\\\/la-compania-grupomar-fundada-por-antonio-suarez-gutierrez-muestra-su-compromiso-con-la-pesca-sostenible\\\/#organizationLogo\"},\"image\":{\"@id\":\"https:\\\/\\\/eldigitaldeasturias.com\\\/radio\\\/la-compania-grupomar-fundada-por-antonio-suarez-gutierrez-muestra-su-compromiso-con-la-pesca-sostenible\\\/#organizationLogo\"},\"sameAs\":[\"https:\\\/\\\/www.facebook.com\\\/\",\"https:\\\/\\\/x.com\\\/bercodi\",\"https:\\\/\\\/www.instagram.com\\\/\",\"https:\\\/\\\/www.youtube.com\\\/channel\\\/UCZP-2wLEB9Rv6erhFmqVnvg\"]},{\"@type\":\"Person\",\"@id\":\"https:\\\/\\\/eldigitaldeasturias.com\\\/radio\\\/author\\\/nbasturias\\\/#author\",\"url\":\"https:\\\/\\\/eldigitaldeasturias.com\\\/radio\\\/author\\\/nbasturias\\\/\",\"name\":\"NBAsturias\",\"image\":{\"@type\":\"ImageObject\",\"@id\":\"https:\\\/\\\/eldigitaldeasturias.com\\\/radio\\\/la-compania-grupomar-fundada-por-antonio-suarez-gutierrez-muestra-su-compromiso-con-la-pesca-sostenible\\\/#authorImage\",\"url\":\"https:\\\/\\\/secure.gravatar.com\\\/avatar\\\/df2aeffc32bcd13f8d26072ef8a91b623d677766deac7f97ca815868cd41bf5e?s=96&d=mm&r=g\",\"width\":96,\"height\":96,\"caption\":\"NBAsturias\"}},{\"@type\":\"WebPage\",\"@id\":\"https:\\\/\\\/eldigitaldeasturias.com\\\/radio\\\/la-compania-grupomar-fundada-por-antonio-suarez-gutierrez-muestra-su-compromiso-con-la-pesca-sostenible\\\/#webpage\",\"url\":\"https:\\\/\\\/eldigitaldeasturias.com\\\/radio\\\/la-compania-grupomar-fundada-por-antonio-suarez-gutierrez-muestra-su-compromiso-con-la-pesca-sostenible\\\/\",\"name\":\"La compa\\u00f1\\u00eda Grupomar, fundada por Antonio Su\\u00e1rez Guti\\u00e9rrez, muestra su compromiso con la pesca sostenible | El Digital de Asturias\",\"description\":\"El D\\u00eda Mundial de la Pesca se ha convertido en una fecha clave para Grupomar. La empresa que preside Antonio Su\\u00e1rez Guti\\u00e9rrez reafirm\\u00f3 su compromiso\",\"inLanguage\":\"es-ES\",\"isPartOf\":{\"@id\":\"https:\\\/\\\/eldigitaldeasturias.com\\\/radio\\\/#website\"},\"breadcrumb\":{\"@id\":\"https:\\\/\\\/eldigitaldeasturias.com\\\/radio\\\/la-compania-grupomar-fundada-por-antonio-suarez-gutierrez-muestra-su-compromiso-con-la-pesca-sostenible\\\/#breadcrumblist\"},\"author\":{\"@id\":\"https:\\\/\\\/eldigitaldeasturias.com\\\/radio\\\/author\\\/nbasturias\\\/#author\"},\"creator\":{\"@id\":\"https:\\\/\\\/eldigitaldeasturias.com\\\/radio\\\/author\\\/nbasturias\\\/#author\"},\"image\":{\"@type\":\"ImageObject\",\"url\":\"https:\\\/\\\/eldigitaldeasturias.com\\\/radio\\\/wp-content\\\/uploads\\\/2022\\\/12\\\/Grupomar.jpg\",\"@id\":\"https:\\\/\\\/eldigitaldeasturias.com\\\/radio\\\/la-compania-grupomar-fundada-por-antonio-suarez-gutierrez-muestra-su-compromiso-con-la-pesca-sostenible\\\/#mainImage\",\"width\":1120,\"height\":700,\"caption\":\"Grupomar\"},\"primaryImageOfPage\":{\"@id\":\"https:\\\/\\\/eldigitaldeasturias.com\\\/radio\\\/la-compania-grupomar-fundada-por-antonio-suarez-gutierrez-muestra-su-compromiso-con-la-pesca-sostenible\\\/#mainImage\"},\"datePublished\":\"2022-12-05T09:55:12+01:00\",\"dateModified\":\"2022-12-05T09:55:12+01:00\"},{\"@type\":\"WebSite\",\"@id\":\"https:\\\/\\\/eldigitaldeasturias.com\\\/radio\\\/#website\",\"url\":\"https:\\\/\\\/eldigitaldeasturias.com\\\/radio\\\/\",\"name\":\"El Digital de Asturias\",\"description\":\"Diario de informaci\\u00f3n y noticias\",\"inLanguage\":\"es-ES\",\"publisher\":{\"@id\":\"https:\\\/\\\/eldigitaldeasturias.com\\\/radio\\\/#organization\"}}]}\n\t\t<\/script>\n\t\t<!-- All in One SEO Pro -->\r\n\t\t<title>La compa\u00f1\u00eda Grupomar, fundada por Antonio Su\u00e1rez Guti\u00e9rrez, muestra su compromiso con la pesca sostenible | El Digital de Asturias<\/title>\n\n","aioseo_head_json":{"title":"La compa\u00f1\u00eda Grupomar, fundada por Antonio Su\u00e1rez Guti\u00e9rrez, muestra su compromiso con la pesca sostenible | El Digital de Asturias","description":"El D\u00eda Mundial de la Pesca se ha convertido en una fecha clave para Grupomar. La empresa que preside Antonio Su\u00e1rez Guti\u00e9rrez reafirm\u00f3 su compromiso","canonical_url":"https:\/\/eldigitaldeasturias.com\/radio\/la-compania-grupomar-fundada-por-antonio-suarez-gutierrez-muestra-su-compromiso-con-la-pesca-sostenible\/","robots":"max-image-preview:large","keywords":"negocios","webmasterTools":{"google-site-verification":"UA-38556648-1","miscellaneous":""},"schema":{"@context":"https:\/\/schema.org","@graph":[{"@type":"BreadcrumbList","@id":"https:\/\/eldigitaldeasturias.com\/radio\/la-compania-grupomar-fundada-por-antonio-suarez-gutierrez-muestra-su-compromiso-con-la-pesca-sostenible\/#breadcrumblist","itemListElement":[{"@type":"ListItem","@id":"https:\/\/eldigitaldeasturias.com\/radio#listItem","position":1,"name":"Inicio","item":"https:\/\/eldigitaldeasturias.com\/radio","nextItem":{"@type":"ListItem","@id":"https:\/\/eldigitaldeasturias.com\/radio\/category\/negocios\/#listItem","name":"Negocios"}},{"@type":"ListItem","@id":"https:\/\/eldigitaldeasturias.com\/radio\/category\/negocios\/#listItem","position":2,"name":"Negocios","item":"https:\/\/eldigitaldeasturias.com\/radio\/category\/negocios\/","nextItem":{"@type":"ListItem","@id":"https:\/\/eldigitaldeasturias.com\/radio\/la-compania-grupomar-fundada-por-antonio-suarez-gutierrez-muestra-su-compromiso-con-la-pesca-sostenible\/#listItem","name":"La compa\u00f1\u00eda Grupomar, fundada por Antonio Su\u00e1rez Guti\u00e9rrez, muestra su compromiso con la pesca sostenible"},"previousItem":{"@type":"ListItem","@id":"https:\/\/eldigitaldeasturias.com\/radio#listItem","name":"Inicio"}},{"@type":"ListItem","@id":"https:\/\/eldigitaldeasturias.com\/radio\/la-compania-grupomar-fundada-por-antonio-suarez-gutierrez-muestra-su-compromiso-con-la-pesca-sostenible\/#listItem","position":3,"name":"La compa\u00f1\u00eda Grupomar, fundada por Antonio Su\u00e1rez Guti\u00e9rrez, muestra su compromiso con la pesca sostenible","previousItem":{"@type":"ListItem","@id":"https:\/\/eldigitaldeasturias.com\/radio\/category\/negocios\/#listItem","name":"Negocios"}}]},{"@type":"NewsArticle","@id":"https:\/\/eldigitaldeasturias.com\/radio\/la-compania-grupomar-fundada-por-antonio-suarez-gutierrez-muestra-su-compromiso-con-la-pesca-sostenible\/#newsarticle","name":"La compa\u00f1\u00eda Grupomar, fundada por Antonio Su\u00e1rez Guti\u00e9rrez, muestra su compromiso con la pesca sostenible | El Digital de Asturias","headline":"La compa\u00f1\u00eda Grupomar, fundada por Antonio Su\u00e1rez Guti\u00e9rrez, muestra su compromiso con la pesca sostenible","author":{"@id":"https:\/\/eldigitaldeasturias.com\/radio\/author\/nbasturias\/#author"},"publisher":{"@id":"https:\/\/eldigitaldeasturias.com\/radio\/#organization"},"image":{"@type":"ImageObject","url":"https:\/\/eldigitaldeasturias.com\/radio\/wp-content\/uploads\/2022\/12\/Grupomar.jpg","width":1120,"height":700,"caption":"Grupomar"},"datePublished":"2022-12-05T09:55:12+01:00","dateModified":"2022-12-05T09:55:12+01:00","inLanguage":"es-ES","mainEntityOfPage":{"@id":"https:\/\/eldigitaldeasturias.com\/radio\/la-compania-grupomar-fundada-por-antonio-suarez-gutierrez-muestra-su-compromiso-con-la-pesca-sostenible\/#webpage"},"isPartOf":{"@id":"https:\/\/eldigitaldeasturias.com\/radio\/la-compania-grupomar-fundada-por-antonio-suarez-gutierrez-muestra-su-compromiso-con-la-pesca-sostenible\/#webpage"},"articleSection":"Negocios, empresas","dateline":"Publicado el diciembre 5, 2022."},{"@type":"Organization","@id":"https:\/\/eldigitaldeasturias.com\/radio\/#organization","name":"El digital de Asturias Radio","description":"Diario de informaci\u00f3n y noticias","url":"https:\/\/eldigitaldeasturias.com\/radio\/","telephone":"+34652131393","logo":{"@type":"ImageObject","url":"https:\/\/www.eldigitaldeasturias.com\/radio\/wp-content\/uploads\/2021\/03\/EDA.jpg","@id":"https:\/\/eldigitaldeasturias.com\/radio\/la-compania-grupomar-fundada-por-antonio-suarez-gutierrez-muestra-su-compromiso-con-la-pesca-sostenible\/#organizationLogo"},"image":{"@id":"https:\/\/eldigitaldeasturias.com\/radio\/la-compania-grupomar-fundada-por-antonio-suarez-gutierrez-muestra-su-compromiso-con-la-pesca-sostenible\/#organizationLogo"},"sameAs":["https:\/\/www.facebook.com\/","https:\/\/x.com\/bercodi","https:\/\/www.instagram.com\/","https:\/\/www.youtube.com\/channel\/UCZP-2wLEB9Rv6erhFmqVnvg"]},{"@type":"Person","@id":"https:\/\/eldigitaldeasturias.com\/radio\/author\/nbasturias\/#author","url":"https:\/\/eldigitaldeasturias.com\/radio\/author\/nbasturias\/","name":"NBAsturias","image":{"@type":"ImageObject","@id":"https:\/\/eldigitaldeasturias.com\/radio\/la-compania-grupomar-fundada-por-antonio-suarez-gutierrez-muestra-su-compromiso-con-la-pesca-sostenible\/#authorImage","url":"https:\/\/secure.gravatar.com\/avatar\/df2aeffc32bcd13f8d26072ef8a91b623d677766deac7f97ca815868cd41bf5e?s=96&d=mm&r=g","width":96,"height":96,"caption":"NBAsturias"}},{"@type":"WebPage","@id":"https:\/\/eldigitaldeasturias.com\/radio\/la-compania-grupomar-fundada-por-antonio-suarez-gutierrez-muestra-su-compromiso-con-la-pesca-sostenible\/#webpage","url":"https:\/\/eldigitaldeasturias.com\/radio\/la-compania-grupomar-fundada-por-antonio-suarez-gutierrez-muestra-su-compromiso-con-la-pesca-sostenible\/","name":"La compa\u00f1\u00eda Grupomar, fundada por Antonio Su\u00e1rez Guti\u00e9rrez, muestra su compromiso con la pesca sostenible | El Digital de Asturias","description":"El D\u00eda Mundial de la Pesca se ha convertido en una fecha clave para Grupomar. La empresa que preside Antonio Su\u00e1rez Guti\u00e9rrez reafirm\u00f3 su compromiso","inLanguage":"es-ES","isPartOf":{"@id":"https:\/\/eldigitaldeasturias.com\/radio\/#website"},"breadcrumb":{"@id":"https:\/\/eldigitaldeasturias.com\/radio\/la-compania-grupomar-fundada-por-antonio-suarez-gutierrez-muestra-su-compromiso-con-la-pesca-sostenible\/#breadcrumblist"},"author":{"@id":"https:\/\/eldigitaldeasturias.com\/radio\/author\/nbasturias\/#author"},"creator":{"@id":"https:\/\/eldigitaldeasturias.com\/radio\/author\/nbasturias\/#author"},"image":{"@type":"ImageObject","url":"https:\/\/eldigitaldeasturias.com\/radio\/wp-content\/uploads\/2022\/12\/Grupomar.jpg","@id":"https:\/\/eldigitaldeasturias.com\/radio\/la-compania-grupomar-fundada-por-antonio-suarez-gutierrez-muestra-su-compromiso-con-la-pesca-sostenible\/#mainImage","width":1120,"height":700,"caption":"Grupomar"},"primaryImageOfPage":{"@id":"https:\/\/eldigitaldeasturias.com\/radio\/la-compania-grupomar-fundada-por-antonio-suarez-gutierrez-muestra-su-compromiso-con-la-pesca-sostenible\/#mainImage"},"datePublished":"2022-12-05T09:55:12+01:00","dateModified":"2022-12-05T09:55:12+01:00"},{"@type":"WebSite","@id":"https:\/\/eldigitaldeasturias.com\/radio\/#website","url":"https:\/\/eldigitaldeasturias.com\/radio\/","name":"El Digital de Asturias","description":"Diario de informaci\u00f3n y noticias","inLanguage":"es-ES","publisher":{"@id":"https:\/\/eldigitaldeasturias.com\/radio\/#organization"}}]},"og:locale":"es_ES","og:site_name":"El Digital de Asturias | Diario de informaci\u00f3n y noticias","og:type":"article","og:title":"La compa\u00f1\u00eda Grupomar, fundada por Antonio Su\u00e1rez Guti\u00e9rrez, muestra su compromiso con la pesca sostenible | El Digital de Asturias","og:description":"El D\u00eda Mundial de la Pesca se ha convertido en una fecha clave para Grupomar. La empresa que preside Antonio Su\u00e1rez Guti\u00e9rrez reafirm\u00f3 su compromiso","og:url":"https:\/\/eldigitaldeasturias.com\/radio\/la-compania-grupomar-fundada-por-antonio-suarez-gutierrez-muestra-su-compromiso-con-la-pesca-sostenible\/","og:image":"https:\/\/eldigitaldeasturias.com\/radio\/wp-content\/uploads\/2022\/12\/Grupomar.jpg","og:image:secure_url":"https:\/\/eldigitaldeasturias.com\/radio\/wp-content\/uploads\/2022\/12\/Grupomar.jpg","og:image:width":1120,"og:image:height":700,"article:published_time":"2022-12-05T08:55:12+00:00","article:modified_time":"2022-12-05T08:55:12+00:00","twitter:card":"summary_large_image","twitter:site":"@bercodi","twitter:title":"La compa\u00f1\u00eda Grupomar, fundada por Antonio Su\u00e1rez Guti\u00e9rrez, muestra su compromiso con la pesca sostenible | El Digital de Asturias","twitter:description":"El D\u00eda Mundial de la Pesca se ha convertido en una fecha clave para Grupomar. La empresa que preside Antonio Su\u00e1rez Guti\u00e9rrez reafirm\u00f3 su compromiso","twitter:creator":"@bercodi","twitter:image":"https:\/\/eldigitaldeasturias.com\/radio\/wp-content\/uploads\/2022\/12\/Grupomar.jpg"},"aioseo_meta_data":{"post_id":"7500","title":null,"description":"El D\u00eda Mundial de la Pesca se ha convertido en una fecha clave para Grupomar. La empresa que preside Antonio Su\u00e1rez Guti\u00e9rrez reafirm\u00f3 su compromiso","keywords":[],"keyphrases":{"focus":{"keyphrase":"Grupomar","score":93,"analysis":{"keyphraseInTitle":{"score":9,"maxScore":9,"error":0},"keyphraseInDescription":{"score":9,"maxScore":9,"error":0},"keyphraseLength":{"score":9,"maxScore":9,"error":0,"length":1},"keyphraseInURL":{"score":1,"maxScore":5,"error":1},"keyphraseInIntroduction":{"score":9,"maxScore":9,"error":0},"keyphraseInSubHeadings":{"score":9,"maxScore":9,"error":0},"keyphraseInImageAlt":{"score":9,"maxScore":9,"error":0}}},"additional":[{"keyphrase":"Grupomar","score":100,"analysis":{"keyphraseInDescription":{"score":9,"maxScore":9,"error":0},"keyphraseLength":{"score":9,"maxScore":9,"error":0,"length":1},"keyphraseInIntroduction":{"score":9,"maxScore":9,"error":0},"keyphraseInImageAlt":{"score":9,"maxScore":9,"error":0}}}]},"primary_term":null,"canonical_url":null,"og_title":null,"og_description":null,"og_object_type":"default","og_image_type":"default","og_image_url":null,"og_image_width":null,"og_image_height":null,"og_image_custom_url":null,"og_image_custom_fields":null,"og_video":"","og_custom_url":null,"og_article_section":null,"og_article_tags":[],"twitter_use_og":false,"twitter_card":"default","twitter_image_type":"default","twitter_image_url":null,"twitter_image_custom_url":null,"twitter_image_custom_fields":null,"twitter_title":null,"twitter_description":null,"schema":{"blockGraphs":[],"customGraphs":[],"default":{"data":{"Article":[],"Course":[],"Dataset":[],"FAQPage":[],"Movie":[],"Person":[],"Product":[],"ProductReview":[],"Car":[],"Recipe":[],"Service":[],"SoftwareApplication":[],"WebPage":[]},"graphName":"NewsArticle","isEnabled":true},"graphs":[]},"schema_type":"default","schema_type_options":null,"pillar_content":false,"robots_default":true,"robots_noindex":false,"robots_noarchive":false,"robots_nosnippet":false,"robots_nofollow":false,"robots_noimageindex":false,"robots_noodp":false,"robots_notranslate":false,"robots_max_snippet":"-1","robots_max_videopreview":"-1","robots_max_imagepreview":"large","priority":null,"frequency":"default","location":null,"local_seo":null,"seo_analyzer_scan_date":"2025-08-28 20:52:44","breadcrumb_settings":null,"limit_modified_date":false,"open_ai":null,"ai":null,"created":"2022-12-05 08:52:16","updated":"2025-08-28 20:52:44"},"aioseo_breadcrumb":"<div class=\"aioseo-breadcrumbs\"><span class=\"aioseo-breadcrumb\">\n\t<a href=\"https:\/\/eldigitaldeasturias.com\/radio\" title=\"Inicio\">Inicio<\/a>\n<\/span><span class=\"aioseo-breadcrumb-separator\">&ndash;<\/span><span class=\"aioseo-breadcrumb\">\n\t<a href=\"https:\/\/eldigitaldeasturias.com\/radio\/category\/negocios\/\" title=\"Negocios\">Negocios<\/a>\n<\/span><span class=\"aioseo-breadcrumb-separator\">&ndash;<\/span><span class=\"aioseo-breadcrumb\">\n\tLa compa\u00f1\u00eda Grupomar, fundada por Antonio Su\u00e1rez Guti\u00e9rrez, muestra su compromiso con la pesca sostenible\n<\/span><\/div>","aioseo_breadcrumb_json":[{"label":"Inicio","link":"https:\/\/eldigitaldeasturias.com\/radio"},{"label":"Negocios","link":"https:\/\/eldigitaldeasturias.com\/radio\/category\/negocios\/"},{"label":"La compa\u00f1\u00eda Grupomar, fundada por Antonio Su\u00e1rez Guti\u00e9rrez, muestra su compromiso con la pesca sostenible","link":"https:\/\/eldigitaldeasturias.com\/radio\/la-compania-grupomar-fundada-por-antonio-suarez-gutierrez-muestra-su-compromiso-con-la-pesca-sostenible\/"}],"_links":{"self":[{"href":"https:\/\/eldigitaldeasturias.com\/radio\/wp-json\/wp\/v2\/posts\/7500","targetHints":{"allow":["GET"]}}],"collection":[{"href":"https:\/\/eldigitaldeasturias.com\/radio\/wp-json\/wp\/v2\/posts"}],"about":[{"href":"https:\/\/eldigitaldeasturias.com\/radio\/wp-json\/wp\/v2\/types\/post"}],"author":[{"embeddable":true,"href":"https:\/\/eldigitaldeasturias.com\/radio\/wp-json\/wp\/v2\/users\/1"}],"replies":[{"embeddable":true,"href":"https:\/\/eldigitaldeasturias.com\/radio\/wp-json\/wp\/v2\/comments?post=7500"}],"version-history":[{"count":0,"href":"https:\/\/eldigitaldeasturias.com\/radio\/wp-json\/wp\/v2\/posts\/7500\/revisions"}],"wp:featuredmedia":[{"embeddable":true,"href":"https:\/\/eldigitaldeasturias.com\/radio\/wp-json\/wp\/v2\/media\/7501"}],"wp:attachment":[{"href":"https:\/\/eldigitaldeasturias.com\/radio\/wp-json\/wp\/v2\/media?parent=7500"}],"wp:term":[{"taxonomy":"category","embeddable":true,"href":"https:\/\/eldigitaldeasturias.com\/radio\/wp-json\/wp\/v2\/categories?post=7500"},{"taxonomy":"post_tag","embeddable":true,"href":"https:\/\/eldigitaldeasturias.com\/radio\/wp-json\/wp\/v2\/tags?post=7500"}],"curies":[{"name":"wp","href":"https:\/\/api.w.org\/{rel}","templated":true}]}}