{"id":7451,"date":"2022-10-29T21:19:44","date_gmt":"2022-10-29T19:19:44","guid":{"rendered":"https:\/\/eldigitaldeasturias.com\/radio\/?p=7451"},"modified":"2022-10-29T21:19:44","modified_gmt":"2022-10-29T19:19:44","slug":"un-proyecto-busca-restaurar-el-teatro-de-riga-en-el-que-dirigio-wagner","status":"publish","type":"post","link":"https:\/\/eldigitaldeasturias.com\/radio\/un-proyecto-busca-restaurar-el-teatro-de-riga-en-el-que-dirigio-wagner\/","title":{"rendered":"Un proyecto busca restaurar el teatro de Riga en el que dirigi\u00f3 Wagner"},"content":{"rendered":"<p>(dpa) &#8211; Quien se para delante no imagina que se trata de un lugar donde se escribi\u00f3 parte de la historia de la m\u00fasica. El edificio del antiguo Teatro Alem\u00e1n municipal en la ciudad vieja de Riga se ve apagado y pasa desapercibido.<\/p>\n<figure id=\"attachment_7452\" aria-describedby=\"caption-attachment-7452\" style=\"width: 650px\" class=\"wp-caption aligncenter\"><img fetchpriority=\"high\" decoding=\"async\" class=\"wp-image-7452\" src=\"https:\/\/eldigitaldeasturias.com\/radio\/wp-content\/uploads\/2022\/10\/Teatro-360x231.jpg\" alt=\"Teatro\" width=\"650\" height=\"418\" srcset=\"https:\/\/eldigitaldeasturias.com\/radio\/wp-content\/uploads\/2022\/10\/Teatro-360x231.jpg 360w, https:\/\/eldigitaldeasturias.com\/radio\/wp-content\/uploads\/2022\/10\/Teatro-768x494.jpg 768w, https:\/\/eldigitaldeasturias.com\/radio\/wp-content\/uploads\/2022\/10\/Teatro-150x96.jpg 150w, https:\/\/eldigitaldeasturias.com\/radio\/wp-content\/uploads\/2022\/10\/Teatro-450x289.jpg 450w, https:\/\/eldigitaldeasturias.com\/radio\/wp-content\/uploads\/2022\/10\/Teatro.jpg 999w\" sizes=\"(max-width: 650px) 100vw, 650px\" \/><figcaption id=\"caption-attachment-7452\" class=\"wp-caption-text\">Foto: Bernd von Jutrczenka\/dpa<\/figcaption><\/figure>\n<p>Una placa conmemorativa en let\u00f3n en la desgastada pared exterior recuerda a un tal Rihards Vagners, quien levant\u00f3 la batuta en el edificio algo venido abajo de 1837 a 1839. Pero no hay mucho m\u00e1s que recuerde al compositor m\u00e1s famoso de Alemania. El enorme edificio de la capital letona est\u00e1 vac\u00edo, la puerta est\u00e1 cerrada.<\/p>\n<p>Esto cambiar\u00e1 ahora. El teatro en el que Richard Wagner (1813-1883) dirigi\u00f3 hace casi 200 a\u00f1os y cuyo dise\u00f1o le sirvi\u00f3 de inspiraci\u00f3n para la construcci\u00f3n del teatro donde se celebra el Festival de Bayreuth va a ser restaurado y abierto al p\u00fablico.<\/p>\n<p>Gracias a cuantiosos fondos, el edificio, varias veces remodelado en la calle Richard Wagner 4, volver\u00e1 a recuperar su constituci\u00f3n original para convertirse en una especie de centro cultural musical. El costo se estima en 44 millones de euros (43 millones de d\u00f3lares). La campa\u00f1a para recolectar fondos para lograrlo contin\u00faa a todo vapor, tambi\u00e9n en Alemania. Si todo sigue seg\u00fan el plan establecido, podr\u00eda ser reabierto en 2026.<\/p>\n<p>La fuerza motora detr\u00e1s de este ambicioso y costoso proyecto es Maris Gailis. \u00abSoy un entusiasta de Wagner y creo firmemente en que este edificio tiene un gran potencial cultural y tur\u00edstico. Esta parte del legado de Wagner, que le fue confiado a Letonia con esta casa, tambi\u00e9n pertenece al mundo\u00bb, afirma el presidente de la Sociedad Richard Wagner de Riga, a la que el Gobierno let\u00f3n le transfiri\u00f3 el hist\u00f3rico edificio en el oto\u00f1o europeo de 2020 para su restauraci\u00f3n.<\/p>\n<p>Antes de que se hiciera famoso como compositor de \u00f3peras, el joven Wagner trabaj\u00f3 como director de orquesta en el teatro de la ciudad, lo que constituye el cap\u00edtulo m\u00e1s famoso en la rica historia de la casa. Lleg\u00f3 a Riga, que por ese entonces formaba parte del Imperio Ruso, en agosto de 1837, con 24 a\u00f1os, para asumir este puesto y dirigir sobre todo \u00f3peras italianas y francesas. Pero este compromiso termin\u00f3 de forma amarga: las deudas y las peleas con el director del teatro hicieron que el director de Sajonia abandonara la ciudad hastiado despu\u00e9s de apenas dos temporadas.<\/p>\n<p>As\u00ed y todo, Riga fue una escala importante e influyente en la carrera de Wagner. All\u00ed comenz\u00f3 con los trabajos para su \u00f3pera temprana \u00abRienzi\u00bb, que continu\u00f3 luego en Par\u00eds y que tuvo su estreno en Dresde en 1842. Fue con esta obra que se hizo conocido como compositor.<\/p>\n<p>Tambi\u00e9n \u00abEl holand\u00e9s errante\u00bb est\u00e1 irremediablemente asociada con su breve estancia en la antigua ciudad hanse\u00e1tica en el Mar B\u00e1ltico: al parecer, la huida de Wagner en barco desde Riga hacia Londres junto a su esposa Minna Planer lo habr\u00eda inspirado para esta \u00f3pera.<\/p>\n<p>Sin embargo, la mayor influencia sobre este genio de la m\u00fasica fue la que ejerci\u00f3 el teatro municipal mismo. Su construcci\u00f3n sirvi\u00f3 m\u00e1s tarde a Wagner de modelo para su sala sagrada, el teatro de \u00f3pera Festspielhaus de Bayreuth, inaugurado en 1876.<\/p>\n<p>\u00abLos impulsos pioneros para la disposici\u00f3n de la orquesta y las butacas proceden del dise\u00f1o del teatro municipal de Riga\u00bb, dice Gailis, refiri\u00e9ndose al plano hist\u00f3rico de la sala, que tambi\u00e9n constituye el modelo en el que se basa su proyecto.<\/p>\n<p>Esta valoraci\u00f3n es confirmada por el bi\u00f3grafo de Wagner Carl Friedrich Glasenapp, quien tambi\u00e9n es oriundo de Riga. \u00c9l tambi\u00e9n afirma que el compositor record\u00f3 el orden ascendente de las butacas asemejando un anfiteatro, la oscuridad del auditorio y el foso de la orquesta del teatro de la ciudad letona. \u00abLa idea para el teatro del Festival de Bayreuth ya estaba contenida en estos tres elementos para su futuro constructor\u00bb, escribi\u00f3 Glasenapp.<\/p>\n<p>Pero de este antiguo interior no queda casi nada. Con el traslado del teatro de la ciudad a nuevas instalaciones, como la actual \u00d3pera Nacional de Letonia, el edificio perdi\u00f3 su importancia a finales del siglo XIX. Desde entonces, ha sufrido numerosas reformas y tuvo muchos usos diferentes. En tiempos de la Uni\u00f3n Sovi\u00e9tica se instal\u00f3 en el edificio una \u00abSala Wagner\u00bb, que funcionaba como sala de conciertos para m\u00fasica de c\u00e1mara, y tambi\u00e9n alberg\u00f3 en su d\u00eda una biblioteca, un sal\u00f3n de baile y un club de m\u00fasica, como ilustra Gailis con fotos antiguas.<\/p>\n<p>Sin embargo, desde hace una d\u00e9cada y media, el complejo de edificios de unos 5.000 metros cuadrados permanece vac\u00edo. La mamposter\u00eda desmoronada, las largas y gruesas grietas en las paredes, la pintura descascarillada y las manchas de humedad en los techos dan testimonio del mal estado del enorme edificio que se esconde tras la discreta fachada. Sin embargo, el antiguo esplendor sigue siendo reconocible y se manifiesta en la \u00abSala Wagner\u00bb o en la impactante escalera junto a la cual se encuentra un enorme busto de Wagner.<\/p>\n<p>Tras varios intentos infructuosos de renovarlo y darle un nuevo uso, Gailis se propone ahora transformar el edificio en una Casa Wagner con una sala de conciertos y un museo. Los planes para ello vinieron de su esposa Zaiga, una de las arquitectas m\u00e1s conocidas de Letonia.<\/p>\n<p>\u00abTuvimos en claro desde el principio que quer\u00edamos restaurar la sala del teatro tal y como era en la \u00e9poca de Wagner\u00bb, describe su audaz sue\u00f1o con los ojos brillantes durante un recorrido. Para lograrlo, quiere conseguir la ayuda de patrocinadores privados y financiamiento p\u00fablico.<\/p>\n<p>La idea no es solo crear un nuevo centro de peregrinaci\u00f3n para los aficionados a Wagner, sino tambi\u00e9n una incubadora para todas las artes y un punto de encuentro para j\u00f3venes artistas. La casa tambi\u00e9n se convertir\u00e1 en la sede de la orquesta de c\u00e1mara Kremerata Baltic, fundada en 1997 por el virtuoso violinista germano-let\u00f3n Gidon Kremer.<\/p>\n<p>Para poder concretar el proyecto, este hombre de 71 a\u00f1os utiliza su influencia y experiencia. A mediados de la d\u00e9cada de 1990, fue brevemente jefe de gobierno de la nuevamente independiente Letonia, y luego se dedic\u00f3 a los negocios. Ahora est\u00e1 jubilado y comprometido con la conservaci\u00f3n del edificio.<\/p>\n<p>Gailis, emprendedor y con buenos contactos, consigui\u00f3 apoyos destacados. Los padrinos son el presidente de Alemania, Frank-Walter Steinmeier, y su hom\u00f3logo let\u00f3n, Egils Levits, quienes visitaron juntos la Casa Wagner en febrero. Tambi\u00e9n cuenta con el apoyo de la bisnieta de Wagner y antigua directora del Festival de Bayreuth, Eva Wagner-Pasquier.<\/p>\n<p>Con su proyecto, se lograr\u00e1 devolverle la vida a un \u00abrecinto cultural de categor\u00eda mundial\u00bb, seg\u00fan dijo Steinmeier acerca de la iniciativa. \u00abEl primer lugar en el que se fue conformando la obra de Richard Wagner podr\u00e1 volver a ser experimentado como una sala de conciertos\u00bb, a\u00f1adi\u00f3.<\/p>\n<p>Los wagnerianos de Riga tambi\u00e9n contar\u00e1n con ayuda alemana: el Bundestag (Parlamento alem\u00e1n) aprob\u00f3 a finales de 2020 fondos para el saneamiento del edificio, con lo que el proyecto ya logr\u00f3 su primera subvenci\u00f3n.<\/p>\n<p><i class=\"lang-es\"><span class=\" readonly\" title=\"\">Por Alexander Welscher (dpa)<\/span><\/i><\/p>\n","protected":false},"excerpt":{"rendered":"<p>(dpa) &#8211; Quien se para delante no imagina que se trata de un lugar donde se escribi\u00f3 parte de la historia de la m\u00fasica. El edificio del antiguo Teatro Alem\u00e1n municipal en la ciudad vieja de Riga se ve apagado y pasa desapercibido. Una placa conmemorativa en let\u00f3n en la desgastada pared exterior recuerda a<\/p>\n","protected":false},"author":1,"featured_media":7452,"comment_status":"closed","ping_status":"closed","sticky":false,"template":"","format":"standard","meta":{"footnotes":""},"categories":[26],"tags":[79,112,44],"class_list":{"0":"post-7451","1":"post","2":"type-post","3":"status-publish","4":"format-standard","5":"has-post-thumbnail","7":"category-reportajes","8":"tag-cultura","9":"tag-historia","10":"tag-reportajes"},"aioseo_notices":[],"aioseo_head":"\n\t\t<!-- All in One SEO Pro 4.9.6.2 - aioseo.com -->\n\t<meta name=\"description\" content=\"(dpa) - Quien se para delante no imagina que se trata de un lugar donde se escribi\u00f3 parte de la historia de la m\u00fasica. El edificio del antiguo Teatro Alem\u00e1n\" \/>\n\t<meta name=\"robots\" content=\"max-image-preview:large\" \/>\n\t<meta name=\"author\" content=\"NBAsturias\"\/>\n\t<meta name=\"google-site-verification\" content=\"UA-38556648-1\" \/>\n\t<meta name=\"keywords\" content=\"reportajes\" \/>\n\t<link rel=\"canonical\" href=\"https:\/\/eldigitaldeasturias.com\/radio\/un-proyecto-busca-restaurar-el-teatro-de-riga-en-el-que-dirigio-wagner\/\" \/>\n\t<meta name=\"generator\" content=\"All in One SEO Pro (AIOSEO) 4.9.6.2\" \/>\n\t\t<meta property=\"og:locale\" content=\"es_ES\" \/>\n\t\t<meta property=\"og:site_name\" content=\"El Digital de Asturias | Diario de informaci\u00f3n y noticias\" \/>\n\t\t<meta property=\"og:type\" content=\"article\" \/>\n\t\t<meta property=\"og:title\" content=\"Un proyecto busca restaurar el teatro de Riga en el que dirigi\u00f3 Wagner | El Digital de Asturias\" \/>\n\t\t<meta property=\"og:description\" content=\"(dpa) - Quien se para delante no imagina que se trata de un lugar donde se escribi\u00f3 parte de la historia de la m\u00fasica. El edificio del antiguo Teatro Alem\u00e1n\" \/>\n\t\t<meta property=\"og:url\" content=\"https:\/\/eldigitaldeasturias.com\/radio\/un-proyecto-busca-restaurar-el-teatro-de-riga-en-el-que-dirigio-wagner\/\" \/>\n\t\t<meta property=\"og:image\" content=\"https:\/\/eldigitaldeasturias.com\/radio\/wp-content\/uploads\/2022\/10\/Teatro.jpg\" \/>\n\t\t<meta property=\"og:image:secure_url\" content=\"https:\/\/eldigitaldeasturias.com\/radio\/wp-content\/uploads\/2022\/10\/Teatro.jpg\" \/>\n\t\t<meta property=\"og:image:width\" content=\"999\" \/>\n\t\t<meta property=\"og:image:height\" content=\"642\" \/>\n\t\t<meta property=\"article:published_time\" content=\"2022-10-29T19:19:44+00:00\" \/>\n\t\t<meta property=\"article:modified_time\" content=\"2022-10-29T19:19:44+00:00\" \/>\n\t\t<meta name=\"twitter:card\" content=\"summary_large_image\" \/>\n\t\t<meta name=\"twitter:site\" content=\"@bercodi\" \/>\n\t\t<meta name=\"twitter:title\" content=\"Un proyecto busca restaurar el teatro de Riga en el que dirigi\u00f3 Wagner | El Digital de Asturias\" \/>\n\t\t<meta name=\"twitter:description\" content=\"(dpa) - Quien se para delante no imagina que se trata de un lugar donde se escribi\u00f3 parte de la historia de la m\u00fasica. El edificio del antiguo Teatro Alem\u00e1n\" \/>\n\t\t<meta name=\"twitter:creator\" content=\"@bercodi\" \/>\n\t\t<meta name=\"twitter:image\" content=\"https:\/\/eldigitaldeasturias.com\/radio\/wp-content\/uploads\/2022\/10\/Teatro.jpg\" \/>\n\t\t<script type=\"application\/ld+json\" class=\"aioseo-schema\">\n\t\t\t{\"@context\":\"https:\\\/\\\/schema.org\",\"@graph\":[{\"@type\":\"BreadcrumbList\",\"@id\":\"https:\\\/\\\/eldigitaldeasturias.com\\\/radio\\\/un-proyecto-busca-restaurar-el-teatro-de-riga-en-el-que-dirigio-wagner\\\/#breadcrumblist\",\"itemListElement\":[{\"@type\":\"ListItem\",\"@id\":\"https:\\\/\\\/eldigitaldeasturias.com\\\/radio#listItem\",\"position\":1,\"name\":\"Inicio\",\"item\":\"https:\\\/\\\/eldigitaldeasturias.com\\\/radio\",\"nextItem\":{\"@type\":\"ListItem\",\"@id\":\"https:\\\/\\\/eldigitaldeasturias.com\\\/radio\\\/category\\\/reportajes\\\/#listItem\",\"name\":\"Reportajes\"}},{\"@type\":\"ListItem\",\"@id\":\"https:\\\/\\\/eldigitaldeasturias.com\\\/radio\\\/category\\\/reportajes\\\/#listItem\",\"position\":2,\"name\":\"Reportajes\",\"item\":\"https:\\\/\\\/eldigitaldeasturias.com\\\/radio\\\/category\\\/reportajes\\\/\",\"nextItem\":{\"@type\":\"ListItem\",\"@id\":\"https:\\\/\\\/eldigitaldeasturias.com\\\/radio\\\/un-proyecto-busca-restaurar-el-teatro-de-riga-en-el-que-dirigio-wagner\\\/#listItem\",\"name\":\"Un proyecto busca restaurar el teatro de Riga en el que dirigi\\u00f3 Wagner\"},\"previousItem\":{\"@type\":\"ListItem\",\"@id\":\"https:\\\/\\\/eldigitaldeasturias.com\\\/radio#listItem\",\"name\":\"Inicio\"}},{\"@type\":\"ListItem\",\"@id\":\"https:\\\/\\\/eldigitaldeasturias.com\\\/radio\\\/un-proyecto-busca-restaurar-el-teatro-de-riga-en-el-que-dirigio-wagner\\\/#listItem\",\"position\":3,\"name\":\"Un proyecto busca restaurar el teatro de Riga en el que dirigi\\u00f3 Wagner\",\"previousItem\":{\"@type\":\"ListItem\",\"@id\":\"https:\\\/\\\/eldigitaldeasturias.com\\\/radio\\\/category\\\/reportajes\\\/#listItem\",\"name\":\"Reportajes\"}}]},{\"@type\":\"NewsArticle\",\"@id\":\"https:\\\/\\\/eldigitaldeasturias.com\\\/radio\\\/un-proyecto-busca-restaurar-el-teatro-de-riga-en-el-que-dirigio-wagner\\\/#newsarticle\",\"name\":\"Un proyecto busca restaurar el teatro de Riga en el que dirigi\\u00f3 Wagner | El Digital de Asturias\",\"headline\":\"Un proyecto busca restaurar el teatro de Riga en el que dirigi\\u00f3 Wagner\",\"author\":{\"@id\":\"https:\\\/\\\/eldigitaldeasturias.com\\\/radio\\\/author\\\/nbasturias\\\/#author\"},\"publisher\":{\"@id\":\"https:\\\/\\\/eldigitaldeasturias.com\\\/radio\\\/#organization\"},\"image\":{\"@type\":\"ImageObject\",\"url\":\"https:\\\/\\\/eldigitaldeasturias.com\\\/radio\\\/wp-content\\\/uploads\\\/2022\\\/10\\\/Teatro.jpg\",\"width\":999,\"height\":642,\"caption\":\"Foto: Bernd von Jutrczenka\\\/dpa\"},\"datePublished\":\"2022-10-29T21:19:44+02:00\",\"dateModified\":\"2022-10-29T21:19:44+02:00\",\"inLanguage\":\"es-ES\",\"mainEntityOfPage\":{\"@id\":\"https:\\\/\\\/eldigitaldeasturias.com\\\/radio\\\/un-proyecto-busca-restaurar-el-teatro-de-riga-en-el-que-dirigio-wagner\\\/#webpage\"},\"isPartOf\":{\"@id\":\"https:\\\/\\\/eldigitaldeasturias.com\\\/radio\\\/un-proyecto-busca-restaurar-el-teatro-de-riga-en-el-que-dirigio-wagner\\\/#webpage\"},\"articleSection\":\"Reportajes, cultura, Historia, Reportajes\",\"dateline\":\"Publicado el octubre 29, 2022.\"},{\"@type\":\"Organization\",\"@id\":\"https:\\\/\\\/eldigitaldeasturias.com\\\/radio\\\/#organization\",\"name\":\"El digital de Asturias Radio\",\"description\":\"Diario de informaci\\u00f3n y noticias\",\"url\":\"https:\\\/\\\/eldigitaldeasturias.com\\\/radio\\\/\",\"telephone\":\"+34652131393\",\"logo\":{\"@type\":\"ImageObject\",\"url\":\"https:\\\/\\\/www.eldigitaldeasturias.com\\\/radio\\\/wp-content\\\/uploads\\\/2021\\\/03\\\/EDA.jpg\",\"@id\":\"https:\\\/\\\/eldigitaldeasturias.com\\\/radio\\\/un-proyecto-busca-restaurar-el-teatro-de-riga-en-el-que-dirigio-wagner\\\/#organizationLogo\"},\"image\":{\"@id\":\"https:\\\/\\\/eldigitaldeasturias.com\\\/radio\\\/un-proyecto-busca-restaurar-el-teatro-de-riga-en-el-que-dirigio-wagner\\\/#organizationLogo\"},\"sameAs\":[\"https:\\\/\\\/www.facebook.com\\\/\",\"https:\\\/\\\/x.com\\\/bercodi\",\"https:\\\/\\\/www.instagram.com\\\/\",\"https:\\\/\\\/www.youtube.com\\\/channel\\\/UCZP-2wLEB9Rv6erhFmqVnvg\"]},{\"@type\":\"Person\",\"@id\":\"https:\\\/\\\/eldigitaldeasturias.com\\\/radio\\\/author\\\/nbasturias\\\/#author\",\"url\":\"https:\\\/\\\/eldigitaldeasturias.com\\\/radio\\\/author\\\/nbasturias\\\/\",\"name\":\"NBAsturias\",\"image\":{\"@type\":\"ImageObject\",\"@id\":\"https:\\\/\\\/eldigitaldeasturias.com\\\/radio\\\/un-proyecto-busca-restaurar-el-teatro-de-riga-en-el-que-dirigio-wagner\\\/#authorImage\",\"url\":\"https:\\\/\\\/secure.gravatar.com\\\/avatar\\\/df2aeffc32bcd13f8d26072ef8a91b623d677766deac7f97ca815868cd41bf5e?s=96&d=mm&r=g\",\"width\":96,\"height\":96,\"caption\":\"NBAsturias\"}},{\"@type\":\"WebPage\",\"@id\":\"https:\\\/\\\/eldigitaldeasturias.com\\\/radio\\\/un-proyecto-busca-restaurar-el-teatro-de-riga-en-el-que-dirigio-wagner\\\/#webpage\",\"url\":\"https:\\\/\\\/eldigitaldeasturias.com\\\/radio\\\/un-proyecto-busca-restaurar-el-teatro-de-riga-en-el-que-dirigio-wagner\\\/\",\"name\":\"Un proyecto busca restaurar el teatro de Riga en el que dirigi\\u00f3 Wagner | El Digital de Asturias\",\"description\":\"(dpa) - Quien se para delante no imagina que se trata de un lugar donde se escribi\\u00f3 parte de la historia de la m\\u00fasica. El edificio del antiguo Teatro Alem\\u00e1n\",\"inLanguage\":\"es-ES\",\"isPartOf\":{\"@id\":\"https:\\\/\\\/eldigitaldeasturias.com\\\/radio\\\/#website\"},\"breadcrumb\":{\"@id\":\"https:\\\/\\\/eldigitaldeasturias.com\\\/radio\\\/un-proyecto-busca-restaurar-el-teatro-de-riga-en-el-que-dirigio-wagner\\\/#breadcrumblist\"},\"author\":{\"@id\":\"https:\\\/\\\/eldigitaldeasturias.com\\\/radio\\\/author\\\/nbasturias\\\/#author\"},\"creator\":{\"@id\":\"https:\\\/\\\/eldigitaldeasturias.com\\\/radio\\\/author\\\/nbasturias\\\/#author\"},\"image\":{\"@type\":\"ImageObject\",\"url\":\"https:\\\/\\\/eldigitaldeasturias.com\\\/radio\\\/wp-content\\\/uploads\\\/2022\\\/10\\\/Teatro.jpg\",\"@id\":\"https:\\\/\\\/eldigitaldeasturias.com\\\/radio\\\/un-proyecto-busca-restaurar-el-teatro-de-riga-en-el-que-dirigio-wagner\\\/#mainImage\",\"width\":999,\"height\":642,\"caption\":\"Foto: Bernd von Jutrczenka\\\/dpa\"},\"primaryImageOfPage\":{\"@id\":\"https:\\\/\\\/eldigitaldeasturias.com\\\/radio\\\/un-proyecto-busca-restaurar-el-teatro-de-riga-en-el-que-dirigio-wagner\\\/#mainImage\"},\"datePublished\":\"2022-10-29T21:19:44+02:00\",\"dateModified\":\"2022-10-29T21:19:44+02:00\"},{\"@type\":\"WebSite\",\"@id\":\"https:\\\/\\\/eldigitaldeasturias.com\\\/radio\\\/#website\",\"url\":\"https:\\\/\\\/eldigitaldeasturias.com\\\/radio\\\/\",\"name\":\"El Digital de Asturias\",\"description\":\"Diario de informaci\\u00f3n y noticias\",\"inLanguage\":\"es-ES\",\"publisher\":{\"@id\":\"https:\\\/\\\/eldigitaldeasturias.com\\\/radio\\\/#organization\"}}]}\n\t\t<\/script>\n\t\t<!-- All in One SEO Pro -->\r\n\t\t<title>Un proyecto busca restaurar el teatro de Riga en el que dirigi\u00f3 Wagner | El Digital de Asturias<\/title>\n\n","aioseo_head_json":{"title":"Un proyecto busca restaurar el teatro de Riga en el que dirigi\u00f3 Wagner | El Digital de Asturias","description":"(dpa) - Quien se para delante no imagina que se trata de un lugar donde se escribi\u00f3 parte de la historia de la m\u00fasica. El edificio del antiguo Teatro Alem\u00e1n","canonical_url":"https:\/\/eldigitaldeasturias.com\/radio\/un-proyecto-busca-restaurar-el-teatro-de-riga-en-el-que-dirigio-wagner\/","robots":"max-image-preview:large","keywords":"reportajes","webmasterTools":{"google-site-verification":"UA-38556648-1","miscellaneous":""},"schema":{"@context":"https:\/\/schema.org","@graph":[{"@type":"BreadcrumbList","@id":"https:\/\/eldigitaldeasturias.com\/radio\/un-proyecto-busca-restaurar-el-teatro-de-riga-en-el-que-dirigio-wagner\/#breadcrumblist","itemListElement":[{"@type":"ListItem","@id":"https:\/\/eldigitaldeasturias.com\/radio#listItem","position":1,"name":"Inicio","item":"https:\/\/eldigitaldeasturias.com\/radio","nextItem":{"@type":"ListItem","@id":"https:\/\/eldigitaldeasturias.com\/radio\/category\/reportajes\/#listItem","name":"Reportajes"}},{"@type":"ListItem","@id":"https:\/\/eldigitaldeasturias.com\/radio\/category\/reportajes\/#listItem","position":2,"name":"Reportajes","item":"https:\/\/eldigitaldeasturias.com\/radio\/category\/reportajes\/","nextItem":{"@type":"ListItem","@id":"https:\/\/eldigitaldeasturias.com\/radio\/un-proyecto-busca-restaurar-el-teatro-de-riga-en-el-que-dirigio-wagner\/#listItem","name":"Un proyecto busca restaurar el teatro de Riga en el que dirigi\u00f3 Wagner"},"previousItem":{"@type":"ListItem","@id":"https:\/\/eldigitaldeasturias.com\/radio#listItem","name":"Inicio"}},{"@type":"ListItem","@id":"https:\/\/eldigitaldeasturias.com\/radio\/un-proyecto-busca-restaurar-el-teatro-de-riga-en-el-que-dirigio-wagner\/#listItem","position":3,"name":"Un proyecto busca restaurar el teatro de Riga en el que dirigi\u00f3 Wagner","previousItem":{"@type":"ListItem","@id":"https:\/\/eldigitaldeasturias.com\/radio\/category\/reportajes\/#listItem","name":"Reportajes"}}]},{"@type":"NewsArticle","@id":"https:\/\/eldigitaldeasturias.com\/radio\/un-proyecto-busca-restaurar-el-teatro-de-riga-en-el-que-dirigio-wagner\/#newsarticle","name":"Un proyecto busca restaurar el teatro de Riga en el que dirigi\u00f3 Wagner | El Digital de Asturias","headline":"Un proyecto busca restaurar el teatro de Riga en el que dirigi\u00f3 Wagner","author":{"@id":"https:\/\/eldigitaldeasturias.com\/radio\/author\/nbasturias\/#author"},"publisher":{"@id":"https:\/\/eldigitaldeasturias.com\/radio\/#organization"},"image":{"@type":"ImageObject","url":"https:\/\/eldigitaldeasturias.com\/radio\/wp-content\/uploads\/2022\/10\/Teatro.jpg","width":999,"height":642,"caption":"Foto: Bernd von Jutrczenka\/dpa"},"datePublished":"2022-10-29T21:19:44+02:00","dateModified":"2022-10-29T21:19:44+02:00","inLanguage":"es-ES","mainEntityOfPage":{"@id":"https:\/\/eldigitaldeasturias.com\/radio\/un-proyecto-busca-restaurar-el-teatro-de-riga-en-el-que-dirigio-wagner\/#webpage"},"isPartOf":{"@id":"https:\/\/eldigitaldeasturias.com\/radio\/un-proyecto-busca-restaurar-el-teatro-de-riga-en-el-que-dirigio-wagner\/#webpage"},"articleSection":"Reportajes, cultura, Historia, Reportajes","dateline":"Publicado el octubre 29, 2022."},{"@type":"Organization","@id":"https:\/\/eldigitaldeasturias.com\/radio\/#organization","name":"El digital de Asturias Radio","description":"Diario de informaci\u00f3n y noticias","url":"https:\/\/eldigitaldeasturias.com\/radio\/","telephone":"+34652131393","logo":{"@type":"ImageObject","url":"https:\/\/www.eldigitaldeasturias.com\/radio\/wp-content\/uploads\/2021\/03\/EDA.jpg","@id":"https:\/\/eldigitaldeasturias.com\/radio\/un-proyecto-busca-restaurar-el-teatro-de-riga-en-el-que-dirigio-wagner\/#organizationLogo"},"image":{"@id":"https:\/\/eldigitaldeasturias.com\/radio\/un-proyecto-busca-restaurar-el-teatro-de-riga-en-el-que-dirigio-wagner\/#organizationLogo"},"sameAs":["https:\/\/www.facebook.com\/","https:\/\/x.com\/bercodi","https:\/\/www.instagram.com\/","https:\/\/www.youtube.com\/channel\/UCZP-2wLEB9Rv6erhFmqVnvg"]},{"@type":"Person","@id":"https:\/\/eldigitaldeasturias.com\/radio\/author\/nbasturias\/#author","url":"https:\/\/eldigitaldeasturias.com\/radio\/author\/nbasturias\/","name":"NBAsturias","image":{"@type":"ImageObject","@id":"https:\/\/eldigitaldeasturias.com\/radio\/un-proyecto-busca-restaurar-el-teatro-de-riga-en-el-que-dirigio-wagner\/#authorImage","url":"https:\/\/secure.gravatar.com\/avatar\/df2aeffc32bcd13f8d26072ef8a91b623d677766deac7f97ca815868cd41bf5e?s=96&d=mm&r=g","width":96,"height":96,"caption":"NBAsturias"}},{"@type":"WebPage","@id":"https:\/\/eldigitaldeasturias.com\/radio\/un-proyecto-busca-restaurar-el-teatro-de-riga-en-el-que-dirigio-wagner\/#webpage","url":"https:\/\/eldigitaldeasturias.com\/radio\/un-proyecto-busca-restaurar-el-teatro-de-riga-en-el-que-dirigio-wagner\/","name":"Un proyecto busca restaurar el teatro de Riga en el que dirigi\u00f3 Wagner | El Digital de Asturias","description":"(dpa) - Quien se para delante no imagina que se trata de un lugar donde se escribi\u00f3 parte de la historia de la m\u00fasica. El edificio del antiguo Teatro Alem\u00e1n","inLanguage":"es-ES","isPartOf":{"@id":"https:\/\/eldigitaldeasturias.com\/radio\/#website"},"breadcrumb":{"@id":"https:\/\/eldigitaldeasturias.com\/radio\/un-proyecto-busca-restaurar-el-teatro-de-riga-en-el-que-dirigio-wagner\/#breadcrumblist"},"author":{"@id":"https:\/\/eldigitaldeasturias.com\/radio\/author\/nbasturias\/#author"},"creator":{"@id":"https:\/\/eldigitaldeasturias.com\/radio\/author\/nbasturias\/#author"},"image":{"@type":"ImageObject","url":"https:\/\/eldigitaldeasturias.com\/radio\/wp-content\/uploads\/2022\/10\/Teatro.jpg","@id":"https:\/\/eldigitaldeasturias.com\/radio\/un-proyecto-busca-restaurar-el-teatro-de-riga-en-el-que-dirigio-wagner\/#mainImage","width":999,"height":642,"caption":"Foto: Bernd von Jutrczenka\/dpa"},"primaryImageOfPage":{"@id":"https:\/\/eldigitaldeasturias.com\/radio\/un-proyecto-busca-restaurar-el-teatro-de-riga-en-el-que-dirigio-wagner\/#mainImage"},"datePublished":"2022-10-29T21:19:44+02:00","dateModified":"2022-10-29T21:19:44+02:00"},{"@type":"WebSite","@id":"https:\/\/eldigitaldeasturias.com\/radio\/#website","url":"https:\/\/eldigitaldeasturias.com\/radio\/","name":"El Digital de Asturias","description":"Diario de informaci\u00f3n y noticias","inLanguage":"es-ES","publisher":{"@id":"https:\/\/eldigitaldeasturias.com\/radio\/#organization"}}]},"og:locale":"es_ES","og:site_name":"El Digital de Asturias | Diario de informaci\u00f3n y noticias","og:type":"article","og:title":"Un proyecto busca restaurar el teatro de Riga en el que dirigi\u00f3 Wagner | El Digital de Asturias","og:description":"(dpa) - Quien se para delante no imagina que se trata de un lugar donde se escribi\u00f3 parte de la historia de la m\u00fasica. El edificio del antiguo Teatro Alem\u00e1n","og:url":"https:\/\/eldigitaldeasturias.com\/radio\/un-proyecto-busca-restaurar-el-teatro-de-riga-en-el-que-dirigio-wagner\/","og:image":"https:\/\/eldigitaldeasturias.com\/radio\/wp-content\/uploads\/2022\/10\/Teatro.jpg","og:image:secure_url":"https:\/\/eldigitaldeasturias.com\/radio\/wp-content\/uploads\/2022\/10\/Teatro.jpg","og:image:width":999,"og:image:height":642,"article:published_time":"2022-10-29T19:19:44+00:00","article:modified_time":"2022-10-29T19:19:44+00:00","twitter:card":"summary_large_image","twitter:site":"@bercodi","twitter:title":"Un proyecto busca restaurar el teatro de Riga en el que dirigi\u00f3 Wagner | El Digital de Asturias","twitter:description":"(dpa) - Quien se para delante no imagina que se trata de un lugar donde se escribi\u00f3 parte de la historia de la m\u00fasica. El edificio del antiguo Teatro Alem\u00e1n","twitter:creator":"@bercodi","twitter:image":"https:\/\/eldigitaldeasturias.com\/radio\/wp-content\/uploads\/2022\/10\/Teatro.jpg"},"aioseo_meta_data":{"post_id":"7451","title":null,"description":"(dpa) - Quien se para delante no imagina que se trata de un lugar donde se escribi\u00f3 parte de la historia de la m\u00fasica. El edificio del antiguo Teatro Alem\u00e1n","keywords":[],"keyphrases":{"focus":{"keyphrase":"Teatro","score":92,"analysis":{"keyphraseInTitle":{"title":"Focus keyphrase in SEO title","description":"Focus keyphrase found in SEO title.","score":9,"maxScore":9,"error":0},"keyphraseInDescription":{"title":"Focus keyphrase in meta description","description":"Focus keyphrase found in meta description.","score":9,"maxScore":9,"error":0},"keyphraseLength":{"title":"Focus keyphrase length","description":"Good job!","score":9,"maxScore":9,"error":0,"length":1},"keyphraseInURL":{"title":"Focus keyphrase in URL","description":"Focus keyphrase not found in the URL.","score":1,"maxScore":5,"error":1},"keyphraseInIntroduction":{"title":"Focus keyphrase in introduction","description":"Your Focus keyphrase appears in the first paragraph. Well done!","score":9,"maxScore":9,"error":0},"keyphraseInSubHeadings":[],"keyphraseInImageAlt":{"title":"Focus keyphrase in image alt attributes","description":"Focus keyphrase found in image alt attribute(s).","score":9,"maxScore":9,"error":0}}},"additional":[{"keyphrase":"Teatro Alem\u00e1n ","score":100,"analysis":{"keyphraseInDescription":{"title":"Keyphrase in meta description","description":"Keyphrase found in meta description.","score":9,"maxScore":9,"error":0},"keyphraseLength":{"title":"Keyphrase length","description":"Good job!","score":9,"maxScore":9,"error":0,"length":2},"keyphraseInIntroduction":{"title":"Keyphrase in introduction","description":"Your Keyphrase appears in the first paragraph. Well done!","score":9,"maxScore":9,"error":0},"keyphraseInImageAlt":{"title":"Keyphrase in image alt attributes","description":"Keyphrase found in image alt attribute(s).","score":9,"maxScore":9,"error":0}}}]},"primary_term":null,"canonical_url":null,"og_title":null,"og_description":null,"og_object_type":"default","og_image_type":"default","og_image_url":null,"og_image_width":null,"og_image_height":null,"og_image_custom_url":null,"og_image_custom_fields":null,"og_video":"","og_custom_url":null,"og_article_section":null,"og_article_tags":[],"twitter_use_og":false,"twitter_card":"default","twitter_image_type":"default","twitter_image_url":null,"twitter_image_custom_url":null,"twitter_image_custom_fields":null,"twitter_title":null,"twitter_description":null,"schema":{"blockGraphs":[],"customGraphs":[],"default":{"data":{"Article":[],"Course":[],"Dataset":[],"FAQPage":[],"Movie":[],"Person":[],"Product":[],"ProductReview":[],"Car":[],"Recipe":[],"Service":[],"SoftwareApplication":[],"WebPage":[]},"graphName":"NewsArticle","isEnabled":true},"graphs":[]},"schema_type":"default","schema_type_options":null,"pillar_content":false,"robots_default":true,"robots_noindex":false,"robots_noarchive":false,"robots_nosnippet":false,"robots_nofollow":false,"robots_noimageindex":false,"robots_noodp":false,"robots_notranslate":false,"robots_max_snippet":"-1","robots_max_videopreview":"-1","robots_max_imagepreview":"large","priority":null,"frequency":"default","location":null,"local_seo":null,"seo_analyzer_scan_date":"2025-08-28 20:47:35","breadcrumb_settings":null,"limit_modified_date":false,"open_ai":null,"ai":null,"created":"2022-10-29 19:15:49","updated":"2025-08-28 20:47:35"},"aioseo_breadcrumb":"<div class=\"aioseo-breadcrumbs\"><span class=\"aioseo-breadcrumb\">\n\t<a href=\"https:\/\/eldigitaldeasturias.com\/radio\" title=\"Inicio\">Inicio<\/a>\n<\/span><span class=\"aioseo-breadcrumb-separator\">&ndash;<\/span><span class=\"aioseo-breadcrumb\">\n\t<a href=\"https:\/\/eldigitaldeasturias.com\/radio\/category\/reportajes\/\" title=\"Reportajes\">Reportajes<\/a>\n<\/span><span class=\"aioseo-breadcrumb-separator\">&ndash;<\/span><span class=\"aioseo-breadcrumb\">\n\tUn proyecto busca restaurar el teatro de Riga en el que dirigi\u00f3 Wagner\n<\/span><\/div>","aioseo_breadcrumb_json":[{"label":"Inicio","link":"https:\/\/eldigitaldeasturias.com\/radio"},{"label":"Reportajes","link":"https:\/\/eldigitaldeasturias.com\/radio\/category\/reportajes\/"},{"label":"Un proyecto busca restaurar el teatro de Riga en el que dirigi\u00f3 Wagner","link":"https:\/\/eldigitaldeasturias.com\/radio\/un-proyecto-busca-restaurar-el-teatro-de-riga-en-el-que-dirigio-wagner\/"}],"_links":{"self":[{"href":"https:\/\/eldigitaldeasturias.com\/radio\/wp-json\/wp\/v2\/posts\/7451","targetHints":{"allow":["GET"]}}],"collection":[{"href":"https:\/\/eldigitaldeasturias.com\/radio\/wp-json\/wp\/v2\/posts"}],"about":[{"href":"https:\/\/eldigitaldeasturias.com\/radio\/wp-json\/wp\/v2\/types\/post"}],"author":[{"embeddable":true,"href":"https:\/\/eldigitaldeasturias.com\/radio\/wp-json\/wp\/v2\/users\/1"}],"replies":[{"embeddable":true,"href":"https:\/\/eldigitaldeasturias.com\/radio\/wp-json\/wp\/v2\/comments?post=7451"}],"version-history":[{"count":0,"href":"https:\/\/eldigitaldeasturias.com\/radio\/wp-json\/wp\/v2\/posts\/7451\/revisions"}],"wp:featuredmedia":[{"embeddable":true,"href":"https:\/\/eldigitaldeasturias.com\/radio\/wp-json\/wp\/v2\/media\/7452"}],"wp:attachment":[{"href":"https:\/\/eldigitaldeasturias.com\/radio\/wp-json\/wp\/v2\/media?parent=7451"}],"wp:term":[{"taxonomy":"category","embeddable":true,"href":"https:\/\/eldigitaldeasturias.com\/radio\/wp-json\/wp\/v2\/categories?post=7451"},{"taxonomy":"post_tag","embeddable":true,"href":"https:\/\/eldigitaldeasturias.com\/radio\/wp-json\/wp\/v2\/tags?post=7451"}],"curies":[{"name":"wp","href":"https:\/\/api.w.org\/{rel}","templated":true}]}}