{"id":7376,"date":"2022-10-07T05:08:52","date_gmt":"2022-10-07T03:08:52","guid":{"rendered":"https:\/\/eldigitaldeasturias.com\/radio\/?p=7376"},"modified":"2022-10-07T05:08:52","modified_gmt":"2022-10-07T03:08:52","slug":"modos-de-empleo-de-los-apliques-de-pared","status":"publish","type":"post","link":"https:\/\/eldigitaldeasturias.com\/radio\/modos-de-empleo-de-los-apliques-de-pared\/","title":{"rendered":"Modos de empleo de los apliques de pared"},"content":{"rendered":"<p>De un tiempo a esta parte <strong>son muchas las personas que invierten en su hogar y los apliques de pared se han ido convirtiendo en mucho m\u00e1s que una tendencia<\/strong>. \u00bfA qui\u00e9n no le gusta una casa con una buena iluminaci\u00f3n en la que podamos resaltar ese cuadro, foto o zona de la casa que nos gusta tener bien iluminada? <strong>Los apliques han ido evolucionando<\/strong>, cada vez hay m\u00e1s modelos de diferentes colores y con formas y estilos que consiguen agradar incluso a los m\u00e1s exigentes. <strong>En el caso de que quieras darle otro tono, m\u00e1s luz y m\u00e1s belleza al hogar no lo dudes y <a title=\"visita lamparas-en-linea.es\" href=\"https:\/\/www.lamparas-en-linea.es\/apliques-de-pared\/\" target=\"_blank\" rel=\"noopener\"><span style=\"color: #ff6600;\">visita lamparas-en-linea.es<\/span><\/a><\/strong><\/p>\n<figure id=\"attachment_7377\" aria-describedby=\"caption-attachment-7377\" style=\"width: 650px\" class=\"wp-caption aligncenter\"><img fetchpriority=\"high\" decoding=\"async\" class=\"wp-image-7377\" src=\"https:\/\/eldigitaldeasturias.com\/radio\/wp-content\/uploads\/2022\/10\/aplique-de-pared-231x300.jpg\" alt=\"https:\/\/www.lamparas-en-linea.es\/apliques-de-pared\/\" width=\"650\" height=\"844\" srcset=\"https:\/\/eldigitaldeasturias.com\/radio\/wp-content\/uploads\/2022\/10\/aplique-de-pared-231x300.jpg 231w, https:\/\/eldigitaldeasturias.com\/radio\/wp-content\/uploads\/2022\/10\/aplique-de-pared-768x997.jpg 768w, https:\/\/eldigitaldeasturias.com\/radio\/wp-content\/uploads\/2022\/10\/aplique-de-pared-150x195.jpg 150w, https:\/\/eldigitaldeasturias.com\/radio\/wp-content\/uploads\/2022\/10\/aplique-de-pared-450x584.jpg 450w, https:\/\/eldigitaldeasturias.com\/radio\/wp-content\/uploads\/2022\/10\/aplique-de-pared.jpg 770w\" sizes=\"(max-width: 650px) 100vw, 650px\" \/><figcaption id=\"caption-attachment-7377\" class=\"wp-caption-text\">Aplique de pared extensible Mexlite Dion \/ Foto: lamparas-en-linea.es<\/figcaption><\/figure>\n<h2>Ventajas de los apliques de pared<\/h2>\n<p>La primera y m\u00e1s importante es <strong>su sencilla instalaci\u00f3n<\/strong>, en el caso de que no seas un \u00abmanitas\u00bb en temas de hogar <strong>te recomendamos que siempre te pongas en manos de un experto o profesional para que el aplique luzca bien, la pared no sufra da\u00f1os y luego puedas disfrutar de tu nuevo objeto de deseo.<\/strong><\/p>\n<p>Otro punto a su favor es <strong>el poco espacio que ocupar\u00e1<\/strong> <strong>y el gran servicio que te dar\u00e1<\/strong>. Con un aplique de calidad que se ajuste a tu personalidad o a la decoraci\u00f3n de la casa <strong>estar\u00e1s invirtiendo en calidad de vida<\/strong> y tambi\u00e9n revalorizar\u00e1s tu vivienda.<\/p>\n<h2>Sencillos de comprar<\/h2>\n<p>Quiz\u00e1s hayas hablado con la pareja, familia o compa\u00f1eros de piso de <strong>las muchas ventajas de los apliques de pared<\/strong>, y s\u00ed no lo has hecho a\u00fan ahora es el momento, pues en la web que te hemos mencionado no hay letra peque\u00f1a, te ofrecen todo tipo de facilidades e incluso te lo llevar\u00e1n a casa, por lo que ya no tendr\u00e1s que desplazarte y <strong>podr\u00e1s realizar tus compras desde cualquier dispositivo siempre de manera segura.<\/strong><\/p>\n<h2>\u00bfQu\u00e9 modelos ofrecen?<\/h2>\n<p>Puedes elegir un <strong>modelo para el exterior<\/strong>, ideal para esa terraza, o porche que tal vez tengas en casa o en tu segunda residencia. Tambi\u00e9n hay<strong> apliques sin cable<\/strong> con todas las ventajas que ello conlleva, pues lo podr\u00e1s poner en cualquier lugar y adem\u00e1s no tendr\u00e1s a la vista \u00abotro cable m\u00e1s\u00bb de los muchos que hay en las casas, no dudes en consultar los diferentes modelos, funcionamientos y precios, es uno de los m\u00e1s deseados del momento.<\/p>\n<blockquote><p>\u00bfQuieres sorprender a la gente que vaya de visita a tu casa? Pues busca el que m\u00e1s te gust\u00e9 y a disfrutar, seguramente dentro de un tiempo alguna de esas personas que lo han visto te pregunten d\u00f3nde lo has comprado y tambi\u00e9n querr\u00e1n disfrutar del suyo.<\/p><\/blockquote>\n<p>Y no podemos olvidarnos de <strong>los apliques regulables<\/strong>. Son perfectos para ese espacio de estudio, lectura o trabajo que quiz\u00e1s tengas en casa o incluso en tu despacho, comercio u oficina. Una opci\u00f3n perfecta para todos y que responder\u00e1 perfectamente a todas y cada una de tus necesidades.<\/p>\n<figure id=\"attachment_7378\" aria-describedby=\"caption-attachment-7378\" style=\"width: 650px\" class=\"wp-caption aligncenter\"><img decoding=\"async\" class=\"wp-image-7378\" src=\"https:\/\/eldigitaldeasturias.com\/radio\/wp-content\/uploads\/2022\/10\/aplique-231x300.jpg\" alt=\"aplique\" width=\"650\" height=\"844\" srcset=\"https:\/\/eldigitaldeasturias.com\/radio\/wp-content\/uploads\/2022\/10\/aplique-231x300.jpg 231w, https:\/\/eldigitaldeasturias.com\/radio\/wp-content\/uploads\/2022\/10\/aplique-768x997.jpg 768w, https:\/\/eldigitaldeasturias.com\/radio\/wp-content\/uploads\/2022\/10\/aplique-150x195.jpg 150w, https:\/\/eldigitaldeasturias.com\/radio\/wp-content\/uploads\/2022\/10\/aplique-450x584.jpg 450w, https:\/\/eldigitaldeasturias.com\/radio\/wp-content\/uploads\/2022\/10\/aplique.jpg 770w\" sizes=\"(max-width: 650px) 100vw, 650px\" \/><figcaption id=\"caption-attachment-7378\" class=\"wp-caption-text\">Aplique de pared redondo negro Steinhauer: Foto: lamparas-en-linea.es<\/figcaption><\/figure>\n<h3>Un aplique para cada persona y hogar<\/h3>\n<p>Si eres de los que les gusta el estilo vintage no lo dudes y<strong> apuesta por el Mexlite Davin o por el aplique industrial vintage Mexlite Paco<\/strong>. Buenos materiales, gran calidad y excelente precio. Cuando los veas querr\u00e1s comprarlos y tu mayor preocupaci\u00f3n ser\u00e1 elegir un modelo, aunque quiz\u00e1s te puedas llevar los dos.<\/p>\n<p>El <strong>aplique de pared extensible Mexlite Dion<\/strong> es ideal para ese lugar en el que vas a leer, estudiar o trabajar, su dise\u00f1o escandinavo encaja perfectamente con los muebles claros, pero en el caso de que tengas muebles oscuros otras opciones puede ser el <strong>aplique de pared con brazo articulado Bronq Jikke<\/strong> <strong>o el aplique de jaula negro y dorado Anne Lighting Dunbar.<\/strong><\/p>\n<h2>\u00bfHay m\u00e1s modelos y propuestas?<\/h2>\n<p>La respuesta es s\u00ed, muchas m\u00e1s de las que puedas imaginar, y todas con materiales de primera calidad, sencillos de colocar y adem\u00e1s creados siempre para mejorar tu calidad de vida, resaltar la belleza del hogar y disponer de una buena iluminaci\u00f3n.<strong> \u00bfDeseas luz y estilo para el hogar? En L\u00e1mparas en l\u00ednea tienen todo lo que necesitas<\/strong> y caso de duda sus expertos te asesoraran y ofrecer\u00e1n respuestas y las mejores opciones del mercado.<\/p>\n","protected":false},"excerpt":{"rendered":"<p>De un tiempo a esta parte son muchas las personas que invierten en su hogar y los apliques de pared se han ido convirtiendo en mucho m\u00e1s que una tendencia. \u00bfA qui\u00e9n no le gusta una casa con una buena iluminaci\u00f3n en la que podamos resaltar ese cuadro, foto o zona de la casa que<\/p>\n","protected":false},"author":1,"featured_media":7377,"comment_status":"closed","ping_status":"closed","sticky":false,"template":"","format":"standard","meta":{"footnotes":""},"categories":[38],"tags":[102],"class_list":{"0":"post-7376","1":"post","2":"type-post","3":"status-publish","4":"format-standard","5":"has-post-thumbnail","7":"category-live","8":"tag-hogar"},"aioseo_notices":[],"aioseo_head":"\n\t\t<!-- All in One SEO Pro 4.9.6.2 - aioseo.com -->\n\t<meta name=\"description\" content=\"De un tiempo a esta parte son muchas las personas que invierten en su hogar y los apliques de pared se han ido convirtiendo en mucho m\u00e1s que una tendencia\" \/>\n\t<meta name=\"robots\" content=\"max-image-preview:large\" \/>\n\t<meta name=\"author\" content=\"NBAsturias\"\/>\n\t<meta name=\"google-site-verification\" content=\"UA-38556648-1\" \/>\n\t<meta name=\"keywords\" content=\"live\" \/>\n\t<link rel=\"canonical\" href=\"https:\/\/eldigitaldeasturias.com\/radio\/modos-de-empleo-de-los-apliques-de-pared\/\" \/>\n\t<meta name=\"generator\" content=\"All in One SEO Pro (AIOSEO) 4.9.6.2\" \/>\n\t\t<meta property=\"og:locale\" content=\"es_ES\" \/>\n\t\t<meta property=\"og:site_name\" content=\"El Digital de Asturias | Diario de informaci\u00f3n y noticias\" \/>\n\t\t<meta property=\"og:type\" content=\"article\" \/>\n\t\t<meta property=\"og:title\" content=\"Modos de empleo de los apliques de pared | El Digital de Asturias\" \/>\n\t\t<meta property=\"og:description\" content=\"De un tiempo a esta parte son muchas las personas que invierten en su hogar y los apliques de pared se han ido convirtiendo en mucho m\u00e1s que una tendencia\" \/>\n\t\t<meta property=\"og:url\" content=\"https:\/\/eldigitaldeasturias.com\/radio\/modos-de-empleo-de-los-apliques-de-pared\/\" \/>\n\t\t<meta property=\"og:image\" content=\"https:\/\/eldigitaldeasturias.com\/radio\/wp-content\/uploads\/2022\/10\/aplique-de-pared.jpg\" \/>\n\t\t<meta property=\"og:image:secure_url\" content=\"https:\/\/eldigitaldeasturias.com\/radio\/wp-content\/uploads\/2022\/10\/aplique-de-pared.jpg\" \/>\n\t\t<meta property=\"og:image:width\" content=\"770\" \/>\n\t\t<meta property=\"og:image:height\" content=\"1000\" \/>\n\t\t<meta property=\"article:published_time\" content=\"2022-10-07T03:08:52+00:00\" \/>\n\t\t<meta property=\"article:modified_time\" content=\"2022-10-07T03:08:52+00:00\" \/>\n\t\t<meta name=\"twitter:card\" content=\"summary_large_image\" \/>\n\t\t<meta name=\"twitter:site\" content=\"@bercodi\" \/>\n\t\t<meta name=\"twitter:title\" content=\"Modos de empleo de los apliques de pared | El Digital de Asturias\" \/>\n\t\t<meta name=\"twitter:description\" content=\"De un tiempo a esta parte son muchas las personas que invierten en su hogar y los apliques de pared se han ido convirtiendo en mucho m\u00e1s que una tendencia\" \/>\n\t\t<meta name=\"twitter:creator\" content=\"@bercodi\" \/>\n\t\t<meta name=\"twitter:image\" content=\"https:\/\/eldigitaldeasturias.com\/radio\/wp-content\/uploads\/2022\/10\/aplique-de-pared.jpg\" \/>\n\t\t<script type=\"application\/ld+json\" class=\"aioseo-schema\">\n\t\t\t{\"@context\":\"https:\\\/\\\/schema.org\",\"@graph\":[{\"@type\":\"BreadcrumbList\",\"@id\":\"https:\\\/\\\/eldigitaldeasturias.com\\\/radio\\\/modos-de-empleo-de-los-apliques-de-pared\\\/#breadcrumblist\",\"itemListElement\":[{\"@type\":\"ListItem\",\"@id\":\"https:\\\/\\\/eldigitaldeasturias.com\\\/radio#listItem\",\"position\":1,\"name\":\"Inicio\",\"item\":\"https:\\\/\\\/eldigitaldeasturias.com\\\/radio\",\"nextItem\":{\"@type\":\"ListItem\",\"@id\":\"https:\\\/\\\/eldigitaldeasturias.com\\\/radio\\\/category\\\/live\\\/#listItem\",\"name\":\"Live\"}},{\"@type\":\"ListItem\",\"@id\":\"https:\\\/\\\/eldigitaldeasturias.com\\\/radio\\\/category\\\/live\\\/#listItem\",\"position\":2,\"name\":\"Live\",\"item\":\"https:\\\/\\\/eldigitaldeasturias.com\\\/radio\\\/category\\\/live\\\/\",\"nextItem\":{\"@type\":\"ListItem\",\"@id\":\"https:\\\/\\\/eldigitaldeasturias.com\\\/radio\\\/modos-de-empleo-de-los-apliques-de-pared\\\/#listItem\",\"name\":\"Modos de empleo de los apliques de pared\"},\"previousItem\":{\"@type\":\"ListItem\",\"@id\":\"https:\\\/\\\/eldigitaldeasturias.com\\\/radio#listItem\",\"name\":\"Inicio\"}},{\"@type\":\"ListItem\",\"@id\":\"https:\\\/\\\/eldigitaldeasturias.com\\\/radio\\\/modos-de-empleo-de-los-apliques-de-pared\\\/#listItem\",\"position\":3,\"name\":\"Modos de empleo de los apliques de pared\",\"previousItem\":{\"@type\":\"ListItem\",\"@id\":\"https:\\\/\\\/eldigitaldeasturias.com\\\/radio\\\/category\\\/live\\\/#listItem\",\"name\":\"Live\"}}]},{\"@type\":\"NewsArticle\",\"@id\":\"https:\\\/\\\/eldigitaldeasturias.com\\\/radio\\\/modos-de-empleo-de-los-apliques-de-pared\\\/#newsarticle\",\"name\":\"Modos de empleo de los apliques de pared | El Digital de Asturias\",\"headline\":\"Modos de empleo de los apliques de pared\",\"author\":{\"@id\":\"https:\\\/\\\/eldigitaldeasturias.com\\\/radio\\\/author\\\/nbasturias\\\/#author\"},\"publisher\":{\"@id\":\"https:\\\/\\\/eldigitaldeasturias.com\\\/radio\\\/#organization\"},\"image\":{\"@type\":\"ImageObject\",\"url\":\"https:\\\/\\\/eldigitaldeasturias.com\\\/radio\\\/wp-content\\\/uploads\\\/2022\\\/10\\\/aplique-de-pared.jpg\",\"width\":770,\"height\":1000,\"caption\":\"Aplique de pared extensible Mexlite Dion \\\/ Foto: lamparas-en-linea.es\"},\"datePublished\":\"2022-10-07T05:08:52+02:00\",\"dateModified\":\"2022-10-07T05:08:52+02:00\",\"inLanguage\":\"es-ES\",\"mainEntityOfPage\":{\"@id\":\"https:\\\/\\\/eldigitaldeasturias.com\\\/radio\\\/modos-de-empleo-de-los-apliques-de-pared\\\/#webpage\"},\"isPartOf\":{\"@id\":\"https:\\\/\\\/eldigitaldeasturias.com\\\/radio\\\/modos-de-empleo-de-los-apliques-de-pared\\\/#webpage\"},\"articleSection\":\"Live, hogar\",\"dateline\":\"Publicado el octubre 7, 2022.\"},{\"@type\":\"Organization\",\"@id\":\"https:\\\/\\\/eldigitaldeasturias.com\\\/radio\\\/#organization\",\"name\":\"El digital de Asturias Radio\",\"description\":\"Diario de informaci\\u00f3n y noticias\",\"url\":\"https:\\\/\\\/eldigitaldeasturias.com\\\/radio\\\/\",\"telephone\":\"+34652131393\",\"logo\":{\"@type\":\"ImageObject\",\"url\":\"https:\\\/\\\/www.eldigitaldeasturias.com\\\/radio\\\/wp-content\\\/uploads\\\/2021\\\/03\\\/EDA.jpg\",\"@id\":\"https:\\\/\\\/eldigitaldeasturias.com\\\/radio\\\/modos-de-empleo-de-los-apliques-de-pared\\\/#organizationLogo\"},\"image\":{\"@id\":\"https:\\\/\\\/eldigitaldeasturias.com\\\/radio\\\/modos-de-empleo-de-los-apliques-de-pared\\\/#organizationLogo\"},\"sameAs\":[\"https:\\\/\\\/www.facebook.com\\\/\",\"https:\\\/\\\/x.com\\\/bercodi\",\"https:\\\/\\\/www.instagram.com\\\/\",\"https:\\\/\\\/www.youtube.com\\\/channel\\\/UCZP-2wLEB9Rv6erhFmqVnvg\"]},{\"@type\":\"Person\",\"@id\":\"https:\\\/\\\/eldigitaldeasturias.com\\\/radio\\\/author\\\/nbasturias\\\/#author\",\"url\":\"https:\\\/\\\/eldigitaldeasturias.com\\\/radio\\\/author\\\/nbasturias\\\/\",\"name\":\"NBAsturias\",\"image\":{\"@type\":\"ImageObject\",\"@id\":\"https:\\\/\\\/eldigitaldeasturias.com\\\/radio\\\/modos-de-empleo-de-los-apliques-de-pared\\\/#authorImage\",\"url\":\"https:\\\/\\\/secure.gravatar.com\\\/avatar\\\/df2aeffc32bcd13f8d26072ef8a91b623d677766deac7f97ca815868cd41bf5e?s=96&d=mm&r=g\",\"width\":96,\"height\":96,\"caption\":\"NBAsturias\"}},{\"@type\":\"WebPage\",\"@id\":\"https:\\\/\\\/eldigitaldeasturias.com\\\/radio\\\/modos-de-empleo-de-los-apliques-de-pared\\\/#webpage\",\"url\":\"https:\\\/\\\/eldigitaldeasturias.com\\\/radio\\\/modos-de-empleo-de-los-apliques-de-pared\\\/\",\"name\":\"Modos de empleo de los apliques de pared | El Digital de Asturias\",\"description\":\"De un tiempo a esta parte son muchas las personas que invierten en su hogar y los apliques de pared se han ido convirtiendo en mucho m\\u00e1s que una tendencia\",\"inLanguage\":\"es-ES\",\"isPartOf\":{\"@id\":\"https:\\\/\\\/eldigitaldeasturias.com\\\/radio\\\/#website\"},\"breadcrumb\":{\"@id\":\"https:\\\/\\\/eldigitaldeasturias.com\\\/radio\\\/modos-de-empleo-de-los-apliques-de-pared\\\/#breadcrumblist\"},\"author\":{\"@id\":\"https:\\\/\\\/eldigitaldeasturias.com\\\/radio\\\/author\\\/nbasturias\\\/#author\"},\"creator\":{\"@id\":\"https:\\\/\\\/eldigitaldeasturias.com\\\/radio\\\/author\\\/nbasturias\\\/#author\"},\"image\":{\"@type\":\"ImageObject\",\"url\":\"https:\\\/\\\/eldigitaldeasturias.com\\\/radio\\\/wp-content\\\/uploads\\\/2022\\\/10\\\/aplique-de-pared.jpg\",\"@id\":\"https:\\\/\\\/eldigitaldeasturias.com\\\/radio\\\/modos-de-empleo-de-los-apliques-de-pared\\\/#mainImage\",\"width\":770,\"height\":1000,\"caption\":\"Aplique de pared extensible Mexlite Dion \\\/ Foto: lamparas-en-linea.es\"},\"primaryImageOfPage\":{\"@id\":\"https:\\\/\\\/eldigitaldeasturias.com\\\/radio\\\/modos-de-empleo-de-los-apliques-de-pared\\\/#mainImage\"},\"datePublished\":\"2022-10-07T05:08:52+02:00\",\"dateModified\":\"2022-10-07T05:08:52+02:00\"},{\"@type\":\"WebSite\",\"@id\":\"https:\\\/\\\/eldigitaldeasturias.com\\\/radio\\\/#website\",\"url\":\"https:\\\/\\\/eldigitaldeasturias.com\\\/radio\\\/\",\"name\":\"El Digital de Asturias\",\"description\":\"Diario de informaci\\u00f3n y noticias\",\"inLanguage\":\"es-ES\",\"publisher\":{\"@id\":\"https:\\\/\\\/eldigitaldeasturias.com\\\/radio\\\/#organization\"}}]}\n\t\t<\/script>\n\t\t<!-- All in One SEO Pro -->\r\n\t\t<title>Modos de empleo de los apliques de pared | El Digital de Asturias<\/title>\n\n","aioseo_head_json":{"title":"Modos de empleo de los apliques de pared | El Digital de Asturias","description":"De un tiempo a esta parte son muchas las personas que invierten en su hogar y los apliques de pared se han ido convirtiendo en mucho m\u00e1s que una tendencia","canonical_url":"https:\/\/eldigitaldeasturias.com\/radio\/modos-de-empleo-de-los-apliques-de-pared\/","robots":"max-image-preview:large","keywords":"live","webmasterTools":{"google-site-verification":"UA-38556648-1","miscellaneous":""},"schema":{"@context":"https:\/\/schema.org","@graph":[{"@type":"BreadcrumbList","@id":"https:\/\/eldigitaldeasturias.com\/radio\/modos-de-empleo-de-los-apliques-de-pared\/#breadcrumblist","itemListElement":[{"@type":"ListItem","@id":"https:\/\/eldigitaldeasturias.com\/radio#listItem","position":1,"name":"Inicio","item":"https:\/\/eldigitaldeasturias.com\/radio","nextItem":{"@type":"ListItem","@id":"https:\/\/eldigitaldeasturias.com\/radio\/category\/live\/#listItem","name":"Live"}},{"@type":"ListItem","@id":"https:\/\/eldigitaldeasturias.com\/radio\/category\/live\/#listItem","position":2,"name":"Live","item":"https:\/\/eldigitaldeasturias.com\/radio\/category\/live\/","nextItem":{"@type":"ListItem","@id":"https:\/\/eldigitaldeasturias.com\/radio\/modos-de-empleo-de-los-apliques-de-pared\/#listItem","name":"Modos de empleo de los apliques de pared"},"previousItem":{"@type":"ListItem","@id":"https:\/\/eldigitaldeasturias.com\/radio#listItem","name":"Inicio"}},{"@type":"ListItem","@id":"https:\/\/eldigitaldeasturias.com\/radio\/modos-de-empleo-de-los-apliques-de-pared\/#listItem","position":3,"name":"Modos de empleo de los apliques de pared","previousItem":{"@type":"ListItem","@id":"https:\/\/eldigitaldeasturias.com\/radio\/category\/live\/#listItem","name":"Live"}}]},{"@type":"NewsArticle","@id":"https:\/\/eldigitaldeasturias.com\/radio\/modos-de-empleo-de-los-apliques-de-pared\/#newsarticle","name":"Modos de empleo de los apliques de pared | El Digital de Asturias","headline":"Modos de empleo de los apliques de pared","author":{"@id":"https:\/\/eldigitaldeasturias.com\/radio\/author\/nbasturias\/#author"},"publisher":{"@id":"https:\/\/eldigitaldeasturias.com\/radio\/#organization"},"image":{"@type":"ImageObject","url":"https:\/\/eldigitaldeasturias.com\/radio\/wp-content\/uploads\/2022\/10\/aplique-de-pared.jpg","width":770,"height":1000,"caption":"Aplique de pared extensible Mexlite Dion \/ Foto: lamparas-en-linea.es"},"datePublished":"2022-10-07T05:08:52+02:00","dateModified":"2022-10-07T05:08:52+02:00","inLanguage":"es-ES","mainEntityOfPage":{"@id":"https:\/\/eldigitaldeasturias.com\/radio\/modos-de-empleo-de-los-apliques-de-pared\/#webpage"},"isPartOf":{"@id":"https:\/\/eldigitaldeasturias.com\/radio\/modos-de-empleo-de-los-apliques-de-pared\/#webpage"},"articleSection":"Live, hogar","dateline":"Publicado el octubre 7, 2022."},{"@type":"Organization","@id":"https:\/\/eldigitaldeasturias.com\/radio\/#organization","name":"El digital de Asturias Radio","description":"Diario de informaci\u00f3n y noticias","url":"https:\/\/eldigitaldeasturias.com\/radio\/","telephone":"+34652131393","logo":{"@type":"ImageObject","url":"https:\/\/www.eldigitaldeasturias.com\/radio\/wp-content\/uploads\/2021\/03\/EDA.jpg","@id":"https:\/\/eldigitaldeasturias.com\/radio\/modos-de-empleo-de-los-apliques-de-pared\/#organizationLogo"},"image":{"@id":"https:\/\/eldigitaldeasturias.com\/radio\/modos-de-empleo-de-los-apliques-de-pared\/#organizationLogo"},"sameAs":["https:\/\/www.facebook.com\/","https:\/\/x.com\/bercodi","https:\/\/www.instagram.com\/","https:\/\/www.youtube.com\/channel\/UCZP-2wLEB9Rv6erhFmqVnvg"]},{"@type":"Person","@id":"https:\/\/eldigitaldeasturias.com\/radio\/author\/nbasturias\/#author","url":"https:\/\/eldigitaldeasturias.com\/radio\/author\/nbasturias\/","name":"NBAsturias","image":{"@type":"ImageObject","@id":"https:\/\/eldigitaldeasturias.com\/radio\/modos-de-empleo-de-los-apliques-de-pared\/#authorImage","url":"https:\/\/secure.gravatar.com\/avatar\/df2aeffc32bcd13f8d26072ef8a91b623d677766deac7f97ca815868cd41bf5e?s=96&d=mm&r=g","width":96,"height":96,"caption":"NBAsturias"}},{"@type":"WebPage","@id":"https:\/\/eldigitaldeasturias.com\/radio\/modos-de-empleo-de-los-apliques-de-pared\/#webpage","url":"https:\/\/eldigitaldeasturias.com\/radio\/modos-de-empleo-de-los-apliques-de-pared\/","name":"Modos de empleo de los apliques de pared | El Digital de Asturias","description":"De un tiempo a esta parte son muchas las personas que invierten en su hogar y los apliques de pared se han ido convirtiendo en mucho m\u00e1s que una tendencia","inLanguage":"es-ES","isPartOf":{"@id":"https:\/\/eldigitaldeasturias.com\/radio\/#website"},"breadcrumb":{"@id":"https:\/\/eldigitaldeasturias.com\/radio\/modos-de-empleo-de-los-apliques-de-pared\/#breadcrumblist"},"author":{"@id":"https:\/\/eldigitaldeasturias.com\/radio\/author\/nbasturias\/#author"},"creator":{"@id":"https:\/\/eldigitaldeasturias.com\/radio\/author\/nbasturias\/#author"},"image":{"@type":"ImageObject","url":"https:\/\/eldigitaldeasturias.com\/radio\/wp-content\/uploads\/2022\/10\/aplique-de-pared.jpg","@id":"https:\/\/eldigitaldeasturias.com\/radio\/modos-de-empleo-de-los-apliques-de-pared\/#mainImage","width":770,"height":1000,"caption":"Aplique de pared extensible Mexlite Dion \/ Foto: lamparas-en-linea.es"},"primaryImageOfPage":{"@id":"https:\/\/eldigitaldeasturias.com\/radio\/modos-de-empleo-de-los-apliques-de-pared\/#mainImage"},"datePublished":"2022-10-07T05:08:52+02:00","dateModified":"2022-10-07T05:08:52+02:00"},{"@type":"WebSite","@id":"https:\/\/eldigitaldeasturias.com\/radio\/#website","url":"https:\/\/eldigitaldeasturias.com\/radio\/","name":"El Digital de Asturias","description":"Diario de informaci\u00f3n y noticias","inLanguage":"es-ES","publisher":{"@id":"https:\/\/eldigitaldeasturias.com\/radio\/#organization"}}]},"og:locale":"es_ES","og:site_name":"El Digital de Asturias | Diario de informaci\u00f3n y noticias","og:type":"article","og:title":"Modos de empleo de los apliques de pared | El Digital de Asturias","og:description":"De un tiempo a esta parte son muchas las personas que invierten en su hogar y los apliques de pared se han ido convirtiendo en mucho m\u00e1s que una tendencia","og:url":"https:\/\/eldigitaldeasturias.com\/radio\/modos-de-empleo-de-los-apliques-de-pared\/","og:image":"https:\/\/eldigitaldeasturias.com\/radio\/wp-content\/uploads\/2022\/10\/aplique-de-pared.jpg","og:image:secure_url":"https:\/\/eldigitaldeasturias.com\/radio\/wp-content\/uploads\/2022\/10\/aplique-de-pared.jpg","og:image:width":770,"og:image:height":1000,"article:published_time":"2022-10-07T03:08:52+00:00","article:modified_time":"2022-10-07T03:08:52+00:00","twitter:card":"summary_large_image","twitter:site":"@bercodi","twitter:title":"Modos de empleo de los apliques de pared | El Digital de Asturias","twitter:description":"De un tiempo a esta parte son muchas las personas que invierten en su hogar y los apliques de pared se han ido convirtiendo en mucho m\u00e1s que una tendencia","twitter:creator":"@bercodi","twitter:image":"https:\/\/eldigitaldeasturias.com\/radio\/wp-content\/uploads\/2022\/10\/aplique-de-pared.jpg"},"aioseo_meta_data":{"post_id":"7376","title":null,"description":"De un tiempo a esta parte son muchas las personas que invierten en su hogar y los apliques de pared se han ido convirtiendo en mucho m\u00e1s que una tendencia","keywords":[],"keyphrases":{"focus":{"keyphrase":"apliques","score":83,"analysis":{"keyphraseInTitle":{"title":"Focus keyphrase in SEO title","description":"Focus keyphrase found in SEO title.","score":9,"maxScore":9,"error":0},"keyphraseInDescription":{"title":"Focus keyphrase in meta description","description":"Focus keyphrase found in meta description.","score":9,"maxScore":9,"error":0},"keyphraseLength":{"title":"Focus keyphrase length","description":"Good job!","score":9,"maxScore":9,"error":0,"length":1},"keyphraseInURL":{"title":"Focus keyphrase in URL","description":"Focus keyphrase not found in the URL.","score":1,"maxScore":5,"error":1},"keyphraseInIntroduction":{"title":"Focus keyphrase in introduction","description":"Your Focus keyphrase appears in the first paragraph. Well done!","score":9,"maxScore":9,"error":0},"keyphraseInSubHeadings":{"title":"Focus keyphrase in Subheadings","description":"Use more focus keyphrases in your H2 and H3 subheadings!","score":3,"maxScore":9,"error":1},"keyphraseInImageAlt":{"title":"Focus keyphrase in image alt attributes","description":"Focus keyphrase found in image alt attribute(s).","score":9,"maxScore":9,"error":0}}},"additional":[{"keyphrase":"apliques de pared","score":100,"analysis":{"keyphraseInDescription":{"title":"Keyphrase in meta description","description":"Keyphrase found in meta description.","score":9,"maxScore":9,"error":0},"keyphraseLength":{"title":"Keyphrase length","description":"Good job!","score":9,"maxScore":9,"error":0,"length":3},"keyphraseInIntroduction":{"title":"Keyphrase in introduction","description":"Your Keyphrase appears in the first paragraph. Well done!","score":9,"maxScore":9,"error":0},"keyphraseInImageAlt":{"title":"Keyphrase in image alt attributes","description":"Keyphrase found in image alt attribute(s).","score":9,"maxScore":9,"error":0}}},{"keyphrase":"apliques","score":100,"analysis":{"keyphraseInDescription":{"title":"Keyphrase in meta description","description":"Keyphrase found in meta description.","score":9,"maxScore":9,"error":0},"keyphraseLength":{"title":"Keyphrase length","description":"Good job!","score":9,"maxScore":9,"error":0,"length":1},"keyphraseInIntroduction":{"title":"Keyphrase in introduction","description":"Your Keyphrase appears in the first paragraph. Well done!","score":9,"maxScore":9,"error":0},"keyphraseInImageAlt":{"title":"Keyphrase in image alt attributes","description":"Keyphrase found in image alt attribute(s).","score":9,"maxScore":9,"error":0}}}]},"primary_term":null,"canonical_url":null,"og_title":null,"og_description":null,"og_object_type":"default","og_image_type":"default","og_image_url":null,"og_image_width":null,"og_image_height":null,"og_image_custom_url":null,"og_image_custom_fields":null,"og_video":"","og_custom_url":null,"og_article_section":null,"og_article_tags":[],"twitter_use_og":false,"twitter_card":"default","twitter_image_type":"default","twitter_image_url":null,"twitter_image_custom_url":null,"twitter_image_custom_fields":null,"twitter_title":null,"twitter_description":null,"schema":{"blockGraphs":[],"customGraphs":[],"default":{"data":{"Article":[],"Course":[],"Dataset":[],"FAQPage":[],"Movie":[],"Person":[],"Product":[],"ProductReview":[],"Car":[],"Recipe":[],"Service":[],"SoftwareApplication":[],"WebPage":[]},"graphName":"NewsArticle","isEnabled":true},"graphs":[]},"schema_type":"default","schema_type_options":null,"pillar_content":false,"robots_default":true,"robots_noindex":false,"robots_noarchive":false,"robots_nosnippet":false,"robots_nofollow":false,"robots_noimageindex":false,"robots_noodp":false,"robots_notranslate":false,"robots_max_snippet":"-1","robots_max_videopreview":"-1","robots_max_imagepreview":"large","priority":null,"frequency":"default","location":null,"local_seo":null,"seo_analyzer_scan_date":"2025-08-28 20:42:27","breadcrumb_settings":null,"limit_modified_date":false,"open_ai":null,"ai":null,"created":"2022-10-07 02:53:57","updated":"2025-08-28 20:42:27"},"aioseo_breadcrumb":"<div class=\"aioseo-breadcrumbs\"><span class=\"aioseo-breadcrumb\">\n\t<a href=\"https:\/\/eldigitaldeasturias.com\/radio\" title=\"Inicio\">Inicio<\/a>\n<\/span><span class=\"aioseo-breadcrumb-separator\">&ndash;<\/span><span class=\"aioseo-breadcrumb\">\n\t<a href=\"https:\/\/eldigitaldeasturias.com\/radio\/category\/live\/\" title=\"Live\">Live<\/a>\n<\/span><span class=\"aioseo-breadcrumb-separator\">&ndash;<\/span><span class=\"aioseo-breadcrumb\">\n\tModos de empleo de los apliques de pared\n<\/span><\/div>","aioseo_breadcrumb_json":[{"label":"Inicio","link":"https:\/\/eldigitaldeasturias.com\/radio"},{"label":"Live","link":"https:\/\/eldigitaldeasturias.com\/radio\/category\/live\/"},{"label":"Modos de empleo de los apliques de pared","link":"https:\/\/eldigitaldeasturias.com\/radio\/modos-de-empleo-de-los-apliques-de-pared\/"}],"_links":{"self":[{"href":"https:\/\/eldigitaldeasturias.com\/radio\/wp-json\/wp\/v2\/posts\/7376","targetHints":{"allow":["GET"]}}],"collection":[{"href":"https:\/\/eldigitaldeasturias.com\/radio\/wp-json\/wp\/v2\/posts"}],"about":[{"href":"https:\/\/eldigitaldeasturias.com\/radio\/wp-json\/wp\/v2\/types\/post"}],"author":[{"embeddable":true,"href":"https:\/\/eldigitaldeasturias.com\/radio\/wp-json\/wp\/v2\/users\/1"}],"replies":[{"embeddable":true,"href":"https:\/\/eldigitaldeasturias.com\/radio\/wp-json\/wp\/v2\/comments?post=7376"}],"version-history":[{"count":0,"href":"https:\/\/eldigitaldeasturias.com\/radio\/wp-json\/wp\/v2\/posts\/7376\/revisions"}],"wp:featuredmedia":[{"embeddable":true,"href":"https:\/\/eldigitaldeasturias.com\/radio\/wp-json\/wp\/v2\/media\/7377"}],"wp:attachment":[{"href":"https:\/\/eldigitaldeasturias.com\/radio\/wp-json\/wp\/v2\/media?parent=7376"}],"wp:term":[{"taxonomy":"category","embeddable":true,"href":"https:\/\/eldigitaldeasturias.com\/radio\/wp-json\/wp\/v2\/categories?post=7376"},{"taxonomy":"post_tag","embeddable":true,"href":"https:\/\/eldigitaldeasturias.com\/radio\/wp-json\/wp\/v2\/tags?post=7376"}],"curies":[{"name":"wp","href":"https:\/\/api.w.org\/{rel}","templated":true}]}}