{"id":7336,"date":"2022-10-02T03:41:45","date_gmt":"2022-10-02T01:41:45","guid":{"rendered":"https:\/\/eldigitaldeasturias.com\/radio\/?p=7336"},"modified":"2022-10-02T03:41:45","modified_gmt":"2022-10-02T01:41:45","slug":"la-historia-de-los-smileys-digitales","status":"publish","type":"post","link":"https:\/\/eldigitaldeasturias.com\/radio\/la-historia-de-los-smileys-digitales\/","title":{"rendered":"La historia de los \u00absmileys\u00bb digitales"},"content":{"rendered":"<p>(dpa) &#8211; Hace 40 a\u00f1os, el <strong>19 de septiembre de 1982<\/strong>, comenz\u00f3 la historia de los \u00absmileys\u00bb digitales. Entretanto, la cara sonriente que comenz\u00f3 su marcha triunfal por el <a href=\"https:\/\/eldigitaldeasturias.com\/magazine365\/category\/internet\/\" target=\"_blank\" rel=\"noopener\"><span style=\"color: #ff6600;\"><strong>mundo virtual<\/strong><\/span><\/a> desde una universidad estadounidense se hizo indispensable en los mensajes de texto.<\/p>\n<figure id=\"attachment_7337\" aria-describedby=\"caption-attachment-7337\" style=\"width: 650px\" class=\"wp-caption aligncenter\"><img fetchpriority=\"high\" decoding=\"async\" class=\"wp-image-7337\" src=\"https:\/\/eldigitaldeasturias.com\/radio\/wp-content\/uploads\/2022\/10\/smileys-360x268.jpg\" alt=\"smileys\" width=\"650\" height=\"484\" srcset=\"https:\/\/eldigitaldeasturias.com\/radio\/wp-content\/uploads\/2022\/10\/smileys-360x268.jpg 360w, https:\/\/eldigitaldeasturias.com\/radio\/wp-content\/uploads\/2022\/10\/smileys-768x572.jpg 768w, https:\/\/eldigitaldeasturias.com\/radio\/wp-content\/uploads\/2022\/10\/smileys-150x112.jpg 150w, https:\/\/eldigitaldeasturias.com\/radio\/wp-content\/uploads\/2022\/10\/smileys-450x335.jpg 450w, https:\/\/eldigitaldeasturias.com\/radio\/wp-content\/uploads\/2022\/10\/smileys.jpg 898w\" sizes=\"(max-width: 650px) 100vw, 650px\" \/><figcaption id=\"caption-attachment-7337\" class=\"wp-caption-text\">Foto: J\u00f6rg Carstensen\/dpa<\/figcaption><\/figure>\n<p>En la comunicaci\u00f3n escrita, los emojis y emoticonos con forma de caras, se\u00f1ales con las manos, corazones y otras im\u00e1genes en miniatura que<strong> expresan el estado de \u00e1nimo del emisor o el tono del mensaje<\/strong>, tienen una funci\u00f3n importante.<\/p>\n<p>\u00abDan una indicaci\u00f3n de c\u00f3mo debe entenderse un enunciado\u00bb, se\u00f1ala la ling\u00fcista alemana Erika Linz, de la Universidad de Bonn, que estudia el lenguaje y la comunicaci\u00f3n en los medios digitales.<\/p>\n<blockquote><p>Los mensajes de texto carecen de los elementos que dejan claro en una conversaci\u00f3n lo que alguien quiere decir: el tono de voz, as\u00ed como las expresiones faciales y los gestos.<\/p><\/blockquote>\n<p>S\u00edmbolos para evitar malentendidos en las conversaciones digitales: eso es exactamente lo que pretend\u00eda la cara con sonrisa que cre\u00f3 el estadounidense Scott E. Fahlman, un investigador de la Universidad de Carnegie Mellon, en Pittsburg.<\/p>\n<p>En 1982, los inform\u00e1ticos de su universidad se enviaban mensajes a trav\u00e9s de Arpanet, un precursor de Internet, y los publicaban en muros digitales.<\/p>\n<p>En una entrevista con el diario alem\u00e1n \u00abFrankfurter Rundschau\u00bb a principios de a\u00f1o, Fahlman revel\u00f3 que la comunidad estaba formada exclusivamente por \u00abnerds\u00bb con predilecci\u00f3n por el sarcasmo y el humor ir\u00f3nico. Por lo tanto, muchas publicaciones pretend\u00edan ser divertidas.<\/p>\n<p>Sin embargo, siempre hab\u00eda alguien \u00abque no entend\u00eda la intenci\u00f3n y respond\u00eda indignado\u00bb y esto, seg\u00fan el inform\u00e1tico llev\u00f3 a \u00abverdaderas guerras de palabras\u00bb. Y para evitar cualquier confrontaci\u00f3n se discuti\u00f3 la posibilidad de etiquetar los chistes como tales.<\/p>\n<blockquote><p>As\u00ed, en septiembre de 1982, Fahlman sugiri\u00f3 una combinaci\u00f3n de dos puntos, gui\u00f3n y par\u00e9ntesis \ud83d\ude42 que deb\u00edan mirarse de costado.<\/p><\/blockquote>\n<p>En realidad, solo quer\u00eda divertir a las pocas personas implicadas en las conversaciones, seg\u00fan explic\u00f3 despu\u00e9s. Pero claramente, Fahlman dio en el blanco de algo que faltaba en la comunicaci\u00f3n digital.<strong> La sonrisa se extendi\u00f3 desde la universidad a trav\u00e9s de Arpanet y, finalmente, por todo el mundo a trav\u00e9s de Internet.<\/strong><\/p>\n<p>En los mensajes de texto actuales, los emojis y emoticonos cumplen otras funciones, adem\u00e1s de expresar c\u00f3mo uno quiere que se entienda algo.<\/p>\n<p>Suelen servir como signos de puntuaci\u00f3n, explica la ling\u00fcista Erika Linz. Si se pone un emoji en lugar de un punto, el texto \u00abadquiere un significado expresivo\u00bb, precisa. Adem\u00e1s, seg\u00fan la ling\u00fcista, los caracteres peque\u00f1os garantizan una economizaci\u00f3n de la comunicaci\u00f3n, por ejemplo, poner el pulgar para arriba en lugar de una respuesta formulada.<\/p>\n<p>Si no se utiliza ninguna imagen tambi\u00e9n puede tomarse como una se\u00f1al, o sea, que la persona quiere decir realmente lo que escribe.<\/p>\n<p>Linz sostiene que la gente es consciente de en qu\u00e9 tipo de mensajes se pueden aplicar los emojis y emoticonos y en cu\u00e1les no.<\/p>\n<p>Recientemente, sus alumnos analizaron de qu\u00e9 manera personalidades conocidas utilizan estos peque\u00f1os s\u00edmbolos en Instagram. <strong>Los resultados mostraron que los actores y las actrices utilizan los emojis con mucha m\u00e1s frecuencia en sus publicaciones que los pol\u00edticos<\/strong>.<\/p>\n<p>Entonces, \u00bfsolo se expresa seriedad sin s\u00edmbolos? Linz opina que, a largo plazo, los \u00edconos digitales que representan una emoci\u00f3n tambi\u00e9n traspasar\u00e1n la comunicaci\u00f3n formal. \u00abEl triunfo de los emojis no se puede detener\u00bb, sostiene la investigadora.<\/p>\n<p>Sin embargo, lo que no se puede frenar completamente, ni siquiera con estos s\u00edmbolos expresivos, son los malentendidos. Porque no todos los emojis y emoticonos son completamente inequ\u00edvocos. Y las personas utilizan algunos en distintos contextos con diferentes intenciones.<\/p>\n<p>Ah\u00ed es donde el \u00absmiley\u00bb de Fahlman resulta \u00fatil. Es casi imposible causar una gran confusi\u00f3n o una grave molestia con la cara de sonrisa :-).<\/p>\n<p><i class=\"lang-es\"><span class=\" readonly\" title=\"\">Por Alexandra Stober (dpa)<\/span><\/i><\/p>\n","protected":false},"excerpt":{"rendered":"<p>(dpa) &#8211; Hace 40 a\u00f1os, el 19 de septiembre de 1982, comenz\u00f3 la historia de los \u00absmileys\u00bb digitales. Entretanto, la cara sonriente que comenz\u00f3 su marcha triunfal por el mundo virtual desde una universidad estadounidense se hizo indispensable en los mensajes de texto. En la comunicaci\u00f3n escrita, los emojis y emoticonos con forma de caras,<\/p>\n","protected":false},"author":1,"featured_media":7337,"comment_status":"closed","ping_status":"closed","sticky":false,"template":"","format":"standard","meta":{"footnotes":""},"categories":[26],"tags":[112,90,44,103],"class_list":{"0":"post-7336","1":"post","2":"type-post","3":"status-publish","4":"format-standard","5":"has-post-thumbnail","7":"category-reportajes","8":"tag-historia","9":"tag-internet","10":"tag-reportajes","11":"tag-tecnologia"},"aioseo_notices":[],"aioseo_head":"\n\t\t<!-- All in One SEO Pro 4.9.6.2 - aioseo.com -->\n\t<meta name=\"description\" content=\"(dpa) - Hace 40 a\u00f1os, el 19 de septiembre de 1982, comenz\u00f3 la historia de los &quot;smileys&quot; digitales. Entretanto, la cara sonriente que comenz\u00f3 su marcha triunfal\" \/>\n\t<meta name=\"robots\" content=\"max-image-preview:large\" \/>\n\t<meta name=\"author\" content=\"NBAsturias\"\/>\n\t<meta name=\"google-site-verification\" content=\"UA-38556648-1\" \/>\n\t<meta name=\"keywords\" content=\"reportajes\" \/>\n\t<link rel=\"canonical\" href=\"https:\/\/eldigitaldeasturias.com\/radio\/la-historia-de-los-smileys-digitales\/\" \/>\n\t<meta name=\"generator\" content=\"All in One SEO Pro (AIOSEO) 4.9.6.2\" \/>\n\t\t<meta property=\"og:locale\" content=\"es_ES\" \/>\n\t\t<meta property=\"og:site_name\" content=\"El Digital de Asturias | Diario de informaci\u00f3n y noticias\" \/>\n\t\t<meta property=\"og:type\" content=\"article\" \/>\n\t\t<meta property=\"og:title\" content=\"La historia de los \u00absmileys\u00bb digitales | El Digital de Asturias\" \/>\n\t\t<meta property=\"og:description\" content=\"(dpa) - Hace 40 a\u00f1os, el 19 de septiembre de 1982, comenz\u00f3 la historia de los &quot;smileys&quot; digitales. Entretanto, la cara sonriente que comenz\u00f3 su marcha triunfal\" \/>\n\t\t<meta property=\"og:url\" content=\"https:\/\/eldigitaldeasturias.com\/radio\/la-historia-de-los-smileys-digitales\/\" \/>\n\t\t<meta property=\"og:image\" content=\"https:\/\/eldigitaldeasturias.com\/radio\/wp-content\/uploads\/2022\/10\/smileys.jpg\" \/>\n\t\t<meta property=\"og:image:secure_url\" content=\"https:\/\/eldigitaldeasturias.com\/radio\/wp-content\/uploads\/2022\/10\/smileys.jpg\" \/>\n\t\t<meta property=\"og:image:width\" content=\"898\" \/>\n\t\t<meta property=\"og:image:height\" content=\"669\" \/>\n\t\t<meta property=\"article:published_time\" content=\"2022-10-02T01:41:45+00:00\" \/>\n\t\t<meta property=\"article:modified_time\" content=\"2022-10-02T01:41:45+00:00\" \/>\n\t\t<meta name=\"twitter:card\" content=\"summary_large_image\" \/>\n\t\t<meta name=\"twitter:site\" content=\"@bercodi\" \/>\n\t\t<meta name=\"twitter:title\" content=\"La historia de los \u00absmileys\u00bb digitales | El Digital de Asturias\" \/>\n\t\t<meta name=\"twitter:description\" content=\"(dpa) - Hace 40 a\u00f1os, el 19 de septiembre de 1982, comenz\u00f3 la historia de los &quot;smileys&quot; digitales. Entretanto, la cara sonriente que comenz\u00f3 su marcha triunfal\" \/>\n\t\t<meta name=\"twitter:creator\" content=\"@bercodi\" \/>\n\t\t<meta name=\"twitter:image\" content=\"https:\/\/eldigitaldeasturias.com\/radio\/wp-content\/uploads\/2022\/10\/smileys.jpg\" \/>\n\t\t<script type=\"application\/ld+json\" class=\"aioseo-schema\">\n\t\t\t{\"@context\":\"https:\\\/\\\/schema.org\",\"@graph\":[{\"@type\":\"BreadcrumbList\",\"@id\":\"https:\\\/\\\/eldigitaldeasturias.com\\\/radio\\\/la-historia-de-los-smileys-digitales\\\/#breadcrumblist\",\"itemListElement\":[{\"@type\":\"ListItem\",\"@id\":\"https:\\\/\\\/eldigitaldeasturias.com\\\/radio#listItem\",\"position\":1,\"name\":\"Inicio\",\"item\":\"https:\\\/\\\/eldigitaldeasturias.com\\\/radio\",\"nextItem\":{\"@type\":\"ListItem\",\"@id\":\"https:\\\/\\\/eldigitaldeasturias.com\\\/radio\\\/category\\\/reportajes\\\/#listItem\",\"name\":\"Reportajes\"}},{\"@type\":\"ListItem\",\"@id\":\"https:\\\/\\\/eldigitaldeasturias.com\\\/radio\\\/category\\\/reportajes\\\/#listItem\",\"position\":2,\"name\":\"Reportajes\",\"item\":\"https:\\\/\\\/eldigitaldeasturias.com\\\/radio\\\/category\\\/reportajes\\\/\",\"nextItem\":{\"@type\":\"ListItem\",\"@id\":\"https:\\\/\\\/eldigitaldeasturias.com\\\/radio\\\/la-historia-de-los-smileys-digitales\\\/#listItem\",\"name\":\"La historia de los \\u00absmileys\\u00bb digitales\"},\"previousItem\":{\"@type\":\"ListItem\",\"@id\":\"https:\\\/\\\/eldigitaldeasturias.com\\\/radio#listItem\",\"name\":\"Inicio\"}},{\"@type\":\"ListItem\",\"@id\":\"https:\\\/\\\/eldigitaldeasturias.com\\\/radio\\\/la-historia-de-los-smileys-digitales\\\/#listItem\",\"position\":3,\"name\":\"La historia de los \\u00absmileys\\u00bb digitales\",\"previousItem\":{\"@type\":\"ListItem\",\"@id\":\"https:\\\/\\\/eldigitaldeasturias.com\\\/radio\\\/category\\\/reportajes\\\/#listItem\",\"name\":\"Reportajes\"}}]},{\"@type\":\"NewsArticle\",\"@id\":\"https:\\\/\\\/eldigitaldeasturias.com\\\/radio\\\/la-historia-de-los-smileys-digitales\\\/#newsarticle\",\"name\":\"La historia de los \\u00absmileys\\u00bb digitales | El Digital de Asturias\",\"headline\":\"La historia de los \\u00absmileys\\u00bb digitales\",\"author\":{\"@id\":\"https:\\\/\\\/eldigitaldeasturias.com\\\/radio\\\/author\\\/nbasturias\\\/#author\"},\"publisher\":{\"@id\":\"https:\\\/\\\/eldigitaldeasturias.com\\\/radio\\\/#organization\"},\"image\":{\"@type\":\"ImageObject\",\"url\":\"https:\\\/\\\/eldigitaldeasturias.com\\\/radio\\\/wp-content\\\/uploads\\\/2022\\\/10\\\/smileys.jpg\",\"width\":898,\"height\":669,\"caption\":\"Foto: J\\u00f6rg Carstensen\\\/dpa\"},\"datePublished\":\"2022-10-02T03:41:45+02:00\",\"dateModified\":\"2022-10-02T03:41:45+02:00\",\"inLanguage\":\"es-ES\",\"mainEntityOfPage\":{\"@id\":\"https:\\\/\\\/eldigitaldeasturias.com\\\/radio\\\/la-historia-de-los-smileys-digitales\\\/#webpage\"},\"isPartOf\":{\"@id\":\"https:\\\/\\\/eldigitaldeasturias.com\\\/radio\\\/la-historia-de-los-smileys-digitales\\\/#webpage\"},\"articleSection\":\"Reportajes, Historia, internet, Reportajes, Tecnolog\\u00eda\",\"dateline\":\"Publicado el octubre 2, 2022.\"},{\"@type\":\"Organization\",\"@id\":\"https:\\\/\\\/eldigitaldeasturias.com\\\/radio\\\/#organization\",\"name\":\"El digital de Asturias Radio\",\"description\":\"Diario de informaci\\u00f3n y noticias\",\"url\":\"https:\\\/\\\/eldigitaldeasturias.com\\\/radio\\\/\",\"telephone\":\"+34652131393\",\"logo\":{\"@type\":\"ImageObject\",\"url\":\"https:\\\/\\\/www.eldigitaldeasturias.com\\\/radio\\\/wp-content\\\/uploads\\\/2021\\\/03\\\/EDA.jpg\",\"@id\":\"https:\\\/\\\/eldigitaldeasturias.com\\\/radio\\\/la-historia-de-los-smileys-digitales\\\/#organizationLogo\"},\"image\":{\"@id\":\"https:\\\/\\\/eldigitaldeasturias.com\\\/radio\\\/la-historia-de-los-smileys-digitales\\\/#organizationLogo\"},\"sameAs\":[\"https:\\\/\\\/www.facebook.com\\\/\",\"https:\\\/\\\/x.com\\\/bercodi\",\"https:\\\/\\\/www.instagram.com\\\/\",\"https:\\\/\\\/www.youtube.com\\\/channel\\\/UCZP-2wLEB9Rv6erhFmqVnvg\"]},{\"@type\":\"Person\",\"@id\":\"https:\\\/\\\/eldigitaldeasturias.com\\\/radio\\\/author\\\/nbasturias\\\/#author\",\"url\":\"https:\\\/\\\/eldigitaldeasturias.com\\\/radio\\\/author\\\/nbasturias\\\/\",\"name\":\"NBAsturias\",\"image\":{\"@type\":\"ImageObject\",\"@id\":\"https:\\\/\\\/eldigitaldeasturias.com\\\/radio\\\/la-historia-de-los-smileys-digitales\\\/#authorImage\",\"url\":\"https:\\\/\\\/secure.gravatar.com\\\/avatar\\\/df2aeffc32bcd13f8d26072ef8a91b623d677766deac7f97ca815868cd41bf5e?s=96&d=mm&r=g\",\"width\":96,\"height\":96,\"caption\":\"NBAsturias\"}},{\"@type\":\"WebPage\",\"@id\":\"https:\\\/\\\/eldigitaldeasturias.com\\\/radio\\\/la-historia-de-los-smileys-digitales\\\/#webpage\",\"url\":\"https:\\\/\\\/eldigitaldeasturias.com\\\/radio\\\/la-historia-de-los-smileys-digitales\\\/\",\"name\":\"La historia de los \\u00absmileys\\u00bb digitales | El Digital de Asturias\",\"description\":\"(dpa) - Hace 40 a\\u00f1os, el 19 de septiembre de 1982, comenz\\u00f3 la historia de los \\\"smileys\\\" digitales. Entretanto, la cara sonriente que comenz\\u00f3 su marcha triunfal\",\"inLanguage\":\"es-ES\",\"isPartOf\":{\"@id\":\"https:\\\/\\\/eldigitaldeasturias.com\\\/radio\\\/#website\"},\"breadcrumb\":{\"@id\":\"https:\\\/\\\/eldigitaldeasturias.com\\\/radio\\\/la-historia-de-los-smileys-digitales\\\/#breadcrumblist\"},\"author\":{\"@id\":\"https:\\\/\\\/eldigitaldeasturias.com\\\/radio\\\/author\\\/nbasturias\\\/#author\"},\"creator\":{\"@id\":\"https:\\\/\\\/eldigitaldeasturias.com\\\/radio\\\/author\\\/nbasturias\\\/#author\"},\"image\":{\"@type\":\"ImageObject\",\"url\":\"https:\\\/\\\/eldigitaldeasturias.com\\\/radio\\\/wp-content\\\/uploads\\\/2022\\\/10\\\/smileys.jpg\",\"@id\":\"https:\\\/\\\/eldigitaldeasturias.com\\\/radio\\\/la-historia-de-los-smileys-digitales\\\/#mainImage\",\"width\":898,\"height\":669,\"caption\":\"Foto: J\\u00f6rg Carstensen\\\/dpa\"},\"primaryImageOfPage\":{\"@id\":\"https:\\\/\\\/eldigitaldeasturias.com\\\/radio\\\/la-historia-de-los-smileys-digitales\\\/#mainImage\"},\"datePublished\":\"2022-10-02T03:41:45+02:00\",\"dateModified\":\"2022-10-02T03:41:45+02:00\"},{\"@type\":\"WebSite\",\"@id\":\"https:\\\/\\\/eldigitaldeasturias.com\\\/radio\\\/#website\",\"url\":\"https:\\\/\\\/eldigitaldeasturias.com\\\/radio\\\/\",\"name\":\"El Digital de Asturias\",\"description\":\"Diario de informaci\\u00f3n y noticias\",\"inLanguage\":\"es-ES\",\"publisher\":{\"@id\":\"https:\\\/\\\/eldigitaldeasturias.com\\\/radio\\\/#organization\"}}]}\n\t\t<\/script>\n\t\t<!-- All in One SEO Pro -->\r\n\t\t<title>La historia de los \u00absmileys\u00bb digitales | El Digital de Asturias<\/title>\n\n","aioseo_head_json":{"title":"La historia de los \u00absmileys\u00bb digitales | El Digital de Asturias","description":"(dpa) - Hace 40 a\u00f1os, el 19 de septiembre de 1982, comenz\u00f3 la historia de los \"smileys\" digitales. Entretanto, la cara sonriente que comenz\u00f3 su marcha triunfal","canonical_url":"https:\/\/eldigitaldeasturias.com\/radio\/la-historia-de-los-smileys-digitales\/","robots":"max-image-preview:large","keywords":"reportajes","webmasterTools":{"google-site-verification":"UA-38556648-1","miscellaneous":""},"schema":{"@context":"https:\/\/schema.org","@graph":[{"@type":"BreadcrumbList","@id":"https:\/\/eldigitaldeasturias.com\/radio\/la-historia-de-los-smileys-digitales\/#breadcrumblist","itemListElement":[{"@type":"ListItem","@id":"https:\/\/eldigitaldeasturias.com\/radio#listItem","position":1,"name":"Inicio","item":"https:\/\/eldigitaldeasturias.com\/radio","nextItem":{"@type":"ListItem","@id":"https:\/\/eldigitaldeasturias.com\/radio\/category\/reportajes\/#listItem","name":"Reportajes"}},{"@type":"ListItem","@id":"https:\/\/eldigitaldeasturias.com\/radio\/category\/reportajes\/#listItem","position":2,"name":"Reportajes","item":"https:\/\/eldigitaldeasturias.com\/radio\/category\/reportajes\/","nextItem":{"@type":"ListItem","@id":"https:\/\/eldigitaldeasturias.com\/radio\/la-historia-de-los-smileys-digitales\/#listItem","name":"La historia de los \u00absmileys\u00bb digitales"},"previousItem":{"@type":"ListItem","@id":"https:\/\/eldigitaldeasturias.com\/radio#listItem","name":"Inicio"}},{"@type":"ListItem","@id":"https:\/\/eldigitaldeasturias.com\/radio\/la-historia-de-los-smileys-digitales\/#listItem","position":3,"name":"La historia de los \u00absmileys\u00bb digitales","previousItem":{"@type":"ListItem","@id":"https:\/\/eldigitaldeasturias.com\/radio\/category\/reportajes\/#listItem","name":"Reportajes"}}]},{"@type":"NewsArticle","@id":"https:\/\/eldigitaldeasturias.com\/radio\/la-historia-de-los-smileys-digitales\/#newsarticle","name":"La historia de los \u00absmileys\u00bb digitales | El Digital de Asturias","headline":"La historia de los \u00absmileys\u00bb digitales","author":{"@id":"https:\/\/eldigitaldeasturias.com\/radio\/author\/nbasturias\/#author"},"publisher":{"@id":"https:\/\/eldigitaldeasturias.com\/radio\/#organization"},"image":{"@type":"ImageObject","url":"https:\/\/eldigitaldeasturias.com\/radio\/wp-content\/uploads\/2022\/10\/smileys.jpg","width":898,"height":669,"caption":"Foto: J\u00f6rg Carstensen\/dpa"},"datePublished":"2022-10-02T03:41:45+02:00","dateModified":"2022-10-02T03:41:45+02:00","inLanguage":"es-ES","mainEntityOfPage":{"@id":"https:\/\/eldigitaldeasturias.com\/radio\/la-historia-de-los-smileys-digitales\/#webpage"},"isPartOf":{"@id":"https:\/\/eldigitaldeasturias.com\/radio\/la-historia-de-los-smileys-digitales\/#webpage"},"articleSection":"Reportajes, Historia, internet, Reportajes, Tecnolog\u00eda","dateline":"Publicado el octubre 2, 2022."},{"@type":"Organization","@id":"https:\/\/eldigitaldeasturias.com\/radio\/#organization","name":"El digital de Asturias Radio","description":"Diario de informaci\u00f3n y noticias","url":"https:\/\/eldigitaldeasturias.com\/radio\/","telephone":"+34652131393","logo":{"@type":"ImageObject","url":"https:\/\/www.eldigitaldeasturias.com\/radio\/wp-content\/uploads\/2021\/03\/EDA.jpg","@id":"https:\/\/eldigitaldeasturias.com\/radio\/la-historia-de-los-smileys-digitales\/#organizationLogo"},"image":{"@id":"https:\/\/eldigitaldeasturias.com\/radio\/la-historia-de-los-smileys-digitales\/#organizationLogo"},"sameAs":["https:\/\/www.facebook.com\/","https:\/\/x.com\/bercodi","https:\/\/www.instagram.com\/","https:\/\/www.youtube.com\/channel\/UCZP-2wLEB9Rv6erhFmqVnvg"]},{"@type":"Person","@id":"https:\/\/eldigitaldeasturias.com\/radio\/author\/nbasturias\/#author","url":"https:\/\/eldigitaldeasturias.com\/radio\/author\/nbasturias\/","name":"NBAsturias","image":{"@type":"ImageObject","@id":"https:\/\/eldigitaldeasturias.com\/radio\/la-historia-de-los-smileys-digitales\/#authorImage","url":"https:\/\/secure.gravatar.com\/avatar\/df2aeffc32bcd13f8d26072ef8a91b623d677766deac7f97ca815868cd41bf5e?s=96&d=mm&r=g","width":96,"height":96,"caption":"NBAsturias"}},{"@type":"WebPage","@id":"https:\/\/eldigitaldeasturias.com\/radio\/la-historia-de-los-smileys-digitales\/#webpage","url":"https:\/\/eldigitaldeasturias.com\/radio\/la-historia-de-los-smileys-digitales\/","name":"La historia de los \u00absmileys\u00bb digitales | El Digital de Asturias","description":"(dpa) - Hace 40 a\u00f1os, el 19 de septiembre de 1982, comenz\u00f3 la historia de los \"smileys\" digitales. Entretanto, la cara sonriente que comenz\u00f3 su marcha triunfal","inLanguage":"es-ES","isPartOf":{"@id":"https:\/\/eldigitaldeasturias.com\/radio\/#website"},"breadcrumb":{"@id":"https:\/\/eldigitaldeasturias.com\/radio\/la-historia-de-los-smileys-digitales\/#breadcrumblist"},"author":{"@id":"https:\/\/eldigitaldeasturias.com\/radio\/author\/nbasturias\/#author"},"creator":{"@id":"https:\/\/eldigitaldeasturias.com\/radio\/author\/nbasturias\/#author"},"image":{"@type":"ImageObject","url":"https:\/\/eldigitaldeasturias.com\/radio\/wp-content\/uploads\/2022\/10\/smileys.jpg","@id":"https:\/\/eldigitaldeasturias.com\/radio\/la-historia-de-los-smileys-digitales\/#mainImage","width":898,"height":669,"caption":"Foto: J\u00f6rg Carstensen\/dpa"},"primaryImageOfPage":{"@id":"https:\/\/eldigitaldeasturias.com\/radio\/la-historia-de-los-smileys-digitales\/#mainImage"},"datePublished":"2022-10-02T03:41:45+02:00","dateModified":"2022-10-02T03:41:45+02:00"},{"@type":"WebSite","@id":"https:\/\/eldigitaldeasturias.com\/radio\/#website","url":"https:\/\/eldigitaldeasturias.com\/radio\/","name":"El Digital de Asturias","description":"Diario de informaci\u00f3n y noticias","inLanguage":"es-ES","publisher":{"@id":"https:\/\/eldigitaldeasturias.com\/radio\/#organization"}}]},"og:locale":"es_ES","og:site_name":"El Digital de Asturias | Diario de informaci\u00f3n y noticias","og:type":"article","og:title":"La historia de los \u00absmileys\u00bb digitales | El Digital de Asturias","og:description":"(dpa) - Hace 40 a\u00f1os, el 19 de septiembre de 1982, comenz\u00f3 la historia de los &quot;smileys&quot; digitales. Entretanto, la cara sonriente que comenz\u00f3 su marcha triunfal","og:url":"https:\/\/eldigitaldeasturias.com\/radio\/la-historia-de-los-smileys-digitales\/","og:image":"https:\/\/eldigitaldeasturias.com\/radio\/wp-content\/uploads\/2022\/10\/smileys.jpg","og:image:secure_url":"https:\/\/eldigitaldeasturias.com\/radio\/wp-content\/uploads\/2022\/10\/smileys.jpg","og:image:width":898,"og:image:height":669,"article:published_time":"2022-10-02T01:41:45+00:00","article:modified_time":"2022-10-02T01:41:45+00:00","twitter:card":"summary_large_image","twitter:site":"@bercodi","twitter:title":"La historia de los \u00absmileys\u00bb digitales | El Digital de Asturias","twitter:description":"(dpa) - Hace 40 a\u00f1os, el 19 de septiembre de 1982, comenz\u00f3 la historia de los &quot;smileys&quot; digitales. Entretanto, la cara sonriente que comenz\u00f3 su marcha triunfal","twitter:creator":"@bercodi","twitter:image":"https:\/\/eldigitaldeasturias.com\/radio\/wp-content\/uploads\/2022\/10\/smileys.jpg"},"aioseo_meta_data":{"post_id":"7336","title":null,"description":"(dpa) - Hace 40 a\u00f1os, el 19 de septiembre de 1982, comenz\u00f3 la historia de los \"smileys\" digitales. Entretanto, la cara sonriente que comenz\u00f3 su marcha triunfal","keywords":[],"keyphrases":{"focus":{"keyphrase":"smileys","score":92,"analysis":{"keyphraseInTitle":{"title":"Focus keyphrase in SEO title","description":"Focus keyphrase found in SEO title.","score":9,"maxScore":9,"error":0},"keyphraseInDescription":{"title":"Focus keyphrase in meta description","description":"Focus keyphrase found in meta description.","score":9,"maxScore":9,"error":0},"keyphraseLength":{"title":"Focus keyphrase length","description":"Good job!","score":9,"maxScore":9,"error":0,"length":1},"keyphraseInURL":{"title":"Focus keyphrase in URL","description":"Focus keyphrase not found in the URL.","score":1,"maxScore":5,"error":1},"keyphraseInIntroduction":{"title":"Focus keyphrase in introduction","description":"Your Focus keyphrase appears in the first paragraph. Well done!","score":9,"maxScore":9,"error":0},"keyphraseInSubHeadings":[],"keyphraseInImageAlt":{"title":"Focus keyphrase in image alt attributes","description":"Focus keyphrase found in image alt attribute(s).","score":9,"maxScore":9,"error":0}}},"additional":[{"keyphrase":"\"smileys\"","score":83,"analysis":{"keyphraseInDescription":{"title":"Keyphrase in meta description","description":"Keyphrase found in meta description.","score":9,"maxScore":9,"error":0},"keyphraseLength":{"title":"Keyphrase length","description":"Good job!","score":9,"maxScore":9,"error":0,"length":1},"keyphraseInIntroduction":{"title":"Keyphrase in introduction","description":"Your Keyphrase appears in the first paragraph. Well done!","score":9,"maxScore":9,"error":0},"keyphraseInImageAlt":{"title":"Keyphrase in image alt attributes","description":"Keyphrase not found in image alt attribute(s). Add an image with your Keyphrase as alt text.","score":3,"maxScore":9,"error":1}}},{"keyphrase":"\"smileys\" digitales","score":83,"analysis":{"keyphraseInDescription":{"title":"Keyphrase in meta description","description":"Keyphrase found in meta description.","score":9,"maxScore":9,"error":0},"keyphraseLength":{"title":"Keyphrase length","description":"Good job!","score":9,"maxScore":9,"error":0,"length":2},"keyphraseInIntroduction":{"title":"Keyphrase in introduction","description":"Your Keyphrase appears in the first paragraph. Well done!","score":9,"maxScore":9,"error":0},"keyphraseInImageAlt":{"title":"Keyphrase in image alt attributes","description":"Keyphrase not found in image alt attribute(s). Add an image with your Keyphrase as alt text.","score":3,"maxScore":9,"error":1}}},{"keyphrase":" la historia ","score":83,"analysis":{"keyphraseInDescription":{"title":"Keyphrase in meta description","description":"Keyphrase found in meta description.","score":9,"maxScore":9,"error":0},"keyphraseLength":{"title":"Keyphrase length","description":"Good job!","score":9,"maxScore":9,"error":0,"length":2},"keyphraseInIntroduction":{"title":"Keyphrase in introduction","description":"Your Keyphrase appears in the first paragraph. Well done!","score":9,"maxScore":9,"error":0},"keyphraseInImageAlt":{"title":"Keyphrase in image alt attributes","description":"Keyphrase not found in image alt attribute(s). Add an image with your Keyphrase as alt text.","score":3,"maxScore":9,"error":1}}}]},"primary_term":null,"canonical_url":null,"og_title":null,"og_description":null,"og_object_type":"default","og_image_type":"default","og_image_url":null,"og_image_width":null,"og_image_height":null,"og_image_custom_url":null,"og_image_custom_fields":null,"og_video":"","og_custom_url":null,"og_article_section":null,"og_article_tags":[],"twitter_use_og":false,"twitter_card":"default","twitter_image_type":"default","twitter_image_url":null,"twitter_image_custom_url":null,"twitter_image_custom_fields":null,"twitter_title":null,"twitter_description":null,"schema":{"blockGraphs":[],"customGraphs":[],"default":{"data":{"Article":[],"Course":[],"Dataset":[],"FAQPage":[],"Movie":[],"Person":[],"Product":[],"ProductReview":[],"Car":[],"Recipe":[],"Service":[],"SoftwareApplication":[],"WebPage":[]},"graphName":"","isEnabled":true},"graphs":[]},"schema_type":"default","schema_type_options":null,"pillar_content":false,"robots_default":true,"robots_noindex":false,"robots_noarchive":false,"robots_nosnippet":false,"robots_nofollow":false,"robots_noimageindex":false,"robots_noodp":false,"robots_notranslate":false,"robots_max_snippet":"-1","robots_max_videopreview":"-1","robots_max_imagepreview":"large","priority":null,"frequency":"default","location":null,"local_seo":null,"seo_analyzer_scan_date":"2025-08-28 20:39:23","breadcrumb_settings":null,"limit_modified_date":false,"open_ai":null,"ai":null,"created":"2022-10-02 01:23:53","updated":"2025-08-28 20:39:23"},"aioseo_breadcrumb":"<div class=\"aioseo-breadcrumbs\"><span class=\"aioseo-breadcrumb\">\n\t<a href=\"https:\/\/eldigitaldeasturias.com\/radio\" title=\"Inicio\">Inicio<\/a>\n<\/span><span class=\"aioseo-breadcrumb-separator\">&ndash;<\/span><span class=\"aioseo-breadcrumb\">\n\t<a href=\"https:\/\/eldigitaldeasturias.com\/radio\/category\/reportajes\/\" title=\"Reportajes\">Reportajes<\/a>\n<\/span><span class=\"aioseo-breadcrumb-separator\">&ndash;<\/span><span class=\"aioseo-breadcrumb\">\n\tLa historia de los \u00absmileys\u00bb digitales\n<\/span><\/div>","aioseo_breadcrumb_json":[{"label":"Inicio","link":"https:\/\/eldigitaldeasturias.com\/radio"},{"label":"Reportajes","link":"https:\/\/eldigitaldeasturias.com\/radio\/category\/reportajes\/"},{"label":"La historia de los \u00absmileys\u00bb digitales","link":"https:\/\/eldigitaldeasturias.com\/radio\/la-historia-de-los-smileys-digitales\/"}],"_links":{"self":[{"href":"https:\/\/eldigitaldeasturias.com\/radio\/wp-json\/wp\/v2\/posts\/7336","targetHints":{"allow":["GET"]}}],"collection":[{"href":"https:\/\/eldigitaldeasturias.com\/radio\/wp-json\/wp\/v2\/posts"}],"about":[{"href":"https:\/\/eldigitaldeasturias.com\/radio\/wp-json\/wp\/v2\/types\/post"}],"author":[{"embeddable":true,"href":"https:\/\/eldigitaldeasturias.com\/radio\/wp-json\/wp\/v2\/users\/1"}],"replies":[{"embeddable":true,"href":"https:\/\/eldigitaldeasturias.com\/radio\/wp-json\/wp\/v2\/comments?post=7336"}],"version-history":[{"count":0,"href":"https:\/\/eldigitaldeasturias.com\/radio\/wp-json\/wp\/v2\/posts\/7336\/revisions"}],"wp:featuredmedia":[{"embeddable":true,"href":"https:\/\/eldigitaldeasturias.com\/radio\/wp-json\/wp\/v2\/media\/7337"}],"wp:attachment":[{"href":"https:\/\/eldigitaldeasturias.com\/radio\/wp-json\/wp\/v2\/media?parent=7336"}],"wp:term":[{"taxonomy":"category","embeddable":true,"href":"https:\/\/eldigitaldeasturias.com\/radio\/wp-json\/wp\/v2\/categories?post=7336"},{"taxonomy":"post_tag","embeddable":true,"href":"https:\/\/eldigitaldeasturias.com\/radio\/wp-json\/wp\/v2\/tags?post=7336"}],"curies":[{"name":"wp","href":"https:\/\/api.w.org\/{rel}","templated":true}]}}