{"id":7327,"date":"2022-10-02T03:02:26","date_gmt":"2022-10-02T01:02:26","guid":{"rendered":"https:\/\/eldigitaldeasturias.com\/radio\/?p=7327"},"modified":"2022-10-02T03:02:26","modified_gmt":"2022-10-02T01:02:26","slug":"mozart-interactivo-y-otras-novedades-para-los-turistas-en-viena","status":"publish","type":"post","link":"https:\/\/eldigitaldeasturias.com\/radio\/mozart-interactivo-y-otras-novedades-para-los-turistas-en-viena\/","title":{"rendered":"Mozart interactivo y otras novedades para los turistas en Viena"},"content":{"rendered":"<p>(dpa) &#8211; Una nueva exposici\u00f3n multimedia sobre la obra del gran compositor austriaco Wolfgang Amadeus Mozart acaba de inaugurarse en los grandes almacenes Steffl en Viena.<\/p>\n<figure id=\"attachment_7328\" aria-describedby=\"caption-attachment-7328\" style=\"width: 650px\" class=\"wp-caption aligncenter\"><img fetchpriority=\"high\" decoding=\"async\" class=\"wp-image-7328\" src=\"https:\/\/eldigitaldeasturias.com\/radio\/wp-content\/uploads\/2022\/10\/Mozart-360x239.jpg\" alt=\"Mozart\" width=\"650\" height=\"432\" srcset=\"https:\/\/eldigitaldeasturias.com\/radio\/wp-content\/uploads\/2022\/10\/Mozart-360x239.jpg 360w, https:\/\/eldigitaldeasturias.com\/radio\/wp-content\/uploads\/2022\/10\/Mozart-768x510.jpg 768w, https:\/\/eldigitaldeasturias.com\/radio\/wp-content\/uploads\/2022\/10\/Mozart-150x100.jpg 150w, https:\/\/eldigitaldeasturias.com\/radio\/wp-content\/uploads\/2022\/10\/Mozart-450x299.jpg 450w, https:\/\/eldigitaldeasturias.com\/radio\/wp-content\/uploads\/2022\/10\/Mozart.jpg 1005w\" sizes=\"(max-width: 650px) 100vw, 650px\" \/><figcaption id=\"caption-attachment-7328\" class=\"wp-caption-text\">Experiencia multimedia en torno a Mozart en los grandes almacenes Steffl en Viena: la visita comienza con el R\u00e9quiem, en una sala de aspecto sagrado, con 1.500 velas y proyecciones de sombras. Foto: Marcus Deak\/Mythos Mozart\/Wien Tourismus\/dp<\/figcaption><\/figure>\n<p>Las animaciones transportan a los visitantes a la Viena hist\u00f3rica de 1791, a\u00f1o de la muerte del m\u00fasico. Asimismo, se puede tener una experiencia interactiva con los instrumentos de la obra de Mozart \u00abUna peque\u00f1a serenata nocturna\u00bb.<\/p>\n<p>Seg\u00fan la Oficina de Turismo de Viena, la exposici\u00f3n multimedia \u00abMythos Mozart\u00bb est\u00e1 concebida como una visita de 60 minutos.<\/p>\n<h2>Historia de la medicina en el Josephinum<\/h2>\n<p>A partir del 29 de septiembre, el Museo de la Universidad de Medicina de Viena, el Josephinum, ofrece un recorrido por la historia de la medicina. El museo estuvo cerrado durante casi cuatro a\u00f1os por obras de renovaci\u00f3n.<\/p>\n<p>Dos de los puntos m\u00e1s destacados de la colecci\u00f3n son una sala de conferencias hist\u00f3rica, con murales originales de 1785 y modelos anat\u00f3micos de cera de aquella \u00e9poca procedentes de Italia.<\/p>\n<h2>La visi\u00f3n de la pol\u00edtica austriaca<\/h2>\n<p>A principios de 2023, el edificio del Parlamento austriaco, ubicado en el Volksgarten de Viena, volver\u00e1 a abrir sus puertas tras un largo periodo de renovaci\u00f3n. El Parlamento es la sede de los Consejos Nacional y Federal del pa\u00eds.<\/p>\n<p>Un centro para visitantes ofrecer\u00e1 informaci\u00f3n sobre el trabajo de los parlamentarios, y una galer\u00eda de vidrio permitir\u00e1 ver el sal\u00f3n plenario. La azotea de libre acceso ofrecer\u00e1 vistas panor\u00e1micas sobre Viena.<\/p>\n","protected":false},"excerpt":{"rendered":"<p>(dpa) &#8211; Una nueva exposici\u00f3n multimedia sobre la obra del gran compositor austriaco Wolfgang Amadeus Mozart acaba de inaugurarse en los grandes almacenes Steffl en Viena. Las animaciones transportan a los visitantes a la Viena hist\u00f3rica de 1791, a\u00f1o de la muerte del m\u00fasico. Asimismo, se puede tener una experiencia interactiva con los instrumentos de<\/p>\n","protected":false},"author":1,"featured_media":7328,"comment_status":"closed","ping_status":"closed","sticky":false,"template":"","format":"standard","meta":{"footnotes":""},"categories":[34],"tags":[9],"class_list":{"0":"post-7327","1":"post","2":"type-post","3":"status-publish","4":"format-standard","5":"has-post-thumbnail","7":"category-turismo","8":"tag-turismo"},"aioseo_notices":[],"aioseo_head":"\n\t\t<!-- All in One SEO Pro 4.9.6.2 - aioseo.com -->\n\t<meta name=\"description\" content=\"(dpa) - Una nueva exposici\u00f3n multimedia sobre la obra del gran compositor austriaco Wolfgang Amadeus Mozart acaba de inaugurarse en los grandes\" \/>\n\t<meta name=\"robots\" content=\"max-image-preview:large\" \/>\n\t<meta name=\"author\" content=\"NBAsturias\"\/>\n\t<meta name=\"google-site-verification\" content=\"UA-38556648-1\" \/>\n\t<meta name=\"keywords\" content=\"turismo\" \/>\n\t<link rel=\"canonical\" href=\"https:\/\/eldigitaldeasturias.com\/radio\/mozart-interactivo-y-otras-novedades-para-los-turistas-en-viena\/\" \/>\n\t<meta name=\"generator\" content=\"All in One SEO Pro (AIOSEO) 4.9.6.2\" \/>\n\t\t<meta property=\"og:locale\" content=\"es_ES\" \/>\n\t\t<meta property=\"og:site_name\" content=\"El Digital de Asturias | Diario de informaci\u00f3n y noticias\" \/>\n\t\t<meta property=\"og:type\" content=\"article\" \/>\n\t\t<meta property=\"og:title\" content=\"Mozart interactivo y otras novedades para los turistas en Viena | El Digital de Asturias\" \/>\n\t\t<meta property=\"og:description\" content=\"(dpa) - Una nueva exposici\u00f3n multimedia sobre la obra del gran compositor austriaco Wolfgang Amadeus Mozart acaba de inaugurarse en los grandes\" \/>\n\t\t<meta property=\"og:url\" content=\"https:\/\/eldigitaldeasturias.com\/radio\/mozart-interactivo-y-otras-novedades-para-los-turistas-en-viena\/\" \/>\n\t\t<meta property=\"og:image\" content=\"https:\/\/eldigitaldeasturias.com\/radio\/wp-content\/uploads\/2022\/10\/Mozart.jpg\" \/>\n\t\t<meta property=\"og:image:secure_url\" content=\"https:\/\/eldigitaldeasturias.com\/radio\/wp-content\/uploads\/2022\/10\/Mozart.jpg\" \/>\n\t\t<meta property=\"og:image:width\" content=\"1005\" \/>\n\t\t<meta property=\"og:image:height\" content=\"668\" \/>\n\t\t<meta property=\"article:published_time\" content=\"2022-10-02T01:02:26+00:00\" \/>\n\t\t<meta property=\"article:modified_time\" content=\"2022-10-02T01:02:26+00:00\" \/>\n\t\t<meta name=\"twitter:card\" content=\"summary_large_image\" \/>\n\t\t<meta name=\"twitter:site\" content=\"@bercodi\" \/>\n\t\t<meta name=\"twitter:title\" content=\"Mozart interactivo y otras novedades para los turistas en Viena | El Digital de Asturias\" \/>\n\t\t<meta name=\"twitter:description\" content=\"(dpa) - Una nueva exposici\u00f3n multimedia sobre la obra del gran compositor austriaco Wolfgang Amadeus Mozart acaba de inaugurarse en los grandes\" \/>\n\t\t<meta name=\"twitter:creator\" content=\"@bercodi\" \/>\n\t\t<meta name=\"twitter:image\" content=\"https:\/\/eldigitaldeasturias.com\/radio\/wp-content\/uploads\/2022\/10\/Mozart.jpg\" \/>\n\t\t<script type=\"application\/ld+json\" class=\"aioseo-schema\">\n\t\t\t{\"@context\":\"https:\\\/\\\/schema.org\",\"@graph\":[{\"@type\":\"BreadcrumbList\",\"@id\":\"https:\\\/\\\/eldigitaldeasturias.com\\\/radio\\\/mozart-interactivo-y-otras-novedades-para-los-turistas-en-viena\\\/#breadcrumblist\",\"itemListElement\":[{\"@type\":\"ListItem\",\"@id\":\"https:\\\/\\\/eldigitaldeasturias.com\\\/radio#listItem\",\"position\":1,\"name\":\"Inicio\",\"item\":\"https:\\\/\\\/eldigitaldeasturias.com\\\/radio\",\"nextItem\":{\"@type\":\"ListItem\",\"@id\":\"https:\\\/\\\/eldigitaldeasturias.com\\\/radio\\\/category\\\/turismo\\\/#listItem\",\"name\":\"Turismo\"}},{\"@type\":\"ListItem\",\"@id\":\"https:\\\/\\\/eldigitaldeasturias.com\\\/radio\\\/category\\\/turismo\\\/#listItem\",\"position\":2,\"name\":\"Turismo\",\"item\":\"https:\\\/\\\/eldigitaldeasturias.com\\\/radio\\\/category\\\/turismo\\\/\",\"nextItem\":{\"@type\":\"ListItem\",\"@id\":\"https:\\\/\\\/eldigitaldeasturias.com\\\/radio\\\/mozart-interactivo-y-otras-novedades-para-los-turistas-en-viena\\\/#listItem\",\"name\":\"Mozart interactivo y otras novedades para los turistas en Viena\"},\"previousItem\":{\"@type\":\"ListItem\",\"@id\":\"https:\\\/\\\/eldigitaldeasturias.com\\\/radio#listItem\",\"name\":\"Inicio\"}},{\"@type\":\"ListItem\",\"@id\":\"https:\\\/\\\/eldigitaldeasturias.com\\\/radio\\\/mozart-interactivo-y-otras-novedades-para-los-turistas-en-viena\\\/#listItem\",\"position\":3,\"name\":\"Mozart interactivo y otras novedades para los turistas en Viena\",\"previousItem\":{\"@type\":\"ListItem\",\"@id\":\"https:\\\/\\\/eldigitaldeasturias.com\\\/radio\\\/category\\\/turismo\\\/#listItem\",\"name\":\"Turismo\"}}]},{\"@type\":\"NewsArticle\",\"@id\":\"https:\\\/\\\/eldigitaldeasturias.com\\\/radio\\\/mozart-interactivo-y-otras-novedades-para-los-turistas-en-viena\\\/#newsarticle\",\"name\":\"Mozart interactivo y otras novedades para los turistas en Viena | El Digital de Asturias\",\"headline\":\"Mozart interactivo y otras novedades para los turistas en Viena\",\"author\":{\"@id\":\"https:\\\/\\\/eldigitaldeasturias.com\\\/radio\\\/author\\\/nbasturias\\\/#author\"},\"publisher\":{\"@id\":\"https:\\\/\\\/eldigitaldeasturias.com\\\/radio\\\/#organization\"},\"image\":{\"@type\":\"ImageObject\",\"url\":\"https:\\\/\\\/eldigitaldeasturias.com\\\/radio\\\/wp-content\\\/uploads\\\/2022\\\/10\\\/Mozart.jpg\",\"width\":1005,\"height\":668,\"caption\":\"Experiencia multimedia en torno a Mozart en los grandes almacenes Steffl en Viena: la visita comienza con el R\\u00e9quiem, en una sala de aspecto sagrado, con 1.500 velas y proyecciones de sombras. Foto: Marcus Deak\\\/Mythos Mozart\\\/Wien Tourismus\\\/dp\"},\"datePublished\":\"2022-10-02T03:02:26+02:00\",\"dateModified\":\"2022-10-02T03:02:26+02:00\",\"inLanguage\":\"es-ES\",\"mainEntityOfPage\":{\"@id\":\"https:\\\/\\\/eldigitaldeasturias.com\\\/radio\\\/mozart-interactivo-y-otras-novedades-para-los-turistas-en-viena\\\/#webpage\"},\"isPartOf\":{\"@id\":\"https:\\\/\\\/eldigitaldeasturias.com\\\/radio\\\/mozart-interactivo-y-otras-novedades-para-los-turistas-en-viena\\\/#webpage\"},\"articleSection\":\"Turismo, turismo\",\"dateline\":\"Publicado el octubre 2, 2022.\"},{\"@type\":\"Organization\",\"@id\":\"https:\\\/\\\/eldigitaldeasturias.com\\\/radio\\\/#organization\",\"name\":\"El digital de Asturias Radio\",\"description\":\"Diario de informaci\\u00f3n y noticias\",\"url\":\"https:\\\/\\\/eldigitaldeasturias.com\\\/radio\\\/\",\"telephone\":\"+34652131393\",\"logo\":{\"@type\":\"ImageObject\",\"url\":\"https:\\\/\\\/www.eldigitaldeasturias.com\\\/radio\\\/wp-content\\\/uploads\\\/2021\\\/03\\\/EDA.jpg\",\"@id\":\"https:\\\/\\\/eldigitaldeasturias.com\\\/radio\\\/mozart-interactivo-y-otras-novedades-para-los-turistas-en-viena\\\/#organizationLogo\"},\"image\":{\"@id\":\"https:\\\/\\\/eldigitaldeasturias.com\\\/radio\\\/mozart-interactivo-y-otras-novedades-para-los-turistas-en-viena\\\/#organizationLogo\"},\"sameAs\":[\"https:\\\/\\\/www.facebook.com\\\/\",\"https:\\\/\\\/x.com\\\/bercodi\",\"https:\\\/\\\/www.instagram.com\\\/\",\"https:\\\/\\\/www.youtube.com\\\/channel\\\/UCZP-2wLEB9Rv6erhFmqVnvg\"]},{\"@type\":\"Person\",\"@id\":\"https:\\\/\\\/eldigitaldeasturias.com\\\/radio\\\/author\\\/nbasturias\\\/#author\",\"url\":\"https:\\\/\\\/eldigitaldeasturias.com\\\/radio\\\/author\\\/nbasturias\\\/\",\"name\":\"NBAsturias\",\"image\":{\"@type\":\"ImageObject\",\"@id\":\"https:\\\/\\\/eldigitaldeasturias.com\\\/radio\\\/mozart-interactivo-y-otras-novedades-para-los-turistas-en-viena\\\/#authorImage\",\"url\":\"https:\\\/\\\/secure.gravatar.com\\\/avatar\\\/df2aeffc32bcd13f8d26072ef8a91b623d677766deac7f97ca815868cd41bf5e?s=96&d=mm&r=g\",\"width\":96,\"height\":96,\"caption\":\"NBAsturias\"}},{\"@type\":\"WebPage\",\"@id\":\"https:\\\/\\\/eldigitaldeasturias.com\\\/radio\\\/mozart-interactivo-y-otras-novedades-para-los-turistas-en-viena\\\/#webpage\",\"url\":\"https:\\\/\\\/eldigitaldeasturias.com\\\/radio\\\/mozart-interactivo-y-otras-novedades-para-los-turistas-en-viena\\\/\",\"name\":\"Mozart interactivo y otras novedades para los turistas en Viena | El Digital de Asturias\",\"description\":\"(dpa) - Una nueva exposici\\u00f3n multimedia sobre la obra del gran compositor austriaco Wolfgang Amadeus Mozart acaba de inaugurarse en los grandes\",\"inLanguage\":\"es-ES\",\"isPartOf\":{\"@id\":\"https:\\\/\\\/eldigitaldeasturias.com\\\/radio\\\/#website\"},\"breadcrumb\":{\"@id\":\"https:\\\/\\\/eldigitaldeasturias.com\\\/radio\\\/mozart-interactivo-y-otras-novedades-para-los-turistas-en-viena\\\/#breadcrumblist\"},\"author\":{\"@id\":\"https:\\\/\\\/eldigitaldeasturias.com\\\/radio\\\/author\\\/nbasturias\\\/#author\"},\"creator\":{\"@id\":\"https:\\\/\\\/eldigitaldeasturias.com\\\/radio\\\/author\\\/nbasturias\\\/#author\"},\"image\":{\"@type\":\"ImageObject\",\"url\":\"https:\\\/\\\/eldigitaldeasturias.com\\\/radio\\\/wp-content\\\/uploads\\\/2022\\\/10\\\/Mozart.jpg\",\"@id\":\"https:\\\/\\\/eldigitaldeasturias.com\\\/radio\\\/mozart-interactivo-y-otras-novedades-para-los-turistas-en-viena\\\/#mainImage\",\"width\":1005,\"height\":668,\"caption\":\"Experiencia multimedia en torno a Mozart en los grandes almacenes Steffl en Viena: la visita comienza con el R\\u00e9quiem, en una sala de aspecto sagrado, con 1.500 velas y proyecciones de sombras. Foto: Marcus Deak\\\/Mythos Mozart\\\/Wien Tourismus\\\/dp\"},\"primaryImageOfPage\":{\"@id\":\"https:\\\/\\\/eldigitaldeasturias.com\\\/radio\\\/mozart-interactivo-y-otras-novedades-para-los-turistas-en-viena\\\/#mainImage\"},\"datePublished\":\"2022-10-02T03:02:26+02:00\",\"dateModified\":\"2022-10-02T03:02:26+02:00\"},{\"@type\":\"WebSite\",\"@id\":\"https:\\\/\\\/eldigitaldeasturias.com\\\/radio\\\/#website\",\"url\":\"https:\\\/\\\/eldigitaldeasturias.com\\\/radio\\\/\",\"name\":\"El Digital de Asturias\",\"description\":\"Diario de informaci\\u00f3n y noticias\",\"inLanguage\":\"es-ES\",\"publisher\":{\"@id\":\"https:\\\/\\\/eldigitaldeasturias.com\\\/radio\\\/#organization\"}}]}\n\t\t<\/script>\n\t\t<!-- All in One SEO Pro -->\r\n\t\t<title>Mozart interactivo y otras novedades para los turistas en Viena | El Digital de Asturias<\/title>\n\n","aioseo_head_json":{"title":"Mozart interactivo y otras novedades para los turistas en Viena | El Digital de Asturias","description":"(dpa) - Una nueva exposici\u00f3n multimedia sobre la obra del gran compositor austriaco Wolfgang Amadeus Mozart acaba de inaugurarse en los grandes","canonical_url":"https:\/\/eldigitaldeasturias.com\/radio\/mozart-interactivo-y-otras-novedades-para-los-turistas-en-viena\/","robots":"max-image-preview:large","keywords":"turismo","webmasterTools":{"google-site-verification":"UA-38556648-1","miscellaneous":""},"schema":{"@context":"https:\/\/schema.org","@graph":[{"@type":"BreadcrumbList","@id":"https:\/\/eldigitaldeasturias.com\/radio\/mozart-interactivo-y-otras-novedades-para-los-turistas-en-viena\/#breadcrumblist","itemListElement":[{"@type":"ListItem","@id":"https:\/\/eldigitaldeasturias.com\/radio#listItem","position":1,"name":"Inicio","item":"https:\/\/eldigitaldeasturias.com\/radio","nextItem":{"@type":"ListItem","@id":"https:\/\/eldigitaldeasturias.com\/radio\/category\/turismo\/#listItem","name":"Turismo"}},{"@type":"ListItem","@id":"https:\/\/eldigitaldeasturias.com\/radio\/category\/turismo\/#listItem","position":2,"name":"Turismo","item":"https:\/\/eldigitaldeasturias.com\/radio\/category\/turismo\/","nextItem":{"@type":"ListItem","@id":"https:\/\/eldigitaldeasturias.com\/radio\/mozart-interactivo-y-otras-novedades-para-los-turistas-en-viena\/#listItem","name":"Mozart interactivo y otras novedades para los turistas en Viena"},"previousItem":{"@type":"ListItem","@id":"https:\/\/eldigitaldeasturias.com\/radio#listItem","name":"Inicio"}},{"@type":"ListItem","@id":"https:\/\/eldigitaldeasturias.com\/radio\/mozart-interactivo-y-otras-novedades-para-los-turistas-en-viena\/#listItem","position":3,"name":"Mozart interactivo y otras novedades para los turistas en Viena","previousItem":{"@type":"ListItem","@id":"https:\/\/eldigitaldeasturias.com\/radio\/category\/turismo\/#listItem","name":"Turismo"}}]},{"@type":"NewsArticle","@id":"https:\/\/eldigitaldeasturias.com\/radio\/mozart-interactivo-y-otras-novedades-para-los-turistas-en-viena\/#newsarticle","name":"Mozart interactivo y otras novedades para los turistas en Viena | El Digital de Asturias","headline":"Mozart interactivo y otras novedades para los turistas en Viena","author":{"@id":"https:\/\/eldigitaldeasturias.com\/radio\/author\/nbasturias\/#author"},"publisher":{"@id":"https:\/\/eldigitaldeasturias.com\/radio\/#organization"},"image":{"@type":"ImageObject","url":"https:\/\/eldigitaldeasturias.com\/radio\/wp-content\/uploads\/2022\/10\/Mozart.jpg","width":1005,"height":668,"caption":"Experiencia multimedia en torno a Mozart en los grandes almacenes Steffl en Viena: la visita comienza con el R\u00e9quiem, en una sala de aspecto sagrado, con 1.500 velas y proyecciones de sombras. Foto: Marcus Deak\/Mythos Mozart\/Wien Tourismus\/dp"},"datePublished":"2022-10-02T03:02:26+02:00","dateModified":"2022-10-02T03:02:26+02:00","inLanguage":"es-ES","mainEntityOfPage":{"@id":"https:\/\/eldigitaldeasturias.com\/radio\/mozart-interactivo-y-otras-novedades-para-los-turistas-en-viena\/#webpage"},"isPartOf":{"@id":"https:\/\/eldigitaldeasturias.com\/radio\/mozart-interactivo-y-otras-novedades-para-los-turistas-en-viena\/#webpage"},"articleSection":"Turismo, turismo","dateline":"Publicado el octubre 2, 2022."},{"@type":"Organization","@id":"https:\/\/eldigitaldeasturias.com\/radio\/#organization","name":"El digital de Asturias Radio","description":"Diario de informaci\u00f3n y noticias","url":"https:\/\/eldigitaldeasturias.com\/radio\/","telephone":"+34652131393","logo":{"@type":"ImageObject","url":"https:\/\/www.eldigitaldeasturias.com\/radio\/wp-content\/uploads\/2021\/03\/EDA.jpg","@id":"https:\/\/eldigitaldeasturias.com\/radio\/mozart-interactivo-y-otras-novedades-para-los-turistas-en-viena\/#organizationLogo"},"image":{"@id":"https:\/\/eldigitaldeasturias.com\/radio\/mozart-interactivo-y-otras-novedades-para-los-turistas-en-viena\/#organizationLogo"},"sameAs":["https:\/\/www.facebook.com\/","https:\/\/x.com\/bercodi","https:\/\/www.instagram.com\/","https:\/\/www.youtube.com\/channel\/UCZP-2wLEB9Rv6erhFmqVnvg"]},{"@type":"Person","@id":"https:\/\/eldigitaldeasturias.com\/radio\/author\/nbasturias\/#author","url":"https:\/\/eldigitaldeasturias.com\/radio\/author\/nbasturias\/","name":"NBAsturias","image":{"@type":"ImageObject","@id":"https:\/\/eldigitaldeasturias.com\/radio\/mozart-interactivo-y-otras-novedades-para-los-turistas-en-viena\/#authorImage","url":"https:\/\/secure.gravatar.com\/avatar\/df2aeffc32bcd13f8d26072ef8a91b623d677766deac7f97ca815868cd41bf5e?s=96&d=mm&r=g","width":96,"height":96,"caption":"NBAsturias"}},{"@type":"WebPage","@id":"https:\/\/eldigitaldeasturias.com\/radio\/mozart-interactivo-y-otras-novedades-para-los-turistas-en-viena\/#webpage","url":"https:\/\/eldigitaldeasturias.com\/radio\/mozart-interactivo-y-otras-novedades-para-los-turistas-en-viena\/","name":"Mozart interactivo y otras novedades para los turistas en Viena | El Digital de Asturias","description":"(dpa) - Una nueva exposici\u00f3n multimedia sobre la obra del gran compositor austriaco Wolfgang Amadeus Mozart acaba de inaugurarse en los grandes","inLanguage":"es-ES","isPartOf":{"@id":"https:\/\/eldigitaldeasturias.com\/radio\/#website"},"breadcrumb":{"@id":"https:\/\/eldigitaldeasturias.com\/radio\/mozart-interactivo-y-otras-novedades-para-los-turistas-en-viena\/#breadcrumblist"},"author":{"@id":"https:\/\/eldigitaldeasturias.com\/radio\/author\/nbasturias\/#author"},"creator":{"@id":"https:\/\/eldigitaldeasturias.com\/radio\/author\/nbasturias\/#author"},"image":{"@type":"ImageObject","url":"https:\/\/eldigitaldeasturias.com\/radio\/wp-content\/uploads\/2022\/10\/Mozart.jpg","@id":"https:\/\/eldigitaldeasturias.com\/radio\/mozart-interactivo-y-otras-novedades-para-los-turistas-en-viena\/#mainImage","width":1005,"height":668,"caption":"Experiencia multimedia en torno a Mozart en los grandes almacenes Steffl en Viena: la visita comienza con el R\u00e9quiem, en una sala de aspecto sagrado, con 1.500 velas y proyecciones de sombras. Foto: Marcus Deak\/Mythos Mozart\/Wien Tourismus\/dp"},"primaryImageOfPage":{"@id":"https:\/\/eldigitaldeasturias.com\/radio\/mozart-interactivo-y-otras-novedades-para-los-turistas-en-viena\/#mainImage"},"datePublished":"2022-10-02T03:02:26+02:00","dateModified":"2022-10-02T03:02:26+02:00"},{"@type":"WebSite","@id":"https:\/\/eldigitaldeasturias.com\/radio\/#website","url":"https:\/\/eldigitaldeasturias.com\/radio\/","name":"El Digital de Asturias","description":"Diario de informaci\u00f3n y noticias","inLanguage":"es-ES","publisher":{"@id":"https:\/\/eldigitaldeasturias.com\/radio\/#organization"}}]},"og:locale":"es_ES","og:site_name":"El Digital de Asturias | Diario de informaci\u00f3n y noticias","og:type":"article","og:title":"Mozart interactivo y otras novedades para los turistas en Viena | El Digital de Asturias","og:description":"(dpa) - Una nueva exposici\u00f3n multimedia sobre la obra del gran compositor austriaco Wolfgang Amadeus Mozart acaba de inaugurarse en los grandes","og:url":"https:\/\/eldigitaldeasturias.com\/radio\/mozart-interactivo-y-otras-novedades-para-los-turistas-en-viena\/","og:image":"https:\/\/eldigitaldeasturias.com\/radio\/wp-content\/uploads\/2022\/10\/Mozart.jpg","og:image:secure_url":"https:\/\/eldigitaldeasturias.com\/radio\/wp-content\/uploads\/2022\/10\/Mozart.jpg","og:image:width":1005,"og:image:height":668,"article:published_time":"2022-10-02T01:02:26+00:00","article:modified_time":"2022-10-02T01:02:26+00:00","twitter:card":"summary_large_image","twitter:site":"@bercodi","twitter:title":"Mozart interactivo y otras novedades para los turistas en Viena | El Digital de Asturias","twitter:description":"(dpa) - Una nueva exposici\u00f3n multimedia sobre la obra del gran compositor austriaco Wolfgang Amadeus Mozart acaba de inaugurarse en los grandes","twitter:creator":"@bercodi","twitter:image":"https:\/\/eldigitaldeasturias.com\/radio\/wp-content\/uploads\/2022\/10\/Mozart.jpg"},"aioseo_meta_data":{"post_id":"7327","title":null,"description":"(dpa) - Una nueva exposici\u00f3n multimedia sobre la obra del gran compositor austriaco Wolfgang Amadeus Mozart acaba de inaugurarse en los grandes","keywords":[],"keyphrases":{"focus":{"keyphrase":"Mozart","score":83,"analysis":{"keyphraseInTitle":{"title":"Focus keyphrase in SEO title","description":"Focus keyphrase found in SEO title.","score":9,"maxScore":9,"error":0},"keyphraseInDescription":{"title":"Focus keyphrase in meta description","description":"Focus keyphrase found in meta description.","score":9,"maxScore":9,"error":0},"keyphraseLength":{"title":"Focus keyphrase length","description":"Good job!","score":9,"maxScore":9,"error":0,"length":1},"keyphraseInURL":{"title":"Focus keyphrase in URL","description":"Focus keyphrase not found in the URL.","score":1,"maxScore":5,"error":1},"keyphraseInIntroduction":{"title":"Focus keyphrase in introduction","description":"Your Focus keyphrase appears in the first paragraph. Well done!","score":9,"maxScore":9,"error":0},"keyphraseInSubHeadings":{"title":"Focus keyphrase in Subheadings","description":"Use your focus keyphrase more in your H2 and H3 subheadings.","score":3,"maxScore":9,"error":1},"keyphraseInImageAlt":{"title":"Focus keyphrase in image alt attributes","description":"Focus keyphrase found in image alt attribute(s).","score":9,"maxScore":9,"error":0}}},"additional":[{"keyphrase":"exposici\u00f3n multimedia ","score":83,"analysis":{"keyphraseInDescription":{"title":"Keyphrase in meta description","description":"Keyphrase found in meta description.","score":9,"maxScore":9,"error":0},"keyphraseLength":{"title":"Keyphrase length","description":"Good job!","score":9,"maxScore":9,"error":0,"length":2},"keyphraseInIntroduction":{"title":"Keyphrase in introduction","description":"Your Keyphrase appears in the first paragraph. Well done!","score":9,"maxScore":9,"error":0},"keyphraseInImageAlt":{"title":"Keyphrase in image alt attributes","description":"Keyphrase not found in image alt attribute(s). Add an image with your Keyphrase as alt text.","score":3,"maxScore":9,"error":1}}}]},"primary_term":null,"canonical_url":null,"og_title":null,"og_description":null,"og_object_type":"default","og_image_type":"default","og_image_url":null,"og_image_width":null,"og_image_height":null,"og_image_custom_url":null,"og_image_custom_fields":null,"og_video":"","og_custom_url":null,"og_article_section":null,"og_article_tags":[],"twitter_use_og":false,"twitter_card":"default","twitter_image_type":"default","twitter_image_url":null,"twitter_image_custom_url":null,"twitter_image_custom_fields":null,"twitter_title":null,"twitter_description":null,"schema":{"blockGraphs":[],"customGraphs":[],"default":{"data":{"Article":[],"Course":[],"Dataset":[],"FAQPage":[],"Movie":[],"Person":[],"Product":[],"ProductReview":[],"Car":[],"Recipe":[],"Service":[],"SoftwareApplication":[],"WebPage":[]},"graphName":"","isEnabled":true},"graphs":[]},"schema_type":"default","schema_type_options":null,"pillar_content":false,"robots_default":true,"robots_noindex":false,"robots_noarchive":false,"robots_nosnippet":false,"robots_nofollow":false,"robots_noimageindex":false,"robots_noodp":false,"robots_notranslate":false,"robots_max_snippet":"-1","robots_max_videopreview":"-1","robots_max_imagepreview":"large","priority":null,"frequency":"default","location":null,"local_seo":null,"seo_analyzer_scan_date":"2025-08-28 20:37:34","breadcrumb_settings":null,"limit_modified_date":false,"open_ai":null,"ai":null,"created":"2022-10-02 00:58:14","updated":"2025-08-28 20:37:34"},"aioseo_breadcrumb":"<div class=\"aioseo-breadcrumbs\"><span class=\"aioseo-breadcrumb\">\n\t<a href=\"https:\/\/eldigitaldeasturias.com\/radio\" title=\"Inicio\">Inicio<\/a>\n<\/span><span class=\"aioseo-breadcrumb-separator\">&ndash;<\/span><span class=\"aioseo-breadcrumb\">\n\t<a href=\"https:\/\/eldigitaldeasturias.com\/radio\/category\/turismo\/\" title=\"Turismo\">Turismo<\/a>\n<\/span><span class=\"aioseo-breadcrumb-separator\">&ndash;<\/span><span class=\"aioseo-breadcrumb\">\n\tMozart interactivo y otras novedades para los turistas en Viena\n<\/span><\/div>","aioseo_breadcrumb_json":[{"label":"Inicio","link":"https:\/\/eldigitaldeasturias.com\/radio"},{"label":"Turismo","link":"https:\/\/eldigitaldeasturias.com\/radio\/category\/turismo\/"},{"label":"Mozart interactivo y otras novedades para los turistas en Viena","link":"https:\/\/eldigitaldeasturias.com\/radio\/mozart-interactivo-y-otras-novedades-para-los-turistas-en-viena\/"}],"_links":{"self":[{"href":"https:\/\/eldigitaldeasturias.com\/radio\/wp-json\/wp\/v2\/posts\/7327","targetHints":{"allow":["GET"]}}],"collection":[{"href":"https:\/\/eldigitaldeasturias.com\/radio\/wp-json\/wp\/v2\/posts"}],"about":[{"href":"https:\/\/eldigitaldeasturias.com\/radio\/wp-json\/wp\/v2\/types\/post"}],"author":[{"embeddable":true,"href":"https:\/\/eldigitaldeasturias.com\/radio\/wp-json\/wp\/v2\/users\/1"}],"replies":[{"embeddable":true,"href":"https:\/\/eldigitaldeasturias.com\/radio\/wp-json\/wp\/v2\/comments?post=7327"}],"version-history":[{"count":0,"href":"https:\/\/eldigitaldeasturias.com\/radio\/wp-json\/wp\/v2\/posts\/7327\/revisions"}],"wp:featuredmedia":[{"embeddable":true,"href":"https:\/\/eldigitaldeasturias.com\/radio\/wp-json\/wp\/v2\/media\/7328"}],"wp:attachment":[{"href":"https:\/\/eldigitaldeasturias.com\/radio\/wp-json\/wp\/v2\/media?parent=7327"}],"wp:term":[{"taxonomy":"category","embeddable":true,"href":"https:\/\/eldigitaldeasturias.com\/radio\/wp-json\/wp\/v2\/categories?post=7327"},{"taxonomy":"post_tag","embeddable":true,"href":"https:\/\/eldigitaldeasturias.com\/radio\/wp-json\/wp\/v2\/tags?post=7327"}],"curies":[{"name":"wp","href":"https:\/\/api.w.org\/{rel}","templated":true}]}}