{"id":7305,"date":"2022-10-01T03:34:12","date_gmt":"2022-10-01T01:34:12","guid":{"rendered":"https:\/\/eldigitaldeasturias.com\/radio\/?p=7305"},"modified":"2022-10-01T03:34:12","modified_gmt":"2022-10-01T01:34:12","slug":"ahorro-de-energia-son-una-opcion-los-aerogeneradores-domesticos","status":"publish","type":"post","link":"https:\/\/eldigitaldeasturias.com\/radio\/ahorro-de-energia-son-una-opcion-los-aerogeneradores-domesticos\/","title":{"rendered":"Ahorro de energ\u00eda: \u00bfson una opci\u00f3n los aerogeneradores dom\u00e9sticos?"},"content":{"rendered":"<p>(dpa) &#8211; Los aerogeneradores dom\u00e9sticos aprovechan los vientos para generar electricidad y pueden contribuir significativamente a las necesidades de energ\u00eda en el <a href=\"https:\/\/eldigitaldeasturias.com\/magazine365\/category\/hogar\/\" target=\"_blank\" rel=\"noopener\"><span style=\"color: #ff6600;\"><strong>hogar<\/strong><\/span><\/a>.<\/p>\n<figure id=\"attachment_7306\" aria-describedby=\"caption-attachment-7306\" style=\"width: 650px\" class=\"wp-caption aligncenter\"><img fetchpriority=\"high\" decoding=\"async\" class=\"wp-image-7306\" src=\"https:\/\/eldigitaldeasturias.com\/radio\/wp-content\/uploads\/2022\/10\/aerogeneradores-360x262.jpg\" alt=\"aerogeneradores\" width=\"650\" height=\"474\" srcset=\"https:\/\/eldigitaldeasturias.com\/radio\/wp-content\/uploads\/2022\/10\/aerogeneradores-360x262.jpg 360w, https:\/\/eldigitaldeasturias.com\/radio\/wp-content\/uploads\/2022\/10\/aerogeneradores-768x560.jpg 768w, https:\/\/eldigitaldeasturias.com\/radio\/wp-content\/uploads\/2022\/10\/aerogeneradores-150x109.jpg 150w, https:\/\/eldigitaldeasturias.com\/radio\/wp-content\/uploads\/2022\/10\/aerogeneradores-450x328.jpg 450w, https:\/\/eldigitaldeasturias.com\/radio\/wp-content\/uploads\/2022\/10\/aerogeneradores.jpg 889w\" sizes=\"(max-width: 650px) 100vw, 650px\" \/><figcaption id=\"caption-attachment-7306\" class=\"wp-caption-text\">Generador e\u00f3lico en el jard\u00edn: produce electricidad que se utiliza para el funcionamiento de los electrodom\u00e9sticos y en invierno como apoyo al sistema de calefacci\u00f3n. Foto: &#8212;\/Sroka Stahl- und Anlagenbau\/dpa<\/figcaption><\/figure>\n<h2>\u00bfC\u00f3mo funcionan?<\/h2>\n<p>Estas peque\u00f1as turbinas e\u00f3licas se pueden colocar en los tejados de las viviendas, pero sobre todo en m\u00e1stiles en el jard\u00edn o en el campo abierto. El viento los pone en movimiento y la energ\u00eda que producen se transforma en electricidad para uso dom\u00e9stico.<\/p>\n<p>\u00abEl principio b\u00e1sico de los aerogeneradores de eje horizontal es el mismo, tanto en la categor\u00eda de peque\u00f1os y microgeneradores como en el de gigavatios\u00bb, se\u00f1ala Joachim Sroka, de la Asociaci\u00f3n Alemana de Aerogeneradores de Peque\u00f1a Potencia.<\/p>\n<p>Sin embargo, el especialista aclara que el tama\u00f1o de las turbinas difiere enormemente. \u00abLos aerogeneradores peque\u00f1os y los microgeneradores e\u00f3licos tienen rotores de uno a cuatro metros de di\u00e1metro\u00bb, precisa, a la vez que aconseja alturas de m\u00e1stil de entre 12 y 24 metros.<\/p>\n<h3>\u00bfPuede utilizarse para la calefacci\u00f3n?<\/h3>\n<p>La electricidad de los aerogeneradores de peque\u00f1a potencia se puede utilizar para el dep\u00f3sito de agua caliente de la calefacci\u00f3n o para hacer funcionar una bomba de calor.<\/p>\n<h3>\u00bfCu\u00e1les son las ventajas de las miniturbinas e\u00f3licas sobre otras tecnolog\u00edas de calefacci\u00f3n?<\/h3>\n<p>Precisamente que en las \u00e9pocas fr\u00edas del a\u00f1o, es decir cuando tambi\u00e9n se necesita m\u00e1s la calefacci\u00f3n, los aerogeneradores pueden producir m\u00e1s energ\u00eda. Este es el problema en Europa con la energ\u00eda solar, que se necesitar\u00eda sobre todo de oto\u00f1o a primavera (de octubre a marzo), pero produce el 80 por ciento de su rendimiento anual de marzo a octubre.<\/p>\n<h3>\u00bfCu\u00e1les son las desventajas de este tipo de producci\u00f3n de energ\u00eda?<\/h3>\n<p>Sobre todo el precio es una gran desventaja. \u00abUn aerogenerador es una inversi\u00f3n relativamente alta que solo se amortiza con el tiempo\u00bb, se\u00f1ala Sroka.<\/p>\n<p>Hay que contar con costes de 5.500 euros (unos 5.360 d\u00f3lares) por kW de potencia. \u00abSi se quiere abastecer a todo el hogar, y en principio \u00fanicamente para la electricidad, sin la calefacci\u00f3n, se necesita tan solo para los meses de invierno un sistema con cinco kW\u00bb, detalla el experto.<\/p>\n<p>Es posible que se necesite un permiso de obra. En los edificios de viviendas, adem\u00e1s, no suele haber espacio suficiente para poder instalar un sistema de este tipo. \u00abHay que tener en cuenta la proyecci\u00f3n de sombras, la protecci\u00f3n contra el ruido y las \u00e1reas de distancia en t\u00e9rminos de legislaci\u00f3n de construcci\u00f3n. Actualmente hay una normativa muy restrictiva\u00bb, agrega.<\/p>\n<h2>\u00bfQu\u00e9 lugares son adecuados para las peque\u00f1as turbinas e\u00f3licas?<\/h2>\n<p>1. La direcci\u00f3n libre del viento<\/p>\n<p>El viento necesita un recorrido. Seg\u00fan expertos en sistemas de energ\u00eda, incluso una casa o un arbusto que se encuentre en la direcci\u00f3n principal del viento de la turbina reduce la producci\u00f3n energ\u00e9tica. Tambi\u00e9n un bosque que comience a 50 metros de la casa puede tener un efecto desfavorable en la producci\u00f3n de electricidad.<\/p>\n<p>2. La fuerza media del viento<\/p>\n<p>Es fundamental que el viento de la regi\u00f3n sople con suficiente fuerza. \u00abMi consejo es que no se elija un lugar donde el viento sople por debajo de los tres metros por segundo en promedio\u00bb, precisa el especialista en peque\u00f1os aerogeneradores.<\/p>\n<p>La Asociaci\u00f3n Alemana de Energ\u00eda E\u00f3lica y los asesores energ\u00e9ticos del Centro de Asesoramiento al Consumidor del estado de Baden-Wurtemberg, en el suroeste de Alemania, recomiendan tambi\u00e9n comprobar la zona de viento de la propiedad a la hora de planificar.<\/p>\n<p>\u00abEn general, la proximidad a la costa o a una gran altura es ventajosa, pero tambi\u00e9n debe haber zonas libres delante y detr\u00e1s del aerogenerador\u00bb, precisan.<\/p>\n<p>Esto puede suponer una diferencia significativa: un buen emplazamiento, por ejemplo, rinde ocho veces m\u00e1s que uno malo con solo la mitad de la velocidad media del viento.<\/p>\n<p>Por su parte, Lars M\u00f6ller, experto en energ\u00eda del Centro de Asesoramiento al Consumidor del estado de Baja Sajonia, en el noroeste alem\u00e1n, llega a una valoraci\u00f3n similar.<\/p>\n<p>\u00abLas peque\u00f1as turbinas solo tienen sentido en zonas abiertas, dispuestas lo m\u00e1s alto posible y con suficiente viento continuo, es decir: por regla general, en el techo no funciona casi nunca\u00bb, destaca.<\/p>\n<p>Para M\u00f6ller, esto significa incluso que los dispositivos \u00abno son una opci\u00f3n a considerar\u00bb para los hogares normales. Solo abordar\u00eda la cuesti\u00f3n en un \u00abentorno muy espec\u00edfico\u00bb, como el de los agricultores.<\/p>\n<h3>Si no se tiene un buen lugar en el jard\u00edn: \u00bfhay alternativas?<\/h3>\n<p>Tambi\u00e9n hay peque\u00f1os aerogeneradores para el tejado, pero los asesores energ\u00e9ticos no creen que sea una buena idea. Alegan que el edificio har\u00eda que el flujo de viento se arremoline y que entonces el rendimiento ser\u00eda escaso. Adem\u00e1s, las vibraciones de los rotores instalados cerca de la casa podr\u00edan percibirse como molestas.<\/p>\n<h2>\u00bfEs mejor producir electricidad o calor con la turbina e\u00f3lica?<\/h2>\n<p>En el caso de las viviendas unifamiliares, el experto Sroka recomienda cubrir primero las necesidades de electricidad propias, \u00abporque actualmente los costes de la electricidad siguen siendo superiores a los de la calefacci\u00f3n\u00bb. En un segundo paso, aconseja utilizar los excedentes de la producci\u00f3n de electricidad para cubrir el calor de la calefacci\u00f3n.<\/p>\n<p>En cualquier caso, para Sroka lo mejor es una soluci\u00f3n h\u00edbrida. \u00abSi solo se depende de la energ\u00eda e\u00f3lica, no es una soluci\u00f3n del todo segura. Porque si por ejemplo no tiene viento durante una semana, tampoco tiene energ\u00eda. Pero, por regla general, la falta de viento est\u00e1 asociada al buen tiempo\u00bb, explica.<\/p>\n<p>Entonces, seg\u00fan el experto, el sistema fotovoltaico toma el relevo y complementa la combinaci\u00f3n energ\u00e9tica.<\/p>\n<p><i class=\"lang-es\"><span class=\" readonly\" title=\"\">Por Simone Andrea Mayer (dpa)<\/span><\/i><\/p>\n","protected":false},"excerpt":{"rendered":"<p>(dpa) &#8211; Los aerogeneradores dom\u00e9sticos aprovechan los vientos para generar electricidad y pueden contribuir significativamente a las necesidades de energ\u00eda en el hogar. \u00bfC\u00f3mo funcionan? Estas peque\u00f1as turbinas e\u00f3licas se pueden colocar en los tejados de las viviendas, pero sobre todo en m\u00e1stiles en el jard\u00edn o en el campo abierto. El viento los pone<\/p>\n","protected":false},"author":1,"featured_media":7306,"comment_status":"closed","ping_status":"closed","sticky":false,"template":"","format":"standard","meta":{"footnotes":""},"categories":[26],"tags":[102,44],"class_list":{"0":"post-7305","1":"post","2":"type-post","3":"status-publish","4":"format-standard","5":"has-post-thumbnail","7":"category-reportajes","8":"tag-hogar","9":"tag-reportajes"},"aioseo_notices":[],"aioseo_head":"\n\t\t<!-- All in One SEO Pro 4.9.6.2 - aioseo.com -->\n\t<meta name=\"description\" content=\"(dpa) - Los aerogeneradores dom\u00e9sticos aprovechan los vientos para generar electricidad y pueden contribuir significativamente a las necesidades de energ\u00eda\" \/>\n\t<meta name=\"robots\" content=\"max-image-preview:large\" \/>\n\t<meta name=\"author\" content=\"NBAsturias\"\/>\n\t<meta name=\"google-site-verification\" content=\"UA-38556648-1\" \/>\n\t<meta name=\"keywords\" content=\"reportajes\" \/>\n\t<link rel=\"canonical\" href=\"https:\/\/eldigitaldeasturias.com\/radio\/ahorro-de-energia-son-una-opcion-los-aerogeneradores-domesticos\/\" \/>\n\t<meta name=\"generator\" content=\"All in One SEO Pro (AIOSEO) 4.9.6.2\" \/>\n\t\t<meta property=\"og:locale\" content=\"es_ES\" \/>\n\t\t<meta property=\"og:site_name\" content=\"El Digital de Asturias | Diario de informaci\u00f3n y noticias\" \/>\n\t\t<meta property=\"og:type\" content=\"article\" \/>\n\t\t<meta property=\"og:title\" content=\"Ahorro de energ\u00eda: \u00bfson una opci\u00f3n los aerogeneradores dom\u00e9sticos? | El Digital de Asturias\" \/>\n\t\t<meta property=\"og:description\" content=\"(dpa) - Los aerogeneradores dom\u00e9sticos aprovechan los vientos para generar electricidad y pueden contribuir significativamente a las necesidades de energ\u00eda\" \/>\n\t\t<meta property=\"og:url\" content=\"https:\/\/eldigitaldeasturias.com\/radio\/ahorro-de-energia-son-una-opcion-los-aerogeneradores-domesticos\/\" \/>\n\t\t<meta property=\"og:image\" content=\"https:\/\/eldigitaldeasturias.com\/radio\/wp-content\/uploads\/2022\/10\/aerogeneradores.jpg\" \/>\n\t\t<meta property=\"og:image:secure_url\" content=\"https:\/\/eldigitaldeasturias.com\/radio\/wp-content\/uploads\/2022\/10\/aerogeneradores.jpg\" \/>\n\t\t<meta property=\"og:image:width\" content=\"889\" \/>\n\t\t<meta property=\"og:image:height\" content=\"648\" \/>\n\t\t<meta property=\"article:published_time\" content=\"2022-10-01T01:34:12+00:00\" \/>\n\t\t<meta property=\"article:modified_time\" content=\"2022-10-01T01:34:12+00:00\" \/>\n\t\t<meta name=\"twitter:card\" content=\"summary_large_image\" \/>\n\t\t<meta name=\"twitter:site\" content=\"@bercodi\" \/>\n\t\t<meta name=\"twitter:title\" content=\"Ahorro de energ\u00eda: \u00bfson una opci\u00f3n los aerogeneradores dom\u00e9sticos? | El Digital de Asturias\" \/>\n\t\t<meta name=\"twitter:description\" content=\"(dpa) - Los aerogeneradores dom\u00e9sticos aprovechan los vientos para generar electricidad y pueden contribuir significativamente a las necesidades de energ\u00eda\" \/>\n\t\t<meta name=\"twitter:creator\" content=\"@bercodi\" \/>\n\t\t<meta name=\"twitter:image\" content=\"https:\/\/eldigitaldeasturias.com\/radio\/wp-content\/uploads\/2022\/10\/aerogeneradores.jpg\" \/>\n\t\t<script type=\"application\/ld+json\" class=\"aioseo-schema\">\n\t\t\t{\"@context\":\"https:\\\/\\\/schema.org\",\"@graph\":[{\"@type\":\"BreadcrumbList\",\"@id\":\"https:\\\/\\\/eldigitaldeasturias.com\\\/radio\\\/ahorro-de-energia-son-una-opcion-los-aerogeneradores-domesticos\\\/#breadcrumblist\",\"itemListElement\":[{\"@type\":\"ListItem\",\"@id\":\"https:\\\/\\\/eldigitaldeasturias.com\\\/radio#listItem\",\"position\":1,\"name\":\"Inicio\",\"item\":\"https:\\\/\\\/eldigitaldeasturias.com\\\/radio\",\"nextItem\":{\"@type\":\"ListItem\",\"@id\":\"https:\\\/\\\/eldigitaldeasturias.com\\\/radio\\\/category\\\/reportajes\\\/#listItem\",\"name\":\"Reportajes\"}},{\"@type\":\"ListItem\",\"@id\":\"https:\\\/\\\/eldigitaldeasturias.com\\\/radio\\\/category\\\/reportajes\\\/#listItem\",\"position\":2,\"name\":\"Reportajes\",\"item\":\"https:\\\/\\\/eldigitaldeasturias.com\\\/radio\\\/category\\\/reportajes\\\/\",\"nextItem\":{\"@type\":\"ListItem\",\"@id\":\"https:\\\/\\\/eldigitaldeasturias.com\\\/radio\\\/ahorro-de-energia-son-una-opcion-los-aerogeneradores-domesticos\\\/#listItem\",\"name\":\"Ahorro de energ\\u00eda: \\u00bfson una opci\\u00f3n los aerogeneradores dom\\u00e9sticos?\"},\"previousItem\":{\"@type\":\"ListItem\",\"@id\":\"https:\\\/\\\/eldigitaldeasturias.com\\\/radio#listItem\",\"name\":\"Inicio\"}},{\"@type\":\"ListItem\",\"@id\":\"https:\\\/\\\/eldigitaldeasturias.com\\\/radio\\\/ahorro-de-energia-son-una-opcion-los-aerogeneradores-domesticos\\\/#listItem\",\"position\":3,\"name\":\"Ahorro de energ\\u00eda: \\u00bfson una opci\\u00f3n los aerogeneradores dom\\u00e9sticos?\",\"previousItem\":{\"@type\":\"ListItem\",\"@id\":\"https:\\\/\\\/eldigitaldeasturias.com\\\/radio\\\/category\\\/reportajes\\\/#listItem\",\"name\":\"Reportajes\"}}]},{\"@type\":\"NewsArticle\",\"@id\":\"https:\\\/\\\/eldigitaldeasturias.com\\\/radio\\\/ahorro-de-energia-son-una-opcion-los-aerogeneradores-domesticos\\\/#newsarticle\",\"name\":\"Ahorro de energ\\u00eda: \\u00bfson una opci\\u00f3n los aerogeneradores dom\\u00e9sticos? | El Digital de Asturias\",\"headline\":\"Ahorro de energ\\u00eda: \\u00bfson una opci\\u00f3n los aerogeneradores dom\\u00e9sticos?\",\"author\":{\"@id\":\"https:\\\/\\\/eldigitaldeasturias.com\\\/radio\\\/author\\\/nbasturias\\\/#author\"},\"publisher\":{\"@id\":\"https:\\\/\\\/eldigitaldeasturias.com\\\/radio\\\/#organization\"},\"image\":{\"@type\":\"ImageObject\",\"url\":\"https:\\\/\\\/eldigitaldeasturias.com\\\/radio\\\/wp-content\\\/uploads\\\/2022\\\/10\\\/aerogeneradores.jpg\",\"width\":889,\"height\":648,\"caption\":\"Generador e\\u00f3lico en el jard\\u00edn: produce electricidad que se utiliza para el funcionamiento de los electrodom\\u00e9sticos y en invierno como apoyo al sistema de calefacci\\u00f3n. Foto: ---\\\/Sroka Stahl- und Anlagenbau\\\/dpa\"},\"datePublished\":\"2022-10-01T03:34:12+02:00\",\"dateModified\":\"2022-10-01T03:34:12+02:00\",\"inLanguage\":\"es-ES\",\"mainEntityOfPage\":{\"@id\":\"https:\\\/\\\/eldigitaldeasturias.com\\\/radio\\\/ahorro-de-energia-son-una-opcion-los-aerogeneradores-domesticos\\\/#webpage\"},\"isPartOf\":{\"@id\":\"https:\\\/\\\/eldigitaldeasturias.com\\\/radio\\\/ahorro-de-energia-son-una-opcion-los-aerogeneradores-domesticos\\\/#webpage\"},\"articleSection\":\"Reportajes, hogar, Reportajes\",\"dateline\":\"Publicado el octubre 1, 2022.\"},{\"@type\":\"Organization\",\"@id\":\"https:\\\/\\\/eldigitaldeasturias.com\\\/radio\\\/#organization\",\"name\":\"El digital de Asturias Radio\",\"description\":\"Diario de informaci\\u00f3n y noticias\",\"url\":\"https:\\\/\\\/eldigitaldeasturias.com\\\/radio\\\/\",\"telephone\":\"+34652131393\",\"logo\":{\"@type\":\"ImageObject\",\"url\":\"https:\\\/\\\/www.eldigitaldeasturias.com\\\/radio\\\/wp-content\\\/uploads\\\/2021\\\/03\\\/EDA.jpg\",\"@id\":\"https:\\\/\\\/eldigitaldeasturias.com\\\/radio\\\/ahorro-de-energia-son-una-opcion-los-aerogeneradores-domesticos\\\/#organizationLogo\"},\"image\":{\"@id\":\"https:\\\/\\\/eldigitaldeasturias.com\\\/radio\\\/ahorro-de-energia-son-una-opcion-los-aerogeneradores-domesticos\\\/#organizationLogo\"},\"sameAs\":[\"https:\\\/\\\/www.facebook.com\\\/\",\"https:\\\/\\\/x.com\\\/bercodi\",\"https:\\\/\\\/www.instagram.com\\\/\",\"https:\\\/\\\/www.youtube.com\\\/channel\\\/UCZP-2wLEB9Rv6erhFmqVnvg\"]},{\"@type\":\"Person\",\"@id\":\"https:\\\/\\\/eldigitaldeasturias.com\\\/radio\\\/author\\\/nbasturias\\\/#author\",\"url\":\"https:\\\/\\\/eldigitaldeasturias.com\\\/radio\\\/author\\\/nbasturias\\\/\",\"name\":\"NBAsturias\",\"image\":{\"@type\":\"ImageObject\",\"@id\":\"https:\\\/\\\/eldigitaldeasturias.com\\\/radio\\\/ahorro-de-energia-son-una-opcion-los-aerogeneradores-domesticos\\\/#authorImage\",\"url\":\"https:\\\/\\\/secure.gravatar.com\\\/avatar\\\/df2aeffc32bcd13f8d26072ef8a91b623d677766deac7f97ca815868cd41bf5e?s=96&d=mm&r=g\",\"width\":96,\"height\":96,\"caption\":\"NBAsturias\"}},{\"@type\":\"WebPage\",\"@id\":\"https:\\\/\\\/eldigitaldeasturias.com\\\/radio\\\/ahorro-de-energia-son-una-opcion-los-aerogeneradores-domesticos\\\/#webpage\",\"url\":\"https:\\\/\\\/eldigitaldeasturias.com\\\/radio\\\/ahorro-de-energia-son-una-opcion-los-aerogeneradores-domesticos\\\/\",\"name\":\"Ahorro de energ\\u00eda: \\u00bfson una opci\\u00f3n los aerogeneradores dom\\u00e9sticos? | El Digital de Asturias\",\"description\":\"(dpa) - Los aerogeneradores dom\\u00e9sticos aprovechan los vientos para generar electricidad y pueden contribuir significativamente a las necesidades de energ\\u00eda\",\"inLanguage\":\"es-ES\",\"isPartOf\":{\"@id\":\"https:\\\/\\\/eldigitaldeasturias.com\\\/radio\\\/#website\"},\"breadcrumb\":{\"@id\":\"https:\\\/\\\/eldigitaldeasturias.com\\\/radio\\\/ahorro-de-energia-son-una-opcion-los-aerogeneradores-domesticos\\\/#breadcrumblist\"},\"author\":{\"@id\":\"https:\\\/\\\/eldigitaldeasturias.com\\\/radio\\\/author\\\/nbasturias\\\/#author\"},\"creator\":{\"@id\":\"https:\\\/\\\/eldigitaldeasturias.com\\\/radio\\\/author\\\/nbasturias\\\/#author\"},\"image\":{\"@type\":\"ImageObject\",\"url\":\"https:\\\/\\\/eldigitaldeasturias.com\\\/radio\\\/wp-content\\\/uploads\\\/2022\\\/10\\\/aerogeneradores.jpg\",\"@id\":\"https:\\\/\\\/eldigitaldeasturias.com\\\/radio\\\/ahorro-de-energia-son-una-opcion-los-aerogeneradores-domesticos\\\/#mainImage\",\"width\":889,\"height\":648,\"caption\":\"Generador e\\u00f3lico en el jard\\u00edn: produce electricidad que se utiliza para el funcionamiento de los electrodom\\u00e9sticos y en invierno como apoyo al sistema de calefacci\\u00f3n. Foto: ---\\\/Sroka Stahl- und Anlagenbau\\\/dpa\"},\"primaryImageOfPage\":{\"@id\":\"https:\\\/\\\/eldigitaldeasturias.com\\\/radio\\\/ahorro-de-energia-son-una-opcion-los-aerogeneradores-domesticos\\\/#mainImage\"},\"datePublished\":\"2022-10-01T03:34:12+02:00\",\"dateModified\":\"2022-10-01T03:34:12+02:00\"},{\"@type\":\"WebSite\",\"@id\":\"https:\\\/\\\/eldigitaldeasturias.com\\\/radio\\\/#website\",\"url\":\"https:\\\/\\\/eldigitaldeasturias.com\\\/radio\\\/\",\"name\":\"El Digital de Asturias\",\"description\":\"Diario de informaci\\u00f3n y noticias\",\"inLanguage\":\"es-ES\",\"publisher\":{\"@id\":\"https:\\\/\\\/eldigitaldeasturias.com\\\/radio\\\/#organization\"}}]}\n\t\t<\/script>\n\t\t<!-- All in One SEO Pro -->\r\n\t\t<title>Ahorro de energ\u00eda: \u00bfson una opci\u00f3n los aerogeneradores dom\u00e9sticos? | El Digital de Asturias<\/title>\n\n","aioseo_head_json":{"title":"Ahorro de energ\u00eda: \u00bfson una opci\u00f3n los aerogeneradores dom\u00e9sticos? | El Digital de Asturias","description":"(dpa) - Los aerogeneradores dom\u00e9sticos aprovechan los vientos para generar electricidad y pueden contribuir significativamente a las necesidades de energ\u00eda","canonical_url":"https:\/\/eldigitaldeasturias.com\/radio\/ahorro-de-energia-son-una-opcion-los-aerogeneradores-domesticos\/","robots":"max-image-preview:large","keywords":"reportajes","webmasterTools":{"google-site-verification":"UA-38556648-1","miscellaneous":""},"schema":{"@context":"https:\/\/schema.org","@graph":[{"@type":"BreadcrumbList","@id":"https:\/\/eldigitaldeasturias.com\/radio\/ahorro-de-energia-son-una-opcion-los-aerogeneradores-domesticos\/#breadcrumblist","itemListElement":[{"@type":"ListItem","@id":"https:\/\/eldigitaldeasturias.com\/radio#listItem","position":1,"name":"Inicio","item":"https:\/\/eldigitaldeasturias.com\/radio","nextItem":{"@type":"ListItem","@id":"https:\/\/eldigitaldeasturias.com\/radio\/category\/reportajes\/#listItem","name":"Reportajes"}},{"@type":"ListItem","@id":"https:\/\/eldigitaldeasturias.com\/radio\/category\/reportajes\/#listItem","position":2,"name":"Reportajes","item":"https:\/\/eldigitaldeasturias.com\/radio\/category\/reportajes\/","nextItem":{"@type":"ListItem","@id":"https:\/\/eldigitaldeasturias.com\/radio\/ahorro-de-energia-son-una-opcion-los-aerogeneradores-domesticos\/#listItem","name":"Ahorro de energ\u00eda: \u00bfson una opci\u00f3n los aerogeneradores dom\u00e9sticos?"},"previousItem":{"@type":"ListItem","@id":"https:\/\/eldigitaldeasturias.com\/radio#listItem","name":"Inicio"}},{"@type":"ListItem","@id":"https:\/\/eldigitaldeasturias.com\/radio\/ahorro-de-energia-son-una-opcion-los-aerogeneradores-domesticos\/#listItem","position":3,"name":"Ahorro de energ\u00eda: \u00bfson una opci\u00f3n los aerogeneradores dom\u00e9sticos?","previousItem":{"@type":"ListItem","@id":"https:\/\/eldigitaldeasturias.com\/radio\/category\/reportajes\/#listItem","name":"Reportajes"}}]},{"@type":"NewsArticle","@id":"https:\/\/eldigitaldeasturias.com\/radio\/ahorro-de-energia-son-una-opcion-los-aerogeneradores-domesticos\/#newsarticle","name":"Ahorro de energ\u00eda: \u00bfson una opci\u00f3n los aerogeneradores dom\u00e9sticos? | El Digital de Asturias","headline":"Ahorro de energ\u00eda: \u00bfson una opci\u00f3n los aerogeneradores dom\u00e9sticos?","author":{"@id":"https:\/\/eldigitaldeasturias.com\/radio\/author\/nbasturias\/#author"},"publisher":{"@id":"https:\/\/eldigitaldeasturias.com\/radio\/#organization"},"image":{"@type":"ImageObject","url":"https:\/\/eldigitaldeasturias.com\/radio\/wp-content\/uploads\/2022\/10\/aerogeneradores.jpg","width":889,"height":648,"caption":"Generador e\u00f3lico en el jard\u00edn: produce electricidad que se utiliza para el funcionamiento de los electrodom\u00e9sticos y en invierno como apoyo al sistema de calefacci\u00f3n. Foto: ---\/Sroka Stahl- und Anlagenbau\/dpa"},"datePublished":"2022-10-01T03:34:12+02:00","dateModified":"2022-10-01T03:34:12+02:00","inLanguage":"es-ES","mainEntityOfPage":{"@id":"https:\/\/eldigitaldeasturias.com\/radio\/ahorro-de-energia-son-una-opcion-los-aerogeneradores-domesticos\/#webpage"},"isPartOf":{"@id":"https:\/\/eldigitaldeasturias.com\/radio\/ahorro-de-energia-son-una-opcion-los-aerogeneradores-domesticos\/#webpage"},"articleSection":"Reportajes, hogar, Reportajes","dateline":"Publicado el octubre 1, 2022."},{"@type":"Organization","@id":"https:\/\/eldigitaldeasturias.com\/radio\/#organization","name":"El digital de Asturias Radio","description":"Diario de informaci\u00f3n y noticias","url":"https:\/\/eldigitaldeasturias.com\/radio\/","telephone":"+34652131393","logo":{"@type":"ImageObject","url":"https:\/\/www.eldigitaldeasturias.com\/radio\/wp-content\/uploads\/2021\/03\/EDA.jpg","@id":"https:\/\/eldigitaldeasturias.com\/radio\/ahorro-de-energia-son-una-opcion-los-aerogeneradores-domesticos\/#organizationLogo"},"image":{"@id":"https:\/\/eldigitaldeasturias.com\/radio\/ahorro-de-energia-son-una-opcion-los-aerogeneradores-domesticos\/#organizationLogo"},"sameAs":["https:\/\/www.facebook.com\/","https:\/\/x.com\/bercodi","https:\/\/www.instagram.com\/","https:\/\/www.youtube.com\/channel\/UCZP-2wLEB9Rv6erhFmqVnvg"]},{"@type":"Person","@id":"https:\/\/eldigitaldeasturias.com\/radio\/author\/nbasturias\/#author","url":"https:\/\/eldigitaldeasturias.com\/radio\/author\/nbasturias\/","name":"NBAsturias","image":{"@type":"ImageObject","@id":"https:\/\/eldigitaldeasturias.com\/radio\/ahorro-de-energia-son-una-opcion-los-aerogeneradores-domesticos\/#authorImage","url":"https:\/\/secure.gravatar.com\/avatar\/df2aeffc32bcd13f8d26072ef8a91b623d677766deac7f97ca815868cd41bf5e?s=96&d=mm&r=g","width":96,"height":96,"caption":"NBAsturias"}},{"@type":"WebPage","@id":"https:\/\/eldigitaldeasturias.com\/radio\/ahorro-de-energia-son-una-opcion-los-aerogeneradores-domesticos\/#webpage","url":"https:\/\/eldigitaldeasturias.com\/radio\/ahorro-de-energia-son-una-opcion-los-aerogeneradores-domesticos\/","name":"Ahorro de energ\u00eda: \u00bfson una opci\u00f3n los aerogeneradores dom\u00e9sticos? | El Digital de Asturias","description":"(dpa) - Los aerogeneradores dom\u00e9sticos aprovechan los vientos para generar electricidad y pueden contribuir significativamente a las necesidades de energ\u00eda","inLanguage":"es-ES","isPartOf":{"@id":"https:\/\/eldigitaldeasturias.com\/radio\/#website"},"breadcrumb":{"@id":"https:\/\/eldigitaldeasturias.com\/radio\/ahorro-de-energia-son-una-opcion-los-aerogeneradores-domesticos\/#breadcrumblist"},"author":{"@id":"https:\/\/eldigitaldeasturias.com\/radio\/author\/nbasturias\/#author"},"creator":{"@id":"https:\/\/eldigitaldeasturias.com\/radio\/author\/nbasturias\/#author"},"image":{"@type":"ImageObject","url":"https:\/\/eldigitaldeasturias.com\/radio\/wp-content\/uploads\/2022\/10\/aerogeneradores.jpg","@id":"https:\/\/eldigitaldeasturias.com\/radio\/ahorro-de-energia-son-una-opcion-los-aerogeneradores-domesticos\/#mainImage","width":889,"height":648,"caption":"Generador e\u00f3lico en el jard\u00edn: produce electricidad que se utiliza para el funcionamiento de los electrodom\u00e9sticos y en invierno como apoyo al sistema de calefacci\u00f3n. Foto: ---\/Sroka Stahl- und Anlagenbau\/dpa"},"primaryImageOfPage":{"@id":"https:\/\/eldigitaldeasturias.com\/radio\/ahorro-de-energia-son-una-opcion-los-aerogeneradores-domesticos\/#mainImage"},"datePublished":"2022-10-01T03:34:12+02:00","dateModified":"2022-10-01T03:34:12+02:00"},{"@type":"WebSite","@id":"https:\/\/eldigitaldeasturias.com\/radio\/#website","url":"https:\/\/eldigitaldeasturias.com\/radio\/","name":"El Digital de Asturias","description":"Diario de informaci\u00f3n y noticias","inLanguage":"es-ES","publisher":{"@id":"https:\/\/eldigitaldeasturias.com\/radio\/#organization"}}]},"og:locale":"es_ES","og:site_name":"El Digital de Asturias | Diario de informaci\u00f3n y noticias","og:type":"article","og:title":"Ahorro de energ\u00eda: \u00bfson una opci\u00f3n los aerogeneradores dom\u00e9sticos? | El Digital de Asturias","og:description":"(dpa) - Los aerogeneradores dom\u00e9sticos aprovechan los vientos para generar electricidad y pueden contribuir significativamente a las necesidades de energ\u00eda","og:url":"https:\/\/eldigitaldeasturias.com\/radio\/ahorro-de-energia-son-una-opcion-los-aerogeneradores-domesticos\/","og:image":"https:\/\/eldigitaldeasturias.com\/radio\/wp-content\/uploads\/2022\/10\/aerogeneradores.jpg","og:image:secure_url":"https:\/\/eldigitaldeasturias.com\/radio\/wp-content\/uploads\/2022\/10\/aerogeneradores.jpg","og:image:width":889,"og:image:height":648,"article:published_time":"2022-10-01T01:34:12+00:00","article:modified_time":"2022-10-01T01:34:12+00:00","twitter:card":"summary_large_image","twitter:site":"@bercodi","twitter:title":"Ahorro de energ\u00eda: \u00bfson una opci\u00f3n los aerogeneradores dom\u00e9sticos? | El Digital de Asturias","twitter:description":"(dpa) - Los aerogeneradores dom\u00e9sticos aprovechan los vientos para generar electricidad y pueden contribuir significativamente a las necesidades de energ\u00eda","twitter:creator":"@bercodi","twitter:image":"https:\/\/eldigitaldeasturias.com\/radio\/wp-content\/uploads\/2022\/10\/aerogeneradores.jpg"},"aioseo_meta_data":{"post_id":"7305","title":null,"description":"(dpa) - Los aerogeneradores dom\u00e9sticos aprovechan los vientos para generar electricidad y pueden contribuir significativamente a las necesidades de energ\u00eda","keywords":[],"keyphrases":{"focus":{"keyphrase":"aerogeneradores","score":83,"analysis":{"keyphraseInTitle":{"title":"Focus keyphrase in SEO title","description":"Focus keyphrase found in SEO title.","score":9,"maxScore":9,"error":0},"keyphraseInDescription":{"title":"Focus keyphrase in meta description","description":"Focus keyphrase found in meta description.","score":9,"maxScore":9,"error":0},"keyphraseLength":{"title":"Focus keyphrase length","description":"Good job!","score":9,"maxScore":9,"error":0,"length":1},"keyphraseInURL":{"title":"Focus keyphrase in URL","description":"Focus keyphrase not found in the URL.","score":1,"maxScore":5,"error":1},"keyphraseInIntroduction":{"title":"Focus keyphrase in introduction","description":"Your Focus keyphrase appears in the first paragraph. Well done!","score":9,"maxScore":9,"error":0},"keyphraseInSubHeadings":{"title":"Focus keyphrase in Subheadings","description":"Use your focus keyphrase more in your H2 and H3 subheadings.","score":3,"maxScore":9,"error":1},"keyphraseInImageAlt":{"title":"Focus keyphrase in image alt attributes","description":"Focus keyphrase found in image alt attribute(s).","score":9,"maxScore":9,"error":0}}},"additional":[{"keyphrase":"aerogeneradores dom\u00e9sticos","score":100,"analysis":{"keyphraseInDescription":{"title":"Keyphrase in meta description","description":"Keyphrase found in meta description.","score":9,"maxScore":9,"error":0},"keyphraseLength":{"title":"Keyphrase length","description":"Good job!","score":9,"maxScore":9,"error":0,"length":2},"keyphraseInIntroduction":{"title":"Keyphrase in introduction","description":"Your Keyphrase appears in the first paragraph. Well done!","score":9,"maxScore":9,"error":0},"keyphraseInImageAlt":{"title":"Keyphrase in image alt attributes","description":"Keyphrase found in image alt attribute(s).","score":9,"maxScore":9,"error":0}}},{"keyphrase":"energ\u00eda","score":83,"analysis":{"keyphraseInDescription":{"title":"Keyphrase in meta description","description":"Keyphrase found in meta description.","score":9,"maxScore":9,"error":0},"keyphraseLength":{"title":"Keyphrase length","description":"Good job!","score":9,"maxScore":9,"error":0,"length":1},"keyphraseInIntroduction":{"title":"Keyphrase in introduction","description":"Your Keyphrase appears in the first paragraph. Well done!","score":9,"maxScore":9,"error":0},"keyphraseInImageAlt":{"title":"Keyphrase in image alt attributes","description":"Keyphrase not found in image alt attribute(s). Add an image with your Keyphrase as alt text.","score":3,"maxScore":9,"error":1}}}]},"primary_term":null,"canonical_url":null,"og_title":null,"og_description":null,"og_object_type":"default","og_image_type":"default","og_image_url":null,"og_image_width":null,"og_image_height":null,"og_image_custom_url":null,"og_image_custom_fields":null,"og_video":"","og_custom_url":null,"og_article_section":null,"og_article_tags":[],"twitter_use_og":false,"twitter_card":"default","twitter_image_type":"default","twitter_image_url":null,"twitter_image_custom_url":null,"twitter_image_custom_fields":null,"twitter_title":null,"twitter_description":null,"schema":{"blockGraphs":[],"customGraphs":[],"default":{"data":{"Article":[],"Course":[],"Dataset":[],"FAQPage":[],"Movie":[],"Person":[],"Product":[],"ProductReview":[],"Car":[],"Recipe":[],"Service":[],"SoftwareApplication":[],"WebPage":[]},"graphName":"","isEnabled":true},"graphs":[]},"schema_type":"default","schema_type_options":null,"pillar_content":false,"robots_default":true,"robots_noindex":false,"robots_noarchive":false,"robots_nosnippet":false,"robots_nofollow":false,"robots_noimageindex":false,"robots_noodp":false,"robots_notranslate":false,"robots_max_snippet":"-1","robots_max_videopreview":"-1","robots_max_imagepreview":"large","priority":null,"frequency":"default","location":null,"local_seo":null,"seo_analyzer_scan_date":"2025-08-28 20:36:18","breadcrumb_settings":null,"limit_modified_date":false,"open_ai":null,"ai":null,"created":"2022-10-01 01:28:28","updated":"2025-08-28 20:36:18"},"aioseo_breadcrumb":"<div class=\"aioseo-breadcrumbs\"><span class=\"aioseo-breadcrumb\">\n\t<a href=\"https:\/\/eldigitaldeasturias.com\/radio\" title=\"Inicio\">Inicio<\/a>\n<\/span><span class=\"aioseo-breadcrumb-separator\">&ndash;<\/span><span class=\"aioseo-breadcrumb\">\n\t<a href=\"https:\/\/eldigitaldeasturias.com\/radio\/category\/reportajes\/\" title=\"Reportajes\">Reportajes<\/a>\n<\/span><span class=\"aioseo-breadcrumb-separator\">&ndash;<\/span><span class=\"aioseo-breadcrumb\">\n\tAhorro de energ\u00eda: \u00bfson una opci\u00f3n los aerogeneradores dom\u00e9sticos?\n<\/span><\/div>","aioseo_breadcrumb_json":[{"label":"Inicio","link":"https:\/\/eldigitaldeasturias.com\/radio"},{"label":"Reportajes","link":"https:\/\/eldigitaldeasturias.com\/radio\/category\/reportajes\/"},{"label":"Ahorro de energ\u00eda: \u00bfson una opci\u00f3n los aerogeneradores dom\u00e9sticos?","link":"https:\/\/eldigitaldeasturias.com\/radio\/ahorro-de-energia-son-una-opcion-los-aerogeneradores-domesticos\/"}],"_links":{"self":[{"href":"https:\/\/eldigitaldeasturias.com\/radio\/wp-json\/wp\/v2\/posts\/7305","targetHints":{"allow":["GET"]}}],"collection":[{"href":"https:\/\/eldigitaldeasturias.com\/radio\/wp-json\/wp\/v2\/posts"}],"about":[{"href":"https:\/\/eldigitaldeasturias.com\/radio\/wp-json\/wp\/v2\/types\/post"}],"author":[{"embeddable":true,"href":"https:\/\/eldigitaldeasturias.com\/radio\/wp-json\/wp\/v2\/users\/1"}],"replies":[{"embeddable":true,"href":"https:\/\/eldigitaldeasturias.com\/radio\/wp-json\/wp\/v2\/comments?post=7305"}],"version-history":[{"count":0,"href":"https:\/\/eldigitaldeasturias.com\/radio\/wp-json\/wp\/v2\/posts\/7305\/revisions"}],"wp:featuredmedia":[{"embeddable":true,"href":"https:\/\/eldigitaldeasturias.com\/radio\/wp-json\/wp\/v2\/media\/7306"}],"wp:attachment":[{"href":"https:\/\/eldigitaldeasturias.com\/radio\/wp-json\/wp\/v2\/media?parent=7305"}],"wp:term":[{"taxonomy":"category","embeddable":true,"href":"https:\/\/eldigitaldeasturias.com\/radio\/wp-json\/wp\/v2\/categories?post=7305"},{"taxonomy":"post_tag","embeddable":true,"href":"https:\/\/eldigitaldeasturias.com\/radio\/wp-json\/wp\/v2\/tags?post=7305"}],"curies":[{"name":"wp","href":"https:\/\/api.w.org\/{rel}","templated":true}]}}