{"id":7155,"date":"2022-08-06T21:12:06","date_gmt":"2022-08-06T19:12:06","guid":{"rendered":"https:\/\/eldigitaldeasturias.com\/radio\/?p=7155"},"modified":"2022-08-06T21:12:06","modified_gmt":"2022-08-06T19:12:06","slug":"que-hacer-con-las-primeras-canas","status":"publish","type":"post","link":"https:\/\/eldigitaldeasturias.com\/radio\/que-hacer-con-las-primeras-canas\/","title":{"rendered":"\u00bfQu\u00e9 hacer con las primeras canas?"},"content":{"rendered":"<p>(dpa) &#8211; Tarde o temprano, aparecen las primeras canas. A algunos les llegan a mediados de los 20, a otros reci\u00e9n a partir de los 40. Sea cuando sea, la mayor\u00eda de las personas no quiere tener la cabellera gris. \u00bfQu\u00e9 hacer entonces cuando las canas asoman en la cabeza?<\/p>\n<figure id=\"attachment_7156\" aria-describedby=\"caption-attachment-7156\" style=\"width: 650px\" class=\"wp-caption aligncenter\"><img fetchpriority=\"high\" decoding=\"async\" class=\"wp-image-7156\" src=\"https:\/\/eldigitaldeasturias.com\/radio\/wp-content\/uploads\/2022\/08\/canas-360x245.jpg\" alt=\"canas\" width=\"650\" height=\"442\" srcset=\"https:\/\/eldigitaldeasturias.com\/radio\/wp-content\/uploads\/2022\/08\/canas-360x245.jpg 360w, https:\/\/eldigitaldeasturias.com\/radio\/wp-content\/uploads\/2022\/08\/canas-768x522.jpg 768w, https:\/\/eldigitaldeasturias.com\/radio\/wp-content\/uploads\/2022\/08\/canas-150x102.jpg 150w, https:\/\/eldigitaldeasturias.com\/radio\/wp-content\/uploads\/2022\/08\/canas-450x306.jpg 450w, https:\/\/eldigitaldeasturias.com\/radio\/wp-content\/uploads\/2022\/08\/canas.jpg 992w\" sizes=\"(max-width: 650px) 100vw, 650px\" \/><figcaption id=\"caption-attachment-7156\" class=\"wp-caption-text\">El te\u00f1ido de algunos mechones puede ser una buena medida de transici\u00f3n ante la aparici\u00f3n de las primeras canas. Foto: Magdalena Tr\u00f6ndle\/dpa<\/figcaption><\/figure>\n<h3>Retrasar:<\/h3>\n<p>Existen las llamadas lociones anticanas para el cuero cabelludo. El estilista alem\u00e1n Jens Dagn\u00e9, de la asociaci\u00f3n de peluqueros Intercoiffure Mondial recomienda su uso cuando aparecen los primeros cabellos blancos.<\/p>\n<p>Estas lociones ayudan a evitar \u00abque el pelo se siga despigmentando r\u00e1pidamente y reactiva nuevos pigmentos en la ra\u00edz del cabello\u00bb, explica. Seg\u00fan dice, los primeros \u00e9xitos se vislumbran despu\u00e9s de unos tres meses. Los champ\u00fas anticanas tienen un efecto similar.<\/p>\n<h3>Ocultar:<\/h3>\n<p>Al principio, en general, la gente elige ocultar sus canas. \u00abUn tonalizador intenso cubre las primeras canas y dura entre diez y 15 lavados\u00bb, afirma Antonio Weinitschke, de la Asociaci\u00f3n Central de Peluqueros Alemanes.<\/p>\n<p>Otra alternativa son las mechas. En comparaci\u00f3n con otras t\u00e9cnicas de tintura, irritan menos el cuero cabelludo, dado que entre \u00e9ste y el pelo se coloca un papel metalizado.<\/p>\n<p>Las mechas tambi\u00e9n tienen una ventaja \u00f3ptica en relaci\u00f3n a las canas, sobre todo en los cabellos m\u00e1s oscuros. Weinitschke explica que como son uno a dos tonos m\u00e1s claras que el color natural del pelo, hacen que la cana se note menos.<\/p>\n<p>Adem\u00e1s, a diferencia de la tintura para todo el pelo, las mechas pueden hacerse en distintos matices, lo que queda m\u00e1s natural, ya que a fin de cuentas el pelo sin tintura tambi\u00e9n tiene siempre distintos matices.<\/p>\n<p>A las personas rubias, Dagn\u00e9 les recomienda mechas en su color natural o uno m\u00e1s fr\u00edo. Para los rubios intermedios aconseja \u00abbabylights\u00bb: mechas finas que subrayan el color natural del cabello. \u00abMezcladas con las primeras canas, generan un efecto de cabello aclarado por el sol\u00bb, asegura Dagn\u00e9.<\/p>\n<h3>Tapar:<\/h3>\n<p>\u00abTe\u00f1ir el cabello tiene sentido cuando las canas son predominantes\u00bb, dice Weinitschke. En comparaci\u00f3n con una tonalizaci\u00f3n, la tintura penetra en la estructura del cabello y dura m\u00e1s.<\/p>\n<p>Si bien el cabello se puede te\u00f1ir casi de cualquier color, lo ideal es que combine con el tono de la piel. Y este se vuelve m\u00e1s p\u00e1lido con la edad. \u00abCuanta m\u00e1s edad tiene el cliente, m\u00e1s claro deber\u00eda ser el tono\u00bb, recomienda Dagn\u00e9.<\/p>\n<p>Los colores claros y tenues suavizan el rostro que muestra las primeras arrugas. \u00abMuchas veces, los tonos oscuros nos hacen parecer m\u00e1s viejos de lo que somos. Y las mujeres deben recurrir entonces a maquillajes m\u00e1s fuertes\u00bb, afirma el peluquero.<\/p>\n<p>La desventaja de la tintura son las ra\u00edces que quedan a la vista cuando el cabello crece. Despu\u00e9s de cuatro o seis semanas hay que volver a te\u00f1irse, seg\u00fan el peluquero Weinitschke. Sin embargo, asegura que hay t\u00e9cnicas que ayudan a que esta transici\u00f3n sea menos notoria.<\/p>\n<p>Para esto hay que separar mechas peque\u00f1as con un peine y te\u00f1ir solo esas. Por el movimiento que se hace con el peine, que recuerda a un tejido, se las suele conocer como \u00abmechas entretejidas\u00bb. El resto del pelo queda como es.<\/p>\n<p>Otro consejo para ganar m\u00e1s volumen son las mechas m\u00e1s oscuras. \u00abLas llamadas &#8216;lowlights&#8217; hacen que la cabellera se vea \u00f3pticamente m\u00e1s llena e interrumpen el gris de las ra\u00edces\u00bb, dice Dagn\u00e9. \u00abEn el caso de los rubios intermedios u oscuros se deber\u00eda trabajar con tonos de rubio ceniza a casta\u00f1o oscuro\u00bb, indica.<\/p>\n<p>Sin embargo, estos \u00ablowlights\u00bb para ocultar lo canoso deber\u00edan ser solo dos a tres tonos m\u00e1s oscuros que el propio color de cabello, sino las mechas se distinguen demasiado unas de otras y no quedan naturales, de acuerdo con el experto.<\/p>\n<h2>Aceptar y cuidar las canas:<\/h2>\n<p>Las canas tienen que ver con la edad y son, por ello, parte de la vida. Lucirlas no deber\u00eda avergonzar a nadie. Por otra parte, ya sean naturales o te\u00f1idos, el gris y el blanco est\u00e1n de moda desde hace tiempo.<\/p>\n<p>Incluso muchas supermodelos lucen sus cabelleras grises en la pasarela. Hace poco, la revista de moda \u00abVogue\u00bb escribi\u00f3: \u00abEl cabello gris es tendencia y ser\u00e1 un cl\u00e1sico en el futuro\u00bb.<\/p>\n<p>Sin embargo, el cabello gris o canoso necesita otro tipo de cuidado para verse bien. Seg\u00fan Weinitschke, puede adquirir un tono amarillento debido al sol y a otras influencias del medio ambiente. A esto se suma que el cabello no pigmentado es m\u00e1s rebelde que el cabello natural. En el caso del pelo largo puede significar bastante trabajo.<\/p>\n<p>El peluquero profesional aconseja por eso un buen cuidado con champ\u00fas y acondicionadores especiales para cabello gris platinado. Estos contienen pigmentos plateados que contrarrestan ese tono amarillento.<\/p>\n<p>Las canas tambi\u00e9n exigen repensar el estilo. Dado que el gris modifica la \u00f3ptica, se suele pasar m\u00e1s desapercibido. \u00abEl pelo gris va muy bien con un maquillaje m\u00e1s fuerte o una vestimenta m\u00e1s colorida\u00bb, afirma Dagn\u00e9. Unas gafas vistosas tambi\u00e9n pueden sumar a la hora de brindarle frescura al rostro.<\/p>\n<h2>M\u00e1s informaci\u00f3n: \u00bfpor qu\u00e9 nos salen canas?<\/h2>\n<p>Con los a\u00f1os se reduce cada vez m\u00e1s la melanina producida por el cuerpo, responsable de la pigmentaci\u00f3n del cabello. Esto hace que aparezcan las vacuolas, peque\u00f1os agujeros de aire que hacen que el pelo se vea sin color o blanco, de acuerdo con la Asociaci\u00f3n Central de Peluqueros Alemanes.<\/p>\n<p>Por otra parte, y estrictamente hablando, no existe el cabello gris. Este color es generado por la mezcla de los cabellos blancos con los a\u00fan pigmentados.<\/p>\n<p><i class=\"lang-es\"><span class=\" readonly\" title=\"\">Por Evelyn Steinbach (dpa)<\/span><\/i><\/p>\n","protected":false},"excerpt":{"rendered":"<p>(dpa) &#8211; Tarde o temprano, aparecen las primeras canas. A algunos les llegan a mediados de los 20, a otros reci\u00e9n a partir de los 40. Sea cuando sea, la mayor\u00eda de las personas no quiere tener la cabellera gris. \u00bfQu\u00e9 hacer entonces cuando las canas asoman en la cabeza? Retrasar: Existen las llamadas lociones<\/p>\n","protected":false},"author":1,"featured_media":7156,"comment_status":"closed","ping_status":"closed","sticky":false,"template":"","format":"standard","meta":{"footnotes":""},"categories":[38,36],"tags":[45],"class_list":{"0":"post-7155","1":"post","2":"type-post","3":"status-publish","4":"format-standard","5":"has-post-thumbnail","7":"category-live","8":"category-titulares","9":"tag-sociedad"},"aioseo_notices":[],"aioseo_head":"\n\t\t<!-- All in One SEO Pro 4.9.6.2 - aioseo.com -->\n\t<meta name=\"description\" content=\"(dpa) - Tarde o temprano, aparecen las primeras canas. A algunos les llegan a mediados de los 20, a otros reci\u00e9n a partir de los 40. Sea cuando sea\" \/>\n\t<meta name=\"robots\" content=\"max-image-preview:large\" \/>\n\t<meta name=\"author\" content=\"NBAsturias\"\/>\n\t<meta name=\"google-site-verification\" content=\"UA-38556648-1\" \/>\n\t<meta name=\"keywords\" content=\"live,titulares\" \/>\n\t<link rel=\"canonical\" href=\"https:\/\/eldigitaldeasturias.com\/radio\/que-hacer-con-las-primeras-canas\/\" \/>\n\t<meta name=\"generator\" content=\"All in One SEO Pro (AIOSEO) 4.9.6.2\" \/>\n\t\t<meta property=\"og:locale\" content=\"es_ES\" \/>\n\t\t<meta property=\"og:site_name\" content=\"El Digital de Asturias | Diario de informaci\u00f3n y noticias\" \/>\n\t\t<meta property=\"og:type\" content=\"article\" \/>\n\t\t<meta property=\"og:title\" content=\"\u00bfQu\u00e9 hacer con las primeras canas? | El Digital de Asturias\" \/>\n\t\t<meta property=\"og:description\" content=\"(dpa) - Tarde o temprano, aparecen las primeras canas. A algunos les llegan a mediados de los 20, a otros reci\u00e9n a partir de los 40. Sea cuando sea\" \/>\n\t\t<meta property=\"og:url\" content=\"https:\/\/eldigitaldeasturias.com\/radio\/que-hacer-con-las-primeras-canas\/\" \/>\n\t\t<meta property=\"og:image\" content=\"https:\/\/eldigitaldeasturias.com\/radio\/wp-content\/uploads\/2022\/08\/canas.jpg\" \/>\n\t\t<meta property=\"og:image:secure_url\" content=\"https:\/\/eldigitaldeasturias.com\/radio\/wp-content\/uploads\/2022\/08\/canas.jpg\" \/>\n\t\t<meta property=\"og:image:width\" content=\"992\" \/>\n\t\t<meta property=\"og:image:height\" content=\"674\" \/>\n\t\t<meta property=\"article:published_time\" content=\"2022-08-06T19:12:06+00:00\" \/>\n\t\t<meta property=\"article:modified_time\" content=\"2022-08-06T19:12:06+00:00\" \/>\n\t\t<meta name=\"twitter:card\" content=\"summary_large_image\" \/>\n\t\t<meta name=\"twitter:site\" content=\"@bercodi\" \/>\n\t\t<meta name=\"twitter:title\" content=\"\u00bfQu\u00e9 hacer con las primeras canas? | El Digital de Asturias\" \/>\n\t\t<meta name=\"twitter:description\" content=\"(dpa) - Tarde o temprano, aparecen las primeras canas. A algunos les llegan a mediados de los 20, a otros reci\u00e9n a partir de los 40. Sea cuando sea\" \/>\n\t\t<meta name=\"twitter:creator\" content=\"@bercodi\" \/>\n\t\t<meta name=\"twitter:image\" content=\"https:\/\/eldigitaldeasturias.com\/radio\/wp-content\/uploads\/2022\/08\/canas.jpg\" \/>\n\t\t<script type=\"application\/ld+json\" class=\"aioseo-schema\">\n\t\t\t{\"@context\":\"https:\\\/\\\/schema.org\",\"@graph\":[{\"@type\":\"BreadcrumbList\",\"@id\":\"https:\\\/\\\/eldigitaldeasturias.com\\\/radio\\\/que-hacer-con-las-primeras-canas\\\/#breadcrumblist\",\"itemListElement\":[{\"@type\":\"ListItem\",\"@id\":\"https:\\\/\\\/eldigitaldeasturias.com\\\/radio#listItem\",\"position\":1,\"name\":\"Inicio\",\"item\":\"https:\\\/\\\/eldigitaldeasturias.com\\\/radio\",\"nextItem\":{\"@type\":\"ListItem\",\"@id\":\"https:\\\/\\\/eldigitaldeasturias.com\\\/radio\\\/category\\\/titulares\\\/#listItem\",\"name\":\"Titulares\"}},{\"@type\":\"ListItem\",\"@id\":\"https:\\\/\\\/eldigitaldeasturias.com\\\/radio\\\/category\\\/titulares\\\/#listItem\",\"position\":2,\"name\":\"Titulares\",\"item\":\"https:\\\/\\\/eldigitaldeasturias.com\\\/radio\\\/category\\\/titulares\\\/\",\"nextItem\":{\"@type\":\"ListItem\",\"@id\":\"https:\\\/\\\/eldigitaldeasturias.com\\\/radio\\\/que-hacer-con-las-primeras-canas\\\/#listItem\",\"name\":\"\\u00bfQu\\u00e9 hacer con las primeras canas?\"},\"previousItem\":{\"@type\":\"ListItem\",\"@id\":\"https:\\\/\\\/eldigitaldeasturias.com\\\/radio#listItem\",\"name\":\"Inicio\"}},{\"@type\":\"ListItem\",\"@id\":\"https:\\\/\\\/eldigitaldeasturias.com\\\/radio\\\/que-hacer-con-las-primeras-canas\\\/#listItem\",\"position\":3,\"name\":\"\\u00bfQu\\u00e9 hacer con las primeras canas?\",\"previousItem\":{\"@type\":\"ListItem\",\"@id\":\"https:\\\/\\\/eldigitaldeasturias.com\\\/radio\\\/category\\\/titulares\\\/#listItem\",\"name\":\"Titulares\"}}]},{\"@type\":\"NewsArticle\",\"@id\":\"https:\\\/\\\/eldigitaldeasturias.com\\\/radio\\\/que-hacer-con-las-primeras-canas\\\/#newsarticle\",\"name\":\"\\u00bfQu\\u00e9 hacer con las primeras canas? | El Digital de Asturias\",\"headline\":\"\\u00bfQu\\u00e9 hacer con las primeras canas?\",\"author\":{\"@id\":\"https:\\\/\\\/eldigitaldeasturias.com\\\/radio\\\/author\\\/nbasturias\\\/#author\"},\"publisher\":{\"@id\":\"https:\\\/\\\/eldigitaldeasturias.com\\\/radio\\\/#organization\"},\"image\":{\"@type\":\"ImageObject\",\"url\":\"https:\\\/\\\/eldigitaldeasturias.com\\\/radio\\\/wp-content\\\/uploads\\\/2022\\\/08\\\/canas.jpg\",\"width\":992,\"height\":674,\"caption\":\"El te\\u00f1ido de algunos mechones puede ser una buena medida de transici\\u00f3n ante la aparici\\u00f3n de las primeras canas. Foto: Magdalena Tr\\u00f6ndle\\\/dpa\"},\"datePublished\":\"2022-08-06T21:12:06+02:00\",\"dateModified\":\"2022-08-06T21:12:06+02:00\",\"inLanguage\":\"es-ES\",\"mainEntityOfPage\":{\"@id\":\"https:\\\/\\\/eldigitaldeasturias.com\\\/radio\\\/que-hacer-con-las-primeras-canas\\\/#webpage\"},\"isPartOf\":{\"@id\":\"https:\\\/\\\/eldigitaldeasturias.com\\\/radio\\\/que-hacer-con-las-primeras-canas\\\/#webpage\"},\"articleSection\":\"Live, Titulares, Sociedad\",\"dateline\":\"Publicado el agosto 6, 2022.\"},{\"@type\":\"Organization\",\"@id\":\"https:\\\/\\\/eldigitaldeasturias.com\\\/radio\\\/#organization\",\"name\":\"El digital de Asturias Radio\",\"description\":\"Diario de informaci\\u00f3n y noticias\",\"url\":\"https:\\\/\\\/eldigitaldeasturias.com\\\/radio\\\/\",\"telephone\":\"+34652131393\",\"logo\":{\"@type\":\"ImageObject\",\"url\":\"https:\\\/\\\/www.eldigitaldeasturias.com\\\/radio\\\/wp-content\\\/uploads\\\/2021\\\/03\\\/EDA.jpg\",\"@id\":\"https:\\\/\\\/eldigitaldeasturias.com\\\/radio\\\/que-hacer-con-las-primeras-canas\\\/#organizationLogo\"},\"image\":{\"@id\":\"https:\\\/\\\/eldigitaldeasturias.com\\\/radio\\\/que-hacer-con-las-primeras-canas\\\/#organizationLogo\"},\"sameAs\":[\"https:\\\/\\\/www.facebook.com\\\/\",\"https:\\\/\\\/x.com\\\/bercodi\",\"https:\\\/\\\/www.instagram.com\\\/\",\"https:\\\/\\\/www.youtube.com\\\/channel\\\/UCZP-2wLEB9Rv6erhFmqVnvg\"]},{\"@type\":\"Person\",\"@id\":\"https:\\\/\\\/eldigitaldeasturias.com\\\/radio\\\/author\\\/nbasturias\\\/#author\",\"url\":\"https:\\\/\\\/eldigitaldeasturias.com\\\/radio\\\/author\\\/nbasturias\\\/\",\"name\":\"NBAsturias\",\"image\":{\"@type\":\"ImageObject\",\"@id\":\"https:\\\/\\\/eldigitaldeasturias.com\\\/radio\\\/que-hacer-con-las-primeras-canas\\\/#authorImage\",\"url\":\"https:\\\/\\\/secure.gravatar.com\\\/avatar\\\/df2aeffc32bcd13f8d26072ef8a91b623d677766deac7f97ca815868cd41bf5e?s=96&d=mm&r=g\",\"width\":96,\"height\":96,\"caption\":\"NBAsturias\"}},{\"@type\":\"WebPage\",\"@id\":\"https:\\\/\\\/eldigitaldeasturias.com\\\/radio\\\/que-hacer-con-las-primeras-canas\\\/#webpage\",\"url\":\"https:\\\/\\\/eldigitaldeasturias.com\\\/radio\\\/que-hacer-con-las-primeras-canas\\\/\",\"name\":\"\\u00bfQu\\u00e9 hacer con las primeras canas? | El Digital de Asturias\",\"description\":\"(dpa) - Tarde o temprano, aparecen las primeras canas. A algunos les llegan a mediados de los 20, a otros reci\\u00e9n a partir de los 40. Sea cuando sea\",\"inLanguage\":\"es-ES\",\"isPartOf\":{\"@id\":\"https:\\\/\\\/eldigitaldeasturias.com\\\/radio\\\/#website\"},\"breadcrumb\":{\"@id\":\"https:\\\/\\\/eldigitaldeasturias.com\\\/radio\\\/que-hacer-con-las-primeras-canas\\\/#breadcrumblist\"},\"author\":{\"@id\":\"https:\\\/\\\/eldigitaldeasturias.com\\\/radio\\\/author\\\/nbasturias\\\/#author\"},\"creator\":{\"@id\":\"https:\\\/\\\/eldigitaldeasturias.com\\\/radio\\\/author\\\/nbasturias\\\/#author\"},\"image\":{\"@type\":\"ImageObject\",\"url\":\"https:\\\/\\\/eldigitaldeasturias.com\\\/radio\\\/wp-content\\\/uploads\\\/2022\\\/08\\\/canas.jpg\",\"@id\":\"https:\\\/\\\/eldigitaldeasturias.com\\\/radio\\\/que-hacer-con-las-primeras-canas\\\/#mainImage\",\"width\":992,\"height\":674,\"caption\":\"El te\\u00f1ido de algunos mechones puede ser una buena medida de transici\\u00f3n ante la aparici\\u00f3n de las primeras canas. Foto: Magdalena Tr\\u00f6ndle\\\/dpa\"},\"primaryImageOfPage\":{\"@id\":\"https:\\\/\\\/eldigitaldeasturias.com\\\/radio\\\/que-hacer-con-las-primeras-canas\\\/#mainImage\"},\"datePublished\":\"2022-08-06T21:12:06+02:00\",\"dateModified\":\"2022-08-06T21:12:06+02:00\"},{\"@type\":\"WebSite\",\"@id\":\"https:\\\/\\\/eldigitaldeasturias.com\\\/radio\\\/#website\",\"url\":\"https:\\\/\\\/eldigitaldeasturias.com\\\/radio\\\/\",\"name\":\"El Digital de Asturias\",\"description\":\"Diario de informaci\\u00f3n y noticias\",\"inLanguage\":\"es-ES\",\"publisher\":{\"@id\":\"https:\\\/\\\/eldigitaldeasturias.com\\\/radio\\\/#organization\"}}]}\n\t\t<\/script>\n\t\t<!-- All in One SEO Pro -->\r\n\t\t<title>\u00bfQu\u00e9 hacer con las primeras canas? | El Digital de Asturias<\/title>\n\n","aioseo_head_json":{"title":"\u00bfQu\u00e9 hacer con las primeras canas? | El Digital de Asturias","description":"(dpa) - Tarde o temprano, aparecen las primeras canas. A algunos les llegan a mediados de los 20, a otros reci\u00e9n a partir de los 40. Sea cuando sea","canonical_url":"https:\/\/eldigitaldeasturias.com\/radio\/que-hacer-con-las-primeras-canas\/","robots":"max-image-preview:large","keywords":"live,titulares","webmasterTools":{"google-site-verification":"UA-38556648-1","miscellaneous":""},"schema":{"@context":"https:\/\/schema.org","@graph":[{"@type":"BreadcrumbList","@id":"https:\/\/eldigitaldeasturias.com\/radio\/que-hacer-con-las-primeras-canas\/#breadcrumblist","itemListElement":[{"@type":"ListItem","@id":"https:\/\/eldigitaldeasturias.com\/radio#listItem","position":1,"name":"Inicio","item":"https:\/\/eldigitaldeasturias.com\/radio","nextItem":{"@type":"ListItem","@id":"https:\/\/eldigitaldeasturias.com\/radio\/category\/titulares\/#listItem","name":"Titulares"}},{"@type":"ListItem","@id":"https:\/\/eldigitaldeasturias.com\/radio\/category\/titulares\/#listItem","position":2,"name":"Titulares","item":"https:\/\/eldigitaldeasturias.com\/radio\/category\/titulares\/","nextItem":{"@type":"ListItem","@id":"https:\/\/eldigitaldeasturias.com\/radio\/que-hacer-con-las-primeras-canas\/#listItem","name":"\u00bfQu\u00e9 hacer con las primeras canas?"},"previousItem":{"@type":"ListItem","@id":"https:\/\/eldigitaldeasturias.com\/radio#listItem","name":"Inicio"}},{"@type":"ListItem","@id":"https:\/\/eldigitaldeasturias.com\/radio\/que-hacer-con-las-primeras-canas\/#listItem","position":3,"name":"\u00bfQu\u00e9 hacer con las primeras canas?","previousItem":{"@type":"ListItem","@id":"https:\/\/eldigitaldeasturias.com\/radio\/category\/titulares\/#listItem","name":"Titulares"}}]},{"@type":"NewsArticle","@id":"https:\/\/eldigitaldeasturias.com\/radio\/que-hacer-con-las-primeras-canas\/#newsarticle","name":"\u00bfQu\u00e9 hacer con las primeras canas? | El Digital de Asturias","headline":"\u00bfQu\u00e9 hacer con las primeras canas?","author":{"@id":"https:\/\/eldigitaldeasturias.com\/radio\/author\/nbasturias\/#author"},"publisher":{"@id":"https:\/\/eldigitaldeasturias.com\/radio\/#organization"},"image":{"@type":"ImageObject","url":"https:\/\/eldigitaldeasturias.com\/radio\/wp-content\/uploads\/2022\/08\/canas.jpg","width":992,"height":674,"caption":"El te\u00f1ido de algunos mechones puede ser una buena medida de transici\u00f3n ante la aparici\u00f3n de las primeras canas. Foto: Magdalena Tr\u00f6ndle\/dpa"},"datePublished":"2022-08-06T21:12:06+02:00","dateModified":"2022-08-06T21:12:06+02:00","inLanguage":"es-ES","mainEntityOfPage":{"@id":"https:\/\/eldigitaldeasturias.com\/radio\/que-hacer-con-las-primeras-canas\/#webpage"},"isPartOf":{"@id":"https:\/\/eldigitaldeasturias.com\/radio\/que-hacer-con-las-primeras-canas\/#webpage"},"articleSection":"Live, Titulares, Sociedad","dateline":"Publicado el agosto 6, 2022."},{"@type":"Organization","@id":"https:\/\/eldigitaldeasturias.com\/radio\/#organization","name":"El digital de Asturias Radio","description":"Diario de informaci\u00f3n y noticias","url":"https:\/\/eldigitaldeasturias.com\/radio\/","telephone":"+34652131393","logo":{"@type":"ImageObject","url":"https:\/\/www.eldigitaldeasturias.com\/radio\/wp-content\/uploads\/2021\/03\/EDA.jpg","@id":"https:\/\/eldigitaldeasturias.com\/radio\/que-hacer-con-las-primeras-canas\/#organizationLogo"},"image":{"@id":"https:\/\/eldigitaldeasturias.com\/radio\/que-hacer-con-las-primeras-canas\/#organizationLogo"},"sameAs":["https:\/\/www.facebook.com\/","https:\/\/x.com\/bercodi","https:\/\/www.instagram.com\/","https:\/\/www.youtube.com\/channel\/UCZP-2wLEB9Rv6erhFmqVnvg"]},{"@type":"Person","@id":"https:\/\/eldigitaldeasturias.com\/radio\/author\/nbasturias\/#author","url":"https:\/\/eldigitaldeasturias.com\/radio\/author\/nbasturias\/","name":"NBAsturias","image":{"@type":"ImageObject","@id":"https:\/\/eldigitaldeasturias.com\/radio\/que-hacer-con-las-primeras-canas\/#authorImage","url":"https:\/\/secure.gravatar.com\/avatar\/df2aeffc32bcd13f8d26072ef8a91b623d677766deac7f97ca815868cd41bf5e?s=96&d=mm&r=g","width":96,"height":96,"caption":"NBAsturias"}},{"@type":"WebPage","@id":"https:\/\/eldigitaldeasturias.com\/radio\/que-hacer-con-las-primeras-canas\/#webpage","url":"https:\/\/eldigitaldeasturias.com\/radio\/que-hacer-con-las-primeras-canas\/","name":"\u00bfQu\u00e9 hacer con las primeras canas? | El Digital de Asturias","description":"(dpa) - Tarde o temprano, aparecen las primeras canas. A algunos les llegan a mediados de los 20, a otros reci\u00e9n a partir de los 40. Sea cuando sea","inLanguage":"es-ES","isPartOf":{"@id":"https:\/\/eldigitaldeasturias.com\/radio\/#website"},"breadcrumb":{"@id":"https:\/\/eldigitaldeasturias.com\/radio\/que-hacer-con-las-primeras-canas\/#breadcrumblist"},"author":{"@id":"https:\/\/eldigitaldeasturias.com\/radio\/author\/nbasturias\/#author"},"creator":{"@id":"https:\/\/eldigitaldeasturias.com\/radio\/author\/nbasturias\/#author"},"image":{"@type":"ImageObject","url":"https:\/\/eldigitaldeasturias.com\/radio\/wp-content\/uploads\/2022\/08\/canas.jpg","@id":"https:\/\/eldigitaldeasturias.com\/radio\/que-hacer-con-las-primeras-canas\/#mainImage","width":992,"height":674,"caption":"El te\u00f1ido de algunos mechones puede ser una buena medida de transici\u00f3n ante la aparici\u00f3n de las primeras canas. Foto: Magdalena Tr\u00f6ndle\/dpa"},"primaryImageOfPage":{"@id":"https:\/\/eldigitaldeasturias.com\/radio\/que-hacer-con-las-primeras-canas\/#mainImage"},"datePublished":"2022-08-06T21:12:06+02:00","dateModified":"2022-08-06T21:12:06+02:00"},{"@type":"WebSite","@id":"https:\/\/eldigitaldeasturias.com\/radio\/#website","url":"https:\/\/eldigitaldeasturias.com\/radio\/","name":"El Digital de Asturias","description":"Diario de informaci\u00f3n y noticias","inLanguage":"es-ES","publisher":{"@id":"https:\/\/eldigitaldeasturias.com\/radio\/#organization"}}]},"og:locale":"es_ES","og:site_name":"El Digital de Asturias | Diario de informaci\u00f3n y noticias","og:type":"article","og:title":"\u00bfQu\u00e9 hacer con las primeras canas? | El Digital de Asturias","og:description":"(dpa) - Tarde o temprano, aparecen las primeras canas. A algunos les llegan a mediados de los 20, a otros reci\u00e9n a partir de los 40. Sea cuando sea","og:url":"https:\/\/eldigitaldeasturias.com\/radio\/que-hacer-con-las-primeras-canas\/","og:image":"https:\/\/eldigitaldeasturias.com\/radio\/wp-content\/uploads\/2022\/08\/canas.jpg","og:image:secure_url":"https:\/\/eldigitaldeasturias.com\/radio\/wp-content\/uploads\/2022\/08\/canas.jpg","og:image:width":992,"og:image:height":674,"article:published_time":"2022-08-06T19:12:06+00:00","article:modified_time":"2022-08-06T19:12:06+00:00","twitter:card":"summary_large_image","twitter:site":"@bercodi","twitter:title":"\u00bfQu\u00e9 hacer con las primeras canas? | El Digital de Asturias","twitter:description":"(dpa) - Tarde o temprano, aparecen las primeras canas. A algunos les llegan a mediados de los 20, a otros reci\u00e9n a partir de los 40. Sea cuando sea","twitter:creator":"@bercodi","twitter:image":"https:\/\/eldigitaldeasturias.com\/radio\/wp-content\/uploads\/2022\/08\/canas.jpg"},"aioseo_meta_data":{"post_id":"7155","title":null,"description":"(dpa) - Tarde o temprano, aparecen las primeras canas. A algunos les llegan a mediados de los 20, a otros reci\u00e9n a partir de los 40. Sea cuando sea","keywords":[],"keyphrases":{"focus":{"keyphrase":"canas","score":93,"analysis":{"keyphraseInTitle":{"title":"Focus keyphrase in SEO title","description":"Focus keyphrase found in SEO title.","score":9,"maxScore":9,"error":0},"keyphraseInDescription":{"title":"Focus keyphrase in meta description","description":"Focus keyphrase found in meta description.","score":9,"maxScore":9,"error":0},"keyphraseLength":{"title":"Focus keyphrase length","description":"Good job!","score":9,"maxScore":9,"error":0,"length":1},"keyphraseInURL":{"title":"Focus keyphrase in URL","description":"Focus keyphrase not found in the URL.","score":1,"maxScore":5,"error":1},"keyphraseInIntroduction":{"title":"Focus keyphrase in introduction","description":"Your Focus keyphrase appears in the first paragraph. Well done!","score":9,"maxScore":9,"error":0},"keyphraseInSubHeadings":{"title":"Focus keyphrase in Subheadings","description":"Your H2 and H3 subheadings reflects the topic of your copy. Good job!","score":9,"maxScore":9,"error":0},"keyphraseInImageAlt":{"title":"Focus keyphrase in image alt attributes","description":"Focus keyphrase found in image alt attribute(s).","score":9,"maxScore":9,"error":0}}},"additional":[{"keyphrase":"primeras canas","score":83,"analysis":{"keyphraseInDescription":{"title":"Keyphrase in meta description","description":"Keyphrase found in meta description.","score":9,"maxScore":9,"error":0},"keyphraseLength":{"title":"Keyphrase length","description":"Good job!","score":9,"maxScore":9,"error":0,"length":2},"keyphraseInIntroduction":{"title":"Keyphrase in introduction","description":"Your Keyphrase appears in the first paragraph. Well done!","score":9,"maxScore":9,"error":0},"keyphraseInImageAlt":{"title":"Keyphrase in image alt attributes","description":"Keyphrase not found in image alt attribute(s). Add an image with your Keyphrase as alt text.","score":3,"maxScore":9,"error":1}}}]},"primary_term":null,"canonical_url":null,"og_title":null,"og_description":null,"og_object_type":"default","og_image_type":"default","og_image_url":null,"og_image_width":null,"og_image_height":null,"og_image_custom_url":null,"og_image_custom_fields":null,"og_video":"","og_custom_url":null,"og_article_section":null,"og_article_tags":[],"twitter_use_og":false,"twitter_card":"default","twitter_image_type":"default","twitter_image_url":null,"twitter_image_custom_url":null,"twitter_image_custom_fields":null,"twitter_title":null,"twitter_description":null,"schema":{"blockGraphs":[],"customGraphs":[],"default":{"data":{"Article":[],"Course":[],"Dataset":[],"FAQPage":[],"Movie":[],"Person":[],"Product":[],"ProductReview":[],"Car":[],"Recipe":[],"Service":[],"SoftwareApplication":[],"WebPage":[]},"graphName":"","isEnabled":true},"graphs":[],"defaultGraph":"Article","defaultPostTypeGraph":""},"schema_type":"default","schema_type_options":"{\"article\":{\"articleType\":\"BlogPosting\"},\"course\":{\"name\":\"\",\"description\":\"\",\"provider\":\"\"},\"faq\":{\"pages\":[]},\"product\":{\"reviews\":[]},\"recipe\":{\"ingredients\":[],\"instructions\":[],\"keywords\":[]},\"software\":{\"reviews\":[],\"operatingSystems\":[]},\"webPage\":{\"webPageType\":\"WebPage\"},\"blockGraphs\":[]}","pillar_content":false,"robots_default":true,"robots_noindex":false,"robots_noarchive":false,"robots_nosnippet":false,"robots_nofollow":false,"robots_noimageindex":false,"robots_noodp":false,"robots_notranslate":false,"robots_max_snippet":"-1","robots_max_videopreview":"-1","robots_max_imagepreview":"large","priority":null,"frequency":"default","location":null,"local_seo":null,"seo_analyzer_scan_date":"2025-08-28 20:24:26","breadcrumb_settings":null,"limit_modified_date":false,"open_ai":null,"ai":null,"created":"2022-08-06 19:07:54","updated":"2025-08-28 20:24:26"},"aioseo_breadcrumb":"<div class=\"aioseo-breadcrumbs\"><span class=\"aioseo-breadcrumb\">\n\t<a href=\"https:\/\/eldigitaldeasturias.com\/radio\" title=\"Inicio\">Inicio<\/a>\n<\/span><span class=\"aioseo-breadcrumb-separator\">&ndash;<\/span><span class=\"aioseo-breadcrumb\">\n\t<a href=\"https:\/\/eldigitaldeasturias.com\/radio\/category\/titulares\/\" title=\"Titulares\">Titulares<\/a>\n<\/span><span class=\"aioseo-breadcrumb-separator\">&ndash;<\/span><span class=\"aioseo-breadcrumb\">\n\t\u00bfQu\u00e9 hacer con las primeras canas?\n<\/span><\/div>","aioseo_breadcrumb_json":[{"label":"Inicio","link":"https:\/\/eldigitaldeasturias.com\/radio"},{"label":"Titulares","link":"https:\/\/eldigitaldeasturias.com\/radio\/category\/titulares\/"},{"label":"\u00bfQu\u00e9 hacer con las primeras canas?","link":"https:\/\/eldigitaldeasturias.com\/radio\/que-hacer-con-las-primeras-canas\/"}],"_links":{"self":[{"href":"https:\/\/eldigitaldeasturias.com\/radio\/wp-json\/wp\/v2\/posts\/7155","targetHints":{"allow":["GET"]}}],"collection":[{"href":"https:\/\/eldigitaldeasturias.com\/radio\/wp-json\/wp\/v2\/posts"}],"about":[{"href":"https:\/\/eldigitaldeasturias.com\/radio\/wp-json\/wp\/v2\/types\/post"}],"author":[{"embeddable":true,"href":"https:\/\/eldigitaldeasturias.com\/radio\/wp-json\/wp\/v2\/users\/1"}],"replies":[{"embeddable":true,"href":"https:\/\/eldigitaldeasturias.com\/radio\/wp-json\/wp\/v2\/comments?post=7155"}],"version-history":[{"count":0,"href":"https:\/\/eldigitaldeasturias.com\/radio\/wp-json\/wp\/v2\/posts\/7155\/revisions"}],"wp:featuredmedia":[{"embeddable":true,"href":"https:\/\/eldigitaldeasturias.com\/radio\/wp-json\/wp\/v2\/media\/7156"}],"wp:attachment":[{"href":"https:\/\/eldigitaldeasturias.com\/radio\/wp-json\/wp\/v2\/media?parent=7155"}],"wp:term":[{"taxonomy":"category","embeddable":true,"href":"https:\/\/eldigitaldeasturias.com\/radio\/wp-json\/wp\/v2\/categories?post=7155"},{"taxonomy":"post_tag","embeddable":true,"href":"https:\/\/eldigitaldeasturias.com\/radio\/wp-json\/wp\/v2\/tags?post=7155"}],"curies":[{"name":"wp","href":"https:\/\/api.w.org\/{rel}","templated":true}]}}