{"id":7151,"date":"2022-08-06T07:58:07","date_gmt":"2022-08-06T05:58:07","guid":{"rendered":"https:\/\/eldigitaldeasturias.com\/radio\/?p=7151"},"modified":"2022-08-06T07:58:07","modified_gmt":"2022-08-06T05:58:07","slug":"zanzibar-la-isla-sonada","status":"publish","type":"post","link":"https:\/\/eldigitaldeasturias.com\/radio\/zanzibar-la-isla-sonada\/","title":{"rendered":"Zanz\u00edbar: La isla so\u00f1ada"},"content":{"rendered":"<p>(dpa) &#8211; Vestido con un traje amarillo, el violinista Buja Ali brinda un alegre concierto bajo un \u00e1rbol de mango para un grupo de unas 20 personas que est\u00e1 haciendo un p\u00edcnic. Vienen de Alemania, Polonia, Estados Unidos y de la capital, Ciudad de Zanz\u00edbar, que se encuentra a pocos minutos en coche. Algunos de ellos viven aqu\u00ed, la mayor\u00eda est\u00e1 de vacaciones. En medio de la pandemia de coronavirus.<\/p>\n<figure id=\"attachment_7152\" aria-describedby=\"caption-attachment-7152\" style=\"width: 650px\" class=\"wp-caption aligncenter\"><img fetchpriority=\"high\" decoding=\"async\" class=\"wp-image-7152\" src=\"https:\/\/eldigitaldeasturias.com\/radio\/wp-content\/uploads\/2022\/08\/Zanzibar-360x243.jpg\" alt=\"Zanz\u00edbar\" width=\"650\" height=\"438\" srcset=\"https:\/\/eldigitaldeasturias.com\/radio\/wp-content\/uploads\/2022\/08\/Zanzibar-360x243.jpg 360w, https:\/\/eldigitaldeasturias.com\/radio\/wp-content\/uploads\/2022\/08\/Zanzibar-768x518.jpg 768w, https:\/\/eldigitaldeasturias.com\/radio\/wp-content\/uploads\/2022\/08\/Zanzibar-150x101.jpg 150w, https:\/\/eldigitaldeasturias.com\/radio\/wp-content\/uploads\/2022\/08\/Zanzibar-450x303.jpg 450w, https:\/\/eldigitaldeasturias.com\/radio\/wp-content\/uploads\/2022\/08\/Zanzibar.jpg 995w\" sizes=\"(max-width: 650px) 100vw, 650px\" \/><figcaption id=\"caption-attachment-7152\" class=\"wp-caption-text\">Dos hermanos alemanes est\u00e1n construyendo una colonia tur\u00edstica ecol\u00f3gica llamada Fumba Town en Zanz\u00edbar, con apartamentos a partir de poco m\u00e1s de 20.000 euros. Foto: Keegan Checks\/Tapperpress\/dpa<\/figcaption><\/figure>\n<p>Mwatima Juma dirige la granja que recibe hoy a este variado grupo de hu\u00e9spedes. Coloca sobre esterillas de rafia y pal\u00e9s bonitamente decorados un bufet con especialidades swahili t\u00edpicas del lugar, desde bananas con salsa de coco hasta curry de pollo, todo con ingredientes de la misma granja.<\/p>\n<p>Juma, de 54 a\u00f1os, tiene un doctorado en agroeconom\u00eda y es considerada un ejemplo para muchos. Entre otras cosas, organiza en la isla tur\u00edstica de Zanz\u00edbar, que forma parte de Tanzania, el reparto de una caja con frutas y verduras org\u00e1nicas para hogares y hoteles.<\/p>\n<p>Adem\u00e1s, es la madre del nuevo y joven ministro de Econom\u00eda, Mudrick R. Soraga, quien quiere promover mediante alivios impositivos y visas para residentes la compra de casas de veraneo en Zanz\u00edbar.<\/p>\n<p>Dos hermanos alemanes, Sebastian y Tobias Dietzold, que se criaron como hijos de un misionero en \u00c1frica tras la ca\u00edda del Muro de Berl\u00edn, est\u00e1n construyendo una ciudad ecol\u00f3gica llamada Fumba Town cerca de la capital de la isla. En vez de asfalto hay empedrado para que el agua de la lluvia se cuele hasta el suelo. Y la idea es que el 94 por ciento de la basura pueda ser reciclada.<\/p>\n<p>Otro proyecto de los Dietzold consiste en construir en la costa este y de forma ecol\u00f3gica modernos apartamentos tur\u00edsticos en madera, ubicados alrededor de una laguna artificial, que incluyen \u00e1mbitos de coworking en azoteas con mucha sombra para que puedan hospedarse y trabajar all\u00ed n\u00f3madas globales.<\/p>\n<h2>C\u00f3mo se manej\u00f3 Zanz\u00edbar con el coronavirus<\/h2>\n<p>La isla en el Oc\u00e9ano \u00cdndico sorte\u00f3 las primeras olas de coronavirus con mucha valent\u00eda. Entre enero y marzo de 2021 pasaron all\u00ed sus vacaciones 142.263 turistas, seg\u00fan las estad\u00edsticas de ingresos, m\u00e1s que nunca antes. La mayor\u00eda lleg\u00f3 sin test previos con vuelos especiales desde Rusia y otros pa\u00edses del este de Europa.<\/p>\n<p>Luego murieron el vicepresidente de Zanz\u00edbar y el presidente de Tanzania, John Magufuli. El uno con toda seguridad y el otro presumiblemente de covid-19. La actual jefa de Gobierno, Samia Suluhu Hassan, emprendi\u00f3 finalmente un cambio de rumbo con respecto a la pandemia. Las reglas para ingresar al pa\u00eds cambiaron desde la regi\u00f3n del Serengueti hasta Zanz\u00edbar. Quien quiera ingresar ahora al pa\u00eds debe presentar un test de PCR negativo.<\/p>\n<p>Mucho se normaliz\u00f3 en Zanz\u00edbar y la isla ya no es una excepci\u00f3n. Sin embargo, las normas siguen siendo muy relajadas: en el segundo verano en pandemia del pa\u00eds africano sigue sin usarse mascarilla en la mayor\u00eda de los lugares. Muchos hoteleros dicen no tener ya ning\u00fan lugar libre.<\/p>\n<p>Con temperaturas tropicales de unos 30 grados, casi todo sucede al aire libre, desde las salidas de p\u00edcnic hasta la vida nocturna, desde pasear por el casco antiguo de la ciudad hasta los paseos por las granjas que cultivan especias.<\/p>\n<h2>Clubs de moda en las alturas<\/h2>\n<p>Zanz\u00edbar es distinta a las otras islas, m\u00e1s lujosas, en el Oc\u00e9ano \u00cdndico, como las Maldivas, Seychelles y Mauricio. Aqu\u00ed se disfruta de los placeres simples. Se puede comprar jabones caseros de zostera en tiendas de souvenires, escuchar m\u00fasica en vivo en clubes de playa o tomar un vino fresco admirando la puesta del sol desde la azotea de palacios comerciales ar\u00e1bigo-\u00edndicos.<\/p>\n<p>Las terrazas quiz\u00e1 m\u00e1s bonitas de este tipo pertenecen al grupo Emerson, que cuenta con dos hoteles boutique y restaurantes en la ciudad vieja, con tapicer\u00eda de terciopelo rojo, men\u00faes tradicionales y m\u00fasica taarab. Ninguno de sus 70 empleados fue despedido durante la pandemia. Escaleras de madera de 120 a\u00f1os de antig\u00fcedad conducen hacia vistas inigualables de la ciudad.<\/p>\n<p>El hotel \u00abUpendo House\u00bb, en cambio, es un puente radical hacia lo moderno. J\u00f3venes turistas de todo el mundo se re\u00fanen cuando comienza a caer el sol alrededor de su incre\u00edble piscina en el quinto piso, que se funde con el horizonte.<\/p>\n<h2>Un Premio Nobel para Zanz\u00edbar<\/h2>\n<p>Durante 200 a\u00f1os, Zanz\u00edbar form\u00f3 parte del sultanato de Om\u00e1n, hasta que en 1964, en un sangriento golpe, fue unificada con Tanganica en Tanzania. Poco antes, el pa\u00eds se hab\u00eda independizado del Reino Unido.<\/p>\n<p>El Premio Nobel de Literatura de 2021, Abdulrazak Gurnah, es hijo de esta isla. Dirigi\u00f3 cada vez m\u00e1s la atenci\u00f3n hacia el pasado colonial y postcolonial de su pa\u00eds. Sin embargo, a\u00fan no es posible encontrar los conmovedores libros del autor, que huy\u00f3 a Inglaterra en 1968, en los escaparates del casco antiguo.<\/p>\n<h2>Un turismo que se expande a pesar de la pandemia<\/h2>\n<p>Zanz\u00edbar debe ser uno de los \u00fanicos destinos tur\u00edsticos del mundo que abri\u00f3 una decena de nuevos hoteles y alberg\u00f3 eventos inusuales gracias a la pandemia. El festival rumano de m\u00fasica electr\u00f3nica Sunwave, por ejemplo, fue trasladado por completo de Bucarest a Zanz\u00edbar en junio de 2021.<\/p>\n<p>El que probablemente sea el mejor hotel de la isla, la casa cinco estrellas \u00abZuri Hotel &amp; Spa\u00bb, construido por un empresario de Praga, se mantuvo a flote con turistas que llegaban directamente en jets privados. La empresa tur\u00edstica alemana TUI est\u00e1 aumentando su oferta en Zanz\u00edbar con el complejo hotelero \u00abTUI Blue Bahari\u00bb y un hotel de la empresa espa\u00f1ola Riu que est\u00e1 siendo ampliado.<\/p>\n<p>Sin embargo, la misma isla de las especias a\u00fan no sabe bien hacia d\u00f3nde quiere dirigirse en el futuro. El ministro de Econom\u00eda de Zanz\u00edbar apuesta al lujo ecol\u00f3gico y ofrece actualmente el arrendamiento de nueve de las 50 islas del archipi\u00e9lago.<\/p>\n<p>A Massoud Salim, esto le preocupa poco: este networker acaba de abrir un restaurante, el Archipelago Waterfront, en la playa Stone Town de la ciudad. Con el decorado que conforman palacios y mezquitas de fondo, locales y turistas se re\u00fanen all\u00ed para tomar el tradicional caf\u00e9 especiado.<\/p>\n<p>Con pioneros como este, el futuro de Zanz\u00edbar como destino tur\u00edstico con alojamientos de distintos precios podr\u00eda recorrer a\u00fan un largo camino, a pesar de la pandemia.<\/p>\n<h2>Informaci\u00f3n: Zanz\u00edbar<\/h2>\n<p>C\u00f3mo llegar: Es posible tomar vuelos de Turkish Airlines desde Estambul o Qatar Airways desde Doha. Tambi\u00e9n hay vuelos ch\u00e1rter directos desde Fr\u00e1ncfort y Z\u00farich.<\/p>\n<p>Condiciones de ingreso y pandemia: Tanzania es considerada una zona de alto riesgo por pa\u00edses como Alemania. Veinticuatro horas antes de entrar al pa\u00eds hay que rellenar un formulario sanitario. Adem\u00e1s se pide antes del vuelo un test de PCR negativo que no puede tener m\u00e1s de 96 horas de antig\u00fcedad.<\/p>\n<p><i class=\"lang-es\"><span class=\" readonly\" title=\"\">Por Andrea Tapper (dpa)<\/span><\/i><\/p>\n","protected":false},"excerpt":{"rendered":"<p>(dpa) &#8211; Vestido con un traje amarillo, el violinista Buja Ali brinda un alegre concierto bajo un \u00e1rbol de mango para un grupo de unas 20 personas que est\u00e1 haciendo un p\u00edcnic. Vienen de Alemania, Polonia, Estados Unidos y de la capital, Ciudad de Zanz\u00edbar, que se encuentra a pocos minutos en coche. Algunos de<\/p>\n","protected":false},"author":1,"featured_media":7152,"comment_status":"closed","ping_status":"closed","sticky":false,"template":"","format":"standard","meta":{"footnotes":""},"categories":[34],"tags":[9],"class_list":{"0":"post-7151","1":"post","2":"type-post","3":"status-publish","4":"format-standard","5":"has-post-thumbnail","7":"category-turismo","8":"tag-turismo"},"aioseo_notices":[],"aioseo_head":"\n\t\t<!-- All in One SEO Pro 4.9.6.2 - aioseo.com -->\n\t<meta name=\"description\" content=\"(dpa) - Vestido con un traje amarillo, el violinista Buja Ali brinda un alegre concierto bajo un \u00e1rbol de mango para un grupo de unas 20 personas\" \/>\n\t<meta name=\"robots\" content=\"max-image-preview:large\" \/>\n\t<meta name=\"author\" content=\"NBAsturias\"\/>\n\t<meta name=\"google-site-verification\" content=\"UA-38556648-1\" \/>\n\t<meta name=\"keywords\" content=\"turismo\" \/>\n\t<link rel=\"canonical\" href=\"https:\/\/eldigitaldeasturias.com\/radio\/zanzibar-la-isla-sonada\/\" \/>\n\t<meta name=\"generator\" content=\"All in One SEO Pro (AIOSEO) 4.9.6.2\" \/>\n\t\t<meta property=\"og:locale\" content=\"es_ES\" \/>\n\t\t<meta property=\"og:site_name\" content=\"El Digital de Asturias | Diario de informaci\u00f3n y noticias\" \/>\n\t\t<meta property=\"og:type\" content=\"article\" \/>\n\t\t<meta property=\"og:title\" content=\"Zanz\u00edbar: La isla so\u00f1ada | El Digital de Asturias\" \/>\n\t\t<meta property=\"og:description\" content=\"(dpa) - Vestido con un traje amarillo, el violinista Buja Ali brinda un alegre concierto bajo un \u00e1rbol de mango para un grupo de unas 20 personas\" \/>\n\t\t<meta property=\"og:url\" content=\"https:\/\/eldigitaldeasturias.com\/radio\/zanzibar-la-isla-sonada\/\" \/>\n\t\t<meta property=\"og:image\" content=\"https:\/\/eldigitaldeasturias.com\/radio\/wp-content\/uploads\/2022\/08\/Zanzibar.jpg\" \/>\n\t\t<meta property=\"og:image:secure_url\" content=\"https:\/\/eldigitaldeasturias.com\/radio\/wp-content\/uploads\/2022\/08\/Zanzibar.jpg\" \/>\n\t\t<meta property=\"og:image:width\" content=\"995\" \/>\n\t\t<meta property=\"og:image:height\" content=\"671\" \/>\n\t\t<meta property=\"article:published_time\" content=\"2022-08-06T05:58:07+00:00\" \/>\n\t\t<meta property=\"article:modified_time\" content=\"2022-08-06T05:58:07+00:00\" \/>\n\t\t<meta name=\"twitter:card\" content=\"summary_large_image\" \/>\n\t\t<meta name=\"twitter:site\" content=\"@bercodi\" \/>\n\t\t<meta name=\"twitter:title\" content=\"Zanz\u00edbar: La isla so\u00f1ada | El Digital de Asturias\" \/>\n\t\t<meta name=\"twitter:description\" content=\"(dpa) - Vestido con un traje amarillo, el violinista Buja Ali brinda un alegre concierto bajo un \u00e1rbol de mango para un grupo de unas 20 personas\" \/>\n\t\t<meta name=\"twitter:creator\" content=\"@bercodi\" \/>\n\t\t<meta name=\"twitter:image\" content=\"https:\/\/eldigitaldeasturias.com\/radio\/wp-content\/uploads\/2022\/08\/Zanzibar.jpg\" \/>\n\t\t<script type=\"application\/ld+json\" class=\"aioseo-schema\">\n\t\t\t{\"@context\":\"https:\\\/\\\/schema.org\",\"@graph\":[{\"@type\":\"BreadcrumbList\",\"@id\":\"https:\\\/\\\/eldigitaldeasturias.com\\\/radio\\\/zanzibar-la-isla-sonada\\\/#breadcrumblist\",\"itemListElement\":[{\"@type\":\"ListItem\",\"@id\":\"https:\\\/\\\/eldigitaldeasturias.com\\\/radio#listItem\",\"position\":1,\"name\":\"Inicio\",\"item\":\"https:\\\/\\\/eldigitaldeasturias.com\\\/radio\",\"nextItem\":{\"@type\":\"ListItem\",\"@id\":\"https:\\\/\\\/eldigitaldeasturias.com\\\/radio\\\/category\\\/turismo\\\/#listItem\",\"name\":\"Turismo\"}},{\"@type\":\"ListItem\",\"@id\":\"https:\\\/\\\/eldigitaldeasturias.com\\\/radio\\\/category\\\/turismo\\\/#listItem\",\"position\":2,\"name\":\"Turismo\",\"item\":\"https:\\\/\\\/eldigitaldeasturias.com\\\/radio\\\/category\\\/turismo\\\/\",\"nextItem\":{\"@type\":\"ListItem\",\"@id\":\"https:\\\/\\\/eldigitaldeasturias.com\\\/radio\\\/zanzibar-la-isla-sonada\\\/#listItem\",\"name\":\"Zanz\\u00edbar: La isla so\\u00f1ada\"},\"previousItem\":{\"@type\":\"ListItem\",\"@id\":\"https:\\\/\\\/eldigitaldeasturias.com\\\/radio#listItem\",\"name\":\"Inicio\"}},{\"@type\":\"ListItem\",\"@id\":\"https:\\\/\\\/eldigitaldeasturias.com\\\/radio\\\/zanzibar-la-isla-sonada\\\/#listItem\",\"position\":3,\"name\":\"Zanz\\u00edbar: La isla so\\u00f1ada\",\"previousItem\":{\"@type\":\"ListItem\",\"@id\":\"https:\\\/\\\/eldigitaldeasturias.com\\\/radio\\\/category\\\/turismo\\\/#listItem\",\"name\":\"Turismo\"}}]},{\"@type\":\"NewsArticle\",\"@id\":\"https:\\\/\\\/eldigitaldeasturias.com\\\/radio\\\/zanzibar-la-isla-sonada\\\/#newsarticle\",\"name\":\"Zanz\\u00edbar: La isla so\\u00f1ada | El Digital de Asturias\",\"headline\":\"Zanz\\u00edbar: La isla so\\u00f1ada\",\"author\":{\"@id\":\"https:\\\/\\\/eldigitaldeasturias.com\\\/radio\\\/author\\\/nbasturias\\\/#author\"},\"publisher\":{\"@id\":\"https:\\\/\\\/eldigitaldeasturias.com\\\/radio\\\/#organization\"},\"image\":{\"@type\":\"ImageObject\",\"url\":\"https:\\\/\\\/eldigitaldeasturias.com\\\/radio\\\/wp-content\\\/uploads\\\/2022\\\/08\\\/Zanzibar.jpg\",\"width\":995,\"height\":671,\"caption\":\"Dos hermanos alemanes est\\u00e1n construyendo una colonia tur\\u00edstica ecol\\u00f3gica llamada Fumba Town en Zanz\\u00edbar, con apartamentos a partir de poco m\\u00e1s de 20.000 euros. Foto: Keegan Checks\\\/Tapperpress\\\/dpa\"},\"datePublished\":\"2022-08-06T07:58:07+02:00\",\"dateModified\":\"2022-08-06T07:58:07+02:00\",\"inLanguage\":\"es-ES\",\"mainEntityOfPage\":{\"@id\":\"https:\\\/\\\/eldigitaldeasturias.com\\\/radio\\\/zanzibar-la-isla-sonada\\\/#webpage\"},\"isPartOf\":{\"@id\":\"https:\\\/\\\/eldigitaldeasturias.com\\\/radio\\\/zanzibar-la-isla-sonada\\\/#webpage\"},\"articleSection\":\"Turismo, turismo\",\"dateline\":\"Publicado el agosto 6, 2022.\"},{\"@type\":\"Organization\",\"@id\":\"https:\\\/\\\/eldigitaldeasturias.com\\\/radio\\\/#organization\",\"name\":\"El digital de Asturias Radio\",\"description\":\"Diario de informaci\\u00f3n y noticias\",\"url\":\"https:\\\/\\\/eldigitaldeasturias.com\\\/radio\\\/\",\"telephone\":\"+34652131393\",\"logo\":{\"@type\":\"ImageObject\",\"url\":\"https:\\\/\\\/www.eldigitaldeasturias.com\\\/radio\\\/wp-content\\\/uploads\\\/2021\\\/03\\\/EDA.jpg\",\"@id\":\"https:\\\/\\\/eldigitaldeasturias.com\\\/radio\\\/zanzibar-la-isla-sonada\\\/#organizationLogo\"},\"image\":{\"@id\":\"https:\\\/\\\/eldigitaldeasturias.com\\\/radio\\\/zanzibar-la-isla-sonada\\\/#organizationLogo\"},\"sameAs\":[\"https:\\\/\\\/www.facebook.com\\\/\",\"https:\\\/\\\/x.com\\\/bercodi\",\"https:\\\/\\\/www.instagram.com\\\/\",\"https:\\\/\\\/www.youtube.com\\\/channel\\\/UCZP-2wLEB9Rv6erhFmqVnvg\"]},{\"@type\":\"Person\",\"@id\":\"https:\\\/\\\/eldigitaldeasturias.com\\\/radio\\\/author\\\/nbasturias\\\/#author\",\"url\":\"https:\\\/\\\/eldigitaldeasturias.com\\\/radio\\\/author\\\/nbasturias\\\/\",\"name\":\"NBAsturias\",\"image\":{\"@type\":\"ImageObject\",\"@id\":\"https:\\\/\\\/eldigitaldeasturias.com\\\/radio\\\/zanzibar-la-isla-sonada\\\/#authorImage\",\"url\":\"https:\\\/\\\/secure.gravatar.com\\\/avatar\\\/df2aeffc32bcd13f8d26072ef8a91b623d677766deac7f97ca815868cd41bf5e?s=96&d=mm&r=g\",\"width\":96,\"height\":96,\"caption\":\"NBAsturias\"}},{\"@type\":\"WebPage\",\"@id\":\"https:\\\/\\\/eldigitaldeasturias.com\\\/radio\\\/zanzibar-la-isla-sonada\\\/#webpage\",\"url\":\"https:\\\/\\\/eldigitaldeasturias.com\\\/radio\\\/zanzibar-la-isla-sonada\\\/\",\"name\":\"Zanz\\u00edbar: La isla so\\u00f1ada | El Digital de Asturias\",\"description\":\"(dpa) - Vestido con un traje amarillo, el violinista Buja Ali brinda un alegre concierto bajo un \\u00e1rbol de mango para un grupo de unas 20 personas\",\"inLanguage\":\"es-ES\",\"isPartOf\":{\"@id\":\"https:\\\/\\\/eldigitaldeasturias.com\\\/radio\\\/#website\"},\"breadcrumb\":{\"@id\":\"https:\\\/\\\/eldigitaldeasturias.com\\\/radio\\\/zanzibar-la-isla-sonada\\\/#breadcrumblist\"},\"author\":{\"@id\":\"https:\\\/\\\/eldigitaldeasturias.com\\\/radio\\\/author\\\/nbasturias\\\/#author\"},\"creator\":{\"@id\":\"https:\\\/\\\/eldigitaldeasturias.com\\\/radio\\\/author\\\/nbasturias\\\/#author\"},\"image\":{\"@type\":\"ImageObject\",\"url\":\"https:\\\/\\\/eldigitaldeasturias.com\\\/radio\\\/wp-content\\\/uploads\\\/2022\\\/08\\\/Zanzibar.jpg\",\"@id\":\"https:\\\/\\\/eldigitaldeasturias.com\\\/radio\\\/zanzibar-la-isla-sonada\\\/#mainImage\",\"width\":995,\"height\":671,\"caption\":\"Dos hermanos alemanes est\\u00e1n construyendo una colonia tur\\u00edstica ecol\\u00f3gica llamada Fumba Town en Zanz\\u00edbar, con apartamentos a partir de poco m\\u00e1s de 20.000 euros. Foto: Keegan Checks\\\/Tapperpress\\\/dpa\"},\"primaryImageOfPage\":{\"@id\":\"https:\\\/\\\/eldigitaldeasturias.com\\\/radio\\\/zanzibar-la-isla-sonada\\\/#mainImage\"},\"datePublished\":\"2022-08-06T07:58:07+02:00\",\"dateModified\":\"2022-08-06T07:58:07+02:00\"},{\"@type\":\"WebSite\",\"@id\":\"https:\\\/\\\/eldigitaldeasturias.com\\\/radio\\\/#website\",\"url\":\"https:\\\/\\\/eldigitaldeasturias.com\\\/radio\\\/\",\"name\":\"El Digital de Asturias\",\"description\":\"Diario de informaci\\u00f3n y noticias\",\"inLanguage\":\"es-ES\",\"publisher\":{\"@id\":\"https:\\\/\\\/eldigitaldeasturias.com\\\/radio\\\/#organization\"}}]}\n\t\t<\/script>\n\t\t<!-- All in One SEO Pro -->\r\n\t\t<title>Zanz\u00edbar: La isla so\u00f1ada | El Digital de Asturias<\/title>\n\n","aioseo_head_json":{"title":"Zanz\u00edbar: La isla so\u00f1ada | El Digital de Asturias","description":"(dpa) - Vestido con un traje amarillo, el violinista Buja Ali brinda un alegre concierto bajo un \u00e1rbol de mango para un grupo de unas 20 personas","canonical_url":"https:\/\/eldigitaldeasturias.com\/radio\/zanzibar-la-isla-sonada\/","robots":"max-image-preview:large","keywords":"turismo","webmasterTools":{"google-site-verification":"UA-38556648-1","miscellaneous":""},"schema":{"@context":"https:\/\/schema.org","@graph":[{"@type":"BreadcrumbList","@id":"https:\/\/eldigitaldeasturias.com\/radio\/zanzibar-la-isla-sonada\/#breadcrumblist","itemListElement":[{"@type":"ListItem","@id":"https:\/\/eldigitaldeasturias.com\/radio#listItem","position":1,"name":"Inicio","item":"https:\/\/eldigitaldeasturias.com\/radio","nextItem":{"@type":"ListItem","@id":"https:\/\/eldigitaldeasturias.com\/radio\/category\/turismo\/#listItem","name":"Turismo"}},{"@type":"ListItem","@id":"https:\/\/eldigitaldeasturias.com\/radio\/category\/turismo\/#listItem","position":2,"name":"Turismo","item":"https:\/\/eldigitaldeasturias.com\/radio\/category\/turismo\/","nextItem":{"@type":"ListItem","@id":"https:\/\/eldigitaldeasturias.com\/radio\/zanzibar-la-isla-sonada\/#listItem","name":"Zanz\u00edbar: La isla so\u00f1ada"},"previousItem":{"@type":"ListItem","@id":"https:\/\/eldigitaldeasturias.com\/radio#listItem","name":"Inicio"}},{"@type":"ListItem","@id":"https:\/\/eldigitaldeasturias.com\/radio\/zanzibar-la-isla-sonada\/#listItem","position":3,"name":"Zanz\u00edbar: La isla so\u00f1ada","previousItem":{"@type":"ListItem","@id":"https:\/\/eldigitaldeasturias.com\/radio\/category\/turismo\/#listItem","name":"Turismo"}}]},{"@type":"NewsArticle","@id":"https:\/\/eldigitaldeasturias.com\/radio\/zanzibar-la-isla-sonada\/#newsarticle","name":"Zanz\u00edbar: La isla so\u00f1ada | El Digital de Asturias","headline":"Zanz\u00edbar: La isla so\u00f1ada","author":{"@id":"https:\/\/eldigitaldeasturias.com\/radio\/author\/nbasturias\/#author"},"publisher":{"@id":"https:\/\/eldigitaldeasturias.com\/radio\/#organization"},"image":{"@type":"ImageObject","url":"https:\/\/eldigitaldeasturias.com\/radio\/wp-content\/uploads\/2022\/08\/Zanzibar.jpg","width":995,"height":671,"caption":"Dos hermanos alemanes est\u00e1n construyendo una colonia tur\u00edstica ecol\u00f3gica llamada Fumba Town en Zanz\u00edbar, con apartamentos a partir de poco m\u00e1s de 20.000 euros. Foto: Keegan Checks\/Tapperpress\/dpa"},"datePublished":"2022-08-06T07:58:07+02:00","dateModified":"2022-08-06T07:58:07+02:00","inLanguage":"es-ES","mainEntityOfPage":{"@id":"https:\/\/eldigitaldeasturias.com\/radio\/zanzibar-la-isla-sonada\/#webpage"},"isPartOf":{"@id":"https:\/\/eldigitaldeasturias.com\/radio\/zanzibar-la-isla-sonada\/#webpage"},"articleSection":"Turismo, turismo","dateline":"Publicado el agosto 6, 2022."},{"@type":"Organization","@id":"https:\/\/eldigitaldeasturias.com\/radio\/#organization","name":"El digital de Asturias Radio","description":"Diario de informaci\u00f3n y noticias","url":"https:\/\/eldigitaldeasturias.com\/radio\/","telephone":"+34652131393","logo":{"@type":"ImageObject","url":"https:\/\/www.eldigitaldeasturias.com\/radio\/wp-content\/uploads\/2021\/03\/EDA.jpg","@id":"https:\/\/eldigitaldeasturias.com\/radio\/zanzibar-la-isla-sonada\/#organizationLogo"},"image":{"@id":"https:\/\/eldigitaldeasturias.com\/radio\/zanzibar-la-isla-sonada\/#organizationLogo"},"sameAs":["https:\/\/www.facebook.com\/","https:\/\/x.com\/bercodi","https:\/\/www.instagram.com\/","https:\/\/www.youtube.com\/channel\/UCZP-2wLEB9Rv6erhFmqVnvg"]},{"@type":"Person","@id":"https:\/\/eldigitaldeasturias.com\/radio\/author\/nbasturias\/#author","url":"https:\/\/eldigitaldeasturias.com\/radio\/author\/nbasturias\/","name":"NBAsturias","image":{"@type":"ImageObject","@id":"https:\/\/eldigitaldeasturias.com\/radio\/zanzibar-la-isla-sonada\/#authorImage","url":"https:\/\/secure.gravatar.com\/avatar\/df2aeffc32bcd13f8d26072ef8a91b623d677766deac7f97ca815868cd41bf5e?s=96&d=mm&r=g","width":96,"height":96,"caption":"NBAsturias"}},{"@type":"WebPage","@id":"https:\/\/eldigitaldeasturias.com\/radio\/zanzibar-la-isla-sonada\/#webpage","url":"https:\/\/eldigitaldeasturias.com\/radio\/zanzibar-la-isla-sonada\/","name":"Zanz\u00edbar: La isla so\u00f1ada | El Digital de Asturias","description":"(dpa) - Vestido con un traje amarillo, el violinista Buja Ali brinda un alegre concierto bajo un \u00e1rbol de mango para un grupo de unas 20 personas","inLanguage":"es-ES","isPartOf":{"@id":"https:\/\/eldigitaldeasturias.com\/radio\/#website"},"breadcrumb":{"@id":"https:\/\/eldigitaldeasturias.com\/radio\/zanzibar-la-isla-sonada\/#breadcrumblist"},"author":{"@id":"https:\/\/eldigitaldeasturias.com\/radio\/author\/nbasturias\/#author"},"creator":{"@id":"https:\/\/eldigitaldeasturias.com\/radio\/author\/nbasturias\/#author"},"image":{"@type":"ImageObject","url":"https:\/\/eldigitaldeasturias.com\/radio\/wp-content\/uploads\/2022\/08\/Zanzibar.jpg","@id":"https:\/\/eldigitaldeasturias.com\/radio\/zanzibar-la-isla-sonada\/#mainImage","width":995,"height":671,"caption":"Dos hermanos alemanes est\u00e1n construyendo una colonia tur\u00edstica ecol\u00f3gica llamada Fumba Town en Zanz\u00edbar, con apartamentos a partir de poco m\u00e1s de 20.000 euros. Foto: Keegan Checks\/Tapperpress\/dpa"},"primaryImageOfPage":{"@id":"https:\/\/eldigitaldeasturias.com\/radio\/zanzibar-la-isla-sonada\/#mainImage"},"datePublished":"2022-08-06T07:58:07+02:00","dateModified":"2022-08-06T07:58:07+02:00"},{"@type":"WebSite","@id":"https:\/\/eldigitaldeasturias.com\/radio\/#website","url":"https:\/\/eldigitaldeasturias.com\/radio\/","name":"El Digital de Asturias","description":"Diario de informaci\u00f3n y noticias","inLanguage":"es-ES","publisher":{"@id":"https:\/\/eldigitaldeasturias.com\/radio\/#organization"}}]},"og:locale":"es_ES","og:site_name":"El Digital de Asturias | Diario de informaci\u00f3n y noticias","og:type":"article","og:title":"Zanz\u00edbar: La isla so\u00f1ada | El Digital de Asturias","og:description":"(dpa) - Vestido con un traje amarillo, el violinista Buja Ali brinda un alegre concierto bajo un \u00e1rbol de mango para un grupo de unas 20 personas","og:url":"https:\/\/eldigitaldeasturias.com\/radio\/zanzibar-la-isla-sonada\/","og:image":"https:\/\/eldigitaldeasturias.com\/radio\/wp-content\/uploads\/2022\/08\/Zanzibar.jpg","og:image:secure_url":"https:\/\/eldigitaldeasturias.com\/radio\/wp-content\/uploads\/2022\/08\/Zanzibar.jpg","og:image:width":995,"og:image:height":671,"article:published_time":"2022-08-06T05:58:07+00:00","article:modified_time":"2022-08-06T05:58:07+00:00","twitter:card":"summary_large_image","twitter:site":"@bercodi","twitter:title":"Zanz\u00edbar: La isla so\u00f1ada | El Digital de Asturias","twitter:description":"(dpa) - Vestido con un traje amarillo, el violinista Buja Ali brinda un alegre concierto bajo un \u00e1rbol de mango para un grupo de unas 20 personas","twitter:creator":"@bercodi","twitter:image":"https:\/\/eldigitaldeasturias.com\/radio\/wp-content\/uploads\/2022\/08\/Zanzibar.jpg"},"aioseo_meta_data":{"post_id":"7151","title":null,"description":"(dpa) - Vestido con un traje amarillo, el violinista Buja Ali brinda un alegre concierto bajo un \u00e1rbol de mango para un grupo de unas 20 personas","keywords":[],"keyphrases":{"focus":{"keyphrase":"Zanz\u00edbar","score":83,"analysis":{"keyphraseInTitle":{"title":"Focus keyphrase in SEO title","description":"Focus keyphrase found in SEO title.","score":9,"maxScore":9,"error":0},"keyphraseInDescription":{"title":"Focus keyphrase in meta description","description":"Focus keyphrase not found in meta description.","score":3,"maxScore":9,"error":1},"keyphraseLength":{"title":"Focus keyphrase length","description":"Good job!","score":9,"maxScore":9,"error":0,"length":1},"keyphraseInURL":{"title":"Focus keyphrase in URL","description":"Focus keyphrase not found in the URL.","score":1,"maxScore":5,"error":1},"keyphraseInIntroduction":{"title":"Focus keyphrase in introduction","description":"Your Focus keyphrase appears in the first paragraph. Well done!","score":9,"maxScore":9,"error":0},"keyphraseInSubHeadings":{"title":"Focus keyphrase in Subheadings","description":"Your H2 and H3 subheadings reflects the topic of your copy. Good job!","score":9,"maxScore":9,"error":0},"keyphraseInImageAlt":{"title":"Focus keyphrase in image alt attributes","description":"Focus keyphrase found in image alt attribute(s).","score":9,"maxScore":9,"error":0}}},"additional":[]},"primary_term":null,"canonical_url":null,"og_title":null,"og_description":null,"og_object_type":"default","og_image_type":"default","og_image_url":null,"og_image_width":null,"og_image_height":null,"og_image_custom_url":null,"og_image_custom_fields":null,"og_video":"","og_custom_url":null,"og_article_section":null,"og_article_tags":[],"twitter_use_og":false,"twitter_card":"default","twitter_image_type":"default","twitter_image_url":null,"twitter_image_custom_url":null,"twitter_image_custom_fields":null,"twitter_title":null,"twitter_description":null,"schema":{"blockGraphs":[],"customGraphs":[],"default":{"data":{"Article":[],"Course":[],"Dataset":[],"FAQPage":[],"Movie":[],"Person":[],"Product":[],"ProductReview":[],"Car":[],"Recipe":[],"Service":[],"SoftwareApplication":[],"WebPage":[]},"graphName":"","isEnabled":true},"graphs":[],"defaultGraph":"Article","defaultPostTypeGraph":""},"schema_type":"default","schema_type_options":"{\"article\":{\"articleType\":\"BlogPosting\"},\"course\":{\"name\":\"\",\"description\":\"\",\"provider\":\"\"},\"faq\":{\"pages\":[]},\"product\":{\"reviews\":[]},\"recipe\":{\"ingredients\":[],\"instructions\":[],\"keywords\":[]},\"software\":{\"reviews\":[],\"operatingSystems\":[]},\"webPage\":{\"webPageType\":\"WebPage\"},\"blockGraphs\":[]}","pillar_content":false,"robots_default":true,"robots_noindex":false,"robots_noarchive":false,"robots_nosnippet":false,"robots_nofollow":false,"robots_noimageindex":false,"robots_noodp":false,"robots_notranslate":false,"robots_max_snippet":"-1","robots_max_videopreview":"-1","robots_max_imagepreview":"large","priority":null,"frequency":"default","location":null,"local_seo":null,"seo_analyzer_scan_date":"2025-08-28 20:22:29","breadcrumb_settings":null,"limit_modified_date":false,"open_ai":null,"ai":null,"created":"2022-08-06 05:53:32","updated":"2025-08-28 20:22:29"},"aioseo_breadcrumb":"<div class=\"aioseo-breadcrumbs\"><span class=\"aioseo-breadcrumb\">\n\t<a href=\"https:\/\/eldigitaldeasturias.com\/radio\" title=\"Inicio\">Inicio<\/a>\n<\/span><span class=\"aioseo-breadcrumb-separator\">&ndash;<\/span><span class=\"aioseo-breadcrumb\">\n\t<a href=\"https:\/\/eldigitaldeasturias.com\/radio\/category\/turismo\/\" title=\"Turismo\">Turismo<\/a>\n<\/span><span class=\"aioseo-breadcrumb-separator\">&ndash;<\/span><span class=\"aioseo-breadcrumb\">\n\tZanz\u00edbar: La isla so\u00f1ada\n<\/span><\/div>","aioseo_breadcrumb_json":[{"label":"Inicio","link":"https:\/\/eldigitaldeasturias.com\/radio"},{"label":"Turismo","link":"https:\/\/eldigitaldeasturias.com\/radio\/category\/turismo\/"},{"label":"Zanz\u00edbar: La isla so\u00f1ada","link":"https:\/\/eldigitaldeasturias.com\/radio\/zanzibar-la-isla-sonada\/"}],"_links":{"self":[{"href":"https:\/\/eldigitaldeasturias.com\/radio\/wp-json\/wp\/v2\/posts\/7151","targetHints":{"allow":["GET"]}}],"collection":[{"href":"https:\/\/eldigitaldeasturias.com\/radio\/wp-json\/wp\/v2\/posts"}],"about":[{"href":"https:\/\/eldigitaldeasturias.com\/radio\/wp-json\/wp\/v2\/types\/post"}],"author":[{"embeddable":true,"href":"https:\/\/eldigitaldeasturias.com\/radio\/wp-json\/wp\/v2\/users\/1"}],"replies":[{"embeddable":true,"href":"https:\/\/eldigitaldeasturias.com\/radio\/wp-json\/wp\/v2\/comments?post=7151"}],"version-history":[{"count":0,"href":"https:\/\/eldigitaldeasturias.com\/radio\/wp-json\/wp\/v2\/posts\/7151\/revisions"}],"wp:featuredmedia":[{"embeddable":true,"href":"https:\/\/eldigitaldeasturias.com\/radio\/wp-json\/wp\/v2\/media\/7152"}],"wp:attachment":[{"href":"https:\/\/eldigitaldeasturias.com\/radio\/wp-json\/wp\/v2\/media?parent=7151"}],"wp:term":[{"taxonomy":"category","embeddable":true,"href":"https:\/\/eldigitaldeasturias.com\/radio\/wp-json\/wp\/v2\/categories?post=7151"},{"taxonomy":"post_tag","embeddable":true,"href":"https:\/\/eldigitaldeasturias.com\/radio\/wp-json\/wp\/v2\/tags?post=7151"}],"curies":[{"name":"wp","href":"https:\/\/api.w.org\/{rel}","templated":true}]}}