{"id":7123,"date":"2022-08-06T06:20:05","date_gmt":"2022-08-06T04:20:05","guid":{"rendered":"https:\/\/eldigitaldeasturias.com\/radio\/?p=7123"},"modified":"2022-08-06T06:20:05","modified_gmt":"2022-08-06T04:20:05","slug":"rugen-la-mayor-isla-alemana-muestra-otra-cara-en-invierno","status":"publish","type":"post","link":"https:\/\/eldigitaldeasturias.com\/radio\/rugen-la-mayor-isla-alemana-muestra-otra-cara-en-invierno\/","title":{"rendered":"R\u00fcgen, la mayor isla alemana, muestra otra cara en invierno"},"content":{"rendered":"<p>(dpa) &#8211; Los majestuosos \u00e1rboles de haya perdieron hace tiempo sus hojas y las ramas peladas se extienden a lo largo de la escarpada costa del noreste de R\u00fcgen, la mayor isla de Alemania situada en el mar B\u00e1ltico.<\/p>\n<figure id=\"attachment_7124\" aria-describedby=\"caption-attachment-7124\" style=\"width: 650px\" class=\"wp-caption aligncenter\"><img fetchpriority=\"high\" decoding=\"async\" class=\"wp-image-7124\" src=\"https:\/\/eldigitaldeasturias.com\/radio\/wp-content\/uploads\/2022\/08\/Rugen-360x235.jpg\" alt=\"R\u00fcgen\" width=\"650\" height=\"424\" srcset=\"https:\/\/eldigitaldeasturias.com\/radio\/wp-content\/uploads\/2022\/08\/Rugen-360x235.jpg 360w, https:\/\/eldigitaldeasturias.com\/radio\/wp-content\/uploads\/2022\/08\/Rugen-768x501.jpg 768w, https:\/\/eldigitaldeasturias.com\/radio\/wp-content\/uploads\/2022\/08\/Rugen-150x98.jpg 150w, https:\/\/eldigitaldeasturias.com\/radio\/wp-content\/uploads\/2022\/08\/Rugen-450x294.jpg 450w, https:\/\/eldigitaldeasturias.com\/radio\/wp-content\/uploads\/2022\/08\/Rugen.jpg 1005w\" sizes=\"(max-width: 650px) 100vw, 650px\" \/><figcaption id=\"caption-attachment-7124\" class=\"wp-caption-text\">En invierno son pocos los turistas que visitan el Parque Nacional Jasmund, en la isla alemana de R\u00fcgen. Foto: Peter Lehmann\/Nationalpark-Zentrum K\u00f6nigsstuhl\/dpa-tmn<\/figcaption><\/figure>\n<p>Algunos \u00e1rboles crecen tan cerca de los acantilados que existe el temor de que un pr\u00f3ximo temporal pueda poner en peligro su estabilidad. Abajo, en la playa cubierta de roca caliza, yace uno que otro ejemplar que se debe haber ca\u00eddo durante una tormenta invernal.<\/p>\n<p>Cada a\u00f1o acuden a R\u00fcgen, en el estado federado de Mecklemburgo-Pomerania, alrededor de un mill\u00f3n de turistas. Pero las playas, en las que en los meses de verano se solazan a diario cientos de personas y coleccionistas de f\u00f3siles, est\u00e1n completamente desiertan en algunos d\u00edas de invierno.<\/p>\n<p>Al igual que en el resto de la isla, durante el letargo invernal tambi\u00e9n el Parque Nacional de Jasmund muestra otra cara. Los que creen conocer R\u00fcgen a fondo por pasar aqu\u00ed sus vacaciones de verano deber\u00edan volver cuando arrasa el fr\u00edo para descubrir otras facetas de la isla.<\/p>\n<h2>Visitas guiadas al Parque Nacional Jasmund<\/h2>\n<p>Karsten Klaene es guardabosque del Parque Nacional Jasmund. Durante los meses de oto\u00f1o e invierno en Alemania ofrece visitas guiadas en esta reserva natural que alberga un hayedo de 500 hect\u00e1reas, declarado Patrimonio de la Humanidad por la Unesco en 2011.<\/p>\n<p>Klaene conoce el parque nacional m\u00e1s peque\u00f1o de Alemania, con una superficie de aproximadamente 3.000 hect\u00e1reas, como la palma de su mano y prev\u00e9 cuatro horas para el recorrido de ocho kil\u00f3metros desde el extremo sur del parque nacional hasta el K\u00f6nigsstuhl, los famosos acantilados de roca cret\u00e1cica.<\/p>\n<p>En invierno, lleva un termo con t\u00e9 caliente en su mochila. Acostumbrado al silencio, percibe de inmediato cualquier sonido que proviene del bosque, como ahora, el graznido de un cuervo encapuchado.<\/p>\n<p>El cielo es del mismo tono de gris que el mar B\u00e1ltico, que se puede ver una y otra vez mientras se camina por el sendero de la orilla alta.<\/p>\n<blockquote><p>\u00abLo especial de nuestro parque nacional es la combinaci\u00f3n de bosque, agua y acantilados de roca cret\u00e1cica\u00bb, se\u00f1ala Klaene.<\/p><\/blockquote>\n<p>Seg\u00fan explica, los hayedos est\u00e1n presentes en R\u00fcgen al menos desde la Edad Media y los ejemplares m\u00e1s antiguos tienen hoy entre 300 y 400 a\u00f1os. El bosque llega pr\u00e1cticamente hasta los acantilados.<\/p>\n<p>Durante el recorrido, Klaene se detiene en el Kieler Bach, un arroyo que se desliza delicadamente por un valle, o baja una escalera hacia la playa para mostrar una cascada. Otra de las atracciones es el Wissower Klinken, donde en 2005 dos grandes rocas del acantilado se hundieron en el mar. La costa de roca caliza est\u00e1 siempre en transformaci\u00f3n. \u00abAqu\u00ed nada permanece constante\u00bb, afirma el guardabosques.<\/p>\n<h2>El puente colgante del K\u00f6nigsstuhl<\/h2>\n<p>La mejor vista de la formaci\u00f3n rocosa K\u00f6nigsstuhl, que se alza a 118 metros de altura sobre el nivel del mar, se obtiene en invierno desde la plataforma de observaci\u00f3n Victoria. Puede ser que su brillo no sea tan blanco como bajo el sol del verano, pero se destaca claramente sobre el gris del entorno.<\/p>\n<p>El mirador del K\u00f6nigsstuhl ser\u00e1 sustituido en 2022 por un puente colgante circular de 185 metros de longitud, desde donde se podr\u00e1 disfrutar desde diferentes perspectivas una imponente vista del mar B\u00e1ltico y del exuberante bosque de hayas.<\/p>\n<p>La apertura del puente colgante est\u00e1 prevista como muy pronto para el pr\u00f3ximo verano europeo, mientras que la antigua plataforma cerrar\u00e1 mucho antes.<\/p>\n<h2>Una parada en el puerto de Sassnitz<\/h2>\n<p>Muchos visitantes pasan de largo por la ciudad de Sassnitz en camino al parque nacional. Pero una parada en el puerto del antiguo pueblo de pescadores vale la pena, incluso en invierno.<\/p>\n<p>Sassnitz no tiene playa, pero cuenta con un muelle de 1,4 kil\u00f3metros de largo, un puerto para navegantes deportivos, un submarino que se puede visitar, un peque\u00f1o museo portuario y el mostrador de bocadillos de pescado m\u00e1s largo de R\u00fcgen.<\/p>\n<p>Desde aqu\u00ed parten barcos de excursi\u00f3n para visitar los acantilados de roca caliza, aunque en invierno el programa es mucho m\u00e1s limitado. En 2010 hasta se debieron cancelar completamente las salidas por el congelamiento parcial del mar B\u00e1ltico.<\/p>\n<h2>Binz tambi\u00e9n descansa en invierno<\/h2>\n<p>En los \u00faltimos a\u00f1os, Binz se convirti\u00f3 en el mayor centro tur\u00edstico de la isla de R\u00fcgen. Cuenta con una playa de arena de un kil\u00f3metro de largo y la arquitectura de los balnearios es anterior a la Primera Guerra Mundial.<\/p>\n<p>Klaus Boy realiza visitas guiadas por el pueblo desde hace tres d\u00e9cadas. Durante la salida, el gu\u00eda de 72 a\u00f1os cuenta sobre la historia del lugar desde el primer asentamiento eslavo en el siglo VII. El paseo mar\u00edtimo incluye las magn\u00edficas viviendas de color blanco que datan de la \u00e9poca del auge de Binz y que en muchos casos fueron renovadas con mucho lujo para hoteles y pisos de vacaciones.<\/p>\n<p>Mientras que en verano a menudo es dif\u00edcil encontrar una franja libre de toallas en la playa, la temporada de invierno es bastante m\u00e1s tranquila. Sin embargo, nunca falta alg\u00fan visitante con bufanda y gorro paseando en torno al muelle, al gran hotel \u00abKurhaus\u00bb o comiendo en alguno de los restaurantes con vista al mar.<\/p>\n<p>\u00abLos hu\u00e9spedes que vienen en invierno son diferentes. Por lo general buscan m\u00e1s equilibrio y relajaci\u00f3n y se interesan por la naturaleza\u00bb, se\u00f1ala el director de Turismo de Binz, Kai Gardeja.<\/p>\n<p>\u00abLa \u00e9poca m\u00e1s tranquila es desde enero hasta las vacaciones de invierno en febrero. Despu\u00e9s, la ciudad vuelve a recobrar fuerza, pero muy suavemente\u00bb, agrega.<\/p>\n<p>Cuando oscurece, a partir de las cuatro y media de la tarde, se vuelve todo incluso un poco m\u00e1s tranquilo. En la calle principal de Binz las tiendas a\u00fan siguen abiertas y los restaurantes reciben a los primeros comensales de la noche. Pero ya no se ve a casi nadie deambulando por la playa. Incluso las gaviotas retornaron hace rato a sus nidos.<\/p>\n<p><i class=\"lang-es\"><span class=\" readonly\" title=\"\">Por Andreas Heimann (dpa)<\/span><\/i><\/p>\n","protected":false},"excerpt":{"rendered":"<p>(dpa) &#8211; Los majestuosos \u00e1rboles de haya perdieron hace tiempo sus hojas y las ramas peladas se extienden a lo largo de la escarpada costa del noreste de R\u00fcgen, la mayor isla de Alemania situada en el mar B\u00e1ltico. Algunos \u00e1rboles crecen tan cerca de los acantilados que existe el temor de que un pr\u00f3ximo<\/p>\n","protected":false},"author":1,"featured_media":7124,"comment_status":"closed","ping_status":"closed","sticky":false,"template":"","format":"standard","meta":{"footnotes":""},"categories":[34],"tags":[],"class_list":{"0":"post-7123","1":"post","2":"type-post","3":"status-publish","4":"format-standard","5":"has-post-thumbnail","7":"category-turismo"},"aioseo_notices":[],"aioseo_head":"\n\t\t<!-- All in One SEO Pro 4.9.6.2 - aioseo.com -->\n\t<meta name=\"description\" content=\"(dpa) - Los majestuosos \u00e1rboles de haya perdieron hace tiempo sus hojas y las ramas peladas se extienden a lo largo de la escarpada costa del noreste de R\u00fcgen\" \/>\n\t<meta name=\"robots\" content=\"max-image-preview:large\" \/>\n\t<meta name=\"author\" content=\"NBAsturias\"\/>\n\t<meta name=\"google-site-verification\" content=\"UA-38556648-1\" \/>\n\t<meta name=\"keywords\" content=\"turismo\" \/>\n\t<link rel=\"canonical\" href=\"https:\/\/eldigitaldeasturias.com\/radio\/rugen-la-mayor-isla-alemana-muestra-otra-cara-en-invierno\/\" \/>\n\t<meta name=\"generator\" content=\"All in One SEO Pro (AIOSEO) 4.9.6.2\" \/>\n\t\t<meta property=\"og:locale\" content=\"es_ES\" \/>\n\t\t<meta property=\"og:site_name\" content=\"El Digital de Asturias | Diario de informaci\u00f3n y noticias\" \/>\n\t\t<meta property=\"og:type\" content=\"article\" \/>\n\t\t<meta property=\"og:title\" content=\"R\u00fcgen, la mayor isla alemana, muestra otra cara en invierno | El Digital de Asturias\" \/>\n\t\t<meta property=\"og:description\" content=\"(dpa) - Los majestuosos \u00e1rboles de haya perdieron hace tiempo sus hojas y las ramas peladas se extienden a lo largo de la escarpada costa del noreste de R\u00fcgen\" \/>\n\t\t<meta property=\"og:url\" content=\"https:\/\/eldigitaldeasturias.com\/radio\/rugen-la-mayor-isla-alemana-muestra-otra-cara-en-invierno\/\" \/>\n\t\t<meta property=\"og:image\" content=\"https:\/\/eldigitaldeasturias.com\/radio\/wp-content\/uploads\/2022\/08\/Rugen.jpg\" \/>\n\t\t<meta property=\"og:image:secure_url\" content=\"https:\/\/eldigitaldeasturias.com\/radio\/wp-content\/uploads\/2022\/08\/Rugen.jpg\" \/>\n\t\t<meta property=\"og:image:width\" content=\"1005\" \/>\n\t\t<meta property=\"og:image:height\" content=\"656\" \/>\n\t\t<meta property=\"article:published_time\" content=\"2022-08-06T04:20:05+00:00\" \/>\n\t\t<meta property=\"article:modified_time\" content=\"2022-08-06T04:20:05+00:00\" \/>\n\t\t<meta name=\"twitter:card\" content=\"summary_large_image\" \/>\n\t\t<meta name=\"twitter:site\" content=\"@bercodi\" \/>\n\t\t<meta name=\"twitter:title\" content=\"R\u00fcgen, la mayor isla alemana, muestra otra cara en invierno | El Digital de Asturias\" \/>\n\t\t<meta name=\"twitter:description\" content=\"(dpa) - Los majestuosos \u00e1rboles de haya perdieron hace tiempo sus hojas y las ramas peladas se extienden a lo largo de la escarpada costa del noreste de R\u00fcgen\" \/>\n\t\t<meta name=\"twitter:creator\" content=\"@bercodi\" \/>\n\t\t<meta name=\"twitter:image\" content=\"https:\/\/eldigitaldeasturias.com\/radio\/wp-content\/uploads\/2022\/08\/Rugen.jpg\" \/>\n\t\t<script type=\"application\/ld+json\" class=\"aioseo-schema\">\n\t\t\t{\"@context\":\"https:\\\/\\\/schema.org\",\"@graph\":[{\"@type\":\"BreadcrumbList\",\"@id\":\"https:\\\/\\\/eldigitaldeasturias.com\\\/radio\\\/rugen-la-mayor-isla-alemana-muestra-otra-cara-en-invierno\\\/#breadcrumblist\",\"itemListElement\":[{\"@type\":\"ListItem\",\"@id\":\"https:\\\/\\\/eldigitaldeasturias.com\\\/radio#listItem\",\"position\":1,\"name\":\"Inicio\",\"item\":\"https:\\\/\\\/eldigitaldeasturias.com\\\/radio\",\"nextItem\":{\"@type\":\"ListItem\",\"@id\":\"https:\\\/\\\/eldigitaldeasturias.com\\\/radio\\\/category\\\/turismo\\\/#listItem\",\"name\":\"Turismo\"}},{\"@type\":\"ListItem\",\"@id\":\"https:\\\/\\\/eldigitaldeasturias.com\\\/radio\\\/category\\\/turismo\\\/#listItem\",\"position\":2,\"name\":\"Turismo\",\"item\":\"https:\\\/\\\/eldigitaldeasturias.com\\\/radio\\\/category\\\/turismo\\\/\",\"nextItem\":{\"@type\":\"ListItem\",\"@id\":\"https:\\\/\\\/eldigitaldeasturias.com\\\/radio\\\/rugen-la-mayor-isla-alemana-muestra-otra-cara-en-invierno\\\/#listItem\",\"name\":\"R\\u00fcgen, la mayor isla alemana, muestra otra cara en invierno\"},\"previousItem\":{\"@type\":\"ListItem\",\"@id\":\"https:\\\/\\\/eldigitaldeasturias.com\\\/radio#listItem\",\"name\":\"Inicio\"}},{\"@type\":\"ListItem\",\"@id\":\"https:\\\/\\\/eldigitaldeasturias.com\\\/radio\\\/rugen-la-mayor-isla-alemana-muestra-otra-cara-en-invierno\\\/#listItem\",\"position\":3,\"name\":\"R\\u00fcgen, la mayor isla alemana, muestra otra cara en invierno\",\"previousItem\":{\"@type\":\"ListItem\",\"@id\":\"https:\\\/\\\/eldigitaldeasturias.com\\\/radio\\\/category\\\/turismo\\\/#listItem\",\"name\":\"Turismo\"}}]},{\"@type\":\"NewsArticle\",\"@id\":\"https:\\\/\\\/eldigitaldeasturias.com\\\/radio\\\/rugen-la-mayor-isla-alemana-muestra-otra-cara-en-invierno\\\/#newsarticle\",\"name\":\"R\\u00fcgen, la mayor isla alemana, muestra otra cara en invierno | El Digital de Asturias\",\"headline\":\"R\\u00fcgen, la mayor isla alemana, muestra otra cara en invierno\",\"author\":{\"@id\":\"https:\\\/\\\/eldigitaldeasturias.com\\\/radio\\\/author\\\/nbasturias\\\/#author\"},\"publisher\":{\"@id\":\"https:\\\/\\\/eldigitaldeasturias.com\\\/radio\\\/#organization\"},\"image\":{\"@type\":\"ImageObject\",\"url\":\"https:\\\/\\\/eldigitaldeasturias.com\\\/radio\\\/wp-content\\\/uploads\\\/2022\\\/08\\\/Rugen.jpg\",\"width\":1005,\"height\":656,\"caption\":\"En invierno son pocos los turistas que visitan el Parque Nacional Jasmund, en la isla alemana de R\\u00fcgen. Foto: Peter Lehmann\\\/Nationalpark-Zentrum K\\u00f6nigsstuhl\\\/dpa-tmn\"},\"datePublished\":\"2022-08-06T06:20:05+02:00\",\"dateModified\":\"2022-08-06T06:20:05+02:00\",\"inLanguage\":\"es-ES\",\"mainEntityOfPage\":{\"@id\":\"https:\\\/\\\/eldigitaldeasturias.com\\\/radio\\\/rugen-la-mayor-isla-alemana-muestra-otra-cara-en-invierno\\\/#webpage\"},\"isPartOf\":{\"@id\":\"https:\\\/\\\/eldigitaldeasturias.com\\\/radio\\\/rugen-la-mayor-isla-alemana-muestra-otra-cara-en-invierno\\\/#webpage\"},\"articleSection\":\"Turismo\",\"dateline\":\"Publicado el agosto 6, 2022.\"},{\"@type\":\"Organization\",\"@id\":\"https:\\\/\\\/eldigitaldeasturias.com\\\/radio\\\/#organization\",\"name\":\"El digital de Asturias Radio\",\"description\":\"Diario de informaci\\u00f3n y noticias\",\"url\":\"https:\\\/\\\/eldigitaldeasturias.com\\\/radio\\\/\",\"telephone\":\"+34652131393\",\"logo\":{\"@type\":\"ImageObject\",\"url\":\"https:\\\/\\\/www.eldigitaldeasturias.com\\\/radio\\\/wp-content\\\/uploads\\\/2021\\\/03\\\/EDA.jpg\",\"@id\":\"https:\\\/\\\/eldigitaldeasturias.com\\\/radio\\\/rugen-la-mayor-isla-alemana-muestra-otra-cara-en-invierno\\\/#organizationLogo\"},\"image\":{\"@id\":\"https:\\\/\\\/eldigitaldeasturias.com\\\/radio\\\/rugen-la-mayor-isla-alemana-muestra-otra-cara-en-invierno\\\/#organizationLogo\"},\"sameAs\":[\"https:\\\/\\\/www.facebook.com\\\/\",\"https:\\\/\\\/x.com\\\/bercodi\",\"https:\\\/\\\/www.instagram.com\\\/\",\"https:\\\/\\\/www.youtube.com\\\/channel\\\/UCZP-2wLEB9Rv6erhFmqVnvg\"]},{\"@type\":\"Person\",\"@id\":\"https:\\\/\\\/eldigitaldeasturias.com\\\/radio\\\/author\\\/nbasturias\\\/#author\",\"url\":\"https:\\\/\\\/eldigitaldeasturias.com\\\/radio\\\/author\\\/nbasturias\\\/\",\"name\":\"NBAsturias\",\"image\":{\"@type\":\"ImageObject\",\"@id\":\"https:\\\/\\\/eldigitaldeasturias.com\\\/radio\\\/rugen-la-mayor-isla-alemana-muestra-otra-cara-en-invierno\\\/#authorImage\",\"url\":\"https:\\\/\\\/secure.gravatar.com\\\/avatar\\\/df2aeffc32bcd13f8d26072ef8a91b623d677766deac7f97ca815868cd41bf5e?s=96&d=mm&r=g\",\"width\":96,\"height\":96,\"caption\":\"NBAsturias\"}},{\"@type\":\"WebPage\",\"@id\":\"https:\\\/\\\/eldigitaldeasturias.com\\\/radio\\\/rugen-la-mayor-isla-alemana-muestra-otra-cara-en-invierno\\\/#webpage\",\"url\":\"https:\\\/\\\/eldigitaldeasturias.com\\\/radio\\\/rugen-la-mayor-isla-alemana-muestra-otra-cara-en-invierno\\\/\",\"name\":\"R\\u00fcgen, la mayor isla alemana, muestra otra cara en invierno | El Digital de Asturias\",\"description\":\"(dpa) - Los majestuosos \\u00e1rboles de haya perdieron hace tiempo sus hojas y las ramas peladas se extienden a lo largo de la escarpada costa del noreste de R\\u00fcgen\",\"inLanguage\":\"es-ES\",\"isPartOf\":{\"@id\":\"https:\\\/\\\/eldigitaldeasturias.com\\\/radio\\\/#website\"},\"breadcrumb\":{\"@id\":\"https:\\\/\\\/eldigitaldeasturias.com\\\/radio\\\/rugen-la-mayor-isla-alemana-muestra-otra-cara-en-invierno\\\/#breadcrumblist\"},\"author\":{\"@id\":\"https:\\\/\\\/eldigitaldeasturias.com\\\/radio\\\/author\\\/nbasturias\\\/#author\"},\"creator\":{\"@id\":\"https:\\\/\\\/eldigitaldeasturias.com\\\/radio\\\/author\\\/nbasturias\\\/#author\"},\"image\":{\"@type\":\"ImageObject\",\"url\":\"https:\\\/\\\/eldigitaldeasturias.com\\\/radio\\\/wp-content\\\/uploads\\\/2022\\\/08\\\/Rugen.jpg\",\"@id\":\"https:\\\/\\\/eldigitaldeasturias.com\\\/radio\\\/rugen-la-mayor-isla-alemana-muestra-otra-cara-en-invierno\\\/#mainImage\",\"width\":1005,\"height\":656,\"caption\":\"En invierno son pocos los turistas que visitan el Parque Nacional Jasmund, en la isla alemana de R\\u00fcgen. Foto: Peter Lehmann\\\/Nationalpark-Zentrum K\\u00f6nigsstuhl\\\/dpa-tmn\"},\"primaryImageOfPage\":{\"@id\":\"https:\\\/\\\/eldigitaldeasturias.com\\\/radio\\\/rugen-la-mayor-isla-alemana-muestra-otra-cara-en-invierno\\\/#mainImage\"},\"datePublished\":\"2022-08-06T06:20:05+02:00\",\"dateModified\":\"2022-08-06T06:20:05+02:00\"},{\"@type\":\"WebSite\",\"@id\":\"https:\\\/\\\/eldigitaldeasturias.com\\\/radio\\\/#website\",\"url\":\"https:\\\/\\\/eldigitaldeasturias.com\\\/radio\\\/\",\"name\":\"El Digital de Asturias\",\"description\":\"Diario de informaci\\u00f3n y noticias\",\"inLanguage\":\"es-ES\",\"publisher\":{\"@id\":\"https:\\\/\\\/eldigitaldeasturias.com\\\/radio\\\/#organization\"}}]}\n\t\t<\/script>\n\t\t<!-- All in One SEO Pro -->\r\n\t\t<title>R\u00fcgen, la mayor isla alemana, muestra otra cara en invierno | El Digital de Asturias<\/title>\n\n","aioseo_head_json":{"title":"R\u00fcgen, la mayor isla alemana, muestra otra cara en invierno | El Digital de Asturias","description":"(dpa) - Los majestuosos \u00e1rboles de haya perdieron hace tiempo sus hojas y las ramas peladas se extienden a lo largo de la escarpada costa del noreste de R\u00fcgen","canonical_url":"https:\/\/eldigitaldeasturias.com\/radio\/rugen-la-mayor-isla-alemana-muestra-otra-cara-en-invierno\/","robots":"max-image-preview:large","keywords":"turismo","webmasterTools":{"google-site-verification":"UA-38556648-1","miscellaneous":""},"schema":{"@context":"https:\/\/schema.org","@graph":[{"@type":"BreadcrumbList","@id":"https:\/\/eldigitaldeasturias.com\/radio\/rugen-la-mayor-isla-alemana-muestra-otra-cara-en-invierno\/#breadcrumblist","itemListElement":[{"@type":"ListItem","@id":"https:\/\/eldigitaldeasturias.com\/radio#listItem","position":1,"name":"Inicio","item":"https:\/\/eldigitaldeasturias.com\/radio","nextItem":{"@type":"ListItem","@id":"https:\/\/eldigitaldeasturias.com\/radio\/category\/turismo\/#listItem","name":"Turismo"}},{"@type":"ListItem","@id":"https:\/\/eldigitaldeasturias.com\/radio\/category\/turismo\/#listItem","position":2,"name":"Turismo","item":"https:\/\/eldigitaldeasturias.com\/radio\/category\/turismo\/","nextItem":{"@type":"ListItem","@id":"https:\/\/eldigitaldeasturias.com\/radio\/rugen-la-mayor-isla-alemana-muestra-otra-cara-en-invierno\/#listItem","name":"R\u00fcgen, la mayor isla alemana, muestra otra cara en invierno"},"previousItem":{"@type":"ListItem","@id":"https:\/\/eldigitaldeasturias.com\/radio#listItem","name":"Inicio"}},{"@type":"ListItem","@id":"https:\/\/eldigitaldeasturias.com\/radio\/rugen-la-mayor-isla-alemana-muestra-otra-cara-en-invierno\/#listItem","position":3,"name":"R\u00fcgen, la mayor isla alemana, muestra otra cara en invierno","previousItem":{"@type":"ListItem","@id":"https:\/\/eldigitaldeasturias.com\/radio\/category\/turismo\/#listItem","name":"Turismo"}}]},{"@type":"NewsArticle","@id":"https:\/\/eldigitaldeasturias.com\/radio\/rugen-la-mayor-isla-alemana-muestra-otra-cara-en-invierno\/#newsarticle","name":"R\u00fcgen, la mayor isla alemana, muestra otra cara en invierno | El Digital de Asturias","headline":"R\u00fcgen, la mayor isla alemana, muestra otra cara en invierno","author":{"@id":"https:\/\/eldigitaldeasturias.com\/radio\/author\/nbasturias\/#author"},"publisher":{"@id":"https:\/\/eldigitaldeasturias.com\/radio\/#organization"},"image":{"@type":"ImageObject","url":"https:\/\/eldigitaldeasturias.com\/radio\/wp-content\/uploads\/2022\/08\/Rugen.jpg","width":1005,"height":656,"caption":"En invierno son pocos los turistas que visitan el Parque Nacional Jasmund, en la isla alemana de R\u00fcgen. Foto: Peter Lehmann\/Nationalpark-Zentrum K\u00f6nigsstuhl\/dpa-tmn"},"datePublished":"2022-08-06T06:20:05+02:00","dateModified":"2022-08-06T06:20:05+02:00","inLanguage":"es-ES","mainEntityOfPage":{"@id":"https:\/\/eldigitaldeasturias.com\/radio\/rugen-la-mayor-isla-alemana-muestra-otra-cara-en-invierno\/#webpage"},"isPartOf":{"@id":"https:\/\/eldigitaldeasturias.com\/radio\/rugen-la-mayor-isla-alemana-muestra-otra-cara-en-invierno\/#webpage"},"articleSection":"Turismo","dateline":"Publicado el agosto 6, 2022."},{"@type":"Organization","@id":"https:\/\/eldigitaldeasturias.com\/radio\/#organization","name":"El digital de Asturias Radio","description":"Diario de informaci\u00f3n y noticias","url":"https:\/\/eldigitaldeasturias.com\/radio\/","telephone":"+34652131393","logo":{"@type":"ImageObject","url":"https:\/\/www.eldigitaldeasturias.com\/radio\/wp-content\/uploads\/2021\/03\/EDA.jpg","@id":"https:\/\/eldigitaldeasturias.com\/radio\/rugen-la-mayor-isla-alemana-muestra-otra-cara-en-invierno\/#organizationLogo"},"image":{"@id":"https:\/\/eldigitaldeasturias.com\/radio\/rugen-la-mayor-isla-alemana-muestra-otra-cara-en-invierno\/#organizationLogo"},"sameAs":["https:\/\/www.facebook.com\/","https:\/\/x.com\/bercodi","https:\/\/www.instagram.com\/","https:\/\/www.youtube.com\/channel\/UCZP-2wLEB9Rv6erhFmqVnvg"]},{"@type":"Person","@id":"https:\/\/eldigitaldeasturias.com\/radio\/author\/nbasturias\/#author","url":"https:\/\/eldigitaldeasturias.com\/radio\/author\/nbasturias\/","name":"NBAsturias","image":{"@type":"ImageObject","@id":"https:\/\/eldigitaldeasturias.com\/radio\/rugen-la-mayor-isla-alemana-muestra-otra-cara-en-invierno\/#authorImage","url":"https:\/\/secure.gravatar.com\/avatar\/df2aeffc32bcd13f8d26072ef8a91b623d677766deac7f97ca815868cd41bf5e?s=96&d=mm&r=g","width":96,"height":96,"caption":"NBAsturias"}},{"@type":"WebPage","@id":"https:\/\/eldigitaldeasturias.com\/radio\/rugen-la-mayor-isla-alemana-muestra-otra-cara-en-invierno\/#webpage","url":"https:\/\/eldigitaldeasturias.com\/radio\/rugen-la-mayor-isla-alemana-muestra-otra-cara-en-invierno\/","name":"R\u00fcgen, la mayor isla alemana, muestra otra cara en invierno | El Digital de Asturias","description":"(dpa) - Los majestuosos \u00e1rboles de haya perdieron hace tiempo sus hojas y las ramas peladas se extienden a lo largo de la escarpada costa del noreste de R\u00fcgen","inLanguage":"es-ES","isPartOf":{"@id":"https:\/\/eldigitaldeasturias.com\/radio\/#website"},"breadcrumb":{"@id":"https:\/\/eldigitaldeasturias.com\/radio\/rugen-la-mayor-isla-alemana-muestra-otra-cara-en-invierno\/#breadcrumblist"},"author":{"@id":"https:\/\/eldigitaldeasturias.com\/radio\/author\/nbasturias\/#author"},"creator":{"@id":"https:\/\/eldigitaldeasturias.com\/radio\/author\/nbasturias\/#author"},"image":{"@type":"ImageObject","url":"https:\/\/eldigitaldeasturias.com\/radio\/wp-content\/uploads\/2022\/08\/Rugen.jpg","@id":"https:\/\/eldigitaldeasturias.com\/radio\/rugen-la-mayor-isla-alemana-muestra-otra-cara-en-invierno\/#mainImage","width":1005,"height":656,"caption":"En invierno son pocos los turistas que visitan el Parque Nacional Jasmund, en la isla alemana de R\u00fcgen. Foto: Peter Lehmann\/Nationalpark-Zentrum K\u00f6nigsstuhl\/dpa-tmn"},"primaryImageOfPage":{"@id":"https:\/\/eldigitaldeasturias.com\/radio\/rugen-la-mayor-isla-alemana-muestra-otra-cara-en-invierno\/#mainImage"},"datePublished":"2022-08-06T06:20:05+02:00","dateModified":"2022-08-06T06:20:05+02:00"},{"@type":"WebSite","@id":"https:\/\/eldigitaldeasturias.com\/radio\/#website","url":"https:\/\/eldigitaldeasturias.com\/radio\/","name":"El Digital de Asturias","description":"Diario de informaci\u00f3n y noticias","inLanguage":"es-ES","publisher":{"@id":"https:\/\/eldigitaldeasturias.com\/radio\/#organization"}}]},"og:locale":"es_ES","og:site_name":"El Digital de Asturias | Diario de informaci\u00f3n y noticias","og:type":"article","og:title":"R\u00fcgen, la mayor isla alemana, muestra otra cara en invierno | El Digital de Asturias","og:description":"(dpa) - Los majestuosos \u00e1rboles de haya perdieron hace tiempo sus hojas y las ramas peladas se extienden a lo largo de la escarpada costa del noreste de R\u00fcgen","og:url":"https:\/\/eldigitaldeasturias.com\/radio\/rugen-la-mayor-isla-alemana-muestra-otra-cara-en-invierno\/","og:image":"https:\/\/eldigitaldeasturias.com\/radio\/wp-content\/uploads\/2022\/08\/Rugen.jpg","og:image:secure_url":"https:\/\/eldigitaldeasturias.com\/radio\/wp-content\/uploads\/2022\/08\/Rugen.jpg","og:image:width":1005,"og:image:height":656,"article:published_time":"2022-08-06T04:20:05+00:00","article:modified_time":"2022-08-06T04:20:05+00:00","twitter:card":"summary_large_image","twitter:site":"@bercodi","twitter:title":"R\u00fcgen, la mayor isla alemana, muestra otra cara en invierno | El Digital de Asturias","twitter:description":"(dpa) - Los majestuosos \u00e1rboles de haya perdieron hace tiempo sus hojas y las ramas peladas se extienden a lo largo de la escarpada costa del noreste de R\u00fcgen","twitter:creator":"@bercodi","twitter:image":"https:\/\/eldigitaldeasturias.com\/radio\/wp-content\/uploads\/2022\/08\/Rugen.jpg"},"aioseo_meta_data":{"post_id":"7123","title":null,"description":"(dpa) - Los majestuosos \u00e1rboles de haya perdieron hace tiempo sus hojas y las ramas peladas se extienden a lo largo de la escarpada costa del noreste de R\u00fcgen","keywords":[],"keyphrases":{"focus":{"keyphrase":"R\u00fcgen","score":83,"analysis":{"keyphraseInTitle":{"title":"Focus keyphrase in SEO title","description":"Focus keyphrase found in SEO title.","score":9,"maxScore":9,"error":0},"keyphraseInDescription":{"title":"Focus keyphrase in meta description","description":"Focus keyphrase found in meta description.","score":9,"maxScore":9,"error":0},"keyphraseLength":{"title":"Focus keyphrase length","description":"Good job!","score":9,"maxScore":9,"error":0,"length":1},"keyphraseInURL":{"title":"Focus keyphrase in URL","description":"Focus keyphrase not found in the URL.","score":1,"maxScore":5,"error":1},"keyphraseInIntroduction":{"title":"Focus keyphrase in introduction","description":"Your Focus keyphrase appears in the first paragraph. Well done!","score":9,"maxScore":9,"error":0},"keyphraseInSubHeadings":{"title":"Focus keyphrase in Subheadings","description":"Use your focus keyphrase more in your H2 and H3 subheadings.","score":3,"maxScore":9,"error":1},"keyphraseInImageAlt":{"title":"Focus keyphrase in image alt attributes","description":"Focus keyphrase found in image alt attribute(s).","score":9,"maxScore":9,"error":0}}},"additional":[]},"primary_term":null,"canonical_url":null,"og_title":null,"og_description":null,"og_object_type":"default","og_image_type":"default","og_image_url":null,"og_image_width":null,"og_image_height":null,"og_image_custom_url":null,"og_image_custom_fields":null,"og_video":"","og_custom_url":null,"og_article_section":null,"og_article_tags":[],"twitter_use_og":false,"twitter_card":"default","twitter_image_type":"default","twitter_image_url":null,"twitter_image_custom_url":null,"twitter_image_custom_fields":null,"twitter_title":null,"twitter_description":null,"schema":{"blockGraphs":[],"customGraphs":[],"default":{"data":{"Article":[],"Course":[],"Dataset":[],"FAQPage":[],"Movie":[],"Person":[],"Product":[],"ProductReview":[],"Car":[],"Recipe":[],"Service":[],"SoftwareApplication":[],"WebPage":[]},"graphName":"","isEnabled":true},"graphs":[],"defaultGraph":"Article","defaultPostTypeGraph":""},"schema_type":"default","schema_type_options":"{\"article\":{\"articleType\":\"BlogPosting\"},\"course\":{\"name\":\"\",\"description\":\"\",\"provider\":\"\"},\"faq\":{\"pages\":[]},\"product\":{\"reviews\":[]},\"recipe\":{\"ingredients\":[],\"instructions\":[],\"keywords\":[]},\"software\":{\"reviews\":[],\"operatingSystems\":[]},\"webPage\":{\"webPageType\":\"WebPage\"},\"blockGraphs\":[]}","pillar_content":false,"robots_default":true,"robots_noindex":false,"robots_noarchive":false,"robots_nosnippet":false,"robots_nofollow":false,"robots_noimageindex":false,"robots_noodp":false,"robots_notranslate":false,"robots_max_snippet":"-1","robots_max_videopreview":"-1","robots_max_imagepreview":"large","priority":null,"frequency":"default","location":null,"local_seo":null,"seo_analyzer_scan_date":"2025-08-28 20:20:33","breadcrumb_settings":null,"limit_modified_date":false,"open_ai":null,"ai":null,"created":"2022-08-06 04:16:09","updated":"2025-08-28 20:20:33"},"aioseo_breadcrumb":"<div class=\"aioseo-breadcrumbs\"><span class=\"aioseo-breadcrumb\">\n\t<a href=\"https:\/\/eldigitaldeasturias.com\/radio\" title=\"Inicio\">Inicio<\/a>\n<\/span><span class=\"aioseo-breadcrumb-separator\">&ndash;<\/span><span class=\"aioseo-breadcrumb\">\n\t<a href=\"https:\/\/eldigitaldeasturias.com\/radio\/category\/turismo\/\" title=\"Turismo\">Turismo<\/a>\n<\/span><span class=\"aioseo-breadcrumb-separator\">&ndash;<\/span><span class=\"aioseo-breadcrumb\">\n\tR\u00fcgen, la mayor isla alemana, muestra otra cara en invierno\n<\/span><\/div>","aioseo_breadcrumb_json":[{"label":"Inicio","link":"https:\/\/eldigitaldeasturias.com\/radio"},{"label":"Turismo","link":"https:\/\/eldigitaldeasturias.com\/radio\/category\/turismo\/"},{"label":"R\u00fcgen, la mayor isla alemana, muestra otra cara en invierno","link":"https:\/\/eldigitaldeasturias.com\/radio\/rugen-la-mayor-isla-alemana-muestra-otra-cara-en-invierno\/"}],"_links":{"self":[{"href":"https:\/\/eldigitaldeasturias.com\/radio\/wp-json\/wp\/v2\/posts\/7123","targetHints":{"allow":["GET"]}}],"collection":[{"href":"https:\/\/eldigitaldeasturias.com\/radio\/wp-json\/wp\/v2\/posts"}],"about":[{"href":"https:\/\/eldigitaldeasturias.com\/radio\/wp-json\/wp\/v2\/types\/post"}],"author":[{"embeddable":true,"href":"https:\/\/eldigitaldeasturias.com\/radio\/wp-json\/wp\/v2\/users\/1"}],"replies":[{"embeddable":true,"href":"https:\/\/eldigitaldeasturias.com\/radio\/wp-json\/wp\/v2\/comments?post=7123"}],"version-history":[{"count":0,"href":"https:\/\/eldigitaldeasturias.com\/radio\/wp-json\/wp\/v2\/posts\/7123\/revisions"}],"wp:featuredmedia":[{"embeddable":true,"href":"https:\/\/eldigitaldeasturias.com\/radio\/wp-json\/wp\/v2\/media\/7124"}],"wp:attachment":[{"href":"https:\/\/eldigitaldeasturias.com\/radio\/wp-json\/wp\/v2\/media?parent=7123"}],"wp:term":[{"taxonomy":"category","embeddable":true,"href":"https:\/\/eldigitaldeasturias.com\/radio\/wp-json\/wp\/v2\/categories?post=7123"},{"taxonomy":"post_tag","embeddable":true,"href":"https:\/\/eldigitaldeasturias.com\/radio\/wp-json\/wp\/v2\/tags?post=7123"}],"curies":[{"name":"wp","href":"https:\/\/api.w.org\/{rel}","templated":true}]}}