{"id":7105,"date":"2022-08-06T05:28:08","date_gmt":"2022-08-06T03:28:08","guid":{"rendered":"https:\/\/eldigitaldeasturias.com\/radio\/?p=7105"},"modified":"2022-08-06T05:28:27","modified_gmt":"2022-08-06T03:28:27","slug":"musica-y-uniforme-policia-mexicano-rapea-sobre-la-lucha-antidrogas","status":"publish","type":"post","link":"https:\/\/eldigitaldeasturias.com\/radio\/musica-y-uniforme-policia-mexicano-rapea-sobre-la-lucha-antidrogas\/","title":{"rendered":"M\u00fasica y uniforme: Polic\u00eda mexicano rapea sobre la lucha antidrogas"},"content":{"rendered":"<p>(dpa) &#8211; En el estudio de grabaci\u00f3n de su casa, en las afueras de Ciudad de M\u00e9xico, Alan Galv\u00e1n se acomoda la gorra y el chaleco antibalas sobre el uniforme azul. Toma el micr\u00f3fono y entra en acci\u00f3n. El polic\u00eda mexicano rapea sobre los operativos antidrogas cuando termina de patrullar.<\/p>\n<figure id=\"attachment_7106\" aria-describedby=\"caption-attachment-7106\" style=\"width: 650px\" class=\"wp-caption aligncenter\"><img fetchpriority=\"high\" decoding=\"async\" class=\"wp-image-7106\" src=\"https:\/\/eldigitaldeasturias.com\/radio\/wp-content\/uploads\/2022\/08\/Alan-Galvan-360x243.jpg\" alt=\"Alan Galv\u00e1n\" width=\"650\" height=\"438\" srcset=\"https:\/\/eldigitaldeasturias.com\/radio\/wp-content\/uploads\/2022\/08\/Alan-Galvan-360x243.jpg 360w, https:\/\/eldigitaldeasturias.com\/radio\/wp-content\/uploads\/2022\/08\/Alan-Galvan-768x517.jpg 768w, https:\/\/eldigitaldeasturias.com\/radio\/wp-content\/uploads\/2022\/08\/Alan-Galvan-150x101.jpg 150w, https:\/\/eldigitaldeasturias.com\/radio\/wp-content\/uploads\/2022\/08\/Alan-Galvan-450x303.jpg 450w, https:\/\/eldigitaldeasturias.com\/radio\/wp-content\/uploads\/2022\/08\/Alan-Galvan.jpg 999w\" sizes=\"(max-width: 650px) 100vw, 650px\" \/><figcaption id=\"caption-attachment-7106\" class=\"wp-caption-text\">Alan Galv\u00e1n, en el estudio de grabaci\u00f3n instalado en su vivienda. El polic\u00eda mexicano de 29 a\u00f1os se llama Ese Gorrix en su segundo oficio, el de m\u00fasico, en el que rapea sobre su labor en las fuerzas de seguridad. Foto: Jair Cabrera Torres\/dpa<\/figcaption><\/figure>\n<p>Se coloca los auriculares y repasa los versos de su rap \u00abMi autobiograf\u00eda\u00bb. Los brazos acompa\u00f1an con movimientos r\u00edtmicos y en\u00e9rgicos. Una bandera mexicana cuelga de la pared.<\/p>\n<p>\u00abNunca pensaron que mi sue\u00f1o lograr\u00eda \/ con orgullo hoy les digo soy rapero y polic\u00eda (&#8230;)\/ soy polic\u00eda actualmente operativo \/ listo para hacerle frente al enemigo\u00bb, canta Galv\u00e1n, que usa el nombre art\u00edstico de Ese Gorrix.<\/p>\n<p>Su g\u00e9nero se conoce como \u00abrap b\u00e9lico\u00bb, antagonista de la narcom\u00fasica, que glorifica a los capos del narcotr\u00e1fico, dice el polic\u00eda de 29 a\u00f1os a dpa. El agente, con diez a\u00f1os activo en Ciudad de M\u00e9xico, quiere tambi\u00e9n motivar a otros polic\u00edas y militares con su m\u00fasica.<\/p>\n<p>Ese Gorrix tiene m\u00e1s de 500.000 suscriptores en YouTube. Sus videos han sido reproducidos 112 millones de veces. En diciembre cant\u00f3 ante miles de personas en la Plaza de Toros de Ciudad de M\u00e9xico como parte de un festejo de la Polic\u00eda.<\/p>\n<p>\u00abLe estoy dando voz a las personas detr\u00e1s del uniforme. Me contactan, me cuentan sus historias y me contratan para que les arme una canci\u00f3n\u00bb, explica.<\/p>\n<p>El \u00abrap b\u00e9lico\u00bb tiene tambi\u00e9n otros representantes como Mr. Tyson, considerado por sus colegas como el precursor, MC Razo y El Gafe. La ventaja de Ese Gorrix es que conoce las vivencias de las fuerzas de seguridad desde dentro.<\/p>\n<p>Su sello musical, con el que patrocina tambi\u00e9n a otros cantantes, se llama Flow Blindado Music. En septiembre lanzar\u00e1 su primer disco con una compa\u00f1\u00eda discogr\u00e1fica.<\/p>\n<p>\u00abMe comparan mucho con otro rapero mexicano que para m\u00ed es muy talentoso desde la parte musical, pero \u00e9l le canta a puro narco y yo soy como la parte buena\u00bb, afirma el polic\u00eda, que cuando rapea se pone un uniforme distinto al oficial.<\/p>\n<p>En la batalla mexicana de las drogas, con unos 350.000 asesinatos y unos 96.000 desaparecidos en 15 a\u00f1os, la frontera entre buenos y malos a veces es difusa.<\/p>\n<p>Hay ex polic\u00edas que ahora son jefes de c\u00e1rteles, uniformados que colaboran con delincuentes y abusos de fuerzas de seguridad. Este tema aparece reflejado en algunas canciones de Ese Gorrix, que critica a organismos de derechos humanos el ponerse supuestamente m\u00e1s del lado de los delincuentes.<\/p>\n<p>En cualquier caso, tanto en un bando como en el otro, el rap se est\u00e1 abriendo paso. Antes, los jefes de los c\u00e1rteles mandaban a componer narcocorridos en su honor a ritmo de polka, con acorde\u00f3n y trompetas. Los narcos j\u00f3venes prefieren otro estilo.<\/p>\n<p>\u00abHay un cambio generacional\u00bb, dice a dpa el fil\u00f3logo Enrique Flores, autor del libro \u00abRimas malandras: del narcocorrido al narco rap\u00bb. \u00abY vemos aqu\u00ed adem\u00e1s que estos estilos son adoptados primero por el crimen y luego por la Polic\u00eda. Es como un campo de batalla en la cultura, donde uno es como una respuesta al otro\u00bb.<\/p>\n<p><i class=\"lang-es\"><span class=\" readonly\" title=\"\">Por Andrea Sosa Cabrios (dpa)<\/span><\/i><\/p>\n","protected":false},"excerpt":{"rendered":"<p>(dpa) &#8211; En el estudio de grabaci\u00f3n de su casa, en las afueras de Ciudad de M\u00e9xico, Alan Galv\u00e1n se acomoda la gorra y el chaleco antibalas sobre el uniforme azul. Toma el micr\u00f3fono y entra en acci\u00f3n. El polic\u00eda mexicano rapea sobre los operativos antidrogas cuando termina de patrullar. Se coloca los auriculares y<\/p>\n","protected":false},"author":1,"featured_media":7106,"comment_status":"closed","ping_status":"closed","sticky":false,"template":"","format":"standard","meta":{"footnotes":""},"categories":[26,36],"tags":[],"class_list":{"0":"post-7105","1":"post","2":"type-post","3":"status-publish","4":"format-standard","5":"has-post-thumbnail","7":"category-reportajes","8":"category-titulares"},"aioseo_notices":[],"aioseo_head":"\n\t\t<!-- All in One SEO Pro 4.9.6.2 - aioseo.com -->\n\t<meta name=\"description\" content=\"(dpa) - En el estudio de grabaci\u00f3n de su casa, en las afueras de Ciudad de M\u00e9xico, Alan Galv\u00e1n se acomoda la gorra y el chaleco antibalas sobre el\" \/>\n\t<meta name=\"robots\" content=\"max-image-preview:large\" \/>\n\t<meta name=\"author\" content=\"NBAsturias\"\/>\n\t<meta name=\"google-site-verification\" content=\"UA-38556648-1\" \/>\n\t<meta name=\"keywords\" content=\"reportajes,titulares\" \/>\n\t<link rel=\"canonical\" href=\"https:\/\/eldigitaldeasturias.com\/radio\/musica-y-uniforme-policia-mexicano-rapea-sobre-la-lucha-antidrogas\/\" \/>\n\t<meta name=\"generator\" content=\"All in One SEO Pro (AIOSEO) 4.9.6.2\" \/>\n\t\t<meta property=\"og:locale\" content=\"es_ES\" \/>\n\t\t<meta property=\"og:site_name\" content=\"El Digital de Asturias | Diario de informaci\u00f3n y noticias\" \/>\n\t\t<meta property=\"og:type\" content=\"article\" \/>\n\t\t<meta property=\"og:title\" content=\"M\u00fasica y uniforme: Polic\u00eda mexicano rapea sobre la lucha antidrogas | El Digital de Asturias\" \/>\n\t\t<meta property=\"og:description\" content=\"(dpa) - En el estudio de grabaci\u00f3n de su casa, en las afueras de Ciudad de M\u00e9xico, Alan Galv\u00e1n se acomoda la gorra y el chaleco antibalas sobre el\" \/>\n\t\t<meta property=\"og:url\" content=\"https:\/\/eldigitaldeasturias.com\/radio\/musica-y-uniforme-policia-mexicano-rapea-sobre-la-lucha-antidrogas\/\" \/>\n\t\t<meta property=\"og:image\" content=\"https:\/\/eldigitaldeasturias.com\/radio\/wp-content\/uploads\/2022\/08\/Alan-Galvan.jpg\" \/>\n\t\t<meta property=\"og:image:secure_url\" content=\"https:\/\/eldigitaldeasturias.com\/radio\/wp-content\/uploads\/2022\/08\/Alan-Galvan.jpg\" \/>\n\t\t<meta property=\"og:image:width\" content=\"999\" \/>\n\t\t<meta property=\"og:image:height\" content=\"673\" \/>\n\t\t<meta property=\"article:published_time\" content=\"2022-08-06T03:28:08+00:00\" \/>\n\t\t<meta property=\"article:modified_time\" content=\"2022-08-06T03:28:27+00:00\" \/>\n\t\t<meta name=\"twitter:card\" content=\"summary_large_image\" \/>\n\t\t<meta name=\"twitter:site\" content=\"@bercodi\" \/>\n\t\t<meta name=\"twitter:title\" content=\"M\u00fasica y uniforme: Polic\u00eda mexicano rapea sobre la lucha antidrogas | El Digital de Asturias\" \/>\n\t\t<meta name=\"twitter:description\" content=\"(dpa) - En el estudio de grabaci\u00f3n de su casa, en las afueras de Ciudad de M\u00e9xico, Alan Galv\u00e1n se acomoda la gorra y el chaleco antibalas sobre el\" \/>\n\t\t<meta name=\"twitter:creator\" content=\"@bercodi\" \/>\n\t\t<meta name=\"twitter:image\" content=\"https:\/\/eldigitaldeasturias.com\/radio\/wp-content\/uploads\/2022\/08\/Alan-Galvan.jpg\" \/>\n\t\t<script type=\"application\/ld+json\" class=\"aioseo-schema\">\n\t\t\t{\"@context\":\"https:\\\/\\\/schema.org\",\"@graph\":[{\"@type\":\"BreadcrumbList\",\"@id\":\"https:\\\/\\\/eldigitaldeasturias.com\\\/radio\\\/musica-y-uniforme-policia-mexicano-rapea-sobre-la-lucha-antidrogas\\\/#breadcrumblist\",\"itemListElement\":[{\"@type\":\"ListItem\",\"@id\":\"https:\\\/\\\/eldigitaldeasturias.com\\\/radio#listItem\",\"position\":1,\"name\":\"Inicio\",\"item\":\"https:\\\/\\\/eldigitaldeasturias.com\\\/radio\",\"nextItem\":{\"@type\":\"ListItem\",\"@id\":\"https:\\\/\\\/eldigitaldeasturias.com\\\/radio\\\/category\\\/reportajes\\\/#listItem\",\"name\":\"Reportajes\"}},{\"@type\":\"ListItem\",\"@id\":\"https:\\\/\\\/eldigitaldeasturias.com\\\/radio\\\/category\\\/reportajes\\\/#listItem\",\"position\":2,\"name\":\"Reportajes\",\"item\":\"https:\\\/\\\/eldigitaldeasturias.com\\\/radio\\\/category\\\/reportajes\\\/\",\"nextItem\":{\"@type\":\"ListItem\",\"@id\":\"https:\\\/\\\/eldigitaldeasturias.com\\\/radio\\\/musica-y-uniforme-policia-mexicano-rapea-sobre-la-lucha-antidrogas\\\/#listItem\",\"name\":\"M\\u00fasica y uniforme: Polic\\u00eda mexicano rapea sobre la lucha antidrogas\"},\"previousItem\":{\"@type\":\"ListItem\",\"@id\":\"https:\\\/\\\/eldigitaldeasturias.com\\\/radio#listItem\",\"name\":\"Inicio\"}},{\"@type\":\"ListItem\",\"@id\":\"https:\\\/\\\/eldigitaldeasturias.com\\\/radio\\\/musica-y-uniforme-policia-mexicano-rapea-sobre-la-lucha-antidrogas\\\/#listItem\",\"position\":3,\"name\":\"M\\u00fasica y uniforme: Polic\\u00eda mexicano rapea sobre la lucha antidrogas\",\"previousItem\":{\"@type\":\"ListItem\",\"@id\":\"https:\\\/\\\/eldigitaldeasturias.com\\\/radio\\\/category\\\/reportajes\\\/#listItem\",\"name\":\"Reportajes\"}}]},{\"@type\":\"NewsArticle\",\"@id\":\"https:\\\/\\\/eldigitaldeasturias.com\\\/radio\\\/musica-y-uniforme-policia-mexicano-rapea-sobre-la-lucha-antidrogas\\\/#newsarticle\",\"name\":\"M\\u00fasica y uniforme: Polic\\u00eda mexicano rapea sobre la lucha antidrogas | El Digital de Asturias\",\"headline\":\"M\\u00fasica y uniforme: Polic\\u00eda mexicano rapea sobre la lucha antidrogas\",\"author\":{\"@id\":\"https:\\\/\\\/eldigitaldeasturias.com\\\/radio\\\/author\\\/nbasturias\\\/#author\"},\"publisher\":{\"@id\":\"https:\\\/\\\/eldigitaldeasturias.com\\\/radio\\\/#organization\"},\"image\":{\"@type\":\"ImageObject\",\"url\":\"https:\\\/\\\/eldigitaldeasturias.com\\\/radio\\\/wp-content\\\/uploads\\\/2022\\\/08\\\/Alan-Galvan.jpg\",\"width\":999,\"height\":673,\"caption\":\"Alan Galv\\u00e1n, en el estudio de grabaci\\u00f3n instalado en su vivienda. El polic\\u00eda mexicano de 29 a\\u00f1os se llama Ese Gorrix en su segundo oficio, el de m\\u00fasico, en el que rapea sobre su labor en las fuerzas de seguridad. Foto: Jair Cabrera Torres\\\/dpa\"},\"datePublished\":\"2022-08-06T05:28:08+02:00\",\"dateModified\":\"2022-08-06T05:28:27+02:00\",\"inLanguage\":\"es-ES\",\"mainEntityOfPage\":{\"@id\":\"https:\\\/\\\/eldigitaldeasturias.com\\\/radio\\\/musica-y-uniforme-policia-mexicano-rapea-sobre-la-lucha-antidrogas\\\/#webpage\"},\"isPartOf\":{\"@id\":\"https:\\\/\\\/eldigitaldeasturias.com\\\/radio\\\/musica-y-uniforme-policia-mexicano-rapea-sobre-la-lucha-antidrogas\\\/#webpage\"},\"articleSection\":\"Reportajes, Titulares\",\"dateline\":\"Publicado el agosto 6, 2022.\"},{\"@type\":\"Organization\",\"@id\":\"https:\\\/\\\/eldigitaldeasturias.com\\\/radio\\\/#organization\",\"name\":\"El digital de Asturias Radio\",\"description\":\"Diario de informaci\\u00f3n y noticias\",\"url\":\"https:\\\/\\\/eldigitaldeasturias.com\\\/radio\\\/\",\"telephone\":\"+34652131393\",\"logo\":{\"@type\":\"ImageObject\",\"url\":\"https:\\\/\\\/www.eldigitaldeasturias.com\\\/radio\\\/wp-content\\\/uploads\\\/2021\\\/03\\\/EDA.jpg\",\"@id\":\"https:\\\/\\\/eldigitaldeasturias.com\\\/radio\\\/musica-y-uniforme-policia-mexicano-rapea-sobre-la-lucha-antidrogas\\\/#organizationLogo\"},\"image\":{\"@id\":\"https:\\\/\\\/eldigitaldeasturias.com\\\/radio\\\/musica-y-uniforme-policia-mexicano-rapea-sobre-la-lucha-antidrogas\\\/#organizationLogo\"},\"sameAs\":[\"https:\\\/\\\/www.facebook.com\\\/\",\"https:\\\/\\\/x.com\\\/bercodi\",\"https:\\\/\\\/www.instagram.com\\\/\",\"https:\\\/\\\/www.youtube.com\\\/channel\\\/UCZP-2wLEB9Rv6erhFmqVnvg\"]},{\"@type\":\"Person\",\"@id\":\"https:\\\/\\\/eldigitaldeasturias.com\\\/radio\\\/author\\\/nbasturias\\\/#author\",\"url\":\"https:\\\/\\\/eldigitaldeasturias.com\\\/radio\\\/author\\\/nbasturias\\\/\",\"name\":\"NBAsturias\",\"image\":{\"@type\":\"ImageObject\",\"@id\":\"https:\\\/\\\/eldigitaldeasturias.com\\\/radio\\\/musica-y-uniforme-policia-mexicano-rapea-sobre-la-lucha-antidrogas\\\/#authorImage\",\"url\":\"https:\\\/\\\/secure.gravatar.com\\\/avatar\\\/df2aeffc32bcd13f8d26072ef8a91b623d677766deac7f97ca815868cd41bf5e?s=96&d=mm&r=g\",\"width\":96,\"height\":96,\"caption\":\"NBAsturias\"}},{\"@type\":\"WebPage\",\"@id\":\"https:\\\/\\\/eldigitaldeasturias.com\\\/radio\\\/musica-y-uniforme-policia-mexicano-rapea-sobre-la-lucha-antidrogas\\\/#webpage\",\"url\":\"https:\\\/\\\/eldigitaldeasturias.com\\\/radio\\\/musica-y-uniforme-policia-mexicano-rapea-sobre-la-lucha-antidrogas\\\/\",\"name\":\"M\\u00fasica y uniforme: Polic\\u00eda mexicano rapea sobre la lucha antidrogas | El Digital de Asturias\",\"description\":\"(dpa) - En el estudio de grabaci\\u00f3n de su casa, en las afueras de Ciudad de M\\u00e9xico, Alan Galv\\u00e1n se acomoda la gorra y el chaleco antibalas sobre el\",\"inLanguage\":\"es-ES\",\"isPartOf\":{\"@id\":\"https:\\\/\\\/eldigitaldeasturias.com\\\/radio\\\/#website\"},\"breadcrumb\":{\"@id\":\"https:\\\/\\\/eldigitaldeasturias.com\\\/radio\\\/musica-y-uniforme-policia-mexicano-rapea-sobre-la-lucha-antidrogas\\\/#breadcrumblist\"},\"author\":{\"@id\":\"https:\\\/\\\/eldigitaldeasturias.com\\\/radio\\\/author\\\/nbasturias\\\/#author\"},\"creator\":{\"@id\":\"https:\\\/\\\/eldigitaldeasturias.com\\\/radio\\\/author\\\/nbasturias\\\/#author\"},\"image\":{\"@type\":\"ImageObject\",\"url\":\"https:\\\/\\\/eldigitaldeasturias.com\\\/radio\\\/wp-content\\\/uploads\\\/2022\\\/08\\\/Alan-Galvan.jpg\",\"@id\":\"https:\\\/\\\/eldigitaldeasturias.com\\\/radio\\\/musica-y-uniforme-policia-mexicano-rapea-sobre-la-lucha-antidrogas\\\/#mainImage\",\"width\":999,\"height\":673,\"caption\":\"Alan Galv\\u00e1n, en el estudio de grabaci\\u00f3n instalado en su vivienda. El polic\\u00eda mexicano de 29 a\\u00f1os se llama Ese Gorrix en su segundo oficio, el de m\\u00fasico, en el que rapea sobre su labor en las fuerzas de seguridad. Foto: Jair Cabrera Torres\\\/dpa\"},\"primaryImageOfPage\":{\"@id\":\"https:\\\/\\\/eldigitaldeasturias.com\\\/radio\\\/musica-y-uniforme-policia-mexicano-rapea-sobre-la-lucha-antidrogas\\\/#mainImage\"},\"datePublished\":\"2022-08-06T05:28:08+02:00\",\"dateModified\":\"2022-08-06T05:28:27+02:00\"},{\"@type\":\"WebSite\",\"@id\":\"https:\\\/\\\/eldigitaldeasturias.com\\\/radio\\\/#website\",\"url\":\"https:\\\/\\\/eldigitaldeasturias.com\\\/radio\\\/\",\"name\":\"El Digital de Asturias\",\"description\":\"Diario de informaci\\u00f3n y noticias\",\"inLanguage\":\"es-ES\",\"publisher\":{\"@id\":\"https:\\\/\\\/eldigitaldeasturias.com\\\/radio\\\/#organization\"}}]}\n\t\t<\/script>\n\t\t<!-- All in One SEO Pro -->\r\n\t\t<title>M\u00fasica y uniforme: Polic\u00eda mexicano rapea sobre la lucha antidrogas | El Digital de Asturias<\/title>\n\n","aioseo_head_json":{"title":"M\u00fasica y uniforme: Polic\u00eda mexicano rapea sobre la lucha antidrogas | El Digital de Asturias","description":"(dpa) - En el estudio de grabaci\u00f3n de su casa, en las afueras de Ciudad de M\u00e9xico, Alan Galv\u00e1n se acomoda la gorra y el chaleco antibalas sobre el","canonical_url":"https:\/\/eldigitaldeasturias.com\/radio\/musica-y-uniforme-policia-mexicano-rapea-sobre-la-lucha-antidrogas\/","robots":"max-image-preview:large","keywords":"reportajes,titulares","webmasterTools":{"google-site-verification":"UA-38556648-1","miscellaneous":""},"schema":{"@context":"https:\/\/schema.org","@graph":[{"@type":"BreadcrumbList","@id":"https:\/\/eldigitaldeasturias.com\/radio\/musica-y-uniforme-policia-mexicano-rapea-sobre-la-lucha-antidrogas\/#breadcrumblist","itemListElement":[{"@type":"ListItem","@id":"https:\/\/eldigitaldeasturias.com\/radio#listItem","position":1,"name":"Inicio","item":"https:\/\/eldigitaldeasturias.com\/radio","nextItem":{"@type":"ListItem","@id":"https:\/\/eldigitaldeasturias.com\/radio\/category\/reportajes\/#listItem","name":"Reportajes"}},{"@type":"ListItem","@id":"https:\/\/eldigitaldeasturias.com\/radio\/category\/reportajes\/#listItem","position":2,"name":"Reportajes","item":"https:\/\/eldigitaldeasturias.com\/radio\/category\/reportajes\/","nextItem":{"@type":"ListItem","@id":"https:\/\/eldigitaldeasturias.com\/radio\/musica-y-uniforme-policia-mexicano-rapea-sobre-la-lucha-antidrogas\/#listItem","name":"M\u00fasica y uniforme: Polic\u00eda mexicano rapea sobre la lucha antidrogas"},"previousItem":{"@type":"ListItem","@id":"https:\/\/eldigitaldeasturias.com\/radio#listItem","name":"Inicio"}},{"@type":"ListItem","@id":"https:\/\/eldigitaldeasturias.com\/radio\/musica-y-uniforme-policia-mexicano-rapea-sobre-la-lucha-antidrogas\/#listItem","position":3,"name":"M\u00fasica y uniforme: Polic\u00eda mexicano rapea sobre la lucha antidrogas","previousItem":{"@type":"ListItem","@id":"https:\/\/eldigitaldeasturias.com\/radio\/category\/reportajes\/#listItem","name":"Reportajes"}}]},{"@type":"NewsArticle","@id":"https:\/\/eldigitaldeasturias.com\/radio\/musica-y-uniforme-policia-mexicano-rapea-sobre-la-lucha-antidrogas\/#newsarticle","name":"M\u00fasica y uniforme: Polic\u00eda mexicano rapea sobre la lucha antidrogas | El Digital de Asturias","headline":"M\u00fasica y uniforme: Polic\u00eda mexicano rapea sobre la lucha antidrogas","author":{"@id":"https:\/\/eldigitaldeasturias.com\/radio\/author\/nbasturias\/#author"},"publisher":{"@id":"https:\/\/eldigitaldeasturias.com\/radio\/#organization"},"image":{"@type":"ImageObject","url":"https:\/\/eldigitaldeasturias.com\/radio\/wp-content\/uploads\/2022\/08\/Alan-Galvan.jpg","width":999,"height":673,"caption":"Alan Galv\u00e1n, en el estudio de grabaci\u00f3n instalado en su vivienda. El polic\u00eda mexicano de 29 a\u00f1os se llama Ese Gorrix en su segundo oficio, el de m\u00fasico, en el que rapea sobre su labor en las fuerzas de seguridad. Foto: Jair Cabrera Torres\/dpa"},"datePublished":"2022-08-06T05:28:08+02:00","dateModified":"2022-08-06T05:28:27+02:00","inLanguage":"es-ES","mainEntityOfPage":{"@id":"https:\/\/eldigitaldeasturias.com\/radio\/musica-y-uniforme-policia-mexicano-rapea-sobre-la-lucha-antidrogas\/#webpage"},"isPartOf":{"@id":"https:\/\/eldigitaldeasturias.com\/radio\/musica-y-uniforme-policia-mexicano-rapea-sobre-la-lucha-antidrogas\/#webpage"},"articleSection":"Reportajes, Titulares","dateline":"Publicado el agosto 6, 2022."},{"@type":"Organization","@id":"https:\/\/eldigitaldeasturias.com\/radio\/#organization","name":"El digital de Asturias Radio","description":"Diario de informaci\u00f3n y noticias","url":"https:\/\/eldigitaldeasturias.com\/radio\/","telephone":"+34652131393","logo":{"@type":"ImageObject","url":"https:\/\/www.eldigitaldeasturias.com\/radio\/wp-content\/uploads\/2021\/03\/EDA.jpg","@id":"https:\/\/eldigitaldeasturias.com\/radio\/musica-y-uniforme-policia-mexicano-rapea-sobre-la-lucha-antidrogas\/#organizationLogo"},"image":{"@id":"https:\/\/eldigitaldeasturias.com\/radio\/musica-y-uniforme-policia-mexicano-rapea-sobre-la-lucha-antidrogas\/#organizationLogo"},"sameAs":["https:\/\/www.facebook.com\/","https:\/\/x.com\/bercodi","https:\/\/www.instagram.com\/","https:\/\/www.youtube.com\/channel\/UCZP-2wLEB9Rv6erhFmqVnvg"]},{"@type":"Person","@id":"https:\/\/eldigitaldeasturias.com\/radio\/author\/nbasturias\/#author","url":"https:\/\/eldigitaldeasturias.com\/radio\/author\/nbasturias\/","name":"NBAsturias","image":{"@type":"ImageObject","@id":"https:\/\/eldigitaldeasturias.com\/radio\/musica-y-uniforme-policia-mexicano-rapea-sobre-la-lucha-antidrogas\/#authorImage","url":"https:\/\/secure.gravatar.com\/avatar\/df2aeffc32bcd13f8d26072ef8a91b623d677766deac7f97ca815868cd41bf5e?s=96&d=mm&r=g","width":96,"height":96,"caption":"NBAsturias"}},{"@type":"WebPage","@id":"https:\/\/eldigitaldeasturias.com\/radio\/musica-y-uniforme-policia-mexicano-rapea-sobre-la-lucha-antidrogas\/#webpage","url":"https:\/\/eldigitaldeasturias.com\/radio\/musica-y-uniforme-policia-mexicano-rapea-sobre-la-lucha-antidrogas\/","name":"M\u00fasica y uniforme: Polic\u00eda mexicano rapea sobre la lucha antidrogas | El Digital de Asturias","description":"(dpa) - En el estudio de grabaci\u00f3n de su casa, en las afueras de Ciudad de M\u00e9xico, Alan Galv\u00e1n se acomoda la gorra y el chaleco antibalas sobre el","inLanguage":"es-ES","isPartOf":{"@id":"https:\/\/eldigitaldeasturias.com\/radio\/#website"},"breadcrumb":{"@id":"https:\/\/eldigitaldeasturias.com\/radio\/musica-y-uniforme-policia-mexicano-rapea-sobre-la-lucha-antidrogas\/#breadcrumblist"},"author":{"@id":"https:\/\/eldigitaldeasturias.com\/radio\/author\/nbasturias\/#author"},"creator":{"@id":"https:\/\/eldigitaldeasturias.com\/radio\/author\/nbasturias\/#author"},"image":{"@type":"ImageObject","url":"https:\/\/eldigitaldeasturias.com\/radio\/wp-content\/uploads\/2022\/08\/Alan-Galvan.jpg","@id":"https:\/\/eldigitaldeasturias.com\/radio\/musica-y-uniforme-policia-mexicano-rapea-sobre-la-lucha-antidrogas\/#mainImage","width":999,"height":673,"caption":"Alan Galv\u00e1n, en el estudio de grabaci\u00f3n instalado en su vivienda. El polic\u00eda mexicano de 29 a\u00f1os se llama Ese Gorrix en su segundo oficio, el de m\u00fasico, en el que rapea sobre su labor en las fuerzas de seguridad. Foto: Jair Cabrera Torres\/dpa"},"primaryImageOfPage":{"@id":"https:\/\/eldigitaldeasturias.com\/radio\/musica-y-uniforme-policia-mexicano-rapea-sobre-la-lucha-antidrogas\/#mainImage"},"datePublished":"2022-08-06T05:28:08+02:00","dateModified":"2022-08-06T05:28:27+02:00"},{"@type":"WebSite","@id":"https:\/\/eldigitaldeasturias.com\/radio\/#website","url":"https:\/\/eldigitaldeasturias.com\/radio\/","name":"El Digital de Asturias","description":"Diario de informaci\u00f3n y noticias","inLanguage":"es-ES","publisher":{"@id":"https:\/\/eldigitaldeasturias.com\/radio\/#organization"}}]},"og:locale":"es_ES","og:site_name":"El Digital de Asturias | Diario de informaci\u00f3n y noticias","og:type":"article","og:title":"M\u00fasica y uniforme: Polic\u00eda mexicano rapea sobre la lucha antidrogas | El Digital de Asturias","og:description":"(dpa) - En el estudio de grabaci\u00f3n de su casa, en las afueras de Ciudad de M\u00e9xico, Alan Galv\u00e1n se acomoda la gorra y el chaleco antibalas sobre el","og:url":"https:\/\/eldigitaldeasturias.com\/radio\/musica-y-uniforme-policia-mexicano-rapea-sobre-la-lucha-antidrogas\/","og:image":"https:\/\/eldigitaldeasturias.com\/radio\/wp-content\/uploads\/2022\/08\/Alan-Galvan.jpg","og:image:secure_url":"https:\/\/eldigitaldeasturias.com\/radio\/wp-content\/uploads\/2022\/08\/Alan-Galvan.jpg","og:image:width":999,"og:image:height":673,"article:published_time":"2022-08-06T03:28:08+00:00","article:modified_time":"2022-08-06T03:28:27+00:00","twitter:card":"summary_large_image","twitter:site":"@bercodi","twitter:title":"M\u00fasica y uniforme: Polic\u00eda mexicano rapea sobre la lucha antidrogas | El Digital de Asturias","twitter:description":"(dpa) - En el estudio de grabaci\u00f3n de su casa, en las afueras de Ciudad de M\u00e9xico, Alan Galv\u00e1n se acomoda la gorra y el chaleco antibalas sobre el","twitter:creator":"@bercodi","twitter:image":"https:\/\/eldigitaldeasturias.com\/radio\/wp-content\/uploads\/2022\/08\/Alan-Galvan.jpg"},"aioseo_meta_data":{"post_id":"7105","title":null,"description":"(dpa) - En el estudio de grabaci\u00f3n de su casa, en las afueras de Ciudad de M\u00e9xico, Alan Galv\u00e1n se acomoda la gorra y el chaleco antibalas sobre el","keywords":[],"keyphrases":{"focus":{"keyphrase":"Alan Galv\u00e1n","score":80,"analysis":{"keyphraseInTitle":{"title":"Focus keyphrase in SEO title","description":"Focus keyphrase not found in SEO title.","score":3,"maxScore":9,"error":1},"keyphraseInDescription":{"title":"Focus keyphrase in meta description","description":"Focus keyphrase found in meta description.","score":9,"maxScore":9,"error":0},"keyphraseLength":{"title":"Focus keyphrase length","description":"Good job!","score":9,"maxScore":9,"error":0,"length":2},"keyphraseInURL":{"title":"Focus keyphrase in URL","description":"Focus keyphrase not found in the URL.","score":1,"maxScore":5,"error":1},"keyphraseInIntroduction":{"title":"Focus keyphrase in introduction","description":"Your Focus keyphrase appears in the first paragraph. Well done!","score":9,"maxScore":9,"error":0},"keyphraseInSubHeadings":[],"keyphraseInImageAlt":{"title":"Focus keyphrase in image alt attributes","description":"Focus keyphrase found in image alt attribute(s).","score":9,"maxScore":9,"error":0}}},"additional":[{"keyphrase":"Alan Galv\u00e1n","score":100,"analysis":{"keyphraseInDescription":{"title":"Keyphrase in meta description","description":"Keyphrase found in meta description.","score":9,"maxScore":9,"error":0},"keyphraseLength":{"title":"Keyphrase length","description":"Good job!","score":9,"maxScore":9,"error":0,"length":2},"keyphraseInIntroduction":{"title":"Keyphrase in introduction","description":"Your Keyphrase appears in the first paragraph. Well done!","score":9,"maxScore":9,"error":0},"keyphraseInImageAlt":{"title":"Keyphrase in image alt attributes","description":"Keyphrase found in image alt attribute(s).","score":9,"maxScore":9,"error":0}}}]},"primary_term":null,"canonical_url":null,"og_title":null,"og_description":null,"og_object_type":"default","og_image_type":"default","og_image_url":null,"og_image_width":null,"og_image_height":null,"og_image_custom_url":null,"og_image_custom_fields":null,"og_video":"","og_custom_url":null,"og_article_section":null,"og_article_tags":[],"twitter_use_og":false,"twitter_card":"default","twitter_image_type":"default","twitter_image_url":null,"twitter_image_custom_url":null,"twitter_image_custom_fields":null,"twitter_title":null,"twitter_description":null,"schema":{"blockGraphs":[],"customGraphs":[],"default":{"data":{"Article":[],"Course":[],"Dataset":[],"FAQPage":[],"Movie":[],"Person":[],"Product":[],"ProductReview":[],"Car":[],"Recipe":[],"Service":[],"SoftwareApplication":[],"WebPage":[]},"graphName":"","isEnabled":true},"graphs":[],"defaultGraph":"Article","defaultPostTypeGraph":""},"schema_type":"default","schema_type_options":"{\"article\":{\"articleType\":\"BlogPosting\"},\"course\":{\"name\":\"\",\"description\":\"\",\"provider\":\"\"},\"faq\":{\"pages\":[]},\"product\":{\"reviews\":[]},\"recipe\":{\"ingredients\":[],\"instructions\":[],\"keywords\":[]},\"software\":{\"reviews\":[],\"operatingSystems\":[]},\"webPage\":{\"webPageType\":\"WebPage\"},\"blockGraphs\":[]}","pillar_content":false,"robots_default":true,"robots_noindex":false,"robots_noarchive":false,"robots_nosnippet":false,"robots_nofollow":false,"robots_noimageindex":false,"robots_noodp":false,"robots_notranslate":false,"robots_max_snippet":"-1","robots_max_videopreview":"-1","robots_max_imagepreview":"large","priority":null,"frequency":"default","location":null,"local_seo":null,"seo_analyzer_scan_date":"2025-08-28 20:18:28","breadcrumb_settings":null,"limit_modified_date":false,"open_ai":null,"ai":null,"created":"2022-08-06 03:24:06","updated":"2025-08-28 20:18:28"},"aioseo_breadcrumb":"<div class=\"aioseo-breadcrumbs\"><span class=\"aioseo-breadcrumb\">\n\t<a href=\"https:\/\/eldigitaldeasturias.com\/radio\" title=\"Inicio\">Inicio<\/a>\n<\/span><span class=\"aioseo-breadcrumb-separator\">&ndash;<\/span><span class=\"aioseo-breadcrumb\">\n\t<a href=\"https:\/\/eldigitaldeasturias.com\/radio\/category\/reportajes\/\" title=\"Reportajes\">Reportajes<\/a>\n<\/span><span class=\"aioseo-breadcrumb-separator\">&ndash;<\/span><span class=\"aioseo-breadcrumb\">\n\tM\u00fasica y uniforme: Polic\u00eda mexicano rapea sobre la lucha antidrogas\n<\/span><\/div>","aioseo_breadcrumb_json":[{"label":"Inicio","link":"https:\/\/eldigitaldeasturias.com\/radio"},{"label":"Reportajes","link":"https:\/\/eldigitaldeasturias.com\/radio\/category\/reportajes\/"},{"label":"M\u00fasica y uniforme: Polic\u00eda mexicano rapea sobre la lucha antidrogas","link":"https:\/\/eldigitaldeasturias.com\/radio\/musica-y-uniforme-policia-mexicano-rapea-sobre-la-lucha-antidrogas\/"}],"_links":{"self":[{"href":"https:\/\/eldigitaldeasturias.com\/radio\/wp-json\/wp\/v2\/posts\/7105","targetHints":{"allow":["GET"]}}],"collection":[{"href":"https:\/\/eldigitaldeasturias.com\/radio\/wp-json\/wp\/v2\/posts"}],"about":[{"href":"https:\/\/eldigitaldeasturias.com\/radio\/wp-json\/wp\/v2\/types\/post"}],"author":[{"embeddable":true,"href":"https:\/\/eldigitaldeasturias.com\/radio\/wp-json\/wp\/v2\/users\/1"}],"replies":[{"embeddable":true,"href":"https:\/\/eldigitaldeasturias.com\/radio\/wp-json\/wp\/v2\/comments?post=7105"}],"version-history":[{"count":0,"href":"https:\/\/eldigitaldeasturias.com\/radio\/wp-json\/wp\/v2\/posts\/7105\/revisions"}],"wp:featuredmedia":[{"embeddable":true,"href":"https:\/\/eldigitaldeasturias.com\/radio\/wp-json\/wp\/v2\/media\/7106"}],"wp:attachment":[{"href":"https:\/\/eldigitaldeasturias.com\/radio\/wp-json\/wp\/v2\/media?parent=7105"}],"wp:term":[{"taxonomy":"category","embeddable":true,"href":"https:\/\/eldigitaldeasturias.com\/radio\/wp-json\/wp\/v2\/categories?post=7105"},{"taxonomy":"post_tag","embeddable":true,"href":"https:\/\/eldigitaldeasturias.com\/radio\/wp-json\/wp\/v2\/tags?post=7105"}],"curies":[{"name":"wp","href":"https:\/\/api.w.org\/{rel}","templated":true}]}}