{"id":7096,"date":"2022-08-06T03:39:41","date_gmt":"2022-08-06T01:39:41","guid":{"rendered":"https:\/\/eldigitaldeasturias.com\/radio\/?p=7096"},"modified":"2022-08-06T03:39:41","modified_gmt":"2022-08-06T01:39:41","slug":"la-nueva-tendencia-de-los-espectaculos-inmersivos-de-luz","status":"publish","type":"post","link":"https:\/\/eldigitaldeasturias.com\/radio\/la-nueva-tendencia-de-los-espectaculos-inmersivos-de-luz\/","title":{"rendered":"La nueva tendencia de los espect\u00e1culos inmersivos de luz"},"content":{"rendered":"<p>(dpa) &#8211; Vehementes acordes de guitarra, una voz de mujer que lee textos en alem\u00e1n con acento mexicano y una secuencia de fotos de Frida Kahlo de descomunal tama\u00f1o en las paredes de una f\u00e1brica: se trata de la exposici\u00f3n \u00abViva Frida Kahlo\u00bb, que tiene lugar actualmente en la ciudad suiza de Z\u00farich y ya ha atra\u00eddo a m\u00e1s de 50.000 visitantes desde su inauguraci\u00f3n a mediados de septiembre.<\/p>\n<figure id=\"attachment_7097\" aria-describedby=\"caption-attachment-7097\" style=\"width: 650px\" class=\"wp-caption aligncenter\"><img fetchpriority=\"high\" decoding=\"async\" class=\"wp-image-7097\" src=\"https:\/\/eldigitaldeasturias.com\/radio\/wp-content\/uploads\/2022\/08\/espectaculos-360x276.jpg\" alt=\"espect\u00e1culos\" width=\"650\" height=\"498\" srcset=\"https:\/\/eldigitaldeasturias.com\/radio\/wp-content\/uploads\/2022\/08\/espectaculos-360x276.jpg 360w, https:\/\/eldigitaldeasturias.com\/radio\/wp-content\/uploads\/2022\/08\/espectaculos-768x588.jpg 768w, https:\/\/eldigitaldeasturias.com\/radio\/wp-content\/uploads\/2022\/08\/espectaculos-150x115.jpg 150w, https:\/\/eldigitaldeasturias.com\/radio\/wp-content\/uploads\/2022\/08\/espectaculos-450x345.jpg 450w, https:\/\/eldigitaldeasturias.com\/radio\/wp-content\/uploads\/2022\/08\/espectaculos.jpg 879w\" sizes=\"(max-width: 650px) 100vw, 650px\" \/><figcaption id=\"caption-attachment-7097\" class=\"wp-caption-text\">Proyectores lanzan sobre las paredes de una antigua nave industrial en Z\u00farich obras de la artista mexicana Frida Kahlo. Se trata de un espect\u00e1culo inmersivo de luz, llamado \u00abViva Frida Kahlo\u00bb.<\/figcaption><\/figure>\n<p>En un antiguo barrio industrial, no muy lejos del centro de la ciudad, la nave en desuso de una f\u00e1brica de maquinaria est\u00e1 dedicada al \u00abarte inmersivo\u00bb, t\u00e9rmino con el que se designa la \u00abinmersi\u00f3n\u00bb de los visitantes en una ilusi\u00f3n virtual que experimentan como realidad.<\/p>\n<p>Los creadores hablan de un \u00abmuseo de la luz\u00bb. De hecho, la tienda al final del espect\u00e1culo, con obras de arte reproducidas en calcetines, bolsos y bufandas, recuerda un poco a la tienda de un museo convencional. Aqu\u00ed, sin embargo, no hay obras originales, ni guardias que controlen a los visitantes, y los ni\u00f1os pueden jugar y correr a su antojo.<\/p>\n<p>El negocio de las exposiciones inmersivas est\u00e1 en auge. Tokio, Shangh\u00e1i, \u00c1msterdam, Nueva York, Melbourne muestran en este nuevo formato obras de Van Gogh, Monet, Klimt, Dal\u00ed, Picasso y Hundertwasser. Son especialmente las superestrellas de la pintura las que est\u00e1n presentes en antiguos almacenes y naves industriales, pero ahora tambi\u00e9n en los museos, que, en vista del \u00e9xito del novedoso concepto, despejan plantas enteras para ofrecer experiencias inmersivas.<\/p>\n<p>Tambi\u00e9n los organizadores alemanes se han subido al carro del \u00e9xito, y ofrecen espect\u00e1culos inmersivos en Colonia, Bremen, Dresde, Berl\u00edn, M\u00fanich y otras ciudades.<\/p>\n<p>Los nen\u00fafares de Monet, acompa\u00f1ados de una m\u00fasica relajante, y los autorretratos de Frida Kahlo se desplazan a gran escala por las paredes de la f\u00e1brica. Los espect\u00e1culos se desarrollan en un bucle interminable. El hecho de que el ladrillo grueso a veces cree una abolladura en la cara o las protuberancias de la pared una torcedura en el estanque de nen\u00fafares, no molesta.<\/p>\n<p>Porque lo que s\u00ed cuenta es que las obras de arte cobran vida: un tren de un cuadro de Monet se desliza sobre la pared, mientras que los esqueletos de las obras de Frida Kahlo bailan. El objetivo es que los visitantes se sumerjan por completo en las obras de los protagonistas. Los organizadores anuncian la exposici\u00f3n de Frida Kahlo como \u00abdisfrute del arte con profundidad digital\u00bb: \u00abLos p\u00edxeles sustituyen a las pinceladas\u00bb.<\/p>\n<p>El peri\u00f3dico alem\u00e1n S\u00fcddeutsche Zeitung describi\u00f3 en 2019 este tipo de exposiciones inmersivas como un \u00abbombardeo colorido de luz, escultura y contenidos digitales\u00bb y habl\u00f3 de \u00absentimentalismo exagerado\u00bb y cursiler\u00eda.<\/p>\n<p>Por su parte, el coproductor del espect\u00e1culo de Frida Kahlo, Darko Soolfrank, opina que se trata de una buena mezcla de educaci\u00f3n y entretenimiento, es decir, de impartir conocimientos de forma entretenida y l\u00fadica. \u00abIntentamos apelar a todos los sentidos y queremos llegar a la gente a trav\u00e9s de las emociones\u00bb, explica a dpa. El espect\u00e1culo de 45 minutos cuesta algo menos de 30 euros (aproximadamente 34 d\u00f3lares estadounidenses) por adulto en fin de semana.<\/p>\n<p>A la entrada de la sala de eventos MAAG, los visitantes pueden echar un vistazo a una tabla cronol\u00f3gica con las estaciones de la vida de la pintora mexicana. Adem\u00e1s de los cuadros, se proyectan fotos en las paredes y la voz con acento mexicano lee escritos originales de Kahlo.<\/p>\n<p>\u00abTenemos de todo, desde clases de escolares hasta los cl\u00e1sicos visitantes de los museos, pasando por j\u00f3venes urbanos y (adolescentes) de la generaci\u00f3n TikTok\u00bb, se\u00f1ala Darko Soolfrank, y a\u00f1ade que los museos tienden a parecer r\u00edgidos: \u00abEstas muestras son m\u00e1s relajadas, y se pueden visitar sin inhibiciones\u00bb.<\/p>\n<p>Elke Kollar, presidenta de una asociaci\u00f3n alemana de educaci\u00f3n muse\u00edstica, considera que el enfoque inmersivo es apasionante, y que la inmersi\u00f3n puede agudizar la percepci\u00f3n del arte: \u00abNo lo veo como una competencia directa a los museos\u00bb.<\/p>\n<p>Adem\u00e1s, prosigue, estos formatos tambi\u00e9n podr\u00edan ser atractivos para los propios museos, ya que para muchos es un reto mantenerse al d\u00eda con los nuevos medios: \u00abEsto da un nuevo acceso al arte y atrae a nuevos p\u00fablicos\u00bb.<\/p>\n<p>Por ello, el Museo de Arte Americano de Indian\u00e1polis, en Newfields, en el estado de Indiana, Estados Unidos, ha habilitado en la cuarta planta de sus instalaciones 3.000 metros cuadrados para ofrecer su propio espect\u00e1culo de luz \u00abThe Lume\u00bb.<\/p>\n<p>El objetivo expuesto fue contrarrestar las inhibiciones de las personas que piensan que no saben mucho de arte y tienden a desanimarse ante los museos. En la actualidad, los visitantes pasean por los campos de ma\u00edz y bajo los cielos estrellados de Van Gogh.<\/p>\n<p>Kollar opina que todos los enfoques para acercarse a la obra de un artista tienen su justificaci\u00f3n, y que las exposiciones inmersivas pueden facilitar el acceso al arte. \u00abDespu\u00e9s de una inmersi\u00f3n, tal vez se aprecie el original de manera muy diferente\u00bb, asevera.<\/p>\n<p>Los educadores culturales, a\u00f1ade, se preguntan a menudo c\u00f3mo hacer que los museos sean m\u00e1s modernos. \u00abTenemos que tener cuidado de no trabajar solo para el p\u00fablico cl\u00e1sico, sino tambi\u00e9n ver lo que la gente quiere\u00bb, puntualiz\u00f3 la experta en educaci\u00f3n muse\u00edstica.<\/p>\n<p><i class=\"lang-es\"><span class=\" readonly\" title=\"\">Por Christiane Oelrich (dpa)<\/span><\/i><\/p>\n","protected":false},"excerpt":{"rendered":"<p>(dpa) &#8211; Vehementes acordes de guitarra, una voz de mujer que lee textos en alem\u00e1n con acento mexicano y una secuencia de fotos de Frida Kahlo de descomunal tama\u00f1o en las paredes de una f\u00e1brica: se trata de la exposici\u00f3n \u00abViva Frida Kahlo\u00bb, que tiene lugar actualmente en la ciudad suiza de Z\u00farich y ya<\/p>\n","protected":false},"author":1,"featured_media":7097,"comment_status":"closed","ping_status":"closed","sticky":false,"template":"","format":"standard","meta":{"footnotes":""},"categories":[26],"tags":[79],"class_list":{"0":"post-7096","1":"post","2":"type-post","3":"status-publish","4":"format-standard","5":"has-post-thumbnail","7":"category-reportajes","8":"tag-cultura"},"aioseo_notices":[],"aioseo_head":"\n\t\t<!-- All in One SEO Pro 4.9.6.2 - aioseo.com -->\n\t<meta name=\"description\" content=\"(dpa) - Vehementes acordes de guitarra, una voz de mujer que lee textos en alem\u00e1n con acento mexicano y una secuencia de fotos de Frida Kahlo\" \/>\n\t<meta name=\"robots\" content=\"max-image-preview:large\" \/>\n\t<meta name=\"author\" content=\"NBAsturias\"\/>\n\t<meta name=\"google-site-verification\" content=\"UA-38556648-1\" \/>\n\t<meta name=\"keywords\" content=\"reportajes\" \/>\n\t<link rel=\"canonical\" href=\"https:\/\/eldigitaldeasturias.com\/radio\/la-nueva-tendencia-de-los-espectaculos-inmersivos-de-luz\/\" \/>\n\t<meta name=\"generator\" content=\"All in One SEO Pro (AIOSEO) 4.9.6.2\" \/>\n\t\t<meta property=\"og:locale\" content=\"es_ES\" \/>\n\t\t<meta property=\"og:site_name\" content=\"El Digital de Asturias | Diario de informaci\u00f3n y noticias\" \/>\n\t\t<meta property=\"og:type\" content=\"article\" \/>\n\t\t<meta property=\"og:title\" content=\"La nueva tendencia de los espect\u00e1culos inmersivos de luz | El Digital de Asturias\" \/>\n\t\t<meta property=\"og:description\" content=\"(dpa) - Vehementes acordes de guitarra, una voz de mujer que lee textos en alem\u00e1n con acento mexicano y una secuencia de fotos de Frida Kahlo\" \/>\n\t\t<meta property=\"og:url\" content=\"https:\/\/eldigitaldeasturias.com\/radio\/la-nueva-tendencia-de-los-espectaculos-inmersivos-de-luz\/\" \/>\n\t\t<meta property=\"og:image\" content=\"https:\/\/eldigitaldeasturias.com\/radio\/wp-content\/uploads\/2022\/08\/espectaculos.jpg\" \/>\n\t\t<meta property=\"og:image:secure_url\" content=\"https:\/\/eldigitaldeasturias.com\/radio\/wp-content\/uploads\/2022\/08\/espectaculos.jpg\" \/>\n\t\t<meta property=\"og:image:width\" content=\"879\" \/>\n\t\t<meta property=\"og:image:height\" content=\"673\" \/>\n\t\t<meta property=\"article:published_time\" content=\"2022-08-06T01:39:41+00:00\" \/>\n\t\t<meta property=\"article:modified_time\" content=\"2022-08-06T01:39:41+00:00\" \/>\n\t\t<meta name=\"twitter:card\" content=\"summary_large_image\" \/>\n\t\t<meta name=\"twitter:site\" content=\"@bercodi\" \/>\n\t\t<meta name=\"twitter:title\" content=\"La nueva tendencia de los espect\u00e1culos inmersivos de luz | El Digital de Asturias\" \/>\n\t\t<meta name=\"twitter:description\" content=\"(dpa) - Vehementes acordes de guitarra, una voz de mujer que lee textos en alem\u00e1n con acento mexicano y una secuencia de fotos de Frida Kahlo\" \/>\n\t\t<meta name=\"twitter:creator\" content=\"@bercodi\" \/>\n\t\t<meta name=\"twitter:image\" content=\"https:\/\/eldigitaldeasturias.com\/radio\/wp-content\/uploads\/2022\/08\/espectaculos.jpg\" \/>\n\t\t<script type=\"application\/ld+json\" class=\"aioseo-schema\">\n\t\t\t{\"@context\":\"https:\\\/\\\/schema.org\",\"@graph\":[{\"@type\":\"BreadcrumbList\",\"@id\":\"https:\\\/\\\/eldigitaldeasturias.com\\\/radio\\\/la-nueva-tendencia-de-los-espectaculos-inmersivos-de-luz\\\/#breadcrumblist\",\"itemListElement\":[{\"@type\":\"ListItem\",\"@id\":\"https:\\\/\\\/eldigitaldeasturias.com\\\/radio#listItem\",\"position\":1,\"name\":\"Inicio\",\"item\":\"https:\\\/\\\/eldigitaldeasturias.com\\\/radio\",\"nextItem\":{\"@type\":\"ListItem\",\"@id\":\"https:\\\/\\\/eldigitaldeasturias.com\\\/radio\\\/category\\\/reportajes\\\/#listItem\",\"name\":\"Reportajes\"}},{\"@type\":\"ListItem\",\"@id\":\"https:\\\/\\\/eldigitaldeasturias.com\\\/radio\\\/category\\\/reportajes\\\/#listItem\",\"position\":2,\"name\":\"Reportajes\",\"item\":\"https:\\\/\\\/eldigitaldeasturias.com\\\/radio\\\/category\\\/reportajes\\\/\",\"nextItem\":{\"@type\":\"ListItem\",\"@id\":\"https:\\\/\\\/eldigitaldeasturias.com\\\/radio\\\/la-nueva-tendencia-de-los-espectaculos-inmersivos-de-luz\\\/#listItem\",\"name\":\"La nueva tendencia de los espect\\u00e1culos inmersivos de luz\"},\"previousItem\":{\"@type\":\"ListItem\",\"@id\":\"https:\\\/\\\/eldigitaldeasturias.com\\\/radio#listItem\",\"name\":\"Inicio\"}},{\"@type\":\"ListItem\",\"@id\":\"https:\\\/\\\/eldigitaldeasturias.com\\\/radio\\\/la-nueva-tendencia-de-los-espectaculos-inmersivos-de-luz\\\/#listItem\",\"position\":3,\"name\":\"La nueva tendencia de los espect\\u00e1culos inmersivos de luz\",\"previousItem\":{\"@type\":\"ListItem\",\"@id\":\"https:\\\/\\\/eldigitaldeasturias.com\\\/radio\\\/category\\\/reportajes\\\/#listItem\",\"name\":\"Reportajes\"}}]},{\"@type\":\"NewsArticle\",\"@id\":\"https:\\\/\\\/eldigitaldeasturias.com\\\/radio\\\/la-nueva-tendencia-de-los-espectaculos-inmersivos-de-luz\\\/#newsarticle\",\"name\":\"La nueva tendencia de los espect\\u00e1culos inmersivos de luz | El Digital de Asturias\",\"headline\":\"La nueva tendencia de los espect\\u00e1culos inmersivos de luz\",\"author\":{\"@id\":\"https:\\\/\\\/eldigitaldeasturias.com\\\/radio\\\/author\\\/nbasturias\\\/#author\"},\"publisher\":{\"@id\":\"https:\\\/\\\/eldigitaldeasturias.com\\\/radio\\\/#organization\"},\"image\":{\"@type\":\"ImageObject\",\"url\":\"https:\\\/\\\/eldigitaldeasturias.com\\\/radio\\\/wp-content\\\/uploads\\\/2022\\\/08\\\/espectaculos.jpg\",\"width\":879,\"height\":673,\"caption\":\"Proyectores lanzan sobre las paredes de una antigua nave industrial en Z\\u00farich obras de la artista mexicana Frida Kahlo. Se trata de un espect\\u00e1culo inmersivo de luz, llamado \\\"Viva Frida Kahlo\\\".\"},\"datePublished\":\"2022-08-06T03:39:41+02:00\",\"dateModified\":\"2022-08-06T03:39:41+02:00\",\"inLanguage\":\"es-ES\",\"mainEntityOfPage\":{\"@id\":\"https:\\\/\\\/eldigitaldeasturias.com\\\/radio\\\/la-nueva-tendencia-de-los-espectaculos-inmersivos-de-luz\\\/#webpage\"},\"isPartOf\":{\"@id\":\"https:\\\/\\\/eldigitaldeasturias.com\\\/radio\\\/la-nueva-tendencia-de-los-espectaculos-inmersivos-de-luz\\\/#webpage\"},\"articleSection\":\"Reportajes, cultura\",\"dateline\":\"Publicado el agosto 6, 2022.\"},{\"@type\":\"Organization\",\"@id\":\"https:\\\/\\\/eldigitaldeasturias.com\\\/radio\\\/#organization\",\"name\":\"El digital de Asturias Radio\",\"description\":\"Diario de informaci\\u00f3n y noticias\",\"url\":\"https:\\\/\\\/eldigitaldeasturias.com\\\/radio\\\/\",\"telephone\":\"+34652131393\",\"logo\":{\"@type\":\"ImageObject\",\"url\":\"https:\\\/\\\/www.eldigitaldeasturias.com\\\/radio\\\/wp-content\\\/uploads\\\/2021\\\/03\\\/EDA.jpg\",\"@id\":\"https:\\\/\\\/eldigitaldeasturias.com\\\/radio\\\/la-nueva-tendencia-de-los-espectaculos-inmersivos-de-luz\\\/#organizationLogo\"},\"image\":{\"@id\":\"https:\\\/\\\/eldigitaldeasturias.com\\\/radio\\\/la-nueva-tendencia-de-los-espectaculos-inmersivos-de-luz\\\/#organizationLogo\"},\"sameAs\":[\"https:\\\/\\\/www.facebook.com\\\/\",\"https:\\\/\\\/x.com\\\/bercodi\",\"https:\\\/\\\/www.instagram.com\\\/\",\"https:\\\/\\\/www.youtube.com\\\/channel\\\/UCZP-2wLEB9Rv6erhFmqVnvg\"]},{\"@type\":\"Person\",\"@id\":\"https:\\\/\\\/eldigitaldeasturias.com\\\/radio\\\/author\\\/nbasturias\\\/#author\",\"url\":\"https:\\\/\\\/eldigitaldeasturias.com\\\/radio\\\/author\\\/nbasturias\\\/\",\"name\":\"NBAsturias\",\"image\":{\"@type\":\"ImageObject\",\"@id\":\"https:\\\/\\\/eldigitaldeasturias.com\\\/radio\\\/la-nueva-tendencia-de-los-espectaculos-inmersivos-de-luz\\\/#authorImage\",\"url\":\"https:\\\/\\\/secure.gravatar.com\\\/avatar\\\/df2aeffc32bcd13f8d26072ef8a91b623d677766deac7f97ca815868cd41bf5e?s=96&d=mm&r=g\",\"width\":96,\"height\":96,\"caption\":\"NBAsturias\"}},{\"@type\":\"WebPage\",\"@id\":\"https:\\\/\\\/eldigitaldeasturias.com\\\/radio\\\/la-nueva-tendencia-de-los-espectaculos-inmersivos-de-luz\\\/#webpage\",\"url\":\"https:\\\/\\\/eldigitaldeasturias.com\\\/radio\\\/la-nueva-tendencia-de-los-espectaculos-inmersivos-de-luz\\\/\",\"name\":\"La nueva tendencia de los espect\\u00e1culos inmersivos de luz | El Digital de Asturias\",\"description\":\"(dpa) - Vehementes acordes de guitarra, una voz de mujer que lee textos en alem\\u00e1n con acento mexicano y una secuencia de fotos de Frida Kahlo\",\"inLanguage\":\"es-ES\",\"isPartOf\":{\"@id\":\"https:\\\/\\\/eldigitaldeasturias.com\\\/radio\\\/#website\"},\"breadcrumb\":{\"@id\":\"https:\\\/\\\/eldigitaldeasturias.com\\\/radio\\\/la-nueva-tendencia-de-los-espectaculos-inmersivos-de-luz\\\/#breadcrumblist\"},\"author\":{\"@id\":\"https:\\\/\\\/eldigitaldeasturias.com\\\/radio\\\/author\\\/nbasturias\\\/#author\"},\"creator\":{\"@id\":\"https:\\\/\\\/eldigitaldeasturias.com\\\/radio\\\/author\\\/nbasturias\\\/#author\"},\"image\":{\"@type\":\"ImageObject\",\"url\":\"https:\\\/\\\/eldigitaldeasturias.com\\\/radio\\\/wp-content\\\/uploads\\\/2022\\\/08\\\/espectaculos.jpg\",\"@id\":\"https:\\\/\\\/eldigitaldeasturias.com\\\/radio\\\/la-nueva-tendencia-de-los-espectaculos-inmersivos-de-luz\\\/#mainImage\",\"width\":879,\"height\":673,\"caption\":\"Proyectores lanzan sobre las paredes de una antigua nave industrial en Z\\u00farich obras de la artista mexicana Frida Kahlo. Se trata de un espect\\u00e1culo inmersivo de luz, llamado \\\"Viva Frida Kahlo\\\".\"},\"primaryImageOfPage\":{\"@id\":\"https:\\\/\\\/eldigitaldeasturias.com\\\/radio\\\/la-nueva-tendencia-de-los-espectaculos-inmersivos-de-luz\\\/#mainImage\"},\"datePublished\":\"2022-08-06T03:39:41+02:00\",\"dateModified\":\"2022-08-06T03:39:41+02:00\"},{\"@type\":\"WebSite\",\"@id\":\"https:\\\/\\\/eldigitaldeasturias.com\\\/radio\\\/#website\",\"url\":\"https:\\\/\\\/eldigitaldeasturias.com\\\/radio\\\/\",\"name\":\"El Digital de Asturias\",\"description\":\"Diario de informaci\\u00f3n y noticias\",\"inLanguage\":\"es-ES\",\"publisher\":{\"@id\":\"https:\\\/\\\/eldigitaldeasturias.com\\\/radio\\\/#organization\"}}]}\n\t\t<\/script>\n\t\t<!-- All in One SEO Pro -->\r\n\t\t<title>La nueva tendencia de los espect\u00e1culos inmersivos de luz | El Digital de Asturias<\/title>\n\n","aioseo_head_json":{"title":"La nueva tendencia de los espect\u00e1culos inmersivos de luz | El Digital de Asturias","description":"(dpa) - Vehementes acordes de guitarra, una voz de mujer que lee textos en alem\u00e1n con acento mexicano y una secuencia de fotos de Frida Kahlo","canonical_url":"https:\/\/eldigitaldeasturias.com\/radio\/la-nueva-tendencia-de-los-espectaculos-inmersivos-de-luz\/","robots":"max-image-preview:large","keywords":"reportajes","webmasterTools":{"google-site-verification":"UA-38556648-1","miscellaneous":""},"schema":{"@context":"https:\/\/schema.org","@graph":[{"@type":"BreadcrumbList","@id":"https:\/\/eldigitaldeasturias.com\/radio\/la-nueva-tendencia-de-los-espectaculos-inmersivos-de-luz\/#breadcrumblist","itemListElement":[{"@type":"ListItem","@id":"https:\/\/eldigitaldeasturias.com\/radio#listItem","position":1,"name":"Inicio","item":"https:\/\/eldigitaldeasturias.com\/radio","nextItem":{"@type":"ListItem","@id":"https:\/\/eldigitaldeasturias.com\/radio\/category\/reportajes\/#listItem","name":"Reportajes"}},{"@type":"ListItem","@id":"https:\/\/eldigitaldeasturias.com\/radio\/category\/reportajes\/#listItem","position":2,"name":"Reportajes","item":"https:\/\/eldigitaldeasturias.com\/radio\/category\/reportajes\/","nextItem":{"@type":"ListItem","@id":"https:\/\/eldigitaldeasturias.com\/radio\/la-nueva-tendencia-de-los-espectaculos-inmersivos-de-luz\/#listItem","name":"La nueva tendencia de los espect\u00e1culos inmersivos de luz"},"previousItem":{"@type":"ListItem","@id":"https:\/\/eldigitaldeasturias.com\/radio#listItem","name":"Inicio"}},{"@type":"ListItem","@id":"https:\/\/eldigitaldeasturias.com\/radio\/la-nueva-tendencia-de-los-espectaculos-inmersivos-de-luz\/#listItem","position":3,"name":"La nueva tendencia de los espect\u00e1culos inmersivos de luz","previousItem":{"@type":"ListItem","@id":"https:\/\/eldigitaldeasturias.com\/radio\/category\/reportajes\/#listItem","name":"Reportajes"}}]},{"@type":"NewsArticle","@id":"https:\/\/eldigitaldeasturias.com\/radio\/la-nueva-tendencia-de-los-espectaculos-inmersivos-de-luz\/#newsarticle","name":"La nueva tendencia de los espect\u00e1culos inmersivos de luz | El Digital de Asturias","headline":"La nueva tendencia de los espect\u00e1culos inmersivos de luz","author":{"@id":"https:\/\/eldigitaldeasturias.com\/radio\/author\/nbasturias\/#author"},"publisher":{"@id":"https:\/\/eldigitaldeasturias.com\/radio\/#organization"},"image":{"@type":"ImageObject","url":"https:\/\/eldigitaldeasturias.com\/radio\/wp-content\/uploads\/2022\/08\/espectaculos.jpg","width":879,"height":673,"caption":"Proyectores lanzan sobre las paredes de una antigua nave industrial en Z\u00farich obras de la artista mexicana Frida Kahlo. Se trata de un espect\u00e1culo inmersivo de luz, llamado \"Viva Frida Kahlo\"."},"datePublished":"2022-08-06T03:39:41+02:00","dateModified":"2022-08-06T03:39:41+02:00","inLanguage":"es-ES","mainEntityOfPage":{"@id":"https:\/\/eldigitaldeasturias.com\/radio\/la-nueva-tendencia-de-los-espectaculos-inmersivos-de-luz\/#webpage"},"isPartOf":{"@id":"https:\/\/eldigitaldeasturias.com\/radio\/la-nueva-tendencia-de-los-espectaculos-inmersivos-de-luz\/#webpage"},"articleSection":"Reportajes, cultura","dateline":"Publicado el agosto 6, 2022."},{"@type":"Organization","@id":"https:\/\/eldigitaldeasturias.com\/radio\/#organization","name":"El digital de Asturias Radio","description":"Diario de informaci\u00f3n y noticias","url":"https:\/\/eldigitaldeasturias.com\/radio\/","telephone":"+34652131393","logo":{"@type":"ImageObject","url":"https:\/\/www.eldigitaldeasturias.com\/radio\/wp-content\/uploads\/2021\/03\/EDA.jpg","@id":"https:\/\/eldigitaldeasturias.com\/radio\/la-nueva-tendencia-de-los-espectaculos-inmersivos-de-luz\/#organizationLogo"},"image":{"@id":"https:\/\/eldigitaldeasturias.com\/radio\/la-nueva-tendencia-de-los-espectaculos-inmersivos-de-luz\/#organizationLogo"},"sameAs":["https:\/\/www.facebook.com\/","https:\/\/x.com\/bercodi","https:\/\/www.instagram.com\/","https:\/\/www.youtube.com\/channel\/UCZP-2wLEB9Rv6erhFmqVnvg"]},{"@type":"Person","@id":"https:\/\/eldigitaldeasturias.com\/radio\/author\/nbasturias\/#author","url":"https:\/\/eldigitaldeasturias.com\/radio\/author\/nbasturias\/","name":"NBAsturias","image":{"@type":"ImageObject","@id":"https:\/\/eldigitaldeasturias.com\/radio\/la-nueva-tendencia-de-los-espectaculos-inmersivos-de-luz\/#authorImage","url":"https:\/\/secure.gravatar.com\/avatar\/df2aeffc32bcd13f8d26072ef8a91b623d677766deac7f97ca815868cd41bf5e?s=96&d=mm&r=g","width":96,"height":96,"caption":"NBAsturias"}},{"@type":"WebPage","@id":"https:\/\/eldigitaldeasturias.com\/radio\/la-nueva-tendencia-de-los-espectaculos-inmersivos-de-luz\/#webpage","url":"https:\/\/eldigitaldeasturias.com\/radio\/la-nueva-tendencia-de-los-espectaculos-inmersivos-de-luz\/","name":"La nueva tendencia de los espect\u00e1culos inmersivos de luz | El Digital de Asturias","description":"(dpa) - Vehementes acordes de guitarra, una voz de mujer que lee textos en alem\u00e1n con acento mexicano y una secuencia de fotos de Frida Kahlo","inLanguage":"es-ES","isPartOf":{"@id":"https:\/\/eldigitaldeasturias.com\/radio\/#website"},"breadcrumb":{"@id":"https:\/\/eldigitaldeasturias.com\/radio\/la-nueva-tendencia-de-los-espectaculos-inmersivos-de-luz\/#breadcrumblist"},"author":{"@id":"https:\/\/eldigitaldeasturias.com\/radio\/author\/nbasturias\/#author"},"creator":{"@id":"https:\/\/eldigitaldeasturias.com\/radio\/author\/nbasturias\/#author"},"image":{"@type":"ImageObject","url":"https:\/\/eldigitaldeasturias.com\/radio\/wp-content\/uploads\/2022\/08\/espectaculos.jpg","@id":"https:\/\/eldigitaldeasturias.com\/radio\/la-nueva-tendencia-de-los-espectaculos-inmersivos-de-luz\/#mainImage","width":879,"height":673,"caption":"Proyectores lanzan sobre las paredes de una antigua nave industrial en Z\u00farich obras de la artista mexicana Frida Kahlo. Se trata de un espect\u00e1culo inmersivo de luz, llamado \"Viva Frida Kahlo\"."},"primaryImageOfPage":{"@id":"https:\/\/eldigitaldeasturias.com\/radio\/la-nueva-tendencia-de-los-espectaculos-inmersivos-de-luz\/#mainImage"},"datePublished":"2022-08-06T03:39:41+02:00","dateModified":"2022-08-06T03:39:41+02:00"},{"@type":"WebSite","@id":"https:\/\/eldigitaldeasturias.com\/radio\/#website","url":"https:\/\/eldigitaldeasturias.com\/radio\/","name":"El Digital de Asturias","description":"Diario de informaci\u00f3n y noticias","inLanguage":"es-ES","publisher":{"@id":"https:\/\/eldigitaldeasturias.com\/radio\/#organization"}}]},"og:locale":"es_ES","og:site_name":"El Digital de Asturias | Diario de informaci\u00f3n y noticias","og:type":"article","og:title":"La nueva tendencia de los espect\u00e1culos inmersivos de luz | El Digital de Asturias","og:description":"(dpa) - Vehementes acordes de guitarra, una voz de mujer que lee textos en alem\u00e1n con acento mexicano y una secuencia de fotos de Frida Kahlo","og:url":"https:\/\/eldigitaldeasturias.com\/radio\/la-nueva-tendencia-de-los-espectaculos-inmersivos-de-luz\/","og:image":"https:\/\/eldigitaldeasturias.com\/radio\/wp-content\/uploads\/2022\/08\/espectaculos.jpg","og:image:secure_url":"https:\/\/eldigitaldeasturias.com\/radio\/wp-content\/uploads\/2022\/08\/espectaculos.jpg","og:image:width":879,"og:image:height":673,"article:published_time":"2022-08-06T01:39:41+00:00","article:modified_time":"2022-08-06T01:39:41+00:00","twitter:card":"summary_large_image","twitter:site":"@bercodi","twitter:title":"La nueva tendencia de los espect\u00e1culos inmersivos de luz | El Digital de Asturias","twitter:description":"(dpa) - Vehementes acordes de guitarra, una voz de mujer que lee textos en alem\u00e1n con acento mexicano y una secuencia de fotos de Frida Kahlo","twitter:creator":"@bercodi","twitter:image":"https:\/\/eldigitaldeasturias.com\/radio\/wp-content\/uploads\/2022\/08\/espectaculos.jpg"},"aioseo_meta_data":{"post_id":"7096","title":null,"description":"(dpa) - Vehementes acordes de guitarra, una voz de mujer que lee textos en alem\u00e1n con acento mexicano y una secuencia de fotos de Frida Kahlo","keywords":[],"keyphrases":{"focus":{"keyphrase":"espect\u00e1culos","score":68,"analysis":{"keyphraseInTitle":{"title":"Focus keyphrase in SEO title","description":"Focus keyphrase found in SEO title.","score":9,"maxScore":9,"error":0},"keyphraseInDescription":{"title":"Focus keyphrase in meta description","description":"Focus keyphrase not found in meta description.","score":3,"maxScore":9,"error":1},"keyphraseLength":{"title":"Focus keyphrase length","description":"Good job!","score":9,"maxScore":9,"error":0,"length":1},"keyphraseInURL":{"title":"Focus keyphrase in URL","description":"Focus keyphrase not found in the URL.","score":1,"maxScore":5,"error":1},"keyphraseInIntroduction":{"title":"Focus keyphrase in introduction","description":"Your Focus keyphrase does not appear in the first paragraph. Make sure the topic is clear immediately.","score":3,"maxScore":9,"error":1},"keyphraseInSubHeadings":[],"keyphraseInImageAlt":{"title":"Focus keyphrase in image alt attributes","description":"Focus keyphrase found in image alt attribute(s).","score":9,"maxScore":9,"error":0}}},"additional":[]},"primary_term":null,"canonical_url":null,"og_title":null,"og_description":null,"og_object_type":"default","og_image_type":"default","og_image_url":null,"og_image_width":null,"og_image_height":null,"og_image_custom_url":null,"og_image_custom_fields":null,"og_video":"","og_custom_url":null,"og_article_section":null,"og_article_tags":[],"twitter_use_og":false,"twitter_card":"default","twitter_image_type":"default","twitter_image_url":null,"twitter_image_custom_url":null,"twitter_image_custom_fields":null,"twitter_title":null,"twitter_description":null,"schema":{"blockGraphs":[],"customGraphs":[],"default":{"data":{"Article":[],"Course":[],"Dataset":[],"FAQPage":[],"Movie":[],"Person":[],"Product":[],"ProductReview":[],"Car":[],"Recipe":[],"Service":[],"SoftwareApplication":[],"WebPage":[]},"graphName":"","isEnabled":true},"graphs":[],"defaultGraph":"Article","defaultPostTypeGraph":""},"schema_type":"default","schema_type_options":"{\"article\":{\"articleType\":\"BlogPosting\"},\"course\":{\"name\":\"\",\"description\":\"\",\"provider\":\"\"},\"faq\":{\"pages\":[]},\"product\":{\"reviews\":[]},\"recipe\":{\"ingredients\":[],\"instructions\":[],\"keywords\":[]},\"software\":{\"reviews\":[],\"operatingSystems\":[]},\"webPage\":{\"webPageType\":\"WebPage\"},\"blockGraphs\":[]}","pillar_content":false,"robots_default":true,"robots_noindex":false,"robots_noarchive":false,"robots_nosnippet":false,"robots_nofollow":false,"robots_noimageindex":false,"robots_noodp":false,"robots_notranslate":false,"robots_max_snippet":"-1","robots_max_videopreview":"-1","robots_max_imagepreview":"large","priority":null,"frequency":"default","location":null,"local_seo":null,"seo_analyzer_scan_date":"2025-08-28 20:16:30","breadcrumb_settings":null,"limit_modified_date":false,"open_ai":null,"ai":null,"created":"2022-08-06 01:36:15","updated":"2025-08-28 20:16:30"},"aioseo_breadcrumb":"<div class=\"aioseo-breadcrumbs\"><span class=\"aioseo-breadcrumb\">\n\t<a href=\"https:\/\/eldigitaldeasturias.com\/radio\" title=\"Inicio\">Inicio<\/a>\n<\/span><span class=\"aioseo-breadcrumb-separator\">&ndash;<\/span><span class=\"aioseo-breadcrumb\">\n\t<a href=\"https:\/\/eldigitaldeasturias.com\/radio\/category\/reportajes\/\" title=\"Reportajes\">Reportajes<\/a>\n<\/span><span class=\"aioseo-breadcrumb-separator\">&ndash;<\/span><span class=\"aioseo-breadcrumb\">\n\tLa nueva tendencia de los espect\u00e1culos inmersivos de luz\n<\/span><\/div>","aioseo_breadcrumb_json":[{"label":"Inicio","link":"https:\/\/eldigitaldeasturias.com\/radio"},{"label":"Reportajes","link":"https:\/\/eldigitaldeasturias.com\/radio\/category\/reportajes\/"},{"label":"La nueva tendencia de los espect\u00e1culos inmersivos de luz","link":"https:\/\/eldigitaldeasturias.com\/radio\/la-nueva-tendencia-de-los-espectaculos-inmersivos-de-luz\/"}],"_links":{"self":[{"href":"https:\/\/eldigitaldeasturias.com\/radio\/wp-json\/wp\/v2\/posts\/7096","targetHints":{"allow":["GET"]}}],"collection":[{"href":"https:\/\/eldigitaldeasturias.com\/radio\/wp-json\/wp\/v2\/posts"}],"about":[{"href":"https:\/\/eldigitaldeasturias.com\/radio\/wp-json\/wp\/v2\/types\/post"}],"author":[{"embeddable":true,"href":"https:\/\/eldigitaldeasturias.com\/radio\/wp-json\/wp\/v2\/users\/1"}],"replies":[{"embeddable":true,"href":"https:\/\/eldigitaldeasturias.com\/radio\/wp-json\/wp\/v2\/comments?post=7096"}],"version-history":[{"count":0,"href":"https:\/\/eldigitaldeasturias.com\/radio\/wp-json\/wp\/v2\/posts\/7096\/revisions"}],"wp:featuredmedia":[{"embeddable":true,"href":"https:\/\/eldigitaldeasturias.com\/radio\/wp-json\/wp\/v2\/media\/7097"}],"wp:attachment":[{"href":"https:\/\/eldigitaldeasturias.com\/radio\/wp-json\/wp\/v2\/media?parent=7096"}],"wp:term":[{"taxonomy":"category","embeddable":true,"href":"https:\/\/eldigitaldeasturias.com\/radio\/wp-json\/wp\/v2\/categories?post=7096"},{"taxonomy":"post_tag","embeddable":true,"href":"https:\/\/eldigitaldeasturias.com\/radio\/wp-json\/wp\/v2\/tags?post=7096"}],"curies":[{"name":"wp","href":"https:\/\/api.w.org\/{rel}","templated":true}]}}