{"id":6912,"date":"2022-04-25T00:49:58","date_gmt":"2022-04-25T00:49:58","guid":{"rendered":"http:\/\/eldigitaldeasturias.com\/radio\/?p=6912"},"modified":"2022-04-25T00:49:58","modified_gmt":"2022-04-25T00:49:58","slug":"camiones-ecologicos-la-conversion-de-motores-diesel-a-hidrogeno","status":"publish","type":"post","link":"https:\/\/eldigitaldeasturias.com\/radio\/camiones-ecologicos-la-conversion-de-motores-diesel-a-hidrogeno\/","title":{"rendered":"Camiones ecol\u00f3gicos: la conversi\u00f3n de motores di\u00e9sel a hidr\u00f3geno"},"content":{"rendered":"<p>(dpa) &#8211; Los camiones son uno de los mayores emisores de di\u00f3xido de carbono (CO2) en las carreteras y, por lo tanto, la <a href=\"https:\/\/www.eldigitaldeasturias.com\/magazine365\/category\/motor\/\" target=\"_blank\" rel=\"noopener\"><span style=\"color: #ff6600;\"><strong>industria automotriz<\/strong><\/span><\/a> est\u00e1 dispuesta a llevar a cabo lo m\u00e1s pronto posible el cambio a veh\u00edculos respetuosos con el clima.<\/p>\n<figure id=\"attachment_6913\" aria-describedby=\"caption-attachment-6913\" style=\"width: 650px\" class=\"wp-caption aligncenter\"><img fetchpriority=\"high\" decoding=\"async\" class=\"wp-image-6913\" src=\"https:\/\/eldigitaldeasturias.com\/radio\/wp-content\/uploads\/2022\/04\/Camiones-360x239.jpg\" alt=\"Camiones\" width=\"650\" height=\"431\" srcset=\"https:\/\/eldigitaldeasturias.com\/radio\/wp-content\/uploads\/2022\/04\/Camiones-360x239.jpg 360w, https:\/\/eldigitaldeasturias.com\/radio\/wp-content\/uploads\/2022\/04\/Camiones-768x509.jpg 768w, https:\/\/eldigitaldeasturias.com\/radio\/wp-content\/uploads\/2022\/04\/Camiones-150x99.jpg 150w, https:\/\/eldigitaldeasturias.com\/radio\/wp-content\/uploads\/2022\/04\/Camiones-450x298.jpg 450w, https:\/\/eldigitaldeasturias.com\/radio\/wp-content\/uploads\/2022\/04\/Camiones.jpg 990w\" sizes=\"(max-width: 650px) 100vw, 650px\" \/><figcaption id=\"caption-attachment-6913\" class=\"wp-caption-text\">Los camiones di\u00e9sel son uno de los mayores emisores de CO2 y la industria est\u00e1 dispuesta a acelerar el cambio a veh\u00edculos m\u00e1s compatibles con el medio ambiente. Los ingenieros de una empresa alemana han ideado una soluci\u00f3n sencilla: convertir los motores di\u00e9sel para que funcionen con hidr\u00f3geno. Foto: Keyou\/dpa<\/figcaption><\/figure>\n<p>La empresa de autom\u00f3viles Tesla considera que los camiones totalmente el\u00e9ctricos son la clave para contar con un transporte ecol\u00f3gico en el futuro, mientras que la automotriz surcoreana Hyundai apuesta por la pila de combustible de hidr\u00f3geno.<\/p>\n<p>En tanto, una <a href=\"https:\/\/eldigitaldeasturias.com\/radio\/category\/negocios\/\"><span style=\"color: #ff6600;\"><strong>nueva empresa<\/strong><\/span><\/a> alemana present\u00f3 una tercera opci\u00f3n que suena muy atractiva.<\/p>\n<p>En lugar de utilizar hidr\u00f3geno en una pila de combustible, la empresa Keyou, con sede en M\u00fanich, desarroll\u00f3 tecnolog\u00edas para que los motores di\u00e9sel convencionales se puedan reconvertir para funcionar con hidr\u00f3geno puro.<\/p>\n<p>Su director y fundador, Thomas Korn, resalta que estos camiones con motor de hidr\u00f3geno tienen m\u00e1s autonom\u00eda que los de pila de combustible, aunque el consumo de hidr\u00f3geno es ligeramente superior.<\/p>\n<p>\u00abNuestros veh\u00edculos demuestran que la tecnolog\u00eda de los motores de hidr\u00f3geno tambi\u00e9n funciona en la pr\u00e1ctica y es una alternativa rentable y s\u00f3lida a los veh\u00edculos el\u00e9ctricos de bater\u00eda o de pila de combustible\u00bb, destaca.<\/p>\n<p>Seg\u00fan Korn, los motores de hidr\u00f3geno son tan duraderos como los di\u00e9sel normales y su mantenimiento es sencillo. Agrega que adem\u00e1s no se utilizan elementos met\u00e1licos de tierras raras, que son un componente esencial en muchos dispositivos de alta tecnolog\u00eda y bater\u00edas el\u00e9ctricas.<\/p>\n<p>La empresa complet\u00f3 recientemente una ronda de financiaci\u00f3n de 16 millones de euros (17,3 millones de d\u00f3lares) y est\u00e1 trabajando estrechamente con varios fabricantes de equipos originales para autom\u00f3viles y camiones.<\/p>\n<p>Keyou anunci\u00f3 que los motores de los camiones podr\u00edan transformarse r\u00e1pidamente para que funcionen con hidr\u00f3geno, de modo que, en lugar de emitir humo negro solo despedir\u00e1n espirales de vapor de agua completamente inofensivas.<\/p>\n<p>Uno de los mayores obst\u00e1culos en el camino hacia una movilidad sostenible es la falta de m\u00e1s infraestructura de repostaje y una autonom\u00eda de 500 kil\u00f3metros entre recargas. En Alemania hay pocas estaciones de recarga de hidr\u00f3geno y en Francia, por ejemplo, casi ninguna.<\/p>\n<blockquote><p>La opci\u00f3n del hidr\u00f3geno propuesta por Keyou no es nueva, pero la idea vuelve a retomarse a medida que se acelera la carrera para lograr un transporte por carretera ecol\u00f3gico.<\/p><\/blockquote>\n<p>Los motores transformados funcionar\u00edan con gas de hidr\u00f3geno inyectado en las c\u00e1maras de combusti\u00f3n, como el gas\u00f3leo, en lugar de utilizar para la tracci\u00f3n una pila de combustible que convierte el hidr\u00f3geno en electricidad.<\/p>\n<p>Las limusinas de la Serie 7 propulsadas por hidr\u00f3geno del fabricante alem\u00e1n de autom\u00f3viles BMW ya eran habituales en los salones internacionales del autom\u00f3vil. Korn incluso trabaj\u00f3 como ingeniero en aquel programa de desarrollo.<\/p>\n<p>Sin embargo, uno de los problemas era el enorme dep\u00f3sito de combustible en el maletero, que dejaba poco espacio para el equipaje. En 2009, BMW abandon\u00f3 el desarrollo de los motores de combusti\u00f3n interna alimentados por hidr\u00f3geno, alegando que la tecnolog\u00eda se hab\u00eda agotado.<\/p>\n<p>El dep\u00f3sito del BMW Hydrogen 7 enfriaba el gas hasta convertirlo en l\u00edquido a 253 bajo grados, pero el gas, altamente inflamable, era tan inestable en el tanque del coche que se evaporaba en tan solo tres semanas.<\/p>\n<p>Durante unos a\u00f1os, la empresa p\u00fablica de transportes de Berl\u00edn (BVG) utiliz\u00f3 14 autobuses MAN que funcionaban con hidr\u00f3geno. Sin embargo, al sufrir desperfectos con frecuencia, se termin\u00f3 abandonando el experimento.<\/p>\n<p>Keyou, en tanto, opt\u00f3 por comprimir el hidr\u00f3geno a 350 bares. De este modo, los dise\u00f1os de los motores di\u00e9sel existentes pueden adaptarse f\u00e1cilmente para funcionar a gas, siempre que se refuercen algunos componentes para que puedan soportar el esfuerzo.<\/p>\n<p>Esto significa que la tecnolog\u00eda es m\u00e1s adecuada para los motores nuevos que se ensamblan en una l\u00ednea de producci\u00f3n, que para la adaptaci\u00f3n de unidades de camiones de segunda mano.<\/p>\n<p>Al no contar con las bater\u00edas pesadas, los camiones con motores de hidr\u00f3geno son m\u00e1s livianos que los el\u00e9ctricos y los de pila de combustible.<\/p>\n<p>Tesla afirma que su cami\u00f3n tiene una autonom\u00eda de 800 kil\u00f3metros y que la bater\u00eda tiene una capacidad de un megavatio hora. En tanto, el factor negativo es que, incluso cuando se utiliza un cargador r\u00e1pido de 350 kilovatios, se necesitan unas tres horas para recargar completamente la bater\u00eda del veh\u00edculo.<\/p>\n<p>Keyou acaba de presentar los prototipos de un cami\u00f3n de 18 toneladas basado en un Daimler Actros y un autob\u00fas urbano de 12 metros, cuyo modelo es un veh\u00edculo Solaris fabricado en Polonia.<\/p>\n<p>Ambos utilizan motores di\u00e9sel convertidos por Keyou para funcionar con hidr\u00f3geno y se expondr\u00e1n en la feria de veh\u00edculos comerciales e industriales IAA de Hannover en septiembre.<\/p>\n<p>Previamente se realizar\u00e1n pruebas de conducci\u00f3n en carreteras en los alrededores de M\u00fanich.<\/p>\n<p><i class=\"lang-es\"><span class=\" readonly\" title=\"\">Por Martin Bensley (dpa)<\/span><\/i><\/p>\n","protected":false},"excerpt":{"rendered":"<p>(dpa) &#8211; Los camiones son uno de los mayores emisores de di\u00f3xido de carbono (CO2) en las carreteras y, por lo tanto, la industria automotriz est\u00e1 dispuesta a llevar a cabo lo m\u00e1s pronto posible el cambio a veh\u00edculos respetuosos con el clima. La empresa de autom\u00f3viles Tesla considera que los camiones totalmente el\u00e9ctricos son<\/p>\n","protected":false},"author":1,"featured_media":6913,"comment_status":"closed","ping_status":"closed","sticky":false,"template":"","format":"standard","meta":{"footnotes":""},"categories":[26],"tags":[99,44],"class_list":{"0":"post-6912","1":"post","2":"type-post","3":"status-publish","4":"format-standard","5":"has-post-thumbnail","7":"category-reportajes","8":"tag-motor","9":"tag-reportajes"},"aioseo_notices":[],"aioseo_head":"\n\t\t<!-- All in One SEO Pro 4.9.6.2 - aioseo.com -->\n\t<meta name=\"description\" content=\"(dpa) - Los camiones son uno de los mayores emisores de di\u00f3xido de carbono (CO2) en las carreteras y, por lo tanto, la industria automotriz est\u00e1 dispuesta\" \/>\n\t<meta name=\"robots\" content=\"max-image-preview:large\" \/>\n\t<meta name=\"author\" content=\"NBAsturias\"\/>\n\t<meta name=\"google-site-verification\" content=\"UA-38556648-1\" \/>\n\t<meta name=\"keywords\" content=\"reportajes\" \/>\n\t<link rel=\"canonical\" href=\"https:\/\/eldigitaldeasturias.com\/radio\/camiones-ecologicos-la-conversion-de-motores-diesel-a-hidrogeno\/\" \/>\n\t<meta name=\"generator\" content=\"All in One SEO Pro (AIOSEO) 4.9.6.2\" \/>\n\t\t<meta property=\"og:locale\" content=\"es_ES\" \/>\n\t\t<meta property=\"og:site_name\" content=\"El Digital de Asturias | Diario de informaci\u00f3n y noticias\" \/>\n\t\t<meta property=\"og:type\" content=\"article\" \/>\n\t\t<meta property=\"og:title\" content=\"Camiones ecol\u00f3gicos: la conversi\u00f3n de motores di\u00e9sel a hidr\u00f3geno | El Digital de Asturias\" \/>\n\t\t<meta property=\"og:description\" content=\"(dpa) - Los camiones son uno de los mayores emisores de di\u00f3xido de carbono (CO2) en las carreteras y, por lo tanto, la industria automotriz est\u00e1 dispuesta\" \/>\n\t\t<meta property=\"og:url\" content=\"https:\/\/eldigitaldeasturias.com\/radio\/camiones-ecologicos-la-conversion-de-motores-diesel-a-hidrogeno\/\" \/>\n\t\t<meta property=\"og:image\" content=\"https:\/\/eldigitaldeasturias.com\/radio\/wp-content\/uploads\/2022\/04\/Camiones.jpg\" \/>\n\t\t<meta property=\"og:image:secure_url\" content=\"https:\/\/eldigitaldeasturias.com\/radio\/wp-content\/uploads\/2022\/04\/Camiones.jpg\" \/>\n\t\t<meta property=\"og:image:width\" content=\"990\" \/>\n\t\t<meta property=\"og:image:height\" content=\"656\" \/>\n\t\t<meta property=\"article:published_time\" content=\"2022-04-25T00:49:58+00:00\" \/>\n\t\t<meta property=\"article:modified_time\" content=\"2022-04-25T00:49:58+00:00\" \/>\n\t\t<meta name=\"twitter:card\" content=\"summary_large_image\" \/>\n\t\t<meta name=\"twitter:site\" content=\"@bercodi\" \/>\n\t\t<meta name=\"twitter:title\" content=\"Camiones ecol\u00f3gicos: la conversi\u00f3n de motores di\u00e9sel a hidr\u00f3geno | El Digital de Asturias\" \/>\n\t\t<meta name=\"twitter:description\" content=\"(dpa) - Los camiones son uno de los mayores emisores de di\u00f3xido de carbono (CO2) en las carreteras y, por lo tanto, la industria automotriz est\u00e1 dispuesta\" \/>\n\t\t<meta name=\"twitter:creator\" content=\"@bercodi\" \/>\n\t\t<meta name=\"twitter:image\" content=\"https:\/\/eldigitaldeasturias.com\/radio\/wp-content\/uploads\/2022\/04\/Camiones.jpg\" \/>\n\t\t<script type=\"application\/ld+json\" class=\"aioseo-schema\">\n\t\t\t{\"@context\":\"https:\\\/\\\/schema.org\",\"@graph\":[{\"@type\":\"BreadcrumbList\",\"@id\":\"https:\\\/\\\/eldigitaldeasturias.com\\\/radio\\\/camiones-ecologicos-la-conversion-de-motores-diesel-a-hidrogeno\\\/#breadcrumblist\",\"itemListElement\":[{\"@type\":\"ListItem\",\"@id\":\"https:\\\/\\\/eldigitaldeasturias.com\\\/radio#listItem\",\"position\":1,\"name\":\"Inicio\",\"item\":\"https:\\\/\\\/eldigitaldeasturias.com\\\/radio\",\"nextItem\":{\"@type\":\"ListItem\",\"@id\":\"https:\\\/\\\/eldigitaldeasturias.com\\\/radio\\\/category\\\/reportajes\\\/#listItem\",\"name\":\"Reportajes\"}},{\"@type\":\"ListItem\",\"@id\":\"https:\\\/\\\/eldigitaldeasturias.com\\\/radio\\\/category\\\/reportajes\\\/#listItem\",\"position\":2,\"name\":\"Reportajes\",\"item\":\"https:\\\/\\\/eldigitaldeasturias.com\\\/radio\\\/category\\\/reportajes\\\/\",\"nextItem\":{\"@type\":\"ListItem\",\"@id\":\"https:\\\/\\\/eldigitaldeasturias.com\\\/radio\\\/camiones-ecologicos-la-conversion-de-motores-diesel-a-hidrogeno\\\/#listItem\",\"name\":\"Camiones ecol\\u00f3gicos: la conversi\\u00f3n de motores di\\u00e9sel a hidr\\u00f3geno\"},\"previousItem\":{\"@type\":\"ListItem\",\"@id\":\"https:\\\/\\\/eldigitaldeasturias.com\\\/radio#listItem\",\"name\":\"Inicio\"}},{\"@type\":\"ListItem\",\"@id\":\"https:\\\/\\\/eldigitaldeasturias.com\\\/radio\\\/camiones-ecologicos-la-conversion-de-motores-diesel-a-hidrogeno\\\/#listItem\",\"position\":3,\"name\":\"Camiones ecol\\u00f3gicos: la conversi\\u00f3n de motores di\\u00e9sel a hidr\\u00f3geno\",\"previousItem\":{\"@type\":\"ListItem\",\"@id\":\"https:\\\/\\\/eldigitaldeasturias.com\\\/radio\\\/category\\\/reportajes\\\/#listItem\",\"name\":\"Reportajes\"}}]},{\"@type\":\"NewsArticle\",\"@id\":\"https:\\\/\\\/eldigitaldeasturias.com\\\/radio\\\/camiones-ecologicos-la-conversion-de-motores-diesel-a-hidrogeno\\\/#newsarticle\",\"name\":\"Camiones ecol\\u00f3gicos: la conversi\\u00f3n de motores di\\u00e9sel a hidr\\u00f3geno | El Digital de Asturias\",\"headline\":\"Camiones ecol\\u00f3gicos: la conversi\\u00f3n de motores di\\u00e9sel a hidr\\u00f3geno\",\"author\":{\"@id\":\"https:\\\/\\\/eldigitaldeasturias.com\\\/radio\\\/author\\\/nbasturias\\\/#author\"},\"publisher\":{\"@id\":\"https:\\\/\\\/eldigitaldeasturias.com\\\/radio\\\/#organization\"},\"image\":{\"@type\":\"ImageObject\",\"url\":\"https:\\\/\\\/eldigitaldeasturias.com\\\/radio\\\/wp-content\\\/uploads\\\/2022\\\/04\\\/Camiones.jpg\",\"width\":990,\"height\":656,\"caption\":\"Los camiones di\\u00e9sel son uno de los mayores emisores de CO2 y la industria est\\u00e1 dispuesta a acelerar el cambio a veh\\u00edculos m\\u00e1s compatibles con el medio ambiente. Los ingenieros de una empresa alemana han ideado una soluci\\u00f3n sencilla: convertir los motores di\\u00e9sel para que funcionen con hidr\\u00f3geno. Foto: Keyou\\\/dpa\"},\"datePublished\":\"2022-04-25T00:49:58+02:00\",\"dateModified\":\"2022-04-25T00:49:58+02:00\",\"inLanguage\":\"es-ES\",\"mainEntityOfPage\":{\"@id\":\"https:\\\/\\\/eldigitaldeasturias.com\\\/radio\\\/camiones-ecologicos-la-conversion-de-motores-diesel-a-hidrogeno\\\/#webpage\"},\"isPartOf\":{\"@id\":\"https:\\\/\\\/eldigitaldeasturias.com\\\/radio\\\/camiones-ecologicos-la-conversion-de-motores-diesel-a-hidrogeno\\\/#webpage\"},\"articleSection\":\"Reportajes, motor, Reportajes\",\"dateline\":\"Publicado el abril 25, 2022.\"},{\"@type\":\"Organization\",\"@id\":\"https:\\\/\\\/eldigitaldeasturias.com\\\/radio\\\/#organization\",\"name\":\"El digital de Asturias Radio\",\"description\":\"Diario de informaci\\u00f3n y noticias\",\"url\":\"https:\\\/\\\/eldigitaldeasturias.com\\\/radio\\\/\",\"telephone\":\"+34652131393\",\"logo\":{\"@type\":\"ImageObject\",\"url\":\"https:\\\/\\\/www.eldigitaldeasturias.com\\\/radio\\\/wp-content\\\/uploads\\\/2021\\\/03\\\/EDA.jpg\",\"@id\":\"https:\\\/\\\/eldigitaldeasturias.com\\\/radio\\\/camiones-ecologicos-la-conversion-de-motores-diesel-a-hidrogeno\\\/#organizationLogo\"},\"image\":{\"@id\":\"https:\\\/\\\/eldigitaldeasturias.com\\\/radio\\\/camiones-ecologicos-la-conversion-de-motores-diesel-a-hidrogeno\\\/#organizationLogo\"},\"sameAs\":[\"https:\\\/\\\/www.facebook.com\\\/\",\"https:\\\/\\\/x.com\\\/bercodi\",\"https:\\\/\\\/www.instagram.com\\\/\",\"https:\\\/\\\/www.youtube.com\\\/channel\\\/UCZP-2wLEB9Rv6erhFmqVnvg\"]},{\"@type\":\"Person\",\"@id\":\"https:\\\/\\\/eldigitaldeasturias.com\\\/radio\\\/author\\\/nbasturias\\\/#author\",\"url\":\"https:\\\/\\\/eldigitaldeasturias.com\\\/radio\\\/author\\\/nbasturias\\\/\",\"name\":\"NBAsturias\",\"image\":{\"@type\":\"ImageObject\",\"@id\":\"https:\\\/\\\/eldigitaldeasturias.com\\\/radio\\\/camiones-ecologicos-la-conversion-de-motores-diesel-a-hidrogeno\\\/#authorImage\",\"url\":\"https:\\\/\\\/secure.gravatar.com\\\/avatar\\\/df2aeffc32bcd13f8d26072ef8a91b623d677766deac7f97ca815868cd41bf5e?s=96&d=mm&r=g\",\"width\":96,\"height\":96,\"caption\":\"NBAsturias\"}},{\"@type\":\"WebPage\",\"@id\":\"https:\\\/\\\/eldigitaldeasturias.com\\\/radio\\\/camiones-ecologicos-la-conversion-de-motores-diesel-a-hidrogeno\\\/#webpage\",\"url\":\"https:\\\/\\\/eldigitaldeasturias.com\\\/radio\\\/camiones-ecologicos-la-conversion-de-motores-diesel-a-hidrogeno\\\/\",\"name\":\"Camiones ecol\\u00f3gicos: la conversi\\u00f3n de motores di\\u00e9sel a hidr\\u00f3geno | El Digital de Asturias\",\"description\":\"(dpa) - Los camiones son uno de los mayores emisores de di\\u00f3xido de carbono (CO2) en las carreteras y, por lo tanto, la industria automotriz est\\u00e1 dispuesta\",\"inLanguage\":\"es-ES\",\"isPartOf\":{\"@id\":\"https:\\\/\\\/eldigitaldeasturias.com\\\/radio\\\/#website\"},\"breadcrumb\":{\"@id\":\"https:\\\/\\\/eldigitaldeasturias.com\\\/radio\\\/camiones-ecologicos-la-conversion-de-motores-diesel-a-hidrogeno\\\/#breadcrumblist\"},\"author\":{\"@id\":\"https:\\\/\\\/eldigitaldeasturias.com\\\/radio\\\/author\\\/nbasturias\\\/#author\"},\"creator\":{\"@id\":\"https:\\\/\\\/eldigitaldeasturias.com\\\/radio\\\/author\\\/nbasturias\\\/#author\"},\"image\":{\"@type\":\"ImageObject\",\"url\":\"https:\\\/\\\/eldigitaldeasturias.com\\\/radio\\\/wp-content\\\/uploads\\\/2022\\\/04\\\/Camiones.jpg\",\"@id\":\"https:\\\/\\\/eldigitaldeasturias.com\\\/radio\\\/camiones-ecologicos-la-conversion-de-motores-diesel-a-hidrogeno\\\/#mainImage\",\"width\":990,\"height\":656,\"caption\":\"Los camiones di\\u00e9sel son uno de los mayores emisores de CO2 y la industria est\\u00e1 dispuesta a acelerar el cambio a veh\\u00edculos m\\u00e1s compatibles con el medio ambiente. Los ingenieros de una empresa alemana han ideado una soluci\\u00f3n sencilla: convertir los motores di\\u00e9sel para que funcionen con hidr\\u00f3geno. Foto: Keyou\\\/dpa\"},\"primaryImageOfPage\":{\"@id\":\"https:\\\/\\\/eldigitaldeasturias.com\\\/radio\\\/camiones-ecologicos-la-conversion-de-motores-diesel-a-hidrogeno\\\/#mainImage\"},\"datePublished\":\"2022-04-25T00:49:58+02:00\",\"dateModified\":\"2022-04-25T00:49:58+02:00\"},{\"@type\":\"WebSite\",\"@id\":\"https:\\\/\\\/eldigitaldeasturias.com\\\/radio\\\/#website\",\"url\":\"https:\\\/\\\/eldigitaldeasturias.com\\\/radio\\\/\",\"name\":\"El Digital de Asturias\",\"description\":\"Diario de informaci\\u00f3n y noticias\",\"inLanguage\":\"es-ES\",\"publisher\":{\"@id\":\"https:\\\/\\\/eldigitaldeasturias.com\\\/radio\\\/#organization\"}}]}\n\t\t<\/script>\n\t\t<!-- All in One SEO Pro -->\r\n\t\t<title>Camiones ecol\u00f3gicos: la conversi\u00f3n de motores di\u00e9sel a hidr\u00f3geno | El Digital de Asturias<\/title>\n\n","aioseo_head_json":{"title":"Camiones ecol\u00f3gicos: la conversi\u00f3n de motores di\u00e9sel a hidr\u00f3geno | El Digital de Asturias","description":"(dpa) - Los camiones son uno de los mayores emisores de di\u00f3xido de carbono (CO2) en las carreteras y, por lo tanto, la industria automotriz est\u00e1 dispuesta","canonical_url":"https:\/\/eldigitaldeasturias.com\/radio\/camiones-ecologicos-la-conversion-de-motores-diesel-a-hidrogeno\/","robots":"max-image-preview:large","keywords":"reportajes","webmasterTools":{"google-site-verification":"UA-38556648-1","miscellaneous":""},"schema":{"@context":"https:\/\/schema.org","@graph":[{"@type":"BreadcrumbList","@id":"https:\/\/eldigitaldeasturias.com\/radio\/camiones-ecologicos-la-conversion-de-motores-diesel-a-hidrogeno\/#breadcrumblist","itemListElement":[{"@type":"ListItem","@id":"https:\/\/eldigitaldeasturias.com\/radio#listItem","position":1,"name":"Inicio","item":"https:\/\/eldigitaldeasturias.com\/radio","nextItem":{"@type":"ListItem","@id":"https:\/\/eldigitaldeasturias.com\/radio\/category\/reportajes\/#listItem","name":"Reportajes"}},{"@type":"ListItem","@id":"https:\/\/eldigitaldeasturias.com\/radio\/category\/reportajes\/#listItem","position":2,"name":"Reportajes","item":"https:\/\/eldigitaldeasturias.com\/radio\/category\/reportajes\/","nextItem":{"@type":"ListItem","@id":"https:\/\/eldigitaldeasturias.com\/radio\/camiones-ecologicos-la-conversion-de-motores-diesel-a-hidrogeno\/#listItem","name":"Camiones ecol\u00f3gicos: la conversi\u00f3n de motores di\u00e9sel a hidr\u00f3geno"},"previousItem":{"@type":"ListItem","@id":"https:\/\/eldigitaldeasturias.com\/radio#listItem","name":"Inicio"}},{"@type":"ListItem","@id":"https:\/\/eldigitaldeasturias.com\/radio\/camiones-ecologicos-la-conversion-de-motores-diesel-a-hidrogeno\/#listItem","position":3,"name":"Camiones ecol\u00f3gicos: la conversi\u00f3n de motores di\u00e9sel a hidr\u00f3geno","previousItem":{"@type":"ListItem","@id":"https:\/\/eldigitaldeasturias.com\/radio\/category\/reportajes\/#listItem","name":"Reportajes"}}]},{"@type":"NewsArticle","@id":"https:\/\/eldigitaldeasturias.com\/radio\/camiones-ecologicos-la-conversion-de-motores-diesel-a-hidrogeno\/#newsarticle","name":"Camiones ecol\u00f3gicos: la conversi\u00f3n de motores di\u00e9sel a hidr\u00f3geno | El Digital de Asturias","headline":"Camiones ecol\u00f3gicos: la conversi\u00f3n de motores di\u00e9sel a hidr\u00f3geno","author":{"@id":"https:\/\/eldigitaldeasturias.com\/radio\/author\/nbasturias\/#author"},"publisher":{"@id":"https:\/\/eldigitaldeasturias.com\/radio\/#organization"},"image":{"@type":"ImageObject","url":"https:\/\/eldigitaldeasturias.com\/radio\/wp-content\/uploads\/2022\/04\/Camiones.jpg","width":990,"height":656,"caption":"Los camiones di\u00e9sel son uno de los mayores emisores de CO2 y la industria est\u00e1 dispuesta a acelerar el cambio a veh\u00edculos m\u00e1s compatibles con el medio ambiente. Los ingenieros de una empresa alemana han ideado una soluci\u00f3n sencilla: convertir los motores di\u00e9sel para que funcionen con hidr\u00f3geno. Foto: Keyou\/dpa"},"datePublished":"2022-04-25T00:49:58+02:00","dateModified":"2022-04-25T00:49:58+02:00","inLanguage":"es-ES","mainEntityOfPage":{"@id":"https:\/\/eldigitaldeasturias.com\/radio\/camiones-ecologicos-la-conversion-de-motores-diesel-a-hidrogeno\/#webpage"},"isPartOf":{"@id":"https:\/\/eldigitaldeasturias.com\/radio\/camiones-ecologicos-la-conversion-de-motores-diesel-a-hidrogeno\/#webpage"},"articleSection":"Reportajes, motor, Reportajes","dateline":"Publicado el abril 25, 2022."},{"@type":"Organization","@id":"https:\/\/eldigitaldeasturias.com\/radio\/#organization","name":"El digital de Asturias Radio","description":"Diario de informaci\u00f3n y noticias","url":"https:\/\/eldigitaldeasturias.com\/radio\/","telephone":"+34652131393","logo":{"@type":"ImageObject","url":"https:\/\/www.eldigitaldeasturias.com\/radio\/wp-content\/uploads\/2021\/03\/EDA.jpg","@id":"https:\/\/eldigitaldeasturias.com\/radio\/camiones-ecologicos-la-conversion-de-motores-diesel-a-hidrogeno\/#organizationLogo"},"image":{"@id":"https:\/\/eldigitaldeasturias.com\/radio\/camiones-ecologicos-la-conversion-de-motores-diesel-a-hidrogeno\/#organizationLogo"},"sameAs":["https:\/\/www.facebook.com\/","https:\/\/x.com\/bercodi","https:\/\/www.instagram.com\/","https:\/\/www.youtube.com\/channel\/UCZP-2wLEB9Rv6erhFmqVnvg"]},{"@type":"Person","@id":"https:\/\/eldigitaldeasturias.com\/radio\/author\/nbasturias\/#author","url":"https:\/\/eldigitaldeasturias.com\/radio\/author\/nbasturias\/","name":"NBAsturias","image":{"@type":"ImageObject","@id":"https:\/\/eldigitaldeasturias.com\/radio\/camiones-ecologicos-la-conversion-de-motores-diesel-a-hidrogeno\/#authorImage","url":"https:\/\/secure.gravatar.com\/avatar\/df2aeffc32bcd13f8d26072ef8a91b623d677766deac7f97ca815868cd41bf5e?s=96&d=mm&r=g","width":96,"height":96,"caption":"NBAsturias"}},{"@type":"WebPage","@id":"https:\/\/eldigitaldeasturias.com\/radio\/camiones-ecologicos-la-conversion-de-motores-diesel-a-hidrogeno\/#webpage","url":"https:\/\/eldigitaldeasturias.com\/radio\/camiones-ecologicos-la-conversion-de-motores-diesel-a-hidrogeno\/","name":"Camiones ecol\u00f3gicos: la conversi\u00f3n de motores di\u00e9sel a hidr\u00f3geno | El Digital de Asturias","description":"(dpa) - Los camiones son uno de los mayores emisores de di\u00f3xido de carbono (CO2) en las carreteras y, por lo tanto, la industria automotriz est\u00e1 dispuesta","inLanguage":"es-ES","isPartOf":{"@id":"https:\/\/eldigitaldeasturias.com\/radio\/#website"},"breadcrumb":{"@id":"https:\/\/eldigitaldeasturias.com\/radio\/camiones-ecologicos-la-conversion-de-motores-diesel-a-hidrogeno\/#breadcrumblist"},"author":{"@id":"https:\/\/eldigitaldeasturias.com\/radio\/author\/nbasturias\/#author"},"creator":{"@id":"https:\/\/eldigitaldeasturias.com\/radio\/author\/nbasturias\/#author"},"image":{"@type":"ImageObject","url":"https:\/\/eldigitaldeasturias.com\/radio\/wp-content\/uploads\/2022\/04\/Camiones.jpg","@id":"https:\/\/eldigitaldeasturias.com\/radio\/camiones-ecologicos-la-conversion-de-motores-diesel-a-hidrogeno\/#mainImage","width":990,"height":656,"caption":"Los camiones di\u00e9sel son uno de los mayores emisores de CO2 y la industria est\u00e1 dispuesta a acelerar el cambio a veh\u00edculos m\u00e1s compatibles con el medio ambiente. Los ingenieros de una empresa alemana han ideado una soluci\u00f3n sencilla: convertir los motores di\u00e9sel para que funcionen con hidr\u00f3geno. Foto: Keyou\/dpa"},"primaryImageOfPage":{"@id":"https:\/\/eldigitaldeasturias.com\/radio\/camiones-ecologicos-la-conversion-de-motores-diesel-a-hidrogeno\/#mainImage"},"datePublished":"2022-04-25T00:49:58+02:00","dateModified":"2022-04-25T00:49:58+02:00"},{"@type":"WebSite","@id":"https:\/\/eldigitaldeasturias.com\/radio\/#website","url":"https:\/\/eldigitaldeasturias.com\/radio\/","name":"El Digital de Asturias","description":"Diario de informaci\u00f3n y noticias","inLanguage":"es-ES","publisher":{"@id":"https:\/\/eldigitaldeasturias.com\/radio\/#organization"}}]},"og:locale":"es_ES","og:site_name":"El Digital de Asturias | Diario de informaci\u00f3n y noticias","og:type":"article","og:title":"Camiones ecol\u00f3gicos: la conversi\u00f3n de motores di\u00e9sel a hidr\u00f3geno | El Digital de Asturias","og:description":"(dpa) - Los camiones son uno de los mayores emisores de di\u00f3xido de carbono (CO2) en las carreteras y, por lo tanto, la industria automotriz est\u00e1 dispuesta","og:url":"https:\/\/eldigitaldeasturias.com\/radio\/camiones-ecologicos-la-conversion-de-motores-diesel-a-hidrogeno\/","og:image":"https:\/\/eldigitaldeasturias.com\/radio\/wp-content\/uploads\/2022\/04\/Camiones.jpg","og:image:secure_url":"https:\/\/eldigitaldeasturias.com\/radio\/wp-content\/uploads\/2022\/04\/Camiones.jpg","og:image:width":990,"og:image:height":656,"article:published_time":"2022-04-25T00:49:58+00:00","article:modified_time":"2022-04-25T00:49:58+00:00","twitter:card":"summary_large_image","twitter:site":"@bercodi","twitter:title":"Camiones ecol\u00f3gicos: la conversi\u00f3n de motores di\u00e9sel a hidr\u00f3geno | El Digital de Asturias","twitter:description":"(dpa) - Los camiones son uno de los mayores emisores de di\u00f3xido de carbono (CO2) en las carreteras y, por lo tanto, la industria automotriz est\u00e1 dispuesta","twitter:creator":"@bercodi","twitter:image":"https:\/\/eldigitaldeasturias.com\/radio\/wp-content\/uploads\/2022\/04\/Camiones.jpg"},"aioseo_meta_data":{"post_id":"6912","title":null,"description":"(dpa) - Los camiones son uno de los mayores emisores de di\u00f3xido de carbono (CO2) en las carreteras y, por lo tanto, la industria automotriz est\u00e1 dispuesta","keywords":[],"keyphrases":{"focus":{"keyphrase":"camiones","score":92,"analysis":{"keyphraseInTitle":{"title":"Focus keyphrase in SEO title","description":"Focus keyphrase found in SEO title.","score":9,"maxScore":9,"error":0},"keyphraseInDescription":{"title":"Focus keyphrase in meta description","description":"Focus keyphrase found in meta description.","score":9,"maxScore":9,"error":0},"keyphraseLength":{"title":"Focus keyphrase length","description":"Good job!","score":9,"maxScore":9,"error":0,"length":1},"keyphraseInURL":{"title":"Focus keyphrase in URL","description":"Focus keyphrase not found in the URL.","score":1,"maxScore":5,"error":1},"keyphraseInIntroduction":{"title":"Focus keyphrase in introduction","description":"Your Focus keyphrase appears in the first paragraph. Well done!","score":9,"maxScore":9,"error":0},"keyphraseInSubHeadings":[],"keyphraseInImageAlt":{"title":"Focus keyphrase in image alt attributes","description":"Focus keyphrase found in image alt attribute(s).","score":9,"maxScore":9,"error":0}}},"additional":[{"keyphrase":" industria automotriz","score":100,"analysis":{"keyphraseInDescription":{"title":"Keyphrase in meta description","description":"Keyphrase found in meta description.","score":9,"maxScore":9,"error":0},"keyphraseLength":{"title":"Keyphrase length","description":"Good job!","score":9,"maxScore":9,"error":0,"length":2},"keyphraseInIntroduction":{"title":"Keyphrase in introduction","description":"Your Keyphrase appears in the first paragraph. Well done!","score":9,"maxScore":9,"error":0},"keyphraseInImageAlt":{"title":"Keyphrase in image alt attributes","description":"Keyphrase found in image alt attribute(s).","score":9,"maxScore":9,"error":0}}},{"keyphrase":"di\u00f3xido de carbono ","score":83,"analysis":{"keyphraseInDescription":{"title":"Keyphrase in meta description","description":"Keyphrase found in meta description.","score":9,"maxScore":9,"error":0},"keyphraseLength":{"title":"Keyphrase length","description":"Good job!","score":9,"maxScore":9,"error":0,"length":3},"keyphraseInIntroduction":{"title":"Keyphrase in introduction","description":"Your Keyphrase appears in the first paragraph. Well done!","score":9,"maxScore":9,"error":0},"keyphraseInImageAlt":{"title":"Keyphrase in image alt attributes","description":"Keyphrase not found in image alt attribute(s). Add an image with your Keyphrase as alt text.","score":3,"maxScore":9,"error":1}}},{"keyphrase":"emisores","score":83,"analysis":{"keyphraseInDescription":{"title":"Keyphrase in meta description","description":"Keyphrase found in meta description.","score":9,"maxScore":9,"error":0},"keyphraseLength":{"title":"Keyphrase length","description":"Good job!","score":9,"maxScore":9,"error":0,"length":1},"keyphraseInIntroduction":{"title":"Keyphrase in introduction","description":"Your Keyphrase appears in the first paragraph. Well done!","score":9,"maxScore":9,"error":0},"keyphraseInImageAlt":{"title":"Keyphrase in image alt attributes","description":"Keyphrase not found in image alt attribute(s). Add an image with your Keyphrase as alt text.","score":3,"maxScore":9,"error":1}}}]},"primary_term":null,"canonical_url":null,"og_title":null,"og_description":null,"og_object_type":"default","og_image_type":"default","og_image_url":null,"og_image_width":null,"og_image_height":null,"og_image_custom_url":null,"og_image_custom_fields":null,"og_video":"","og_custom_url":null,"og_article_section":null,"og_article_tags":[],"twitter_use_og":false,"twitter_card":"default","twitter_image_type":"default","twitter_image_url":null,"twitter_image_custom_url":null,"twitter_image_custom_fields":null,"twitter_title":null,"twitter_description":null,"schema":{"blockGraphs":[],"customGraphs":[],"default":{"data":{"Article":[],"Course":[],"Dataset":[],"FAQPage":[],"Movie":[],"Person":[],"Product":[],"ProductReview":[],"Car":[],"Recipe":[],"Service":[],"SoftwareApplication":[],"WebPage":[]},"graphName":"","isEnabled":true},"graphs":[],"defaultGraph":"Article","defaultPostTypeGraph":""},"schema_type":"default","schema_type_options":"{\"article\":{\"articleType\":\"BlogPosting\"},\"course\":{\"name\":\"\",\"description\":\"\",\"provider\":\"\"},\"faq\":{\"pages\":[]},\"product\":{\"reviews\":[]},\"recipe\":{\"ingredients\":[],\"instructions\":[],\"keywords\":[]},\"software\":{\"reviews\":[],\"operatingSystems\":[]},\"webPage\":{\"webPageType\":\"WebPage\"}}","pillar_content":false,"robots_default":true,"robots_noindex":false,"robots_noarchive":false,"robots_nosnippet":false,"robots_nofollow":false,"robots_noimageindex":false,"robots_noodp":false,"robots_notranslate":false,"robots_max_snippet":"-1","robots_max_videopreview":"-1","robots_max_imagepreview":"large","priority":null,"frequency":"default","location":null,"local_seo":null,"seo_analyzer_scan_date":"2025-08-28 19:59:31","breadcrumb_settings":null,"limit_modified_date":false,"open_ai":null,"ai":null,"created":"2022-04-25 00:44:13","updated":"2025-08-28 19:59:31"},"aioseo_breadcrumb":"<div class=\"aioseo-breadcrumbs\"><span class=\"aioseo-breadcrumb\">\n\t<a href=\"https:\/\/eldigitaldeasturias.com\/radio\" title=\"Inicio\">Inicio<\/a>\n<\/span><span class=\"aioseo-breadcrumb-separator\">&ndash;<\/span><span class=\"aioseo-breadcrumb\">\n\t<a href=\"https:\/\/eldigitaldeasturias.com\/radio\/category\/reportajes\/\" title=\"Reportajes\">Reportajes<\/a>\n<\/span><span class=\"aioseo-breadcrumb-separator\">&ndash;<\/span><span class=\"aioseo-breadcrumb\">\n\tCamiones ecol\u00f3gicos: la conversi\u00f3n de motores di\u00e9sel a hidr\u00f3geno\n<\/span><\/div>","aioseo_breadcrumb_json":[{"label":"Inicio","link":"https:\/\/eldigitaldeasturias.com\/radio"},{"label":"Reportajes","link":"https:\/\/eldigitaldeasturias.com\/radio\/category\/reportajes\/"},{"label":"Camiones ecol\u00f3gicos: la conversi\u00f3n de motores di\u00e9sel a hidr\u00f3geno","link":"https:\/\/eldigitaldeasturias.com\/radio\/camiones-ecologicos-la-conversion-de-motores-diesel-a-hidrogeno\/"}],"_links":{"self":[{"href":"https:\/\/eldigitaldeasturias.com\/radio\/wp-json\/wp\/v2\/posts\/6912","targetHints":{"allow":["GET"]}}],"collection":[{"href":"https:\/\/eldigitaldeasturias.com\/radio\/wp-json\/wp\/v2\/posts"}],"about":[{"href":"https:\/\/eldigitaldeasturias.com\/radio\/wp-json\/wp\/v2\/types\/post"}],"author":[{"embeddable":true,"href":"https:\/\/eldigitaldeasturias.com\/radio\/wp-json\/wp\/v2\/users\/1"}],"replies":[{"embeddable":true,"href":"https:\/\/eldigitaldeasturias.com\/radio\/wp-json\/wp\/v2\/comments?post=6912"}],"version-history":[{"count":0,"href":"https:\/\/eldigitaldeasturias.com\/radio\/wp-json\/wp\/v2\/posts\/6912\/revisions"}],"wp:featuredmedia":[{"embeddable":true,"href":"https:\/\/eldigitaldeasturias.com\/radio\/wp-json\/wp\/v2\/media\/6913"}],"wp:attachment":[{"href":"https:\/\/eldigitaldeasturias.com\/radio\/wp-json\/wp\/v2\/media?parent=6912"}],"wp:term":[{"taxonomy":"category","embeddable":true,"href":"https:\/\/eldigitaldeasturias.com\/radio\/wp-json\/wp\/v2\/categories?post=6912"},{"taxonomy":"post_tag","embeddable":true,"href":"https:\/\/eldigitaldeasturias.com\/radio\/wp-json\/wp\/v2\/tags?post=6912"}],"curies":[{"name":"wp","href":"https:\/\/api.w.org\/{rel}","templated":true}]}}