{"id":6907,"date":"2022-04-20T16:08:29","date_gmt":"2022-04-20T16:08:29","guid":{"rendered":"http:\/\/eldigitaldeasturias.com\/radio\/?p=6907"},"modified":"2022-04-20T16:08:29","modified_gmt":"2022-04-20T16:08:29","slug":"la-produccion-ambulante-de-quesos-crece-en-alemania","status":"publish","type":"post","link":"https:\/\/eldigitaldeasturias.com\/radio\/la-produccion-ambulante-de-quesos-crece-en-alemania\/","title":{"rendered":"La producci\u00f3n ambulante de quesos crece en Alemania"},"content":{"rendered":"<p>(dpa) &#8211; Steffi Heidrich transforma la leche en queso. Para ello viaja con su cami\u00f3n especialmente acondicionado a distintas granjas del norte de Alemania. Esta ma\u00f1ana, \u00ab<strong>La queser\u00eda m\u00f3vil de Heidi\u00bb se encuentra en una granja de la localidad de Wilstedt, en el estado federado de Baja Sajonia<\/strong>.<\/p>\n<figure id=\"attachment_6908\" aria-describedby=\"caption-attachment-6908\" style=\"width: 650px\" class=\"wp-caption aligncenter\"><img fetchpriority=\"high\" decoding=\"async\" class=\"wp-image-6908\" src=\"https:\/\/eldigitaldeasturias.com\/radio\/wp-content\/uploads\/2022\/04\/quesos-360x242.jpg\" alt=\"quesos\" width=\"650\" height=\"436\" srcset=\"https:\/\/eldigitaldeasturias.com\/radio\/wp-content\/uploads\/2022\/04\/quesos-360x242.jpg 360w, https:\/\/eldigitaldeasturias.com\/radio\/wp-content\/uploads\/2022\/04\/quesos-768x515.jpg 768w, https:\/\/eldigitaldeasturias.com\/radio\/wp-content\/uploads\/2022\/04\/quesos-150x101.jpg 150w, https:\/\/eldigitaldeasturias.com\/radio\/wp-content\/uploads\/2022\/04\/quesos-450x302.jpg 450w, https:\/\/eldigitaldeasturias.com\/radio\/wp-content\/uploads\/2022\/04\/quesos.jpg 988w\" sizes=\"(max-width: 650px) 100vw, 650px\" \/><figcaption id=\"caption-attachment-6908\" class=\"wp-caption-text\">Steffi Heidrich en la cava de quesos en la que maduran los productos elaborados en su queser\u00eda ambulante. Foto: Sina Schuldt\/dpa<\/figcaption><\/figure>\n<p>Poco despu\u00e9s de su llegada, unos 1.000 litros de leche corren a trav\u00e9s de mangueras hacia un contenedor de acero que se encuentra en el interior del cami\u00f3n. Hay ruido de motores, alg\u00fan siseo. La mujer de 39 a\u00f1os toca algunos botones y controla la temperatura de la leche en la caldera.<\/p>\n<blockquote><p>La quesera ambulante de delantal, impolutas botas de goma blancas y redecilla para el pelo vierte cuajo en la caldera, una encima que hace que la leche se espese.<\/p><\/blockquote>\n<p>Para obtener fragmentos m\u00e1s peque\u00f1os, Heidrich corta la masa con una herramienta de corte llamada arpa de queso. Una y otra vez huele la mezcla para saber cu\u00e1ndo y con qu\u00e9 rapidez debe cortar la cuajada.<\/p>\n<p>\u00abEs un trabajo manual\u00bb, dice, visiblemente satisfecha. Una vez escurrido el suero, la quesera vuelca la masa desmenuzada en moldes redondos. El trenzado de la parte inferior del molde le dar\u00e1 forma a la corteza del queso.<\/p>\n<p><strong>La mujer prepara dos tipos de queso est\u00e1ndar en su queser\u00eda m\u00f3vil: queso para cortar en lonchas y queso semiduro<\/strong>. Estos son la base de siete variedades que tienen, por ejemplo, diferentes hierbas.<\/p>\n<p>Otros tipos de queso est\u00e1n disponibles por pedido. Seg\u00fan Heidrich, los quesos nunca saben exactamente igual. \u00abUna materia prima como la leche es muy, muy especial\u00bb, dice visiblemente entusiasmada con su trabajo. En su opini\u00f3n, cada leche es diferente. \u00abLo veo cuando hago el queso y tambi\u00e9n lo compruebo en t\u00e9rminos de sabor: es incre\u00edble lo distintos que resultan los quesos\u00bb.<\/p>\n<blockquote><p>El granjero Ralf Meyer lo confirma. \u00abDefinitivamente, no siempre leche es igual a leche\u00bb, dice. El jefe de la lecher\u00eda Wilstedt explica que el tipo de alimento que consumen las vacas y su raza influyen en el sabor.<\/p><\/blockquote>\n<p>Su tambo cuenta con unas 60 vacas. \u00abSomos una muy peque\u00f1a empresa\u00bb, dice. Su principal negocio son los helados y otros productos a base de leche que vende a restaurantes y caf\u00e9s, as\u00ed como una tienda y una helader\u00eda que funcionan en la misma granja.<\/p>\n<p>\u00abPara nosotros fue un buen complemento hacer queso\u00bb, afirma. Con los alrededor de 1.000 litros de leche que fluyen esta ma\u00f1ana hacia el cami\u00f3n se fabricar\u00e1n unos 100 kilos de queso.<\/p>\n<p><strong>\u00abLa queser\u00eda m\u00f3vil de Heidi\u00bb (el nombre es un juego de palabras basado en el apellido de Steffi y el famoso personaje del libro infantil de Johanna Spyri que vive en los Alpes) cuenta con unos 60 clientes<\/strong>. Desde que fue creado en 2018, su emprendimiento creci\u00f3 fuertemente. Al principio, esta madre de tres hijos trabajaba en un remolque especialmente acondicionado. Ahora maneja un cami\u00f3n de 12 toneladas que cuesta lo mismo que una peque\u00f1a vivienda familiar.<\/p>\n<p>Cuenta con nueve empleados en total, entre ellos su marido, quien tambi\u00e9n fabrica quesos. Otros empleados se ocupan del cuidado de los quesos. En el almac\u00e9n, los quesos son frotados regularmente con bacterias que forman la corteza. \u00abEl queso est\u00e1 vivo. Cambia\u00bb, explica este hombre de 39 a\u00f1os. Por regla general, el queso tiene un tiempo de maduraci\u00f3n de al menos cinco semanas.<\/p>\n<p>La pandemia jug\u00f3 a favor de esta queser\u00eda m\u00f3vil. <strong>\u00abEl coronavirus fue ventajoso para m\u00ed\u00bb, cuenta Heidrich. \u00abMuchas personas ya no quer\u00edan acudir a las tiendas y quer\u00edan productos regionales\u00bb, explica<\/strong>.<\/p>\n<p>De acuerdo con la central de consumidores del estado federado de Baja Sajonia, la demanda de productos regionales aument\u00f3 en los \u00faltimos a\u00f1os. \u00abLa regionalidad es un distintivo de calidad\u00bb, dice la experta en alimentaci\u00f3n alemana Anneke von Reeken.<\/p>\n<p>En el caso de queso de campo o granja, los clientes saben qu\u00e9 contiene el producto. \u00abLa ventaja es que se trata de la leche de la misma granja y no hay ninguna mezcla\u00bb, afirma Von Reeken. Adem\u00e1s, los clientes pueden observar de cerca el cuidado que reciben las vacas.<\/p>\n<p>Para los granjeros, estas queser\u00edas m\u00f3viles son una posibilidad para probarse en la elaboraci\u00f3n de un producto con su leche, seg\u00fan explica Marc Albrecht-Seidel de la Asociaci\u00f3n para el Procesamiento Artesanal de la Leche. Adem\u00e1s, apunta que las granjas no necesitan hacer caras inversiones en edificios y tecnolog\u00eda. \u00abEsas dos cosas ya vienen con la queser\u00eda m\u00f3vil\u00bb, se\u00f1ala.<\/p>\n<p>Por lo general, los quesos son madurados en un lugar destinado a ello en la queser\u00eda ambulante y devueltos luego al establecimiento. \u00abSi las granjas no quieren crecer en tama\u00f1o, elaborar productos con la leche de la granja es una buena posibilidad para aumentar su rendimiento sin necesidad de ampliar la superficie\u00bb, explica.<\/p>\n<blockquote><p>De acuerdo con la asociaci\u00f3n, actualmente hay en Alemania unas 20 queser\u00edas m\u00f3viles. \u00abEs muy probable que en los pr\u00f3ximos a\u00f1os contin\u00fae el crecimiento\u00bb, dice Albrecht-Seidel.<\/p><\/blockquote>\n<p>La quesera Heidrich est\u00e1 contenta con estos desarrollos. \u00abPor suerte se agregaron un par de queseros m\u00f3viles\u00bb, dice acerca de sus nuevos colegas en el norte de Alemania. Ella tambi\u00e9n espera que siga aumentando la demanda de quesos de granja. \u00abLos recorridos de producci\u00f3n cortos y la producci\u00f3n artesanal ser\u00e1n el futuro\u00bb, dice.<\/p>\n<p><i class=\"lang-es\"><span class=\" readonly\" title=\"\">Por Helen Hoffmann (dpa)<\/span><\/i><\/p>\n","protected":false},"excerpt":{"rendered":"<p>(dpa) &#8211; Steffi Heidrich transforma la leche en queso. Para ello viaja con su cami\u00f3n especialmente acondicionado a distintas granjas del norte de Alemania. Esta ma\u00f1ana, \u00abLa queser\u00eda m\u00f3vil de Heidi\u00bb se encuentra en una granja de la localidad de Wilstedt, en el estado federado de Baja Sajonia. Poco despu\u00e9s de su llegada, unos 1.000<\/p>\n","protected":false},"author":1,"featured_media":6908,"comment_status":"closed","ping_status":"closed","sticky":false,"template":"","format":"standard","meta":{"footnotes":""},"categories":[26,36],"tags":[44,107,45],"class_list":{"0":"post-6907","1":"post","2":"type-post","3":"status-publish","4":"format-standard","5":"has-post-thumbnail","7":"category-reportajes","8":"category-titulares","9":"tag-reportajes","10":"tag-sabores","11":"tag-sociedad"},"aioseo_notices":[],"aioseo_head":"\n\t\t<!-- All in One SEO Pro 4.9.6.2 - aioseo.com -->\n\t<meta name=\"description\" content=\"Steffi Heidrich transforma la leche en queso. Para ello viaja con su cami\u00f3n especialmente acondicionado a distintas granjas del norte de Alemania\" \/>\n\t<meta name=\"robots\" content=\"max-image-preview:large\" \/>\n\t<meta name=\"author\" content=\"NBAsturias\"\/>\n\t<meta name=\"google-site-verification\" content=\"UA-38556648-1\" \/>\n\t<meta name=\"keywords\" content=\"reportajes,titulares\" \/>\n\t<link rel=\"canonical\" href=\"https:\/\/eldigitaldeasturias.com\/radio\/la-produccion-ambulante-de-quesos-crece-en-alemania\/\" \/>\n\t<meta name=\"generator\" content=\"All in One SEO Pro (AIOSEO) 4.9.6.2\" \/>\n\t\t<meta property=\"og:locale\" content=\"es_ES\" \/>\n\t\t<meta property=\"og:site_name\" content=\"El Digital de Asturias | Diario de informaci\u00f3n y noticias\" \/>\n\t\t<meta property=\"og:type\" content=\"article\" \/>\n\t\t<meta property=\"og:title\" content=\"La producci\u00f3n ambulante de quesos crece en Alemania | El Digital de Asturias\" \/>\n\t\t<meta property=\"og:description\" content=\"Steffi Heidrich transforma la leche en queso. Para ello viaja con su cami\u00f3n especialmente acondicionado a distintas granjas del norte de Alemania\" \/>\n\t\t<meta property=\"og:url\" content=\"https:\/\/eldigitaldeasturias.com\/radio\/la-produccion-ambulante-de-quesos-crece-en-alemania\/\" \/>\n\t\t<meta property=\"og:image\" content=\"https:\/\/eldigitaldeasturias.com\/radio\/wp-content\/uploads\/2022\/04\/quesos.jpg\" \/>\n\t\t<meta property=\"og:image:secure_url\" content=\"https:\/\/eldigitaldeasturias.com\/radio\/wp-content\/uploads\/2022\/04\/quesos.jpg\" \/>\n\t\t<meta property=\"og:image:width\" content=\"988\" \/>\n\t\t<meta property=\"og:image:height\" content=\"663\" \/>\n\t\t<meta property=\"article:published_time\" content=\"2022-04-20T16:08:29+00:00\" \/>\n\t\t<meta property=\"article:modified_time\" content=\"2022-04-20T16:08:29+00:00\" \/>\n\t\t<meta name=\"twitter:card\" content=\"summary_large_image\" \/>\n\t\t<meta name=\"twitter:site\" content=\"@bercodi\" \/>\n\t\t<meta name=\"twitter:title\" content=\"La producci\u00f3n ambulante de quesos crece en Alemania | El Digital de Asturias\" \/>\n\t\t<meta name=\"twitter:description\" content=\"Steffi Heidrich transforma la leche en queso. Para ello viaja con su cami\u00f3n especialmente acondicionado a distintas granjas del norte de Alemania\" \/>\n\t\t<meta name=\"twitter:creator\" content=\"@bercodi\" \/>\n\t\t<meta name=\"twitter:image\" content=\"https:\/\/eldigitaldeasturias.com\/radio\/wp-content\/uploads\/2022\/04\/quesos.jpg\" \/>\n\t\t<script type=\"application\/ld+json\" class=\"aioseo-schema\">\n\t\t\t{\"@context\":\"https:\\\/\\\/schema.org\",\"@graph\":[{\"@type\":\"BreadcrumbList\",\"@id\":\"https:\\\/\\\/eldigitaldeasturias.com\\\/radio\\\/la-produccion-ambulante-de-quesos-crece-en-alemania\\\/#breadcrumblist\",\"itemListElement\":[{\"@type\":\"ListItem\",\"@id\":\"https:\\\/\\\/eldigitaldeasturias.com\\\/radio#listItem\",\"position\":1,\"name\":\"Inicio\",\"item\":\"https:\\\/\\\/eldigitaldeasturias.com\\\/radio\",\"nextItem\":{\"@type\":\"ListItem\",\"@id\":\"https:\\\/\\\/eldigitaldeasturias.com\\\/radio\\\/category\\\/reportajes\\\/#listItem\",\"name\":\"Reportajes\"}},{\"@type\":\"ListItem\",\"@id\":\"https:\\\/\\\/eldigitaldeasturias.com\\\/radio\\\/category\\\/reportajes\\\/#listItem\",\"position\":2,\"name\":\"Reportajes\",\"item\":\"https:\\\/\\\/eldigitaldeasturias.com\\\/radio\\\/category\\\/reportajes\\\/\",\"nextItem\":{\"@type\":\"ListItem\",\"@id\":\"https:\\\/\\\/eldigitaldeasturias.com\\\/radio\\\/la-produccion-ambulante-de-quesos-crece-en-alemania\\\/#listItem\",\"name\":\"La producci\\u00f3n ambulante de quesos crece en Alemania\"},\"previousItem\":{\"@type\":\"ListItem\",\"@id\":\"https:\\\/\\\/eldigitaldeasturias.com\\\/radio#listItem\",\"name\":\"Inicio\"}},{\"@type\":\"ListItem\",\"@id\":\"https:\\\/\\\/eldigitaldeasturias.com\\\/radio\\\/la-produccion-ambulante-de-quesos-crece-en-alemania\\\/#listItem\",\"position\":3,\"name\":\"La producci\\u00f3n ambulante de quesos crece en Alemania\",\"previousItem\":{\"@type\":\"ListItem\",\"@id\":\"https:\\\/\\\/eldigitaldeasturias.com\\\/radio\\\/category\\\/reportajes\\\/#listItem\",\"name\":\"Reportajes\"}}]},{\"@type\":\"NewsArticle\",\"@id\":\"https:\\\/\\\/eldigitaldeasturias.com\\\/radio\\\/la-produccion-ambulante-de-quesos-crece-en-alemania\\\/#newsarticle\",\"name\":\"La producci\\u00f3n ambulante de quesos crece en Alemania | El Digital de Asturias\",\"headline\":\"La producci\\u00f3n ambulante de quesos crece en Alemania\",\"author\":{\"@id\":\"https:\\\/\\\/eldigitaldeasturias.com\\\/radio\\\/author\\\/nbasturias\\\/#author\"},\"publisher\":{\"@id\":\"https:\\\/\\\/eldigitaldeasturias.com\\\/radio\\\/#organization\"},\"image\":{\"@type\":\"ImageObject\",\"url\":\"https:\\\/\\\/eldigitaldeasturias.com\\\/radio\\\/wp-content\\\/uploads\\\/2022\\\/04\\\/quesos.jpg\",\"width\":988,\"height\":663,\"caption\":\"Steffi Heidrich en la cava de quesos en la que maduran los productos elaborados en su queser\\u00eda ambulante. Foto: Sina Schuldt\\\/dpa\"},\"datePublished\":\"2022-04-20T16:08:29+02:00\",\"dateModified\":\"2022-04-20T16:08:29+02:00\",\"inLanguage\":\"es-ES\",\"mainEntityOfPage\":{\"@id\":\"https:\\\/\\\/eldigitaldeasturias.com\\\/radio\\\/la-produccion-ambulante-de-quesos-crece-en-alemania\\\/#webpage\"},\"isPartOf\":{\"@id\":\"https:\\\/\\\/eldigitaldeasturias.com\\\/radio\\\/la-produccion-ambulante-de-quesos-crece-en-alemania\\\/#webpage\"},\"articleSection\":\"Reportajes, Titulares, Reportajes, sabores, Sociedad\",\"dateline\":\"Publicado el abril 20, 2022.\"},{\"@type\":\"Organization\",\"@id\":\"https:\\\/\\\/eldigitaldeasturias.com\\\/radio\\\/#organization\",\"name\":\"El digital de Asturias Radio\",\"description\":\"Diario de informaci\\u00f3n y noticias\",\"url\":\"https:\\\/\\\/eldigitaldeasturias.com\\\/radio\\\/\",\"telephone\":\"+34652131393\",\"logo\":{\"@type\":\"ImageObject\",\"url\":\"https:\\\/\\\/www.eldigitaldeasturias.com\\\/radio\\\/wp-content\\\/uploads\\\/2021\\\/03\\\/EDA.jpg\",\"@id\":\"https:\\\/\\\/eldigitaldeasturias.com\\\/radio\\\/la-produccion-ambulante-de-quesos-crece-en-alemania\\\/#organizationLogo\"},\"image\":{\"@id\":\"https:\\\/\\\/eldigitaldeasturias.com\\\/radio\\\/la-produccion-ambulante-de-quesos-crece-en-alemania\\\/#organizationLogo\"},\"sameAs\":[\"https:\\\/\\\/www.facebook.com\\\/\",\"https:\\\/\\\/x.com\\\/bercodi\",\"https:\\\/\\\/www.instagram.com\\\/\",\"https:\\\/\\\/www.youtube.com\\\/channel\\\/UCZP-2wLEB9Rv6erhFmqVnvg\"]},{\"@type\":\"Person\",\"@id\":\"https:\\\/\\\/eldigitaldeasturias.com\\\/radio\\\/author\\\/nbasturias\\\/#author\",\"url\":\"https:\\\/\\\/eldigitaldeasturias.com\\\/radio\\\/author\\\/nbasturias\\\/\",\"name\":\"NBAsturias\",\"image\":{\"@type\":\"ImageObject\",\"@id\":\"https:\\\/\\\/eldigitaldeasturias.com\\\/radio\\\/la-produccion-ambulante-de-quesos-crece-en-alemania\\\/#authorImage\",\"url\":\"https:\\\/\\\/secure.gravatar.com\\\/avatar\\\/df2aeffc32bcd13f8d26072ef8a91b623d677766deac7f97ca815868cd41bf5e?s=96&d=mm&r=g\",\"width\":96,\"height\":96,\"caption\":\"NBAsturias\"}},{\"@type\":\"WebPage\",\"@id\":\"https:\\\/\\\/eldigitaldeasturias.com\\\/radio\\\/la-produccion-ambulante-de-quesos-crece-en-alemania\\\/#webpage\",\"url\":\"https:\\\/\\\/eldigitaldeasturias.com\\\/radio\\\/la-produccion-ambulante-de-quesos-crece-en-alemania\\\/\",\"name\":\"La producci\\u00f3n ambulante de quesos crece en Alemania | El Digital de Asturias\",\"description\":\"Steffi Heidrich transforma la leche en queso. Para ello viaja con su cami\\u00f3n especialmente acondicionado a distintas granjas del norte de Alemania\",\"inLanguage\":\"es-ES\",\"isPartOf\":{\"@id\":\"https:\\\/\\\/eldigitaldeasturias.com\\\/radio\\\/#website\"},\"breadcrumb\":{\"@id\":\"https:\\\/\\\/eldigitaldeasturias.com\\\/radio\\\/la-produccion-ambulante-de-quesos-crece-en-alemania\\\/#breadcrumblist\"},\"author\":{\"@id\":\"https:\\\/\\\/eldigitaldeasturias.com\\\/radio\\\/author\\\/nbasturias\\\/#author\"},\"creator\":{\"@id\":\"https:\\\/\\\/eldigitaldeasturias.com\\\/radio\\\/author\\\/nbasturias\\\/#author\"},\"image\":{\"@type\":\"ImageObject\",\"url\":\"https:\\\/\\\/eldigitaldeasturias.com\\\/radio\\\/wp-content\\\/uploads\\\/2022\\\/04\\\/quesos.jpg\",\"@id\":\"https:\\\/\\\/eldigitaldeasturias.com\\\/radio\\\/la-produccion-ambulante-de-quesos-crece-en-alemania\\\/#mainImage\",\"width\":988,\"height\":663,\"caption\":\"Steffi Heidrich en la cava de quesos en la que maduran los productos elaborados en su queser\\u00eda ambulante. Foto: Sina Schuldt\\\/dpa\"},\"primaryImageOfPage\":{\"@id\":\"https:\\\/\\\/eldigitaldeasturias.com\\\/radio\\\/la-produccion-ambulante-de-quesos-crece-en-alemania\\\/#mainImage\"},\"datePublished\":\"2022-04-20T16:08:29+02:00\",\"dateModified\":\"2022-04-20T16:08:29+02:00\"},{\"@type\":\"WebSite\",\"@id\":\"https:\\\/\\\/eldigitaldeasturias.com\\\/radio\\\/#website\",\"url\":\"https:\\\/\\\/eldigitaldeasturias.com\\\/radio\\\/\",\"name\":\"El Digital de Asturias\",\"description\":\"Diario de informaci\\u00f3n y noticias\",\"inLanguage\":\"es-ES\",\"publisher\":{\"@id\":\"https:\\\/\\\/eldigitaldeasturias.com\\\/radio\\\/#organization\"}}]}\n\t\t<\/script>\n\t\t<!-- All in One SEO Pro -->\r\n\t\t<title>La producci\u00f3n ambulante de quesos crece en Alemania | El Digital de Asturias<\/title>\n\n","aioseo_head_json":{"title":"La producci\u00f3n ambulante de quesos crece en Alemania | El Digital de Asturias","description":"Steffi Heidrich transforma la leche en queso. Para ello viaja con su cami\u00f3n especialmente acondicionado a distintas granjas del norte de Alemania","canonical_url":"https:\/\/eldigitaldeasturias.com\/radio\/la-produccion-ambulante-de-quesos-crece-en-alemania\/","robots":"max-image-preview:large","keywords":"reportajes,titulares","webmasterTools":{"google-site-verification":"UA-38556648-1","miscellaneous":""},"schema":{"@context":"https:\/\/schema.org","@graph":[{"@type":"BreadcrumbList","@id":"https:\/\/eldigitaldeasturias.com\/radio\/la-produccion-ambulante-de-quesos-crece-en-alemania\/#breadcrumblist","itemListElement":[{"@type":"ListItem","@id":"https:\/\/eldigitaldeasturias.com\/radio#listItem","position":1,"name":"Inicio","item":"https:\/\/eldigitaldeasturias.com\/radio","nextItem":{"@type":"ListItem","@id":"https:\/\/eldigitaldeasturias.com\/radio\/category\/reportajes\/#listItem","name":"Reportajes"}},{"@type":"ListItem","@id":"https:\/\/eldigitaldeasturias.com\/radio\/category\/reportajes\/#listItem","position":2,"name":"Reportajes","item":"https:\/\/eldigitaldeasturias.com\/radio\/category\/reportajes\/","nextItem":{"@type":"ListItem","@id":"https:\/\/eldigitaldeasturias.com\/radio\/la-produccion-ambulante-de-quesos-crece-en-alemania\/#listItem","name":"La producci\u00f3n ambulante de quesos crece en Alemania"},"previousItem":{"@type":"ListItem","@id":"https:\/\/eldigitaldeasturias.com\/radio#listItem","name":"Inicio"}},{"@type":"ListItem","@id":"https:\/\/eldigitaldeasturias.com\/radio\/la-produccion-ambulante-de-quesos-crece-en-alemania\/#listItem","position":3,"name":"La producci\u00f3n ambulante de quesos crece en Alemania","previousItem":{"@type":"ListItem","@id":"https:\/\/eldigitaldeasturias.com\/radio\/category\/reportajes\/#listItem","name":"Reportajes"}}]},{"@type":"NewsArticle","@id":"https:\/\/eldigitaldeasturias.com\/radio\/la-produccion-ambulante-de-quesos-crece-en-alemania\/#newsarticle","name":"La producci\u00f3n ambulante de quesos crece en Alemania | El Digital de Asturias","headline":"La producci\u00f3n ambulante de quesos crece en Alemania","author":{"@id":"https:\/\/eldigitaldeasturias.com\/radio\/author\/nbasturias\/#author"},"publisher":{"@id":"https:\/\/eldigitaldeasturias.com\/radio\/#organization"},"image":{"@type":"ImageObject","url":"https:\/\/eldigitaldeasturias.com\/radio\/wp-content\/uploads\/2022\/04\/quesos.jpg","width":988,"height":663,"caption":"Steffi Heidrich en la cava de quesos en la que maduran los productos elaborados en su queser\u00eda ambulante. Foto: Sina Schuldt\/dpa"},"datePublished":"2022-04-20T16:08:29+02:00","dateModified":"2022-04-20T16:08:29+02:00","inLanguage":"es-ES","mainEntityOfPage":{"@id":"https:\/\/eldigitaldeasturias.com\/radio\/la-produccion-ambulante-de-quesos-crece-en-alemania\/#webpage"},"isPartOf":{"@id":"https:\/\/eldigitaldeasturias.com\/radio\/la-produccion-ambulante-de-quesos-crece-en-alemania\/#webpage"},"articleSection":"Reportajes, Titulares, Reportajes, sabores, Sociedad","dateline":"Publicado el abril 20, 2022."},{"@type":"Organization","@id":"https:\/\/eldigitaldeasturias.com\/radio\/#organization","name":"El digital de Asturias Radio","description":"Diario de informaci\u00f3n y noticias","url":"https:\/\/eldigitaldeasturias.com\/radio\/","telephone":"+34652131393","logo":{"@type":"ImageObject","url":"https:\/\/www.eldigitaldeasturias.com\/radio\/wp-content\/uploads\/2021\/03\/EDA.jpg","@id":"https:\/\/eldigitaldeasturias.com\/radio\/la-produccion-ambulante-de-quesos-crece-en-alemania\/#organizationLogo"},"image":{"@id":"https:\/\/eldigitaldeasturias.com\/radio\/la-produccion-ambulante-de-quesos-crece-en-alemania\/#organizationLogo"},"sameAs":["https:\/\/www.facebook.com\/","https:\/\/x.com\/bercodi","https:\/\/www.instagram.com\/","https:\/\/www.youtube.com\/channel\/UCZP-2wLEB9Rv6erhFmqVnvg"]},{"@type":"Person","@id":"https:\/\/eldigitaldeasturias.com\/radio\/author\/nbasturias\/#author","url":"https:\/\/eldigitaldeasturias.com\/radio\/author\/nbasturias\/","name":"NBAsturias","image":{"@type":"ImageObject","@id":"https:\/\/eldigitaldeasturias.com\/radio\/la-produccion-ambulante-de-quesos-crece-en-alemania\/#authorImage","url":"https:\/\/secure.gravatar.com\/avatar\/df2aeffc32bcd13f8d26072ef8a91b623d677766deac7f97ca815868cd41bf5e?s=96&d=mm&r=g","width":96,"height":96,"caption":"NBAsturias"}},{"@type":"WebPage","@id":"https:\/\/eldigitaldeasturias.com\/radio\/la-produccion-ambulante-de-quesos-crece-en-alemania\/#webpage","url":"https:\/\/eldigitaldeasturias.com\/radio\/la-produccion-ambulante-de-quesos-crece-en-alemania\/","name":"La producci\u00f3n ambulante de quesos crece en Alemania | El Digital de Asturias","description":"Steffi Heidrich transforma la leche en queso. Para ello viaja con su cami\u00f3n especialmente acondicionado a distintas granjas del norte de Alemania","inLanguage":"es-ES","isPartOf":{"@id":"https:\/\/eldigitaldeasturias.com\/radio\/#website"},"breadcrumb":{"@id":"https:\/\/eldigitaldeasturias.com\/radio\/la-produccion-ambulante-de-quesos-crece-en-alemania\/#breadcrumblist"},"author":{"@id":"https:\/\/eldigitaldeasturias.com\/radio\/author\/nbasturias\/#author"},"creator":{"@id":"https:\/\/eldigitaldeasturias.com\/radio\/author\/nbasturias\/#author"},"image":{"@type":"ImageObject","url":"https:\/\/eldigitaldeasturias.com\/radio\/wp-content\/uploads\/2022\/04\/quesos.jpg","@id":"https:\/\/eldigitaldeasturias.com\/radio\/la-produccion-ambulante-de-quesos-crece-en-alemania\/#mainImage","width":988,"height":663,"caption":"Steffi Heidrich en la cava de quesos en la que maduran los productos elaborados en su queser\u00eda ambulante. Foto: Sina Schuldt\/dpa"},"primaryImageOfPage":{"@id":"https:\/\/eldigitaldeasturias.com\/radio\/la-produccion-ambulante-de-quesos-crece-en-alemania\/#mainImage"},"datePublished":"2022-04-20T16:08:29+02:00","dateModified":"2022-04-20T16:08:29+02:00"},{"@type":"WebSite","@id":"https:\/\/eldigitaldeasturias.com\/radio\/#website","url":"https:\/\/eldigitaldeasturias.com\/radio\/","name":"El Digital de Asturias","description":"Diario de informaci\u00f3n y noticias","inLanguage":"es-ES","publisher":{"@id":"https:\/\/eldigitaldeasturias.com\/radio\/#organization"}}]},"og:locale":"es_ES","og:site_name":"El Digital de Asturias | Diario de informaci\u00f3n y noticias","og:type":"article","og:title":"La producci\u00f3n ambulante de quesos crece en Alemania | El Digital de Asturias","og:description":"Steffi Heidrich transforma la leche en queso. Para ello viaja con su cami\u00f3n especialmente acondicionado a distintas granjas del norte de Alemania","og:url":"https:\/\/eldigitaldeasturias.com\/radio\/la-produccion-ambulante-de-quesos-crece-en-alemania\/","og:image":"https:\/\/eldigitaldeasturias.com\/radio\/wp-content\/uploads\/2022\/04\/quesos.jpg","og:image:secure_url":"https:\/\/eldigitaldeasturias.com\/radio\/wp-content\/uploads\/2022\/04\/quesos.jpg","og:image:width":988,"og:image:height":663,"article:published_time":"2022-04-20T16:08:29+00:00","article:modified_time":"2022-04-20T16:08:29+00:00","twitter:card":"summary_large_image","twitter:site":"@bercodi","twitter:title":"La producci\u00f3n ambulante de quesos crece en Alemania | El Digital de Asturias","twitter:description":"Steffi Heidrich transforma la leche en queso. Para ello viaja con su cami\u00f3n especialmente acondicionado a distintas granjas del norte de Alemania","twitter:creator":"@bercodi","twitter:image":"https:\/\/eldigitaldeasturias.com\/radio\/wp-content\/uploads\/2022\/04\/quesos.jpg"},"aioseo_meta_data":{"post_id":"6907","title":null,"description":"Steffi Heidrich transforma la leche en queso. Para ello viaja con su cami\u00f3n especialmente acondicionado a distintas granjas del norte de Alemania","keywords":[],"keyphrases":{"focus":{"keyphrase":"quesos","score":68,"analysis":{"keyphraseInTitle":{"title":"Focus keyphrase in SEO title","description":"Focus keyphrase found in SEO title.","score":9,"maxScore":9,"error":0},"keyphraseInDescription":{"title":"Focus keyphrase in meta description","description":"Focus keyphrase not found in meta description.","score":3,"maxScore":9,"error":1},"keyphraseLength":{"title":"Focus keyphrase length","description":"Good job!","score":9,"maxScore":9,"error":0,"length":1},"keyphraseInURL":{"title":"Focus keyphrase in URL","description":"Focus keyphrase not found in the URL.","score":1,"maxScore":5,"error":1},"keyphraseInIntroduction":{"title":"Focus keyphrase in introduction","description":"Your Focus keyphrase does not appear in the first paragraph. Make sure the topic is clear immediately.","score":3,"maxScore":9,"error":1},"keyphraseInSubHeadings":[],"keyphraseInImageAlt":{"title":"Focus keyphrase in image alt attributes","description":"Focus keyphrase found in image alt attribute(s).","score":9,"maxScore":9,"error":0}}},"additional":[{"keyphrase":"leche en queso","score":83,"analysis":{"keyphraseInDescription":{"title":"Keyphrase in meta description","description":"Keyphrase found in meta description.","score":9,"maxScore":9,"error":0},"keyphraseLength":{"title":"Keyphrase length","description":"Good job!","score":9,"maxScore":9,"error":0,"length":3},"keyphraseInIntroduction":{"title":"Keyphrase in introduction","description":"Your Keyphrase appears in the first paragraph. Well done!","score":9,"maxScore":9,"error":0},"keyphraseInImageAlt":{"title":"Keyphrase in image alt attributes","description":"Keyphrase not found in image alt attribute(s). Add an image with your Keyphrase as alt text.","score":3,"maxScore":9,"error":1}}},{"keyphrase":"Steffi Heidrich","score":83,"analysis":{"keyphraseInDescription":{"title":"Keyphrase in meta description","description":"Keyphrase found in meta description.","score":9,"maxScore":9,"error":0},"keyphraseLength":{"title":"Keyphrase length","description":"Good job!","score":9,"maxScore":9,"error":0,"length":2},"keyphraseInIntroduction":{"title":"Keyphrase in introduction","description":"Your Keyphrase appears in the first paragraph. Well done!","score":9,"maxScore":9,"error":0},"keyphraseInImageAlt":{"title":"Keyphrase in image alt attributes","description":"Keyphrase not found in image alt attribute(s). Add an image with your Keyphrase as alt text.","score":3,"maxScore":9,"error":1}}},{"keyphrase":"Alemania","score":83,"analysis":{"keyphraseInDescription":{"title":"Keyphrase in meta description","description":"Keyphrase found in meta description.","score":9,"maxScore":9,"error":0},"keyphraseLength":{"title":"Keyphrase length","description":"Good job!","score":9,"maxScore":9,"error":0,"length":1},"keyphraseInIntroduction":{"title":"Keyphrase in introduction","description":"Your Keyphrase appears in the first paragraph. Well done!","score":9,"maxScore":9,"error":0},"keyphraseInImageAlt":{"title":"Keyphrase in image alt attributes","description":"Keyphrase not found in image alt attribute(s). Add an image with your Keyphrase as alt text.","score":3,"maxScore":9,"error":1}}}]},"primary_term":null,"canonical_url":null,"og_title":null,"og_description":null,"og_object_type":"default","og_image_type":"default","og_image_url":null,"og_image_width":null,"og_image_height":null,"og_image_custom_url":null,"og_image_custom_fields":null,"og_video":"","og_custom_url":null,"og_article_section":null,"og_article_tags":[],"twitter_use_og":false,"twitter_card":"default","twitter_image_type":"default","twitter_image_url":null,"twitter_image_custom_url":null,"twitter_image_custom_fields":null,"twitter_title":null,"twitter_description":null,"schema":{"blockGraphs":[],"customGraphs":[],"default":{"data":{"Article":[],"Course":[],"Dataset":[],"FAQPage":[],"Movie":[],"Person":[],"Product":[],"ProductReview":[],"Car":[],"Recipe":[],"Service":[],"SoftwareApplication":[],"WebPage":[]},"graphName":"","isEnabled":true},"graphs":[]},"schema_type":"default","schema_type_options":"{\"article\":{\"articleType\":\"BlogPosting\"},\"course\":{\"name\":\"\",\"description\":\"\",\"provider\":\"\"},\"faq\":{\"pages\":[]},\"product\":{\"reviews\":[]},\"recipe\":{\"ingredients\":[],\"instructions\":[],\"keywords\":[]},\"software\":{\"reviews\":[],\"operatingSystems\":[]},\"webPage\":{\"webPageType\":\"WebPage\"}}","pillar_content":false,"robots_default":true,"robots_noindex":false,"robots_noarchive":false,"robots_nosnippet":false,"robots_nofollow":false,"robots_noimageindex":false,"robots_noodp":false,"robots_notranslate":false,"robots_max_snippet":"-1","robots_max_videopreview":"-1","robots_max_imagepreview":"large","priority":null,"frequency":"default","location":null,"local_seo":null,"seo_analyzer_scan_date":"2025-08-28 19:59:30","breadcrumb_settings":null,"limit_modified_date":false,"open_ai":null,"ai":null,"created":"2022-04-20 15:48:49","updated":"2025-08-28 19:59:30"},"aioseo_breadcrumb":"<div class=\"aioseo-breadcrumbs\"><span class=\"aioseo-breadcrumb\">\n\t<a href=\"https:\/\/eldigitaldeasturias.com\/radio\" title=\"Inicio\">Inicio<\/a>\n<\/span><span class=\"aioseo-breadcrumb-separator\">&ndash;<\/span><span class=\"aioseo-breadcrumb\">\n\t<a href=\"https:\/\/eldigitaldeasturias.com\/radio\/category\/reportajes\/\" title=\"Reportajes\">Reportajes<\/a>\n<\/span><span class=\"aioseo-breadcrumb-separator\">&ndash;<\/span><span class=\"aioseo-breadcrumb\">\n\tLa producci\u00f3n ambulante de quesos crece en Alemania\n<\/span><\/div>","aioseo_breadcrumb_json":[{"label":"Inicio","link":"https:\/\/eldigitaldeasturias.com\/radio"},{"label":"Reportajes","link":"https:\/\/eldigitaldeasturias.com\/radio\/category\/reportajes\/"},{"label":"La producci\u00f3n ambulante de quesos crece en Alemania","link":"https:\/\/eldigitaldeasturias.com\/radio\/la-produccion-ambulante-de-quesos-crece-en-alemania\/"}],"_links":{"self":[{"href":"https:\/\/eldigitaldeasturias.com\/radio\/wp-json\/wp\/v2\/posts\/6907","targetHints":{"allow":["GET"]}}],"collection":[{"href":"https:\/\/eldigitaldeasturias.com\/radio\/wp-json\/wp\/v2\/posts"}],"about":[{"href":"https:\/\/eldigitaldeasturias.com\/radio\/wp-json\/wp\/v2\/types\/post"}],"author":[{"embeddable":true,"href":"https:\/\/eldigitaldeasturias.com\/radio\/wp-json\/wp\/v2\/users\/1"}],"replies":[{"embeddable":true,"href":"https:\/\/eldigitaldeasturias.com\/radio\/wp-json\/wp\/v2\/comments?post=6907"}],"version-history":[{"count":0,"href":"https:\/\/eldigitaldeasturias.com\/radio\/wp-json\/wp\/v2\/posts\/6907\/revisions"}],"wp:featuredmedia":[{"embeddable":true,"href":"https:\/\/eldigitaldeasturias.com\/radio\/wp-json\/wp\/v2\/media\/6908"}],"wp:attachment":[{"href":"https:\/\/eldigitaldeasturias.com\/radio\/wp-json\/wp\/v2\/media?parent=6907"}],"wp:term":[{"taxonomy":"category","embeddable":true,"href":"https:\/\/eldigitaldeasturias.com\/radio\/wp-json\/wp\/v2\/categories?post=6907"},{"taxonomy":"post_tag","embeddable":true,"href":"https:\/\/eldigitaldeasturias.com\/radio\/wp-json\/wp\/v2\/tags?post=6907"}],"curies":[{"name":"wp","href":"https:\/\/api.w.org\/{rel}","templated":true}]}}