{"id":6832,"date":"2022-03-19T23:33:45","date_gmt":"2022-03-19T23:33:45","guid":{"rendered":"http:\/\/eldigitaldeasturias.com\/radio\/?p=6832"},"modified":"2022-03-19T23:33:45","modified_gmt":"2022-03-19T23:33:45","slug":"la-gloria-del-jubilado-el-vw-iltis-en-el-rally-de-invierno-le-jog","status":"publish","type":"post","link":"https:\/\/eldigitaldeasturias.com\/radio\/la-gloria-del-jubilado-el-vw-iltis-en-el-rally-de-invierno-le-jog\/","title":{"rendered":"La gloria del jubilado: el VW Iltis en el rally de invierno Le Jog"},"content":{"rendered":"<p>(dpa) &#8211; Mercedes SL, BMW 328 y, por qu\u00e9 no, tambi\u00e9n un Mini o el Escarabajo de Volkswagen: para un <strong>rally de coches cl\u00e1sicos<\/strong> hay mejores candidatos que el VW Iltis. Al fin y al cabo, con su motor de 1,7 litros y 55 kW\/75 CV, el todoterreno de 1978 es extremadamente poco potente, e, incluso con el acelerador a fondo, apenas supera los 120 km\/h.<\/p>\n<figure id=\"attachment_6833\" aria-describedby=\"caption-attachment-6833\" style=\"width: 650px\" class=\"wp-caption aligncenter\"><img fetchpriority=\"high\" decoding=\"async\" class=\"wp-image-6833\" src=\"https:\/\/eldigitaldeasturias.com\/radio\/wp-content\/uploads\/2022\/03\/Iltis-360x240.jpg\" alt=\"Iltis\" width=\"650\" height=\"432\" srcset=\"https:\/\/eldigitaldeasturias.com\/radio\/wp-content\/uploads\/2022\/03\/Iltis-360x240.jpg 360w, https:\/\/eldigitaldeasturias.com\/radio\/wp-content\/uploads\/2022\/03\/Iltis-768x511.jpg 768w, https:\/\/eldigitaldeasturias.com\/radio\/wp-content\/uploads\/2022\/03\/Iltis-150x100.jpg 150w, https:\/\/eldigitaldeasturias.com\/radio\/wp-content\/uploads\/2022\/03\/Iltis-450x299.jpg 450w, https:\/\/eldigitaldeasturias.com\/radio\/wp-content\/uploads\/2022\/03\/Iltis.jpg 995w\" sizes=\"(max-width: 650px) 100vw, 650px\" \/><figcaption id=\"caption-attachment-6833\" class=\"wp-caption-text\">El Iltis descapotado, para disfrutar del fresco. Foto: Craig Pusey Photography\/dpa<\/figcaption><\/figure>\n<p>Bajo su techo ondulante, que hace que cualquier tienda de campa\u00f1a parezca s\u00f3lida, hay tal corriente de aire que nadie se atrever\u00eda a sacarlo del garaje una vez comenzado el oto\u00f1o, y mucho menos en invierno. <strong>Por este motivo, parece un milagro que el Iltis haya sido uno de los protagonistas de la \u00faltima edici\u00f3n del rally brit\u00e1nico Le Jog, que tuvo lugar en diciembre de 2021<\/strong>.<\/p>\n<p>En este rally de invierno, un convoy de casi 100 equipos de <a href=\"https:\/\/eldigitaldeasturias.com\/radio\/un-coche-clasico-bien-restaurado-es-una-obra-de-arte\/\"><span style=\"color: #ff6600;\"><strong>coches cl\u00e1sicos<\/strong><\/span><\/a> recorre una distancia de 2.400 kil\u00f3metros desde Land\u2019s End, en el extremo sudoeste de Inglaterra, hasta John o\u2019Groats, el punto m\u00e1s septentrional de Escocia.<\/p>\n<p><strong>El r\u00fastico jubilado de la colecci\u00f3n Volkswagen no solo logr\u00f3 ganarse el respeto y reconocimiento de los dem\u00e1s participantes, sino tambi\u00e9n incluso un poco de envidia.<\/strong> Quien haya atravesado en el m\u00e1s crudo invierno las irregulares y accidentadas pistas de las Tierras Bajas, Medias y Altas de la isla sabe muy bien por qu\u00e9.<\/p>\n<blockquote><p>Fabricado por Volkswagen para uso del Ej\u00e9rcito alem\u00e1n, el Iltis no solo ha hecho carrera como veh\u00edculo militar. Tambi\u00e9n es, en cierta medida, un coche deportivo.<\/p><\/blockquote>\n<p>Sascha Neumann, portavoz de la divisi\u00f3n Classic Collection de Volkswagen, informa que, con un sutil aumento de potencia hasta unos buenos 74 kW\/100 CV, el Iltis gan\u00f3 el Rally Par\u00eds-Dakar de 1980 con el n\u00famero de salida 137.<\/p>\n<p>Y en segundo, cuarto y noveno lugar hab\u00eda otros tres Iltis, lo que Neumann ve como una prueba de la calidad del coche: <strong>\u00abCuatro Iltis en la salida y todos entre los diez primeros en llegar a la meta\u00bb, precisa el experto<\/strong>.<\/p>\n<p>Lo que le falta al Iltis en velocidad, lo compensa en resistencia. Y con la tracci\u00f3n total conectada, no hay quien lo pare. Es esta caracter\u00edstica la que contribuye a su buen desempe\u00f1o en los caminos forestales, pantanos, monta\u00f1as y playas del rally Le Jog.<\/p>\n<blockquote><p>Al igual que hace m\u00e1s de 40 a\u00f1os en el Rally Dakar, el Iltis volvi\u00f3 a ocupar el podio, logrando para el equipo un tercer puesto dentro de su categor\u00eda.<\/p><\/blockquote>\n<p>El Iltis merece un lugar de honor en la historia del fabricante alem\u00e1n, y no solo por su sorprendente \u00e9xito en el desierto, sino tambi\u00e9n por una caracter\u00edstica t\u00e9cnica que lo convierte en el coche so\u00f1ado para el aventurero viaje al fin del mundo ingl\u00e9s: su tracci\u00f3n total seleccionable.<\/p>\n<p>Al fin y al cabo, fue la insuperable maniobrabilidad de un prototipo de Iltis durante pruebas de conducci\u00f3n realizadas en invierno lo que llev\u00f3 a Audi a la idea de incorporar la tracci\u00f3n total tambi\u00e9n a los coches deportivos de carretera, decisi\u00f3n que dio lugar al desarrollo del primer Audi Quattro en 1980.<\/p>\n<p>Sin embargo, los militares fueron la fuerza motriz del desarrollo del Iltis. En los a\u00f1os 70 estaba a punto de finalizar la producci\u00f3n del todoterreno Munga, desarrollado por la marca DKW, precursora de Audi, y el Ej\u00e9rcito alem\u00e1n estaba desesperado por un nuevo veh\u00edculo todoterreno.<\/p>\n<p>Como el Volkwagen Tipo 82, hasta entonces utilizado como veh\u00edculo militar, era demasiado refinado para terrenos accidentados debido a su pura tracci\u00f3n trasera, y el proyectado Euro-Jeep se hab\u00eda atascado en las negociaciones de contratos multinacionales, Volkswagen aprovech\u00f3 la ocasi\u00f3n y someti\u00f3 una oferta.<\/p>\n<p>Aunque el fabricante con sede en el estado federado de Baja Sajonia no hab\u00eda construido hasta entonces ning\u00fan todoterreno propiamente dicho, se comprometi\u00f3 a desarrollar, hasta 1977, diez prototipos de un nuevo modelo bajo el c\u00f3digo EA 110. El veh\u00edculo comenz\u00f3 a fabricarse en serie en noviembre de 1978 con el nombre de Iltis, informa Neumann. La Bundeswehr se mostr\u00f3 satisfecha y adquiri\u00f3 las unidades acordadas de acuerdo con el contrato.<\/p>\n<p>Ya a principios de 1979, eran 2.000 los Iltis que llevaban uniforme, y a finales de 1981 las Fuerzas Armadas de Alemania se hab\u00edan hecho con un total de 8.800 veh\u00edculos para el servicio m\u00e9dico y de inteligencia. Sin embargo, en 1982, tras solo cinco a\u00f1os y 10.801 unidades fabricadas, la producci\u00f3n ces\u00f3. La empresa canadiense Bombardier fabric\u00f3 en su sede 4.500 unidades m\u00e1s casi sin cambios, hasta que el modelo desapareci\u00f3 del mercado en 1988.<\/p>\n<p>En el mundo de los coches cl\u00e1sicos, el Iltis nunca lleg\u00f3 a ser famoso. \u00abEl veh\u00edculo fracas\u00f3 rotundamente con los clientes privados porque era simplemente demasiado caro\u00bb, afirma Frank Wilke, experto de la empresa alemana de an\u00e1lisis del mercado Classic Analytics.<\/p>\n<p><strong>\u00abCon poco menos de 40.000 marcos alemanes (aproximadamente 22.000 d\u00f3lares estadounidenses al cambio actual), el cuatro plazas costaba casi tres veces m\u00e1s que un Golf de la \u00e9poca\u00bb, puntualiza<\/strong>. No es de extra\u00f1ar, por lo tanto, que ni siquiera el diez por ciento de los veh\u00edculos se ofreciera en versi\u00f3n turismo.<\/p>\n<p>Mientras que otros <a href=\"https:\/\/www.eldigitaldeasturias.com\/magazine365\/como-comprar-el-primer-coche-clasico-o-antiguo\/\"><span style=\"color: #ff6600;\"><strong>coches cl\u00e1sicos<\/strong><\/span><\/a> todoterreno alcanzan actualmente precios elevados, a\u00f1ade Wilke, el Iltis es m\u00e1s probable que se venda como un coche usado que como un cl\u00e1sico. Seg\u00fan los datos de Classic Analytics, el antiguo coche de rally se cotiza actualmente en unos 12.000 euros (aproximadamente 13.000 d\u00f3lares estadounidenses).<\/p>\n<p><i class=\"lang-es\"><span class=\" readonly\" title=\"\">Por Thomas Geiger (dpa)<\/span><\/i><\/p>\n","protected":false},"excerpt":{"rendered":"<p>(dpa) &#8211; Mercedes SL, BMW 328 y, por qu\u00e9 no, tambi\u00e9n un Mini o el Escarabajo de Volkswagen: para un rally de coches cl\u00e1sicos hay mejores candidatos que el VW Iltis. Al fin y al cabo, con su motor de 1,7 litros y 55 kW\/75 CV, el todoterreno de 1978 es extremadamente poco potente, e,<\/p>\n","protected":false},"author":1,"featured_media":6833,"comment_status":"closed","ping_status":"closed","sticky":false,"template":"","format":"standard","meta":{"footnotes":""},"categories":[26,36],"tags":[99,44],"class_list":{"0":"post-6832","1":"post","2":"type-post","3":"status-publish","4":"format-standard","5":"has-post-thumbnail","7":"category-reportajes","8":"category-titulares","9":"tag-motor","10":"tag-reportajes"},"aioseo_notices":[],"aioseo_head":"\n\t\t<!-- All in One SEO Pro 4.9.6.2 - aioseo.com -->\n\t<meta name=\"description\" content=\"Mercedes SL, BMW 328 y, por qu\u00e9 no, tambi\u00e9n un Mini o el Escarabajo de Volkswagen: para un rally de coches cl\u00e1sicos hay mejores candidatos que el VW Iltis\" \/>\n\t<meta name=\"robots\" content=\"max-image-preview:large\" \/>\n\t<meta name=\"author\" content=\"NBAsturias\"\/>\n\t<meta name=\"google-site-verification\" content=\"UA-38556648-1\" \/>\n\t<meta name=\"keywords\" content=\"reportajes,titulares\" \/>\n\t<link rel=\"canonical\" href=\"https:\/\/eldigitaldeasturias.com\/radio\/la-gloria-del-jubilado-el-vw-iltis-en-el-rally-de-invierno-le-jog\/\" \/>\n\t<meta name=\"generator\" content=\"All in One SEO Pro (AIOSEO) 4.9.6.2\" \/>\n\t\t<meta property=\"og:locale\" content=\"es_ES\" \/>\n\t\t<meta property=\"og:site_name\" content=\"El Digital de Asturias | Diario de informaci\u00f3n y noticias\" \/>\n\t\t<meta property=\"og:type\" content=\"article\" \/>\n\t\t<meta property=\"og:title\" content=\"La gloria del jubilado: el VW Iltis en el rally de invierno Le Jog | El Digital de Asturias\" \/>\n\t\t<meta property=\"og:description\" content=\"Mercedes SL, BMW 328 y, por qu\u00e9 no, tambi\u00e9n un Mini o el Escarabajo de Volkswagen: para un rally de coches cl\u00e1sicos hay mejores candidatos que el VW Iltis\" \/>\n\t\t<meta property=\"og:url\" content=\"https:\/\/eldigitaldeasturias.com\/radio\/la-gloria-del-jubilado-el-vw-iltis-en-el-rally-de-invierno-le-jog\/\" \/>\n\t\t<meta property=\"og:image\" content=\"https:\/\/eldigitaldeasturias.com\/radio\/wp-content\/uploads\/2022\/03\/Iltis.jpg\" \/>\n\t\t<meta property=\"og:image:secure_url\" content=\"https:\/\/eldigitaldeasturias.com\/radio\/wp-content\/uploads\/2022\/03\/Iltis.jpg\" \/>\n\t\t<meta property=\"og:image:width\" content=\"995\" \/>\n\t\t<meta property=\"og:image:height\" content=\"662\" \/>\n\t\t<meta property=\"article:published_time\" content=\"2022-03-19T23:33:45+00:00\" \/>\n\t\t<meta property=\"article:modified_time\" content=\"2022-03-19T23:33:45+00:00\" \/>\n\t\t<meta name=\"twitter:card\" content=\"summary_large_image\" \/>\n\t\t<meta name=\"twitter:site\" content=\"@bercodi\" \/>\n\t\t<meta name=\"twitter:title\" content=\"La gloria del jubilado: el VW Iltis en el rally de invierno Le Jog | El Digital de Asturias\" \/>\n\t\t<meta name=\"twitter:description\" content=\"Mercedes SL, BMW 328 y, por qu\u00e9 no, tambi\u00e9n un Mini o el Escarabajo de Volkswagen: para un rally de coches cl\u00e1sicos hay mejores candidatos que el VW Iltis\" \/>\n\t\t<meta name=\"twitter:creator\" content=\"@bercodi\" \/>\n\t\t<meta name=\"twitter:image\" content=\"https:\/\/eldigitaldeasturias.com\/radio\/wp-content\/uploads\/2022\/03\/Iltis.jpg\" \/>\n\t\t<script type=\"application\/ld+json\" class=\"aioseo-schema\">\n\t\t\t{\"@context\":\"https:\\\/\\\/schema.org\",\"@graph\":[{\"@type\":\"BreadcrumbList\",\"@id\":\"https:\\\/\\\/eldigitaldeasturias.com\\\/radio\\\/la-gloria-del-jubilado-el-vw-iltis-en-el-rally-de-invierno-le-jog\\\/#breadcrumblist\",\"itemListElement\":[{\"@type\":\"ListItem\",\"@id\":\"https:\\\/\\\/eldigitaldeasturias.com\\\/radio#listItem\",\"position\":1,\"name\":\"Inicio\",\"item\":\"https:\\\/\\\/eldigitaldeasturias.com\\\/radio\",\"nextItem\":{\"@type\":\"ListItem\",\"@id\":\"https:\\\/\\\/eldigitaldeasturias.com\\\/radio\\\/category\\\/reportajes\\\/#listItem\",\"name\":\"Reportajes\"}},{\"@type\":\"ListItem\",\"@id\":\"https:\\\/\\\/eldigitaldeasturias.com\\\/radio\\\/category\\\/reportajes\\\/#listItem\",\"position\":2,\"name\":\"Reportajes\",\"item\":\"https:\\\/\\\/eldigitaldeasturias.com\\\/radio\\\/category\\\/reportajes\\\/\",\"nextItem\":{\"@type\":\"ListItem\",\"@id\":\"https:\\\/\\\/eldigitaldeasturias.com\\\/radio\\\/la-gloria-del-jubilado-el-vw-iltis-en-el-rally-de-invierno-le-jog\\\/#listItem\",\"name\":\"La gloria del jubilado: el VW Iltis en el rally de invierno Le Jog\"},\"previousItem\":{\"@type\":\"ListItem\",\"@id\":\"https:\\\/\\\/eldigitaldeasturias.com\\\/radio#listItem\",\"name\":\"Inicio\"}},{\"@type\":\"ListItem\",\"@id\":\"https:\\\/\\\/eldigitaldeasturias.com\\\/radio\\\/la-gloria-del-jubilado-el-vw-iltis-en-el-rally-de-invierno-le-jog\\\/#listItem\",\"position\":3,\"name\":\"La gloria del jubilado: el VW Iltis en el rally de invierno Le Jog\",\"previousItem\":{\"@type\":\"ListItem\",\"@id\":\"https:\\\/\\\/eldigitaldeasturias.com\\\/radio\\\/category\\\/reportajes\\\/#listItem\",\"name\":\"Reportajes\"}}]},{\"@type\":\"NewsArticle\",\"@id\":\"https:\\\/\\\/eldigitaldeasturias.com\\\/radio\\\/la-gloria-del-jubilado-el-vw-iltis-en-el-rally-de-invierno-le-jog\\\/#newsarticle\",\"name\":\"La gloria del jubilado: el VW Iltis en el rally de invierno Le Jog | El Digital de Asturias\",\"headline\":\"La gloria del jubilado: el VW Iltis en el rally de invierno Le Jog\",\"author\":{\"@id\":\"https:\\\/\\\/eldigitaldeasturias.com\\\/radio\\\/author\\\/nbasturias\\\/#author\"},\"publisher\":{\"@id\":\"https:\\\/\\\/eldigitaldeasturias.com\\\/radio\\\/#organization\"},\"image\":{\"@type\":\"ImageObject\",\"url\":\"https:\\\/\\\/eldigitaldeasturias.com\\\/radio\\\/wp-content\\\/uploads\\\/2022\\\/03\\\/Iltis.jpg\",\"width\":995,\"height\":662,\"caption\":\"El Iltis descapotado, para disfrutar del fresco. Foto: Craig Pusey Photography\\\/dpa\"},\"datePublished\":\"2022-03-19T23:33:45+01:00\",\"dateModified\":\"2022-03-19T23:33:45+01:00\",\"inLanguage\":\"es-ES\",\"mainEntityOfPage\":{\"@id\":\"https:\\\/\\\/eldigitaldeasturias.com\\\/radio\\\/la-gloria-del-jubilado-el-vw-iltis-en-el-rally-de-invierno-le-jog\\\/#webpage\"},\"isPartOf\":{\"@id\":\"https:\\\/\\\/eldigitaldeasturias.com\\\/radio\\\/la-gloria-del-jubilado-el-vw-iltis-en-el-rally-de-invierno-le-jog\\\/#webpage\"},\"articleSection\":\"Reportajes, Titulares, motor, Reportajes\",\"dateline\":\"Publicado el marzo 19, 2022.\"},{\"@type\":\"Organization\",\"@id\":\"https:\\\/\\\/eldigitaldeasturias.com\\\/radio\\\/#organization\",\"name\":\"El digital de Asturias Radio\",\"description\":\"Diario de informaci\\u00f3n y noticias\",\"url\":\"https:\\\/\\\/eldigitaldeasturias.com\\\/radio\\\/\",\"telephone\":\"+34652131393\",\"logo\":{\"@type\":\"ImageObject\",\"url\":\"https:\\\/\\\/www.eldigitaldeasturias.com\\\/radio\\\/wp-content\\\/uploads\\\/2021\\\/03\\\/EDA.jpg\",\"@id\":\"https:\\\/\\\/eldigitaldeasturias.com\\\/radio\\\/la-gloria-del-jubilado-el-vw-iltis-en-el-rally-de-invierno-le-jog\\\/#organizationLogo\"},\"image\":{\"@id\":\"https:\\\/\\\/eldigitaldeasturias.com\\\/radio\\\/la-gloria-del-jubilado-el-vw-iltis-en-el-rally-de-invierno-le-jog\\\/#organizationLogo\"},\"sameAs\":[\"https:\\\/\\\/www.facebook.com\\\/\",\"https:\\\/\\\/x.com\\\/bercodi\",\"https:\\\/\\\/www.instagram.com\\\/\",\"https:\\\/\\\/www.youtube.com\\\/channel\\\/UCZP-2wLEB9Rv6erhFmqVnvg\"]},{\"@type\":\"Person\",\"@id\":\"https:\\\/\\\/eldigitaldeasturias.com\\\/radio\\\/author\\\/nbasturias\\\/#author\",\"url\":\"https:\\\/\\\/eldigitaldeasturias.com\\\/radio\\\/author\\\/nbasturias\\\/\",\"name\":\"NBAsturias\",\"image\":{\"@type\":\"ImageObject\",\"@id\":\"https:\\\/\\\/eldigitaldeasturias.com\\\/radio\\\/la-gloria-del-jubilado-el-vw-iltis-en-el-rally-de-invierno-le-jog\\\/#authorImage\",\"url\":\"https:\\\/\\\/secure.gravatar.com\\\/avatar\\\/df2aeffc32bcd13f8d26072ef8a91b623d677766deac7f97ca815868cd41bf5e?s=96&d=mm&r=g\",\"width\":96,\"height\":96,\"caption\":\"NBAsturias\"}},{\"@type\":\"WebPage\",\"@id\":\"https:\\\/\\\/eldigitaldeasturias.com\\\/radio\\\/la-gloria-del-jubilado-el-vw-iltis-en-el-rally-de-invierno-le-jog\\\/#webpage\",\"url\":\"https:\\\/\\\/eldigitaldeasturias.com\\\/radio\\\/la-gloria-del-jubilado-el-vw-iltis-en-el-rally-de-invierno-le-jog\\\/\",\"name\":\"La gloria del jubilado: el VW Iltis en el rally de invierno Le Jog | El Digital de Asturias\",\"description\":\"Mercedes SL, BMW 328 y, por qu\\u00e9 no, tambi\\u00e9n un Mini o el Escarabajo de Volkswagen: para un rally de coches cl\\u00e1sicos hay mejores candidatos que el VW Iltis\",\"inLanguage\":\"es-ES\",\"isPartOf\":{\"@id\":\"https:\\\/\\\/eldigitaldeasturias.com\\\/radio\\\/#website\"},\"breadcrumb\":{\"@id\":\"https:\\\/\\\/eldigitaldeasturias.com\\\/radio\\\/la-gloria-del-jubilado-el-vw-iltis-en-el-rally-de-invierno-le-jog\\\/#breadcrumblist\"},\"author\":{\"@id\":\"https:\\\/\\\/eldigitaldeasturias.com\\\/radio\\\/author\\\/nbasturias\\\/#author\"},\"creator\":{\"@id\":\"https:\\\/\\\/eldigitaldeasturias.com\\\/radio\\\/author\\\/nbasturias\\\/#author\"},\"image\":{\"@type\":\"ImageObject\",\"url\":\"https:\\\/\\\/eldigitaldeasturias.com\\\/radio\\\/wp-content\\\/uploads\\\/2022\\\/03\\\/Iltis.jpg\",\"@id\":\"https:\\\/\\\/eldigitaldeasturias.com\\\/radio\\\/la-gloria-del-jubilado-el-vw-iltis-en-el-rally-de-invierno-le-jog\\\/#mainImage\",\"width\":995,\"height\":662,\"caption\":\"El Iltis descapotado, para disfrutar del fresco. Foto: Craig Pusey Photography\\\/dpa\"},\"primaryImageOfPage\":{\"@id\":\"https:\\\/\\\/eldigitaldeasturias.com\\\/radio\\\/la-gloria-del-jubilado-el-vw-iltis-en-el-rally-de-invierno-le-jog\\\/#mainImage\"},\"datePublished\":\"2022-03-19T23:33:45+01:00\",\"dateModified\":\"2022-03-19T23:33:45+01:00\"},{\"@type\":\"WebSite\",\"@id\":\"https:\\\/\\\/eldigitaldeasturias.com\\\/radio\\\/#website\",\"url\":\"https:\\\/\\\/eldigitaldeasturias.com\\\/radio\\\/\",\"name\":\"El Digital de Asturias\",\"description\":\"Diario de informaci\\u00f3n y noticias\",\"inLanguage\":\"es-ES\",\"publisher\":{\"@id\":\"https:\\\/\\\/eldigitaldeasturias.com\\\/radio\\\/#organization\"}}]}\n\t\t<\/script>\n\t\t<!-- All in One SEO Pro -->\r\n\t\t<title>La gloria del jubilado: el VW Iltis en el rally de invierno Le Jog | El Digital de Asturias<\/title>\n\n","aioseo_head_json":{"title":"La gloria del jubilado: el VW Iltis en el rally de invierno Le Jog | El Digital de Asturias","description":"Mercedes SL, BMW 328 y, por qu\u00e9 no, tambi\u00e9n un Mini o el Escarabajo de Volkswagen: para un rally de coches cl\u00e1sicos hay mejores candidatos que el VW Iltis","canonical_url":"https:\/\/eldigitaldeasturias.com\/radio\/la-gloria-del-jubilado-el-vw-iltis-en-el-rally-de-invierno-le-jog\/","robots":"max-image-preview:large","keywords":"reportajes,titulares","webmasterTools":{"google-site-verification":"UA-38556648-1","miscellaneous":""},"schema":{"@context":"https:\/\/schema.org","@graph":[{"@type":"BreadcrumbList","@id":"https:\/\/eldigitaldeasturias.com\/radio\/la-gloria-del-jubilado-el-vw-iltis-en-el-rally-de-invierno-le-jog\/#breadcrumblist","itemListElement":[{"@type":"ListItem","@id":"https:\/\/eldigitaldeasturias.com\/radio#listItem","position":1,"name":"Inicio","item":"https:\/\/eldigitaldeasturias.com\/radio","nextItem":{"@type":"ListItem","@id":"https:\/\/eldigitaldeasturias.com\/radio\/category\/reportajes\/#listItem","name":"Reportajes"}},{"@type":"ListItem","@id":"https:\/\/eldigitaldeasturias.com\/radio\/category\/reportajes\/#listItem","position":2,"name":"Reportajes","item":"https:\/\/eldigitaldeasturias.com\/radio\/category\/reportajes\/","nextItem":{"@type":"ListItem","@id":"https:\/\/eldigitaldeasturias.com\/radio\/la-gloria-del-jubilado-el-vw-iltis-en-el-rally-de-invierno-le-jog\/#listItem","name":"La gloria del jubilado: el VW Iltis en el rally de invierno Le Jog"},"previousItem":{"@type":"ListItem","@id":"https:\/\/eldigitaldeasturias.com\/radio#listItem","name":"Inicio"}},{"@type":"ListItem","@id":"https:\/\/eldigitaldeasturias.com\/radio\/la-gloria-del-jubilado-el-vw-iltis-en-el-rally-de-invierno-le-jog\/#listItem","position":3,"name":"La gloria del jubilado: el VW Iltis en el rally de invierno Le Jog","previousItem":{"@type":"ListItem","@id":"https:\/\/eldigitaldeasturias.com\/radio\/category\/reportajes\/#listItem","name":"Reportajes"}}]},{"@type":"NewsArticle","@id":"https:\/\/eldigitaldeasturias.com\/radio\/la-gloria-del-jubilado-el-vw-iltis-en-el-rally-de-invierno-le-jog\/#newsarticle","name":"La gloria del jubilado: el VW Iltis en el rally de invierno Le Jog | El Digital de Asturias","headline":"La gloria del jubilado: el VW Iltis en el rally de invierno Le Jog","author":{"@id":"https:\/\/eldigitaldeasturias.com\/radio\/author\/nbasturias\/#author"},"publisher":{"@id":"https:\/\/eldigitaldeasturias.com\/radio\/#organization"},"image":{"@type":"ImageObject","url":"https:\/\/eldigitaldeasturias.com\/radio\/wp-content\/uploads\/2022\/03\/Iltis.jpg","width":995,"height":662,"caption":"El Iltis descapotado, para disfrutar del fresco. Foto: Craig Pusey Photography\/dpa"},"datePublished":"2022-03-19T23:33:45+01:00","dateModified":"2022-03-19T23:33:45+01:00","inLanguage":"es-ES","mainEntityOfPage":{"@id":"https:\/\/eldigitaldeasturias.com\/radio\/la-gloria-del-jubilado-el-vw-iltis-en-el-rally-de-invierno-le-jog\/#webpage"},"isPartOf":{"@id":"https:\/\/eldigitaldeasturias.com\/radio\/la-gloria-del-jubilado-el-vw-iltis-en-el-rally-de-invierno-le-jog\/#webpage"},"articleSection":"Reportajes, Titulares, motor, Reportajes","dateline":"Publicado el marzo 19, 2022."},{"@type":"Organization","@id":"https:\/\/eldigitaldeasturias.com\/radio\/#organization","name":"El digital de Asturias Radio","description":"Diario de informaci\u00f3n y noticias","url":"https:\/\/eldigitaldeasturias.com\/radio\/","telephone":"+34652131393","logo":{"@type":"ImageObject","url":"https:\/\/www.eldigitaldeasturias.com\/radio\/wp-content\/uploads\/2021\/03\/EDA.jpg","@id":"https:\/\/eldigitaldeasturias.com\/radio\/la-gloria-del-jubilado-el-vw-iltis-en-el-rally-de-invierno-le-jog\/#organizationLogo"},"image":{"@id":"https:\/\/eldigitaldeasturias.com\/radio\/la-gloria-del-jubilado-el-vw-iltis-en-el-rally-de-invierno-le-jog\/#organizationLogo"},"sameAs":["https:\/\/www.facebook.com\/","https:\/\/x.com\/bercodi","https:\/\/www.instagram.com\/","https:\/\/www.youtube.com\/channel\/UCZP-2wLEB9Rv6erhFmqVnvg"]},{"@type":"Person","@id":"https:\/\/eldigitaldeasturias.com\/radio\/author\/nbasturias\/#author","url":"https:\/\/eldigitaldeasturias.com\/radio\/author\/nbasturias\/","name":"NBAsturias","image":{"@type":"ImageObject","@id":"https:\/\/eldigitaldeasturias.com\/radio\/la-gloria-del-jubilado-el-vw-iltis-en-el-rally-de-invierno-le-jog\/#authorImage","url":"https:\/\/secure.gravatar.com\/avatar\/df2aeffc32bcd13f8d26072ef8a91b623d677766deac7f97ca815868cd41bf5e?s=96&d=mm&r=g","width":96,"height":96,"caption":"NBAsturias"}},{"@type":"WebPage","@id":"https:\/\/eldigitaldeasturias.com\/radio\/la-gloria-del-jubilado-el-vw-iltis-en-el-rally-de-invierno-le-jog\/#webpage","url":"https:\/\/eldigitaldeasturias.com\/radio\/la-gloria-del-jubilado-el-vw-iltis-en-el-rally-de-invierno-le-jog\/","name":"La gloria del jubilado: el VW Iltis en el rally de invierno Le Jog | El Digital de Asturias","description":"Mercedes SL, BMW 328 y, por qu\u00e9 no, tambi\u00e9n un Mini o el Escarabajo de Volkswagen: para un rally de coches cl\u00e1sicos hay mejores candidatos que el VW Iltis","inLanguage":"es-ES","isPartOf":{"@id":"https:\/\/eldigitaldeasturias.com\/radio\/#website"},"breadcrumb":{"@id":"https:\/\/eldigitaldeasturias.com\/radio\/la-gloria-del-jubilado-el-vw-iltis-en-el-rally-de-invierno-le-jog\/#breadcrumblist"},"author":{"@id":"https:\/\/eldigitaldeasturias.com\/radio\/author\/nbasturias\/#author"},"creator":{"@id":"https:\/\/eldigitaldeasturias.com\/radio\/author\/nbasturias\/#author"},"image":{"@type":"ImageObject","url":"https:\/\/eldigitaldeasturias.com\/radio\/wp-content\/uploads\/2022\/03\/Iltis.jpg","@id":"https:\/\/eldigitaldeasturias.com\/radio\/la-gloria-del-jubilado-el-vw-iltis-en-el-rally-de-invierno-le-jog\/#mainImage","width":995,"height":662,"caption":"El Iltis descapotado, para disfrutar del fresco. Foto: Craig Pusey Photography\/dpa"},"primaryImageOfPage":{"@id":"https:\/\/eldigitaldeasturias.com\/radio\/la-gloria-del-jubilado-el-vw-iltis-en-el-rally-de-invierno-le-jog\/#mainImage"},"datePublished":"2022-03-19T23:33:45+01:00","dateModified":"2022-03-19T23:33:45+01:00"},{"@type":"WebSite","@id":"https:\/\/eldigitaldeasturias.com\/radio\/#website","url":"https:\/\/eldigitaldeasturias.com\/radio\/","name":"El Digital de Asturias","description":"Diario de informaci\u00f3n y noticias","inLanguage":"es-ES","publisher":{"@id":"https:\/\/eldigitaldeasturias.com\/radio\/#organization"}}]},"og:locale":"es_ES","og:site_name":"El Digital de Asturias | Diario de informaci\u00f3n y noticias","og:type":"article","og:title":"La gloria del jubilado: el VW Iltis en el rally de invierno Le Jog | El Digital de Asturias","og:description":"Mercedes SL, BMW 328 y, por qu\u00e9 no, tambi\u00e9n un Mini o el Escarabajo de Volkswagen: para un rally de coches cl\u00e1sicos hay mejores candidatos que el VW Iltis","og:url":"https:\/\/eldigitaldeasturias.com\/radio\/la-gloria-del-jubilado-el-vw-iltis-en-el-rally-de-invierno-le-jog\/","og:image":"https:\/\/eldigitaldeasturias.com\/radio\/wp-content\/uploads\/2022\/03\/Iltis.jpg","og:image:secure_url":"https:\/\/eldigitaldeasturias.com\/radio\/wp-content\/uploads\/2022\/03\/Iltis.jpg","og:image:width":995,"og:image:height":662,"article:published_time":"2022-03-19T23:33:45+00:00","article:modified_time":"2022-03-19T23:33:45+00:00","twitter:card":"summary_large_image","twitter:site":"@bercodi","twitter:title":"La gloria del jubilado: el VW Iltis en el rally de invierno Le Jog | El Digital de Asturias","twitter:description":"Mercedes SL, BMW 328 y, por qu\u00e9 no, tambi\u00e9n un Mini o el Escarabajo de Volkswagen: para un rally de coches cl\u00e1sicos hay mejores candidatos que el VW Iltis","twitter:creator":"@bercodi","twitter:image":"https:\/\/eldigitaldeasturias.com\/radio\/wp-content\/uploads\/2022\/03\/Iltis.jpg"},"aioseo_meta_data":{"post_id":"6832","title":null,"description":"Mercedes SL, BMW 328 y, por qu\u00e9 no, tambi\u00e9n un Mini o el Escarabajo de Volkswagen: para un rally de coches cl\u00e1sicos hay mejores candidatos que el VW Iltis","keywords":[],"keyphrases":{"focus":{"keyphrase":"Iltis","score":92,"analysis":{"keyphraseInTitle":{"title":"Focus keyphrase in SEO title","description":"Focus keyphrase found in SEO title.","score":9,"maxScore":9,"error":0},"keyphraseInDescription":{"title":"Focus keyphrase in meta description","description":"Focus keyphrase found in meta description.","score":9,"maxScore":9,"error":0},"keyphraseLength":{"title":"Focus keyphrase length","description":"Good job!","score":9,"maxScore":9,"error":0,"length":1},"keyphraseInURL":{"title":"Focus keyphrase in URL","description":"Focus keyphrase not found in the URL.","score":1,"maxScore":5,"error":1},"keyphraseInIntroduction":{"title":"Focus keyphrase in introduction","description":"Your Focus keyphrase appears in the first paragraph. Well done!","score":9,"maxScore":9,"error":0},"keyphraseInSubHeadings":[],"keyphraseInImageAlt":{"title":"Focus keyphrase in image alt attributes","description":"Focus keyphrase found in image alt attribute(s).","score":9,"maxScore":9,"error":0}}},"additional":[{"keyphrase":" VW Iltis","score":83,"analysis":{"keyphraseInDescription":{"title":"Keyphrase in meta description","description":"Keyphrase found in meta description.","score":9,"maxScore":9,"error":0},"keyphraseLength":{"title":"Keyphrase length","description":"Good job!","score":9,"maxScore":9,"error":0,"length":2},"keyphraseInIntroduction":{"title":"Keyphrase in introduction","description":"Your Keyphrase appears in the first paragraph. Well done!","score":9,"maxScore":9,"error":0},"keyphraseInImageAlt":{"title":"Keyphrase in image alt attributes","description":"Keyphrase not found in image alt attribute(s). Add an image with your Keyphrase as alt text.","score":3,"maxScore":9,"error":1}}},{"keyphrase":"rally de coches cl\u00e1sicos ","score":83,"analysis":{"keyphraseInDescription":{"title":"Keyphrase in meta description","description":"Keyphrase found in meta description.","score":9,"maxScore":9,"error":0},"keyphraseLength":{"title":"Keyphrase length","description":"Good job!","score":9,"maxScore":9,"error":0,"length":4},"keyphraseInIntroduction":{"title":"Keyphrase in introduction","description":"Your Keyphrase appears in the first paragraph. Well done!","score":9,"maxScore":9,"error":0},"keyphraseInImageAlt":{"title":"Keyphrase in image alt attributes","description":"Keyphrase not found in image alt attribute(s). Add an image with your Keyphrase as alt text.","score":3,"maxScore":9,"error":1}}},{"keyphrase":"rally","score":83,"analysis":{"keyphraseInDescription":{"title":"Keyphrase in meta description","description":"Keyphrase found in meta description.","score":9,"maxScore":9,"error":0},"keyphraseLength":{"title":"Keyphrase length","description":"Good job!","score":9,"maxScore":9,"error":0,"length":1},"keyphraseInIntroduction":{"title":"Keyphrase in introduction","description":"Your Keyphrase appears in the first paragraph. Well done!","score":9,"maxScore":9,"error":0},"keyphraseInImageAlt":{"title":"Keyphrase in image alt attributes","description":"Keyphrase not found in image alt attribute(s). Add an image with your Keyphrase as alt text.","score":3,"maxScore":9,"error":1}}}]},"primary_term":null,"canonical_url":null,"og_title":null,"og_description":null,"og_object_type":"default","og_image_type":"default","og_image_url":null,"og_image_width":null,"og_image_height":null,"og_image_custom_url":null,"og_image_custom_fields":null,"og_video":"","og_custom_url":null,"og_article_section":null,"og_article_tags":[],"twitter_use_og":false,"twitter_card":"default","twitter_image_type":"default","twitter_image_url":null,"twitter_image_custom_url":null,"twitter_image_custom_fields":null,"twitter_title":null,"twitter_description":null,"schema":{"blockGraphs":[],"customGraphs":[],"default":{"data":{"Article":[],"Course":[],"Dataset":[],"FAQPage":[],"Movie":[],"Person":[],"Product":[],"ProductReview":[],"Car":[],"Recipe":[],"Service":[],"SoftwareApplication":[],"WebPage":[]},"graphName":"","isEnabled":true},"graphs":[],"defaultGraph":"Article","defaultPostTypeGraph":""},"schema_type":"default","schema_type_options":"{\"article\":{\"articleType\":\"BlogPosting\"},\"course\":{\"name\":\"\",\"description\":\"\",\"provider\":\"\"},\"faq\":{\"pages\":[]},\"product\":{\"reviews\":[]},\"recipe\":{\"ingredients\":[],\"instructions\":[],\"keywords\":[]},\"software\":{\"reviews\":[],\"operatingSystems\":[]},\"webPage\":{\"webPageType\":\"WebPage\"}}","pillar_content":false,"robots_default":true,"robots_noindex":false,"robots_noarchive":false,"robots_nosnippet":false,"robots_nofollow":false,"robots_noimageindex":false,"robots_noodp":false,"robots_notranslate":false,"robots_max_snippet":"-1","robots_max_videopreview":"-1","robots_max_imagepreview":"large","priority":null,"frequency":"default","location":null,"local_seo":null,"seo_analyzer_scan_date":"2025-08-28 19:52:26","breadcrumb_settings":null,"limit_modified_date":false,"open_ai":null,"ai":null,"created":"2022-03-19 23:22:50","updated":"2025-08-28 19:52:26"},"aioseo_breadcrumb":"<div class=\"aioseo-breadcrumbs\"><span class=\"aioseo-breadcrumb\">\n\t<a href=\"https:\/\/eldigitaldeasturias.com\/radio\" title=\"Inicio\">Inicio<\/a>\n<\/span><span class=\"aioseo-breadcrumb-separator\">&ndash;<\/span><span class=\"aioseo-breadcrumb\">\n\t<a href=\"https:\/\/eldigitaldeasturias.com\/radio\/category\/reportajes\/\" title=\"Reportajes\">Reportajes<\/a>\n<\/span><span class=\"aioseo-breadcrumb-separator\">&ndash;<\/span><span class=\"aioseo-breadcrumb\">\n\tLa gloria del jubilado: el VW Iltis en el rally de invierno Le Jog\n<\/span><\/div>","aioseo_breadcrumb_json":[{"label":"Inicio","link":"https:\/\/eldigitaldeasturias.com\/radio"},{"label":"Reportajes","link":"https:\/\/eldigitaldeasturias.com\/radio\/category\/reportajes\/"},{"label":"La gloria del jubilado: el VW Iltis en el rally de invierno Le Jog","link":"https:\/\/eldigitaldeasturias.com\/radio\/la-gloria-del-jubilado-el-vw-iltis-en-el-rally-de-invierno-le-jog\/"}],"_links":{"self":[{"href":"https:\/\/eldigitaldeasturias.com\/radio\/wp-json\/wp\/v2\/posts\/6832","targetHints":{"allow":["GET"]}}],"collection":[{"href":"https:\/\/eldigitaldeasturias.com\/radio\/wp-json\/wp\/v2\/posts"}],"about":[{"href":"https:\/\/eldigitaldeasturias.com\/radio\/wp-json\/wp\/v2\/types\/post"}],"author":[{"embeddable":true,"href":"https:\/\/eldigitaldeasturias.com\/radio\/wp-json\/wp\/v2\/users\/1"}],"replies":[{"embeddable":true,"href":"https:\/\/eldigitaldeasturias.com\/radio\/wp-json\/wp\/v2\/comments?post=6832"}],"version-history":[{"count":0,"href":"https:\/\/eldigitaldeasturias.com\/radio\/wp-json\/wp\/v2\/posts\/6832\/revisions"}],"wp:featuredmedia":[{"embeddable":true,"href":"https:\/\/eldigitaldeasturias.com\/radio\/wp-json\/wp\/v2\/media\/6833"}],"wp:attachment":[{"href":"https:\/\/eldigitaldeasturias.com\/radio\/wp-json\/wp\/v2\/media?parent=6832"}],"wp:term":[{"taxonomy":"category","embeddable":true,"href":"https:\/\/eldigitaldeasturias.com\/radio\/wp-json\/wp\/v2\/categories?post=6832"},{"taxonomy":"post_tag","embeddable":true,"href":"https:\/\/eldigitaldeasturias.com\/radio\/wp-json\/wp\/v2\/tags?post=6832"}],"curies":[{"name":"wp","href":"https:\/\/api.w.org\/{rel}","templated":true}]}}