{"id":6762,"date":"2022-03-10T18:39:04","date_gmt":"2022-03-10T18:39:04","guid":{"rendered":"http:\/\/eldigitaldeasturias.com\/radio\/?p=6762"},"modified":"2022-03-10T18:39:04","modified_gmt":"2022-03-10T18:39:04","slug":"adidas-preve-buenos-resultados-para-2022","status":"publish","type":"post","link":"https:\/\/eldigitaldeasturias.com\/radio\/adidas-preve-buenos-resultados-para-2022\/","title":{"rendered":"Adidas prev\u00e9 buenos resultados para 2022"},"content":{"rendered":"<p>Herzogenaurach (Alemania), 9 mar (dpa) &#8211; <strong>Adidas prev\u00e9 buenos resultados para 2022 pese a los riesgos por la guerra en Ucrania<\/strong> y tras incrementar un 16 por ciento su facturaci\u00f3n en 2021, anunci\u00f3 hoy el fabricante alem\u00e1n de art\u00edculos deportivos.<\/p>\n<figure id=\"attachment_6763\" aria-describedby=\"caption-attachment-6763\" style=\"width: 650px\" class=\"wp-caption aligncenter\"><img fetchpriority=\"high\" decoding=\"async\" class=\"wp-image-6763\" src=\"https:\/\/eldigitaldeasturias.com\/radio\/wp-content\/uploads\/2022\/03\/adidas-360x248.jpg\" alt=\"adidas\" width=\"650\" height=\"449\" srcset=\"https:\/\/eldigitaldeasturias.com\/radio\/wp-content\/uploads\/2022\/03\/adidas-360x248.jpg 360w, https:\/\/eldigitaldeasturias.com\/radio\/wp-content\/uploads\/2022\/03\/adidas-768x530.jpg 768w, https:\/\/eldigitaldeasturias.com\/radio\/wp-content\/uploads\/2022\/03\/adidas-150x104.jpg 150w, https:\/\/eldigitaldeasturias.com\/radio\/wp-content\/uploads\/2022\/03\/adidas-450x311.jpg 450w, https:\/\/eldigitaldeasturias.com\/radio\/wp-content\/uploads\/2022\/03\/adidas.jpg 968w\" sizes=\"(max-width: 650px) 100vw, 650px\" \/><figcaption id=\"caption-attachment-6763\" class=\"wp-caption-text\">Logo del fabricante alem\u00e1n de art\u00edculos deportivos Adidas en una chaqueta azul. Foto: Daniel Karmann\/dpa<\/figcaption><\/figure>\n<p>El a\u00f1o pasado, <span style=\"color: #ff6600;\"><a style=\"color: #ff6600;\" href=\"https:\/\/eldigitaldeasturias.com\/radio\/category\/negocios\/\"><strong>la compa\u00f1\u00eda increment\u00f3 su facturaci\u00f3n<\/strong><\/a><\/span>, descontados los efectos del tipo de cambio, hasta los 21.200 millones de euros (23.200 millones de d\u00f3lares), tras la ca\u00edda de ventas por el coronavirus en 2020.<\/p>\n<p>Los ingresos netos de las operaciones continuas crecieron m\u00e1s de 1.000 millones de euros, hasta los 1.492 millones, seg\u00fan la empresa.<\/p>\n<p>Para 2022 cuenta con una facturaci\u00f3n entre un 11 y un 13 por ciento mayor, descontados los efectos del tipo de cambio, impulsada por los mercados de Am\u00e9rica del Norte y Am\u00e9rica Latina, as\u00ed como por la regi\u00f3n de Europa, Oriente Medio y \u00c1frica.<\/p>\n<p>La previsi\u00f3n incluye un riesgo de hasta 250 millones de euros en el negocio de Rusia y los pa\u00edses de la Comunidad de Estados Independientes (CEI), que representa alrededor del 50 por ciento de los ingresos totales de la empresa en la regi\u00f3n.<\/p>\n<p>Adidas ha suspendido por el momento las operaciones de sus tiendas y la venta online en Rusia a causa del ataque a Ucrania.<\/p>\n<p>Pese a los buenos resultados, el cuarto trimestre fue m\u00e1s d\u00e9bil debido a los problemas de la cadena de suministro y en China, as\u00ed como por los mayores costes. Los ingresos cayeron un 3 por ciento hasta los 5.100 millones de euros. Los ingresos en China disminuyeron casi un 25 por ciento.<\/p>\n<p>\u00abEn 2021, obtuvimos un s\u00f3lido conjunto de resultados a pesar de varios factores externos que pesaron tanto en la demanda como en la oferta a lo largo del a\u00f1o\u00bb, dijo el director ejecutivo, Kasper Rorsted.<\/p>\n<p>\u00abEn conjunto, 2021 fue un primer a\u00f1o exitoso dentro de nuestro nuevo ciclo estrat\u00e9gico. En 2022, aprovecharemos este impulso y seguiremos creciendo\u00bb, a\u00f1adi\u00f3.<\/p>\n","protected":false},"excerpt":{"rendered":"<p>Herzogenaurach (Alemania), 9 mar (dpa) &#8211; Adidas prev\u00e9 buenos resultados para 2022 pese a los riesgos por la guerra en Ucrania y tras incrementar un 16 por ciento su facturaci\u00f3n en 2021, anunci\u00f3 hoy el fabricante alem\u00e1n de art\u00edculos deportivos. El a\u00f1o pasado, la compa\u00f1\u00eda increment\u00f3 su facturaci\u00f3n, descontados los efectos del tipo de cambio,<\/p>\n","protected":false},"author":1,"featured_media":6763,"comment_status":"closed","ping_status":"closed","sticky":false,"template":"","format":"standard","meta":{"footnotes":""},"categories":[35,36],"tags":[43],"class_list":{"0":"post-6762","1":"post","2":"type-post","3":"status-publish","4":"format-standard","5":"has-post-thumbnail","7":"category-negocios","8":"category-titulares","9":"tag-empresas"},"aioseo_notices":[],"aioseo_head":"\n\t\t<!-- All in One SEO Pro 4.9.6.2 - aioseo.com -->\n\t<meta name=\"description\" content=\"Adidas prev\u00e9 buenos resultados para 2022 pese a los riesgos por la guerra en Ucrania y tras incrementar un 16 por ciento su facturaci\u00f3n\" \/>\n\t<meta name=\"robots\" content=\"max-image-preview:large\" \/>\n\t<meta name=\"author\" content=\"NBAsturias\"\/>\n\t<meta name=\"google-site-verification\" content=\"UA-38556648-1\" \/>\n\t<meta name=\"keywords\" content=\"negocios,titulares\" \/>\n\t<link rel=\"canonical\" href=\"https:\/\/eldigitaldeasturias.com\/radio\/adidas-preve-buenos-resultados-para-2022\/\" \/>\n\t<meta name=\"generator\" content=\"All in One SEO Pro (AIOSEO) 4.9.6.2\" \/>\n\t\t<meta property=\"og:locale\" content=\"es_ES\" \/>\n\t\t<meta property=\"og:site_name\" content=\"El Digital de Asturias | Diario de informaci\u00f3n y noticias\" \/>\n\t\t<meta property=\"og:type\" content=\"article\" \/>\n\t\t<meta property=\"og:title\" content=\"Adidas prev\u00e9 buenos resultados para 2022 | El Digital de Asturias\" \/>\n\t\t<meta property=\"og:description\" content=\"Adidas prev\u00e9 buenos resultados para 2022 pese a los riesgos por la guerra en Ucrania y tras incrementar un 16 por ciento su facturaci\u00f3n\" \/>\n\t\t<meta property=\"og:url\" content=\"https:\/\/eldigitaldeasturias.com\/radio\/adidas-preve-buenos-resultados-para-2022\/\" \/>\n\t\t<meta property=\"og:image\" content=\"https:\/\/eldigitaldeasturias.com\/radio\/wp-content\/uploads\/2022\/03\/adidas.jpg\" \/>\n\t\t<meta property=\"og:image:secure_url\" content=\"https:\/\/eldigitaldeasturias.com\/radio\/wp-content\/uploads\/2022\/03\/adidas.jpg\" \/>\n\t\t<meta property=\"og:image:width\" content=\"968\" \/>\n\t\t<meta property=\"og:image:height\" content=\"668\" \/>\n\t\t<meta property=\"article:published_time\" content=\"2022-03-10T18:39:04+00:00\" \/>\n\t\t<meta property=\"article:modified_time\" content=\"2022-03-10T18:39:04+00:00\" \/>\n\t\t<meta name=\"twitter:card\" content=\"summary_large_image\" \/>\n\t\t<meta name=\"twitter:site\" content=\"@bercodi\" \/>\n\t\t<meta name=\"twitter:title\" content=\"Adidas prev\u00e9 buenos resultados para 2022 | El Digital de Asturias\" \/>\n\t\t<meta name=\"twitter:description\" content=\"Adidas prev\u00e9 buenos resultados para 2022 pese a los riesgos por la guerra en Ucrania y tras incrementar un 16 por ciento su facturaci\u00f3n\" \/>\n\t\t<meta name=\"twitter:creator\" content=\"@bercodi\" \/>\n\t\t<meta name=\"twitter:image\" content=\"https:\/\/eldigitaldeasturias.com\/radio\/wp-content\/uploads\/2022\/03\/adidas.jpg\" \/>\n\t\t<script type=\"application\/ld+json\" class=\"aioseo-schema\">\n\t\t\t{\"@context\":\"https:\\\/\\\/schema.org\",\"@graph\":[{\"@type\":\"BreadcrumbList\",\"@id\":\"https:\\\/\\\/eldigitaldeasturias.com\\\/radio\\\/adidas-preve-buenos-resultados-para-2022\\\/#breadcrumblist\",\"itemListElement\":[{\"@type\":\"ListItem\",\"@id\":\"https:\\\/\\\/eldigitaldeasturias.com\\\/radio#listItem\",\"position\":1,\"name\":\"Inicio\",\"item\":\"https:\\\/\\\/eldigitaldeasturias.com\\\/radio\",\"nextItem\":{\"@type\":\"ListItem\",\"@id\":\"https:\\\/\\\/eldigitaldeasturias.com\\\/radio\\\/category\\\/negocios\\\/#listItem\",\"name\":\"Negocios\"}},{\"@type\":\"ListItem\",\"@id\":\"https:\\\/\\\/eldigitaldeasturias.com\\\/radio\\\/category\\\/negocios\\\/#listItem\",\"position\":2,\"name\":\"Negocios\",\"item\":\"https:\\\/\\\/eldigitaldeasturias.com\\\/radio\\\/category\\\/negocios\\\/\",\"nextItem\":{\"@type\":\"ListItem\",\"@id\":\"https:\\\/\\\/eldigitaldeasturias.com\\\/radio\\\/adidas-preve-buenos-resultados-para-2022\\\/#listItem\",\"name\":\"Adidas prev\\u00e9 buenos resultados para 2022\"},\"previousItem\":{\"@type\":\"ListItem\",\"@id\":\"https:\\\/\\\/eldigitaldeasturias.com\\\/radio#listItem\",\"name\":\"Inicio\"}},{\"@type\":\"ListItem\",\"@id\":\"https:\\\/\\\/eldigitaldeasturias.com\\\/radio\\\/adidas-preve-buenos-resultados-para-2022\\\/#listItem\",\"position\":3,\"name\":\"Adidas prev\\u00e9 buenos resultados para 2022\",\"previousItem\":{\"@type\":\"ListItem\",\"@id\":\"https:\\\/\\\/eldigitaldeasturias.com\\\/radio\\\/category\\\/negocios\\\/#listItem\",\"name\":\"Negocios\"}}]},{\"@type\":\"NewsArticle\",\"@id\":\"https:\\\/\\\/eldigitaldeasturias.com\\\/radio\\\/adidas-preve-buenos-resultados-para-2022\\\/#newsarticle\",\"name\":\"Adidas prev\\u00e9 buenos resultados para 2022 | El Digital de Asturias\",\"headline\":\"Adidas prev\\u00e9 buenos resultados para 2022\",\"author\":{\"@id\":\"https:\\\/\\\/eldigitaldeasturias.com\\\/radio\\\/author\\\/nbasturias\\\/#author\"},\"publisher\":{\"@id\":\"https:\\\/\\\/eldigitaldeasturias.com\\\/radio\\\/#organization\"},\"image\":{\"@type\":\"ImageObject\",\"url\":\"https:\\\/\\\/eldigitaldeasturias.com\\\/radio\\\/wp-content\\\/uploads\\\/2022\\\/03\\\/adidas.jpg\",\"width\":968,\"height\":668,\"caption\":\"Logo del fabricante alem\\u00e1n de art\\u00edculos deportivos Adidas en una chaqueta azul. Foto: Daniel Karmann\\\/dpa\"},\"datePublished\":\"2022-03-10T18:39:04+01:00\",\"dateModified\":\"2022-03-10T18:39:04+01:00\",\"inLanguage\":\"es-ES\",\"mainEntityOfPage\":{\"@id\":\"https:\\\/\\\/eldigitaldeasturias.com\\\/radio\\\/adidas-preve-buenos-resultados-para-2022\\\/#webpage\"},\"isPartOf\":{\"@id\":\"https:\\\/\\\/eldigitaldeasturias.com\\\/radio\\\/adidas-preve-buenos-resultados-para-2022\\\/#webpage\"},\"articleSection\":\"Negocios, Titulares, empresas\",\"dateline\":\"Publicado el marzo 10, 2022.\"},{\"@type\":\"Organization\",\"@id\":\"https:\\\/\\\/eldigitaldeasturias.com\\\/radio\\\/#organization\",\"name\":\"El digital de Asturias Radio\",\"description\":\"Diario de informaci\\u00f3n y noticias\",\"url\":\"https:\\\/\\\/eldigitaldeasturias.com\\\/radio\\\/\",\"telephone\":\"+34652131393\",\"logo\":{\"@type\":\"ImageObject\",\"url\":\"https:\\\/\\\/www.eldigitaldeasturias.com\\\/radio\\\/wp-content\\\/uploads\\\/2021\\\/03\\\/EDA.jpg\",\"@id\":\"https:\\\/\\\/eldigitaldeasturias.com\\\/radio\\\/adidas-preve-buenos-resultados-para-2022\\\/#organizationLogo\"},\"image\":{\"@id\":\"https:\\\/\\\/eldigitaldeasturias.com\\\/radio\\\/adidas-preve-buenos-resultados-para-2022\\\/#organizationLogo\"},\"sameAs\":[\"https:\\\/\\\/www.facebook.com\\\/\",\"https:\\\/\\\/x.com\\\/bercodi\",\"https:\\\/\\\/www.instagram.com\\\/\",\"https:\\\/\\\/www.youtube.com\\\/channel\\\/UCZP-2wLEB9Rv6erhFmqVnvg\"]},{\"@type\":\"Person\",\"@id\":\"https:\\\/\\\/eldigitaldeasturias.com\\\/radio\\\/author\\\/nbasturias\\\/#author\",\"url\":\"https:\\\/\\\/eldigitaldeasturias.com\\\/radio\\\/author\\\/nbasturias\\\/\",\"name\":\"NBAsturias\",\"image\":{\"@type\":\"ImageObject\",\"@id\":\"https:\\\/\\\/eldigitaldeasturias.com\\\/radio\\\/adidas-preve-buenos-resultados-para-2022\\\/#authorImage\",\"url\":\"https:\\\/\\\/secure.gravatar.com\\\/avatar\\\/df2aeffc32bcd13f8d26072ef8a91b623d677766deac7f97ca815868cd41bf5e?s=96&d=mm&r=g\",\"width\":96,\"height\":96,\"caption\":\"NBAsturias\"}},{\"@type\":\"WebPage\",\"@id\":\"https:\\\/\\\/eldigitaldeasturias.com\\\/radio\\\/adidas-preve-buenos-resultados-para-2022\\\/#webpage\",\"url\":\"https:\\\/\\\/eldigitaldeasturias.com\\\/radio\\\/adidas-preve-buenos-resultados-para-2022\\\/\",\"name\":\"Adidas prev\\u00e9 buenos resultados para 2022 | El Digital de Asturias\",\"description\":\"Adidas prev\\u00e9 buenos resultados para 2022 pese a los riesgos por la guerra en Ucrania y tras incrementar un 16 por ciento su facturaci\\u00f3n\",\"inLanguage\":\"es-ES\",\"isPartOf\":{\"@id\":\"https:\\\/\\\/eldigitaldeasturias.com\\\/radio\\\/#website\"},\"breadcrumb\":{\"@id\":\"https:\\\/\\\/eldigitaldeasturias.com\\\/radio\\\/adidas-preve-buenos-resultados-para-2022\\\/#breadcrumblist\"},\"author\":{\"@id\":\"https:\\\/\\\/eldigitaldeasturias.com\\\/radio\\\/author\\\/nbasturias\\\/#author\"},\"creator\":{\"@id\":\"https:\\\/\\\/eldigitaldeasturias.com\\\/radio\\\/author\\\/nbasturias\\\/#author\"},\"image\":{\"@type\":\"ImageObject\",\"url\":\"https:\\\/\\\/eldigitaldeasturias.com\\\/radio\\\/wp-content\\\/uploads\\\/2022\\\/03\\\/adidas.jpg\",\"@id\":\"https:\\\/\\\/eldigitaldeasturias.com\\\/radio\\\/adidas-preve-buenos-resultados-para-2022\\\/#mainImage\",\"width\":968,\"height\":668,\"caption\":\"Logo del fabricante alem\\u00e1n de art\\u00edculos deportivos Adidas en una chaqueta azul. Foto: Daniel Karmann\\\/dpa\"},\"primaryImageOfPage\":{\"@id\":\"https:\\\/\\\/eldigitaldeasturias.com\\\/radio\\\/adidas-preve-buenos-resultados-para-2022\\\/#mainImage\"},\"datePublished\":\"2022-03-10T18:39:04+01:00\",\"dateModified\":\"2022-03-10T18:39:04+01:00\"},{\"@type\":\"WebSite\",\"@id\":\"https:\\\/\\\/eldigitaldeasturias.com\\\/radio\\\/#website\",\"url\":\"https:\\\/\\\/eldigitaldeasturias.com\\\/radio\\\/\",\"name\":\"El Digital de Asturias\",\"description\":\"Diario de informaci\\u00f3n y noticias\",\"inLanguage\":\"es-ES\",\"publisher\":{\"@id\":\"https:\\\/\\\/eldigitaldeasturias.com\\\/radio\\\/#organization\"}}]}\n\t\t<\/script>\n\t\t<!-- All in One SEO Pro -->\r\n\t\t<title>Adidas prev\u00e9 buenos resultados para 2022 | El Digital de Asturias<\/title>\n\n","aioseo_head_json":{"title":"Adidas prev\u00e9 buenos resultados para 2022 | El Digital de Asturias","description":"Adidas prev\u00e9 buenos resultados para 2022 pese a los riesgos por la guerra en Ucrania y tras incrementar un 16 por ciento su facturaci\u00f3n","canonical_url":"https:\/\/eldigitaldeasturias.com\/radio\/adidas-preve-buenos-resultados-para-2022\/","robots":"max-image-preview:large","keywords":"negocios,titulares","webmasterTools":{"google-site-verification":"UA-38556648-1","miscellaneous":""},"schema":{"@context":"https:\/\/schema.org","@graph":[{"@type":"BreadcrumbList","@id":"https:\/\/eldigitaldeasturias.com\/radio\/adidas-preve-buenos-resultados-para-2022\/#breadcrumblist","itemListElement":[{"@type":"ListItem","@id":"https:\/\/eldigitaldeasturias.com\/radio#listItem","position":1,"name":"Inicio","item":"https:\/\/eldigitaldeasturias.com\/radio","nextItem":{"@type":"ListItem","@id":"https:\/\/eldigitaldeasturias.com\/radio\/category\/negocios\/#listItem","name":"Negocios"}},{"@type":"ListItem","@id":"https:\/\/eldigitaldeasturias.com\/radio\/category\/negocios\/#listItem","position":2,"name":"Negocios","item":"https:\/\/eldigitaldeasturias.com\/radio\/category\/negocios\/","nextItem":{"@type":"ListItem","@id":"https:\/\/eldigitaldeasturias.com\/radio\/adidas-preve-buenos-resultados-para-2022\/#listItem","name":"Adidas prev\u00e9 buenos resultados para 2022"},"previousItem":{"@type":"ListItem","@id":"https:\/\/eldigitaldeasturias.com\/radio#listItem","name":"Inicio"}},{"@type":"ListItem","@id":"https:\/\/eldigitaldeasturias.com\/radio\/adidas-preve-buenos-resultados-para-2022\/#listItem","position":3,"name":"Adidas prev\u00e9 buenos resultados para 2022","previousItem":{"@type":"ListItem","@id":"https:\/\/eldigitaldeasturias.com\/radio\/category\/negocios\/#listItem","name":"Negocios"}}]},{"@type":"NewsArticle","@id":"https:\/\/eldigitaldeasturias.com\/radio\/adidas-preve-buenos-resultados-para-2022\/#newsarticle","name":"Adidas prev\u00e9 buenos resultados para 2022 | El Digital de Asturias","headline":"Adidas prev\u00e9 buenos resultados para 2022","author":{"@id":"https:\/\/eldigitaldeasturias.com\/radio\/author\/nbasturias\/#author"},"publisher":{"@id":"https:\/\/eldigitaldeasturias.com\/radio\/#organization"},"image":{"@type":"ImageObject","url":"https:\/\/eldigitaldeasturias.com\/radio\/wp-content\/uploads\/2022\/03\/adidas.jpg","width":968,"height":668,"caption":"Logo del fabricante alem\u00e1n de art\u00edculos deportivos Adidas en una chaqueta azul. Foto: Daniel Karmann\/dpa"},"datePublished":"2022-03-10T18:39:04+01:00","dateModified":"2022-03-10T18:39:04+01:00","inLanguage":"es-ES","mainEntityOfPage":{"@id":"https:\/\/eldigitaldeasturias.com\/radio\/adidas-preve-buenos-resultados-para-2022\/#webpage"},"isPartOf":{"@id":"https:\/\/eldigitaldeasturias.com\/radio\/adidas-preve-buenos-resultados-para-2022\/#webpage"},"articleSection":"Negocios, Titulares, empresas","dateline":"Publicado el marzo 10, 2022."},{"@type":"Organization","@id":"https:\/\/eldigitaldeasturias.com\/radio\/#organization","name":"El digital de Asturias Radio","description":"Diario de informaci\u00f3n y noticias","url":"https:\/\/eldigitaldeasturias.com\/radio\/","telephone":"+34652131393","logo":{"@type":"ImageObject","url":"https:\/\/www.eldigitaldeasturias.com\/radio\/wp-content\/uploads\/2021\/03\/EDA.jpg","@id":"https:\/\/eldigitaldeasturias.com\/radio\/adidas-preve-buenos-resultados-para-2022\/#organizationLogo"},"image":{"@id":"https:\/\/eldigitaldeasturias.com\/radio\/adidas-preve-buenos-resultados-para-2022\/#organizationLogo"},"sameAs":["https:\/\/www.facebook.com\/","https:\/\/x.com\/bercodi","https:\/\/www.instagram.com\/","https:\/\/www.youtube.com\/channel\/UCZP-2wLEB9Rv6erhFmqVnvg"]},{"@type":"Person","@id":"https:\/\/eldigitaldeasturias.com\/radio\/author\/nbasturias\/#author","url":"https:\/\/eldigitaldeasturias.com\/radio\/author\/nbasturias\/","name":"NBAsturias","image":{"@type":"ImageObject","@id":"https:\/\/eldigitaldeasturias.com\/radio\/adidas-preve-buenos-resultados-para-2022\/#authorImage","url":"https:\/\/secure.gravatar.com\/avatar\/df2aeffc32bcd13f8d26072ef8a91b623d677766deac7f97ca815868cd41bf5e?s=96&d=mm&r=g","width":96,"height":96,"caption":"NBAsturias"}},{"@type":"WebPage","@id":"https:\/\/eldigitaldeasturias.com\/radio\/adidas-preve-buenos-resultados-para-2022\/#webpage","url":"https:\/\/eldigitaldeasturias.com\/radio\/adidas-preve-buenos-resultados-para-2022\/","name":"Adidas prev\u00e9 buenos resultados para 2022 | El Digital de Asturias","description":"Adidas prev\u00e9 buenos resultados para 2022 pese a los riesgos por la guerra en Ucrania y tras incrementar un 16 por ciento su facturaci\u00f3n","inLanguage":"es-ES","isPartOf":{"@id":"https:\/\/eldigitaldeasturias.com\/radio\/#website"},"breadcrumb":{"@id":"https:\/\/eldigitaldeasturias.com\/radio\/adidas-preve-buenos-resultados-para-2022\/#breadcrumblist"},"author":{"@id":"https:\/\/eldigitaldeasturias.com\/radio\/author\/nbasturias\/#author"},"creator":{"@id":"https:\/\/eldigitaldeasturias.com\/radio\/author\/nbasturias\/#author"},"image":{"@type":"ImageObject","url":"https:\/\/eldigitaldeasturias.com\/radio\/wp-content\/uploads\/2022\/03\/adidas.jpg","@id":"https:\/\/eldigitaldeasturias.com\/radio\/adidas-preve-buenos-resultados-para-2022\/#mainImage","width":968,"height":668,"caption":"Logo del fabricante alem\u00e1n de art\u00edculos deportivos Adidas en una chaqueta azul. Foto: Daniel Karmann\/dpa"},"primaryImageOfPage":{"@id":"https:\/\/eldigitaldeasturias.com\/radio\/adidas-preve-buenos-resultados-para-2022\/#mainImage"},"datePublished":"2022-03-10T18:39:04+01:00","dateModified":"2022-03-10T18:39:04+01:00"},{"@type":"WebSite","@id":"https:\/\/eldigitaldeasturias.com\/radio\/#website","url":"https:\/\/eldigitaldeasturias.com\/radio\/","name":"El Digital de Asturias","description":"Diario de informaci\u00f3n y noticias","inLanguage":"es-ES","publisher":{"@id":"https:\/\/eldigitaldeasturias.com\/radio\/#organization"}}]},"og:locale":"es_ES","og:site_name":"El Digital de Asturias | Diario de informaci\u00f3n y noticias","og:type":"article","og:title":"Adidas prev\u00e9 buenos resultados para 2022 | El Digital de Asturias","og:description":"Adidas prev\u00e9 buenos resultados para 2022 pese a los riesgos por la guerra en Ucrania y tras incrementar un 16 por ciento su facturaci\u00f3n","og:url":"https:\/\/eldigitaldeasturias.com\/radio\/adidas-preve-buenos-resultados-para-2022\/","og:image":"https:\/\/eldigitaldeasturias.com\/radio\/wp-content\/uploads\/2022\/03\/adidas.jpg","og:image:secure_url":"https:\/\/eldigitaldeasturias.com\/radio\/wp-content\/uploads\/2022\/03\/adidas.jpg","og:image:width":968,"og:image:height":668,"article:published_time":"2022-03-10T18:39:04+00:00","article:modified_time":"2022-03-10T18:39:04+00:00","twitter:card":"summary_large_image","twitter:site":"@bercodi","twitter:title":"Adidas prev\u00e9 buenos resultados para 2022 | El Digital de Asturias","twitter:description":"Adidas prev\u00e9 buenos resultados para 2022 pese a los riesgos por la guerra en Ucrania y tras incrementar un 16 por ciento su facturaci\u00f3n","twitter:creator":"@bercodi","twitter:image":"https:\/\/eldigitaldeasturias.com\/radio\/wp-content\/uploads\/2022\/03\/adidas.jpg"},"aioseo_meta_data":{"post_id":"6762","title":null,"description":"Adidas prev\u00e9 buenos resultados para 2022 pese a los riesgos por la guerra en Ucrania y tras incrementar un 16 por ciento su facturaci\u00f3n","keywords":[],"keyphrases":{"focus":{"keyphrase":"Adidas ","score":92,"analysis":{"keyphraseInTitle":{"title":"Focus keyphrase in SEO title","description":"Focus keyphrase found in SEO title.","score":9,"maxScore":9,"error":0},"keyphraseInDescription":{"title":"Focus keyphrase in meta description","description":"Focus keyphrase found in meta description.","score":9,"maxScore":9,"error":0},"keyphraseLength":{"title":"Focus keyphrase length","description":"Good job!","score":9,"maxScore":9,"error":0,"length":1},"keyphraseInURL":{"title":"Focus keyphrase in URL","description":"Focus keyphrase not found in the URL.","score":1,"maxScore":5,"error":1},"keyphraseInIntroduction":{"title":"Focus keyphrase in introduction","description":"Your Focus keyphrase appears in the first paragraph. Well done!","score":9,"maxScore":9,"error":0},"keyphraseInSubHeadings":[],"keyphraseInImageAlt":{"title":"Focus keyphrase in image alt attributes","description":"Focus keyphrase found in image alt attribute(s).","score":9,"maxScore":9,"error":0}}},"additional":[{"keyphrase":" buenos resultados ","score":100,"analysis":{"keyphraseInDescription":{"title":"Keyphrase in meta description","description":"Keyphrase found in meta description.","score":9,"maxScore":9,"error":0},"keyphraseLength":{"title":"Keyphrase length","description":"Good job!","score":9,"maxScore":9,"error":0,"length":2},"keyphraseInIntroduction":{"title":"Keyphrase in introduction","description":"Your Keyphrase appears in the first paragraph. Well done!","score":9,"maxScore":9,"error":0},"keyphraseInImageAlt":{"title":"Keyphrase in image alt attributes","description":"Keyphrase found in image alt attribute(s).","score":9,"maxScore":9,"error":0}}},{"keyphrase":"facturaci\u00f3n","score":83,"analysis":{"keyphraseInDescription":{"title":"Keyphrase in meta description","description":"Keyphrase found in meta description.","score":9,"maxScore":9,"error":0},"keyphraseLength":{"title":"Keyphrase length","description":"Good job!","score":9,"maxScore":9,"error":0,"length":1},"keyphraseInIntroduction":{"title":"Keyphrase in introduction","description":"Your Keyphrase appears in the first paragraph. Well done!","score":9,"maxScore":9,"error":0},"keyphraseInImageAlt":{"title":"Keyphrase in image alt attributes","description":"Keyphrase not found in image alt attribute(s). Add an image with your Keyphrase as alt text.","score":3,"maxScore":9,"error":1}}}]},"primary_term":null,"canonical_url":null,"og_title":null,"og_description":null,"og_object_type":"default","og_image_type":"default","og_image_url":null,"og_image_width":null,"og_image_height":null,"og_image_custom_url":null,"og_image_custom_fields":null,"og_video":"","og_custom_url":null,"og_article_section":null,"og_article_tags":[],"twitter_use_og":false,"twitter_card":"default","twitter_image_type":"default","twitter_image_url":null,"twitter_image_custom_url":null,"twitter_image_custom_fields":null,"twitter_title":null,"twitter_description":null,"schema":{"blockGraphs":[],"customGraphs":[],"default":{"data":{"Article":[],"Course":[],"Dataset":[],"FAQPage":[],"Movie":[],"Person":[],"Product":[],"ProductReview":[],"Car":[],"Recipe":[],"Service":[],"SoftwareApplication":[],"WebPage":[]},"graphName":"","isEnabled":true},"graphs":[],"defaultGraph":"Article","defaultPostTypeGraph":""},"schema_type":"default","schema_type_options":"{\"article\":{\"articleType\":\"BlogPosting\"},\"course\":{\"name\":\"\",\"description\":\"\",\"provider\":\"\"},\"faq\":{\"pages\":[]},\"product\":{\"reviews\":[]},\"recipe\":{\"ingredients\":[],\"instructions\":[],\"keywords\":[]},\"software\":{\"reviews\":[],\"operatingSystems\":[]},\"webPage\":{\"webPageType\":\"WebPage\"}}","pillar_content":false,"robots_default":true,"robots_noindex":false,"robots_noarchive":false,"robots_nosnippet":false,"robots_nofollow":false,"robots_noimageindex":false,"robots_noodp":false,"robots_notranslate":false,"robots_max_snippet":"-1","robots_max_videopreview":"-1","robots_max_imagepreview":"large","priority":null,"frequency":"default","location":null,"local_seo":null,"seo_analyzer_scan_date":"2025-08-28 19:43:41","breadcrumb_settings":null,"limit_modified_date":false,"open_ai":null,"ai":null,"created":"2022-03-10 18:34:42","updated":"2025-08-28 19:43:41"},"aioseo_breadcrumb":"<div class=\"aioseo-breadcrumbs\"><span class=\"aioseo-breadcrumb\">\n\t<a href=\"https:\/\/eldigitaldeasturias.com\/radio\" title=\"Inicio\">Inicio<\/a>\n<\/span><span class=\"aioseo-breadcrumb-separator\">&ndash;<\/span><span class=\"aioseo-breadcrumb\">\n\t<a href=\"https:\/\/eldigitaldeasturias.com\/radio\/category\/negocios\/\" title=\"Negocios\">Negocios<\/a>\n<\/span><span class=\"aioseo-breadcrumb-separator\">&ndash;<\/span><span class=\"aioseo-breadcrumb\">\n\tAdidas prev\u00e9 buenos resultados para 2022\n<\/span><\/div>","aioseo_breadcrumb_json":[{"label":"Inicio","link":"https:\/\/eldigitaldeasturias.com\/radio"},{"label":"Negocios","link":"https:\/\/eldigitaldeasturias.com\/radio\/category\/negocios\/"},{"label":"Adidas prev\u00e9 buenos resultados para 2022","link":"https:\/\/eldigitaldeasturias.com\/radio\/adidas-preve-buenos-resultados-para-2022\/"}],"_links":{"self":[{"href":"https:\/\/eldigitaldeasturias.com\/radio\/wp-json\/wp\/v2\/posts\/6762","targetHints":{"allow":["GET"]}}],"collection":[{"href":"https:\/\/eldigitaldeasturias.com\/radio\/wp-json\/wp\/v2\/posts"}],"about":[{"href":"https:\/\/eldigitaldeasturias.com\/radio\/wp-json\/wp\/v2\/types\/post"}],"author":[{"embeddable":true,"href":"https:\/\/eldigitaldeasturias.com\/radio\/wp-json\/wp\/v2\/users\/1"}],"replies":[{"embeddable":true,"href":"https:\/\/eldigitaldeasturias.com\/radio\/wp-json\/wp\/v2\/comments?post=6762"}],"version-history":[{"count":0,"href":"https:\/\/eldigitaldeasturias.com\/radio\/wp-json\/wp\/v2\/posts\/6762\/revisions"}],"wp:featuredmedia":[{"embeddable":true,"href":"https:\/\/eldigitaldeasturias.com\/radio\/wp-json\/wp\/v2\/media\/6763"}],"wp:attachment":[{"href":"https:\/\/eldigitaldeasturias.com\/radio\/wp-json\/wp\/v2\/media?parent=6762"}],"wp:term":[{"taxonomy":"category","embeddable":true,"href":"https:\/\/eldigitaldeasturias.com\/radio\/wp-json\/wp\/v2\/categories?post=6762"},{"taxonomy":"post_tag","embeddable":true,"href":"https:\/\/eldigitaldeasturias.com\/radio\/wp-json\/wp\/v2\/tags?post=6762"}],"curies":[{"name":"wp","href":"https:\/\/api.w.org\/{rel}","templated":true}]}}