{"id":6755,"date":"2022-03-10T18:28:06","date_gmt":"2022-03-10T18:28:06","guid":{"rendered":"http:\/\/eldigitaldeasturias.com\/radio\/?p=6755"},"modified":"2022-03-10T18:28:06","modified_gmt":"2022-03-10T18:28:06","slug":"el-porcentaje-de-gasto-en-defensa-de-alemania-es-la-mitad-que-en-1991","status":"publish","type":"post","link":"https:\/\/eldigitaldeasturias.com\/radio\/el-porcentaje-de-gasto-en-defensa-de-alemania-es-la-mitad-que-en-1991\/","title":{"rendered":"El porcentaje de gasto en defensa de Alemania es la mitad que en 1991"},"content":{"rendered":"<p>Wiesbaden, 9 mar (dpa) &#8211; El gasto en defensa en Alemania aument\u00f3 m\u00e1s de un tercio en los \u00faltimos 30 a\u00f1os, pero como porcentaje de gasto p\u00fablico total se redujo casi a la mitad desde 1991, seg\u00fan los datos publicados hoy por la Oficina Federal de Estad\u00edstica (Destatis).<\/p>\n<p>En 1991, Alemania gast\u00f3 el equivalente a 28.500 millones de euros (31.000 millones de d\u00f3lares) en defensa, mientras que en 2021 fueron 38.700 millones de euros.<\/p>\n<p>Sin embargo, el gasto p\u00fablico total se increment\u00f3 de forma mucho m\u00e1s marcada en el mismo periodo: de 736.900 millones de euros a m\u00e1s de 1,8 billones de euros.<\/p>\n<p>El presupuesto para defensa fue el segundo que menos aument\u00f3 de todas las partidas de gastos estatales, despu\u00e9s de la destinada a vivienda e instalaciones comunales.<\/p>\n<p>Seg\u00fan Destatis, el porcentaje de gasto destinado a defensa dentro del presupuesto nacional se redujo del 3,9 por ciento al 2,1 por ciento entre 1991 y 2021.<\/p>\n<p>Por otro lado, de acuerdo con cifras internacionales disponibles para 2020, la proporci\u00f3n del gasto estatal destinada a defensa de Alemania fue del 2,2 por ciento, por debajo de la media de la Uni\u00f3n Europea (UE), del 2,5 por ciento.<\/p>\n<p>Letonia alcanz\u00f3 la cuota m\u00e1s alta dentro de la UE, con un 5,9 por ciento, mientras que Irlanda tuvo la m\u00e1s baja, con un 0,9 por ciento. Por su parte, Francia tambi\u00e9n resgistr\u00f3 una cuota superior a la media, con un 3,1 por ciento.<\/p>\n","protected":false},"excerpt":{"rendered":"<p>Wiesbaden, 9 mar (dpa) &#8211; El gasto en defensa en Alemania aument\u00f3 m\u00e1s de un tercio en los \u00faltimos 30 a\u00f1os, pero como porcentaje de gasto p\u00fablico total se redujo casi a la mitad desde 1991, seg\u00fan los datos publicados hoy por la Oficina Federal de Estad\u00edstica (Destatis). En 1991, Alemania gast\u00f3 el equivalente a<\/p>\n","protected":false},"author":1,"featured_media":1439,"comment_status":"closed","ping_status":"closed","sticky":false,"template":"","format":"standard","meta":{"footnotes":""},"categories":[1],"tags":[],"class_list":{"0":"post-6755","1":"post","2":"type-post","3":"status-publish","4":"format-standard","5":"has-post-thumbnail","7":"category-noticias"},"aioseo_notices":[],"aioseo_head":"\n\t\t<!-- All in One SEO Pro 4.9.6.2 - aioseo.com -->\n\t<meta name=\"description\" content=\"El gasto en defensa en Alemania aument\u00f3 m\u00e1s de un tercio en los \u00faltimos 30 a\u00f1os, pero como porcentaje de gasto p\u00fablico total se redujo casi a la mitad\" \/>\n\t<meta name=\"robots\" content=\"max-image-preview:large\" \/>\n\t<meta name=\"author\" content=\"NBAsturias\"\/>\n\t<meta name=\"google-site-verification\" content=\"UA-38556648-1\" \/>\n\t<meta name=\"keywords\" content=\"noticias\" \/>\n\t<link rel=\"canonical\" href=\"https:\/\/eldigitaldeasturias.com\/radio\/el-porcentaje-de-gasto-en-defensa-de-alemania-es-la-mitad-que-en-1991\/\" \/>\n\t<meta name=\"generator\" content=\"All in One SEO Pro (AIOSEO) 4.9.6.2\" \/>\n\t\t<meta property=\"og:locale\" content=\"es_ES\" \/>\n\t\t<meta property=\"og:site_name\" content=\"El Digital de Asturias | Diario de informaci\u00f3n y noticias\" \/>\n\t\t<meta property=\"og:type\" content=\"article\" \/>\n\t\t<meta property=\"og:title\" content=\"El porcentaje de gasto en defensa de Alemania es la mitad que en 1991 | El Digital de Asturias\" \/>\n\t\t<meta property=\"og:description\" content=\"El gasto en defensa en Alemania aument\u00f3 m\u00e1s de un tercio en los \u00faltimos 30 a\u00f1os, pero como porcentaje de gasto p\u00fablico total se redujo casi a la mitad\" \/>\n\t\t<meta property=\"og:url\" content=\"https:\/\/eldigitaldeasturias.com\/radio\/el-porcentaje-de-gasto-en-defensa-de-alemania-es-la-mitad-que-en-1991\/\" \/>\n\t\t<meta property=\"og:image\" content=\"https:\/\/eldigitaldeasturias.com\/radio\/wp-content\/uploads\/2018\/10\/berlin-76509_960_720.jpg\" \/>\n\t\t<meta property=\"og:image:secure_url\" content=\"https:\/\/eldigitaldeasturias.com\/radio\/wp-content\/uploads\/2018\/10\/berlin-76509_960_720.jpg\" \/>\n\t\t<meta property=\"og:image:width\" content=\"960\" \/>\n\t\t<meta property=\"og:image:height\" content=\"720\" \/>\n\t\t<meta property=\"article:published_time\" content=\"2022-03-10T18:28:06+00:00\" \/>\n\t\t<meta property=\"article:modified_time\" content=\"2022-03-10T18:28:06+00:00\" \/>\n\t\t<meta name=\"twitter:card\" content=\"summary_large_image\" \/>\n\t\t<meta name=\"twitter:site\" content=\"@bercodi\" \/>\n\t\t<meta name=\"twitter:title\" content=\"El porcentaje de gasto en defensa de Alemania es la mitad que en 1991 | El Digital de Asturias\" \/>\n\t\t<meta name=\"twitter:description\" content=\"El gasto en defensa en Alemania aument\u00f3 m\u00e1s de un tercio en los \u00faltimos 30 a\u00f1os, pero como porcentaje de gasto p\u00fablico total se redujo casi a la mitad\" \/>\n\t\t<meta name=\"twitter:creator\" content=\"@bercodi\" \/>\n\t\t<meta name=\"twitter:image\" content=\"https:\/\/eldigitaldeasturias.com\/radio\/wp-content\/uploads\/2018\/10\/berlin-76509_960_720.jpg\" \/>\n\t\t<script type=\"application\/ld+json\" class=\"aioseo-schema\">\n\t\t\t{\"@context\":\"https:\\\/\\\/schema.org\",\"@graph\":[{\"@type\":\"BreadcrumbList\",\"@id\":\"https:\\\/\\\/eldigitaldeasturias.com\\\/radio\\\/el-porcentaje-de-gasto-en-defensa-de-alemania-es-la-mitad-que-en-1991\\\/#breadcrumblist\",\"itemListElement\":[{\"@type\":\"ListItem\",\"@id\":\"https:\\\/\\\/eldigitaldeasturias.com\\\/radio#listItem\",\"position\":1,\"name\":\"Inicio\",\"item\":\"https:\\\/\\\/eldigitaldeasturias.com\\\/radio\",\"nextItem\":{\"@type\":\"ListItem\",\"@id\":\"https:\\\/\\\/eldigitaldeasturias.com\\\/radio\\\/category\\\/noticias\\\/#listItem\",\"name\":\"Noticias\"}},{\"@type\":\"ListItem\",\"@id\":\"https:\\\/\\\/eldigitaldeasturias.com\\\/radio\\\/category\\\/noticias\\\/#listItem\",\"position\":2,\"name\":\"Noticias\",\"item\":\"https:\\\/\\\/eldigitaldeasturias.com\\\/radio\\\/category\\\/noticias\\\/\",\"nextItem\":{\"@type\":\"ListItem\",\"@id\":\"https:\\\/\\\/eldigitaldeasturias.com\\\/radio\\\/el-porcentaje-de-gasto-en-defensa-de-alemania-es-la-mitad-que-en-1991\\\/#listItem\",\"name\":\"El porcentaje de gasto en defensa de Alemania es la mitad que en 1991\"},\"previousItem\":{\"@type\":\"ListItem\",\"@id\":\"https:\\\/\\\/eldigitaldeasturias.com\\\/radio#listItem\",\"name\":\"Inicio\"}},{\"@type\":\"ListItem\",\"@id\":\"https:\\\/\\\/eldigitaldeasturias.com\\\/radio\\\/el-porcentaje-de-gasto-en-defensa-de-alemania-es-la-mitad-que-en-1991\\\/#listItem\",\"position\":3,\"name\":\"El porcentaje de gasto en defensa de Alemania es la mitad que en 1991\",\"previousItem\":{\"@type\":\"ListItem\",\"@id\":\"https:\\\/\\\/eldigitaldeasturias.com\\\/radio\\\/category\\\/noticias\\\/#listItem\",\"name\":\"Noticias\"}}]},{\"@type\":\"NewsArticle\",\"@id\":\"https:\\\/\\\/eldigitaldeasturias.com\\\/radio\\\/el-porcentaje-de-gasto-en-defensa-de-alemania-es-la-mitad-que-en-1991\\\/#newsarticle\",\"name\":\"El porcentaje de gasto en defensa de Alemania es la mitad que en 1991 | El Digital de Asturias\",\"headline\":\"El porcentaje de gasto en defensa de Alemania es la mitad que en 1991\",\"author\":{\"@id\":\"https:\\\/\\\/eldigitaldeasturias.com\\\/radio\\\/author\\\/nbasturias\\\/#author\"},\"publisher\":{\"@id\":\"https:\\\/\\\/eldigitaldeasturias.com\\\/radio\\\/#organization\"},\"image\":{\"@type\":\"ImageObject\",\"url\":\"https:\\\/\\\/eldigitaldeasturias.com\\\/radio\\\/wp-content\\\/uploads\\\/2018\\\/10\\\/berlin-76509_960_720.jpg\",\"width\":960,\"height\":720},\"datePublished\":\"2022-03-10T18:28:06+01:00\",\"dateModified\":\"2022-03-10T18:28:06+01:00\",\"inLanguage\":\"es-ES\",\"mainEntityOfPage\":{\"@id\":\"https:\\\/\\\/eldigitaldeasturias.com\\\/radio\\\/el-porcentaje-de-gasto-en-defensa-de-alemania-es-la-mitad-que-en-1991\\\/#webpage\"},\"isPartOf\":{\"@id\":\"https:\\\/\\\/eldigitaldeasturias.com\\\/radio\\\/el-porcentaje-de-gasto-en-defensa-de-alemania-es-la-mitad-que-en-1991\\\/#webpage\"},\"articleSection\":\"Noticias\",\"dateline\":\"Publicado el marzo 10, 2022.\"},{\"@type\":\"Organization\",\"@id\":\"https:\\\/\\\/eldigitaldeasturias.com\\\/radio\\\/#organization\",\"name\":\"El digital de Asturias Radio\",\"description\":\"Diario de informaci\\u00f3n y noticias\",\"url\":\"https:\\\/\\\/eldigitaldeasturias.com\\\/radio\\\/\",\"telephone\":\"+34652131393\",\"logo\":{\"@type\":\"ImageObject\",\"url\":\"https:\\\/\\\/www.eldigitaldeasturias.com\\\/radio\\\/wp-content\\\/uploads\\\/2021\\\/03\\\/EDA.jpg\",\"@id\":\"https:\\\/\\\/eldigitaldeasturias.com\\\/radio\\\/el-porcentaje-de-gasto-en-defensa-de-alemania-es-la-mitad-que-en-1991\\\/#organizationLogo\"},\"image\":{\"@id\":\"https:\\\/\\\/eldigitaldeasturias.com\\\/radio\\\/el-porcentaje-de-gasto-en-defensa-de-alemania-es-la-mitad-que-en-1991\\\/#organizationLogo\"},\"sameAs\":[\"https:\\\/\\\/www.facebook.com\\\/\",\"https:\\\/\\\/x.com\\\/bercodi\",\"https:\\\/\\\/www.instagram.com\\\/\",\"https:\\\/\\\/www.youtube.com\\\/channel\\\/UCZP-2wLEB9Rv6erhFmqVnvg\"]},{\"@type\":\"Person\",\"@id\":\"https:\\\/\\\/eldigitaldeasturias.com\\\/radio\\\/author\\\/nbasturias\\\/#author\",\"url\":\"https:\\\/\\\/eldigitaldeasturias.com\\\/radio\\\/author\\\/nbasturias\\\/\",\"name\":\"NBAsturias\",\"image\":{\"@type\":\"ImageObject\",\"@id\":\"https:\\\/\\\/eldigitaldeasturias.com\\\/radio\\\/el-porcentaje-de-gasto-en-defensa-de-alemania-es-la-mitad-que-en-1991\\\/#authorImage\",\"url\":\"https:\\\/\\\/secure.gravatar.com\\\/avatar\\\/df2aeffc32bcd13f8d26072ef8a91b623d677766deac7f97ca815868cd41bf5e?s=96&d=mm&r=g\",\"width\":96,\"height\":96,\"caption\":\"NBAsturias\"}},{\"@type\":\"WebPage\",\"@id\":\"https:\\\/\\\/eldigitaldeasturias.com\\\/radio\\\/el-porcentaje-de-gasto-en-defensa-de-alemania-es-la-mitad-que-en-1991\\\/#webpage\",\"url\":\"https:\\\/\\\/eldigitaldeasturias.com\\\/radio\\\/el-porcentaje-de-gasto-en-defensa-de-alemania-es-la-mitad-que-en-1991\\\/\",\"name\":\"El porcentaje de gasto en defensa de Alemania es la mitad que en 1991 | El Digital de Asturias\",\"description\":\"El gasto en defensa en Alemania aument\\u00f3 m\\u00e1s de un tercio en los \\u00faltimos 30 a\\u00f1os, pero como porcentaje de gasto p\\u00fablico total se redujo casi a la mitad\",\"inLanguage\":\"es-ES\",\"isPartOf\":{\"@id\":\"https:\\\/\\\/eldigitaldeasturias.com\\\/radio\\\/#website\"},\"breadcrumb\":{\"@id\":\"https:\\\/\\\/eldigitaldeasturias.com\\\/radio\\\/el-porcentaje-de-gasto-en-defensa-de-alemania-es-la-mitad-que-en-1991\\\/#breadcrumblist\"},\"author\":{\"@id\":\"https:\\\/\\\/eldigitaldeasturias.com\\\/radio\\\/author\\\/nbasturias\\\/#author\"},\"creator\":{\"@id\":\"https:\\\/\\\/eldigitaldeasturias.com\\\/radio\\\/author\\\/nbasturias\\\/#author\"},\"image\":{\"@type\":\"ImageObject\",\"url\":\"https:\\\/\\\/eldigitaldeasturias.com\\\/radio\\\/wp-content\\\/uploads\\\/2018\\\/10\\\/berlin-76509_960_720.jpg\",\"@id\":\"https:\\\/\\\/eldigitaldeasturias.com\\\/radio\\\/el-porcentaje-de-gasto-en-defensa-de-alemania-es-la-mitad-que-en-1991\\\/#mainImage\",\"width\":960,\"height\":720},\"primaryImageOfPage\":{\"@id\":\"https:\\\/\\\/eldigitaldeasturias.com\\\/radio\\\/el-porcentaje-de-gasto-en-defensa-de-alemania-es-la-mitad-que-en-1991\\\/#mainImage\"},\"datePublished\":\"2022-03-10T18:28:06+01:00\",\"dateModified\":\"2022-03-10T18:28:06+01:00\"},{\"@type\":\"WebSite\",\"@id\":\"https:\\\/\\\/eldigitaldeasturias.com\\\/radio\\\/#website\",\"url\":\"https:\\\/\\\/eldigitaldeasturias.com\\\/radio\\\/\",\"name\":\"El Digital de Asturias\",\"description\":\"Diario de informaci\\u00f3n y noticias\",\"inLanguage\":\"es-ES\",\"publisher\":{\"@id\":\"https:\\\/\\\/eldigitaldeasturias.com\\\/radio\\\/#organization\"}}]}\n\t\t<\/script>\n\t\t<!-- All in One SEO Pro -->\r\n\t\t<title>El porcentaje de gasto en defensa de Alemania es la mitad que en 1991 | El Digital de Asturias<\/title>\n\n","aioseo_head_json":{"title":"El porcentaje de gasto en defensa de Alemania es la mitad que en 1991 | El Digital de Asturias","description":"El gasto en defensa en Alemania aument\u00f3 m\u00e1s de un tercio en los \u00faltimos 30 a\u00f1os, pero como porcentaje de gasto p\u00fablico total se redujo casi a la mitad","canonical_url":"https:\/\/eldigitaldeasturias.com\/radio\/el-porcentaje-de-gasto-en-defensa-de-alemania-es-la-mitad-que-en-1991\/","robots":"max-image-preview:large","keywords":"noticias","webmasterTools":{"google-site-verification":"UA-38556648-1","miscellaneous":""},"schema":{"@context":"https:\/\/schema.org","@graph":[{"@type":"BreadcrumbList","@id":"https:\/\/eldigitaldeasturias.com\/radio\/el-porcentaje-de-gasto-en-defensa-de-alemania-es-la-mitad-que-en-1991\/#breadcrumblist","itemListElement":[{"@type":"ListItem","@id":"https:\/\/eldigitaldeasturias.com\/radio#listItem","position":1,"name":"Inicio","item":"https:\/\/eldigitaldeasturias.com\/radio","nextItem":{"@type":"ListItem","@id":"https:\/\/eldigitaldeasturias.com\/radio\/category\/noticias\/#listItem","name":"Noticias"}},{"@type":"ListItem","@id":"https:\/\/eldigitaldeasturias.com\/radio\/category\/noticias\/#listItem","position":2,"name":"Noticias","item":"https:\/\/eldigitaldeasturias.com\/radio\/category\/noticias\/","nextItem":{"@type":"ListItem","@id":"https:\/\/eldigitaldeasturias.com\/radio\/el-porcentaje-de-gasto-en-defensa-de-alemania-es-la-mitad-que-en-1991\/#listItem","name":"El porcentaje de gasto en defensa de Alemania es la mitad que en 1991"},"previousItem":{"@type":"ListItem","@id":"https:\/\/eldigitaldeasturias.com\/radio#listItem","name":"Inicio"}},{"@type":"ListItem","@id":"https:\/\/eldigitaldeasturias.com\/radio\/el-porcentaje-de-gasto-en-defensa-de-alemania-es-la-mitad-que-en-1991\/#listItem","position":3,"name":"El porcentaje de gasto en defensa de Alemania es la mitad que en 1991","previousItem":{"@type":"ListItem","@id":"https:\/\/eldigitaldeasturias.com\/radio\/category\/noticias\/#listItem","name":"Noticias"}}]},{"@type":"NewsArticle","@id":"https:\/\/eldigitaldeasturias.com\/radio\/el-porcentaje-de-gasto-en-defensa-de-alemania-es-la-mitad-que-en-1991\/#newsarticle","name":"El porcentaje de gasto en defensa de Alemania es la mitad que en 1991 | El Digital de Asturias","headline":"El porcentaje de gasto en defensa de Alemania es la mitad que en 1991","author":{"@id":"https:\/\/eldigitaldeasturias.com\/radio\/author\/nbasturias\/#author"},"publisher":{"@id":"https:\/\/eldigitaldeasturias.com\/radio\/#organization"},"image":{"@type":"ImageObject","url":"https:\/\/eldigitaldeasturias.com\/radio\/wp-content\/uploads\/2018\/10\/berlin-76509_960_720.jpg","width":960,"height":720},"datePublished":"2022-03-10T18:28:06+01:00","dateModified":"2022-03-10T18:28:06+01:00","inLanguage":"es-ES","mainEntityOfPage":{"@id":"https:\/\/eldigitaldeasturias.com\/radio\/el-porcentaje-de-gasto-en-defensa-de-alemania-es-la-mitad-que-en-1991\/#webpage"},"isPartOf":{"@id":"https:\/\/eldigitaldeasturias.com\/radio\/el-porcentaje-de-gasto-en-defensa-de-alemania-es-la-mitad-que-en-1991\/#webpage"},"articleSection":"Noticias","dateline":"Publicado el marzo 10, 2022."},{"@type":"Organization","@id":"https:\/\/eldigitaldeasturias.com\/radio\/#organization","name":"El digital de Asturias Radio","description":"Diario de informaci\u00f3n y noticias","url":"https:\/\/eldigitaldeasturias.com\/radio\/","telephone":"+34652131393","logo":{"@type":"ImageObject","url":"https:\/\/www.eldigitaldeasturias.com\/radio\/wp-content\/uploads\/2021\/03\/EDA.jpg","@id":"https:\/\/eldigitaldeasturias.com\/radio\/el-porcentaje-de-gasto-en-defensa-de-alemania-es-la-mitad-que-en-1991\/#organizationLogo"},"image":{"@id":"https:\/\/eldigitaldeasturias.com\/radio\/el-porcentaje-de-gasto-en-defensa-de-alemania-es-la-mitad-que-en-1991\/#organizationLogo"},"sameAs":["https:\/\/www.facebook.com\/","https:\/\/x.com\/bercodi","https:\/\/www.instagram.com\/","https:\/\/www.youtube.com\/channel\/UCZP-2wLEB9Rv6erhFmqVnvg"]},{"@type":"Person","@id":"https:\/\/eldigitaldeasturias.com\/radio\/author\/nbasturias\/#author","url":"https:\/\/eldigitaldeasturias.com\/radio\/author\/nbasturias\/","name":"NBAsturias","image":{"@type":"ImageObject","@id":"https:\/\/eldigitaldeasturias.com\/radio\/el-porcentaje-de-gasto-en-defensa-de-alemania-es-la-mitad-que-en-1991\/#authorImage","url":"https:\/\/secure.gravatar.com\/avatar\/df2aeffc32bcd13f8d26072ef8a91b623d677766deac7f97ca815868cd41bf5e?s=96&d=mm&r=g","width":96,"height":96,"caption":"NBAsturias"}},{"@type":"WebPage","@id":"https:\/\/eldigitaldeasturias.com\/radio\/el-porcentaje-de-gasto-en-defensa-de-alemania-es-la-mitad-que-en-1991\/#webpage","url":"https:\/\/eldigitaldeasturias.com\/radio\/el-porcentaje-de-gasto-en-defensa-de-alemania-es-la-mitad-que-en-1991\/","name":"El porcentaje de gasto en defensa de Alemania es la mitad que en 1991 | El Digital de Asturias","description":"El gasto en defensa en Alemania aument\u00f3 m\u00e1s de un tercio en los \u00faltimos 30 a\u00f1os, pero como porcentaje de gasto p\u00fablico total se redujo casi a la mitad","inLanguage":"es-ES","isPartOf":{"@id":"https:\/\/eldigitaldeasturias.com\/radio\/#website"},"breadcrumb":{"@id":"https:\/\/eldigitaldeasturias.com\/radio\/el-porcentaje-de-gasto-en-defensa-de-alemania-es-la-mitad-que-en-1991\/#breadcrumblist"},"author":{"@id":"https:\/\/eldigitaldeasturias.com\/radio\/author\/nbasturias\/#author"},"creator":{"@id":"https:\/\/eldigitaldeasturias.com\/radio\/author\/nbasturias\/#author"},"image":{"@type":"ImageObject","url":"https:\/\/eldigitaldeasturias.com\/radio\/wp-content\/uploads\/2018\/10\/berlin-76509_960_720.jpg","@id":"https:\/\/eldigitaldeasturias.com\/radio\/el-porcentaje-de-gasto-en-defensa-de-alemania-es-la-mitad-que-en-1991\/#mainImage","width":960,"height":720},"primaryImageOfPage":{"@id":"https:\/\/eldigitaldeasturias.com\/radio\/el-porcentaje-de-gasto-en-defensa-de-alemania-es-la-mitad-que-en-1991\/#mainImage"},"datePublished":"2022-03-10T18:28:06+01:00","dateModified":"2022-03-10T18:28:06+01:00"},{"@type":"WebSite","@id":"https:\/\/eldigitaldeasturias.com\/radio\/#website","url":"https:\/\/eldigitaldeasturias.com\/radio\/","name":"El Digital de Asturias","description":"Diario de informaci\u00f3n y noticias","inLanguage":"es-ES","publisher":{"@id":"https:\/\/eldigitaldeasturias.com\/radio\/#organization"}}]},"og:locale":"es_ES","og:site_name":"El Digital de Asturias | Diario de informaci\u00f3n y noticias","og:type":"article","og:title":"El porcentaje de gasto en defensa de Alemania es la mitad que en 1991 | El Digital de Asturias","og:description":"El gasto en defensa en Alemania aument\u00f3 m\u00e1s de un tercio en los \u00faltimos 30 a\u00f1os, pero como porcentaje de gasto p\u00fablico total se redujo casi a la mitad","og:url":"https:\/\/eldigitaldeasturias.com\/radio\/el-porcentaje-de-gasto-en-defensa-de-alemania-es-la-mitad-que-en-1991\/","og:image":"https:\/\/eldigitaldeasturias.com\/radio\/wp-content\/uploads\/2018\/10\/berlin-76509_960_720.jpg","og:image:secure_url":"https:\/\/eldigitaldeasturias.com\/radio\/wp-content\/uploads\/2018\/10\/berlin-76509_960_720.jpg","og:image:width":960,"og:image:height":720,"article:published_time":"2022-03-10T18:28:06+00:00","article:modified_time":"2022-03-10T18:28:06+00:00","twitter:card":"summary_large_image","twitter:site":"@bercodi","twitter:title":"El porcentaje de gasto en defensa de Alemania es la mitad que en 1991 | El Digital de Asturias","twitter:description":"El gasto en defensa en Alemania aument\u00f3 m\u00e1s de un tercio en los \u00faltimos 30 a\u00f1os, pero como porcentaje de gasto p\u00fablico total se redujo casi a la mitad","twitter:creator":"@bercodi","twitter:image":"https:\/\/eldigitaldeasturias.com\/radio\/wp-content\/uploads\/2018\/10\/berlin-76509_960_720.jpg"},"aioseo_meta_data":{"post_id":"6755","title":null,"description":"El gasto en defensa en Alemania aument\u00f3 m\u00e1s de un tercio en los \u00faltimos 30 a\u00f1os, pero como porcentaje de gasto p\u00fablico total se redujo casi a la mitad","keywords":[],"keyphrases":{"focus":{"keyphrase":"Alemania ","score":100,"analysis":{"keyphraseInTitle":{"title":"Focus keyphrase in SEO title","description":"Focus keyphrase found in SEO title.","score":9,"maxScore":9,"error":0},"keyphraseInDescription":{"title":"Focus keyphrase in meta description","description":"Focus keyphrase found in meta description.","score":9,"maxScore":9,"error":0},"keyphraseLength":{"title":"Focus keyphrase length","description":"Good job!","score":9,"maxScore":9,"error":0,"length":1},"keyphraseInURL":[],"keyphraseInIntroduction":{"title":"Focus keyphrase in introduction","description":"Your Focus keyphrase appears in the first paragraph. Well done!","score":9,"maxScore":9,"error":0},"keyphraseInSubHeadings":[],"keyphraseInImageAlt":[]}},"additional":[{"keyphrase":"gasto en defensa","score":100,"analysis":{"keyphraseInDescription":{"title":"Keyphrase in meta description","description":"Keyphrase found in meta description.","score":9,"maxScore":9,"error":0},"keyphraseLength":{"title":"Keyphrase length","description":"Good job!","score":9,"maxScore":9,"error":0,"length":3},"keyphraseInIntroduction":{"title":"Keyphrase in introduction","description":"Your Keyphrase appears in the first paragraph. Well done!","score":9,"maxScore":9,"error":0},"keyphraseInImageAlt":[]}}]},"primary_term":null,"canonical_url":null,"og_title":null,"og_description":null,"og_object_type":"default","og_image_type":"default","og_image_url":null,"og_image_width":null,"og_image_height":null,"og_image_custom_url":null,"og_image_custom_fields":null,"og_video":"","og_custom_url":null,"og_article_section":null,"og_article_tags":[],"twitter_use_og":false,"twitter_card":"default","twitter_image_type":"default","twitter_image_url":null,"twitter_image_custom_url":null,"twitter_image_custom_fields":null,"twitter_title":null,"twitter_description":null,"schema":{"blockGraphs":[],"customGraphs":[],"default":{"data":{"Article":[],"Course":[],"Dataset":[],"FAQPage":[],"Movie":[],"Person":[],"Product":[],"ProductReview":[],"Car":[],"Recipe":[],"Service":[],"SoftwareApplication":[],"WebPage":[]},"graphName":"","isEnabled":true},"graphs":[],"defaultGraph":"Article","defaultPostTypeGraph":""},"schema_type":"default","schema_type_options":"{\"article\":{\"articleType\":\"BlogPosting\"},\"course\":{\"name\":\"\",\"description\":\"\",\"provider\":\"\"},\"faq\":{\"pages\":[]},\"product\":{\"reviews\":[]},\"recipe\":{\"ingredients\":[],\"instructions\":[],\"keywords\":[]},\"software\":{\"reviews\":[],\"operatingSystems\":[]},\"webPage\":{\"webPageType\":\"WebPage\"}}","pillar_content":false,"robots_default":true,"robots_noindex":false,"robots_noarchive":false,"robots_nosnippet":false,"robots_nofollow":false,"robots_noimageindex":false,"robots_noodp":false,"robots_notranslate":false,"robots_max_snippet":"-1","robots_max_videopreview":"-1","robots_max_imagepreview":"large","priority":null,"frequency":"default","location":null,"local_seo":null,"seo_analyzer_scan_date":"2025-08-28 19:43:39","breadcrumb_settings":null,"limit_modified_date":false,"open_ai":null,"ai":null,"created":"2022-03-10 18:27:00","updated":"2025-08-28 19:43:39"},"aioseo_breadcrumb":"<div class=\"aioseo-breadcrumbs\"><span class=\"aioseo-breadcrumb\">\n\t<a href=\"https:\/\/eldigitaldeasturias.com\/radio\" title=\"Inicio\">Inicio<\/a>\n<\/span><span class=\"aioseo-breadcrumb-separator\">&ndash;<\/span><span class=\"aioseo-breadcrumb\">\n\t<a href=\"https:\/\/eldigitaldeasturias.com\/radio\/category\/noticias\/\" title=\"Noticias\">Noticias<\/a>\n<\/span><span class=\"aioseo-breadcrumb-separator\">&ndash;<\/span><span class=\"aioseo-breadcrumb\">\n\tEl porcentaje de gasto en defensa de Alemania es la mitad que en 1991\n<\/span><\/div>","aioseo_breadcrumb_json":[{"label":"Inicio","link":"https:\/\/eldigitaldeasturias.com\/radio"},{"label":"Noticias","link":"https:\/\/eldigitaldeasturias.com\/radio\/category\/noticias\/"},{"label":"El porcentaje de gasto en defensa de Alemania es la mitad que en 1991","link":"https:\/\/eldigitaldeasturias.com\/radio\/el-porcentaje-de-gasto-en-defensa-de-alemania-es-la-mitad-que-en-1991\/"}],"_links":{"self":[{"href":"https:\/\/eldigitaldeasturias.com\/radio\/wp-json\/wp\/v2\/posts\/6755","targetHints":{"allow":["GET"]}}],"collection":[{"href":"https:\/\/eldigitaldeasturias.com\/radio\/wp-json\/wp\/v2\/posts"}],"about":[{"href":"https:\/\/eldigitaldeasturias.com\/radio\/wp-json\/wp\/v2\/types\/post"}],"author":[{"embeddable":true,"href":"https:\/\/eldigitaldeasturias.com\/radio\/wp-json\/wp\/v2\/users\/1"}],"replies":[{"embeddable":true,"href":"https:\/\/eldigitaldeasturias.com\/radio\/wp-json\/wp\/v2\/comments?post=6755"}],"version-history":[{"count":0,"href":"https:\/\/eldigitaldeasturias.com\/radio\/wp-json\/wp\/v2\/posts\/6755\/revisions"}],"wp:featuredmedia":[{"embeddable":true,"href":"https:\/\/eldigitaldeasturias.com\/radio\/wp-json\/wp\/v2\/media\/1439"}],"wp:attachment":[{"href":"https:\/\/eldigitaldeasturias.com\/radio\/wp-json\/wp\/v2\/media?parent=6755"}],"wp:term":[{"taxonomy":"category","embeddable":true,"href":"https:\/\/eldigitaldeasturias.com\/radio\/wp-json\/wp\/v2\/categories?post=6755"},{"taxonomy":"post_tag","embeddable":true,"href":"https:\/\/eldigitaldeasturias.com\/radio\/wp-json\/wp\/v2\/tags?post=6755"}],"curies":[{"name":"wp","href":"https:\/\/api.w.org\/{rel}","templated":true}]}}